{"id":318096,"date":"2024-10-19T14:38:09","date_gmt":"2024-10-19T10:38:09","guid":{"rendered":"https:\/\/www.meydan.tv\/?p=318096"},"modified":"2024-10-19T14:38:11","modified_gmt":"2024-10-19T10:38:11","slug":"bagcalarda-ilk-defe-diaqnostik-qiymetlendirilme-aparilir","status":"publish","type":"post","link":"https:\/\/www.meydan.tv\/az\/article\/bagcalarda-ilk-defe-diaqnostik-qiymetlendirilme-aparilir\/","title":{"rendered":"Ba\u011f\u00e7alarda ilk d\u0259f\u0259 diaqnostik qiym\u0259tl\u0259ndirilm\u0259 apar\u0131l\u0131r"},"content":{"rendered":"\n<p><em>13000-\u0259 yax\u0131n t\u0259rbiy\u0259\u00e7i-m\u00fc\u0259llimin i\u015ftirak\u0131 n\u0259z\u0259rd\u0259 tutulur<\/em><\/p>\n\n\n\n<p>Az\u0259rbaycanda ilk d\u0259f\u0259 m\u0259kt\u0259b\u0259q\u0259d\u0259r t\u0259hsil m\u00fc\u0259ssis\u0259l\u0259rind\u0259 pedaqoji f\u0259aliyy\u0259tl\u0259 m\u0259\u015f\u011ful olan t\u0259rbiy\u0259\u00e7i-m\u00fc\u0259lliml\u0259rin, metodistl\u0259rin pe\u015f\u0259karl\u0131q s\u0259viyy\u0259sinin v\u0259 pe\u015f\u0259 yararl\u0131l\u0131\u011f\u0131n\u0131n yoxlan\u0131lmas\u0131 \u00fc\u00e7\u00fcn diaqnostik qiym\u0259tl\u0259ndirilm\u0259si prosesi ke\u00e7irilir.<\/p>\n\n\n\n<p>M\u0259kt\u0259b\u0259q\u0259d\u0259r v\u0259 \u00dcmumi T\u0259hsil \u00fczr\u0259 D\u00f6vl\u0259t Agentliyinin (M\u00dcTDA) m\u0259lumat\u0131na g\u00f6r\u0259, prosesin test m\u0259rh\u0259l\u0259si respublikan\u0131n m\u00fcxt\u0259lif \u015f\u0259h\u0259r v\u0259 rayonlar\u0131 \u00fczr\u0259 28 imtahan m\u0259rk\u0259zind\u0259 t\u0259\u015fkil olunur.<\/p>\n\n\n\n<p>\u00dcmumilikd\u0259 prosesd\u0259 13000-\u0259 yax\u0131n t\u0259rbiy\u0259\u00e7i-m\u00fc\u0259llimin i\u015ftirak\u0131 n\u0259z\u0259rd\u0259 <a href=\"https:\/\/www.instagram.com\/p\/DA-56z2yytE\/\" target=\"_blank\" rel=\"noreferrer noopener\">tutulur<\/a>.<\/p>\n\n\n\n<p>Namiz\u0259dl\u0259r 4 istiqam\u0259t \u00fczr\u0259 haz\u0131rlanm\u0131\u015f 60 suala cavab verirl\u0259r.<\/p>\n\n\n\n<p>120 d\u0259qiq\u0259 \u0259rzind\u0259 m\u0259zmun v\u0259 metodika, t\u0259hl\u00fck\u0259sizlik, pedaqoji etika v\u0259 \u0259m\u0259kda\u015fl\u0131q, \u00f6z\u00fcn\u00fcinki\u015faf m\u00f6vzular\u0131n\u0131 \u0259hat\u0259 ed\u0259n suallar cavabland\u0131r\u0131l\u0131r.<\/p>\n\n\n\n<p>Qiym\u0259tl\u0259ndirilm\u0259 zaman\u0131 h\u0259r bir suala d\u00fczg\u00fcn cavab 1 (bir) balla qiym\u0259tl\u0259ndirilir.<\/p>\n\n\n\n<p>S\u0259hv cavablar v\u0259 ya sual\u0131n cavabs\u0131z qoyulmas\u0131 0 (s\u0131f\u0131r) bala b\u0259rab\u0259r tutulur v\u0259 d\u00fczg\u00fcn cavablara t\u0259sir g\u00f6st\u0259rmir.<\/p>\n\n\n\n<p>\u00dcmumilikd\u0259 60 ball\u0131q qiym\u0259tl\u0259ndirm\u0259 sistemi t\u0259tbiq edilir.<\/p>\n","protected":false},"excerpt":{"rendered":"<p>13000-\u0259 yax\u0131n t\u0259rbiy\u0259\u00e7i-m\u00fc\u0259llimin i\u015ftirak\u0131 n\u0259z\u0259rd\u0259 tutulur Az\u0259rbaycanda ilk d\u0259f\u0259 m\u0259kt\u0259b\u0259q\u0259d\u0259r &#8230; <\/p>\n<p class=\"read-more-container\"><a title=\"Ba\u011f\u00e7alarda ilk d\u0259f\u0259 diaqnostik qiym\u0259tl\u0259ndirilm\u0259 apar\u0131l\u0131r\" class=\"read-more button\" href=\"https:\/\/www.meydan.tv\/az\/article\/bagcalarda-ilk-defe-diaqnostik-qiymetlendirilme-aparilir\/#more-318096\" aria-label=\"Read more about Ba\u011f\u00e7alarda ilk d\u0259f\u0259 diaqnostik qiym\u0259tl\u0259ndirilm\u0259 apar\u0131l\u0131r\">Davam\u0131<\/a><\/p>\n","protected":false},"author":12,"featured_media":226211,"comment_status":"closed","ping_status":"closed","sticky":false,"template":"","format":"standard","meta":{"_acf_changed":false,"_sitemap_exclude":false,"_sitemap_priority":"","_sitemap_frequency":"","footnotes":""},"categories":[62,56],"tags":[],"class_list":["post-318096","post","type-post","status-publish","format-standard","has-post-thumbnail","hentry","category-sosial","category-xeberler","infinite-scroll-item","generate-columns","tablet-grid-50","mobile-grid-100","grid-parent","grid-33","no-featured-image-padding"],"acf":[],"yoast_head":"<!-- This site is optimized with the Yoast SEO plugin v27.4 - https:\/\/yoast.com\/product\/yoast-seo-wordpress\/ -->\n<title>Ba\u011f\u00e7alarda ilk d\u0259f\u0259 diaqnostik qiym\u0259tl\u0259ndirilm\u0259 apar\u0131l\u0131r - MEYDAN.TV<\/title>\n<meta name=\"description\" content=\"\u00dcmumilikd\u0259 prosesd\u0259 13000-\u0259 yax\u0131n t\u0259rbiy\u0259\u00e7i-m\u00fc\u0259llimin i\u015ftirak\u0131 n\u0259z\u0259rd\u0259 tutulur.\" \/>\n<meta name=\"robots\" content=\"index, follow, max-snippet:-1, max-image-preview:large, max-video-preview:-1\" \/>\n<link rel=\"canonical\" href=\"https:\/\/www.meydan.tv\/az\/article\/bagcalarda-ilk-defe-diaqnostik-qiymetlendirilme-aparilir\/\" \/>\n<meta property=\"og:locale\" content=\"az_AZ\" \/>\n<meta property=\"og:type\" content=\"article\" \/>\n<meta property=\"og:title\" content=\"Ba\u011f\u00e7alarda ilk d\u0259f\u0259 diaqnostik qiym\u0259tl\u0259ndirilm\u0259 apar\u0131l\u0131r - MEYDAN.TV\" \/>\n<meta property=\"og:description\" content=\"\u00dcmumilikd\u0259 prosesd\u0259 13000-\u0259 yax\u0131n t\u0259rbiy\u0259\u00e7i-m\u00fc\u0259llimin i\u015ftirak\u0131 n\u0259z\u0259rd\u0259 tutulur.\" \/>\n<meta property=\"og:url\" content=\"https:\/\/www.meydan.tv\/az\/article\/bagcalarda-ilk-defe-diaqnostik-qiymetlendirilme-aparilir\/\" \/>\n<meta property=\"og:site_name\" content=\"MEYDAN.TV\" \/>\n<meta property=\"article:published_time\" content=\"2024-10-19T10:38:09+00:00\" \/>\n<meta property=\"article:modified_time\" content=\"2024-10-19T10:38:11+00:00\" \/>\n<meta property=\"og:image\" content=\"https:\/\/www.meydan.tv\/wp-content\/uploads\/untitled-design-3.gif\" \/>\n\t<meta property=\"og:image:width\" content=\"1200\" \/>\n\t<meta property=\"og:image:height\" content=\"800\" \/>\n\t<meta property=\"og:image:type\" content=\"image\/gif\" \/>\n<meta name=\"author\" content=\"aleks\" \/>\n<meta name=\"twitter:card\" content=\"summary_large_image\" \/>\n<script type=\"application\/ld+json\" class=\"yoast-schema-graph\">{\"@context\":\"https:\\\/\\\/schema.org\",\"@graph\":[{\"@type\":\"Article\",\"@id\":\"https:\\\/\\\/www.meydan.tv\\\/az\\\/article\\\/bagcalarda-ilk-defe-diaqnostik-qiymetlendirilme-aparilir\\\/#article\",\"isPartOf\":{\"@id\":\"https:\\\/\\\/www.meydan.tv\\\/az\\\/article\\\/bagcalarda-ilk-defe-diaqnostik-qiymetlendirilme-aparilir\\\/\"},\"author\":{\"name\":\"aleks\",\"@id\":\"https:\\\/\\\/www.meydan.tv\\\/az\\\/#\\\/schema\\\/person\\\/476e9360e593fa131d5d71d51866f8da\"},\"headline\":\"Ba\u011f\u00e7alarda ilk d\u0259f\u0259 diaqnostik qiym\u0259tl\u0259ndirilm\u0259 apar\u0131l\u0131r\",\"datePublished\":\"2024-10-19T10:38:09+00:00\",\"dateModified\":\"2024-10-19T10:38:11+00:00\",\"mainEntityOfPage\":{\"@id\":\"https:\\\/\\\/www.meydan.tv\\\/az\\\/article\\\/bagcalarda-ilk-defe-diaqnostik-qiymetlendirilme-aparilir\\\/\"},\"wordCount\":239,\"publisher\":{\"@id\":\"https:\\\/\\\/www.meydan.tv\\\/az\\\/#organization\"},\"image\":{\"@id\":\"https:\\\/\\\/www.meydan.tv\\\/az\\\/article\\\/bagcalarda-ilk-defe-diaqnostik-qiymetlendirilme-aparilir\\\/#primaryimage\"},\"thumbnailUrl\":\"https:\\\/\\\/www.meydan.tv\\\/wp-content\\\/uploads\\\/untitled-design-3.gif\",\"articleSection\":[\"Sosial\",\"X\u0259b\u0259rl\u0259r\"],\"inLanguage\":\"az\"},{\"@type\":\"WebPage\",\"@id\":\"https:\\\/\\\/www.meydan.tv\\\/az\\\/article\\\/bagcalarda-ilk-defe-diaqnostik-qiymetlendirilme-aparilir\\\/\",\"url\":\"https:\\\/\\\/www.meydan.tv\\\/az\\\/article\\\/bagcalarda-ilk-defe-diaqnostik-qiymetlendirilme-aparilir\\\/\",\"name\":\"Ba\u011f\u00e7alarda ilk d\u0259f\u0259 diaqnostik qiym\u0259tl\u0259ndirilm\u0259 apar\u0131l\u0131r - MEYDAN.TV\",\"isPartOf\":{\"@id\":\"https:\\\/\\\/www.meydan.tv\\\/az\\\/#website\"},\"primaryImageOfPage\":{\"@id\":\"https:\\\/\\\/www.meydan.tv\\\/az\\\/article\\\/bagcalarda-ilk-defe-diaqnostik-qiymetlendirilme-aparilir\\\/#primaryimage\"},\"image\":{\"@id\":\"https:\\\/\\\/www.meydan.tv\\\/az\\\/article\\\/bagcalarda-ilk-defe-diaqnostik-qiymetlendirilme-aparilir\\\/#primaryimage\"},\"thumbnailUrl\":\"https:\\\/\\\/www.meydan.tv\\\/wp-content\\\/uploads\\\/untitled-design-3.gif\",\"datePublished\":\"2024-10-19T10:38:09+00:00\",\"dateModified\":\"2024-10-19T10:38:11+00:00\",\"description\":\"\u00dcmumilikd\u0259 prosesd\u0259 13000-\u0259 yax\u0131n t\u0259rbiy\u0259\u00e7i-m\u00fc\u0259llimin i\u015ftirak\u0131 n\u0259z\u0259rd\u0259 tutulur.\",\"breadcrumb\":{\"@id\":\"https:\\\/\\\/www.meydan.tv\\\/az\\\/article\\\/bagcalarda-ilk-defe-diaqnostik-qiymetlendirilme-aparilir\\\/#breadcrumb\"},\"inLanguage\":\"az\",\"potentialAction\":[{\"@type\":\"ReadAction\",\"target\":[\"https:\\\/\\\/www.meydan.tv\\\/az\\\/article\\\/bagcalarda-ilk-defe-diaqnostik-qiymetlendirilme-aparilir\\\/\"]}]},{\"@type\":\"ImageObject\",\"inLanguage\":\"az\",\"@id\":\"https:\\\/\\\/www.meydan.tv\\\/az\\\/article\\\/bagcalarda-ilk-defe-diaqnostik-qiymetlendirilme-aparilir\\\/#primaryimage\",\"url\":\"https:\\\/\\\/www.meydan.tv\\\/wp-content\\\/uploads\\\/untitled-design-3.gif\",\"contentUrl\":\"https:\\\/\\\/www.meydan.tv\\\/wp-content\\\/uploads\\\/untitled-design-3.gif\",\"width\":1200,\"height\":800,\"caption\":\"U\u015faq ba\u011f\u00e7as\u0131, Foto: Z\u0259rdab Rayon \u0130cra Hakimiyy\u0259ti\"},{\"@type\":\"BreadcrumbList\",\"@id\":\"https:\\\/\\\/www.meydan.tv\\\/az\\\/article\\\/bagcalarda-ilk-defe-diaqnostik-qiymetlendirilme-aparilir\\\/#breadcrumb\",\"itemListElement\":[{\"@type\":\"ListItem\",\"position\":1,\"name\":\"Ana s\u0259hif\u0259\",\"item\":\"https:\\\/\\\/www.meydan.tv\\\/az\\\/\"},{\"@type\":\"ListItem\",\"position\":2,\"name\":\"X\u0259b\u0259rl\u0259r\",\"item\":\"https:\\\/\\\/www.meydan.tv\\\/az\\\/section\\\/xeberler\\\/\"},{\"@type\":\"ListItem\",\"position\":3,\"name\":\"Ba\u011f\u00e7alarda ilk d\u0259f\u0259 diaqnostik qiym\u0259tl\u0259ndirilm\u0259 apar\u0131l\u0131r\"}]},{\"@type\":\"WebSite\",\"@id\":\"https:\\\/\\\/www.meydan.tv\\\/az\\\/#website\",\"url\":\"https:\\\/\\\/www.meydan.tv\\\/az\\\/\",\"name\":\"MEYDAN.TV\",\"description\":\"Meydan TV Az\u0259rbaycan\u0131n media m\u0259kan\u0131ndak\u0131 alternativ s\u0259sidir\",\"publisher\":{\"@id\":\"https:\\\/\\\/www.meydan.tv\\\/az\\\/#organization\"},\"potentialAction\":[{\"@type\":\"SearchAction\",\"target\":{\"@type\":\"EntryPoint\",\"urlTemplate\":\"https:\\\/\\\/www.meydan.tv\\\/az\\\/?s={search_term_string}\"},\"query-input\":{\"@type\":\"PropertyValueSpecification\",\"valueRequired\":true,\"valueName\":\"search_term_string\"}}],\"inLanguage\":\"az\"},{\"@type\":\"Organization\",\"@id\":\"https:\\\/\\\/www.meydan.tv\\\/az\\\/#organization\",\"name\":\"Meydan TV\",\"url\":\"https:\\\/\\\/www.meydan.tv\\\/az\\\/\",\"logo\":{\"@type\":\"ImageObject\",\"inLanguage\":\"az\",\"@id\":\"https:\\\/\\\/www.meydan.tv\\\/az\\\/#\\\/schema\\\/logo\\\/image\\\/\",\"url\":\"https:\\\/\\\/www.meydan.tv\\\/wp-content\\\/uploads\\\/2021\\\/07\\\/meydan-logo.svg\",\"contentUrl\":\"https:\\\/\\\/www.meydan.tv\\\/wp-content\\\/uploads\\\/2021\\\/07\\\/meydan-logo.svg\",\"width\":195,\"height\":46,\"caption\":\"Meydan TV\"},\"image\":{\"@id\":\"https:\\\/\\\/www.meydan.tv\\\/az\\\/#\\\/schema\\\/logo\\\/image\\\/\"}},{\"@type\":\"Person\",\"@id\":\"https:\\\/\\\/www.meydan.tv\\\/az\\\/#\\\/schema\\\/person\\\/476e9360e593fa131d5d71d51866f8da\",\"name\":\"aleks\"}]}<\/script>\n<!-- \/ Yoast SEO plugin. -->","yoast_head_json":{"title":"Ba\u011f\u00e7alarda ilk d\u0259f\u0259 diaqnostik qiym\u0259tl\u0259ndirilm\u0259 apar\u0131l\u0131r - MEYDAN.TV","description":"\u00dcmumilikd\u0259 prosesd\u0259 13000-\u0259 yax\u0131n t\u0259rbiy\u0259\u00e7i-m\u00fc\u0259llimin i\u015ftirak\u0131 n\u0259z\u0259rd\u0259 tutulur.","robots":{"index":"index","follow":"follow","max-snippet":"max-snippet:-1","max-image-preview":"max-image-preview:large","max-video-preview":"max-video-preview:-1"},"canonical":"https:\/\/www.meydan.tv\/az\/article\/bagcalarda-ilk-defe-diaqnostik-qiymetlendirilme-aparilir\/","og_locale":"az_AZ","og_type":"article","og_title":"Ba\u011f\u00e7alarda ilk d\u0259f\u0259 diaqnostik qiym\u0259tl\u0259ndirilm\u0259 apar\u0131l\u0131r - MEYDAN.TV","og_description":"\u00dcmumilikd\u0259 prosesd\u0259 13000-\u0259 yax\u0131n t\u0259rbiy\u0259\u00e7i-m\u00fc\u0259llimin i\u015ftirak\u0131 n\u0259z\u0259rd\u0259 tutulur.","og_url":"https:\/\/www.meydan.tv\/az\/article\/bagcalarda-ilk-defe-diaqnostik-qiymetlendirilme-aparilir\/","og_site_name":"MEYDAN.TV","article_published_time":"2024-10-19T10:38:09+00:00","article_modified_time":"2024-10-19T10:38:11+00:00","og_image":[{"width":1200,"height":800,"url":"https:\/\/www.meydan.tv\/wp-content\/uploads\/untitled-design-3.gif","type":"image\/gif"}],"author":"aleks","twitter_card":"summary_large_image","schema":{"@context":"https:\/\/schema.org","@graph":[{"@type":"Article","@id":"https:\/\/www.meydan.tv\/az\/article\/bagcalarda-ilk-defe-diaqnostik-qiymetlendirilme-aparilir\/#article","isPartOf":{"@id":"https:\/\/www.meydan.tv\/az\/article\/bagcalarda-ilk-defe-diaqnostik-qiymetlendirilme-aparilir\/"},"author":{"name":"aleks","@id":"https:\/\/www.meydan.tv\/az\/#\/schema\/person\/476e9360e593fa131d5d71d51866f8da"},"headline":"Ba\u011f\u00e7alarda ilk d\u0259f\u0259 diaqnostik qiym\u0259tl\u0259ndirilm\u0259 apar\u0131l\u0131r","datePublished":"2024-10-19T10:38:09+00:00","dateModified":"2024-10-19T10:38:11+00:00","mainEntityOfPage":{"@id":"https:\/\/www.meydan.tv\/az\/article\/bagcalarda-ilk-defe-diaqnostik-qiymetlendirilme-aparilir\/"},"wordCount":239,"publisher":{"@id":"https:\/\/www.meydan.tv\/az\/#organization"},"image":{"@id":"https:\/\/www.meydan.tv\/az\/article\/bagcalarda-ilk-defe-diaqnostik-qiymetlendirilme-aparilir\/#primaryimage"},"thumbnailUrl":"https:\/\/www.meydan.tv\/wp-content\/uploads\/untitled-design-3.gif","articleSection":["Sosial","X\u0259b\u0259rl\u0259r"],"inLanguage":"az"},{"@type":"WebPage","@id":"https:\/\/www.meydan.tv\/az\/article\/bagcalarda-ilk-defe-diaqnostik-qiymetlendirilme-aparilir\/","url":"https:\/\/www.meydan.tv\/az\/article\/bagcalarda-ilk-defe-diaqnostik-qiymetlendirilme-aparilir\/","name":"Ba\u011f\u00e7alarda ilk d\u0259f\u0259 diaqnostik qiym\u0259tl\u0259ndirilm\u0259 apar\u0131l\u0131r - MEYDAN.TV","isPartOf":{"@id":"https:\/\/www.meydan.tv\/az\/#website"},"primaryImageOfPage":{"@id":"https:\/\/www.meydan.tv\/az\/article\/bagcalarda-ilk-defe-diaqnostik-qiymetlendirilme-aparilir\/#primaryimage"},"image":{"@id":"https:\/\/www.meydan.tv\/az\/article\/bagcalarda-ilk-defe-diaqnostik-qiymetlendirilme-aparilir\/#primaryimage"},"thumbnailUrl":"https:\/\/www.meydan.tv\/wp-content\/uploads\/untitled-design-3.gif","datePublished":"2024-10-19T10:38:09+00:00","dateModified":"2024-10-19T10:38:11+00:00","description":"\u00dcmumilikd\u0259 prosesd\u0259 13000-\u0259 yax\u0131n t\u0259rbiy\u0259\u00e7i-m\u00fc\u0259llimin i\u015ftirak\u0131 n\u0259z\u0259rd\u0259 tutulur.","breadcrumb":{"@id":"https:\/\/www.meydan.tv\/az\/article\/bagcalarda-ilk-defe-diaqnostik-qiymetlendirilme-aparilir\/#breadcrumb"},"inLanguage":"az","potentialAction":[{"@type":"ReadAction","target":["https:\/\/www.meydan.tv\/az\/article\/bagcalarda-ilk-defe-diaqnostik-qiymetlendirilme-aparilir\/"]}]},{"@type":"ImageObject","inLanguage":"az","@id":"https:\/\/www.meydan.tv\/az\/article\/bagcalarda-ilk-defe-diaqnostik-qiymetlendirilme-aparilir\/#primaryimage","url":"https:\/\/www.meydan.tv\/wp-content\/uploads\/untitled-design-3.gif","contentUrl":"https:\/\/www.meydan.tv\/wp-content\/uploads\/untitled-design-3.gif","width":1200,"height":800,"caption":"U\u015faq ba\u011f\u00e7as\u0131, Foto: Z\u0259rdab Rayon \u0130cra Hakimiyy\u0259ti"},{"@type":"BreadcrumbList","@id":"https:\/\/www.meydan.tv\/az\/article\/bagcalarda-ilk-defe-diaqnostik-qiymetlendirilme-aparilir\/#breadcrumb","itemListElement":[{"@type":"ListItem","position":1,"name":"Ana s\u0259hif\u0259","item":"https:\/\/www.meydan.tv\/az\/"},{"@type":"ListItem","position":2,"name":"X\u0259b\u0259rl\u0259r","item":"https:\/\/www.meydan.tv\/az\/section\/xeberler\/"},{"@type":"ListItem","position":3,"name":"Ba\u011f\u00e7alarda ilk d\u0259f\u0259 diaqnostik qiym\u0259tl\u0259ndirilm\u0259 apar\u0131l\u0131r"}]},{"@type":"WebSite","@id":"https:\/\/www.meydan.tv\/az\/#website","url":"https:\/\/www.meydan.tv\/az\/","name":"MEYDAN.TV","description":"Meydan TV Az\u0259rbaycan\u0131n media m\u0259kan\u0131ndak\u0131 alternativ s\u0259sidir","publisher":{"@id":"https:\/\/www.meydan.tv\/az\/#organization"},"potentialAction":[{"@type":"SearchAction","target":{"@type":"EntryPoint","urlTemplate":"https:\/\/www.meydan.tv\/az\/?s={search_term_string}"},"query-input":{"@type":"PropertyValueSpecification","valueRequired":true,"valueName":"search_term_string"}}],"inLanguage":"az"},{"@type":"Organization","@id":"https:\/\/www.meydan.tv\/az\/#organization","name":"Meydan TV","url":"https:\/\/www.meydan.tv\/az\/","logo":{"@type":"ImageObject","inLanguage":"az","@id":"https:\/\/www.meydan.tv\/az\/#\/schema\/logo\/image\/","url":"https:\/\/www.meydan.tv\/wp-content\/uploads\/2021\/07\/meydan-logo.svg","contentUrl":"https:\/\/www.meydan.tv\/wp-content\/uploads\/2021\/07\/meydan-logo.svg","width":195,"height":46,"caption":"Meydan TV"},"image":{"@id":"https:\/\/www.meydan.tv\/az\/#\/schema\/logo\/image\/"}},{"@type":"Person","@id":"https:\/\/www.meydan.tv\/az\/#\/schema\/person\/476e9360e593fa131d5d71d51866f8da","name":"aleks"}]}},"_links":{"self":[{"href":"https:\/\/www.meydan.tv\/az\/wp-json\/wp\/v2\/posts\/318096","targetHints":{"allow":["GET"]}}],"collection":[{"href":"https:\/\/www.meydan.tv\/az\/wp-json\/wp\/v2\/posts"}],"about":[{"href":"https:\/\/www.meydan.tv\/az\/wp-json\/wp\/v2\/types\/post"}],"author":[{"embeddable":true,"href":"https:\/\/www.meydan.tv\/az\/wp-json\/wp\/v2\/users\/12"}],"replies":[{"embeddable":true,"href":"https:\/\/www.meydan.tv\/az\/wp-json\/wp\/v2\/comments?post=318096"}],"version-history":[{"count":4,"href":"https:\/\/www.meydan.tv\/az\/wp-json\/wp\/v2\/posts\/318096\/revisions"}],"predecessor-version":[{"id":318100,"href":"https:\/\/www.meydan.tv\/az\/wp-json\/wp\/v2\/posts\/318096\/revisions\/318100"}],"wp:featuredmedia":[{"embeddable":true,"href":"https:\/\/www.meydan.tv\/az\/wp-json\/wp\/v2\/media\/226211"}],"wp:attachment":[{"href":"https:\/\/www.meydan.tv\/az\/wp-json\/wp\/v2\/media?parent=318096"}],"wp:term":[{"taxonomy":"category","embeddable":true,"href":"https:\/\/www.meydan.tv\/az\/wp-json\/wp\/v2\/categories?post=318096"},{"taxonomy":"post_tag","embeddable":true,"href":"https:\/\/www.meydan.tv\/az\/wp-json\/wp\/v2\/tags?post=318096"}],"curies":[{"name":"wp","href":"https:\/\/api.w.org\/{rel}","templated":true}]}}