{"id":317903,"date":"2024-10-16T17:05:37","date_gmt":"2024-10-16T13:05:37","guid":{"rendered":"https:\/\/www.meydan.tv\/?p=317903"},"modified":"2024-10-16T17:05:41","modified_gmt":"2024-10-16T13:05:41","slug":"azerbaycan-internet-azadligina-gore-belarus-iraq-ve-zimbabve-ile-eyni-qrupdadir","status":"publish","type":"post","link":"https:\/\/www.meydan.tv\/az\/article\/azerbaycan-internet-azadligina-gore-belarus-iraq-ve-zimbabve-ile-eyni-qrupdadir\/","title":{"rendered":"Az\u0259rbaycan internet azadl\u0131\u011f\u0131na g\u00f6r\u0259 Belarus, \u0130raq v\u0259 Zimbabve il\u0259 eyni qrupdad\u0131r"},"content":{"rendered":"\n<p><\/p>\n\n\n\n<p><strong><em>G\u00fcrc\u00fcstan v\u0259 Erm\u0259nistan is\u0259 74 xalla \u201cazad\u201d \u00f6lk\u0259l\u0259r kateqoriyas\u0131na sal\u0131n\u0131b<\/em><\/strong><\/p>\n\n\n\n<p>\u201cFreedom House\u201d insan haqlar\u0131 t\u0259\u015fkilat\u0131 2023-c\u00fc ilin iyunundan 2024-c\u00fc ilin may\u0131nad\u0259k olan d\u00f6vr\u0259 aid \u201c\u0130nternet azadl\u0131\u011f\u0131 2024\u201d adl\u0131 hesabat\u0131n\u0131 <a href=\"ttps:\/\/freedomhouse.org\/sites\/default\/files\/2024-10\/FREEDOM-ON-THE-NET-2024-DIGITAL-BOOKLET.pdf\">yay\u0131b<\/a>.<\/p>\n\n\n\n<p>Hesabatda bildirilir ki, d\u00fcnyada internet azadl\u0131\u011f\u0131 14-c\u00fc ildir ard\u0131c\u0131l <a href=\"https:\/\/turan.az\/az\/siyaset\/internet-azadligi-gerileyir-785773\">geril\u0259yir<\/a>.<\/p>\n\n\n\n<p>Hesabatda 72 \u00f6lk\u0259d\u0259n 27-d\u0259 onlayn insan haqlar\u0131n\u0131n m\u00fcdafi\u0259sinin z\u0259ifl\u0259diyi, 18-d\u0259 is\u0259 t\u0259kmill\u0259\u015fdiyi bildirilir.<\/p>\n\n\n\n<p>Hesablama 100 ball\u0131q \u015fkala \u00fczr\u0259 apar\u0131l\u0131b.<\/p>\n\n\n\n<p>100-70 xal y\u0131\u011fan \u00f6lk\u0259l\u0259r AZAD, 69-40 xal \u201cqism\u0259n azad\u201d, 39-0 xal y\u0131\u011fanlar is\u0259 \u201cqeyri-azad\u201d \u00f6lk\u0259l\u0259r hesab olunublar.<\/p>\n\n\n\n<p>Az\u0259rbaycan 34 xalla \u201cqeyri-azad\u201d \u00f6lk\u0259l\u0259r s\u0131ras\u0131nda q\u0259rarla\u015f\u0131b. \u018fvv\u0259l 37 xal olan Az\u0259rbaycan son 1 ild\u0259 3 xal itirib.<\/p>\n\n\n\n<p>Belarus, \u0130raq v\u0259 Zimbabve Az\u0259rbaycanla bir s\u0131rada yer al\u0131blar.<\/p>\n\n\n\n<p>\u018fn b\u00f6y\u00fck geril\u0259m\u0259 4 xal eni\u015f Q\u0131r\u011f\u0131z\u0131standa olub.<\/p>\n\n\n\n<p>Rusiya, T\u00fcrkiy\u0259, \u0130ran da \u201cqeyri-azad\u201d \u00f6lk\u0259l\u0259r s\u0131ras\u0131ndad\u0131r.<\/p>\n\n\n\n<p>G\u00fcrc\u00fcstan v\u0259 Erm\u0259nistan is\u0259 74 xalla \u201cazad\u201d \u00f6lk\u0259l\u0259r kateqoriyas\u0131na sal\u0131n\u0131b.<\/p>\n\n\n\n<p>Hesabatda deyilir ki, 2023-c\u00fc ilin sentyabr\u0131nda Qaraba\u011fda h\u0259rbi \u0259m\u0259liyyat zaman\u0131 Bak\u0131da bir ne\u00e7\u0259 n\u0259f\u0259r, o c\u00fcml\u0259d\u0259n ke\u00e7mi\u015f diplomat Emin \u0130brahimov bir ayl\u0131\u011fa saxlan\u0131l\u0131b.<\/p>\n\n\n\n<p>Buna \u0259m\u0259liyyat\u0131 t\u0259nqid ed\u0259n, yaxud m\u00fcnaqi\u015f\u0259nin dinc h\u0259llin\u0259 \u00e7a\u011f\u0131ran sosial media postlar\u0131 s\u0259b\u0259b olub.<\/p>\n\n\n\n<p>R\u0259smi Bak\u0131 s\u00f6z\u00fcged\u0259n h\u0259rbi \u0259m\u0259liyyatla \u0259razi b\u00fct\u00f6vl\u00fcy\u00fcn\u00fc b\u0259rpa edib.<\/p>\n\n\n\n<p>Bundan sonra Qaraba\u011fdan erm\u0259nil\u0259rin k\u00fctl\u0259vi k\u00f6\u00e7\u00fc ba\u015flan\u0131b. Erm\u0259nistan bunu \u201cetnik t\u0259mizl\u0259m\u0259\u201d adland\u0131rsa da, Bak\u0131 iddialar\u0131 r\u0259dd edib, erm\u0259nil\u0259r\u0259 reinteqrasiya plan\u0131 t\u0259qdim etdiyini bildirib.<\/p>\n\n\n\n<p>Ke\u00e7mi\u015f diplomat E.\u0130brahimov is\u0259 bu ilin iyulunda, bu d\u0259f\u0259 xuliqanl\u0131q ittiham\u0131 il\u0259 saxlan\u0131l\u0131b. \u00d6z\u00fc ittiham\u0131 qurama say\u0131r.<\/p>\n\n\n\n<p><strong>Se\u00e7kil\u0259r nec\u0259 manipulyasiya edilir?<\/strong><\/p>\n\n\n\n<p>\u201cFreedom House\u201d onu da qeyd edir ki, avtoritar \u00f6lk\u0259l\u0259rd\u0259 h\u00f6kum\u0259ty\u00f6nl\u00fc \u015f\u0259rh\u00e7il\u0259r s\u0259f\u0259rb\u0259r olunaraq &#8220;biab\u0131r\u00e7\u0131&#8221; saxta se\u00e7kil\u0259ri azad v\u0259 \u0259dal\u0259tli kimi q\u0259l\u0259m\u0259 veribl\u0259r.<\/p>\n\n\n\n<p>Az\u0259rbaycan\u0131n da bu ilin fevral\u0131nda ke\u00e7iril\u0259n n\u00f6vb\u0259d\u0259nk\u0259nar prezident se\u00e7kisin\u0259 b\u00fct\u00fcn d\u00fcnyadan kontent yarad\u0131c\u0131lar\u0131n\u0131 d\u0259v\u0259t etdiyi, onlar\u0131n s\u0259yah\u0259t v\u0259 Bak\u0131da qalma x\u0259rcl\u0259rini \u00e7\u0259kdiyi vur\u011fulan\u0131r.<\/p>\n\n\n<div class=\"wp-block-image\">\n<figure class=\"alignleft size-full is-resized\"><img decoding=\"async\" width=\"1128\" height=\"800\" data-src=\"https:\/\/www.meydan.tv\/wp-content\/uploads\/freedom-1.jpg\" alt=\"\" class=\"wp-image-259276 lazyload\" style=\"--smush-placeholder-width: 1128px; --smush-placeholder-aspect-ratio: 1128\/800;width:407px;height:auto\" src=\"data:image\/svg+xml;base64,PHN2ZyB3aWR0aD0iMSIgaGVpZ2h0PSIxIiB4bWxucz0iaHR0cDovL3d3dy53My5vcmcvMjAwMC9zdmciPjwvc3ZnPg==\" \/><figcaption class=\"wp-element-caption\">Freedom House<\/figcaption><\/figure>\n<\/div>\n\n\n<p>Deyilir ki, h\u0259min se\u00e7ki Prezident \u0130lham \u018fliyevin q\u0259l\u0259b\u0259si \u00fc\u00e7\u00fcn s\u0259rt manipulyasiya edilib, saxta se\u00e7ki m\u00fc\u015fahid\u0259 missiyalar\u0131n\u0131 maliyy\u0259l\u0259\u015fdirm\u0259kl\u0259 se\u00e7kiy\u0259 legitimlik donu geyindirilib.<\/p>\n\n\n\n<p>Az\u0259rbaycan r\u0259smil\u0259ri bu hesabata, h\u0259l\u0259lik, m\u00fcnasib\u0259t a\u00e7\u0131qlamay\u0131blar. Ancaq &#8220;Freedom House&#8221;, el\u0259c\u0259 d\u0259 dig\u0259r insan haqlar\u0131 qurumlar\u0131n\u0131n daha \u00f6nc\u0259ki hesabatlar\u0131 s\u0259rt t\u0259nqid olunub, bu qurumlar Az\u0259rbaycana qar\u015f\u0131 koordinasiyalar\u0131 f\u0259aliyy\u0259td\u0259 ittiham edilibl\u0259r.<\/p>\n\n\n\n<p>Bu il \u00f6lk\u0259d\u0259 n\u00f6vb\u0259d\u0259nk\u0259nar parlament se\u00e7kil\u0259ri d\u0259 ke\u00e7irilib.<\/p>\n\n\n\n<p>Hakimiyy\u0259t h\u0259r iki se\u00e7kinin demokratik ke\u00e7diyini des\u0259 d\u0259, AT\u018fT\/DT\u0130HB se\u00e7kil\u0259rin m\u0259hdudla\u015fd\u0131r\u0131c\u0131, r\u0259qab\u0259tsiz m\u00fchitd\u0259 ger\u00e7\u0259kl\u0259\u015fdirildiyini bildirib. M\u00fcst\u0259qil m\u00fc\u015fahid\u0259\u00e7il\u0259r v\u0259 media qurumlar\u0131 \u00e7oxsayl\u0131 pozuntular\u0131 qeyd\u0259 al\u0131blar.<\/p>\n\n\n\n<p>Hesabatda Avrasiyada internet azadl\u0131\u011f\u0131n\u0131n geril\u0259diyi, Rusiyan\u0131n 20 xalla regionda \u0259n az xal\u0131 qazand\u0131\u011f\u0131 vur\u011fulan\u0131r.<\/p>\n\n\n\n<p>Kremlin Ukraynaya qar\u015f\u0131 tammiqyasl\u0131 i\u015f\u011fal\u0131 is\u0259 bu \u00f6lk\u0259d\u0259 internet azadl\u0131\u011f\u0131na z\u0259rb\u0259 vurub. Bel\u0259 ki, Rusiya ordusu internet infrastrukturunu da\u011f\u0131d\u0131b, i\u015f\u011fal etdiyi \u0259razil\u0259rd\u0259 t\u0259kmil senzura rejimi qurub.<\/p>\n\n\n\n<p>Myanma v\u0259 \u00c7in d\u00fcnyada internet azadl\u0131\u011f\u0131 \u00fc\u00e7\u00fcn \u0259n pis m\u00fchitin oldu\u011fu \u00f6lk\u0259l\u0259r say\u0131l\u0131b.<\/p>\n","protected":false},"excerpt":{"rendered":"<p>G\u00fcrc\u00fcstan v\u0259 Erm\u0259nistan is\u0259 74 xalla \u201cazad\u201d \u00f6lk\u0259l\u0259r kateqoriyas\u0131na sal\u0131n\u0131b &#8230; <\/p>\n<p class=\"read-more-container\"><a title=\"Az\u0259rbaycan internet azadl\u0131\u011f\u0131na g\u00f6r\u0259 Belarus, \u0130raq v\u0259 Zimbabve il\u0259 eyni qrupdad\u0131r\" class=\"read-more button\" href=\"https:\/\/www.meydan.tv\/az\/article\/azerbaycan-internet-azadligina-gore-belarus-iraq-ve-zimbabve-ile-eyni-qrupdadir\/#more-317903\" aria-label=\"Read more about Az\u0259rbaycan internet azadl\u0131\u011f\u0131na g\u00f6r\u0259 Belarus, \u0130raq v\u0259 Zimbabve il\u0259 eyni qrupdad\u0131r\">Davam\u0131<\/a><\/p>\n","protected":false},"author":8,"featured_media":313255,"comment_status":"closed","ping_status":"closed","sticky":false,"template":"","format":"standard","meta":{"_acf_changed":false,"_sitemap_exclude":false,"_sitemap_priority":"","_sitemap_frequency":"","footnotes":""},"categories":[59,56],"tags":[],"class_list":["post-317903","post","type-post","status-publish","format-standard","has-post-thumbnail","hentry","category-siyaset","category-xeberler","infinite-scroll-item","generate-columns","tablet-grid-50","mobile-grid-100","grid-parent","grid-33","no-featured-image-padding"],"acf":[],"yoast_head":"<!-- This site is optimized with the Yoast SEO plugin v27.4 - https:\/\/yoast.com\/product\/yoast-seo-wordpress\/ -->\n<title>Az\u0259rbaycan internet azadl\u0131\u011f\u0131na g\u00f6r\u0259 Belarus, \u0130raq v\u0259 Zimbabve il\u0259 eyni qrupdad\u0131r - MEYDAN.TV<\/title>\n<meta name=\"description\" content=\"100-70 xal y\u0131\u011fan \u00f6lk\u0259l\u0259r AZAD, 69-40 xal \u201cqism\u0259n azad\u201d, 39-0 xal y\u0131\u011fanlar is\u0259 \u201cqeyri-azad\u201d \u00f6lk\u0259l\u0259r hesab olunublar.\" \/>\n<meta name=\"robots\" content=\"index, follow, max-snippet:-1, max-image-preview:large, max-video-preview:-1\" \/>\n<link rel=\"canonical\" href=\"https:\/\/www.meydan.tv\/az\/article\/azerbaycan-internet-azadligina-gore-belarus-iraq-ve-zimbabve-ile-eyni-qrupdadir\/\" \/>\n<meta property=\"og:locale\" content=\"az_AZ\" \/>\n<meta property=\"og:type\" content=\"article\" \/>\n<meta property=\"og:title\" content=\"Az\u0259rbaycan internet azadl\u0131\u011f\u0131na g\u00f6r\u0259 Belarus, \u0130raq v\u0259 Zimbabve il\u0259 eyni qrupdad\u0131r - MEYDAN.TV\" \/>\n<meta property=\"og:description\" content=\"100-70 xal y\u0131\u011fan \u00f6lk\u0259l\u0259r AZAD, 69-40 xal \u201cqism\u0259n azad\u201d, 39-0 xal y\u0131\u011fanlar is\u0259 \u201cqeyri-azad\u201d \u00f6lk\u0259l\u0259r hesab olunublar.\" \/>\n<meta property=\"og:url\" content=\"https:\/\/www.meydan.tv\/az\/article\/azerbaycan-internet-azadligina-gore-belarus-iraq-ve-zimbabve-ile-eyni-qrupdadir\/\" \/>\n<meta property=\"og:site_name\" content=\"MEYDAN.TV\" \/>\n<meta property=\"article:published_time\" content=\"2024-10-16T13:05:37+00:00\" \/>\n<meta property=\"article:modified_time\" content=\"2024-10-16T13:05:41+00:00\" \/>\n<meta property=\"og:image\" content=\"https:\/\/www.meydan.tv\/wp-content\/uploads\/shutterstock_2476618657.jpg\" \/>\n\t<meta property=\"og:image:width\" content=\"1200\" \/>\n\t<meta property=\"og:image:height\" content=\"800\" \/>\n\t<meta property=\"og:image:type\" content=\"image\/jpeg\" \/>\n<meta name=\"author\" content=\"elli\" \/>\n<meta name=\"twitter:card\" content=\"summary_large_image\" \/>\n<meta name=\"twitter:creator\" content=\"@elli\" \/>\n<script type=\"application\/ld+json\" class=\"yoast-schema-graph\">{\"@context\":\"https:\\\/\\\/schema.org\",\"@graph\":[{\"@type\":\"Article\",\"@id\":\"https:\\\/\\\/www.meydan.tv\\\/az\\\/article\\\/azerbaycan-internet-azadligina-gore-belarus-iraq-ve-zimbabve-ile-eyni-qrupdadir\\\/#article\",\"isPartOf\":{\"@id\":\"https:\\\/\\\/www.meydan.tv\\\/az\\\/article\\\/azerbaycan-internet-azadligina-gore-belarus-iraq-ve-zimbabve-ile-eyni-qrupdadir\\\/\"},\"author\":{\"name\":\"elli\",\"@id\":\"https:\\\/\\\/www.meydan.tv\\\/az\\\/#\\\/schema\\\/person\\\/9cdbecf90d17180ce1dfbd95b08dcf47\"},\"headline\":\"Az\u0259rbaycan internet azadl\u0131\u011f\u0131na g\u00f6r\u0259 Belarus, \u0130raq v\u0259 Zimbabve il\u0259 eyni qrupdad\u0131r\",\"datePublished\":\"2024-10-16T13:05:37+00:00\",\"dateModified\":\"2024-10-16T13:05:41+00:00\",\"mainEntityOfPage\":{\"@id\":\"https:\\\/\\\/www.meydan.tv\\\/az\\\/article\\\/azerbaycan-internet-azadligina-gore-belarus-iraq-ve-zimbabve-ile-eyni-qrupdadir\\\/\"},\"wordCount\":663,\"publisher\":{\"@id\":\"https:\\\/\\\/www.meydan.tv\\\/az\\\/#organization\"},\"image\":{\"@id\":\"https:\\\/\\\/www.meydan.tv\\\/az\\\/article\\\/azerbaycan-internet-azadligina-gore-belarus-iraq-ve-zimbabve-ile-eyni-qrupdadir\\\/#primaryimage\"},\"thumbnailUrl\":\"https:\\\/\\\/www.meydan.tv\\\/wp-content\\\/uploads\\\/shutterstock_2476618657.jpg\",\"articleSection\":[\"Siyas\u0259t\",\"X\u0259b\u0259rl\u0259r\"],\"inLanguage\":\"az\"},{\"@type\":\"WebPage\",\"@id\":\"https:\\\/\\\/www.meydan.tv\\\/az\\\/article\\\/azerbaycan-internet-azadligina-gore-belarus-iraq-ve-zimbabve-ile-eyni-qrupdadir\\\/\",\"url\":\"https:\\\/\\\/www.meydan.tv\\\/az\\\/article\\\/azerbaycan-internet-azadligina-gore-belarus-iraq-ve-zimbabve-ile-eyni-qrupdadir\\\/\",\"name\":\"Az\u0259rbaycan internet azadl\u0131\u011f\u0131na g\u00f6r\u0259 Belarus, \u0130raq v\u0259 Zimbabve il\u0259 eyni qrupdad\u0131r - MEYDAN.TV\",\"isPartOf\":{\"@id\":\"https:\\\/\\\/www.meydan.tv\\\/az\\\/#website\"},\"primaryImageOfPage\":{\"@id\":\"https:\\\/\\\/www.meydan.tv\\\/az\\\/article\\\/azerbaycan-internet-azadligina-gore-belarus-iraq-ve-zimbabve-ile-eyni-qrupdadir\\\/#primaryimage\"},\"image\":{\"@id\":\"https:\\\/\\\/www.meydan.tv\\\/az\\\/article\\\/azerbaycan-internet-azadligina-gore-belarus-iraq-ve-zimbabve-ile-eyni-qrupdadir\\\/#primaryimage\"},\"thumbnailUrl\":\"https:\\\/\\\/www.meydan.tv\\\/wp-content\\\/uploads\\\/shutterstock_2476618657.jpg\",\"datePublished\":\"2024-10-16T13:05:37+00:00\",\"dateModified\":\"2024-10-16T13:05:41+00:00\",\"description\":\"100-70 xal y\u0131\u011fan \u00f6lk\u0259l\u0259r AZAD, 69-40 xal \u201cqism\u0259n azad\u201d, 39-0 xal y\u0131\u011fanlar is\u0259 \u201cqeyri-azad\u201d \u00f6lk\u0259l\u0259r hesab olunublar.\",\"breadcrumb\":{\"@id\":\"https:\\\/\\\/www.meydan.tv\\\/az\\\/article\\\/azerbaycan-internet-azadligina-gore-belarus-iraq-ve-zimbabve-ile-eyni-qrupdadir\\\/#breadcrumb\"},\"inLanguage\":\"az\",\"potentialAction\":[{\"@type\":\"ReadAction\",\"target\":[\"https:\\\/\\\/www.meydan.tv\\\/az\\\/article\\\/azerbaycan-internet-azadligina-gore-belarus-iraq-ve-zimbabve-ile-eyni-qrupdadir\\\/\"]}]},{\"@type\":\"ImageObject\",\"inLanguage\":\"az\",\"@id\":\"https:\\\/\\\/www.meydan.tv\\\/az\\\/article\\\/azerbaycan-internet-azadligina-gore-belarus-iraq-ve-zimbabve-ile-eyni-qrupdadir\\\/#primaryimage\",\"url\":\"https:\\\/\\\/www.meydan.tv\\\/wp-content\\\/uploads\\\/shutterstock_2476618657.jpg\",\"contentUrl\":\"https:\\\/\\\/www.meydan.tv\\\/wp-content\\\/uploads\\\/shutterstock_2476618657.jpg\",\"width\":1200,\"height\":800,\"caption\":\"\u0130nternet tarifl\u0259ri. Foto: Tapati Rinchumrus\\\/shutterstock\"},{\"@type\":\"BreadcrumbList\",\"@id\":\"https:\\\/\\\/www.meydan.tv\\\/az\\\/article\\\/azerbaycan-internet-azadligina-gore-belarus-iraq-ve-zimbabve-ile-eyni-qrupdadir\\\/#breadcrumb\",\"itemListElement\":[{\"@type\":\"ListItem\",\"position\":1,\"name\":\"Ana s\u0259hif\u0259\",\"item\":\"https:\\\/\\\/www.meydan.tv\\\/az\\\/\"},{\"@type\":\"ListItem\",\"position\":2,\"name\":\"Siyas\u0259t\",\"item\":\"https:\\\/\\\/www.meydan.tv\\\/az\\\/section\\\/siyaset\\\/\"},{\"@type\":\"ListItem\",\"position\":3,\"name\":\"Az\u0259rbaycan internet azadl\u0131\u011f\u0131na g\u00f6r\u0259 Belarus, \u0130raq v\u0259 Zimbabve il\u0259 eyni qrupdad\u0131r\"}]},{\"@type\":\"WebSite\",\"@id\":\"https:\\\/\\\/www.meydan.tv\\\/az\\\/#website\",\"url\":\"https:\\\/\\\/www.meydan.tv\\\/az\\\/\",\"name\":\"MEYDAN.TV\",\"description\":\"Meydan TV Az\u0259rbaycan\u0131n media m\u0259kan\u0131ndak\u0131 alternativ s\u0259sidir\",\"publisher\":{\"@id\":\"https:\\\/\\\/www.meydan.tv\\\/az\\\/#organization\"},\"potentialAction\":[{\"@type\":\"SearchAction\",\"target\":{\"@type\":\"EntryPoint\",\"urlTemplate\":\"https:\\\/\\\/www.meydan.tv\\\/az\\\/?s={search_term_string}\"},\"query-input\":{\"@type\":\"PropertyValueSpecification\",\"valueRequired\":true,\"valueName\":\"search_term_string\"}}],\"inLanguage\":\"az\"},{\"@type\":\"Organization\",\"@id\":\"https:\\\/\\\/www.meydan.tv\\\/az\\\/#organization\",\"name\":\"Meydan TV\",\"url\":\"https:\\\/\\\/www.meydan.tv\\\/az\\\/\",\"logo\":{\"@type\":\"ImageObject\",\"inLanguage\":\"az\",\"@id\":\"https:\\\/\\\/www.meydan.tv\\\/az\\\/#\\\/schema\\\/logo\\\/image\\\/\",\"url\":\"https:\\\/\\\/www.meydan.tv\\\/wp-content\\\/uploads\\\/2021\\\/07\\\/meydan-logo.svg\",\"contentUrl\":\"https:\\\/\\\/www.meydan.tv\\\/wp-content\\\/uploads\\\/2021\\\/07\\\/meydan-logo.svg\",\"width\":195,\"height\":46,\"caption\":\"Meydan TV\"},\"image\":{\"@id\":\"https:\\\/\\\/www.meydan.tv\\\/az\\\/#\\\/schema\\\/logo\\\/image\\\/\"}},{\"@type\":\"Person\",\"@id\":\"https:\\\/\\\/www.meydan.tv\\\/az\\\/#\\\/schema\\\/person\\\/9cdbecf90d17180ce1dfbd95b08dcf47\",\"name\":\"elli\",\"sameAs\":[\"https:\\\/\\\/x.com\\\/elli\"]}]}<\/script>\n<!-- \/ Yoast SEO plugin. -->","yoast_head_json":{"title":"Az\u0259rbaycan internet azadl\u0131\u011f\u0131na g\u00f6r\u0259 Belarus, \u0130raq v\u0259 Zimbabve il\u0259 eyni qrupdad\u0131r - MEYDAN.TV","description":"100-70 xal y\u0131\u011fan \u00f6lk\u0259l\u0259r AZAD, 69-40 xal \u201cqism\u0259n azad\u201d, 39-0 xal y\u0131\u011fanlar is\u0259 \u201cqeyri-azad\u201d \u00f6lk\u0259l\u0259r hesab olunublar.","robots":{"index":"index","follow":"follow","max-snippet":"max-snippet:-1","max-image-preview":"max-image-preview:large","max-video-preview":"max-video-preview:-1"},"canonical":"https:\/\/www.meydan.tv\/az\/article\/azerbaycan-internet-azadligina-gore-belarus-iraq-ve-zimbabve-ile-eyni-qrupdadir\/","og_locale":"az_AZ","og_type":"article","og_title":"Az\u0259rbaycan internet azadl\u0131\u011f\u0131na g\u00f6r\u0259 Belarus, \u0130raq v\u0259 Zimbabve il\u0259 eyni qrupdad\u0131r - MEYDAN.TV","og_description":"100-70 xal y\u0131\u011fan \u00f6lk\u0259l\u0259r AZAD, 69-40 xal \u201cqism\u0259n azad\u201d, 39-0 xal y\u0131\u011fanlar is\u0259 \u201cqeyri-azad\u201d \u00f6lk\u0259l\u0259r hesab olunublar.","og_url":"https:\/\/www.meydan.tv\/az\/article\/azerbaycan-internet-azadligina-gore-belarus-iraq-ve-zimbabve-ile-eyni-qrupdadir\/","og_site_name":"MEYDAN.TV","article_published_time":"2024-10-16T13:05:37+00:00","article_modified_time":"2024-10-16T13:05:41+00:00","og_image":[{"width":1200,"height":800,"url":"https:\/\/www.meydan.tv\/wp-content\/uploads\/shutterstock_2476618657.jpg","type":"image\/jpeg"}],"author":"elli","twitter_card":"summary_large_image","twitter_creator":"@elli","schema":{"@context":"https:\/\/schema.org","@graph":[{"@type":"Article","@id":"https:\/\/www.meydan.tv\/az\/article\/azerbaycan-internet-azadligina-gore-belarus-iraq-ve-zimbabve-ile-eyni-qrupdadir\/#article","isPartOf":{"@id":"https:\/\/www.meydan.tv\/az\/article\/azerbaycan-internet-azadligina-gore-belarus-iraq-ve-zimbabve-ile-eyni-qrupdadir\/"},"author":{"name":"elli","@id":"https:\/\/www.meydan.tv\/az\/#\/schema\/person\/9cdbecf90d17180ce1dfbd95b08dcf47"},"headline":"Az\u0259rbaycan internet azadl\u0131\u011f\u0131na g\u00f6r\u0259 Belarus, \u0130raq v\u0259 Zimbabve il\u0259 eyni qrupdad\u0131r","datePublished":"2024-10-16T13:05:37+00:00","dateModified":"2024-10-16T13:05:41+00:00","mainEntityOfPage":{"@id":"https:\/\/www.meydan.tv\/az\/article\/azerbaycan-internet-azadligina-gore-belarus-iraq-ve-zimbabve-ile-eyni-qrupdadir\/"},"wordCount":663,"publisher":{"@id":"https:\/\/www.meydan.tv\/az\/#organization"},"image":{"@id":"https:\/\/www.meydan.tv\/az\/article\/azerbaycan-internet-azadligina-gore-belarus-iraq-ve-zimbabve-ile-eyni-qrupdadir\/#primaryimage"},"thumbnailUrl":"https:\/\/www.meydan.tv\/wp-content\/uploads\/shutterstock_2476618657.jpg","articleSection":["Siyas\u0259t","X\u0259b\u0259rl\u0259r"],"inLanguage":"az"},{"@type":"WebPage","@id":"https:\/\/www.meydan.tv\/az\/article\/azerbaycan-internet-azadligina-gore-belarus-iraq-ve-zimbabve-ile-eyni-qrupdadir\/","url":"https:\/\/www.meydan.tv\/az\/article\/azerbaycan-internet-azadligina-gore-belarus-iraq-ve-zimbabve-ile-eyni-qrupdadir\/","name":"Az\u0259rbaycan internet azadl\u0131\u011f\u0131na g\u00f6r\u0259 Belarus, \u0130raq v\u0259 Zimbabve il\u0259 eyni qrupdad\u0131r - MEYDAN.TV","isPartOf":{"@id":"https:\/\/www.meydan.tv\/az\/#website"},"primaryImageOfPage":{"@id":"https:\/\/www.meydan.tv\/az\/article\/azerbaycan-internet-azadligina-gore-belarus-iraq-ve-zimbabve-ile-eyni-qrupdadir\/#primaryimage"},"image":{"@id":"https:\/\/www.meydan.tv\/az\/article\/azerbaycan-internet-azadligina-gore-belarus-iraq-ve-zimbabve-ile-eyni-qrupdadir\/#primaryimage"},"thumbnailUrl":"https:\/\/www.meydan.tv\/wp-content\/uploads\/shutterstock_2476618657.jpg","datePublished":"2024-10-16T13:05:37+00:00","dateModified":"2024-10-16T13:05:41+00:00","description":"100-70 xal y\u0131\u011fan \u00f6lk\u0259l\u0259r AZAD, 69-40 xal \u201cqism\u0259n azad\u201d, 39-0 xal y\u0131\u011fanlar is\u0259 \u201cqeyri-azad\u201d \u00f6lk\u0259l\u0259r hesab olunublar.","breadcrumb":{"@id":"https:\/\/www.meydan.tv\/az\/article\/azerbaycan-internet-azadligina-gore-belarus-iraq-ve-zimbabve-ile-eyni-qrupdadir\/#breadcrumb"},"inLanguage":"az","potentialAction":[{"@type":"ReadAction","target":["https:\/\/www.meydan.tv\/az\/article\/azerbaycan-internet-azadligina-gore-belarus-iraq-ve-zimbabve-ile-eyni-qrupdadir\/"]}]},{"@type":"ImageObject","inLanguage":"az","@id":"https:\/\/www.meydan.tv\/az\/article\/azerbaycan-internet-azadligina-gore-belarus-iraq-ve-zimbabve-ile-eyni-qrupdadir\/#primaryimage","url":"https:\/\/www.meydan.tv\/wp-content\/uploads\/shutterstock_2476618657.jpg","contentUrl":"https:\/\/www.meydan.tv\/wp-content\/uploads\/shutterstock_2476618657.jpg","width":1200,"height":800,"caption":"\u0130nternet tarifl\u0259ri. Foto: Tapati Rinchumrus\/shutterstock"},{"@type":"BreadcrumbList","@id":"https:\/\/www.meydan.tv\/az\/article\/azerbaycan-internet-azadligina-gore-belarus-iraq-ve-zimbabve-ile-eyni-qrupdadir\/#breadcrumb","itemListElement":[{"@type":"ListItem","position":1,"name":"Ana s\u0259hif\u0259","item":"https:\/\/www.meydan.tv\/az\/"},{"@type":"ListItem","position":2,"name":"Siyas\u0259t","item":"https:\/\/www.meydan.tv\/az\/section\/siyaset\/"},{"@type":"ListItem","position":3,"name":"Az\u0259rbaycan internet azadl\u0131\u011f\u0131na g\u00f6r\u0259 Belarus, \u0130raq v\u0259 Zimbabve il\u0259 eyni qrupdad\u0131r"}]},{"@type":"WebSite","@id":"https:\/\/www.meydan.tv\/az\/#website","url":"https:\/\/www.meydan.tv\/az\/","name":"MEYDAN.TV","description":"Meydan TV Az\u0259rbaycan\u0131n media m\u0259kan\u0131ndak\u0131 alternativ s\u0259sidir","publisher":{"@id":"https:\/\/www.meydan.tv\/az\/#organization"},"potentialAction":[{"@type":"SearchAction","target":{"@type":"EntryPoint","urlTemplate":"https:\/\/www.meydan.tv\/az\/?s={search_term_string}"},"query-input":{"@type":"PropertyValueSpecification","valueRequired":true,"valueName":"search_term_string"}}],"inLanguage":"az"},{"@type":"Organization","@id":"https:\/\/www.meydan.tv\/az\/#organization","name":"Meydan TV","url":"https:\/\/www.meydan.tv\/az\/","logo":{"@type":"ImageObject","inLanguage":"az","@id":"https:\/\/www.meydan.tv\/az\/#\/schema\/logo\/image\/","url":"https:\/\/www.meydan.tv\/wp-content\/uploads\/2021\/07\/meydan-logo.svg","contentUrl":"https:\/\/www.meydan.tv\/wp-content\/uploads\/2021\/07\/meydan-logo.svg","width":195,"height":46,"caption":"Meydan TV"},"image":{"@id":"https:\/\/www.meydan.tv\/az\/#\/schema\/logo\/image\/"}},{"@type":"Person","@id":"https:\/\/www.meydan.tv\/az\/#\/schema\/person\/9cdbecf90d17180ce1dfbd95b08dcf47","name":"elli","sameAs":["https:\/\/x.com\/elli"]}]}},"_links":{"self":[{"href":"https:\/\/www.meydan.tv\/az\/wp-json\/wp\/v2\/posts\/317903","targetHints":{"allow":["GET"]}}],"collection":[{"href":"https:\/\/www.meydan.tv\/az\/wp-json\/wp\/v2\/posts"}],"about":[{"href":"https:\/\/www.meydan.tv\/az\/wp-json\/wp\/v2\/types\/post"}],"author":[{"embeddable":true,"href":"https:\/\/www.meydan.tv\/az\/wp-json\/wp\/v2\/users\/8"}],"replies":[{"embeddable":true,"href":"https:\/\/www.meydan.tv\/az\/wp-json\/wp\/v2\/comments?post=317903"}],"version-history":[{"count":3,"href":"https:\/\/www.meydan.tv\/az\/wp-json\/wp\/v2\/posts\/317903\/revisions"}],"predecessor-version":[{"id":317915,"href":"https:\/\/www.meydan.tv\/az\/wp-json\/wp\/v2\/posts\/317903\/revisions\/317915"}],"wp:featuredmedia":[{"embeddable":true,"href":"https:\/\/www.meydan.tv\/az\/wp-json\/wp\/v2\/media\/313255"}],"wp:attachment":[{"href":"https:\/\/www.meydan.tv\/az\/wp-json\/wp\/v2\/media?parent=317903"}],"wp:term":[{"taxonomy":"category","embeddable":true,"href":"https:\/\/www.meydan.tv\/az\/wp-json\/wp\/v2\/categories?post=317903"},{"taxonomy":"post_tag","embeddable":true,"href":"https:\/\/www.meydan.tv\/az\/wp-json\/wp\/v2\/tags?post=317903"}],"curies":[{"name":"wp","href":"https:\/\/api.w.org\/{rel}","templated":true}]}}