{"id":317762,"date":"2024-10-15T11:04:08","date_gmt":"2024-10-15T07:04:08","guid":{"rendered":"https:\/\/www.meydan.tv\/?p=317762"},"modified":"2024-10-15T11:04:13","modified_gmt":"2024-10-15T07:04:13","slug":"xaqani-parkinda-restoranin-acilmasi-sakinleri-narazi-salib","status":"publish","type":"post","link":"https:\/\/www.meydan.tv\/az\/article\/xaqani-parkinda-restoranin-acilmasi-sakinleri-narazi-salib\/","title":{"rendered":"Xaqani park\u0131nda restoran\u0131n a\u00e7\u0131lmas\u0131 sakinl\u0259ri naraz\u0131 sal\u0131b"},"content":{"rendered":"\n<p><\/p>\n\n\n\n<p><strong><em>Bak\u0131 \u015f\u0259h\u0259r Memarl\u0131q v\u0259 \u015e\u0259h\u0259rsalma Ba\u015f \u0130dar\u0259si \u0259razinin z\u0259bt oldundu\u011funu deyib<\/em><\/strong><\/p>\n\n\n\n<p>Bu yax\u0131nlarda t\u0259mir olunaraq yenid\u0259n istifad\u0259y\u0259 veril\u0259n X\u0259qani park\u0131nda restoran\u0131n f\u0259aliyy\u0259t\u0259 ba\u015flamas\u0131 \u0259trafda ya\u015fayan bir qrup sakini narahat edib. Bu park Bak\u0131n\u0131n S\u0259bail rayonu \u0259razisind\u0259dir. M\u00fcxt\u0259lif qurumlara \u015fikay\u0259t \u00fcnvanlayan sakinl\u0259r hesab edirl\u0259r ki, \u015f\u0259h\u0259rin m\u0259rk\u0259zind\u0259 bu c\u00fcr restoran\u0131n f\u0259aliyy\u0259ti ancaq rahats\u0131zl\u0131q yarada bil\u0259r.<\/p>\n\n\n\n<p>Yax\u0131nl\u0131qda ya\u015fayan sakinl\u0259rin s\u00f6zl\u0259rin\u0259 g\u00f6r\u0259, park istifad\u0259y\u0259 veril\u0259n kimi \u0259razini z\u0259bt edibl\u0259r. Restoran h\u0259m istirah\u0259t\u0259 g\u0259l\u0259nl\u0259r\u0259, h\u0259m d\u0259 gedi\u015f-g\u0259li\u015f\u0259 mane\u0259 yarad\u0131r.<\/p>\n\n\n\n<p>Sakinl\u0259r hesab edirl\u0259r ki, \u015f\u0259h\u0259rin m\u0259rk\u0259zind\u0259, metronun &#8220;Sahil&#8221; stansiyas\u0131n\u0131n bir add\u0131ml\u0131\u011f\u0131nda kafe-restoran a\u00e7\u0131lmas\u0131 yaln\u0131z icaz\u0259 v\u0259 ya himay\u0259\u00e7ilikl\u0259 m\u00fcmk\u00fcn ola bil\u0259r. \u00c7\u00fcnki \u0259vv\u0259ll\u0259r d\u0259 gec\u0259l\u0259r s\u0259s-k\u00fcy yaradan obyektl\u0259rl\u0259 ba\u011fl\u0131 \u015fikay\u0259tl\u0259r edils\u0259 da, t\u0259dbir g\u00f6r\u00fclm\u0259yib.<\/p>\n\n\n\n<p>Sakinl\u0259rd\u0259n Af\u0259t \u0130sayeva deyib ki, restoran da g\u00fcman ki, icra hakimiyy\u0259tinin xeyir-duas\u0131 il\u0259 a\u00e7\u0131l\u0131b. \u00c7\u00fcnki restoranla ba\u011fl\u0131 he\u00e7 kim ara\u015fd\u0131rma aparm\u0131r, parkda g\u0259zi\u015f\u0259nl\u0259r hans\u0131sa qurumdan yoxlamaya g\u0259l\u0259nl\u0259rl\u0259 rastla\u015fmay\u0131blar.<\/p>\n\n\n<div class=\"wp-block-image\">\n<figure class=\"aligncenter size-large\"><img decoding=\"async\" width=\"1200\" height=\"644\" data-src=\"https:\/\/www.meydan.tv\/wp-content\/uploads\/xaqani_parki-1200x644.jpg\" alt=\"\" class=\"wp-image-317759 lazyload\" src=\"data:image\/svg+xml;base64,PHN2ZyB3aWR0aD0iMSIgaGVpZ2h0PSIxIiB4bWxucz0iaHR0cDovL3d3dy53My5vcmcvMjAwMC9zdmciPjwvc3ZnPg==\" style=\"--smush-placeholder-width: 1200px; --smush-placeholder-aspect-ratio: 1200\/644;\" \/><figcaption class=\"wp-element-caption\">Foto: Meydan TV<\/figcaption><\/figure>\n<\/div>\n\n\n<p>Obyektd\u0259 \u00e7al\u0131\u015fanlar S\u0259bail Rayon \u0130cra Hakimiyy\u0259tind\u0259n icaz\u0259 ald\u0131qlar\u0131n\u0131 bildiribl\u0259r.<\/p>\n\n\n\n<p>El aras\u0131nda \u201cMalakan\u201d ba\u011f\u0131 kimi tan\u0131nan X\u0259qani park\u0131 yenid\u0259n qurulub. \u00dcmumi istifad\u0259d\u0259 olan parkda obyekt f\u0259aliyy\u0259t g\u00f6st\u0259rm\u0259si Bak\u0131 \u015e\u0259h\u0259r \u0130cra Hakimiyy\u0259tinin, yaxud rayon icra hakimiyy\u0259tinin raz\u0131l\u0131\u011f\u0131 il\u0259, aidiyyat\u0131 orqanlarla raz\u0131la\u015fd\u0131qdan sonra m\u00fcmk\u00fcn ola bil\u0259r.<\/p>\n\n\n\n<p>S\u0259bail Rayon \u0130cra Hakimiyy\u0259ti m\u0259s\u0259l\u0259y\u0259 ayd\u0131nl\u0131q g\u0259tirm\u0259yib.<\/p>\n\n\n\n<p>D\u00f6vl\u0259t \u015e\u0259h\u0259rsalma v\u0259 Arxitektura Komit\u0259sind\u0259n bildiribl\u0259r ki, D\u00f6vl\u0259t \u015e\u0259h\u0259rsalma v\u0259 Arxitektura Komit\u0259si yan\u0131nda Bak\u0131 \u015f\u0259h\u0259r Memarl\u0131q v\u0259 \u015e\u0259h\u0259rsalma Ba\u015f \u0130dar\u0259si t\u0259r\u0259find\u0259n \u015f\u0259h\u0259rsalma monitorinqi \u00e7\u0259r\u00e7iv\u0259sind\u0259 h\u0259yata ke\u00e7iril\u0259n operativ \u0259m\u0259liyyat t\u0259dbirl\u0259ri n\u0259tic\u0259sind\u0259 z\u0259bt olunmu\u015f ictimai \u0259razinin bo\u015fald\u0131lmas\u0131 v\u0259 v\u0259t\u0259nda\u015flar\u0131n istifad\u0259sin\u0259 qaytar\u0131lmas\u0131 istiqam\u0259tind\u0259 m\u00fcvafiq t\u0259dbirl\u0259r h\u0259yata ke\u00e7irilib, h\u0259m\u00e7inin aidiyy\u0259t\u0131 orqanlara qanun pozuntusu bar\u0259d\u0259 m\u0259lumat verilib.<\/p>\n","protected":false},"excerpt":{"rendered":"<p>Bak\u0131 \u015f\u0259h\u0259r Memarl\u0131q v\u0259 \u015e\u0259h\u0259rsalma Ba\u015f \u0130dar\u0259si \u0259razinin z\u0259bt oldundu\u011funu &#8230; <\/p>\n<p class=\"read-more-container\"><a title=\"Xaqani park\u0131nda restoran\u0131n a\u00e7\u0131lmas\u0131 sakinl\u0259ri naraz\u0131 sal\u0131b\" class=\"read-more button\" href=\"https:\/\/www.meydan.tv\/az\/article\/xaqani-parkinda-restoranin-acilmasi-sakinleri-narazi-salib\/#more-317762\" aria-label=\"Read more about Xaqani park\u0131nda restoran\u0131n a\u00e7\u0131lmas\u0131 sakinl\u0259ri naraz\u0131 sal\u0131b\">Davam\u0131<\/a><\/p>\n","protected":false},"author":8,"featured_media":317756,"comment_status":"closed","ping_status":"closed","sticky":false,"template":"","format":"standard","meta":{"_acf_changed":false,"_sitemap_exclude":false,"_sitemap_priority":"","_sitemap_frequency":"","footnotes":""},"categories":[62,56],"tags":[],"class_list":["post-317762","post","type-post","status-publish","format-standard","has-post-thumbnail","hentry","category-sosial","category-xeberler","infinite-scroll-item","generate-columns","tablet-grid-50","mobile-grid-100","grid-parent","grid-33","no-featured-image-padding"],"acf":[],"yoast_head":"<!-- This site is optimized with the Yoast SEO plugin v27.4 - https:\/\/yoast.com\/product\/yoast-seo-wordpress\/ -->\n<title>Xaqani park\u0131nda restoran\u0131n a\u00e7\u0131lmas\u0131 sakinl\u0259ri naraz\u0131 sal\u0131b - MEYDAN.TV<\/title>\n<meta name=\"description\" content=\"Bak\u0131 \u015f\u0259h\u0259r Memarl\u0131q v\u0259 \u015e\u0259h\u0259rsalma Ba\u015f \u0130dar\u0259si \u0259razinin z\u0259bt oldundu\u011funu deyib.\" \/>\n<meta name=\"robots\" content=\"index, follow, max-snippet:-1, max-image-preview:large, max-video-preview:-1\" \/>\n<link rel=\"canonical\" href=\"https:\/\/www.meydan.tv\/az\/article\/xaqani-parkinda-restoranin-acilmasi-sakinleri-narazi-salib\/\" \/>\n<meta property=\"og:locale\" content=\"az_AZ\" \/>\n<meta property=\"og:type\" content=\"article\" \/>\n<meta property=\"og:title\" content=\"Xaqani park\u0131nda restoran\u0131n a\u00e7\u0131lmas\u0131 sakinl\u0259ri naraz\u0131 sal\u0131b - MEYDAN.TV\" \/>\n<meta property=\"og:description\" content=\"Bak\u0131 \u015f\u0259h\u0259r Memarl\u0131q v\u0259 \u015e\u0259h\u0259rsalma Ba\u015f \u0130dar\u0259si \u0259razinin z\u0259bt oldundu\u011funu deyib.\" \/>\n<meta property=\"og:url\" content=\"https:\/\/www.meydan.tv\/az\/article\/xaqani-parkinda-restoranin-acilmasi-sakinleri-narazi-salib\/\" \/>\n<meta property=\"og:site_name\" content=\"MEYDAN.TV\" \/>\n<meta property=\"article:published_time\" content=\"2024-10-15T07:04:08+00:00\" \/>\n<meta property=\"article:modified_time\" content=\"2024-10-15T07:04:13+00:00\" \/>\n<meta property=\"og:image\" content=\"https:\/\/www.meydan.tv\/wp-content\/uploads\/xaqani_parki2.jpg\" \/>\n\t<meta property=\"og:image:width\" content=\"1280\" \/>\n\t<meta property=\"og:image:height\" content=\"673\" \/>\n\t<meta property=\"og:image:type\" content=\"image\/jpeg\" \/>\n<meta name=\"author\" content=\"elli\" \/>\n<meta name=\"twitter:card\" content=\"summary_large_image\" \/>\n<meta name=\"twitter:creator\" content=\"@elli\" \/>\n<script type=\"application\/ld+json\" class=\"yoast-schema-graph\">{\"@context\":\"https:\\\/\\\/schema.org\",\"@graph\":[{\"@type\":\"Article\",\"@id\":\"https:\\\/\\\/www.meydan.tv\\\/az\\\/article\\\/xaqani-parkinda-restoranin-acilmasi-sakinleri-narazi-salib\\\/#article\",\"isPartOf\":{\"@id\":\"https:\\\/\\\/www.meydan.tv\\\/az\\\/article\\\/xaqani-parkinda-restoranin-acilmasi-sakinleri-narazi-salib\\\/\"},\"author\":{\"name\":\"elli\",\"@id\":\"https:\\\/\\\/www.meydan.tv\\\/az\\\/#\\\/schema\\\/person\\\/9cdbecf90d17180ce1dfbd95b08dcf47\"},\"headline\":\"Xaqani park\u0131nda restoran\u0131n a\u00e7\u0131lmas\u0131 sakinl\u0259ri naraz\u0131 sal\u0131b\",\"datePublished\":\"2024-10-15T07:04:08+00:00\",\"dateModified\":\"2024-10-15T07:04:13+00:00\",\"mainEntityOfPage\":{\"@id\":\"https:\\\/\\\/www.meydan.tv\\\/az\\\/article\\\/xaqani-parkinda-restoranin-acilmasi-sakinleri-narazi-salib\\\/\"},\"wordCount\":445,\"publisher\":{\"@id\":\"https:\\\/\\\/www.meydan.tv\\\/az\\\/#organization\"},\"image\":{\"@id\":\"https:\\\/\\\/www.meydan.tv\\\/az\\\/article\\\/xaqani-parkinda-restoranin-acilmasi-sakinleri-narazi-salib\\\/#primaryimage\"},\"thumbnailUrl\":\"https:\\\/\\\/www.meydan.tv\\\/wp-content\\\/uploads\\\/xaqani_parki2.jpg\",\"articleSection\":[\"Sosial\",\"X\u0259b\u0259rl\u0259r\"],\"inLanguage\":\"az\"},{\"@type\":\"WebPage\",\"@id\":\"https:\\\/\\\/www.meydan.tv\\\/az\\\/article\\\/xaqani-parkinda-restoranin-acilmasi-sakinleri-narazi-salib\\\/\",\"url\":\"https:\\\/\\\/www.meydan.tv\\\/az\\\/article\\\/xaqani-parkinda-restoranin-acilmasi-sakinleri-narazi-salib\\\/\",\"name\":\"Xaqani park\u0131nda restoran\u0131n a\u00e7\u0131lmas\u0131 sakinl\u0259ri naraz\u0131 sal\u0131b - MEYDAN.TV\",\"isPartOf\":{\"@id\":\"https:\\\/\\\/www.meydan.tv\\\/az\\\/#website\"},\"primaryImageOfPage\":{\"@id\":\"https:\\\/\\\/www.meydan.tv\\\/az\\\/article\\\/xaqani-parkinda-restoranin-acilmasi-sakinleri-narazi-salib\\\/#primaryimage\"},\"image\":{\"@id\":\"https:\\\/\\\/www.meydan.tv\\\/az\\\/article\\\/xaqani-parkinda-restoranin-acilmasi-sakinleri-narazi-salib\\\/#primaryimage\"},\"thumbnailUrl\":\"https:\\\/\\\/www.meydan.tv\\\/wp-content\\\/uploads\\\/xaqani_parki2.jpg\",\"datePublished\":\"2024-10-15T07:04:08+00:00\",\"dateModified\":\"2024-10-15T07:04:13+00:00\",\"description\":\"Bak\u0131 \u015f\u0259h\u0259r Memarl\u0131q v\u0259 \u015e\u0259h\u0259rsalma Ba\u015f \u0130dar\u0259si \u0259razinin z\u0259bt oldundu\u011funu deyib.\",\"breadcrumb\":{\"@id\":\"https:\\\/\\\/www.meydan.tv\\\/az\\\/article\\\/xaqani-parkinda-restoranin-acilmasi-sakinleri-narazi-salib\\\/#breadcrumb\"},\"inLanguage\":\"az\",\"potentialAction\":[{\"@type\":\"ReadAction\",\"target\":[\"https:\\\/\\\/www.meydan.tv\\\/az\\\/article\\\/xaqani-parkinda-restoranin-acilmasi-sakinleri-narazi-salib\\\/\"]}]},{\"@type\":\"ImageObject\",\"inLanguage\":\"az\",\"@id\":\"https:\\\/\\\/www.meydan.tv\\\/az\\\/article\\\/xaqani-parkinda-restoranin-acilmasi-sakinleri-narazi-salib\\\/#primaryimage\",\"url\":\"https:\\\/\\\/www.meydan.tv\\\/wp-content\\\/uploads\\\/xaqani_parki2.jpg\",\"contentUrl\":\"https:\\\/\\\/www.meydan.tv\\\/wp-content\\\/uploads\\\/xaqani_parki2.jpg\",\"width\":1280,\"height\":673,\"caption\":\"Foto: Meydan TV\"},{\"@type\":\"BreadcrumbList\",\"@id\":\"https:\\\/\\\/www.meydan.tv\\\/az\\\/article\\\/xaqani-parkinda-restoranin-acilmasi-sakinleri-narazi-salib\\\/#breadcrumb\",\"itemListElement\":[{\"@type\":\"ListItem\",\"position\":1,\"name\":\"Ana s\u0259hif\u0259\",\"item\":\"https:\\\/\\\/www.meydan.tv\\\/az\\\/\"},{\"@type\":\"ListItem\",\"position\":2,\"name\":\"Sosial\",\"item\":\"https:\\\/\\\/www.meydan.tv\\\/az\\\/section\\\/sosial\\\/\"},{\"@type\":\"ListItem\",\"position\":3,\"name\":\"Xaqani park\u0131nda restoran\u0131n a\u00e7\u0131lmas\u0131 sakinl\u0259ri naraz\u0131 sal\u0131b\"}]},{\"@type\":\"WebSite\",\"@id\":\"https:\\\/\\\/www.meydan.tv\\\/az\\\/#website\",\"url\":\"https:\\\/\\\/www.meydan.tv\\\/az\\\/\",\"name\":\"MEYDAN.TV\",\"description\":\"Meydan TV Az\u0259rbaycan\u0131n media m\u0259kan\u0131ndak\u0131 alternativ s\u0259sidir\",\"publisher\":{\"@id\":\"https:\\\/\\\/www.meydan.tv\\\/az\\\/#organization\"},\"potentialAction\":[{\"@type\":\"SearchAction\",\"target\":{\"@type\":\"EntryPoint\",\"urlTemplate\":\"https:\\\/\\\/www.meydan.tv\\\/az\\\/?s={search_term_string}\"},\"query-input\":{\"@type\":\"PropertyValueSpecification\",\"valueRequired\":true,\"valueName\":\"search_term_string\"}}],\"inLanguage\":\"az\"},{\"@type\":\"Organization\",\"@id\":\"https:\\\/\\\/www.meydan.tv\\\/az\\\/#organization\",\"name\":\"Meydan TV\",\"url\":\"https:\\\/\\\/www.meydan.tv\\\/az\\\/\",\"logo\":{\"@type\":\"ImageObject\",\"inLanguage\":\"az\",\"@id\":\"https:\\\/\\\/www.meydan.tv\\\/az\\\/#\\\/schema\\\/logo\\\/image\\\/\",\"url\":\"https:\\\/\\\/www.meydan.tv\\\/wp-content\\\/uploads\\\/2021\\\/07\\\/meydan-logo.svg\",\"contentUrl\":\"https:\\\/\\\/www.meydan.tv\\\/wp-content\\\/uploads\\\/2021\\\/07\\\/meydan-logo.svg\",\"width\":195,\"height\":46,\"caption\":\"Meydan TV\"},\"image\":{\"@id\":\"https:\\\/\\\/www.meydan.tv\\\/az\\\/#\\\/schema\\\/logo\\\/image\\\/\"}},{\"@type\":\"Person\",\"@id\":\"https:\\\/\\\/www.meydan.tv\\\/az\\\/#\\\/schema\\\/person\\\/9cdbecf90d17180ce1dfbd95b08dcf47\",\"name\":\"elli\",\"sameAs\":[\"https:\\\/\\\/x.com\\\/elli\"]}]}<\/script>\n<!-- \/ Yoast SEO plugin. -->","yoast_head_json":{"title":"Xaqani park\u0131nda restoran\u0131n a\u00e7\u0131lmas\u0131 sakinl\u0259ri naraz\u0131 sal\u0131b - MEYDAN.TV","description":"Bak\u0131 \u015f\u0259h\u0259r Memarl\u0131q v\u0259 \u015e\u0259h\u0259rsalma Ba\u015f \u0130dar\u0259si \u0259razinin z\u0259bt oldundu\u011funu deyib.","robots":{"index":"index","follow":"follow","max-snippet":"max-snippet:-1","max-image-preview":"max-image-preview:large","max-video-preview":"max-video-preview:-1"},"canonical":"https:\/\/www.meydan.tv\/az\/article\/xaqani-parkinda-restoranin-acilmasi-sakinleri-narazi-salib\/","og_locale":"az_AZ","og_type":"article","og_title":"Xaqani park\u0131nda restoran\u0131n a\u00e7\u0131lmas\u0131 sakinl\u0259ri naraz\u0131 sal\u0131b - MEYDAN.TV","og_description":"Bak\u0131 \u015f\u0259h\u0259r Memarl\u0131q v\u0259 \u015e\u0259h\u0259rsalma Ba\u015f \u0130dar\u0259si \u0259razinin z\u0259bt oldundu\u011funu deyib.","og_url":"https:\/\/www.meydan.tv\/az\/article\/xaqani-parkinda-restoranin-acilmasi-sakinleri-narazi-salib\/","og_site_name":"MEYDAN.TV","article_published_time":"2024-10-15T07:04:08+00:00","article_modified_time":"2024-10-15T07:04:13+00:00","og_image":[{"width":1280,"height":673,"url":"https:\/\/www.meydan.tv\/wp-content\/uploads\/xaqani_parki2.jpg","type":"image\/jpeg"}],"author":"elli","twitter_card":"summary_large_image","twitter_creator":"@elli","schema":{"@context":"https:\/\/schema.org","@graph":[{"@type":"Article","@id":"https:\/\/www.meydan.tv\/az\/article\/xaqani-parkinda-restoranin-acilmasi-sakinleri-narazi-salib\/#article","isPartOf":{"@id":"https:\/\/www.meydan.tv\/az\/article\/xaqani-parkinda-restoranin-acilmasi-sakinleri-narazi-salib\/"},"author":{"name":"elli","@id":"https:\/\/www.meydan.tv\/az\/#\/schema\/person\/9cdbecf90d17180ce1dfbd95b08dcf47"},"headline":"Xaqani park\u0131nda restoran\u0131n a\u00e7\u0131lmas\u0131 sakinl\u0259ri naraz\u0131 sal\u0131b","datePublished":"2024-10-15T07:04:08+00:00","dateModified":"2024-10-15T07:04:13+00:00","mainEntityOfPage":{"@id":"https:\/\/www.meydan.tv\/az\/article\/xaqani-parkinda-restoranin-acilmasi-sakinleri-narazi-salib\/"},"wordCount":445,"publisher":{"@id":"https:\/\/www.meydan.tv\/az\/#organization"},"image":{"@id":"https:\/\/www.meydan.tv\/az\/article\/xaqani-parkinda-restoranin-acilmasi-sakinleri-narazi-salib\/#primaryimage"},"thumbnailUrl":"https:\/\/www.meydan.tv\/wp-content\/uploads\/xaqani_parki2.jpg","articleSection":["Sosial","X\u0259b\u0259rl\u0259r"],"inLanguage":"az"},{"@type":"WebPage","@id":"https:\/\/www.meydan.tv\/az\/article\/xaqani-parkinda-restoranin-acilmasi-sakinleri-narazi-salib\/","url":"https:\/\/www.meydan.tv\/az\/article\/xaqani-parkinda-restoranin-acilmasi-sakinleri-narazi-salib\/","name":"Xaqani park\u0131nda restoran\u0131n a\u00e7\u0131lmas\u0131 sakinl\u0259ri naraz\u0131 sal\u0131b - MEYDAN.TV","isPartOf":{"@id":"https:\/\/www.meydan.tv\/az\/#website"},"primaryImageOfPage":{"@id":"https:\/\/www.meydan.tv\/az\/article\/xaqani-parkinda-restoranin-acilmasi-sakinleri-narazi-salib\/#primaryimage"},"image":{"@id":"https:\/\/www.meydan.tv\/az\/article\/xaqani-parkinda-restoranin-acilmasi-sakinleri-narazi-salib\/#primaryimage"},"thumbnailUrl":"https:\/\/www.meydan.tv\/wp-content\/uploads\/xaqani_parki2.jpg","datePublished":"2024-10-15T07:04:08+00:00","dateModified":"2024-10-15T07:04:13+00:00","description":"Bak\u0131 \u015f\u0259h\u0259r Memarl\u0131q v\u0259 \u015e\u0259h\u0259rsalma Ba\u015f \u0130dar\u0259si \u0259razinin z\u0259bt oldundu\u011funu deyib.","breadcrumb":{"@id":"https:\/\/www.meydan.tv\/az\/article\/xaqani-parkinda-restoranin-acilmasi-sakinleri-narazi-salib\/#breadcrumb"},"inLanguage":"az","potentialAction":[{"@type":"ReadAction","target":["https:\/\/www.meydan.tv\/az\/article\/xaqani-parkinda-restoranin-acilmasi-sakinleri-narazi-salib\/"]}]},{"@type":"ImageObject","inLanguage":"az","@id":"https:\/\/www.meydan.tv\/az\/article\/xaqani-parkinda-restoranin-acilmasi-sakinleri-narazi-salib\/#primaryimage","url":"https:\/\/www.meydan.tv\/wp-content\/uploads\/xaqani_parki2.jpg","contentUrl":"https:\/\/www.meydan.tv\/wp-content\/uploads\/xaqani_parki2.jpg","width":1280,"height":673,"caption":"Foto: Meydan TV"},{"@type":"BreadcrumbList","@id":"https:\/\/www.meydan.tv\/az\/article\/xaqani-parkinda-restoranin-acilmasi-sakinleri-narazi-salib\/#breadcrumb","itemListElement":[{"@type":"ListItem","position":1,"name":"Ana s\u0259hif\u0259","item":"https:\/\/www.meydan.tv\/az\/"},{"@type":"ListItem","position":2,"name":"Sosial","item":"https:\/\/www.meydan.tv\/az\/section\/sosial\/"},{"@type":"ListItem","position":3,"name":"Xaqani park\u0131nda restoran\u0131n a\u00e7\u0131lmas\u0131 sakinl\u0259ri naraz\u0131 sal\u0131b"}]},{"@type":"WebSite","@id":"https:\/\/www.meydan.tv\/az\/#website","url":"https:\/\/www.meydan.tv\/az\/","name":"MEYDAN.TV","description":"Meydan TV Az\u0259rbaycan\u0131n media m\u0259kan\u0131ndak\u0131 alternativ s\u0259sidir","publisher":{"@id":"https:\/\/www.meydan.tv\/az\/#organization"},"potentialAction":[{"@type":"SearchAction","target":{"@type":"EntryPoint","urlTemplate":"https:\/\/www.meydan.tv\/az\/?s={search_term_string}"},"query-input":{"@type":"PropertyValueSpecification","valueRequired":true,"valueName":"search_term_string"}}],"inLanguage":"az"},{"@type":"Organization","@id":"https:\/\/www.meydan.tv\/az\/#organization","name":"Meydan TV","url":"https:\/\/www.meydan.tv\/az\/","logo":{"@type":"ImageObject","inLanguage":"az","@id":"https:\/\/www.meydan.tv\/az\/#\/schema\/logo\/image\/","url":"https:\/\/www.meydan.tv\/wp-content\/uploads\/2021\/07\/meydan-logo.svg","contentUrl":"https:\/\/www.meydan.tv\/wp-content\/uploads\/2021\/07\/meydan-logo.svg","width":195,"height":46,"caption":"Meydan TV"},"image":{"@id":"https:\/\/www.meydan.tv\/az\/#\/schema\/logo\/image\/"}},{"@type":"Person","@id":"https:\/\/www.meydan.tv\/az\/#\/schema\/person\/9cdbecf90d17180ce1dfbd95b08dcf47","name":"elli","sameAs":["https:\/\/x.com\/elli"]}]}},"_links":{"self":[{"href":"https:\/\/www.meydan.tv\/az\/wp-json\/wp\/v2\/posts\/317762","targetHints":{"allow":["GET"]}}],"collection":[{"href":"https:\/\/www.meydan.tv\/az\/wp-json\/wp\/v2\/posts"}],"about":[{"href":"https:\/\/www.meydan.tv\/az\/wp-json\/wp\/v2\/types\/post"}],"author":[{"embeddable":true,"href":"https:\/\/www.meydan.tv\/az\/wp-json\/wp\/v2\/users\/8"}],"replies":[{"embeddable":true,"href":"https:\/\/www.meydan.tv\/az\/wp-json\/wp\/v2\/comments?post=317762"}],"version-history":[{"count":1,"href":"https:\/\/www.meydan.tv\/az\/wp-json\/wp\/v2\/posts\/317762\/revisions"}],"predecessor-version":[{"id":317763,"href":"https:\/\/www.meydan.tv\/az\/wp-json\/wp\/v2\/posts\/317762\/revisions\/317763"}],"wp:featuredmedia":[{"embeddable":true,"href":"https:\/\/www.meydan.tv\/az\/wp-json\/wp\/v2\/media\/317756"}],"wp:attachment":[{"href":"https:\/\/www.meydan.tv\/az\/wp-json\/wp\/v2\/media?parent=317762"}],"wp:term":[{"taxonomy":"category","embeddable":true,"href":"https:\/\/www.meydan.tv\/az\/wp-json\/wp\/v2\/categories?post=317762"},{"taxonomy":"post_tag","embeddable":true,"href":"https:\/\/www.meydan.tv\/az\/wp-json\/wp\/v2\/tags?post=317762"}],"curies":[{"name":"wp","href":"https:\/\/api.w.org\/{rel}","templated":true}]}}