{"id":317724,"date":"2024-10-14T18:04:04","date_gmt":"2024-10-14T14:04:04","guid":{"rendered":"https:\/\/www.meydan.tv\/?p=317724"},"modified":"2024-10-14T18:04:07","modified_gmt":"2024-10-14T14:04:07","slug":"ilham-eliyev-ermenistan-terefi-brussel-prosesini-davam-etdirmemek-qerarina-geldi","status":"publish","type":"post","link":"https:\/\/www.meydan.tv\/az\/article\/ilham-eliyev-ermenistan-terefi-brussel-prosesini-davam-etdirmemek-qerarina-geldi\/","title":{"rendered":"\u0130lham \u018fliyev: &#8220;Erm\u0259nistan t\u0259r\u0259fi Br\u00fcssel prosesini davam etdirm\u0259m\u0259k q\u0259rar\u0131na g\u0259ldi&#8221;"},"content":{"rendered":"\n<p><\/p>\n\n\n\n<p><strong><em>&#8220;S\u0259brli, realist v\u0259 son n\u0259tic\u0259d\u0259 C\u0259nubi Qafqazda s\u00fclh\u0259 nail olunmas\u0131na sadiq olmaq laz\u0131md\u0131r&#8221;<\/em><\/strong><\/p>\n\n\n\n<p>Az\u0259rbaycan\u0131n d\u00f6vl\u0259t ba\u015f\u00e7\u0131s\u0131 \u0130lham \u018fliyev hesab edir ki, Erm\u0259nistanla s\u00fclh m\u00fcqavil\u0259sinin b\u00fct\u00fcn b\u0259ndl\u0259ri eyni d\u0259y\u0259r\u0259 malikdir, birini dig\u0259rind\u0259n ay\u0131rmaq olmaz.<\/p>\n\n\n\n<p>Bu a\u00e7\u0131qlaman\u0131 Az\u0259rbaycan\u0131n Prezidenti \u0130lham \u018fliyev oktyabr\u0131n 14-d\u0259 Bel\u00e7ika Krall\u0131\u011f\u0131n\u0131n yeni s\u0259firi Julyen de Freponun etimadnam\u0259sini q\u0259bul ed\u0259rk\u0259n s\u0259sl\u0259ndirib.<\/p>\n\n\n\n<p><em>&#8220;Ona g\u00f6r\u0259 d\u0259 Erm\u0259nistan h\u00f6kum\u0259tinin \u201cbu vaxtad\u0259k n\u0259 bar\u0259d\u0259 raz\u0131la\u015fd\u0131r\u0131l\u0131bsa, ona imza at\u0131ls\u0131n, raz\u0131la\u015fd\u0131r\u0131lmam\u0131\u015f m\u00fcdd\u0259alar n\u00f6vb\u0259ti m\u0259rh\u0259l\u0259l\u0259r\u0259 saxlan\u0131ls\u0131n\u201d t\u0259klifi q\u0259rib\u0259, tamamil\u0259 reall\u0131qdan k\u0259nard\u0131r v\u0259 bu c\u00fcr yana\u015fma presedenti m\u0259n\u0259 m\u0259lum deyil&#8221;, &#8211;<\/em> \u018fliyev bel\u0259 deyib.<\/p>\n\n\n\n<p>\u018fliyevin s\u00f6zl\u0259rin\u0259 g\u00f6r\u0259, Br\u00fcssel Erm\u0259nistanla Az\u0259rbaycan aras\u0131nda Avropa \u0130ttifaq\u0131 \u015euras\u0131n\u0131n Prezidenti \u015earl Mi\u015felin d\u0259st\u0259yi il\u0259 dan\u0131\u015f\u0131qlar\u0131n u\u011furla ke\u00e7irildiyi bir m\u0259kan idi v\u0259 h\u0259qiq\u0259t\u0259n, orada m\u00fch\u00fcm ir\u0259lil\u0259yi\u015f\u0259 nail olunmu\u015fdu:<\/p>\n\n\n\n<p>&#8220;<em>Lakin \u0259fsuslar olsun ki, Erm\u0259nistan t\u0259r\u0259fi Br\u00fcssel prosesi adlanan bu prosesi davam etdirm\u0259m\u0259k q\u0259rar\u0131na g\u0259ldi. Ancaq h\u0259r bir halda bu, \u00e7ox yax\u015f\u0131 n\u0259tic\u0259 v\u0259 t\u0259cr\u00fcb\u0259 ver\u0259n m\u00fcsb\u0259t proses idi&#8221;.<\/em><\/p>\n\n\n\n<p><em>&#8220;Torpaqlar\u0131m\u0131z\u0131n i\u015f\u011fal\u0131 d\u00f6vr\u00fcnd\u0259 d\u0131rnaqaras\u0131 \u201cMadrid prosesi prinsipl\u0259ri\u201d m\u00f6vcud idi v\u0259 bunun qar\u015f\u0131l\u0131ql\u0131 raz\u0131la\u015fd\u0131r\u0131lm\u0131\u015f \u0259sas m\u00fcdd\u0259alar\u0131ndan biri d\u0259 o idi ki, b\u00fct\u00fcn m\u0259s\u0259l\u0259l\u0259r raz\u0131la\u015fd\u0131r\u0131lmadan he\u00e7 n\u0259 raz\u0131la\u015fd\u0131r\u0131la bilm\u0259z. Bu, o zamank\u0131 AT\u018fT-in Minsk qrupu h\u0259ms\u0259drl\u0259rinin, Erm\u0259nistan\u0131n v\u0259 Az\u0259rbaycan\u0131n m\u00f6vqeyi idi v\u0259 biz bu m\u00f6vqed\u0259 qal\u0131r\u0131q. \u018ffsuslar olsun ki, ke\u00e7mi\u015f Minsk Qrupunun b\u0259zi \u00fczvl\u0259ri bununla ba\u011fl\u0131 \u00f6z m\u00f6vqel\u0259rini d\u0259yi\u015fdirdil\u0259r v\u0259 Erm\u0259nistan\u0131n indiki qeyri-real t\u0259klifini d\u0259st\u0259kl\u0259yirl\u0259r. Bir \u00e7ox hallarda Erm\u0259nistan bu t\u0259klifl\u0259ri ir\u0259li s\u00fcrm\u0259kl\u0259 guya s\u00fclh ist\u0259yind\u0259 olduqlar\u0131n\u0131 n\u00fcmayi\u015f etdirir. Lakin onlar \u0259vv\u0259lc\u0259d\u0259n bilirl\u0259r ki, bu t\u0259klifl\u0259r q\u0259bul oluna bilm\u0259z. B\u00fct\u00fcn bunlara baxmayaraq, proses davam edir. Torpaqlar i\u015f\u011fal alt\u0131nda olanda &#8211; 1992-ci ild\u0259n 2020-ci il\u0259d\u0259k 28 il vaxt ke\u00e7irdik v\u0259 n\u0259tic\u0259 s\u0131fra b\u0259rab\u0259r oldu. \u0130ndi is\u0259 dan\u0131\u015f\u0131qlara iki ildir ki, ba\u015flan\u0131l\u0131b. Ona g\u00f6r\u0259 s\u0259brli, realist v\u0259 son n\u0259tic\u0259d\u0259 C\u0259nubi Qafqazda s\u00fclh\u0259 nail olunmas\u0131na sadiq olmaq laz\u0131md\u0131r&#8221;,<\/em> &#8211; dey\u0259 \u018fliyev \u0259lav\u0259 edib.<\/p>\n\n\n\n<p>\u00d6lk\u0259 ba\u015f\u00e7\u0131s\u0131 qeyd edib ki, Avropa \u0130ttifaq\u0131 \u0259vv\u0259ll\u0259r oldu\u011fu kimi Erm\u0259nistan-Az\u0259rbaycan s\u00fclh m\u0259s\u0259l\u0259sind\u0259 neytrall\u0131q saxlamal\u0131d\u0131r:<\/p>\n\n\n\n<p><em>&#8220;Bel\u0259 ki, Avropa \u0130ttifaq\u0131 torpaqlar\u0131m\u0131z\u0131n i\u015f\u011fal\u0131 d\u00f6vr\u00fcnd\u0259 bu m\u0259s\u0259l\u0259d\u0259 he\u00e7 vaxt f\u0259al olmay\u0131b. Bizim bununla ba\u011fl\u0131 o d\u00f6vrd\u0259 Avropa \u0130ttifaq\u0131na v\u0259 Avropa institutlar\u0131na xeyli sayda m\u00fcraci\u0259tl\u0259rimiz bel\u0259 cavabland\u0131r\u0131l\u0131rd\u0131 ki, bu m\u0259s\u0259l\u0259 il\u0259 Minsk Qrupu m\u0259\u015f\u011ful olur, Avropa \u0130ttifaq\u0131n\u0131n bu m\u0259s\u0259l\u0259y\u0259 aidiyy\u0259ti yoxdur. Haz\u0131rda is\u0259 Avropa \u0130ttifaq\u0131n\u0131n bu m\u0259s\u0259l\u0259y\u0259 f\u0259al c\u0259lb olundu\u011fu g\u00f6r\u00fcn\u00fcr. Lakin \u0259fsuslar olsun ki, Br\u00fcsseld\u0259, Avropa \u0130ttifaq\u0131n\u0131n m\u0259nzil-q\u0259rargah\u0131nda b\u0259zil\u0259ri t\u0259r\u0259fke\u015flik edirl\u0259r. Bu, qeyri-m\u0259hsuldar bir m\u00f6vqedir, yaln\u0131z etimads\u0131zl\u0131q yarad\u0131r v\u0259 Avropa \u0130ttifaq\u0131n\u0131 normalla\u015fma prosesind\u0259n t\u0259crid edir. \u018fg\u0259r m\u00fcmk\u00fcnd\u00fcrs\u0259, m\u0259n bel\u0259 bir t\u00f6vsiy\u0259 ed\u0259rdim ki, Avropa \u0130ttifaq\u0131 v\u0259 Az\u0259rbaycan \u0259m\u0259kda\u015fl\u0131\u011f\u0131n\u0131n davam etdirilm\u0259si namin\u0259 Fransan\u0131n yolu il\u0259 gedilm\u0259sin, \u00f6zl\u0259rini Fransan\u0131n t\u0259sirin\u0259 salmas\u0131nlar. \u00c7\u00fcnki Fransan\u0131n Erm\u0259nistan-Az\u0259rbaycan m\u00fcnasib\u0259tl\u0259rinin normalla\u015fd\u0131r\u0131lmas\u0131 il\u0259 ba\u011fl\u0131 siyas\u0259ti destruktiv siyas\u0259t olub v\u0259 tamamil\u0259 bu c\u00fcr d\u0259 qalmaqdad\u0131r&#8221;<\/em>.<\/p>\n\n\n\n<p>\u0130lham \u018fliyev Erm\u0259nistandak\u0131 Avropa m\u00fc\u015fahid\u0259 missiyas\u0131n\u0131n vaxt\u0131n\u0131n uzad\u0131lmas\u0131ndan naraz\u0131l\u0131\u011f\u0131n\u0131 ifad\u0259 edib:<\/p>\n\n\n\n<p><em>&#8220;Az\u0259rbaycan-Avropa \u0130ttifaq\u0131 m\u00fcnasib\u0259tl\u0259rind\u0259 etimads\u0131zl\u0131q yaradan m\u0259s\u0259l\u0259l\u0259rd\u0259n biri d\u0259 s\u0259rh\u0259dd\u0259 d\u0131rnaqaras\u0131 \u201cAvropa m\u00fc\u015fahid\u0259\u00e7il\u0259r missiyas\u0131n\u0131n\u201d m\u00fcdd\u0259tinin Bak\u0131n\u0131n raz\u0131l\u0131\u011f\u0131 olmadan, h\u0259tta m\u0259sl\u0259h\u0259tl\u0259\u015fm\u0259d\u0259n uzad\u0131lmas\u0131d\u0131r. Buna n\u0259 ehtiyac var idi?! 2022-ci ilin oktyabr\u0131nda Praqada Az\u0259rbaycan ona raz\u0131l\u0131q vermi\u015fdi ki, bu missiya 2 ay orada qals\u0131n v\u0259 istefaya \u00e7\u0131xm\u0131\u015f m\u0259hdud sayda h\u0259rbi zabitl\u0259rd\u0259n ibar\u0259t olsun. Lakin bu missiyan\u0131n m\u00fcdd\u0259ti uzad\u0131ld\u0131qda biziml\u0259 he\u00e7 kim m\u0259sl\u0259h\u0259tl\u0259\u015fm\u0259di. \u0130ndi d\u0259 \u0259lav\u0259 m\u00fcdd\u0259t\u0259 uzad\u0131lmas\u0131 istiqam\u0259tind\u0259 m\u00fczakir\u0259l\u0259r apar\u0131l\u0131r. Missiya \u00fczvl\u0259rinin davran\u0131\u015f\u0131, nec\u0259 dey\u0259rl\u0259r, \u201cbinokl diplomatiyas\u0131\u201d\u00a0 q\u0259buledilm\u0259z v\u0259 h\u0259r hans\u0131 bir normal siyasi m\u0259d\u0259niyy\u0259t standartlar\u0131ndan k\u0259nar idi. Biz Avropa \u0130ttifaq\u0131 il\u0259 t\u0259maslarda bu m\u0259s\u0259l\u0259ni qald\u0131raca\u011f\u0131q&#8221;.<\/em><\/p>\n\n\n\n<p>Prezident h\u0259m\u00e7inin Az\u0259rbaycan-Avropa \u0130ttifaq\u0131 \u0259m\u0259kda\u015fl\u0131\u011f\u0131n\u0131n geni\u015f g\u00fcnd\u0259liy\u0259 malik oldu\u011funa toxunub:<\/p>\n\n\n\n<p>&#8220;<em>Bu, enerji, n\u0259qliyyat, ya\u015f\u0131l enerji, ticar\u0259t sah\u0259l\u0259rini \u0259hat\u0259 edir. Avropa \u0130ttifaq\u0131 Az\u0259rbaycan\u0131n \u0259sas ticar\u0259t t\u0259r\u0259fda\u015f\u0131d\u0131r. Bel\u0259likl\u0259, Erm\u0259nistan-Az\u0259rbaycan m\u00fcnasib\u0259tl\u0259ri il\u0259 ba\u011fl\u0131 Az\u0259rbaycan-A\u0130 \u0259m\u0259kda\u015fl\u0131\u011f\u0131nda geril\u0259m\u0259 olarsa, bu, t\u0259\u0259ss\u00fcf hissi do\u011furar. \u00dcmid edir\u0259m, \u00f6lk\u0259l\u0259rimiz aras\u0131nda ikit\u0259r\u0259fli m\u00fcnasib\u0259tl\u0259r Erm\u0259nistan-Az\u0259rbaycan g\u00fcnd\u0259liyind\u0259n as\u0131l\u0131 olmayaraq inki\u015faf ed\u0259c\u0259k&#8221;.<\/em><\/p>\n\n\n\n<p>R\u0259smi m\u0259lumata g\u00f6r\u0259, S\u0259fir Julyen de Frepo \u00f6z t\u0259r\u0259find\u0259n \u0259laq\u0259l\u0259rin inki\u015faf\u0131 \u00fc\u00e7\u00fcn s\u0259yl\u0259rini \u0259sirg\u0259m\u0259y\u0259c\u0259yini deyib.<\/p>\n\n\n\n<p>O, \u00f6lk\u0259l\u0259r aras\u0131nda \u0259m\u0259kda\u015fl\u0131\u011f\u0131n m\u00fcxt\u0259lif sah\u0259l\u0259rd\u0259 geni\u015fl\u0259ndirilm\u0259si \u00fc\u00e7\u00fcn b\u00f6y\u00fck imkanlar\u0131n oldu\u011funu da vur\u011fulay\u0131b.<\/p>\n\n\n\n<p>Regional sabitliyin Bel\u00e7ika \u00fc\u00e7\u00fcn d\u0259 b\u00f6y\u00fck \u00f6n\u0259m da\u015f\u0131d\u0131\u011f\u0131n\u0131 dey\u0259n diplomat Az\u0259rbaycan\u0131n Ukraynaya g\u00f6st\u0259rdiyi humanitar yard\u0131m\u0131n \u00f6lk\u0259si t\u0259r\u0259find\u0259n y\u00fcks\u0259k qiym\u0259tl\u0259ndirildiyini bildirib.<\/p>\n\n\n\n<p>Onun s\u00f6zl\u0259rin\u0259 g\u00f6r\u0259, Bel\u00e7ika Erm\u0259nistan-Az\u0259rbaycan m\u00fcnasib\u0259tl\u0259ri il\u0259 d\u0259 ba\u011fl\u0131 regional sabitlikd\u0259 maraql\u0131 \u00f6lk\u0259dir.<\/p>\n\n\n\n<p>Erm\u0259nistan-Az\u0259rbaycan m\u00fcnasib\u0259tl\u0259rinin normalla\u015fd\u0131r\u0131lmas\u0131 \u00fczr\u0259 son d\u00f6vrl\u0259rd\u0259ki ir\u0259lil\u0259yi\u015fi qeyd ed\u0259n s\u0259fir bu istiqam\u0259td\u0259 at\u0131lan add\u0131mlar\u0131 Bel\u00e7ikan\u0131n t\u0259\u015fviq etdiyini s\u00f6yl\u0259yib.<\/p>\n\n\n\n<p>O, eyni zamanda, mina \u00e7a\u011f\u0131r\u0131\u015flar\u0131 m\u0259s\u0259l\u0259sind\u0259 d\u0259 Bel\u00e7ikan\u0131n Az\u0259rbaycana, h\u0259m\u00e7inin ANAMA-n\u0131n f\u0259aliyy\u0259tin\u0259 bundan sonra da d\u0259st\u0259k g\u00f6st\u0259r\u0259c\u0259yini <a href=\"https:\/\/president.az\/az\/articles\/view\/67077\">vur\u011fulay\u0131b<\/a>.<\/p>\n\n\n\n<p>Az\u0259rbaycan\u0131n Prezidentinin s\u00f6yl\u0259dikl\u0259ri il\u0259 ba\u011fl\u0131 Erm\u0259nistan h\u00f6kum\u0259tind\u0259n h\u0259l\u0259 ki reaksiya yoxdur.<\/p>\n","protected":false},"excerpt":{"rendered":"<p>&#8220;S\u0259brli, realist v\u0259 son n\u0259tic\u0259d\u0259 C\u0259nubi Qafqazda s\u00fclh\u0259 nail olunmas\u0131na &#8230; <\/p>\n<p class=\"read-more-container\"><a title=\"\u0130lham \u018fliyev: &#8220;Erm\u0259nistan t\u0259r\u0259fi Br\u00fcssel prosesini davam etdirm\u0259m\u0259k q\u0259rar\u0131na g\u0259ldi&#8221;\" class=\"read-more button\" href=\"https:\/\/www.meydan.tv\/az\/article\/ilham-eliyev-ermenistan-terefi-brussel-prosesini-davam-etdirmemek-qerarina-geldi\/#more-317724\" aria-label=\"Read more about \u0130lham \u018fliyev: &#8220;Erm\u0259nistan t\u0259r\u0259fi Br\u00fcssel prosesini davam etdirm\u0259m\u0259k q\u0259rar\u0131na g\u0259ldi&#8221;\">Davam\u0131<\/a><\/p>\n","protected":false},"author":8,"featured_media":317721,"comment_status":"closed","ping_status":"closed","sticky":false,"template":"","format":"standard","meta":{"_acf_changed":false,"_sitemap_exclude":false,"_sitemap_priority":"","_sitemap_frequency":"","footnotes":""},"categories":[59,79,56],"tags":[],"class_list":["post-317724","post","type-post","status-publish","format-standard","has-post-thumbnail","hentry","category-siyaset","category-featured","category-xeberler","infinite-scroll-item","generate-columns","tablet-grid-50","mobile-grid-100","grid-parent","grid-33","no-featured-image-padding"],"acf":[],"yoast_head":"<!-- This site is optimized with the Yoast SEO plugin v27.4 - https:\/\/yoast.com\/product\/yoast-seo-wordpress\/ -->\n<title>\u0130lham \u018fliyev: &quot;Erm\u0259nistan t\u0259r\u0259fi Br\u00fcssel prosesini davam etdirm\u0259m\u0259k q\u0259rar\u0131na g\u0259ldi&quot; - MEYDAN.TV<\/title>\n<meta name=\"description\" content=\"Regional sabitliyin Bel\u00e7ika \u00fc\u00e7\u00fcn d\u0259 b\u00f6y\u00fck \u00f6n\u0259m da\u015f\u0131d\u0131\u011f\u0131n\u0131 dey\u0259n diplomat Az\u0259rbaycan\u0131n Ukraynaya g\u00f6st\u0259rdiyi humanitar yard\u0131m\u0131n \u00f6lk\u0259si t\u0259r\u0259find\u0259n y\u00fcks\u0259k qiym\u0259tl\u0259ndirildiyini bildirib.\" \/>\n<meta name=\"robots\" content=\"index, follow, max-snippet:-1, max-image-preview:large, max-video-preview:-1\" \/>\n<link rel=\"canonical\" href=\"https:\/\/www.meydan.tv\/az\/article\/ilham-eliyev-ermenistan-terefi-brussel-prosesini-davam-etdirmemek-qerarina-geldi\/\" \/>\n<meta property=\"og:locale\" content=\"az_AZ\" \/>\n<meta property=\"og:type\" content=\"article\" \/>\n<meta property=\"og:title\" content=\"\u0130lham \u018fliyev: &quot;Erm\u0259nistan t\u0259r\u0259fi Br\u00fcssel prosesini davam etdirm\u0259m\u0259k q\u0259rar\u0131na g\u0259ldi&quot; - MEYDAN.TV\" \/>\n<meta property=\"og:description\" content=\"Regional sabitliyin Bel\u00e7ika \u00fc\u00e7\u00fcn d\u0259 b\u00f6y\u00fck \u00f6n\u0259m da\u015f\u0131d\u0131\u011f\u0131n\u0131 dey\u0259n diplomat Az\u0259rbaycan\u0131n Ukraynaya g\u00f6st\u0259rdiyi humanitar yard\u0131m\u0131n \u00f6lk\u0259si t\u0259r\u0259find\u0259n y\u00fcks\u0259k qiym\u0259tl\u0259ndirildiyini bildirib.\" \/>\n<meta property=\"og:url\" content=\"https:\/\/www.meydan.tv\/az\/article\/ilham-eliyev-ermenistan-terefi-brussel-prosesini-davam-etdirmemek-qerarina-geldi\/\" \/>\n<meta property=\"og:site_name\" content=\"MEYDAN.TV\" \/>\n<meta property=\"article:published_time\" content=\"2024-10-14T14:04:04+00:00\" \/>\n<meta property=\"article:modified_time\" content=\"2024-10-14T14:04:07+00:00\" \/>\n<meta property=\"og:image\" content=\"https:\/\/www.meydan.tv\/wp-content\/uploads\/1728893326_581f51ec20f96e7b7309877674f05c3c.jpg\" \/>\n\t<meta property=\"og:image:width\" content=\"1200\" \/>\n\t<meta property=\"og:image:height\" content=\"771\" \/>\n\t<meta property=\"og:image:type\" content=\"image\/jpeg\" \/>\n<meta name=\"author\" content=\"elli\" \/>\n<meta name=\"twitter:card\" content=\"summary_large_image\" \/>\n<meta name=\"twitter:creator\" content=\"@elli\" \/>\n<script type=\"application\/ld+json\" class=\"yoast-schema-graph\">{\"@context\":\"https:\\\/\\\/schema.org\",\"@graph\":[{\"@type\":\"Article\",\"@id\":\"https:\\\/\\\/www.meydan.tv\\\/az\\\/article\\\/ilham-eliyev-ermenistan-terefi-brussel-prosesini-davam-etdirmemek-qerarina-geldi\\\/#article\",\"isPartOf\":{\"@id\":\"https:\\\/\\\/www.meydan.tv\\\/az\\\/article\\\/ilham-eliyev-ermenistan-terefi-brussel-prosesini-davam-etdirmemek-qerarina-geldi\\\/\"},\"author\":{\"name\":\"elli\",\"@id\":\"https:\\\/\\\/www.meydan.tv\\\/az\\\/#\\\/schema\\\/person\\\/9cdbecf90d17180ce1dfbd95b08dcf47\"},\"headline\":\"\u0130lham \u018fliyev: &#8220;Erm\u0259nistan t\u0259r\u0259fi Br\u00fcssel prosesini davam etdirm\u0259m\u0259k q\u0259rar\u0131na g\u0259ldi&#8221;\",\"datePublished\":\"2024-10-14T14:04:04+00:00\",\"dateModified\":\"2024-10-14T14:04:07+00:00\",\"mainEntityOfPage\":{\"@id\":\"https:\\\/\\\/www.meydan.tv\\\/az\\\/article\\\/ilham-eliyev-ermenistan-terefi-brussel-prosesini-davam-etdirmemek-qerarina-geldi\\\/\"},\"wordCount\":1293,\"publisher\":{\"@id\":\"https:\\\/\\\/www.meydan.tv\\\/az\\\/#organization\"},\"image\":{\"@id\":\"https:\\\/\\\/www.meydan.tv\\\/az\\\/article\\\/ilham-eliyev-ermenistan-terefi-brussel-prosesini-davam-etdirmemek-qerarina-geldi\\\/#primaryimage\"},\"thumbnailUrl\":\"https:\\\/\\\/www.meydan.tv\\\/wp-content\\\/uploads\\\/1728893326_581f51ec20f96e7b7309877674f05c3c.jpg\",\"articleSection\":[\"Siyas\u0259t\",\"T\u00f6vsiy\u0259\",\"X\u0259b\u0259rl\u0259r\"],\"inLanguage\":\"az\"},{\"@type\":\"WebPage\",\"@id\":\"https:\\\/\\\/www.meydan.tv\\\/az\\\/article\\\/ilham-eliyev-ermenistan-terefi-brussel-prosesini-davam-etdirmemek-qerarina-geldi\\\/\",\"url\":\"https:\\\/\\\/www.meydan.tv\\\/az\\\/article\\\/ilham-eliyev-ermenistan-terefi-brussel-prosesini-davam-etdirmemek-qerarina-geldi\\\/\",\"name\":\"\u0130lham \u018fliyev: \\\"Erm\u0259nistan t\u0259r\u0259fi Br\u00fcssel prosesini davam etdirm\u0259m\u0259k q\u0259rar\u0131na g\u0259ldi\\\" - MEYDAN.TV\",\"isPartOf\":{\"@id\":\"https:\\\/\\\/www.meydan.tv\\\/az\\\/#website\"},\"primaryImageOfPage\":{\"@id\":\"https:\\\/\\\/www.meydan.tv\\\/az\\\/article\\\/ilham-eliyev-ermenistan-terefi-brussel-prosesini-davam-etdirmemek-qerarina-geldi\\\/#primaryimage\"},\"image\":{\"@id\":\"https:\\\/\\\/www.meydan.tv\\\/az\\\/article\\\/ilham-eliyev-ermenistan-terefi-brussel-prosesini-davam-etdirmemek-qerarina-geldi\\\/#primaryimage\"},\"thumbnailUrl\":\"https:\\\/\\\/www.meydan.tv\\\/wp-content\\\/uploads\\\/1728893326_581f51ec20f96e7b7309877674f05c3c.jpg\",\"datePublished\":\"2024-10-14T14:04:04+00:00\",\"dateModified\":\"2024-10-14T14:04:07+00:00\",\"description\":\"Regional sabitliyin Bel\u00e7ika \u00fc\u00e7\u00fcn d\u0259 b\u00f6y\u00fck \u00f6n\u0259m da\u015f\u0131d\u0131\u011f\u0131n\u0131 dey\u0259n diplomat Az\u0259rbaycan\u0131n Ukraynaya g\u00f6st\u0259rdiyi humanitar yard\u0131m\u0131n \u00f6lk\u0259si t\u0259r\u0259find\u0259n y\u00fcks\u0259k qiym\u0259tl\u0259ndirildiyini bildirib.\",\"breadcrumb\":{\"@id\":\"https:\\\/\\\/www.meydan.tv\\\/az\\\/article\\\/ilham-eliyev-ermenistan-terefi-brussel-prosesini-davam-etdirmemek-qerarina-geldi\\\/#breadcrumb\"},\"inLanguage\":\"az\",\"potentialAction\":[{\"@type\":\"ReadAction\",\"target\":[\"https:\\\/\\\/www.meydan.tv\\\/az\\\/article\\\/ilham-eliyev-ermenistan-terefi-brussel-prosesini-davam-etdirmemek-qerarina-geldi\\\/\"]}]},{\"@type\":\"ImageObject\",\"inLanguage\":\"az\",\"@id\":\"https:\\\/\\\/www.meydan.tv\\\/az\\\/article\\\/ilham-eliyev-ermenistan-terefi-brussel-prosesini-davam-etdirmemek-qerarina-geldi\\\/#primaryimage\",\"url\":\"https:\\\/\\\/www.meydan.tv\\\/wp-content\\\/uploads\\\/1728893326_581f51ec20f96e7b7309877674f05c3c.jpg\",\"contentUrl\":\"https:\\\/\\\/www.meydan.tv\\\/wp-content\\\/uploads\\\/1728893326_581f51ec20f96e7b7309877674f05c3c.jpg\",\"width\":1200,\"height\":771,\"caption\":\"Foto: President.az\"},{\"@type\":\"BreadcrumbList\",\"@id\":\"https:\\\/\\\/www.meydan.tv\\\/az\\\/article\\\/ilham-eliyev-ermenistan-terefi-brussel-prosesini-davam-etdirmemek-qerarina-geldi\\\/#breadcrumb\",\"itemListElement\":[{\"@type\":\"ListItem\",\"position\":1,\"name\":\"Ana s\u0259hif\u0259\",\"item\":\"https:\\\/\\\/www.meydan.tv\\\/az\\\/\"},{\"@type\":\"ListItem\",\"position\":2,\"name\":\"Siyas\u0259t\",\"item\":\"https:\\\/\\\/www.meydan.tv\\\/az\\\/section\\\/siyaset\\\/\"},{\"@type\":\"ListItem\",\"position\":3,\"name\":\"\u0130lham \u018fliyev: &#8220;Erm\u0259nistan t\u0259r\u0259fi Br\u00fcssel prosesini davam etdirm\u0259m\u0259k q\u0259rar\u0131na g\u0259ldi&#8221;\"}]},{\"@type\":\"WebSite\",\"@id\":\"https:\\\/\\\/www.meydan.tv\\\/az\\\/#website\",\"url\":\"https:\\\/\\\/www.meydan.tv\\\/az\\\/\",\"name\":\"MEYDAN.TV\",\"description\":\"Meydan TV Az\u0259rbaycan\u0131n media m\u0259kan\u0131ndak\u0131 alternativ s\u0259sidir\",\"publisher\":{\"@id\":\"https:\\\/\\\/www.meydan.tv\\\/az\\\/#organization\"},\"potentialAction\":[{\"@type\":\"SearchAction\",\"target\":{\"@type\":\"EntryPoint\",\"urlTemplate\":\"https:\\\/\\\/www.meydan.tv\\\/az\\\/?s={search_term_string}\"},\"query-input\":{\"@type\":\"PropertyValueSpecification\",\"valueRequired\":true,\"valueName\":\"search_term_string\"}}],\"inLanguage\":\"az\"},{\"@type\":\"Organization\",\"@id\":\"https:\\\/\\\/www.meydan.tv\\\/az\\\/#organization\",\"name\":\"Meydan TV\",\"url\":\"https:\\\/\\\/www.meydan.tv\\\/az\\\/\",\"logo\":{\"@type\":\"ImageObject\",\"inLanguage\":\"az\",\"@id\":\"https:\\\/\\\/www.meydan.tv\\\/az\\\/#\\\/schema\\\/logo\\\/image\\\/\",\"url\":\"https:\\\/\\\/www.meydan.tv\\\/wp-content\\\/uploads\\\/2021\\\/07\\\/meydan-logo.svg\",\"contentUrl\":\"https:\\\/\\\/www.meydan.tv\\\/wp-content\\\/uploads\\\/2021\\\/07\\\/meydan-logo.svg\",\"width\":195,\"height\":46,\"caption\":\"Meydan TV\"},\"image\":{\"@id\":\"https:\\\/\\\/www.meydan.tv\\\/az\\\/#\\\/schema\\\/logo\\\/image\\\/\"}},{\"@type\":\"Person\",\"@id\":\"https:\\\/\\\/www.meydan.tv\\\/az\\\/#\\\/schema\\\/person\\\/9cdbecf90d17180ce1dfbd95b08dcf47\",\"name\":\"elli\",\"sameAs\":[\"https:\\\/\\\/x.com\\\/elli\"]}]}<\/script>\n<!-- \/ Yoast SEO plugin. -->","yoast_head_json":{"title":"\u0130lham \u018fliyev: \"Erm\u0259nistan t\u0259r\u0259fi Br\u00fcssel prosesini davam etdirm\u0259m\u0259k q\u0259rar\u0131na g\u0259ldi\" - MEYDAN.TV","description":"Regional sabitliyin Bel\u00e7ika \u00fc\u00e7\u00fcn d\u0259 b\u00f6y\u00fck \u00f6n\u0259m da\u015f\u0131d\u0131\u011f\u0131n\u0131 dey\u0259n diplomat Az\u0259rbaycan\u0131n Ukraynaya g\u00f6st\u0259rdiyi humanitar yard\u0131m\u0131n \u00f6lk\u0259si t\u0259r\u0259find\u0259n y\u00fcks\u0259k qiym\u0259tl\u0259ndirildiyini bildirib.","robots":{"index":"index","follow":"follow","max-snippet":"max-snippet:-1","max-image-preview":"max-image-preview:large","max-video-preview":"max-video-preview:-1"},"canonical":"https:\/\/www.meydan.tv\/az\/article\/ilham-eliyev-ermenistan-terefi-brussel-prosesini-davam-etdirmemek-qerarina-geldi\/","og_locale":"az_AZ","og_type":"article","og_title":"\u0130lham \u018fliyev: \"Erm\u0259nistan t\u0259r\u0259fi Br\u00fcssel prosesini davam etdirm\u0259m\u0259k q\u0259rar\u0131na g\u0259ldi\" - MEYDAN.TV","og_description":"Regional sabitliyin Bel\u00e7ika \u00fc\u00e7\u00fcn d\u0259 b\u00f6y\u00fck \u00f6n\u0259m da\u015f\u0131d\u0131\u011f\u0131n\u0131 dey\u0259n diplomat Az\u0259rbaycan\u0131n Ukraynaya g\u00f6st\u0259rdiyi humanitar yard\u0131m\u0131n \u00f6lk\u0259si t\u0259r\u0259find\u0259n y\u00fcks\u0259k qiym\u0259tl\u0259ndirildiyini bildirib.","og_url":"https:\/\/www.meydan.tv\/az\/article\/ilham-eliyev-ermenistan-terefi-brussel-prosesini-davam-etdirmemek-qerarina-geldi\/","og_site_name":"MEYDAN.TV","article_published_time":"2024-10-14T14:04:04+00:00","article_modified_time":"2024-10-14T14:04:07+00:00","og_image":[{"width":1200,"height":771,"url":"https:\/\/www.meydan.tv\/wp-content\/uploads\/1728893326_581f51ec20f96e7b7309877674f05c3c.jpg","type":"image\/jpeg"}],"author":"elli","twitter_card":"summary_large_image","twitter_creator":"@elli","schema":{"@context":"https:\/\/schema.org","@graph":[{"@type":"Article","@id":"https:\/\/www.meydan.tv\/az\/article\/ilham-eliyev-ermenistan-terefi-brussel-prosesini-davam-etdirmemek-qerarina-geldi\/#article","isPartOf":{"@id":"https:\/\/www.meydan.tv\/az\/article\/ilham-eliyev-ermenistan-terefi-brussel-prosesini-davam-etdirmemek-qerarina-geldi\/"},"author":{"name":"elli","@id":"https:\/\/www.meydan.tv\/az\/#\/schema\/person\/9cdbecf90d17180ce1dfbd95b08dcf47"},"headline":"\u0130lham \u018fliyev: &#8220;Erm\u0259nistan t\u0259r\u0259fi Br\u00fcssel prosesini davam etdirm\u0259m\u0259k q\u0259rar\u0131na g\u0259ldi&#8221;","datePublished":"2024-10-14T14:04:04+00:00","dateModified":"2024-10-14T14:04:07+00:00","mainEntityOfPage":{"@id":"https:\/\/www.meydan.tv\/az\/article\/ilham-eliyev-ermenistan-terefi-brussel-prosesini-davam-etdirmemek-qerarina-geldi\/"},"wordCount":1293,"publisher":{"@id":"https:\/\/www.meydan.tv\/az\/#organization"},"image":{"@id":"https:\/\/www.meydan.tv\/az\/article\/ilham-eliyev-ermenistan-terefi-brussel-prosesini-davam-etdirmemek-qerarina-geldi\/#primaryimage"},"thumbnailUrl":"https:\/\/www.meydan.tv\/wp-content\/uploads\/1728893326_581f51ec20f96e7b7309877674f05c3c.jpg","articleSection":["Siyas\u0259t","T\u00f6vsiy\u0259","X\u0259b\u0259rl\u0259r"],"inLanguage":"az"},{"@type":"WebPage","@id":"https:\/\/www.meydan.tv\/az\/article\/ilham-eliyev-ermenistan-terefi-brussel-prosesini-davam-etdirmemek-qerarina-geldi\/","url":"https:\/\/www.meydan.tv\/az\/article\/ilham-eliyev-ermenistan-terefi-brussel-prosesini-davam-etdirmemek-qerarina-geldi\/","name":"\u0130lham \u018fliyev: \"Erm\u0259nistan t\u0259r\u0259fi Br\u00fcssel prosesini davam etdirm\u0259m\u0259k q\u0259rar\u0131na g\u0259ldi\" - MEYDAN.TV","isPartOf":{"@id":"https:\/\/www.meydan.tv\/az\/#website"},"primaryImageOfPage":{"@id":"https:\/\/www.meydan.tv\/az\/article\/ilham-eliyev-ermenistan-terefi-brussel-prosesini-davam-etdirmemek-qerarina-geldi\/#primaryimage"},"image":{"@id":"https:\/\/www.meydan.tv\/az\/article\/ilham-eliyev-ermenistan-terefi-brussel-prosesini-davam-etdirmemek-qerarina-geldi\/#primaryimage"},"thumbnailUrl":"https:\/\/www.meydan.tv\/wp-content\/uploads\/1728893326_581f51ec20f96e7b7309877674f05c3c.jpg","datePublished":"2024-10-14T14:04:04+00:00","dateModified":"2024-10-14T14:04:07+00:00","description":"Regional sabitliyin Bel\u00e7ika \u00fc\u00e7\u00fcn d\u0259 b\u00f6y\u00fck \u00f6n\u0259m da\u015f\u0131d\u0131\u011f\u0131n\u0131 dey\u0259n diplomat Az\u0259rbaycan\u0131n Ukraynaya g\u00f6st\u0259rdiyi humanitar yard\u0131m\u0131n \u00f6lk\u0259si t\u0259r\u0259find\u0259n y\u00fcks\u0259k qiym\u0259tl\u0259ndirildiyini bildirib.","breadcrumb":{"@id":"https:\/\/www.meydan.tv\/az\/article\/ilham-eliyev-ermenistan-terefi-brussel-prosesini-davam-etdirmemek-qerarina-geldi\/#breadcrumb"},"inLanguage":"az","potentialAction":[{"@type":"ReadAction","target":["https:\/\/www.meydan.tv\/az\/article\/ilham-eliyev-ermenistan-terefi-brussel-prosesini-davam-etdirmemek-qerarina-geldi\/"]}]},{"@type":"ImageObject","inLanguage":"az","@id":"https:\/\/www.meydan.tv\/az\/article\/ilham-eliyev-ermenistan-terefi-brussel-prosesini-davam-etdirmemek-qerarina-geldi\/#primaryimage","url":"https:\/\/www.meydan.tv\/wp-content\/uploads\/1728893326_581f51ec20f96e7b7309877674f05c3c.jpg","contentUrl":"https:\/\/www.meydan.tv\/wp-content\/uploads\/1728893326_581f51ec20f96e7b7309877674f05c3c.jpg","width":1200,"height":771,"caption":"Foto: President.az"},{"@type":"BreadcrumbList","@id":"https:\/\/www.meydan.tv\/az\/article\/ilham-eliyev-ermenistan-terefi-brussel-prosesini-davam-etdirmemek-qerarina-geldi\/#breadcrumb","itemListElement":[{"@type":"ListItem","position":1,"name":"Ana s\u0259hif\u0259","item":"https:\/\/www.meydan.tv\/az\/"},{"@type":"ListItem","position":2,"name":"Siyas\u0259t","item":"https:\/\/www.meydan.tv\/az\/section\/siyaset\/"},{"@type":"ListItem","position":3,"name":"\u0130lham \u018fliyev: &#8220;Erm\u0259nistan t\u0259r\u0259fi Br\u00fcssel prosesini davam etdirm\u0259m\u0259k q\u0259rar\u0131na g\u0259ldi&#8221;"}]},{"@type":"WebSite","@id":"https:\/\/www.meydan.tv\/az\/#website","url":"https:\/\/www.meydan.tv\/az\/","name":"MEYDAN.TV","description":"Meydan TV Az\u0259rbaycan\u0131n media m\u0259kan\u0131ndak\u0131 alternativ s\u0259sidir","publisher":{"@id":"https:\/\/www.meydan.tv\/az\/#organization"},"potentialAction":[{"@type":"SearchAction","target":{"@type":"EntryPoint","urlTemplate":"https:\/\/www.meydan.tv\/az\/?s={search_term_string}"},"query-input":{"@type":"PropertyValueSpecification","valueRequired":true,"valueName":"search_term_string"}}],"inLanguage":"az"},{"@type":"Organization","@id":"https:\/\/www.meydan.tv\/az\/#organization","name":"Meydan TV","url":"https:\/\/www.meydan.tv\/az\/","logo":{"@type":"ImageObject","inLanguage":"az","@id":"https:\/\/www.meydan.tv\/az\/#\/schema\/logo\/image\/","url":"https:\/\/www.meydan.tv\/wp-content\/uploads\/2021\/07\/meydan-logo.svg","contentUrl":"https:\/\/www.meydan.tv\/wp-content\/uploads\/2021\/07\/meydan-logo.svg","width":195,"height":46,"caption":"Meydan TV"},"image":{"@id":"https:\/\/www.meydan.tv\/az\/#\/schema\/logo\/image\/"}},{"@type":"Person","@id":"https:\/\/www.meydan.tv\/az\/#\/schema\/person\/9cdbecf90d17180ce1dfbd95b08dcf47","name":"elli","sameAs":["https:\/\/x.com\/elli"]}]}},"_links":{"self":[{"href":"https:\/\/www.meydan.tv\/az\/wp-json\/wp\/v2\/posts\/317724","targetHints":{"allow":["GET"]}}],"collection":[{"href":"https:\/\/www.meydan.tv\/az\/wp-json\/wp\/v2\/posts"}],"about":[{"href":"https:\/\/www.meydan.tv\/az\/wp-json\/wp\/v2\/types\/post"}],"author":[{"embeddable":true,"href":"https:\/\/www.meydan.tv\/az\/wp-json\/wp\/v2\/users\/8"}],"replies":[{"embeddable":true,"href":"https:\/\/www.meydan.tv\/az\/wp-json\/wp\/v2\/comments?post=317724"}],"version-history":[{"count":1,"href":"https:\/\/www.meydan.tv\/az\/wp-json\/wp\/v2\/posts\/317724\/revisions"}],"predecessor-version":[{"id":317725,"href":"https:\/\/www.meydan.tv\/az\/wp-json\/wp\/v2\/posts\/317724\/revisions\/317725"}],"wp:featuredmedia":[{"embeddable":true,"href":"https:\/\/www.meydan.tv\/az\/wp-json\/wp\/v2\/media\/317721"}],"wp:attachment":[{"href":"https:\/\/www.meydan.tv\/az\/wp-json\/wp\/v2\/media?parent=317724"}],"wp:term":[{"taxonomy":"category","embeddable":true,"href":"https:\/\/www.meydan.tv\/az\/wp-json\/wp\/v2\/categories?post=317724"},{"taxonomy":"post_tag","embeddable":true,"href":"https:\/\/www.meydan.tv\/az\/wp-json\/wp\/v2\/tags?post=317724"}],"curies":[{"name":"wp","href":"https:\/\/api.w.org\/{rel}","templated":true}]}}