{"id":317619,"date":"2024-10-12T13:14:47","date_gmt":"2024-10-12T09:14:47","guid":{"rendered":"https:\/\/www.meydan.tv\/?p=317619"},"modified":"2024-10-14T11:14:02","modified_gmt":"2024-10-14T07:14:02","slug":"gurcustanda-ictimai-feallar-festivala-etiraz-edibler","status":"publish","type":"post","link":"https:\/\/www.meydan.tv\/az\/article\/gurcustanda-ictimai-feallar-festivala-etiraz-edibler\/","title":{"rendered":"G\u00fcrc\u00fcstanda ictimai f\u0259allar festivala etiraz edibl\u0259r"},"content":{"rendered":"\n<p><\/p>\n\n\n\n<p><strong><em>Onlar v\u0259saitin k\u0259ndl\u0259rin sosial rifah\u0131na y\u00f6n\u0259lm\u0259sini ist\u0259yirl\u0259r<\/em><\/strong><\/p>\n\n\n\n<p>G\u00fcrc\u00fcstan\u0131n Saqareco rayon b\u0259l\u0259diyy\u0259si \u201c\u00c7ay d\u0259stgah\u0131\u201d festival\u0131 ke\u00e7irib. Festivala Az\u0259rbaycandan m\u00fc\u011f\u0259nni N\u0259f\u0259s d\u0259v\u0259t olunub. \u0130cman\u0131n aktivistl\u0259ri Tozu G\u00fclm\u0259mm\u0259dli v\u0259 Elvin K\u0259rimov k\u0259ndd\u0259ki sosial rifah\u0131n a\u015fa\u011f\u0131 olmas\u0131na diqq\u0259t \u00e7\u0259km\u0259k \u00fc\u00e7\u00fcn festival zaman\u0131 \u00f6z etirazlar\u0131n\u0131 bildiribl\u0259r.<\/p>\n\n\n\n<p>\u00d6t\u0259n ay Marneuli b\u0259l\u0259diyy\u0259si \u015f\u0259h\u0259rd\u0259 ke\u00e7iril\u0259n \u201cMarneulioba\u201d festival\u0131na Az\u0259rbaycandan m\u00fc\u011f\u0259nni Roza Z\u0259rg\u0259rlini d\u0259v\u0259t etmi\u015fdi.<\/p>\n\n\n\n<p>\u0130cma aktivistl\u0259ri bu kimi t\u0259dbirl\u0259r\u0259 x\u0259rcl\u0259n\u0259n pullar\u0131 k\u0259ndl\u0259rin sosial rifah\u0131na y\u00f6n\u0259lm\u0259sini d\u0259f\u0259l\u0259rl\u0259 ifad\u0259 edibl\u0259r.<\/p>\n","protected":false},"excerpt":{"rendered":"<p>Onlar v\u0259saitin k\u0259ndl\u0259rin sosial rifah\u0131na y\u00f6n\u0259lm\u0259sini ist\u0259yirl\u0259r G\u00fcrc\u00fcstan\u0131n Saqareco rayon &#8230; <\/p>\n<p class=\"read-more-container\"><a title=\"G\u00fcrc\u00fcstanda ictimai f\u0259allar festivala etiraz edibl\u0259r\" class=\"read-more button\" href=\"https:\/\/www.meydan.tv\/az\/article\/gurcustanda-ictimai-feallar-festivala-etiraz-edibler\/#more-317619\" aria-label=\"Read more about G\u00fcrc\u00fcstanda ictimai f\u0259allar festivala etiraz edibl\u0259r\">Davam\u0131<\/a><\/p>\n","protected":false},"author":8,"featured_media":317620,"comment_status":"closed","ping_status":"closed","sticky":false,"template":"","format":"standard","meta":{"_acf_changed":false,"_sitemap_exclude":false,"_sitemap_priority":"","_sitemap_frequency":"","footnotes":""},"categories":[62,56],"tags":[],"class_list":["post-317619","post","type-post","status-publish","format-standard","has-post-thumbnail","hentry","category-sosial","category-xeberler","infinite-scroll-item","generate-columns","tablet-grid-50","mobile-grid-100","grid-parent","grid-33","no-featured-image-padding"],"acf":[],"yoast_head":"<!-- This site is optimized with the Yoast SEO plugin v27.4 - https:\/\/yoast.com\/product\/yoast-seo-wordpress\/ -->\n<title>G\u00fcrc\u00fcstanda ictimai f\u0259allar festivala etiraz edibl\u0259r - MEYDAN.TV<\/title>\n<meta name=\"description\" content=\"\u0130cma aktivistl\u0259ri t\u0259dbirl\u0259r\u0259 x\u0259rcl\u0259n\u0259n pullar\u0131 k\u0259ndl\u0259rin sosial rifah\u0131na y\u00f6n\u0259lm\u0259sini d\u0259f\u0259l\u0259rl\u0259 ifad\u0259 edibl\u0259r.\" \/>\n<meta name=\"robots\" content=\"index, follow, max-snippet:-1, max-image-preview:large, max-video-preview:-1\" \/>\n<link rel=\"canonical\" href=\"https:\/\/www.meydan.tv\/az\/article\/gurcustanda-ictimai-feallar-festivala-etiraz-edibler\/\" \/>\n<meta property=\"og:locale\" content=\"az_AZ\" \/>\n<meta property=\"og:type\" content=\"article\" \/>\n<meta property=\"og:title\" content=\"G\u00fcrc\u00fcstanda ictimai f\u0259allar festivala etiraz edibl\u0259r - MEYDAN.TV\" \/>\n<meta property=\"og:description\" content=\"\u0130cma aktivistl\u0259ri t\u0259dbirl\u0259r\u0259 x\u0259rcl\u0259n\u0259n pullar\u0131 k\u0259ndl\u0259rin sosial rifah\u0131na y\u00f6n\u0259lm\u0259sini d\u0259f\u0259l\u0259rl\u0259 ifad\u0259 edibl\u0259r.\" \/>\n<meta property=\"og:url\" content=\"https:\/\/www.meydan.tv\/az\/article\/gurcustanda-ictimai-feallar-festivala-etiraz-edibler\/\" \/>\n<meta property=\"og:site_name\" content=\"MEYDAN.TV\" \/>\n<meta property=\"article:published_time\" content=\"2024-10-12T09:14:47+00:00\" \/>\n<meta property=\"article:modified_time\" content=\"2024-10-14T07:14:02+00:00\" \/>\n<meta property=\"og:image\" content=\"https:\/\/www.meydan.tv\/wp-content\/uploads\/aksiya-4.jpg\" \/>\n\t<meta property=\"og:image:width\" content=\"1200\" \/>\n\t<meta property=\"og:image:height\" content=\"900\" \/>\n\t<meta property=\"og:image:type\" content=\"image\/jpeg\" \/>\n<meta name=\"author\" content=\"elli\" \/>\n<meta name=\"twitter:card\" content=\"summary_large_image\" \/>\n<meta name=\"twitter:creator\" content=\"@elli\" \/>\n<script type=\"application\/ld+json\" class=\"yoast-schema-graph\">{\"@context\":\"https:\\\/\\\/schema.org\",\"@graph\":[{\"@type\":\"Article\",\"@id\":\"https:\\\/\\\/www.meydan.tv\\\/az\\\/article\\\/gurcustanda-ictimai-feallar-festivala-etiraz-edibler\\\/#article\",\"isPartOf\":{\"@id\":\"https:\\\/\\\/www.meydan.tv\\\/az\\\/article\\\/gurcustanda-ictimai-feallar-festivala-etiraz-edibler\\\/\"},\"author\":{\"name\":\"elli\",\"@id\":\"https:\\\/\\\/www.meydan.tv\\\/az\\\/#\\\/schema\\\/person\\\/9cdbecf90d17180ce1dfbd95b08dcf47\"},\"headline\":\"G\u00fcrc\u00fcstanda ictimai f\u0259allar festivala etiraz edibl\u0259r\",\"datePublished\":\"2024-10-12T09:14:47+00:00\",\"dateModified\":\"2024-10-14T07:14:02+00:00\",\"mainEntityOfPage\":{\"@id\":\"https:\\\/\\\/www.meydan.tv\\\/az\\\/article\\\/gurcustanda-ictimai-feallar-festivala-etiraz-edibler\\\/\"},\"wordCount\":148,\"publisher\":{\"@id\":\"https:\\\/\\\/www.meydan.tv\\\/az\\\/#organization\"},\"image\":{\"@id\":\"https:\\\/\\\/www.meydan.tv\\\/az\\\/article\\\/gurcustanda-ictimai-feallar-festivala-etiraz-edibler\\\/#primaryimage\"},\"thumbnailUrl\":\"https:\\\/\\\/www.meydan.tv\\\/wp-content\\\/uploads\\\/aksiya-4.jpg\",\"articleSection\":[\"Sosial\",\"X\u0259b\u0259rl\u0259r\"],\"inLanguage\":\"az\"},{\"@type\":\"WebPage\",\"@id\":\"https:\\\/\\\/www.meydan.tv\\\/az\\\/article\\\/gurcustanda-ictimai-feallar-festivala-etiraz-edibler\\\/\",\"url\":\"https:\\\/\\\/www.meydan.tv\\\/az\\\/article\\\/gurcustanda-ictimai-feallar-festivala-etiraz-edibler\\\/\",\"name\":\"G\u00fcrc\u00fcstanda ictimai f\u0259allar festivala etiraz edibl\u0259r - MEYDAN.TV\",\"isPartOf\":{\"@id\":\"https:\\\/\\\/www.meydan.tv\\\/az\\\/#website\"},\"primaryImageOfPage\":{\"@id\":\"https:\\\/\\\/www.meydan.tv\\\/az\\\/article\\\/gurcustanda-ictimai-feallar-festivala-etiraz-edibler\\\/#primaryimage\"},\"image\":{\"@id\":\"https:\\\/\\\/www.meydan.tv\\\/az\\\/article\\\/gurcustanda-ictimai-feallar-festivala-etiraz-edibler\\\/#primaryimage\"},\"thumbnailUrl\":\"https:\\\/\\\/www.meydan.tv\\\/wp-content\\\/uploads\\\/aksiya-4.jpg\",\"datePublished\":\"2024-10-12T09:14:47+00:00\",\"dateModified\":\"2024-10-14T07:14:02+00:00\",\"description\":\"\u0130cma aktivistl\u0259ri t\u0259dbirl\u0259r\u0259 x\u0259rcl\u0259n\u0259n pullar\u0131 k\u0259ndl\u0259rin sosial rifah\u0131na y\u00f6n\u0259lm\u0259sini d\u0259f\u0259l\u0259rl\u0259 ifad\u0259 edibl\u0259r.\",\"breadcrumb\":{\"@id\":\"https:\\\/\\\/www.meydan.tv\\\/az\\\/article\\\/gurcustanda-ictimai-feallar-festivala-etiraz-edibler\\\/#breadcrumb\"},\"inLanguage\":\"az\",\"potentialAction\":[{\"@type\":\"ReadAction\",\"target\":[\"https:\\\/\\\/www.meydan.tv\\\/az\\\/article\\\/gurcustanda-ictimai-feallar-festivala-etiraz-edibler\\\/\"]}]},{\"@type\":\"ImageObject\",\"inLanguage\":\"az\",\"@id\":\"https:\\\/\\\/www.meydan.tv\\\/az\\\/article\\\/gurcustanda-ictimai-feallar-festivala-etiraz-edibler\\\/#primaryimage\",\"url\":\"https:\\\/\\\/www.meydan.tv\\\/wp-content\\\/uploads\\\/aksiya-4.jpg\",\"contentUrl\":\"https:\\\/\\\/www.meydan.tv\\\/wp-content\\\/uploads\\\/aksiya-4.jpg\",\"width\":1200,\"height\":900,\"caption\":\"Foto: Meydan TV\"},{\"@type\":\"BreadcrumbList\",\"@id\":\"https:\\\/\\\/www.meydan.tv\\\/az\\\/article\\\/gurcustanda-ictimai-feallar-festivala-etiraz-edibler\\\/#breadcrumb\",\"itemListElement\":[{\"@type\":\"ListItem\",\"position\":1,\"name\":\"Ana s\u0259hif\u0259\",\"item\":\"https:\\\/\\\/www.meydan.tv\\\/az\\\/\"},{\"@type\":\"ListItem\",\"position\":2,\"name\":\"Sosial\",\"item\":\"https:\\\/\\\/www.meydan.tv\\\/az\\\/section\\\/sosial\\\/\"},{\"@type\":\"ListItem\",\"position\":3,\"name\":\"G\u00fcrc\u00fcstanda ictimai f\u0259allar festivala etiraz edibl\u0259r\"}]},{\"@type\":\"WebSite\",\"@id\":\"https:\\\/\\\/www.meydan.tv\\\/az\\\/#website\",\"url\":\"https:\\\/\\\/www.meydan.tv\\\/az\\\/\",\"name\":\"MEYDAN.TV\",\"description\":\"Meydan TV Az\u0259rbaycan\u0131n media m\u0259kan\u0131ndak\u0131 alternativ s\u0259sidir\",\"publisher\":{\"@id\":\"https:\\\/\\\/www.meydan.tv\\\/az\\\/#organization\"},\"potentialAction\":[{\"@type\":\"SearchAction\",\"target\":{\"@type\":\"EntryPoint\",\"urlTemplate\":\"https:\\\/\\\/www.meydan.tv\\\/az\\\/?s={search_term_string}\"},\"query-input\":{\"@type\":\"PropertyValueSpecification\",\"valueRequired\":true,\"valueName\":\"search_term_string\"}}],\"inLanguage\":\"az\"},{\"@type\":\"Organization\",\"@id\":\"https:\\\/\\\/www.meydan.tv\\\/az\\\/#organization\",\"name\":\"Meydan TV\",\"url\":\"https:\\\/\\\/www.meydan.tv\\\/az\\\/\",\"logo\":{\"@type\":\"ImageObject\",\"inLanguage\":\"az\",\"@id\":\"https:\\\/\\\/www.meydan.tv\\\/az\\\/#\\\/schema\\\/logo\\\/image\\\/\",\"url\":\"https:\\\/\\\/www.meydan.tv\\\/wp-content\\\/uploads\\\/2021\\\/07\\\/meydan-logo.svg\",\"contentUrl\":\"https:\\\/\\\/www.meydan.tv\\\/wp-content\\\/uploads\\\/2021\\\/07\\\/meydan-logo.svg\",\"width\":195,\"height\":46,\"caption\":\"Meydan TV\"},\"image\":{\"@id\":\"https:\\\/\\\/www.meydan.tv\\\/az\\\/#\\\/schema\\\/logo\\\/image\\\/\"}},{\"@type\":\"Person\",\"@id\":\"https:\\\/\\\/www.meydan.tv\\\/az\\\/#\\\/schema\\\/person\\\/9cdbecf90d17180ce1dfbd95b08dcf47\",\"name\":\"elli\",\"sameAs\":[\"https:\\\/\\\/x.com\\\/elli\"]}]}<\/script>\n<!-- \/ Yoast SEO plugin. -->","yoast_head_json":{"title":"G\u00fcrc\u00fcstanda ictimai f\u0259allar festivala etiraz edibl\u0259r - MEYDAN.TV","description":"\u0130cma aktivistl\u0259ri t\u0259dbirl\u0259r\u0259 x\u0259rcl\u0259n\u0259n pullar\u0131 k\u0259ndl\u0259rin sosial rifah\u0131na y\u00f6n\u0259lm\u0259sini d\u0259f\u0259l\u0259rl\u0259 ifad\u0259 edibl\u0259r.","robots":{"index":"index","follow":"follow","max-snippet":"max-snippet:-1","max-image-preview":"max-image-preview:large","max-video-preview":"max-video-preview:-1"},"canonical":"https:\/\/www.meydan.tv\/az\/article\/gurcustanda-ictimai-feallar-festivala-etiraz-edibler\/","og_locale":"az_AZ","og_type":"article","og_title":"G\u00fcrc\u00fcstanda ictimai f\u0259allar festivala etiraz edibl\u0259r - MEYDAN.TV","og_description":"\u0130cma aktivistl\u0259ri t\u0259dbirl\u0259r\u0259 x\u0259rcl\u0259n\u0259n pullar\u0131 k\u0259ndl\u0259rin sosial rifah\u0131na y\u00f6n\u0259lm\u0259sini d\u0259f\u0259l\u0259rl\u0259 ifad\u0259 edibl\u0259r.","og_url":"https:\/\/www.meydan.tv\/az\/article\/gurcustanda-ictimai-feallar-festivala-etiraz-edibler\/","og_site_name":"MEYDAN.TV","article_published_time":"2024-10-12T09:14:47+00:00","article_modified_time":"2024-10-14T07:14:02+00:00","og_image":[{"width":1200,"height":900,"url":"https:\/\/www.meydan.tv\/wp-content\/uploads\/aksiya-4.jpg","type":"image\/jpeg"}],"author":"elli","twitter_card":"summary_large_image","twitter_creator":"@elli","schema":{"@context":"https:\/\/schema.org","@graph":[{"@type":"Article","@id":"https:\/\/www.meydan.tv\/az\/article\/gurcustanda-ictimai-feallar-festivala-etiraz-edibler\/#article","isPartOf":{"@id":"https:\/\/www.meydan.tv\/az\/article\/gurcustanda-ictimai-feallar-festivala-etiraz-edibler\/"},"author":{"name":"elli","@id":"https:\/\/www.meydan.tv\/az\/#\/schema\/person\/9cdbecf90d17180ce1dfbd95b08dcf47"},"headline":"G\u00fcrc\u00fcstanda ictimai f\u0259allar festivala etiraz edibl\u0259r","datePublished":"2024-10-12T09:14:47+00:00","dateModified":"2024-10-14T07:14:02+00:00","mainEntityOfPage":{"@id":"https:\/\/www.meydan.tv\/az\/article\/gurcustanda-ictimai-feallar-festivala-etiraz-edibler\/"},"wordCount":148,"publisher":{"@id":"https:\/\/www.meydan.tv\/az\/#organization"},"image":{"@id":"https:\/\/www.meydan.tv\/az\/article\/gurcustanda-ictimai-feallar-festivala-etiraz-edibler\/#primaryimage"},"thumbnailUrl":"https:\/\/www.meydan.tv\/wp-content\/uploads\/aksiya-4.jpg","articleSection":["Sosial","X\u0259b\u0259rl\u0259r"],"inLanguage":"az"},{"@type":"WebPage","@id":"https:\/\/www.meydan.tv\/az\/article\/gurcustanda-ictimai-feallar-festivala-etiraz-edibler\/","url":"https:\/\/www.meydan.tv\/az\/article\/gurcustanda-ictimai-feallar-festivala-etiraz-edibler\/","name":"G\u00fcrc\u00fcstanda ictimai f\u0259allar festivala etiraz edibl\u0259r - MEYDAN.TV","isPartOf":{"@id":"https:\/\/www.meydan.tv\/az\/#website"},"primaryImageOfPage":{"@id":"https:\/\/www.meydan.tv\/az\/article\/gurcustanda-ictimai-feallar-festivala-etiraz-edibler\/#primaryimage"},"image":{"@id":"https:\/\/www.meydan.tv\/az\/article\/gurcustanda-ictimai-feallar-festivala-etiraz-edibler\/#primaryimage"},"thumbnailUrl":"https:\/\/www.meydan.tv\/wp-content\/uploads\/aksiya-4.jpg","datePublished":"2024-10-12T09:14:47+00:00","dateModified":"2024-10-14T07:14:02+00:00","description":"\u0130cma aktivistl\u0259ri t\u0259dbirl\u0259r\u0259 x\u0259rcl\u0259n\u0259n pullar\u0131 k\u0259ndl\u0259rin sosial rifah\u0131na y\u00f6n\u0259lm\u0259sini d\u0259f\u0259l\u0259rl\u0259 ifad\u0259 edibl\u0259r.","breadcrumb":{"@id":"https:\/\/www.meydan.tv\/az\/article\/gurcustanda-ictimai-feallar-festivala-etiraz-edibler\/#breadcrumb"},"inLanguage":"az","potentialAction":[{"@type":"ReadAction","target":["https:\/\/www.meydan.tv\/az\/article\/gurcustanda-ictimai-feallar-festivala-etiraz-edibler\/"]}]},{"@type":"ImageObject","inLanguage":"az","@id":"https:\/\/www.meydan.tv\/az\/article\/gurcustanda-ictimai-feallar-festivala-etiraz-edibler\/#primaryimage","url":"https:\/\/www.meydan.tv\/wp-content\/uploads\/aksiya-4.jpg","contentUrl":"https:\/\/www.meydan.tv\/wp-content\/uploads\/aksiya-4.jpg","width":1200,"height":900,"caption":"Foto: Meydan TV"},{"@type":"BreadcrumbList","@id":"https:\/\/www.meydan.tv\/az\/article\/gurcustanda-ictimai-feallar-festivala-etiraz-edibler\/#breadcrumb","itemListElement":[{"@type":"ListItem","position":1,"name":"Ana s\u0259hif\u0259","item":"https:\/\/www.meydan.tv\/az\/"},{"@type":"ListItem","position":2,"name":"Sosial","item":"https:\/\/www.meydan.tv\/az\/section\/sosial\/"},{"@type":"ListItem","position":3,"name":"G\u00fcrc\u00fcstanda ictimai f\u0259allar festivala etiraz edibl\u0259r"}]},{"@type":"WebSite","@id":"https:\/\/www.meydan.tv\/az\/#website","url":"https:\/\/www.meydan.tv\/az\/","name":"MEYDAN.TV","description":"Meydan TV Az\u0259rbaycan\u0131n media m\u0259kan\u0131ndak\u0131 alternativ s\u0259sidir","publisher":{"@id":"https:\/\/www.meydan.tv\/az\/#organization"},"potentialAction":[{"@type":"SearchAction","target":{"@type":"EntryPoint","urlTemplate":"https:\/\/www.meydan.tv\/az\/?s={search_term_string}"},"query-input":{"@type":"PropertyValueSpecification","valueRequired":true,"valueName":"search_term_string"}}],"inLanguage":"az"},{"@type":"Organization","@id":"https:\/\/www.meydan.tv\/az\/#organization","name":"Meydan TV","url":"https:\/\/www.meydan.tv\/az\/","logo":{"@type":"ImageObject","inLanguage":"az","@id":"https:\/\/www.meydan.tv\/az\/#\/schema\/logo\/image\/","url":"https:\/\/www.meydan.tv\/wp-content\/uploads\/2021\/07\/meydan-logo.svg","contentUrl":"https:\/\/www.meydan.tv\/wp-content\/uploads\/2021\/07\/meydan-logo.svg","width":195,"height":46,"caption":"Meydan TV"},"image":{"@id":"https:\/\/www.meydan.tv\/az\/#\/schema\/logo\/image\/"}},{"@type":"Person","@id":"https:\/\/www.meydan.tv\/az\/#\/schema\/person\/9cdbecf90d17180ce1dfbd95b08dcf47","name":"elli","sameAs":["https:\/\/x.com\/elli"]}]}},"_links":{"self":[{"href":"https:\/\/www.meydan.tv\/az\/wp-json\/wp\/v2\/posts\/317619","targetHints":{"allow":["GET"]}}],"collection":[{"href":"https:\/\/www.meydan.tv\/az\/wp-json\/wp\/v2\/posts"}],"about":[{"href":"https:\/\/www.meydan.tv\/az\/wp-json\/wp\/v2\/types\/post"}],"author":[{"embeddable":true,"href":"https:\/\/www.meydan.tv\/az\/wp-json\/wp\/v2\/users\/8"}],"replies":[{"embeddable":true,"href":"https:\/\/www.meydan.tv\/az\/wp-json\/wp\/v2\/comments?post=317619"}],"version-history":[{"count":2,"href":"https:\/\/www.meydan.tv\/az\/wp-json\/wp\/v2\/posts\/317619\/revisions"}],"predecessor-version":[{"id":317641,"href":"https:\/\/www.meydan.tv\/az\/wp-json\/wp\/v2\/posts\/317619\/revisions\/317641"}],"wp:featuredmedia":[{"embeddable":true,"href":"https:\/\/www.meydan.tv\/az\/wp-json\/wp\/v2\/media\/317620"}],"wp:attachment":[{"href":"https:\/\/www.meydan.tv\/az\/wp-json\/wp\/v2\/media?parent=317619"}],"wp:term":[{"taxonomy":"category","embeddable":true,"href":"https:\/\/www.meydan.tv\/az\/wp-json\/wp\/v2\/categories?post=317619"},{"taxonomy":"post_tag","embeddable":true,"href":"https:\/\/www.meydan.tv\/az\/wp-json\/wp\/v2\/tags?post=317619"}],"curies":[{"name":"wp","href":"https:\/\/api.w.org\/{rel}","templated":true}]}}