{"id":317573,"date":"2024-10-11T22:33:52","date_gmt":"2024-10-11T18:33:52","guid":{"rendered":"https:\/\/www.meydan.tv\/?p=317573"},"modified":"2024-10-11T23:43:23","modified_gmt":"2024-10-11T19:43:23","slug":"icra-bascisinin-muavini-isden-cixarilandan-sonra-cinayet-mesuliyyetine-celb-edildi","status":"publish","type":"post","link":"https:\/\/www.meydan.tv\/az\/article\/icra-bascisinin-muavini-isden-cixarilandan-sonra-cinayet-mesuliyyetine-celb-edildi\/","title":{"rendered":"\u0130cra ba\u015f\u00e7\u0131s\u0131n\u0131n m\u00fcavini i\u015fd\u0259n \u00e7\u0131xar\u0131landan sonra cinay\u0259t m\u0259suliyy\u0259tin\u0259 c\u0259lb edildi"},"content":{"rendered":"\n<p><\/p>\n\n\n\n<p><strong><em>12 il icra ba\u015f\u00e7\u0131s\u0131n\u0131n m\u00fcavini i\u015fl\u0259mi\u015f V\u0259fa Allahverdiyeva indi d\u0259l\u0259duzluqda ittiham olunur<\/em><\/strong><\/p>\n\n\n\n<p>V\u0259fa Allahverdiyeva 51 min manatl\u0131q d\u0259l\u0259duzluq ittiham\u0131 il\u0259 m\u0259hk\u0259m\u0259 qar\u015f\u0131s\u0131na \u00e7\u0131xar\u0131l\u0131r, \u00f6z\u00fcn\u00fc t\u0259qsirli bilmir.<\/p>\n\n\n\n<p>2012-ci ilin sentyabr\u0131ndan 2024-c\u00fc ilin avqustuna q\u0259d\u0259r G\u0259d\u0259b\u0259y Rayon \u0130cra Hakimiyy\u0259ti ba\u015f\u00e7\u0131s\u0131n\u0131n m\u00fcavini i\u015fl\u0259mi\u015f V\u0259fa Allahverdiyeva bir ay \u0259vv\u0259l cinay\u0259t m\u0259suliyy\u0259tin\u0259 c\u0259lb olunub. Ona qar\u015f\u0131 Cinay\u0259t M\u0259c\u0259ll\u0259sinin 178.3.2 (d\u0259l\u0259duzluq \u2013 k\u00fclli miqdarda ziyan vurmaqla t\u00f6r\u0259dildikd\u0259) madd\u0259sil\u0259 ittiham ir\u0259li s\u00fcr\u00fcl\u00fcb.<\/p>\n\n\n\n<p>Ke\u00e7mi\u015f icra ba\u015f\u00e7\u0131s\u0131n\u0131n m\u00fcavini h\u0259bs edilm\u0259s\u0259 d\u0259, bar\u0259sind\u0259 polis n\u0259zar\u0259tin\u0259 verm\u0259 n\u00f6v\u00fcnd\u0259 q\u0259timkan t\u0259dbiri se\u00e7ilib.<\/p>\n\n\n\n<p>Oktyabr\u0131n 23-d\u0259 Bak\u0131 A\u011f\u0131r Cinay\u0259tl\u0259r M\u0259hk\u0259m\u0259sind\u0259 hakim Siyavu\u015f Hac\u0131yevin s\u0259drliyil\u0259 onunla ba\u011fl\u0131 m\u0259hk\u0259m\u0259 prosesi ba\u015flayacaq. O, daha bir n\u0259f\u0259rl\u0259 birlikd\u0259 m\u00fchakim\u0259 olunacaq.<\/p>\n\n\n\n<p>1978-ci il t\u0259v\u0259ll\u00fcdl\u00fc V\u0259fa Allahverdiyeva tan\u0131\u015f\u0131, uzun m\u00fcdd\u0259tdir d\u0259l\u0259duzlu\u011fa g\u00f6r\u0259 h\u0259bsd\u0259 olan T\u0259ran\u0259 Ba\u011f\u0131rova il\u0259 \u0259lbirlikd\u0259 t\u0259qsirl\u0259ndirilir. \u0130ttihama g\u00f6r\u0259, onlar 2021-ci ild\u0259 \u0259lbir olub, G\u0259d\u0259b\u0259y sakini Cavan\u015fir M\u0259mm\u0259d\u0259liyevi rayonun t\u0259hsil \u015f\u00f6b\u0259sinin m\u00fcdiri t\u0259yin etdirm\u0259k ad\u0131 il\u0259 aldad\u0131b, onun 51 min manat pulunu al\u0131blar.<\/p>\n\n\n\n<p>Cinay\u0259t i\u015fi 2024-c\u00fc ilin aprelind\u0259 ba\u015flasa da, icraat bir ne\u00e7\u0259 d\u0259f\u0259 dayand\u0131r\u0131l\u0131b. V\u0259fa Allahverdiyeva avqustun 22-d\u0259 icra ba\u015f\u00e7\u0131s\u0131n\u0131n m\u00fcavini v\u0259zif\u0259sind\u0259n azad edil\u0259nd\u0259n bir h\u0259ft\u0259 sonra yenid\u0259n t\u0259z\u0259l\u0259nib. \u0130ki g\u00fcn sonra \u2013 sentyabr\u0131n 2-d\u0259 is\u0259 V\u0259fa Allahverdiyeva t\u0259qsirl\u0259ndiril\u0259n \u015f\u0259xs qismind\u0259 c\u0259lb edil\u0259r\u0259k, ona qar\u015f\u0131 ittiham ir\u0259li s\u00fcr\u00fcl\u00fcb.<\/p>\n\n\n\n<p>\u0130ttihama \u0259sas\u0259n, Cavan\u015fir M\u0259mm\u0259d\u0259liyevin G\u0259d\u0259b\u0259y rayon t\u0259hsil \u015f\u00f6b\u0259sinin m\u00fcdiri v\u0259zif\u0259sin\u0259 t\u0259yin olunmas\u0131 m\u0259s\u0259l\u0259sini T\u0259ran\u0259 Ba\u011f\u0131rova T\u0259hsil Nazirliyind\u0259 i\u015fl\u0259y\u0259n tan\u0131\u015flar\u0131 vasit\u0259sil\u0259 h\u0259ll etm\u0259liydi. H\u0259r halda, Cavan\u015fir M\u0259mm\u0259d\u0259liyev v\u0259 onun o\u011flu S\u0259rxan M\u0259mm\u0259d\u0259liyev\u0259 bel\u0259 demi\u015fdil\u0259r.<\/p>\n\n\n\n<p>\u0130ttihama g\u00f6r\u0259, ata v\u0259 o\u011ful ilk d\u0259f\u0259 Bak\u0131da \u2013 \u201cG\u0259nclik\u201d metrostansiyas\u0131n\u0131n yax\u0131nl\u0131\u011f\u0131nda yerl\u0259\u015f\u0259n \u201cTonqal\u201d restoran\u0131nda T\u0259ran\u0259 Ba\u011f\u0131rovaya 40 min manat pul verib. H\u0259min g\u00f6r\u00fc\u015f\u0259 2021-ci ild\u0259 onlar G\u0259d\u0259b\u0259yd\u0259n icra ba\u015f\u00e7\u0131s\u0131n\u0131n m\u00fcavini il\u0259 birlikd\u0259 g\u0259libl\u0259r. Restoranda g\u00f6r\u00fc\u015fd\u0259 d\u0259 4 n\u0259f\u0259r olublar.<\/p>\n\n\n\n<p>Z\u0259r\u0259r\u00e7\u0259kmi\u015f t\u0259r\u0259fin ifad\u0259sin\u0259 g\u00f6r\u0259, bir ay sonra T\u0259ran\u0259 Ba\u011f\u0131rova onlardan daha 10 min manat al\u0131b. \u018flav\u0259 1000 manat\u0131 is\u0259 o\u011flu S\u0259rxan T\u0259ran\u0259 Ba\u011f\u0131rovan\u0131n bank kart\u0131na k\u00f6\u00e7\u00fcr\u00fcb.<\/p>\n\n\n\n<p>T\u0259ran\u0259 Ba\u011f\u0131rova bu pullar\u0131 ald\u0131\u011f\u0131n\u0131 inkar etmir. O, istintaqa ifad\u0259sind\u0259 bildirib ki, \u201cTonqal\u201dda ald\u0131\u011f\u0131 40 min manat\u0131n 10 min manat\u0131n\u0131 V\u0259fa Allahverdiyevaya verib. Qalan\u0131n\u0131 is\u0259 \u00f6z\u00fc x\u0259rcl\u0259yib. Cavan\u015fir M\u0259mm\u0259d\u0259liyevi v\u0259zif\u0259y\u0259 t\u0259yin etdirm\u0259k \u00fc\u00e7\u00fcn vasit\u0259\u00e7i tapma\u011fa \u00e7al\u0131\u015fsa da, al\u0131nmay\u0131b.<\/p>\n\n\n\n<p>\u0130cra ba\u015f\u00e7\u0131s\u0131n\u0131n m\u00fcavini il\u0259 \u0259laq\u0259sin\u0259 g\u0259linc\u0259, o bildirib ki, V\u0259fa Allahverdiyevan\u0131n ke\u00e7mi\u015f \u0259ri onun qon\u015fusu idi. Onu da bu yolla tan\u0131y\u0131b. G\u00fcnl\u0259rin birind\u0259 V\u0259fa Allahverdiyeva ona deyib ki, bir tan\u0131\u015f\u0131 t\u0259hsil \u015f\u00f6b\u0259sinin m\u00fcdiri olmaq ist\u0259yir, onu bu v\u0259zif\u0259y\u0259 t\u0259yin etdir\u0259 bil\u0259c\u0259k tan\u0131\u015f\u0131 varm\u0131?<\/p>\n\n\n\n<p>V\u0259fa Allahverdiyeva Cavan\u015fir v\u0259 S\u0259rxan M\u0259mm\u0259d\u0259liyevl\u0259ri T\u0259ran\u0259 Ba\u011f\u0131rova il\u0259 tan\u0131\u015f etdiyini t\u0259sdiql\u0259yir. Lakin veril\u0259n puldan ona 10 min manat \u00e7atmas\u0131 haqda deyil\u0259nl\u0259ri q\u0259bul etmir. O bildirib ki, he\u00e7 pul m\u0259s\u0259l\u0259sin\u0259 qo\u015fulmaq ist\u0259m\u0259yib. M\u0259mm\u0259d\u0259liyevl\u0259r\u0259 d\u0259 T\u0259ran\u0259 il\u0259 \u00f6zl\u0259rinin dan\u0131\u015fmas\u0131n\u0131 t\u00f6vsiy\u0259 edib: <em>\u201cOnlar dedil\u0259r ki, biz bu adam\u0131 tan\u0131m\u0131r\u0131q, s\u0259n d\u0259 biziml\u0259 get. Ona g\u00f6r\u0259 m\u0259cbur olub getdim. M\u0259n n\u0259 \u0259vv\u0259ld\u0259n T\u0259ran\u0259 il\u0259 raz\u0131la\u015fm\u0131\u015fam, n\u0259 d\u0259 \u0259lbir olmu\u015fam\u201d.<\/em><\/p>\n","protected":false},"excerpt":{"rendered":"<p>12 il icra ba\u015f\u00e7\u0131s\u0131n\u0131n m\u00fcavini i\u015fl\u0259mi\u015f V\u0259fa Allahverdiyeva indi d\u0259l\u0259duzluqda &#8230; <\/p>\n<p class=\"read-more-container\"><a title=\"\u0130cra ba\u015f\u00e7\u0131s\u0131n\u0131n m\u00fcavini i\u015fd\u0259n \u00e7\u0131xar\u0131landan sonra cinay\u0259t m\u0259suliyy\u0259tin\u0259 c\u0259lb edildi\" class=\"read-more button\" href=\"https:\/\/www.meydan.tv\/az\/article\/icra-bascisinin-muavini-isden-cixarilandan-sonra-cinayet-mesuliyyetine-celb-edildi\/#more-317573\" aria-label=\"Read more about \u0130cra ba\u015f\u00e7\u0131s\u0131n\u0131n m\u00fcavini i\u015fd\u0259n \u00e7\u0131xar\u0131landan sonra cinay\u0259t m\u0259suliyy\u0259tin\u0259 c\u0259lb edildi\">Davam\u0131<\/a><\/p>\n","protected":false},"author":8,"featured_media":317574,"comment_status":"closed","ping_status":"closed","sticky":false,"template":"","format":"standard","meta":{"_acf_changed":false,"_sitemap_exclude":false,"_sitemap_priority":"","_sitemap_frequency":"","footnotes":""},"categories":[62,56],"tags":[],"class_list":["post-317573","post","type-post","status-publish","format-standard","has-post-thumbnail","hentry","category-sosial","category-xeberler","infinite-scroll-item","generate-columns","tablet-grid-50","mobile-grid-100","grid-parent","grid-33","no-featured-image-padding"],"acf":[],"yoast_head":"<!-- This site is optimized with the Yoast SEO plugin v27.4 - https:\/\/yoast.com\/product\/yoast-seo-wordpress\/ -->\n<title>\u0130cra ba\u015f\u00e7\u0131s\u0131n\u0131n m\u00fcavini i\u015fd\u0259n \u00e7\u0131xar\u0131landan sonra cinay\u0259t m\u0259suliyy\u0259tin\u0259 c\u0259lb edildi - MEYDAN.TV<\/title>\n<meta name=\"robots\" content=\"index, follow, max-snippet:-1, max-image-preview:large, max-video-preview:-1\" \/>\n<link rel=\"canonical\" href=\"https:\/\/www.meydan.tv\/az\/article\/icra-bascisinin-muavini-isden-cixarilandan-sonra-cinayet-mesuliyyetine-celb-edildi\/\" \/>\n<meta property=\"og:locale\" content=\"az_AZ\" \/>\n<meta property=\"og:type\" content=\"article\" \/>\n<meta property=\"og:title\" content=\"\u0130cra ba\u015f\u00e7\u0131s\u0131n\u0131n m\u00fcavini i\u015fd\u0259n \u00e7\u0131xar\u0131landan sonra cinay\u0259t m\u0259suliyy\u0259tin\u0259 c\u0259lb edildi - MEYDAN.TV\" \/>\n<meta property=\"og:description\" content=\"12 il icra ba\u015f\u00e7\u0131s\u0131n\u0131n m\u00fcavini i\u015fl\u0259mi\u015f V\u0259fa Allahverdiyeva indi d\u0259l\u0259duzluqda ... Davam\u0131\" \/>\n<meta property=\"og:url\" content=\"https:\/\/www.meydan.tv\/az\/article\/icra-bascisinin-muavini-isden-cixarilandan-sonra-cinayet-mesuliyyetine-celb-edildi\/\" \/>\n<meta property=\"og:site_name\" content=\"MEYDAN.TV\" \/>\n<meta property=\"article:published_time\" content=\"2024-10-11T18:33:52+00:00\" \/>\n<meta property=\"article:modified_time\" content=\"2024-10-11T19:43:23+00:00\" \/>\n<meta property=\"og:image\" content=\"https:\/\/www.meydan.tv\/wp-content\/uploads\/screenshot_2-69.png\" \/>\n\t<meta property=\"og:image:width\" content=\"1500\" \/>\n\t<meta property=\"og:image:height\" content=\"674\" \/>\n\t<meta property=\"og:image:type\" content=\"image\/png\" \/>\n<meta name=\"author\" content=\"elli\" \/>\n<meta name=\"twitter:card\" content=\"summary_large_image\" \/>\n<meta name=\"twitter:creator\" content=\"@elli\" \/>\n<script type=\"application\/ld+json\" class=\"yoast-schema-graph\">{\"@context\":\"https:\\\/\\\/schema.org\",\"@graph\":[{\"@type\":\"Article\",\"@id\":\"https:\\\/\\\/www.meydan.tv\\\/az\\\/article\\\/icra-bascisinin-muavini-isden-cixarilandan-sonra-cinayet-mesuliyyetine-celb-edildi\\\/#article\",\"isPartOf\":{\"@id\":\"https:\\\/\\\/www.meydan.tv\\\/az\\\/article\\\/icra-bascisinin-muavini-isden-cixarilandan-sonra-cinayet-mesuliyyetine-celb-edildi\\\/\"},\"author\":{\"name\":\"elli\",\"@id\":\"https:\\\/\\\/www.meydan.tv\\\/az\\\/#\\\/schema\\\/person\\\/9cdbecf90d17180ce1dfbd95b08dcf47\"},\"headline\":\"\u0130cra ba\u015f\u00e7\u0131s\u0131n\u0131n m\u00fcavini i\u015fd\u0259n \u00e7\u0131xar\u0131landan sonra cinay\u0259t m\u0259suliyy\u0259tin\u0259 c\u0259lb edildi\",\"datePublished\":\"2024-10-11T18:33:52+00:00\",\"dateModified\":\"2024-10-11T19:43:23+00:00\",\"mainEntityOfPage\":{\"@id\":\"https:\\\/\\\/www.meydan.tv\\\/az\\\/article\\\/icra-bascisinin-muavini-isden-cixarilandan-sonra-cinayet-mesuliyyetine-celb-edildi\\\/\"},\"wordCount\":773,\"publisher\":{\"@id\":\"https:\\\/\\\/www.meydan.tv\\\/az\\\/#organization\"},\"image\":{\"@id\":\"https:\\\/\\\/www.meydan.tv\\\/az\\\/article\\\/icra-bascisinin-muavini-isden-cixarilandan-sonra-cinayet-mesuliyyetine-celb-edildi\\\/#primaryimage\"},\"thumbnailUrl\":\"https:\\\/\\\/www.meydan.tv\\\/wp-content\\\/uploads\\\/screenshot_2-69.png\",\"articleSection\":[\"Sosial\",\"X\u0259b\u0259rl\u0259r\"],\"inLanguage\":\"az\"},{\"@type\":\"WebPage\",\"@id\":\"https:\\\/\\\/www.meydan.tv\\\/az\\\/article\\\/icra-bascisinin-muavini-isden-cixarilandan-sonra-cinayet-mesuliyyetine-celb-edildi\\\/\",\"url\":\"https:\\\/\\\/www.meydan.tv\\\/az\\\/article\\\/icra-bascisinin-muavini-isden-cixarilandan-sonra-cinayet-mesuliyyetine-celb-edildi\\\/\",\"name\":\"\u0130cra ba\u015f\u00e7\u0131s\u0131n\u0131n m\u00fcavini i\u015fd\u0259n \u00e7\u0131xar\u0131landan sonra cinay\u0259t m\u0259suliyy\u0259tin\u0259 c\u0259lb edildi - MEYDAN.TV\",\"isPartOf\":{\"@id\":\"https:\\\/\\\/www.meydan.tv\\\/az\\\/#website\"},\"primaryImageOfPage\":{\"@id\":\"https:\\\/\\\/www.meydan.tv\\\/az\\\/article\\\/icra-bascisinin-muavini-isden-cixarilandan-sonra-cinayet-mesuliyyetine-celb-edildi\\\/#primaryimage\"},\"image\":{\"@id\":\"https:\\\/\\\/www.meydan.tv\\\/az\\\/article\\\/icra-bascisinin-muavini-isden-cixarilandan-sonra-cinayet-mesuliyyetine-celb-edildi\\\/#primaryimage\"},\"thumbnailUrl\":\"https:\\\/\\\/www.meydan.tv\\\/wp-content\\\/uploads\\\/screenshot_2-69.png\",\"datePublished\":\"2024-10-11T18:33:52+00:00\",\"dateModified\":\"2024-10-11T19:43:23+00:00\",\"breadcrumb\":{\"@id\":\"https:\\\/\\\/www.meydan.tv\\\/az\\\/article\\\/icra-bascisinin-muavini-isden-cixarilandan-sonra-cinayet-mesuliyyetine-celb-edildi\\\/#breadcrumb\"},\"inLanguage\":\"az\",\"potentialAction\":[{\"@type\":\"ReadAction\",\"target\":[\"https:\\\/\\\/www.meydan.tv\\\/az\\\/article\\\/icra-bascisinin-muavini-isden-cixarilandan-sonra-cinayet-mesuliyyetine-celb-edildi\\\/\"]}]},{\"@type\":\"ImageObject\",\"inLanguage\":\"az\",\"@id\":\"https:\\\/\\\/www.meydan.tv\\\/az\\\/article\\\/icra-bascisinin-muavini-isden-cixarilandan-sonra-cinayet-mesuliyyetine-celb-edildi\\\/#primaryimage\",\"url\":\"https:\\\/\\\/www.meydan.tv\\\/wp-content\\\/uploads\\\/screenshot_2-69.png\",\"contentUrl\":\"https:\\\/\\\/www.meydan.tv\\\/wp-content\\\/uploads\\\/screenshot_2-69.png\",\"width\":1500,\"height\":674,\"caption\":\"Foto: G\u0259d\u0259b\u0259y Rayon \u0130cra Hakimiyy\u0259ti\"},{\"@type\":\"BreadcrumbList\",\"@id\":\"https:\\\/\\\/www.meydan.tv\\\/az\\\/article\\\/icra-bascisinin-muavini-isden-cixarilandan-sonra-cinayet-mesuliyyetine-celb-edildi\\\/#breadcrumb\",\"itemListElement\":[{\"@type\":\"ListItem\",\"position\":1,\"name\":\"Ana s\u0259hif\u0259\",\"item\":\"https:\\\/\\\/www.meydan.tv\\\/az\\\/\"},{\"@type\":\"ListItem\",\"position\":2,\"name\":\"Sosial\",\"item\":\"https:\\\/\\\/www.meydan.tv\\\/az\\\/section\\\/sosial\\\/\"},{\"@type\":\"ListItem\",\"position\":3,\"name\":\"\u0130cra ba\u015f\u00e7\u0131s\u0131n\u0131n m\u00fcavini i\u015fd\u0259n \u00e7\u0131xar\u0131landan sonra cinay\u0259t m\u0259suliyy\u0259tin\u0259 c\u0259lb edildi\"}]},{\"@type\":\"WebSite\",\"@id\":\"https:\\\/\\\/www.meydan.tv\\\/az\\\/#website\",\"url\":\"https:\\\/\\\/www.meydan.tv\\\/az\\\/\",\"name\":\"MEYDAN.TV\",\"description\":\"Meydan TV Az\u0259rbaycan\u0131n media m\u0259kan\u0131ndak\u0131 alternativ s\u0259sidir\",\"publisher\":{\"@id\":\"https:\\\/\\\/www.meydan.tv\\\/az\\\/#organization\"},\"potentialAction\":[{\"@type\":\"SearchAction\",\"target\":{\"@type\":\"EntryPoint\",\"urlTemplate\":\"https:\\\/\\\/www.meydan.tv\\\/az\\\/?s={search_term_string}\"},\"query-input\":{\"@type\":\"PropertyValueSpecification\",\"valueRequired\":true,\"valueName\":\"search_term_string\"}}],\"inLanguage\":\"az\"},{\"@type\":\"Organization\",\"@id\":\"https:\\\/\\\/www.meydan.tv\\\/az\\\/#organization\",\"name\":\"Meydan TV\",\"url\":\"https:\\\/\\\/www.meydan.tv\\\/az\\\/\",\"logo\":{\"@type\":\"ImageObject\",\"inLanguage\":\"az\",\"@id\":\"https:\\\/\\\/www.meydan.tv\\\/az\\\/#\\\/schema\\\/logo\\\/image\\\/\",\"url\":\"https:\\\/\\\/www.meydan.tv\\\/wp-content\\\/uploads\\\/2021\\\/07\\\/meydan-logo.svg\",\"contentUrl\":\"https:\\\/\\\/www.meydan.tv\\\/wp-content\\\/uploads\\\/2021\\\/07\\\/meydan-logo.svg\",\"width\":195,\"height\":46,\"caption\":\"Meydan TV\"},\"image\":{\"@id\":\"https:\\\/\\\/www.meydan.tv\\\/az\\\/#\\\/schema\\\/logo\\\/image\\\/\"}},{\"@type\":\"Person\",\"@id\":\"https:\\\/\\\/www.meydan.tv\\\/az\\\/#\\\/schema\\\/person\\\/9cdbecf90d17180ce1dfbd95b08dcf47\",\"name\":\"elli\",\"sameAs\":[\"https:\\\/\\\/x.com\\\/elli\"]}]}<\/script>\n<!-- \/ Yoast SEO plugin. -->","yoast_head_json":{"title":"\u0130cra ba\u015f\u00e7\u0131s\u0131n\u0131n m\u00fcavini i\u015fd\u0259n \u00e7\u0131xar\u0131landan sonra cinay\u0259t m\u0259suliyy\u0259tin\u0259 c\u0259lb edildi - MEYDAN.TV","robots":{"index":"index","follow":"follow","max-snippet":"max-snippet:-1","max-image-preview":"max-image-preview:large","max-video-preview":"max-video-preview:-1"},"canonical":"https:\/\/www.meydan.tv\/az\/article\/icra-bascisinin-muavini-isden-cixarilandan-sonra-cinayet-mesuliyyetine-celb-edildi\/","og_locale":"az_AZ","og_type":"article","og_title":"\u0130cra ba\u015f\u00e7\u0131s\u0131n\u0131n m\u00fcavini i\u015fd\u0259n \u00e7\u0131xar\u0131landan sonra cinay\u0259t m\u0259suliyy\u0259tin\u0259 c\u0259lb edildi - MEYDAN.TV","og_description":"12 il icra ba\u015f\u00e7\u0131s\u0131n\u0131n m\u00fcavini i\u015fl\u0259mi\u015f V\u0259fa Allahverdiyeva indi d\u0259l\u0259duzluqda ... Davam\u0131","og_url":"https:\/\/www.meydan.tv\/az\/article\/icra-bascisinin-muavini-isden-cixarilandan-sonra-cinayet-mesuliyyetine-celb-edildi\/","og_site_name":"MEYDAN.TV","article_published_time":"2024-10-11T18:33:52+00:00","article_modified_time":"2024-10-11T19:43:23+00:00","og_image":[{"width":1500,"height":674,"url":"https:\/\/www.meydan.tv\/wp-content\/uploads\/screenshot_2-69.png","type":"image\/png"}],"author":"elli","twitter_card":"summary_large_image","twitter_creator":"@elli","schema":{"@context":"https:\/\/schema.org","@graph":[{"@type":"Article","@id":"https:\/\/www.meydan.tv\/az\/article\/icra-bascisinin-muavini-isden-cixarilandan-sonra-cinayet-mesuliyyetine-celb-edildi\/#article","isPartOf":{"@id":"https:\/\/www.meydan.tv\/az\/article\/icra-bascisinin-muavini-isden-cixarilandan-sonra-cinayet-mesuliyyetine-celb-edildi\/"},"author":{"name":"elli","@id":"https:\/\/www.meydan.tv\/az\/#\/schema\/person\/9cdbecf90d17180ce1dfbd95b08dcf47"},"headline":"\u0130cra ba\u015f\u00e7\u0131s\u0131n\u0131n m\u00fcavini i\u015fd\u0259n \u00e7\u0131xar\u0131landan sonra cinay\u0259t m\u0259suliyy\u0259tin\u0259 c\u0259lb edildi","datePublished":"2024-10-11T18:33:52+00:00","dateModified":"2024-10-11T19:43:23+00:00","mainEntityOfPage":{"@id":"https:\/\/www.meydan.tv\/az\/article\/icra-bascisinin-muavini-isden-cixarilandan-sonra-cinayet-mesuliyyetine-celb-edildi\/"},"wordCount":773,"publisher":{"@id":"https:\/\/www.meydan.tv\/az\/#organization"},"image":{"@id":"https:\/\/www.meydan.tv\/az\/article\/icra-bascisinin-muavini-isden-cixarilandan-sonra-cinayet-mesuliyyetine-celb-edildi\/#primaryimage"},"thumbnailUrl":"https:\/\/www.meydan.tv\/wp-content\/uploads\/screenshot_2-69.png","articleSection":["Sosial","X\u0259b\u0259rl\u0259r"],"inLanguage":"az"},{"@type":"WebPage","@id":"https:\/\/www.meydan.tv\/az\/article\/icra-bascisinin-muavini-isden-cixarilandan-sonra-cinayet-mesuliyyetine-celb-edildi\/","url":"https:\/\/www.meydan.tv\/az\/article\/icra-bascisinin-muavini-isden-cixarilandan-sonra-cinayet-mesuliyyetine-celb-edildi\/","name":"\u0130cra ba\u015f\u00e7\u0131s\u0131n\u0131n m\u00fcavini i\u015fd\u0259n \u00e7\u0131xar\u0131landan sonra cinay\u0259t m\u0259suliyy\u0259tin\u0259 c\u0259lb edildi - MEYDAN.TV","isPartOf":{"@id":"https:\/\/www.meydan.tv\/az\/#website"},"primaryImageOfPage":{"@id":"https:\/\/www.meydan.tv\/az\/article\/icra-bascisinin-muavini-isden-cixarilandan-sonra-cinayet-mesuliyyetine-celb-edildi\/#primaryimage"},"image":{"@id":"https:\/\/www.meydan.tv\/az\/article\/icra-bascisinin-muavini-isden-cixarilandan-sonra-cinayet-mesuliyyetine-celb-edildi\/#primaryimage"},"thumbnailUrl":"https:\/\/www.meydan.tv\/wp-content\/uploads\/screenshot_2-69.png","datePublished":"2024-10-11T18:33:52+00:00","dateModified":"2024-10-11T19:43:23+00:00","breadcrumb":{"@id":"https:\/\/www.meydan.tv\/az\/article\/icra-bascisinin-muavini-isden-cixarilandan-sonra-cinayet-mesuliyyetine-celb-edildi\/#breadcrumb"},"inLanguage":"az","potentialAction":[{"@type":"ReadAction","target":["https:\/\/www.meydan.tv\/az\/article\/icra-bascisinin-muavini-isden-cixarilandan-sonra-cinayet-mesuliyyetine-celb-edildi\/"]}]},{"@type":"ImageObject","inLanguage":"az","@id":"https:\/\/www.meydan.tv\/az\/article\/icra-bascisinin-muavini-isden-cixarilandan-sonra-cinayet-mesuliyyetine-celb-edildi\/#primaryimage","url":"https:\/\/www.meydan.tv\/wp-content\/uploads\/screenshot_2-69.png","contentUrl":"https:\/\/www.meydan.tv\/wp-content\/uploads\/screenshot_2-69.png","width":1500,"height":674,"caption":"Foto: G\u0259d\u0259b\u0259y Rayon \u0130cra Hakimiyy\u0259ti"},{"@type":"BreadcrumbList","@id":"https:\/\/www.meydan.tv\/az\/article\/icra-bascisinin-muavini-isden-cixarilandan-sonra-cinayet-mesuliyyetine-celb-edildi\/#breadcrumb","itemListElement":[{"@type":"ListItem","position":1,"name":"Ana s\u0259hif\u0259","item":"https:\/\/www.meydan.tv\/az\/"},{"@type":"ListItem","position":2,"name":"Sosial","item":"https:\/\/www.meydan.tv\/az\/section\/sosial\/"},{"@type":"ListItem","position":3,"name":"\u0130cra ba\u015f\u00e7\u0131s\u0131n\u0131n m\u00fcavini i\u015fd\u0259n \u00e7\u0131xar\u0131landan sonra cinay\u0259t m\u0259suliyy\u0259tin\u0259 c\u0259lb edildi"}]},{"@type":"WebSite","@id":"https:\/\/www.meydan.tv\/az\/#website","url":"https:\/\/www.meydan.tv\/az\/","name":"MEYDAN.TV","description":"Meydan TV Az\u0259rbaycan\u0131n media m\u0259kan\u0131ndak\u0131 alternativ s\u0259sidir","publisher":{"@id":"https:\/\/www.meydan.tv\/az\/#organization"},"potentialAction":[{"@type":"SearchAction","target":{"@type":"EntryPoint","urlTemplate":"https:\/\/www.meydan.tv\/az\/?s={search_term_string}"},"query-input":{"@type":"PropertyValueSpecification","valueRequired":true,"valueName":"search_term_string"}}],"inLanguage":"az"},{"@type":"Organization","@id":"https:\/\/www.meydan.tv\/az\/#organization","name":"Meydan TV","url":"https:\/\/www.meydan.tv\/az\/","logo":{"@type":"ImageObject","inLanguage":"az","@id":"https:\/\/www.meydan.tv\/az\/#\/schema\/logo\/image\/","url":"https:\/\/www.meydan.tv\/wp-content\/uploads\/2021\/07\/meydan-logo.svg","contentUrl":"https:\/\/www.meydan.tv\/wp-content\/uploads\/2021\/07\/meydan-logo.svg","width":195,"height":46,"caption":"Meydan TV"},"image":{"@id":"https:\/\/www.meydan.tv\/az\/#\/schema\/logo\/image\/"}},{"@type":"Person","@id":"https:\/\/www.meydan.tv\/az\/#\/schema\/person\/9cdbecf90d17180ce1dfbd95b08dcf47","name":"elli","sameAs":["https:\/\/x.com\/elli"]}]}},"_links":{"self":[{"href":"https:\/\/www.meydan.tv\/az\/wp-json\/wp\/v2\/posts\/317573","targetHints":{"allow":["GET"]}}],"collection":[{"href":"https:\/\/www.meydan.tv\/az\/wp-json\/wp\/v2\/posts"}],"about":[{"href":"https:\/\/www.meydan.tv\/az\/wp-json\/wp\/v2\/types\/post"}],"author":[{"embeddable":true,"href":"https:\/\/www.meydan.tv\/az\/wp-json\/wp\/v2\/users\/8"}],"replies":[{"embeddable":true,"href":"https:\/\/www.meydan.tv\/az\/wp-json\/wp\/v2\/comments?post=317573"}],"version-history":[{"count":2,"href":"https:\/\/www.meydan.tv\/az\/wp-json\/wp\/v2\/posts\/317573\/revisions"}],"predecessor-version":[{"id":317589,"href":"https:\/\/www.meydan.tv\/az\/wp-json\/wp\/v2\/posts\/317573\/revisions\/317589"}],"wp:featuredmedia":[{"embeddable":true,"href":"https:\/\/www.meydan.tv\/az\/wp-json\/wp\/v2\/media\/317574"}],"wp:attachment":[{"href":"https:\/\/www.meydan.tv\/az\/wp-json\/wp\/v2\/media?parent=317573"}],"wp:term":[{"taxonomy":"category","embeddable":true,"href":"https:\/\/www.meydan.tv\/az\/wp-json\/wp\/v2\/categories?post=317573"},{"taxonomy":"post_tag","embeddable":true,"href":"https:\/\/www.meydan.tv\/az\/wp-json\/wp\/v2\/tags?post=317573"}],"curies":[{"name":"wp","href":"https:\/\/api.w.org\/{rel}","templated":true}]}}