{"id":317520,"date":"2024-10-11T16:01:20","date_gmt":"2024-10-11T12:01:20","guid":{"rendered":"https:\/\/www.meydan.tv\/?p=317520"},"modified":"2024-10-11T19:00:36","modified_gmt":"2024-10-11T15:00:36","slug":"cin-vetendasinin-vahid-mustafayeve-mexsus-magazadan-saat-ogurladigi-iddia-olunur","status":"publish","type":"post","link":"https:\/\/www.meydan.tv\/az\/article\/cin-vetendasinin-vahid-mustafayeve-mexsus-magazadan-saat-ogurladigi-iddia-olunur\/","title":{"rendered":"\u00c7in v\u0259t\u0259nda\u015f\u0131n\u0131n Vahid Mustafayev\u0259 m\u0259xsus ma\u011fazadan saat o\u011furlad\u0131\u011f\u0131 iddia olunur (Yenil\u0259nib)"},"content":{"rendered":"\n<p><\/p>\n\n\n\n<p><\/p>\n\n\n\n<p>VMF \u015eirk\u0259tinin Ba\u015f direktoru Aida \u018fliyeva o\u011furland\u0131\u011f\u0131 iddia olunan saatla ba\u011fl\u0131 a\u00e7\u0131qlama yay\u0131b. Onun s\u00f6zl\u0259rin\u0259 g\u00f6r\u0259, \u201cBREGUET Tourbillion\u201d mexanizmli q\u0131z\u0131l saatd\u0131r, m\u0259hdud sayda istehsal edilib v\u0259 siferblat\u0131nda onun n\u00f6mr\u0259si qeyd edilir:<\/p>\n\n\n\n<p><em>\u201cKontinental saat muzeyi\u201dnd\u0259 n\u00fcmayi\u015f etdiril\u0259n bu saat\u0131n 9 oktyabr tarixind\u0259 bu sah\u0259d\u0259 \u201cixtisasla\u015fm\u0131\u015f\u201d beyn\u0259lxalq s\u0259viyy\u0259li \u00c7in o\u011fru d\u0259st\u0259si t\u0259r\u0259find\u0259n o\u011furlanmas\u0131 fakt\u0131 a\u015fkar edil\u0259n kimi, \u015firk\u0259timizin t\u0259hl\u00fck\u0259sizlik xidm\u0259ti d\u0259rhal biziml\u0259 s\u0131x \u0259m\u0259kda\u015fl\u0131q ed\u0259n polis idar\u0259sin\u0259 v\u0259 \u201cPa\u015fa S\u0131\u011forta\u201d \u015firk\u0259tin\u0259 m\u00fcraci\u0259t etdi. S\u00f6z\u00fcn d\u00fcz\u00fc, bu saatsazl\u0131q incisinin bu sah\u0259d\u0259 \u201cixtisasla\u015fan\u201d beyn\u0259lxalq cinay\u0259tkar d\u0259st\u0259l\u0259rin maraq dair\u0259sind\u0259 olmas\u0131 il\u0259 ba\u011fl\u0131 m\u0259lumat\u0131m\u0131z var idi\u201d<\/em>.<\/p>\n\n\n\n<p>A.\u018fliyeva bildirir ki, \u015f\u00fcbh\u0259li \u015f\u0259xsl\u0259r 90 d\u0259qiq\u0259 \u0259rzind\u0259 hava liman\u0131nda saxlan\u0131l\u0131b.<br>Ba\u015f direktor \u0259lav\u0259 edib ki, saat\u0131n qiym\u0259ti 80 min manat civar\u0131ndad\u0131r.<\/p>\n\n\n\n<hr class=\"wp-block-separator has-alpha-channel-opacity\"\/>\n\n\n\n<p><br>Daxili i\u015fl\u0259r orqanlar\u0131ndak\u0131 m\u0259nb\u0259nin yerli mediaya verdiyi m\u0259lumata g\u00f6r\u0259, ANS teleradio \u015firk\u0259tinin ke\u00e7mi\u015f r\u0259hb\u0259ri Vahid Mustafayev\u0259 m\u0259xsus ma\u011fazadan 330 min manat d\u0259y\u0259rind\u0259 saat o\u011furlan\u0131b. Hadis\u0259 oktyabr\u0131n 9-da Bak\u0131n\u0131n Yasamal rayonu, N\u0259riman N\u0259rimanov prospektind\u0259 yerl\u0259\u015f\u0259n, bahal\u0131 saatlar\u0131n sat\u0131ld\u0131\u011f\u0131 \u201cVMF Continental\u201d ma\u011fazas\u0131nda ba\u015f verib.<\/p>\n\n\n\n<p>Ax\u015fam saat 17.00 rad\u0259l\u0259rind\u0259 m\u00fc\u015ft\u0259ri kimi ma\u011fazaya g\u0259l\u0259n bir n\u0259f\u0259r \u0259cn\u0259binin \u201cBreguet\u201d markal\u0131 saat\u0131 o\u011furlay\u0131b apard\u0131\u011f\u0131 iddia olunur.<\/p>\n\n\n\n<p>Kamera g\u00f6r\u00fcnt\u00fcl\u0259rin\u0259 bax\u0131landan sonra h\u0259min \u015f\u0259xsin kimliyi m\u00fc\u0259yy\u0259nl\u0259\u015fdirilib v\u0259 saxlan\u0131l\u0131b. <\/p>\n\n\n\n<p>M\u0259lumata g\u00f6r\u0259, \u015f\u00fcbh\u0259li \u015f\u0259xs qismind\u0259 saxlan\u0131lan \u00c7in v\u0259t\u0259nda\u015f\u0131, 1977-ci il t\u0259v\u0259ll\u00fcdl\u00fc Zhang Guomindir.<\/p>\n\n\n\n<p>Onun haqq\u0131nda cinay\u0259t i\u015fi ba\u015flan\u0131b. \u018fcn\u0259biy\u0259 qar\u015f\u0131 Az\u0259rbaycan Cinay\u0259t M\u0259c\u0259ll\u0259sinin 177.3.2 (k\u00fclli miqdarda ziyan vurmaqla o\u011furluq) madd\u0259sil\u0259 ittiham ir\u0259li s\u00fcr\u00fcl\u00fcb. Bu madd\u0259nin sanksiyas\u0131nda 5 ild\u0259n 10 il\u0259 q\u0259d\u0259r azadl\u0131qdan m\u0259hrumetm\u0259 c\u0259zas\u0131 var.<\/p>\n","protected":false},"excerpt":{"rendered":"<p>VMF \u015eirk\u0259tinin Ba\u015f direktoru Aida \u018fliyeva o\u011furland\u0131\u011f\u0131 iddia olunan saatla &#8230; <\/p>\n<p class=\"read-more-container\"><a title=\"\u00c7in v\u0259t\u0259nda\u015f\u0131n\u0131n Vahid Mustafayev\u0259 m\u0259xsus ma\u011fazadan saat o\u011furlad\u0131\u011f\u0131 iddia olunur (Yenil\u0259nib)\" class=\"read-more button\" href=\"https:\/\/www.meydan.tv\/az\/article\/cin-vetendasinin-vahid-mustafayeve-mexsus-magazadan-saat-ogurladigi-iddia-olunur\/#more-317520\" aria-label=\"Read more about \u00c7in v\u0259t\u0259nda\u015f\u0131n\u0131n Vahid Mustafayev\u0259 m\u0259xsus ma\u011fazadan saat o\u011furlad\u0131\u011f\u0131 iddia olunur (Yenil\u0259nib)\">Davam\u0131<\/a><\/p>\n","protected":false},"author":8,"featured_media":317523,"comment_status":"closed","ping_status":"closed","sticky":false,"template":"","format":"standard","meta":{"_acf_changed":false,"_sitemap_exclude":false,"_sitemap_priority":"","_sitemap_frequency":"","footnotes":""},"categories":[62,56],"tags":[],"class_list":["post-317520","post","type-post","status-publish","format-standard","has-post-thumbnail","hentry","category-sosial","category-xeberler","infinite-scroll-item","generate-columns","tablet-grid-50","mobile-grid-100","grid-parent","grid-33","no-featured-image-padding"],"acf":[],"yoast_head":"<!-- This site is optimized with the Yoast SEO plugin v27.4 - https:\/\/yoast.com\/product\/yoast-seo-wordpress\/ -->\n<title>\u00c7in v\u0259t\u0259nda\u015f\u0131n\u0131n Vahid Mustafayev\u0259 m\u0259xsus ma\u011fazadan saat o\u011furlad\u0131\u011f\u0131 iddia olunur (Yenil\u0259nib) - MEYDAN.TV<\/title>\n<meta name=\"description\" content=\"O\u011furlanan saat\u0131n 330 min manat qiym\u0259ti varm\u0131\u015f.\" \/>\n<meta name=\"robots\" content=\"index, follow, max-snippet:-1, max-image-preview:large, max-video-preview:-1\" \/>\n<link rel=\"canonical\" href=\"https:\/\/www.meydan.tv\/az\/article\/cin-vetendasinin-vahid-mustafayeve-mexsus-magazadan-saat-ogurladigi-iddia-olunur\/\" \/>\n<meta property=\"og:locale\" content=\"az_AZ\" \/>\n<meta property=\"og:type\" content=\"article\" \/>\n<meta property=\"og:title\" content=\"\u00c7in v\u0259t\u0259nda\u015f\u0131n\u0131n Vahid Mustafayev\u0259 m\u0259xsus ma\u011fazadan saat o\u011furlad\u0131\u011f\u0131 iddia olunur (Yenil\u0259nib) - MEYDAN.TV\" \/>\n<meta property=\"og:description\" content=\"O\u011furlanan saat\u0131n 330 min manat qiym\u0259ti varm\u0131\u015f.\" \/>\n<meta property=\"og:url\" content=\"https:\/\/www.meydan.tv\/az\/article\/cin-vetendasinin-vahid-mustafayeve-mexsus-magazadan-saat-ogurladigi-iddia-olunur\/\" \/>\n<meta property=\"og:site_name\" content=\"MEYDAN.TV\" \/>\n<meta property=\"article:published_time\" content=\"2024-10-11T12:01:20+00:00\" \/>\n<meta property=\"article:modified_time\" content=\"2024-10-11T15:00:36+00:00\" \/>\n<meta property=\"og:image\" content=\"https:\/\/www.meydan.tv\/wp-content\/uploads\/2017-05-24-17-05-401495623150_103158_src.jpg\" \/>\n\t<meta property=\"og:image:width\" content=\"1200\" \/>\n\t<meta property=\"og:image:height\" content=\"797\" \/>\n\t<meta property=\"og:image:type\" content=\"image\/jpeg\" \/>\n<meta name=\"author\" content=\"elli\" \/>\n<meta name=\"twitter:card\" content=\"summary_large_image\" \/>\n<meta name=\"twitter:creator\" content=\"@elli\" \/>\n<script type=\"application\/ld+json\" class=\"yoast-schema-graph\">{\"@context\":\"https:\\\/\\\/schema.org\",\"@graph\":[{\"@type\":\"Article\",\"@id\":\"https:\\\/\\\/www.meydan.tv\\\/az\\\/article\\\/cin-vetendasinin-vahid-mustafayeve-mexsus-magazadan-saat-ogurladigi-iddia-olunur\\\/#article\",\"isPartOf\":{\"@id\":\"https:\\\/\\\/www.meydan.tv\\\/az\\\/article\\\/cin-vetendasinin-vahid-mustafayeve-mexsus-magazadan-saat-ogurladigi-iddia-olunur\\\/\"},\"author\":{\"name\":\"elli\",\"@id\":\"https:\\\/\\\/www.meydan.tv\\\/az\\\/#\\\/schema\\\/person\\\/9cdbecf90d17180ce1dfbd95b08dcf47\"},\"headline\":\"\u00c7in v\u0259t\u0259nda\u015f\u0131n\u0131n Vahid Mustafayev\u0259 m\u0259xsus ma\u011fazadan saat o\u011furlad\u0131\u011f\u0131 iddia olunur (Yenil\u0259nib)\",\"datePublished\":\"2024-10-11T12:01:20+00:00\",\"dateModified\":\"2024-10-11T15:00:36+00:00\",\"mainEntityOfPage\":{\"@id\":\"https:\\\/\\\/www.meydan.tv\\\/az\\\/article\\\/cin-vetendasinin-vahid-mustafayeve-mexsus-magazadan-saat-ogurladigi-iddia-olunur\\\/\"},\"wordCount\":401,\"publisher\":{\"@id\":\"https:\\\/\\\/www.meydan.tv\\\/az\\\/#organization\"},\"image\":{\"@id\":\"https:\\\/\\\/www.meydan.tv\\\/az\\\/article\\\/cin-vetendasinin-vahid-mustafayeve-mexsus-magazadan-saat-ogurladigi-iddia-olunur\\\/#primaryimage\"},\"thumbnailUrl\":\"https:\\\/\\\/www.meydan.tv\\\/wp-content\\\/uploads\\\/2017-05-24-17-05-401495623150_103158_src.jpg\",\"articleSection\":[\"Sosial\",\"X\u0259b\u0259rl\u0259r\"],\"inLanguage\":\"az\"},{\"@type\":\"WebPage\",\"@id\":\"https:\\\/\\\/www.meydan.tv\\\/az\\\/article\\\/cin-vetendasinin-vahid-mustafayeve-mexsus-magazadan-saat-ogurladigi-iddia-olunur\\\/\",\"url\":\"https:\\\/\\\/www.meydan.tv\\\/az\\\/article\\\/cin-vetendasinin-vahid-mustafayeve-mexsus-magazadan-saat-ogurladigi-iddia-olunur\\\/\",\"name\":\"\u00c7in v\u0259t\u0259nda\u015f\u0131n\u0131n Vahid Mustafayev\u0259 m\u0259xsus ma\u011fazadan saat o\u011furlad\u0131\u011f\u0131 iddia olunur (Yenil\u0259nib) - MEYDAN.TV\",\"isPartOf\":{\"@id\":\"https:\\\/\\\/www.meydan.tv\\\/az\\\/#website\"},\"primaryImageOfPage\":{\"@id\":\"https:\\\/\\\/www.meydan.tv\\\/az\\\/article\\\/cin-vetendasinin-vahid-mustafayeve-mexsus-magazadan-saat-ogurladigi-iddia-olunur\\\/#primaryimage\"},\"image\":{\"@id\":\"https:\\\/\\\/www.meydan.tv\\\/az\\\/article\\\/cin-vetendasinin-vahid-mustafayeve-mexsus-magazadan-saat-ogurladigi-iddia-olunur\\\/#primaryimage\"},\"thumbnailUrl\":\"https:\\\/\\\/www.meydan.tv\\\/wp-content\\\/uploads\\\/2017-05-24-17-05-401495623150_103158_src.jpg\",\"datePublished\":\"2024-10-11T12:01:20+00:00\",\"dateModified\":\"2024-10-11T15:00:36+00:00\",\"description\":\"O\u011furlanan saat\u0131n 330 min manat qiym\u0259ti varm\u0131\u015f.\",\"breadcrumb\":{\"@id\":\"https:\\\/\\\/www.meydan.tv\\\/az\\\/article\\\/cin-vetendasinin-vahid-mustafayeve-mexsus-magazadan-saat-ogurladigi-iddia-olunur\\\/#breadcrumb\"},\"inLanguage\":\"az\",\"potentialAction\":[{\"@type\":\"ReadAction\",\"target\":[\"https:\\\/\\\/www.meydan.tv\\\/az\\\/article\\\/cin-vetendasinin-vahid-mustafayeve-mexsus-magazadan-saat-ogurladigi-iddia-olunur\\\/\"]}]},{\"@type\":\"ImageObject\",\"inLanguage\":\"az\",\"@id\":\"https:\\\/\\\/www.meydan.tv\\\/az\\\/article\\\/cin-vetendasinin-vahid-mustafayeve-mexsus-magazadan-saat-ogurladigi-iddia-olunur\\\/#primaryimage\",\"url\":\"https:\\\/\\\/www.meydan.tv\\\/wp-content\\\/uploads\\\/2017-05-24-17-05-401495623150_103158_src.jpg\",\"contentUrl\":\"https:\\\/\\\/www.meydan.tv\\\/wp-content\\\/uploads\\\/2017-05-24-17-05-401495623150_103158_src.jpg\",\"width\":1200,\"height\":797,\"caption\":\"Foto: \u201cVMF Continental\u201d\"},{\"@type\":\"BreadcrumbList\",\"@id\":\"https:\\\/\\\/www.meydan.tv\\\/az\\\/article\\\/cin-vetendasinin-vahid-mustafayeve-mexsus-magazadan-saat-ogurladigi-iddia-olunur\\\/#breadcrumb\",\"itemListElement\":[{\"@type\":\"ListItem\",\"position\":1,\"name\":\"Ana s\u0259hif\u0259\",\"item\":\"https:\\\/\\\/www.meydan.tv\\\/az\\\/\"},{\"@type\":\"ListItem\",\"position\":2,\"name\":\"Sosial\",\"item\":\"https:\\\/\\\/www.meydan.tv\\\/az\\\/section\\\/sosial\\\/\"},{\"@type\":\"ListItem\",\"position\":3,\"name\":\"\u00c7in v\u0259t\u0259nda\u015f\u0131n\u0131n Vahid Mustafayev\u0259 m\u0259xsus ma\u011fazadan saat o\u011furlad\u0131\u011f\u0131 iddia olunur (Yenil\u0259nib)\"}]},{\"@type\":\"WebSite\",\"@id\":\"https:\\\/\\\/www.meydan.tv\\\/az\\\/#website\",\"url\":\"https:\\\/\\\/www.meydan.tv\\\/az\\\/\",\"name\":\"MEYDAN.TV\",\"description\":\"Meydan TV Az\u0259rbaycan\u0131n media m\u0259kan\u0131ndak\u0131 alternativ s\u0259sidir\",\"publisher\":{\"@id\":\"https:\\\/\\\/www.meydan.tv\\\/az\\\/#organization\"},\"potentialAction\":[{\"@type\":\"SearchAction\",\"target\":{\"@type\":\"EntryPoint\",\"urlTemplate\":\"https:\\\/\\\/www.meydan.tv\\\/az\\\/?s={search_term_string}\"},\"query-input\":{\"@type\":\"PropertyValueSpecification\",\"valueRequired\":true,\"valueName\":\"search_term_string\"}}],\"inLanguage\":\"az\"},{\"@type\":\"Organization\",\"@id\":\"https:\\\/\\\/www.meydan.tv\\\/az\\\/#organization\",\"name\":\"Meydan TV\",\"url\":\"https:\\\/\\\/www.meydan.tv\\\/az\\\/\",\"logo\":{\"@type\":\"ImageObject\",\"inLanguage\":\"az\",\"@id\":\"https:\\\/\\\/www.meydan.tv\\\/az\\\/#\\\/schema\\\/logo\\\/image\\\/\",\"url\":\"https:\\\/\\\/www.meydan.tv\\\/wp-content\\\/uploads\\\/2021\\\/07\\\/meydan-logo.svg\",\"contentUrl\":\"https:\\\/\\\/www.meydan.tv\\\/wp-content\\\/uploads\\\/2021\\\/07\\\/meydan-logo.svg\",\"width\":195,\"height\":46,\"caption\":\"Meydan TV\"},\"image\":{\"@id\":\"https:\\\/\\\/www.meydan.tv\\\/az\\\/#\\\/schema\\\/logo\\\/image\\\/\"}},{\"@type\":\"Person\",\"@id\":\"https:\\\/\\\/www.meydan.tv\\\/az\\\/#\\\/schema\\\/person\\\/9cdbecf90d17180ce1dfbd95b08dcf47\",\"name\":\"elli\",\"sameAs\":[\"https:\\\/\\\/x.com\\\/elli\"]}]}<\/script>\n<!-- \/ Yoast SEO plugin. -->","yoast_head_json":{"title":"\u00c7in v\u0259t\u0259nda\u015f\u0131n\u0131n Vahid Mustafayev\u0259 m\u0259xsus ma\u011fazadan saat o\u011furlad\u0131\u011f\u0131 iddia olunur (Yenil\u0259nib) - MEYDAN.TV","description":"O\u011furlanan saat\u0131n 330 min manat qiym\u0259ti varm\u0131\u015f.","robots":{"index":"index","follow":"follow","max-snippet":"max-snippet:-1","max-image-preview":"max-image-preview:large","max-video-preview":"max-video-preview:-1"},"canonical":"https:\/\/www.meydan.tv\/az\/article\/cin-vetendasinin-vahid-mustafayeve-mexsus-magazadan-saat-ogurladigi-iddia-olunur\/","og_locale":"az_AZ","og_type":"article","og_title":"\u00c7in v\u0259t\u0259nda\u015f\u0131n\u0131n Vahid Mustafayev\u0259 m\u0259xsus ma\u011fazadan saat o\u011furlad\u0131\u011f\u0131 iddia olunur (Yenil\u0259nib) - MEYDAN.TV","og_description":"O\u011furlanan saat\u0131n 330 min manat qiym\u0259ti varm\u0131\u015f.","og_url":"https:\/\/www.meydan.tv\/az\/article\/cin-vetendasinin-vahid-mustafayeve-mexsus-magazadan-saat-ogurladigi-iddia-olunur\/","og_site_name":"MEYDAN.TV","article_published_time":"2024-10-11T12:01:20+00:00","article_modified_time":"2024-10-11T15:00:36+00:00","og_image":[{"width":1200,"height":797,"url":"https:\/\/www.meydan.tv\/wp-content\/uploads\/2017-05-24-17-05-401495623150_103158_src.jpg","type":"image\/jpeg"}],"author":"elli","twitter_card":"summary_large_image","twitter_creator":"@elli","schema":{"@context":"https:\/\/schema.org","@graph":[{"@type":"Article","@id":"https:\/\/www.meydan.tv\/az\/article\/cin-vetendasinin-vahid-mustafayeve-mexsus-magazadan-saat-ogurladigi-iddia-olunur\/#article","isPartOf":{"@id":"https:\/\/www.meydan.tv\/az\/article\/cin-vetendasinin-vahid-mustafayeve-mexsus-magazadan-saat-ogurladigi-iddia-olunur\/"},"author":{"name":"elli","@id":"https:\/\/www.meydan.tv\/az\/#\/schema\/person\/9cdbecf90d17180ce1dfbd95b08dcf47"},"headline":"\u00c7in v\u0259t\u0259nda\u015f\u0131n\u0131n Vahid Mustafayev\u0259 m\u0259xsus ma\u011fazadan saat o\u011furlad\u0131\u011f\u0131 iddia olunur (Yenil\u0259nib)","datePublished":"2024-10-11T12:01:20+00:00","dateModified":"2024-10-11T15:00:36+00:00","mainEntityOfPage":{"@id":"https:\/\/www.meydan.tv\/az\/article\/cin-vetendasinin-vahid-mustafayeve-mexsus-magazadan-saat-ogurladigi-iddia-olunur\/"},"wordCount":401,"publisher":{"@id":"https:\/\/www.meydan.tv\/az\/#organization"},"image":{"@id":"https:\/\/www.meydan.tv\/az\/article\/cin-vetendasinin-vahid-mustafayeve-mexsus-magazadan-saat-ogurladigi-iddia-olunur\/#primaryimage"},"thumbnailUrl":"https:\/\/www.meydan.tv\/wp-content\/uploads\/2017-05-24-17-05-401495623150_103158_src.jpg","articleSection":["Sosial","X\u0259b\u0259rl\u0259r"],"inLanguage":"az"},{"@type":"WebPage","@id":"https:\/\/www.meydan.tv\/az\/article\/cin-vetendasinin-vahid-mustafayeve-mexsus-magazadan-saat-ogurladigi-iddia-olunur\/","url":"https:\/\/www.meydan.tv\/az\/article\/cin-vetendasinin-vahid-mustafayeve-mexsus-magazadan-saat-ogurladigi-iddia-olunur\/","name":"\u00c7in v\u0259t\u0259nda\u015f\u0131n\u0131n Vahid Mustafayev\u0259 m\u0259xsus ma\u011fazadan saat o\u011furlad\u0131\u011f\u0131 iddia olunur (Yenil\u0259nib) - MEYDAN.TV","isPartOf":{"@id":"https:\/\/www.meydan.tv\/az\/#website"},"primaryImageOfPage":{"@id":"https:\/\/www.meydan.tv\/az\/article\/cin-vetendasinin-vahid-mustafayeve-mexsus-magazadan-saat-ogurladigi-iddia-olunur\/#primaryimage"},"image":{"@id":"https:\/\/www.meydan.tv\/az\/article\/cin-vetendasinin-vahid-mustafayeve-mexsus-magazadan-saat-ogurladigi-iddia-olunur\/#primaryimage"},"thumbnailUrl":"https:\/\/www.meydan.tv\/wp-content\/uploads\/2017-05-24-17-05-401495623150_103158_src.jpg","datePublished":"2024-10-11T12:01:20+00:00","dateModified":"2024-10-11T15:00:36+00:00","description":"O\u011furlanan saat\u0131n 330 min manat qiym\u0259ti varm\u0131\u015f.","breadcrumb":{"@id":"https:\/\/www.meydan.tv\/az\/article\/cin-vetendasinin-vahid-mustafayeve-mexsus-magazadan-saat-ogurladigi-iddia-olunur\/#breadcrumb"},"inLanguage":"az","potentialAction":[{"@type":"ReadAction","target":["https:\/\/www.meydan.tv\/az\/article\/cin-vetendasinin-vahid-mustafayeve-mexsus-magazadan-saat-ogurladigi-iddia-olunur\/"]}]},{"@type":"ImageObject","inLanguage":"az","@id":"https:\/\/www.meydan.tv\/az\/article\/cin-vetendasinin-vahid-mustafayeve-mexsus-magazadan-saat-ogurladigi-iddia-olunur\/#primaryimage","url":"https:\/\/www.meydan.tv\/wp-content\/uploads\/2017-05-24-17-05-401495623150_103158_src.jpg","contentUrl":"https:\/\/www.meydan.tv\/wp-content\/uploads\/2017-05-24-17-05-401495623150_103158_src.jpg","width":1200,"height":797,"caption":"Foto: \u201cVMF Continental\u201d"},{"@type":"BreadcrumbList","@id":"https:\/\/www.meydan.tv\/az\/article\/cin-vetendasinin-vahid-mustafayeve-mexsus-magazadan-saat-ogurladigi-iddia-olunur\/#breadcrumb","itemListElement":[{"@type":"ListItem","position":1,"name":"Ana s\u0259hif\u0259","item":"https:\/\/www.meydan.tv\/az\/"},{"@type":"ListItem","position":2,"name":"Sosial","item":"https:\/\/www.meydan.tv\/az\/section\/sosial\/"},{"@type":"ListItem","position":3,"name":"\u00c7in v\u0259t\u0259nda\u015f\u0131n\u0131n Vahid Mustafayev\u0259 m\u0259xsus ma\u011fazadan saat o\u011furlad\u0131\u011f\u0131 iddia olunur (Yenil\u0259nib)"}]},{"@type":"WebSite","@id":"https:\/\/www.meydan.tv\/az\/#website","url":"https:\/\/www.meydan.tv\/az\/","name":"MEYDAN.TV","description":"Meydan TV Az\u0259rbaycan\u0131n media m\u0259kan\u0131ndak\u0131 alternativ s\u0259sidir","publisher":{"@id":"https:\/\/www.meydan.tv\/az\/#organization"},"potentialAction":[{"@type":"SearchAction","target":{"@type":"EntryPoint","urlTemplate":"https:\/\/www.meydan.tv\/az\/?s={search_term_string}"},"query-input":{"@type":"PropertyValueSpecification","valueRequired":true,"valueName":"search_term_string"}}],"inLanguage":"az"},{"@type":"Organization","@id":"https:\/\/www.meydan.tv\/az\/#organization","name":"Meydan TV","url":"https:\/\/www.meydan.tv\/az\/","logo":{"@type":"ImageObject","inLanguage":"az","@id":"https:\/\/www.meydan.tv\/az\/#\/schema\/logo\/image\/","url":"https:\/\/www.meydan.tv\/wp-content\/uploads\/2021\/07\/meydan-logo.svg","contentUrl":"https:\/\/www.meydan.tv\/wp-content\/uploads\/2021\/07\/meydan-logo.svg","width":195,"height":46,"caption":"Meydan TV"},"image":{"@id":"https:\/\/www.meydan.tv\/az\/#\/schema\/logo\/image\/"}},{"@type":"Person","@id":"https:\/\/www.meydan.tv\/az\/#\/schema\/person\/9cdbecf90d17180ce1dfbd95b08dcf47","name":"elli","sameAs":["https:\/\/x.com\/elli"]}]}},"_links":{"self":[{"href":"https:\/\/www.meydan.tv\/az\/wp-json\/wp\/v2\/posts\/317520","targetHints":{"allow":["GET"]}}],"collection":[{"href":"https:\/\/www.meydan.tv\/az\/wp-json\/wp\/v2\/posts"}],"about":[{"href":"https:\/\/www.meydan.tv\/az\/wp-json\/wp\/v2\/types\/post"}],"author":[{"embeddable":true,"href":"https:\/\/www.meydan.tv\/az\/wp-json\/wp\/v2\/users\/8"}],"replies":[{"embeddable":true,"href":"https:\/\/www.meydan.tv\/az\/wp-json\/wp\/v2\/comments?post=317520"}],"version-history":[{"count":7,"href":"https:\/\/www.meydan.tv\/az\/wp-json\/wp\/v2\/posts\/317520\/revisions"}],"predecessor-version":[{"id":317558,"href":"https:\/\/www.meydan.tv\/az\/wp-json\/wp\/v2\/posts\/317520\/revisions\/317558"}],"wp:featuredmedia":[{"embeddable":true,"href":"https:\/\/www.meydan.tv\/az\/wp-json\/wp\/v2\/media\/317523"}],"wp:attachment":[{"href":"https:\/\/www.meydan.tv\/az\/wp-json\/wp\/v2\/media?parent=317520"}],"wp:term":[{"taxonomy":"category","embeddable":true,"href":"https:\/\/www.meydan.tv\/az\/wp-json\/wp\/v2\/categories?post=317520"},{"taxonomy":"post_tag","embeddable":true,"href":"https:\/\/www.meydan.tv\/az\/wp-json\/wp\/v2\/tags?post=317520"}],"curies":[{"name":"wp","href":"https:\/\/api.w.org\/{rel}","templated":true}]}}