{"id":317379,"date":"2024-10-10T12:34:02","date_gmt":"2024-10-10T08:34:02","guid":{"rendered":"https:\/\/www.meydan.tv\/?p=317379"},"modified":"2024-10-10T15:54:29","modified_gmt":"2024-10-10T11:54:29","slug":"ailesinin-5-uzvunu-olduren-sexs-cezadan-azad-edilib","status":"publish","type":"post","link":"https:\/\/www.meydan.tv\/az\/article\/ailesinin-5-uzvunu-olduren-sexs-cezadan-azad-edilib\/","title":{"rendered":"Ail\u0259sinin 5 \u00fczv\u00fcn\u00fc \u00f6ld\u00fcr\u0259n \u015f\u0259xs c\u0259zadan azad edilib"},"content":{"rendered":"\n<p><\/p>\n\n\n\n<p><strong><em>\u018fhm\u0259d \u018fhm\u0259dov m\u0259cburi ixtisasla\u015fd\u0131r\u0131lm\u0131\u015f m\u00fcalic\u0259 m\u00fc\u0259ssis\u0259sin\u0259 yerl\u0259\u015fdirilib<\/em><\/strong><\/p>\n\n\n\n<p>Anas\u0131, atas\u0131, azya\u015fl\u0131 qarda\u015f\u0131, bac\u0131s\u0131 v\u0259 onun 3 ya\u015fl\u0131 q\u0131z\u0131n\u0131 q\u0259tl\u0259 yetirm\u0259kd\u0259 ittiham olunan 1999-cu il t\u0259v\u0259ll\u00fcdl\u00fc \u018fhm\u0259d \u018fhm\u0259dovun i\u015fi \u00fczr\u0259 m\u0259hk\u0259m\u0259 ara\u015fd\u0131rmalar\u0131 ba\u015fa \u00e7at\u0131b. <\/p>\n\n\n\n<p>Oktyabr\u0131n 10-da Bak\u0131 A\u011f\u0131r Cinay\u0259tl\u0259r M\u0259hk\u0259m\u0259sind\u0259 onun haqq\u0131nda q\u0259rar elan olunub. Q\u0259rara \u0259sas\u0259n, \u018fhm\u0259d \u018fhm\u0259dov cinay\u0259t ba\u015f ver\u0259rk\u0259n v\u0259 haz\u0131rda anlaqs\u0131z hesab edildiyin\u0259 g\u00f6r\u0259 c\u0259zadan azad olunub, m\u0259cburi ixtisasla\u015fd\u0131r\u0131lm\u0131\u015f m\u00fcalic\u0259 m\u00fc\u0259ssis\u0259sin\u0259 yerl\u0259\u015fdirilib. <\/p>\n\n\n\n<p>Q\u0259rar\u0131n icras\u0131 Ma\u015fta\u011fa q\u0259s\u0259b\u0259sind\u0259 yerl\u0259\u015f\u0259n Respublika Psixiatriya X\u0259st\u0259xanas\u0131na h\u0259val\u0259 edilib.<\/p>\n\n\n\n<p>Q\u0259rardan \u0259vv\u0259l m\u0259hk\u0259m\u0259d\u0259 z\u0259r\u0259r\u00e7\u0259kmi\u015fl\u0259rin h\u00fcquqi varisl\u0259rind\u0259n biri \u2013 \u018fhm\u0259d \u018fhm\u0259dovun bac\u0131s\u0131 Elmira Nift\u0259liyevan\u0131n qayn\u0131 R\u00fcst\u0259m Nift\u0259liyev ifad\u0259 verib. O bildirib ki, qarda\u015f\u0131n\u0131n h\u0259yat yolda\u015f\u0131 v\u0259 3 ya\u015fl\u0131 q\u0131z\u0131n\u0131n q\u0259tl\u0259 yetirilm\u0259si bar\u0259d\u0259 x\u0259b\u0259ri bac\u0131s\u0131ndan e\u015fidib, d\u0259rhal da hadis\u0259 yerin\u0259 yollan\u0131b:<\/p>\n\n\n\n<p><em>\u201cOra ged\u0259nd\u0259 h\u0259l\u0259 d\u0259 onlar\u0131n sa\u011f olduqlar\u0131na \u00fcmid edirdim. Sonuncu d\u0259f\u0259 qarda\u015f\u0131m q\u0131z\u0131 \u00dclviyy\u0259nin ad g\u00fcn\u00fcnd\u0259 onlarda olmu\u015fdum\u201d.<\/em><\/p>\n\n\n\n<p>R\u00fcst\u0259m Nift\u0259liyev ifad\u0259sinin sonunda qarda\u015f\u0131n\u0131n h\u0259yat yolda\u015f\u0131 v\u0259 q\u0131z\u0131n\u0131n \u00f6l\u00fcm\u00fcn\u0259 g\u00f6r\u0259 \u018fhm\u0259d \u018fhm\u0259dova \u00f6m\u00fcrl\u00fck azadl\u0131qdan m\u0259hrumetm\u0259 c\u0259zas\u0131 verilm\u0259sini t\u0259l\u0259b edib. O, m\u0259hk\u0259m\u0259y\u0259 \u0259riz\u0259sind\u0259 d\u0259 \u018fhm\u0259d \u018fhm\u0259dovdan \u015fikay\u0259t\u00e7i oldu\u011funu vur\u011fulay\u0131b.<\/p>\n\n\n\n<p>Daha sonra m\u0259hk\u0259m\u0259d\u0259 \u015fahidl\u0259r dindirilib.<\/p>\n\n\n\n<p>Bik\u0259 \u018fhm\u0259dova v\u0259 9 ya\u015fl\u0131 o\u011flu M\u0259h\u0259mm\u0259d balta il\u0259 binan\u0131n blokunda q\u0259tl\u0259 yetiril\u0259rk\u0259n qon\u015fu Sevinc Yusifzad\u0259 s\u0259s e\u015fitdib v\u0259 qap\u0131n\u0131 a\u00e7\u0131b. Onun s\u00f6zl\u0259rin\u0259 g\u00f6r\u0259, \u018fhm\u0259d \u018fhm\u0259dovun anas\u0131n\u0131 yer\u0259 y\u0131x\u0131b, baltan\u0131n sap\u0131 il\u0259 vurdu\u011funu g\u00f6r\u00fcb:<\/p>\n\n\n\n<p><em>\u201cQap\u0131n\u0131n dal\u0131ndan u\u015fa\u011f\u0131n q\u0131\u015fq\u0131rt\u0131s\u0131n\u0131 e\u015fidirdim. Deyirdi ki, \u201canam\u0131 \u00f6ld\u00fcrm\u0259, yaz\u0131qd\u0131r\u201d. M\u0259n \u00e7\u0131x\u0131b dedim ki, neynirs\u0259n? M\u0259ni t\u0259hqir el\u0259di\u201d.<\/em><\/p>\n\n\n\n<p>H\u0259min vaxt qorxdu\u011funu dey\u0259n qon\u015funun s\u00f6zl\u0259rin\u0259 g\u00f6r\u0259, uzun m\u00fcdd\u0259t psixoloji yard\u0131m al\u0131b.<br>M\u0259hk\u0259m\u0259d\u0259 \u018fhm\u0259d \u018fhm\u0259dovun atas\u0131n\u0131n xalas\u0131 o\u011flu V\u00fcqar \u018fhm\u0259dov da \u015fahid qismind\u0259 ifad\u0259 verib. O bildirib ki, xalas\u0131 o\u011flu Mehman \u018fhm\u0259dovun ail\u0259si qapal\u0131 idi, \u00f6z sirrini k\u0259nara \u00e7\u0131xarmazd\u0131:<\/p>\n\n\n\n<p>\u201c<em>\u00c7ox m\u0259lumat\u0131m olmasa da, bilirdim ki, \u018fhm\u0259d d\u0259rman i\u00e7irdi, M\u0259rdakana psixiatriya h\u0259kimin\u0259 m\u00fcalic\u0259y\u0259 apar\u0131rd\u0131. \u018fhm\u0259d Moskvada atas\u0131n\u0131n yan\u0131nda restoranda i\u015fl\u0259mi\u015fdi. Ondan pislik g\u00f6rm\u0259mi\u015fdim\u201d.<\/em><\/p>\n\n\n\n<p>M\u0259hk\u0259m\u0259d\u0259 \u018fhm\u0259d \u018fhm\u0259dovun hadis\u0259 g\u00fcn\u00fc balta ald\u0131\u011f\u0131 t\u0259s\u0259rr\u00fcfat mallar\u0131 ma\u011fazas\u0131n\u0131n sat\u0131c\u0131s\u0131 X\u0259qani Nadirov da ifad\u0259 verib. O bildirib ki, h\u0259min g\u00fcn \u018fhm\u0259d \u018fhm\u0259dovun \u0259lind\u0259 qan oldu\u011funu g\u00f6r\u00fcb, amma onun cinay\u0259t t\u00f6r\u0259tdiyini d\u00fc\u015f\u00fcnm\u0259yib. Baltan\u0131 is\u0259 20 manata sat\u0131b.<\/p>\n\n\n\n<p>Daha sonra m\u0259hk\u0259m\u0259d\u0259 s\u0259n\u0259dl\u0259r elan olunub. S\u0259n\u0259dl\u0259rin elan\u0131 zaman\u0131 ayd\u0131nla\u015f\u0131b ki, \u018fhm\u0259d \u018fhm\u0259dov haqq\u0131nda 2016-c\u0131 ild\u0259 d\u0259 q\u0259sd\u0259n sa\u011flaml\u0131\u011fa a\u011f\u0131r x\u0259sar\u0259t yetirm\u0259y\u0259 g\u00f6r\u0259 cinay\u0259t i\u015fi ba\u015flan\u0131b. 2017-ci ild\u0259 is\u0259 xitam verilib.<\/p>\n\n\n\n<p>\u018fhm\u0259d \u018fhm\u0259dov bir m\u00fcdd\u0259t \u0259vv\u0259l m\u0259hk\u0259m\u0259 q\u0259rar\u0131 il\u0259 f\u0259aliyy\u0259t qabiliyy\u0259ti olmayan \u015f\u0259xs elan olunub.<\/p>\n\n\n\n<p>S\u0259n\u0259dl\u0259r elan olunandan sonra d\u00f6vl\u0259t ittiham\u00e7\u0131s\u0131 Ziya Mansurov \u00e7\u0131x\u0131\u015f edib v\u0259 bildirib ki, \u018fhm\u0259d \u018fhm\u0259dovun psixi x\u0259st\u0259likd\u0259n \u0259ziyy\u0259t \u00e7\u0259km\u0259si, cinay\u0259ti d\u0259 bu x\u0259st\u0259liyin t\u0259siri alt\u0131nda anlaqs\u0131z v\u0259ziyy\u0259td\u0259 t\u00f6r\u0259tm\u0259si m\u0259hk\u0259m\u0259 ara\u015fd\u0131rmas\u0131 zaman\u0131 s\u00fcbuta yetirilib:<\/p>\n\n\n\n<p><em>\u201cOnun x\u0259st\u0259liyi davam edir. \u00d6z\u00fc v\u0259 \u0259trafdak\u0131lar \u00fc\u00e7\u00fcn t\u0259hl\u00fck\u0259li olmas\u0131 n\u0259z\u0259r\u0259 al\u0131naraq, c\u0259zadan azad edilm\u0259si v\u0259 ixtisasla\u015fd\u0131r\u0131lm\u0131\u015f m\u00fcalic\u0259 m\u00fc\u0259ssis\u0259sin\u0259 yerl\u0259\u015fdirilm\u0259si bar\u0259d\u0259 q\u0259rar q\u0259bul edilm\u0259sini xahi\u015f edir\u0259m\u201d.<\/em><\/p>\n\n\n\n<p>Z\u0259r\u0259r\u00e7\u0259kmi\u015fl\u0259rin h\u00fcquqi varisl\u0259ri d\u0259 prokurorun t\u0259klifin\u0259 etiraz etm\u0259yib.<br>Hakim \u018fhm\u0259d \u018fhm\u0259dovdan n\u0259s\u0259 dem\u0259k ist\u0259yib-ist\u0259m\u0259diyini soru\u015fub. O, \u201cs\u00f6z\u00fcm yoxdur\u201d cavab\u0131n\u0131 verib.<\/p>\n\n\n\n<p>S\u0259bin\u0259 M\u0259mm\u0259dzad\u0259, Azad M\u0259cidov v\u0259 \u018fli M\u0259mm\u0259dovdan ibar\u0259t hakiml\u0259r kollegiyas\u0131 t\u0259xmin\u0259n bir d\u0259qiq\u0259lik m\u00fc\u015favir\u0259d\u0259n sonra q\u0259rar\u0131 elan edib.<\/p>\n\n\n\n<p>\u018fhm\u0259d \u018fhm\u0259dov istintaqdak\u0131 ifad\u0259sind\u0259 bildirib ki, ail\u0259 \u00fczvl\u0259rini ona qar\u015f\u0131 saymazyana m\u00fcnasib\u0259t\u0259 v\u0259 diqq\u0259tsizliy\u0259 g\u00f6r\u0259 \u00f6ld\u00fcrm\u0259k q\u0259rar\u0131na g\u0259lib. Onun s\u00f6zl\u0259rin\u0259 g\u00f6r\u0259, h\u0259tta valideynl\u0259ri onun \u00fc\u00e7\u00fcn ayr\u0131ca ev alm\u0131\u015fd\u0131. O, h\u0259min m\u0259nzild\u0259 t\u0259k ya\u015fay\u0131rd\u0131 v\u0259 do\u011fmalar\u0131ndan laz\u0131mi diqq\u0259t, qay\u011f\u0131 g\u00f6rm\u00fcrd\u00fc, ail\u0259si il\u0259 d\u0259 m\u00fcnasib\u0259ti normal deyildi.<br>Onun ifad\u0259sin\u0259 \u0259sas\u0259n, \u0259vv\u0259ll\u0259r m\u00fcxt\u0259lif restoranlarda ofisiant v\u0259 barmen i\u015fl\u0259yib. Amma hadis\u0259 vaxt\u0131 he\u00e7 yerd\u0259 i\u015fl\u0259mirdi.<\/p>\n\n\n\n<p>Hadis\u0259 g\u00fcn\u00fc atas\u0131, 1972-ci il t\u0259v\u0259ll\u00fcdl\u00fc Mehman \u018fhm\u0259dov onu evl\u0259rin\u0259 apar\u0131b. Atas\u0131 s\u0259h\u0259r yem\u0259yi haz\u0131rlayanda is\u0259 q\u0259fild\u0259n onu \u00f6ld\u00fcrm\u0259k fikrin\u0259 d\u00fc\u015f\u00fcb. H\u0259min vaxt evd\u0259 onlar\u0131n ikisind\u0259n ba\u015fqa he\u00e7 kim olmay\u0131b. \u00c7\u00fcnki m\u0259kt\u0259b direktoru olan anas\u0131, 1977-ci il t\u0259v\u0259ll\u00fcdl\u00fc Bik\u0259 \u018fhm\u0259dova il\u0259 9 ya\u015fl\u0131 qarda\u015f\u0131 M\u0259h\u0259mm\u0259d h\u0259min vaxt m\u0259kt\u0259bd\u0259 olub.<\/p>\n\n\n\n<p>\u0130ttihama \u0259sas\u0259n, \u018fhm\u0259d \u018fhm\u0259dov m\u0259tb\u0259x b\u0131\u00e7a\u011f\u0131 il\u0259 atas\u0131n\u0131 q\u0259tl\u0259 yetir\u0259nd\u0259n sonra Mehman \u018fhm\u0259dovun \u201cHyundai\u201d markal\u0131 avtomobili il\u0259 G\u00fcn\u0259\u015fli q\u0259s\u0259b\u0259sind\u0259 ya\u015fayan bac\u0131s\u0131, 1997-ci il t\u0259v\u0259ll\u00fcdl\u00fc Elmira \u018fhm\u0259dovan\u0131n ya\u015fad\u0131\u011f\u0131 m\u0259nzil\u0259 gedib. \u018fhm\u0259d \u018fhm\u0259dovun ifad\u0259sin\u0259 g\u00f6r\u0259, o, m\u0259nzil\u0259 \u00e7atan kimi, bac\u0131s\u0131n\u0131 v\u0259 onun 5 ya\u015fl\u0131 q\u0131z\u0131 \u00dclviyy\u0259ni d\u0259 \u00f6ld\u00fcr\u00fcb.<\/p>\n\n\n\n<p>Bundan sonra o, avtomobill\u0259 geri \u2013 valideynl\u0259rinin ya\u015fad\u0131\u011f\u0131 ev\u0259 qay\u0131d\u0131b. Onun ifad\u0259sin\u0259 \u0259sas\u0259n, g\u00fcnorta saat 15.00 rad\u0259l\u0259rind\u0259 h\u0259y\u0259td\u0259ki \u201cAl Market\u201dd\u0259n siqaret almaq ist\u0259yib:<em> <\/em><\/p>\n\n\n\n<p><em>\u201cAmma \u0259limd\u0259 qan g\u00f6rd\u00fcl\u0259r, m\u0259n\u0259 siqaret satmad\u0131lar. Marketd\u0259n \u00e7\u0131xanda g\u00f6rd\u00fcm ki, anam v\u0259 qarda\u015f\u0131m M\u0259h\u0259mm\u0259d ya\u015fad\u0131\u011f\u0131m\u0131z ev\u0259 gedirl\u0259r. Anamla m\u00fcbahis\u0259 el\u0259dim. Ax\u0131rda dedi ki, \u201c\u00e7\u0131x get, bizi \u00e7ox incidirs\u0259n\u201d.<\/em><\/p>\n\n\n\n<p>Onun ifad\u0259sin\u0259 g\u00f6r\u0259, anas\u0131 v\u0259 qarda\u015f\u0131 binaya t\u0259r\u0259f gedib, \u00f6z\u00fc is\u0259 \u201c1001 x\u0131rdavat\u201d ma\u011fazas\u0131ndan balta al\u0131b. Daha sonra anas\u0131gilin ard\u0131nca binaya qalx\u0131b, qap\u0131n\u0131 a\u00e7maq ist\u0259y\u0259n anas\u0131n\u0131 balta il\u0259 vurub: <\/p>\n\n\n\n<p><em>\u201cBu zaman arxadan qon\u015fu qad\u0131n dedi ki, niy\u0259 vurusan anan\u0131? Onun \u00fcst\u00fcn\u0259 q\u0131\u015fq\u0131rd\u0131m. Sonra qarda\u015f\u0131m\u0131 vurdum. Baltan\u0131 \u015fkafla eyvan\u0131n aras\u0131nda gizl\u0259tdim, paltarlar\u0131m\u0131 d\u0259yi\u015fib \u00e7\u0131xd\u0131m\u201d.<\/em><\/p>\n\n\n\n<p>\u018fhm\u0259d \u018fhm\u0259dov ifad\u0259sind\u0259 \u0259lav\u0259 edib ki, binan\u0131n h\u0259y\u0259tind\u0259 polis i\u015f\u00e7il\u0259ri olub, \u00f6z\u00fcn\u00fc \u015f\u00fcbh\u0259li apard\u0131\u011f\u0131 \u00fc\u00e7\u00fcn onu saxlay\u0131blar v\u0259 X\u0259tai rayonu, 35-ci polis b\u00f6lm\u0259sin\u0259 g\u0259tiribl\u0259r.<\/p>\n","protected":false},"excerpt":{"rendered":"<p>\u018fhm\u0259d \u018fhm\u0259dov m\u0259cburi ixtisasla\u015fd\u0131r\u0131lm\u0131\u015f m\u00fcalic\u0259 m\u00fc\u0259ssis\u0259sin\u0259 yerl\u0259\u015fdirilib Anas\u0131, atas\u0131, azya\u015fl\u0131 &#8230; <\/p>\n<p class=\"read-more-container\"><a title=\"Ail\u0259sinin 5 \u00fczv\u00fcn\u00fc \u00f6ld\u00fcr\u0259n \u015f\u0259xs c\u0259zadan azad edilib\" class=\"read-more button\" href=\"https:\/\/www.meydan.tv\/az\/article\/ailesinin-5-uzvunu-olduren-sexs-cezadan-azad-edilib\/#more-317379\" aria-label=\"Read more about Ail\u0259sinin 5 \u00fczv\u00fcn\u00fc \u00f6ld\u00fcr\u0259n \u015f\u0259xs c\u0259zadan azad edilib\">Davam\u0131<\/a><\/p>\n","protected":false},"author":8,"featured_media":317376,"comment_status":"closed","ping_status":"closed","sticky":false,"template":"","format":"standard","meta":{"_acf_changed":false,"_sitemap_exclude":false,"_sitemap_priority":"","_sitemap_frequency":"","footnotes":""},"categories":[62,79,56],"tags":[],"class_list":["post-317379","post","type-post","status-publish","format-standard","has-post-thumbnail","hentry","category-sosial","category-featured","category-xeberler","infinite-scroll-item","generate-columns","tablet-grid-50","mobile-grid-100","grid-parent","grid-33","no-featured-image-padding"],"acf":[],"yoast_head":"<!-- This site is optimized with the Yoast SEO plugin v27.4 - https:\/\/yoast.com\/product\/yoast-seo-wordpress\/ -->\n<title>Ail\u0259sinin 5 \u00fczv\u00fcn\u00fc \u00f6ld\u00fcr\u0259n \u015f\u0259xs c\u0259zadan azad edilib - MEYDAN.TV<\/title>\n<meta name=\"description\" content=\"H\u0259m\u00e7inin ixtisasla\u015fd\u0131r\u0131lm\u0131\u015f m\u00fcalic\u0259 m\u00fc\u0259ssis\u0259sin\u0259 - Respublika Psixiatriya X\u0259st\u0259xanas\u0131na yerl\u0259\u015fdirilib.\" \/>\n<meta name=\"robots\" content=\"index, follow, max-snippet:-1, max-image-preview:large, max-video-preview:-1\" \/>\n<link rel=\"canonical\" href=\"https:\/\/www.meydan.tv\/az\/article\/ailesinin-5-uzvunu-olduren-sexs-cezadan-azad-edilib\/\" \/>\n<meta property=\"og:locale\" content=\"az_AZ\" \/>\n<meta property=\"og:type\" content=\"article\" \/>\n<meta property=\"og:title\" content=\"Ail\u0259sinin 5 \u00fczv\u00fcn\u00fc \u00f6ld\u00fcr\u0259n \u015f\u0259xs c\u0259zadan azad edilib - MEYDAN.TV\" \/>\n<meta property=\"og:description\" content=\"H\u0259m\u00e7inin ixtisasla\u015fd\u0131r\u0131lm\u0131\u015f m\u00fcalic\u0259 m\u00fc\u0259ssis\u0259sin\u0259 - Respublika Psixiatriya X\u0259st\u0259xanas\u0131na yerl\u0259\u015fdirilib.\" \/>\n<meta property=\"og:url\" content=\"https:\/\/www.meydan.tv\/az\/article\/ailesinin-5-uzvunu-olduren-sexs-cezadan-azad-edilib\/\" \/>\n<meta property=\"og:site_name\" content=\"MEYDAN.TV\" \/>\n<meta property=\"article:published_time\" content=\"2024-10-10T08:34:02+00:00\" \/>\n<meta property=\"article:modified_time\" content=\"2024-10-10T11:54:29+00:00\" \/>\n<meta property=\"og:image\" content=\"https:\/\/www.meydan.tv\/wp-content\/uploads\/photo-2024-10-10-12-21-57_720-e1728549080609.jpg\" \/>\n\t<meta property=\"og:image:width\" content=\"1200\" \/>\n\t<meta property=\"og:image:height\" content=\"450\" \/>\n\t<meta property=\"og:image:type\" content=\"image\/jpeg\" \/>\n<meta name=\"author\" content=\"elli\" \/>\n<meta name=\"twitter:card\" content=\"summary_large_image\" \/>\n<meta name=\"twitter:creator\" content=\"@elli\" \/>\n<script type=\"application\/ld+json\" class=\"yoast-schema-graph\">{\"@context\":\"https:\\\/\\\/schema.org\",\"@graph\":[{\"@type\":\"Article\",\"@id\":\"https:\\\/\\\/www.meydan.tv\\\/az\\\/article\\\/ailesinin-5-uzvunu-olduren-sexs-cezadan-azad-edilib\\\/#article\",\"isPartOf\":{\"@id\":\"https:\\\/\\\/www.meydan.tv\\\/az\\\/article\\\/ailesinin-5-uzvunu-olduren-sexs-cezadan-azad-edilib\\\/\"},\"author\":{\"name\":\"elli\",\"@id\":\"https:\\\/\\\/www.meydan.tv\\\/az\\\/#\\\/schema\\\/person\\\/9cdbecf90d17180ce1dfbd95b08dcf47\"},\"headline\":\"Ail\u0259sinin 5 \u00fczv\u00fcn\u00fc \u00f6ld\u00fcr\u0259n \u015f\u0259xs c\u0259zadan azad edilib\",\"datePublished\":\"2024-10-10T08:34:02+00:00\",\"dateModified\":\"2024-10-10T11:54:29+00:00\",\"mainEntityOfPage\":{\"@id\":\"https:\\\/\\\/www.meydan.tv\\\/az\\\/article\\\/ailesinin-5-uzvunu-olduren-sexs-cezadan-azad-edilib\\\/\"},\"wordCount\":1343,\"publisher\":{\"@id\":\"https:\\\/\\\/www.meydan.tv\\\/az\\\/#organization\"},\"image\":{\"@id\":\"https:\\\/\\\/www.meydan.tv\\\/az\\\/article\\\/ailesinin-5-uzvunu-olduren-sexs-cezadan-azad-edilib\\\/#primaryimage\"},\"thumbnailUrl\":\"https:\\\/\\\/www.meydan.tv\\\/wp-content\\\/uploads\\\/photo-2024-10-10-12-21-57_720-e1728549080609.jpg\",\"articleSection\":[\"Sosial\",\"T\u00f6vsiy\u0259\",\"X\u0259b\u0259rl\u0259r\"],\"inLanguage\":\"az\"},{\"@type\":\"WebPage\",\"@id\":\"https:\\\/\\\/www.meydan.tv\\\/az\\\/article\\\/ailesinin-5-uzvunu-olduren-sexs-cezadan-azad-edilib\\\/\",\"url\":\"https:\\\/\\\/www.meydan.tv\\\/az\\\/article\\\/ailesinin-5-uzvunu-olduren-sexs-cezadan-azad-edilib\\\/\",\"name\":\"Ail\u0259sinin 5 \u00fczv\u00fcn\u00fc \u00f6ld\u00fcr\u0259n \u015f\u0259xs c\u0259zadan azad edilib - MEYDAN.TV\",\"isPartOf\":{\"@id\":\"https:\\\/\\\/www.meydan.tv\\\/az\\\/#website\"},\"primaryImageOfPage\":{\"@id\":\"https:\\\/\\\/www.meydan.tv\\\/az\\\/article\\\/ailesinin-5-uzvunu-olduren-sexs-cezadan-azad-edilib\\\/#primaryimage\"},\"image\":{\"@id\":\"https:\\\/\\\/www.meydan.tv\\\/az\\\/article\\\/ailesinin-5-uzvunu-olduren-sexs-cezadan-azad-edilib\\\/#primaryimage\"},\"thumbnailUrl\":\"https:\\\/\\\/www.meydan.tv\\\/wp-content\\\/uploads\\\/photo-2024-10-10-12-21-57_720-e1728549080609.jpg\",\"datePublished\":\"2024-10-10T08:34:02+00:00\",\"dateModified\":\"2024-10-10T11:54:29+00:00\",\"description\":\"H\u0259m\u00e7inin ixtisasla\u015fd\u0131r\u0131lm\u0131\u015f m\u00fcalic\u0259 m\u00fc\u0259ssis\u0259sin\u0259 - Respublika Psixiatriya X\u0259st\u0259xanas\u0131na yerl\u0259\u015fdirilib.\",\"breadcrumb\":{\"@id\":\"https:\\\/\\\/www.meydan.tv\\\/az\\\/article\\\/ailesinin-5-uzvunu-olduren-sexs-cezadan-azad-edilib\\\/#breadcrumb\"},\"inLanguage\":\"az\",\"potentialAction\":[{\"@type\":\"ReadAction\",\"target\":[\"https:\\\/\\\/www.meydan.tv\\\/az\\\/article\\\/ailesinin-5-uzvunu-olduren-sexs-cezadan-azad-edilib\\\/\"]}]},{\"@type\":\"ImageObject\",\"inLanguage\":\"az\",\"@id\":\"https:\\\/\\\/www.meydan.tv\\\/az\\\/article\\\/ailesinin-5-uzvunu-olduren-sexs-cezadan-azad-edilib\\\/#primaryimage\",\"url\":\"https:\\\/\\\/www.meydan.tv\\\/wp-content\\\/uploads\\\/photo-2024-10-10-12-21-57_720-e1728549080609.jpg\",\"contentUrl\":\"https:\\\/\\\/www.meydan.tv\\\/wp-content\\\/uploads\\\/photo-2024-10-10-12-21-57_720-e1728549080609.jpg\",\"width\":1200,\"height\":450,\"caption\":\"\u018fhm\u0259d \u018fhm\u0259dov. Foto: Meydan TV\"},{\"@type\":\"BreadcrumbList\",\"@id\":\"https:\\\/\\\/www.meydan.tv\\\/az\\\/article\\\/ailesinin-5-uzvunu-olduren-sexs-cezadan-azad-edilib\\\/#breadcrumb\",\"itemListElement\":[{\"@type\":\"ListItem\",\"position\":1,\"name\":\"Ana s\u0259hif\u0259\",\"item\":\"https:\\\/\\\/www.meydan.tv\\\/az\\\/\"},{\"@type\":\"ListItem\",\"position\":2,\"name\":\"Sosial\",\"item\":\"https:\\\/\\\/www.meydan.tv\\\/az\\\/section\\\/sosial\\\/\"},{\"@type\":\"ListItem\",\"position\":3,\"name\":\"Ail\u0259sinin 5 \u00fczv\u00fcn\u00fc \u00f6ld\u00fcr\u0259n \u015f\u0259xs c\u0259zadan azad edilib\"}]},{\"@type\":\"WebSite\",\"@id\":\"https:\\\/\\\/www.meydan.tv\\\/az\\\/#website\",\"url\":\"https:\\\/\\\/www.meydan.tv\\\/az\\\/\",\"name\":\"MEYDAN.TV\",\"description\":\"Meydan TV Az\u0259rbaycan\u0131n media m\u0259kan\u0131ndak\u0131 alternativ s\u0259sidir\",\"publisher\":{\"@id\":\"https:\\\/\\\/www.meydan.tv\\\/az\\\/#organization\"},\"potentialAction\":[{\"@type\":\"SearchAction\",\"target\":{\"@type\":\"EntryPoint\",\"urlTemplate\":\"https:\\\/\\\/www.meydan.tv\\\/az\\\/?s={search_term_string}\"},\"query-input\":{\"@type\":\"PropertyValueSpecification\",\"valueRequired\":true,\"valueName\":\"search_term_string\"}}],\"inLanguage\":\"az\"},{\"@type\":\"Organization\",\"@id\":\"https:\\\/\\\/www.meydan.tv\\\/az\\\/#organization\",\"name\":\"Meydan TV\",\"url\":\"https:\\\/\\\/www.meydan.tv\\\/az\\\/\",\"logo\":{\"@type\":\"ImageObject\",\"inLanguage\":\"az\",\"@id\":\"https:\\\/\\\/www.meydan.tv\\\/az\\\/#\\\/schema\\\/logo\\\/image\\\/\",\"url\":\"https:\\\/\\\/www.meydan.tv\\\/wp-content\\\/uploads\\\/2021\\\/07\\\/meydan-logo.svg\",\"contentUrl\":\"https:\\\/\\\/www.meydan.tv\\\/wp-content\\\/uploads\\\/2021\\\/07\\\/meydan-logo.svg\",\"width\":195,\"height\":46,\"caption\":\"Meydan TV\"},\"image\":{\"@id\":\"https:\\\/\\\/www.meydan.tv\\\/az\\\/#\\\/schema\\\/logo\\\/image\\\/\"}},{\"@type\":\"Person\",\"@id\":\"https:\\\/\\\/www.meydan.tv\\\/az\\\/#\\\/schema\\\/person\\\/9cdbecf90d17180ce1dfbd95b08dcf47\",\"name\":\"elli\",\"sameAs\":[\"https:\\\/\\\/x.com\\\/elli\"]}]}<\/script>\n<!-- \/ Yoast SEO plugin. -->","yoast_head_json":{"title":"Ail\u0259sinin 5 \u00fczv\u00fcn\u00fc \u00f6ld\u00fcr\u0259n \u015f\u0259xs c\u0259zadan azad edilib - MEYDAN.TV","description":"H\u0259m\u00e7inin ixtisasla\u015fd\u0131r\u0131lm\u0131\u015f m\u00fcalic\u0259 m\u00fc\u0259ssis\u0259sin\u0259 - Respublika Psixiatriya X\u0259st\u0259xanas\u0131na yerl\u0259\u015fdirilib.","robots":{"index":"index","follow":"follow","max-snippet":"max-snippet:-1","max-image-preview":"max-image-preview:large","max-video-preview":"max-video-preview:-1"},"canonical":"https:\/\/www.meydan.tv\/az\/article\/ailesinin-5-uzvunu-olduren-sexs-cezadan-azad-edilib\/","og_locale":"az_AZ","og_type":"article","og_title":"Ail\u0259sinin 5 \u00fczv\u00fcn\u00fc \u00f6ld\u00fcr\u0259n \u015f\u0259xs c\u0259zadan azad edilib - MEYDAN.TV","og_description":"H\u0259m\u00e7inin ixtisasla\u015fd\u0131r\u0131lm\u0131\u015f m\u00fcalic\u0259 m\u00fc\u0259ssis\u0259sin\u0259 - Respublika Psixiatriya X\u0259st\u0259xanas\u0131na yerl\u0259\u015fdirilib.","og_url":"https:\/\/www.meydan.tv\/az\/article\/ailesinin-5-uzvunu-olduren-sexs-cezadan-azad-edilib\/","og_site_name":"MEYDAN.TV","article_published_time":"2024-10-10T08:34:02+00:00","article_modified_time":"2024-10-10T11:54:29+00:00","og_image":[{"width":1200,"height":450,"url":"https:\/\/www.meydan.tv\/wp-content\/uploads\/photo-2024-10-10-12-21-57_720-e1728549080609.jpg","type":"image\/jpeg"}],"author":"elli","twitter_card":"summary_large_image","twitter_creator":"@elli","schema":{"@context":"https:\/\/schema.org","@graph":[{"@type":"Article","@id":"https:\/\/www.meydan.tv\/az\/article\/ailesinin-5-uzvunu-olduren-sexs-cezadan-azad-edilib\/#article","isPartOf":{"@id":"https:\/\/www.meydan.tv\/az\/article\/ailesinin-5-uzvunu-olduren-sexs-cezadan-azad-edilib\/"},"author":{"name":"elli","@id":"https:\/\/www.meydan.tv\/az\/#\/schema\/person\/9cdbecf90d17180ce1dfbd95b08dcf47"},"headline":"Ail\u0259sinin 5 \u00fczv\u00fcn\u00fc \u00f6ld\u00fcr\u0259n \u015f\u0259xs c\u0259zadan azad edilib","datePublished":"2024-10-10T08:34:02+00:00","dateModified":"2024-10-10T11:54:29+00:00","mainEntityOfPage":{"@id":"https:\/\/www.meydan.tv\/az\/article\/ailesinin-5-uzvunu-olduren-sexs-cezadan-azad-edilib\/"},"wordCount":1343,"publisher":{"@id":"https:\/\/www.meydan.tv\/az\/#organization"},"image":{"@id":"https:\/\/www.meydan.tv\/az\/article\/ailesinin-5-uzvunu-olduren-sexs-cezadan-azad-edilib\/#primaryimage"},"thumbnailUrl":"https:\/\/www.meydan.tv\/wp-content\/uploads\/photo-2024-10-10-12-21-57_720-e1728549080609.jpg","articleSection":["Sosial","T\u00f6vsiy\u0259","X\u0259b\u0259rl\u0259r"],"inLanguage":"az"},{"@type":"WebPage","@id":"https:\/\/www.meydan.tv\/az\/article\/ailesinin-5-uzvunu-olduren-sexs-cezadan-azad-edilib\/","url":"https:\/\/www.meydan.tv\/az\/article\/ailesinin-5-uzvunu-olduren-sexs-cezadan-azad-edilib\/","name":"Ail\u0259sinin 5 \u00fczv\u00fcn\u00fc \u00f6ld\u00fcr\u0259n \u015f\u0259xs c\u0259zadan azad edilib - MEYDAN.TV","isPartOf":{"@id":"https:\/\/www.meydan.tv\/az\/#website"},"primaryImageOfPage":{"@id":"https:\/\/www.meydan.tv\/az\/article\/ailesinin-5-uzvunu-olduren-sexs-cezadan-azad-edilib\/#primaryimage"},"image":{"@id":"https:\/\/www.meydan.tv\/az\/article\/ailesinin-5-uzvunu-olduren-sexs-cezadan-azad-edilib\/#primaryimage"},"thumbnailUrl":"https:\/\/www.meydan.tv\/wp-content\/uploads\/photo-2024-10-10-12-21-57_720-e1728549080609.jpg","datePublished":"2024-10-10T08:34:02+00:00","dateModified":"2024-10-10T11:54:29+00:00","description":"H\u0259m\u00e7inin ixtisasla\u015fd\u0131r\u0131lm\u0131\u015f m\u00fcalic\u0259 m\u00fc\u0259ssis\u0259sin\u0259 - Respublika Psixiatriya X\u0259st\u0259xanas\u0131na yerl\u0259\u015fdirilib.","breadcrumb":{"@id":"https:\/\/www.meydan.tv\/az\/article\/ailesinin-5-uzvunu-olduren-sexs-cezadan-azad-edilib\/#breadcrumb"},"inLanguage":"az","potentialAction":[{"@type":"ReadAction","target":["https:\/\/www.meydan.tv\/az\/article\/ailesinin-5-uzvunu-olduren-sexs-cezadan-azad-edilib\/"]}]},{"@type":"ImageObject","inLanguage":"az","@id":"https:\/\/www.meydan.tv\/az\/article\/ailesinin-5-uzvunu-olduren-sexs-cezadan-azad-edilib\/#primaryimage","url":"https:\/\/www.meydan.tv\/wp-content\/uploads\/photo-2024-10-10-12-21-57_720-e1728549080609.jpg","contentUrl":"https:\/\/www.meydan.tv\/wp-content\/uploads\/photo-2024-10-10-12-21-57_720-e1728549080609.jpg","width":1200,"height":450,"caption":"\u018fhm\u0259d \u018fhm\u0259dov. Foto: Meydan TV"},{"@type":"BreadcrumbList","@id":"https:\/\/www.meydan.tv\/az\/article\/ailesinin-5-uzvunu-olduren-sexs-cezadan-azad-edilib\/#breadcrumb","itemListElement":[{"@type":"ListItem","position":1,"name":"Ana s\u0259hif\u0259","item":"https:\/\/www.meydan.tv\/az\/"},{"@type":"ListItem","position":2,"name":"Sosial","item":"https:\/\/www.meydan.tv\/az\/section\/sosial\/"},{"@type":"ListItem","position":3,"name":"Ail\u0259sinin 5 \u00fczv\u00fcn\u00fc \u00f6ld\u00fcr\u0259n \u015f\u0259xs c\u0259zadan azad edilib"}]},{"@type":"WebSite","@id":"https:\/\/www.meydan.tv\/az\/#website","url":"https:\/\/www.meydan.tv\/az\/","name":"MEYDAN.TV","description":"Meydan TV Az\u0259rbaycan\u0131n media m\u0259kan\u0131ndak\u0131 alternativ s\u0259sidir","publisher":{"@id":"https:\/\/www.meydan.tv\/az\/#organization"},"potentialAction":[{"@type":"SearchAction","target":{"@type":"EntryPoint","urlTemplate":"https:\/\/www.meydan.tv\/az\/?s={search_term_string}"},"query-input":{"@type":"PropertyValueSpecification","valueRequired":true,"valueName":"search_term_string"}}],"inLanguage":"az"},{"@type":"Organization","@id":"https:\/\/www.meydan.tv\/az\/#organization","name":"Meydan TV","url":"https:\/\/www.meydan.tv\/az\/","logo":{"@type":"ImageObject","inLanguage":"az","@id":"https:\/\/www.meydan.tv\/az\/#\/schema\/logo\/image\/","url":"https:\/\/www.meydan.tv\/wp-content\/uploads\/2021\/07\/meydan-logo.svg","contentUrl":"https:\/\/www.meydan.tv\/wp-content\/uploads\/2021\/07\/meydan-logo.svg","width":195,"height":46,"caption":"Meydan TV"},"image":{"@id":"https:\/\/www.meydan.tv\/az\/#\/schema\/logo\/image\/"}},{"@type":"Person","@id":"https:\/\/www.meydan.tv\/az\/#\/schema\/person\/9cdbecf90d17180ce1dfbd95b08dcf47","name":"elli","sameAs":["https:\/\/x.com\/elli"]}]}},"_links":{"self":[{"href":"https:\/\/www.meydan.tv\/az\/wp-json\/wp\/v2\/posts\/317379","targetHints":{"allow":["GET"]}}],"collection":[{"href":"https:\/\/www.meydan.tv\/az\/wp-json\/wp\/v2\/posts"}],"about":[{"href":"https:\/\/www.meydan.tv\/az\/wp-json\/wp\/v2\/types\/post"}],"author":[{"embeddable":true,"href":"https:\/\/www.meydan.tv\/az\/wp-json\/wp\/v2\/users\/8"}],"replies":[{"embeddable":true,"href":"https:\/\/www.meydan.tv\/az\/wp-json\/wp\/v2\/comments?post=317379"}],"version-history":[{"count":6,"href":"https:\/\/www.meydan.tv\/az\/wp-json\/wp\/v2\/posts\/317379\/revisions"}],"predecessor-version":[{"id":317409,"href":"https:\/\/www.meydan.tv\/az\/wp-json\/wp\/v2\/posts\/317379\/revisions\/317409"}],"wp:featuredmedia":[{"embeddable":true,"href":"https:\/\/www.meydan.tv\/az\/wp-json\/wp\/v2\/media\/317376"}],"wp:attachment":[{"href":"https:\/\/www.meydan.tv\/az\/wp-json\/wp\/v2\/media?parent=317379"}],"wp:term":[{"taxonomy":"category","embeddable":true,"href":"https:\/\/www.meydan.tv\/az\/wp-json\/wp\/v2\/categories?post=317379"},{"taxonomy":"post_tag","embeddable":true,"href":"https:\/\/www.meydan.tv\/az\/wp-json\/wp\/v2\/tags?post=317379"}],"curies":[{"name":"wp","href":"https:\/\/api.w.org\/{rel}","templated":true}]}}