{"id":317367,"date":"2024-10-09T23:09:46","date_gmt":"2024-10-09T19:09:46","guid":{"rendered":"https:\/\/www.meydan.tv\/?p=317367"},"modified":"2024-10-10T11:35:42","modified_gmt":"2024-10-10T07:35:42","slug":"apelyasiya-mehkemesi-vekilin-dtx-ya-qarsi-sikayetini-haqli-sayib","status":"publish","type":"post","link":"https:\/\/www.meydan.tv\/az\/article\/apelyasiya-mehkemesi-vekilin-dtx-ya-qarsi-sikayetini-haqli-sayib\/","title":{"rendered":"Apelyasiya m\u0259hk\u0259m\u0259si v\u0259kilin DTX-ya qar\u015f\u0131 \u015fikay\u0259tini haql\u0131 say\u0131b"},"content":{"rendered":"\n<p><\/p>\n\n\n\n<p><strong><em>Qapal\u0131 ke\u00e7iril\u0259n m\u0259hk\u0259m\u0259 iclas\u0131nda Fariz Namazl\u0131n\u0131n \u00f6z\u00fc d\u0259 i\u015ftirak etm\u0259yib<\/em><\/strong><\/p>\n\n\n\n<p>Bir \u00e7ox ictimai-siyasi f\u0259allar\u0131n h\u00fcquqlar\u0131n\u0131 m\u00fcdafi\u0259 ed\u0259n v\u0259kil Fariz Namazl\u0131 D\u00f6vl\u0259t T\u0259hl\u00fck\u0259sizliyi Xidm\u0259tinin (DTX) \u0259m\u0259kda\u015flar\u0131 t\u0259r\u0259find\u0259n saxlan\u0131laraq, telefonunun \u0259lind\u0259n al\u0131nmas\u0131, bu quruma apar\u0131lmas\u0131 v\u0259 gec\u0259 saatlar\u0131na q\u0259d\u0259r orada dindirilm\u0259si il\u0259 \u0259laq\u0259dar m\u0259hk\u0259m\u0259y\u0259 m\u00fcraci\u0259t ets\u0259 d\u0259, onun \u015fikay\u0259ti icraata g\u00f6t\u00fcr\u00fclm\u0259mi\u015fdi. Y\u0259ni S\u0259bail Rayon M\u0259hk\u0259m\u0259si v\u0259kilin DTX-ya qar\u015f\u0131 \u015fikay\u0259tini ara\u015fd\u0131rmaqdan imtina etmi\u015f, m\u00fcraci\u0259t\u0259 bax\u0131lmamas\u0131 haqda q\u0259rardad \u00e7\u0131xar\u0131lm\u0131\u015fd\u0131. Fariz Namazl\u0131 da h\u0259min q\u0259rardad\u0131n l\u0259\u011fvi \u00fc\u00e7\u00fcn apelyasiya \u015fikay\u0259ti vermi\u015fdi.<\/p>\n\n\n\n<p>Onun \u015fikay\u0259tin\u0259 Bak\u0131 Apelyasiya M\u0259hk\u0259m\u0259sind\u0259 hakim Mirz\u0259li Abbasovun s\u0259drliyil\u0259 bax\u0131l\u0131b. Meydan TV-nin \u0259ld\u0259 etdiyi m\u0259lumata g\u00f6r\u0259, qapal\u0131 ke\u00e7iril\u0259n m\u0259hk\u0259m\u0259 iclas\u0131nda he\u00e7 Fariz Namazl\u0131 \u00f6z\u00fc d\u0259 i\u015ftirak etm\u0259yib. Buna baxmayaraq, onun apelyasiya \u015fikay\u0259ti haql\u0131 say\u0131laraq, t\u0259min edilib \u2013 S\u0259bail Rayon M\u0259hk\u0259m\u0259sinin hakimi Az\u0259r Ta\u011f\u0131yevin 24 sentyabrda \u00e7\u0131xard\u0131\u011f\u0131 q\u0259rardad qanunsuz v\u0259 \u0259sass\u0131z hesab olunaraq, l\u0259\u011fv edilib.<\/p>\n\n\n\n<p>Apelyasiya m\u0259hk\u0259m\u0259si q\u0259rar verib ki, v\u0259kilin DTX-ya qar\u015f\u0131 \u015fikay\u0259ti mahiyy\u0259ti \u00fczr\u0259 ara\u015fd\u0131r\u0131lmal\u0131d\u0131r. Bu s\u0259b\u0259bd\u0259n d\u0259 i\u015f yenid\u0259n S\u0259bail Rayon M\u0259hk\u0259m\u0259sin\u0259 qaytar\u0131l\u0131b.<\/p>\n\n\n\n<p>Fariz Namazl\u0131 avqustun 31-d\u0259 ax\u015fam saat 21.00 rad\u0259l\u0259rind\u0259 Bak\u0131da kafel\u0259rd\u0259n birind\u0259 dostlar\u0131 il\u0259 birlikd\u0259 olark\u0259n DTX \u0259m\u0259kda\u015flar\u0131 t\u0259r\u0259find\u0259n saxlan\u0131l\u0131b, h\u0259min vaxt stolun \u00fcst\u00fcnd\u0259 olan telefonu da g\u00f6t\u00fcr\u00fcl\u00fcb. O, DTX-n\u0131n binas\u0131na apar\u0131l\u0131b, 3 saat yar\u0131m orada saxlan\u0131laraq dindirilib. Sentyabr\u0131n 1-n\u0259 ke\u00e7\u0259n gec\u0259 saat 00.30 rad\u0259l\u0259rind\u0259 s\u0259rb\u0259st burax\u0131l\u0131b.<\/p>\n\n\n<div class=\"wp-block-image\">\n<figure class=\"alignleft size-large is-resized\"><img decoding=\"async\" width=\"1200\" height=\"613\" data-src=\"https:\/\/www.meydan.tv\/wp-content\/uploads\/21617-e1727248482658-1200x613.jpg\" alt=\"Fariz Namazl\u0131\" class=\"wp-image-57110 lazyload\" style=\"--smush-placeholder-width: 1200px; --smush-placeholder-aspect-ratio: 1200\/613;width:374px;height:auto\" src=\"data:image\/svg+xml;base64,PHN2ZyB3aWR0aD0iMSIgaGVpZ2h0PSIxIiB4bWxucz0iaHR0cDovL3d3dy53My5vcmcvMjAwMC9zdmciPjwvc3ZnPg==\" \/><figcaption class=\"wp-element-caption\">Foto: Fariz Namazl\u0131n\u0131n \u015f\u0259xsi axivind\u0259n<\/figcaption><\/figure>\n<\/div>\n\n\n<p>Ert\u0259si g\u00fcn \u201cFacebook\u201d hesab\u0131ndan payla\u015f\u0131m ed\u0259r\u0259k ba\u015f ver\u0259nl\u0259r\u0259 ayd\u0131nl\u0131q g\u0259tir\u0259n Fariz Namazl\u0131 bildirib ki, DTX-da \u015fahid qismind\u0259 ifad\u0259 verib. Lakin o, konkret hans\u0131 cinay\u0259t i\u015fi \u00fczr\u0259 dindirildiyini a\u00e7\u0131qlamay\u0131b. V\u0259kil i\u015f vaxt\u0131 ba\u015fa \u00e7atandan sonra, he\u00e7 bir \u0259sas g\u00f6st\u0259rilm\u0259d\u0259n DTX-ya apar\u0131ld\u0131\u011f\u0131n\u0131 v\u0259 bunun bu c\u00fcr davran\u0131\u015f\u0131n faktiki tutulma\u011fa b\u0259rab\u0259r oldu\u011funu vur\u011fulay\u0131b.<\/p>\n\n\n\n<p>Fariz Namazl\u0131 m\u0259hk\u0259m\u0259y\u0259 d\u0259 m\u0259hz \u00f6z\u00fcn\u0259 qar\u015f\u0131 bu davran\u0131\u015f\u0131n qanunsuz say\u0131lmas\u0131 t\u0259l\u0259bi il\u0259 \u015fikay\u0259t edib. V\u0259kil bildirir ki, onun ax\u015fam saat 21.00-da \u2013 i\u015fd\u0259n sonra kafed\u0259 saxlanmas\u0131, telefonunun \u0259lind\u0259n al\u0131nmas\u0131, gec\u0259 yar\u0131ya q\u0259d\u0259r DTX-da qalmas\u0131 qanunsuzdur. Onun s\u00f6zl\u0259rin\u0259 g\u00f6r\u0259, \u0259g\u0259r \u015fahid qismind\u0259 dindirilm\u0259li idis\u0259, \u0259vv\u0259ld\u0259n ona ya telefon vasit\u0259sil\u0259, ya \u00e7a\u011f\u0131r\u0131\u015f v\u0259r\u0259q\u0259si il\u0259 bu bar\u0259d\u0259 m\u0259lumat verilm\u0259li idi:<\/p>\n\n\n\n<p><em>\u201cM\u0259nim kafed\u0259 oldu\u011fumu nec\u0259 bilibl\u0259r? Dem\u0259li, m\u0259ni izl\u0259yibl\u0259r. Hans\u0131 \u0259sasla m\u0259nim \u015f\u0259xsi h\u0259yat\u0131ma m\u00fcdaxil\u0259 olunub? M\u0259ni \u0259vv\u0259ld\u0259n \u00e7a\u011f\u0131rard\u0131lar, m\u0259n d\u0259 gedib ifad\u0259 ver\u0259rdim. M\u0259ni \u015fahid qismind\u0259 dindirdil\u0259r. Amma m\u0259n\u0259 qar\u015f\u0131 ba\u015f ver\u0259nl\u0259r faktiki tutulma\u011fa b\u0259rab\u0259rdir\u201d.<\/em><\/p>\n\n\n\n<p>DTX v\u0259kilin saxlanmas\u0131 v\u0259 dindirilm\u0259si bar\u0259d\u0259 m\u0259lumatlara m\u00fcnasib\u0259t bildirm\u0259yib.<\/p>\n","protected":false},"excerpt":{"rendered":"<p>Qapal\u0131 ke\u00e7iril\u0259n m\u0259hk\u0259m\u0259 iclas\u0131nda Fariz Namazl\u0131n\u0131n \u00f6z\u00fc d\u0259 i\u015ftirak etm\u0259yib &#8230; <\/p>\n<p class=\"read-more-container\"><a title=\"Apelyasiya m\u0259hk\u0259m\u0259si v\u0259kilin DTX-ya qar\u015f\u0131 \u015fikay\u0259tini haql\u0131 say\u0131b\" class=\"read-more button\" href=\"https:\/\/www.meydan.tv\/az\/article\/apelyasiya-mehkemesi-vekilin-dtx-ya-qarsi-sikayetini-haqli-sayib\/#more-317367\" aria-label=\"Read more about Apelyasiya m\u0259hk\u0259m\u0259si v\u0259kilin DTX-ya qar\u015f\u0131 \u015fikay\u0259tini haql\u0131 say\u0131b\">Davam\u0131<\/a><\/p>\n","protected":false},"author":8,"featured_media":279999,"comment_status":"closed","ping_status":"closed","sticky":false,"template":"","format":"standard","meta":{"_acf_changed":false,"_sitemap_exclude":false,"_sitemap_priority":"","_sitemap_frequency":"","footnotes":""},"categories":[59,56],"tags":[],"class_list":["post-317367","post","type-post","status-publish","format-standard","has-post-thumbnail","hentry","category-siyaset","category-xeberler","infinite-scroll-item","generate-columns","tablet-grid-50","mobile-grid-100","grid-parent","grid-33","no-featured-image-padding"],"acf":[],"yoast_head":"<!-- This site is optimized with the Yoast SEO plugin v27.4 - https:\/\/yoast.com\/product\/yoast-seo-wordpress\/ -->\n<title>Apelyasiya m\u0259hk\u0259m\u0259si v\u0259kilin DTX-ya qar\u015f\u0131 \u015fikay\u0259tini haql\u0131 say\u0131b - MEYDAN.TV<\/title>\n<meta name=\"description\" content=\"Apelyasiya m\u0259hk\u0259m\u0259si q\u0259rar verib ki, v\u0259kilin DTX-ya qar\u015f\u0131 \u015fikay\u0259ti mahiyy\u0259ti \u00fczr\u0259 ara\u015fd\u0131r\u0131lmal\u0131d\u0131r.\" \/>\n<meta name=\"robots\" content=\"index, follow, max-snippet:-1, max-image-preview:large, max-video-preview:-1\" \/>\n<link rel=\"canonical\" href=\"https:\/\/www.meydan.tv\/az\/article\/apelyasiya-mehkemesi-vekilin-dtx-ya-qarsi-sikayetini-haqli-sayib\/\" \/>\n<meta property=\"og:locale\" content=\"az_AZ\" \/>\n<meta property=\"og:type\" content=\"article\" \/>\n<meta property=\"og:title\" content=\"Apelyasiya m\u0259hk\u0259m\u0259si v\u0259kilin DTX-ya qar\u015f\u0131 \u015fikay\u0259tini haql\u0131 say\u0131b - MEYDAN.TV\" \/>\n<meta property=\"og:description\" content=\"Apelyasiya m\u0259hk\u0259m\u0259si q\u0259rar verib ki, v\u0259kilin DTX-ya qar\u015f\u0131 \u015fikay\u0259ti mahiyy\u0259ti \u00fczr\u0259 ara\u015fd\u0131r\u0131lmal\u0131d\u0131r.\" \/>\n<meta property=\"og:url\" content=\"https:\/\/www.meydan.tv\/az\/article\/apelyasiya-mehkemesi-vekilin-dtx-ya-qarsi-sikayetini-haqli-sayib\/\" \/>\n<meta property=\"og:site_name\" content=\"MEYDAN.TV\" \/>\n<meta property=\"article:published_time\" content=\"2024-10-09T19:09:46+00:00\" \/>\n<meta property=\"article:modified_time\" content=\"2024-10-10T07:35:42+00:00\" \/>\n<meta property=\"og:image\" content=\"https:\/\/www.meydan.tv\/wp-content\/uploads\/untitled-design-3-103.jpg\" \/>\n\t<meta property=\"og:image:width\" content=\"1200\" \/>\n\t<meta property=\"og:image:height\" content=\"800\" \/>\n\t<meta property=\"og:image:type\" content=\"image\/jpeg\" \/>\n<meta name=\"author\" content=\"elli\" \/>\n<meta name=\"twitter:card\" content=\"summary_large_image\" \/>\n<meta name=\"twitter:creator\" content=\"@elli\" \/>\n<script type=\"application\/ld+json\" class=\"yoast-schema-graph\">{\"@context\":\"https:\\\/\\\/schema.org\",\"@graph\":[{\"@type\":\"Article\",\"@id\":\"https:\\\/\\\/www.meydan.tv\\\/az\\\/article\\\/apelyasiya-mehkemesi-vekilin-dtx-ya-qarsi-sikayetini-haqli-sayib\\\/#article\",\"isPartOf\":{\"@id\":\"https:\\\/\\\/www.meydan.tv\\\/az\\\/article\\\/apelyasiya-mehkemesi-vekilin-dtx-ya-qarsi-sikayetini-haqli-sayib\\\/\"},\"author\":{\"name\":\"elli\",\"@id\":\"https:\\\/\\\/www.meydan.tv\\\/az\\\/#\\\/schema\\\/person\\\/9cdbecf90d17180ce1dfbd95b08dcf47\"},\"headline\":\"Apelyasiya m\u0259hk\u0259m\u0259si v\u0259kilin DTX-ya qar\u015f\u0131 \u015fikay\u0259tini haql\u0131 say\u0131b\",\"datePublished\":\"2024-10-09T19:09:46+00:00\",\"dateModified\":\"2024-10-10T07:35:42+00:00\",\"mainEntityOfPage\":{\"@id\":\"https:\\\/\\\/www.meydan.tv\\\/az\\\/article\\\/apelyasiya-mehkemesi-vekilin-dtx-ya-qarsi-sikayetini-haqli-sayib\\\/\"},\"wordCount\":616,\"publisher\":{\"@id\":\"https:\\\/\\\/www.meydan.tv\\\/az\\\/#organization\"},\"image\":{\"@id\":\"https:\\\/\\\/www.meydan.tv\\\/az\\\/article\\\/apelyasiya-mehkemesi-vekilin-dtx-ya-qarsi-sikayetini-haqli-sayib\\\/#primaryimage\"},\"thumbnailUrl\":\"https:\\\/\\\/www.meydan.tv\\\/wp-content\\\/uploads\\\/untitled-design-3-103.jpg\",\"articleSection\":[\"Siyas\u0259t\",\"X\u0259b\u0259rl\u0259r\"],\"inLanguage\":\"az\"},{\"@type\":\"WebPage\",\"@id\":\"https:\\\/\\\/www.meydan.tv\\\/az\\\/article\\\/apelyasiya-mehkemesi-vekilin-dtx-ya-qarsi-sikayetini-haqli-sayib\\\/\",\"url\":\"https:\\\/\\\/www.meydan.tv\\\/az\\\/article\\\/apelyasiya-mehkemesi-vekilin-dtx-ya-qarsi-sikayetini-haqli-sayib\\\/\",\"name\":\"Apelyasiya m\u0259hk\u0259m\u0259si v\u0259kilin DTX-ya qar\u015f\u0131 \u015fikay\u0259tini haql\u0131 say\u0131b - MEYDAN.TV\",\"isPartOf\":{\"@id\":\"https:\\\/\\\/www.meydan.tv\\\/az\\\/#website\"},\"primaryImageOfPage\":{\"@id\":\"https:\\\/\\\/www.meydan.tv\\\/az\\\/article\\\/apelyasiya-mehkemesi-vekilin-dtx-ya-qarsi-sikayetini-haqli-sayib\\\/#primaryimage\"},\"image\":{\"@id\":\"https:\\\/\\\/www.meydan.tv\\\/az\\\/article\\\/apelyasiya-mehkemesi-vekilin-dtx-ya-qarsi-sikayetini-haqli-sayib\\\/#primaryimage\"},\"thumbnailUrl\":\"https:\\\/\\\/www.meydan.tv\\\/wp-content\\\/uploads\\\/untitled-design-3-103.jpg\",\"datePublished\":\"2024-10-09T19:09:46+00:00\",\"dateModified\":\"2024-10-10T07:35:42+00:00\",\"description\":\"Apelyasiya m\u0259hk\u0259m\u0259si q\u0259rar verib ki, v\u0259kilin DTX-ya qar\u015f\u0131 \u015fikay\u0259ti mahiyy\u0259ti \u00fczr\u0259 ara\u015fd\u0131r\u0131lmal\u0131d\u0131r.\",\"breadcrumb\":{\"@id\":\"https:\\\/\\\/www.meydan.tv\\\/az\\\/article\\\/apelyasiya-mehkemesi-vekilin-dtx-ya-qarsi-sikayetini-haqli-sayib\\\/#breadcrumb\"},\"inLanguage\":\"az\",\"potentialAction\":[{\"@type\":\"ReadAction\",\"target\":[\"https:\\\/\\\/www.meydan.tv\\\/az\\\/article\\\/apelyasiya-mehkemesi-vekilin-dtx-ya-qarsi-sikayetini-haqli-sayib\\\/\"]}]},{\"@type\":\"ImageObject\",\"inLanguage\":\"az\",\"@id\":\"https:\\\/\\\/www.meydan.tv\\\/az\\\/article\\\/apelyasiya-mehkemesi-vekilin-dtx-ya-qarsi-sikayetini-haqli-sayib\\\/#primaryimage\",\"url\":\"https:\\\/\\\/www.meydan.tv\\\/wp-content\\\/uploads\\\/untitled-design-3-103.jpg\",\"contentUrl\":\"https:\\\/\\\/www.meydan.tv\\\/wp-content\\\/uploads\\\/untitled-design-3-103.jpg\",\"width\":1200,\"height\":800,\"caption\":\"Bak\u0131 Apelyasiya M\u0259hk\u0259m\u0259si. Foto: \\\"e-huquq.az\\\"\"},{\"@type\":\"BreadcrumbList\",\"@id\":\"https:\\\/\\\/www.meydan.tv\\\/az\\\/article\\\/apelyasiya-mehkemesi-vekilin-dtx-ya-qarsi-sikayetini-haqli-sayib\\\/#breadcrumb\",\"itemListElement\":[{\"@type\":\"ListItem\",\"position\":1,\"name\":\"Ana s\u0259hif\u0259\",\"item\":\"https:\\\/\\\/www.meydan.tv\\\/az\\\/\"},{\"@type\":\"ListItem\",\"position\":2,\"name\":\"Siyas\u0259t\",\"item\":\"https:\\\/\\\/www.meydan.tv\\\/az\\\/section\\\/siyaset\\\/\"},{\"@type\":\"ListItem\",\"position\":3,\"name\":\"Apelyasiya m\u0259hk\u0259m\u0259si v\u0259kilin DTX-ya qar\u015f\u0131 \u015fikay\u0259tini haql\u0131 say\u0131b\"}]},{\"@type\":\"WebSite\",\"@id\":\"https:\\\/\\\/www.meydan.tv\\\/az\\\/#website\",\"url\":\"https:\\\/\\\/www.meydan.tv\\\/az\\\/\",\"name\":\"MEYDAN.TV\",\"description\":\"Meydan TV Az\u0259rbaycan\u0131n media m\u0259kan\u0131ndak\u0131 alternativ s\u0259sidir\",\"publisher\":{\"@id\":\"https:\\\/\\\/www.meydan.tv\\\/az\\\/#organization\"},\"potentialAction\":[{\"@type\":\"SearchAction\",\"target\":{\"@type\":\"EntryPoint\",\"urlTemplate\":\"https:\\\/\\\/www.meydan.tv\\\/az\\\/?s={search_term_string}\"},\"query-input\":{\"@type\":\"PropertyValueSpecification\",\"valueRequired\":true,\"valueName\":\"search_term_string\"}}],\"inLanguage\":\"az\"},{\"@type\":\"Organization\",\"@id\":\"https:\\\/\\\/www.meydan.tv\\\/az\\\/#organization\",\"name\":\"Meydan TV\",\"url\":\"https:\\\/\\\/www.meydan.tv\\\/az\\\/\",\"logo\":{\"@type\":\"ImageObject\",\"inLanguage\":\"az\",\"@id\":\"https:\\\/\\\/www.meydan.tv\\\/az\\\/#\\\/schema\\\/logo\\\/image\\\/\",\"url\":\"https:\\\/\\\/www.meydan.tv\\\/wp-content\\\/uploads\\\/2021\\\/07\\\/meydan-logo.svg\",\"contentUrl\":\"https:\\\/\\\/www.meydan.tv\\\/wp-content\\\/uploads\\\/2021\\\/07\\\/meydan-logo.svg\",\"width\":195,\"height\":46,\"caption\":\"Meydan TV\"},\"image\":{\"@id\":\"https:\\\/\\\/www.meydan.tv\\\/az\\\/#\\\/schema\\\/logo\\\/image\\\/\"}},{\"@type\":\"Person\",\"@id\":\"https:\\\/\\\/www.meydan.tv\\\/az\\\/#\\\/schema\\\/person\\\/9cdbecf90d17180ce1dfbd95b08dcf47\",\"name\":\"elli\",\"sameAs\":[\"https:\\\/\\\/x.com\\\/elli\"]}]}<\/script>\n<!-- \/ Yoast SEO plugin. -->","yoast_head_json":{"title":"Apelyasiya m\u0259hk\u0259m\u0259si v\u0259kilin DTX-ya qar\u015f\u0131 \u015fikay\u0259tini haql\u0131 say\u0131b - MEYDAN.TV","description":"Apelyasiya m\u0259hk\u0259m\u0259si q\u0259rar verib ki, v\u0259kilin DTX-ya qar\u015f\u0131 \u015fikay\u0259ti mahiyy\u0259ti \u00fczr\u0259 ara\u015fd\u0131r\u0131lmal\u0131d\u0131r.","robots":{"index":"index","follow":"follow","max-snippet":"max-snippet:-1","max-image-preview":"max-image-preview:large","max-video-preview":"max-video-preview:-1"},"canonical":"https:\/\/www.meydan.tv\/az\/article\/apelyasiya-mehkemesi-vekilin-dtx-ya-qarsi-sikayetini-haqli-sayib\/","og_locale":"az_AZ","og_type":"article","og_title":"Apelyasiya m\u0259hk\u0259m\u0259si v\u0259kilin DTX-ya qar\u015f\u0131 \u015fikay\u0259tini haql\u0131 say\u0131b - MEYDAN.TV","og_description":"Apelyasiya m\u0259hk\u0259m\u0259si q\u0259rar verib ki, v\u0259kilin DTX-ya qar\u015f\u0131 \u015fikay\u0259ti mahiyy\u0259ti \u00fczr\u0259 ara\u015fd\u0131r\u0131lmal\u0131d\u0131r.","og_url":"https:\/\/www.meydan.tv\/az\/article\/apelyasiya-mehkemesi-vekilin-dtx-ya-qarsi-sikayetini-haqli-sayib\/","og_site_name":"MEYDAN.TV","article_published_time":"2024-10-09T19:09:46+00:00","article_modified_time":"2024-10-10T07:35:42+00:00","og_image":[{"width":1200,"height":800,"url":"https:\/\/www.meydan.tv\/wp-content\/uploads\/untitled-design-3-103.jpg","type":"image\/jpeg"}],"author":"elli","twitter_card":"summary_large_image","twitter_creator":"@elli","schema":{"@context":"https:\/\/schema.org","@graph":[{"@type":"Article","@id":"https:\/\/www.meydan.tv\/az\/article\/apelyasiya-mehkemesi-vekilin-dtx-ya-qarsi-sikayetini-haqli-sayib\/#article","isPartOf":{"@id":"https:\/\/www.meydan.tv\/az\/article\/apelyasiya-mehkemesi-vekilin-dtx-ya-qarsi-sikayetini-haqli-sayib\/"},"author":{"name":"elli","@id":"https:\/\/www.meydan.tv\/az\/#\/schema\/person\/9cdbecf90d17180ce1dfbd95b08dcf47"},"headline":"Apelyasiya m\u0259hk\u0259m\u0259si v\u0259kilin DTX-ya qar\u015f\u0131 \u015fikay\u0259tini haql\u0131 say\u0131b","datePublished":"2024-10-09T19:09:46+00:00","dateModified":"2024-10-10T07:35:42+00:00","mainEntityOfPage":{"@id":"https:\/\/www.meydan.tv\/az\/article\/apelyasiya-mehkemesi-vekilin-dtx-ya-qarsi-sikayetini-haqli-sayib\/"},"wordCount":616,"publisher":{"@id":"https:\/\/www.meydan.tv\/az\/#organization"},"image":{"@id":"https:\/\/www.meydan.tv\/az\/article\/apelyasiya-mehkemesi-vekilin-dtx-ya-qarsi-sikayetini-haqli-sayib\/#primaryimage"},"thumbnailUrl":"https:\/\/www.meydan.tv\/wp-content\/uploads\/untitled-design-3-103.jpg","articleSection":["Siyas\u0259t","X\u0259b\u0259rl\u0259r"],"inLanguage":"az"},{"@type":"WebPage","@id":"https:\/\/www.meydan.tv\/az\/article\/apelyasiya-mehkemesi-vekilin-dtx-ya-qarsi-sikayetini-haqli-sayib\/","url":"https:\/\/www.meydan.tv\/az\/article\/apelyasiya-mehkemesi-vekilin-dtx-ya-qarsi-sikayetini-haqli-sayib\/","name":"Apelyasiya m\u0259hk\u0259m\u0259si v\u0259kilin DTX-ya qar\u015f\u0131 \u015fikay\u0259tini haql\u0131 say\u0131b - MEYDAN.TV","isPartOf":{"@id":"https:\/\/www.meydan.tv\/az\/#website"},"primaryImageOfPage":{"@id":"https:\/\/www.meydan.tv\/az\/article\/apelyasiya-mehkemesi-vekilin-dtx-ya-qarsi-sikayetini-haqli-sayib\/#primaryimage"},"image":{"@id":"https:\/\/www.meydan.tv\/az\/article\/apelyasiya-mehkemesi-vekilin-dtx-ya-qarsi-sikayetini-haqli-sayib\/#primaryimage"},"thumbnailUrl":"https:\/\/www.meydan.tv\/wp-content\/uploads\/untitled-design-3-103.jpg","datePublished":"2024-10-09T19:09:46+00:00","dateModified":"2024-10-10T07:35:42+00:00","description":"Apelyasiya m\u0259hk\u0259m\u0259si q\u0259rar verib ki, v\u0259kilin DTX-ya qar\u015f\u0131 \u015fikay\u0259ti mahiyy\u0259ti \u00fczr\u0259 ara\u015fd\u0131r\u0131lmal\u0131d\u0131r.","breadcrumb":{"@id":"https:\/\/www.meydan.tv\/az\/article\/apelyasiya-mehkemesi-vekilin-dtx-ya-qarsi-sikayetini-haqli-sayib\/#breadcrumb"},"inLanguage":"az","potentialAction":[{"@type":"ReadAction","target":["https:\/\/www.meydan.tv\/az\/article\/apelyasiya-mehkemesi-vekilin-dtx-ya-qarsi-sikayetini-haqli-sayib\/"]}]},{"@type":"ImageObject","inLanguage":"az","@id":"https:\/\/www.meydan.tv\/az\/article\/apelyasiya-mehkemesi-vekilin-dtx-ya-qarsi-sikayetini-haqli-sayib\/#primaryimage","url":"https:\/\/www.meydan.tv\/wp-content\/uploads\/untitled-design-3-103.jpg","contentUrl":"https:\/\/www.meydan.tv\/wp-content\/uploads\/untitled-design-3-103.jpg","width":1200,"height":800,"caption":"Bak\u0131 Apelyasiya M\u0259hk\u0259m\u0259si. Foto: \"e-huquq.az\""},{"@type":"BreadcrumbList","@id":"https:\/\/www.meydan.tv\/az\/article\/apelyasiya-mehkemesi-vekilin-dtx-ya-qarsi-sikayetini-haqli-sayib\/#breadcrumb","itemListElement":[{"@type":"ListItem","position":1,"name":"Ana s\u0259hif\u0259","item":"https:\/\/www.meydan.tv\/az\/"},{"@type":"ListItem","position":2,"name":"Siyas\u0259t","item":"https:\/\/www.meydan.tv\/az\/section\/siyaset\/"},{"@type":"ListItem","position":3,"name":"Apelyasiya m\u0259hk\u0259m\u0259si v\u0259kilin DTX-ya qar\u015f\u0131 \u015fikay\u0259tini haql\u0131 say\u0131b"}]},{"@type":"WebSite","@id":"https:\/\/www.meydan.tv\/az\/#website","url":"https:\/\/www.meydan.tv\/az\/","name":"MEYDAN.TV","description":"Meydan TV Az\u0259rbaycan\u0131n media m\u0259kan\u0131ndak\u0131 alternativ s\u0259sidir","publisher":{"@id":"https:\/\/www.meydan.tv\/az\/#organization"},"potentialAction":[{"@type":"SearchAction","target":{"@type":"EntryPoint","urlTemplate":"https:\/\/www.meydan.tv\/az\/?s={search_term_string}"},"query-input":{"@type":"PropertyValueSpecification","valueRequired":true,"valueName":"search_term_string"}}],"inLanguage":"az"},{"@type":"Organization","@id":"https:\/\/www.meydan.tv\/az\/#organization","name":"Meydan TV","url":"https:\/\/www.meydan.tv\/az\/","logo":{"@type":"ImageObject","inLanguage":"az","@id":"https:\/\/www.meydan.tv\/az\/#\/schema\/logo\/image\/","url":"https:\/\/www.meydan.tv\/wp-content\/uploads\/2021\/07\/meydan-logo.svg","contentUrl":"https:\/\/www.meydan.tv\/wp-content\/uploads\/2021\/07\/meydan-logo.svg","width":195,"height":46,"caption":"Meydan TV"},"image":{"@id":"https:\/\/www.meydan.tv\/az\/#\/schema\/logo\/image\/"}},{"@type":"Person","@id":"https:\/\/www.meydan.tv\/az\/#\/schema\/person\/9cdbecf90d17180ce1dfbd95b08dcf47","name":"elli","sameAs":["https:\/\/x.com\/elli"]}]}},"_links":{"self":[{"href":"https:\/\/www.meydan.tv\/az\/wp-json\/wp\/v2\/posts\/317367","targetHints":{"allow":["GET"]}}],"collection":[{"href":"https:\/\/www.meydan.tv\/az\/wp-json\/wp\/v2\/posts"}],"about":[{"href":"https:\/\/www.meydan.tv\/az\/wp-json\/wp\/v2\/types\/post"}],"author":[{"embeddable":true,"href":"https:\/\/www.meydan.tv\/az\/wp-json\/wp\/v2\/users\/8"}],"replies":[{"embeddable":true,"href":"https:\/\/www.meydan.tv\/az\/wp-json\/wp\/v2\/comments?post=317367"}],"version-history":[{"count":1,"href":"https:\/\/www.meydan.tv\/az\/wp-json\/wp\/v2\/posts\/317367\/revisions"}],"predecessor-version":[{"id":317368,"href":"https:\/\/www.meydan.tv\/az\/wp-json\/wp\/v2\/posts\/317367\/revisions\/317368"}],"wp:featuredmedia":[{"embeddable":true,"href":"https:\/\/www.meydan.tv\/az\/wp-json\/wp\/v2\/media\/279999"}],"wp:attachment":[{"href":"https:\/\/www.meydan.tv\/az\/wp-json\/wp\/v2\/media?parent=317367"}],"wp:term":[{"taxonomy":"category","embeddable":true,"href":"https:\/\/www.meydan.tv\/az\/wp-json\/wp\/v2\/categories?post=317367"},{"taxonomy":"post_tag","embeddable":true,"href":"https:\/\/www.meydan.tv\/az\/wp-json\/wp\/v2\/tags?post=317367"}],"curies":[{"name":"wp","href":"https:\/\/api.w.org\/{rel}","templated":true}]}}