{"id":317365,"date":"2024-10-10T18:20:22","date_gmt":"2024-10-10T14:20:22","guid":{"rendered":"https:\/\/www.meydan.tv\/?p=317365"},"modified":"2024-10-10T19:39:18","modified_gmt":"2024-10-10T15:39:18","slug":"eli-kerimli-eliyev-bir-gun-icinde-belarus-standartin-tetbiq-ede-biler-amma-bu-bas-verse","status":"publish","type":"post","link":"https:\/\/www.meydan.tv\/az\/article\/eli-kerimli-eliyev-bir-gun-icinde-belarus-standartin-tetbiq-ede-biler-amma-bu-bas-verse\/","title":{"rendered":"\u018fli K\u0259rimli: \u0130lham \u018fliyevin hakimiyy\u0259ti ail\u0259sind\u0259n kim\u0259s\u0259 \u00f6t\u00fcr\u0259c\u0259k q\u0259d\u0259r m\u00fcdd\u0259ti olmayacaq"},"content":{"rendered":"\n<figure class=\"wp-block-embed is-type-video is-provider-youtube wp-block-embed-youtube wp-embed-aspect-16-9 wp-has-aspect-ratio\"><div class=\"wp-block-embed__wrapper\">\n<iframe title=\"&#039;&#039;\u0130lham \u018fliyevin hakimiyy\u0259ti ail\u0259sind\u0259n kim\u0259s\u0259 \u00f6t\u00fcr\u0259c\u0259k q\u0259d\u0259r m\u00fcdd\u0259ti olmayacaq&#039;&#039;\" width=\"1200\" height=\"675\" data-src=\"https:\/\/www.youtube.com\/embed\/Rd-UbRBv5fM?feature=oembed\" frameborder=\"0\" allow=\"accelerometer; autoplay; clipboard-write; encrypted-media; gyroscope; picture-in-picture; web-share\" referrerpolicy=\"strict-origin-when-cross-origin\" allowfullscreen src=\"data:image\/svg+xml;base64,PHN2ZyB3aWR0aD0iMSIgaGVpZ2h0PSIxIiB4bWxucz0iaHR0cDovL3d3dy53My5vcmcvMjAwMC9zdmciPjwvc3ZnPg==\" class=\"lazyload\" data-load-mode=\"1\"><\/iframe>\n<\/div><\/figure>\n\n\n\n<!--more-->\n\n\n\n<p><strong><em>\u201cBundan sonra \u0130lham \u018fliyevin ail\u0259sind\u0259n kim\u0259s\u0259 hakimiyy\u0259ti \u00f6t\u00fcr\u0259c\u0259k q\u0259d\u0259r m\u00fcdd\u0259ti olmayacaq\u201d<\/em><\/strong><\/p>\n\n\n\n<p><em>Rusiya K\u0259\u015ffiyyat Xidm\u0259tinin r\u0259hb\u0259ri Sergey Nar\u0131\u015fkinin Az\u0259rbaycana s\u0259f\u0259ri bir s\u0131ra suallar do\u011furdu. Rusiya t\u0259r\u0259finin yayd\u0131\u011f\u0131 m\u0259lumatda b\u0259zi ifad\u0259l\u0259r, ard\u0131nca ba\u015fda AB\u015e olmaqla Q\u0259rb-Az\u0259rbaycan m\u00fcnasib\u0259l\u0259rind\u0259 g\u0259rginlik yeni m\u0259rh\u0259l\u0259y\u0259 q\u0259d\u0259m qoydu. Bel\u0259likl\u0259, daxili v\u0259 xarici siyas\u0259tl\u0259 ba\u011fl\u0131 suallar\u0131m\u0131za Az\u0259rbaycan Xalq C\u0259bh\u0259si Partiyas\u0131n\u0131n s\u0259dri \u018fli K\u0259rimlid\u0259n cavab alma\u011fa \u00e7al\u0131\u015fd\u0131q.<\/em><\/p>\n\n\n\n<p>&#8211; <strong>\u018fli b\u0259y, Rusiya K\u0259\u015ffiyyat Xidm\u0259tinin r\u0259hb\u0259ri Sergey Nar\u0131\u015fkinin Az\u0259rbaycana s\u0259f\u0259ri il\u0259 ba\u011fl\u0131 yay\u0131lan r\u0259smi m\u0259lumatda \u201csistemd\u0259nk\u0259nar m\u00fcxalif\u0259t\u201d ifad\u0259si i\u015fl\u0259dib. Bu ifad\u0259 il\u0259 AXCP-ni n\u0259z\u0259rd\u0259 tutdu\u011funu bildirmi\u015fdiniz. Ancaq Fuad Q\u0259hr\u0259manl\u0131 yaz\u0131b ki, \u201cbiz sistem m\u00fcxalif\u0259tiyik, sistemd\u0259nk\u0259nar deyilik, rejimd\u0259nk\u0259nar\u0131q\u201d. O zaman sual yaran\u0131r: hans\u0131n\u0131z haql\u0131s\u0131n\u0131z, siz, yoxsa Fuad b\u0259y?<\/strong><\/p>\n\n\n\n<p>&#8211; Burada bir ziddiyy\u0259t yoxdur, Fuad b\u0259y bir az politoloji s\u00f6hb\u0259t edib. Siyasi sistem anlay\u0131\u015f\u0131 var, politoloji olaraq b\u00fct\u00fcn partiyalar\u0131n ham\u0131s\u0131 siyasi sistemin elementidir. Fuad b\u0259y d\u0259 bu m\u0259nada deyib. Ancaq \u201csistemd\u0259nk\u0259nar\u201d s\u00f6hb\u0259tini avtoritar rejiml\u0259r, x\u00fcsusil\u0259 Rusiya \u00f6z\u00fc \u00fc\u00e7\u00fcn k\u0259\u015ff edib v\u0259 elmi \u0259sas\u0131 yoxdur. N\u0259z\u0259rd\u0259 tutulur ki, hakimiyy\u0259tl\u0259 \u0259m\u0259kda\u015fl\u0131q etm\u0259y\u0259n, hakimiyy\u0259tin formala\u015fd\u0131rd\u0131\u011f\u0131 se\u00e7ki komissiyalar\u0131nda, parlamentd\u0259 t\u0259msil olunmayan, y\u0259ni bunu qanunverici orqana v\u0259 yerli \u00f6z\u00fcn\u00fcidar\u0259etm\u0259l\u0259r\u0259 yax\u0131n burax\u0131lmayan m\u00fcxalif\u0259t haqda Rusiya t\u0259tbiq edib. Az\u0259rbaycan leksionunda bu s\u00f6z geni\u015f i\u015fl\u0259dilmir, biz \u201cprinsipal m\u00fcxalif\u0259t\u201d deyirik. Bu m\u0259nada Fuad b\u0259y onu n\u0259z\u0259rd\u0259 tutur ki, h\u0259l\u0259 qeydiyyat\u0131m\u0131z var, politoloji olaraq b\u00fct\u00fcn siyasi partiyalar siyasi sistemi formala\u015fd\u0131r\u0131r. Ancaq biz mahiyy\u0259t\u0259 bax\u0131r\u0131q, demir\u0259m ki, bu, yaln\u0131z AXCP-y\u0259 aiddir, h\u00f6kum\u0259t daha \u00e7ox biziml\u0259 m\u0259\u015f\u011ful oldu\u011fundan \u00f6z ad\u0131mdan dan\u0131\u015f\u0131ram. Ba\u015fqas\u0131n\u0131n ad\u0131ndan s\u00f6yl\u0259s\u0259m ki, filan partiya da sistemd\u0259n k\u0259nard\u0131r, x\u0259trin\u0259 d\u0259y\u0259r ki, yox, m\u0259n sistemin i\u00e7ind\u0259y\u0259m. B\u0259li, bu g\u00fcn Az\u0259rbaycan hakimiyy\u0259ti bizi sistemd\u0259n k\u0259nar g\u00f6r\u00fcr, \u0259slind\u0259, qeydiyyat\u0131m\u0131z da formalla\u015f\u0131b. \u018fg\u0259r qurultay ke\u00e7irm\u0259y\u0259, bank hesab\u0131 a\u00e7ma\u011fa imkan vermirl\u0259rs\u0259, dem\u0259li, m\u00f6vcud olan qeydiyyat\u0131m\u0131z da de-yure qal\u0131b, de-fakto o da yoxdur. Uzun m\u00fcdd\u0259tdir, m\u0259ni AXCP s\u0259dri kimi tan\u0131m\u0131rlar, partiyan\u0131n d\u00f6vl\u0259t qeydiyyat\u0131nda olma\u011f\u0131n\u0131n imtiyaz\u0131ndan istifad\u0259 ed\u0259 bilmirik. Bu m\u0259nada Az\u0259rbaycan h\u00f6kum\u0259ti bizi sistemd\u0259n k\u0259narda qoyub, sistem d\u0259 o q\u0259d\u0259r eyb\u0259c\u0259rdir ki, onun t\u0259rkib hiss\u0259si olmaq ist\u0259mirik. X\u00fcsusil\u0259 h\u0259min ifad\u0259 Az\u0259rbaycana \u015famil edil\u0259nd\u0259, o da ehtiva olunur. Ax\u0131 \u0130lham \u018fliyev \u00f6z\u00fc yeni siyasi konfiqurasiya yaratd\u0131\u011f\u0131n\u0131 elan etmi\u015fdi v\u0259 demi\u015fdi ki, h\u0259min siyasi konfiqurasiyaya daxil olmayanlar m\u0259hv olacaqlar.<br>Fikir verin, d\u00f6vl\u0259t qeydiyyat\u0131 olmayanlar, Konstitusiyan\u0131 q\u0259bul etm\u0259y\u0259nl\u0259r s\u00f6yl\u0259mir. Biz d\u0259 o siyasi konfiqurasiyada yoxuq, olmaq fikrimiz d\u0259 yoxdur. Ona g\u00f6r\u0259 bilirik ki, Nar\u0131\u015fkin d\u0259, \u018fliyev d\u0259, Az\u0259rbaycan\u0131n x\u00fcsusi xidm\u0259t orqanlar\u0131 da biz\u0259 sistemd\u0259n k\u0259nar kimi bax\u0131rlar. Amma politoloji olaraq biz n\u0259inki siyasi partiyay\u0131q, bu d\u00f6vl\u0259tin qurulmas\u0131nda i\u015ftirak etmi\u015fik, iqtidarda olmu\u015fuq. Bel\u0259 bir partiyan\u0131 politoloji olaraq siyasi sistemin k\u0259nar\u0131nda qeyd etm\u0259k d\u00fczg\u00fcn deyil.<\/p>\n\n\n\n<p>&#8211; <strong>Nar\u0131\u015fkinin s\u0259f\u0259rind\u0259n sonra h\u0259bsl\u0259rin yeni dal\u011fas\u0131n\u0131n olaca\u011f\u0131 qeyd olunur, siz d\u0259 bunu istisna etmirsiniz. Bu bax\u0131mdan h\u00f6kum\u0259tin repressiyalar\u0131 n\u0259 q\u0259d\u0259r davam ed\u0259 bil\u0259r, g\u00f6zl\u0259ntiniz n\u0259dir, proses tam \u015f\u0259kild\u0259 azad, alternativ median\u0131n, siyasi q\u00fcvv\u0259l\u0259rin s\u0131radan \u00e7\u0131xar\u0131ld\u0131\u011f\u0131 ana q\u0259d\u0259r ged\u0259c\u0259k, yoxsa uzun \u00e7\u0259km\u0259y\u0259c\u0259k?<\/strong><\/p>\n\n\n\n<p>&#8211; \u018fslind\u0259, repressiyalar\u0131n b\u00f6y\u00fck hiss\u0259si arxada qal\u0131b, \u018fliyev bu istiqam\u0259td\u0259 \u00e7ox \u015fey edib. Ki\u00e7ik bir \u00f6lk\u0259d\u0259 300 n\u0259f\u0259rd\u0259n \u00e7ox adam repressiyaya m\u0259ruz qal\u0131bsa, bu, o dem\u0259kdir ki, Az\u0259rbaycanda repressiyan\u0131n miqyasi Rusiyadan da \u00e7oxdur. Rusiya 150 milyon, Az\u0259rbaycan 10 milyon \u0259halisi olan \u00f6lk\u0259dir, 15 d\u0259f\u0259 \u00e7oxdurlar. \u018fg\u0259r Rusiyada h\u0259r milyona 4 siyasi m\u0259hbus d\u00fc\u015f\u00fcrs\u0259, bizd\u0259 h\u0259r milyona 30 siyasi m\u0259hbus d\u00fc\u015f\u00fcr. Az\u0259rbaycanda Nar\u0131\u015fkinsiz d\u0259 \u0130lham \u018fliyev v\u0259 onun repressiya aparat\u0131 h\u0259r \u015fey edib. Az\u0259rbaycanda tutulmas\u0131 m\u00fcmk\u00fcn olan adamlar\u0131n b\u00f6y\u00fck \u0259ks\u0259riyy\u0259ti h\u0259bs edilib. \u0130ndi Az\u0259rbaycan repressiya bax\u0131m\u0131ndan el\u0259 bir m\u0259rh\u0259l\u0259y\u0259 \u00e7at\u0131b ki, tam Belarus standart\u0131na daxil olmaq \u00fc\u00e7\u00fcn \u00e7ox x\u0131rda bir s\u0259rh\u0259d qal\u0131b. Dem\u0259li, Belarus standart\u0131 il\u0259 Az\u0259rbaycan\u0131 f\u0259rql\u0259ndir\u0259n 3-4 faktor qal\u0131b.<\/p>\n\n\n\n<p>&#8211; <strong>Ancaq Belarusda xeyli siyasi m\u0259hbus azad edildi\u2026<\/strong><\/p>\n\n\n\n<p>&#8211; Bilir\u0259m, amma yen\u0259 d\u0259 qalan\u0131 \u00e7oxdur. Belarus repressiya bax\u0131m\u0131ndan ir\u0259lid\u0259dir, mind\u0259n art\u0131q siyasi m\u0259hbus var, Luka\u015fenko 78 n\u0259f\u0259ri burax\u0131b. \u0130ndi Az\u0259rbaycan\u0131 Belarus standart\u0131na otuzdurmaqdan \u00f6tr\u00fc 3-4 add\u0131m qal\u0131b.<\/p>\n\n\n\n<p>&#8211;<strong> Hans\u0131 add\u0131mlard\u0131r?<\/strong><\/p>\n\n\n\n<p>&#8211; \u0130lk n\u00f6vb\u0259d\u0259 AXCP-nin varl\u0131\u011f\u0131d\u0131r. Biz evl\u0259rd\u0259, m\u0259hk\u0259m\u0259l\u0259rd\u0259 topla\u015f\u0131r\u0131q, bu da m\u00fc\u0259yy\u0259n bir siyasi f\u0259all\u0131qd\u0131r v\u0259 Belarus m\u0259nz\u0259r\u0259sini pozur. Ona g\u00f6r\u0259 d\u0259 AXCP s\u0131radan \u00e7\u0131xar\u0131lmal\u0131d\u0131r v\u0259 bunun \u00fc\u00e7\u00fcn d\u0259 az\u0131 bir ne\u00e7\u0259 y\u00fcz adam h\u0259bs edilm\u0259lidir. Xalq C\u0259bh\u0259sinin s\u0131radan \u00e7\u0131xar\u0131lmas\u0131 onlarla adam\u0131n h\u0259bsi il\u0259 d\u0259 ba\u015fa g\u0259lmir. \u0130ndiy\u0259 q\u0259d\u0259r 50-60 m\u0259hbusumuz olub, bu g\u00fcn 12 n\u0259f\u0259rdir. \u0130kincisi, t\u0259qrib\u0259n 15-20 n\u0259f\u0259r v\u0259t\u0259nda\u015f c\u0259miyy\u0259tind\u0259n adam qal\u0131b ki, onlar h\u00f6kum\u0259tin qaydalar\u0131n\u0131 q\u0259bul etm\u0259yibl\u0259r, bir o q\u0259d\u0259r d\u0259 jurnalist. B\u00fct\u00fcn bunlar\u0131n ham\u0131s\u0131 h\u0259bs edils\u0259 v\u0259 m\u0259hk\u0259m\u0259l\u0259rin qar\u015f\u0131s\u0131ndak\u0131 toplant\u0131lar da y\u0131\u011f\u0131\u015fd\u0131r\u0131lsa, Az\u0259rbaycan olur Belarus. Lakin Belarusun b\u0259d\u0259li var. Bizi dinl\u0259y\u0259nl\u0259r sual ed\u0259r ki, niy\u0259 \u018fliyev bunu etmir, c\u0259mi 300-400 n\u0259f\u0259r d\u0259 h\u0259bs etm\u0259kl\u0259 tamamil\u0259 Belarus standart\u0131 ola bil\u0259r. M\u0259hz demokratiyan\u0131n \u0259lam\u0259tl\u0259ri say\u0259sind\u0259 \u018fliyev v\u0259 h\u00f6kum\u0259ti sanksiyalardan yay\u0131na bilib. Halbuki, bir g\u00fcn i\u00e7ind\u0259 d\u0259 fiziki bax\u0131mdan Belarus standart\u0131n\u0131 t\u0259tbiq ed\u0259 bil\u0259r. Bel\u0259likl\u0259, bu, ba\u015f vers\u0259, Az\u0259rbaycan\u0131 he\u00e7 kim sanksiyalardan qoruya bilm\u0259z. Ancaq biz\u0259 r\u0259hm etdiyin\u0259 g\u00f6r\u0259 yox, sad\u0259c\u0259, h\u00f6kum\u0259ti sanksiyalara salmamaqdan \u00f6tr\u00fc bir az pauza edibl\u0259r.<\/p>\n\n\n\n<p>&#8211; <strong>\u018fli b\u0259y, h\u0259bsinizi real say\u0131rs\u0131n\u0131zm\u0131 v\u0259 h\u0259bs t\u0259hl\u00fck\u0259sinin real oldu\u011fu halda partiyan\u0131n taleyi nec\u0259 olacaq? &#8220;B&#8221;, &#8220;C&#8221; plan\u0131 haz\u0131rlan\u0131bm\u0131 v\u0259 bu h\u0259bs \u00f6z\u00fcn\u00fcz v\u0259 partiyan\u0131z \u00fc\u00e7\u00fcn neqativ, pozitiv n\u0259 v\u0259d edir?<\/strong><\/p>\n\n\n\n<p>&#8211; H\u0259bsimi real say\u0131ram, amma lab\u00fcd saym\u0131ram. Y\u0259ni hesab etmir\u0259m ki, m\u00fctl\u0259q h\u0259bs olunacam, amma real say\u0131ram. M\u0259ni yax\u015f\u0131 tan\u0131yanlar bilir, h\u0259mi\u015f\u0259 pis variantlara haz\u0131rla\u015f\u0131ram. Prinsipc\u0259, h\u0259bs oluna bil\u0259r\u0259m, partiya da buna uzun m\u00fcdd\u0259tdir haz\u0131rlan\u0131b. Indi yox, xeyli m\u00fcdd\u0259tdir partiyan\u0131 buna haz\u0131rlam\u0131\u015fam. Bu g\u00fcn yay\u0131lan beyn\u0259lxalq hesabatda Saleh R\u00fcst\u0259mliy\u0259 Ba\u015f M\u00fct\u0259\u015f\u0259kkil Cinay\u0259tkarl\u0131qla M\u00fcbariz\u0259 \u0130dar\u0259sind\u0259 2018-ci ild\u0259 veril\u0259n i\u015fg\u0259nc\u0259d\u0259n s\u00f6hb\u0259t gedir. Saleh R\u00fcst\u0259mli B\u00f6y\u00fck Britaniya medias\u0131na deyir ki, bu i\u015fg\u0259nc\u0259l\u0259r vasit\u0259sil\u0259 ondan \u018fli K\u0259rimlini h\u0259bs etm\u0259k \u00fc\u00e7\u00fcn ifad\u0259 almaq ist\u0259yirdil\u0259r. Saleh R\u00fcst\u0259mli bel\u0259 i\u015fg\u0259nc\u0259l\u0259r\u0259 m\u0259ruz qalan 10 adamdan biridir. Dem\u0259li, m\u0259n h\u0259bs olunmaq t\u0259hl\u00fck\u0259sini bildiyimd\u0259n partiya strukturlar\u0131n\u0131 buna haz\u0131rlam\u0131\u015fam. Birincisi, partiyan\u0131n idar\u0259 edilm\u0259sind\u0259 rolumu minimuma endirmi\u015f\u0259m. K\u0259nardan apar\u0131lan kampaniyada h\u0259r \u015feyi m\u0259nim idar\u0259 etm\u0259yim fikri do\u011fru deyil. Sad\u0259c\u0259, AXCP-d\u0259 h\u0259mfikirl\u0259r oldu\u011fundan harmoniya var. Biz k\u0259nardan vahid komanda kimi g\u00f6r\u00fcn\u00fcr\u00fck, ona g\u00f6r\u0259 el\u0259 t\u0259\u0259ss\u00fcrat yaran\u0131r ki, kims\u0259 nizamlay\u0131r. Xeyr, el\u0259 deyil. \u018fksin\u0259, ne\u00e7\u0259 ill\u0259rdir partiyan\u0131n strukturlar\u0131n\u0131n \u00fcz\u0259rin\u0259 m\u0259suliyy\u0259t g\u00f6t\u00fcrm\u0259sin\u0259 nail oluram. Onlara a\u00e7\u0131q deyir\u0259m ki, h\u0259r zaman h\u0259bs ehtimal\u0131m var. Ona g\u00f6r\u0259 partiyan\u0131n \u0259sas strukturu rayon t\u0259\u015fkilatlar\u0131d\u0131r, bu qurumlar partiyan\u0131n onur\u011fas\u0131d\u0131r. R\u0259yas\u0259t Hey\u0259ti is\u0259 partiyan\u0131n beynidir. H\u0259r bir rayon t\u0259\u015fkilat\u0131 avtonomdur v\u0259 v\u0259ziyy\u0259t\u0259 haz\u0131rd\u0131rlar. Onlar\u0131n he\u00e7 birind\u0259 se\u00e7kil\u0259r haqq\u0131nda partiya r\u0259hb\u0259rliyind\u0259 x\u0259b\u0259r olmaz. R\u0259yas\u0259t Hey\u0259tinin 20 \u00fczv\u00fcn\u00fcn he\u00e7 biri dey\u0259 bilm\u0259z ki, filan rayonda se\u00e7kil\u0259rin n\u0259tic\u0259l\u0259ri bel\u0259 olacaq. Bu is\u0259 onlar\u0131n s\u0259rb\u0259st hiss etm\u0259l\u0259rin\u0259 t\u0259sir ed\u0259n amildir. R\u0259yas\u0259t Hey\u0259tind\u0259 yetkin siyas\u0259t\u00e7il\u0259r formala\u015f\u0131b, 50 faizi d\u0259 ke\u00e7mi\u015f siyasi m\u0259hbuslard\u0131r, y\u0259ni s\u0131naqdan ke\u00e7ibl\u0259r. \u018fmin\u0259m ki, rayon t\u0259\u015fkilatlar\u0131, R\u0259yas\u0259t Hey\u0259ti, Qad\u0131nlar \u015euras\u0131, G\u0259ncl\u0259r T\u0259\u015fkilat\u0131, &#8211; b\u00fct\u00fcn strukturlar m\u0259nsiz d\u0259 f\u0259aliyy\u0259tl\u0259rini kollegial qaydada davam etdir\u0259c\u0259kl\u0259r, \u00e7\u00fcnki onlar\u0131 buna haz\u0131rlam\u0131\u015fam. Faktiki, onlardan bununla ba\u011fl\u0131 s\u00f6z d\u0259 alm\u0131\u015fam.<\/p>\n\n\n\n<p>&#8211;<strong> Bu planlar\u0131n t\u0259rkib hiss\u0259si olaraq h\u0259bs d\u00f6vr\u00fcnd\u0259 sizi s\u0259dr kimi \u0259v\u0259zl\u0259y\u0259c\u0259k \u015f\u0259xs m\u00fczakir\u0259 olunubmu, yoxsa bu tip m\u0259s\u0259l\u0259l\u0259r m\u00fczakir\u0259 edilmir?<\/strong><\/p>\n\n\n\n<p>&#8211; M\u0259n h\u0259bs olunuram da, \u00f6ld\u00fcr\u00fclm\u00fcr\u0259m ki\u2026<\/p>\n\n\n\n<p>&#8211; <strong>Ba\u015fa d\u00fc\u015f\u00fcr\u0259m, Allah etm\u0259sin, y\u0259ni dem\u0259k ist\u0259yir\u0259m ki, s\u0259dr kimi siz\u0259 \u0259v\u0259z ed\u0259c\u0259k \u015f\u0259xs olacaqm\u0131?<\/strong><\/p>\n\n\n\n<p>&#8211; M\u0259n h\u0259bsxanada olanda s\u0259dr s\u0259lahiyy\u0259tl\u0259rimi itirir\u0259m? M\u0259n m\u0259ktublar yazacam, m\u00fcraci\u0259tl\u0259r g\u00f6nd\u0259r\u0259c\u0259m, h\u0259l\u0259 beyn\u0259lxalq media il\u0259 i\u015fl\u0259m\u0259y\u0259 indi ba\u015flam\u0131\u015fam, h\u0259bs olunsam, daha yax\u015f\u0131 i\u015fl\u0259y\u0259c\u0259m.<\/p>\n\n\n\n<p>&#8211; <strong>El\u00e7ib\u0259y K\u0259l\u0259kid\u0259 olanda, I m\u00fcavin kimi siz onu \u0259v\u0259z edirdiniz. \u0130ndi partiyada bu post yoxdur. Ona g\u00f6r\u0259 sizi \u0259v\u0259z ed\u0259c\u0259k \u015f\u0259xs m\u0259lumdurmu v\u0259 \u00fcmumiyy\u0259tl\u0259, bu m\u0259s\u0259l\u0259 m\u00fczakir\u0259 edilibmi?<\/strong><\/p>\n\n\n\n<p>&#8211; Xeyr, \u0259vv\u0259la, s\u0259dr kimi s\u0259lahiyy\u0259tl\u0259rimi saxlayacam. \u0130ndiki m\u00fcasir texnologiyalar \u015f\u0259raitind\u0259 h\u0259m partiya, h\u0259m d\u0259 Az\u0259rbaycan, d\u00fcnya ictimaiyy\u0259ti il\u0259 kommunikasiyam olacaq.<\/p>\n\n\n\n<p>&#8211; <strong>B\u0259s onu da k\u0259ss\u0259l\u0259r\u2026?<\/strong><\/p>\n\n\n\n<p>&#8211; \u018fg\u0259r onu da k\u0259ss\u0259l\u0259r, m\u00fcmk\u00fcnd\u00fcr, a\u011f\u0131l a\u011f\u0131ldan \u00fcst\u00fcnd\u00fcr, kollegiall\u0131q prinsipi var, partiyan\u0131n R\u0259yas\u0259t Hey\u0259tind\u0259 daxili konsensus var, b\u00fct\u00fcn q\u0259rarlar kollegial qaydada q\u0259bul edil\u0259c\u0259k. \u018fg\u0259r kommunikasiya k\u0259sils\u0259, kollegial qaydada m\u00fc\u0259yy\u0259n i\u015fl\u0259r tap\u015f\u0131r\u0131lacaq. M\u0259s\u0259l\u0259n, kims\u0259 s\u0259firliy\u0259 getm\u0259lidir, onu bir n\u0259f\u0259r\u0259 h\u0259val\u0259 ed\u0259c\u0259kl\u0259r. \u018fg\u0259r qurultay\u0131m\u0131z\u0131 ke\u00e7irs\u0259k, sonra M\u0259clisin s\u0259dri legitim olacaq. \u0130ndi biz\u0259 k\u00f6hn\u0259 qurultayla ba\u011fl\u0131 problem yarad\u0131blar. Y\u0259ni m\u0259clisin s\u0259dri d\u0259 partiyan\u0131n ad\u0131ndan m\u0259ktublar g\u00f6nd\u0259r\u0259 bil\u0259c\u0259k.<\/p>\n\n\n\n<p>&#8211;<strong>B\u00fct\u00fcn bunlardan bel\u0259 \u00e7\u0131x\u0131r ki, sizi h\u0259l\u0259 yeriniz\u0259 kimis\u0259 s\u0259dr g\u00f6rm\u0259k ist\u0259mirsiniz. Amma El\u00e7ib\u0259y sizi haz\u0131rlam\u0131\u015fd\u0131 da\u2026<\/strong><\/p>\n\n\n\n<p>&#8211; O ba\u015fqa situasiya idi\u2026<\/p>\n\n\n\n<p>&#8211; <strong>B\u0259li, indi daha t\u0259hl\u00fck\u0259li situasiyad\u0131r.<\/strong><\/p>\n\n\n\n<p>&#8211; B\u0259li, daha t\u0259hl\u00fck\u0259lidir.<\/p>\n\n\n\n<p>&#8211; <strong>Ona g\u00f6r\u0259 haz\u0131rlamaq laz\u0131m deyilmi?<\/strong><\/p>\n\n\n\n<p>&#8211; Burda ba\u015fqa m\u0259s\u0259l\u0259 var. Yad\u0131n\u0131za g\u0259lirmi, el\u0259 bir d\u00f6vr oldu ki, m\u0259nim \u00fcmumiyy\u0259tl\u0259, m\u00fcavinim yox idi. Niy\u0259 yox idi, g\u00f6rd\u00fcm ki, onlar\u0131n ham\u0131s\u0131 h\u0259bs olunur, \u00fc\u00e7\u00fcn\u00fc h\u0259bs ed\u0259nd\u0259n sonra m\u00fcavin t\u0259yin etm\u0259dim. El\u0259 bir repressiv m\u00fchitdir ki, t\u0259yin edir\u0259m, \u018fliyev h\u0259bs edir. Ondan sonra t\u0259yin etm\u0259yib, kollegiall\u0131\u011fa buraxd\u0131m, 20 n\u0259f\u0259rin aras\u0131nda olsun. Bu, obrazl\u0131 des\u0259k, \u201cD\u0259d\u0259 Qorqud\u201d filmind\u0259 Burla xatunu axtaranda, ham\u0131s\u0131 deyir \u201cm\u0259n\u0259m, m\u0259n\u0259m\u2026\u201d. \u018fg\u0259r m\u0259ni h\u0259bs ed\u0259 bilirl\u0259rs\u0259, o zaman m\u00fcavini d\u0259 h\u0259bs ed\u0259 bil\u0259rl\u0259r. Bu m\u0259nada niy\u0259 bir n\u0259f\u0259rin \u00fcz\u0259rind\u0259 bu i\u015fl\u0259ri qurmal\u0131yam?! Yox, m\u0259n olmayanda, o zaman qurultay topla\u015f\u0131b h\u0259min \u015f\u0259xsi se\u00e7\u0259c\u0259k. Amma h\u0259l\u0259 m\u0259nd\u0259n as\u0131l\u0131d\u0131rsa, hesab edir\u0259m ki, h\u0259bs olunaca\u011f\u0131m t\u0259qdird\u0259, 90 faizin \u00fcz\u0259rind\u0259 kommunikasiya imkan\u0131m qalacaq, olmayanda is\u0259 kollegial idar\u0259etm\u0259 olacaq. \u018fg\u0259r m\u0259ni h\u0259bs ed\u0259 bil\u0259c\u0259k h\u00f6kum\u0259t varsa, h\u0259bsd\u0259 komunikasiyam\u0131 k\u0259s\u0259 bil\u0259c\u0259k h\u00f6kum\u0259t varsa, o m\u0259nim birinci m\u00fcavinimi bir g\u00fcnd\u0259 g\u00f6t\u00fcr\u0259r.<\/p>\n\n\n\n<p>&#8211; <strong>Son vaxtlar Prezidentin o\u011flu Heyd\u0259r \u018fliyevl\u0259 bir s\u0131ra t\u0259dbirl\u0259r\u0259 v\u0259 m\u00fc\u015favir\u0259y\u0259 qat\u0131lmas\u0131, c\u0259miyy\u0259t\u0259 bel\u0259 fikir yaratd\u0131 ki, n\u00f6vb\u0259ti varis odur. Ger\u00e7\u0259kd\u0259nmi h\u00f6kum\u0259tin bel\u0259 plan\u0131 var?<\/strong><\/p>\n\n\n\n<p>&#8211; M\u0259nc\u0259, \u018fliyev o mesaj\u0131 \u00e7atd\u0131rmaqdan \u00f6t\u00fcr bel\u0259 add\u0131m at\u0131r ki, he\u00e7 bir idar\u0259etm\u0259, siyas\u0259t t\u0259cr\u00fcb\u0259si olmayan bir g\u0259nci d\u00f6vl\u0259t t\u0259dbirl\u0259rind\u0259 g\u0259zdirdiyin\u0259 g\u00f6r\u0259 siz d\u0259 m\u0259n\u0259 varis sual\u0131n\u0131 ver\u0259siniz ki, o varis ola bil\u0259r, yoxsa yox. \u00c7\u00fcnki o \u00f6z\u00fc yax\u015f\u0131 xat\u0131rlay\u0131r ki, onun \u00f6z\u00fcn\u00fcn ictimai r\u0259y\u0259 g\u0259lm\u0259sini xeyli d\u0259r\u0259c\u0259d\u0259 m\u00fcxalif media haz\u0131rlad\u0131. O varis plan\u0131 dey\u0259-dey\u0259 adamlar\u0131 buna haz\u0131rlad\u0131lar.<\/p>\n\n\n\n<p>&#8211; <strong>Nec\u0259 ki, X g\u00fcn\u00fc deyirdil\u0259r\u2026<\/strong><\/p>\n\n\n\n<p>&#8211; B\u0259li, \u0259slind\u0259, bunlar c\u0259miyy\u0259ti ona haz\u0131rlamaq dem\u0259k idi. \u0130ndi ondan soru\u015fsan ki, varis haz\u0131rlay\u0131rsan, cavab ver\u0259c\u0259k ki, yox.<\/p>\n\n\n\n<p>&#8211; <strong>Heyd\u0259r \u018fliyev\u0259 d\u0259 ox\u015far sual\u0131 vermi\u015fdil\u0259r, t\u0259kzib etmi\u015fdi\u2026<\/strong><\/p>\n\n\n\n<p>&#8211; Aha, amma ist\u0259yirl\u0259r ki, biz onu legitiml\u0259\u015fdir\u0259k. Bu, r\u00fcsvay\u00e7\u0131l\u0131qd\u0131r, n\u0259yini legitiml\u0259\u015fdir\u0259c\u0259yik? Dem\u0259li, h\u0259yat yolda\u015f\u0131n\u0131 Birinci vitse-prezident t\u0259yin etm\u0259si birinci r\u00fcsvay\u00e7\u0131l\u0131q idi, atas\u0131ndan hakimiyy\u0259ti miras alma\u011f\u0131 ba\u015fqa bir r\u00fcsvay\u00e7\u0131l\u0131q idi, indi d\u0259 \u00f6vlad\u0131na hakimiyy\u0259ti \u00f6t\u00fcrm\u0259yi \u00e7al\u0131\u015fmas\u0131 Az\u0259rbaycan\u0131 orta \u0259srl\u0259r\u0259 qaytar\u0131r. Az\u0259rbaycan xalq\u0131n\u0131n buna m\u00fcnasib\u0259ti birm\u0259nal\u0131 olmal\u0131d\u0131r, el\u0259 bel\u0259 m\u0259s\u0259l\u0259 deyil. M\u0259n hesab edir\u0259m ki, bundan sonra \u0130lham \u018fliyevin ail\u0259sind\u0259n kim\u0259s\u0259 hakimiyy\u0259ti \u00f6t\u00fcr\u0259c\u0259k q\u0259d\u0259r m\u00fcdd\u0259ti olmayacaq, ona g\u00f6r\u0259 d\u0259 bel\u0259 m\u00fczakir\u0259l\u0259r\u0259 qat\u0131lm\u0131ram.<\/p>\n\n\n\n<p>&#8211; <strong>Dem\u0259li, siz bunu real saym\u0131rs\u0131n\u0131z?<\/strong><\/p>\n\n\n\n<p>&#8211; Yox, hesab etmir\u0259m, bu ail\u0259 hakimiyy\u0259tinin uzun m\u00fcdd\u0259ti qal\u0131b ki, h\u0259l\u0259 estafeti d\u0259 bir-birl\u0259rin\u0259 \u00f6t\u00fcr\u0259c\u0259kl\u0259r.<\/p>\n\n\n\n<p>&#8211; \u201c<strong>Turan\u201d \u0130A-nin direktoru Mehman \u018fliyev r\u0259smi monarxiyadan yazd\u0131\u011f\u0131 \u00fc\u00e7\u00fcn bu sual\u0131n \u00fcz\u0259rind\u0259 dayan\u0131ram.<\/strong><\/p>\n\n\n\n<p>&#8211; Xeyr, Mehman \u018fliyev ba\u015fqa kontekstd\u0259 demi\u015fdi, \u00f6z\u00fc il\u0259 dan\u0131\u015fm\u0131\u015fd\u0131m, onunla da raz\u0131 deyil\u0259m, yersiz idi. Amma indiki m\u0259s\u0259l\u0259 tamam ba\u015fqad\u0131r.<\/p>\n\n\n\n<p>&#8211; <strong>90-c\u0131 ill\u0259rd\u0259 \u0130lham \u018fliyevin hakimiyy\u0259t\u0259 g\u0259lm\u0259si bar\u0259d\u0259 fikirl\u0259r s\u0259sl\u0259n\u0259nd\u0259, siz d\u0259 daxil m\u00fcxalif partiyalar\u0131n liderl\u0259ri bunu fantaziya say\u0131r, g\u00fcl\u00fc\u015fl\u0259 qar\u015f\u0131lay\u0131rd\u0131. \u018fksin\u0259, fantaziya reall\u0131\u011fa \u00e7evrildi, \u018fliyevl\u0259r s\u00fclal\u0259si m\u00f6hk\u0259ml\u0259ndi, indi d\u0259 m\u00fcmk\u00fcn olmad\u0131\u011f\u0131n\u0131 deyirsiniz, yan\u0131lacaqs\u0131n\u0131zm\u0131?<\/strong><\/p>\n\n\n\n<p>&#8211; M\u0259nc\u0259, yox. \u00c7\u00fcnki indi tamamil\u0259 f\u0259rqli situasiyad\u0131r.<\/p>\n\n\n\n<p>&#8211; <strong>N\u0259d\u0259n ibar\u0259tdir f\u0259rqlilik?<\/strong><\/p>\n\n\n\n<p>&#8211; \u018fvv\u0259la, h\u00f6kum\u0259t Az\u0259rbaycan xalq\u0131n\u0131 hesabdan silib, qorxutdu\u011fu \u00fc\u00e7\u00fcn bu g\u00fcn \u00f6z\u00fcn\u00fc ifad\u0259 ed\u0259 bilmir. Amma xalq xalqd\u0131r, sabah ki\u00e7ik bir imkan tapan kimi g\u00f6r\u0259c\u0259ksiniz ki, onun i\u00e7ind\u0259ki hissl\u0259r meydana nec\u0259 \u00e7\u0131xacaq. Az\u0259rbaycan xalq\u0131 yar\u0131m \u0259srd\u0259n art\u0131q bir ail\u0259 t\u0259r\u0259find\u0259n idar\u0259 olunmaqdan bezib. \u0130lk f\u00fcrs\u0259td\u0259c\u0259 t\u0259k adam, ail\u0259 hakimiyy\u0259tind\u0259n qurtulacaq. Az\u0259rbaycan xalq\u0131n\u0131n m\u00fctl\u0259q \u0259ks\u0259riyy\u0259ti ist\u0259mir ki, \u00f6lk\u0259 se\u00e7ilm\u0259y\u0259n bir ail\u0259 t\u0259r\u0259find\u0259n idar\u0259 olunsun. \u0130kincisi, b\u00fct\u00fcn d\u00fcnya t\u0259k adam hakimiyy\u0259tl\u0259ri, diktatorlar\u0131, avtoritar liderl\u0259ri, hakimiyy\u0259ti \u00f6vlad\u0131na \u00f6t\u00fcr\u0259n \u015f\u0259xsl\u0259rin haqq\u0131nda hans\u0131 dill\u0259 dan\u0131\u015f\u0131rlar? 90-c\u0131 ill\u0259rd\u0259 bel\u0259 \u015feyl\u0259r yox idi. \u0130ndi tamamil\u0259 avtoritar rejiml\u0259r m\u00fchasir\u0259 v\u0259ziyy\u0259tind\u0259dirl\u0259r. Onlar el\u0259 bir durumdad\u0131r ki, qapal\u0131 dair\u0259d\u0259n k\u0259nara \u00e7\u0131xa bilmirl\u0259r. Onlar\u0131n ham\u0131s\u0131n\u0131n g\u00fcv\u0259ndiyi Putinin oktyabr\u0131n 7-d\u0259 ad g\u00fcn\u00fc idi, t\u0259brik etm\u0259y\u0259 6-7 n\u0259f\u0259r tap\u0131ld\u0131. B\u00fct\u00fcn d\u00fcnya bunlardan qa\u00e7\u0131r, adam art\u0131q qorxusundan xarici s\u0259f\u0259rl\u0259r\u0259 ged\u0259 bilmir. T\u0259k adam hakimiyy\u0259ti quranlar\u0131n s\u0131ralar\u0131 h\u0259r g\u00fcn seyr\u0259lir v\u0259 seyr\u0259l\u0259c\u0259k. Ona g\u00f6r\u0259 n\u0259 Az\u0259rbaycan xalq\u0131n\u0131 qorxutmaq laz\u0131m deyil, n\u0259 d\u0259 d\u00fcnyan\u0131n m\u00f6vcud gedi\u015fat\u0131 imkan ver\u0259c\u0259k ki, daha sonsuzlu\u011fa q\u0259d\u0259r Az\u0259rbaycanda ail\u0259 hakimiyy\u0259ti olsun.<\/p>\n\n\n\n<p>&#8211; <strong>H\u00f6kum\u0259t\u0259 sanksiyalar bar\u0259d\u0259 fikrinizi bilm\u0259k ist\u0259rdim, n\u0259l\u0259r ba\u015f ver\u0259 bil\u0259r ki, Az\u0259rbaycana qar\u015f\u0131 qada\u011falar t\u0259tbiq olunsun?<\/strong><\/p>\n\n\n\n<p>&#8211; M\u0259n Q\u0259rbin ad\u0131ndan dan\u0131\u015fa bilm\u0259r\u0259m. Yaln\u0131z ehtimallar\u0131m\u0131 dey\u0259c\u0259m. Hesab edir\u0259m ki, hakimiyy\u0259t\u0259 hans\u0131 h\u0259r\u0259k\u0259tl\u0259rinin ciddi sanksiyalara s\u0259b\u0259b olaca\u011f\u0131 deyilib. Biri haqq\u0131nda a\u00e7\u0131q dan\u0131\u015facam, \u00e7\u00fcnki bu, milli mara\u011f\u0131m\u0131zd\u0131r. G\u00f6r\u00fcr\u0259m ki, Putinin ist\u0259diyi Z\u0259ng\u0259zur avant\u00fcras\u0131na Bak\u0131 qo\u015fulsa, Az\u0259rbaycana qar\u015f\u0131 h\u0259m a\u011f\u0131r sanksiyalar qoyulacaq, h\u0259m d\u0259 Erm\u0259nistana m\u00fcasir silahlar veril\u0259c\u0259k. O m\u00fcasir silahlar da mill\u0259timin \u00f6vladlar\u0131n\u0131 qan\u0131na q\u0259ltan ed\u0259c\u0259k. \u0130ndi m\u0259n d\u0259 bu bar\u0259d\u0259 susub dan\u0131\u015fmay\u0131m ki, \u0130lham \u018fliyev\u0259 pis olsun, xalq\u0131m\u0131z da q\u0131r\u0131ls\u0131n v\u0259 sanksiyalar da qoyulsun? Xeyr, m\u0259n el\u0259 siyas\u0259t\u00e7i deyil\u0259m v\u0259 olmayacam. Ona g\u00f6r\u0259 d\u0259 x\u0259b\u0259rdar edir\u0259m ki, Az\u0259rbaycan bu d\u0259h\u015f\u0259tli ssenariy\u0259 girm\u0259m\u0259lidir. M\u0259nc\u0259, hakimiyy\u0259t\u0259 d\u0259 bu m\u0259s\u0259l\u0259nin mesaj\u0131n\u0131 d\u0259qiq \u00e7atd\u0131r\u0131blar, ona g\u00f6r\u0259 d\u0259 o yolda bir d\u00f6nm\u0259k oldu, \u0259ks t\u0259qdird\u0259, tamam f\u0259rqli gedi\u015fat olacaqd\u0131. Bir daha deyir\u0259m, \u0259g\u0259r Az\u0259rbaycan Rusiyan\u0131n ist\u0259diyi ssenariy\u0259 girs\u0259. N\u0259 var, h\u0259min yola Rusiyan\u0131n Federal T\u0259hl\u00fck\u0259sizlik B\u00fcrosunun s\u0259rh\u0259d\u00e7il\u0259ri n\u0259zar\u0259t etsin. He\u00e7 kim h\u0259min torpa\u011f\u0131n bizim oldu\u011fundan dan\u0131\u015fm\u0131r, onsuz da olmayacaq. \u018fg\u0259r indiki d\u00f6vrd\u0259 Almaniya, T\u00fcrkiy\u0259, B\u00f6y\u00fck Britaniya kimi \u00f6lk\u0259l\u0259r ke\u00e7mi\u015f torpaqlar\u0131n\u0131n davas\u0131n\u0131 \u00e7\u0259k\u0259 bilmirl\u0259rs\u0259, kimdir Az\u0259rbaycana ke\u00e7mi\u015f torpaq davas\u0131na imkan ver\u0259n? Bunu art\u0131q ba\u015fa salm\u0131\u015f\u0131q ki, Z\u0259ng\u0259zur v\u0259 dig\u0259r tarixi \u0259razil\u0259rin bizim t\u0259r\u0259fimizd\u0259n \u00f6z\u00fcm\u00fcz\u0259 qaytar\u0131lmas\u0131 real deyil, bu, u\u015faq ba\u015f\u0131 aldatmaqd\u0131r. Ancaq indi o qal\u0131b ki, yox, h\u0259min \u0259raziy\u0259 Rusiyan\u0131n s\u0259rh\u0259d\u00e7il\u0259ri n\u0259zar\u0259t etsin? Rusiyan\u0131n s\u0259rh\u0259d\u00e7il\u0259rinin n\u0259zar\u0259ti yax\u015f\u0131 olsayd\u0131, 90-c\u0131 ill\u0259rd\u0259 Az\u0259rbaycan o boyda x\u0259rc ay\u0131r\u0131b BTC-ni \u00e7\u0259km\u0259zdi. Var idi d\u0259 Bak\u0131-Novorossiyski, haz\u0131r boru x\u0259tti idi. Niy\u0259 g\u00f6r\u0259 El\u00e7ib\u0259y devril\u0259nd\u0259n sonra da Heyd\u0259r \u018fliyev o yolu getdi? \u00c7\u00fcnki elementar d\u00fc\u015f\u00fcnc\u0259si olan adam ba\u015fa d\u00fc\u015f\u00fcr ki, Az\u0259rbaycana \u0259n b\u00f6y\u00fck problem Rusiyadand\u0131r. S\u0259n nec\u0259 \u00f6z\u00fcn\u00fcn \u201cqan arteriyalar\u201d\u0131ndan birini, orta d\u0259hlizin apar\u0131c\u0131 qolunu Rusiyaya tap\u015f\u0131ra bil\u0259rs\u0259n? \u018fslind\u0259, Orta D\u0259hlizin f\u0259ls\u0259f\u0259si odur ki, o Rusiyadan yan ke\u00e7m\u0259lidir. \u0130kincisi, Az\u0259rbaycan insan h\u00fcquqlar\u0131 bax\u0131m\u0131ndan u\u00e7urumun k\u0259nar\u0131ndad\u0131r, Belarusa yax\u0131nd\u0131r, o add\u0131m\u0131 da atsa, sanksiyalar olacaq. Amma b\u00fct\u00fcn bunlar ehtimald\u0131r. H\u00f6kum\u0259t \u00f6z\u00fcn\u00fc Rusiyaya m\u00fcnasib\u0259td\u0259 \u00e7ox pis apar\u0131r, Bortnikov, Nar\u0131\u015fkin, h\u0259l\u0259 Zaxarovan\u0131n da Az\u0259rbaycana t\u0259limat verm\u0259sin\u0259 imkan yarad\u0131rlar. \u00d6z\u00fc d\u0259 hans\u0131 leksikonla, \u201cQ\u0259rbi ordan r\u0259dd edin\u201d. Ancaq \u018fliyev bunlara baxmayaraq k\u00f6rp\u00fcl\u0259ri tam qoparm\u0131r, paralel olaraq Br\u00fcssel prosesi Va\u015finqton prosesi il\u0259 \u0259v\u0259z olunub. Dem\u0259li, \u018fliyev d\u0259 ba\u015fa d\u00fc\u015f\u00fcr ki, Makron ba\u015fqa, AB\u015e, B\u00f6y\u00fck Britaniya, Almaniya tamam ba\u015fqa. Y\u0259ni repressiyalara baxmayaraq, bu \u00f6lk\u0259l\u0259rl\u0259 ipl\u0259ri tam qoparmay\u0131blar. Ba\u015fa d\u00fc\u015f\u00fcrl\u0259r ki, h\u0259min ipl\u0259rin tam qopar\u0131lmas\u0131 sanksiyan\u0131 lab\u00fcdl\u0259\u015fdir\u0259r.<\/p>\n\n\n\n<p>&#8211; <strong>Lakin bir detal var, \u0130lham \u018fliyev C\u0259bray\u0131l rayonunda AB\u015e \u0259leyhin\u0259 dan\u0131\u015fd\u0131, konkret d\u00f6vl\u0259t katibi Blinkenin ad\u0131n\u0131 \u00e7\u0259kdi. Bu, bir ilk idi, y\u0259ni \u00f6lk\u0259 ba\u015f\u00e7\u0131s\u0131 h\u0259mi\u015f\u0259 Avropa Birliyini h\u0259d\u0259f\u0259 al\u0131rd\u0131, AB\u015e-la ba\u011fl\u0131 bel\u0259 s\u0259rt ifad\u0259 olmam\u0131\u015fd\u0131 v\u0259 bu, Nar\u0131\u015fkinin Bak\u0131 s\u0259f\u0259rind\u0259n 1 g\u00fcn sonra oldu. N\u0259 ba\u015f verir Va\u015finqton-Bak\u0131 m\u00fcnasib\u0259tl\u0259rind\u0259?<\/strong><\/p>\n\n\n\n<p>&#8211; Temperatur qalx\u0131r. \u018fslind\u0259, konqresmenl\u0259rin m\u00fcraci\u0259ti sanksiyan\u0131n ilkin add\u0131m\u0131d\u0131r, \u018fliyev d\u0259 bunu hiss edib. Bundan \u0259vv\u0259l d\u0259 erm\u0259nip\u0259r\u0259st konqressmen \u201cArtsax\u201d\u0131n b\u0259rpas\u0131 haqda bir \u015fey yazm\u0131\u015fd\u0131, ciddi deyildi. Ona g\u00f6r\u0259 dedim buna x\u00fcsusi m\u00fcnasib\u0259t g\u00f6st\u0259rm\u0259y\u0259 d\u0259ym\u0259z. Lakin 60 konqressmenin m\u00fcraci\u0259ti ciddi s\u00f6hb\u0259tdir, bir az da i\u015fl\u0259s\u0259l\u0259r, Konqresd\u0259 bunu \u0259ks\u0259riyy\u0259tin m\u00f6vqeyin\u0259 \u00e7evir\u0259 bil\u0259rl\u0259r. Bu m\u0259nada \u018fliyev h\u0259min m\u00fcraci\u0259ti sanksiyan\u0131n add\u0131m s\u0259si kimi ba\u015fa d\u00fc\u015fd\u00fc. Onun \u00e7\u0131x\u0131\u015f\u0131 da \u00f6z\u00fcn\u0259m\u0259xsus \u015fantajd\u0131r, indid\u0259n ona s\u0259rt m\u00fcnasib\u0259t s\u0259rgil\u0259yir ki, n\u00f6vb\u0259ti add\u0131m\u0131 atmay\u0131n, onda b\u00fct\u00fcn ipl\u0259r qopacaq. Y\u0259ni sanksiyadan \u00f6zl\u0259rini qorumaq \u00fc\u00e7\u00fcn qald\u0131r\u0131lm\u0131\u015f hay-k\u00fcyd\u00fcr, isterik reaksiyad\u0131r ki, biz d\u0259 \u00fcz\u00fcm\u00fcz\u00fc \u00e7evir\u0259c\u0259yik, Belarus, Venesuala olaca\u011f\u0131q\u2026 Ax\u0131 olub kim\u0259 n\u0259 ed\u0259c\u0259ksiniz?!<\/p>\n\n\n\n<p>&#8211; <strong>Amma m\u0259s\u0259l\u0259 ondad\u0131r ki, AB\u015e ba\u015fqa olmaqla Q\u0259rbin Az\u0259rbaycanla iqtisadi \u0259laq\u0259l\u0259ri qal\u0131r. Politoloq Rasim Musab\u0259yov deyir ki, hakimiyy\u0259t\u0259 Pentaqondan, k\u0259\u015ffiyyatdan d\u0259st\u0259k var. Dem\u0259li, Q\u0259rb d\u0259 b\u00fct\u00fcn ipl\u0259rin q\u0131r\u0131lmas\u0131n\u0131 ist\u0259mir\u2026<\/strong><\/p>\n\n\n\n<p>&#8211; \u018flb\u0259tt\u0259. Almaniya, B\u00f6y\u00fck Britaniya, Yaponiya, Pol\u015fa, C\u0259nubi Koreya kimi \u00f6lk\u0259l\u0259r t\u0259hl\u00fck\u0259sizlikd\u0259n narahatd\u0131rlar v\u0259 bu sah\u0259y\u0259 100 milyardlarla \u0259lav\u0259 v\u0259sait ay\u0131r\u0131rlar. Az\u0259rbaycan &#8220;bar\u0131t \u00e7\u0259ll\u0259yi&#8221;nin \u00fcst\u00fcnd\u0259 oturub, amma o q\u0259d\u0259r m\u0259suliyy\u0259tsiz siyas\u0259t apar\u0131r ki, yegan\u0259 normal m\u00fctt\u0259fiqimiz T\u00fcrkiy\u0259 il\u0259 m\u00fcnasib\u0259tl\u0259ri soyuyub. NATO \u00f6lk\u0259ni \u0259trafdak\u0131 b\u0259ladan qoruya bil\u0259r, amma onunla da m\u00fcnasib\u0259tl\u0259r sava\u015f hal\u0131nda. Avropa Birliyi, AB\u015e qolundan tuta bil\u0259r, onlarla da m\u00fcnasib\u0259tl\u0259r \u00e7ox pisdir. Son iki h\u0259ft\u0259d\u0259 \u0130ran\u0131n ne\u00e7\u0259 r\u0259smisi Az\u0259rbaycan\u0131 h\u0259d\u0259l\u0259yib? B\u0259s iki il \u0259vv\u0259l \u0259ziz x\u0259l\u0259f m\u00fctt\u0259fiql\u0259ri Rusiya siyas\u0259t\u00e7il\u0259ri demirdil\u0259r ki, X\u0259z\u0259rd\u0259ki neft platformalar\u0131na taktiki n\u00fcv\u0259 silah\u0131 atar\u0131q? Avropa d\u00f6vl\u0259tl\u0259rind\u0259n Az\u0259rbaycan\u0131 kim h\u0259d\u0259l\u0259y\u0259c\u0259k, Niderland, Portuqaliya b\u00f6lg\u0259y\u0259 qo\u015fun \u00e7\u0131xaras\u0131d\u0131r? Az\u0259rbaycana t\u0259hl\u00fck\u0259 qon\u015fulardan g\u0259l\u0259 bil\u0259r, onlardan da bizi kim qoruyar, AB\u015e ba\u015fda olmaqla Q\u0259rb d\u00f6vl\u0259tl\u0259ri v\u0259 T\u00fcrkiy\u0259. Sanki Az\u0259rbaycan\u0131n m\u0259suliyy\u0259ti \u018fliyev h\u00f6kum\u0259tinin m\u0259suliyy\u0259ti deyil. Amma k\u0259nar d\u00f6vl\u0259tl\u0259r Az\u0259rbaycan haqq\u0131nda daha \u00e7ox d\u00fc\u015f\u00fcn\u00fcrl\u0259r, anlay\u0131rlar ki, \u00f6lk\u0259y\u0259 Rusiya v\u0259 \u0130randan da problem var, \u201cbar\u0131t \u00e7\u0259ll\u0259yi\u201dnin \u00fcst\u00fcnd\u0259dir. H\u00f6kum\u0259tin \u015fimal v\u0259 g\u00fcneyl\u0259 dostluq-qarda\u015fl\u0131q oyunlar\u0131na baxmay\u0131n, biz\u0259 t\u0259hdidl\u0259r h\u0259r zaman oradand\u0131r. Onlar ona g\u00f6r\u0259 \u0259ll\u0259rini \u00e7\u0259kmirl\u0259r, t\u0259bii ki, iqtisadi maraqlar\u0131 da var, \u00e7\u00fcnki Bak\u0131-Ceyhan, \u201c\u015eahd\u0259niz\u201d layih\u0259l\u0259ri h\u0259l\u0259 i\u015fl\u0259yir, qar\u015f\u0131da Orta D\u0259hliz layih\u0259si var. Dem\u0259li, geopolitik, iqtisadi, t\u0259hl\u00fck\u0259sizlik bax\u0131m\u0131ndan Az\u0259rbaycan\u0131n Q\u0259rbl\u0259 ba\u011flar\u0131 tam qoparmas\u0131 Avropa \u00fc\u00e7\u00fcn d\u0259 itkidir. Ona g\u00f6r\u0259 d\u0259 davam edirl\u0259r, t\u0259hl\u00fck\u0259sizlik d\u0259st\u0259yi verirl\u0259r, m\u0259sl\u0259h\u0259tl\u0259\u015fm\u0259 apar\u0131rlar, dialoqu k\u0259smirl\u0259r. Amma Az\u0259rbaycan hakimiyy\u0259ti d\u0259 sona q\u0259d\u0259r \u0259min olmamal\u0131d\u0131r ki, bunlar\u0131n maraqlar\u0131 oldu\u011fundan onun h\u0259r \u015f\u0131ltaql\u0131\u011f\u0131na d\u00f6z\u0259c\u0259kl\u0259r. Onlar\u0131n maraqlar\u0131 v\u0259 imkanlar\u0131 o q\u0259d\u0259r b\u00f6y\u00fckd\u00fcr ki, d\u00fcnyan\u0131n hans\u0131sa bir co\u011frafiyas\u0131nda ki\u00e7ik bir itkiy\u0259 d\u0259 ged\u0259 bil\u0259rl\u0259r.<\/p>\n\n\n\n<p>&#8211; <strong>S\u00f6hb\u0259timizin bu hiss\u0259sind\u0259 Q\u0259rbin G\u00fcrc\u00fcstan v\u0259 Az\u0259rbaycan hakimiyy\u0259tl\u0259rin\u0259 m\u00fcnasib\u0259tind\u0259ki f\u0259rq\u0259 diqq\u0259t etm\u0259nizi ist\u0259rdim. Siz\u0259 el\u0259 g\u0259lmirmi Q\u0259rb d\u00f6vl\u0259tl\u0259rinin G\u00fcrc\u00fcstan v\u0259 Az\u0259rbaycan hakimiyy\u0259tl\u0259ri il\u0259 davran\u0131\u015f\u0131nda t\u0259nqidin tonunda f\u0259rq yerl\u0259-g\u00f6y q\u0259d\u0259rdir? M\u0259s\u0259l\u0259n, bir ne\u00e7\u0259 g\u00fcn \u0259vv\u0259l AB\u015e-nin G\u00fcrc\u00fcstandak\u0131 s\u0259firi \u201cG\u00fcrc\u00fc Arzusu\u201d Partiyas\u0131n\u0131n lideri \u0130vana\u015fvilini s\u0259rt t\u0259nqid edib demi\u015fdi ki, o, \u00f6lk\u0259sinin maraqlar\u0131n\u0131 \u00f6z maraqlar\u0131ndan daha a\u015fa\u011f\u0131 tutur. Onun ard\u0131nca Avropa Birliyinin Tbilisid\u0259ki n\u00fcmay\u0259nd\u0259si bildirdi ki, hakimiyy\u0259t se\u00e7kil\u0259ri saxtala\u015fd\u0131rarsa, onlar\u0131 Belarusun, Luka\u015fenkonun taleyi g\u00f6zl\u0259yir. \u018fsas arqumentl\u0259ri d\u0259 budur ki, G\u00fcrc\u00fcstanda anti-Q\u0259rb t\u0259bli\u011fat\u0131 apar\u0131l\u0131r, anti-Q\u0259rb ovqat\u0131 g\u00fccl\u0259nib. Amma Az\u0259rbaycanda anti-Q\u0259rb t\u0259bli\u011fat\u0131 G\u00fcrc\u00fcstandan b\u0259lk\u0259, 10 d\u0259f\u0259 \u00e7oxdur, h\u0259m d\u0259 bu il 2 se\u00e7ki ke\u00e7irilib, Az\u0259rbaycan h\u00f6kum\u0259tin\u0259 is\u0259 \u0130vana\u015fvili h\u00f6kum\u0259tin\u0259 olan s\u0259rt m\u00fcnasib\u0259t s\u0259rgil\u0259nm\u0259di. G\u00fcrc\u00fcstanda Az\u0259rbaycanda oldu\u011fu q\u0259d\u0259r h\u0259bsl\u0259r, yaxud media v\u0259 QHT sektoruna olan basq\u0131lar da yoxdur, amma qat-qat az reaksiya var. Demokratiyaya m\u00fcnasib\u0259td\u0259 h\u00f6kum\u0259t t\u0259bli\u011fat\u00e7\u0131lar\u0131 demi\u015fk\u0259n, bu ikili standartd\u0131n s\u0259b\u0259bi n\u0259dir v\u0259 n\u0259d\u0259n qaynaqlan\u0131r?<\/strong><\/p>\n\n\n\n<p>&#8211; \u018fvv\u0259la, yax\u015f\u0131 olar ki, bu sual\u0131 Az\u0259rbaycandak\u0131 s\u0259firl\u0259r\u0259 \u00fcnvanlayas\u0131n\u0131z, amma bilir\u0259m ki, imkanlar\u0131n\u0131z m\u0259hduddur. M\u0259n onlarla imkan\u0131m olanda bu bar\u0259d\u0259 dan\u0131\u015f\u0131ram.<\/p>\n\n\n\n<p>&#8211; <strong>N\u0259 deyirl\u0259r?<\/strong><\/p>\n\n\n\n<p>&#8211; Yox, onu dan\u0131\u015fmay\u0131m. H\u0259qiq\u0259t\u0259n d\u0259 bu m\u00fcnasib\u0259td\u0259 ikili standart var, G\u00fcrc\u00fcstan\u0131n indiki hakimiyy\u0259ti d\u0259 avtoritarizm\u0259 do\u011fru add\u0131m at\u0131r, amma onlar\u0131n etdikl\u0259ri Az\u0259rbaycan hakimiyy\u0259tinin etdikl\u0259rinin yan\u0131nda he\u00e7 n\u0259dir. B\u0259li, k\u0259skin m\u00fcnasib\u0259t var v\u0259 sanksiya bar\u0259d\u0259 d\u0259 dan\u0131\u015f\u0131rlar. T\u0259qrib\u0259n \u00f6z\u00fcm \u00fc\u00e7\u00fcn bilir\u0259m, amma onlardan e\u015fitm\u0259mi\u015f\u0259m. S\u0259b\u0259bl\u0259rini g\u00fcman edir\u0259m, onlar G\u00fcrc\u00fcstan\u0131 Q\u0259rbin bir par\u00e7as\u0131 kimi g\u00f6r\u00fcrd\u00fcl\u0259r, indi sanki Q\u0259rb d\u00fcnyas\u0131n\u0131n bir par\u00e7as\u0131 hesab etdikl\u0259rinin oradan qopar\u0131lma\u011f\u0131ndan s\u00f6hb\u0259t gedir. M\u0259s\u0259l\u0259 ondad\u0131r ki, G\u00fcrc\u00fcstana Avropa Birliyin\u0259, NATO-ya namiz\u0259dlik statusu veribl\u0259r, Buxarest Sammitind\u0259 Tbilisiy\u0259 h\u0259rbi-siyasi alyansa \u00fczv olaca\u011f\u0131 v\u0259d olunub. \u0130kincisi, Assosiasiya Sazi\u015finin \u0259h\u0259miyy\u0259tli hiss\u0259si yerin\u0259 yetirilib. Haz\u0131rla\u015f\u0131rd\u0131lar \u00fczvl\u00fck dan\u0131\u015f\u0131qlar\u0131na, bird\u0259n \u201cqap\u0131 ba\u011fland\u0131\u201d. Bu m\u0259s\u0259l\u0259d\u0259 birinci amil aldad\u0131lmaq effektidir. Uzun m\u00fcdd\u0259t, 20 il G\u00fcrc\u00fcstan Avropa Birliyi v\u0259 NATO il\u0259 m\u00fctt\u0259fiqlik dan\u0131\u015f\u0131qlar\u0131 apar\u0131b, b\u00f6y\u00fck milyardlar \u0259ld\u0259 edib, indi s\u00f6z\u00fcnd\u0259n qa\u00e7\u0131r. Bu, psixoloji faktordur. \u0130kincisi, G\u00fcrc\u00fcstana m\u00fcnasib\u0259td\u0259 Q\u0259rbin \u00f6zg\u00fcv\u0259ni daha art\u0131qd\u0131r, \u00e7\u00fcnki b\u00fct\u00fcn sor\u011fular deyir ki, h\u0259tta Avropa Birliyin\u0259 \u00fczv \u00f6lk\u0259l\u0259rd\u0259 Br\u00fcssel\u0259 d\u0259st\u0259k 80 faiz deyil. \u0130frat sa\u011f\u00e7\u0131lar\u0131n say\u0259sind\u0259 h\u0259r \u00f6lk\u0259d\u0259 Avropa Birliyinin \u0259leyhdar\u0131 var. Amma G\u00fcrc\u00fcstanda 80-82 faiz birm\u0259nal\u0131 \u015f\u0259kild\u0259 Avropa Birliyin\u0259 m\u00fcsb\u0259t m\u00fcnasib\u0259t var. Fikir verin, m\u00fcxalif\u0259t h\u00f6kum\u0259ti rusiyap\u0259r\u0259st adland\u0131rsa da, boyunlar\u0131na alm\u0131rlar v\u0259 2030-cu ild\u0259 Avropa Birliyinin \u00fczv\u00fc olacaqlar\u0131n\u0131 deyirl\u0259r. \u00c7\u00fcnki m\u00f6vcud h\u00f6kum\u0259t g\u00fcrc\u00fc xalq\u0131n\u0131n Avropa se\u00e7iminin birm\u0259nal\u0131 oldu\u011funu bilir. T\u0259\u0259ss\u00fcf ki, Az\u0259rbaycanda birm\u0259nal\u0131 se\u00e7im yoxdur. Burada islam \u00f6lk\u0259l\u0259rinin anti-Q\u0259rb t\u0259bli\u011fat\u0131n\u0131n da t\u0259siri var, Az\u0259rbaycan h\u00f6kum\u0259ti d\u0259 ard\u0131c\u0131l \u015f\u0259kild\u0259 bu t\u0259bli\u011fat\u0131 apar\u0131r. Rusiyadan \u00e7ox ciddi m\u00fcdaxil\u0259 var. N\u0259tic\u0259 etibar\u0131 il\u0259 90-c\u0131 ill\u0259rd\u0259 bizd\u0259 d\u0259 indiki G\u00fcrc\u00fcstandak\u0131 kimi idi, \u0259halinin 80 faizi Q\u0259rb\u0259 inteqrasiya t\u0259r\u0259fdar\u0131 idi. Bu g\u00fcn is\u0259 50 faiz oldu\u011funa da \u0259min deyil\u0259m. Az\u0259rbaycan Xalq C\u0259bh\u0259si Partiyas\u0131ndan ba\u015fqa Avropa Birliyi bayra\u011f\u0131 il\u0259 aksiyalar ke\u00e7ir\u0259n t\u0259\u015fkilat varm\u0131? Yoxdur, el\u0259 bir \u015f\u0259rait yarad\u0131blar ki, \u0259halinin m\u00fc\u0259yy\u0259n t\u0259b\u0259q\u0259si \u00fc\u00e7\u00fcn bu, qeyri-populyar olub. \u0130nan\u0131n ki, bizim ictimai r\u0259y\u0259 g\u00fccl\u00fc t\u0259sirimiz olmasayd\u0131, Avropa Birliyin\u0259, Q\u0259rb\u0259 inteqrasiya Az\u0259rbaycanda qeyri-populyar \u015f\u00fcara \u00e7evril\u0259rdi. Bel\u0259likl\u0259, Az\u0259rbaycan b\u00fct\u00f6vl\u00fckd\u0259 Q\u0259rbd\u0259n h\u0259qiqi qopma\u011f\u0131n astanas\u0131ndad\u0131r, u\u00e7urumun dibind\u0259dir. Az\u0259rbaycanla ba\u011fl\u0131 m\u0259s\u0259l\u0259 zarafat deyil v\u0259 m\u00fcv\u0259qq\u0259ti d\u0259 deyil, h\u0259qiq\u0259t\u0259n d\u0259 \u00f6lk\u0259 Belarus v\u0259 ya Venesuala ola bil\u0259r, bir add\u0131m qal\u0131b. Ancaq G\u00fcrc\u00fcstan ist\u0259s\u0259 d\u0259, qopa bilm\u0259y\u0259c\u0259k. Ya oktyabr se\u00e7kil\u0259rind\u0259 d\u0259yi\u015fiklik olacaq, olmaya da bil\u0259r.<\/p>\n\n\n\n<p>&#8211; <strong>M\u0259n d\u0259 el\u0259 o suala g\u0259lir\u0259m, se\u00e7kil\u0259rd\u0259n g\u00f6zl\u0259ntiniz n\u0259dir?<\/strong><\/p>\n\n\n\n<p>&#8211; Ola bilsin, m\u00f6vcud hakimiyy\u0259t m\u00fc\u0259yy\u0259n yox, x\u0131rda s\u0259s \u00e7oxlu\u011fu il\u0259 hakimiyy\u0259tini saxlaya bilsin, amma Rusiyada d\u0259yi\u015fiklikd\u0259n sonra G\u00fcrc\u00fcstanda d\u0259yi\u015fiklik olacaq. G\u00fcrc\u00fcstan toplumu el\u0259dir ki, qon\u015fu \u00f6lk\u0259d\u0259 uzunm\u00fcdd\u0259tli Rusiyaya forpost olacaq siyasi q\u00fcvv\u0259 yaratmaq imkan\u0131 yoxdur. \u0130kinci s\u0259b\u0259b, G\u00fcrc\u00fcstan\u0131n \u0259h\u0259miyy\u0259tli hiss\u0259sini Rusiya i\u015f\u011fal edib, separat\u00e7\u0131 regionlar\u0131n da Qaraba\u011fdan b\u00f6y\u00fck f\u0259rqi var. Qaraba\u011f erm\u0259nil\u0259rinin \u00f6z d\u00f6vl\u0259tl\u0259ri vard\u0131, b\u0259d ayaqda burada b\u0259y\u0259nmirs\u0259n, gedib orda ya\u015faya bil\u0259rs\u0259n, \u00f6z m\u00fcq\u0259ddarat\u0131n\u0131 orada t\u0259yin ed\u0259rs\u0259n. C\u0259nubi Osetiya haqda da h\u0259min s\u00f6z\u00fc dem\u0259k olar, amma abxazlar bar\u0259d\u0259 yox. \u00c7\u00fcnki abxazlar yerli xalqd\u0131r, h\u0259tta d\u00f6vl\u0259tl\u0259ri olub, n\u0259inki muxtariyyatlar\u0131. \u0130ndi Rusiyan\u0131n da imkan\u0131 yoxdur ki, telefonu qald\u0131r\u0131b desin ki, sizi verdik G\u00fcrc\u00fcstana. Abxazlar onlara da etiraz ed\u0259r, yeri g\u0259lmi\u015fk\u0259n, haz\u0131rda Rusiyayla m\u00fcnasib\u0259tl\u0259rd\u0259 g\u0259rginlik var. Dem\u0259li, Putin Rusiyas\u0131n\u0131n Abxaziya v\u0259 C\u0259nubi Osetiyadan imtina etm\u0259k imkan\u0131 yoxdur. G\u00fcrc\u00fcstan hakimiyy\u0259tinin d\u0259 torpa\u011f\u0131n\u0131 i\u015f\u011fal ed\u0259n d\u00f6vl\u0259tl\u0259 m\u00fctt\u0259fiqlik etm\u0259k imkan\u0131 yoxdur. H\u0259tta Q\u0259rbp\u0259r\u0259st media da \u0130vani\u015fvilini Rusiyap\u0259r\u0259st adland\u0131r\u0131r, amma Tbilisi il\u0259 Moskva aras\u0131nda diplomatik \u0259laq\u0259 yoxdur. Dem\u0259li, G\u00fcrc\u00fcstan h\u00f6kum\u0259tinin \u0130lham \u018fliyev kimi Putinl\u0259 m\u00fctt\u0259fiq olmaq \u015fans\u0131 da yoxdur.<\/p>\n\n\n\n<p>&#8211; <strong>Yekuna g\u0259l\u0259k, AB\u015e-da Respublika\u00e7\u0131lar q\u0259l\u0259b\u0259 qazanarsa, b\u00f6lg\u0259d\u0259 demokratiyan\u0131n taleyi sual alt\u0131nda qala bil\u0259rmi? \u00c7\u00fcnki Tramp\u0131 avtoritar hakimiyy\u0259t t\u0259r\u0259fdarlar\u0131n\u0131n sevimlisi say\u0131rlar, h\u0259tta h\u00f6kum\u0259t t\u0259bli\u011fat\u00e7\u0131lar\u0131 onun g\u0259lm\u0259si ist\u0259kl\u0259rini gizl\u0259tmirl\u0259r\u2026<\/strong><\/p>\n\n\n\n<p>&#8211; H\u0259tta AB\u015e-da he\u00e7 kim noyabr se\u00e7kil\u0259rinin n\u0259tic\u0259sinin nec\u0259 olaca\u011f\u0131n\u0131 bilmir. Bu m\u0259nada m\u0259nim onun n\u0259tic\u0259l\u0259ri bar\u0259d\u0259 proqnoz verm\u0259yim d\u00fczg\u00fcn olmaz. Onu da bilir\u0259m ki, \u018fliyev d\u0259 daxil b\u00fct\u00fcn avtoritar rejiml\u0259r \u00fcmid\u0259l\u0259rini Trampa ba\u011flay\u0131blar. Ancaq Tramp\u0131n haz\u0131rk\u0131 gedi\u015fatda se\u00e7ilm\u0259k \u015fans\u0131n\u0131n a\u015fa\u011f\u0131 oldu\u011fu da bildirilir, se\u00e7ils\u0259 bel\u0259 avtoritar rejiml\u0259rin g\u00f6zl\u0259ntil\u0259ri yen\u0259 \u00f6z\u00fcn\u00fc do\u011frultmayacaq. Bu, qlobal prosesdir. Tramp 4 il Prezident olub, h\u0259min 4 ild\u0259 n\u0259 d\u0259yi\u015fib? Ukraynan\u0131n silahland\u0131r\u0131lmas\u0131 Tramp\u0131n vaxt\u0131nda ba\u015flad\u0131, r\u0259\u011fb\u0259tl\u0259 yana\u015fd\u0131\u011f\u0131m Obaman\u0131n vaxt\u0131nda Kr\u0131m v\u0259 Donbass i\u015f\u011fal olunub, \u00e7ox simvolik sanksiyalarla Rusiya can\u0131n\u0131 qurtar\u0131b. Ukraynaya he\u00e7 bir silah da verilm\u0259yib, ondan f\u0259rqli olaraq Tramp silahland\u0131r\u0131b. Avtoritar rejiml\u0259rin g\u00f6zl\u0259ntisin\u0259 girm\u0259k laz\u0131m deyil, AB\u015e ciddi d\u00f6vl\u0259tdir, orda bir adam t\u0259sir edir, amma \u00e7ox \u015feyi d\u0259yi\u015f\u0259 bilmir. Bu d\u00f6vl\u0259tin Konqresi, ictimai r\u0259yi var, he\u00e7 kim d\u0259 onlara qar\u015f\u0131 ged\u0259 bilm\u0259z, d\u00f6vl\u0259t ba\u015f\u00e7\u0131s\u0131 da. N\u0259hay\u0259t, Baydenin vaxt\u0131nda qanunverciliy\u0259 AB\u015e-nin NATO-dan \u00e7\u0131xa bilm\u0259m\u0259si m\u0259s\u0259l\u0259sini daxil edibl\u0259r. AB\u015e-nin NATO-dan \u00e7\u0131xmas\u0131 \u00fc\u00e7\u00fcn \u00fc\u00e7d\u0259 iki s\u0259s laz\u0131md\u0131r. Tramp h\u0259tta Prezident olsa da, dem\u0259li, AB\u015e NATO-da qalacaq. NATO-nun da, \u201cB\u00f6y\u00fck yeddil\u0259r\u201din d\u0259 siyas\u0259ti m\u0259lumdur, o c\u00fcml\u0259d\u0259n, Avropa Birliyinin. B\u0259li, hans\u0131sa taktik d\u0259yi\u015fiklikl\u0259r m\u00fcmk\u00fcnd\u00fcr. Amma geni\u015f m\u0259nada d\u0259yi\u015fiklik olmayacaq. H\u0259tta bilm\u0259k olmaz, Tramp kifay\u0259t q\u0259d\u0259r s\u0259rt q\u0259rarlar da ver\u0259 bil\u0259r. Onun vaxt\u0131nda D\u00f6vl\u0259t katibi olan Pompeo bug\u00fcnl\u0259rd\u0259 dedi ki, biz \u00f6z pullar\u0131m\u0131z\u0131 Ukraynaya verm\u0259y\u0259c\u0259yik, amma Lend-Liz-l\u0259 500 milyard yard\u0131m ed\u0259c\u0259yik. Bununla Kreml ba\u015fa d\u00fc\u015f\u0259c\u0259k ki, q\u0259rar q\u0259bul edib tezlikd\u0259 Ukraynadan \u00e7\u0131xmaq laz\u0131md\u0131r. 500 milyard s\u0131radan bir r\u0259q\u0259m deyil, Baydenin vaxt\u0131ndak\u0131 61 milyarddan \u00f6tr\u00fc b\u00fct\u00fcn AB\u015e \u0259ziyy\u0259t \u00e7\u0259kdi. Ona g\u00f6r\u0259 AB\u015e-ni bilm\u0259k olmur, sa\u011f g\u00f6st\u0259rib, sol da vurur. \u0130st\u0259nil\u0259n halda, b\u0259li, avtoritar rejim \u00e7ox uzun \u00e7\u0259kdi, adamlar yoruldular, amma bilm\u0259k laz\u0131md\u0131r ki, biz d\u00fcnyan\u0131n prinsipsiz oldu\u011fu \u00fc\u00e7\u00fcn a\u011f\u0131r zamanlardan ke\u00e7dik. Az\u0259rbaycanda se\u00e7kil\u0259r saxtala\u015fd\u0131r\u0131landa Avropa \u015euras\u0131 ba\u015fda olmaqla ba\u015fqa beyn\u0259lxalq t\u0259\u015fkilatlardan \u201cdemokratiyaya do\u011fru bir add\u0131m at\u0131ld\u0131\u201d b\u0259yanatlar\u0131 al\u0131rd\u0131q. \u0130ndi o d\u00f6vr yoxdur, art\u0131q kims\u0259 c\u0259sar\u0259t edib avtoritar rejiml\u0259r\u0259 himay\u0259darl\u0131q ed\u0259 bilm\u0259z. Ona g\u00f6r\u0259 ail\u0259 hakimiyy\u0259tl\u0259rinin, avtoritar rejiml\u0259rin \u00fcf\u00fcqd\u0259 sonu g\u00f6r\u00fcn\u00fcr. AB\u015e-d\u0259, Almaniyada kimin se\u00e7ilm\u0259si tarixin gedi\u015fin\u0259 t\u0259sir g\u00f6st\u0259rm\u0259y\u0259c\u0259k.<\/p>\n\n\n\n<p><\/p>\n","protected":false},"excerpt":{"rendered":"","protected":false},"author":8,"featured_media":317463,"comment_status":"closed","ping_status":"closed","sticky":false,"template":"","format":"standard","meta":{"_acf_changed":false,"_sitemap_exclude":false,"_sitemap_priority":"","_sitemap_frequency":"","footnotes":""},"categories":[59,79,63,56],"tags":[],"class_list":["post-317365","post","type-post","status-publish","format-standard","has-post-thumbnail","hentry","category-siyaset","category-featured","category-video-2","category-xeberler","infinite-scroll-item","generate-columns","tablet-grid-50","mobile-grid-100","grid-parent","grid-33","no-featured-image-padding"],"acf":[],"yoast_head":"<!-- This site is optimized with the Yoast SEO plugin v27.4 - https:\/\/yoast.com\/product\/yoast-seo-wordpress\/ -->\n<title>\u018fli K\u0259rimli: \u0130lham \u018fliyevin hakimiyy\u0259ti ail\u0259sind\u0259n kim\u0259s\u0259 \u00f6t\u00fcr\u0259c\u0259k q\u0259d\u0259r m\u00fcdd\u0259ti olmayacaq - MEYDAN.TV<\/title>\n<meta name=\"description\" content=\"\u201cBundan sonra \u0130lham \u018fliyevin ail\u0259sind\u0259n kim\u0259s\u0259 hakimiyy\u0259ti \u00f6t\u00fcr\u0259c\u0259k q\u0259d\u0259r m\u00fcdd\u0259ti olmayacaq\u201d\" \/>\n<meta name=\"robots\" content=\"index, follow, max-snippet:-1, max-image-preview:large, max-video-preview:-1\" \/>\n<link rel=\"canonical\" href=\"https:\/\/www.meydan.tv\/az\/article\/eli-kerimli-eliyev-bir-gun-icinde-belarus-standartin-tetbiq-ede-biler-amma-bu-bas-verse\/\" \/>\n<meta property=\"og:locale\" content=\"az_AZ\" \/>\n<meta property=\"og:type\" content=\"article\" \/>\n<meta property=\"og:title\" content=\"\u018fli K\u0259rimli: \u0130lham \u018fliyevin hakimiyy\u0259ti ail\u0259sind\u0259n kim\u0259s\u0259 \u00f6t\u00fcr\u0259c\u0259k q\u0259d\u0259r m\u00fcdd\u0259ti olmayacaq - MEYDAN.TV\" \/>\n<meta property=\"og:description\" content=\"\u201cBundan sonra \u0130lham \u018fliyevin ail\u0259sind\u0259n kim\u0259s\u0259 hakimiyy\u0259ti \u00f6t\u00fcr\u0259c\u0259k q\u0259d\u0259r m\u00fcdd\u0259ti olmayacaq\u201d\" \/>\n<meta property=\"og:url\" content=\"https:\/\/www.meydan.tv\/az\/article\/eli-kerimli-eliyev-bir-gun-icinde-belarus-standartin-tetbiq-ede-biler-amma-bu-bas-verse\/\" \/>\n<meta property=\"og:site_name\" content=\"MEYDAN.TV\" \/>\n<meta property=\"article:published_time\" content=\"2024-10-10T14:20:22+00:00\" \/>\n<meta property=\"article:modified_time\" content=\"2024-10-10T15:39:18+00:00\" \/>\n<meta property=\"og:image\" content=\"https:\/\/www.meydan.tv\/wp-content\/uploads\/screenshot-2024-10-10-at-16.26.26-1200x604.png\" \/>\n\t<meta property=\"og:image:width\" content=\"1200\" \/>\n\t<meta property=\"og:image:height\" content=\"604\" \/>\n\t<meta property=\"og:image:type\" content=\"image\/png\" \/>\n<meta name=\"author\" content=\"elli\" \/>\n<meta name=\"twitter:card\" content=\"summary_large_image\" \/>\n<meta name=\"twitter:creator\" content=\"@elli\" \/>\n<script type=\"application\/ld+json\" class=\"yoast-schema-graph\">{\"@context\":\"https:\\\/\\\/schema.org\",\"@graph\":[{\"@type\":\"Article\",\"@id\":\"https:\\\/\\\/www.meydan.tv\\\/az\\\/article\\\/eli-kerimli-eliyev-bir-gun-icinde-belarus-standartin-tetbiq-ede-biler-amma-bu-bas-verse\\\/#article\",\"isPartOf\":{\"@id\":\"https:\\\/\\\/www.meydan.tv\\\/az\\\/article\\\/eli-kerimli-eliyev-bir-gun-icinde-belarus-standartin-tetbiq-ede-biler-amma-bu-bas-verse\\\/\"},\"author\":{\"name\":\"elli\",\"@id\":\"https:\\\/\\\/www.meydan.tv\\\/az\\\/#\\\/schema\\\/person\\\/9cdbecf90d17180ce1dfbd95b08dcf47\"},\"headline\":\"\u018fli K\u0259rimli: \u0130lham \u018fliyevin hakimiyy\u0259ti ail\u0259sind\u0259n kim\u0259s\u0259 \u00f6t\u00fcr\u0259c\u0259k q\u0259d\u0259r m\u00fcdd\u0259ti olmayacaq\",\"datePublished\":\"2024-10-10T14:20:22+00:00\",\"dateModified\":\"2024-10-10T15:39:18+00:00\",\"mainEntityOfPage\":{\"@id\":\"https:\\\/\\\/www.meydan.tv\\\/az\\\/article\\\/eli-kerimli-eliyev-bir-gun-icinde-belarus-standartin-tetbiq-ede-biler-amma-bu-bas-verse\\\/\"},\"wordCount\":6283,\"publisher\":{\"@id\":\"https:\\\/\\\/www.meydan.tv\\\/az\\\/#organization\"},\"image\":{\"@id\":\"https:\\\/\\\/www.meydan.tv\\\/az\\\/article\\\/eli-kerimli-eliyev-bir-gun-icinde-belarus-standartin-tetbiq-ede-biler-amma-bu-bas-verse\\\/#primaryimage\"},\"thumbnailUrl\":\"https:\\\/\\\/www.meydan.tv\\\/wp-content\\\/uploads\\\/screenshot-2024-10-10-at-16.26.26.png\",\"articleSection\":[\"Siyas\u0259t\",\"T\u00f6vsiy\u0259\",\"Video\",\"X\u0259b\u0259rl\u0259r\"],\"inLanguage\":\"az\"},{\"@type\":\"WebPage\",\"@id\":\"https:\\\/\\\/www.meydan.tv\\\/az\\\/article\\\/eli-kerimli-eliyev-bir-gun-icinde-belarus-standartin-tetbiq-ede-biler-amma-bu-bas-verse\\\/\",\"url\":\"https:\\\/\\\/www.meydan.tv\\\/az\\\/article\\\/eli-kerimli-eliyev-bir-gun-icinde-belarus-standartin-tetbiq-ede-biler-amma-bu-bas-verse\\\/\",\"name\":\"\u018fli K\u0259rimli: \u0130lham \u018fliyevin hakimiyy\u0259ti ail\u0259sind\u0259n kim\u0259s\u0259 \u00f6t\u00fcr\u0259c\u0259k q\u0259d\u0259r m\u00fcdd\u0259ti olmayacaq - MEYDAN.TV\",\"isPartOf\":{\"@id\":\"https:\\\/\\\/www.meydan.tv\\\/az\\\/#website\"},\"primaryImageOfPage\":{\"@id\":\"https:\\\/\\\/www.meydan.tv\\\/az\\\/article\\\/eli-kerimli-eliyev-bir-gun-icinde-belarus-standartin-tetbiq-ede-biler-amma-bu-bas-verse\\\/#primaryimage\"},\"image\":{\"@id\":\"https:\\\/\\\/www.meydan.tv\\\/az\\\/article\\\/eli-kerimli-eliyev-bir-gun-icinde-belarus-standartin-tetbiq-ede-biler-amma-bu-bas-verse\\\/#primaryimage\"},\"thumbnailUrl\":\"https:\\\/\\\/www.meydan.tv\\\/wp-content\\\/uploads\\\/screenshot-2024-10-10-at-16.26.26.png\",\"datePublished\":\"2024-10-10T14:20:22+00:00\",\"dateModified\":\"2024-10-10T15:39:18+00:00\",\"description\":\"\u201cBundan sonra \u0130lham \u018fliyevin ail\u0259sind\u0259n kim\u0259s\u0259 hakimiyy\u0259ti \u00f6t\u00fcr\u0259c\u0259k q\u0259d\u0259r m\u00fcdd\u0259ti olmayacaq\u201d\",\"breadcrumb\":{\"@id\":\"https:\\\/\\\/www.meydan.tv\\\/az\\\/article\\\/eli-kerimli-eliyev-bir-gun-icinde-belarus-standartin-tetbiq-ede-biler-amma-bu-bas-verse\\\/#breadcrumb\"},\"inLanguage\":\"az\",\"potentialAction\":[{\"@type\":\"ReadAction\",\"target\":[\"https:\\\/\\\/www.meydan.tv\\\/az\\\/article\\\/eli-kerimli-eliyev-bir-gun-icinde-belarus-standartin-tetbiq-ede-biler-amma-bu-bas-verse\\\/\"]}]},{\"@type\":\"ImageObject\",\"inLanguage\":\"az\",\"@id\":\"https:\\\/\\\/www.meydan.tv\\\/az\\\/article\\\/eli-kerimli-eliyev-bir-gun-icinde-belarus-standartin-tetbiq-ede-biler-amma-bu-bas-verse\\\/#primaryimage\",\"url\":\"https:\\\/\\\/www.meydan.tv\\\/wp-content\\\/uploads\\\/screenshot-2024-10-10-at-16.26.26.png\",\"contentUrl\":\"https:\\\/\\\/www.meydan.tv\\\/wp-content\\\/uploads\\\/screenshot-2024-10-10-at-16.26.26.png\",\"width\":2018,\"height\":1016},{\"@type\":\"BreadcrumbList\",\"@id\":\"https:\\\/\\\/www.meydan.tv\\\/az\\\/article\\\/eli-kerimli-eliyev-bir-gun-icinde-belarus-standartin-tetbiq-ede-biler-amma-bu-bas-verse\\\/#breadcrumb\",\"itemListElement\":[{\"@type\":\"ListItem\",\"position\":1,\"name\":\"Ana s\u0259hif\u0259\",\"item\":\"https:\\\/\\\/www.meydan.tv\\\/az\\\/\"},{\"@type\":\"ListItem\",\"position\":2,\"name\":\"Siyas\u0259t\",\"item\":\"https:\\\/\\\/www.meydan.tv\\\/az\\\/section\\\/siyaset\\\/\"},{\"@type\":\"ListItem\",\"position\":3,\"name\":\"\u018fli K\u0259rimli: \u0130lham \u018fliyevin hakimiyy\u0259ti ail\u0259sind\u0259n kim\u0259s\u0259 \u00f6t\u00fcr\u0259c\u0259k q\u0259d\u0259r m\u00fcdd\u0259ti olmayacaq\"}]},{\"@type\":\"WebSite\",\"@id\":\"https:\\\/\\\/www.meydan.tv\\\/az\\\/#website\",\"url\":\"https:\\\/\\\/www.meydan.tv\\\/az\\\/\",\"name\":\"MEYDAN.TV\",\"description\":\"Meydan TV Az\u0259rbaycan\u0131n media m\u0259kan\u0131ndak\u0131 alternativ s\u0259sidir\",\"publisher\":{\"@id\":\"https:\\\/\\\/www.meydan.tv\\\/az\\\/#organization\"},\"potentialAction\":[{\"@type\":\"SearchAction\",\"target\":{\"@type\":\"EntryPoint\",\"urlTemplate\":\"https:\\\/\\\/www.meydan.tv\\\/az\\\/?s={search_term_string}\"},\"query-input\":{\"@type\":\"PropertyValueSpecification\",\"valueRequired\":true,\"valueName\":\"search_term_string\"}}],\"inLanguage\":\"az\"},{\"@type\":\"Organization\",\"@id\":\"https:\\\/\\\/www.meydan.tv\\\/az\\\/#organization\",\"name\":\"Meydan TV\",\"url\":\"https:\\\/\\\/www.meydan.tv\\\/az\\\/\",\"logo\":{\"@type\":\"ImageObject\",\"inLanguage\":\"az\",\"@id\":\"https:\\\/\\\/www.meydan.tv\\\/az\\\/#\\\/schema\\\/logo\\\/image\\\/\",\"url\":\"https:\\\/\\\/www.meydan.tv\\\/wp-content\\\/uploads\\\/2021\\\/07\\\/meydan-logo.svg\",\"contentUrl\":\"https:\\\/\\\/www.meydan.tv\\\/wp-content\\\/uploads\\\/2021\\\/07\\\/meydan-logo.svg\",\"width\":195,\"height\":46,\"caption\":\"Meydan TV\"},\"image\":{\"@id\":\"https:\\\/\\\/www.meydan.tv\\\/az\\\/#\\\/schema\\\/logo\\\/image\\\/\"}},{\"@type\":\"Person\",\"@id\":\"https:\\\/\\\/www.meydan.tv\\\/az\\\/#\\\/schema\\\/person\\\/9cdbecf90d17180ce1dfbd95b08dcf47\",\"name\":\"elli\",\"sameAs\":[\"https:\\\/\\\/x.com\\\/elli\"]}]}<\/script>\n<!-- \/ Yoast SEO plugin. -->","yoast_head_json":{"title":"\u018fli K\u0259rimli: \u0130lham \u018fliyevin hakimiyy\u0259ti ail\u0259sind\u0259n kim\u0259s\u0259 \u00f6t\u00fcr\u0259c\u0259k q\u0259d\u0259r m\u00fcdd\u0259ti olmayacaq - MEYDAN.TV","description":"\u201cBundan sonra \u0130lham \u018fliyevin ail\u0259sind\u0259n kim\u0259s\u0259 hakimiyy\u0259ti \u00f6t\u00fcr\u0259c\u0259k q\u0259d\u0259r m\u00fcdd\u0259ti olmayacaq\u201d","robots":{"index":"index","follow":"follow","max-snippet":"max-snippet:-1","max-image-preview":"max-image-preview:large","max-video-preview":"max-video-preview:-1"},"canonical":"https:\/\/www.meydan.tv\/az\/article\/eli-kerimli-eliyev-bir-gun-icinde-belarus-standartin-tetbiq-ede-biler-amma-bu-bas-verse\/","og_locale":"az_AZ","og_type":"article","og_title":"\u018fli K\u0259rimli: \u0130lham \u018fliyevin hakimiyy\u0259ti ail\u0259sind\u0259n kim\u0259s\u0259 \u00f6t\u00fcr\u0259c\u0259k q\u0259d\u0259r m\u00fcdd\u0259ti olmayacaq - MEYDAN.TV","og_description":"\u201cBundan sonra \u0130lham \u018fliyevin ail\u0259sind\u0259n kim\u0259s\u0259 hakimiyy\u0259ti \u00f6t\u00fcr\u0259c\u0259k q\u0259d\u0259r m\u00fcdd\u0259ti olmayacaq\u201d","og_url":"https:\/\/www.meydan.tv\/az\/article\/eli-kerimli-eliyev-bir-gun-icinde-belarus-standartin-tetbiq-ede-biler-amma-bu-bas-verse\/","og_site_name":"MEYDAN.TV","article_published_time":"2024-10-10T14:20:22+00:00","article_modified_time":"2024-10-10T15:39:18+00:00","og_image":[{"width":1200,"height":604,"url":"https:\/\/www.meydan.tv\/wp-content\/uploads\/screenshot-2024-10-10-at-16.26.26-1200x604.png","type":"image\/png"}],"author":"elli","twitter_card":"summary_large_image","twitter_creator":"@elli","schema":{"@context":"https:\/\/schema.org","@graph":[{"@type":"Article","@id":"https:\/\/www.meydan.tv\/az\/article\/eli-kerimli-eliyev-bir-gun-icinde-belarus-standartin-tetbiq-ede-biler-amma-bu-bas-verse\/#article","isPartOf":{"@id":"https:\/\/www.meydan.tv\/az\/article\/eli-kerimli-eliyev-bir-gun-icinde-belarus-standartin-tetbiq-ede-biler-amma-bu-bas-verse\/"},"author":{"name":"elli","@id":"https:\/\/www.meydan.tv\/az\/#\/schema\/person\/9cdbecf90d17180ce1dfbd95b08dcf47"},"headline":"\u018fli K\u0259rimli: \u0130lham \u018fliyevin hakimiyy\u0259ti ail\u0259sind\u0259n kim\u0259s\u0259 \u00f6t\u00fcr\u0259c\u0259k q\u0259d\u0259r m\u00fcdd\u0259ti olmayacaq","datePublished":"2024-10-10T14:20:22+00:00","dateModified":"2024-10-10T15:39:18+00:00","mainEntityOfPage":{"@id":"https:\/\/www.meydan.tv\/az\/article\/eli-kerimli-eliyev-bir-gun-icinde-belarus-standartin-tetbiq-ede-biler-amma-bu-bas-verse\/"},"wordCount":6283,"publisher":{"@id":"https:\/\/www.meydan.tv\/az\/#organization"},"image":{"@id":"https:\/\/www.meydan.tv\/az\/article\/eli-kerimli-eliyev-bir-gun-icinde-belarus-standartin-tetbiq-ede-biler-amma-bu-bas-verse\/#primaryimage"},"thumbnailUrl":"https:\/\/www.meydan.tv\/wp-content\/uploads\/screenshot-2024-10-10-at-16.26.26.png","articleSection":["Siyas\u0259t","T\u00f6vsiy\u0259","Video","X\u0259b\u0259rl\u0259r"],"inLanguage":"az"},{"@type":"WebPage","@id":"https:\/\/www.meydan.tv\/az\/article\/eli-kerimli-eliyev-bir-gun-icinde-belarus-standartin-tetbiq-ede-biler-amma-bu-bas-verse\/","url":"https:\/\/www.meydan.tv\/az\/article\/eli-kerimli-eliyev-bir-gun-icinde-belarus-standartin-tetbiq-ede-biler-amma-bu-bas-verse\/","name":"\u018fli K\u0259rimli: \u0130lham \u018fliyevin hakimiyy\u0259ti ail\u0259sind\u0259n kim\u0259s\u0259 \u00f6t\u00fcr\u0259c\u0259k q\u0259d\u0259r m\u00fcdd\u0259ti olmayacaq - MEYDAN.TV","isPartOf":{"@id":"https:\/\/www.meydan.tv\/az\/#website"},"primaryImageOfPage":{"@id":"https:\/\/www.meydan.tv\/az\/article\/eli-kerimli-eliyev-bir-gun-icinde-belarus-standartin-tetbiq-ede-biler-amma-bu-bas-verse\/#primaryimage"},"image":{"@id":"https:\/\/www.meydan.tv\/az\/article\/eli-kerimli-eliyev-bir-gun-icinde-belarus-standartin-tetbiq-ede-biler-amma-bu-bas-verse\/#primaryimage"},"thumbnailUrl":"https:\/\/www.meydan.tv\/wp-content\/uploads\/screenshot-2024-10-10-at-16.26.26.png","datePublished":"2024-10-10T14:20:22+00:00","dateModified":"2024-10-10T15:39:18+00:00","description":"\u201cBundan sonra \u0130lham \u018fliyevin ail\u0259sind\u0259n kim\u0259s\u0259 hakimiyy\u0259ti \u00f6t\u00fcr\u0259c\u0259k q\u0259d\u0259r m\u00fcdd\u0259ti olmayacaq\u201d","breadcrumb":{"@id":"https:\/\/www.meydan.tv\/az\/article\/eli-kerimli-eliyev-bir-gun-icinde-belarus-standartin-tetbiq-ede-biler-amma-bu-bas-verse\/#breadcrumb"},"inLanguage":"az","potentialAction":[{"@type":"ReadAction","target":["https:\/\/www.meydan.tv\/az\/article\/eli-kerimli-eliyev-bir-gun-icinde-belarus-standartin-tetbiq-ede-biler-amma-bu-bas-verse\/"]}]},{"@type":"ImageObject","inLanguage":"az","@id":"https:\/\/www.meydan.tv\/az\/article\/eli-kerimli-eliyev-bir-gun-icinde-belarus-standartin-tetbiq-ede-biler-amma-bu-bas-verse\/#primaryimage","url":"https:\/\/www.meydan.tv\/wp-content\/uploads\/screenshot-2024-10-10-at-16.26.26.png","contentUrl":"https:\/\/www.meydan.tv\/wp-content\/uploads\/screenshot-2024-10-10-at-16.26.26.png","width":2018,"height":1016},{"@type":"BreadcrumbList","@id":"https:\/\/www.meydan.tv\/az\/article\/eli-kerimli-eliyev-bir-gun-icinde-belarus-standartin-tetbiq-ede-biler-amma-bu-bas-verse\/#breadcrumb","itemListElement":[{"@type":"ListItem","position":1,"name":"Ana s\u0259hif\u0259","item":"https:\/\/www.meydan.tv\/az\/"},{"@type":"ListItem","position":2,"name":"Siyas\u0259t","item":"https:\/\/www.meydan.tv\/az\/section\/siyaset\/"},{"@type":"ListItem","position":3,"name":"\u018fli K\u0259rimli: \u0130lham \u018fliyevin hakimiyy\u0259ti ail\u0259sind\u0259n kim\u0259s\u0259 \u00f6t\u00fcr\u0259c\u0259k q\u0259d\u0259r m\u00fcdd\u0259ti olmayacaq"}]},{"@type":"WebSite","@id":"https:\/\/www.meydan.tv\/az\/#website","url":"https:\/\/www.meydan.tv\/az\/","name":"MEYDAN.TV","description":"Meydan TV Az\u0259rbaycan\u0131n media m\u0259kan\u0131ndak\u0131 alternativ s\u0259sidir","publisher":{"@id":"https:\/\/www.meydan.tv\/az\/#organization"},"potentialAction":[{"@type":"SearchAction","target":{"@type":"EntryPoint","urlTemplate":"https:\/\/www.meydan.tv\/az\/?s={search_term_string}"},"query-input":{"@type":"PropertyValueSpecification","valueRequired":true,"valueName":"search_term_string"}}],"inLanguage":"az"},{"@type":"Organization","@id":"https:\/\/www.meydan.tv\/az\/#organization","name":"Meydan TV","url":"https:\/\/www.meydan.tv\/az\/","logo":{"@type":"ImageObject","inLanguage":"az","@id":"https:\/\/www.meydan.tv\/az\/#\/schema\/logo\/image\/","url":"https:\/\/www.meydan.tv\/wp-content\/uploads\/2021\/07\/meydan-logo.svg","contentUrl":"https:\/\/www.meydan.tv\/wp-content\/uploads\/2021\/07\/meydan-logo.svg","width":195,"height":46,"caption":"Meydan TV"},"image":{"@id":"https:\/\/www.meydan.tv\/az\/#\/schema\/logo\/image\/"}},{"@type":"Person","@id":"https:\/\/www.meydan.tv\/az\/#\/schema\/person\/9cdbecf90d17180ce1dfbd95b08dcf47","name":"elli","sameAs":["https:\/\/x.com\/elli"]}]}},"_links":{"self":[{"href":"https:\/\/www.meydan.tv\/az\/wp-json\/wp\/v2\/posts\/317365","targetHints":{"allow":["GET"]}}],"collection":[{"href":"https:\/\/www.meydan.tv\/az\/wp-json\/wp\/v2\/posts"}],"about":[{"href":"https:\/\/www.meydan.tv\/az\/wp-json\/wp\/v2\/types\/post"}],"author":[{"embeddable":true,"href":"https:\/\/www.meydan.tv\/az\/wp-json\/wp\/v2\/users\/8"}],"replies":[{"embeddable":true,"href":"https:\/\/www.meydan.tv\/az\/wp-json\/wp\/v2\/comments?post=317365"}],"version-history":[{"count":5,"href":"https:\/\/www.meydan.tv\/az\/wp-json\/wp\/v2\/posts\/317365\/revisions"}],"predecessor-version":[{"id":317471,"href":"https:\/\/www.meydan.tv\/az\/wp-json\/wp\/v2\/posts\/317365\/revisions\/317471"}],"wp:featuredmedia":[{"embeddable":true,"href":"https:\/\/www.meydan.tv\/az\/wp-json\/wp\/v2\/media\/317463"}],"wp:attachment":[{"href":"https:\/\/www.meydan.tv\/az\/wp-json\/wp\/v2\/media?parent=317365"}],"wp:term":[{"taxonomy":"category","embeddable":true,"href":"https:\/\/www.meydan.tv\/az\/wp-json\/wp\/v2\/categories?post=317365"},{"taxonomy":"post_tag","embeddable":true,"href":"https:\/\/www.meydan.tv\/az\/wp-json\/wp\/v2\/tags?post=317365"}],"curies":[{"name":"wp","href":"https:\/\/api.w.org\/{rel}","templated":true}]}}