{"id":317354,"date":"2024-10-09T17:12:59","date_gmt":"2024-10-09T13:12:59","guid":{"rendered":"https:\/\/www.meydan.tv\/?p=317354"},"modified":"2024-10-09T18:15:35","modified_gmt":"2024-10-09T14:15:35","slug":"bir-qrup-sehid-ailesi-aksiya-kecirib","status":"publish","type":"post","link":"https:\/\/www.meydan.tv\/az\/article\/bir-qrup-sehid-ailesi-aksiya-kecirib\/","title":{"rendered":"Bir qrup \u015f\u0259hid ail\u0259si aksiya ke\u00e7irib"},"content":{"rendered":"\n<figure class=\"wp-block-embed is-type-video is-provider-youtube wp-block-embed-youtube wp-embed-aspect-16-9 wp-has-aspect-ratio\"><div class=\"wp-block-embed__wrapper\">\n<iframe title=\"\u201cNazirl\u0259r d\u0259 \u00f6l\u00fcb ged\u0259c\u0259k, amma bu xiyaban h\u0259mi\u015f\u0259 olacaq\u201d\" width=\"1200\" height=\"675\" data-src=\"https:\/\/www.youtube.com\/embed\/PyMSUk9tJ4M?feature=oembed\" frameborder=\"0\" allow=\"accelerometer; autoplay; clipboard-write; encrypted-media; gyroscope; picture-in-picture; web-share\" referrerpolicy=\"strict-origin-when-cross-origin\" allowfullscreen src=\"data:image\/svg+xml;base64,PHN2ZyB3aWR0aD0iMSIgaGVpZ2h0PSIxIiB4bWxucz0iaHR0cDovL3d3dy53My5vcmcvMjAwMC9zdmciPjwvc3ZnPg==\" class=\"lazyload\" data-load-mode=\"1\"><\/iframe>\n<\/div><\/figure>\n\n\n\n<!--more-->\n\n\n\n<p><strong><em>Onlar t\u0259zminat v\u0259 m\u0259nzill\u0259rin verilm\u0259m\u0259sind\u0259n \u015fikay\u0259t\u00e7idirl\u0259r<\/em><\/strong><\/p>\n\n\n\n<p>Oktyabr\u0131n 9-da 1990-c\u0131 il 20 Yanvar hadis\u0259l\u0259ri zaman\u0131 h\u0259lak olanlar\u0131n yax\u0131nlar\u0131 \u015e\u0259hidl\u0259r Xiyaban\u0131nda aksiya ke\u00e7iribl\u0259r.<\/p>\n\n\n\n<p>\u015e\u0259hid ail\u0259l\u0259ri h\u0259lak olan yax\u0131nlar\u0131na g\u00f6r\u0259 onlara t\u0259zminat, d\u00f6\u015f ni\u015fan\u0131, m\u0259nzill\u0259rin verilm\u0259m\u0259sind\u0259n \u015fikay\u0259t edibl\u0259r.<\/p>\n\n\n\n<p>Bildiribl\u0259r ki, aidiyy\u0259ti qurumlar onlar\u0131 q\u0259bul etmir, \u015fikay\u0259tl\u0259rini dinl\u0259mirl\u0259r.<\/p>\n\n\n\n<p>\u018fm\u0259k v\u0259 \u018fhalinin Sosial M\u00fcdafi\u0259si Nazirliyind\u0259n m\u0259s\u0259l\u0259y\u0259 m\u00fcnasib\u0259t \u00f6yr\u0259nm\u0259k m\u00fcmk\u00fcn olmay\u0131b.<\/p>\n\n\n\n<p>Nazirliyin sayt\u0131nda 2024-c\u00fc ilin yanvar\u0131n 19-da d\u0259rc olunan hesabatda qeyd olunur ki, \u018f\u018fSMN t\u0259r\u0259find\u0259n \u00f6t\u0259n d\u00f6vrd\u0259 20 Yanvar hadis\u0259l\u0259ri n\u0259tic\u0259sind\u0259 \u0259lil olan, h\u0259m\u00e7inin h\u0259yat\u0131n\u0131 itir\u0259nl\u0259rin ail\u0259l\u0259rin\u0259 143 m\u0259nzil <a href=\"https:\/\/sosial.gov.az\/media\/xeberler\/20-yanvar-sehidlerinin-aileleri-ve-20-yanvar-hadiseleri-ile-elaqedar-elilliyi-olan-sexsler-sosial-mudafie-tedbirleri-ile-ehate-olunur?hl=az\" target=\"_blank\" rel=\"noreferrer noopener\">verilib.<\/a><br><br>1990-c\u0131 il yanvar\u0131n 19-dan 20-n\u0259 ke\u00e7\u0259n gec\u0259 SSR\u0130 h\u0259rbi q\u00fcvv\u0259l\u0259rinin Bak\u0131da dinc \u0259halini at\u0259\u015f\u0259 tutmas\u0131 n\u0259tic\u0259sind\u0259 134 n\u0259f\u0259r h\u0259lak olub.<\/p>\n\n\n\n<p>R\u0259smi m\u0259lumatlara \u0259sas\u0259n, SSR\u0130 r\u0259hb\u0259rliyinin g\u00f6st\u0259ri\u015fi il\u0259 Bak\u0131ya 35 minlik ordu korpusu yeridilib. M\u0259qs\u0259d Az\u0259rbaycandak\u0131 kommunist rejimini xilas etm\u0259k v\u0259 milli-azadl\u0131q h\u0259r\u0259kat\u0131n\u0131 bo\u011fmaq idi.<\/p>\n\n\n\n<p>SSR\u0130 M\u00fcdafi\u0259 Nazirliyi, D\u0130N v\u0259 DTK t\u0259r\u0259find\u0259n haz\u0131rlanan \u0259m\u0259liyyat \u201cZ\u0259rb\u0259\u201d adlan\u0131rd\u0131. <\/p>\n\n\n\n<p>M\u0259lumatlara g\u00f6r\u0259, \u0259m\u0259liyyatda \u0259sas rolu \u201cALFA\u201d x\u00fcsusi t\u0259yinatl\u0131 qrup v\u0259 SSR\u0130 DTK-n\u0131n t\u0259xribat qruplar\u0131 oynay\u0131b.<\/p>\n\n\n\n<p>Qo\u015funlar\u0131n Bak\u0131ya yeridilm\u0259si \u00fc\u00e7\u00fcn \u0259sas b\u0259han\u0259l\u0259rd\u0259n biri yanvar\u0131n 13-15-d\u0259 ba\u015f vermi\u015f erm\u0259ni qiyamlar\u0131 olmu\u015fdu. Lakin qo\u015funlar g\u0259l\u0259n\u0259 kimi bu qiyamlar dayand\u0131r\u0131lm\u0131\u015fd\u0131. N\u0259tic\u0259d\u0259 134 m\u00fclki \u015f\u0259xs \u00f6ld\u00fcr\u00fcl\u00fcb, 700-d\u0259n \u00e7ox adam yaralan\u0131b. Daha 13 n\u0259f\u0259r Neft\u00e7ala v\u0259 C\u0259lilabadda h\u0259lak olub.<\/p>\n\n\n\n<p>Yanvar\u0131n 20-si Az\u0259rbaycanda Mat\u0259m G\u00fcn\u00fc kimi qeyd olunur.<\/p>\n","protected":false},"excerpt":{"rendered":"","protected":false},"author":8,"featured_media":317347,"comment_status":"closed","ping_status":"closed","sticky":false,"template":"","format":"standard","meta":{"_acf_changed":false,"_sitemap_exclude":false,"_sitemap_priority":"","_sitemap_frequency":"","footnotes":""},"categories":[62,63,56],"tags":[],"class_list":["post-317354","post","type-post","status-publish","format-standard","has-post-thumbnail","hentry","category-sosial","category-video-2","category-xeberler","infinite-scroll-item","generate-columns","tablet-grid-50","mobile-grid-100","grid-parent","grid-33","no-featured-image-padding"],"acf":[],"yoast_head":"<!-- This site is optimized with the Yoast SEO plugin v27.4 - https:\/\/yoast.com\/product\/yoast-seo-wordpress\/ -->\n<title>Bir qrup \u015f\u0259hid ail\u0259si aksiya ke\u00e7irib - MEYDAN.TV<\/title>\n<meta name=\"description\" content=\"Onlar t\u0259zminat v\u0259 m\u0259nzill\u0259rin verilm\u0259m\u0259sind\u0259n \u015fikay\u0259t\u00e7idirl\u0259r.\" \/>\n<meta name=\"robots\" content=\"index, follow, max-snippet:-1, max-image-preview:large, max-video-preview:-1\" \/>\n<link rel=\"canonical\" href=\"https:\/\/www.meydan.tv\/az\/article\/bir-qrup-sehid-ailesi-aksiya-kecirib\/\" \/>\n<meta property=\"og:locale\" content=\"az_AZ\" \/>\n<meta property=\"og:type\" content=\"article\" \/>\n<meta property=\"og:title\" content=\"Bir qrup \u015f\u0259hid ail\u0259si aksiya ke\u00e7irib - MEYDAN.TV\" \/>\n<meta property=\"og:description\" content=\"Onlar t\u0259zminat v\u0259 m\u0259nzill\u0259rin verilm\u0259m\u0259sind\u0259n \u015fikay\u0259t\u00e7idirl\u0259r.\" \/>\n<meta property=\"og:url\" content=\"https:\/\/www.meydan.tv\/az\/article\/bir-qrup-sehid-ailesi-aksiya-kecirib\/\" \/>\n<meta property=\"og:site_name\" content=\"MEYDAN.TV\" \/>\n<meta property=\"article:published_time\" content=\"2024-10-09T13:12:59+00:00\" \/>\n<meta property=\"article:modified_time\" content=\"2024-10-09T14:15:35+00:00\" \/>\n<meta property=\"og:image\" content=\"https:\/\/www.meydan.tv\/wp-content\/uploads\/img_5446-scaled.jpg\" \/>\n\t<meta property=\"og:image:width\" content=\"2560\" \/>\n\t<meta property=\"og:image:height\" content=\"1440\" \/>\n\t<meta property=\"og:image:type\" content=\"image\/jpeg\" \/>\n<meta name=\"author\" content=\"elli\" \/>\n<meta name=\"twitter:card\" content=\"summary_large_image\" \/>\n<meta name=\"twitter:creator\" content=\"@elli\" \/>\n<script type=\"application\/ld+json\" class=\"yoast-schema-graph\">{\"@context\":\"https:\\\/\\\/schema.org\",\"@graph\":[{\"@type\":\"Article\",\"@id\":\"https:\\\/\\\/www.meydan.tv\\\/az\\\/article\\\/bir-qrup-sehid-ailesi-aksiya-kecirib\\\/#article\",\"isPartOf\":{\"@id\":\"https:\\\/\\\/www.meydan.tv\\\/az\\\/article\\\/bir-qrup-sehid-ailesi-aksiya-kecirib\\\/\"},\"author\":{\"name\":\"elli\",\"@id\":\"https:\\\/\\\/www.meydan.tv\\\/az\\\/#\\\/schema\\\/person\\\/9cdbecf90d17180ce1dfbd95b08dcf47\"},\"headline\":\"Bir qrup \u015f\u0259hid ail\u0259si aksiya ke\u00e7irib\",\"datePublished\":\"2024-10-09T13:12:59+00:00\",\"dateModified\":\"2024-10-09T14:15:35+00:00\",\"mainEntityOfPage\":{\"@id\":\"https:\\\/\\\/www.meydan.tv\\\/az\\\/article\\\/bir-qrup-sehid-ailesi-aksiya-kecirib\\\/\"},\"wordCount\":365,\"publisher\":{\"@id\":\"https:\\\/\\\/www.meydan.tv\\\/az\\\/#organization\"},\"image\":{\"@id\":\"https:\\\/\\\/www.meydan.tv\\\/az\\\/article\\\/bir-qrup-sehid-ailesi-aksiya-kecirib\\\/#primaryimage\"},\"thumbnailUrl\":\"https:\\\/\\\/www.meydan.tv\\\/wp-content\\\/uploads\\\/img_5446-scaled.jpg\",\"articleSection\":[\"Sosial\",\"Video\",\"X\u0259b\u0259rl\u0259r\"],\"inLanguage\":\"az\"},{\"@type\":\"WebPage\",\"@id\":\"https:\\\/\\\/www.meydan.tv\\\/az\\\/article\\\/bir-qrup-sehid-ailesi-aksiya-kecirib\\\/\",\"url\":\"https:\\\/\\\/www.meydan.tv\\\/az\\\/article\\\/bir-qrup-sehid-ailesi-aksiya-kecirib\\\/\",\"name\":\"Bir qrup \u015f\u0259hid ail\u0259si aksiya ke\u00e7irib - MEYDAN.TV\",\"isPartOf\":{\"@id\":\"https:\\\/\\\/www.meydan.tv\\\/az\\\/#website\"},\"primaryImageOfPage\":{\"@id\":\"https:\\\/\\\/www.meydan.tv\\\/az\\\/article\\\/bir-qrup-sehid-ailesi-aksiya-kecirib\\\/#primaryimage\"},\"image\":{\"@id\":\"https:\\\/\\\/www.meydan.tv\\\/az\\\/article\\\/bir-qrup-sehid-ailesi-aksiya-kecirib\\\/#primaryimage\"},\"thumbnailUrl\":\"https:\\\/\\\/www.meydan.tv\\\/wp-content\\\/uploads\\\/img_5446-scaled.jpg\",\"datePublished\":\"2024-10-09T13:12:59+00:00\",\"dateModified\":\"2024-10-09T14:15:35+00:00\",\"description\":\"Onlar t\u0259zminat v\u0259 m\u0259nzill\u0259rin verilm\u0259m\u0259sind\u0259n \u015fikay\u0259t\u00e7idirl\u0259r.\",\"breadcrumb\":{\"@id\":\"https:\\\/\\\/www.meydan.tv\\\/az\\\/article\\\/bir-qrup-sehid-ailesi-aksiya-kecirib\\\/#breadcrumb\"},\"inLanguage\":\"az\",\"potentialAction\":[{\"@type\":\"ReadAction\",\"target\":[\"https:\\\/\\\/www.meydan.tv\\\/az\\\/article\\\/bir-qrup-sehid-ailesi-aksiya-kecirib\\\/\"]}]},{\"@type\":\"ImageObject\",\"inLanguage\":\"az\",\"@id\":\"https:\\\/\\\/www.meydan.tv\\\/az\\\/article\\\/bir-qrup-sehid-ailesi-aksiya-kecirib\\\/#primaryimage\",\"url\":\"https:\\\/\\\/www.meydan.tv\\\/wp-content\\\/uploads\\\/img_5446-scaled.jpg\",\"contentUrl\":\"https:\\\/\\\/www.meydan.tv\\\/wp-content\\\/uploads\\\/img_5446-scaled.jpg\",\"width\":2560,\"height\":1440,\"caption\":\"Foto: Meydan TV\"},{\"@type\":\"BreadcrumbList\",\"@id\":\"https:\\\/\\\/www.meydan.tv\\\/az\\\/article\\\/bir-qrup-sehid-ailesi-aksiya-kecirib\\\/#breadcrumb\",\"itemListElement\":[{\"@type\":\"ListItem\",\"position\":1,\"name\":\"Ana s\u0259hif\u0259\",\"item\":\"https:\\\/\\\/www.meydan.tv\\\/az\\\/\"},{\"@type\":\"ListItem\",\"position\":2,\"name\":\"Sosial\",\"item\":\"https:\\\/\\\/www.meydan.tv\\\/az\\\/section\\\/sosial\\\/\"},{\"@type\":\"ListItem\",\"position\":3,\"name\":\"Bir qrup \u015f\u0259hid ail\u0259si aksiya ke\u00e7irib\"}]},{\"@type\":\"WebSite\",\"@id\":\"https:\\\/\\\/www.meydan.tv\\\/az\\\/#website\",\"url\":\"https:\\\/\\\/www.meydan.tv\\\/az\\\/\",\"name\":\"MEYDAN.TV\",\"description\":\"Meydan TV Az\u0259rbaycan\u0131n media m\u0259kan\u0131ndak\u0131 alternativ s\u0259sidir\",\"publisher\":{\"@id\":\"https:\\\/\\\/www.meydan.tv\\\/az\\\/#organization\"},\"potentialAction\":[{\"@type\":\"SearchAction\",\"target\":{\"@type\":\"EntryPoint\",\"urlTemplate\":\"https:\\\/\\\/www.meydan.tv\\\/az\\\/?s={search_term_string}\"},\"query-input\":{\"@type\":\"PropertyValueSpecification\",\"valueRequired\":true,\"valueName\":\"search_term_string\"}}],\"inLanguage\":\"az\"},{\"@type\":\"Organization\",\"@id\":\"https:\\\/\\\/www.meydan.tv\\\/az\\\/#organization\",\"name\":\"Meydan TV\",\"url\":\"https:\\\/\\\/www.meydan.tv\\\/az\\\/\",\"logo\":{\"@type\":\"ImageObject\",\"inLanguage\":\"az\",\"@id\":\"https:\\\/\\\/www.meydan.tv\\\/az\\\/#\\\/schema\\\/logo\\\/image\\\/\",\"url\":\"https:\\\/\\\/www.meydan.tv\\\/wp-content\\\/uploads\\\/2021\\\/07\\\/meydan-logo.svg\",\"contentUrl\":\"https:\\\/\\\/www.meydan.tv\\\/wp-content\\\/uploads\\\/2021\\\/07\\\/meydan-logo.svg\",\"width\":195,\"height\":46,\"caption\":\"Meydan TV\"},\"image\":{\"@id\":\"https:\\\/\\\/www.meydan.tv\\\/az\\\/#\\\/schema\\\/logo\\\/image\\\/\"}},{\"@type\":\"Person\",\"@id\":\"https:\\\/\\\/www.meydan.tv\\\/az\\\/#\\\/schema\\\/person\\\/9cdbecf90d17180ce1dfbd95b08dcf47\",\"name\":\"elli\",\"sameAs\":[\"https:\\\/\\\/x.com\\\/elli\"]}]}<\/script>\n<!-- \/ Yoast SEO plugin. -->","yoast_head_json":{"title":"Bir qrup \u015f\u0259hid ail\u0259si aksiya ke\u00e7irib - MEYDAN.TV","description":"Onlar t\u0259zminat v\u0259 m\u0259nzill\u0259rin verilm\u0259m\u0259sind\u0259n \u015fikay\u0259t\u00e7idirl\u0259r.","robots":{"index":"index","follow":"follow","max-snippet":"max-snippet:-1","max-image-preview":"max-image-preview:large","max-video-preview":"max-video-preview:-1"},"canonical":"https:\/\/www.meydan.tv\/az\/article\/bir-qrup-sehid-ailesi-aksiya-kecirib\/","og_locale":"az_AZ","og_type":"article","og_title":"Bir qrup \u015f\u0259hid ail\u0259si aksiya ke\u00e7irib - MEYDAN.TV","og_description":"Onlar t\u0259zminat v\u0259 m\u0259nzill\u0259rin verilm\u0259m\u0259sind\u0259n \u015fikay\u0259t\u00e7idirl\u0259r.","og_url":"https:\/\/www.meydan.tv\/az\/article\/bir-qrup-sehid-ailesi-aksiya-kecirib\/","og_site_name":"MEYDAN.TV","article_published_time":"2024-10-09T13:12:59+00:00","article_modified_time":"2024-10-09T14:15:35+00:00","og_image":[{"width":2560,"height":1440,"url":"https:\/\/www.meydan.tv\/wp-content\/uploads\/img_5446-scaled.jpg","type":"image\/jpeg"}],"author":"elli","twitter_card":"summary_large_image","twitter_creator":"@elli","schema":{"@context":"https:\/\/schema.org","@graph":[{"@type":"Article","@id":"https:\/\/www.meydan.tv\/az\/article\/bir-qrup-sehid-ailesi-aksiya-kecirib\/#article","isPartOf":{"@id":"https:\/\/www.meydan.tv\/az\/article\/bir-qrup-sehid-ailesi-aksiya-kecirib\/"},"author":{"name":"elli","@id":"https:\/\/www.meydan.tv\/az\/#\/schema\/person\/9cdbecf90d17180ce1dfbd95b08dcf47"},"headline":"Bir qrup \u015f\u0259hid ail\u0259si aksiya ke\u00e7irib","datePublished":"2024-10-09T13:12:59+00:00","dateModified":"2024-10-09T14:15:35+00:00","mainEntityOfPage":{"@id":"https:\/\/www.meydan.tv\/az\/article\/bir-qrup-sehid-ailesi-aksiya-kecirib\/"},"wordCount":365,"publisher":{"@id":"https:\/\/www.meydan.tv\/az\/#organization"},"image":{"@id":"https:\/\/www.meydan.tv\/az\/article\/bir-qrup-sehid-ailesi-aksiya-kecirib\/#primaryimage"},"thumbnailUrl":"https:\/\/www.meydan.tv\/wp-content\/uploads\/img_5446-scaled.jpg","articleSection":["Sosial","Video","X\u0259b\u0259rl\u0259r"],"inLanguage":"az"},{"@type":"WebPage","@id":"https:\/\/www.meydan.tv\/az\/article\/bir-qrup-sehid-ailesi-aksiya-kecirib\/","url":"https:\/\/www.meydan.tv\/az\/article\/bir-qrup-sehid-ailesi-aksiya-kecirib\/","name":"Bir qrup \u015f\u0259hid ail\u0259si aksiya ke\u00e7irib - MEYDAN.TV","isPartOf":{"@id":"https:\/\/www.meydan.tv\/az\/#website"},"primaryImageOfPage":{"@id":"https:\/\/www.meydan.tv\/az\/article\/bir-qrup-sehid-ailesi-aksiya-kecirib\/#primaryimage"},"image":{"@id":"https:\/\/www.meydan.tv\/az\/article\/bir-qrup-sehid-ailesi-aksiya-kecirib\/#primaryimage"},"thumbnailUrl":"https:\/\/www.meydan.tv\/wp-content\/uploads\/img_5446-scaled.jpg","datePublished":"2024-10-09T13:12:59+00:00","dateModified":"2024-10-09T14:15:35+00:00","description":"Onlar t\u0259zminat v\u0259 m\u0259nzill\u0259rin verilm\u0259m\u0259sind\u0259n \u015fikay\u0259t\u00e7idirl\u0259r.","breadcrumb":{"@id":"https:\/\/www.meydan.tv\/az\/article\/bir-qrup-sehid-ailesi-aksiya-kecirib\/#breadcrumb"},"inLanguage":"az","potentialAction":[{"@type":"ReadAction","target":["https:\/\/www.meydan.tv\/az\/article\/bir-qrup-sehid-ailesi-aksiya-kecirib\/"]}]},{"@type":"ImageObject","inLanguage":"az","@id":"https:\/\/www.meydan.tv\/az\/article\/bir-qrup-sehid-ailesi-aksiya-kecirib\/#primaryimage","url":"https:\/\/www.meydan.tv\/wp-content\/uploads\/img_5446-scaled.jpg","contentUrl":"https:\/\/www.meydan.tv\/wp-content\/uploads\/img_5446-scaled.jpg","width":2560,"height":1440,"caption":"Foto: Meydan TV"},{"@type":"BreadcrumbList","@id":"https:\/\/www.meydan.tv\/az\/article\/bir-qrup-sehid-ailesi-aksiya-kecirib\/#breadcrumb","itemListElement":[{"@type":"ListItem","position":1,"name":"Ana s\u0259hif\u0259","item":"https:\/\/www.meydan.tv\/az\/"},{"@type":"ListItem","position":2,"name":"Sosial","item":"https:\/\/www.meydan.tv\/az\/section\/sosial\/"},{"@type":"ListItem","position":3,"name":"Bir qrup \u015f\u0259hid ail\u0259si aksiya ke\u00e7irib"}]},{"@type":"WebSite","@id":"https:\/\/www.meydan.tv\/az\/#website","url":"https:\/\/www.meydan.tv\/az\/","name":"MEYDAN.TV","description":"Meydan TV Az\u0259rbaycan\u0131n media m\u0259kan\u0131ndak\u0131 alternativ s\u0259sidir","publisher":{"@id":"https:\/\/www.meydan.tv\/az\/#organization"},"potentialAction":[{"@type":"SearchAction","target":{"@type":"EntryPoint","urlTemplate":"https:\/\/www.meydan.tv\/az\/?s={search_term_string}"},"query-input":{"@type":"PropertyValueSpecification","valueRequired":true,"valueName":"search_term_string"}}],"inLanguage":"az"},{"@type":"Organization","@id":"https:\/\/www.meydan.tv\/az\/#organization","name":"Meydan TV","url":"https:\/\/www.meydan.tv\/az\/","logo":{"@type":"ImageObject","inLanguage":"az","@id":"https:\/\/www.meydan.tv\/az\/#\/schema\/logo\/image\/","url":"https:\/\/www.meydan.tv\/wp-content\/uploads\/2021\/07\/meydan-logo.svg","contentUrl":"https:\/\/www.meydan.tv\/wp-content\/uploads\/2021\/07\/meydan-logo.svg","width":195,"height":46,"caption":"Meydan TV"},"image":{"@id":"https:\/\/www.meydan.tv\/az\/#\/schema\/logo\/image\/"}},{"@type":"Person","@id":"https:\/\/www.meydan.tv\/az\/#\/schema\/person\/9cdbecf90d17180ce1dfbd95b08dcf47","name":"elli","sameAs":["https:\/\/x.com\/elli"]}]}},"_links":{"self":[{"href":"https:\/\/www.meydan.tv\/az\/wp-json\/wp\/v2\/posts\/317354","targetHints":{"allow":["GET"]}}],"collection":[{"href":"https:\/\/www.meydan.tv\/az\/wp-json\/wp\/v2\/posts"}],"about":[{"href":"https:\/\/www.meydan.tv\/az\/wp-json\/wp\/v2\/types\/post"}],"author":[{"embeddable":true,"href":"https:\/\/www.meydan.tv\/az\/wp-json\/wp\/v2\/users\/8"}],"replies":[{"embeddable":true,"href":"https:\/\/www.meydan.tv\/az\/wp-json\/wp\/v2\/comments?post=317354"}],"version-history":[{"count":4,"href":"https:\/\/www.meydan.tv\/az\/wp-json\/wp\/v2\/posts\/317354\/revisions"}],"predecessor-version":[{"id":317363,"href":"https:\/\/www.meydan.tv\/az\/wp-json\/wp\/v2\/posts\/317354\/revisions\/317363"}],"wp:featuredmedia":[{"embeddable":true,"href":"https:\/\/www.meydan.tv\/az\/wp-json\/wp\/v2\/media\/317347"}],"wp:attachment":[{"href":"https:\/\/www.meydan.tv\/az\/wp-json\/wp\/v2\/media?parent=317354"}],"wp:term":[{"taxonomy":"category","embeddable":true,"href":"https:\/\/www.meydan.tv\/az\/wp-json\/wp\/v2\/categories?post=317354"},{"taxonomy":"post_tag","embeddable":true,"href":"https:\/\/www.meydan.tv\/az\/wp-json\/wp\/v2\/tags?post=317354"}],"curies":[{"name":"wp","href":"https:\/\/api.w.org\/{rel}","templated":true}]}}