{"id":317332,"date":"2024-10-09T15:42:17","date_gmt":"2024-10-09T11:42:17","guid":{"rendered":"https:\/\/www.meydan.tv\/?p=317332"},"modified":"2024-10-09T15:42:20","modified_gmt":"2024-10-09T11:42:20","slug":"agentlik-huquqsunasin-iddiasina-cavab-verdi-esasli-faktlar-askar-edilmeyib","status":"publish","type":"post","link":"https:\/\/www.meydan.tv\/az\/article\/agentlik-huquqsunasin-iddiasina-cavab-verdi-esasli-faktlar-askar-edilmeyib\/","title":{"rendered":"Agentlik h\u00fcquq\u015f\u00fcnas\u0131n iddias\u0131na cavab verdi: \u201c\u018fsasl\u0131 faktlar a\u015fkar edilm\u0259yib\u201d"},"content":{"rendered":"\n<p><\/p>\n\n\n\n<p><strong><em>Aynur\u0259 Muradovan\u0131n Elm v\u0259 Ali T\u0259hsil \u00fczr\u0259 D\u00f6vl\u0259t Agentliyinin r\u0259hb\u0259rliyi il\u0259 g\u00f6r\u00fc\u015f\u00fc qeyd\u0259 al\u0131n\u0131b<\/em><\/strong><\/p>\n\n\n\n<p>Elm v\u0259 Ali T\u0259hsil \u00fczr\u0259 D\u00f6vl\u0259t Agentliyi Qida S\u0259nayesi Kollecinin h\u00fcquq\u015f\u00fcnas\u0131 Aynur\u0259 Muradovan\u0131n i\u015fd\u0259n \u00e7\u0131xar\u0131lmas\u0131 iddias\u0131 v\u0259 kollecd\u0259ki bir s\u0131ra qanun pozuntular\u0131 il\u0259 ba\u011fl\u0131 s\u00f6yl\u0259dikl\u0259rin\u0259 m\u00fcnasi\u0259t bildirib.<\/p>\n\n\n\n<p>Agentlikd\u0259n Meydan TV-nin sor\u011fusuna cavab olaraq deyilib ki, Kollecin \u0259m\u0259kda\u015f\u0131 Aynur\u0259 Muradovan\u0131n yaz\u0131l\u0131 m\u00fcraci\u0259tin\u0259 bax\u0131l\u0131b.<\/p>\n\n\n\n<p><em>\u201cAynur\u0259 Muradova h\u0259m d\u0259 bir ne\u00e7\u0259 d\u0259f\u0259 v\u0259t\u0259nda\u015f q\u0259bulunda i\u015ftirak edib. Ara\u015fd\u0131rma n\u0259tic\u0259sind\u0259 onun m\u00fcraci\u0259tl\u0259ri il\u0259 ba\u011fl\u0131 \u0259sasl\u0131 faktlar a\u015fkar edilm\u0259yib\u201d, <\/em>&#8211; Agentliyin a\u00e7\u0131qlamas\u0131nda deyilir.<\/p>\n\n\n\n<p>H\u0259m\u00e7inin qeyd olunub ki, Aynur\u0259 Muradovan\u0131n t\u0259krar m\u00fcraci\u0259ti \u0259sas\u0131nda r\u0259hb\u0259rlikl\u0259 g\u00f6r\u00fc\u015f\u00fc qeydiyyata al\u0131n\u0131b.<\/p>\n\n\n\n<p>Az\u0259rbaycan D\u00f6vl\u0259t \u0130qtisad Universitetinin n\u0259zdind\u0259ki Qida S\u0259nayesi Kollecinin h\u00fcquq\u015f\u00fcnas\u0131 Aynur\u0259 Muradova Meydan TV-y\u0259 yenid\u0259n i\u015fd\u0259n \u00e7\u0131xar\u0131lma t\u0259hl\u00fck\u0259si il\u0259 \u00fcz-\u00fcz\u0259 oldu\u011funu <a href=\"https:\/\/storage.googleapis.com\/qurium\/www.meydan.tv\/az-article-kollecin-huquqsunasi-yeniden-isini-itirmek-tehlukesi-ile-uz-uze-qaldigini-deyir.html\" target=\"_blank\" rel=\"noreferrer noopener\">deyib.<\/a><\/p>\n\n\n\n<p>Dediyin\u0259 g\u00f6r\u0259, 2023-c\u00fc ilin yanvar\u0131nda kollecd\u0259 ke\u00e7iril\u0259n imtahanlar zaman\u0131 k\u00f6\u00e7\u00fcrm\u0259l\u0259rl\u0259 ba\u011fl\u0131 g\u00f6r\u00fcnt\u00fcl\u0259ri sosial \u015f\u0259b\u0259k\u0259l\u0259rd\u0259 payla\u015fandan sonra \u0259vv\u0259lki direktor Vilay\u0259t \u0130smay\u0131lov, t\u0259dris i\u015fl\u0259ri \u00fczr\u0259 m\u00fcavin Teymuraz \u018ff\u0259ndiyev, t\u0259rbiy\u0259 i\u015fl\u0259ri \u00fczr\u0259 m\u00fcavin Sevinc H\u0259mz\u0259yeva \u015fikay\u0259tl\u0259rd\u0259n sonra onunla \u0259dav\u0259t aparma\u011fa <a href=\"https:\/\/storage.googleapis.com\/qurium\/www.meydan.tv\/az-article-kollecin-huquqsunasi-saxtakarligi-yaydigi-ucun-isden-cixarilma-tehlukesinde-oldugunu-deyir.html\" target=\"_blank\" rel=\"noreferrer noopener\">ba\u015flay\u0131b.<\/a><\/p>\n\n\n<div class=\"wp-block-image\">\n<figure class=\"alignright size-full is-resized\"><img decoding=\"async\" width=\"1200\" height=\"822\" data-src=\"https:\/\/www.meydan.tv\/wp-content\/uploads\/img-20241008-wa0057.jpg\" alt=\"\" class=\"wp-image-317269 lazyload\" style=\"--smush-placeholder-width: 1200px; --smush-placeholder-aspect-ratio: 1200\/822;width:359px;height:auto\" src=\"data:image\/svg+xml;base64,PHN2ZyB3aWR0aD0iMSIgaGVpZ2h0PSIxIiB4bWxucz0iaHR0cDovL3d3dy53My5vcmcvMjAwMC9zdmciPjwvc3ZnPg==\" \/><figcaption class=\"wp-element-caption\">Foto:  Aynur\u0259 Muradovan\u0131n \u015f\u0259xsi arxivind\u0259n<\/figcaption><\/figure>\n<\/div>\n\n\n<p>V\u0259t\u0259nda\u015f iddia edib ki, kollecin yeni direktoru Sevinc H\u0259mz\u0259yeva onu i\u015fd\u0259n \u00e7\u0131xarma\u011fa \u00e7al\u0131\u015f\u0131r.<\/p>\n\n\n\n<p><em>\u201cQida S\u0259nayesi Kollecind\u0259 f\u0259aliyy\u0259t\u0259 ba\u015flad\u0131\u011f\u0131m g\u00fcnd\u0259n r\u0259hb\u0259rlik m\u0259n\u0259 qar\u015f\u0131 q\u0259r\u0259zli m\u00f6vqed\u0259 olub. \u00c7\u00fcnki m\u0259n onlar\u0131n etdikl\u0259ri saxtakarl\u0131qlar\u0131, dedikl\u0259rini h\u00fcquq\u015f\u00fcnas kimi yerin\u0259 yetirmirdim. Onlar\u0131n saxta i\u015fl\u0259rin\u0259 \u015f\u0259rik olmurdum. Direktorla b\u0259rab\u0259r bar\u0259sind\u0259 \u015fikay\u0259t etdiyim Sevinc H\u0259mz\u0259yevan\u0131 yeni direktor t\u0259yin edibl\u0259r. Bu, Kollec kollektivind\u0259n xeyli m\u00fcdd\u0259t gizl\u0259dilib. \u00c7\u00fcnki Sevinc H\u0259mz\u0259yeva \u0259vv\u0259lki direktor Vilay\u0259t \u0130smay\u0131lovun \u00f6z adam\u0131d\u0131r. O, \u00f6z adam\u0131n\u0131 qoydu ki, Kollecd\u0259 yoxlama apar\u0131lmas\u0131n\u201d<\/em><\/p>\n\n\n\n<p><em>\u201cH\u0259r g\u00fcn i\u015f\u0259 g\u0259lib, kukla kimi otururam, he\u00e7 bir i\u015f g\u00f6rm\u00fcr\u0259m, \u00e7\u00fcnki v\u0259zif\u0259l\u0259rimi al\u0131blar. \u00c7ay i\u00e7ir\u0259m, yem\u0259yimi yeyib \u00e7\u0131x\u0131b evim\u0259 gedir\u0259m. He\u00e7 n\u0259y\u0259 qar\u0131\u015fmaq h\u00fcququm yoxdur. Bunlar m\u0259n\u0259 qur\u011fu qururlar. \u0130\u015fd\u0259 oldu\u011fum halda ad\u0131m b\u00fct\u00fcn \u0259mrl\u0259rd\u0259n \u00e7\u0131xar\u0131l\u0131rsa, g\u00f6r\u00fcn\u00fcr, m\u0259ni i\u015fd\u0259n \u00e7\u0131xarma\u011fa haz\u0131rla\u015f\u0131rlar\u201d, &#8211;<\/em> Aynur\u0259 Muradova deyib.<\/p>\n\n\n\n<p>Qida S\u0259nayesi Kollecind\u0259n m\u0259s\u0259l\u0259y\u0259 m\u00fcnasib\u0259t \u00f6yr\u0259nm\u0259k m\u00fcmk\u00fcn olmay\u0131b.<\/p>\n","protected":false},"excerpt":{"rendered":"<p>Aynur\u0259 Muradovan\u0131n Elm v\u0259 Ali T\u0259hsil \u00fczr\u0259 D\u00f6vl\u0259t Agentliyinin r\u0259hb\u0259rliyi &#8230; <\/p>\n<p class=\"read-more-container\"><a title=\"Agentlik h\u00fcquq\u015f\u00fcnas\u0131n iddias\u0131na cavab verdi: \u201c\u018fsasl\u0131 faktlar a\u015fkar edilm\u0259yib\u201d\" class=\"read-more button\" href=\"https:\/\/www.meydan.tv\/az\/article\/agentlik-huquqsunasin-iddiasina-cavab-verdi-esasli-faktlar-askar-edilmeyib\/#more-317332\" aria-label=\"Read more about Agentlik h\u00fcquq\u015f\u00fcnas\u0131n iddias\u0131na cavab verdi: \u201c\u018fsasl\u0131 faktlar a\u015fkar edilm\u0259yib\u201d\">Davam\u0131<\/a><\/p>\n","protected":false},"author":8,"featured_media":317329,"comment_status":"closed","ping_status":"closed","sticky":false,"template":"","format":"standard","meta":{"_acf_changed":false,"_sitemap_exclude":false,"_sitemap_priority":"","_sitemap_frequency":"","footnotes":""},"categories":[62,56],"tags":[],"class_list":["post-317332","post","type-post","status-publish","format-standard","has-post-thumbnail","hentry","category-sosial","category-xeberler","infinite-scroll-item","generate-columns","tablet-grid-50","mobile-grid-100","grid-parent","grid-33","no-featured-image-padding"],"acf":[],"yoast_head":"<!-- This site is optimized with the Yoast SEO plugin v27.4 - https:\/\/yoast.com\/product\/yoast-seo-wordpress\/ -->\n<title>Agentlik h\u00fcquq\u015f\u00fcnas\u0131n iddias\u0131na cavab verdi: \u201c\u018fsasl\u0131 faktlar a\u015fkar edilm\u0259yib\u201d - MEYDAN.TV<\/title>\n<meta name=\"description\" content=\"Qida S\u0259nayesi Kollecind\u0259n m\u0259s\u0259l\u0259y\u0259 m\u00fcnasib\u0259t \u00f6yr\u0259nm\u0259k m\u00fcmk\u00fcn olmay\u0131b.\" \/>\n<meta name=\"robots\" content=\"index, follow, max-snippet:-1, max-image-preview:large, max-video-preview:-1\" \/>\n<link rel=\"canonical\" href=\"https:\/\/www.meydan.tv\/az\/article\/agentlik-huquqsunasin-iddiasina-cavab-verdi-esasli-faktlar-askar-edilmeyib\/\" \/>\n<meta property=\"og:locale\" content=\"az_AZ\" \/>\n<meta property=\"og:type\" content=\"article\" \/>\n<meta property=\"og:title\" content=\"Agentlik h\u00fcquq\u015f\u00fcnas\u0131n iddias\u0131na cavab verdi: \u201c\u018fsasl\u0131 faktlar a\u015fkar edilm\u0259yib\u201d - MEYDAN.TV\" \/>\n<meta property=\"og:description\" content=\"Qida S\u0259nayesi Kollecind\u0259n m\u0259s\u0259l\u0259y\u0259 m\u00fcnasib\u0259t \u00f6yr\u0259nm\u0259k m\u00fcmk\u00fcn olmay\u0131b.\" \/>\n<meta property=\"og:url\" content=\"https:\/\/www.meydan.tv\/az\/article\/agentlik-huquqsunasin-iddiasina-cavab-verdi-esasli-faktlar-askar-edilmeyib\/\" \/>\n<meta property=\"og:site_name\" content=\"MEYDAN.TV\" \/>\n<meta property=\"article:published_time\" content=\"2024-10-09T11:42:17+00:00\" \/>\n<meta property=\"article:modified_time\" content=\"2024-10-09T11:42:20+00:00\" \/>\n<meta property=\"og:image\" content=\"https:\/\/www.meydan.tv\/wp-content\/uploads\/172070354082762660_1200x630.jpg\" \/>\n\t<meta property=\"og:image:width\" content=\"1200\" \/>\n\t<meta property=\"og:image:height\" content=\"800\" \/>\n\t<meta property=\"og:image:type\" content=\"image\/jpeg\" \/>\n<meta name=\"author\" content=\"elli\" \/>\n<meta name=\"twitter:card\" content=\"summary_large_image\" \/>\n<meta name=\"twitter:creator\" content=\"@elli\" \/>\n<script type=\"application\/ld+json\" class=\"yoast-schema-graph\">{\"@context\":\"https:\\\/\\\/schema.org\",\"@graph\":[{\"@type\":\"Article\",\"@id\":\"https:\\\/\\\/www.meydan.tv\\\/az\\\/article\\\/agentlik-huquqsunasin-iddiasina-cavab-verdi-esasli-faktlar-askar-edilmeyib\\\/#article\",\"isPartOf\":{\"@id\":\"https:\\\/\\\/www.meydan.tv\\\/az\\\/article\\\/agentlik-huquqsunasin-iddiasina-cavab-verdi-esasli-faktlar-askar-edilmeyib\\\/\"},\"author\":{\"name\":\"elli\",\"@id\":\"https:\\\/\\\/www.meydan.tv\\\/az\\\/#\\\/schema\\\/person\\\/9cdbecf90d17180ce1dfbd95b08dcf47\"},\"headline\":\"Agentlik h\u00fcquq\u015f\u00fcnas\u0131n iddias\u0131na cavab verdi: \u201c\u018fsasl\u0131 faktlar a\u015fkar edilm\u0259yib\u201d\",\"datePublished\":\"2024-10-09T11:42:17+00:00\",\"dateModified\":\"2024-10-09T11:42:20+00:00\",\"mainEntityOfPage\":{\"@id\":\"https:\\\/\\\/www.meydan.tv\\\/az\\\/article\\\/agentlik-huquqsunasin-iddiasina-cavab-verdi-esasli-faktlar-askar-edilmeyib\\\/\"},\"wordCount\":525,\"publisher\":{\"@id\":\"https:\\\/\\\/www.meydan.tv\\\/az\\\/#organization\"},\"image\":{\"@id\":\"https:\\\/\\\/www.meydan.tv\\\/az\\\/article\\\/agentlik-huquqsunasin-iddiasina-cavab-verdi-esasli-faktlar-askar-edilmeyib\\\/#primaryimage\"},\"thumbnailUrl\":\"https:\\\/\\\/www.meydan.tv\\\/wp-content\\\/uploads\\\/172070354082762660_1200x630.jpg\",\"articleSection\":[\"Sosial\",\"X\u0259b\u0259rl\u0259r\"],\"inLanguage\":\"az\"},{\"@type\":\"WebPage\",\"@id\":\"https:\\\/\\\/www.meydan.tv\\\/az\\\/article\\\/agentlik-huquqsunasin-iddiasina-cavab-verdi-esasli-faktlar-askar-edilmeyib\\\/\",\"url\":\"https:\\\/\\\/www.meydan.tv\\\/az\\\/article\\\/agentlik-huquqsunasin-iddiasina-cavab-verdi-esasli-faktlar-askar-edilmeyib\\\/\",\"name\":\"Agentlik h\u00fcquq\u015f\u00fcnas\u0131n iddias\u0131na cavab verdi: \u201c\u018fsasl\u0131 faktlar a\u015fkar edilm\u0259yib\u201d - MEYDAN.TV\",\"isPartOf\":{\"@id\":\"https:\\\/\\\/www.meydan.tv\\\/az\\\/#website\"},\"primaryImageOfPage\":{\"@id\":\"https:\\\/\\\/www.meydan.tv\\\/az\\\/article\\\/agentlik-huquqsunasin-iddiasina-cavab-verdi-esasli-faktlar-askar-edilmeyib\\\/#primaryimage\"},\"image\":{\"@id\":\"https:\\\/\\\/www.meydan.tv\\\/az\\\/article\\\/agentlik-huquqsunasin-iddiasina-cavab-verdi-esasli-faktlar-askar-edilmeyib\\\/#primaryimage\"},\"thumbnailUrl\":\"https:\\\/\\\/www.meydan.tv\\\/wp-content\\\/uploads\\\/172070354082762660_1200x630.jpg\",\"datePublished\":\"2024-10-09T11:42:17+00:00\",\"dateModified\":\"2024-10-09T11:42:20+00:00\",\"description\":\"Qida S\u0259nayesi Kollecind\u0259n m\u0259s\u0259l\u0259y\u0259 m\u00fcnasib\u0259t \u00f6yr\u0259nm\u0259k m\u00fcmk\u00fcn olmay\u0131b.\",\"breadcrumb\":{\"@id\":\"https:\\\/\\\/www.meydan.tv\\\/az\\\/article\\\/agentlik-huquqsunasin-iddiasina-cavab-verdi-esasli-faktlar-askar-edilmeyib\\\/#breadcrumb\"},\"inLanguage\":\"az\",\"potentialAction\":[{\"@type\":\"ReadAction\",\"target\":[\"https:\\\/\\\/www.meydan.tv\\\/az\\\/article\\\/agentlik-huquqsunasin-iddiasina-cavab-verdi-esasli-faktlar-askar-edilmeyib\\\/\"]}]},{\"@type\":\"ImageObject\",\"inLanguage\":\"az\",\"@id\":\"https:\\\/\\\/www.meydan.tv\\\/az\\\/article\\\/agentlik-huquqsunasin-iddiasina-cavab-verdi-esasli-faktlar-askar-edilmeyib\\\/#primaryimage\",\"url\":\"https:\\\/\\\/www.meydan.tv\\\/wp-content\\\/uploads\\\/172070354082762660_1200x630.jpg\",\"contentUrl\":\"https:\\\/\\\/www.meydan.tv\\\/wp-content\\\/uploads\\\/172070354082762660_1200x630.jpg\",\"width\":1200,\"height\":800,\"caption\":\"Elm v\u0259 Ali T\u0259hsil \u00fczr\u0259 D\u00f6vl\u0259t Agentliyi. Foto: Az\u0259rtac\"},{\"@type\":\"BreadcrumbList\",\"@id\":\"https:\\\/\\\/www.meydan.tv\\\/az\\\/article\\\/agentlik-huquqsunasin-iddiasina-cavab-verdi-esasli-faktlar-askar-edilmeyib\\\/#breadcrumb\",\"itemListElement\":[{\"@type\":\"ListItem\",\"position\":1,\"name\":\"Ana s\u0259hif\u0259\",\"item\":\"https:\\\/\\\/www.meydan.tv\\\/az\\\/\"},{\"@type\":\"ListItem\",\"position\":2,\"name\":\"Sosial\",\"item\":\"https:\\\/\\\/www.meydan.tv\\\/az\\\/section\\\/sosial\\\/\"},{\"@type\":\"ListItem\",\"position\":3,\"name\":\"Agentlik h\u00fcquq\u015f\u00fcnas\u0131n iddias\u0131na cavab verdi: \u201c\u018fsasl\u0131 faktlar a\u015fkar edilm\u0259yib\u201d\"}]},{\"@type\":\"WebSite\",\"@id\":\"https:\\\/\\\/www.meydan.tv\\\/az\\\/#website\",\"url\":\"https:\\\/\\\/www.meydan.tv\\\/az\\\/\",\"name\":\"MEYDAN.TV\",\"description\":\"Meydan TV Az\u0259rbaycan\u0131n media m\u0259kan\u0131ndak\u0131 alternativ s\u0259sidir\",\"publisher\":{\"@id\":\"https:\\\/\\\/www.meydan.tv\\\/az\\\/#organization\"},\"potentialAction\":[{\"@type\":\"SearchAction\",\"target\":{\"@type\":\"EntryPoint\",\"urlTemplate\":\"https:\\\/\\\/www.meydan.tv\\\/az\\\/?s={search_term_string}\"},\"query-input\":{\"@type\":\"PropertyValueSpecification\",\"valueRequired\":true,\"valueName\":\"search_term_string\"}}],\"inLanguage\":\"az\"},{\"@type\":\"Organization\",\"@id\":\"https:\\\/\\\/www.meydan.tv\\\/az\\\/#organization\",\"name\":\"Meydan TV\",\"url\":\"https:\\\/\\\/www.meydan.tv\\\/az\\\/\",\"logo\":{\"@type\":\"ImageObject\",\"inLanguage\":\"az\",\"@id\":\"https:\\\/\\\/www.meydan.tv\\\/az\\\/#\\\/schema\\\/logo\\\/image\\\/\",\"url\":\"https:\\\/\\\/www.meydan.tv\\\/wp-content\\\/uploads\\\/2021\\\/07\\\/meydan-logo.svg\",\"contentUrl\":\"https:\\\/\\\/www.meydan.tv\\\/wp-content\\\/uploads\\\/2021\\\/07\\\/meydan-logo.svg\",\"width\":195,\"height\":46,\"caption\":\"Meydan TV\"},\"image\":{\"@id\":\"https:\\\/\\\/www.meydan.tv\\\/az\\\/#\\\/schema\\\/logo\\\/image\\\/\"}},{\"@type\":\"Person\",\"@id\":\"https:\\\/\\\/www.meydan.tv\\\/az\\\/#\\\/schema\\\/person\\\/9cdbecf90d17180ce1dfbd95b08dcf47\",\"name\":\"elli\",\"sameAs\":[\"https:\\\/\\\/x.com\\\/elli\"]}]}<\/script>\n<!-- \/ Yoast SEO plugin. -->","yoast_head_json":{"title":"Agentlik h\u00fcquq\u015f\u00fcnas\u0131n iddias\u0131na cavab verdi: \u201c\u018fsasl\u0131 faktlar a\u015fkar edilm\u0259yib\u201d - MEYDAN.TV","description":"Qida S\u0259nayesi Kollecind\u0259n m\u0259s\u0259l\u0259y\u0259 m\u00fcnasib\u0259t \u00f6yr\u0259nm\u0259k m\u00fcmk\u00fcn olmay\u0131b.","robots":{"index":"index","follow":"follow","max-snippet":"max-snippet:-1","max-image-preview":"max-image-preview:large","max-video-preview":"max-video-preview:-1"},"canonical":"https:\/\/www.meydan.tv\/az\/article\/agentlik-huquqsunasin-iddiasina-cavab-verdi-esasli-faktlar-askar-edilmeyib\/","og_locale":"az_AZ","og_type":"article","og_title":"Agentlik h\u00fcquq\u015f\u00fcnas\u0131n iddias\u0131na cavab verdi: \u201c\u018fsasl\u0131 faktlar a\u015fkar edilm\u0259yib\u201d - MEYDAN.TV","og_description":"Qida S\u0259nayesi Kollecind\u0259n m\u0259s\u0259l\u0259y\u0259 m\u00fcnasib\u0259t \u00f6yr\u0259nm\u0259k m\u00fcmk\u00fcn olmay\u0131b.","og_url":"https:\/\/www.meydan.tv\/az\/article\/agentlik-huquqsunasin-iddiasina-cavab-verdi-esasli-faktlar-askar-edilmeyib\/","og_site_name":"MEYDAN.TV","article_published_time":"2024-10-09T11:42:17+00:00","article_modified_time":"2024-10-09T11:42:20+00:00","og_image":[{"width":1200,"height":800,"url":"https:\/\/www.meydan.tv\/wp-content\/uploads\/172070354082762660_1200x630.jpg","type":"image\/jpeg"}],"author":"elli","twitter_card":"summary_large_image","twitter_creator":"@elli","schema":{"@context":"https:\/\/schema.org","@graph":[{"@type":"Article","@id":"https:\/\/www.meydan.tv\/az\/article\/agentlik-huquqsunasin-iddiasina-cavab-verdi-esasli-faktlar-askar-edilmeyib\/#article","isPartOf":{"@id":"https:\/\/www.meydan.tv\/az\/article\/agentlik-huquqsunasin-iddiasina-cavab-verdi-esasli-faktlar-askar-edilmeyib\/"},"author":{"name":"elli","@id":"https:\/\/www.meydan.tv\/az\/#\/schema\/person\/9cdbecf90d17180ce1dfbd95b08dcf47"},"headline":"Agentlik h\u00fcquq\u015f\u00fcnas\u0131n iddias\u0131na cavab verdi: \u201c\u018fsasl\u0131 faktlar a\u015fkar edilm\u0259yib\u201d","datePublished":"2024-10-09T11:42:17+00:00","dateModified":"2024-10-09T11:42:20+00:00","mainEntityOfPage":{"@id":"https:\/\/www.meydan.tv\/az\/article\/agentlik-huquqsunasin-iddiasina-cavab-verdi-esasli-faktlar-askar-edilmeyib\/"},"wordCount":525,"publisher":{"@id":"https:\/\/www.meydan.tv\/az\/#organization"},"image":{"@id":"https:\/\/www.meydan.tv\/az\/article\/agentlik-huquqsunasin-iddiasina-cavab-verdi-esasli-faktlar-askar-edilmeyib\/#primaryimage"},"thumbnailUrl":"https:\/\/www.meydan.tv\/wp-content\/uploads\/172070354082762660_1200x630.jpg","articleSection":["Sosial","X\u0259b\u0259rl\u0259r"],"inLanguage":"az"},{"@type":"WebPage","@id":"https:\/\/www.meydan.tv\/az\/article\/agentlik-huquqsunasin-iddiasina-cavab-verdi-esasli-faktlar-askar-edilmeyib\/","url":"https:\/\/www.meydan.tv\/az\/article\/agentlik-huquqsunasin-iddiasina-cavab-verdi-esasli-faktlar-askar-edilmeyib\/","name":"Agentlik h\u00fcquq\u015f\u00fcnas\u0131n iddias\u0131na cavab verdi: \u201c\u018fsasl\u0131 faktlar a\u015fkar edilm\u0259yib\u201d - MEYDAN.TV","isPartOf":{"@id":"https:\/\/www.meydan.tv\/az\/#website"},"primaryImageOfPage":{"@id":"https:\/\/www.meydan.tv\/az\/article\/agentlik-huquqsunasin-iddiasina-cavab-verdi-esasli-faktlar-askar-edilmeyib\/#primaryimage"},"image":{"@id":"https:\/\/www.meydan.tv\/az\/article\/agentlik-huquqsunasin-iddiasina-cavab-verdi-esasli-faktlar-askar-edilmeyib\/#primaryimage"},"thumbnailUrl":"https:\/\/www.meydan.tv\/wp-content\/uploads\/172070354082762660_1200x630.jpg","datePublished":"2024-10-09T11:42:17+00:00","dateModified":"2024-10-09T11:42:20+00:00","description":"Qida S\u0259nayesi Kollecind\u0259n m\u0259s\u0259l\u0259y\u0259 m\u00fcnasib\u0259t \u00f6yr\u0259nm\u0259k m\u00fcmk\u00fcn olmay\u0131b.","breadcrumb":{"@id":"https:\/\/www.meydan.tv\/az\/article\/agentlik-huquqsunasin-iddiasina-cavab-verdi-esasli-faktlar-askar-edilmeyib\/#breadcrumb"},"inLanguage":"az","potentialAction":[{"@type":"ReadAction","target":["https:\/\/www.meydan.tv\/az\/article\/agentlik-huquqsunasin-iddiasina-cavab-verdi-esasli-faktlar-askar-edilmeyib\/"]}]},{"@type":"ImageObject","inLanguage":"az","@id":"https:\/\/www.meydan.tv\/az\/article\/agentlik-huquqsunasin-iddiasina-cavab-verdi-esasli-faktlar-askar-edilmeyib\/#primaryimage","url":"https:\/\/www.meydan.tv\/wp-content\/uploads\/172070354082762660_1200x630.jpg","contentUrl":"https:\/\/www.meydan.tv\/wp-content\/uploads\/172070354082762660_1200x630.jpg","width":1200,"height":800,"caption":"Elm v\u0259 Ali T\u0259hsil \u00fczr\u0259 D\u00f6vl\u0259t Agentliyi. Foto: Az\u0259rtac"},{"@type":"BreadcrumbList","@id":"https:\/\/www.meydan.tv\/az\/article\/agentlik-huquqsunasin-iddiasina-cavab-verdi-esasli-faktlar-askar-edilmeyib\/#breadcrumb","itemListElement":[{"@type":"ListItem","position":1,"name":"Ana s\u0259hif\u0259","item":"https:\/\/www.meydan.tv\/az\/"},{"@type":"ListItem","position":2,"name":"Sosial","item":"https:\/\/www.meydan.tv\/az\/section\/sosial\/"},{"@type":"ListItem","position":3,"name":"Agentlik h\u00fcquq\u015f\u00fcnas\u0131n iddias\u0131na cavab verdi: \u201c\u018fsasl\u0131 faktlar a\u015fkar edilm\u0259yib\u201d"}]},{"@type":"WebSite","@id":"https:\/\/www.meydan.tv\/az\/#website","url":"https:\/\/www.meydan.tv\/az\/","name":"MEYDAN.TV","description":"Meydan TV Az\u0259rbaycan\u0131n media m\u0259kan\u0131ndak\u0131 alternativ s\u0259sidir","publisher":{"@id":"https:\/\/www.meydan.tv\/az\/#organization"},"potentialAction":[{"@type":"SearchAction","target":{"@type":"EntryPoint","urlTemplate":"https:\/\/www.meydan.tv\/az\/?s={search_term_string}"},"query-input":{"@type":"PropertyValueSpecification","valueRequired":true,"valueName":"search_term_string"}}],"inLanguage":"az"},{"@type":"Organization","@id":"https:\/\/www.meydan.tv\/az\/#organization","name":"Meydan TV","url":"https:\/\/www.meydan.tv\/az\/","logo":{"@type":"ImageObject","inLanguage":"az","@id":"https:\/\/www.meydan.tv\/az\/#\/schema\/logo\/image\/","url":"https:\/\/www.meydan.tv\/wp-content\/uploads\/2021\/07\/meydan-logo.svg","contentUrl":"https:\/\/www.meydan.tv\/wp-content\/uploads\/2021\/07\/meydan-logo.svg","width":195,"height":46,"caption":"Meydan TV"},"image":{"@id":"https:\/\/www.meydan.tv\/az\/#\/schema\/logo\/image\/"}},{"@type":"Person","@id":"https:\/\/www.meydan.tv\/az\/#\/schema\/person\/9cdbecf90d17180ce1dfbd95b08dcf47","name":"elli","sameAs":["https:\/\/x.com\/elli"]}]}},"_links":{"self":[{"href":"https:\/\/www.meydan.tv\/az\/wp-json\/wp\/v2\/posts\/317332","targetHints":{"allow":["GET"]}}],"collection":[{"href":"https:\/\/www.meydan.tv\/az\/wp-json\/wp\/v2\/posts"}],"about":[{"href":"https:\/\/www.meydan.tv\/az\/wp-json\/wp\/v2\/types\/post"}],"author":[{"embeddable":true,"href":"https:\/\/www.meydan.tv\/az\/wp-json\/wp\/v2\/users\/8"}],"replies":[{"embeddable":true,"href":"https:\/\/www.meydan.tv\/az\/wp-json\/wp\/v2\/comments?post=317332"}],"version-history":[{"count":3,"href":"https:\/\/www.meydan.tv\/az\/wp-json\/wp\/v2\/posts\/317332\/revisions"}],"predecessor-version":[{"id":317335,"href":"https:\/\/www.meydan.tv\/az\/wp-json\/wp\/v2\/posts\/317332\/revisions\/317335"}],"wp:featuredmedia":[{"embeddable":true,"href":"https:\/\/www.meydan.tv\/az\/wp-json\/wp\/v2\/media\/317329"}],"wp:attachment":[{"href":"https:\/\/www.meydan.tv\/az\/wp-json\/wp\/v2\/media?parent=317332"}],"wp:term":[{"taxonomy":"category","embeddable":true,"href":"https:\/\/www.meydan.tv\/az\/wp-json\/wp\/v2\/categories?post=317332"},{"taxonomy":"post_tag","embeddable":true,"href":"https:\/\/www.meydan.tv\/az\/wp-json\/wp\/v2\/tags?post=317332"}],"curies":[{"name":"wp","href":"https:\/\/api.w.org\/{rel}","templated":true}]}}