{"id":317290,"date":"2024-10-08T18:30:56","date_gmt":"2024-10-08T14:30:56","guid":{"rendered":"https:\/\/www.meydan.tv\/?p=317290"},"modified":"2024-10-08T18:30:59","modified_gmt":"2024-10-08T14:30:59","slug":"bes-neferin-qetlinde-ittiham-olunan-ehmed-ehmedov-mene-qarsi-saymazyana-munasibete-gore","status":"publish","type":"post","link":"https:\/\/www.meydan.tv\/az\/article\/bes-neferin-qetlinde-ittiham-olunan-ehmed-ehmedov-mene-qarsi-saymazyana-munasibete-gore\/","title":{"rendered":"Be\u015f n\u0259f\u0259rin q\u0259tlind\u0259 ittiham olunan \u018fhm\u0259d \u018fhm\u0259dov: \u201cM\u0259n\u0259 qar\u015f\u0131 saymazyana m\u00fcnasib\u0259t\u0259 g\u00f6r\u0259&#8230;\u201d"},"content":{"rendered":"\n<p><\/p>\n\n\n\n<p><strong><em>M\u0259hk\u0259m\u0259 prosesinin qapal\u0131 ke\u00e7irilm\u0259sin\u0259 q\u0259rar verilib<\/em><\/strong><\/p>\n\n\n\n<p>Anas\u0131, atas\u0131, azya\u015fl\u0131 qarda\u015f\u0131, bac\u0131s\u0131 v\u0259 onun 5 ya\u015fl\u0131 q\u0131z\u0131n\u0131 q\u0259tl\u0259 yetirm\u0259kd\u0259 ittiham olunan \u018fhm\u0259d \u018fhm\u0259dovun i\u015fi \u00fczr\u0259 m\u0259hk\u0259m\u0259 ara\u015fd\u0131rmalar\u0131 davam edir. Bak\u0131 A\u011f\u0131r Cinay\u0259tl\u0259r M\u0259hk\u0259m\u0259sind\u0259ki bu prosesin qapal\u0131 ke\u00e7irilm\u0259sin\u0259 q\u0259rar verilib. Oktyabr\u0131n 8-d\u0259 ke\u00e7iril\u0259n m\u0259hk\u0259m\u0259 prosesinin gedi\u015fini izl\u0259m\u0259y\u0259 g\u0259l\u0259n jurnalistl\u0259r zala burax\u0131lmay\u0131b.<\/p>\n\n\n\n<p>Meydan TV-nin m\u0259lumat\u0131na g\u00f6r\u0259, m\u0259hk\u0259m\u0259 prosesin\u0259 s\u0259drlik ed\u0259n hakim S\u0259bin\u0259 M\u0259mm\u0259dzad\u0259 \u018fhm\u0259d \u018fhm\u0259dovun istintaq zaman\u0131 verdiyi ifad\u0259ni m\u0259hk\u0259m\u0259d\u0259 elan edib.&nbsp; H\u0259m\u00e7inin h\u00fcquqi varisl\u0259rd\u0259n biri ifad\u0259 verib.<\/p>\n\n\n\n<p>\u018fhm\u0259d \u018fhm\u0259dov istintaqdak\u0131 ifad\u0259sind\u0259 bildirib ki, ail\u0259 \u00fczvl\u0259rini ona qar\u015f\u0131 saymazyana m\u00fcnasib\u0259t\u0259 v\u0259 diqq\u0259tsizliy\u0259 g\u00f6r\u0259 \u00f6ld\u00fcrm\u0259k q\u0259rar\u0131na g\u0259lib. Onun s\u00f6zl\u0259rin\u0259 g\u00f6r\u0259, h\u0259tta valideynl\u0259ri onun \u00fc\u00e7\u00fcn ayr\u0131ca ev alm\u0131\u015fd\u0131. O, h\u0259min m\u0259nzild\u0259 t\u0259k ya\u015fay\u0131rd\u0131 v\u0259 do\u011fmalar\u0131ndan laz\u0131mi diqq\u0259t, qay\u011f\u0131 g\u00f6rm\u00fcrd\u00fc, ail\u0259si il\u0259 d\u0259 m\u00fcnasib\u0259ti normal deyildi.<\/p>\n\n\n\n<p>Onun ifad\u0259sin\u0259 \u0259sas\u0259n, \u0259vv\u0259ll\u0259r m\u00fcxt\u0259lif restoranlarda ofisiant v\u0259 barmen i\u015fl\u0259yib. Amma hadis\u0259 vaxt\u0131 he\u00e7 yerd\u0259 i\u015fl\u0259mirdi.<\/p>\n\n\n\n<p>Hadis\u0259 g\u00fcn\u00fc atas\u0131, 1972-ci il t\u0259v\u0259ll\u00fcdl\u00fc Mehman \u018fhm\u0259dov onu evl\u0259rin\u0259 apar\u0131b. Atas\u0131 s\u0259h\u0259r yem\u0259yi haz\u0131rlayanda is\u0259 q\u0259fild\u0259n onu \u00f6ld\u00fcrm\u0259k fikrin\u0259 d\u00fc\u015f\u00fcb. H\u0259min vaxt evd\u0259 onlar\u0131n ikisind\u0259n ba\u015fqa he\u00e7 kim olmay\u0131b. \u00c7\u00fcnki m\u0259kt\u0259b direktoru olan anas\u0131, 1977-ci il t\u0259v\u0259ll\u00fcdl\u00fc Bik\u0259 \u018fhm\u0259dova il\u0259 9 ya\u015fl\u0131 qarda\u015f\u0131 M\u0259h\u0259mm\u0259d h\u0259min vaxt m\u0259kt\u0259bd\u0259 olub.<\/p>\n\n\n\n<p>\u0130ttihama \u0259sas\u0259n, \u018fhm\u0259d \u018fhm\u0259dov m\u0259tb\u0259x b\u0131\u00e7a\u011f\u0131 il\u0259 atas\u0131n\u0131 q\u0259tl\u0259 yetir\u0259nd\u0259n sonra Mehman \u018fhm\u0259dovun \u201cHyundai\u201d markal\u0131 avtomobili il\u0259 G\u00fcn\u0259\u015fli q\u0259s\u0259b\u0259sind\u0259 ya\u015fayan bac\u0131s\u0131, 1997-ci il t\u0259v\u0259ll\u00fcdl\u00fc Elmira \u018fhm\u0259dovan\u0131n ya\u015fad\u0131\u011f\u0131 m\u0259nzil\u0259 gedib. \u018fhm\u0259d \u018fhm\u0259dovun ifad\u0259sin\u0259 g\u00f6r\u0259, o, m\u0259nzil\u0259 \u00e7atan kimi, bac\u0131s\u0131n\u0131 v\u0259 onun 5 ya\u015fl\u0131 q\u0131z\u0131 \u00dclviyy\u0259ni d\u0259 \u00f6ld\u00fcr\u00fcb.<\/p>\n\n\n\n<p>Bundan sonra o, avtomobill\u0259 geri \u2013 valideynl\u0259rinin ya\u015fad\u0131\u011f\u0131 ev\u0259 qay\u0131d\u0131b. Onun ifad\u0259sin\u0259 \u0259sas\u0259n, g\u00fcnorta saat 15.00 rad\u0259l\u0259rind\u0259 h\u0259y\u0259td\u0259ki \u201cAl Market\u201dd\u0259n siqaret almaq ist\u0259yib:<\/p>\n\n\n\n<p><em>\u201cAmma \u0259limd\u0259 qan g\u00f6rd\u00fcl\u0259r, m\u0259n\u0259 siqaret satmad\u0131lar. Marketd\u0259n \u00e7\u0131xanda g\u00f6rd\u00fcm ki, anam v\u0259 qarda\u015f\u0131m M\u0259h\u0259mm\u0259d ya\u015fad\u0131\u011f\u0131m\u0131z ev\u0259 gedirl\u0259r. Anamla m\u00fcbahis\u0259 el\u0259dim. Ax\u0131rda dedi ki, \u201c\u00e7\u0131x get, bizi \u00e7ox incidirs\u0259n\u201d.<\/em><\/p>\n\n\n\n<p>Onun ifad\u0259sin\u0259 g\u00f6r\u0259, anas\u0131 v\u0259 qarda\u015f\u0131 binaya t\u0259r\u0259f gedib, \u00f6z\u00fc is\u0259 \u201c1001 x\u0131rdavat\u201d ma\u011fazas\u0131ndan balta al\u0131b. Daha sonra anas\u0131gilin ard\u0131nca binaya qalx\u0131b, qap\u0131n\u0131 a\u00e7maq ist\u0259y\u0259n anas\u0131n\u0131 balta il\u0259 vurub:<\/p>\n\n\n\n<p><em>\u201cBu zaman arxadan qon\u015fu qad\u0131n dedi ki, niy\u0259 vurusan anan\u0131? Onun \u00fcst\u00fcn\u0259 q\u0131\u015fq\u0131rd\u0131m. Sonra qarda\u015f\u0131m\u0131 vurdum. Baltan\u0131 \u015fkafla eyvan\u0131n aras\u0131nda gizl\u0259tdim, paltarlar\u0131m\u0131 d\u0259yi\u015fib \u00e7\u0131xd\u0131m\u201d<\/em>.<\/p>\n\n\n\n<p>\u018fhm\u0259d \u018fhm\u0259dov ifad\u0259sind\u0259 \u0259lav\u0259 edib ki, binan\u0131n h\u0259y\u0259tind\u0259 polis i\u015f\u00e7il\u0259ri olub, \u00f6z\u00fcn\u00fc \u015f\u00fcbh\u0259li apard\u0131\u011f\u0131 \u00fc\u00e7\u00fcn onu saxlay\u0131blar v\u0259 X\u0259tai rayonu, 35-ci polis b\u00f6lm\u0259sin\u0259 g\u0259tiribl\u0259r.<\/p>\n\n\n\n<p>\u018fhm\u0259d \u018fhm\u0259dov istintaqa ifad\u0259sind\u0259 9 ya\u015fl\u0131 qarda\u015f\u0131 v\u0259 bac\u0131s\u0131n\u0131n 5 ya\u015fl\u0131 q\u0131z\u0131n\u0131 \u00f6ld\u00fcrm\u0259sinin s\u0259b\u0259bini is\u0259 bel\u0259 izah edib:<\/p>\n\n\n\n<p><em>\u201cOnlar\u0131n da b\u00f6y\u00fcy\u00fcb g\u0259l\u0259c\u0259kd\u0259 valideynl\u0259ri kimi olacaqlar\u0131n\u0131 d\u00fc\u015f\u00fcnd\u00fcy\u00fcm \u00fc\u00e7\u00fcn \u00f6ld\u00fcrd\u00fcm ki, rahatl\u0131q tap\u0131m. Daxilimd\u0259ki s\u0259s sanki m\u0259n\u0259 deyirdi ki, ail\u0259 \u00fczvl\u0259rini \u00f6ld\u00fcrm\u0259liy\u0259m\u201d.<\/em><\/p>\n\n\n\n<p>\u018fhm\u0259d \u018fhm\u0259dov onu da bildirib ki, hadis\u0259 vaxt\u0131 sa\u011f \u0259linin iki barma\u011f\u0131 k\u0259silib.<\/p>\n\n\n\n<p>Bu ifad\u0259 m\u0259hk\u0259m\u0259d\u0259 elan olunanda \u018fhm\u0259d \u018fhm\u0259dov yaz\u0131lanlar\u0131 q\u0259bul etdiyini v\u0259 \u0259lav\u0259si olmad\u0131\u011f\u0131n\u0131 deyib.<\/p>\n\n\n\n<p>M\u0259hk\u0259m\u0259 prosesi oktyabr\u0131n 10-da davam ed\u0259c\u0259k.<\/p>\n\n\n\n<p>M\u0259hk\u0259m\u0259d\u0259n sonra \u018fhm\u0259d \u018fhm\u0259dovun v\u0259kili S\u0259nan H\u00fcseynov media n\u00fcmay\u0259nd\u0259l\u0259rin\u0259 bildirib ki, m\u0259hk\u0259m\u0259 prosesinin qapal\u0131 ke\u00e7irilm\u0259si onun t\u0259\u015f\u0259bb\u00fcs\u00fc il\u0259 olub. Onun s\u00f6zl\u0259rin\u0259 g\u00f6r\u0259, z\u0259r\u0259r\u00e7\u0259kmi\u015fin h\u00fcquqi varisl\u0259rinin t\u0259hl\u00fck\u0259sizliyi il\u0259 \u0259laq\u0259dar m\u0259hk\u0259m\u0259nin qapal\u0131 ke\u00e7irilm\u0259sin\u0259 q\u0259rar verilib. Lakin v\u0259kil konkret t\u0259hl\u00fck\u0259sizlikl\u0259 ba\u011fl\u0131 n\u0259 probleml\u0259rin oldu\u011funu dil\u0259 g\u0259tirm\u0259yib.<\/p>\n\n\n\n<p>Ail\u0259nin 5 \u00fczv\u00fcn\u00fcn q\u0259tl\u0259 yetirildiyi hadis\u0259 fevral\u0131n 13-d\u0259 paytaxt\u0131n G\u00fcn\u0259\u015fli v\u0259 \u018fhm\u0259dli q\u0259s\u0259b\u0259l\u0259rind\u0259 ba\u015f verib.<\/p>\n\n\n\n<p>47 ya\u015fl\u0131 Bik\u0259 \u018fhm\u0259dova Bak\u0131dak\u0131 59 sayl\u0131 m\u0259kt\u0259bin direktoru idi.<\/p>\n\n\n\n<p>\u018fhm\u0259d \u018fhm\u0259dova Cinay\u0259t M\u0259c\u0259ll\u0259sinin 120.2.4 (x\u00fcsusi amans\u0131zl\u0131qla q\u0259sd\u0259n adam \u00f6ld\u00fcrm\u0259), 120.2.7 (iki v\u0259 ya daha \u00e7ox \u015f\u0259xsi \u00f6ld\u00fcrm\u0259) v\u0259 120.2.9-cu (t\u0259qsirkar \u015f\u0259xs \u00fc\u00e7\u00fcn a\u015fkar sur\u0259td\u0259 k\u00f6m\u0259ksiz v\u0259ziyy\u0259td\u0259 olan adam\u0131 \u00f6ld\u00fcrm\u0259) madd\u0259l\u0259ri il\u0259 ittiham verilib. Onun bar\u0259sind\u0259 h\u0259bs q\u0259timkan t\u0259dbiri se\u00e7ilib. \u0130stintaq\u0131n gedi\u015find\u0259 iki d\u0259f\u0259 psixiatrik ekspertiza t\u0259yin olunub. H\u0259r ikisind\u0259 \u018fhm\u0259d \u018fhm\u0259dovun anlaqs\u0131z olmas\u0131 bar\u0259d\u0259 r\u0259y verilib. O, Respublika Psixiatriya X\u0259st\u0259xanas\u0131na yerl\u0259\u015fdirilib.<\/p>\n\n\n\n<p>M\u0259hk\u0259m\u0259 ara\u015fd\u0131rmalardan sonra \u018fhm\u0259d \u018fhm\u0259dovun anlaqs\u0131z oldu\u011fu n\u0259tic\u0259sin\u0259 g\u0259ls\u0259, onun c\u0259zadan azad edilm\u0259si v\u0259 m\u0259cburi m\u00fcalic\u0259si bar\u0259d\u0259 q\u0259rar q\u0259bul edil\u0259 bil\u0259r.<\/p>\n","protected":false},"excerpt":{"rendered":"<p>M\u0259hk\u0259m\u0259 prosesinin qapal\u0131 ke\u00e7irilm\u0259sin\u0259 q\u0259rar verilib Anas\u0131, atas\u0131, azya\u015fl\u0131 qarda\u015f\u0131, &#8230; <\/p>\n<p class=\"read-more-container\"><a title=\"Be\u015f n\u0259f\u0259rin q\u0259tlind\u0259 ittiham olunan \u018fhm\u0259d \u018fhm\u0259dov: \u201cM\u0259n\u0259 qar\u015f\u0131 saymazyana m\u00fcnasib\u0259t\u0259 g\u00f6r\u0259&#8230;\u201d\" class=\"read-more button\" href=\"https:\/\/www.meydan.tv\/az\/article\/bes-neferin-qetlinde-ittiham-olunan-ehmed-ehmedov-mene-qarsi-saymazyana-munasibete-gore\/#more-317290\" aria-label=\"Read more about Be\u015f n\u0259f\u0259rin q\u0259tlind\u0259 ittiham olunan \u018fhm\u0259d \u018fhm\u0259dov: \u201cM\u0259n\u0259 qar\u015f\u0131 saymazyana m\u00fcnasib\u0259t\u0259 g\u00f6r\u0259&#8230;\u201d\">Davam\u0131<\/a><\/p>\n","protected":false},"author":8,"featured_media":131384,"comment_status":"closed","ping_status":"closed","sticky":false,"template":"","format":"standard","meta":{"_acf_changed":false,"_sitemap_exclude":false,"_sitemap_priority":"","_sitemap_frequency":"","footnotes":""},"categories":[62,79,56],"tags":[],"class_list":["post-317290","post","type-post","status-publish","format-standard","has-post-thumbnail","hentry","category-sosial","category-featured","category-xeberler","infinite-scroll-item","generate-columns","tablet-grid-50","mobile-grid-100","grid-parent","grid-33","no-featured-image-padding"],"acf":[],"yoast_head":"<!-- This site is optimized with the Yoast SEO plugin v27.4 - https:\/\/yoast.com\/product\/yoast-seo-wordpress\/ -->\n<title>Be\u015f n\u0259f\u0259rin q\u0259tlind\u0259 ittiham olunan \u018fhm\u0259d \u018fhm\u0259dov: \u201cM\u0259n\u0259 qar\u015f\u0131 saymazyana m\u00fcnasib\u0259t\u0259 g\u00f6r\u0259...\u201d - MEYDAN.TV<\/title>\n<meta name=\"description\" content=\"\u018fhm\u0259d \u018fhm\u0259dovun ifad\u0259sin\u0259 g\u00f6r\u0259, o, m\u0259nzil\u0259 \u00e7atan kimi, bac\u0131s\u0131n\u0131 v\u0259 onun 5 ya\u015fl\u0131 q\u0131z\u0131 \u00dclviyy\u0259ni d\u0259 \u00f6ld\u00fcr\u00fcb.\" \/>\n<meta name=\"robots\" content=\"index, follow, max-snippet:-1, max-image-preview:large, max-video-preview:-1\" \/>\n<link rel=\"canonical\" href=\"https:\/\/www.meydan.tv\/az\/article\/bes-neferin-qetlinde-ittiham-olunan-ehmed-ehmedov-mene-qarsi-saymazyana-munasibete-gore\/\" \/>\n<meta property=\"og:locale\" content=\"az_AZ\" \/>\n<meta property=\"og:type\" content=\"article\" \/>\n<meta property=\"og:title\" content=\"Be\u015f n\u0259f\u0259rin q\u0259tlind\u0259 ittiham olunan \u018fhm\u0259d \u018fhm\u0259dov: \u201cM\u0259n\u0259 qar\u015f\u0131 saymazyana m\u00fcnasib\u0259t\u0259 g\u00f6r\u0259...\u201d - MEYDAN.TV\" \/>\n<meta property=\"og:description\" content=\"\u018fhm\u0259d \u018fhm\u0259dovun ifad\u0259sin\u0259 g\u00f6r\u0259, o, m\u0259nzil\u0259 \u00e7atan kimi, bac\u0131s\u0131n\u0131 v\u0259 onun 5 ya\u015fl\u0131 q\u0131z\u0131 \u00dclviyy\u0259ni d\u0259 \u00f6ld\u00fcr\u00fcb.\" \/>\n<meta property=\"og:url\" content=\"https:\/\/www.meydan.tv\/az\/article\/bes-neferin-qetlinde-ittiham-olunan-ehmed-ehmedov-mene-qarsi-saymazyana-munasibete-gore\/\" \/>\n<meta property=\"og:site_name\" content=\"MEYDAN.TV\" \/>\n<meta property=\"article:published_time\" content=\"2024-10-08T14:30:56+00:00\" \/>\n<meta property=\"article:modified_time\" content=\"2024-10-08T14:30:59+00:00\" \/>\n<meta property=\"og:image\" content=\"https:\/\/www.meydan.tv\/wp-content\/uploads\/410827945_4j7bzkk.jpg\" \/>\n\t<meta property=\"og:image:width\" content=\"1000\" \/>\n\t<meta property=\"og:image:height\" content=\"541\" \/>\n\t<meta property=\"og:image:type\" content=\"image\/jpeg\" \/>\n<meta name=\"author\" content=\"elli\" \/>\n<meta name=\"twitter:card\" content=\"summary_large_image\" \/>\n<meta name=\"twitter:creator\" content=\"@elli\" \/>\n<script type=\"application\/ld+json\" class=\"yoast-schema-graph\">{\"@context\":\"https:\\\/\\\/schema.org\",\"@graph\":[{\"@type\":\"Article\",\"@id\":\"https:\\\/\\\/www.meydan.tv\\\/az\\\/article\\\/bes-neferin-qetlinde-ittiham-olunan-ehmed-ehmedov-mene-qarsi-saymazyana-munasibete-gore\\\/#article\",\"isPartOf\":{\"@id\":\"https:\\\/\\\/www.meydan.tv\\\/az\\\/article\\\/bes-neferin-qetlinde-ittiham-olunan-ehmed-ehmedov-mene-qarsi-saymazyana-munasibete-gore\\\/\"},\"author\":{\"name\":\"elli\",\"@id\":\"https:\\\/\\\/www.meydan.tv\\\/az\\\/#\\\/schema\\\/person\\\/9cdbecf90d17180ce1dfbd95b08dcf47\"},\"headline\":\"Be\u015f n\u0259f\u0259rin q\u0259tlind\u0259 ittiham olunan \u018fhm\u0259d \u018fhm\u0259dov: \u201cM\u0259n\u0259 qar\u015f\u0131 saymazyana m\u00fcnasib\u0259t\u0259 g\u00f6r\u0259&#8230;\u201d\",\"datePublished\":\"2024-10-08T14:30:56+00:00\",\"dateModified\":\"2024-10-08T14:30:59+00:00\",\"mainEntityOfPage\":{\"@id\":\"https:\\\/\\\/www.meydan.tv\\\/az\\\/article\\\/bes-neferin-qetlinde-ittiham-olunan-ehmed-ehmedov-mene-qarsi-saymazyana-munasibete-gore\\\/\"},\"wordCount\":1033,\"publisher\":{\"@id\":\"https:\\\/\\\/www.meydan.tv\\\/az\\\/#organization\"},\"image\":{\"@id\":\"https:\\\/\\\/www.meydan.tv\\\/az\\\/article\\\/bes-neferin-qetlinde-ittiham-olunan-ehmed-ehmedov-mene-qarsi-saymazyana-munasibete-gore\\\/#primaryimage\"},\"thumbnailUrl\":\"https:\\\/\\\/www.meydan.tv\\\/wp-content\\\/uploads\\\/410827945_4j7bzkk.jpg\",\"articleSection\":[\"Sosial\",\"T\u00f6vsiy\u0259\",\"X\u0259b\u0259rl\u0259r\"],\"inLanguage\":\"az\"},{\"@type\":\"WebPage\",\"@id\":\"https:\\\/\\\/www.meydan.tv\\\/az\\\/article\\\/bes-neferin-qetlinde-ittiham-olunan-ehmed-ehmedov-mene-qarsi-saymazyana-munasibete-gore\\\/\",\"url\":\"https:\\\/\\\/www.meydan.tv\\\/az\\\/article\\\/bes-neferin-qetlinde-ittiham-olunan-ehmed-ehmedov-mene-qarsi-saymazyana-munasibete-gore\\\/\",\"name\":\"Be\u015f n\u0259f\u0259rin q\u0259tlind\u0259 ittiham olunan \u018fhm\u0259d \u018fhm\u0259dov: \u201cM\u0259n\u0259 qar\u015f\u0131 saymazyana m\u00fcnasib\u0259t\u0259 g\u00f6r\u0259...\u201d - MEYDAN.TV\",\"isPartOf\":{\"@id\":\"https:\\\/\\\/www.meydan.tv\\\/az\\\/#website\"},\"primaryImageOfPage\":{\"@id\":\"https:\\\/\\\/www.meydan.tv\\\/az\\\/article\\\/bes-neferin-qetlinde-ittiham-olunan-ehmed-ehmedov-mene-qarsi-saymazyana-munasibete-gore\\\/#primaryimage\"},\"image\":{\"@id\":\"https:\\\/\\\/www.meydan.tv\\\/az\\\/article\\\/bes-neferin-qetlinde-ittiham-olunan-ehmed-ehmedov-mene-qarsi-saymazyana-munasibete-gore\\\/#primaryimage\"},\"thumbnailUrl\":\"https:\\\/\\\/www.meydan.tv\\\/wp-content\\\/uploads\\\/410827945_4j7bzkk.jpg\",\"datePublished\":\"2024-10-08T14:30:56+00:00\",\"dateModified\":\"2024-10-08T14:30:59+00:00\",\"description\":\"\u018fhm\u0259d \u018fhm\u0259dovun ifad\u0259sin\u0259 g\u00f6r\u0259, o, m\u0259nzil\u0259 \u00e7atan kimi, bac\u0131s\u0131n\u0131 v\u0259 onun 5 ya\u015fl\u0131 q\u0131z\u0131 \u00dclviyy\u0259ni d\u0259 \u00f6ld\u00fcr\u00fcb.\",\"breadcrumb\":{\"@id\":\"https:\\\/\\\/www.meydan.tv\\\/az\\\/article\\\/bes-neferin-qetlinde-ittiham-olunan-ehmed-ehmedov-mene-qarsi-saymazyana-munasibete-gore\\\/#breadcrumb\"},\"inLanguage\":\"az\",\"potentialAction\":[{\"@type\":\"ReadAction\",\"target\":[\"https:\\\/\\\/www.meydan.tv\\\/az\\\/article\\\/bes-neferin-qetlinde-ittiham-olunan-ehmed-ehmedov-mene-qarsi-saymazyana-munasibete-gore\\\/\"]}]},{\"@type\":\"ImageObject\",\"inLanguage\":\"az\",\"@id\":\"https:\\\/\\\/www.meydan.tv\\\/az\\\/article\\\/bes-neferin-qetlinde-ittiham-olunan-ehmed-ehmedov-mene-qarsi-saymazyana-munasibete-gore\\\/#primaryimage\",\"url\":\"https:\\\/\\\/www.meydan.tv\\\/wp-content\\\/uploads\\\/410827945_4j7bzkk.jpg\",\"contentUrl\":\"https:\\\/\\\/www.meydan.tv\\\/wp-content\\\/uploads\\\/410827945_4j7bzkk.jpg\",\"width\":1000,\"height\":541,\"caption\":\"Foto: Meydan TV\"},{\"@type\":\"BreadcrumbList\",\"@id\":\"https:\\\/\\\/www.meydan.tv\\\/az\\\/article\\\/bes-neferin-qetlinde-ittiham-olunan-ehmed-ehmedov-mene-qarsi-saymazyana-munasibete-gore\\\/#breadcrumb\",\"itemListElement\":[{\"@type\":\"ListItem\",\"position\":1,\"name\":\"Ana s\u0259hif\u0259\",\"item\":\"https:\\\/\\\/www.meydan.tv\\\/az\\\/\"},{\"@type\":\"ListItem\",\"position\":2,\"name\":\"Sosial\",\"item\":\"https:\\\/\\\/www.meydan.tv\\\/az\\\/section\\\/sosial\\\/\"},{\"@type\":\"ListItem\",\"position\":3,\"name\":\"Be\u015f n\u0259f\u0259rin q\u0259tlind\u0259 ittiham olunan \u018fhm\u0259d \u018fhm\u0259dov: \u201cM\u0259n\u0259 qar\u015f\u0131 saymazyana m\u00fcnasib\u0259t\u0259 g\u00f6r\u0259&#8230;\u201d\"}]},{\"@type\":\"WebSite\",\"@id\":\"https:\\\/\\\/www.meydan.tv\\\/az\\\/#website\",\"url\":\"https:\\\/\\\/www.meydan.tv\\\/az\\\/\",\"name\":\"MEYDAN.TV\",\"description\":\"Meydan TV Az\u0259rbaycan\u0131n media m\u0259kan\u0131ndak\u0131 alternativ s\u0259sidir\",\"publisher\":{\"@id\":\"https:\\\/\\\/www.meydan.tv\\\/az\\\/#organization\"},\"potentialAction\":[{\"@type\":\"SearchAction\",\"target\":{\"@type\":\"EntryPoint\",\"urlTemplate\":\"https:\\\/\\\/www.meydan.tv\\\/az\\\/?s={search_term_string}\"},\"query-input\":{\"@type\":\"PropertyValueSpecification\",\"valueRequired\":true,\"valueName\":\"search_term_string\"}}],\"inLanguage\":\"az\"},{\"@type\":\"Organization\",\"@id\":\"https:\\\/\\\/www.meydan.tv\\\/az\\\/#organization\",\"name\":\"Meydan TV\",\"url\":\"https:\\\/\\\/www.meydan.tv\\\/az\\\/\",\"logo\":{\"@type\":\"ImageObject\",\"inLanguage\":\"az\",\"@id\":\"https:\\\/\\\/www.meydan.tv\\\/az\\\/#\\\/schema\\\/logo\\\/image\\\/\",\"url\":\"https:\\\/\\\/www.meydan.tv\\\/wp-content\\\/uploads\\\/2021\\\/07\\\/meydan-logo.svg\",\"contentUrl\":\"https:\\\/\\\/www.meydan.tv\\\/wp-content\\\/uploads\\\/2021\\\/07\\\/meydan-logo.svg\",\"width\":195,\"height\":46,\"caption\":\"Meydan TV\"},\"image\":{\"@id\":\"https:\\\/\\\/www.meydan.tv\\\/az\\\/#\\\/schema\\\/logo\\\/image\\\/\"}},{\"@type\":\"Person\",\"@id\":\"https:\\\/\\\/www.meydan.tv\\\/az\\\/#\\\/schema\\\/person\\\/9cdbecf90d17180ce1dfbd95b08dcf47\",\"name\":\"elli\",\"sameAs\":[\"https:\\\/\\\/x.com\\\/elli\"]}]}<\/script>\n<!-- \/ Yoast SEO plugin. -->","yoast_head_json":{"title":"Be\u015f n\u0259f\u0259rin q\u0259tlind\u0259 ittiham olunan \u018fhm\u0259d \u018fhm\u0259dov: \u201cM\u0259n\u0259 qar\u015f\u0131 saymazyana m\u00fcnasib\u0259t\u0259 g\u00f6r\u0259...\u201d - MEYDAN.TV","description":"\u018fhm\u0259d \u018fhm\u0259dovun ifad\u0259sin\u0259 g\u00f6r\u0259, o, m\u0259nzil\u0259 \u00e7atan kimi, bac\u0131s\u0131n\u0131 v\u0259 onun 5 ya\u015fl\u0131 q\u0131z\u0131 \u00dclviyy\u0259ni d\u0259 \u00f6ld\u00fcr\u00fcb.","robots":{"index":"index","follow":"follow","max-snippet":"max-snippet:-1","max-image-preview":"max-image-preview:large","max-video-preview":"max-video-preview:-1"},"canonical":"https:\/\/www.meydan.tv\/az\/article\/bes-neferin-qetlinde-ittiham-olunan-ehmed-ehmedov-mene-qarsi-saymazyana-munasibete-gore\/","og_locale":"az_AZ","og_type":"article","og_title":"Be\u015f n\u0259f\u0259rin q\u0259tlind\u0259 ittiham olunan \u018fhm\u0259d \u018fhm\u0259dov: \u201cM\u0259n\u0259 qar\u015f\u0131 saymazyana m\u00fcnasib\u0259t\u0259 g\u00f6r\u0259...\u201d - MEYDAN.TV","og_description":"\u018fhm\u0259d \u018fhm\u0259dovun ifad\u0259sin\u0259 g\u00f6r\u0259, o, m\u0259nzil\u0259 \u00e7atan kimi, bac\u0131s\u0131n\u0131 v\u0259 onun 5 ya\u015fl\u0131 q\u0131z\u0131 \u00dclviyy\u0259ni d\u0259 \u00f6ld\u00fcr\u00fcb.","og_url":"https:\/\/www.meydan.tv\/az\/article\/bes-neferin-qetlinde-ittiham-olunan-ehmed-ehmedov-mene-qarsi-saymazyana-munasibete-gore\/","og_site_name":"MEYDAN.TV","article_published_time":"2024-10-08T14:30:56+00:00","article_modified_time":"2024-10-08T14:30:59+00:00","og_image":[{"width":1000,"height":541,"url":"https:\/\/www.meydan.tv\/wp-content\/uploads\/410827945_4j7bzkk.jpg","type":"image\/jpeg"}],"author":"elli","twitter_card":"summary_large_image","twitter_creator":"@elli","schema":{"@context":"https:\/\/schema.org","@graph":[{"@type":"Article","@id":"https:\/\/www.meydan.tv\/az\/article\/bes-neferin-qetlinde-ittiham-olunan-ehmed-ehmedov-mene-qarsi-saymazyana-munasibete-gore\/#article","isPartOf":{"@id":"https:\/\/www.meydan.tv\/az\/article\/bes-neferin-qetlinde-ittiham-olunan-ehmed-ehmedov-mene-qarsi-saymazyana-munasibete-gore\/"},"author":{"name":"elli","@id":"https:\/\/www.meydan.tv\/az\/#\/schema\/person\/9cdbecf90d17180ce1dfbd95b08dcf47"},"headline":"Be\u015f n\u0259f\u0259rin q\u0259tlind\u0259 ittiham olunan \u018fhm\u0259d \u018fhm\u0259dov: \u201cM\u0259n\u0259 qar\u015f\u0131 saymazyana m\u00fcnasib\u0259t\u0259 g\u00f6r\u0259&#8230;\u201d","datePublished":"2024-10-08T14:30:56+00:00","dateModified":"2024-10-08T14:30:59+00:00","mainEntityOfPage":{"@id":"https:\/\/www.meydan.tv\/az\/article\/bes-neferin-qetlinde-ittiham-olunan-ehmed-ehmedov-mene-qarsi-saymazyana-munasibete-gore\/"},"wordCount":1033,"publisher":{"@id":"https:\/\/www.meydan.tv\/az\/#organization"},"image":{"@id":"https:\/\/www.meydan.tv\/az\/article\/bes-neferin-qetlinde-ittiham-olunan-ehmed-ehmedov-mene-qarsi-saymazyana-munasibete-gore\/#primaryimage"},"thumbnailUrl":"https:\/\/www.meydan.tv\/wp-content\/uploads\/410827945_4j7bzkk.jpg","articleSection":["Sosial","T\u00f6vsiy\u0259","X\u0259b\u0259rl\u0259r"],"inLanguage":"az"},{"@type":"WebPage","@id":"https:\/\/www.meydan.tv\/az\/article\/bes-neferin-qetlinde-ittiham-olunan-ehmed-ehmedov-mene-qarsi-saymazyana-munasibete-gore\/","url":"https:\/\/www.meydan.tv\/az\/article\/bes-neferin-qetlinde-ittiham-olunan-ehmed-ehmedov-mene-qarsi-saymazyana-munasibete-gore\/","name":"Be\u015f n\u0259f\u0259rin q\u0259tlind\u0259 ittiham olunan \u018fhm\u0259d \u018fhm\u0259dov: \u201cM\u0259n\u0259 qar\u015f\u0131 saymazyana m\u00fcnasib\u0259t\u0259 g\u00f6r\u0259...\u201d - MEYDAN.TV","isPartOf":{"@id":"https:\/\/www.meydan.tv\/az\/#website"},"primaryImageOfPage":{"@id":"https:\/\/www.meydan.tv\/az\/article\/bes-neferin-qetlinde-ittiham-olunan-ehmed-ehmedov-mene-qarsi-saymazyana-munasibete-gore\/#primaryimage"},"image":{"@id":"https:\/\/www.meydan.tv\/az\/article\/bes-neferin-qetlinde-ittiham-olunan-ehmed-ehmedov-mene-qarsi-saymazyana-munasibete-gore\/#primaryimage"},"thumbnailUrl":"https:\/\/www.meydan.tv\/wp-content\/uploads\/410827945_4j7bzkk.jpg","datePublished":"2024-10-08T14:30:56+00:00","dateModified":"2024-10-08T14:30:59+00:00","description":"\u018fhm\u0259d \u018fhm\u0259dovun ifad\u0259sin\u0259 g\u00f6r\u0259, o, m\u0259nzil\u0259 \u00e7atan kimi, bac\u0131s\u0131n\u0131 v\u0259 onun 5 ya\u015fl\u0131 q\u0131z\u0131 \u00dclviyy\u0259ni d\u0259 \u00f6ld\u00fcr\u00fcb.","breadcrumb":{"@id":"https:\/\/www.meydan.tv\/az\/article\/bes-neferin-qetlinde-ittiham-olunan-ehmed-ehmedov-mene-qarsi-saymazyana-munasibete-gore\/#breadcrumb"},"inLanguage":"az","potentialAction":[{"@type":"ReadAction","target":["https:\/\/www.meydan.tv\/az\/article\/bes-neferin-qetlinde-ittiham-olunan-ehmed-ehmedov-mene-qarsi-saymazyana-munasibete-gore\/"]}]},{"@type":"ImageObject","inLanguage":"az","@id":"https:\/\/www.meydan.tv\/az\/article\/bes-neferin-qetlinde-ittiham-olunan-ehmed-ehmedov-mene-qarsi-saymazyana-munasibete-gore\/#primaryimage","url":"https:\/\/www.meydan.tv\/wp-content\/uploads\/410827945_4j7bzkk.jpg","contentUrl":"https:\/\/www.meydan.tv\/wp-content\/uploads\/410827945_4j7bzkk.jpg","width":1000,"height":541,"caption":"Foto: Meydan TV"},{"@type":"BreadcrumbList","@id":"https:\/\/www.meydan.tv\/az\/article\/bes-neferin-qetlinde-ittiham-olunan-ehmed-ehmedov-mene-qarsi-saymazyana-munasibete-gore\/#breadcrumb","itemListElement":[{"@type":"ListItem","position":1,"name":"Ana s\u0259hif\u0259","item":"https:\/\/www.meydan.tv\/az\/"},{"@type":"ListItem","position":2,"name":"Sosial","item":"https:\/\/www.meydan.tv\/az\/section\/sosial\/"},{"@type":"ListItem","position":3,"name":"Be\u015f n\u0259f\u0259rin q\u0259tlind\u0259 ittiham olunan \u018fhm\u0259d \u018fhm\u0259dov: \u201cM\u0259n\u0259 qar\u015f\u0131 saymazyana m\u00fcnasib\u0259t\u0259 g\u00f6r\u0259&#8230;\u201d"}]},{"@type":"WebSite","@id":"https:\/\/www.meydan.tv\/az\/#website","url":"https:\/\/www.meydan.tv\/az\/","name":"MEYDAN.TV","description":"Meydan TV Az\u0259rbaycan\u0131n media m\u0259kan\u0131ndak\u0131 alternativ s\u0259sidir","publisher":{"@id":"https:\/\/www.meydan.tv\/az\/#organization"},"potentialAction":[{"@type":"SearchAction","target":{"@type":"EntryPoint","urlTemplate":"https:\/\/www.meydan.tv\/az\/?s={search_term_string}"},"query-input":{"@type":"PropertyValueSpecification","valueRequired":true,"valueName":"search_term_string"}}],"inLanguage":"az"},{"@type":"Organization","@id":"https:\/\/www.meydan.tv\/az\/#organization","name":"Meydan TV","url":"https:\/\/www.meydan.tv\/az\/","logo":{"@type":"ImageObject","inLanguage":"az","@id":"https:\/\/www.meydan.tv\/az\/#\/schema\/logo\/image\/","url":"https:\/\/www.meydan.tv\/wp-content\/uploads\/2021\/07\/meydan-logo.svg","contentUrl":"https:\/\/www.meydan.tv\/wp-content\/uploads\/2021\/07\/meydan-logo.svg","width":195,"height":46,"caption":"Meydan TV"},"image":{"@id":"https:\/\/www.meydan.tv\/az\/#\/schema\/logo\/image\/"}},{"@type":"Person","@id":"https:\/\/www.meydan.tv\/az\/#\/schema\/person\/9cdbecf90d17180ce1dfbd95b08dcf47","name":"elli","sameAs":["https:\/\/x.com\/elli"]}]}},"_links":{"self":[{"href":"https:\/\/www.meydan.tv\/az\/wp-json\/wp\/v2\/posts\/317290","targetHints":{"allow":["GET"]}}],"collection":[{"href":"https:\/\/www.meydan.tv\/az\/wp-json\/wp\/v2\/posts"}],"about":[{"href":"https:\/\/www.meydan.tv\/az\/wp-json\/wp\/v2\/types\/post"}],"author":[{"embeddable":true,"href":"https:\/\/www.meydan.tv\/az\/wp-json\/wp\/v2\/users\/8"}],"replies":[{"embeddable":true,"href":"https:\/\/www.meydan.tv\/az\/wp-json\/wp\/v2\/comments?post=317290"}],"version-history":[{"count":2,"href":"https:\/\/www.meydan.tv\/az\/wp-json\/wp\/v2\/posts\/317290\/revisions"}],"predecessor-version":[{"id":317292,"href":"https:\/\/www.meydan.tv\/az\/wp-json\/wp\/v2\/posts\/317290\/revisions\/317292"}],"wp:featuredmedia":[{"embeddable":true,"href":"https:\/\/www.meydan.tv\/az\/wp-json\/wp\/v2\/media\/131384"}],"wp:attachment":[{"href":"https:\/\/www.meydan.tv\/az\/wp-json\/wp\/v2\/media?parent=317290"}],"wp:term":[{"taxonomy":"category","embeddable":true,"href":"https:\/\/www.meydan.tv\/az\/wp-json\/wp\/v2\/categories?post=317290"},{"taxonomy":"post_tag","embeddable":true,"href":"https:\/\/www.meydan.tv\/az\/wp-json\/wp\/v2\/tags?post=317290"}],"curies":[{"name":"wp","href":"https:\/\/api.w.org\/{rel}","templated":true}]}}