{"id":317272,"date":"2024-10-08T17:46:59","date_gmt":"2024-10-08T13:46:59","guid":{"rendered":"https:\/\/www.meydan.tv\/?p=317272"},"modified":"2024-10-08T23:23:57","modified_gmt":"2024-10-08T19:23:57","slug":"kollecin-huquqsunasi-yeniden-isini-itirmek-tehlukesi-ile-uz-uze-qaldigini-deyir","status":"publish","type":"post","link":"https:\/\/www.meydan.tv\/az\/article\/kollecin-huquqsunasi-yeniden-isini-itirmek-tehlukesi-ile-uz-uze-qaldigini-deyir\/","title":{"rendered":"Kollecin h\u00fcquq\u015f\u00fcnas\u0131 yenid\u0259n i\u015fini itirm\u0259k t\u0259hl\u00fck\u0259si il\u0259 \u00fcz-\u00fcz\u0259 qald\u0131\u011f\u0131n\u0131 deyir"},"content":{"rendered":"\n<p><\/p>\n\n\n\n<p><strong><em>Aynur\u0259 Muradova: &#8220;Sevinc H\u0259mz\u0259yeva \u0259vv\u0259lki direktorun adam\u0131d\u0131r, m\u0259niml\u0259 \u0259dav\u0259t apar\u0131rlar&#8221;<\/em><\/strong><\/p>\n\n\n\n<p>Az\u0259rbaycan D\u00f6vl\u0259t \u0130qtisad Universitetinin n\u0259zdind\u0259ki Qida S\u0259nayesi Kollecinin h\u00fcquq\u015f\u00fcnas\u0131 Aynur\u0259 Muradova yenid\u0259n i\u015fd\u0259n \u00e7\u0131xar\u0131lma t\u0259hl\u00fck\u0259si il\u0259 \u00fcz-\u00fcz\u0259 oldu\u011funu deyir.<\/p>\n\n\n\n<p>V\u0259t\u0259nda\u015f Meydan TV-y\u0259 bildirir ki, 2023-c\u00fc ilin yanvar\u0131nda kollecd\u0259 ke\u00e7iril\u0259n imtahanlarda k\u00f6\u00e7\u00fcrm\u0259l\u0259rl\u0259 ba\u011fl\u0131 g\u00f6r\u00fcnt\u00fcl\u0259ri sosial \u015f\u0259b\u0259k\u0259l\u0259rd\u0259 payla\u015fandan sonra r\u0259hb\u0259rliyin ona qar\u015f\u0131 m\u00f6vqeyi <a href=\"https:\/\/storage.googleapis.com\/qurium\/www.meydan.tv\/az-article-kollecin-huquqsunasi-saxtakarligi-yaydigi-ucun-isden-cixarilma-tehlukesinde-oldugunu-deyir.html\" target=\"_blank\" rel=\"noreferrer noopener\">d\u0259yi\u015fib<\/a>.<\/p>\n\n\n\n<p>Dediyin\u0259 g\u00f6r\u0259, kollecin \u0259vv\u0259lki direktoru Vilay\u0259t \u0130smay\u0131lov, t\u0259dris i\u015fl\u0259ri \u00fczr\u0259 m\u00fcavin Teymuraz \u018ff\u0259ndiyev, t\u0259rbiy\u0259 i\u015fl\u0259ri \u00fczr\u0259 m\u00fcavin Sevinc H\u0259mz\u0259yeva \u015fikay\u0259tl\u0259rd\u0259n sonra onunla \u0259dav\u0259t aparma\u011fa ba\u015flay\u0131b.<\/p>\n\n\n\n<p>2024-c\u00fc ilin iyununda is\u0259 Qida S\u0259nayesi Kollecinin r\u0259hb\u0259r hey\u0259tind\u0259 d\u0259yi\u015fiklik olub.<\/p>\n\n\n\n<p>Az\u0259rbaycan D\u00f6vl\u0259t \u0130qtisad Universitetinin prorektoru G\u0259ray Musayevin d\u0259 i\u015ftirak etdiyi t\u0259dbird\u0259 t\u0259rbiy\u0259 i\u015fl\u0259ri \u00fczr\u0259 m\u00fcavin Sevinc H\u0259mz\u0259yeva direktor t\u0259yin olunub.<\/p>\n\n\n\n<p><em>\u201cQida S\u0259nayesi Kollecind\u0259 f\u0259aliyy\u0259t\u0259 ba\u015flad\u0131\u011f\u0131m g\u00fcnd\u0259n r\u0259hb\u0259rlik m\u0259n\u0259 qar\u015f\u0131 q\u0259r\u0259zli m\u00f6vqed\u0259 olub. \u00c7\u00fcnki m\u0259n onlar\u0131n etdikl\u0259ri saxtakarl\u0131qlar\u0131, dedikl\u0259rini h\u00fcquq\u015f\u00fcnas kimi yerin\u0259 yetirmirdim. Onlar\u0131n saxta i\u015fl\u0259rin\u0259 \u015f\u0259rik olmurdum. Direktorla b\u0259rab\u0259r bar\u0259sind\u0259 \u015fikay\u0259t etdiyim Sevinc H\u0259mz\u0259yevan\u0131 yeni direktor t\u0259yin edibl\u0259r. Bu, Kollec kollektivind\u0259n xeyli m\u00fcdd\u0259t gizl\u0259dilib. \u00c7\u00fcnki Sevinc H\u0259mz\u0259yeva \u0259vv\u0259lki direktor Vilay\u0259t \u0130smay\u0131lovun \u00f6z adam\u0131d\u0131r. O, \u00f6z adam\u0131n\u0131 qoydu ki, kollecd\u0259 yoxlama apar\u0131lmas\u0131n\u201d, <\/em>&#8211; dey\u0259 o qeyd edib.<\/p>\n\n\n\n<p>\u201c<em>Sevinc H\u0259mz\u0259yeva bir ay direktor \u0259v\u0259zi i\u015fl\u0259di, sonra v\u0259zif\u0259si t\u0259sdiql\u0259ndi. H\u0259min vaxt m\u0259n Elm v\u0259 Ali T\u0259hsil \u00fczr\u0259 D\u00f6vl\u0259t Agentliyin\u0259 \u015fikay\u0259t etdim. S\u0259s yaz\u0131s\u0131n\u0131 da g\u00f6nd\u0259rmi\u015fdim ki, bu, savads\u0131z\u0131n biridir, bundan direktor olmaz. Lakin Agentlik \u015fikay\u0259timl\u0259 maraqlanmad\u0131\u201d, <\/em>&#8211; \u015fikay\u0259t\u00e7i deyir.<\/p>\n\n\n\n<p>Aynur\u0259 Muradova bildirir ki, r\u0259hb\u0259rlik d\u0259yi\u015f\u0259nd\u0259n sonra ona qar\u015f\u0131 \u201csoyuq m\u00fcharib\u0259\u201d ba\u015flan\u0131b:<\/p>\n\n\n\n<p>\u201c<em>Ad\u0131m\u0131 \u0259mrl\u0259rd\u0259n \u00e7\u0131xar\u0131blar. M\u0259nd\u0259n n\u0259 t\u0259qdimat al\u0131r, n\u0259 \u0259mr g\u00f6nd\u0259rir. H\u0259r d\u0259f\u0259 kadrlar \u015f\u00f6b\u0259sind\u0259n soru\u015furam ki, bu n\u0259 s\u00f6hb\u0259tdir? Cavab\u0131nda deyir ki, el\u0259-bel\u0259 \u0259mrl\u0259rdir. \u018fmrin d\u0259 el\u0259-bel\u0259si olur? M\u0259n burada niy\u0259 oturmu\u015fam? M\u0259n \u0259slind\u0259 h\u00fcquq\u015f\u00fcnas kimi \u00f6z v\u0259zif\u0259l\u0259rimi bilir\u0259m. Nizam-intizam komissiyas\u0131nda olmal\u0131yam. \u0130mtahan Komissiyas\u0131nda \u00fczv olmal\u0131yam. T\u0259dbirl\u0259rd\u0259 i\u015ftirak etm\u0259liy\u0259m. M\u0259ni h\u0259r \u015feyd\u0259n uzaqla\u015fd\u0131r\u0131blar\u201d.<\/em><\/p>\n\n\n\n<p>\u201c<em>H\u0259r g\u00fcn i\u015f\u0259 g\u0259lib, kukla kimi otururam, he\u00e7 bir i\u015f g\u00f6rm\u00fcr\u0259m, \u00e7\u00fcnki v\u0259zif\u0259l\u0259rimi al\u0131blar. \u00c7ay i\u00e7ir\u0259m, yem\u0259yimi yeyib \u00e7\u0131x\u0131b evim\u0259 gedir\u0259m. He\u00e7 n\u0259y\u0259 qar\u0131\u015fmaq h\u00fcququm yoxdur. Bunlar m\u0259n\u0259 qur\u011fu qururlar. \u0130\u015fd\u0259 oldu\u011fum halda ad\u0131m b\u00fct\u00fcn \u0259mrl\u0259rd\u0259n \u00e7\u0131xar\u0131l\u0131rsa, g\u00f6r\u00fcn\u00fcr, m\u0259ni i\u015fd\u0259n \u00e7\u0131xarma\u011fa haz\u0131rla\u015f\u0131rlar. Yanvarda \u015ftat\u0131m l\u0259\u011fv olunur. B\u0259ri ba\u015fdan deyin, \u00f6z\u00fcm\u0259 i\u015f axtar\u0131m. M\u0259n\u0259 niy\u0259 \u0259mr vermirsiniz? B\u0259lk\u0259, m\u0259ni t\u00f6hm\u0259tl\u0259 \u00e7\u0131xaracaqs\u0131n\u0131z? H\u00fcquq\u015f\u00fcnas b\u00fct\u00fcn \u0259mrl\u0259rin haz\u0131rlanmalar\u0131nda i\u015ftirak etm\u0259lidir\u201d, <\/em>&#8211; Aynur\u0259 Muradova deyib.<\/p>\n\n\n\n<p>Qida S\u0259nayesi Kollecin\u0259 etdiyimiz z\u0259ngl\u0259r cavabland\u0131r\u0131lmay\u0131b.<\/p>\n\n\n\n<p>Elm v\u0259 Ali T\u0259hsil \u00fczr\u0259 D\u00f6vl\u0259t Agentliyind\u0259n is\u0259 bildirilib ki, m\u0259s\u0259l\u0259 ara\u015fd\u0131r\u0131lacaq.<\/p>\n","protected":false},"excerpt":{"rendered":"<p>Aynur\u0259 Muradova: &#8220;Sevinc H\u0259mz\u0259yeva \u0259vv\u0259lki direktorun adam\u0131d\u0131r, m\u0259niml\u0259 \u0259dav\u0259t apar\u0131rlar&#8221; &#8230; <\/p>\n<p class=\"read-more-container\"><a title=\"Kollecin h\u00fcquq\u015f\u00fcnas\u0131 yenid\u0259n i\u015fini itirm\u0259k t\u0259hl\u00fck\u0259si il\u0259 \u00fcz-\u00fcz\u0259 qald\u0131\u011f\u0131n\u0131 deyir\" class=\"read-more button\" href=\"https:\/\/www.meydan.tv\/az\/article\/kollecin-huquqsunasi-yeniden-isini-itirmek-tehlukesi-ile-uz-uze-qaldigini-deyir\/#more-317272\" aria-label=\"Read more about Kollecin h\u00fcquq\u015f\u00fcnas\u0131 yenid\u0259n i\u015fini itirm\u0259k t\u0259hl\u00fck\u0259si il\u0259 \u00fcz-\u00fcz\u0259 qald\u0131\u011f\u0131n\u0131 deyir\">Davam\u0131<\/a><\/p>\n","protected":false},"author":8,"featured_media":317269,"comment_status":"closed","ping_status":"closed","sticky":false,"template":"","format":"standard","meta":{"_acf_changed":false,"_sitemap_exclude":false,"_sitemap_priority":"","_sitemap_frequency":"","footnotes":""},"categories":[62,56],"tags":[],"class_list":["post-317272","post","type-post","status-publish","format-standard","has-post-thumbnail","hentry","category-sosial","category-xeberler","infinite-scroll-item","generate-columns","tablet-grid-50","mobile-grid-100","grid-parent","grid-33","no-featured-image-padding"],"acf":[],"yoast_head":"<!-- This site is optimized with the Yoast SEO plugin v27.4 - https:\/\/yoast.com\/product\/yoast-seo-wordpress\/ -->\n<title>Kollecin h\u00fcquq\u015f\u00fcnas\u0131 yenid\u0259n i\u015fini itirm\u0259k t\u0259hl\u00fck\u0259si il\u0259 \u00fcz-\u00fcz\u0259 qald\u0131\u011f\u0131n\u0131 deyir - MEYDAN.TV<\/title>\n<meta name=\"description\" content=\"Elm v\u0259 Ali T\u0259hsil \u00fczr\u0259 D\u00f6vl\u0259t Agentliyind\u0259n is\u0259 bildirilib ki, m\u0259s\u0259l\u0259 ara\u015fd\u0131r\u0131lacaq.\" \/>\n<meta name=\"robots\" content=\"index, follow, max-snippet:-1, max-image-preview:large, max-video-preview:-1\" \/>\n<link rel=\"canonical\" href=\"https:\/\/www.meydan.tv\/az\/article\/kollecin-huquqsunasi-yeniden-isini-itirmek-tehlukesi-ile-uz-uze-qaldigini-deyir\/\" \/>\n<meta property=\"og:locale\" content=\"az_AZ\" \/>\n<meta property=\"og:type\" content=\"article\" \/>\n<meta property=\"og:title\" content=\"Kollecin h\u00fcquq\u015f\u00fcnas\u0131 yenid\u0259n i\u015fini itirm\u0259k t\u0259hl\u00fck\u0259si il\u0259 \u00fcz-\u00fcz\u0259 qald\u0131\u011f\u0131n\u0131 deyir - MEYDAN.TV\" \/>\n<meta property=\"og:description\" content=\"Elm v\u0259 Ali T\u0259hsil \u00fczr\u0259 D\u00f6vl\u0259t Agentliyind\u0259n is\u0259 bildirilib ki, m\u0259s\u0259l\u0259 ara\u015fd\u0131r\u0131lacaq.\" \/>\n<meta property=\"og:url\" content=\"https:\/\/www.meydan.tv\/az\/article\/kollecin-huquqsunasi-yeniden-isini-itirmek-tehlukesi-ile-uz-uze-qaldigini-deyir\/\" \/>\n<meta property=\"og:site_name\" content=\"MEYDAN.TV\" \/>\n<meta property=\"article:published_time\" content=\"2024-10-08T13:46:59+00:00\" \/>\n<meta property=\"article:modified_time\" content=\"2024-10-08T19:23:57+00:00\" \/>\n<meta property=\"og:image\" content=\"https:\/\/www.meydan.tv\/wp-content\/uploads\/img-20241008-wa0057.jpg\" \/>\n\t<meta property=\"og:image:width\" content=\"1200\" \/>\n\t<meta property=\"og:image:height\" content=\"822\" \/>\n\t<meta property=\"og:image:type\" content=\"image\/jpeg\" \/>\n<meta name=\"author\" content=\"elli\" \/>\n<meta name=\"twitter:card\" content=\"summary_large_image\" \/>\n<meta name=\"twitter:creator\" content=\"@elli\" \/>\n<script type=\"application\/ld+json\" class=\"yoast-schema-graph\">{\"@context\":\"https:\\\/\\\/schema.org\",\"@graph\":[{\"@type\":\"Article\",\"@id\":\"https:\\\/\\\/www.meydan.tv\\\/az\\\/article\\\/kollecin-huquqsunasi-yeniden-isini-itirmek-tehlukesi-ile-uz-uze-qaldigini-deyir\\\/#article\",\"isPartOf\":{\"@id\":\"https:\\\/\\\/www.meydan.tv\\\/az\\\/article\\\/kollecin-huquqsunasi-yeniden-isini-itirmek-tehlukesi-ile-uz-uze-qaldigini-deyir\\\/\"},\"author\":{\"name\":\"elli\",\"@id\":\"https:\\\/\\\/www.meydan.tv\\\/az\\\/#\\\/schema\\\/person\\\/9cdbecf90d17180ce1dfbd95b08dcf47\"},\"headline\":\"Kollecin h\u00fcquq\u015f\u00fcnas\u0131 yenid\u0259n i\u015fini itirm\u0259k t\u0259hl\u00fck\u0259si il\u0259 \u00fcz-\u00fcz\u0259 qald\u0131\u011f\u0131n\u0131 deyir\",\"datePublished\":\"2024-10-08T13:46:59+00:00\",\"dateModified\":\"2024-10-08T19:23:57+00:00\",\"mainEntityOfPage\":{\"@id\":\"https:\\\/\\\/www.meydan.tv\\\/az\\\/article\\\/kollecin-huquqsunasi-yeniden-isini-itirmek-tehlukesi-ile-uz-uze-qaldigini-deyir\\\/\"},\"wordCount\":674,\"publisher\":{\"@id\":\"https:\\\/\\\/www.meydan.tv\\\/az\\\/#organization\"},\"image\":{\"@id\":\"https:\\\/\\\/www.meydan.tv\\\/az\\\/article\\\/kollecin-huquqsunasi-yeniden-isini-itirmek-tehlukesi-ile-uz-uze-qaldigini-deyir\\\/#primaryimage\"},\"thumbnailUrl\":\"https:\\\/\\\/www.meydan.tv\\\/wp-content\\\/uploads\\\/img-20241008-wa0057.jpg\",\"articleSection\":[\"Sosial\",\"X\u0259b\u0259rl\u0259r\"],\"inLanguage\":\"az\"},{\"@type\":\"WebPage\",\"@id\":\"https:\\\/\\\/www.meydan.tv\\\/az\\\/article\\\/kollecin-huquqsunasi-yeniden-isini-itirmek-tehlukesi-ile-uz-uze-qaldigini-deyir\\\/\",\"url\":\"https:\\\/\\\/www.meydan.tv\\\/az\\\/article\\\/kollecin-huquqsunasi-yeniden-isini-itirmek-tehlukesi-ile-uz-uze-qaldigini-deyir\\\/\",\"name\":\"Kollecin h\u00fcquq\u015f\u00fcnas\u0131 yenid\u0259n i\u015fini itirm\u0259k t\u0259hl\u00fck\u0259si il\u0259 \u00fcz-\u00fcz\u0259 qald\u0131\u011f\u0131n\u0131 deyir - MEYDAN.TV\",\"isPartOf\":{\"@id\":\"https:\\\/\\\/www.meydan.tv\\\/az\\\/#website\"},\"primaryImageOfPage\":{\"@id\":\"https:\\\/\\\/www.meydan.tv\\\/az\\\/article\\\/kollecin-huquqsunasi-yeniden-isini-itirmek-tehlukesi-ile-uz-uze-qaldigini-deyir\\\/#primaryimage\"},\"image\":{\"@id\":\"https:\\\/\\\/www.meydan.tv\\\/az\\\/article\\\/kollecin-huquqsunasi-yeniden-isini-itirmek-tehlukesi-ile-uz-uze-qaldigini-deyir\\\/#primaryimage\"},\"thumbnailUrl\":\"https:\\\/\\\/www.meydan.tv\\\/wp-content\\\/uploads\\\/img-20241008-wa0057.jpg\",\"datePublished\":\"2024-10-08T13:46:59+00:00\",\"dateModified\":\"2024-10-08T19:23:57+00:00\",\"description\":\"Elm v\u0259 Ali T\u0259hsil \u00fczr\u0259 D\u00f6vl\u0259t Agentliyind\u0259n is\u0259 bildirilib ki, m\u0259s\u0259l\u0259 ara\u015fd\u0131r\u0131lacaq.\",\"breadcrumb\":{\"@id\":\"https:\\\/\\\/www.meydan.tv\\\/az\\\/article\\\/kollecin-huquqsunasi-yeniden-isini-itirmek-tehlukesi-ile-uz-uze-qaldigini-deyir\\\/#breadcrumb\"},\"inLanguage\":\"az\",\"potentialAction\":[{\"@type\":\"ReadAction\",\"target\":[\"https:\\\/\\\/www.meydan.tv\\\/az\\\/article\\\/kollecin-huquqsunasi-yeniden-isini-itirmek-tehlukesi-ile-uz-uze-qaldigini-deyir\\\/\"]}]},{\"@type\":\"ImageObject\",\"inLanguage\":\"az\",\"@id\":\"https:\\\/\\\/www.meydan.tv\\\/az\\\/article\\\/kollecin-huquqsunasi-yeniden-isini-itirmek-tehlukesi-ile-uz-uze-qaldigini-deyir\\\/#primaryimage\",\"url\":\"https:\\\/\\\/www.meydan.tv\\\/wp-content\\\/uploads\\\/img-20241008-wa0057.jpg\",\"contentUrl\":\"https:\\\/\\\/www.meydan.tv\\\/wp-content\\\/uploads\\\/img-20241008-wa0057.jpg\",\"width\":1200,\"height\":822,\"caption\":\"Foto: Aynur\u0259 Muradovan\u0131n \u015f\u0259xsi arxivind\u0259n\"},{\"@type\":\"BreadcrumbList\",\"@id\":\"https:\\\/\\\/www.meydan.tv\\\/az\\\/article\\\/kollecin-huquqsunasi-yeniden-isini-itirmek-tehlukesi-ile-uz-uze-qaldigini-deyir\\\/#breadcrumb\",\"itemListElement\":[{\"@type\":\"ListItem\",\"position\":1,\"name\":\"Ana s\u0259hif\u0259\",\"item\":\"https:\\\/\\\/www.meydan.tv\\\/az\\\/\"},{\"@type\":\"ListItem\",\"position\":2,\"name\":\"Sosial\",\"item\":\"https:\\\/\\\/www.meydan.tv\\\/az\\\/section\\\/sosial\\\/\"},{\"@type\":\"ListItem\",\"position\":3,\"name\":\"Kollecin h\u00fcquq\u015f\u00fcnas\u0131 yenid\u0259n i\u015fini itirm\u0259k t\u0259hl\u00fck\u0259si il\u0259 \u00fcz-\u00fcz\u0259 qald\u0131\u011f\u0131n\u0131 deyir\"}]},{\"@type\":\"WebSite\",\"@id\":\"https:\\\/\\\/www.meydan.tv\\\/az\\\/#website\",\"url\":\"https:\\\/\\\/www.meydan.tv\\\/az\\\/\",\"name\":\"MEYDAN.TV\",\"description\":\"Meydan TV Az\u0259rbaycan\u0131n media m\u0259kan\u0131ndak\u0131 alternativ s\u0259sidir\",\"publisher\":{\"@id\":\"https:\\\/\\\/www.meydan.tv\\\/az\\\/#organization\"},\"potentialAction\":[{\"@type\":\"SearchAction\",\"target\":{\"@type\":\"EntryPoint\",\"urlTemplate\":\"https:\\\/\\\/www.meydan.tv\\\/az\\\/?s={search_term_string}\"},\"query-input\":{\"@type\":\"PropertyValueSpecification\",\"valueRequired\":true,\"valueName\":\"search_term_string\"}}],\"inLanguage\":\"az\"},{\"@type\":\"Organization\",\"@id\":\"https:\\\/\\\/www.meydan.tv\\\/az\\\/#organization\",\"name\":\"Meydan TV\",\"url\":\"https:\\\/\\\/www.meydan.tv\\\/az\\\/\",\"logo\":{\"@type\":\"ImageObject\",\"inLanguage\":\"az\",\"@id\":\"https:\\\/\\\/www.meydan.tv\\\/az\\\/#\\\/schema\\\/logo\\\/image\\\/\",\"url\":\"https:\\\/\\\/www.meydan.tv\\\/wp-content\\\/uploads\\\/2021\\\/07\\\/meydan-logo.svg\",\"contentUrl\":\"https:\\\/\\\/www.meydan.tv\\\/wp-content\\\/uploads\\\/2021\\\/07\\\/meydan-logo.svg\",\"width\":195,\"height\":46,\"caption\":\"Meydan TV\"},\"image\":{\"@id\":\"https:\\\/\\\/www.meydan.tv\\\/az\\\/#\\\/schema\\\/logo\\\/image\\\/\"}},{\"@type\":\"Person\",\"@id\":\"https:\\\/\\\/www.meydan.tv\\\/az\\\/#\\\/schema\\\/person\\\/9cdbecf90d17180ce1dfbd95b08dcf47\",\"name\":\"elli\",\"sameAs\":[\"https:\\\/\\\/x.com\\\/elli\"]}]}<\/script>\n<!-- \/ Yoast SEO plugin. -->","yoast_head_json":{"title":"Kollecin h\u00fcquq\u015f\u00fcnas\u0131 yenid\u0259n i\u015fini itirm\u0259k t\u0259hl\u00fck\u0259si il\u0259 \u00fcz-\u00fcz\u0259 qald\u0131\u011f\u0131n\u0131 deyir - MEYDAN.TV","description":"Elm v\u0259 Ali T\u0259hsil \u00fczr\u0259 D\u00f6vl\u0259t Agentliyind\u0259n is\u0259 bildirilib ki, m\u0259s\u0259l\u0259 ara\u015fd\u0131r\u0131lacaq.","robots":{"index":"index","follow":"follow","max-snippet":"max-snippet:-1","max-image-preview":"max-image-preview:large","max-video-preview":"max-video-preview:-1"},"canonical":"https:\/\/www.meydan.tv\/az\/article\/kollecin-huquqsunasi-yeniden-isini-itirmek-tehlukesi-ile-uz-uze-qaldigini-deyir\/","og_locale":"az_AZ","og_type":"article","og_title":"Kollecin h\u00fcquq\u015f\u00fcnas\u0131 yenid\u0259n i\u015fini itirm\u0259k t\u0259hl\u00fck\u0259si il\u0259 \u00fcz-\u00fcz\u0259 qald\u0131\u011f\u0131n\u0131 deyir - MEYDAN.TV","og_description":"Elm v\u0259 Ali T\u0259hsil \u00fczr\u0259 D\u00f6vl\u0259t Agentliyind\u0259n is\u0259 bildirilib ki, m\u0259s\u0259l\u0259 ara\u015fd\u0131r\u0131lacaq.","og_url":"https:\/\/www.meydan.tv\/az\/article\/kollecin-huquqsunasi-yeniden-isini-itirmek-tehlukesi-ile-uz-uze-qaldigini-deyir\/","og_site_name":"MEYDAN.TV","article_published_time":"2024-10-08T13:46:59+00:00","article_modified_time":"2024-10-08T19:23:57+00:00","og_image":[{"width":1200,"height":822,"url":"https:\/\/www.meydan.tv\/wp-content\/uploads\/img-20241008-wa0057.jpg","type":"image\/jpeg"}],"author":"elli","twitter_card":"summary_large_image","twitter_creator":"@elli","schema":{"@context":"https:\/\/schema.org","@graph":[{"@type":"Article","@id":"https:\/\/www.meydan.tv\/az\/article\/kollecin-huquqsunasi-yeniden-isini-itirmek-tehlukesi-ile-uz-uze-qaldigini-deyir\/#article","isPartOf":{"@id":"https:\/\/www.meydan.tv\/az\/article\/kollecin-huquqsunasi-yeniden-isini-itirmek-tehlukesi-ile-uz-uze-qaldigini-deyir\/"},"author":{"name":"elli","@id":"https:\/\/www.meydan.tv\/az\/#\/schema\/person\/9cdbecf90d17180ce1dfbd95b08dcf47"},"headline":"Kollecin h\u00fcquq\u015f\u00fcnas\u0131 yenid\u0259n i\u015fini itirm\u0259k t\u0259hl\u00fck\u0259si il\u0259 \u00fcz-\u00fcz\u0259 qald\u0131\u011f\u0131n\u0131 deyir","datePublished":"2024-10-08T13:46:59+00:00","dateModified":"2024-10-08T19:23:57+00:00","mainEntityOfPage":{"@id":"https:\/\/www.meydan.tv\/az\/article\/kollecin-huquqsunasi-yeniden-isini-itirmek-tehlukesi-ile-uz-uze-qaldigini-deyir\/"},"wordCount":674,"publisher":{"@id":"https:\/\/www.meydan.tv\/az\/#organization"},"image":{"@id":"https:\/\/www.meydan.tv\/az\/article\/kollecin-huquqsunasi-yeniden-isini-itirmek-tehlukesi-ile-uz-uze-qaldigini-deyir\/#primaryimage"},"thumbnailUrl":"https:\/\/www.meydan.tv\/wp-content\/uploads\/img-20241008-wa0057.jpg","articleSection":["Sosial","X\u0259b\u0259rl\u0259r"],"inLanguage":"az"},{"@type":"WebPage","@id":"https:\/\/www.meydan.tv\/az\/article\/kollecin-huquqsunasi-yeniden-isini-itirmek-tehlukesi-ile-uz-uze-qaldigini-deyir\/","url":"https:\/\/www.meydan.tv\/az\/article\/kollecin-huquqsunasi-yeniden-isini-itirmek-tehlukesi-ile-uz-uze-qaldigini-deyir\/","name":"Kollecin h\u00fcquq\u015f\u00fcnas\u0131 yenid\u0259n i\u015fini itirm\u0259k t\u0259hl\u00fck\u0259si il\u0259 \u00fcz-\u00fcz\u0259 qald\u0131\u011f\u0131n\u0131 deyir - MEYDAN.TV","isPartOf":{"@id":"https:\/\/www.meydan.tv\/az\/#website"},"primaryImageOfPage":{"@id":"https:\/\/www.meydan.tv\/az\/article\/kollecin-huquqsunasi-yeniden-isini-itirmek-tehlukesi-ile-uz-uze-qaldigini-deyir\/#primaryimage"},"image":{"@id":"https:\/\/www.meydan.tv\/az\/article\/kollecin-huquqsunasi-yeniden-isini-itirmek-tehlukesi-ile-uz-uze-qaldigini-deyir\/#primaryimage"},"thumbnailUrl":"https:\/\/www.meydan.tv\/wp-content\/uploads\/img-20241008-wa0057.jpg","datePublished":"2024-10-08T13:46:59+00:00","dateModified":"2024-10-08T19:23:57+00:00","description":"Elm v\u0259 Ali T\u0259hsil \u00fczr\u0259 D\u00f6vl\u0259t Agentliyind\u0259n is\u0259 bildirilib ki, m\u0259s\u0259l\u0259 ara\u015fd\u0131r\u0131lacaq.","breadcrumb":{"@id":"https:\/\/www.meydan.tv\/az\/article\/kollecin-huquqsunasi-yeniden-isini-itirmek-tehlukesi-ile-uz-uze-qaldigini-deyir\/#breadcrumb"},"inLanguage":"az","potentialAction":[{"@type":"ReadAction","target":["https:\/\/www.meydan.tv\/az\/article\/kollecin-huquqsunasi-yeniden-isini-itirmek-tehlukesi-ile-uz-uze-qaldigini-deyir\/"]}]},{"@type":"ImageObject","inLanguage":"az","@id":"https:\/\/www.meydan.tv\/az\/article\/kollecin-huquqsunasi-yeniden-isini-itirmek-tehlukesi-ile-uz-uze-qaldigini-deyir\/#primaryimage","url":"https:\/\/www.meydan.tv\/wp-content\/uploads\/img-20241008-wa0057.jpg","contentUrl":"https:\/\/www.meydan.tv\/wp-content\/uploads\/img-20241008-wa0057.jpg","width":1200,"height":822,"caption":"Foto: Aynur\u0259 Muradovan\u0131n \u015f\u0259xsi arxivind\u0259n"},{"@type":"BreadcrumbList","@id":"https:\/\/www.meydan.tv\/az\/article\/kollecin-huquqsunasi-yeniden-isini-itirmek-tehlukesi-ile-uz-uze-qaldigini-deyir\/#breadcrumb","itemListElement":[{"@type":"ListItem","position":1,"name":"Ana s\u0259hif\u0259","item":"https:\/\/www.meydan.tv\/az\/"},{"@type":"ListItem","position":2,"name":"Sosial","item":"https:\/\/www.meydan.tv\/az\/section\/sosial\/"},{"@type":"ListItem","position":3,"name":"Kollecin h\u00fcquq\u015f\u00fcnas\u0131 yenid\u0259n i\u015fini itirm\u0259k t\u0259hl\u00fck\u0259si il\u0259 \u00fcz-\u00fcz\u0259 qald\u0131\u011f\u0131n\u0131 deyir"}]},{"@type":"WebSite","@id":"https:\/\/www.meydan.tv\/az\/#website","url":"https:\/\/www.meydan.tv\/az\/","name":"MEYDAN.TV","description":"Meydan TV Az\u0259rbaycan\u0131n media m\u0259kan\u0131ndak\u0131 alternativ s\u0259sidir","publisher":{"@id":"https:\/\/www.meydan.tv\/az\/#organization"},"potentialAction":[{"@type":"SearchAction","target":{"@type":"EntryPoint","urlTemplate":"https:\/\/www.meydan.tv\/az\/?s={search_term_string}"},"query-input":{"@type":"PropertyValueSpecification","valueRequired":true,"valueName":"search_term_string"}}],"inLanguage":"az"},{"@type":"Organization","@id":"https:\/\/www.meydan.tv\/az\/#organization","name":"Meydan TV","url":"https:\/\/www.meydan.tv\/az\/","logo":{"@type":"ImageObject","inLanguage":"az","@id":"https:\/\/www.meydan.tv\/az\/#\/schema\/logo\/image\/","url":"https:\/\/www.meydan.tv\/wp-content\/uploads\/2021\/07\/meydan-logo.svg","contentUrl":"https:\/\/www.meydan.tv\/wp-content\/uploads\/2021\/07\/meydan-logo.svg","width":195,"height":46,"caption":"Meydan TV"},"image":{"@id":"https:\/\/www.meydan.tv\/az\/#\/schema\/logo\/image\/"}},{"@type":"Person","@id":"https:\/\/www.meydan.tv\/az\/#\/schema\/person\/9cdbecf90d17180ce1dfbd95b08dcf47","name":"elli","sameAs":["https:\/\/x.com\/elli"]}]}},"_links":{"self":[{"href":"https:\/\/www.meydan.tv\/az\/wp-json\/wp\/v2\/posts\/317272","targetHints":{"allow":["GET"]}}],"collection":[{"href":"https:\/\/www.meydan.tv\/az\/wp-json\/wp\/v2\/posts"}],"about":[{"href":"https:\/\/www.meydan.tv\/az\/wp-json\/wp\/v2\/types\/post"}],"author":[{"embeddable":true,"href":"https:\/\/www.meydan.tv\/az\/wp-json\/wp\/v2\/users\/8"}],"replies":[{"embeddable":true,"href":"https:\/\/www.meydan.tv\/az\/wp-json\/wp\/v2\/comments?post=317272"}],"version-history":[{"count":4,"href":"https:\/\/www.meydan.tv\/az\/wp-json\/wp\/v2\/posts\/317272\/revisions"}],"predecessor-version":[{"id":317293,"href":"https:\/\/www.meydan.tv\/az\/wp-json\/wp\/v2\/posts\/317272\/revisions\/317293"}],"wp:featuredmedia":[{"embeddable":true,"href":"https:\/\/www.meydan.tv\/az\/wp-json\/wp\/v2\/media\/317269"}],"wp:attachment":[{"href":"https:\/\/www.meydan.tv\/az\/wp-json\/wp\/v2\/media?parent=317272"}],"wp:term":[{"taxonomy":"category","embeddable":true,"href":"https:\/\/www.meydan.tv\/az\/wp-json\/wp\/v2\/categories?post=317272"},{"taxonomy":"post_tag","embeddable":true,"href":"https:\/\/www.meydan.tv\/az\/wp-json\/wp\/v2\/tags?post=317272"}],"curies":[{"name":"wp","href":"https:\/\/api.w.org\/{rel}","templated":true}]}}