{"id":317241,"date":"2024-10-08T13:43:43","date_gmt":"2024-10-08T09:43:43","guid":{"rendered":"https:\/\/www.meydan.tv\/?p=317241"},"modified":"2024-10-08T13:43:46","modified_gmt":"2024-10-08T09:43:46","slug":"azerbaycan-hakimiyyeti-cop29-dan-sonra-tenqidcilerinden-qisas-ala-biler","status":"publish","type":"post","link":"https:\/\/www.meydan.tv\/az\/article\/azerbaycan-hakimiyyeti-cop29-dan-sonra-tenqidcilerinden-qisas-ala-biler\/","title":{"rendered":"&#8220;Az\u0259rbaycan hakimiyy\u0259ti COP29-dan sonra t\u0259nqid\u00e7il\u0259rind\u0259n qisas ala bil\u0259r&#8221;"},"content":{"rendered":"\n<p><\/p>\n\n\n\n<p><strong><em>\u0130ki t\u0259\u015fkilat 74 s\u0259hif\u0259lik hesabat yay\u0131b v\u0259 COP29-da i\u015ftirak ed\u0259n \u00f6lk\u0259l\u0259r\u0259 \u00e7a\u011f\u0131r\u0131\u015f edib<\/em><\/strong><\/p>\n\n\n\n<p>Beyn\u0259lxalq t\u0259\u015fkilatlar yenid\u0259n Az\u0259rbaycana \u00e7a\u011f\u0131r\u0131\u015f ed\u0259r\u0259k siyasi motivl\u0259rl\u0259 h\u0259bs edil\u0259n m\u0259hbuslar\u0131 d\u0259rhal azadl\u0131\u011fa buraxma\u011fa \u00e7a\u011f\u0131r\u0131blar.<\/p>\n\n\n\n<p>Onlar hesab edirl\u0259r ki, Az\u0259rbaycanda h\u00f6kum\u0259tin t\u0259nqid\u00e7il\u0259rin\u0259, m\u00fcst\u0259qil qruplara v\u0259 mediaya qar\u015f\u0131 kinli h\u00fccumu davam edir.<\/p>\n\n\n\n<p>Bu bar\u0259d\u0259 &#8220;Human Rights Watch&#8221; v\u0259 &#8220;Freedom Now&#8221; insan haqlar\u0131 t\u0259\u015fkilatlar\u0131n\u0131n oktyabr\u0131n 8-d\u0259 a\u00e7\u0131qlad\u0131qlar\u0131 birg\u0259 hesabatda bildirilir.<\/p>\n\n\n\n<p>\u0130nsan h\u00fcquqlar\u0131 t\u0259\u015fkilatlar\u0131 h\u00fccumun noyabr\u0131n 11-d\u0259 ba\u015flanacaq COP29 iqlim konfrans\u0131 \u00f6nc\u0259si daha da intensivl\u0259\u015fdiyinu vur\u011fulayblar.<\/p>\n\n\n\n<p>74 s\u0259hif\u0259lik hesabatda h\u00f6kum\u0259tin v\u0259t\u0259nda\u015f c\u0259miyy\u0259tini da\u011f\u0131tmaq v\u0259 t\u0259nqid\u00e7il\u0259ri susdurma\u011fa y\u00f6n\u0259lik s\u0259yl\u0259ri s\u0259n\u0259dl\u0259\u015fdirilib.<\/p>\n\n\n\n<p><em>&#8220;Hakimiyy\u0259t onlarla \u015f\u0259xsi siyasi motivli, saxta ittihamlarla h\u0259bs\u0259 at\u0131b. Repressiv qanunlar m\u00fcst\u0259qil qruplar\u0131 v\u0259 median\u0131 s\u0131x\u0131\u015fd\u0131r\u0131b, onlar\u0131 cinay\u0259t t\u0259qibi qar\u015f\u0131s\u0131nda z\u0259if duruma sal\u0131b&#8221;<\/em>, &#8211; dey\u0259 hesabatda qeyd olunub.<\/p>\n\n\n\n<p><strong>&#8220;Az\u0259rbaycan hakimiyy\u0259ti t\u0259zyiql\u0259ri d\u0259rhal dayand\u0131rmal\u0131d\u0131r&#8221;<\/strong><\/p>\n\n\n\n<p>Hesabatda cinay\u0259t t\u0259qibi, saxlama v\u0259 q\u0131snama il\u0259 ba\u011fl\u0131 33 i\u015f s\u0259n\u0259dl\u0259\u015fdirilib:<\/p>\n\n\n\n<p><em>&#8220;Az\u0259rbaycan hakimiyy\u0259ti QHT-l\u0259ri t\u0259nziml\u0259y\u0259n qanunlardan b\u0259zi qruplar\u0131n qeydiyyat\u0131 v\u0259 maliyy\u0259l\u0259\u015fdirilm\u0259sind\u0259n imtina \u00fc\u00e7\u00fcn m\u0259qs\u0259dli istifad\u0259 edib, bu qruplara ba\u011fl\u0131 \u015f\u0259xsl\u0259r cinay\u0259t ittihamlar\u0131na m\u0259ruz qal\u0131b&#8221;.<\/em><\/p>\n\n\n\n<p>&#8220;Human Rights Watch&#8221;-un Avropa v\u0259 Orta Asiya \u00fczr\u0259 direktor m\u00fcavini Qiorqi Qoqia deyib ki, Az\u0259rbaycan hakimiyy\u0259ti t\u0259zyiql\u0259ri d\u0259rhal dayand\u0131rmal\u0131d\u0131r:<\/p>\n\n\n\n<p><em>&#8220;Az\u0259rbaycan h\u00f6kum\u0259tinin m\u00fclki azadl\u0131qlara h\u0259qar\u0259ti m\u00fcst\u0259qil qruplar\u0131 v\u0259 t\u0259nqid\u00e7i median\u0131 yoxolma c\u0131\u011f\u0131r\u0131na y\u00f6n\u0259ldir. H\u00f6kum\u0259t COP29 \u00f6nc\u0259si \u00f6z\u00fcn\u0259 bel\u0259 bir imic c\u0131zmamal\u0131d\u0131r. H\u0259l\u0259 gec deyil, h\u00f6kum\u0259t h\u0259bsd\u0259 olan t\u0259nqid\u00e7il\u0259ri azad etm\u0259kl\u0259, v\u0259t\u0259nda\u015f c\u0259miyy\u0259tin\u0259 qar\u015f\u0131 saxta ittihamlardan istifad\u0259ni d\u0259rhal dayand\u0131rmaqla n\u00fcfuzunu yax\u015f\u0131la\u015fd\u0131ra bil\u0259r. Ancaq el\u0259 indi h\u0259r\u0259k\u0259t\u0259 ke\u00e7m\u0259lidir&#8221;<\/em>.<\/p>\n\n\n\n<p>&#8220;Human Rights Watch&#8221; v\u0259 &#8220;Freedom Now&#8221; 40-dan \u00e7ox az\u0259rbaycanl\u0131 v\u0259kil, saxlananlar\u0131n qohumlar\u0131, QHT t\u0259msil\u00e7il\u0259rinin r\u0259yini al\u0131b.<\/p>\n\n\n\n<p>Onlar Az\u0259rbaycanda QHT-l\u0259rin f\u0259aliyy\u0259tini t\u0259nziml\u0259y\u0259n qaydalar\u0131, spesifik cinay\u0259t i\u015fl\u0259rin\u0259 aid h\u00fcquqi s\u0259n\u0259dl\u0259ri, Avropa \u0130nsan H\u00fcquqlar\u0131 M\u0259hk\u0259m\u0259sinin q\u0259rarlar\u0131n\u0131, dig\u0259r s\u0259n\u0259dl\u0259ri n\u0259z\u0259rd\u0259n ke\u00e7iribl\u0259r.<\/p>\n\n\n\n<p>Hesabatda deyilir ki, Az\u0259rbaycan hakimiyy\u0259ti &#8220;AbzasMedia&#8221; v\u0259 &#8220;Toplum TV&#8221; daxil olmaqla \u00fc\u00e7 m\u00fcst\u0259qil onlayn x\u0259b\u0259r platformas\u0131n\u0131 h\u0259d\u0259f\u0259 al\u0131b.<\/p>\n\n\n\n<p>&#8220;AbzasMedia&#8221; v\u0259 &#8220;Toplum TV&#8221;-nin ofisl\u0259rind\u0259 axtar\u0131\u015f apar\u0131l\u0131b, ofisl\u0259ri m\u00f6h\u00fcrl\u0259nib. Bu platformalardan az\u0131 12 media i\u015f\u00e7isi v\u0259 dig\u0259r \u0259laq\u0259li \u015f\u0259xsl\u0259r h\u0259bs olunub.<\/p>\n\n\n\n<p>&nbsp;Bir s\u0131ra qeydiyyat\u0131 olmayan qruplar, i\u015f\u00e7i h\u00fcquqlar\u0131 f\u0259allar\u0131, h\u00f6kum\u0259tin siyas\u0259tini t\u0259nqid ed\u0259n dig\u0259rl\u0259ri d\u0259 h\u0259bs\u0259 at\u0131l\u0131b.<\/p>\n\n\n\n<p>S\u0259n\u0259dd\u0259 bildirilir ki, b\u0259zi qruplar v\u0259 media orqanlar\u0131 ba\u011flansa da, dig\u0259rl\u0259ri b\u00f6y\u00fck \u015f\u0259xsi risk hesab\u0131na legitim f\u0259aliyy\u0259ti davam etdirirl\u0259r.<\/p>\n\n\n\n<p>Hesabatda s\u0259n\u0259dl\u0259\u015fdiril\u0259n 33 i\u015fd\u0259n 22-sind\u0259 f\u0259rdl\u0259r \u00f6lk\u0259y\u0259 qa\u00e7aqmal\u00e7\u0131l\u0131q yolu il\u0259 pul g\u0259tirm\u0259kd\u0259 ittiham olunurlar.<\/p>\n\n\n\n<p>Saxlan\u0131lanlar\u0131n b\u0259zil\u0259rin\u0259 qar\u015f\u0131 qanunsuz sahibkarl\u0131q, s\u0259n\u0259d saxtala\u015fd\u0131r\u0131lmas\u0131, vergid\u0259n yay\u0131nma ittihamlar\u0131 ir\u0259li s\u00fcr\u00fcl\u00fcb:<\/p>\n\n\n\n<p><em>&#8220;H\u00f6kum\u0259t m\u00fcst\u0259qil qruplar\u0131n m\u00fcdaxil\u0259siz legitim f\u0259aliyy\u0259t g\u00f6st\u0259r\u0259 bilm\u0259sini d\u0259rhal t\u0259min etm\u0259li, m\u00fcst\u0259qil qruplar v\u0259 median\u0131n i\u015fini t\u0259nziml\u0259y\u0259n repressiv qanunlar\u0131 l\u0259\u011fv etm\u0259lidir. H\u00f6kum\u0259t h\u0259m\u00e7inin siyasi motivli ittihamlarla h\u0259bsd\u0259 olanlar\u0131 d\u0259rhal v\u0259 qeyd-\u015f\u0259rtsiz azad etm\u0259lidir. H\u0259m\u00e7inin COP29 \u00f6nc\u0259si BMT-nin \u0130qlim D\u0259yi\u015fikliyi \u00fczr\u0259 \u00c7\u0259r\u00e7iv\u0259 Konvensiyas\u0131 (UNFCCC) Az\u0259rbaycan hakimiyy\u0259tin\u0259 anlatmal\u0131d\u0131r ki, ambisiyal\u0131 iqlim f\u0259aliyy\u0259tini ger\u00e7\u0259kl\u0259\u015fdirm\u0259k \u00fc\u00e7\u00fcn \u00e7i\u00e7\u0259kl\u0259n\u0259n v\u0259 m\u00fcst\u0259qil v\u0259t\u0259nda\u015f c\u0259miyy\u0259ti vacibdir&#8221;<\/em>.<\/p>\n\n\n\n<p><strong><em>&#8220;Az\u0259rbaycan hakimiyy\u0259ti y\u00fczl\u0259rl\u0259 insan\u0131 siyasi ittihamlarla h\u0259bs\u0259 at\u0131b&#8221;<\/em><\/strong><\/p>\n\n\n\n<p>&nbsp;&#8220;Amnesty International&#8221; insan haqlar\u0131 t\u0259\u015fkilat\u0131 da oktyabr\u0131n 8-d\u0259 b\u0259yanatla \u00e7\u0131x\u0131\u015f edib.<\/p>\n\n\n\n<p>T\u0259\u015fkilat bildirib ki, g\u0259l\u0259n ay Bak\u0131da ke\u00e7iril\u0259c\u0259k COP29 iqlim sammiti \u00f6nc\u0259si \u00f6lk\u0259l\u0259r Az\u0259rbaycan hakimiyy\u0259tin\u0259 v\u0259t\u0259nda\u015f c\u0259miyy\u0259tin\u0259 t\u0259zyiql\u0259ri dayand\u0131rmas\u0131, ifad\u0259 azadl\u0131\u011f\u0131na g\u00f6r\u0259 saxlan\u0131lanlar\u0131 buraxmas\u0131 \u00fc\u00e7\u00fcn t\u0259zyiq etm\u0259lidir.<\/p>\n\n\n<div class=\"wp-block-image\">\n<figure class=\"alignleft size-large is-resized\"><img decoding=\"async\" width=\"1026\" height=\"821\" data-src=\"https:\/\/www.meydan.tv\/wp-content\/uploads\/shutterstock_1170052747-1026x821.jpg\" alt=\"\" class=\"wp-image-229428 lazyload\" style=\"--smush-placeholder-width: 1026px; --smush-placeholder-aspect-ratio: 1026\/821;width:444px;height:auto\" src=\"data:image\/svg+xml;base64,PHN2ZyB3aWR0aD0iMSIgaGVpZ2h0PSIxIiB4bWxucz0iaHR0cDovL3d3dy53My5vcmcvMjAwMC9zdmciPjwvc3ZnPg==\" \/><figcaption class=\"wp-element-caption\">Foto: By Casimiro PT\/Shutterstock<\/figcaption><\/figure>\n<\/div>\n\n\n<p>T\u0259\u015fkilat\u0131n ba\u015f katibi Anyes Kallamar deyib ki, onlar qanunsuz h\u0259bsd\u0259 saxlan\u0131l\u0131r, uy\u011fun proseduralar pozulur, \u0259dal\u0259tli m\u0259hk\u0259m\u0259y\u0259 is\u0259 z\u0259man\u0259t yoxdur:<\/p>\n\n\n\n<p><em>&#8220;Az\u0259rbaycan hakimiyy\u0259ti iqlim \u0259dal\u0259ti \u00fczr\u0259 beyn\u0259lxalq konfransa ev sahibliyi etdiyi bir vaxtda iqlim f\u0259all\u0131\u011f\u0131n\u0131n \u0259sas s\u00fctunlar\u0131ndan birin\u0259 f\u0259al z\u0259rb\u0259 vurmaqdad\u0131r \u2013 t\u0259nqidi ifad\u0259nin v\u0259 etirazlar\u0131n b\u00fct\u00fcn formalar\u0131n\u0131 s\u0131x\u0131\u015fd\u0131r\u0131r, yerli v\u0259t\u0259nda\u015f c\u0259miyy\u0259tini s\u0131radan \u00e7\u0131xar\u0131r. Az\u0259rbaycan hakimiyy\u0259ti y\u00fczl\u0259rl\u0259 insan\u0131 dan\u0131\u015fma\u011fa c\u0259sar\u0259t etdiyin\u0259 g\u00f6r\u0259 siyasi ittihamlarla h\u0259bs\u0259 at\u0131b. Bu siyah\u0131ya h\u00f6kum\u0259ti t\u0259nqid ed\u0259n jurnalistl\u0259r, f\u0259allar v\u0259 insan haqlar\u0131 m\u00fcdafi\u0259\u00e7il\u0259ri daxildir. Onlar qanunsuz olaraq h\u0259bsd\u0259 saxlan\u0131l\u0131r, uy\u011fun prosedurlar pozulur, \u0259dal\u0259tli m\u0259hk\u0259m\u0259y\u0259 z\u0259man\u0259t yoxdur&#8221;.<\/em><\/p>\n\n\n\n<p>T\u0259\u015fkilat COP29-dan sonra ba\u015f ver\u0259 bil\u0259c\u0259k hadis\u0259l\u0259rd\u0259n d\u0259 narahatd\u0131r.<\/p>\n\n\n\n<p>Hesab edir ki, COP29 \u00f6nc\u0259si, yaxud ke\u00e7irildiyi m\u00fcdd\u0259td\u0259 naraz\u0131l\u0131\u011f\u0131n\u0131 ifad\u0259 ed\u0259n t\u0259nqid\u00e7il\u0259r \u00f6z\u0259llikl\u0259 konfransdan sonra, \u00f6lk\u0259 art\u0131q diqq\u0259t m\u0259rk\u0259zind\u0259 olmayanda a\u011f\u0131r qisasla \u00fczl\u0259\u015f\u0259 bil\u0259rl\u0259r.<\/p>\n\n\n\n<p>Qurum COP29-a qat\u0131lan n\u00fcmay\u0259nd\u0259 hey\u0259tl\u0259rini Az\u0259rbaycan h\u00f6kum\u0259tin\u0259 v\u0259t\u0259nda\u015f c\u0259miyy\u0259tin\u0259 t\u0259zyiql\u0259ri dayand\u0131rmas\u0131, ifad\u0259, birl\u0259\u015fm\u0259 v\u0259 dinc topla\u015fma azadl\u0131qlar\u0131n\u0131 t\u0259min etm\u0259si \u00fc\u00e7\u00fcn t\u0259sir g\u00f6st\u0259rm\u0259y\u0259 \u00e7a\u011f\u0131r\u0131r.<\/p>\n\n\n\n<p>&#8220;Amnesty International&#8221; Az\u0259rbaycan hakimiyy\u0259tinin COP29 \u00f6nc\u0259si, t\u0259dbir ke\u00e7iril\u0259n vaxt v\u0259 sonra \u0259traf m\u00fchit f\u0259allar\u0131 v\u0259 insan haqlar\u0131 m\u00fcdafi\u0259\u00e7il\u0259ri il\u0259 r\u0259ftar\u0131n\u0131 izl\u0259y\u0259c\u0259yini bildirir.<\/p>\n\n\n\n<p><strong>Az\u0259rbaycandan \u00e7a\u011f\u0131r\u0131\u015flara reaksiya<\/strong><\/p>\n\n\n\n<p>Az\u0259rbaycan hakimiyy\u0259ti \u00f6lk\u0259d\u0259 insan h\u00fcquqlar\u0131n\u0131n durumunun pisl\u0259\u015fm\u0259si il\u0259 ba\u011fl\u0131 t\u0259nqidl\u0259ri q\u0259bul etmir. Eyni zamanda, beyn\u0259lxalq t\u0259\u015fkilatlar\u0131 q\u0259r\u0259zli v\u0259 ikili yana\u015fmada g\u00fcnahland\u0131r\u0131r.<\/p>\n\n\n\n<p>Oktyabr\u0131n 3-d\u0259 AB\u015e-nin 60-d\u0259k konqresmeni D\u00f6vl\u0259t katibi Entoni Blinken\u0259 m\u00fcraci\u0259t edib.<\/p>\n\n\n\n<p>Onlar AB\u015e-ni g\u0259l\u0259n ay Bak\u0131da ke\u00e7iril\u0259c\u0259k COP29 iqlim konfrans\u0131 \u0259r\u0259f\u0259sind\u0259 insan haqlar\u0131n\u0131n m\u00fcdafi\u0259si v\u0259 b\u00fct\u00fcn siyasi m\u0259hbuslar\u0131n azad edilm\u0259si \u00fc\u00e7\u00fcn Az\u0259rbaycan Prezidenti \u0130lham \u018fliyev\u0259 t\u0259zyiq g\u00f6st\u0259rm\u0259y\u0259 \u00e7a\u011f\u0131r\u0131blar.<\/p>\n\n\n\n<p>Bildirilir ki, 10-u senator, 48-i N\u00fcmay\u0259nd\u0259l\u0259r Palatas\u0131 \u00fczv\u00fc olmaqla qrup Blinkend\u0259n Az\u0259rbaycandak\u0131 b\u00fct\u00fcn siyasi m\u0259hbuslar\u0131n azad edilm\u0259si m\u0259qs\u0259dil\u0259 t\u0259dbirl\u0259r g\u00f6rm\u0259yi, h\u0259m\u00e7inin Erm\u0259nistana qar\u015f\u0131 t\u0259xribat xarakterli b\u0259yanatlar\u0131n verilm\u0259sinin dayand\u0131r\u0131lmas\u0131n\u0131 ist\u0259yibl\u0259r.<\/p>\n\n\n\n<p>Az\u0259rbaycan Prezidenti \u0130lham \u018fliyev is\u0259 oktyabr\u0131n 4-d\u0259 C\u0259bray\u0131l rayonuna s\u0259f\u0259ri zaman\u0131 sakinl\u0259rl\u0259 g\u00f6r\u00fc\u015f\u00fcnd\u0259 bu m\u00fcraci\u0259ti &#8220;\u00e7irkin&#8221; adland\u0131r\u0131b.<\/p>\n\n\n\n<p>O deyib ki, bel\u0259 b\u0259yanatlar Az\u0259rbaycan hakimiyy\u0259tinin irad\u0259sin\u0259 t\u0259sir g\u00f6st\u0259rm\u0259y\u0259c\u0259k.<\/p>\n\n\n\n<p>\u018fliyev b\u0259yanata g\u00f6r\u0259 h\u0259m\u00e7inin AB\u015e D\u00f6vl\u0259t katibi Entoni Blinkeni v\u0259 D\u00f6vl\u0259t Departamentini ittiham edib.<\/p>\n\n\n\n<p>Bu \u00e7\u0131x\u0131\u015fdan sonra Az\u0259rbaycan parlamentinin 43 deputat\u0131 xarici i\u015fl\u0259r naziri Ceyhun Bayramova m\u00fcraci\u0259t edib.<\/p>\n\n\n\n<p>Onlar AB\u015e il\u0259 m\u00fcnasib\u0259tl\u0259r\u0259 yenid\u0259n baxma\u011fa, m\u00fcdafi\u0259 sah\u0259sind\u0259 iki sazi\u015f\u0259 xitam verm\u0259y\u0259 \u00e7a\u011f\u0131r\u0131blar.<\/p>\n","protected":false},"excerpt":{"rendered":"<p>\u0130ki t\u0259\u015fkilat 74 s\u0259hif\u0259lik hesabat yay\u0131b v\u0259 COP29-da i\u015ftirak ed\u0259n &#8230; <\/p>\n<p class=\"read-more-container\"><a title=\"&#8220;Az\u0259rbaycan hakimiyy\u0259ti COP29-dan sonra t\u0259nqid\u00e7il\u0259rind\u0259n qisas ala bil\u0259r&#8221;\" class=\"read-more button\" href=\"https:\/\/www.meydan.tv\/az\/article\/azerbaycan-hakimiyyeti-cop29-dan-sonra-tenqidcilerinden-qisas-ala-biler\/#more-317241\" aria-label=\"Read more about &#8220;Az\u0259rbaycan hakimiyy\u0259ti COP29-dan sonra t\u0259nqid\u00e7il\u0259rind\u0259n qisas ala bil\u0259r&#8221;\">Davam\u0131<\/a><\/p>\n","protected":false},"author":21,"featured_media":134890,"comment_status":"closed","ping_status":"closed","sticky":false,"template":"","format":"standard","meta":{"_acf_changed":false,"_sitemap_exclude":false,"_sitemap_priority":"","_sitemap_frequency":"","footnotes":""},"categories":[59,79,56],"tags":[],"class_list":["post-317241","post","type-post","status-publish","format-standard","has-post-thumbnail","hentry","category-siyaset","category-featured","category-xeberler","infinite-scroll-item","generate-columns","tablet-grid-50","mobile-grid-100","grid-parent","grid-33","no-featured-image-padding"],"acf":[],"yoast_head":"<!-- This site is optimized with the Yoast SEO plugin v27.4 - https:\/\/yoast.com\/product\/yoast-seo-wordpress\/ -->\n<title>&quot;Az\u0259rbaycan hakimiyy\u0259ti COP29-dan sonra t\u0259nqid\u00e7il\u0259rind\u0259n qisas ala bil\u0259r&quot; - MEYDAN.TV<\/title>\n<meta name=\"description\" content=\"\u0130ki t\u0259\u015fkilat 74 s\u0259hif\u0259lik hesabat yay\u0131b v\u0259 COP29-da i\u015ftirak ed\u0259n \u00f6lk\u0259l\u0259r\u0259 \u00e7a\u011f\u0131r\u0131\u015f edib.\" \/>\n<meta name=\"robots\" content=\"index, follow, max-snippet:-1, max-image-preview:large, max-video-preview:-1\" \/>\n<link rel=\"canonical\" href=\"https:\/\/www.meydan.tv\/az\/article\/azerbaycan-hakimiyyeti-cop29-dan-sonra-tenqidcilerinden-qisas-ala-biler\/\" \/>\n<meta property=\"og:locale\" content=\"az_AZ\" \/>\n<meta property=\"og:type\" content=\"article\" \/>\n<meta property=\"og:title\" content=\"&quot;Az\u0259rbaycan hakimiyy\u0259ti COP29-dan sonra t\u0259nqid\u00e7il\u0259rind\u0259n qisas ala bil\u0259r&quot; - MEYDAN.TV\" \/>\n<meta property=\"og:description\" content=\"\u0130ki t\u0259\u015fkilat 74 s\u0259hif\u0259lik hesabat yay\u0131b v\u0259 COP29-da i\u015ftirak ed\u0259n \u00f6lk\u0259l\u0259r\u0259 \u00e7a\u011f\u0131r\u0131\u015f edib.\" \/>\n<meta property=\"og:url\" content=\"https:\/\/www.meydan.tv\/az\/article\/azerbaycan-hakimiyyeti-cop29-dan-sonra-tenqidcilerinden-qisas-ala-biler\/\" \/>\n<meta property=\"og:site_name\" content=\"MEYDAN.TV\" \/>\n<meta property=\"article:published_time\" content=\"2024-10-08T09:43:43+00:00\" \/>\n<meta property=\"article:modified_time\" content=\"2024-10-08T09:43:46+00:00\" \/>\n<meta property=\"og:image\" content=\"https:\/\/www.meydan.tv\/wp-content\/uploads\/15435.width-1024-e1709890948784.jpg\" \/>\n\t<meta property=\"og:image:width\" content=\"785\" \/>\n\t<meta property=\"og:image:height\" content=\"382\" \/>\n\t<meta property=\"og:image:type\" content=\"image\/jpeg\" \/>\n<meta name=\"author\" content=\"mahmud\" \/>\n<meta name=\"twitter:card\" content=\"summary_large_image\" \/>\n<script type=\"application\/ld+json\" class=\"yoast-schema-graph\">{\"@context\":\"https:\\\/\\\/schema.org\",\"@graph\":[{\"@type\":\"Article\",\"@id\":\"https:\\\/\\\/www.meydan.tv\\\/az\\\/article\\\/azerbaycan-hakimiyyeti-cop29-dan-sonra-tenqidcilerinden-qisas-ala-biler\\\/#article\",\"isPartOf\":{\"@id\":\"https:\\\/\\\/www.meydan.tv\\\/az\\\/article\\\/azerbaycan-hakimiyyeti-cop29-dan-sonra-tenqidcilerinden-qisas-ala-biler\\\/\"},\"author\":{\"name\":\"mahmud\",\"@id\":\"https:\\\/\\\/www.meydan.tv\\\/az\\\/#\\\/schema\\\/person\\\/09863e516102a829e72bedcf3f84c6b0\"},\"headline\":\"&#8220;Az\u0259rbaycan hakimiyy\u0259ti COP29-dan sonra t\u0259nqid\u00e7il\u0259rind\u0259n qisas ala bil\u0259r&#8221;\",\"datePublished\":\"2024-10-08T09:43:43+00:00\",\"dateModified\":\"2024-10-08T09:43:46+00:00\",\"mainEntityOfPage\":{\"@id\":\"https:\\\/\\\/www.meydan.tv\\\/az\\\/article\\\/azerbaycan-hakimiyyeti-cop29-dan-sonra-tenqidcilerinden-qisas-ala-biler\\\/\"},\"wordCount\":1456,\"publisher\":{\"@id\":\"https:\\\/\\\/www.meydan.tv\\\/az\\\/#organization\"},\"image\":{\"@id\":\"https:\\\/\\\/www.meydan.tv\\\/az\\\/article\\\/azerbaycan-hakimiyyeti-cop29-dan-sonra-tenqidcilerinden-qisas-ala-biler\\\/#primaryimage\"},\"thumbnailUrl\":\"https:\\\/\\\/www.meydan.tv\\\/wp-content\\\/uploads\\\/15435.width-1024-e1709890948784.jpg\",\"articleSection\":[\"Siyas\u0259t\",\"T\u00f6vsiy\u0259\",\"X\u0259b\u0259rl\u0259r\"],\"inLanguage\":\"az\"},{\"@type\":\"WebPage\",\"@id\":\"https:\\\/\\\/www.meydan.tv\\\/az\\\/article\\\/azerbaycan-hakimiyyeti-cop29-dan-sonra-tenqidcilerinden-qisas-ala-biler\\\/\",\"url\":\"https:\\\/\\\/www.meydan.tv\\\/az\\\/article\\\/azerbaycan-hakimiyyeti-cop29-dan-sonra-tenqidcilerinden-qisas-ala-biler\\\/\",\"name\":\"\\\"Az\u0259rbaycan hakimiyy\u0259ti COP29-dan sonra t\u0259nqid\u00e7il\u0259rind\u0259n qisas ala bil\u0259r\\\" - MEYDAN.TV\",\"isPartOf\":{\"@id\":\"https:\\\/\\\/www.meydan.tv\\\/az\\\/#website\"},\"primaryImageOfPage\":{\"@id\":\"https:\\\/\\\/www.meydan.tv\\\/az\\\/article\\\/azerbaycan-hakimiyyeti-cop29-dan-sonra-tenqidcilerinden-qisas-ala-biler\\\/#primaryimage\"},\"image\":{\"@id\":\"https:\\\/\\\/www.meydan.tv\\\/az\\\/article\\\/azerbaycan-hakimiyyeti-cop29-dan-sonra-tenqidcilerinden-qisas-ala-biler\\\/#primaryimage\"},\"thumbnailUrl\":\"https:\\\/\\\/www.meydan.tv\\\/wp-content\\\/uploads\\\/15435.width-1024-e1709890948784.jpg\",\"datePublished\":\"2024-10-08T09:43:43+00:00\",\"dateModified\":\"2024-10-08T09:43:46+00:00\",\"description\":\"\u0130ki t\u0259\u015fkilat 74 s\u0259hif\u0259lik hesabat yay\u0131b v\u0259 COP29-da i\u015ftirak ed\u0259n \u00f6lk\u0259l\u0259r\u0259 \u00e7a\u011f\u0131r\u0131\u015f edib.\",\"breadcrumb\":{\"@id\":\"https:\\\/\\\/www.meydan.tv\\\/az\\\/article\\\/azerbaycan-hakimiyyeti-cop29-dan-sonra-tenqidcilerinden-qisas-ala-biler\\\/#breadcrumb\"},\"inLanguage\":\"az\",\"potentialAction\":[{\"@type\":\"ReadAction\",\"target\":[\"https:\\\/\\\/www.meydan.tv\\\/az\\\/article\\\/azerbaycan-hakimiyyeti-cop29-dan-sonra-tenqidcilerinden-qisas-ala-biler\\\/\"]}]},{\"@type\":\"ImageObject\",\"inLanguage\":\"az\",\"@id\":\"https:\\\/\\\/www.meydan.tv\\\/az\\\/article\\\/azerbaycan-hakimiyyeti-cop29-dan-sonra-tenqidcilerinden-qisas-ala-biler\\\/#primaryimage\",\"url\":\"https:\\\/\\\/www.meydan.tv\\\/wp-content\\\/uploads\\\/15435.width-1024-e1709890948784.jpg\",\"contentUrl\":\"https:\\\/\\\/www.meydan.tv\\\/wp-content\\\/uploads\\\/15435.width-1024-e1709890948784.jpg\",\"width\":785,\"height\":382,\"caption\":\"Foto: Meydan TV\"},{\"@type\":\"BreadcrumbList\",\"@id\":\"https:\\\/\\\/www.meydan.tv\\\/az\\\/article\\\/azerbaycan-hakimiyyeti-cop29-dan-sonra-tenqidcilerinden-qisas-ala-biler\\\/#breadcrumb\",\"itemListElement\":[{\"@type\":\"ListItem\",\"position\":1,\"name\":\"Ana s\u0259hif\u0259\",\"item\":\"https:\\\/\\\/www.meydan.tv\\\/az\\\/\"},{\"@type\":\"ListItem\",\"position\":2,\"name\":\"T\u00f6vsiy\u0259\",\"item\":\"https:\\\/\\\/www.meydan.tv\\\/az\\\/section\\\/featured\\\/\"},{\"@type\":\"ListItem\",\"position\":3,\"name\":\"&#8220;Az\u0259rbaycan hakimiyy\u0259ti COP29-dan sonra t\u0259nqid\u00e7il\u0259rind\u0259n qisas ala bil\u0259r&#8221;\"}]},{\"@type\":\"WebSite\",\"@id\":\"https:\\\/\\\/www.meydan.tv\\\/az\\\/#website\",\"url\":\"https:\\\/\\\/www.meydan.tv\\\/az\\\/\",\"name\":\"MEYDAN.TV\",\"description\":\"Meydan TV Az\u0259rbaycan\u0131n media m\u0259kan\u0131ndak\u0131 alternativ s\u0259sidir\",\"publisher\":{\"@id\":\"https:\\\/\\\/www.meydan.tv\\\/az\\\/#organization\"},\"potentialAction\":[{\"@type\":\"SearchAction\",\"target\":{\"@type\":\"EntryPoint\",\"urlTemplate\":\"https:\\\/\\\/www.meydan.tv\\\/az\\\/?s={search_term_string}\"},\"query-input\":{\"@type\":\"PropertyValueSpecification\",\"valueRequired\":true,\"valueName\":\"search_term_string\"}}],\"inLanguage\":\"az\"},{\"@type\":\"Organization\",\"@id\":\"https:\\\/\\\/www.meydan.tv\\\/az\\\/#organization\",\"name\":\"Meydan TV\",\"url\":\"https:\\\/\\\/www.meydan.tv\\\/az\\\/\",\"logo\":{\"@type\":\"ImageObject\",\"inLanguage\":\"az\",\"@id\":\"https:\\\/\\\/www.meydan.tv\\\/az\\\/#\\\/schema\\\/logo\\\/image\\\/\",\"url\":\"https:\\\/\\\/www.meydan.tv\\\/wp-content\\\/uploads\\\/2021\\\/07\\\/meydan-logo.svg\",\"contentUrl\":\"https:\\\/\\\/www.meydan.tv\\\/wp-content\\\/uploads\\\/2021\\\/07\\\/meydan-logo.svg\",\"width\":195,\"height\":46,\"caption\":\"Meydan TV\"},\"image\":{\"@id\":\"https:\\\/\\\/www.meydan.tv\\\/az\\\/#\\\/schema\\\/logo\\\/image\\\/\"}},{\"@type\":\"Person\",\"@id\":\"https:\\\/\\\/www.meydan.tv\\\/az\\\/#\\\/schema\\\/person\\\/09863e516102a829e72bedcf3f84c6b0\",\"name\":\"mahmud\"}]}<\/script>\n<!-- \/ Yoast SEO plugin. -->","yoast_head_json":{"title":"\"Az\u0259rbaycan hakimiyy\u0259ti COP29-dan sonra t\u0259nqid\u00e7il\u0259rind\u0259n qisas ala bil\u0259r\" - MEYDAN.TV","description":"\u0130ki t\u0259\u015fkilat 74 s\u0259hif\u0259lik hesabat yay\u0131b v\u0259 COP29-da i\u015ftirak ed\u0259n \u00f6lk\u0259l\u0259r\u0259 \u00e7a\u011f\u0131r\u0131\u015f edib.","robots":{"index":"index","follow":"follow","max-snippet":"max-snippet:-1","max-image-preview":"max-image-preview:large","max-video-preview":"max-video-preview:-1"},"canonical":"https:\/\/www.meydan.tv\/az\/article\/azerbaycan-hakimiyyeti-cop29-dan-sonra-tenqidcilerinden-qisas-ala-biler\/","og_locale":"az_AZ","og_type":"article","og_title":"\"Az\u0259rbaycan hakimiyy\u0259ti COP29-dan sonra t\u0259nqid\u00e7il\u0259rind\u0259n qisas ala bil\u0259r\" - MEYDAN.TV","og_description":"\u0130ki t\u0259\u015fkilat 74 s\u0259hif\u0259lik hesabat yay\u0131b v\u0259 COP29-da i\u015ftirak ed\u0259n \u00f6lk\u0259l\u0259r\u0259 \u00e7a\u011f\u0131r\u0131\u015f edib.","og_url":"https:\/\/www.meydan.tv\/az\/article\/azerbaycan-hakimiyyeti-cop29-dan-sonra-tenqidcilerinden-qisas-ala-biler\/","og_site_name":"MEYDAN.TV","article_published_time":"2024-10-08T09:43:43+00:00","article_modified_time":"2024-10-08T09:43:46+00:00","og_image":[{"width":785,"height":382,"url":"https:\/\/www.meydan.tv\/wp-content\/uploads\/15435.width-1024-e1709890948784.jpg","type":"image\/jpeg"}],"author":"mahmud","twitter_card":"summary_large_image","schema":{"@context":"https:\/\/schema.org","@graph":[{"@type":"Article","@id":"https:\/\/www.meydan.tv\/az\/article\/azerbaycan-hakimiyyeti-cop29-dan-sonra-tenqidcilerinden-qisas-ala-biler\/#article","isPartOf":{"@id":"https:\/\/www.meydan.tv\/az\/article\/azerbaycan-hakimiyyeti-cop29-dan-sonra-tenqidcilerinden-qisas-ala-biler\/"},"author":{"name":"mahmud","@id":"https:\/\/www.meydan.tv\/az\/#\/schema\/person\/09863e516102a829e72bedcf3f84c6b0"},"headline":"&#8220;Az\u0259rbaycan hakimiyy\u0259ti COP29-dan sonra t\u0259nqid\u00e7il\u0259rind\u0259n qisas ala bil\u0259r&#8221;","datePublished":"2024-10-08T09:43:43+00:00","dateModified":"2024-10-08T09:43:46+00:00","mainEntityOfPage":{"@id":"https:\/\/www.meydan.tv\/az\/article\/azerbaycan-hakimiyyeti-cop29-dan-sonra-tenqidcilerinden-qisas-ala-biler\/"},"wordCount":1456,"publisher":{"@id":"https:\/\/www.meydan.tv\/az\/#organization"},"image":{"@id":"https:\/\/www.meydan.tv\/az\/article\/azerbaycan-hakimiyyeti-cop29-dan-sonra-tenqidcilerinden-qisas-ala-biler\/#primaryimage"},"thumbnailUrl":"https:\/\/www.meydan.tv\/wp-content\/uploads\/15435.width-1024-e1709890948784.jpg","articleSection":["Siyas\u0259t","T\u00f6vsiy\u0259","X\u0259b\u0259rl\u0259r"],"inLanguage":"az"},{"@type":"WebPage","@id":"https:\/\/www.meydan.tv\/az\/article\/azerbaycan-hakimiyyeti-cop29-dan-sonra-tenqidcilerinden-qisas-ala-biler\/","url":"https:\/\/www.meydan.tv\/az\/article\/azerbaycan-hakimiyyeti-cop29-dan-sonra-tenqidcilerinden-qisas-ala-biler\/","name":"\"Az\u0259rbaycan hakimiyy\u0259ti COP29-dan sonra t\u0259nqid\u00e7il\u0259rind\u0259n qisas ala bil\u0259r\" - MEYDAN.TV","isPartOf":{"@id":"https:\/\/www.meydan.tv\/az\/#website"},"primaryImageOfPage":{"@id":"https:\/\/www.meydan.tv\/az\/article\/azerbaycan-hakimiyyeti-cop29-dan-sonra-tenqidcilerinden-qisas-ala-biler\/#primaryimage"},"image":{"@id":"https:\/\/www.meydan.tv\/az\/article\/azerbaycan-hakimiyyeti-cop29-dan-sonra-tenqidcilerinden-qisas-ala-biler\/#primaryimage"},"thumbnailUrl":"https:\/\/www.meydan.tv\/wp-content\/uploads\/15435.width-1024-e1709890948784.jpg","datePublished":"2024-10-08T09:43:43+00:00","dateModified":"2024-10-08T09:43:46+00:00","description":"\u0130ki t\u0259\u015fkilat 74 s\u0259hif\u0259lik hesabat yay\u0131b v\u0259 COP29-da i\u015ftirak ed\u0259n \u00f6lk\u0259l\u0259r\u0259 \u00e7a\u011f\u0131r\u0131\u015f edib.","breadcrumb":{"@id":"https:\/\/www.meydan.tv\/az\/article\/azerbaycan-hakimiyyeti-cop29-dan-sonra-tenqidcilerinden-qisas-ala-biler\/#breadcrumb"},"inLanguage":"az","potentialAction":[{"@type":"ReadAction","target":["https:\/\/www.meydan.tv\/az\/article\/azerbaycan-hakimiyyeti-cop29-dan-sonra-tenqidcilerinden-qisas-ala-biler\/"]}]},{"@type":"ImageObject","inLanguage":"az","@id":"https:\/\/www.meydan.tv\/az\/article\/azerbaycan-hakimiyyeti-cop29-dan-sonra-tenqidcilerinden-qisas-ala-biler\/#primaryimage","url":"https:\/\/www.meydan.tv\/wp-content\/uploads\/15435.width-1024-e1709890948784.jpg","contentUrl":"https:\/\/www.meydan.tv\/wp-content\/uploads\/15435.width-1024-e1709890948784.jpg","width":785,"height":382,"caption":"Foto: Meydan TV"},{"@type":"BreadcrumbList","@id":"https:\/\/www.meydan.tv\/az\/article\/azerbaycan-hakimiyyeti-cop29-dan-sonra-tenqidcilerinden-qisas-ala-biler\/#breadcrumb","itemListElement":[{"@type":"ListItem","position":1,"name":"Ana s\u0259hif\u0259","item":"https:\/\/www.meydan.tv\/az\/"},{"@type":"ListItem","position":2,"name":"T\u00f6vsiy\u0259","item":"https:\/\/www.meydan.tv\/az\/section\/featured\/"},{"@type":"ListItem","position":3,"name":"&#8220;Az\u0259rbaycan hakimiyy\u0259ti COP29-dan sonra t\u0259nqid\u00e7il\u0259rind\u0259n qisas ala bil\u0259r&#8221;"}]},{"@type":"WebSite","@id":"https:\/\/www.meydan.tv\/az\/#website","url":"https:\/\/www.meydan.tv\/az\/","name":"MEYDAN.TV","description":"Meydan TV Az\u0259rbaycan\u0131n media m\u0259kan\u0131ndak\u0131 alternativ s\u0259sidir","publisher":{"@id":"https:\/\/www.meydan.tv\/az\/#organization"},"potentialAction":[{"@type":"SearchAction","target":{"@type":"EntryPoint","urlTemplate":"https:\/\/www.meydan.tv\/az\/?s={search_term_string}"},"query-input":{"@type":"PropertyValueSpecification","valueRequired":true,"valueName":"search_term_string"}}],"inLanguage":"az"},{"@type":"Organization","@id":"https:\/\/www.meydan.tv\/az\/#organization","name":"Meydan TV","url":"https:\/\/www.meydan.tv\/az\/","logo":{"@type":"ImageObject","inLanguage":"az","@id":"https:\/\/www.meydan.tv\/az\/#\/schema\/logo\/image\/","url":"https:\/\/www.meydan.tv\/wp-content\/uploads\/2021\/07\/meydan-logo.svg","contentUrl":"https:\/\/www.meydan.tv\/wp-content\/uploads\/2021\/07\/meydan-logo.svg","width":195,"height":46,"caption":"Meydan TV"},"image":{"@id":"https:\/\/www.meydan.tv\/az\/#\/schema\/logo\/image\/"}},{"@type":"Person","@id":"https:\/\/www.meydan.tv\/az\/#\/schema\/person\/09863e516102a829e72bedcf3f84c6b0","name":"mahmud"}]}},"_links":{"self":[{"href":"https:\/\/www.meydan.tv\/az\/wp-json\/wp\/v2\/posts\/317241","targetHints":{"allow":["GET"]}}],"collection":[{"href":"https:\/\/www.meydan.tv\/az\/wp-json\/wp\/v2\/posts"}],"about":[{"href":"https:\/\/www.meydan.tv\/az\/wp-json\/wp\/v2\/types\/post"}],"author":[{"embeddable":true,"href":"https:\/\/www.meydan.tv\/az\/wp-json\/wp\/v2\/users\/21"}],"replies":[{"embeddable":true,"href":"https:\/\/www.meydan.tv\/az\/wp-json\/wp\/v2\/comments?post=317241"}],"version-history":[{"count":1,"href":"https:\/\/www.meydan.tv\/az\/wp-json\/wp\/v2\/posts\/317241\/revisions"}],"predecessor-version":[{"id":317242,"href":"https:\/\/www.meydan.tv\/az\/wp-json\/wp\/v2\/posts\/317241\/revisions\/317242"}],"wp:featuredmedia":[{"embeddable":true,"href":"https:\/\/www.meydan.tv\/az\/wp-json\/wp\/v2\/media\/134890"}],"wp:attachment":[{"href":"https:\/\/www.meydan.tv\/az\/wp-json\/wp\/v2\/media?parent=317241"}],"wp:term":[{"taxonomy":"category","embeddable":true,"href":"https:\/\/www.meydan.tv\/az\/wp-json\/wp\/v2\/categories?post=317241"},{"taxonomy":"post_tag","embeddable":true,"href":"https:\/\/www.meydan.tv\/az\/wp-json\/wp\/v2\/tags?post=317241"}],"curies":[{"name":"wp","href":"https:\/\/api.w.org\/{rel}","templated":true}]}}