{"id":317204,"date":"2024-10-07T18:51:15","date_gmt":"2024-10-07T14:51:15","guid":{"rendered":"https:\/\/www.meydan.tv\/?p=317204"},"modified":"2024-10-07T18:51:17","modified_gmt":"2024-10-07T14:51:17","slug":"perinatal-merkezde-korpelerin-olumu-esas-adamlar-mesuliyyetden-kenarda-qalib","status":"publish","type":"post","link":"https:\/\/www.meydan.tv\/az\/article\/perinatal-merkezde-korpelerin-olumu-esas-adamlar-mesuliyyetden-kenarda-qalib\/","title":{"rendered":"Perinatal M\u0259rk\u0259zd\u0259 k\u00f6rp\u0259l\u0259rin \u00f6l\u00fcm\u00fc: \u201c\u018fsas adamlar m\u0259suliyy\u0259td\u0259n k\u0259narda qal\u0131b\u201d"},"content":{"rendered":"\n<p><\/p>\n\n\n\n<p><em><strong>\u201cHadis\u0259 vaxt\u0131 x\u0259st\u0259xanada olan i\u015f\u00e7il\u0259r m\u0259suliyy\u0259t\u0259 c\u0259lb olunmay\u0131b\u201d<\/strong><\/em><\/p>\n\n\n\n<p>9 ay \u0259vv\u0259l Respublika Perinatal M\u0259rk\u0259zind\u0259 7 k\u00f6rp\u0259nin \u00f6l\u00fcm\u00fcn\u0259 s\u0259b\u0259b olan yan\u011f\u0131nla ba\u011fl\u0131 Bak\u0131 A\u011f\u0131r Cinay\u0259tl\u0259r M\u0259hk\u0259m\u0259sind\u0259 ara\u015fd\u0131rmalar ba\u015flay\u0131b. Bu hadis\u0259 il\u0259 \u0259laq\u0259dar m\u0259hk\u0259m\u0259 qar\u015f\u0131s\u0131na t\u0259qsirl\u0259ndiril\u0259n \u015f\u0259xs kimi \u00fc\u00e7 n\u0259f\u0259r \u00e7\u0131xar\u0131l\u0131b: M\u0259rk\u0259zin ke\u00e7mi\u015f direktoru Mehriban Abbasquliyeva, Anesteziologiya, reanimasiya v\u0259 intensiv terapiya \u015f\u00f6b\u0259sinin m\u00fcdiri Hamlet Mustafayev v\u0259 D\u0259st\u0259k Xidm\u0259tl\u0259ri \u015f\u00f6b\u0259sinin m\u00fcdiri Elnur \u018fhm\u0259dli. Onlar hadis\u0259d\u0259n sonra v\u0259zif\u0259d\u0259n k\u0259narla\u015fd\u0131r\u0131laraq, cinay\u0259t m\u0259suliyy\u0259tin\u0259 c\u0259lb olunublar. Lakin bar\u0259l\u0259rind\u0259 h\u0259bs q\u0259timkan t\u0259dbiri se\u00e7ilm\u0259yib.<\/p>\n\n\n\n<p>Mehriban Abbasquliyevaya Cinay\u0259t M\u0259c\u0259ll\u0259sinin 308.2 (v\u0259zif\u0259 s\u0259lahiyy\u0259tl\u0259rind\u0259n sui-istifad\u0259 etm\u0259, a\u011f\u0131r n\u0259tic\u0259l\u0259r\u0259 s\u0259b\u0259b olduqda) v\u0259 225.3-c\u00fc (yan\u011f\u0131n t\u0259hl\u00fck\u0259sizliyi qaydalar\u0131n\u0131 pozma &#8211; iki v\u0259 daha \u00e7ox \u015f\u0259xsin \u00f6l\u00fcm\u00fcn\u0259 s\u0259b\u0259b olduqda) madd\u0259l\u0259ril\u0259, Hamlet Mustafayev v\u0259 Elnur \u018fhm\u0259dliy\u0259 is\u0259 yaln\u0131z 225.3 madd\u0259sil\u0259 ittiham ir\u0259li s\u00fcr\u00fcl\u00fcb.<\/p>\n\n\n\n<p>Bu i\u015fin m\u0259hk\u0259m\u0259 ara\u015fd\u0131rmas\u0131 Leyla \u018fsg\u0259rova-M\u0259mm\u0259dovan\u0131n s\u0259drliyil\u0259, Novruz K\u0259rimov v\u0259 Rasim Sad\u0131xovdan ibar\u0259t hakiml\u0259r kollegiyas\u0131na h\u0259val\u0259 olunub.<\/p>\n\n\n\n<p>Oktyabr\u0131n 7-d\u0259 m\u0259hk\u0259m\u0259nin haz\u0131rl\u0131q iclas\u0131nda ayd\u0131n olub ki, h\u0259m z\u0259r\u0259r\u00e7\u0259kmi\u015f, h\u0259m d\u0259 t\u0259qsirl\u0259ndiril\u0259n t\u0259r\u0259f 6 aydan \u00e7ox davam ed\u0259n istintaqdan naraz\u0131 qal\u0131b.<\/p>\n\n\n\n<p>Haz\u0131rl\u0131q iclas\u0131nda h\u0259r iki t\u0259r\u0259f i\u015fin prokurorlu\u011fa qaytar\u0131lmas\u0131 v\u0259 yenid\u0259n istintaq apar\u0131lmas\u0131 bar\u0259d\u0259 v\u0259sat\u0259tl\u0259r qald\u0131r\u0131blar.<\/p>\n\n\n\n<p>Hadis\u0259 zaman\u0131 h\u0259yat\u0131n\u0131 itir\u0259n k\u00f6rp\u0259l\u0259rd\u0259n birinin anas\u0131 Lal\u0259 Ramazanovan\u0131n n\u00fcmay\u0259nd\u0259si Ad\u0259m M\u0259mm\u0259dov xat\u0131rlad\u0131b ki, bu hadis\u0259 respublikada s\u0259s-k\u00fcy yarad\u0131b, d\u00f6vl\u0259t ba\u015f\u00e7\u0131s\u0131 i\u015fi n\u0259zar\u0259t\u0259 g\u00f6t\u00fcr\u00fcb. Buna baxmayaraq, apar\u0131lan ara\u015fd\u0131rma tam, h\u0259rt\u0259r\u0259fli olmay\u0131b:<\/p>\n\n\n\n<p><em>\u201cS\u00fcbutlara d\u00fczg\u00fcn qiym\u0259t verilm\u0259yib. \u0130ttiham akt\u0131 d\u00fczg\u00fcn t\u0259rtib olunmay\u0131b. Hadis\u0259nin nec\u0259 ba\u015f verm\u0259si bir k\u0259narda qal\u0131b, istintaq f\u0259rqli istiqam\u0259td\u0259 gedib. \u018fsas adamlar m\u0259suliyy\u0259td\u0259n k\u0259narda qal\u0131b. Hadis\u0259 vaxt\u0131 x\u0259st\u0259xanada olan i\u015f\u00e7il\u0259r m\u0259suliyy\u0259t\u0259 c\u0259lb olunmay\u0131b. Halbuki, onlar k\u00f6m\u0259k ed\u0259 bil\u0259rdi. Evind\u0259 olanlar is\u0259 c\u0259lb edilib. \u0130\u015f geri qaytar\u0131lmal\u0131d\u0131r\u201d<\/em>.<\/p>\n\n\n\n<p>T\u0259qsirl\u0259ndiril\u0259n Mehriban Abbasquliyevan\u0131n v\u0259kili Muxtar Mustafayev d\u0259 i\u015fin m\u0259hk\u0259m\u0259 bax\u0131\u015f\u0131na xitam verilm\u0259si v\u0259 i\u015fin prokurorlu\u011fa qaytar\u0131lmas\u0131 bar\u0259d\u0259 v\u0259sat\u0259t qald\u0131r\u0131b. V\u0259kil bildirib ki, istintaq zaman\u0131 m\u00fcv\u0259kkilinin m\u00fcdafi\u0259 h\u00fcququ pozulub. Onun s\u00f6zl\u0259rin\u0259 g\u00f6r\u0259, m\u00fcst\u0259ntiq m\u00fcdafi\u0259 t\u0259r\u0259fin\u0259 i\u015fd\u0259ki s\u0259n\u0259dl\u0259rin sur\u0259tl\u0259rini verm\u0259kd\u0259n imtina edib.<\/p>\n\n\n\n<p>Muxtar Mustafayev d\u0259 hadis\u0259y\u0259 g\u00f6r\u0259 m\u0259suliyy\u0259t da\u015f\u0131yan bir \u00e7ox \u015f\u0259xsin k\u0259narda saxland\u0131\u011f\u0131n\u0131 bildirib:<\/p>\n\n\n\n<p><em>\u00a0\u201cH\u0259min vaxt i\u015fd\u0259 olan h\u0259kiml\u0259rin u\u015faqlar\u0131 xilas etm\u0259k imkanlar\u0131 olub, amma bunu el\u0259m\u0259yibl\u0259r, onlardan as\u0131l\u0131 olan add\u0131mlar\u0131 atmay\u0131blar. K\u00f6rp\u0259l\u0259rin yan\u0131nda olmal\u0131 tibb bac\u0131lar\u0131 h\u0259min vaxt m\u0259tb\u0259xd\u0259 \u00e7ay i\u00e7ibl\u0259r. Amma onlar\u0131n he\u00e7 birin\u0259 he\u00e7 n\u0259 dey\u0259n yoxdur. Niy\u0259?\u201d<\/em><\/p>\n\n\n\n<p>V\u0259kil Muxtar Mustafayev bu i\u015fin istintaq\u0131n\u0131 aparan Ba\u015f Prokurorlu\u011fun \u0130stintaq idar\u0259sinin m\u00fcst\u0259ntiqi A\u011faki\u015fi Acalovun bar\u0259sind\u0259 x\u00fcsusi q\u0259rar \u00e7\u0131xar\u0131lmas\u0131n\u0131 da ist\u0259yib:<\/p>\n\n\n\n<p><em>\u201c\u0130stintaq\u0131n bitm\u0259sin\u0259 iki ay qalm\u0131\u015f ba\u015flay\u0131b t\u0259l\u0259m-t\u0259l\u0259sik i\u015fl\u0259r g\u00f6rm\u0259y\u0259. Gec\u0259 saat 12-d\u0259 istintaq h\u0259r\u0259k\u0259tl\u0259ri aparma\u011fa n\u0259 ehtiyac var?\u201d<\/em><\/p>\n\n\n\n<p>Mehriban Abbasquliyevan\u0131n dig\u0259r v\u0259kili \u00c7ingiz B\u0259\u015firov da i\u015fin prokurorlu\u011fa geri qaytar\u0131lmas\u0131 bar\u0259d\u0259 v\u0259sat\u0259ti \u0259sasland\u0131rark\u0259n bildirib ki, cinay\u0259t i\u015find\u0259ki s\u0259n\u0259dl\u0259rin b\u00f6y\u00fck bir hiss\u0259si orijinal deyil, t\u0259sdiql\u0259nm\u0259mi\u015f kserosur\u0259tdir. Bu c\u00fcr s\u0259n\u0259dl\u0259rd\u0259n istifad\u0259ni qanun qada\u011fan edir. Bel\u0259 s\u0259n\u0259dl\u0259rd\u0259n istifad\u0259 yaln\u0131z t\u0259r\u0259fl\u0259rin raz\u0131l\u0131\u011f\u0131 il\u0259 m\u00fcmk\u00fcnd\u00fcr:<\/p>\n\n\n\n<p><em> \u201cBizd\u0259n n\u0259 bel\u0259 bir raz\u0131l\u0131q soru\u015fan olub, n\u0259 d\u0259 biz bel\u0259 bir raz\u0131l\u0131q vermi\u015fik\u201d.<\/em><\/p>\n\n\n\n<p>V\u0259kill\u0259rin qald\u0131rd\u0131qlar\u0131 daha bir v\u0259sat\u0259t is\u0259 yan\u011f\u0131nda t\u00fcst\u00fcd\u0259n z\u0259h\u0259rl\u0259nm\u0259 n\u0259tic\u0259sind\u0259 y\u00fcng\u00fcl x\u0259sar\u0259t alan 4 n\u0259f\u0259r i\u015f\u00e7inin z\u0259r\u0259r\u00e7\u0259kmi\u015f statusuna xitam verilm\u0259si idi.<\/p>\n\n\n\n<p>Z\u0259r\u0259r\u00e7\u0259kmi\u015f-h\u0259kim G\u00fclbahar Z\u00fclf\u00fcqarova bildirib ki, o he\u00e7 z\u0259r\u0259r\u00e7\u0259kmi\u015f olmaq ist\u0259mir. Hadis\u0259nin ert\u0259si g\u00fcn\u00fcnd\u0259n d\u0259 M\u0259rk\u0259zd\u0259n \u00e7\u0131x\u0131b gedib. Dig\u0259r z\u0259r\u0259r\u00e7\u0259k\u0259nl\u0259r d\u0259 bu v\u0259sat\u0259t\u0259 etiraz etm\u0259yib.<\/p>\n\n\n\n<p>Mehriban Abbasquliyevan\u0131n v\u0259kill\u0259rinin daha bir v\u0259sat\u0259ti is\u0259 yan\u011f\u0131nla ba\u011fl\u0131 kompleks ekspertiza r\u0259yinin s\u00fcbutlar siyah\u0131s\u0131ndan \u00e7\u0131xar\u0131lmas\u0131 olub.<\/p>\n\n\n\n<p>T\u0259qsirl\u0259ndiril\u0259n Elnur \u018fhm\u0259dlinin v\u0259kili F\u0259rid H\u0259s\u0259nov is\u0259 m\u00fcv\u0259kkili il\u0259 ba\u011fl\u0131 bir s\u0131ra dindirm\u0259 protokollar\u0131n\u0131n s\u00fcbutlar siyah\u0131s\u0131ndan \u00e7\u0131xar\u0131lmas\u0131 bar\u0259d\u0259 v\u0259sat\u0259t qald\u0131r\u0131b. O bildirib ki, h\u0259min protokollardak\u0131 imzalar m\u00fcv\u0259kkilin\u0259 aid deyil: <\/p>\n\n\n\n<p><em>\u201cA\u00e7\u0131q-a\u015fkar g\u00f6r\u00fcn\u00fcr ki, o imzalar f\u0259rqlidir\u201d.<\/em><\/p>\n\n\n\n<p>D\u00f6vl\u0259t ittiham\u00e7\u0131s\u0131 Orxan S\u0259m\u0259dov v\u0259sat\u0259tl\u0259r\u0259 m\u00fcnasib\u0259t bildr\u0259rk\u0259n deyib ki, i\u015fin prokurorlu\u011fa qaytar\u0131lmas\u0131 \u00fc\u00e7\u00fcn \u0259sas yoxdur, istintaqda kobud qanun pozuntular\u0131na yol verilm\u0259yib. M\u00fcdafi\u0259 t\u0259r\u0259finin qald\u0131rd\u0131\u011f\u0131 dig\u0259r m\u0259s\u0259l\u0259l\u0259r is\u0259 m\u0259hk\u0259m\u0259 prosesinin gedi\u015find\u0259 ara\u015fd\u0131r\u0131lmal\u0131 m\u0259s\u0259l\u0259l\u0259rdir. Bu s\u0259b\u0259bd\u0259n d\u0259 v\u0259sat\u0259tl\u0259r t\u0259min olunmamal\u0131d\u0131r.<\/p>\n\n\n\n<p>M\u0259hk\u0259m\u0259 d\u0259 qald\u0131r\u0131lan v\u0259sat\u0259tl\u0259rin he\u00e7 birini t\u0259min etm\u0259yib.<\/p>\n\n\n\n<p>Oktyabr\u0131n 21-d\u0259 bu i\u015f \u00fczr\u0259 m\u0259hk\u0259m\u0259 istintaq\u0131 ba\u015flayacaq.<\/p>\n\n\n\n<p>Yan\u011f\u0131nla ba\u011fl\u0131 prokurorlu\u011fun yayd\u0131\u011f\u0131 m\u0259lumatda iddia olunur ki, istintaq n\u0259tic\u0259sind\u0259 x\u0259st\u0259xanada yan\u011f\u0131n t\u0259hl\u00fck\u0259sizliyi qaydalar\u0131na riay\u0259t edilm\u0259si i\u015finin d\u00fczg\u00fcn t\u0259\u015fkil olunmad\u0131\u011f\u0131, hadis\u0259nin ba\u015f verdiyi d\u00f6rd\u00fcnc\u00fc m\u0259rt\u0259b\u0259d\u0259 tibbi avadanl\u0131qlar\u0131n d\u00fczg\u00fcn istismar olunmad\u0131\u011f\u0131, normadan art\u0131q tibbi avadanl\u0131qlar\u0131n istifad\u0259 edildiyi, h\u0259m\u00e7inin elektrik qidaland\u0131r\u0131c\u0131larda yaranm\u0131\u015f nasazl\u0131\u011f\u0131n vaxt\u0131nda aradan qald\u0131r\u0131lmad\u0131\u011f\u0131 \u00fcz\u0259 \u00e7\u0131x\u0131b.<\/p>\n\n\n\n<p>Mehriban Abbasquliyevaya \u00f6nc\u0259 s\u0259hl\u0259nkarl\u0131q ittiham\u0131 verilmi\u015fdi. Sonradan ittiham a\u011f\u0131rla\u015fd\u0131r\u0131ld\u0131.<\/p>\n\n\n\n<p>\u015e\u00f6b\u0259 m\u00fcdirl\u0259ri is\u0259 x\u0259st\u0259xanada standartlara uy\u011fun olmayan elektrik cihazlar\u0131ndan istifad\u0259 olunmas\u0131, elektrik x\u0259tl\u0259rinin g\u00fcc\u00fc v\u0259 d\u00f6z\u00fcml\u00fcl\u00fcy\u00fc n\u0259z\u0259r\u0259 al\u0131nmadan \u00e7oxsayl\u0131 tibbi avadanl\u0131qlar\u0131n davaml\u0131 v\u0259 nizams\u0131z \u015f\u0259kild\u0259 palatalarda yerl\u0259\u015fdirilm\u0259si v\u0259 istismar\u0131na g\u00f6r\u0259 cinay\u0259t m\u0259suliyy\u0259tin\u0259 c\u0259lb olunub.<\/p>\n\n\n\n<p><em>&#8220;Bunlar\u0131n n\u0259tic\u0259sind\u0259 infant inkubator k\u00f6rp\u0259 k\u00fcvezi v\u0259 yeni do\u011fulmu\u015f k\u00f6rp\u0259l\u0259rin m\u00fcalic\u0259si \u00fc\u00e7\u00fcn n\u0259z\u0259rd\u0259 tutulmu\u015f dig\u0259r tibbi avadanl\u0131qlar\u0131ndan t\u0259hl\u00fck\u0259li \u015f\u0259kild\u0259 v\u0259 standartlara uy\u011fun olmadan istifad\u0259 edilib. Yan\u011f\u0131n x\u0259b\u0259rdarl\u0131\u011f\u0131 vasit\u0259l\u0259ri i\u015fl\u0259k v\u0259ziyy\u0259td\u0259 olmay\u0131b. Elektrik x\u0259tl\u0259rind\u0259 ba\u015f vermi\u015f normadan art\u0131q y\u00fckl\u0259nm\u0259d\u0259n t\u00f6r\u0259y\u0259n yan\u011f\u0131n ota\u011fa yay\u0131l\u0131b, bununla da, 4 k\u00f6rp\u0259 \u00f6l\u00fcb, m\u00fc\u0259ssis\u0259y\u0259 ciddi \u0259mlak ziyan\u0131 d\u0259yib&#8221;<\/em>, &#8211; Ba\u015f Prokurorlu\u011fun m\u0259lumat\u0131nda bel\u0259 deyilir.<\/p>\n\n\n\n<p>M\u0259rk\u0259zin direktoru Mehriban Abbasquliyeva 1998-2000-ci ill\u0259rd\u0259 3 sayl\u0131 \u015e\u0259h\u0259r Klinik X\u0259st\u0259xanas\u0131nda ba\u015f h\u0259kimin m\u00fcavini olub. O, 2000-ci ild\u0259 Sabun\u00e7u rayonundak\u0131 2 sayl\u0131 Do\u011fum evinin ba\u015f h\u0259kimi t\u0259yin edilib v\u0259 uzun ill\u0259r bu v\u0259zif\u0259d\u0259 i\u015fl\u0259yib. Respublika Perinatal M\u0259rk\u0259zin\u0259 is\u0259 hadis\u0259d\u0259n bir il \u00f6nc\u0259 &#8211;&nbsp; 2022-ci ilin dekabr\u0131nda direktor t\u0259yin olunmu\u015fdu.<\/p>\n","protected":false},"excerpt":{"rendered":"<p>\u201cHadis\u0259 vaxt\u0131 x\u0259st\u0259xanada olan i\u015f\u00e7il\u0259r m\u0259suliyy\u0259t\u0259 c\u0259lb olunmay\u0131b\u201d 9 ay &#8230; <\/p>\n<p class=\"read-more-container\"><a title=\"Perinatal M\u0259rk\u0259zd\u0259 k\u00f6rp\u0259l\u0259rin \u00f6l\u00fcm\u00fc: \u201c\u018fsas adamlar m\u0259suliyy\u0259td\u0259n k\u0259narda qal\u0131b\u201d\" class=\"read-more button\" href=\"https:\/\/www.meydan.tv\/az\/article\/perinatal-merkezde-korpelerin-olumu-esas-adamlar-mesuliyyetden-kenarda-qalib\/#more-317204\" aria-label=\"Read more about Perinatal M\u0259rk\u0259zd\u0259 k\u00f6rp\u0259l\u0259rin \u00f6l\u00fcm\u00fc: \u201c\u018fsas adamlar m\u0259suliyy\u0259td\u0259n k\u0259narda qal\u0131b\u201d\">Davam\u0131<\/a><\/p>\n","protected":false},"author":21,"featured_media":295011,"comment_status":"closed","ping_status":"closed","sticky":false,"template":"","format":"standard","meta":{"_acf_changed":false,"_sitemap_exclude":false,"_sitemap_priority":"","_sitemap_frequency":"","footnotes":""},"categories":[62,79,56],"tags":[],"class_list":["post-317204","post","type-post","status-publish","format-standard","has-post-thumbnail","hentry","category-sosial","category-featured","category-xeberler","infinite-scroll-item","generate-columns","tablet-grid-50","mobile-grid-100","grid-parent","grid-33","no-featured-image-padding"],"acf":[],"yoast_head":"<!-- This site is optimized with the Yoast SEO plugin v27.4 - https:\/\/yoast.com\/product\/yoast-seo-wordpress\/ -->\n<title>Perinatal M\u0259rk\u0259zd\u0259 k\u00f6rp\u0259l\u0259rin \u00f6l\u00fcm\u00fc: \u201c\u018fsas adamlar m\u0259suliyy\u0259td\u0259n k\u0259narda qal\u0131b\u201d - MEYDAN.TV<\/title>\n<meta name=\"description\" content=\"9 ay \u0259vv\u0259l Respublika Perinatal M\u0259rk\u0259zind\u0259 7 k\u00f6rp\u0259nin \u00f6l\u00fcm\u00fcn\u0259 s\u0259b\u0259b olan yan\u011f\u0131nla ba\u011fl\u0131 Bak\u0131 A\u011f\u0131r Cinay\u0259tl\u0259r M\u0259hk\u0259m\u0259sind\u0259 ara\u015fd\u0131rmalar ba\u015flay\u0131b.\" \/>\n<meta name=\"robots\" content=\"index, follow, max-snippet:-1, max-image-preview:large, max-video-preview:-1\" \/>\n<link rel=\"canonical\" href=\"https:\/\/www.meydan.tv\/az\/article\/perinatal-merkezde-korpelerin-olumu-esas-adamlar-mesuliyyetden-kenarda-qalib\/\" \/>\n<meta property=\"og:locale\" content=\"az_AZ\" \/>\n<meta property=\"og:type\" content=\"article\" \/>\n<meta property=\"og:title\" content=\"Perinatal M\u0259rk\u0259zd\u0259 k\u00f6rp\u0259l\u0259rin \u00f6l\u00fcm\u00fc: \u201c\u018fsas adamlar m\u0259suliyy\u0259td\u0259n k\u0259narda qal\u0131b\u201d - MEYDAN.TV\" \/>\n<meta property=\"og:description\" content=\"9 ay \u0259vv\u0259l Respublika Perinatal M\u0259rk\u0259zind\u0259 7 k\u00f6rp\u0259nin \u00f6l\u00fcm\u00fcn\u0259 s\u0259b\u0259b olan yan\u011f\u0131nla ba\u011fl\u0131 Bak\u0131 A\u011f\u0131r Cinay\u0259tl\u0259r M\u0259hk\u0259m\u0259sind\u0259 ara\u015fd\u0131rmalar ba\u015flay\u0131b.\" \/>\n<meta property=\"og:url\" content=\"https:\/\/www.meydan.tv\/az\/article\/perinatal-merkezde-korpelerin-olumu-esas-adamlar-mesuliyyetden-kenarda-qalib\/\" \/>\n<meta property=\"og:site_name\" content=\"MEYDAN.TV\" \/>\n<meta property=\"article:published_time\" content=\"2024-10-07T14:51:15+00:00\" \/>\n<meta property=\"article:modified_time\" content=\"2024-10-07T14:51:17+00:00\" \/>\n<meta property=\"og:image\" content=\"https:\/\/www.meydan.tv\/wp-content\/uploads\/1704893754_olask.jpg\" \/>\n\t<meta property=\"og:image:width\" content=\"1200\" \/>\n\t<meta property=\"og:image:height\" content=\"775\" \/>\n\t<meta property=\"og:image:type\" content=\"image\/jpeg\" \/>\n<meta name=\"author\" content=\"mahmud\" \/>\n<meta name=\"twitter:card\" content=\"summary_large_image\" \/>\n<script type=\"application\/ld+json\" class=\"yoast-schema-graph\">{\"@context\":\"https:\\\/\\\/schema.org\",\"@graph\":[{\"@type\":\"Article\",\"@id\":\"https:\\\/\\\/www.meydan.tv\\\/az\\\/article\\\/perinatal-merkezde-korpelerin-olumu-esas-adamlar-mesuliyyetden-kenarda-qalib\\\/#article\",\"isPartOf\":{\"@id\":\"https:\\\/\\\/www.meydan.tv\\\/az\\\/article\\\/perinatal-merkezde-korpelerin-olumu-esas-adamlar-mesuliyyetden-kenarda-qalib\\\/\"},\"author\":{\"name\":\"mahmud\",\"@id\":\"https:\\\/\\\/www.meydan.tv\\\/az\\\/#\\\/schema\\\/person\\\/09863e516102a829e72bedcf3f84c6b0\"},\"headline\":\"Perinatal M\u0259rk\u0259zd\u0259 k\u00f6rp\u0259l\u0259rin \u00f6l\u00fcm\u00fc: \u201c\u018fsas adamlar m\u0259suliyy\u0259td\u0259n k\u0259narda qal\u0131b\u201d\",\"datePublished\":\"2024-10-07T14:51:15+00:00\",\"dateModified\":\"2024-10-07T14:51:17+00:00\",\"mainEntityOfPage\":{\"@id\":\"https:\\\/\\\/www.meydan.tv\\\/az\\\/article\\\/perinatal-merkezde-korpelerin-olumu-esas-adamlar-mesuliyyetden-kenarda-qalib\\\/\"},\"wordCount\":1482,\"publisher\":{\"@id\":\"https:\\\/\\\/www.meydan.tv\\\/az\\\/#organization\"},\"image\":{\"@id\":\"https:\\\/\\\/www.meydan.tv\\\/az\\\/article\\\/perinatal-merkezde-korpelerin-olumu-esas-adamlar-mesuliyyetden-kenarda-qalib\\\/#primaryimage\"},\"thumbnailUrl\":\"https:\\\/\\\/www.meydan.tv\\\/wp-content\\\/uploads\\\/1704893754_olask.jpg\",\"articleSection\":[\"Sosial\",\"T\u00f6vsiy\u0259\",\"X\u0259b\u0259rl\u0259r\"],\"inLanguage\":\"az\"},{\"@type\":\"WebPage\",\"@id\":\"https:\\\/\\\/www.meydan.tv\\\/az\\\/article\\\/perinatal-merkezde-korpelerin-olumu-esas-adamlar-mesuliyyetden-kenarda-qalib\\\/\",\"url\":\"https:\\\/\\\/www.meydan.tv\\\/az\\\/article\\\/perinatal-merkezde-korpelerin-olumu-esas-adamlar-mesuliyyetden-kenarda-qalib\\\/\",\"name\":\"Perinatal M\u0259rk\u0259zd\u0259 k\u00f6rp\u0259l\u0259rin \u00f6l\u00fcm\u00fc: \u201c\u018fsas adamlar m\u0259suliyy\u0259td\u0259n k\u0259narda qal\u0131b\u201d - MEYDAN.TV\",\"isPartOf\":{\"@id\":\"https:\\\/\\\/www.meydan.tv\\\/az\\\/#website\"},\"primaryImageOfPage\":{\"@id\":\"https:\\\/\\\/www.meydan.tv\\\/az\\\/article\\\/perinatal-merkezde-korpelerin-olumu-esas-adamlar-mesuliyyetden-kenarda-qalib\\\/#primaryimage\"},\"image\":{\"@id\":\"https:\\\/\\\/www.meydan.tv\\\/az\\\/article\\\/perinatal-merkezde-korpelerin-olumu-esas-adamlar-mesuliyyetden-kenarda-qalib\\\/#primaryimage\"},\"thumbnailUrl\":\"https:\\\/\\\/www.meydan.tv\\\/wp-content\\\/uploads\\\/1704893754_olask.jpg\",\"datePublished\":\"2024-10-07T14:51:15+00:00\",\"dateModified\":\"2024-10-07T14:51:17+00:00\",\"description\":\"9 ay \u0259vv\u0259l Respublika Perinatal M\u0259rk\u0259zind\u0259 7 k\u00f6rp\u0259nin \u00f6l\u00fcm\u00fcn\u0259 s\u0259b\u0259b olan yan\u011f\u0131nla ba\u011fl\u0131 Bak\u0131 A\u011f\u0131r Cinay\u0259tl\u0259r M\u0259hk\u0259m\u0259sind\u0259 ara\u015fd\u0131rmalar ba\u015flay\u0131b.\",\"breadcrumb\":{\"@id\":\"https:\\\/\\\/www.meydan.tv\\\/az\\\/article\\\/perinatal-merkezde-korpelerin-olumu-esas-adamlar-mesuliyyetden-kenarda-qalib\\\/#breadcrumb\"},\"inLanguage\":\"az\",\"potentialAction\":[{\"@type\":\"ReadAction\",\"target\":[\"https:\\\/\\\/www.meydan.tv\\\/az\\\/article\\\/perinatal-merkezde-korpelerin-olumu-esas-adamlar-mesuliyyetden-kenarda-qalib\\\/\"]}]},{\"@type\":\"ImageObject\",\"inLanguage\":\"az\",\"@id\":\"https:\\\/\\\/www.meydan.tv\\\/az\\\/article\\\/perinatal-merkezde-korpelerin-olumu-esas-adamlar-mesuliyyetden-kenarda-qalib\\\/#primaryimage\",\"url\":\"https:\\\/\\\/www.meydan.tv\\\/wp-content\\\/uploads\\\/1704893754_olask.jpg\",\"contentUrl\":\"https:\\\/\\\/www.meydan.tv\\\/wp-content\\\/uploads\\\/1704893754_olask.jpg\",\"width\":1200,\"height\":775,\"caption\":\"Respublika Perinatal M\u0259rk\u0259zi. Foto: Meydan TV\"},{\"@type\":\"BreadcrumbList\",\"@id\":\"https:\\\/\\\/www.meydan.tv\\\/az\\\/article\\\/perinatal-merkezde-korpelerin-olumu-esas-adamlar-mesuliyyetden-kenarda-qalib\\\/#breadcrumb\",\"itemListElement\":[{\"@type\":\"ListItem\",\"position\":1,\"name\":\"Ana s\u0259hif\u0259\",\"item\":\"https:\\\/\\\/www.meydan.tv\\\/az\\\/\"},{\"@type\":\"ListItem\",\"position\":2,\"name\":\"Sosial\",\"item\":\"https:\\\/\\\/www.meydan.tv\\\/az\\\/section\\\/sosial\\\/\"},{\"@type\":\"ListItem\",\"position\":3,\"name\":\"Perinatal M\u0259rk\u0259zd\u0259 k\u00f6rp\u0259l\u0259rin \u00f6l\u00fcm\u00fc: \u201c\u018fsas adamlar m\u0259suliyy\u0259td\u0259n k\u0259narda qal\u0131b\u201d\"}]},{\"@type\":\"WebSite\",\"@id\":\"https:\\\/\\\/www.meydan.tv\\\/az\\\/#website\",\"url\":\"https:\\\/\\\/www.meydan.tv\\\/az\\\/\",\"name\":\"MEYDAN.TV\",\"description\":\"Meydan TV Az\u0259rbaycan\u0131n media m\u0259kan\u0131ndak\u0131 alternativ s\u0259sidir\",\"publisher\":{\"@id\":\"https:\\\/\\\/www.meydan.tv\\\/az\\\/#organization\"},\"potentialAction\":[{\"@type\":\"SearchAction\",\"target\":{\"@type\":\"EntryPoint\",\"urlTemplate\":\"https:\\\/\\\/www.meydan.tv\\\/az\\\/?s={search_term_string}\"},\"query-input\":{\"@type\":\"PropertyValueSpecification\",\"valueRequired\":true,\"valueName\":\"search_term_string\"}}],\"inLanguage\":\"az\"},{\"@type\":\"Organization\",\"@id\":\"https:\\\/\\\/www.meydan.tv\\\/az\\\/#organization\",\"name\":\"Meydan TV\",\"url\":\"https:\\\/\\\/www.meydan.tv\\\/az\\\/\",\"logo\":{\"@type\":\"ImageObject\",\"inLanguage\":\"az\",\"@id\":\"https:\\\/\\\/www.meydan.tv\\\/az\\\/#\\\/schema\\\/logo\\\/image\\\/\",\"url\":\"https:\\\/\\\/www.meydan.tv\\\/wp-content\\\/uploads\\\/2021\\\/07\\\/meydan-logo.svg\",\"contentUrl\":\"https:\\\/\\\/www.meydan.tv\\\/wp-content\\\/uploads\\\/2021\\\/07\\\/meydan-logo.svg\",\"width\":195,\"height\":46,\"caption\":\"Meydan TV\"},\"image\":{\"@id\":\"https:\\\/\\\/www.meydan.tv\\\/az\\\/#\\\/schema\\\/logo\\\/image\\\/\"}},{\"@type\":\"Person\",\"@id\":\"https:\\\/\\\/www.meydan.tv\\\/az\\\/#\\\/schema\\\/person\\\/09863e516102a829e72bedcf3f84c6b0\",\"name\":\"mahmud\"}]}<\/script>\n<!-- \/ Yoast SEO plugin. -->","yoast_head_json":{"title":"Perinatal M\u0259rk\u0259zd\u0259 k\u00f6rp\u0259l\u0259rin \u00f6l\u00fcm\u00fc: \u201c\u018fsas adamlar m\u0259suliyy\u0259td\u0259n k\u0259narda qal\u0131b\u201d - MEYDAN.TV","description":"9 ay \u0259vv\u0259l Respublika Perinatal M\u0259rk\u0259zind\u0259 7 k\u00f6rp\u0259nin \u00f6l\u00fcm\u00fcn\u0259 s\u0259b\u0259b olan yan\u011f\u0131nla ba\u011fl\u0131 Bak\u0131 A\u011f\u0131r Cinay\u0259tl\u0259r M\u0259hk\u0259m\u0259sind\u0259 ara\u015fd\u0131rmalar ba\u015flay\u0131b.","robots":{"index":"index","follow":"follow","max-snippet":"max-snippet:-1","max-image-preview":"max-image-preview:large","max-video-preview":"max-video-preview:-1"},"canonical":"https:\/\/www.meydan.tv\/az\/article\/perinatal-merkezde-korpelerin-olumu-esas-adamlar-mesuliyyetden-kenarda-qalib\/","og_locale":"az_AZ","og_type":"article","og_title":"Perinatal M\u0259rk\u0259zd\u0259 k\u00f6rp\u0259l\u0259rin \u00f6l\u00fcm\u00fc: \u201c\u018fsas adamlar m\u0259suliyy\u0259td\u0259n k\u0259narda qal\u0131b\u201d - MEYDAN.TV","og_description":"9 ay \u0259vv\u0259l Respublika Perinatal M\u0259rk\u0259zind\u0259 7 k\u00f6rp\u0259nin \u00f6l\u00fcm\u00fcn\u0259 s\u0259b\u0259b olan yan\u011f\u0131nla ba\u011fl\u0131 Bak\u0131 A\u011f\u0131r Cinay\u0259tl\u0259r M\u0259hk\u0259m\u0259sind\u0259 ara\u015fd\u0131rmalar ba\u015flay\u0131b.","og_url":"https:\/\/www.meydan.tv\/az\/article\/perinatal-merkezde-korpelerin-olumu-esas-adamlar-mesuliyyetden-kenarda-qalib\/","og_site_name":"MEYDAN.TV","article_published_time":"2024-10-07T14:51:15+00:00","article_modified_time":"2024-10-07T14:51:17+00:00","og_image":[{"width":1200,"height":775,"url":"https:\/\/www.meydan.tv\/wp-content\/uploads\/1704893754_olask.jpg","type":"image\/jpeg"}],"author":"mahmud","twitter_card":"summary_large_image","schema":{"@context":"https:\/\/schema.org","@graph":[{"@type":"Article","@id":"https:\/\/www.meydan.tv\/az\/article\/perinatal-merkezde-korpelerin-olumu-esas-adamlar-mesuliyyetden-kenarda-qalib\/#article","isPartOf":{"@id":"https:\/\/www.meydan.tv\/az\/article\/perinatal-merkezde-korpelerin-olumu-esas-adamlar-mesuliyyetden-kenarda-qalib\/"},"author":{"name":"mahmud","@id":"https:\/\/www.meydan.tv\/az\/#\/schema\/person\/09863e516102a829e72bedcf3f84c6b0"},"headline":"Perinatal M\u0259rk\u0259zd\u0259 k\u00f6rp\u0259l\u0259rin \u00f6l\u00fcm\u00fc: \u201c\u018fsas adamlar m\u0259suliyy\u0259td\u0259n k\u0259narda qal\u0131b\u201d","datePublished":"2024-10-07T14:51:15+00:00","dateModified":"2024-10-07T14:51:17+00:00","mainEntityOfPage":{"@id":"https:\/\/www.meydan.tv\/az\/article\/perinatal-merkezde-korpelerin-olumu-esas-adamlar-mesuliyyetden-kenarda-qalib\/"},"wordCount":1482,"publisher":{"@id":"https:\/\/www.meydan.tv\/az\/#organization"},"image":{"@id":"https:\/\/www.meydan.tv\/az\/article\/perinatal-merkezde-korpelerin-olumu-esas-adamlar-mesuliyyetden-kenarda-qalib\/#primaryimage"},"thumbnailUrl":"https:\/\/www.meydan.tv\/wp-content\/uploads\/1704893754_olask.jpg","articleSection":["Sosial","T\u00f6vsiy\u0259","X\u0259b\u0259rl\u0259r"],"inLanguage":"az"},{"@type":"WebPage","@id":"https:\/\/www.meydan.tv\/az\/article\/perinatal-merkezde-korpelerin-olumu-esas-adamlar-mesuliyyetden-kenarda-qalib\/","url":"https:\/\/www.meydan.tv\/az\/article\/perinatal-merkezde-korpelerin-olumu-esas-adamlar-mesuliyyetden-kenarda-qalib\/","name":"Perinatal M\u0259rk\u0259zd\u0259 k\u00f6rp\u0259l\u0259rin \u00f6l\u00fcm\u00fc: \u201c\u018fsas adamlar m\u0259suliyy\u0259td\u0259n k\u0259narda qal\u0131b\u201d - MEYDAN.TV","isPartOf":{"@id":"https:\/\/www.meydan.tv\/az\/#website"},"primaryImageOfPage":{"@id":"https:\/\/www.meydan.tv\/az\/article\/perinatal-merkezde-korpelerin-olumu-esas-adamlar-mesuliyyetden-kenarda-qalib\/#primaryimage"},"image":{"@id":"https:\/\/www.meydan.tv\/az\/article\/perinatal-merkezde-korpelerin-olumu-esas-adamlar-mesuliyyetden-kenarda-qalib\/#primaryimage"},"thumbnailUrl":"https:\/\/www.meydan.tv\/wp-content\/uploads\/1704893754_olask.jpg","datePublished":"2024-10-07T14:51:15+00:00","dateModified":"2024-10-07T14:51:17+00:00","description":"9 ay \u0259vv\u0259l Respublika Perinatal M\u0259rk\u0259zind\u0259 7 k\u00f6rp\u0259nin \u00f6l\u00fcm\u00fcn\u0259 s\u0259b\u0259b olan yan\u011f\u0131nla ba\u011fl\u0131 Bak\u0131 A\u011f\u0131r Cinay\u0259tl\u0259r M\u0259hk\u0259m\u0259sind\u0259 ara\u015fd\u0131rmalar ba\u015flay\u0131b.","breadcrumb":{"@id":"https:\/\/www.meydan.tv\/az\/article\/perinatal-merkezde-korpelerin-olumu-esas-adamlar-mesuliyyetden-kenarda-qalib\/#breadcrumb"},"inLanguage":"az","potentialAction":[{"@type":"ReadAction","target":["https:\/\/www.meydan.tv\/az\/article\/perinatal-merkezde-korpelerin-olumu-esas-adamlar-mesuliyyetden-kenarda-qalib\/"]}]},{"@type":"ImageObject","inLanguage":"az","@id":"https:\/\/www.meydan.tv\/az\/article\/perinatal-merkezde-korpelerin-olumu-esas-adamlar-mesuliyyetden-kenarda-qalib\/#primaryimage","url":"https:\/\/www.meydan.tv\/wp-content\/uploads\/1704893754_olask.jpg","contentUrl":"https:\/\/www.meydan.tv\/wp-content\/uploads\/1704893754_olask.jpg","width":1200,"height":775,"caption":"Respublika Perinatal M\u0259rk\u0259zi. Foto: Meydan TV"},{"@type":"BreadcrumbList","@id":"https:\/\/www.meydan.tv\/az\/article\/perinatal-merkezde-korpelerin-olumu-esas-adamlar-mesuliyyetden-kenarda-qalib\/#breadcrumb","itemListElement":[{"@type":"ListItem","position":1,"name":"Ana s\u0259hif\u0259","item":"https:\/\/www.meydan.tv\/az\/"},{"@type":"ListItem","position":2,"name":"Sosial","item":"https:\/\/www.meydan.tv\/az\/section\/sosial\/"},{"@type":"ListItem","position":3,"name":"Perinatal M\u0259rk\u0259zd\u0259 k\u00f6rp\u0259l\u0259rin \u00f6l\u00fcm\u00fc: \u201c\u018fsas adamlar m\u0259suliyy\u0259td\u0259n k\u0259narda qal\u0131b\u201d"}]},{"@type":"WebSite","@id":"https:\/\/www.meydan.tv\/az\/#website","url":"https:\/\/www.meydan.tv\/az\/","name":"MEYDAN.TV","description":"Meydan TV Az\u0259rbaycan\u0131n media m\u0259kan\u0131ndak\u0131 alternativ s\u0259sidir","publisher":{"@id":"https:\/\/www.meydan.tv\/az\/#organization"},"potentialAction":[{"@type":"SearchAction","target":{"@type":"EntryPoint","urlTemplate":"https:\/\/www.meydan.tv\/az\/?s={search_term_string}"},"query-input":{"@type":"PropertyValueSpecification","valueRequired":true,"valueName":"search_term_string"}}],"inLanguage":"az"},{"@type":"Organization","@id":"https:\/\/www.meydan.tv\/az\/#organization","name":"Meydan TV","url":"https:\/\/www.meydan.tv\/az\/","logo":{"@type":"ImageObject","inLanguage":"az","@id":"https:\/\/www.meydan.tv\/az\/#\/schema\/logo\/image\/","url":"https:\/\/www.meydan.tv\/wp-content\/uploads\/2021\/07\/meydan-logo.svg","contentUrl":"https:\/\/www.meydan.tv\/wp-content\/uploads\/2021\/07\/meydan-logo.svg","width":195,"height":46,"caption":"Meydan TV"},"image":{"@id":"https:\/\/www.meydan.tv\/az\/#\/schema\/logo\/image\/"}},{"@type":"Person","@id":"https:\/\/www.meydan.tv\/az\/#\/schema\/person\/09863e516102a829e72bedcf3f84c6b0","name":"mahmud"}]}},"_links":{"self":[{"href":"https:\/\/www.meydan.tv\/az\/wp-json\/wp\/v2\/posts\/317204","targetHints":{"allow":["GET"]}}],"collection":[{"href":"https:\/\/www.meydan.tv\/az\/wp-json\/wp\/v2\/posts"}],"about":[{"href":"https:\/\/www.meydan.tv\/az\/wp-json\/wp\/v2\/types\/post"}],"author":[{"embeddable":true,"href":"https:\/\/www.meydan.tv\/az\/wp-json\/wp\/v2\/users\/21"}],"replies":[{"embeddable":true,"href":"https:\/\/www.meydan.tv\/az\/wp-json\/wp\/v2\/comments?post=317204"}],"version-history":[{"count":1,"href":"https:\/\/www.meydan.tv\/az\/wp-json\/wp\/v2\/posts\/317204\/revisions"}],"predecessor-version":[{"id":317205,"href":"https:\/\/www.meydan.tv\/az\/wp-json\/wp\/v2\/posts\/317204\/revisions\/317205"}],"wp:featuredmedia":[{"embeddable":true,"href":"https:\/\/www.meydan.tv\/az\/wp-json\/wp\/v2\/media\/295011"}],"wp:attachment":[{"href":"https:\/\/www.meydan.tv\/az\/wp-json\/wp\/v2\/media?parent=317204"}],"wp:term":[{"taxonomy":"category","embeddable":true,"href":"https:\/\/www.meydan.tv\/az\/wp-json\/wp\/v2\/categories?post=317204"},{"taxonomy":"post_tag","embeddable":true,"href":"https:\/\/www.meydan.tv\/az\/wp-json\/wp\/v2\/tags?post=317204"}],"curies":[{"name":"wp","href":"https:\/\/api.w.org\/{rel}","templated":true}]}}