{"id":317167,"date":"2024-10-07T16:38:24","date_gmt":"2024-10-07T12:38:24","guid":{"rendered":"https:\/\/www.meydan.tv\/?p=317167"},"modified":"2024-10-07T16:38:29","modified_gmt":"2024-10-07T12:38:29","slug":"teqaudde-olan-pedaqoq-pula-gore-pesesine-xelel-getirene-muellim-deye-bilmerem","status":"publish","type":"post","link":"https:\/\/www.meydan.tv\/az\/article\/teqaudde-olan-pedaqoq-pula-gore-pesesine-xelel-getirene-muellim-deye-bilmerem\/","title":{"rendered":"T\u0259qa\u00fcdd\u0259 olan pedaqoq: &#8220;Pula g\u00f6r\u0259 pe\u015f\u0259sin\u0259 x\u0259l\u0259l g\u0259tir\u0259n\u0259 m\u00fc\u0259llim dey\u0259 bilm\u0259r\u0259m&#8221;"},"content":{"rendered":"\n<p><\/p>\n\n\n\n<p><strong><em>&#8220;\u018fg\u0259r s\u0259n\u0259tkarda, m\u00fc\u0259llimd\u0259 insanl\u0131q yoxdursa, o da yar\u0131m\u00e7\u0131qd\u0131r&#8221;<\/em><\/strong><\/p>\n\n\n\n<p>75 ya\u015fl\u0131 H\u0259yat Qurban q\u0131z\u0131\u00a0\u018fl\u0259kb\u0259rova G\u00f6y\u00e7ay rayonunda ya\u015fay\u0131r.<\/p>\n\n\n\n<p>O, 41 ilin pedaqoqudur. H\u0259m Bak\u0131da 6 sayl\u0131, h\u0259m d\u0259&nbsp; G\u00f6y\u00e7ay \u015e\u0259h\u0259r U\u015faq Musiqi M\u0259kt\u0259bind\u0259 tar m\u00fc\u0259llimi kimi \u00e7al\u0131\u015f\u0131b.<\/p>\n\n\n\n<p>\u00d6z\u00fc \u0259cza\u00e7\u0131 olmaq ist\u0259s\u0259 d\u0259, atas\u0131n\u0131n v\u0259 Nazir adl\u0131 m\u00fc\u0259lliminin t\u0259kidi il\u0259 tar s\u0259n\u0259tini se\u00e7ib.<\/p>\n\n\n\n<p>1967-ci ild\u0259 orta m\u0259kt\u0259bi bitirdikd\u0259n sonra 1981-ci ild\u0259 A\u011fdam orta ixtisas musiqi m\u0259kt\u0259binin tar \u015f\u00f6b\u0259sin\u0259 daxil olur.<\/p>\n\n\n\n<p>Dediyin\u0259 g\u00f6r\u0259, istedadl\u0131 m\u00fc\u0259lliml\u0259rinin say\u0259sind\u0259 davaml\u0131 ifa\u00e7\u0131 olmasa da, vicdanl\u0131 v\u0259 pe\u015f\u0259kar pedaqoq olma\u011f\u0131 bacar\u0131r.<\/p>\n\n\n\n<p><em>&#8220;Tar\u0131 g\u00f6t\u00fcr\u00fcb ifa etm\u0259y\u0259 utan\u0131rd\u0131m. Atam\u0131n t\u0259kidi il\u0259 tar s\u0259n\u0259tini se\u00e7ib u\u011fur qazand\u0131m. O, Ceyran Ha\u015f\u0131mova s\u0259n\u0259tind\u0259n ilhamlanm\u0131\u015fd\u0131. Atam onun s\u0259n\u0259tin\u0259 d\u0259y\u0259r verirdi. A\u011fdamda m\u00fc\u0259lliml\u0259rim pe\u015f\u0259kar v\u0259 istedadl\u0131 idi. Ayd\u0131n Mehral\u0131yev tardan, onun atas\u0131 r\u0259hm\u0259tlik M\u0259\u015fh\u0259di N\u0259riman b\u0259y mu\u011fam m\u00fc\u0259llimim olub. H\u0259r ikisi tan\u0131nm\u0131\u015f musiqi\u00e7il\u0259r idi. Ail\u0259vi dostluq \u0259laq\u0259l\u0259rimiz davam edir. Birinci Qaraba\u011f sava\u015f\u0131 vaxt\u0131 Ayd\u0131n m\u00fc\u0259llim \u00e7\u0131x\u0131lmaz durumda idi. G\u00f6y\u00e7ayda kiray\u0259 ev axtar\u0131rd\u0131. H\u0259tta d\u0259rs\u0259 ged\u0259nd\u0259 onu m\u0259kt\u0259bimizd\u0259 g\u00f6rd\u00fcm. Bil\u0259n kimi dedim kiray\u0259 laz\u0131m deyil. Bizd\u0259 qalacaqs\u0131n\u0131z. 6 ay bizd\u0259 qal\u0131b sonra Bak\u0131ya k\u00f6\u00e7d\u00fcl\u0259r. Bu yax\u015f\u0131l\u0131\u011fa g\u00f6r\u0259 b\u00fct\u00fcn g\u00f6y\u00e7ayl\u0131lara onun h\u00f6rm\u0259ti vard\u0131. Halbuki ki\u015fi t\u0259l\u0259b\u0259l\u0259ri bunu g\u00f6rm\u0259zd\u0259n g\u0259lmi\u015fdi. Bel\u0259c\u0259 tar s\u0259n\u0259ti b\u00fct\u00fcn u\u011furlar\u0131mda v\u0259 g\u00f6z\u0259l dostluq \u0259laq\u0259l\u0259rimd\u0259 dayaq oldu&#8221;, &#8211; <\/em>dey\u0259 o xatir\u0259l\u0259rini b\u00f6l\u00fc\u015f\u00fcb.<\/p>\n\n\n\n<p><strong>\u201cYeti\u015fdirdiyim \u00e7oxlu sayda t\u0259l\u0259b\u0259l\u0259r \u0259m\u0259yimin n\u0259tic\u0259sidir\u201d<\/strong><\/p>\n\n\n\n<p>27 il G\u00f6y\u00e7ay \u015e\u0259h\u0259r U\u015faq Musiqi M\u0259kt\u0259bind\u0259 \u00e7al\u0131\u015fan H\u0259yat m\u00fc\u0259llim tar \u015f\u00f6b\u0259sinin quruculu\u011funda v\u0259 m\u0259kt\u0259bin inki\u015faf\u0131nda yenilik\u00e7i m\u00fc\u0259llim kimi \u00e7al\u0131\u015f\u0131b.<\/p>\n\n\n\n<p>M\u00fc\u0259llimlikl\u0259 yana\u015f\u0131, bir m\u00fcdd\u0259t &#8220;\u015eur&#8221; ansambl\u0131nda ifa\u00e7\u0131 kimi d\u0259 tan\u0131n\u0131b.<\/p>\n\n\n\n<p>O deyir ki, m\u0259kt\u0259bd\u0259 \u015fagirdl\u0259rin\u0259 qar\u015f\u0131 prinsipal v\u0259 t\u0259l\u0259bkar olub.<\/p>\n\n\n\n<p>&#8220;Ki\u015fi s\u0259n\u0259tidir&#8221; deyib ifa\u00e7\u0131l\u0131\u011fa y\u00f6n\u0259lm\u0259s\u0259 d\u0259, pedaqoq kimi m\u0259kt\u0259bin qurucu m\u00fc\u0259llimi ad\u0131n\u0131 alanlardan olub.<\/p>\n\n\n\n<p>Onun ki\u015fi tar ifa\u00e7\u0131 v\u0259 pedaqoq t\u0259l\u0259b\u0259si olsa da, yaln\u0131z bir qad\u0131n t\u0259l\u0259b\u0259si olub.<\/p>\n\n\n\n<p>Pedaqoqluqla yana\u015f\u0131, 25\u00a0il H\u0259mkarlar t\u0259\u015fkilat\u0131n\u0131n s\u0259dri olub v\u0259 \u015f\u0259h\u0259r sovetin\u0259 deputat se\u00e7ilib.<\/p>\n\n\n\n<p>Pedaqoqluqda is\u0259 t\u0259l\u0259bkarl\u0131qla yana\u015f\u0131, r\u00fc\u015fv\u0259t v\u0259 m\u00fc\u0259llim \u00f6zba\u015f\u0131nal\u0131\u011f\u0131na qar\u015f\u0131 olub:<\/p>\n\n\n\n<p><em>&#8220;\u0130\u015f\u0259 yeni ba\u015flam\u0131\u015fd\u0131m ki, ictimai f\u0259aliyy\u0259t\u0259 c\u0259lb etdil\u0259r. Ciddi v\u0259 d\u00fczg\u00fcn \u00e7al\u0131\u015f\u0131rd\u0131m. M\u0259hk\u0259m\u0259d\u0259 iclas\u00e7\u0131 kimi d\u0259 t\u0259m\u0259nnas\u0131z \u00e7al\u0131\u015f\u0131rd\u0131m. Pedaqoqlu\u011fu\u00a0is\u0259 dayand\u0131rmad\u0131m. \u00d6yr\u0259d\u0259 bilm\u0259diyim t\u0259l\u0259b\u0259 nadir halda olurdu, ancaq mara\u011f\u0131, h\u0259v\u0259si, istedad\u0131 olmayan u\u015fa\u011f\u0131n valideynin\u0259 bunu deyirdim. Uzaqla\u015f\u0131b ba\u015fqa s\u0259n\u0259t \u00f6yr\u0259nm\u0259yi t\u0259klif edirdim. Yeti\u015fdirdiyim \u00e7oxlu sayda t\u0259l\u0259b\u0259l\u0259r \u0259m\u0259yimin n\u0259tic\u0259sidir. Tar s\u0259n\u0259tini se\u00e7\u0259n, se\u00e7m\u0259y\u0259n d\u0259 ifa ed\u0259 bilir. Bu m\u0259nim q\u00fcrurumdur. H\u0259tta Ramiz Quliyev bel\u0259 M\u0259zahir adl\u0131 t\u0259l\u0259b\u0259md\u0259n imtahan g\u00f6t\u00fcr\u0259nd\u0259 t\u0259\u0259cc\u00fcbl\u0259nib ki, kim olub m\u00fc\u0259llimin? B\u0259y\u0259nib. Evd\u0259 he\u00e7 vaxt u\u015faq haz\u0131rlamad\u0131m, \u00e7\u00fcnki\u00a0 maddiyyata g\u00f6r\u0259 s\u0259n\u0259tim\u0259 x\u0259l\u0259l g\u0259tir\u0259 bilm\u0259r\u0259m&#8221;<\/em>.<\/p>\n\n\n\n<figure class=\"wp-block-image size-large\"><img decoding=\"async\" width=\"1200\" height=\"674\" data-src=\"https:\/\/www.meydan.tv\/wp-content\/uploads\/img-20240922-wa0043-1200x674.jpg\" alt=\"\" class=\"wp-image-317179 lazyload\" src=\"data:image\/svg+xml;base64,PHN2ZyB3aWR0aD0iMSIgaGVpZ2h0PSIxIiB4bWxucz0iaHR0cDovL3d3dy53My5vcmcvMjAwMC9zdmciPjwvc3ZnPg==\" style=\"--smush-placeholder-width: 1200px; --smush-placeholder-aspect-ratio: 1200\/674;\" \/><\/figure>\n\n\n\n<p>Foto: Meydan TV<\/p>\n\n\n\n<p>&#8220;<em>T\u0259hsilin yeri t\u0259hsil oca\u011f\u0131d\u0131r. \u015eagirdi d\u0259 pul g\u00f6z\u00fcnd\u0259 g\u00f6rm\u0259k do\u011fru deyil, vicdans\u0131zl\u0131qd\u0131r. Bel\u0259 \u0259qid\u0259siz m\u00fc\u0259lliml\u0259r, direktorlar \u00e7oxdur. H\u0259tta bir m\u00fc\u0259llim t\u0259l\u0259b\u0259ni pula g\u00f6r\u0259 g\u00f6t\u00fcrm\u0259diyin\u0259 g\u00f6r\u0259 q\u0259lbim q\u0131r\u0131ld\u0131, \u0259laq\u0259ni k\u0259sdim onunla. Sonradan g\u00f6t\u00fcrd\u00fc, u\u015faq h\u0259tta laureat oldu, ancaq bar\u0131\u015fmad\u0131m. \u00c7\u00fcnki o h\u0259r\u0259k\u0259t m\u00fc\u0259llim h\u0259r\u0259k\u0259ti deyildi. Xarakterin d\u0259 sa\u011flam olsun g\u0259r\u0259k&#8221;,<\/em> &#8211; dey\u0259 o bildirib.<\/p>\n\n\n\n<p><strong><em>&#8220;<\/em>\u00d6vlad\u0131m olmasa da, t\u0259l\u0259b\u0259l\u0259rim m\u0259nim \u00f6vladlar\u0131md\u0131r&#8221;<\/strong><\/p>\n\n\n\n<p>Ail\u0259 h\u0259yat\u0131 qurub Bak\u0131ya k\u00f6\u00e7\u0259n H\u0259yat m\u00fc\u0259llim 5 il Bak\u0131da 6 sayl\u0131 Musiqi M\u0259kt\u0259bind\u0259 \u00e7al\u0131\u015f\u0131r.<\/p>\n\n\n\n<p>S\u0259hh\u0259tind\u0259 yaranan ciddi x\u0259st\u0259likl\u0259rd\u0259n dolay\u0131 \u00f6z \u0259riz\u0259si il\u0259 i\u015fd\u0259n \u00e7\u0131x\u0131b do\u011fma G\u00f6y\u00e7ay rayonuna qay\u0131d\u0131r.<\/p>\n\n\n\n<p>Yenid\u0259n onu m\u0259kt\u0259b\u0259 pedaqoq kimi d\u0259v\u0259t edirl\u0259r:<\/p>\n\n\n\n<p><em>&#8220;M\u0259rhum s\u0259n\u0259tkar, tarz\u0259n R\u00f6v\u015f\u0259n Zamanov m\u0259ni t\u0259m\u0259nnas\u0131z d\u0259v\u0259t etdi ki, pe\u015f\u0259kar pedaqoq kimi s\u0259n m\u0259kt\u0259b\u0259 laz\u0131msan. \u0130\u015f\u0259 can yand\u0131r\u0131rd\u0131m dey\u0259 yad\u0131nda bel\u0259 qalm\u0131\u015fd\u0131m. H\u0259r g\u00fcn nahar v\u0259 i\u015f sonu m\u0259kt\u0259bi \u0259n son m\u0259n t\u0259rk ed\u0259rdim. Deyirdil\u0259r ki, qap\u0131n\u0131 ba\u011flamay\u0131n,kim tez gets\u0259 d\u0259, H\u0259yat m\u00fc\u0259llimin tar\u0131 susmaz. U\u015faqlar aras\u0131nda se\u00e7im etm\u0259yi sevm\u0259zdim, can yand\u0131rard\u0131m ki, n\u0259 \u00f6yr\u0259ns\u0259l\u0259r, qazancd\u0131r. M\u0259nim \u00f6vlad\u0131m olmasa da, t\u0259l\u0259b\u0259l\u0259rim m\u0259nim \u00f6vladlar\u0131md\u0131r. 2015-ci ild\u0259 t\u0259qa\u00fcd\u0259 \u00e7\u0131xd\u0131m. \u0130ncik qald\u0131m ki, m\u0259ni t\u0259mt\u0259raqla yola salmad\u0131lar. \u00c7\u00fcnki o kollektiv v\u0259 t\u0259l\u0259b\u0259l\u0259r m\u0259n\u0259 do\u011fma idi. He\u00e7 n\u0259y\u0259 ehtiyac\u0131m yox idi. Sad\u0259c\u0259 onlar\u0131n diqq\u0259tin\u0259 ehtiyac\u0131m vard\u0131. H\u0259m d\u0259 xidm\u0259tl\u0259rim bunu ist\u0259m\u0259y\u0259 haqq verirdi. \u0130ndi m\u0259kt\u0259bd\u0259 kadr v\u0259 \u015f\u00f6b\u0259 \u00e7oxdur. \u00c7\u00fcnki bizl\u0259r bunun t\u0259m\u0259lini qurduq. Ancaq hey\u0259td\u0259 pe\u015f\u0259karlar azd\u0131r. Madiyyata \u00f6n\u0259m art\u0131b v\u0259 keyfiyy\u0259t arxa fona ke\u00e7ib. Bu, \u00fcr\u0259ka\u011fr\u0131d\u0131c\u0131d\u0131r&#8221;.<\/em><\/p>\n\n\n\n<p><strong>\u201cM\u00fc\u0259lliml\u0259r var ki, pula \u00f6n\u0259m verir, pul \u00fc\u00e7\u00fcn d\u0259rs ke\u00e7ir\u201d<\/strong><\/p>\n\n\n\n<p>H\u0259yat m\u00fc\u0259llim t\u0259qa\u00fcd\u0259 \u00e7\u0131xandan sonra f\u0259rdi haz\u0131rl\u0131q m\u0259\u015f\u011f\u0259l\u0259sini q\u0259bul etmir. H\u0259tta 1905-ci il\u0259 aid bahal\u0131 tar\u0131n\u0131 m\u0259kt\u0259b ifa\u00e7\u0131lar\u0131 ondan m\u0259cbur alsalar da, s\u0259n\u0259tinin d\u0259y\u0259rini madiyyata satm\u0131r. Son tar\u0131n\u0131 t\u0259l\u0259b\u0259sin\u0259 h\u0259diyy\u0259 edib.<\/p>\n\n\n\n<p>Deyir ki, onun \u00fc\u00e7\u00fcn t\u0259l\u0259b\u0259l\u0259rd\u0259 ba\u015fl\u0131ca se\u00e7im istedadd\u0131r:<\/p>\n\n\n\n<p><em>&#8220;\u0130lk n\u00f6vb\u0259d\u0259 musiqi istedad\u0131, ritmi, duyumu, yadda\u015f\u0131, e\u015fitm\u0259 qavramas\u0131 olmal\u0131d\u0131r. Bunlar olanda m\u00fc\u0259llim \u00fc\u00e7\u00fcn yax\u015f\u0131 olur. B\u0259z\u0259n sinfind\u0259 yer olmasa da, xahi\u015f edirdil\u0259r ki, g\u00f6t\u00fcr\u00fcm. \u0130stedadl\u0131 t\u0259l\u0259b\u0259m vard\u0131, son tar\u0131m\u0131 ona h\u0259diyy\u0259 etdim. Ancaq ilk q\u0259dim tar\u0131mda\u00a0ham\u0131n\u0131n g\u00f6z\u00fc vard\u0131. M\u0259mm\u0259dba\u011f\u0131r Ba\u011f\u0131rzad\u0259ni Bak\u0131da s\u0259hn\u0259d\u0259 d\u0259f\u0259l\u0259rl\u0259 o tarla m\u00fc\u015fayi\u0259t edibl\u0259r. S\u0259d\u0259fsiz tar idi. Onu zaman\u0131nda sanki he\u00e7 n\u0259y\u0259, c\u0259mi 250 manata sat\u0131b ba\u015fqa tar ald\u0131m. D\u00fcz\u00fc, m\u0259cbur ald\u0131lar, satmaq ist\u0259mirdim.\u00a0 O pulu da almaq ist\u0259yirdil\u0259r dey\u0259 m\u0259cbur verdil\u0259r, hallal\u0131q olsun dey\u0259. Ald\u0131\u011f\u0131m tar\u0131 da t\u0259qa\u00fcd\u0259 \u00e7\u0131xanda t\u0259l\u0259b\u0259m\u0259 h\u0259diyy\u0259 etdim. S\u0259n\u0259tl\u0259 yana\u015f\u0131, insanl\u0131q da \u00f6n\u0259mlidir. \u018fg\u0259r s\u0259n\u0259tkarda, m\u00fc\u0259llimd\u0259 insanl\u0131q yoxdursa, o da yar\u0131m\u00e7\u0131qd\u0131r. \u015eagirdl\u0259r\u0259 madiyyat g\u00f6z\u00fcnd\u0259 baxmad\u0131m, n\u0259 bacard\u0131msa, onu \u00f6yr\u0259tm\u0259kd\u0259n yorulmad\u0131m. M\u00fc\u0259lliml\u0259r var ki, pula \u00f6n\u0259m verir, pul \u00fc\u00e7\u00fcn d\u0259rs ke\u00e7ir. Onlardan pul, h\u0259diyy\u0259 g\u00f6zl\u0259yir. Madiyyata g\u00f6r\u0259 s\u0259n\u0259tin\u0259 x\u0259l\u0259l g\u0259tir\u0259n\u0259 m\u00fc\u0259llim dey\u0259 bilm\u0259r\u0259m. 41 ild\u0259 bir d\u0259f\u0259 d\u0259 olsun bu ba\u015f verm\u0259di. Bu, 75 ya\u015f\u0131mda da vicdan\u0131m\u0131 rahat edir&#8221;.<\/em><\/p>\n\n\n<div class=\"wp-block-image\">\n<figure class=\"aligncenter size-large\"><img decoding=\"async\" width=\"1200\" height=\"540\" data-src=\"https:\/\/www.meydan.tv\/wp-content\/uploads\/img-20241005-wa0141-1-1200x540.jpg\" alt=\"\" class=\"wp-image-317185 lazyload\" src=\"data:image\/svg+xml;base64,PHN2ZyB3aWR0aD0iMSIgaGVpZ2h0PSIxIiB4bWxucz0iaHR0cDovL3d3dy53My5vcmcvMjAwMC9zdmciPjwvc3ZnPg==\" style=\"--smush-placeholder-width: 1200px; --smush-placeholder-aspect-ratio: 1200\/540;\" \/><\/figure>\n<\/div>\n\n\n<p>Foto: Meydan TV<\/p>\n\n\n\n<p>Haz\u0131rda \u00f6mr\u00fcn\u00fcn 75-ci pay\u0131z\u0131n\u0131 ya\u015fayan H\u0259yat m\u00fc\u0259llimi ya\u015fadan da 41 illik pedaqoji f\u0259aliyy\u0259ti il\u0259 ba\u011fl\u0131 xatir\u0259l\u0259ridir.<\/p>\n\n\n\n<p>S\u0259n\u0259tkar h\u0259mkarlar\u0131ndan v\u0259fat ed\u0259nl\u0259ri daim xatir\u0259l\u0259rind\u0259 yad edir.<\/p>\n\n\n\n<p>S\u0259n\u0259tini davam etdir\u0259n t\u0259l\u0259b\u0259 v\u0259 h\u0259mkarlar\u0131 il\u0259 is\u0259 t\u0259s\u0259lli tap\u0131r. Onlarla dostluq \u0259laq\u0259l\u0259rini davam etdirir.<\/p>\n\n\n\n<p>Tez-tez d\u0259 alboma toplanm\u0131\u015f xatir\u0259 \u015f\u0259kill\u0259ri il\u0259 o d\u00f6vrl\u0259r\u0259 qay\u0131d\u0131r, k\u00f6vr\u0259lir, yad edir&#8230;<\/p>\n\n\n\n<p>\u018fn k\u00f6vr\u0259ldiyi an is\u0259 bir daha tara toxuna bilm\u0259y\u0259c\u0259yidir.<\/p>\n\n\n\n<p><em>&#8220;Tar\u0131 evd\u0259 saxlamaq do\u011fru deyil. K\u00f6kd\u0259n d\u00fc\u015fm\u0259sin g\u0259r\u0259k tar. \u018fn yax\u015f\u0131s\u0131 el\u0259 h\u0259diyy\u0259 etdim ki, qoy ifa olunsun. \u00c7\u00fcnki art\u0131q \u0259ll\u0259rim s\u00f6z\u00fcm\u0259 baxm\u0131r, \u0259sir, tar\u0131 saxlaya bilmir\u201d,<\/em> &#8211; dey\u0259 k\u00f6vr\u0259lir.<\/p>\n","protected":false},"excerpt":{"rendered":"<p>&#8220;\u018fg\u0259r s\u0259n\u0259tkarda, m\u00fc\u0259llimd\u0259 insanl\u0131q yoxdursa, o da yar\u0131m\u00e7\u0131qd\u0131r&#8221; 75 ya\u015fl\u0131 &#8230; <\/p>\n<p class=\"read-more-container\"><a title=\"T\u0259qa\u00fcdd\u0259 olan pedaqoq: &#8220;Pula g\u00f6r\u0259 pe\u015f\u0259sin\u0259 x\u0259l\u0259l g\u0259tir\u0259n\u0259 m\u00fc\u0259llim dey\u0259 bilm\u0259r\u0259m&#8221;\" class=\"read-more button\" href=\"https:\/\/www.meydan.tv\/az\/article\/teqaudde-olan-pedaqoq-pula-gore-pesesine-xelel-getirene-muellim-deye-bilmerem\/#more-317167\" aria-label=\"Read more about T\u0259qa\u00fcdd\u0259 olan pedaqoq: &#8220;Pula g\u00f6r\u0259 pe\u015f\u0259sin\u0259 x\u0259l\u0259l g\u0259tir\u0259n\u0259 m\u00fc\u0259llim dey\u0259 bilm\u0259r\u0259m&#8221;\">Davam\u0131<\/a><\/p>\n","protected":false},"author":8,"featured_media":317173,"comment_status":"closed","ping_status":"closed","sticky":false,"template":"","format":"standard","meta":{"_acf_changed":false,"_sitemap_exclude":false,"_sitemap_priority":"","_sitemap_frequency":"","footnotes":""},"categories":[62,56],"tags":[],"class_list":["post-317167","post","type-post","status-publish","format-standard","has-post-thumbnail","hentry","category-sosial","category-xeberler","infinite-scroll-item","generate-columns","tablet-grid-50","mobile-grid-100","grid-parent","grid-33","no-featured-image-padding"],"acf":[],"yoast_head":"<!-- This site is optimized with the Yoast SEO plugin v27.4 - https:\/\/yoast.com\/product\/yoast-seo-wordpress\/ -->\n<title>T\u0259qa\u00fcdd\u0259 olan pedaqoq: &quot;Pula g\u00f6r\u0259 pe\u015f\u0259sin\u0259 x\u0259l\u0259l g\u0259tir\u0259n\u0259 m\u00fc\u0259llim dey\u0259 bilm\u0259r\u0259m&quot; - MEYDAN.TV<\/title>\n<meta name=\"description\" content=\"S\u0259n\u0259tini davam etdir\u0259n t\u0259l\u0259b\u0259 v\u0259 h\u0259mkarlar\u0131 il\u0259 is\u0259 t\u0259s\u0259lli tap\u0131r. Onlarla dostluq \u0259laq\u0259l\u0259rini davam etdirir.\" \/>\n<meta name=\"robots\" content=\"index, follow, max-snippet:-1, max-image-preview:large, max-video-preview:-1\" \/>\n<link rel=\"canonical\" href=\"https:\/\/www.meydan.tv\/az\/article\/teqaudde-olan-pedaqoq-pula-gore-pesesine-xelel-getirene-muellim-deye-bilmerem\/\" \/>\n<meta property=\"og:locale\" content=\"az_AZ\" \/>\n<meta property=\"og:type\" content=\"article\" \/>\n<meta property=\"og:title\" content=\"T\u0259qa\u00fcdd\u0259 olan pedaqoq: &quot;Pula g\u00f6r\u0259 pe\u015f\u0259sin\u0259 x\u0259l\u0259l g\u0259tir\u0259n\u0259 m\u00fc\u0259llim dey\u0259 bilm\u0259r\u0259m&quot; - MEYDAN.TV\" \/>\n<meta property=\"og:description\" content=\"S\u0259n\u0259tini davam etdir\u0259n t\u0259l\u0259b\u0259 v\u0259 h\u0259mkarlar\u0131 il\u0259 is\u0259 t\u0259s\u0259lli tap\u0131r. Onlarla dostluq \u0259laq\u0259l\u0259rini davam etdirir.\" \/>\n<meta property=\"og:url\" content=\"https:\/\/www.meydan.tv\/az\/article\/teqaudde-olan-pedaqoq-pula-gore-pesesine-xelel-getirene-muellim-deye-bilmerem\/\" \/>\n<meta property=\"og:site_name\" content=\"MEYDAN.TV\" \/>\n<meta property=\"article:published_time\" content=\"2024-10-07T12:38:24+00:00\" \/>\n<meta property=\"article:modified_time\" content=\"2024-10-07T12:38:29+00:00\" \/>\n<meta property=\"og:image\" content=\"https:\/\/www.meydan.tv\/wp-content\/uploads\/img-20240922-wa0042.jpg\" \/>\n\t<meta property=\"og:image:width\" content=\"1200\" \/>\n\t<meta property=\"og:image:height\" content=\"675\" \/>\n\t<meta property=\"og:image:type\" content=\"image\/jpeg\" \/>\n<meta name=\"author\" content=\"elli\" \/>\n<meta name=\"twitter:card\" content=\"summary_large_image\" \/>\n<meta name=\"twitter:creator\" content=\"@elli\" \/>\n<script type=\"application\/ld+json\" class=\"yoast-schema-graph\">{\"@context\":\"https:\\\/\\\/schema.org\",\"@graph\":[{\"@type\":\"Article\",\"@id\":\"https:\\\/\\\/www.meydan.tv\\\/az\\\/article\\\/teqaudde-olan-pedaqoq-pula-gore-pesesine-xelel-getirene-muellim-deye-bilmerem\\\/#article\",\"isPartOf\":{\"@id\":\"https:\\\/\\\/www.meydan.tv\\\/az\\\/article\\\/teqaudde-olan-pedaqoq-pula-gore-pesesine-xelel-getirene-muellim-deye-bilmerem\\\/\"},\"author\":{\"name\":\"elli\",\"@id\":\"https:\\\/\\\/www.meydan.tv\\\/az\\\/#\\\/schema\\\/person\\\/9cdbecf90d17180ce1dfbd95b08dcf47\"},\"headline\":\"T\u0259qa\u00fcdd\u0259 olan pedaqoq: &#8220;Pula g\u00f6r\u0259 pe\u015f\u0259sin\u0259 x\u0259l\u0259l g\u0259tir\u0259n\u0259 m\u00fc\u0259llim dey\u0259 bilm\u0259r\u0259m&#8221;\",\"datePublished\":\"2024-10-07T12:38:24+00:00\",\"dateModified\":\"2024-10-07T12:38:29+00:00\",\"mainEntityOfPage\":{\"@id\":\"https:\\\/\\\/www.meydan.tv\\\/az\\\/article\\\/teqaudde-olan-pedaqoq-pula-gore-pesesine-xelel-getirene-muellim-deye-bilmerem\\\/\"},\"wordCount\":1593,\"publisher\":{\"@id\":\"https:\\\/\\\/www.meydan.tv\\\/az\\\/#organization\"},\"image\":{\"@id\":\"https:\\\/\\\/www.meydan.tv\\\/az\\\/article\\\/teqaudde-olan-pedaqoq-pula-gore-pesesine-xelel-getirene-muellim-deye-bilmerem\\\/#primaryimage\"},\"thumbnailUrl\":\"https:\\\/\\\/www.meydan.tv\\\/wp-content\\\/uploads\\\/img-20240922-wa0042.jpg\",\"articleSection\":[\"Sosial\",\"X\u0259b\u0259rl\u0259r\"],\"inLanguage\":\"az\"},{\"@type\":\"WebPage\",\"@id\":\"https:\\\/\\\/www.meydan.tv\\\/az\\\/article\\\/teqaudde-olan-pedaqoq-pula-gore-pesesine-xelel-getirene-muellim-deye-bilmerem\\\/\",\"url\":\"https:\\\/\\\/www.meydan.tv\\\/az\\\/article\\\/teqaudde-olan-pedaqoq-pula-gore-pesesine-xelel-getirene-muellim-deye-bilmerem\\\/\",\"name\":\"T\u0259qa\u00fcdd\u0259 olan pedaqoq: \\\"Pula g\u00f6r\u0259 pe\u015f\u0259sin\u0259 x\u0259l\u0259l g\u0259tir\u0259n\u0259 m\u00fc\u0259llim dey\u0259 bilm\u0259r\u0259m\\\" - MEYDAN.TV\",\"isPartOf\":{\"@id\":\"https:\\\/\\\/www.meydan.tv\\\/az\\\/#website\"},\"primaryImageOfPage\":{\"@id\":\"https:\\\/\\\/www.meydan.tv\\\/az\\\/article\\\/teqaudde-olan-pedaqoq-pula-gore-pesesine-xelel-getirene-muellim-deye-bilmerem\\\/#primaryimage\"},\"image\":{\"@id\":\"https:\\\/\\\/www.meydan.tv\\\/az\\\/article\\\/teqaudde-olan-pedaqoq-pula-gore-pesesine-xelel-getirene-muellim-deye-bilmerem\\\/#primaryimage\"},\"thumbnailUrl\":\"https:\\\/\\\/www.meydan.tv\\\/wp-content\\\/uploads\\\/img-20240922-wa0042.jpg\",\"datePublished\":\"2024-10-07T12:38:24+00:00\",\"dateModified\":\"2024-10-07T12:38:29+00:00\",\"description\":\"S\u0259n\u0259tini davam etdir\u0259n t\u0259l\u0259b\u0259 v\u0259 h\u0259mkarlar\u0131 il\u0259 is\u0259 t\u0259s\u0259lli tap\u0131r. Onlarla dostluq \u0259laq\u0259l\u0259rini davam etdirir.\",\"breadcrumb\":{\"@id\":\"https:\\\/\\\/www.meydan.tv\\\/az\\\/article\\\/teqaudde-olan-pedaqoq-pula-gore-pesesine-xelel-getirene-muellim-deye-bilmerem\\\/#breadcrumb\"},\"inLanguage\":\"az\",\"potentialAction\":[{\"@type\":\"ReadAction\",\"target\":[\"https:\\\/\\\/www.meydan.tv\\\/az\\\/article\\\/teqaudde-olan-pedaqoq-pula-gore-pesesine-xelel-getirene-muellim-deye-bilmerem\\\/\"]}]},{\"@type\":\"ImageObject\",\"inLanguage\":\"az\",\"@id\":\"https:\\\/\\\/www.meydan.tv\\\/az\\\/article\\\/teqaudde-olan-pedaqoq-pula-gore-pesesine-xelel-getirene-muellim-deye-bilmerem\\\/#primaryimage\",\"url\":\"https:\\\/\\\/www.meydan.tv\\\/wp-content\\\/uploads\\\/img-20240922-wa0042.jpg\",\"contentUrl\":\"https:\\\/\\\/www.meydan.tv\\\/wp-content\\\/uploads\\\/img-20240922-wa0042.jpg\",\"width\":1200,\"height\":675,\"caption\":\"H\u0259yat \u018fl\u0259kb\u0259rova. Foto: Meydan TV\"},{\"@type\":\"BreadcrumbList\",\"@id\":\"https:\\\/\\\/www.meydan.tv\\\/az\\\/article\\\/teqaudde-olan-pedaqoq-pula-gore-pesesine-xelel-getirene-muellim-deye-bilmerem\\\/#breadcrumb\",\"itemListElement\":[{\"@type\":\"ListItem\",\"position\":1,\"name\":\"Ana s\u0259hif\u0259\",\"item\":\"https:\\\/\\\/www.meydan.tv\\\/az\\\/\"},{\"@type\":\"ListItem\",\"position\":2,\"name\":\"Sosial\",\"item\":\"https:\\\/\\\/www.meydan.tv\\\/az\\\/section\\\/sosial\\\/\"},{\"@type\":\"ListItem\",\"position\":3,\"name\":\"T\u0259qa\u00fcdd\u0259 olan pedaqoq: &#8220;Pula g\u00f6r\u0259 pe\u015f\u0259sin\u0259 x\u0259l\u0259l g\u0259tir\u0259n\u0259 m\u00fc\u0259llim dey\u0259 bilm\u0259r\u0259m&#8221;\"}]},{\"@type\":\"WebSite\",\"@id\":\"https:\\\/\\\/www.meydan.tv\\\/az\\\/#website\",\"url\":\"https:\\\/\\\/www.meydan.tv\\\/az\\\/\",\"name\":\"MEYDAN.TV\",\"description\":\"Meydan TV Az\u0259rbaycan\u0131n media m\u0259kan\u0131ndak\u0131 alternativ s\u0259sidir\",\"publisher\":{\"@id\":\"https:\\\/\\\/www.meydan.tv\\\/az\\\/#organization\"},\"potentialAction\":[{\"@type\":\"SearchAction\",\"target\":{\"@type\":\"EntryPoint\",\"urlTemplate\":\"https:\\\/\\\/www.meydan.tv\\\/az\\\/?s={search_term_string}\"},\"query-input\":{\"@type\":\"PropertyValueSpecification\",\"valueRequired\":true,\"valueName\":\"search_term_string\"}}],\"inLanguage\":\"az\"},{\"@type\":\"Organization\",\"@id\":\"https:\\\/\\\/www.meydan.tv\\\/az\\\/#organization\",\"name\":\"Meydan TV\",\"url\":\"https:\\\/\\\/www.meydan.tv\\\/az\\\/\",\"logo\":{\"@type\":\"ImageObject\",\"inLanguage\":\"az\",\"@id\":\"https:\\\/\\\/www.meydan.tv\\\/az\\\/#\\\/schema\\\/logo\\\/image\\\/\",\"url\":\"https:\\\/\\\/www.meydan.tv\\\/wp-content\\\/uploads\\\/2021\\\/07\\\/meydan-logo.svg\",\"contentUrl\":\"https:\\\/\\\/www.meydan.tv\\\/wp-content\\\/uploads\\\/2021\\\/07\\\/meydan-logo.svg\",\"width\":195,\"height\":46,\"caption\":\"Meydan TV\"},\"image\":{\"@id\":\"https:\\\/\\\/www.meydan.tv\\\/az\\\/#\\\/schema\\\/logo\\\/image\\\/\"}},{\"@type\":\"Person\",\"@id\":\"https:\\\/\\\/www.meydan.tv\\\/az\\\/#\\\/schema\\\/person\\\/9cdbecf90d17180ce1dfbd95b08dcf47\",\"name\":\"elli\",\"sameAs\":[\"https:\\\/\\\/x.com\\\/elli\"]}]}<\/script>\n<!-- \/ Yoast SEO plugin. -->","yoast_head_json":{"title":"T\u0259qa\u00fcdd\u0259 olan pedaqoq: \"Pula g\u00f6r\u0259 pe\u015f\u0259sin\u0259 x\u0259l\u0259l g\u0259tir\u0259n\u0259 m\u00fc\u0259llim dey\u0259 bilm\u0259r\u0259m\" - MEYDAN.TV","description":"S\u0259n\u0259tini davam etdir\u0259n t\u0259l\u0259b\u0259 v\u0259 h\u0259mkarlar\u0131 il\u0259 is\u0259 t\u0259s\u0259lli tap\u0131r. Onlarla dostluq \u0259laq\u0259l\u0259rini davam etdirir.","robots":{"index":"index","follow":"follow","max-snippet":"max-snippet:-1","max-image-preview":"max-image-preview:large","max-video-preview":"max-video-preview:-1"},"canonical":"https:\/\/www.meydan.tv\/az\/article\/teqaudde-olan-pedaqoq-pula-gore-pesesine-xelel-getirene-muellim-deye-bilmerem\/","og_locale":"az_AZ","og_type":"article","og_title":"T\u0259qa\u00fcdd\u0259 olan pedaqoq: \"Pula g\u00f6r\u0259 pe\u015f\u0259sin\u0259 x\u0259l\u0259l g\u0259tir\u0259n\u0259 m\u00fc\u0259llim dey\u0259 bilm\u0259r\u0259m\" - MEYDAN.TV","og_description":"S\u0259n\u0259tini davam etdir\u0259n t\u0259l\u0259b\u0259 v\u0259 h\u0259mkarlar\u0131 il\u0259 is\u0259 t\u0259s\u0259lli tap\u0131r. Onlarla dostluq \u0259laq\u0259l\u0259rini davam etdirir.","og_url":"https:\/\/www.meydan.tv\/az\/article\/teqaudde-olan-pedaqoq-pula-gore-pesesine-xelel-getirene-muellim-deye-bilmerem\/","og_site_name":"MEYDAN.TV","article_published_time":"2024-10-07T12:38:24+00:00","article_modified_time":"2024-10-07T12:38:29+00:00","og_image":[{"width":1200,"height":675,"url":"https:\/\/www.meydan.tv\/wp-content\/uploads\/img-20240922-wa0042.jpg","type":"image\/jpeg"}],"author":"elli","twitter_card":"summary_large_image","twitter_creator":"@elli","schema":{"@context":"https:\/\/schema.org","@graph":[{"@type":"Article","@id":"https:\/\/www.meydan.tv\/az\/article\/teqaudde-olan-pedaqoq-pula-gore-pesesine-xelel-getirene-muellim-deye-bilmerem\/#article","isPartOf":{"@id":"https:\/\/www.meydan.tv\/az\/article\/teqaudde-olan-pedaqoq-pula-gore-pesesine-xelel-getirene-muellim-deye-bilmerem\/"},"author":{"name":"elli","@id":"https:\/\/www.meydan.tv\/az\/#\/schema\/person\/9cdbecf90d17180ce1dfbd95b08dcf47"},"headline":"T\u0259qa\u00fcdd\u0259 olan pedaqoq: &#8220;Pula g\u00f6r\u0259 pe\u015f\u0259sin\u0259 x\u0259l\u0259l g\u0259tir\u0259n\u0259 m\u00fc\u0259llim dey\u0259 bilm\u0259r\u0259m&#8221;","datePublished":"2024-10-07T12:38:24+00:00","dateModified":"2024-10-07T12:38:29+00:00","mainEntityOfPage":{"@id":"https:\/\/www.meydan.tv\/az\/article\/teqaudde-olan-pedaqoq-pula-gore-pesesine-xelel-getirene-muellim-deye-bilmerem\/"},"wordCount":1593,"publisher":{"@id":"https:\/\/www.meydan.tv\/az\/#organization"},"image":{"@id":"https:\/\/www.meydan.tv\/az\/article\/teqaudde-olan-pedaqoq-pula-gore-pesesine-xelel-getirene-muellim-deye-bilmerem\/#primaryimage"},"thumbnailUrl":"https:\/\/www.meydan.tv\/wp-content\/uploads\/img-20240922-wa0042.jpg","articleSection":["Sosial","X\u0259b\u0259rl\u0259r"],"inLanguage":"az"},{"@type":"WebPage","@id":"https:\/\/www.meydan.tv\/az\/article\/teqaudde-olan-pedaqoq-pula-gore-pesesine-xelel-getirene-muellim-deye-bilmerem\/","url":"https:\/\/www.meydan.tv\/az\/article\/teqaudde-olan-pedaqoq-pula-gore-pesesine-xelel-getirene-muellim-deye-bilmerem\/","name":"T\u0259qa\u00fcdd\u0259 olan pedaqoq: \"Pula g\u00f6r\u0259 pe\u015f\u0259sin\u0259 x\u0259l\u0259l g\u0259tir\u0259n\u0259 m\u00fc\u0259llim dey\u0259 bilm\u0259r\u0259m\" - MEYDAN.TV","isPartOf":{"@id":"https:\/\/www.meydan.tv\/az\/#website"},"primaryImageOfPage":{"@id":"https:\/\/www.meydan.tv\/az\/article\/teqaudde-olan-pedaqoq-pula-gore-pesesine-xelel-getirene-muellim-deye-bilmerem\/#primaryimage"},"image":{"@id":"https:\/\/www.meydan.tv\/az\/article\/teqaudde-olan-pedaqoq-pula-gore-pesesine-xelel-getirene-muellim-deye-bilmerem\/#primaryimage"},"thumbnailUrl":"https:\/\/www.meydan.tv\/wp-content\/uploads\/img-20240922-wa0042.jpg","datePublished":"2024-10-07T12:38:24+00:00","dateModified":"2024-10-07T12:38:29+00:00","description":"S\u0259n\u0259tini davam etdir\u0259n t\u0259l\u0259b\u0259 v\u0259 h\u0259mkarlar\u0131 il\u0259 is\u0259 t\u0259s\u0259lli tap\u0131r. Onlarla dostluq \u0259laq\u0259l\u0259rini davam etdirir.","breadcrumb":{"@id":"https:\/\/www.meydan.tv\/az\/article\/teqaudde-olan-pedaqoq-pula-gore-pesesine-xelel-getirene-muellim-deye-bilmerem\/#breadcrumb"},"inLanguage":"az","potentialAction":[{"@type":"ReadAction","target":["https:\/\/www.meydan.tv\/az\/article\/teqaudde-olan-pedaqoq-pula-gore-pesesine-xelel-getirene-muellim-deye-bilmerem\/"]}]},{"@type":"ImageObject","inLanguage":"az","@id":"https:\/\/www.meydan.tv\/az\/article\/teqaudde-olan-pedaqoq-pula-gore-pesesine-xelel-getirene-muellim-deye-bilmerem\/#primaryimage","url":"https:\/\/www.meydan.tv\/wp-content\/uploads\/img-20240922-wa0042.jpg","contentUrl":"https:\/\/www.meydan.tv\/wp-content\/uploads\/img-20240922-wa0042.jpg","width":1200,"height":675,"caption":"H\u0259yat \u018fl\u0259kb\u0259rova. Foto: Meydan TV"},{"@type":"BreadcrumbList","@id":"https:\/\/www.meydan.tv\/az\/article\/teqaudde-olan-pedaqoq-pula-gore-pesesine-xelel-getirene-muellim-deye-bilmerem\/#breadcrumb","itemListElement":[{"@type":"ListItem","position":1,"name":"Ana s\u0259hif\u0259","item":"https:\/\/www.meydan.tv\/az\/"},{"@type":"ListItem","position":2,"name":"Sosial","item":"https:\/\/www.meydan.tv\/az\/section\/sosial\/"},{"@type":"ListItem","position":3,"name":"T\u0259qa\u00fcdd\u0259 olan pedaqoq: &#8220;Pula g\u00f6r\u0259 pe\u015f\u0259sin\u0259 x\u0259l\u0259l g\u0259tir\u0259n\u0259 m\u00fc\u0259llim dey\u0259 bilm\u0259r\u0259m&#8221;"}]},{"@type":"WebSite","@id":"https:\/\/www.meydan.tv\/az\/#website","url":"https:\/\/www.meydan.tv\/az\/","name":"MEYDAN.TV","description":"Meydan TV Az\u0259rbaycan\u0131n media m\u0259kan\u0131ndak\u0131 alternativ s\u0259sidir","publisher":{"@id":"https:\/\/www.meydan.tv\/az\/#organization"},"potentialAction":[{"@type":"SearchAction","target":{"@type":"EntryPoint","urlTemplate":"https:\/\/www.meydan.tv\/az\/?s={search_term_string}"},"query-input":{"@type":"PropertyValueSpecification","valueRequired":true,"valueName":"search_term_string"}}],"inLanguage":"az"},{"@type":"Organization","@id":"https:\/\/www.meydan.tv\/az\/#organization","name":"Meydan TV","url":"https:\/\/www.meydan.tv\/az\/","logo":{"@type":"ImageObject","inLanguage":"az","@id":"https:\/\/www.meydan.tv\/az\/#\/schema\/logo\/image\/","url":"https:\/\/www.meydan.tv\/wp-content\/uploads\/2021\/07\/meydan-logo.svg","contentUrl":"https:\/\/www.meydan.tv\/wp-content\/uploads\/2021\/07\/meydan-logo.svg","width":195,"height":46,"caption":"Meydan TV"},"image":{"@id":"https:\/\/www.meydan.tv\/az\/#\/schema\/logo\/image\/"}},{"@type":"Person","@id":"https:\/\/www.meydan.tv\/az\/#\/schema\/person\/9cdbecf90d17180ce1dfbd95b08dcf47","name":"elli","sameAs":["https:\/\/x.com\/elli"]}]}},"_links":{"self":[{"href":"https:\/\/www.meydan.tv\/az\/wp-json\/wp\/v2\/posts\/317167","targetHints":{"allow":["GET"]}}],"collection":[{"href":"https:\/\/www.meydan.tv\/az\/wp-json\/wp\/v2\/posts"}],"about":[{"href":"https:\/\/www.meydan.tv\/az\/wp-json\/wp\/v2\/types\/post"}],"author":[{"embeddable":true,"href":"https:\/\/www.meydan.tv\/az\/wp-json\/wp\/v2\/users\/8"}],"replies":[{"embeddable":true,"href":"https:\/\/www.meydan.tv\/az\/wp-json\/wp\/v2\/comments?post=317167"}],"version-history":[{"count":4,"href":"https:\/\/www.meydan.tv\/az\/wp-json\/wp\/v2\/posts\/317167\/revisions"}],"predecessor-version":[{"id":317191,"href":"https:\/\/www.meydan.tv\/az\/wp-json\/wp\/v2\/posts\/317167\/revisions\/317191"}],"wp:featuredmedia":[{"embeddable":true,"href":"https:\/\/www.meydan.tv\/az\/wp-json\/wp\/v2\/media\/317173"}],"wp:attachment":[{"href":"https:\/\/www.meydan.tv\/az\/wp-json\/wp\/v2\/media?parent=317167"}],"wp:term":[{"taxonomy":"category","embeddable":true,"href":"https:\/\/www.meydan.tv\/az\/wp-json\/wp\/v2\/categories?post=317167"},{"taxonomy":"post_tag","embeddable":true,"href":"https:\/\/www.meydan.tv\/az\/wp-json\/wp\/v2\/tags?post=317167"}],"curies":[{"name":"wp","href":"https:\/\/api.w.org\/{rel}","templated":true}]}}