{"id":316917,"date":"2024-10-02T18:37:38","date_gmt":"2024-10-02T14:37:38","guid":{"rendered":"https:\/\/www.meydan.tv\/?p=316917"},"modified":"2024-10-02T18:37:45","modified_gmt":"2024-10-02T14:37:45","slug":"bakida-kirayenisin-ev-sahibi-terefinden-doyulduyunu-deyir","status":"publish","type":"post","link":"https:\/\/www.meydan.tv\/az\/article\/bakida-kirayenisin-ev-sahibi-terefinden-doyulduyunu-deyir\/","title":{"rendered":"Bak\u0131da kiray\u0259ni\u015fin ev sahibi t\u0259r\u0259find\u0259n d\u00f6y\u00fcld\u00fcy\u00fcn\u00fc deyir"},"content":{"rendered":"\n<p><\/p>\n\n\n\n<p><strong><em>Davan\u0131n su borcu \u00fcst\u00fcnd\u0259 d\u00fc\u015fd\u00fcy\u00fc deyilir, D\u0130N t\u0259hqiqat apard\u0131\u011f\u0131n\u0131 bildirib<\/em><\/strong><\/p>\n\n\n\n<p>V\u0259t\u0259nda\u015f Rahid\u0259 M\u0259cnun q\u0131z\u0131 R\u0259himova kiray\u0259 ya\u015fad\u0131\u011f\u0131 m\u0259nzild\u0259 ev sahibi H\u00fcr\u00fcm\u0259l\u0259k S\u00fcleymanova t\u0259r\u0259find\u0259n d\u00f6y\u00fcld\u00fcy\u00fcn\u00fc iddia edir.<\/p>\n\n\n\n<p>\u015eikay\u0259t\u00e7i Meydan TV-y\u0259 bildirib ki, 2024-c\u00fc il sentyabr\u0131n 18-d\u0259 su say\u011fac\u0131 \u00fcst\u00fcnd\u0259 ba\u015f ver\u0259n insident n\u0259tic\u0259sind\u0259 ev sahibi onu t\u0259hqir edib v\u0259 fiziki t\u0259zyiq g\u00f6st\u0259rib:<\/p>\n\n\n\n<p>\u201c<em>Bir il alt\u0131 ayd\u0131r ki, N\u0259simi rayon Dilar\u0259 \u018fliyeva k\u00fc\u00e7\u0259si, 160 m\u0259nzil 16-da kiray\u0259 ya\u015fay\u0131ram. \u0130kim\u0259rt\u0259b\u0259li q\u0259dimi bina evidir. Kiray\u0259 haqq\u0131 230 manatd\u0131r. 2023-c\u00fc ilin sentyabr-oktyabr aylar\u0131nda \u201cAz\u0259rsu\u201dnun n\u0259zar\u0259t\u00e7isi g\u0259lib, m\u0259n\u0259 \u00f6d\u0259ni\u015f etm\u0259yim \u00fc\u00e7\u00fcn q\u0259bz t\u0259qdim etdi. Q\u0259bz\u0259 baxd\u0131m ki, iki say\u011fac qeyd olunub. Ev sahibind\u0259n n\u0259y\u0259 g\u00f6r\u0259 iki say\u011fac\u0131n qeyd olundu\u011funu v\u0259 suyun pulunun bel\u0259 \u00e7ox yazd\u0131\u011f\u0131n\u0131 soru\u015fdum. O da ac\u0131qlad\u0131 ki, s\u0259nin borcundur, \u00f6d\u0259m\u0259lis\u0259n\u201d<\/em>.<\/p>\n\n\n<div class=\"wp-block-image\">\n<figure class=\"aligncenter size-large\"><img decoding=\"async\" width=\"1095\" height=\"821\" data-src=\"https:\/\/www.meydan.tv\/wp-content\/uploads\/whatsapp-image-2024-10-01-at-03.02.36_f2eacbee-1095x821.jpg\" alt=\"\" class=\"wp-image-316903 lazyload\" src=\"data:image\/svg+xml;base64,PHN2ZyB3aWR0aD0iMSIgaGVpZ2h0PSIxIiB4bWxucz0iaHR0cDovL3d3dy53My5vcmcvMjAwMC9zdmciPjwvc3ZnPg==\" style=\"--smush-placeholder-width: 1095px; --smush-placeholder-aspect-ratio: 1095\/821;\" \/><figcaption class=\"wp-element-caption\">Foto: Rahid\u0259 R\u0259himovan\u0131n arxivind\u0259n<\/figcaption><\/figure>\n<\/div>\n\n\n<p>Rahid\u0259 R\u0259himova sonradan bilib ki, ev sahibinin h\u0259y\u0259td\u0259 icar\u0259y\u0259 verdiyi zirz\u0259minin d\u0259 suyu onun say\u011fac\u0131na qo\u015fulubmu\u015f.<\/p>\n\n\n\n<p><em>\u201cEv sahibi zirz\u0259mini \u018fziz\u0259 adl\u0131 d\u0259rziy\u0259 icar\u0259y\u0259 verib. H\u0259min qad\u0131n 15 ildir ki, zirz\u0259mini icar\u0259y\u0259 g\u00f6t\u00fcr\u00fcb. S\u0259n dem\u0259, m\u0259nim m\u0259tb\u0259ximd\u0259n boru il\u0259 zirz\u0259miy\u0259 su gedirmi\u015f\u201d<\/em>, &#8211; \u015fikay\u0259t\u00e7i deyir.<\/p>\n\n\n\n<p>O bildirib ki, 2023-c\u00fc ilin dekabr\u0131ndan etibar\u0259n 2024-c\u00fc ilin ilk \u00fc\u00e7 ay\u0131 evd\u0259 ya\u015famasa da, vaxtl\u0131-vaxt\u0131nda kiray\u0259 pulunu \u00f6d\u0259yib.<\/p>\n\n\n<div class=\"wp-block-image\">\n<figure class=\"alignleft size-large is-resized\"><img decoding=\"async\" width=\"469\" height=\"821\" data-src=\"https:\/\/www.meydan.tv\/wp-content\/uploads\/whatsapp-image-2024-10-01-at-03.43.23_5a2e70ea-469x821.jpg\" alt=\"\" class=\"wp-image-316919 lazyload\" style=\"--smush-placeholder-width: 469px; --smush-placeholder-aspect-ratio: 469\/821;width:290px;height:auto\" src=\"data:image\/svg+xml;base64,PHN2ZyB3aWR0aD0iMSIgaGVpZ2h0PSIxIiB4bWxucz0iaHR0cDovL3d3dy53My5vcmcvMjAwMC9zdmciPjwvc3ZnPg==\" \/><figcaption class=\"wp-element-caption\">Foto: Rahid\u0259 R\u0259himovan\u0131n arxivind\u0259n<\/figcaption><\/figure>\n<\/div>\n\n\n<p><em>\u201cD\u00f6rd ay idi ki, evd\u0259 ya\u015fam\u0131rd\u0131m. 2024-c\u00fc il sentyabr\u0131n 4-d\u0259 N\u0259simi rayonu \u00fczr\u0259 n\u0259zar\u0259t\u00e7i suyun \u00f6d\u0259nilm\u0259si il\u0259 \u0259laq\u0259dar q\u0259bzi m\u0259n\u0259 verdi. Q\u0259bzd\u0259 50 manat yaz\u0131lm\u0131\u015fd\u0131. Bu r\u0259q\u0259mi g\u00f6r\u0259nd\u0259 naraz\u0131l\u0131q etdim. N\u0259zar\u0259t\u00e7i v\u0259 ev sahibi m\u0259ni t\u0259kl\u0259di. Ev sahibi d\u0259 dedi ki, s\u0259nin k\u00f6hn\u0259 borclar\u0131nd\u0131r, \u00f6d\u0259m\u0259mis\u0259n. Halbuki 4 ay orada ya\u015famam\u0131\u015fd\u0131m. N\u0259simi Rayon Sukanal \u0130dasr\u0259sinin n\u0259zar\u0259t\u00e7isi \u018fmirxan Abbasov ev sahibi il\u0259 \u0259lbir olub, m\u0259ni aldad\u0131blar\u201d, <\/em>&#8211; Rahid\u0259 R\u0259himova deyir.<\/p>\n\n\n\n<p>O, m\u0259s\u0259l\u0259 il\u0259 \u0259laq\u0259dar \u201cAz\u0259rsu\u201dya m\u00fcraci\u0259t etdiyini deyir:<\/p>\n\n\n\n<p><em>\u201c\u018fvv\u0259lc\u0259d\u0259n d\u0259 ev yiy\u0259sini m\u0259lumatland\u0131rd\u0131m ki, \u201cAz\u0259rsu\u201ddan n\u00fcmay\u0259nd\u0259 g\u0259lib ara\u015fd\u0131racaq. Sentyabr\u0131n 18-d\u0259 m\u00fcraci\u0259tim \u0259sas\u0131nda \u201cAz\u0259rsu\u201dnun n\u00fcmay\u0259nd\u0259si \u00fcnvan\u0131m\u0131za g\u0259ldi. Yoxlan\u0131\u015f zaman\u0131 m\u0259lum oldu ki, d\u0259rzinin i\u015fl\u0259tdiyi yerd\u0259 su say\u011fac\u0131 m\u0259nim evimin say\u011fac\u0131na birl\u0259\u015fdirilib. N\u00fcmay\u0259nd\u0259 bildirdi ki, x\u0259tti k\u0259s\u0259c\u0259y\u0259m, d\u00f6vl\u0259td\u0259n su o\u011furlam\u0131s\u0131n\u0131z. Ev yiy\u0259si d\u0259 c\u0259rim\u0259l\u0259n\u0259c\u0259k. Bu, d\u0259l\u0259duzluqdur. M\u0259n\u0259 dedi ki, sizin borcunuz 18 manatd\u0131r. Dig\u0259r 32 manat\u0131 is\u0259 ev sahibi v\u0259 d\u0259rzi \u00f6d\u0259y\u0259c\u0259k\u201d<\/em>.<\/p>\n\n\n\n<p>\u201c<em>Bir il alt\u0131 ay m\u0259n bunlar\u0131n \u0259v\u0259zin\u0259 su pulu \u00f6d\u0259mi\u015f\u0259m. \u00d6z\u00fcm d\u0259 onkoloji x\u0259st\u0259y\u0259m, d\u0259rman alma\u011fa pul tapm\u0131ram. N\u00fcmay\u0259nd\u0259 ged\u0259nd\u0259n sonra ev sahibi il\u0259 d\u0259rzi qad\u0131n m\u0259n\u0259 h\u00fccum \u00e7\u0259kdil\u0259r. D\u0259rzi \u00fcz\u0259rim\u0259 cumdu, sa\u00e7lar\u0131m\u0131 yoldu. M\u0259ni it\u0259l\u0259di, d\u0259mir qap\u0131n\u0131n qulpuna d\u0259ydim, sa\u011f \u00e7iynimin a\u015fa\u011f\u0131 nahiyy\u0259si \u0259zildi\u201d, <\/em>&#8211; v\u0259t\u0259nda\u015f deyir.<\/p>\n\n\n\n<p>R\u0259himova \u0259lav\u0259 edir ki, hadis\u0259d\u0259n sonra sentyabr\u0131n 23-d\u0259 N\u0259simi Rayon Polis \u0130dar\u0259sinin 22-ci polis b\u00f6lm\u0259sin\u0259 \u015fikay\u0259t \u0259riz\u0259si il\u0259 m\u00fcraci\u0259t edib:<\/p>\n\n\n\n<p><em>\u201cBuna baxmayaraq, h\u0259min hadis\u0259d\u0259n sonra ev sahibi m\u00fcxt\u0259lif vaxtlarda evim\u0259 g\u0259lib, m\u0259ni t\u0259hqir edib, h\u0259d\u0259l\u0259di. Oktyabr\u0131n 1-d\u0259 is\u0259 m\u0259n evd\u0259 olmayanda, q\u0131z\u0131m\u0131 evd\u0259n \u00e7\u0131xar\u0131blar. Evin a\u00e7ar\u0131n\u0131 q\u0131z\u0131mdan al\u0131blar, qap\u0131n\u0131 ba\u011flay\u0131blar\u201d.<\/em><\/p>\n\n\n<div class=\"wp-block-image\">\n<figure class=\"alignright size-large is-resized\"><img decoding=\"async\" width=\"616\" height=\"821\" data-src=\"https:\/\/www.meydan.tv\/wp-content\/uploads\/whatsapp-image-2024-10-01-at-03.39.34_11e59a31-616x821.jpg\" alt=\"\" class=\"wp-image-316906 lazyload\" style=\"--smush-placeholder-width: 616px; --smush-placeholder-aspect-ratio: 616\/821;width:378px;height:auto\" src=\"data:image\/svg+xml;base64,PHN2ZyB3aWR0aD0iMSIgaGVpZ2h0PSIxIiB4bWxucz0iaHR0cDovL3d3dy53My5vcmcvMjAwMC9zdmciPjwvc3ZnPg==\" \/><figcaption class=\"wp-element-caption\">Foto: Rahid\u0259 R\u0259himovan\u0131n arxivind\u0259n<\/figcaption><\/figure>\n<\/div>\n\n\n<p>Ev sahibi H\u00fcr\u00fcm\u0259l\u0259k S\u00fcleymanova Meydan TV-y\u0259 bildirib ki, Rahid\u0259 R\u0259himova ona \u00f6z\u00fcn\u00fc Raya kimi t\u0259qdim edib.<\/p>\n\n\n\n<p>\u0130l yar\u0131m onun evind\u0259 kiray\u0259 ya\u015fasa da, vaxtl\u0131-vaxt\u0131nda pul \u00f6d\u0259m\u0259yib:<\/p>\n\n\n\n<p>\u201c<em>Raya ilyar\u0131md\u0131r, ba\u015f\u0131ma oyun a\u00e7\u0131b. Kiray\u0259 pulunu ondan zorla al\u0131rd\u0131m, h\u0259r d\u0259f\u0259 d\u0259 \u0259skik verirdi. He\u00e7 bir ay\u0131 vaxtl\u0131-vaxt\u0131nda \u00f6d\u0259m\u0259yib. 200 manatdan da art\u0131q pul verm\u0259yib. \u00dc\u00e7 ayd\u0131r ki, kiray\u0259 pulunu \u00f6d\u0259mirdi. Suyun pulunu da \u00f6d\u0259mirdi. \u018fziz\u0259 xan\u0131m onu d\u00f6ym\u0259yib. Rayan\u0131n borcu y\u0131\u011f\u0131l\u0131rd\u0131. Su 10 manat yaz\u0131rd\u0131. Bu da 2 manat \u00f6d\u0259yirdi, qal\u0131q qal\u0131rd\u0131. Bel\u0259c\u0259 y\u0131\u011f\u0131l\u0131b 48 manat olmu\u015fdu\u201d.<\/em><\/p>\n\n\n\n<p><em>\u201c\u00dc\u00e7\u00fcnc\u00fc ay idi ki, kiray\u0259 pulunu \u00f6d\u0259mirdi. Sentyabr\u0131n 30-da getdim ki, kiray\u0259 pulunu n\u0259 vaxt ver\u0259c\u0259ks\u0259n? Dedi ki, pul almam\u0131\u015fam, verm\u0259y\u0259c\u0259y\u0259m. Ba\u015flad\u0131 ki, m\u0259n x\u0259st\u0259 adamam, pulu dava-d\u0259rman\u0131ma verir\u0259m. Kiray\u0259 pulu vermir\u0259m, verm\u0259y\u0259c\u0259y\u0259m d\u0259. M\u0259n d\u0259 dedim ki, \u0259\u015fyalar\u0131n\u0131 y\u0131\u011f\u0131\u015fd\u0131r, evd\u0259n \u00e7\u0131x\u201d<\/em>, &#8211; ev sahibi bildirib.<\/p>\n\n\n\n<p>N\u0259simi Rayon Sukanal \u0130dar\u0259sinin n\u0259zar\u0259t\u00e7isi \u018fmirxan Abbasov Meydan TV-y\u0259 deyib ki, Rahid\u0259 R\u0259himovan\u0131n m\u00fcraci\u0259tin\u0259 bax\u0131l\u0131b v\u0259 h\u0259ll edilib:<\/p>\n\n\n\n<p>\u201c<em>\u0130ki evin bir kodu, iki say\u011fac\u0131 var. Borc bir koda getdiyi \u00fc\u00e7\u00fcn Rahid\u0259 R\u0259himova el\u0259 bilib ki, onun borcudur. \u018fm\u0259kda\u015f\u0131m\u0131z da ona izah edib ki, siz \u00f6z say\u011fac\u0131n\u0131z \u00fczr\u0259 \u00f6d\u0259ni\u015finizi etmisiniz. Qalan borcu d\u0259rzi v\u0259 ya ev sahibi \u00f6d\u0259m\u0259lidir\u201d.<\/em><\/p>\n\n\n<div class=\"wp-block-image\">\n<figure class=\"aligncenter size-full\"><img decoding=\"async\" width=\"1200\" height=\"800\" data-src=\"https:\/\/www.meydan.tv\/wp-content\/uploads\/din-1.jpg\" alt=\"\" class=\"wp-image-294906 lazyload\" src=\"data:image\/svg+xml;base64,PHN2ZyB3aWR0aD0iMSIgaGVpZ2h0PSIxIiB4bWxucz0iaHR0cDovL3d3dy53My5vcmcvMjAwMC9zdmciPjwvc3ZnPg==\" style=\"--smush-placeholder-width: 1200px; --smush-placeholder-aspect-ratio: 1200\/800;\" \/><figcaption class=\"wp-element-caption\">Daxili \u0130\u015fl\u0259r Nazirliyi. Foto: D\u0130N<\/figcaption><\/figure>\n<\/div>\n\n\n<p>Daxili \u0130\u015fl\u0259r Nazirliyinin m\u0259tbuat xidm\u0259tinin \u0259m\u0259kda\u015f\u0131 \u0130brahim \u018fmiraslanl\u0131 Meydan TV-y\u0259 bildirib ki, Rahid\u0259 R\u0259himova sentyabr\u0131n 18-d\u0259 N\u0259simi Rayon Polis \u0130dar\u0259sinin 22-ci Polis \u015e\u00f6b\u0259sin\u0259 m\u00fcraci\u0259t edib:<\/p>\n\n\n\n<p><em>\u201cRahid\u0259 R\u0259himova ya\u015fad\u0131\u011f\u0131 evin qar\u015f\u0131s\u0131nda \u018fziz\u0259 adl\u0131 \u015f\u0259xs t\u0259r\u0259find\u0259n d\u00f6y\u00fcld\u00fcy\u00fcn\u00fc v\u0259 n\u0259tic\u0259d\u0259 m\u00fcxt\u0259lif d\u0259r\u0259c\u0259li b\u0259d\u0259n x\u0259sar\u0259tl\u0259ri ald\u0131\u011f\u0131n\u0131 bildirib. M\u00fcraci\u0259t \u0259sas\u0131nda ara\u015fd\u0131rma ba\u015flan\u0131l\u0131b. X\u0259sar\u0259tl\u0259rin d\u0259r\u0259c\u0259sini m\u00fc\u0259yy\u0259n etm\u0259k m\u0259qs\u0259dil\u0259 m\u00fcvafiq ekspertiza t\u0259yin olunub. Haz\u0131rda t\u0259hqiqat ara\u015fd\u0131rmas\u0131 davam etdirilir<\/em>\u201d.<\/p>\n\n\n\n<p><\/p>\n\n\n\n<p><\/p>\n","protected":false},"excerpt":{"rendered":"<p>Davan\u0131n su borcu \u00fcst\u00fcnd\u0259 d\u00fc\u015fd\u00fcy\u00fc deyilir, D\u0130N t\u0259hqiqat apard\u0131\u011f\u0131n\u0131 bildirib &#8230; <\/p>\n<p class=\"read-more-container\"><a title=\"Bak\u0131da kiray\u0259ni\u015fin ev sahibi t\u0259r\u0259find\u0259n d\u00f6y\u00fcld\u00fcy\u00fcn\u00fc deyir\" class=\"read-more button\" href=\"https:\/\/www.meydan.tv\/az\/article\/bakida-kirayenisin-ev-sahibi-terefinden-doyulduyunu-deyir\/#more-316917\" aria-label=\"Read more about Bak\u0131da kiray\u0259ni\u015fin ev sahibi t\u0259r\u0259find\u0259n d\u00f6y\u00fcld\u00fcy\u00fcn\u00fc deyir\">Davam\u0131<\/a><\/p>\n","protected":false},"author":8,"featured_media":316897,"comment_status":"closed","ping_status":"closed","sticky":false,"template":"","format":"standard","meta":{"_acf_changed":false,"_sitemap_exclude":false,"_sitemap_priority":"","_sitemap_frequency":"","footnotes":""},"categories":[62,56],"tags":[],"class_list":["post-316917","post","type-post","status-publish","format-standard","has-post-thumbnail","hentry","category-sosial","category-xeberler","infinite-scroll-item","generate-columns","tablet-grid-50","mobile-grid-100","grid-parent","grid-33","no-featured-image-padding"],"acf":[],"yoast_head":"<!-- This site is optimized with the Yoast SEO plugin v27.4 - https:\/\/yoast.com\/product\/yoast-seo-wordpress\/ -->\n<title>Bak\u0131da kiray\u0259ni\u015fin ev sahibi t\u0259r\u0259find\u0259n d\u00f6y\u00fcld\u00fcy\u00fcn\u00fc deyir - MEYDAN.TV<\/title>\n<meta name=\"description\" content=\"O bildirib ki, 2023-c\u00fc ilin dekabr\u0131ndan etibar\u0259n 2024-c\u00fc ilin ilk \u00fc\u00e7 ay\u0131 evd\u0259 ya\u015famasa da, vaxtl\u0131-vaxt\u0131nda kiray\u0259 pulunu \u00f6d\u0259yib.\" \/>\n<meta name=\"robots\" content=\"index, follow, max-snippet:-1, max-image-preview:large, max-video-preview:-1\" \/>\n<link rel=\"canonical\" href=\"https:\/\/www.meydan.tv\/az\/article\/bakida-kirayenisin-ev-sahibi-terefinden-doyulduyunu-deyir\/\" \/>\n<meta property=\"og:locale\" content=\"az_AZ\" \/>\n<meta property=\"og:type\" content=\"article\" \/>\n<meta property=\"og:title\" content=\"Bak\u0131da kiray\u0259ni\u015fin ev sahibi t\u0259r\u0259find\u0259n d\u00f6y\u00fcld\u00fcy\u00fcn\u00fc deyir - MEYDAN.TV\" \/>\n<meta property=\"og:description\" content=\"O bildirib ki, 2023-c\u00fc ilin dekabr\u0131ndan etibar\u0259n 2024-c\u00fc ilin ilk \u00fc\u00e7 ay\u0131 evd\u0259 ya\u015famasa da, vaxtl\u0131-vaxt\u0131nda kiray\u0259 pulunu \u00f6d\u0259yib.\" \/>\n<meta property=\"og:url\" content=\"https:\/\/www.meydan.tv\/az\/article\/bakida-kirayenisin-ev-sahibi-terefinden-doyulduyunu-deyir\/\" \/>\n<meta property=\"og:site_name\" content=\"MEYDAN.TV\" \/>\n<meta property=\"article:published_time\" content=\"2024-10-02T14:37:38+00:00\" \/>\n<meta property=\"article:modified_time\" content=\"2024-10-02T14:37:45+00:00\" \/>\n<meta property=\"og:image\" content=\"https:\/\/www.meydan.tv\/wp-content\/uploads\/img-20241002-wa0074-e1727878892996.jpg\" \/>\n\t<meta property=\"og:image:width\" content=\"1200\" \/>\n\t<meta property=\"og:image:height\" content=\"608\" \/>\n\t<meta property=\"og:image:type\" content=\"image\/jpeg\" \/>\n<meta name=\"author\" content=\"elli\" \/>\n<meta name=\"twitter:card\" content=\"summary_large_image\" \/>\n<meta name=\"twitter:creator\" content=\"@elli\" \/>\n<script type=\"application\/ld+json\" class=\"yoast-schema-graph\">{\"@context\":\"https:\\\/\\\/schema.org\",\"@graph\":[{\"@type\":\"Article\",\"@id\":\"https:\\\/\\\/www.meydan.tv\\\/az\\\/article\\\/bakida-kirayenisin-ev-sahibi-terefinden-doyulduyunu-deyir\\\/#article\",\"isPartOf\":{\"@id\":\"https:\\\/\\\/www.meydan.tv\\\/az\\\/article\\\/bakida-kirayenisin-ev-sahibi-terefinden-doyulduyunu-deyir\\\/\"},\"author\":{\"name\":\"elli\",\"@id\":\"https:\\\/\\\/www.meydan.tv\\\/az\\\/#\\\/schema\\\/person\\\/9cdbecf90d17180ce1dfbd95b08dcf47\"},\"headline\":\"Bak\u0131da kiray\u0259ni\u015fin ev sahibi t\u0259r\u0259find\u0259n d\u00f6y\u00fcld\u00fcy\u00fcn\u00fc deyir\",\"datePublished\":\"2024-10-02T14:37:38+00:00\",\"dateModified\":\"2024-10-02T14:37:45+00:00\",\"mainEntityOfPage\":{\"@id\":\"https:\\\/\\\/www.meydan.tv\\\/az\\\/article\\\/bakida-kirayenisin-ev-sahibi-terefinden-doyulduyunu-deyir\\\/\"},\"wordCount\":1153,\"publisher\":{\"@id\":\"https:\\\/\\\/www.meydan.tv\\\/az\\\/#organization\"},\"image\":{\"@id\":\"https:\\\/\\\/www.meydan.tv\\\/az\\\/article\\\/bakida-kirayenisin-ev-sahibi-terefinden-doyulduyunu-deyir\\\/#primaryimage\"},\"thumbnailUrl\":\"https:\\\/\\\/www.meydan.tv\\\/wp-content\\\/uploads\\\/img-20241002-wa0074-e1727878892996.jpg\",\"articleSection\":[\"Sosial\",\"X\u0259b\u0259rl\u0259r\"],\"inLanguage\":\"az\"},{\"@type\":\"WebPage\",\"@id\":\"https:\\\/\\\/www.meydan.tv\\\/az\\\/article\\\/bakida-kirayenisin-ev-sahibi-terefinden-doyulduyunu-deyir\\\/\",\"url\":\"https:\\\/\\\/www.meydan.tv\\\/az\\\/article\\\/bakida-kirayenisin-ev-sahibi-terefinden-doyulduyunu-deyir\\\/\",\"name\":\"Bak\u0131da kiray\u0259ni\u015fin ev sahibi t\u0259r\u0259find\u0259n d\u00f6y\u00fcld\u00fcy\u00fcn\u00fc deyir - MEYDAN.TV\",\"isPartOf\":{\"@id\":\"https:\\\/\\\/www.meydan.tv\\\/az\\\/#website\"},\"primaryImageOfPage\":{\"@id\":\"https:\\\/\\\/www.meydan.tv\\\/az\\\/article\\\/bakida-kirayenisin-ev-sahibi-terefinden-doyulduyunu-deyir\\\/#primaryimage\"},\"image\":{\"@id\":\"https:\\\/\\\/www.meydan.tv\\\/az\\\/article\\\/bakida-kirayenisin-ev-sahibi-terefinden-doyulduyunu-deyir\\\/#primaryimage\"},\"thumbnailUrl\":\"https:\\\/\\\/www.meydan.tv\\\/wp-content\\\/uploads\\\/img-20241002-wa0074-e1727878892996.jpg\",\"datePublished\":\"2024-10-02T14:37:38+00:00\",\"dateModified\":\"2024-10-02T14:37:45+00:00\",\"description\":\"O bildirib ki, 2023-c\u00fc ilin dekabr\u0131ndan etibar\u0259n 2024-c\u00fc ilin ilk \u00fc\u00e7 ay\u0131 evd\u0259 ya\u015famasa da, vaxtl\u0131-vaxt\u0131nda kiray\u0259 pulunu \u00f6d\u0259yib.\",\"breadcrumb\":{\"@id\":\"https:\\\/\\\/www.meydan.tv\\\/az\\\/article\\\/bakida-kirayenisin-ev-sahibi-terefinden-doyulduyunu-deyir\\\/#breadcrumb\"},\"inLanguage\":\"az\",\"potentialAction\":[{\"@type\":\"ReadAction\",\"target\":[\"https:\\\/\\\/www.meydan.tv\\\/az\\\/article\\\/bakida-kirayenisin-ev-sahibi-terefinden-doyulduyunu-deyir\\\/\"]}]},{\"@type\":\"ImageObject\",\"inLanguage\":\"az\",\"@id\":\"https:\\\/\\\/www.meydan.tv\\\/az\\\/article\\\/bakida-kirayenisin-ev-sahibi-terefinden-doyulduyunu-deyir\\\/#primaryimage\",\"url\":\"https:\\\/\\\/www.meydan.tv\\\/wp-content\\\/uploads\\\/img-20241002-wa0074-e1727878892996.jpg\",\"contentUrl\":\"https:\\\/\\\/www.meydan.tv\\\/wp-content\\\/uploads\\\/img-20241002-wa0074-e1727878892996.jpg\",\"width\":1200,\"height\":608,\"caption\":\"Foto: Rahid\u0259 R\u0259himovan\u0131n \u015f\u0259xsi arxivind\u0259n\"},{\"@type\":\"BreadcrumbList\",\"@id\":\"https:\\\/\\\/www.meydan.tv\\\/az\\\/article\\\/bakida-kirayenisin-ev-sahibi-terefinden-doyulduyunu-deyir\\\/#breadcrumb\",\"itemListElement\":[{\"@type\":\"ListItem\",\"position\":1,\"name\":\"Ana s\u0259hif\u0259\",\"item\":\"https:\\\/\\\/www.meydan.tv\\\/az\\\/\"},{\"@type\":\"ListItem\",\"position\":2,\"name\":\"Sosial\",\"item\":\"https:\\\/\\\/www.meydan.tv\\\/az\\\/section\\\/sosial\\\/\"},{\"@type\":\"ListItem\",\"position\":3,\"name\":\"Bak\u0131da kiray\u0259ni\u015fin ev sahibi t\u0259r\u0259find\u0259n d\u00f6y\u00fcld\u00fcy\u00fcn\u00fc deyir\"}]},{\"@type\":\"WebSite\",\"@id\":\"https:\\\/\\\/www.meydan.tv\\\/az\\\/#website\",\"url\":\"https:\\\/\\\/www.meydan.tv\\\/az\\\/\",\"name\":\"MEYDAN.TV\",\"description\":\"Meydan TV Az\u0259rbaycan\u0131n media m\u0259kan\u0131ndak\u0131 alternativ s\u0259sidir\",\"publisher\":{\"@id\":\"https:\\\/\\\/www.meydan.tv\\\/az\\\/#organization\"},\"potentialAction\":[{\"@type\":\"SearchAction\",\"target\":{\"@type\":\"EntryPoint\",\"urlTemplate\":\"https:\\\/\\\/www.meydan.tv\\\/az\\\/?s={search_term_string}\"},\"query-input\":{\"@type\":\"PropertyValueSpecification\",\"valueRequired\":true,\"valueName\":\"search_term_string\"}}],\"inLanguage\":\"az\"},{\"@type\":\"Organization\",\"@id\":\"https:\\\/\\\/www.meydan.tv\\\/az\\\/#organization\",\"name\":\"Meydan TV\",\"url\":\"https:\\\/\\\/www.meydan.tv\\\/az\\\/\",\"logo\":{\"@type\":\"ImageObject\",\"inLanguage\":\"az\",\"@id\":\"https:\\\/\\\/www.meydan.tv\\\/az\\\/#\\\/schema\\\/logo\\\/image\\\/\",\"url\":\"https:\\\/\\\/www.meydan.tv\\\/wp-content\\\/uploads\\\/2021\\\/07\\\/meydan-logo.svg\",\"contentUrl\":\"https:\\\/\\\/www.meydan.tv\\\/wp-content\\\/uploads\\\/2021\\\/07\\\/meydan-logo.svg\",\"width\":195,\"height\":46,\"caption\":\"Meydan TV\"},\"image\":{\"@id\":\"https:\\\/\\\/www.meydan.tv\\\/az\\\/#\\\/schema\\\/logo\\\/image\\\/\"}},{\"@type\":\"Person\",\"@id\":\"https:\\\/\\\/www.meydan.tv\\\/az\\\/#\\\/schema\\\/person\\\/9cdbecf90d17180ce1dfbd95b08dcf47\",\"name\":\"elli\",\"sameAs\":[\"https:\\\/\\\/x.com\\\/elli\"]}]}<\/script>\n<!-- \/ Yoast SEO plugin. -->","yoast_head_json":{"title":"Bak\u0131da kiray\u0259ni\u015fin ev sahibi t\u0259r\u0259find\u0259n d\u00f6y\u00fcld\u00fcy\u00fcn\u00fc deyir - MEYDAN.TV","description":"O bildirib ki, 2023-c\u00fc ilin dekabr\u0131ndan etibar\u0259n 2024-c\u00fc ilin ilk \u00fc\u00e7 ay\u0131 evd\u0259 ya\u015famasa da, vaxtl\u0131-vaxt\u0131nda kiray\u0259 pulunu \u00f6d\u0259yib.","robots":{"index":"index","follow":"follow","max-snippet":"max-snippet:-1","max-image-preview":"max-image-preview:large","max-video-preview":"max-video-preview:-1"},"canonical":"https:\/\/www.meydan.tv\/az\/article\/bakida-kirayenisin-ev-sahibi-terefinden-doyulduyunu-deyir\/","og_locale":"az_AZ","og_type":"article","og_title":"Bak\u0131da kiray\u0259ni\u015fin ev sahibi t\u0259r\u0259find\u0259n d\u00f6y\u00fcld\u00fcy\u00fcn\u00fc deyir - MEYDAN.TV","og_description":"O bildirib ki, 2023-c\u00fc ilin dekabr\u0131ndan etibar\u0259n 2024-c\u00fc ilin ilk \u00fc\u00e7 ay\u0131 evd\u0259 ya\u015famasa da, vaxtl\u0131-vaxt\u0131nda kiray\u0259 pulunu \u00f6d\u0259yib.","og_url":"https:\/\/www.meydan.tv\/az\/article\/bakida-kirayenisin-ev-sahibi-terefinden-doyulduyunu-deyir\/","og_site_name":"MEYDAN.TV","article_published_time":"2024-10-02T14:37:38+00:00","article_modified_time":"2024-10-02T14:37:45+00:00","og_image":[{"width":1200,"height":608,"url":"https:\/\/www.meydan.tv\/wp-content\/uploads\/img-20241002-wa0074-e1727878892996.jpg","type":"image\/jpeg"}],"author":"elli","twitter_card":"summary_large_image","twitter_creator":"@elli","schema":{"@context":"https:\/\/schema.org","@graph":[{"@type":"Article","@id":"https:\/\/www.meydan.tv\/az\/article\/bakida-kirayenisin-ev-sahibi-terefinden-doyulduyunu-deyir\/#article","isPartOf":{"@id":"https:\/\/www.meydan.tv\/az\/article\/bakida-kirayenisin-ev-sahibi-terefinden-doyulduyunu-deyir\/"},"author":{"name":"elli","@id":"https:\/\/www.meydan.tv\/az\/#\/schema\/person\/9cdbecf90d17180ce1dfbd95b08dcf47"},"headline":"Bak\u0131da kiray\u0259ni\u015fin ev sahibi t\u0259r\u0259find\u0259n d\u00f6y\u00fcld\u00fcy\u00fcn\u00fc deyir","datePublished":"2024-10-02T14:37:38+00:00","dateModified":"2024-10-02T14:37:45+00:00","mainEntityOfPage":{"@id":"https:\/\/www.meydan.tv\/az\/article\/bakida-kirayenisin-ev-sahibi-terefinden-doyulduyunu-deyir\/"},"wordCount":1153,"publisher":{"@id":"https:\/\/www.meydan.tv\/az\/#organization"},"image":{"@id":"https:\/\/www.meydan.tv\/az\/article\/bakida-kirayenisin-ev-sahibi-terefinden-doyulduyunu-deyir\/#primaryimage"},"thumbnailUrl":"https:\/\/www.meydan.tv\/wp-content\/uploads\/img-20241002-wa0074-e1727878892996.jpg","articleSection":["Sosial","X\u0259b\u0259rl\u0259r"],"inLanguage":"az"},{"@type":"WebPage","@id":"https:\/\/www.meydan.tv\/az\/article\/bakida-kirayenisin-ev-sahibi-terefinden-doyulduyunu-deyir\/","url":"https:\/\/www.meydan.tv\/az\/article\/bakida-kirayenisin-ev-sahibi-terefinden-doyulduyunu-deyir\/","name":"Bak\u0131da kiray\u0259ni\u015fin ev sahibi t\u0259r\u0259find\u0259n d\u00f6y\u00fcld\u00fcy\u00fcn\u00fc deyir - MEYDAN.TV","isPartOf":{"@id":"https:\/\/www.meydan.tv\/az\/#website"},"primaryImageOfPage":{"@id":"https:\/\/www.meydan.tv\/az\/article\/bakida-kirayenisin-ev-sahibi-terefinden-doyulduyunu-deyir\/#primaryimage"},"image":{"@id":"https:\/\/www.meydan.tv\/az\/article\/bakida-kirayenisin-ev-sahibi-terefinden-doyulduyunu-deyir\/#primaryimage"},"thumbnailUrl":"https:\/\/www.meydan.tv\/wp-content\/uploads\/img-20241002-wa0074-e1727878892996.jpg","datePublished":"2024-10-02T14:37:38+00:00","dateModified":"2024-10-02T14:37:45+00:00","description":"O bildirib ki, 2023-c\u00fc ilin dekabr\u0131ndan etibar\u0259n 2024-c\u00fc ilin ilk \u00fc\u00e7 ay\u0131 evd\u0259 ya\u015famasa da, vaxtl\u0131-vaxt\u0131nda kiray\u0259 pulunu \u00f6d\u0259yib.","breadcrumb":{"@id":"https:\/\/www.meydan.tv\/az\/article\/bakida-kirayenisin-ev-sahibi-terefinden-doyulduyunu-deyir\/#breadcrumb"},"inLanguage":"az","potentialAction":[{"@type":"ReadAction","target":["https:\/\/www.meydan.tv\/az\/article\/bakida-kirayenisin-ev-sahibi-terefinden-doyulduyunu-deyir\/"]}]},{"@type":"ImageObject","inLanguage":"az","@id":"https:\/\/www.meydan.tv\/az\/article\/bakida-kirayenisin-ev-sahibi-terefinden-doyulduyunu-deyir\/#primaryimage","url":"https:\/\/www.meydan.tv\/wp-content\/uploads\/img-20241002-wa0074-e1727878892996.jpg","contentUrl":"https:\/\/www.meydan.tv\/wp-content\/uploads\/img-20241002-wa0074-e1727878892996.jpg","width":1200,"height":608,"caption":"Foto: Rahid\u0259 R\u0259himovan\u0131n \u015f\u0259xsi arxivind\u0259n"},{"@type":"BreadcrumbList","@id":"https:\/\/www.meydan.tv\/az\/article\/bakida-kirayenisin-ev-sahibi-terefinden-doyulduyunu-deyir\/#breadcrumb","itemListElement":[{"@type":"ListItem","position":1,"name":"Ana s\u0259hif\u0259","item":"https:\/\/www.meydan.tv\/az\/"},{"@type":"ListItem","position":2,"name":"Sosial","item":"https:\/\/www.meydan.tv\/az\/section\/sosial\/"},{"@type":"ListItem","position":3,"name":"Bak\u0131da kiray\u0259ni\u015fin ev sahibi t\u0259r\u0259find\u0259n d\u00f6y\u00fcld\u00fcy\u00fcn\u00fc deyir"}]},{"@type":"WebSite","@id":"https:\/\/www.meydan.tv\/az\/#website","url":"https:\/\/www.meydan.tv\/az\/","name":"MEYDAN.TV","description":"Meydan TV Az\u0259rbaycan\u0131n media m\u0259kan\u0131ndak\u0131 alternativ s\u0259sidir","publisher":{"@id":"https:\/\/www.meydan.tv\/az\/#organization"},"potentialAction":[{"@type":"SearchAction","target":{"@type":"EntryPoint","urlTemplate":"https:\/\/www.meydan.tv\/az\/?s={search_term_string}"},"query-input":{"@type":"PropertyValueSpecification","valueRequired":true,"valueName":"search_term_string"}}],"inLanguage":"az"},{"@type":"Organization","@id":"https:\/\/www.meydan.tv\/az\/#organization","name":"Meydan TV","url":"https:\/\/www.meydan.tv\/az\/","logo":{"@type":"ImageObject","inLanguage":"az","@id":"https:\/\/www.meydan.tv\/az\/#\/schema\/logo\/image\/","url":"https:\/\/www.meydan.tv\/wp-content\/uploads\/2021\/07\/meydan-logo.svg","contentUrl":"https:\/\/www.meydan.tv\/wp-content\/uploads\/2021\/07\/meydan-logo.svg","width":195,"height":46,"caption":"Meydan TV"},"image":{"@id":"https:\/\/www.meydan.tv\/az\/#\/schema\/logo\/image\/"}},{"@type":"Person","@id":"https:\/\/www.meydan.tv\/az\/#\/schema\/person\/9cdbecf90d17180ce1dfbd95b08dcf47","name":"elli","sameAs":["https:\/\/x.com\/elli"]}]}},"_links":{"self":[{"href":"https:\/\/www.meydan.tv\/az\/wp-json\/wp\/v2\/posts\/316917","targetHints":{"allow":["GET"]}}],"collection":[{"href":"https:\/\/www.meydan.tv\/az\/wp-json\/wp\/v2\/posts"}],"about":[{"href":"https:\/\/www.meydan.tv\/az\/wp-json\/wp\/v2\/types\/post"}],"author":[{"embeddable":true,"href":"https:\/\/www.meydan.tv\/az\/wp-json\/wp\/v2\/users\/8"}],"replies":[{"embeddable":true,"href":"https:\/\/www.meydan.tv\/az\/wp-json\/wp\/v2\/comments?post=316917"}],"version-history":[{"count":4,"href":"https:\/\/www.meydan.tv\/az\/wp-json\/wp\/v2\/posts\/316917\/revisions"}],"predecessor-version":[{"id":316934,"href":"https:\/\/www.meydan.tv\/az\/wp-json\/wp\/v2\/posts\/316917\/revisions\/316934"}],"wp:featuredmedia":[{"embeddable":true,"href":"https:\/\/www.meydan.tv\/az\/wp-json\/wp\/v2\/media\/316897"}],"wp:attachment":[{"href":"https:\/\/www.meydan.tv\/az\/wp-json\/wp\/v2\/media?parent=316917"}],"wp:term":[{"taxonomy":"category","embeddable":true,"href":"https:\/\/www.meydan.tv\/az\/wp-json\/wp\/v2\/categories?post=316917"},{"taxonomy":"post_tag","embeddable":true,"href":"https:\/\/www.meydan.tv\/az\/wp-json\/wp\/v2\/tags?post=316917"}],"curies":[{"name":"wp","href":"https:\/\/api.w.org\/{rel}","templated":true}]}}