{"id":316815,"date":"2024-10-01T14:41:41","date_gmt":"2024-10-01T10:41:41","guid":{"rendered":"https:\/\/www.meydan.tv\/?p=316815"},"modified":"2024-10-01T15:01:17","modified_gmt":"2024-10-01T11:01:17","slug":"fransada-bicaqlanan-vidadi-isgenderli-heyatini-itirib","status":"publish","type":"post","link":"https:\/\/www.meydan.tv\/az\/article\/fransada-bicaqlanan-vidadi-isgenderli-heyatini-itirib\/","title":{"rendered":"Fransada b\u0131\u00e7aqlanan Vidadi \u0130sg\u0259nd\u0259rli h\u0259yat\u0131n\u0131 itirib"},"content":{"rendered":"\n<p><\/p>\n\n\n\n<p><strong><em>\u00c7oxsayl\u0131 b\u0131\u00e7aq z\u0259rb\u0259l\u0259ri s\u0259b\u0259bil\u0259 x\u0259st\u0259xanaya yerl\u0259\u015fdiril\u0259n siyasi m\u00fchacir orada \u00f6l\u00fcb<\/em><\/strong><\/p>\n\n\n\n<p>Fransada siyasi m\u00fchacir kimi ya\u015fayan v\u0259 iki g\u00fcn \u0259vv\u0259l evind\u0259 nam\u0259lum \u015f\u0259xsl\u0259r t\u0259r\u0259find\u0259n b\u0131\u00e7aqlanan az\u0259rbaycanl\u0131 Vidadi \u0130sg\u0259nd\u0259rlinin oktyabr\u0131n 1-d\u0259 s\u0259h\u0259r saatlar\u0131nda x\u0259st\u0259xanada h\u0259yat\u0131n\u0131 itirdiyi bildirilir. M\u0259lumat\u0131 Vidadi \u0130sg\u0259nd\u0259rlinin yax\u0131nlar\u0131 da Meydan TV-y\u0259 t\u0259sdiql\u0259yib.<\/p>\n\n\n\n<p>Vidadi \u0130sg\u0259nd\u0259rliy\u0259 qar\u015f\u0131 b\u0131\u00e7aqla h\u00fccum sentyabr\u0131n 29-da s\u0259h\u0259r saat 7 rad\u0259l\u0259rind\u0259 Mil\u00fcz (Mulhouse) \u015f\u0259h\u0259rind\u0259 onun ya\u015fad\u0131\u011f\u0131 evd\u0259 ba\u015f verib.<\/p>\n\n\n\n<p>Qarda\u015f\u0131 Oqtay \u0130sg\u0259nd\u0259rli Meydan TV-y\u0259 bildirib ki, \u00fc\u00e7 n\u0259f\u0259r maskal\u0131 \u015f\u0259xs ev\u0259 p\u0259nc\u0259r\u0259d\u0259n daxil olub: <\/p>\n\n\n\n<p><em>\u201cQarda\u015f\u0131m onlar\u0131n ayaq s\u0259sin\u0259 oyan\u0131b, amma \u00e7arpay\u0131dan qalxa bilm\u0259yib. \u0130kisi \u0259ll\u0259rini tutub, biri b\u0131\u00e7aqla vurma\u011fa ba\u015flay\u0131b. Qar\u0131n nahiy\u0259sin\u0259, g\u00f6z \u0259traf\u0131na, al\u0131n nahiy\u0259sin\u0259 vurub. Maskada olublar dey\u0259, \u00fczl\u0259rini g\u00f6r\u0259 bilm\u0259yib. Deyir, dan\u0131\u015fm\u0131rd\u0131lar ki, s\u0259sl\u0259rind\u0259n kimlikl\u0259rini m\u00fc\u0259yy\u0259nl\u0259\u015fdirm\u0259k m\u00fcmk\u00fcn olsun. \u00c7oxlu z\u0259rb\u0259l\u0259r vurublar. Q\u0259fild\u0259n \u00f6z\u00fcnd\u0259 g\u00fcc tap\u0131b, q\u0131\u015fq\u0131randa s\u0259s-k\u00fcyd\u0259n qa\u00e7\u0131blar\u201d.<\/em><\/p>\n\n\n\n<p>Vidadi \u0130sg\u0259nd\u0259rli h\u0259min vaxt qarda\u015f\u0131na z\u0259ng ed\u0259r\u0259k, ondan k\u00f6m\u0259k ist\u0259yib. O da t\u0259cili yard\u0131ma v\u0259 polis\u0259 m\u0259lumat verib.<\/p>\n\n\n\n<p>Vidadi \u0130sg\u0259nd\u0259rli iki g\u00fcn x\u0259st\u0259xanan\u0131n reanimasiya \u015f\u00f6b\u0259sind\u0259 saxlansa da, onun h\u0259yat\u0131n\u0131 xilas etm\u0259k m\u00fcmk\u00fcn olmay\u0131b. H\u0259kiml\u0259r \u00f6nc\u0259d\u0259n onun durumunun a\u011f\u0131r oldu\u011funu bildiribl\u0259r.<\/p>\n\n\n\n<p>O, 2018-ci ild\u0259 Fransaya m\u00fchacir\u0259t etm\u0259mi\u015fd\u0259n \u0259vv\u0259l Az\u0259rbaycan insan h\u00fcquqlar\u0131n\u0131n m\u00fcdafi\u0259sil\u0259 m\u0259\u015f\u011ful olurdu. \u201cDemokratiyan\u0131n M\u00fcdafi\u0259sin\u0259 K\u00f6m\u0259k\u201d adl\u0131 t\u0259\u015fkilat\u0131n r\u0259hb\u0259ri olan Vidadi \u0130sg\u0259nd\u0259rli Az\u0259rbaycanda oldu\u011fu m\u00fcdd\u0259td\u0259 bir ne\u00e7\u0259 d\u0259f\u0259 h\u0259m uzunm\u00fcdd\u0259tli, h\u0259m d\u0259 q\u0131sam\u00fcdd\u0259tli h\u0259bs olunmu\u015fdu.<\/p>\n\n\n\n<p>O. 2010-cu ild\u0259 parlament se\u00e7kil\u0259ri zaman\u0131 se\u00e7ki prosesin\u0259 m\u00fcdaxil\u0259d\u0259 ittiham olunaraq, h\u0259bs edilib v\u0259 3 il azadl\u0131qdan m\u0259hrum olunub. H\u0259min d\u00f6vrd\u0259 \u201cAmnesty \u0130nternational\u201d beyn\u0259lxalq insan haqlar\u0131 t\u0259\u015fkilat\u0131 onu \u201cvicdan m\u0259hbusu\u201d kimi tan\u0131m\u0131\u015fd\u0131. 3 illik c\u0259za m\u00fcdd\u0259tinin ba\u015fa \u00e7atmas\u0131na az qalm\u0131\u015f Prezidentin \u0259fv s\u0259r\u0259ncam\u0131 il\u0259 azadl\u0131\u011fa burax\u0131l\u0131b.<\/p>\n\n\n\n<p>H\u00fcquq m\u00fcdafi\u0259\u00e7isi h\u0259m\u00e7inin bir ne\u00e7\u0259 d\u0259f\u0259 polis\u0259 m\u00fcqavim\u0259t ittiham\u0131yla inzibati h\u0259bsd\u0259 saxlan\u0131l\u0131b.<\/p>\n\n\n\n<p>Vidadi \u0130sg\u0259nd\u0259rli sosial \u015f\u0259b\u0259k\u0259l\u0259rd\u0259, \u201cYoutube\u201d kanallar\u0131nda Az\u0259rbaycandak\u0131 h\u00f6kum\u0259t t\u0259msil\u00e7il\u0259ri, o c\u00fcml\u0259d\u0259n Prezident v\u0259 ail\u0259 \u00fczvl\u0259ri haqq\u0131nda k\u0259skin, b\u0259z\u0259n t\u0259hqir xarakterli ifad\u0259l\u0259r s\u0259sl\u0259ndirirdi.<\/p>\n\n\n\n<p>Eyni zamanda, Vidadi \u0130sg\u0259nd\u0259rli Fransaya m\u00fchacir\u0259t ed\u0259nd\u0259n sonra onun Az\u0259rbaycanda valideynl\u0259rinin m\u0259zar\u0131n\u0131n t\u0259hqir olundu\u011funu \u0259ks etdir\u0259n videog\u00f6r\u00fcnt\u00fcl\u0259r yay\u0131lm\u0131\u015fd\u0131.<\/p>\n\n\n\n<p>Az\u0259rbaycanda h\u00f6kum\u0259t t\u0259msil\u00e7il\u0259ri he\u00e7 kimin siyasi motivl\u0259rl\u0259 t\u0259qib olunmad\u0131\u011f\u0131n\u0131 iddia edir.<\/p>\n","protected":false},"excerpt":{"rendered":"<p>\u00c7oxsayl\u0131 b\u0131\u00e7aq z\u0259rb\u0259l\u0259ri s\u0259b\u0259bil\u0259 x\u0259st\u0259xanaya yerl\u0259\u015fdiril\u0259n siyasi m\u00fchacir orada \u00f6l\u00fcb &#8230; <\/p>\n<p class=\"read-more-container\"><a title=\"Fransada b\u0131\u00e7aqlanan Vidadi \u0130sg\u0259nd\u0259rli h\u0259yat\u0131n\u0131 itirib\" class=\"read-more button\" href=\"https:\/\/www.meydan.tv\/az\/article\/fransada-bicaqlanan-vidadi-isgenderli-heyatini-itirib\/#more-316815\" aria-label=\"Read more about Fransada b\u0131\u00e7aqlanan Vidadi \u0130sg\u0259nd\u0259rli h\u0259yat\u0131n\u0131 itirib\">Davam\u0131<\/a><\/p>\n","protected":false},"author":21,"featured_media":316817,"comment_status":"closed","ping_status":"closed","sticky":false,"template":"","format":"standard","meta":{"_acf_changed":false,"_sitemap_exclude":false,"_sitemap_priority":"","_sitemap_frequency":"","footnotes":""},"categories":[59,79,56],"tags":[],"class_list":["post-316815","post","type-post","status-publish","format-standard","has-post-thumbnail","hentry","category-siyaset","category-featured","category-xeberler","infinite-scroll-item","generate-columns","tablet-grid-50","mobile-grid-100","grid-parent","grid-33","no-featured-image-padding"],"acf":[],"yoast_head":"<!-- This site is optimized with the Yoast SEO plugin v27.5 - https:\/\/yoast.com\/product\/yoast-seo-wordpress\/ -->\n<title>Fransada b\u0131\u00e7aqlanan Vidadi \u0130sg\u0259nd\u0259rli h\u0259yat\u0131n\u0131 itirib - MEYDAN.TV<\/title>\n<meta name=\"description\" content=\"\u00c7oxsayl\u0131 b\u0131\u00e7aq z\u0259rb\u0259l\u0259ri s\u0259b\u0259bil\u0259 x\u0259st\u0259xanaya yerl\u0259\u015fdiril\u0259n siyasi m\u00fchacir orada \u00f6l\u00fcb.\" \/>\n<meta name=\"robots\" content=\"index, follow, max-snippet:-1, max-image-preview:large, max-video-preview:-1\" \/>\n<link rel=\"canonical\" href=\"https:\/\/www.meydan.tv\/az\/article\/fransada-bicaqlanan-vidadi-isgenderli-heyatini-itirib\/\" \/>\n<meta property=\"og:locale\" content=\"az_AZ\" \/>\n<meta property=\"og:type\" content=\"article\" \/>\n<meta property=\"og:title\" content=\"Fransada b\u0131\u00e7aqlanan Vidadi \u0130sg\u0259nd\u0259rli h\u0259yat\u0131n\u0131 itirib - MEYDAN.TV\" \/>\n<meta property=\"og:description\" content=\"\u00c7oxsayl\u0131 b\u0131\u00e7aq z\u0259rb\u0259l\u0259ri s\u0259b\u0259bil\u0259 x\u0259st\u0259xanaya yerl\u0259\u015fdiril\u0259n siyasi m\u00fchacir orada \u00f6l\u00fcb.\" \/>\n<meta property=\"og:url\" content=\"https:\/\/www.meydan.tv\/az\/article\/fransada-bicaqlanan-vidadi-isgenderli-heyatini-itirib\/\" \/>\n<meta property=\"og:site_name\" content=\"MEYDAN.TV\" \/>\n<meta property=\"article:published_time\" content=\"2024-10-01T10:41:41+00:00\" \/>\n<meta property=\"article:modified_time\" content=\"2024-10-01T11:01:17+00:00\" \/>\n<meta property=\"og:image\" content=\"https:\/\/www.meydan.tv\/wp-content\/uploads\/img_4458-e1727780469636.jpg\" \/>\n\t<meta property=\"og:image:width\" content=\"1280\" \/>\n\t<meta property=\"og:image:height\" content=\"554\" \/>\n\t<meta property=\"og:image:type\" content=\"image\/jpeg\" \/>\n<meta name=\"author\" content=\"mahmud\" \/>\n<meta name=\"twitter:card\" content=\"summary_large_image\" \/>\n<script type=\"application\/ld+json\" class=\"yoast-schema-graph\">{\"@context\":\"https:\\\/\\\/schema.org\",\"@graph\":[{\"@type\":\"Article\",\"@id\":\"https:\\\/\\\/www.meydan.tv\\\/az\\\/article\\\/fransada-bicaqlanan-vidadi-isgenderli-heyatini-itirib\\\/#article\",\"isPartOf\":{\"@id\":\"https:\\\/\\\/www.meydan.tv\\\/az\\\/article\\\/fransada-bicaqlanan-vidadi-isgenderli-heyatini-itirib\\\/\"},\"author\":{\"name\":\"mahmud\",\"@id\":\"https:\\\/\\\/www.meydan.tv\\\/az\\\/#\\\/schema\\\/person\\\/09863e516102a829e72bedcf3f84c6b0\"},\"headline\":\"Fransada b\u0131\u00e7aqlanan Vidadi \u0130sg\u0259nd\u0259rli h\u0259yat\u0131n\u0131 itirib\",\"datePublished\":\"2024-10-01T10:41:41+00:00\",\"dateModified\":\"2024-10-01T11:01:17+00:00\",\"mainEntityOfPage\":{\"@id\":\"https:\\\/\\\/www.meydan.tv\\\/az\\\/article\\\/fransada-bicaqlanan-vidadi-isgenderli-heyatini-itirib\\\/\"},\"wordCount\":583,\"publisher\":{\"@id\":\"https:\\\/\\\/www.meydan.tv\\\/az\\\/#organization\"},\"image\":{\"@id\":\"https:\\\/\\\/www.meydan.tv\\\/az\\\/article\\\/fransada-bicaqlanan-vidadi-isgenderli-heyatini-itirib\\\/#primaryimage\"},\"thumbnailUrl\":\"https:\\\/\\\/www.meydan.tv\\\/wp-content\\\/uploads\\\/img_4458-e1727780469636.jpg\",\"articleSection\":[\"Siyas\u0259t\",\"T\u00f6vsiy\u0259\",\"X\u0259b\u0259rl\u0259r\"],\"inLanguage\":\"az\"},{\"@type\":\"WebPage\",\"@id\":\"https:\\\/\\\/www.meydan.tv\\\/az\\\/article\\\/fransada-bicaqlanan-vidadi-isgenderli-heyatini-itirib\\\/\",\"url\":\"https:\\\/\\\/www.meydan.tv\\\/az\\\/article\\\/fransada-bicaqlanan-vidadi-isgenderli-heyatini-itirib\\\/\",\"name\":\"Fransada b\u0131\u00e7aqlanan Vidadi \u0130sg\u0259nd\u0259rli h\u0259yat\u0131n\u0131 itirib - MEYDAN.TV\",\"isPartOf\":{\"@id\":\"https:\\\/\\\/www.meydan.tv\\\/az\\\/#website\"},\"primaryImageOfPage\":{\"@id\":\"https:\\\/\\\/www.meydan.tv\\\/az\\\/article\\\/fransada-bicaqlanan-vidadi-isgenderli-heyatini-itirib\\\/#primaryimage\"},\"image\":{\"@id\":\"https:\\\/\\\/www.meydan.tv\\\/az\\\/article\\\/fransada-bicaqlanan-vidadi-isgenderli-heyatini-itirib\\\/#primaryimage\"},\"thumbnailUrl\":\"https:\\\/\\\/www.meydan.tv\\\/wp-content\\\/uploads\\\/img_4458-e1727780469636.jpg\",\"datePublished\":\"2024-10-01T10:41:41+00:00\",\"dateModified\":\"2024-10-01T11:01:17+00:00\",\"description\":\"\u00c7oxsayl\u0131 b\u0131\u00e7aq z\u0259rb\u0259l\u0259ri s\u0259b\u0259bil\u0259 x\u0259st\u0259xanaya yerl\u0259\u015fdiril\u0259n siyasi m\u00fchacir orada \u00f6l\u00fcb.\",\"breadcrumb\":{\"@id\":\"https:\\\/\\\/www.meydan.tv\\\/az\\\/article\\\/fransada-bicaqlanan-vidadi-isgenderli-heyatini-itirib\\\/#breadcrumb\"},\"inLanguage\":\"az\",\"potentialAction\":[{\"@type\":\"ReadAction\",\"target\":[\"https:\\\/\\\/www.meydan.tv\\\/az\\\/article\\\/fransada-bicaqlanan-vidadi-isgenderli-heyatini-itirib\\\/\"]}]},{\"@type\":\"ImageObject\",\"inLanguage\":\"az\",\"@id\":\"https:\\\/\\\/www.meydan.tv\\\/az\\\/article\\\/fransada-bicaqlanan-vidadi-isgenderli-heyatini-itirib\\\/#primaryimage\",\"url\":\"https:\\\/\\\/www.meydan.tv\\\/wp-content\\\/uploads\\\/img_4458-e1727780469636.jpg\",\"contentUrl\":\"https:\\\/\\\/www.meydan.tv\\\/wp-content\\\/uploads\\\/img_4458-e1727780469636.jpg\",\"width\":1280,\"height\":554,\"caption\":\"Foto: Vidadi \u0130sg\u0259nd\u0259rlinin \u015f\u0259xsi s\u0259hif\u0259sind\u0259n\"},{\"@type\":\"BreadcrumbList\",\"@id\":\"https:\\\/\\\/www.meydan.tv\\\/az\\\/article\\\/fransada-bicaqlanan-vidadi-isgenderli-heyatini-itirib\\\/#breadcrumb\",\"itemListElement\":[{\"@type\":\"ListItem\",\"position\":1,\"name\":\"Ana s\u0259hif\u0259\",\"item\":\"https:\\\/\\\/www.meydan.tv\\\/az\\\/\"},{\"@type\":\"ListItem\",\"position\":2,\"name\":\"Siyas\u0259t\",\"item\":\"https:\\\/\\\/www.meydan.tv\\\/az\\\/section\\\/siyaset\\\/\"},{\"@type\":\"ListItem\",\"position\":3,\"name\":\"Fransada b\u0131\u00e7aqlanan Vidadi \u0130sg\u0259nd\u0259rli h\u0259yat\u0131n\u0131 itirib\"}]},{\"@type\":\"WebSite\",\"@id\":\"https:\\\/\\\/www.meydan.tv\\\/az\\\/#website\",\"url\":\"https:\\\/\\\/www.meydan.tv\\\/az\\\/\",\"name\":\"MEYDAN.TV\",\"description\":\"Meydan TV Az\u0259rbaycan\u0131n media m\u0259kan\u0131ndak\u0131 alternativ s\u0259sidir\",\"publisher\":{\"@id\":\"https:\\\/\\\/www.meydan.tv\\\/az\\\/#organization\"},\"potentialAction\":[{\"@type\":\"SearchAction\",\"target\":{\"@type\":\"EntryPoint\",\"urlTemplate\":\"https:\\\/\\\/www.meydan.tv\\\/az\\\/?s={search_term_string}\"},\"query-input\":{\"@type\":\"PropertyValueSpecification\",\"valueRequired\":true,\"valueName\":\"search_term_string\"}}],\"inLanguage\":\"az\"},{\"@type\":\"Organization\",\"@id\":\"https:\\\/\\\/www.meydan.tv\\\/az\\\/#organization\",\"name\":\"Meydan TV\",\"url\":\"https:\\\/\\\/www.meydan.tv\\\/az\\\/\",\"logo\":{\"@type\":\"ImageObject\",\"inLanguage\":\"az\",\"@id\":\"https:\\\/\\\/www.meydan.tv\\\/az\\\/#\\\/schema\\\/logo\\\/image\\\/\",\"url\":\"https:\\\/\\\/www.meydan.tv\\\/wp-content\\\/uploads\\\/2021\\\/07\\\/meydan-logo.svg\",\"contentUrl\":\"https:\\\/\\\/www.meydan.tv\\\/wp-content\\\/uploads\\\/2021\\\/07\\\/meydan-logo.svg\",\"width\":195,\"height\":46,\"caption\":\"Meydan TV\"},\"image\":{\"@id\":\"https:\\\/\\\/www.meydan.tv\\\/az\\\/#\\\/schema\\\/logo\\\/image\\\/\"}},{\"@type\":\"Person\",\"@id\":\"https:\\\/\\\/www.meydan.tv\\\/az\\\/#\\\/schema\\\/person\\\/09863e516102a829e72bedcf3f84c6b0\",\"name\":\"mahmud\"}]}<\/script>\n<!-- \/ Yoast SEO plugin. -->","yoast_head_json":{"title":"Fransada b\u0131\u00e7aqlanan Vidadi \u0130sg\u0259nd\u0259rli h\u0259yat\u0131n\u0131 itirib - MEYDAN.TV","description":"\u00c7oxsayl\u0131 b\u0131\u00e7aq z\u0259rb\u0259l\u0259ri s\u0259b\u0259bil\u0259 x\u0259st\u0259xanaya yerl\u0259\u015fdiril\u0259n siyasi m\u00fchacir orada \u00f6l\u00fcb.","robots":{"index":"index","follow":"follow","max-snippet":"max-snippet:-1","max-image-preview":"max-image-preview:large","max-video-preview":"max-video-preview:-1"},"canonical":"https:\/\/www.meydan.tv\/az\/article\/fransada-bicaqlanan-vidadi-isgenderli-heyatini-itirib\/","og_locale":"az_AZ","og_type":"article","og_title":"Fransada b\u0131\u00e7aqlanan Vidadi \u0130sg\u0259nd\u0259rli h\u0259yat\u0131n\u0131 itirib - MEYDAN.TV","og_description":"\u00c7oxsayl\u0131 b\u0131\u00e7aq z\u0259rb\u0259l\u0259ri s\u0259b\u0259bil\u0259 x\u0259st\u0259xanaya yerl\u0259\u015fdiril\u0259n siyasi m\u00fchacir orada \u00f6l\u00fcb.","og_url":"https:\/\/www.meydan.tv\/az\/article\/fransada-bicaqlanan-vidadi-isgenderli-heyatini-itirib\/","og_site_name":"MEYDAN.TV","article_published_time":"2024-10-01T10:41:41+00:00","article_modified_time":"2024-10-01T11:01:17+00:00","og_image":[{"width":1280,"height":554,"url":"https:\/\/www.meydan.tv\/wp-content\/uploads\/img_4458-e1727780469636.jpg","type":"image\/jpeg"}],"author":"mahmud","twitter_card":"summary_large_image","schema":{"@context":"https:\/\/schema.org","@graph":[{"@type":"Article","@id":"https:\/\/www.meydan.tv\/az\/article\/fransada-bicaqlanan-vidadi-isgenderli-heyatini-itirib\/#article","isPartOf":{"@id":"https:\/\/www.meydan.tv\/az\/article\/fransada-bicaqlanan-vidadi-isgenderli-heyatini-itirib\/"},"author":{"name":"mahmud","@id":"https:\/\/www.meydan.tv\/az\/#\/schema\/person\/09863e516102a829e72bedcf3f84c6b0"},"headline":"Fransada b\u0131\u00e7aqlanan Vidadi \u0130sg\u0259nd\u0259rli h\u0259yat\u0131n\u0131 itirib","datePublished":"2024-10-01T10:41:41+00:00","dateModified":"2024-10-01T11:01:17+00:00","mainEntityOfPage":{"@id":"https:\/\/www.meydan.tv\/az\/article\/fransada-bicaqlanan-vidadi-isgenderli-heyatini-itirib\/"},"wordCount":583,"publisher":{"@id":"https:\/\/www.meydan.tv\/az\/#organization"},"image":{"@id":"https:\/\/www.meydan.tv\/az\/article\/fransada-bicaqlanan-vidadi-isgenderli-heyatini-itirib\/#primaryimage"},"thumbnailUrl":"https:\/\/www.meydan.tv\/wp-content\/uploads\/img_4458-e1727780469636.jpg","articleSection":["Siyas\u0259t","T\u00f6vsiy\u0259","X\u0259b\u0259rl\u0259r"],"inLanguage":"az"},{"@type":"WebPage","@id":"https:\/\/www.meydan.tv\/az\/article\/fransada-bicaqlanan-vidadi-isgenderli-heyatini-itirib\/","url":"https:\/\/www.meydan.tv\/az\/article\/fransada-bicaqlanan-vidadi-isgenderli-heyatini-itirib\/","name":"Fransada b\u0131\u00e7aqlanan Vidadi \u0130sg\u0259nd\u0259rli h\u0259yat\u0131n\u0131 itirib - MEYDAN.TV","isPartOf":{"@id":"https:\/\/www.meydan.tv\/az\/#website"},"primaryImageOfPage":{"@id":"https:\/\/www.meydan.tv\/az\/article\/fransada-bicaqlanan-vidadi-isgenderli-heyatini-itirib\/#primaryimage"},"image":{"@id":"https:\/\/www.meydan.tv\/az\/article\/fransada-bicaqlanan-vidadi-isgenderli-heyatini-itirib\/#primaryimage"},"thumbnailUrl":"https:\/\/www.meydan.tv\/wp-content\/uploads\/img_4458-e1727780469636.jpg","datePublished":"2024-10-01T10:41:41+00:00","dateModified":"2024-10-01T11:01:17+00:00","description":"\u00c7oxsayl\u0131 b\u0131\u00e7aq z\u0259rb\u0259l\u0259ri s\u0259b\u0259bil\u0259 x\u0259st\u0259xanaya yerl\u0259\u015fdiril\u0259n siyasi m\u00fchacir orada \u00f6l\u00fcb.","breadcrumb":{"@id":"https:\/\/www.meydan.tv\/az\/article\/fransada-bicaqlanan-vidadi-isgenderli-heyatini-itirib\/#breadcrumb"},"inLanguage":"az","potentialAction":[{"@type":"ReadAction","target":["https:\/\/www.meydan.tv\/az\/article\/fransada-bicaqlanan-vidadi-isgenderli-heyatini-itirib\/"]}]},{"@type":"ImageObject","inLanguage":"az","@id":"https:\/\/www.meydan.tv\/az\/article\/fransada-bicaqlanan-vidadi-isgenderli-heyatini-itirib\/#primaryimage","url":"https:\/\/www.meydan.tv\/wp-content\/uploads\/img_4458-e1727780469636.jpg","contentUrl":"https:\/\/www.meydan.tv\/wp-content\/uploads\/img_4458-e1727780469636.jpg","width":1280,"height":554,"caption":"Foto: Vidadi \u0130sg\u0259nd\u0259rlinin \u015f\u0259xsi s\u0259hif\u0259sind\u0259n"},{"@type":"BreadcrumbList","@id":"https:\/\/www.meydan.tv\/az\/article\/fransada-bicaqlanan-vidadi-isgenderli-heyatini-itirib\/#breadcrumb","itemListElement":[{"@type":"ListItem","position":1,"name":"Ana s\u0259hif\u0259","item":"https:\/\/www.meydan.tv\/az\/"},{"@type":"ListItem","position":2,"name":"Siyas\u0259t","item":"https:\/\/www.meydan.tv\/az\/section\/siyaset\/"},{"@type":"ListItem","position":3,"name":"Fransada b\u0131\u00e7aqlanan Vidadi \u0130sg\u0259nd\u0259rli h\u0259yat\u0131n\u0131 itirib"}]},{"@type":"WebSite","@id":"https:\/\/www.meydan.tv\/az\/#website","url":"https:\/\/www.meydan.tv\/az\/","name":"MEYDAN.TV","description":"Meydan TV Az\u0259rbaycan\u0131n media m\u0259kan\u0131ndak\u0131 alternativ s\u0259sidir","publisher":{"@id":"https:\/\/www.meydan.tv\/az\/#organization"},"potentialAction":[{"@type":"SearchAction","target":{"@type":"EntryPoint","urlTemplate":"https:\/\/www.meydan.tv\/az\/?s={search_term_string}"},"query-input":{"@type":"PropertyValueSpecification","valueRequired":true,"valueName":"search_term_string"}}],"inLanguage":"az"},{"@type":"Organization","@id":"https:\/\/www.meydan.tv\/az\/#organization","name":"Meydan TV","url":"https:\/\/www.meydan.tv\/az\/","logo":{"@type":"ImageObject","inLanguage":"az","@id":"https:\/\/www.meydan.tv\/az\/#\/schema\/logo\/image\/","url":"https:\/\/www.meydan.tv\/wp-content\/uploads\/2021\/07\/meydan-logo.svg","contentUrl":"https:\/\/www.meydan.tv\/wp-content\/uploads\/2021\/07\/meydan-logo.svg","width":195,"height":46,"caption":"Meydan TV"},"image":{"@id":"https:\/\/www.meydan.tv\/az\/#\/schema\/logo\/image\/"}},{"@type":"Person","@id":"https:\/\/www.meydan.tv\/az\/#\/schema\/person\/09863e516102a829e72bedcf3f84c6b0","name":"mahmud"}]}},"_links":{"self":[{"href":"https:\/\/www.meydan.tv\/az\/wp-json\/wp\/v2\/posts\/316815","targetHints":{"allow":["GET"]}}],"collection":[{"href":"https:\/\/www.meydan.tv\/az\/wp-json\/wp\/v2\/posts"}],"about":[{"href":"https:\/\/www.meydan.tv\/az\/wp-json\/wp\/v2\/types\/post"}],"author":[{"embeddable":true,"href":"https:\/\/www.meydan.tv\/az\/wp-json\/wp\/v2\/users\/21"}],"replies":[{"embeddable":true,"href":"https:\/\/www.meydan.tv\/az\/wp-json\/wp\/v2\/comments?post=316815"}],"version-history":[{"count":2,"href":"https:\/\/www.meydan.tv\/az\/wp-json\/wp\/v2\/posts\/316815\/revisions"}],"predecessor-version":[{"id":316823,"href":"https:\/\/www.meydan.tv\/az\/wp-json\/wp\/v2\/posts\/316815\/revisions\/316823"}],"wp:featuredmedia":[{"embeddable":true,"href":"https:\/\/www.meydan.tv\/az\/wp-json\/wp\/v2\/media\/316817"}],"wp:attachment":[{"href":"https:\/\/www.meydan.tv\/az\/wp-json\/wp\/v2\/media?parent=316815"}],"wp:term":[{"taxonomy":"category","embeddable":true,"href":"https:\/\/www.meydan.tv\/az\/wp-json\/wp\/v2\/categories?post=316815"},{"taxonomy":"post_tag","embeddable":true,"href":"https:\/\/www.meydan.tv\/az\/wp-json\/wp\/v2\/tags?post=316815"}],"curies":[{"name":"wp","href":"https:\/\/api.w.org\/{rel}","templated":true}]}}