{"id":316680,"date":"2024-09-28T13:43:28","date_gmt":"2024-09-28T09:43:28","guid":{"rendered":"https:\/\/www.meydan.tv\/?p=316680"},"modified":"2024-09-29T14:05:44","modified_gmt":"2024-09-29T10:05:44","slug":"azeriqazdan-sikayet-is-yuku-cox-ezamiyyet-pulu-kesilir","status":"publish","type":"post","link":"https:\/\/www.meydan.tv\/az\/article\/azeriqazdan-sikayet-is-yuku-cox-ezamiyyet-pulu-kesilir\/","title":{"rendered":"\u201cAz\u0259riqaz\u201ddan \u015fikay\u0259t: \u0130\u015f y\u00fck\u00fc \u00e7ox, ezamiyy\u0259t pulu k\u0259silir&#8230;"},"content":{"rendered":"\n<p><\/p>\n\n\n\n<p><strong><em>&#8220;Qeyri-i\u015f g\u00fcnl\u0259rind\u0259 \u00e7al\u0131\u015f\u0131r\u0131q, \u00f6d\u0259ni\u015f edilmir\u201d<\/em><\/strong><\/p>\n\n\n\n<p>\u201cAz\u0259riqaz\u201d \u0130stehsalat Birliyinin T\u0259mir-Tikinti \u0130dar\u0259sinin i\u015f\u00e7il\u0259ri i\u015f \u015f\u0259raitind\u0259n naraz\u0131d\u0131rlar. \u0130\u015f\u00e7il\u0259r deyirl\u0259r ki, v\u0259zif\u0259 \u00f6hd\u0259likl\u0259ri olmayan i\u015fl\u0259rd\u0259 \u00e7al\u0131\u015fma\u011fa m\u0259cbur edilirl\u0259r, i\u015f saat\u0131ndan art\u0131q i\u015fl\u0259dilirl\u0259r.<\/p>\n\n\n\n<p>\u0130\u015fd\u0259n \u00e7\u0131xar\u0131lma t\u0259hl\u00fck\u0259si oldu\u011fundan ad\u0131n\u0131n m\u0259tbuatda a\u00e7\u0131qlanmas\u0131n\u0131 ist\u0259m\u0259y\u0259n i\u015f\u00e7il\u0259rd\u0259n biri Meydan TV-y\u0259 bildirib ki, qaydalara g\u00f6r\u0259 f\u0259hl\u0259l\u0259r 35 kq-a yax\u0131n y\u00fck\u00fc 60 metr m\u0259saf\u0259y\u0259 q\u0259d\u0259r fasil\u0259li rejiml\u0259 da\u015f\u0131mal\u0131d\u0131rlar. Lakin 200 kiloqraml\u0131q y\u00fck\u00fc 4 f\u0259hl\u0259y\u0259 da\u015f\u0131td\u0131r\u0131rlar. \u0130\u015f \u015f\u0259raitin\u0259 etiraz ed\u0259nl\u0259r\u0259 is\u0259 i\u015fd\u0259n \u00e7\u0131xma\u011f\u0131 m\u0259sl\u0259h\u0259t g\u00f6r\u00fcrl\u0259r.<\/p>\n\n\n\n<p>\u201c<em>\u018fm\u0259k bazar\u0131ndak\u0131 v\u0259ziyy\u0259t b\u0259llidir, i\u015f tapmaq m\u00fc\u015fk\u00fcl m\u0259s\u0259l\u0259dir. Buna g\u00f6r\u0259 d\u0259 ham\u0131 susma\u011fa m\u0259cburdur. \u0130\u015f\u00e7il\u0259ri geyiml\u0259 vaxt\u0131-vaxt\u0131nda t\u0259min etmirl\u0259r\u201d,<\/em>-i\u015f\u00e7i deyib. Bildirib ki, probleml\u0259rd\u0259n biri d\u0259 ezamiyy\u0259t haqq\u0131n\u0131n \u00f6d\u0259nilm\u0259sil\u0259 ba\u011fl\u0131d\u0131r:<\/p>\n\n\n\n<p>\u201c<em>H\u0259ft\u0259nin 4 g\u00fcn\u00fc \u00fc\u00e7\u00fcn 90 manat \u00f6d\u0259yirl\u0259r. Be\u015finci g\u00fcn d\u0259 ezamiyy\u0259t pulu \u00f6d\u0259nm\u0259lidir. Amma i\u015f\u00e7ini 5-ci g\u00fcn, h\u0259tta \u015f\u0259nb\u0259 g\u00fcn\u00fcn\u00fcn yar\u0131s\u0131nad\u0259k i\u015fl\u0259dirl\u0259r, amma c\u0259mi 27 manat yaz\u0131l\u0131r. Qeyri-i\u015f g\u00fcnl\u0259rind\u0259 \u00e7al\u0131\u015f\u0131r\u0131q, \u00f6d\u0259ni\u015f edilmir\u201d.<\/em><\/p>\n\n\n\n<p>Ba\u015fqa bir i\u015f\u00e7i d\u0259 deyib ki, i\u015fl\u0259r normativ\u0259 uy\u011fun b\u00f6l\u00fcnm\u00fcr. Bir i\u015f\u00e7i h\u0259m beton vurur, r\u0259ngl\u0259m\u0259 i\u015fl\u0259ri g\u00f6r\u00fcr v\u0259 ona tap\u015f\u0131r\u0131lan dig\u0259r i\u015fl\u0259ri h\u0259yata ke\u00e7irir. N\u0259tic\u0259d\u0259 g\u00f6r\u00fcl\u0259n i\u015fl\u0259r d\u0259 keyfiyy\u0259tsiz olur. Halbuki g\u00fcn \u0259rzind\u0259 i\u015f\u00e7iy\u0259 normadan art\u0131q i\u015f y\u00fckl\u0259m\u0259k \u018fm\u0259k M\u0259c\u0259ll\u0259sinin t\u0259l\u0259bl\u0259rin\u0259 ziddir.<\/p>\n\n\n\n<p><em>\u201c\u0130llik 13-c\u00fc \u0259m\u0259khaqlar\u0131 verilm\u0259yib. Pe\u015f\u0259 bayram\u0131 m\u00fcnasib\u0259til\u0259 m\u00fc\u0259yy\u0259n i\u015f\u00e7il\u0259r\u0259 500 manat m\u00fckafat verilib, amma onun da g\u0259lir vergisi tutulur\u201d<\/em>,-\u015fikay\u0259t\u00e7il\u0259r deyibl\u0259r.<\/p>\n\n\n\n<p>Onlar bildiribl\u0259r ki, \u201cAz\u0259riqaz\u201d \u0130stehsalat Birliyind\u0259 k\u00fctl\u0259vi ixtisarlarla ba\u011fl\u0131 m\u0259lumatlar dola\u015f\u0131r. Buna g\u00f6r\u0259 d\u0259 he\u00e7 kim normadan art\u0131q y\u00fckl\u0259nm\u0259y\u0259, el\u0259c\u0259 d\u0259 ezamiyy\u0259t x\u0259rcl\u0259rinin natamam \u00f6d\u0259nilm\u0259sin\u0259 a\u00e7\u0131q \u015f\u0259kild\u0259 qar\u015f\u0131 \u00e7\u0131xa bilmir.<\/p>\n\n\n\n<p>\u201cAz\u0259riqaz\u201d \u0130stehsalat Birliyind\u0259n is\u0259 ixtisarlar, el\u0259c\u0259 d\u0259 \u015fikay\u0259tl\u0259rl\u0259 ba\u011fl\u0131 suallar cavabland\u0131r\u0131lmay\u0131b.<\/p>\n","protected":false},"excerpt":{"rendered":"<p>&#8220;Qeyri-i\u015f g\u00fcnl\u0259rind\u0259 \u00e7al\u0131\u015f\u0131r\u0131q, \u00f6d\u0259ni\u015f edilmir\u201d \u201cAz\u0259riqaz\u201d \u0130stehsalat Birliyinin T\u0259mir-Tikinti \u0130dar\u0259sinin &#8230; <\/p>\n<p class=\"read-more-container\"><a title=\"\u201cAz\u0259riqaz\u201ddan \u015fikay\u0259t: \u0130\u015f y\u00fck\u00fc \u00e7ox, ezamiyy\u0259t pulu k\u0259silir&#8230;\" class=\"read-more button\" href=\"https:\/\/www.meydan.tv\/az\/article\/azeriqazdan-sikayet-is-yuku-cox-ezamiyyet-pulu-kesilir\/#more-316680\" aria-label=\"Read more about \u201cAz\u0259riqaz\u201ddan \u015fikay\u0259t: \u0130\u015f y\u00fck\u00fc \u00e7ox, ezamiyy\u0259t pulu k\u0259silir&#8230;\">Davam\u0131<\/a><\/p>\n","protected":false},"author":8,"featured_media":277729,"comment_status":"closed","ping_status":"closed","sticky":false,"template":"","format":"standard","meta":{"_acf_changed":false,"_sitemap_exclude":false,"_sitemap_priority":"","_sitemap_frequency":"","footnotes":""},"categories":[62,79,56],"tags":[],"class_list":["post-316680","post","type-post","status-publish","format-standard","has-post-thumbnail","hentry","category-sosial","category-featured","category-xeberler","infinite-scroll-item","generate-columns","tablet-grid-50","mobile-grid-100","grid-parent","grid-33","no-featured-image-padding"],"acf":[],"yoast_head":"<!-- This site is optimized with the Yoast SEO plugin v27.4 - https:\/\/yoast.com\/product\/yoast-seo-wordpress\/ -->\n<title>\u201cAz\u0259riqaz\u201ddan \u015fikay\u0259t: \u0130\u015f y\u00fck\u00fc \u00e7ox, ezamiyy\u0259t pulu k\u0259silir... - MEYDAN.TV<\/title>\n<meta name=\"description\" content=\"\u201cAz\u0259riqaz\u201d \u0130stehsalat Birliyinin T\u0259mir-Tikinti \u0130dar\u0259sinin i\u015f\u00e7il\u0259ri i\u015f \u015f\u0259raitind\u0259n naraz\u0131d\u0131rlar. \u0130\u015f\u00e7il\u0259r deyirl\u0259r ki, v\u0259zif\u0259 \u00f6hd\u0259likl\u0259ri olmayan i\u015fl\u0259rd\u0259 \u00e7al\u0131\u015fma\u011fa m\u0259cbur edilirl\u0259r, i\u015f saat\u0131ndan art\u0131q i\u015fl\u0259dilirl\u0259r.\" \/>\n<meta name=\"robots\" content=\"index, follow, max-snippet:-1, max-image-preview:large, max-video-preview:-1\" \/>\n<link rel=\"canonical\" href=\"https:\/\/www.meydan.tv\/az\/article\/azeriqazdan-sikayet-is-yuku-cox-ezamiyyet-pulu-kesilir\/\" \/>\n<meta property=\"og:locale\" content=\"az_AZ\" \/>\n<meta property=\"og:type\" content=\"article\" \/>\n<meta property=\"og:title\" content=\"\u201cAz\u0259riqaz\u201ddan \u015fikay\u0259t: \u0130\u015f y\u00fck\u00fc \u00e7ox, ezamiyy\u0259t pulu k\u0259silir... - MEYDAN.TV\" \/>\n<meta property=\"og:description\" content=\"\u201cAz\u0259riqaz\u201d \u0130stehsalat Birliyinin T\u0259mir-Tikinti \u0130dar\u0259sinin i\u015f\u00e7il\u0259ri i\u015f \u015f\u0259raitind\u0259n naraz\u0131d\u0131rlar. \u0130\u015f\u00e7il\u0259r deyirl\u0259r ki, v\u0259zif\u0259 \u00f6hd\u0259likl\u0259ri olmayan i\u015fl\u0259rd\u0259 \u00e7al\u0131\u015fma\u011fa m\u0259cbur edilirl\u0259r, i\u015f saat\u0131ndan art\u0131q i\u015fl\u0259dilirl\u0259r.\" \/>\n<meta property=\"og:url\" content=\"https:\/\/www.meydan.tv\/az\/article\/azeriqazdan-sikayet-is-yuku-cox-ezamiyyet-pulu-kesilir\/\" \/>\n<meta property=\"og:site_name\" content=\"MEYDAN.TV\" \/>\n<meta property=\"article:published_time\" content=\"2024-09-28T09:43:28+00:00\" \/>\n<meta property=\"article:modified_time\" content=\"2024-09-29T10:05:44+00:00\" \/>\n<meta property=\"og:image\" content=\"https:\/\/www.meydan.tv\/wp-content\/uploads\/azeriqaz_190920_2-1.jpg\" \/>\n\t<meta property=\"og:image:width\" content=\"1200\" \/>\n\t<meta property=\"og:image:height\" content=\"800\" \/>\n\t<meta property=\"og:image:type\" content=\"image\/jpeg\" \/>\n<meta name=\"author\" content=\"elli\" \/>\n<meta name=\"twitter:card\" content=\"summary_large_image\" \/>\n<meta name=\"twitter:creator\" content=\"@elli\" \/>\n<script type=\"application\/ld+json\" class=\"yoast-schema-graph\">{\"@context\":\"https:\\\/\\\/schema.org\",\"@graph\":[{\"@type\":\"Article\",\"@id\":\"https:\\\/\\\/www.meydan.tv\\\/az\\\/article\\\/azeriqazdan-sikayet-is-yuku-cox-ezamiyyet-pulu-kesilir\\\/#article\",\"isPartOf\":{\"@id\":\"https:\\\/\\\/www.meydan.tv\\\/az\\\/article\\\/azeriqazdan-sikayet-is-yuku-cox-ezamiyyet-pulu-kesilir\\\/\"},\"author\":{\"name\":\"elli\",\"@id\":\"https:\\\/\\\/www.meydan.tv\\\/az\\\/#\\\/schema\\\/person\\\/9cdbecf90d17180ce1dfbd95b08dcf47\"},\"headline\":\"\u201cAz\u0259riqaz\u201ddan \u015fikay\u0259t: \u0130\u015f y\u00fck\u00fc \u00e7ox, ezamiyy\u0259t pulu k\u0259silir&#8230;\",\"datePublished\":\"2024-09-28T09:43:28+00:00\",\"dateModified\":\"2024-09-29T10:05:44+00:00\",\"mainEntityOfPage\":{\"@id\":\"https:\\\/\\\/www.meydan.tv\\\/az\\\/article\\\/azeriqazdan-sikayet-is-yuku-cox-ezamiyyet-pulu-kesilir\\\/\"},\"wordCount\":466,\"publisher\":{\"@id\":\"https:\\\/\\\/www.meydan.tv\\\/az\\\/#organization\"},\"image\":{\"@id\":\"https:\\\/\\\/www.meydan.tv\\\/az\\\/article\\\/azeriqazdan-sikayet-is-yuku-cox-ezamiyyet-pulu-kesilir\\\/#primaryimage\"},\"thumbnailUrl\":\"https:\\\/\\\/www.meydan.tv\\\/wp-content\\\/uploads\\\/azeriqaz_190920_2-1.jpg\",\"articleSection\":[\"Sosial\",\"T\u00f6vsiy\u0259\",\"X\u0259b\u0259rl\u0259r\"],\"inLanguage\":\"az\"},{\"@type\":\"WebPage\",\"@id\":\"https:\\\/\\\/www.meydan.tv\\\/az\\\/article\\\/azeriqazdan-sikayet-is-yuku-cox-ezamiyyet-pulu-kesilir\\\/\",\"url\":\"https:\\\/\\\/www.meydan.tv\\\/az\\\/article\\\/azeriqazdan-sikayet-is-yuku-cox-ezamiyyet-pulu-kesilir\\\/\",\"name\":\"\u201cAz\u0259riqaz\u201ddan \u015fikay\u0259t: \u0130\u015f y\u00fck\u00fc \u00e7ox, ezamiyy\u0259t pulu k\u0259silir... - MEYDAN.TV\",\"isPartOf\":{\"@id\":\"https:\\\/\\\/www.meydan.tv\\\/az\\\/#website\"},\"primaryImageOfPage\":{\"@id\":\"https:\\\/\\\/www.meydan.tv\\\/az\\\/article\\\/azeriqazdan-sikayet-is-yuku-cox-ezamiyyet-pulu-kesilir\\\/#primaryimage\"},\"image\":{\"@id\":\"https:\\\/\\\/www.meydan.tv\\\/az\\\/article\\\/azeriqazdan-sikayet-is-yuku-cox-ezamiyyet-pulu-kesilir\\\/#primaryimage\"},\"thumbnailUrl\":\"https:\\\/\\\/www.meydan.tv\\\/wp-content\\\/uploads\\\/azeriqaz_190920_2-1.jpg\",\"datePublished\":\"2024-09-28T09:43:28+00:00\",\"dateModified\":\"2024-09-29T10:05:44+00:00\",\"description\":\"\u201cAz\u0259riqaz\u201d \u0130stehsalat Birliyinin T\u0259mir-Tikinti \u0130dar\u0259sinin i\u015f\u00e7il\u0259ri i\u015f \u015f\u0259raitind\u0259n naraz\u0131d\u0131rlar. \u0130\u015f\u00e7il\u0259r deyirl\u0259r ki, v\u0259zif\u0259 \u00f6hd\u0259likl\u0259ri olmayan i\u015fl\u0259rd\u0259 \u00e7al\u0131\u015fma\u011fa m\u0259cbur edilirl\u0259r, i\u015f saat\u0131ndan art\u0131q i\u015fl\u0259dilirl\u0259r.\",\"breadcrumb\":{\"@id\":\"https:\\\/\\\/www.meydan.tv\\\/az\\\/article\\\/azeriqazdan-sikayet-is-yuku-cox-ezamiyyet-pulu-kesilir\\\/#breadcrumb\"},\"inLanguage\":\"az\",\"potentialAction\":[{\"@type\":\"ReadAction\",\"target\":[\"https:\\\/\\\/www.meydan.tv\\\/az\\\/article\\\/azeriqazdan-sikayet-is-yuku-cox-ezamiyyet-pulu-kesilir\\\/\"]}]},{\"@type\":\"ImageObject\",\"inLanguage\":\"az\",\"@id\":\"https:\\\/\\\/www.meydan.tv\\\/az\\\/article\\\/azeriqazdan-sikayet-is-yuku-cox-ezamiyyet-pulu-kesilir\\\/#primaryimage\",\"url\":\"https:\\\/\\\/www.meydan.tv\\\/wp-content\\\/uploads\\\/azeriqaz_190920_2-1.jpg\",\"contentUrl\":\"https:\\\/\\\/www.meydan.tv\\\/wp-content\\\/uploads\\\/azeriqaz_190920_2-1.jpg\",\"width\":1200,\"height\":800,\"caption\":\"Qaz say\u011fac\u0131. Foto: \u201cAz\u0259riqaz\u201d\"},{\"@type\":\"BreadcrumbList\",\"@id\":\"https:\\\/\\\/www.meydan.tv\\\/az\\\/article\\\/azeriqazdan-sikayet-is-yuku-cox-ezamiyyet-pulu-kesilir\\\/#breadcrumb\",\"itemListElement\":[{\"@type\":\"ListItem\",\"position\":1,\"name\":\"Ana s\u0259hif\u0259\",\"item\":\"https:\\\/\\\/www.meydan.tv\\\/az\\\/\"},{\"@type\":\"ListItem\",\"position\":2,\"name\":\"Sosial\",\"item\":\"https:\\\/\\\/www.meydan.tv\\\/az\\\/section\\\/sosial\\\/\"},{\"@type\":\"ListItem\",\"position\":3,\"name\":\"\u201cAz\u0259riqaz\u201ddan \u015fikay\u0259t: \u0130\u015f y\u00fck\u00fc \u00e7ox, ezamiyy\u0259t pulu k\u0259silir&#8230;\"}]},{\"@type\":\"WebSite\",\"@id\":\"https:\\\/\\\/www.meydan.tv\\\/az\\\/#website\",\"url\":\"https:\\\/\\\/www.meydan.tv\\\/az\\\/\",\"name\":\"MEYDAN.TV\",\"description\":\"Meydan TV Az\u0259rbaycan\u0131n media m\u0259kan\u0131ndak\u0131 alternativ s\u0259sidir\",\"publisher\":{\"@id\":\"https:\\\/\\\/www.meydan.tv\\\/az\\\/#organization\"},\"potentialAction\":[{\"@type\":\"SearchAction\",\"target\":{\"@type\":\"EntryPoint\",\"urlTemplate\":\"https:\\\/\\\/www.meydan.tv\\\/az\\\/?s={search_term_string}\"},\"query-input\":{\"@type\":\"PropertyValueSpecification\",\"valueRequired\":true,\"valueName\":\"search_term_string\"}}],\"inLanguage\":\"az\"},{\"@type\":\"Organization\",\"@id\":\"https:\\\/\\\/www.meydan.tv\\\/az\\\/#organization\",\"name\":\"Meydan TV\",\"url\":\"https:\\\/\\\/www.meydan.tv\\\/az\\\/\",\"logo\":{\"@type\":\"ImageObject\",\"inLanguage\":\"az\",\"@id\":\"https:\\\/\\\/www.meydan.tv\\\/az\\\/#\\\/schema\\\/logo\\\/image\\\/\",\"url\":\"https:\\\/\\\/www.meydan.tv\\\/wp-content\\\/uploads\\\/2021\\\/07\\\/meydan-logo.svg\",\"contentUrl\":\"https:\\\/\\\/www.meydan.tv\\\/wp-content\\\/uploads\\\/2021\\\/07\\\/meydan-logo.svg\",\"width\":195,\"height\":46,\"caption\":\"Meydan TV\"},\"image\":{\"@id\":\"https:\\\/\\\/www.meydan.tv\\\/az\\\/#\\\/schema\\\/logo\\\/image\\\/\"}},{\"@type\":\"Person\",\"@id\":\"https:\\\/\\\/www.meydan.tv\\\/az\\\/#\\\/schema\\\/person\\\/9cdbecf90d17180ce1dfbd95b08dcf47\",\"name\":\"elli\",\"sameAs\":[\"https:\\\/\\\/x.com\\\/elli\"]}]}<\/script>\n<!-- \/ Yoast SEO plugin. -->","yoast_head_json":{"title":"\u201cAz\u0259riqaz\u201ddan \u015fikay\u0259t: \u0130\u015f y\u00fck\u00fc \u00e7ox, ezamiyy\u0259t pulu k\u0259silir... - MEYDAN.TV","description":"\u201cAz\u0259riqaz\u201d \u0130stehsalat Birliyinin T\u0259mir-Tikinti \u0130dar\u0259sinin i\u015f\u00e7il\u0259ri i\u015f \u015f\u0259raitind\u0259n naraz\u0131d\u0131rlar. \u0130\u015f\u00e7il\u0259r deyirl\u0259r ki, v\u0259zif\u0259 \u00f6hd\u0259likl\u0259ri olmayan i\u015fl\u0259rd\u0259 \u00e7al\u0131\u015fma\u011fa m\u0259cbur edilirl\u0259r, i\u015f saat\u0131ndan art\u0131q i\u015fl\u0259dilirl\u0259r.","robots":{"index":"index","follow":"follow","max-snippet":"max-snippet:-1","max-image-preview":"max-image-preview:large","max-video-preview":"max-video-preview:-1"},"canonical":"https:\/\/www.meydan.tv\/az\/article\/azeriqazdan-sikayet-is-yuku-cox-ezamiyyet-pulu-kesilir\/","og_locale":"az_AZ","og_type":"article","og_title":"\u201cAz\u0259riqaz\u201ddan \u015fikay\u0259t: \u0130\u015f y\u00fck\u00fc \u00e7ox, ezamiyy\u0259t pulu k\u0259silir... - MEYDAN.TV","og_description":"\u201cAz\u0259riqaz\u201d \u0130stehsalat Birliyinin T\u0259mir-Tikinti \u0130dar\u0259sinin i\u015f\u00e7il\u0259ri i\u015f \u015f\u0259raitind\u0259n naraz\u0131d\u0131rlar. \u0130\u015f\u00e7il\u0259r deyirl\u0259r ki, v\u0259zif\u0259 \u00f6hd\u0259likl\u0259ri olmayan i\u015fl\u0259rd\u0259 \u00e7al\u0131\u015fma\u011fa m\u0259cbur edilirl\u0259r, i\u015f saat\u0131ndan art\u0131q i\u015fl\u0259dilirl\u0259r.","og_url":"https:\/\/www.meydan.tv\/az\/article\/azeriqazdan-sikayet-is-yuku-cox-ezamiyyet-pulu-kesilir\/","og_site_name":"MEYDAN.TV","article_published_time":"2024-09-28T09:43:28+00:00","article_modified_time":"2024-09-29T10:05:44+00:00","og_image":[{"width":1200,"height":800,"url":"https:\/\/www.meydan.tv\/wp-content\/uploads\/azeriqaz_190920_2-1.jpg","type":"image\/jpeg"}],"author":"elli","twitter_card":"summary_large_image","twitter_creator":"@elli","schema":{"@context":"https:\/\/schema.org","@graph":[{"@type":"Article","@id":"https:\/\/www.meydan.tv\/az\/article\/azeriqazdan-sikayet-is-yuku-cox-ezamiyyet-pulu-kesilir\/#article","isPartOf":{"@id":"https:\/\/www.meydan.tv\/az\/article\/azeriqazdan-sikayet-is-yuku-cox-ezamiyyet-pulu-kesilir\/"},"author":{"name":"elli","@id":"https:\/\/www.meydan.tv\/az\/#\/schema\/person\/9cdbecf90d17180ce1dfbd95b08dcf47"},"headline":"\u201cAz\u0259riqaz\u201ddan \u015fikay\u0259t: \u0130\u015f y\u00fck\u00fc \u00e7ox, ezamiyy\u0259t pulu k\u0259silir&#8230;","datePublished":"2024-09-28T09:43:28+00:00","dateModified":"2024-09-29T10:05:44+00:00","mainEntityOfPage":{"@id":"https:\/\/www.meydan.tv\/az\/article\/azeriqazdan-sikayet-is-yuku-cox-ezamiyyet-pulu-kesilir\/"},"wordCount":466,"publisher":{"@id":"https:\/\/www.meydan.tv\/az\/#organization"},"image":{"@id":"https:\/\/www.meydan.tv\/az\/article\/azeriqazdan-sikayet-is-yuku-cox-ezamiyyet-pulu-kesilir\/#primaryimage"},"thumbnailUrl":"https:\/\/www.meydan.tv\/wp-content\/uploads\/azeriqaz_190920_2-1.jpg","articleSection":["Sosial","T\u00f6vsiy\u0259","X\u0259b\u0259rl\u0259r"],"inLanguage":"az"},{"@type":"WebPage","@id":"https:\/\/www.meydan.tv\/az\/article\/azeriqazdan-sikayet-is-yuku-cox-ezamiyyet-pulu-kesilir\/","url":"https:\/\/www.meydan.tv\/az\/article\/azeriqazdan-sikayet-is-yuku-cox-ezamiyyet-pulu-kesilir\/","name":"\u201cAz\u0259riqaz\u201ddan \u015fikay\u0259t: \u0130\u015f y\u00fck\u00fc \u00e7ox, ezamiyy\u0259t pulu k\u0259silir... - MEYDAN.TV","isPartOf":{"@id":"https:\/\/www.meydan.tv\/az\/#website"},"primaryImageOfPage":{"@id":"https:\/\/www.meydan.tv\/az\/article\/azeriqazdan-sikayet-is-yuku-cox-ezamiyyet-pulu-kesilir\/#primaryimage"},"image":{"@id":"https:\/\/www.meydan.tv\/az\/article\/azeriqazdan-sikayet-is-yuku-cox-ezamiyyet-pulu-kesilir\/#primaryimage"},"thumbnailUrl":"https:\/\/www.meydan.tv\/wp-content\/uploads\/azeriqaz_190920_2-1.jpg","datePublished":"2024-09-28T09:43:28+00:00","dateModified":"2024-09-29T10:05:44+00:00","description":"\u201cAz\u0259riqaz\u201d \u0130stehsalat Birliyinin T\u0259mir-Tikinti \u0130dar\u0259sinin i\u015f\u00e7il\u0259ri i\u015f \u015f\u0259raitind\u0259n naraz\u0131d\u0131rlar. \u0130\u015f\u00e7il\u0259r deyirl\u0259r ki, v\u0259zif\u0259 \u00f6hd\u0259likl\u0259ri olmayan i\u015fl\u0259rd\u0259 \u00e7al\u0131\u015fma\u011fa m\u0259cbur edilirl\u0259r, i\u015f saat\u0131ndan art\u0131q i\u015fl\u0259dilirl\u0259r.","breadcrumb":{"@id":"https:\/\/www.meydan.tv\/az\/article\/azeriqazdan-sikayet-is-yuku-cox-ezamiyyet-pulu-kesilir\/#breadcrumb"},"inLanguage":"az","potentialAction":[{"@type":"ReadAction","target":["https:\/\/www.meydan.tv\/az\/article\/azeriqazdan-sikayet-is-yuku-cox-ezamiyyet-pulu-kesilir\/"]}]},{"@type":"ImageObject","inLanguage":"az","@id":"https:\/\/www.meydan.tv\/az\/article\/azeriqazdan-sikayet-is-yuku-cox-ezamiyyet-pulu-kesilir\/#primaryimage","url":"https:\/\/www.meydan.tv\/wp-content\/uploads\/azeriqaz_190920_2-1.jpg","contentUrl":"https:\/\/www.meydan.tv\/wp-content\/uploads\/azeriqaz_190920_2-1.jpg","width":1200,"height":800,"caption":"Qaz say\u011fac\u0131. Foto: \u201cAz\u0259riqaz\u201d"},{"@type":"BreadcrumbList","@id":"https:\/\/www.meydan.tv\/az\/article\/azeriqazdan-sikayet-is-yuku-cox-ezamiyyet-pulu-kesilir\/#breadcrumb","itemListElement":[{"@type":"ListItem","position":1,"name":"Ana s\u0259hif\u0259","item":"https:\/\/www.meydan.tv\/az\/"},{"@type":"ListItem","position":2,"name":"Sosial","item":"https:\/\/www.meydan.tv\/az\/section\/sosial\/"},{"@type":"ListItem","position":3,"name":"\u201cAz\u0259riqaz\u201ddan \u015fikay\u0259t: \u0130\u015f y\u00fck\u00fc \u00e7ox, ezamiyy\u0259t pulu k\u0259silir&#8230;"}]},{"@type":"WebSite","@id":"https:\/\/www.meydan.tv\/az\/#website","url":"https:\/\/www.meydan.tv\/az\/","name":"MEYDAN.TV","description":"Meydan TV Az\u0259rbaycan\u0131n media m\u0259kan\u0131ndak\u0131 alternativ s\u0259sidir","publisher":{"@id":"https:\/\/www.meydan.tv\/az\/#organization"},"potentialAction":[{"@type":"SearchAction","target":{"@type":"EntryPoint","urlTemplate":"https:\/\/www.meydan.tv\/az\/?s={search_term_string}"},"query-input":{"@type":"PropertyValueSpecification","valueRequired":true,"valueName":"search_term_string"}}],"inLanguage":"az"},{"@type":"Organization","@id":"https:\/\/www.meydan.tv\/az\/#organization","name":"Meydan TV","url":"https:\/\/www.meydan.tv\/az\/","logo":{"@type":"ImageObject","inLanguage":"az","@id":"https:\/\/www.meydan.tv\/az\/#\/schema\/logo\/image\/","url":"https:\/\/www.meydan.tv\/wp-content\/uploads\/2021\/07\/meydan-logo.svg","contentUrl":"https:\/\/www.meydan.tv\/wp-content\/uploads\/2021\/07\/meydan-logo.svg","width":195,"height":46,"caption":"Meydan TV"},"image":{"@id":"https:\/\/www.meydan.tv\/az\/#\/schema\/logo\/image\/"}},{"@type":"Person","@id":"https:\/\/www.meydan.tv\/az\/#\/schema\/person\/9cdbecf90d17180ce1dfbd95b08dcf47","name":"elli","sameAs":["https:\/\/x.com\/elli"]}]}},"_links":{"self":[{"href":"https:\/\/www.meydan.tv\/az\/wp-json\/wp\/v2\/posts\/316680","targetHints":{"allow":["GET"]}}],"collection":[{"href":"https:\/\/www.meydan.tv\/az\/wp-json\/wp\/v2\/posts"}],"about":[{"href":"https:\/\/www.meydan.tv\/az\/wp-json\/wp\/v2\/types\/post"}],"author":[{"embeddable":true,"href":"https:\/\/www.meydan.tv\/az\/wp-json\/wp\/v2\/users\/8"}],"replies":[{"embeddable":true,"href":"https:\/\/www.meydan.tv\/az\/wp-json\/wp\/v2\/comments?post=316680"}],"version-history":[{"count":3,"href":"https:\/\/www.meydan.tv\/az\/wp-json\/wp\/v2\/posts\/316680\/revisions"}],"predecessor-version":[{"id":316694,"href":"https:\/\/www.meydan.tv\/az\/wp-json\/wp\/v2\/posts\/316680\/revisions\/316694"}],"wp:featuredmedia":[{"embeddable":true,"href":"https:\/\/www.meydan.tv\/az\/wp-json\/wp\/v2\/media\/277729"}],"wp:attachment":[{"href":"https:\/\/www.meydan.tv\/az\/wp-json\/wp\/v2\/media?parent=316680"}],"wp:term":[{"taxonomy":"category","embeddable":true,"href":"https:\/\/www.meydan.tv\/az\/wp-json\/wp\/v2\/categories?post=316680"},{"taxonomy":"post_tag","embeddable":true,"href":"https:\/\/www.meydan.tv\/az\/wp-json\/wp\/v2\/tags?post=316680"}],"curies":[{"name":"wp","href":"https:\/\/api.w.org\/{rel}","templated":true}]}}