{"id":316676,"date":"2024-09-27T22:53:13","date_gmt":"2024-09-27T18:53:13","guid":{"rendered":"https:\/\/www.meydan.tv\/?p=316676"},"modified":"2024-09-29T13:59:46","modified_gmt":"2024-09-29T09:59:46","slug":"tofiq-yaqublu-o-vaxt-bu-saxtakarliq-bas-vermeseydi-men-indi-burada-olmazdim","status":"publish","type":"post","link":"https:\/\/www.meydan.tv\/az\/article\/tofiq-yaqublu-o-vaxt-bu-saxtakarliq-bas-vermeseydi-men-indi-burada-olmazdim\/","title":{"rendered":"Tofiq Yaqublu: \u201cO vaxt bu saxtakarl\u0131q ba\u015f verm\u0259s\u0259ydi, m\u0259n indi burada olmazd\u0131m\u201d"},"content":{"rendered":"\n<p><\/p>\n\n\n\n<p><strong><em>Hakim Yaqublunun \u00e7\u0131x\u0131\u015f\u0131n\u0131 davam etdirm\u0259y\u0259 imkan verm\u0259yib<\/em><\/strong><\/p>\n\n\n\n<p>Milli \u015euran\u0131n v\u0259 M\u00fcsavat Partiyas\u0131n\u0131n \u00fczv\u00fc, 10 aya yax\u0131nd\u0131r h\u0259bsd\u0259 olan Tofiq Yaqublunun m\u0259hk\u0259m\u0259si sentyabr\u0131n 27-d\u0259 davam etdirilib.<\/p>\n\n\n\n<p>Bak\u0131 A\u011f\u0131r Cinay\u0259tl\u0259r M\u0259hk\u0259m\u0259sind\u0259 siyas\u0259t\u00e7inin i\u015fi \u00fczr\u0259 m\u0259hk\u0259m\u0259 prosesin\u0259 s\u0259drlik ed\u0259n hakim Elnur Nuriyev bildirib ki, art\u0131q h\u0259m t\u0259qsirl\u0259ndiril\u0259n, h\u0259m z\u0259r\u0259r\u00e7\u0259kmi\u015f, h\u0259m d\u0259 \u015fahid qismind\u0259 tan\u0131nan \u015f\u0259xsl\u0259r dindirilib. Dindirm\u0259 m\u0259rh\u0259l\u0259si ba\u015fa \u00e7atd\u0131\u011f\u0131na g\u00f6r\u0259 art\u0131q cinay\u0259t i\u015finin materiallar\u0131nda olan s\u0259n\u0259dl\u0259rin t\u0259dqiqin\u0259 ke\u00e7m\u0259k olar.<\/p>\n\n\n\n<p>Tofiq Yaqublunun v\u0259kill\u0259ri is\u0259 bildirib ki, s\u0259n\u0259dl\u0259rin t\u0259dqiqi m\u0259rh\u0259l\u0259sin\u0259 ke\u00e7m\u0259mi\u015fd\u0259n \u0259vv\u0259l onlar\u0131n m\u0259hk\u0259m\u0259d\u0259 dindirilm\u0259sini ist\u0259dikl\u0259ri \u0259lav\u0259 \u015fahidl\u0259r var. V\u0259kill\u0259r h\u0259min \u015fahidl\u0259rin adlar\u0131n\u0131 m\u0259hk\u0259m\u0259y\u0259 t\u0259qdim ed\u0259r\u0259k, onlar\u0131n dindirilm\u0259si bar\u0259d\u0259 v\u0259sat\u0259t qald\u0131r\u0131blar. M\u00fcdafi\u0259\u00e7il\u0259r bu \u015f\u0259xsl\u0259rin dindirilm\u0259sini niy\u0259 ist\u0259dikl\u0259rini d\u0259 \u0259sasland\u0131r\u0131blar.<\/p>\n\n\n\n<p>M\u00fcdafi\u0259 t\u0259r\u0259finin dindirilm\u0259sini ist\u0259diyi \u015f\u0259xsl\u0259r aras\u0131nda Milli \u015euran\u0131n \u00fczvl\u0259ri, Tofiq Yaqublunun h\u0259yat yolda\u015f\u0131 Maya Yaqublu da vard\u0131.<\/p>\n\n\n\n<p>M\u0259s\u0259l\u0259n, Maya Yaqublu evd\u0259n polisl\u0259rin pulu nec\u0259 g\u00f6t\u00fcrm\u0259si bar\u0259d\u0259 v\u0259kill\u0259rin suallar\u0131n\u0131 cavabland\u0131racaq. O, d\u0259f\u0259l\u0259rl\u0259 mediaya a\u00e7\u0131qlamalar\u0131nda bildirib ki, evl\u0259rind\u0259n tap\u0131ld\u0131\u011f\u0131 iddia edil\u0259n pulu polilsl\u0259r \u00f6zl\u0259ri qoyub, \u00f6zl\u0259ri d\u0259 g\u00f6t\u00fcr\u00fcbl\u0259r.<\/p>\n\n\n\n<p>H\u00fcseyn M\u0259likov is\u0259 N\u0259rimanov Rayon M\u0259hk\u0259m\u0259sinin \u00f6n\u00fcnd\u0259 Tofiq Yaqublunun yan\u0131nda olub. Cinay\u0259t i\u015finin materiallar\u0131nda iddia olunur ki. dig\u0259r t\u0259qsirl\u0259ndiril\u0259n Elnur Vaqifo\u011flu (M\u0259mm\u0259dov) ilk d\u0259f\u0259 orada Tofiq Yaqublu il\u0259 El\u015f\u0259n H\u00fcseynov adl\u0131 \u015f\u0259xsi pul qar\u015f\u0131s\u0131l\u0131\u011f\u0131nda Almaniyaya g\u00f6nd\u0259rm\u0259k bar\u0259d\u0259 s\u00f6hb\u0259tl\u0259\u015fib. Sonra da Zabrat q\u0259s\u0259b\u0259sind\u0259 h\u0259min pulu al\u0131b.<\/p>\n\n\n\n<p>Tofiq Yaqublu is\u0259 cinay\u0259t i\u015find\u0259 yaz\u0131lanlar\u0131n \u015f\u0259r-b\u00f6htan oldu\u011funu bildirir, Zabrat q\u0259s\u0259b\u0259sind\u0259 ona pul verildiyi iddia olunan vaxtda Milli \u015euran\u0131n Koordinasiya M\u0259rk\u0259zinin iclas\u0131nda oldu\u011funu bildirir. Onun v\u0259kill\u0259ri Vidadi Mirkamal\u0131n da m\u0259hz bu m\u0259s\u0259l\u0259 il\u0259 \u0259laq\u0259dar \u0259lav\u0259 \u015fahid qismind\u0259 dindirilm\u0259sini ist\u0259yir. \u00c7\u00fcnki iclas h\u0259min g\u00fcn Vidadi Mirkamal\u0131n evind\u0259 ke\u00e7irilib v\u0259 Tofiq Yaqublu da orada i\u015ftirak etdiyini deyir.<\/p>\n\n\n\n<p>Bud\u0259f\u0259ki m\u0259hk\u0259m\u0259 iclas\u0131nda h\u0259m\u00e7inin dig\u0259r t\u0259qsdirl\u0259ndiril\u0259n Elnur M\u0259mm\u0259dovun v\u0259kili m\u00fcv\u0259kkilin\u0259 qar\u015f\u0131 Cinay\u0259t M\u0259c\u0259ll\u0259sinin 178.3.2 (k\u00fclli miqdarda ziyan vuqmaqla d\u0259l\u0259duzluq) v\u0259 320-ci (saxta s\u0259n\u0259dl\u0259r haz\u0131rlama v\u0259 ya istifad\u0259) madd\u0259l\u0259ri il\u0259 il\u0259 s\u00fcr\u00fclm\u00fc\u015f ittihamlara xitam verilm\u0259si haqda v\u0259sat\u0259t qald\u0131r\u0131b.<\/p>\n\n\n\n<p>Elnur Vaqifo\u011flu il\u0259 ba\u011fl\u0131 v\u0259sat\u0259t\u0259 m\u00fcnasib\u0259t bildirm\u0259k \u00fc\u00e7\u00fcn Tofiq Yaqubluya s\u00f6z veril\u0259nd\u0259 o, \u00e7\u0131x\u0131\u015f\u0131na bel\u0259 ba\u015flay\u0131b:<\/p>\n\n\n\n<p><em>\u201cBu \u00f6lk\u0259d\u0259 \u0259n b\u00f6y\u00fck saxtakarl\u0131q 2003-c\u00fc il avqustun 4-d\u0259 \u0130lham \u018fliyevin Ba\u015f nazir t\u0259yin olunmas\u0131 idi. \u018fg\u0259r o vaxt bu saxtakarl\u0131q ba\u015f verm\u0259s\u0259ydi, m\u0259n bu g\u00fcn burada olmazd\u0131m&#8230;\u201d.<\/em><\/p>\n\n\n\n<p>Hakim T.Yaqubluya \u00e7\u0131x\u0131\u015f\u0131n\u0131 davam etdirm\u0259y\u0259 imkan verm\u0259yib.<\/p>\n\n\n\n<p>M\u0259hk\u0259m\u0259 prosesi is\u0259 oktyabr\u0131n 18-n\u0259 q\u0259d\u0259r t\u0259xir\u0259 sal\u0131n\u0131b.<\/p>\n\n\n\n<p>Tofiq Yaqublu dekabr\u0131n 14-d\u0259n h\u0259bsd\u0259dir. Ona qar\u015f\u0131 Cinay\u0259t M\u0259c\u0259ll\u0259sinin 178.3.2 (k\u00fclli miqdarda ziyan vurmaqla d\u0259l\u0259duzluq) v\u0259 320-ci (saxta s\u0259n\u0259d haz\u0131rlama v\u0259 ya ondan istifad\u0259) madd\u0259l\u0259ril\u0259 ittiham ir\u0259li s\u00fcr\u00fcl\u00fcb . Bu madd\u0259l\u0259rd\u0259 10 il\u0259 q\u0259d\u0259r azadl\u0131qdan m\u0259hrumetm\u0259 c\u0259zas\u0131 n\u0259z\u0259rd\u0259 tutulub.<\/p>\n\n\n\n<p>Tofiq Yaqublu siyasi f\u0259aliyy\u0259ti d\u00f6vr\u00fcnd\u0259 bir ne\u00e7\u0259 d\u0259f\u0259 inzibati v\u0259 uzunm\u00fcdd\u0259tli h\u0259bsd\u0259 olub.<\/p>\n\n\n\n<p>O, 2013-c\u00fc ild\u0259 \u0130smay\u0131ll\u0131da etirazlar\u0131n t\u0259\u015fkilind\u0259 ittiham olunaraq h\u0259bs edilib. 5 il azadl\u0131qdan m\u0259hrum edil\u0259n siyas\u0259t\u00e7i 2017-ci ild\u0259 \u0259fv s\u0259r\u0259ncam\u0131yla azadl\u0131\u011fa burax\u0131l\u0131b. O, daha sonra 2020-ci il mart\u0131n 22-d\u0259 xuliqanl\u0131q ittiham\u0131yla h\u0259bs olunub. \u0130ddia olunurdu ki, o, \u201c8-ci kilometr bazar\u0131\u201dn\u0131n yan\u0131nda avtomobil q\u0259zas\u0131 t\u00f6r\u0259dib, daha sonra dig\u0259r avtomobilin s\u00fcr\u00fcc\u00fcs\u00fcn\u00fc v\u0259 onun h\u0259yat yolda\u015f\u0131n\u0131 t\u0259hqir edib, onlara x\u0259sar\u0259t yetirib. Bu d\u0259f\u0259 Nizami rayon M\u0259hk\u0259m\u0259sinin h\u00f6km\u00fcyl\u0259 4 il 3 ay azadl\u0131qdan m\u0259hrum edilib.<\/p>\n\n\n\n<p>H\u00f6kmd\u0259n d\u0259rhal sonra &#8211; 2 sentyabr 2020-ci ild\u0259 m\u0259hk\u0259m\u0259 \u0259dal\u0259tsizliyin\u0259 etiraz olaraq acl\u0131\u011fa ba\u015flad\u0131\u011f\u0131n\u0131 b\u0259yan ed\u0259n Tofiq Yaqublu bu aksiyan\u0131 17 g\u00fcn davam etdirib. Onun v\u0259ziyy\u0259ti pisl\u0259\u015fdiyin\u0259 g\u00f6r\u0259 istintaq t\u0259cridxanas\u0131ndan klinikaya k\u00f6\u00e7\u00fcr\u00fcl\u00fcb. Sentyabr\u0131n 18-d\u0259 Bak\u0131 Apelyasiya M\u0259hk\u0259m\u0259sinin q\u0259rar\u0131yla o, ev dustaql\u0131\u011f\u0131na burax\u0131l\u0131b. 2021-ci il iyulun 15-d\u0259 Bak\u0131 Apelyasiya M\u0259hk\u0259m\u0259si 4 il 3 ayl\u0131q h\u0259bs h\u00f6km\u00fcn\u00fc \u015f\u0259rti c\u0259za il\u0259 \u0259v\u0259zl\u0259yib.<\/p>\n\n\n\n<p>Tofiq Yaqublu etiraz aksiyalar\u0131nda, mitinql\u0259rd\u0259 i\u015ftirak\u0131na g\u00f6r\u0259 bir ne\u00e7\u0259 d\u0259f\u0259 inzibati qaydada 30 sutkal\u0131q h\u0259bs olunub.<\/p>\n","protected":false},"excerpt":{"rendered":"<p>Hakim Yaqublunun \u00e7\u0131x\u0131\u015f\u0131n\u0131 davam etdirm\u0259y\u0259 imkan verm\u0259yib Milli \u015euran\u0131n v\u0259 &#8230; <\/p>\n<p class=\"read-more-container\"><a title=\"Tofiq Yaqublu: \u201cO vaxt bu saxtakarl\u0131q ba\u015f verm\u0259s\u0259ydi, m\u0259n indi burada olmazd\u0131m\u201d\" class=\"read-more button\" href=\"https:\/\/www.meydan.tv\/az\/article\/tofiq-yaqublu-o-vaxt-bu-saxtakarliq-bas-vermeseydi-men-indi-burada-olmazdim\/#more-316676\" aria-label=\"Read more about Tofiq Yaqublu: \u201cO vaxt bu saxtakarl\u0131q ba\u015f verm\u0259s\u0259ydi, m\u0259n indi burada olmazd\u0131m\u201d\">Davam\u0131<\/a><\/p>\n","protected":false},"author":8,"featured_media":308142,"comment_status":"closed","ping_status":"closed","sticky":false,"template":"","format":"standard","meta":{"_acf_changed":false,"_sitemap_exclude":false,"_sitemap_priority":"","_sitemap_frequency":"","footnotes":""},"categories":[59,79,56],"tags":[],"class_list":["post-316676","post","type-post","status-publish","format-standard","has-post-thumbnail","hentry","category-siyaset","category-featured","category-xeberler","infinite-scroll-item","generate-columns","tablet-grid-50","mobile-grid-100","grid-parent","grid-33","no-featured-image-padding"],"acf":[],"yoast_head":"<!-- This site is optimized with the Yoast SEO plugin v27.4 - https:\/\/yoast.com\/product\/yoast-seo-wordpress\/ -->\n<title>Tofiq Yaqublu: \u201cO vaxt bu saxtakarl\u0131q ba\u015f verm\u0259s\u0259ydi, m\u0259n indi burada olmazd\u0131m\u201d - MEYDAN.TV<\/title>\n<meta name=\"description\" content=\"2021-ci il iyulun 15-d\u0259 Bak\u0131 Apelyasiya M\u0259hk\u0259m\u0259si 4 il 3 ayl\u0131q h\u0259bs h\u00f6km\u00fcn\u00fc \u015f\u0259rti c\u0259za il\u0259 \u0259v\u0259zl\u0259yib.\" \/>\n<meta name=\"robots\" content=\"index, follow, max-snippet:-1, max-image-preview:large, max-video-preview:-1\" \/>\n<link rel=\"canonical\" href=\"https:\/\/www.meydan.tv\/az\/article\/tofiq-yaqublu-o-vaxt-bu-saxtakarliq-bas-vermeseydi-men-indi-burada-olmazdim\/\" \/>\n<meta property=\"og:locale\" content=\"az_AZ\" \/>\n<meta property=\"og:type\" content=\"article\" \/>\n<meta property=\"og:title\" content=\"Tofiq Yaqublu: \u201cO vaxt bu saxtakarl\u0131q ba\u015f verm\u0259s\u0259ydi, m\u0259n indi burada olmazd\u0131m\u201d - MEYDAN.TV\" \/>\n<meta property=\"og:description\" content=\"2021-ci il iyulun 15-d\u0259 Bak\u0131 Apelyasiya M\u0259hk\u0259m\u0259si 4 il 3 ayl\u0131q h\u0259bs h\u00f6km\u00fcn\u00fc \u015f\u0259rti c\u0259za il\u0259 \u0259v\u0259zl\u0259yib.\" \/>\n<meta property=\"og:url\" content=\"https:\/\/www.meydan.tv\/az\/article\/tofiq-yaqublu-o-vaxt-bu-saxtakarliq-bas-vermeseydi-men-indi-burada-olmazdim\/\" \/>\n<meta property=\"og:site_name\" content=\"MEYDAN.TV\" \/>\n<meta property=\"article:published_time\" content=\"2024-09-27T18:53:13+00:00\" \/>\n<meta property=\"article:modified_time\" content=\"2024-09-29T09:59:46+00:00\" \/>\n<meta property=\"og:image\" content=\"https:\/\/www.meydan.tv\/wp-content\/uploads\/whatsapp_image_2024-06-14_at_14.35.17.jpg\" \/>\n\t<meta property=\"og:image:width\" content=\"1200\" \/>\n\t<meta property=\"og:image:height\" content=\"900\" \/>\n\t<meta property=\"og:image:type\" content=\"image\/jpeg\" \/>\n<meta name=\"author\" content=\"elli\" \/>\n<meta name=\"twitter:card\" content=\"summary_large_image\" \/>\n<meta name=\"twitter:creator\" content=\"@elli\" \/>\n<script type=\"application\/ld+json\" class=\"yoast-schema-graph\">{\"@context\":\"https:\\\/\\\/schema.org\",\"@graph\":[{\"@type\":\"Article\",\"@id\":\"https:\\\/\\\/www.meydan.tv\\\/az\\\/article\\\/tofiq-yaqublu-o-vaxt-bu-saxtakarliq-bas-vermeseydi-men-indi-burada-olmazdim\\\/#article\",\"isPartOf\":{\"@id\":\"https:\\\/\\\/www.meydan.tv\\\/az\\\/article\\\/tofiq-yaqublu-o-vaxt-bu-saxtakarliq-bas-vermeseydi-men-indi-burada-olmazdim\\\/\"},\"author\":{\"name\":\"elli\",\"@id\":\"https:\\\/\\\/www.meydan.tv\\\/az\\\/#\\\/schema\\\/person\\\/9cdbecf90d17180ce1dfbd95b08dcf47\"},\"headline\":\"Tofiq Yaqublu: \u201cO vaxt bu saxtakarl\u0131q ba\u015f verm\u0259s\u0259ydi, m\u0259n indi burada olmazd\u0131m\u201d\",\"datePublished\":\"2024-09-27T18:53:13+00:00\",\"dateModified\":\"2024-09-29T09:59:46+00:00\",\"mainEntityOfPage\":{\"@id\":\"https:\\\/\\\/www.meydan.tv\\\/az\\\/article\\\/tofiq-yaqublu-o-vaxt-bu-saxtakarliq-bas-vermeseydi-men-indi-burada-olmazdim\\\/\"},\"wordCount\":957,\"publisher\":{\"@id\":\"https:\\\/\\\/www.meydan.tv\\\/az\\\/#organization\"},\"image\":{\"@id\":\"https:\\\/\\\/www.meydan.tv\\\/az\\\/article\\\/tofiq-yaqublu-o-vaxt-bu-saxtakarliq-bas-vermeseydi-men-indi-burada-olmazdim\\\/#primaryimage\"},\"thumbnailUrl\":\"https:\\\/\\\/www.meydan.tv\\\/wp-content\\\/uploads\\\/whatsapp_image_2024-06-14_at_14.35.17.jpg\",\"articleSection\":[\"Siyas\u0259t\",\"T\u00f6vsiy\u0259\",\"X\u0259b\u0259rl\u0259r\"],\"inLanguage\":\"az\"},{\"@type\":\"WebPage\",\"@id\":\"https:\\\/\\\/www.meydan.tv\\\/az\\\/article\\\/tofiq-yaqublu-o-vaxt-bu-saxtakarliq-bas-vermeseydi-men-indi-burada-olmazdim\\\/\",\"url\":\"https:\\\/\\\/www.meydan.tv\\\/az\\\/article\\\/tofiq-yaqublu-o-vaxt-bu-saxtakarliq-bas-vermeseydi-men-indi-burada-olmazdim\\\/\",\"name\":\"Tofiq Yaqublu: \u201cO vaxt bu saxtakarl\u0131q ba\u015f verm\u0259s\u0259ydi, m\u0259n indi burada olmazd\u0131m\u201d - MEYDAN.TV\",\"isPartOf\":{\"@id\":\"https:\\\/\\\/www.meydan.tv\\\/az\\\/#website\"},\"primaryImageOfPage\":{\"@id\":\"https:\\\/\\\/www.meydan.tv\\\/az\\\/article\\\/tofiq-yaqublu-o-vaxt-bu-saxtakarliq-bas-vermeseydi-men-indi-burada-olmazdim\\\/#primaryimage\"},\"image\":{\"@id\":\"https:\\\/\\\/www.meydan.tv\\\/az\\\/article\\\/tofiq-yaqublu-o-vaxt-bu-saxtakarliq-bas-vermeseydi-men-indi-burada-olmazdim\\\/#primaryimage\"},\"thumbnailUrl\":\"https:\\\/\\\/www.meydan.tv\\\/wp-content\\\/uploads\\\/whatsapp_image_2024-06-14_at_14.35.17.jpg\",\"datePublished\":\"2024-09-27T18:53:13+00:00\",\"dateModified\":\"2024-09-29T09:59:46+00:00\",\"description\":\"2021-ci il iyulun 15-d\u0259 Bak\u0131 Apelyasiya M\u0259hk\u0259m\u0259si 4 il 3 ayl\u0131q h\u0259bs h\u00f6km\u00fcn\u00fc \u015f\u0259rti c\u0259za il\u0259 \u0259v\u0259zl\u0259yib.\",\"breadcrumb\":{\"@id\":\"https:\\\/\\\/www.meydan.tv\\\/az\\\/article\\\/tofiq-yaqublu-o-vaxt-bu-saxtakarliq-bas-vermeseydi-men-indi-burada-olmazdim\\\/#breadcrumb\"},\"inLanguage\":\"az\",\"potentialAction\":[{\"@type\":\"ReadAction\",\"target\":[\"https:\\\/\\\/www.meydan.tv\\\/az\\\/article\\\/tofiq-yaqublu-o-vaxt-bu-saxtakarliq-bas-vermeseydi-men-indi-burada-olmazdim\\\/\"]}]},{\"@type\":\"ImageObject\",\"inLanguage\":\"az\",\"@id\":\"https:\\\/\\\/www.meydan.tv\\\/az\\\/article\\\/tofiq-yaqublu-o-vaxt-bu-saxtakarliq-bas-vermeseydi-men-indi-burada-olmazdim\\\/#primaryimage\",\"url\":\"https:\\\/\\\/www.meydan.tv\\\/wp-content\\\/uploads\\\/whatsapp_image_2024-06-14_at_14.35.17.jpg\",\"contentUrl\":\"https:\\\/\\\/www.meydan.tv\\\/wp-content\\\/uploads\\\/whatsapp_image_2024-06-14_at_14.35.17.jpg\",\"width\":1200,\"height\":900,\"caption\":\"Tofiq Yaqublu. Foto: Meydan TV\"},{\"@type\":\"BreadcrumbList\",\"@id\":\"https:\\\/\\\/www.meydan.tv\\\/az\\\/article\\\/tofiq-yaqublu-o-vaxt-bu-saxtakarliq-bas-vermeseydi-men-indi-burada-olmazdim\\\/#breadcrumb\",\"itemListElement\":[{\"@type\":\"ListItem\",\"position\":1,\"name\":\"Ana s\u0259hif\u0259\",\"item\":\"https:\\\/\\\/www.meydan.tv\\\/az\\\/\"},{\"@type\":\"ListItem\",\"position\":2,\"name\":\"Siyas\u0259t\",\"item\":\"https:\\\/\\\/www.meydan.tv\\\/az\\\/section\\\/siyaset\\\/\"},{\"@type\":\"ListItem\",\"position\":3,\"name\":\"Tofiq Yaqublu: \u201cO vaxt bu saxtakarl\u0131q ba\u015f verm\u0259s\u0259ydi, m\u0259n indi burada olmazd\u0131m\u201d\"}]},{\"@type\":\"WebSite\",\"@id\":\"https:\\\/\\\/www.meydan.tv\\\/az\\\/#website\",\"url\":\"https:\\\/\\\/www.meydan.tv\\\/az\\\/\",\"name\":\"MEYDAN.TV\",\"description\":\"Meydan TV Az\u0259rbaycan\u0131n media m\u0259kan\u0131ndak\u0131 alternativ s\u0259sidir\",\"publisher\":{\"@id\":\"https:\\\/\\\/www.meydan.tv\\\/az\\\/#organization\"},\"potentialAction\":[{\"@type\":\"SearchAction\",\"target\":{\"@type\":\"EntryPoint\",\"urlTemplate\":\"https:\\\/\\\/www.meydan.tv\\\/az\\\/?s={search_term_string}\"},\"query-input\":{\"@type\":\"PropertyValueSpecification\",\"valueRequired\":true,\"valueName\":\"search_term_string\"}}],\"inLanguage\":\"az\"},{\"@type\":\"Organization\",\"@id\":\"https:\\\/\\\/www.meydan.tv\\\/az\\\/#organization\",\"name\":\"Meydan TV\",\"url\":\"https:\\\/\\\/www.meydan.tv\\\/az\\\/\",\"logo\":{\"@type\":\"ImageObject\",\"inLanguage\":\"az\",\"@id\":\"https:\\\/\\\/www.meydan.tv\\\/az\\\/#\\\/schema\\\/logo\\\/image\\\/\",\"url\":\"https:\\\/\\\/www.meydan.tv\\\/wp-content\\\/uploads\\\/2021\\\/07\\\/meydan-logo.svg\",\"contentUrl\":\"https:\\\/\\\/www.meydan.tv\\\/wp-content\\\/uploads\\\/2021\\\/07\\\/meydan-logo.svg\",\"width\":195,\"height\":46,\"caption\":\"Meydan TV\"},\"image\":{\"@id\":\"https:\\\/\\\/www.meydan.tv\\\/az\\\/#\\\/schema\\\/logo\\\/image\\\/\"}},{\"@type\":\"Person\",\"@id\":\"https:\\\/\\\/www.meydan.tv\\\/az\\\/#\\\/schema\\\/person\\\/9cdbecf90d17180ce1dfbd95b08dcf47\",\"name\":\"elli\",\"sameAs\":[\"https:\\\/\\\/x.com\\\/elli\"]}]}<\/script>\n<!-- \/ Yoast SEO plugin. -->","yoast_head_json":{"title":"Tofiq Yaqublu: \u201cO vaxt bu saxtakarl\u0131q ba\u015f verm\u0259s\u0259ydi, m\u0259n indi burada olmazd\u0131m\u201d - MEYDAN.TV","description":"2021-ci il iyulun 15-d\u0259 Bak\u0131 Apelyasiya M\u0259hk\u0259m\u0259si 4 il 3 ayl\u0131q h\u0259bs h\u00f6km\u00fcn\u00fc \u015f\u0259rti c\u0259za il\u0259 \u0259v\u0259zl\u0259yib.","robots":{"index":"index","follow":"follow","max-snippet":"max-snippet:-1","max-image-preview":"max-image-preview:large","max-video-preview":"max-video-preview:-1"},"canonical":"https:\/\/www.meydan.tv\/az\/article\/tofiq-yaqublu-o-vaxt-bu-saxtakarliq-bas-vermeseydi-men-indi-burada-olmazdim\/","og_locale":"az_AZ","og_type":"article","og_title":"Tofiq Yaqublu: \u201cO vaxt bu saxtakarl\u0131q ba\u015f verm\u0259s\u0259ydi, m\u0259n indi burada olmazd\u0131m\u201d - MEYDAN.TV","og_description":"2021-ci il iyulun 15-d\u0259 Bak\u0131 Apelyasiya M\u0259hk\u0259m\u0259si 4 il 3 ayl\u0131q h\u0259bs h\u00f6km\u00fcn\u00fc \u015f\u0259rti c\u0259za il\u0259 \u0259v\u0259zl\u0259yib.","og_url":"https:\/\/www.meydan.tv\/az\/article\/tofiq-yaqublu-o-vaxt-bu-saxtakarliq-bas-vermeseydi-men-indi-burada-olmazdim\/","og_site_name":"MEYDAN.TV","article_published_time":"2024-09-27T18:53:13+00:00","article_modified_time":"2024-09-29T09:59:46+00:00","og_image":[{"width":1200,"height":900,"url":"https:\/\/www.meydan.tv\/wp-content\/uploads\/whatsapp_image_2024-06-14_at_14.35.17.jpg","type":"image\/jpeg"}],"author":"elli","twitter_card":"summary_large_image","twitter_creator":"@elli","schema":{"@context":"https:\/\/schema.org","@graph":[{"@type":"Article","@id":"https:\/\/www.meydan.tv\/az\/article\/tofiq-yaqublu-o-vaxt-bu-saxtakarliq-bas-vermeseydi-men-indi-burada-olmazdim\/#article","isPartOf":{"@id":"https:\/\/www.meydan.tv\/az\/article\/tofiq-yaqublu-o-vaxt-bu-saxtakarliq-bas-vermeseydi-men-indi-burada-olmazdim\/"},"author":{"name":"elli","@id":"https:\/\/www.meydan.tv\/az\/#\/schema\/person\/9cdbecf90d17180ce1dfbd95b08dcf47"},"headline":"Tofiq Yaqublu: \u201cO vaxt bu saxtakarl\u0131q ba\u015f verm\u0259s\u0259ydi, m\u0259n indi burada olmazd\u0131m\u201d","datePublished":"2024-09-27T18:53:13+00:00","dateModified":"2024-09-29T09:59:46+00:00","mainEntityOfPage":{"@id":"https:\/\/www.meydan.tv\/az\/article\/tofiq-yaqublu-o-vaxt-bu-saxtakarliq-bas-vermeseydi-men-indi-burada-olmazdim\/"},"wordCount":957,"publisher":{"@id":"https:\/\/www.meydan.tv\/az\/#organization"},"image":{"@id":"https:\/\/www.meydan.tv\/az\/article\/tofiq-yaqublu-o-vaxt-bu-saxtakarliq-bas-vermeseydi-men-indi-burada-olmazdim\/#primaryimage"},"thumbnailUrl":"https:\/\/www.meydan.tv\/wp-content\/uploads\/whatsapp_image_2024-06-14_at_14.35.17.jpg","articleSection":["Siyas\u0259t","T\u00f6vsiy\u0259","X\u0259b\u0259rl\u0259r"],"inLanguage":"az"},{"@type":"WebPage","@id":"https:\/\/www.meydan.tv\/az\/article\/tofiq-yaqublu-o-vaxt-bu-saxtakarliq-bas-vermeseydi-men-indi-burada-olmazdim\/","url":"https:\/\/www.meydan.tv\/az\/article\/tofiq-yaqublu-o-vaxt-bu-saxtakarliq-bas-vermeseydi-men-indi-burada-olmazdim\/","name":"Tofiq Yaqublu: \u201cO vaxt bu saxtakarl\u0131q ba\u015f verm\u0259s\u0259ydi, m\u0259n indi burada olmazd\u0131m\u201d - MEYDAN.TV","isPartOf":{"@id":"https:\/\/www.meydan.tv\/az\/#website"},"primaryImageOfPage":{"@id":"https:\/\/www.meydan.tv\/az\/article\/tofiq-yaqublu-o-vaxt-bu-saxtakarliq-bas-vermeseydi-men-indi-burada-olmazdim\/#primaryimage"},"image":{"@id":"https:\/\/www.meydan.tv\/az\/article\/tofiq-yaqublu-o-vaxt-bu-saxtakarliq-bas-vermeseydi-men-indi-burada-olmazdim\/#primaryimage"},"thumbnailUrl":"https:\/\/www.meydan.tv\/wp-content\/uploads\/whatsapp_image_2024-06-14_at_14.35.17.jpg","datePublished":"2024-09-27T18:53:13+00:00","dateModified":"2024-09-29T09:59:46+00:00","description":"2021-ci il iyulun 15-d\u0259 Bak\u0131 Apelyasiya M\u0259hk\u0259m\u0259si 4 il 3 ayl\u0131q h\u0259bs h\u00f6km\u00fcn\u00fc \u015f\u0259rti c\u0259za il\u0259 \u0259v\u0259zl\u0259yib.","breadcrumb":{"@id":"https:\/\/www.meydan.tv\/az\/article\/tofiq-yaqublu-o-vaxt-bu-saxtakarliq-bas-vermeseydi-men-indi-burada-olmazdim\/#breadcrumb"},"inLanguage":"az","potentialAction":[{"@type":"ReadAction","target":["https:\/\/www.meydan.tv\/az\/article\/tofiq-yaqublu-o-vaxt-bu-saxtakarliq-bas-vermeseydi-men-indi-burada-olmazdim\/"]}]},{"@type":"ImageObject","inLanguage":"az","@id":"https:\/\/www.meydan.tv\/az\/article\/tofiq-yaqublu-o-vaxt-bu-saxtakarliq-bas-vermeseydi-men-indi-burada-olmazdim\/#primaryimage","url":"https:\/\/www.meydan.tv\/wp-content\/uploads\/whatsapp_image_2024-06-14_at_14.35.17.jpg","contentUrl":"https:\/\/www.meydan.tv\/wp-content\/uploads\/whatsapp_image_2024-06-14_at_14.35.17.jpg","width":1200,"height":900,"caption":"Tofiq Yaqublu. Foto: Meydan TV"},{"@type":"BreadcrumbList","@id":"https:\/\/www.meydan.tv\/az\/article\/tofiq-yaqublu-o-vaxt-bu-saxtakarliq-bas-vermeseydi-men-indi-burada-olmazdim\/#breadcrumb","itemListElement":[{"@type":"ListItem","position":1,"name":"Ana s\u0259hif\u0259","item":"https:\/\/www.meydan.tv\/az\/"},{"@type":"ListItem","position":2,"name":"Siyas\u0259t","item":"https:\/\/www.meydan.tv\/az\/section\/siyaset\/"},{"@type":"ListItem","position":3,"name":"Tofiq Yaqublu: \u201cO vaxt bu saxtakarl\u0131q ba\u015f verm\u0259s\u0259ydi, m\u0259n indi burada olmazd\u0131m\u201d"}]},{"@type":"WebSite","@id":"https:\/\/www.meydan.tv\/az\/#website","url":"https:\/\/www.meydan.tv\/az\/","name":"MEYDAN.TV","description":"Meydan TV Az\u0259rbaycan\u0131n media m\u0259kan\u0131ndak\u0131 alternativ s\u0259sidir","publisher":{"@id":"https:\/\/www.meydan.tv\/az\/#organization"},"potentialAction":[{"@type":"SearchAction","target":{"@type":"EntryPoint","urlTemplate":"https:\/\/www.meydan.tv\/az\/?s={search_term_string}"},"query-input":{"@type":"PropertyValueSpecification","valueRequired":true,"valueName":"search_term_string"}}],"inLanguage":"az"},{"@type":"Organization","@id":"https:\/\/www.meydan.tv\/az\/#organization","name":"Meydan TV","url":"https:\/\/www.meydan.tv\/az\/","logo":{"@type":"ImageObject","inLanguage":"az","@id":"https:\/\/www.meydan.tv\/az\/#\/schema\/logo\/image\/","url":"https:\/\/www.meydan.tv\/wp-content\/uploads\/2021\/07\/meydan-logo.svg","contentUrl":"https:\/\/www.meydan.tv\/wp-content\/uploads\/2021\/07\/meydan-logo.svg","width":195,"height":46,"caption":"Meydan TV"},"image":{"@id":"https:\/\/www.meydan.tv\/az\/#\/schema\/logo\/image\/"}},{"@type":"Person","@id":"https:\/\/www.meydan.tv\/az\/#\/schema\/person\/9cdbecf90d17180ce1dfbd95b08dcf47","name":"elli","sameAs":["https:\/\/x.com\/elli"]}]}},"_links":{"self":[{"href":"https:\/\/www.meydan.tv\/az\/wp-json\/wp\/v2\/posts\/316676","targetHints":{"allow":["GET"]}}],"collection":[{"href":"https:\/\/www.meydan.tv\/az\/wp-json\/wp\/v2\/posts"}],"about":[{"href":"https:\/\/www.meydan.tv\/az\/wp-json\/wp\/v2\/types\/post"}],"author":[{"embeddable":true,"href":"https:\/\/www.meydan.tv\/az\/wp-json\/wp\/v2\/users\/8"}],"replies":[{"embeddable":true,"href":"https:\/\/www.meydan.tv\/az\/wp-json\/wp\/v2\/comments?post=316676"}],"version-history":[{"count":3,"href":"https:\/\/www.meydan.tv\/az\/wp-json\/wp\/v2\/posts\/316676\/revisions"}],"predecessor-version":[{"id":316691,"href":"https:\/\/www.meydan.tv\/az\/wp-json\/wp\/v2\/posts\/316676\/revisions\/316691"}],"wp:featuredmedia":[{"embeddable":true,"href":"https:\/\/www.meydan.tv\/az\/wp-json\/wp\/v2\/media\/308142"}],"wp:attachment":[{"href":"https:\/\/www.meydan.tv\/az\/wp-json\/wp\/v2\/media?parent=316676"}],"wp:term":[{"taxonomy":"category","embeddable":true,"href":"https:\/\/www.meydan.tv\/az\/wp-json\/wp\/v2\/categories?post=316676"},{"taxonomy":"post_tag","embeddable":true,"href":"https:\/\/www.meydan.tv\/az\/wp-json\/wp\/v2\/tags?post=316676"}],"curies":[{"name":"wp","href":"https:\/\/api.w.org\/{rel}","templated":true}]}}