{"id":316477,"date":"2024-09-26T13:38:59","date_gmt":"2024-09-26T09:38:59","guid":{"rendered":"https:\/\/www.meydan.tv\/?p=316477"},"modified":"2024-09-26T13:39:01","modified_gmt":"2024-09-26T09:39:01","slug":"yerevan-bakini-cop29-a-qeder-sulhun-razilasdirilmis-bendlerini-imzalamaga-cagirir","status":"publish","type":"post","link":"https:\/\/www.meydan.tv\/az\/article\/yerevan-bakini-cop29-a-qeder-sulhun-razilasdirilmis-bendlerini-imzalamaga-cagirir\/","title":{"rendered":"Yerevan Bak\u0131n\u0131 COP29-a q\u0259d\u0259r s\u00fclh\u00fcn raz\u0131la\u015fd\u0131r\u0131lm\u0131\u015f b\u0259ndl\u0259rini imzalama\u011fa \u00e7a\u011f\u0131r\u0131r"},"content":{"rendered":"\n<p><\/p>\n\n\n\n<p><strong><em>Nikol Pa\u015finyan: &#8220;Erm\u0259nistan Az\u0259rbaycanla s\u00fclh m\u00fcqavil\u0259si imzalama\u011fa haz\u0131rd\u0131r&#8221;<\/em><\/strong><\/p>\n\n\n\n<p>Erm\u0259nistan Az\u0259rbaycan\u0131 s\u00fclh m\u00fcqavil\u0259sinin raz\u0131la\u015fd\u0131r\u0131lm\u0131\u015f b\u0259ndl\u0259rini Bak\u0131da COP29-a q\u0259d\u0259r imzalama\u011fa d\u0259v\u0259t edir.<\/p>\n\n\n\n<p>Bu a\u00e7\u0131qlaman\u0131 sentyabr\u0131n 26-da Erm\u0259nistan\u0131n Ba\u015f naziri Nikol Pa\u015finyan BMT-d\u0259 \u201cS\u00fclh namin\u0259 liderlik\u201d m\u00f6vzusunda m\u00fczakir\u0259l\u0259r zaman\u0131 s\u0259sl\u0259ndirib.<\/p>\n\n\n\n<p>Ba\u015f nazir deyib ki, o v\u0259 r\u0259hb\u0259rlik etdiyi h\u00f6kum\u0259t firavanl\u0131q, sabitlik v\u0259 s\u00fclh namin\u0259 m\u00fcnaqi\u015f\u0259y\u0259 son qoyma\u011fa, \u0259m\u0259kda\u015fl\u0131\u011fa \u00e7evirm\u0259y\u0259 sadiqdir.<\/p>\n\n\n\n<p>\u201c<em>Erm\u0259nistan Az\u0259rbaycanla s\u00fclh m\u00fcqavil\u0259si imzalama\u011fa haz\u0131rd\u0131r\u201d, <\/em>&#8211; dey\u0259 Pa\u015finyan <a href=\"https:\/\/am.sputniknews.ru\/20240926\/erevan-predlagaet-baku-podpisat-soglasovannye-stati-mirnogo-dogovora-do-cop29-v-noyabre--81097639.html\" target=\"_blank\" rel=\"noreferrer noopener\">bildirib<\/a>.<\/p>\n\n\n\n<p>Ox\u015far a\u00e7\u0131qlaman\u0131 Nikol Pa\u015finyan \u0259vv\u0259ll\u0259r d\u0259 s\u0259sl\u0259ndirib.<\/p>\n\n\n\n<p>Sentyabr\u0131n 10-da Ba\u015f nazir demi\u015fdi ki, C\u0259nubi Qafqazda davaml\u0131 s\u00fclh t\u0259kc\u0259 m\u00fcmk\u00fcn deyil, h\u0259m d\u0259 reald\u0131r.<\/p>\n\n\n\n<p>Pa\u015finyan sentyabr\u0131n 9-da xarici i\u015fl\u0259r naziri Ararat Mirzoyan\u0131n s\u00f6yl\u0259dikl\u0259rini t\u0259sdiql\u0259mi\u015f v\u0259 \u0259lav\u0259 etmi\u015fdi ki, s\u00fclh\u0259 nail olmaq \u00fc\u00e7\u00fcn b\u00fct\u00fcn t\u0259r\u0259fl\u0259rin s\u0259yl\u0259ri laz\u0131md\u0131r:<\/p>\n\n\n\n<p>\u201c<em>S\u00fclh m\u00fcqavil\u0259sinin 80 faizi art\u0131q raz\u0131la\u015fd\u0131r\u0131l\u0131b, o c\u00fcml\u0259d\u0259n 13 madd\u0259 v\u0259 iki madd\u0259 qism\u0259n raz\u0131la\u015fd\u0131r\u0131l\u0131b \u2013 onlar\u0131n h\u0259r biri iki c\u00fcml\u0259d\u0259n <a href=\"https:\/\/www.meydan.tv\/az\/article\/nikol-pasinyan-cenubi-qafqazda-davamli-sulh-tekce-mumkun-deyil-hem-de-realdir\/\" target=\"_blank\" rel=\"noreferrer noopener\">ibar\u0259tdir\u201d.<\/a><\/em><\/p>\n\n\n\n<p>Az\u0259rbaycan\u0131n Prezidenti \u0130lham \u018fliyev sentyabr\u0131n 23-d\u0259 Milli M\u0259clisd\u0259 \u00e7\u0131x\u0131\u015f\u0131 zaman\u0131 s\u00fclh dan\u0131\u015f\u0131qlar\u0131na <a href=\"https:\/\/president.az\/az\/articles\/view\/66895\" target=\"_blank\" rel=\"noreferrer noopener\">toxunmu\u015fdu.<\/a><\/p>\n\n\n\n<p>\u0130lham \u018fliyevin s\u00f6zl\u0259rin\u0259 g\u00f6r\u0259, II Qaraba\u011f m\u00fcharib\u0259sind\u0259 m\u0259hz Az\u0259rbaycan\u0131n t\u0259\u015f\u0259bb\u00fcs\u00fc il\u0259 s\u00fclh dan\u0131\u015f\u0131qlar\u0131 ba\u015flad\u0131:<\/p>\n\n\n\n<p>&#8220;<em>O vaxt n\u0259 Erm\u0259nistan, n\u0259 ba\u015fqa \u00f6lk\u0259l\u0259r, \u00fcmumiyy\u0259tl\u0259, g\u0259l\u0259c\u0259k n\u0259d\u0259n ibar\u0259t olacaq, bu haqda he\u00e7 \u00f6z fikirl\u0259rini formala\u015fd\u0131rmam\u0131\u015fd\u0131lar. Bizim t\u0259\u015f\u0259bb\u00fcs\u00fcm\u00fcz idi. Bir m\u00fcdd\u0259t sonra g\u00f6r\u0259nd\u0259 ki, bu, cavabs\u0131z qal\u0131r, biz art\u0131q \u0259sas baza prinsipl\u0259rini ortaya qoyduq, onlar\u0131 ictimail\u0259\u015fdirdik v\u0259 art\u0131q proses ba\u015flad\u0131. Ancaq n\u0259yi g\u00f6r\u00fcr\u00fck? G\u00f6r\u00fcr\u00fck ki, Erm\u0259nistan bu m\u0259s\u0259l\u0259ni s\u00fcni \u015f\u0259kild\u0259 uzad\u0131r. \u00c7\u00fcnki bu g\u00fcn\u0259 q\u0259d\u0259r &#8211; bizim birinci layih\u0259miz Erm\u0259nistana g\u00f6nd\u0259ril\u0259nd\u0259n bu g\u00fcn\u0259 q\u0259d\u0259r 10 \u015f\u0259rhl\u0259r m\u00fcbadil\u0259si olmu\u015fdur v\u0259 h\u0259r d\u0259f\u0259 m\u00fc\u0259yy\u0259n m\u00fcdd\u0259alar raz\u0131la\u015fd\u0131r\u0131l\u0131rd\u0131, y\u0259ni, bu i\u015fd\u0259 t\u0259r\u0259qqi var idi. Bunu biz nec\u0259 var, el\u0259 d\u0259 dem\u0259liyik. Amma bununla yana\u015f\u0131, aylar ke\u00e7dikc\u0259, t\u0259bii olaraq biz g\u00f6zl\u0259yirdik ki, Erm\u0259nistan \u00f6z \u015f\u0259rhl\u0259rini biz\u0259 daha operativ v\u0259 \u00e7evik ver\u0259c\u0259k. Ancaq biz bunun tam \u0259ksini g\u00f6rd\u00fck. Son variant\u0131n onlardan al\u0131nmas\u0131n\u0131 biz 70 g\u00fcn g\u00f6zl\u0259m\u0259li olduq&#8221;.<\/em><\/p>\n\n\n\n<p><em>&#8220;\u0130yunun 24-d\u0259 bizim \u015f\u0259rhl\u0259rimiz onlara g\u00f6nd\u0259rildi v\u0259 avqustun sonunda, ya da ki, sentyabr\u0131n \u0259vv\u0259lind\u0259 onlar biz\u0259 cavab g\u00f6nd\u0259ribl\u0259r. Bu cavab n\u0259d\u0259n ibar\u0259t idi? B\u00fct\u00fcn raz\u0131la\u015fd\u0131r\u0131lmam\u0131\u015f m\u00fcdd\u0259alar onlar\u0131n variant\u0131nda s\u00fclh m\u00fcqavil\u0259sind\u0259n \u00e7\u0131xar\u0131ld\u0131. Y\u0259ni, bu d\u0259r\u0259c\u0259d\u0259 primitiv v\u0259 qeyri-adekvat add\u0131m, s\u00f6z\u00fcn d\u00fcz\u00fc, g\u00f6zl\u0259nil\u0259n deyildi. M\u0259tnd\u0259n \u00e7\u0131xar\u0131lm\u0131\u015f, y\u0259ni, onlar\u0131n ist\u0259yi il\u0259 \u00e7\u0131xar\u0131lmas\u0131 n\u0259z\u0259rd\u0259 tutulan m\u00fcdd\u0259alar vacibdir. Onlars\u0131z s\u00fclh m\u00fcqavil\u0259si natamam olacaq. Ona g\u00f6r\u0259 bu q\u0259d\u0259r qeyri-s\u0259mimi m\u00fcnasib\u0259t bizi t\u0259bii olaraq d\u00fc\u015f\u00fcnd\u00fcr\u00fcr. Bayaq dediyim amill\u0259rl\u0259 yana\u015f\u0131, \u0259g\u0259r biz b\u00fct\u00fcn bu amill\u0259ri nec\u0259 dey\u0259rl\u0259r, bir \u00e7\u0259r\u00e7iv\u0259y\u0259 salsaq, g\u00f6r\u0259rik ki, h\u0259m s\u00fcr\u0259tli silahlanma, revan\u015fizm meyill\u0259ri, h\u0259m d\u0259 Erm\u0259nistan\u0131n himay\u0259darlar\u0131n\u0131n biz\u0259 qar\u015f\u0131 yenid\u0259n Qaraba\u011f m\u00f6vzusunu ortaya atmas\u0131, s\u00fclh m\u00fcqavil\u0259sinin gedi\u015fat\u0131nda qeyri-adekvat v\u0259 qeyri-s\u0259mimi m\u00fcnasib\u0259t, vaxt uzatma taktikas\u0131 v\u0259 dig\u0259r m\u0259qamlar dem\u0259y\u0259 \u0259sas verir ki, Erm\u0259nistan, \u0259slind\u0259, s\u00fclh ist\u0259mir, vaxt uzatmaq, bu vaxtdan istifad\u0259 ed\u0259r\u0259k, xarici himay\u0259darlar\u0131n d\u0259st\u0259yi il\u0259 h\u0259rbi potensial qurmaq ist\u0259yir&#8221;.<\/em><\/p>\n\n\n\n<p>\u00d6lk\u0259 ba\u015f\u00e7\u0131s\u0131 Az\u0259rbaycan\u0131n geri add\u0131m atmayaca\u011f\u0131n\u0131 da vur\u011fulam\u0131\u015fd\u0131:<\/p>\n\n\n\n<p>&#8220;<em>Biz h\u0259r halda \u00f6z m\u00f6vqeyimizd\u0259n bir add\u0131m geri atmayaca\u011f\u0131q. Kim n\u0259 ist\u0259yir desin, vasit\u0259\u00e7il\u0259r d\u0259 biz\u0259 laz\u0131m deyil. D\u00fczd\u00fcr, indi b\u0259zi vasit\u0259\u00e7ilik t\u0259klifl\u0259rin\u0259 biz etiraz etmirik, sad\u0259c\u0259 olaraq, siyasi n\u0259zak\u0259t namin\u0259. Ancaq, \u0259slind\u0259, biz\u0259 vasit\u0259\u00e7i laz\u0131m deyil. Biz Erm\u0259nistanla d\u00f6vl\u0259t s\u0259rh\u0259dinin delimitasiyas\u0131n\u0131 vasit\u0259\u00e7il\u0259rsiz etdik. Sad\u0259c\u0259 olaraq, onlara bildirdik ki, Qazax rayonunun d\u00f6rd k\u0259ndi biz\u0259 qeyd-\u015f\u0259rtsiz qaytar\u0131lmal\u0131d\u0131r v\u0259 bunu son d\u0259f\u0259 m\u0259n bu ilin fevral ay\u0131nda demi\u015f\u0259m&#8221;.<\/em><\/p>\n\n\n\n<p>&#8220;<em>Hesab edir\u0259m ki, bu s\u00f6zl\u0259r \u00e7ox tutarl\u0131 oldu v\u0259 ondan sonra he\u00e7 bir vasit\u0259\u00e7isiz, he\u00e7 bir qeyd-\u015f\u0259rtsiz Qazax\u0131n d\u00f6rd k\u0259ndi, &#8211; hans\u0131 ki i\u015f\u011fal alt\u0131nda idi, &#8211; biz\u0259 qaytar\u0131ld\u0131. Bel\u0259likl\u0259, biz n\u0259inki delimitasiyan\u0131, h\u0259tta demarkasiyan\u0131 da ba\u015flam\u0131\u015f\u0131q. Ona g\u00f6r\u0259 dan\u0131\u015f\u0131qlarda da biz\u0259 he\u00e7 bir vasit\u0259\u00e7i laz\u0131m deyil. Erm\u0259nistan da buna bel ba\u011flamas\u0131n. \u00dcmumiyy\u0259tl\u0259, he\u00e7 kim\u0259 bel ba\u011flamas\u0131n. Onlar \u0259g\u0259r bu co\u011frafiyada ya\u015famaq ist\u0259yirl\u0259rs\u0259 v\u0259 t\u0259hl\u00fck\u0259sizlik \u015f\u0259raitind\u0259 ya\u015famaq ist\u0259yirl\u0259rs\u0259, \u00f6z qon\u015fular\u0131na qar\u015f\u0131 siyas\u0259tl\u0259rind\u0259 ciddi d\u00fcz\u0259li\u015fl\u0259r etm\u0259lidirl\u0259r. Bu birincisi. \u0130kincisi, n\u0259 onlar, n\u0259 onlar\u0131n arxas\u0131nda duranlar 30 illik i\u015f\u011fal\u0131 he\u00e7 vaxt unutmamal\u0131d\u0131rlar&#8221;, <\/em>&#8211; dey\u0259 o bildirib.<\/p>\n\n\n\n<p><strong>M\u00fcnaqi\u015f\u0259nin tarix\u00e7\u0259si<\/strong><\/p>\n\n\n\n<p>2020-ci ilin sentyabr\u0131nda Az\u0259rbaycan v\u0259 Erm\u0259nistan silahl\u0131 q\u00fcvv\u0259l\u0259ri aras\u0131nda 44 g\u00fcnl\u00fck \u0130kinci Qaraba\u011f m\u00fcharib\u0259si ba\u015f verib.<\/p>\n\n\n\n<p>Az\u0259rbaycan Qaraba\u011f\u0131n bir hiss\u0259sin\u0259 v\u0259 \u0259traf 7 rayona n\u0259zar\u0259ti b\u0259rpa edib.<\/p>\n\n\n\n<p>2023-c\u00fc ilin sentyabr\u0131n 19-da Az\u0259rbaycan Qaraba\u011fda lokal h\u0259rbi \u0259m\u0259liyyat ke\u00e7irib.<\/p>\n\n\n\n<p>Sentyabr\u0131n 28-d\u0259 is\u0259 separat\u00e7\u0131 \u201cDa\u011fl\u0131q Qaraba\u011f\u0131n (Artsax) Prezidenti\u201d Samvel \u015eahramanyan \u201crespublika\u201dn\u0131n burax\u0131lmas\u0131 bar\u0259d\u0259 f\u0259rman imzalay\u0131b.<\/p>\n\n\n\n<p>O, f\u0259rman\u0131 19 sentyabr 2023-c\u00fc ild\u0259n sonra yaranm\u0131\u015f v\u0259ziyy\u0259tl\u0259 \u0259laq\u0259l\u0259ndirib.<\/p>\n\n\n\n<p>2023-c\u00fc il oktyabr\u0131n 15-d\u0259 is\u0259 Prezident \u0130lham \u018fliyev Xank\u0259ndid\u0259ki \u00e7\u0131x\u0131\u015f\u0131nda Az\u0259rbaycan\u0131n \u00f6z suverenliyini tam b\u0259rpa etdiyini, Qaraba\u011f probleminin bitdiyini, m\u00fcnaqi\u015f\u0259nin sona \u00e7atd\u0131\u011f\u0131n\u0131 deyib.<\/p>\n\n\n\n<p>Az\u0259rbaycan v\u0259 Erm\u0259nistan aras\u0131nda h\u0259l\u0259 d\u0259 s\u00fclh m\u00fcqavil\u0259si imzalanmay\u0131b.<\/p>\n","protected":false},"excerpt":{"rendered":"<p>Nikol Pa\u015finyan: &#8220;Erm\u0259nistan Az\u0259rbaycanla s\u00fclh m\u00fcqavil\u0259si imzalama\u011fa haz\u0131rd\u0131r&#8221; Erm\u0259nistan Az\u0259rbaycan\u0131 &#8230; <\/p>\n<p class=\"read-more-container\"><a title=\"Yerevan Bak\u0131n\u0131 COP29-a q\u0259d\u0259r s\u00fclh\u00fcn raz\u0131la\u015fd\u0131r\u0131lm\u0131\u015f b\u0259ndl\u0259rini imzalama\u011fa \u00e7a\u011f\u0131r\u0131r\" class=\"read-more button\" href=\"https:\/\/www.meydan.tv\/az\/article\/yerevan-bakini-cop29-a-qeder-sulhun-razilasdirilmis-bendlerini-imzalamaga-cagirir\/#more-316477\" aria-label=\"Read more about Yerevan Bak\u0131n\u0131 COP29-a q\u0259d\u0259r s\u00fclh\u00fcn raz\u0131la\u015fd\u0131r\u0131lm\u0131\u015f b\u0259ndl\u0259rini imzalama\u011fa \u00e7a\u011f\u0131r\u0131r\">Davam\u0131<\/a><\/p>\n","protected":false},"author":8,"featured_media":292895,"comment_status":"closed","ping_status":"closed","sticky":false,"template":"","format":"standard","meta":{"_acf_changed":false,"_sitemap_exclude":false,"_sitemap_priority":"","_sitemap_frequency":"","footnotes":""},"categories":[59,56],"tags":[],"class_list":["post-316477","post","type-post","status-publish","format-standard","has-post-thumbnail","hentry","category-siyaset","category-xeberler","infinite-scroll-item","generate-columns","tablet-grid-50","mobile-grid-100","grid-parent","grid-33","no-featured-image-padding"],"acf":[],"yoast_head":"<!-- This site is optimized with the Yoast SEO plugin v27.4 - https:\/\/yoast.com\/product\/yoast-seo-wordpress\/ -->\n<title>Yerevan Bak\u0131n\u0131 COP29-a q\u0259d\u0259r s\u00fclh\u00fcn raz\u0131la\u015fd\u0131r\u0131lm\u0131\u015f b\u0259ndl\u0259rini imzalama\u011fa \u00e7a\u011f\u0131r\u0131r - MEYDAN.TV<\/title>\n<meta name=\"description\" content=\"Ba\u015f nazir deyib ki, o v\u0259 r\u0259hb\u0259rlik etdiyi h\u00f6kum\u0259t firavanl\u0131q, sabitlik v\u0259 s\u00fclh namin\u0259 m\u00fcnaqi\u015f\u0259y\u0259 son qoyma\u011fa, \u0259m\u0259kda\u015fl\u0131\u011fa \u00e7evirm\u0259y\u0259 sadiqdir.\" \/>\n<meta name=\"robots\" content=\"index, follow, max-snippet:-1, max-image-preview:large, max-video-preview:-1\" \/>\n<link rel=\"canonical\" href=\"https:\/\/www.meydan.tv\/az\/article\/yerevan-bakini-cop29-a-qeder-sulhun-razilasdirilmis-bendlerini-imzalamaga-cagirir\/\" \/>\n<meta property=\"og:locale\" content=\"az_AZ\" \/>\n<meta property=\"og:type\" content=\"article\" \/>\n<meta property=\"og:title\" content=\"Yerevan Bak\u0131n\u0131 COP29-a q\u0259d\u0259r s\u00fclh\u00fcn raz\u0131la\u015fd\u0131r\u0131lm\u0131\u015f b\u0259ndl\u0259rini imzalama\u011fa \u00e7a\u011f\u0131r\u0131r - MEYDAN.TV\" \/>\n<meta property=\"og:description\" content=\"Ba\u015f nazir deyib ki, o v\u0259 r\u0259hb\u0259rlik etdiyi h\u00f6kum\u0259t firavanl\u0131q, sabitlik v\u0259 s\u00fclh namin\u0259 m\u00fcnaqi\u015f\u0259y\u0259 son qoyma\u011fa, \u0259m\u0259kda\u015fl\u0131\u011fa \u00e7evirm\u0259y\u0259 sadiqdir.\" \/>\n<meta property=\"og:url\" content=\"https:\/\/www.meydan.tv\/az\/article\/yerevan-bakini-cop29-a-qeder-sulhun-razilasdirilmis-bendlerini-imzalamaga-cagirir\/\" \/>\n<meta property=\"og:site_name\" content=\"MEYDAN.TV\" \/>\n<meta property=\"article:published_time\" content=\"2024-09-26T09:38:59+00:00\" \/>\n<meta property=\"article:modified_time\" content=\"2024-09-26T09:39:01+00:00\" \/>\n<meta property=\"og:image\" content=\"https:\/\/www.meydan.tv\/wp-content\/uploads\/img_0715_720-e1707993090678.jpg\" \/>\n\t<meta property=\"og:image:width\" content=\"1200\" \/>\n\t<meta property=\"og:image:height\" content=\"732\" \/>\n\t<meta property=\"og:image:type\" content=\"image\/jpeg\" \/>\n<meta name=\"author\" content=\"elli\" \/>\n<meta name=\"twitter:card\" content=\"summary_large_image\" \/>\n<meta name=\"twitter:creator\" content=\"@elli\" \/>\n<script type=\"application\/ld+json\" class=\"yoast-schema-graph\">{\"@context\":\"https:\\\/\\\/schema.org\",\"@graph\":[{\"@type\":\"Article\",\"@id\":\"https:\\\/\\\/www.meydan.tv\\\/az\\\/article\\\/yerevan-bakini-cop29-a-qeder-sulhun-razilasdirilmis-bendlerini-imzalamaga-cagirir\\\/#article\",\"isPartOf\":{\"@id\":\"https:\\\/\\\/www.meydan.tv\\\/az\\\/article\\\/yerevan-bakini-cop29-a-qeder-sulhun-razilasdirilmis-bendlerini-imzalamaga-cagirir\\\/\"},\"author\":{\"name\":\"elli\",\"@id\":\"https:\\\/\\\/www.meydan.tv\\\/az\\\/#\\\/schema\\\/person\\\/9cdbecf90d17180ce1dfbd95b08dcf47\"},\"headline\":\"Yerevan Bak\u0131n\u0131 COP29-a q\u0259d\u0259r s\u00fclh\u00fcn raz\u0131la\u015fd\u0131r\u0131lm\u0131\u015f b\u0259ndl\u0259rini imzalama\u011fa \u00e7a\u011f\u0131r\u0131r\",\"datePublished\":\"2024-09-26T09:38:59+00:00\",\"dateModified\":\"2024-09-26T09:39:01+00:00\",\"mainEntityOfPage\":{\"@id\":\"https:\\\/\\\/www.meydan.tv\\\/az\\\/article\\\/yerevan-bakini-cop29-a-qeder-sulhun-razilasdirilmis-bendlerini-imzalamaga-cagirir\\\/\"},\"wordCount\":1200,\"publisher\":{\"@id\":\"https:\\\/\\\/www.meydan.tv\\\/az\\\/#organization\"},\"image\":{\"@id\":\"https:\\\/\\\/www.meydan.tv\\\/az\\\/article\\\/yerevan-bakini-cop29-a-qeder-sulhun-razilasdirilmis-bendlerini-imzalamaga-cagirir\\\/#primaryimage\"},\"thumbnailUrl\":\"https:\\\/\\\/www.meydan.tv\\\/wp-content\\\/uploads\\\/img_0715_720-e1707993090678.jpg\",\"articleSection\":[\"Siyas\u0259t\",\"X\u0259b\u0259rl\u0259r\"],\"inLanguage\":\"az\"},{\"@type\":\"WebPage\",\"@id\":\"https:\\\/\\\/www.meydan.tv\\\/az\\\/article\\\/yerevan-bakini-cop29-a-qeder-sulhun-razilasdirilmis-bendlerini-imzalamaga-cagirir\\\/\",\"url\":\"https:\\\/\\\/www.meydan.tv\\\/az\\\/article\\\/yerevan-bakini-cop29-a-qeder-sulhun-razilasdirilmis-bendlerini-imzalamaga-cagirir\\\/\",\"name\":\"Yerevan Bak\u0131n\u0131 COP29-a q\u0259d\u0259r s\u00fclh\u00fcn raz\u0131la\u015fd\u0131r\u0131lm\u0131\u015f b\u0259ndl\u0259rini imzalama\u011fa \u00e7a\u011f\u0131r\u0131r - MEYDAN.TV\",\"isPartOf\":{\"@id\":\"https:\\\/\\\/www.meydan.tv\\\/az\\\/#website\"},\"primaryImageOfPage\":{\"@id\":\"https:\\\/\\\/www.meydan.tv\\\/az\\\/article\\\/yerevan-bakini-cop29-a-qeder-sulhun-razilasdirilmis-bendlerini-imzalamaga-cagirir\\\/#primaryimage\"},\"image\":{\"@id\":\"https:\\\/\\\/www.meydan.tv\\\/az\\\/article\\\/yerevan-bakini-cop29-a-qeder-sulhun-razilasdirilmis-bendlerini-imzalamaga-cagirir\\\/#primaryimage\"},\"thumbnailUrl\":\"https:\\\/\\\/www.meydan.tv\\\/wp-content\\\/uploads\\\/img_0715_720-e1707993090678.jpg\",\"datePublished\":\"2024-09-26T09:38:59+00:00\",\"dateModified\":\"2024-09-26T09:39:01+00:00\",\"description\":\"Ba\u015f nazir deyib ki, o v\u0259 r\u0259hb\u0259rlik etdiyi h\u00f6kum\u0259t firavanl\u0131q, sabitlik v\u0259 s\u00fclh namin\u0259 m\u00fcnaqi\u015f\u0259y\u0259 son qoyma\u011fa, \u0259m\u0259kda\u015fl\u0131\u011fa \u00e7evirm\u0259y\u0259 sadiqdir.\",\"breadcrumb\":{\"@id\":\"https:\\\/\\\/www.meydan.tv\\\/az\\\/article\\\/yerevan-bakini-cop29-a-qeder-sulhun-razilasdirilmis-bendlerini-imzalamaga-cagirir\\\/#breadcrumb\"},\"inLanguage\":\"az\",\"potentialAction\":[{\"@type\":\"ReadAction\",\"target\":[\"https:\\\/\\\/www.meydan.tv\\\/az\\\/article\\\/yerevan-bakini-cop29-a-qeder-sulhun-razilasdirilmis-bendlerini-imzalamaga-cagirir\\\/\"]}]},{\"@type\":\"ImageObject\",\"inLanguage\":\"az\",\"@id\":\"https:\\\/\\\/www.meydan.tv\\\/az\\\/article\\\/yerevan-bakini-cop29-a-qeder-sulhun-razilasdirilmis-bendlerini-imzalamaga-cagirir\\\/#primaryimage\",\"url\":\"https:\\\/\\\/www.meydan.tv\\\/wp-content\\\/uploads\\\/img_0715_720-e1707993090678.jpg\",\"contentUrl\":\"https:\\\/\\\/www.meydan.tv\\\/wp-content\\\/uploads\\\/img_0715_720-e1707993090678.jpg\",\"width\":1200,\"height\":732,\"caption\":\"\u0130lham \u018fliyev v\u0259 Nikol Pa\u015finyan. Foto: Meydan TV\"},{\"@type\":\"BreadcrumbList\",\"@id\":\"https:\\\/\\\/www.meydan.tv\\\/az\\\/article\\\/yerevan-bakini-cop29-a-qeder-sulhun-razilasdirilmis-bendlerini-imzalamaga-cagirir\\\/#breadcrumb\",\"itemListElement\":[{\"@type\":\"ListItem\",\"position\":1,\"name\":\"Ana s\u0259hif\u0259\",\"item\":\"https:\\\/\\\/www.meydan.tv\\\/az\\\/\"},{\"@type\":\"ListItem\",\"position\":2,\"name\":\"Siyas\u0259t\",\"item\":\"https:\\\/\\\/www.meydan.tv\\\/az\\\/section\\\/siyaset\\\/\"},{\"@type\":\"ListItem\",\"position\":3,\"name\":\"Yerevan Bak\u0131n\u0131 COP29-a q\u0259d\u0259r s\u00fclh\u00fcn raz\u0131la\u015fd\u0131r\u0131lm\u0131\u015f b\u0259ndl\u0259rini imzalama\u011fa \u00e7a\u011f\u0131r\u0131r\"}]},{\"@type\":\"WebSite\",\"@id\":\"https:\\\/\\\/www.meydan.tv\\\/az\\\/#website\",\"url\":\"https:\\\/\\\/www.meydan.tv\\\/az\\\/\",\"name\":\"MEYDAN.TV\",\"description\":\"Meydan TV Az\u0259rbaycan\u0131n media m\u0259kan\u0131ndak\u0131 alternativ s\u0259sidir\",\"publisher\":{\"@id\":\"https:\\\/\\\/www.meydan.tv\\\/az\\\/#organization\"},\"potentialAction\":[{\"@type\":\"SearchAction\",\"target\":{\"@type\":\"EntryPoint\",\"urlTemplate\":\"https:\\\/\\\/www.meydan.tv\\\/az\\\/?s={search_term_string}\"},\"query-input\":{\"@type\":\"PropertyValueSpecification\",\"valueRequired\":true,\"valueName\":\"search_term_string\"}}],\"inLanguage\":\"az\"},{\"@type\":\"Organization\",\"@id\":\"https:\\\/\\\/www.meydan.tv\\\/az\\\/#organization\",\"name\":\"Meydan TV\",\"url\":\"https:\\\/\\\/www.meydan.tv\\\/az\\\/\",\"logo\":{\"@type\":\"ImageObject\",\"inLanguage\":\"az\",\"@id\":\"https:\\\/\\\/www.meydan.tv\\\/az\\\/#\\\/schema\\\/logo\\\/image\\\/\",\"url\":\"https:\\\/\\\/www.meydan.tv\\\/wp-content\\\/uploads\\\/2021\\\/07\\\/meydan-logo.svg\",\"contentUrl\":\"https:\\\/\\\/www.meydan.tv\\\/wp-content\\\/uploads\\\/2021\\\/07\\\/meydan-logo.svg\",\"width\":195,\"height\":46,\"caption\":\"Meydan TV\"},\"image\":{\"@id\":\"https:\\\/\\\/www.meydan.tv\\\/az\\\/#\\\/schema\\\/logo\\\/image\\\/\"}},{\"@type\":\"Person\",\"@id\":\"https:\\\/\\\/www.meydan.tv\\\/az\\\/#\\\/schema\\\/person\\\/9cdbecf90d17180ce1dfbd95b08dcf47\",\"name\":\"elli\",\"sameAs\":[\"https:\\\/\\\/x.com\\\/elli\"]}]}<\/script>\n<!-- \/ Yoast SEO plugin. -->","yoast_head_json":{"title":"Yerevan Bak\u0131n\u0131 COP29-a q\u0259d\u0259r s\u00fclh\u00fcn raz\u0131la\u015fd\u0131r\u0131lm\u0131\u015f b\u0259ndl\u0259rini imzalama\u011fa \u00e7a\u011f\u0131r\u0131r - MEYDAN.TV","description":"Ba\u015f nazir deyib ki, o v\u0259 r\u0259hb\u0259rlik etdiyi h\u00f6kum\u0259t firavanl\u0131q, sabitlik v\u0259 s\u00fclh namin\u0259 m\u00fcnaqi\u015f\u0259y\u0259 son qoyma\u011fa, \u0259m\u0259kda\u015fl\u0131\u011fa \u00e7evirm\u0259y\u0259 sadiqdir.","robots":{"index":"index","follow":"follow","max-snippet":"max-snippet:-1","max-image-preview":"max-image-preview:large","max-video-preview":"max-video-preview:-1"},"canonical":"https:\/\/www.meydan.tv\/az\/article\/yerevan-bakini-cop29-a-qeder-sulhun-razilasdirilmis-bendlerini-imzalamaga-cagirir\/","og_locale":"az_AZ","og_type":"article","og_title":"Yerevan Bak\u0131n\u0131 COP29-a q\u0259d\u0259r s\u00fclh\u00fcn raz\u0131la\u015fd\u0131r\u0131lm\u0131\u015f b\u0259ndl\u0259rini imzalama\u011fa \u00e7a\u011f\u0131r\u0131r - MEYDAN.TV","og_description":"Ba\u015f nazir deyib ki, o v\u0259 r\u0259hb\u0259rlik etdiyi h\u00f6kum\u0259t firavanl\u0131q, sabitlik v\u0259 s\u00fclh namin\u0259 m\u00fcnaqi\u015f\u0259y\u0259 son qoyma\u011fa, \u0259m\u0259kda\u015fl\u0131\u011fa \u00e7evirm\u0259y\u0259 sadiqdir.","og_url":"https:\/\/www.meydan.tv\/az\/article\/yerevan-bakini-cop29-a-qeder-sulhun-razilasdirilmis-bendlerini-imzalamaga-cagirir\/","og_site_name":"MEYDAN.TV","article_published_time":"2024-09-26T09:38:59+00:00","article_modified_time":"2024-09-26T09:39:01+00:00","og_image":[{"width":1200,"height":732,"url":"https:\/\/www.meydan.tv\/wp-content\/uploads\/img_0715_720-e1707993090678.jpg","type":"image\/jpeg"}],"author":"elli","twitter_card":"summary_large_image","twitter_creator":"@elli","schema":{"@context":"https:\/\/schema.org","@graph":[{"@type":"Article","@id":"https:\/\/www.meydan.tv\/az\/article\/yerevan-bakini-cop29-a-qeder-sulhun-razilasdirilmis-bendlerini-imzalamaga-cagirir\/#article","isPartOf":{"@id":"https:\/\/www.meydan.tv\/az\/article\/yerevan-bakini-cop29-a-qeder-sulhun-razilasdirilmis-bendlerini-imzalamaga-cagirir\/"},"author":{"name":"elli","@id":"https:\/\/www.meydan.tv\/az\/#\/schema\/person\/9cdbecf90d17180ce1dfbd95b08dcf47"},"headline":"Yerevan Bak\u0131n\u0131 COP29-a q\u0259d\u0259r s\u00fclh\u00fcn raz\u0131la\u015fd\u0131r\u0131lm\u0131\u015f b\u0259ndl\u0259rini imzalama\u011fa \u00e7a\u011f\u0131r\u0131r","datePublished":"2024-09-26T09:38:59+00:00","dateModified":"2024-09-26T09:39:01+00:00","mainEntityOfPage":{"@id":"https:\/\/www.meydan.tv\/az\/article\/yerevan-bakini-cop29-a-qeder-sulhun-razilasdirilmis-bendlerini-imzalamaga-cagirir\/"},"wordCount":1200,"publisher":{"@id":"https:\/\/www.meydan.tv\/az\/#organization"},"image":{"@id":"https:\/\/www.meydan.tv\/az\/article\/yerevan-bakini-cop29-a-qeder-sulhun-razilasdirilmis-bendlerini-imzalamaga-cagirir\/#primaryimage"},"thumbnailUrl":"https:\/\/www.meydan.tv\/wp-content\/uploads\/img_0715_720-e1707993090678.jpg","articleSection":["Siyas\u0259t","X\u0259b\u0259rl\u0259r"],"inLanguage":"az"},{"@type":"WebPage","@id":"https:\/\/www.meydan.tv\/az\/article\/yerevan-bakini-cop29-a-qeder-sulhun-razilasdirilmis-bendlerini-imzalamaga-cagirir\/","url":"https:\/\/www.meydan.tv\/az\/article\/yerevan-bakini-cop29-a-qeder-sulhun-razilasdirilmis-bendlerini-imzalamaga-cagirir\/","name":"Yerevan Bak\u0131n\u0131 COP29-a q\u0259d\u0259r s\u00fclh\u00fcn raz\u0131la\u015fd\u0131r\u0131lm\u0131\u015f b\u0259ndl\u0259rini imzalama\u011fa \u00e7a\u011f\u0131r\u0131r - MEYDAN.TV","isPartOf":{"@id":"https:\/\/www.meydan.tv\/az\/#website"},"primaryImageOfPage":{"@id":"https:\/\/www.meydan.tv\/az\/article\/yerevan-bakini-cop29-a-qeder-sulhun-razilasdirilmis-bendlerini-imzalamaga-cagirir\/#primaryimage"},"image":{"@id":"https:\/\/www.meydan.tv\/az\/article\/yerevan-bakini-cop29-a-qeder-sulhun-razilasdirilmis-bendlerini-imzalamaga-cagirir\/#primaryimage"},"thumbnailUrl":"https:\/\/www.meydan.tv\/wp-content\/uploads\/img_0715_720-e1707993090678.jpg","datePublished":"2024-09-26T09:38:59+00:00","dateModified":"2024-09-26T09:39:01+00:00","description":"Ba\u015f nazir deyib ki, o v\u0259 r\u0259hb\u0259rlik etdiyi h\u00f6kum\u0259t firavanl\u0131q, sabitlik v\u0259 s\u00fclh namin\u0259 m\u00fcnaqi\u015f\u0259y\u0259 son qoyma\u011fa, \u0259m\u0259kda\u015fl\u0131\u011fa \u00e7evirm\u0259y\u0259 sadiqdir.","breadcrumb":{"@id":"https:\/\/www.meydan.tv\/az\/article\/yerevan-bakini-cop29-a-qeder-sulhun-razilasdirilmis-bendlerini-imzalamaga-cagirir\/#breadcrumb"},"inLanguage":"az","potentialAction":[{"@type":"ReadAction","target":["https:\/\/www.meydan.tv\/az\/article\/yerevan-bakini-cop29-a-qeder-sulhun-razilasdirilmis-bendlerini-imzalamaga-cagirir\/"]}]},{"@type":"ImageObject","inLanguage":"az","@id":"https:\/\/www.meydan.tv\/az\/article\/yerevan-bakini-cop29-a-qeder-sulhun-razilasdirilmis-bendlerini-imzalamaga-cagirir\/#primaryimage","url":"https:\/\/www.meydan.tv\/wp-content\/uploads\/img_0715_720-e1707993090678.jpg","contentUrl":"https:\/\/www.meydan.tv\/wp-content\/uploads\/img_0715_720-e1707993090678.jpg","width":1200,"height":732,"caption":"\u0130lham \u018fliyev v\u0259 Nikol Pa\u015finyan. Foto: Meydan TV"},{"@type":"BreadcrumbList","@id":"https:\/\/www.meydan.tv\/az\/article\/yerevan-bakini-cop29-a-qeder-sulhun-razilasdirilmis-bendlerini-imzalamaga-cagirir\/#breadcrumb","itemListElement":[{"@type":"ListItem","position":1,"name":"Ana s\u0259hif\u0259","item":"https:\/\/www.meydan.tv\/az\/"},{"@type":"ListItem","position":2,"name":"Siyas\u0259t","item":"https:\/\/www.meydan.tv\/az\/section\/siyaset\/"},{"@type":"ListItem","position":3,"name":"Yerevan Bak\u0131n\u0131 COP29-a q\u0259d\u0259r s\u00fclh\u00fcn raz\u0131la\u015fd\u0131r\u0131lm\u0131\u015f b\u0259ndl\u0259rini imzalama\u011fa \u00e7a\u011f\u0131r\u0131r"}]},{"@type":"WebSite","@id":"https:\/\/www.meydan.tv\/az\/#website","url":"https:\/\/www.meydan.tv\/az\/","name":"MEYDAN.TV","description":"Meydan TV Az\u0259rbaycan\u0131n media m\u0259kan\u0131ndak\u0131 alternativ s\u0259sidir","publisher":{"@id":"https:\/\/www.meydan.tv\/az\/#organization"},"potentialAction":[{"@type":"SearchAction","target":{"@type":"EntryPoint","urlTemplate":"https:\/\/www.meydan.tv\/az\/?s={search_term_string}"},"query-input":{"@type":"PropertyValueSpecification","valueRequired":true,"valueName":"search_term_string"}}],"inLanguage":"az"},{"@type":"Organization","@id":"https:\/\/www.meydan.tv\/az\/#organization","name":"Meydan TV","url":"https:\/\/www.meydan.tv\/az\/","logo":{"@type":"ImageObject","inLanguage":"az","@id":"https:\/\/www.meydan.tv\/az\/#\/schema\/logo\/image\/","url":"https:\/\/www.meydan.tv\/wp-content\/uploads\/2021\/07\/meydan-logo.svg","contentUrl":"https:\/\/www.meydan.tv\/wp-content\/uploads\/2021\/07\/meydan-logo.svg","width":195,"height":46,"caption":"Meydan TV"},"image":{"@id":"https:\/\/www.meydan.tv\/az\/#\/schema\/logo\/image\/"}},{"@type":"Person","@id":"https:\/\/www.meydan.tv\/az\/#\/schema\/person\/9cdbecf90d17180ce1dfbd95b08dcf47","name":"elli","sameAs":["https:\/\/x.com\/elli"]}]}},"_links":{"self":[{"href":"https:\/\/www.meydan.tv\/az\/wp-json\/wp\/v2\/posts\/316477","targetHints":{"allow":["GET"]}}],"collection":[{"href":"https:\/\/www.meydan.tv\/az\/wp-json\/wp\/v2\/posts"}],"about":[{"href":"https:\/\/www.meydan.tv\/az\/wp-json\/wp\/v2\/types\/post"}],"author":[{"embeddable":true,"href":"https:\/\/www.meydan.tv\/az\/wp-json\/wp\/v2\/users\/8"}],"replies":[{"embeddable":true,"href":"https:\/\/www.meydan.tv\/az\/wp-json\/wp\/v2\/comments?post=316477"}],"version-history":[{"count":3,"href":"https:\/\/www.meydan.tv\/az\/wp-json\/wp\/v2\/posts\/316477\/revisions"}],"predecessor-version":[{"id":316483,"href":"https:\/\/www.meydan.tv\/az\/wp-json\/wp\/v2\/posts\/316477\/revisions\/316483"}],"wp:featuredmedia":[{"embeddable":true,"href":"https:\/\/www.meydan.tv\/az\/wp-json\/wp\/v2\/media\/292895"}],"wp:attachment":[{"href":"https:\/\/www.meydan.tv\/az\/wp-json\/wp\/v2\/media?parent=316477"}],"wp:term":[{"taxonomy":"category","embeddable":true,"href":"https:\/\/www.meydan.tv\/az\/wp-json\/wp\/v2\/categories?post=316477"},{"taxonomy":"post_tag","embeddable":true,"href":"https:\/\/www.meydan.tv\/az\/wp-json\/wp\/v2\/tags?post=316477"}],"curies":[{"name":"wp","href":"https:\/\/api.w.org\/{rel}","templated":true}]}}