{"id":316459,"date":"2024-09-26T11:09:44","date_gmt":"2024-09-26T07:09:44","guid":{"rendered":"https:\/\/www.meydan.tv\/?p=316459"},"modified":"2024-09-26T11:09:46","modified_gmt":"2024-09-26T07:09:46","slug":"socar-dan-sikayet-sehid-ailesinden-oldugum-nezere-alinmadi","status":"publish","type":"post","link":"https:\/\/www.meydan.tv\/az\/article\/socar-dan-sikayet-sehid-ailesinden-oldugum-nezere-alinmadi\/","title":{"rendered":"SOCAR-dan \u015fikay\u0259t: \u201c\u015e\u0259hid ail\u0259sind\u0259n oldu\u011fum n\u0259z\u0259r\u0259 al\u0131nmad\u0131\u201d"},"content":{"rendered":"\n<p><\/p>\n\n\n\n<p><strong><em>Qalib M\u0259mm\u0259dov \u00f6nc\u0259 aldad\u0131ld\u0131\u011f\u0131n\u0131, sonra i\u015fd\u0259n \u00e7\u0131xar\u0131ld\u0131\u011f\u0131n\u0131 deyir<\/em><\/strong><\/p>\n\n\n\n<p>Bak\u0131 \u015f\u0259h\u0259r sakini Qalib M\u0259mm\u0259dov \u201cSOCAR AQ\u015e\u201d MMC-d\u0259n \u015fikay\u0259t\u00e7idir.<\/p>\n\n\n\n<p>Bu bar\u0259d\u0259 Meydan TV-y\u0259 dan\u0131\u015fan \u015fikay\u0259t\u00e7i deyir ki, 2017-ci ild\u0259n h\u0259min \u015firk\u0259td\u0259 \u00e7al\u0131\u015f\u0131b, haz\u0131rda dolan\u0131\u015f\u0131\u011f\u0131 \u00e7\u0259tinl\u0259\u015fib.<\/p>\n\n\n\n<p>Onun s\u00f6zl\u0259rin\u0259 g\u00f6r\u0259, 1500 manat \u0259m\u0259khaqq\u0131 al\u0131b. Aprelin 26-da \u015firk\u0259t r\u0259hb\u0259rliyi t\u0259r\u0259find\u0259n i\u015f h\u0259cminin azald\u0131lmas\u0131 s\u0259b\u0259bi il\u0259 ba\u011flanm\u0131\u015f \u0259m\u0259k m\u00fcqavil\u0259sinin l\u0259\u011fv edilm\u0259si bar\u0259d\u0259 ona x\u0259b\u0259rdarl\u0131q edilib. Deyir ki, sonradan \u201c\u0259m\u0259k \u015f\u0259raitinin \u015f\u0259rtl\u0259rinin d\u0259yi\u015fm\u0259si bar\u0259d\u0259\u201d b\u0259han\u0259si il\u0259 aldad\u0131l\u0131b, \u0259m\u0259khaqq\u0131 min manata q\u0259d\u0259r azald\u0131l\u0131b. \u015eikay\u0259t\u00e7inin s\u00f6zl\u0259rin\u0259 g\u00f6r\u0259, ona s\u0259n\u0259di imzaladark\u0259n \u0259m\u0259khaqq\u0131n\u0131n m\u00fcv\u0259qq\u0259ti azald\u0131ld\u0131\u011f\u0131 deyilib.<\/p>\n\n\n\n<p>Qalib M\u0259mm\u0259dov \u015f\u0259hid ail\u0259sinin \u00fczv\u00fcd\u00fcr.\u00a0<\/p>\n\n\n\n<p>\u201c<em>X\u0259st\u0259 bac\u0131m v\u0259 azya\u015fl\u0131 \u00f6vladlar\u0131m m\u0259nim himay\u0259md\u0259dir. \u00d6vlad\u0131m\u0131n h\u0259r iki g\u00f6z\u00fcn\u00fc iki d\u0259f\u0259 \u0259m\u0259liyyat etdirmi\u015f\u0259m, h\u0259tta d\u0259rman alma\u011fa imkan\u0131m yoxdur. M\u0259n\u0259 he\u00e7 bir yerd\u0259n i\u015f t\u0259klif olunmay\u0131b\u201d,-<\/em>M\u0259mm\u0259dov qeyd edib.<\/p>\n\n\n\n<p>Q.M\u0259mm\u0259dovun s\u00f6zl\u0259rin\u0259 g\u00f6r\u0259, \u015firk\u0259tin r\u0259hb\u0259rliyi onunla g\u00f6r\u00fc\u015f\u00fcb, problemini dinl\u0259m\u0259k ist\u0259mir. Bir ne\u00e7\u0259 d\u0259f\u0259 c\u0259hd ets\u0259 d\u0259, h\u0259r d\u0259f\u0259 bir b\u0259han\u0259 il\u0259 m\u00fcraci\u0259ti geri qaytar\u0131l\u0131r: <\/p>\n\n\n\n<p><em>\u201cM\u0259ni ixtisara salanda \u00f6zl\u0259rin\u0259 d\u0259 bildirdim ki, Prezidentin g\u00f6st\u0259ri\u015fi var, ixtisar zaman\u0131 \u015f\u0259hid ail\u0259sinin \u00fczvl\u0259rin\u0259 g\u00fcz\u0259\u015ft olunmal\u0131d\u0131r. Amma bu n\u0259z\u0259r\u0259 al\u0131nmad\u0131, he\u00e7 bax\u0131lmad\u0131\u201d.<\/em><\/p>\n\n\n\n<p>\u015eikay\u0259t\u00e7i deyib ki, i\u015fd\u0259n \u00e7\u0131xar\u0131lark\u0259n ondan a\u015fa\u011f\u0131 v\u0259zif\u0259d\u0259 i\u015fl\u0259y\u0259nl\u0259r\u0259 7600 manat \u00f6d\u0259ni\u015f edilib. Ona is\u0259 5600 manat \u00f6d\u0259ni\u015f etm\u0259k ist\u0259yirl\u0259r.<\/p>\n\n\n\n<p>Neft\u00e7i Prezident \u0130lham \u018fliyev\u0259, Birinci vitse-prezident Mehriban \u018fliyevaya v\u0259 SOCAR prezidenti R\u00f6v\u015f\u0259n N\u0259c\u0259f\u0259 m\u00fcraci\u0259t ed\u0259r\u0259k v\u0259ziyy\u0259tin n\u0259z\u0259r\u0259 al\u0131nmas\u0131n\u0131, i\u015fl\u0259 t\u0259min olunmas\u0131n\u0131 ist\u0259yib. Deyib ki, evd\u0259 i\u015fl\u0259y\u0259n olmad\u0131\u011f\u0131ndan dolan\u0131\u015f\u0131\u011f\u0131 getdikc\u0259 \u00e7\u0259tinl\u0259\u015fir, he\u00e7 bir yerd\u0259n maddi k\u00f6m\u0259yi yoxdur.<\/p>\n\n\n\n<p>Neft\u00e7il\u0259rin H\u00fcquqlar\u0131n\u0131 M\u00fcdafi\u0259 T\u0259\u015fkilat\u0131n\u0131n s\u0259dri Mirvari Q\u0259hr\u0259manl\u0131 bildirib ki, i\u015f\u00e7il\u0259rin ixtisar\u0131 zaman\u0131 i\u015fd\u0259 saxlama\u011fa \u00fcst\u00fcnl\u00fcy\u00fc olan \u015f\u0259xsl\u0259r kateqoriyas\u0131nda \u015f\u0259hid ail\u0259l\u0259rinin \u00fczvl\u0259ri d\u0259 var.<\/p>\n","protected":false},"excerpt":{"rendered":"<p>Qalib M\u0259mm\u0259dov \u00f6nc\u0259 aldad\u0131ld\u0131\u011f\u0131n\u0131, sonra i\u015fd\u0259n \u00e7\u0131xar\u0131ld\u0131\u011f\u0131n\u0131 deyir Bak\u0131 \u015f\u0259h\u0259r &#8230; <\/p>\n<p class=\"read-more-container\"><a title=\"SOCAR-dan \u015fikay\u0259t: \u201c\u015e\u0259hid ail\u0259sind\u0259n oldu\u011fum n\u0259z\u0259r\u0259 al\u0131nmad\u0131\u201d\" class=\"read-more button\" href=\"https:\/\/www.meydan.tv\/az\/article\/socar-dan-sikayet-sehid-ailesinden-oldugum-nezere-alinmadi\/#more-316459\" aria-label=\"Read more about SOCAR-dan \u015fikay\u0259t: \u201c\u015e\u0259hid ail\u0259sind\u0259n oldu\u011fum n\u0259z\u0259r\u0259 al\u0131nmad\u0131\u201d\">Davam\u0131<\/a><\/p>\n","protected":false},"author":8,"featured_media":139113,"comment_status":"closed","ping_status":"closed","sticky":false,"template":"","format":"standard","meta":{"_acf_changed":false,"_sitemap_exclude":false,"_sitemap_priority":"","_sitemap_frequency":"","footnotes":""},"categories":[62,56],"tags":[],"class_list":["post-316459","post","type-post","status-publish","format-standard","has-post-thumbnail","hentry","category-sosial","category-xeberler","infinite-scroll-item","generate-columns","tablet-grid-50","mobile-grid-100","grid-parent","grid-33","no-featured-image-padding"],"acf":[],"yoast_head":"<!-- This site is optimized with the Yoast SEO plugin v27.4 - https:\/\/yoast.com\/product\/yoast-seo-wordpress\/ -->\n<title>SOCAR-dan \u015fikay\u0259t: \u201c\u015e\u0259hid ail\u0259sind\u0259n oldu\u011fum n\u0259z\u0259r\u0259 al\u0131nmad\u0131\u201d - MEYDAN.TV<\/title>\n<meta name=\"description\" content=\"Neft\u00e7i Prezident \u0130lham \u018fliyev\u0259, Birinci vitse-prezident Mehriban \u018fliyevaya v\u0259 SOCAR prezidenti R\u00f6v\u015f\u0259n N\u0259c\u0259f\u0259 m\u00fcraci\u0259t ed\u0259r\u0259k v\u0259ziyy\u0259tin n\u0259z\u0259r\u0259 al\u0131nmas\u0131n\u0131, i\u015fl\u0259 t\u0259min olunmas\u0131n\u0131 ist\u0259yib.\" \/>\n<meta name=\"robots\" content=\"index, follow, max-snippet:-1, max-image-preview:large, max-video-preview:-1\" \/>\n<link rel=\"canonical\" href=\"https:\/\/www.meydan.tv\/az\/article\/socar-dan-sikayet-sehid-ailesinden-oldugum-nezere-alinmadi\/\" \/>\n<meta property=\"og:locale\" content=\"az_AZ\" \/>\n<meta property=\"og:type\" content=\"article\" \/>\n<meta property=\"og:title\" content=\"SOCAR-dan \u015fikay\u0259t: \u201c\u015e\u0259hid ail\u0259sind\u0259n oldu\u011fum n\u0259z\u0259r\u0259 al\u0131nmad\u0131\u201d - MEYDAN.TV\" \/>\n<meta property=\"og:description\" content=\"Neft\u00e7i Prezident \u0130lham \u018fliyev\u0259, Birinci vitse-prezident Mehriban \u018fliyevaya v\u0259 SOCAR prezidenti R\u00f6v\u015f\u0259n N\u0259c\u0259f\u0259 m\u00fcraci\u0259t ed\u0259r\u0259k v\u0259ziyy\u0259tin n\u0259z\u0259r\u0259 al\u0131nmas\u0131n\u0131, i\u015fl\u0259 t\u0259min olunmas\u0131n\u0131 ist\u0259yib.\" \/>\n<meta property=\"og:url\" content=\"https:\/\/www.meydan.tv\/az\/article\/socar-dan-sikayet-sehid-ailesinden-oldugum-nezere-alinmadi\/\" \/>\n<meta property=\"og:site_name\" content=\"MEYDAN.TV\" \/>\n<meta property=\"article:published_time\" content=\"2024-09-26T07:09:44+00:00\" \/>\n<meta property=\"article:modified_time\" content=\"2024-09-26T07:09:46+00:00\" \/>\n<meta property=\"og:image\" content=\"https:\/\/www.meydan.tv\/wp-content\/uploads\/socar_thicgiw.jpg\" \/>\n\t<meta property=\"og:image:width\" content=\"1000\" \/>\n\t<meta property=\"og:image:height\" content=\"627\" \/>\n\t<meta property=\"og:image:type\" content=\"image\/jpeg\" \/>\n<meta name=\"author\" content=\"elli\" \/>\n<meta name=\"twitter:card\" content=\"summary_large_image\" \/>\n<meta name=\"twitter:creator\" content=\"@elli\" \/>\n<script type=\"application\/ld+json\" class=\"yoast-schema-graph\">{\"@context\":\"https:\\\/\\\/schema.org\",\"@graph\":[{\"@type\":\"Article\",\"@id\":\"https:\\\/\\\/www.meydan.tv\\\/az\\\/article\\\/socar-dan-sikayet-sehid-ailesinden-oldugum-nezere-alinmadi\\\/#article\",\"isPartOf\":{\"@id\":\"https:\\\/\\\/www.meydan.tv\\\/az\\\/article\\\/socar-dan-sikayet-sehid-ailesinden-oldugum-nezere-alinmadi\\\/\"},\"author\":{\"name\":\"elli\",\"@id\":\"https:\\\/\\\/www.meydan.tv\\\/az\\\/#\\\/schema\\\/person\\\/9cdbecf90d17180ce1dfbd95b08dcf47\"},\"headline\":\"SOCAR-dan \u015fikay\u0259t: \u201c\u015e\u0259hid ail\u0259sind\u0259n oldu\u011fum n\u0259z\u0259r\u0259 al\u0131nmad\u0131\u201d\",\"datePublished\":\"2024-09-26T07:09:44+00:00\",\"dateModified\":\"2024-09-26T07:09:46+00:00\",\"mainEntityOfPage\":{\"@id\":\"https:\\\/\\\/www.meydan.tv\\\/az\\\/article\\\/socar-dan-sikayet-sehid-ailesinden-oldugum-nezere-alinmadi\\\/\"},\"wordCount\":471,\"publisher\":{\"@id\":\"https:\\\/\\\/www.meydan.tv\\\/az\\\/#organization\"},\"image\":{\"@id\":\"https:\\\/\\\/www.meydan.tv\\\/az\\\/article\\\/socar-dan-sikayet-sehid-ailesinden-oldugum-nezere-alinmadi\\\/#primaryimage\"},\"thumbnailUrl\":\"https:\\\/\\\/www.meydan.tv\\\/wp-content\\\/uploads\\\/socar_thicgiw.jpg\",\"articleSection\":[\"Sosial\",\"X\u0259b\u0259rl\u0259r\"],\"inLanguage\":\"az\"},{\"@type\":\"WebPage\",\"@id\":\"https:\\\/\\\/www.meydan.tv\\\/az\\\/article\\\/socar-dan-sikayet-sehid-ailesinden-oldugum-nezere-alinmadi\\\/\",\"url\":\"https:\\\/\\\/www.meydan.tv\\\/az\\\/article\\\/socar-dan-sikayet-sehid-ailesinden-oldugum-nezere-alinmadi\\\/\",\"name\":\"SOCAR-dan \u015fikay\u0259t: \u201c\u015e\u0259hid ail\u0259sind\u0259n oldu\u011fum n\u0259z\u0259r\u0259 al\u0131nmad\u0131\u201d - MEYDAN.TV\",\"isPartOf\":{\"@id\":\"https:\\\/\\\/www.meydan.tv\\\/az\\\/#website\"},\"primaryImageOfPage\":{\"@id\":\"https:\\\/\\\/www.meydan.tv\\\/az\\\/article\\\/socar-dan-sikayet-sehid-ailesinden-oldugum-nezere-alinmadi\\\/#primaryimage\"},\"image\":{\"@id\":\"https:\\\/\\\/www.meydan.tv\\\/az\\\/article\\\/socar-dan-sikayet-sehid-ailesinden-oldugum-nezere-alinmadi\\\/#primaryimage\"},\"thumbnailUrl\":\"https:\\\/\\\/www.meydan.tv\\\/wp-content\\\/uploads\\\/socar_thicgiw.jpg\",\"datePublished\":\"2024-09-26T07:09:44+00:00\",\"dateModified\":\"2024-09-26T07:09:46+00:00\",\"description\":\"Neft\u00e7i Prezident \u0130lham \u018fliyev\u0259, Birinci vitse-prezident Mehriban \u018fliyevaya v\u0259 SOCAR prezidenti R\u00f6v\u015f\u0259n N\u0259c\u0259f\u0259 m\u00fcraci\u0259t ed\u0259r\u0259k v\u0259ziyy\u0259tin n\u0259z\u0259r\u0259 al\u0131nmas\u0131n\u0131, i\u015fl\u0259 t\u0259min olunmas\u0131n\u0131 ist\u0259yib.\",\"breadcrumb\":{\"@id\":\"https:\\\/\\\/www.meydan.tv\\\/az\\\/article\\\/socar-dan-sikayet-sehid-ailesinden-oldugum-nezere-alinmadi\\\/#breadcrumb\"},\"inLanguage\":\"az\",\"potentialAction\":[{\"@type\":\"ReadAction\",\"target\":[\"https:\\\/\\\/www.meydan.tv\\\/az\\\/article\\\/socar-dan-sikayet-sehid-ailesinden-oldugum-nezere-alinmadi\\\/\"]}]},{\"@type\":\"ImageObject\",\"inLanguage\":\"az\",\"@id\":\"https:\\\/\\\/www.meydan.tv\\\/az\\\/article\\\/socar-dan-sikayet-sehid-ailesinden-oldugum-nezere-alinmadi\\\/#primaryimage\",\"url\":\"https:\\\/\\\/www.meydan.tv\\\/wp-content\\\/uploads\\\/socar_thicgiw.jpg\",\"contentUrl\":\"https:\\\/\\\/www.meydan.tv\\\/wp-content\\\/uploads\\\/socar_thicgiw.jpg\",\"width\":1000,\"height\":627,\"caption\":\"Foto: SOCAR\"},{\"@type\":\"BreadcrumbList\",\"@id\":\"https:\\\/\\\/www.meydan.tv\\\/az\\\/article\\\/socar-dan-sikayet-sehid-ailesinden-oldugum-nezere-alinmadi\\\/#breadcrumb\",\"itemListElement\":[{\"@type\":\"ListItem\",\"position\":1,\"name\":\"Ana s\u0259hif\u0259\",\"item\":\"https:\\\/\\\/www.meydan.tv\\\/az\\\/\"},{\"@type\":\"ListItem\",\"position\":2,\"name\":\"Sosial\",\"item\":\"https:\\\/\\\/www.meydan.tv\\\/az\\\/section\\\/sosial\\\/\"},{\"@type\":\"ListItem\",\"position\":3,\"name\":\"SOCAR-dan \u015fikay\u0259t: \u201c\u015e\u0259hid ail\u0259sind\u0259n oldu\u011fum n\u0259z\u0259r\u0259 al\u0131nmad\u0131\u201d\"}]},{\"@type\":\"WebSite\",\"@id\":\"https:\\\/\\\/www.meydan.tv\\\/az\\\/#website\",\"url\":\"https:\\\/\\\/www.meydan.tv\\\/az\\\/\",\"name\":\"MEYDAN.TV\",\"description\":\"Meydan TV Az\u0259rbaycan\u0131n media m\u0259kan\u0131ndak\u0131 alternativ s\u0259sidir\",\"publisher\":{\"@id\":\"https:\\\/\\\/www.meydan.tv\\\/az\\\/#organization\"},\"potentialAction\":[{\"@type\":\"SearchAction\",\"target\":{\"@type\":\"EntryPoint\",\"urlTemplate\":\"https:\\\/\\\/www.meydan.tv\\\/az\\\/?s={search_term_string}\"},\"query-input\":{\"@type\":\"PropertyValueSpecification\",\"valueRequired\":true,\"valueName\":\"search_term_string\"}}],\"inLanguage\":\"az\"},{\"@type\":\"Organization\",\"@id\":\"https:\\\/\\\/www.meydan.tv\\\/az\\\/#organization\",\"name\":\"Meydan TV\",\"url\":\"https:\\\/\\\/www.meydan.tv\\\/az\\\/\",\"logo\":{\"@type\":\"ImageObject\",\"inLanguage\":\"az\",\"@id\":\"https:\\\/\\\/www.meydan.tv\\\/az\\\/#\\\/schema\\\/logo\\\/image\\\/\",\"url\":\"https:\\\/\\\/www.meydan.tv\\\/wp-content\\\/uploads\\\/2021\\\/07\\\/meydan-logo.svg\",\"contentUrl\":\"https:\\\/\\\/www.meydan.tv\\\/wp-content\\\/uploads\\\/2021\\\/07\\\/meydan-logo.svg\",\"width\":195,\"height\":46,\"caption\":\"Meydan TV\"},\"image\":{\"@id\":\"https:\\\/\\\/www.meydan.tv\\\/az\\\/#\\\/schema\\\/logo\\\/image\\\/\"}},{\"@type\":\"Person\",\"@id\":\"https:\\\/\\\/www.meydan.tv\\\/az\\\/#\\\/schema\\\/person\\\/9cdbecf90d17180ce1dfbd95b08dcf47\",\"name\":\"elli\",\"sameAs\":[\"https:\\\/\\\/x.com\\\/elli\"]}]}<\/script>\n<!-- \/ Yoast SEO plugin. -->","yoast_head_json":{"title":"SOCAR-dan \u015fikay\u0259t: \u201c\u015e\u0259hid ail\u0259sind\u0259n oldu\u011fum n\u0259z\u0259r\u0259 al\u0131nmad\u0131\u201d - MEYDAN.TV","description":"Neft\u00e7i Prezident \u0130lham \u018fliyev\u0259, Birinci vitse-prezident Mehriban \u018fliyevaya v\u0259 SOCAR prezidenti R\u00f6v\u015f\u0259n N\u0259c\u0259f\u0259 m\u00fcraci\u0259t ed\u0259r\u0259k v\u0259ziyy\u0259tin n\u0259z\u0259r\u0259 al\u0131nmas\u0131n\u0131, i\u015fl\u0259 t\u0259min olunmas\u0131n\u0131 ist\u0259yib.","robots":{"index":"index","follow":"follow","max-snippet":"max-snippet:-1","max-image-preview":"max-image-preview:large","max-video-preview":"max-video-preview:-1"},"canonical":"https:\/\/www.meydan.tv\/az\/article\/socar-dan-sikayet-sehid-ailesinden-oldugum-nezere-alinmadi\/","og_locale":"az_AZ","og_type":"article","og_title":"SOCAR-dan \u015fikay\u0259t: \u201c\u015e\u0259hid ail\u0259sind\u0259n oldu\u011fum n\u0259z\u0259r\u0259 al\u0131nmad\u0131\u201d - MEYDAN.TV","og_description":"Neft\u00e7i Prezident \u0130lham \u018fliyev\u0259, Birinci vitse-prezident Mehriban \u018fliyevaya v\u0259 SOCAR prezidenti R\u00f6v\u015f\u0259n N\u0259c\u0259f\u0259 m\u00fcraci\u0259t ed\u0259r\u0259k v\u0259ziyy\u0259tin n\u0259z\u0259r\u0259 al\u0131nmas\u0131n\u0131, i\u015fl\u0259 t\u0259min olunmas\u0131n\u0131 ist\u0259yib.","og_url":"https:\/\/www.meydan.tv\/az\/article\/socar-dan-sikayet-sehid-ailesinden-oldugum-nezere-alinmadi\/","og_site_name":"MEYDAN.TV","article_published_time":"2024-09-26T07:09:44+00:00","article_modified_time":"2024-09-26T07:09:46+00:00","og_image":[{"width":1000,"height":627,"url":"https:\/\/www.meydan.tv\/wp-content\/uploads\/socar_thicgiw.jpg","type":"image\/jpeg"}],"author":"elli","twitter_card":"summary_large_image","twitter_creator":"@elli","schema":{"@context":"https:\/\/schema.org","@graph":[{"@type":"Article","@id":"https:\/\/www.meydan.tv\/az\/article\/socar-dan-sikayet-sehid-ailesinden-oldugum-nezere-alinmadi\/#article","isPartOf":{"@id":"https:\/\/www.meydan.tv\/az\/article\/socar-dan-sikayet-sehid-ailesinden-oldugum-nezere-alinmadi\/"},"author":{"name":"elli","@id":"https:\/\/www.meydan.tv\/az\/#\/schema\/person\/9cdbecf90d17180ce1dfbd95b08dcf47"},"headline":"SOCAR-dan \u015fikay\u0259t: \u201c\u015e\u0259hid ail\u0259sind\u0259n oldu\u011fum n\u0259z\u0259r\u0259 al\u0131nmad\u0131\u201d","datePublished":"2024-09-26T07:09:44+00:00","dateModified":"2024-09-26T07:09:46+00:00","mainEntityOfPage":{"@id":"https:\/\/www.meydan.tv\/az\/article\/socar-dan-sikayet-sehid-ailesinden-oldugum-nezere-alinmadi\/"},"wordCount":471,"publisher":{"@id":"https:\/\/www.meydan.tv\/az\/#organization"},"image":{"@id":"https:\/\/www.meydan.tv\/az\/article\/socar-dan-sikayet-sehid-ailesinden-oldugum-nezere-alinmadi\/#primaryimage"},"thumbnailUrl":"https:\/\/www.meydan.tv\/wp-content\/uploads\/socar_thicgiw.jpg","articleSection":["Sosial","X\u0259b\u0259rl\u0259r"],"inLanguage":"az"},{"@type":"WebPage","@id":"https:\/\/www.meydan.tv\/az\/article\/socar-dan-sikayet-sehid-ailesinden-oldugum-nezere-alinmadi\/","url":"https:\/\/www.meydan.tv\/az\/article\/socar-dan-sikayet-sehid-ailesinden-oldugum-nezere-alinmadi\/","name":"SOCAR-dan \u015fikay\u0259t: \u201c\u015e\u0259hid ail\u0259sind\u0259n oldu\u011fum n\u0259z\u0259r\u0259 al\u0131nmad\u0131\u201d - MEYDAN.TV","isPartOf":{"@id":"https:\/\/www.meydan.tv\/az\/#website"},"primaryImageOfPage":{"@id":"https:\/\/www.meydan.tv\/az\/article\/socar-dan-sikayet-sehid-ailesinden-oldugum-nezere-alinmadi\/#primaryimage"},"image":{"@id":"https:\/\/www.meydan.tv\/az\/article\/socar-dan-sikayet-sehid-ailesinden-oldugum-nezere-alinmadi\/#primaryimage"},"thumbnailUrl":"https:\/\/www.meydan.tv\/wp-content\/uploads\/socar_thicgiw.jpg","datePublished":"2024-09-26T07:09:44+00:00","dateModified":"2024-09-26T07:09:46+00:00","description":"Neft\u00e7i Prezident \u0130lham \u018fliyev\u0259, Birinci vitse-prezident Mehriban \u018fliyevaya v\u0259 SOCAR prezidenti R\u00f6v\u015f\u0259n N\u0259c\u0259f\u0259 m\u00fcraci\u0259t ed\u0259r\u0259k v\u0259ziyy\u0259tin n\u0259z\u0259r\u0259 al\u0131nmas\u0131n\u0131, i\u015fl\u0259 t\u0259min olunmas\u0131n\u0131 ist\u0259yib.","breadcrumb":{"@id":"https:\/\/www.meydan.tv\/az\/article\/socar-dan-sikayet-sehid-ailesinden-oldugum-nezere-alinmadi\/#breadcrumb"},"inLanguage":"az","potentialAction":[{"@type":"ReadAction","target":["https:\/\/www.meydan.tv\/az\/article\/socar-dan-sikayet-sehid-ailesinden-oldugum-nezere-alinmadi\/"]}]},{"@type":"ImageObject","inLanguage":"az","@id":"https:\/\/www.meydan.tv\/az\/article\/socar-dan-sikayet-sehid-ailesinden-oldugum-nezere-alinmadi\/#primaryimage","url":"https:\/\/www.meydan.tv\/wp-content\/uploads\/socar_thicgiw.jpg","contentUrl":"https:\/\/www.meydan.tv\/wp-content\/uploads\/socar_thicgiw.jpg","width":1000,"height":627,"caption":"Foto: SOCAR"},{"@type":"BreadcrumbList","@id":"https:\/\/www.meydan.tv\/az\/article\/socar-dan-sikayet-sehid-ailesinden-oldugum-nezere-alinmadi\/#breadcrumb","itemListElement":[{"@type":"ListItem","position":1,"name":"Ana s\u0259hif\u0259","item":"https:\/\/www.meydan.tv\/az\/"},{"@type":"ListItem","position":2,"name":"Sosial","item":"https:\/\/www.meydan.tv\/az\/section\/sosial\/"},{"@type":"ListItem","position":3,"name":"SOCAR-dan \u015fikay\u0259t: \u201c\u015e\u0259hid ail\u0259sind\u0259n oldu\u011fum n\u0259z\u0259r\u0259 al\u0131nmad\u0131\u201d"}]},{"@type":"WebSite","@id":"https:\/\/www.meydan.tv\/az\/#website","url":"https:\/\/www.meydan.tv\/az\/","name":"MEYDAN.TV","description":"Meydan TV Az\u0259rbaycan\u0131n media m\u0259kan\u0131ndak\u0131 alternativ s\u0259sidir","publisher":{"@id":"https:\/\/www.meydan.tv\/az\/#organization"},"potentialAction":[{"@type":"SearchAction","target":{"@type":"EntryPoint","urlTemplate":"https:\/\/www.meydan.tv\/az\/?s={search_term_string}"},"query-input":{"@type":"PropertyValueSpecification","valueRequired":true,"valueName":"search_term_string"}}],"inLanguage":"az"},{"@type":"Organization","@id":"https:\/\/www.meydan.tv\/az\/#organization","name":"Meydan TV","url":"https:\/\/www.meydan.tv\/az\/","logo":{"@type":"ImageObject","inLanguage":"az","@id":"https:\/\/www.meydan.tv\/az\/#\/schema\/logo\/image\/","url":"https:\/\/www.meydan.tv\/wp-content\/uploads\/2021\/07\/meydan-logo.svg","contentUrl":"https:\/\/www.meydan.tv\/wp-content\/uploads\/2021\/07\/meydan-logo.svg","width":195,"height":46,"caption":"Meydan TV"},"image":{"@id":"https:\/\/www.meydan.tv\/az\/#\/schema\/logo\/image\/"}},{"@type":"Person","@id":"https:\/\/www.meydan.tv\/az\/#\/schema\/person\/9cdbecf90d17180ce1dfbd95b08dcf47","name":"elli","sameAs":["https:\/\/x.com\/elli"]}]}},"_links":{"self":[{"href":"https:\/\/www.meydan.tv\/az\/wp-json\/wp\/v2\/posts\/316459","targetHints":{"allow":["GET"]}}],"collection":[{"href":"https:\/\/www.meydan.tv\/az\/wp-json\/wp\/v2\/posts"}],"about":[{"href":"https:\/\/www.meydan.tv\/az\/wp-json\/wp\/v2\/types\/post"}],"author":[{"embeddable":true,"href":"https:\/\/www.meydan.tv\/az\/wp-json\/wp\/v2\/users\/8"}],"replies":[{"embeddable":true,"href":"https:\/\/www.meydan.tv\/az\/wp-json\/wp\/v2\/comments?post=316459"}],"version-history":[{"count":1,"href":"https:\/\/www.meydan.tv\/az\/wp-json\/wp\/v2\/posts\/316459\/revisions"}],"predecessor-version":[{"id":316460,"href":"https:\/\/www.meydan.tv\/az\/wp-json\/wp\/v2\/posts\/316459\/revisions\/316460"}],"wp:featuredmedia":[{"embeddable":true,"href":"https:\/\/www.meydan.tv\/az\/wp-json\/wp\/v2\/media\/139113"}],"wp:attachment":[{"href":"https:\/\/www.meydan.tv\/az\/wp-json\/wp\/v2\/media?parent=316459"}],"wp:term":[{"taxonomy":"category","embeddable":true,"href":"https:\/\/www.meydan.tv\/az\/wp-json\/wp\/v2\/categories?post=316459"},{"taxonomy":"post_tag","embeddable":true,"href":"https:\/\/www.meydan.tv\/az\/wp-json\/wp\/v2\/tags?post=316459"}],"curies":[{"name":"wp","href":"https:\/\/api.w.org\/{rel}","templated":true}]}}