{"id":316442,"date":"2024-09-25T20:11:18","date_gmt":"2024-09-25T16:11:18","guid":{"rendered":"https:\/\/www.meydan.tv\/?p=316442"},"modified":"2024-09-26T10:56:23","modified_gmt":"2024-09-26T06:56:23","slug":"bextiyar-haciyev-oz-mehkemesinde-istirakdan-imtina-etdi","status":"publish","type":"post","link":"https:\/\/www.meydan.tv\/az\/article\/bextiyar-haciyev-oz-mehkemesinde-istirakdan-imtina-etdi\/","title":{"rendered":"B\u0259xtiyar Hac\u0131yev \u00f6z m\u0259hk\u0259m\u0259sind\u0259 i\u015ftirakdan imtina etdi"},"content":{"rendered":"\n<p><\/p>\n\n\n\n<p><em><strong>\u201cHakiml\u0259r m\u00fc\u015favir\u0259 ota\u011f\u0131na gedir, prokuror da qa\u00e7\u0131r onlar\u0131n arxas\u0131nca&#8230;\u201d<\/strong><\/em><\/p>\n\n\n\n<p>Bir il on aya yax\u0131nd\u0131r ki, h\u0259bsd\u0259 olan ictimai f\u0259al B\u0259xtiyar Hac\u0131yevin m\u0259hk\u0259m\u0259si sentyabr\u0131n 25-d\u0259 davam etdirilib. Lakin ictimai f\u0259al \u00f6z m\u0259hk\u0259m\u0259sind\u0259 i\u015ftirakdan imtina edib.<\/p>\n\n\n\n<p>Bak\u0131 A\u011f\u0131r Cinay\u0259tl\u0259r M\u0259hk\u0259m\u0259sind\u0259 hakim \u018fli M\u0259mm\u0259dovun s\u0259drliyil\u0259 ke\u00e7iril\u0259n m\u0259hk\u0259m\u0259 prosesind\u0259 B\u0259xtiyar Hac\u0131yev d\u00f6vl\u0259t ittiham\u00e7\u0131s\u0131 Eldar H\u0259mz\u0259y\u0259 yaz\u0131l\u0131 \u015f\u0259kild\u0259 etiraz\u0131n\u0131 m\u0259hk\u0259m\u0259y\u0259 t\u0259qdim edib. O bildirib ki, prokuror Cinay\u0259t-Prosessual M\u0259c\u0259ll\u0259nin t\u0259l\u0259bl\u0259rini pozur.<\/p>\n\n\n\n<p>\u0130ctimai f\u0259al etiraz\u0131n\u0131 \u0259sasland\u0131rark\u0259n onu da \u0259lav\u0259 edib ki, ill\u0259rl\u0259 bir \u00e7ox ictimai-siyasi f\u0259allar\u0131n qanunsuz h\u0259bsind\u0259ki f\u0259aliyy\u0259tin\u0259 g\u00f6r\u0259 bu prokurorun ad\u0131 AB\u015e Konqresin\u0259 t\u0259qdim edil\u0259n, sanksiya t\u0259tbiq olunas\u0131 m\u0259murlar siyah\u0131s\u0131na daxil edilib.<\/p>\n\n\n\n<p>Eldar H\u0259mz\u0259 \u00f6z\u00fc haqda etiraza m\u00fcnasib\u0259t bildr\u0259rk\u0259n deyib ki, erm\u0259ni separat\u00e7\u0131lar\u0131 il\u0259 ba\u011fl\u0131 cinay\u0259t i\u015find\u0259 d\u00f6vl\u0259t ittiham\u0131n\u0131 m\u00fcdafi\u0259 etdiyin\u0259 g\u00f6r\u0259 ad\u0131 s\u00f6z\u00fcged\u0259n siyah\u0131ya sal\u0131n\u0131b. O bildirib ki, Amerikada veril\u0259n q\u0259rarlar vacib deyil, \u0259sas Az\u0259rbaycan qanunlar\u0131d\u0131r. Ona g\u00f6r\u0259 d\u0259 etiraz\u0131n t\u0259min olunmamas\u0131n\u0131 xahi\u015f edib.<\/p>\n\n\n\n<p>\u018fli M\u0259mm\u0259dov, Azad M\u0259cidov v\u0259 S\u0259bin\u0259 M\u0259mm\u0259dzad\u0259d\u0259n ibar\u0259t hakiml\u0259r kollegiyas\u0131 etiraz\u0131 t\u0259min etm\u0259yib.<\/p>\n\n\n\n<p>Bundan sonra B\u0259xtiyar Hac\u0131yev n\u00f6vb\u0259ti m\u0259hk\u0259m\u0259 iclaslar\u0131nda i\u015ftirak etm\u0259k ist\u0259m\u0259diyini bildirib v\u0259 bu bar\u0259d\u0259 v\u0259sat\u0259t verib. Deyib ki, onsuz da \u0259dal\u0259tli, obyektiv m\u0259hk\u0259m\u0259 prosesi getmir, he\u00e7 bir v\u0259sat\u0259ti t\u0259min olunmur, bel\u0259 bir prosesd\u0259 i\u015ftirak etm\u0259yin m\u0259nas\u0131 yoxdur:<\/p>\n\n\n\n<p>\u201c<em>Sifari\u015fli m\u0259hk\u0259m\u0259dir, \u00f6z\u00fcn\u00fcz g\u0259lin, \u00f6z\u00fcn\u00fcz d\u0259 n\u0259 q\u0259rar sifari\u015f olunubsa, oxuyun getsin. Bu n\u0259 m\u0259hk\u0259m\u0259dir ki, hakiml\u0259r m\u00fc\u015favir\u0259 ota\u011f\u0131na gedir, prokuror da qa\u00e7\u0131r onlar\u0131n arxas\u0131nca o ota\u011fa&#8230;\u201d.<\/em><\/p>\n\n\n\n<p>M\u0259hk\u0259m\u0259 B\u0259xtiyar Hac\u0131yevin prosesd\u0259 i\u015ftirakdan imtinas\u0131n\u0131 q\u0259bul etm\u0259yib. Lakin o bildirib ki, h\u0259tta g\u0259ls\u0259 bel\u0259, yaln\u0131z kitab oxumaqla vaxt\u0131n\u0131 ke\u00e7ir\u0259c\u0259k.<\/p>\n\n\n\n<p>Bundan sonra proses cinay\u0259t i\u015finin materiallar\u0131ndak\u0131 s\u0259n\u0259dl\u0259rin elan\u0131 il\u0259 davam edib.<\/p>\n\n\n\n<p>M\u0259hk\u0259m\u0259 prosesi oktyabr\u0131n 11-n\u0259 q\u0259d\u0259r t\u0259xir\u0259 sal\u0131n\u0131b.<\/p>\n\n\n\n<p>B\u0259xtiyar Hac\u0131yev 2022-ci ilin dekabr\u0131ndan h\u0259bsd\u0259dir. \u00d6nc\u0259 ona qar\u015f\u0131 Cinay\u0259t M\u0259c\u0259ll\u0259sinin 221.2.2 (ictimai qaydan\u0131n qorunmas\u0131 \u00fczr\u0259 v\u0259zif\u0259ni yerin\u0259 yetir\u0259n \u015f\u0259xs\u0259 qar\u015f\u0131 m\u00fcqavim\u0259t g\u00f6st\u0259rm\u0259kl\u0259 xuliqanl\u0131q) v\u0259 289.1 (m\u0259hk\u0259m\u0259y\u0259 h\u00f6rm\u0259tsizlik) madd\u0259l\u0259ril\u0259 ittiham ir\u0259li s\u00fcr\u00fclm\u00fc\u015fd\u00fc. Onunla bloger \u00dclviyy\u0259 Muradova (Alovlu) aras\u0131nda Yasamal rayon M\u0259hk\u0259m\u0259sind\u0259 insident ba\u015f verdiyi iddia olunur. \u0130ttihama g\u00f6r\u0259, B\u0259xtiyar Hac\u0131yev h\u0259min insident zaman\u0131 icra m\u0259muru Orxan Abdullayev\u0259 d\u0259 g\u00fcc t\u0259tbiq edib.<\/p>\n\n\n\n<p>\u0130yunun 16-da ictimai f\u0259ala qar\u015f\u0131 yeni ittihamlar ir\u0259li s\u00fcr\u00fcl\u00fcb. Bu ittihamlar \u0259sas\u0259n maliyy\u0259 m\u0259s\u0259l\u0259l\u0259ril\u0259 &#8211; ayr\u0131lan qrantlar\u0131n t\u0259yinat\u0131 \u00fczr\u0259 x\u0259rcl\u0259nm\u0259m\u0259sil\u0259 ba\u011fl\u0131d\u0131r. Ona h\u0259m\u00e7inin Cinay\u0259t M\u0259c\u0259ll\u0259sinin 192 (qanunsuz sahibkarl\u0131q), 193-1 (cinay\u0259t yoluyla \u0259ld\u0259 edilmi\u015f \u0259mlak\u0131 leqalla\u015fd\u0131rma), 206 (qa\u00e7aqmal\u00e7\u0131l\u0131q), 320-ci (saxta s\u0259n\u0259dl\u0259rd\u0259n istifad\u0259) madd\u0259l\u0259ril\u0259 ittiham verilib.<\/p>\n\n\n\n<p>Noyabrda is\u0259 ona daha bir ittiham verilib. \u0130ctimai f\u0259ala qar\u015f\u0131 Cinay\u0259t M\u0259c\u0259ll\u0259sinin 213.1 (vergid\u0259n yay\u0131nma) madd\u0259sil\u0259 daha bir ittiham ir\u0259li s\u00fcr\u00fcl\u00fcb.<\/p>\n\n\n\n<p>B\u0259xtiyar Hac\u0131yev bu ittihamlar\u0131n he\u00e7 birini q\u0259bul etmir. \u0130ctimai f\u0259al \u00f6z\u00fcn\u00fc t\u0259qsirli bilmir, sifari\u015fl\u0259 h\u0259bs olundu\u011funu, Daxili \u0130\u015fl\u0259r naziri Vilay\u0259t Eyvazovun \u00fcnvan\u0131na s\u0259sl\u0259ndirdiyi t\u0259nqidl\u0259r\u0259 g\u00f6r\u0259 c\u0259zaland\u0131r\u0131ld\u0131\u011f\u0131n\u0131 deyir.<\/p>\n\n\n\n<p>Daxili \u0130\u015fl\u0259r Nazirliyi is\u0259 bu ittihamlar\u0131n \u0259sass\u0131z oldu\u011funu b\u0259yan edib.<\/p>\n","protected":false},"excerpt":{"rendered":"<p>\u201cHakiml\u0259r m\u00fc\u015favir\u0259 ota\u011f\u0131na gedir, prokuror da qa\u00e7\u0131r onlar\u0131n arxas\u0131nca&#8230;\u201d Bir &#8230; <\/p>\n<p class=\"read-more-container\"><a title=\"B\u0259xtiyar Hac\u0131yev \u00f6z m\u0259hk\u0259m\u0259sind\u0259 i\u015ftirakdan imtina etdi\" class=\"read-more button\" href=\"https:\/\/www.meydan.tv\/az\/article\/bextiyar-haciyev-oz-mehkemesinde-istirakdan-imtina-etdi\/#more-316442\" aria-label=\"Read more about B\u0259xtiyar Hac\u0131yev \u00f6z m\u0259hk\u0259m\u0259sind\u0259 i\u015ftirakdan imtina etdi\">Davam\u0131<\/a><\/p>\n","protected":false},"author":8,"featured_media":307239,"comment_status":"closed","ping_status":"closed","sticky":false,"template":"","format":"standard","meta":{"_acf_changed":false,"_sitemap_exclude":false,"_sitemap_priority":"","_sitemap_frequency":"","footnotes":""},"categories":[59,79,56],"tags":[],"class_list":["post-316442","post","type-post","status-publish","format-standard","has-post-thumbnail","hentry","category-siyaset","category-featured","category-xeberler","infinite-scroll-item","generate-columns","tablet-grid-50","mobile-grid-100","grid-parent","grid-33","no-featured-image-padding"],"acf":[],"yoast_head":"<!-- This site is optimized with the Yoast SEO plugin v27.4 - https:\/\/yoast.com\/product\/yoast-seo-wordpress\/ -->\n<title>B\u0259xtiyar Hac\u0131yev \u00f6z m\u0259hk\u0259m\u0259sind\u0259 i\u015ftirakdan imtina etdi - MEYDAN.TV<\/title>\n<meta name=\"description\" content=\"\u018fli M\u0259mm\u0259dov, Azad M\u0259cidov v\u0259 S\u0259bin\u0259 M\u0259mm\u0259dzad\u0259d\u0259n ibar\u0259t hakiml\u0259r kollegiyas\u0131 etiraz\u0131 t\u0259min etm\u0259yib.\" \/>\n<meta name=\"robots\" content=\"index, follow, max-snippet:-1, max-image-preview:large, max-video-preview:-1\" \/>\n<link rel=\"canonical\" href=\"https:\/\/www.meydan.tv\/az\/article\/bextiyar-haciyev-oz-mehkemesinde-istirakdan-imtina-etdi\/\" \/>\n<meta property=\"og:locale\" content=\"az_AZ\" \/>\n<meta property=\"og:type\" content=\"article\" \/>\n<meta property=\"og:title\" content=\"B\u0259xtiyar Hac\u0131yev \u00f6z m\u0259hk\u0259m\u0259sind\u0259 i\u015ftirakdan imtina etdi - MEYDAN.TV\" \/>\n<meta property=\"og:description\" content=\"\u018fli M\u0259mm\u0259dov, Azad M\u0259cidov v\u0259 S\u0259bin\u0259 M\u0259mm\u0259dzad\u0259d\u0259n ibar\u0259t hakiml\u0259r kollegiyas\u0131 etiraz\u0131 t\u0259min etm\u0259yib.\" \/>\n<meta property=\"og:url\" content=\"https:\/\/www.meydan.tv\/az\/article\/bextiyar-haciyev-oz-mehkemesinde-istirakdan-imtina-etdi\/\" \/>\n<meta property=\"og:site_name\" content=\"MEYDAN.TV\" \/>\n<meta property=\"article:published_time\" content=\"2024-09-25T16:11:18+00:00\" \/>\n<meta property=\"article:modified_time\" content=\"2024-09-26T06:56:23+00:00\" \/>\n<meta property=\"og:image\" content=\"https:\/\/www.meydan.tv\/wp-content\/uploads\/447209905_26349654191292175_2850149202688196262_n.jpg\" \/>\n\t<meta property=\"og:image:width\" content=\"1200\" \/>\n\t<meta property=\"og:image:height\" content=\"903\" \/>\n\t<meta property=\"og:image:type\" content=\"image\/jpeg\" \/>\n<meta name=\"author\" content=\"elli\" \/>\n<meta name=\"twitter:card\" content=\"summary_large_image\" \/>\n<meta name=\"twitter:creator\" content=\"@elli\" \/>\n<script type=\"application\/ld+json\" class=\"yoast-schema-graph\">{\"@context\":\"https:\\\/\\\/schema.org\",\"@graph\":[{\"@type\":\"Article\",\"@id\":\"https:\\\/\\\/www.meydan.tv\\\/az\\\/article\\\/bextiyar-haciyev-oz-mehkemesinde-istirakdan-imtina-etdi\\\/#article\",\"isPartOf\":{\"@id\":\"https:\\\/\\\/www.meydan.tv\\\/az\\\/article\\\/bextiyar-haciyev-oz-mehkemesinde-istirakdan-imtina-etdi\\\/\"},\"author\":{\"name\":\"elli\",\"@id\":\"https:\\\/\\\/www.meydan.tv\\\/az\\\/#\\\/schema\\\/person\\\/9cdbecf90d17180ce1dfbd95b08dcf47\"},\"headline\":\"B\u0259xtiyar Hac\u0131yev \u00f6z m\u0259hk\u0259m\u0259sind\u0259 i\u015ftirakdan imtina etdi\",\"datePublished\":\"2024-09-25T16:11:18+00:00\",\"dateModified\":\"2024-09-26T06:56:23+00:00\",\"mainEntityOfPage\":{\"@id\":\"https:\\\/\\\/www.meydan.tv\\\/az\\\/article\\\/bextiyar-haciyev-oz-mehkemesinde-istirakdan-imtina-etdi\\\/\"},\"wordCount\":731,\"publisher\":{\"@id\":\"https:\\\/\\\/www.meydan.tv\\\/az\\\/#organization\"},\"image\":{\"@id\":\"https:\\\/\\\/www.meydan.tv\\\/az\\\/article\\\/bextiyar-haciyev-oz-mehkemesinde-istirakdan-imtina-etdi\\\/#primaryimage\"},\"thumbnailUrl\":\"https:\\\/\\\/www.meydan.tv\\\/wp-content\\\/uploads\\\/447209905_26349654191292175_2850149202688196262_n.jpg\",\"articleSection\":[\"Siyas\u0259t\",\"T\u00f6vsiy\u0259\",\"X\u0259b\u0259rl\u0259r\"],\"inLanguage\":\"az\"},{\"@type\":\"WebPage\",\"@id\":\"https:\\\/\\\/www.meydan.tv\\\/az\\\/article\\\/bextiyar-haciyev-oz-mehkemesinde-istirakdan-imtina-etdi\\\/\",\"url\":\"https:\\\/\\\/www.meydan.tv\\\/az\\\/article\\\/bextiyar-haciyev-oz-mehkemesinde-istirakdan-imtina-etdi\\\/\",\"name\":\"B\u0259xtiyar Hac\u0131yev \u00f6z m\u0259hk\u0259m\u0259sind\u0259 i\u015ftirakdan imtina etdi - MEYDAN.TV\",\"isPartOf\":{\"@id\":\"https:\\\/\\\/www.meydan.tv\\\/az\\\/#website\"},\"primaryImageOfPage\":{\"@id\":\"https:\\\/\\\/www.meydan.tv\\\/az\\\/article\\\/bextiyar-haciyev-oz-mehkemesinde-istirakdan-imtina-etdi\\\/#primaryimage\"},\"image\":{\"@id\":\"https:\\\/\\\/www.meydan.tv\\\/az\\\/article\\\/bextiyar-haciyev-oz-mehkemesinde-istirakdan-imtina-etdi\\\/#primaryimage\"},\"thumbnailUrl\":\"https:\\\/\\\/www.meydan.tv\\\/wp-content\\\/uploads\\\/447209905_26349654191292175_2850149202688196262_n.jpg\",\"datePublished\":\"2024-09-25T16:11:18+00:00\",\"dateModified\":\"2024-09-26T06:56:23+00:00\",\"description\":\"\u018fli M\u0259mm\u0259dov, Azad M\u0259cidov v\u0259 S\u0259bin\u0259 M\u0259mm\u0259dzad\u0259d\u0259n ibar\u0259t hakiml\u0259r kollegiyas\u0131 etiraz\u0131 t\u0259min etm\u0259yib.\",\"breadcrumb\":{\"@id\":\"https:\\\/\\\/www.meydan.tv\\\/az\\\/article\\\/bextiyar-haciyev-oz-mehkemesinde-istirakdan-imtina-etdi\\\/#breadcrumb\"},\"inLanguage\":\"az\",\"potentialAction\":[{\"@type\":\"ReadAction\",\"target\":[\"https:\\\/\\\/www.meydan.tv\\\/az\\\/article\\\/bextiyar-haciyev-oz-mehkemesinde-istirakdan-imtina-etdi\\\/\"]}]},{\"@type\":\"ImageObject\",\"inLanguage\":\"az\",\"@id\":\"https:\\\/\\\/www.meydan.tv\\\/az\\\/article\\\/bextiyar-haciyev-oz-mehkemesinde-istirakdan-imtina-etdi\\\/#primaryimage\",\"url\":\"https:\\\/\\\/www.meydan.tv\\\/wp-content\\\/uploads\\\/447209905_26349654191292175_2850149202688196262_n.jpg\",\"contentUrl\":\"https:\\\/\\\/www.meydan.tv\\\/wp-content\\\/uploads\\\/447209905_26349654191292175_2850149202688196262_n.jpg\",\"width\":1200,\"height\":903,\"caption\":\"B\u0259xtiyar Hac\u0131yev. Foto: Meydan TV\"},{\"@type\":\"BreadcrumbList\",\"@id\":\"https:\\\/\\\/www.meydan.tv\\\/az\\\/article\\\/bextiyar-haciyev-oz-mehkemesinde-istirakdan-imtina-etdi\\\/#breadcrumb\",\"itemListElement\":[{\"@type\":\"ListItem\",\"position\":1,\"name\":\"Ana s\u0259hif\u0259\",\"item\":\"https:\\\/\\\/www.meydan.tv\\\/az\\\/\"},{\"@type\":\"ListItem\",\"position\":2,\"name\":\"Siyas\u0259t\",\"item\":\"https:\\\/\\\/www.meydan.tv\\\/az\\\/section\\\/siyaset\\\/\"},{\"@type\":\"ListItem\",\"position\":3,\"name\":\"B\u0259xtiyar Hac\u0131yev \u00f6z m\u0259hk\u0259m\u0259sind\u0259 i\u015ftirakdan imtina etdi\"}]},{\"@type\":\"WebSite\",\"@id\":\"https:\\\/\\\/www.meydan.tv\\\/az\\\/#website\",\"url\":\"https:\\\/\\\/www.meydan.tv\\\/az\\\/\",\"name\":\"MEYDAN.TV\",\"description\":\"Meydan TV Az\u0259rbaycan\u0131n media m\u0259kan\u0131ndak\u0131 alternativ s\u0259sidir\",\"publisher\":{\"@id\":\"https:\\\/\\\/www.meydan.tv\\\/az\\\/#organization\"},\"potentialAction\":[{\"@type\":\"SearchAction\",\"target\":{\"@type\":\"EntryPoint\",\"urlTemplate\":\"https:\\\/\\\/www.meydan.tv\\\/az\\\/?s={search_term_string}\"},\"query-input\":{\"@type\":\"PropertyValueSpecification\",\"valueRequired\":true,\"valueName\":\"search_term_string\"}}],\"inLanguage\":\"az\"},{\"@type\":\"Organization\",\"@id\":\"https:\\\/\\\/www.meydan.tv\\\/az\\\/#organization\",\"name\":\"Meydan TV\",\"url\":\"https:\\\/\\\/www.meydan.tv\\\/az\\\/\",\"logo\":{\"@type\":\"ImageObject\",\"inLanguage\":\"az\",\"@id\":\"https:\\\/\\\/www.meydan.tv\\\/az\\\/#\\\/schema\\\/logo\\\/image\\\/\",\"url\":\"https:\\\/\\\/www.meydan.tv\\\/wp-content\\\/uploads\\\/2021\\\/07\\\/meydan-logo.svg\",\"contentUrl\":\"https:\\\/\\\/www.meydan.tv\\\/wp-content\\\/uploads\\\/2021\\\/07\\\/meydan-logo.svg\",\"width\":195,\"height\":46,\"caption\":\"Meydan TV\"},\"image\":{\"@id\":\"https:\\\/\\\/www.meydan.tv\\\/az\\\/#\\\/schema\\\/logo\\\/image\\\/\"}},{\"@type\":\"Person\",\"@id\":\"https:\\\/\\\/www.meydan.tv\\\/az\\\/#\\\/schema\\\/person\\\/9cdbecf90d17180ce1dfbd95b08dcf47\",\"name\":\"elli\",\"sameAs\":[\"https:\\\/\\\/x.com\\\/elli\"]}]}<\/script>\n<!-- \/ Yoast SEO plugin. -->","yoast_head_json":{"title":"B\u0259xtiyar Hac\u0131yev \u00f6z m\u0259hk\u0259m\u0259sind\u0259 i\u015ftirakdan imtina etdi - MEYDAN.TV","description":"\u018fli M\u0259mm\u0259dov, Azad M\u0259cidov v\u0259 S\u0259bin\u0259 M\u0259mm\u0259dzad\u0259d\u0259n ibar\u0259t hakiml\u0259r kollegiyas\u0131 etiraz\u0131 t\u0259min etm\u0259yib.","robots":{"index":"index","follow":"follow","max-snippet":"max-snippet:-1","max-image-preview":"max-image-preview:large","max-video-preview":"max-video-preview:-1"},"canonical":"https:\/\/www.meydan.tv\/az\/article\/bextiyar-haciyev-oz-mehkemesinde-istirakdan-imtina-etdi\/","og_locale":"az_AZ","og_type":"article","og_title":"B\u0259xtiyar Hac\u0131yev \u00f6z m\u0259hk\u0259m\u0259sind\u0259 i\u015ftirakdan imtina etdi - MEYDAN.TV","og_description":"\u018fli M\u0259mm\u0259dov, Azad M\u0259cidov v\u0259 S\u0259bin\u0259 M\u0259mm\u0259dzad\u0259d\u0259n ibar\u0259t hakiml\u0259r kollegiyas\u0131 etiraz\u0131 t\u0259min etm\u0259yib.","og_url":"https:\/\/www.meydan.tv\/az\/article\/bextiyar-haciyev-oz-mehkemesinde-istirakdan-imtina-etdi\/","og_site_name":"MEYDAN.TV","article_published_time":"2024-09-25T16:11:18+00:00","article_modified_time":"2024-09-26T06:56:23+00:00","og_image":[{"width":1200,"height":903,"url":"https:\/\/www.meydan.tv\/wp-content\/uploads\/447209905_26349654191292175_2850149202688196262_n.jpg","type":"image\/jpeg"}],"author":"elli","twitter_card":"summary_large_image","twitter_creator":"@elli","schema":{"@context":"https:\/\/schema.org","@graph":[{"@type":"Article","@id":"https:\/\/www.meydan.tv\/az\/article\/bextiyar-haciyev-oz-mehkemesinde-istirakdan-imtina-etdi\/#article","isPartOf":{"@id":"https:\/\/www.meydan.tv\/az\/article\/bextiyar-haciyev-oz-mehkemesinde-istirakdan-imtina-etdi\/"},"author":{"name":"elli","@id":"https:\/\/www.meydan.tv\/az\/#\/schema\/person\/9cdbecf90d17180ce1dfbd95b08dcf47"},"headline":"B\u0259xtiyar Hac\u0131yev \u00f6z m\u0259hk\u0259m\u0259sind\u0259 i\u015ftirakdan imtina etdi","datePublished":"2024-09-25T16:11:18+00:00","dateModified":"2024-09-26T06:56:23+00:00","mainEntityOfPage":{"@id":"https:\/\/www.meydan.tv\/az\/article\/bextiyar-haciyev-oz-mehkemesinde-istirakdan-imtina-etdi\/"},"wordCount":731,"publisher":{"@id":"https:\/\/www.meydan.tv\/az\/#organization"},"image":{"@id":"https:\/\/www.meydan.tv\/az\/article\/bextiyar-haciyev-oz-mehkemesinde-istirakdan-imtina-etdi\/#primaryimage"},"thumbnailUrl":"https:\/\/www.meydan.tv\/wp-content\/uploads\/447209905_26349654191292175_2850149202688196262_n.jpg","articleSection":["Siyas\u0259t","T\u00f6vsiy\u0259","X\u0259b\u0259rl\u0259r"],"inLanguage":"az"},{"@type":"WebPage","@id":"https:\/\/www.meydan.tv\/az\/article\/bextiyar-haciyev-oz-mehkemesinde-istirakdan-imtina-etdi\/","url":"https:\/\/www.meydan.tv\/az\/article\/bextiyar-haciyev-oz-mehkemesinde-istirakdan-imtina-etdi\/","name":"B\u0259xtiyar Hac\u0131yev \u00f6z m\u0259hk\u0259m\u0259sind\u0259 i\u015ftirakdan imtina etdi - MEYDAN.TV","isPartOf":{"@id":"https:\/\/www.meydan.tv\/az\/#website"},"primaryImageOfPage":{"@id":"https:\/\/www.meydan.tv\/az\/article\/bextiyar-haciyev-oz-mehkemesinde-istirakdan-imtina-etdi\/#primaryimage"},"image":{"@id":"https:\/\/www.meydan.tv\/az\/article\/bextiyar-haciyev-oz-mehkemesinde-istirakdan-imtina-etdi\/#primaryimage"},"thumbnailUrl":"https:\/\/www.meydan.tv\/wp-content\/uploads\/447209905_26349654191292175_2850149202688196262_n.jpg","datePublished":"2024-09-25T16:11:18+00:00","dateModified":"2024-09-26T06:56:23+00:00","description":"\u018fli M\u0259mm\u0259dov, Azad M\u0259cidov v\u0259 S\u0259bin\u0259 M\u0259mm\u0259dzad\u0259d\u0259n ibar\u0259t hakiml\u0259r kollegiyas\u0131 etiraz\u0131 t\u0259min etm\u0259yib.","breadcrumb":{"@id":"https:\/\/www.meydan.tv\/az\/article\/bextiyar-haciyev-oz-mehkemesinde-istirakdan-imtina-etdi\/#breadcrumb"},"inLanguage":"az","potentialAction":[{"@type":"ReadAction","target":["https:\/\/www.meydan.tv\/az\/article\/bextiyar-haciyev-oz-mehkemesinde-istirakdan-imtina-etdi\/"]}]},{"@type":"ImageObject","inLanguage":"az","@id":"https:\/\/www.meydan.tv\/az\/article\/bextiyar-haciyev-oz-mehkemesinde-istirakdan-imtina-etdi\/#primaryimage","url":"https:\/\/www.meydan.tv\/wp-content\/uploads\/447209905_26349654191292175_2850149202688196262_n.jpg","contentUrl":"https:\/\/www.meydan.tv\/wp-content\/uploads\/447209905_26349654191292175_2850149202688196262_n.jpg","width":1200,"height":903,"caption":"B\u0259xtiyar Hac\u0131yev. Foto: Meydan TV"},{"@type":"BreadcrumbList","@id":"https:\/\/www.meydan.tv\/az\/article\/bextiyar-haciyev-oz-mehkemesinde-istirakdan-imtina-etdi\/#breadcrumb","itemListElement":[{"@type":"ListItem","position":1,"name":"Ana s\u0259hif\u0259","item":"https:\/\/www.meydan.tv\/az\/"},{"@type":"ListItem","position":2,"name":"Siyas\u0259t","item":"https:\/\/www.meydan.tv\/az\/section\/siyaset\/"},{"@type":"ListItem","position":3,"name":"B\u0259xtiyar Hac\u0131yev \u00f6z m\u0259hk\u0259m\u0259sind\u0259 i\u015ftirakdan imtina etdi"}]},{"@type":"WebSite","@id":"https:\/\/www.meydan.tv\/az\/#website","url":"https:\/\/www.meydan.tv\/az\/","name":"MEYDAN.TV","description":"Meydan TV Az\u0259rbaycan\u0131n media m\u0259kan\u0131ndak\u0131 alternativ s\u0259sidir","publisher":{"@id":"https:\/\/www.meydan.tv\/az\/#organization"},"potentialAction":[{"@type":"SearchAction","target":{"@type":"EntryPoint","urlTemplate":"https:\/\/www.meydan.tv\/az\/?s={search_term_string}"},"query-input":{"@type":"PropertyValueSpecification","valueRequired":true,"valueName":"search_term_string"}}],"inLanguage":"az"},{"@type":"Organization","@id":"https:\/\/www.meydan.tv\/az\/#organization","name":"Meydan TV","url":"https:\/\/www.meydan.tv\/az\/","logo":{"@type":"ImageObject","inLanguage":"az","@id":"https:\/\/www.meydan.tv\/az\/#\/schema\/logo\/image\/","url":"https:\/\/www.meydan.tv\/wp-content\/uploads\/2021\/07\/meydan-logo.svg","contentUrl":"https:\/\/www.meydan.tv\/wp-content\/uploads\/2021\/07\/meydan-logo.svg","width":195,"height":46,"caption":"Meydan TV"},"image":{"@id":"https:\/\/www.meydan.tv\/az\/#\/schema\/logo\/image\/"}},{"@type":"Person","@id":"https:\/\/www.meydan.tv\/az\/#\/schema\/person\/9cdbecf90d17180ce1dfbd95b08dcf47","name":"elli","sameAs":["https:\/\/x.com\/elli"]}]}},"_links":{"self":[{"href":"https:\/\/www.meydan.tv\/az\/wp-json\/wp\/v2\/posts\/316442","targetHints":{"allow":["GET"]}}],"collection":[{"href":"https:\/\/www.meydan.tv\/az\/wp-json\/wp\/v2\/posts"}],"about":[{"href":"https:\/\/www.meydan.tv\/az\/wp-json\/wp\/v2\/types\/post"}],"author":[{"embeddable":true,"href":"https:\/\/www.meydan.tv\/az\/wp-json\/wp\/v2\/users\/8"}],"replies":[{"embeddable":true,"href":"https:\/\/www.meydan.tv\/az\/wp-json\/wp\/v2\/comments?post=316442"}],"version-history":[{"count":3,"href":"https:\/\/www.meydan.tv\/az\/wp-json\/wp\/v2\/posts\/316442\/revisions"}],"predecessor-version":[{"id":316462,"href":"https:\/\/www.meydan.tv\/az\/wp-json\/wp\/v2\/posts\/316442\/revisions\/316462"}],"wp:featuredmedia":[{"embeddable":true,"href":"https:\/\/www.meydan.tv\/az\/wp-json\/wp\/v2\/media\/307239"}],"wp:attachment":[{"href":"https:\/\/www.meydan.tv\/az\/wp-json\/wp\/v2\/media?parent=316442"}],"wp:term":[{"taxonomy":"category","embeddable":true,"href":"https:\/\/www.meydan.tv\/az\/wp-json\/wp\/v2\/categories?post=316442"},{"taxonomy":"post_tag","embeddable":true,"href":"https:\/\/www.meydan.tv\/az\/wp-json\/wp\/v2\/tags?post=316442"}],"curies":[{"name":"wp","href":"https:\/\/api.w.org\/{rel}","templated":true}]}}