{"id":316398,"date":"2024-09-25T15:00:52","date_gmt":"2024-09-25T11:00:52","guid":{"rendered":"https:\/\/www.meydan.tv\/?p=316398"},"modified":"2024-09-25T15:06:28","modified_gmt":"2024-09-25T11:06:28","slug":"abs-da-bayramovla-mirzoyanin-gorusu-gozlenilir","status":"publish","type":"post","link":"https:\/\/www.meydan.tv\/az\/article\/abs-da-bayramovla-mirzoyanin-gorusu-gozlenilir\/","title":{"rendered":"AB\u015e-da Bayramovla Mirzoyan\u0131n g\u00f6r\u00fc\u015f\u00fc g\u00f6zl\u0259nilir"},"content":{"rendered":"\n<p class=\"wp-block-paragraph\"><\/p>\n\n\n\n<p class=\"wp-block-paragraph\"><strong><em>Az\u0259rbaycan X\u0130N g\u00f6r\u00fc\u015f\u00fcn planla\u015fd\u0131r\u0131ld\u0131\u011f\u0131n\u0131 t\u0259sdiql\u0259yib<\/em><\/strong><\/p>\n\n\n\n<p class=\"wp-block-paragraph\">Sentyabr\u0131n 26-da Nyu-Yorkda Az\u0259rbaycan v\u0259 Erm\u0259nistan xarici i\u015fl\u0259r nazirl\u0259ri Ceyhun Bayramovla Ararat Mirzoyan\u0131n g\u00f6r\u00fc\u015f\u00fc g\u00f6zl\u0259nilir.<\/p>\n\n\n\n<p class=\"wp-block-paragraph\">Bu bar\u0259d\u0259 sentyabr\u0131n 25-d\u0259 &#8220;Turan&#8221;\u0131n Va\u015finqton m\u00fcxbirin\u0259 v\u0259ziyy\u0259tl\u0259 tan\u0131\u015f olan iki m\u0259nb\u0259 <a href=\"https:\/\/turan.az\/az\/siyaset\/sabah-blinken-sulh-danisiqlarinin-yekun-merhelesine-kecmek-ucun-bayramov-ve-mirzoyanla-gorusecek-785018\" target=\"_blank\" rel=\"noreferrer noopener\">bildirib.<\/a><\/p>\n\n\n\n<p class=\"wp-block-paragraph\">Onlar\u0131n s\u00f6zl\u0259rin\u0259 g\u00f6r\u0259, AB\u015e D\u00f6vl\u0259t katibi Entoni Blinkenin h\u0259r iki d\u00f6vl\u0259tin xarici i\u015fl\u0259r naziri il\u0259 g\u00f6r\u00fc\u015f\u00fc g\u00f6zl\u0259nilir.<\/p>\n\n\n\n<p class=\"wp-block-paragraph\">O, s\u00fclh prosesinin \u201cson m\u0259rh\u0259l\u0259si\u201d \u00fczr\u0259 i\u015fl\u0259rin ba\u015fa \u00e7atd\u0131r\u0131lmas\u0131n\u0131 ist\u0259yir.<\/p>\n\n\n\n<p class=\"wp-block-paragraph\">Ancaq agentliy\u0259 \u201cson m\u0259rh\u0259l\u0259nin\u201d n\u0259d\u0259n ibar\u0259t oldugunu v\u0259 n\u0259tic\u0259sinin nec\u0259 olaca\u011f\u0131 h\u0259l\u0259 d\u0259 b\u0259lli deyil, D\u00f6vl\u0259t Departamenti d\u0259 bununla ba\u011fl\u0131 h\u0259r hans\u0131 \u015f\u0259rh verm\u0259yib.<\/p>\n\n\n\n<p class=\"wp-block-paragraph\">Az\u0259rbaycan Xarici \u0130\u015fl\u0259r Nazirliyinin M\u0259tbuat \u0130dar\u0259sinin r\u0259isi Ayxan Hac\u0131zad\u0259 Meydan TV-y\u0259 Ceyhun Bayramovun Ararat Mirzoyanla g\u00f6r\u00fc\u015f\u00fcn\u00fcn planla\u015fd\u0131r\u0131ld\u0131\u011f\u0131n\u0131 t\u0259sdiql\u0259yib.<\/p>\n\n\n\n<p class=\"wp-block-paragraph\">D\u00f6vl\u0259t Departamentinin s\u00f6z\u00e7\u00fcs\u00fc Metyu Miller is\u0259 deyib ki, t\u0259r\u0259fl\u0259r s\u00fclh sazi\u015fi \u00fcz\u0259rind\u0259 i\u015fl\u0259diyi bir vaxtda AB\u015e Az\u0259rbaycan v\u0259 Erm\u0259nistana &#8220;m\u00fcmk\u00fcn olan ist\u0259nil\u0259n yolla&#8221;, &#8220;faydal\u0131 olarsa, yeni g\u00f6r\u00fc\u015f\u00fcn t\u0259\u015fkil edilm\u0259si&nbsp; d\u0259 daxil olmaqla&#8221; d\u0259st\u0259k verm\u0259k niyy\u0259tind\u0259dir.<\/p>\n\n\n\n<p class=\"wp-block-paragraph\"><em>&#8220;Biz h\u0259r iki \u00f6lk\u0259nin davaml\u0131 v\u0259 layiqli s\u00fclh raz\u0131la\u015fmas\u0131 \u0259ld\u0259 etm\u0259k s\u0259yl\u0259rini d\u0259st\u0259kl\u0259m\u0259y\u0259 davam edirik&#8221;, &#8211;<\/em> dey\u0259 Miller brifinqd\u0259 vur\u011fulay\u0131b.<\/p>\n\n\n\n<p class=\"wp-block-paragraph\">D\u00f6vl\u0259t Departamentinin m\u0259lumat\u0131na g\u00f6r\u0259, Blinken bu yax\u0131nlarda Az\u0259rbaycan v\u0259 Erm\u0259nistan liderl\u0259ri il\u0259 ayr\u0131-ayr\u0131l\u0131qda dan\u0131\u015f\u0131b v\u0259 t\u0259r\u0259fl\u0259r aras\u0131nda son nailiyy\u0259tl\u0259ri, o c\u00fcml\u0259d\u0259n s\u0259rh\u0259dl\u0259rin delimitasiyas\u0131 il\u0259 ba\u011fl\u0131 raz\u0131la\u015fman\u0131 \u201calq\u0131\u015flay\u0131b\u201d.<\/p>\n\n\n\n<p class=\"wp-block-paragraph\">Ararat Mirzoyan v\u0259 Ceyhun Bayramov BMT Ba\u015f Assambleyas\u0131n\u0131n 79-cu sessiyas\u0131nda i\u015ftirak etm\u0259k \u00fc\u00e7\u00fcn Nyu-Yorkdad\u0131rlar.<\/p>\n\n\n\n<p class=\"wp-block-paragraph\">Sonuncu d\u0259f\u0259 iyulun 10-da Entoni Blinkeninin i\u015ftirak\u0131 il\u0259 Ararat Mirzoyan v\u0259 Ceyhun Bayramov <a href=\"https:\/\/storage.googleapis.com\/qurium\/www.meydan.tv\/az-article-azerbaycanla-ermenistan-sulh-sazisinin-yekunlasdirilmasi-ucun-raziliga-gelibler.html\" target=\"_blank\" rel=\"noreferrer noopener\">g\u00f6r\u00fc\u015fm\u00fc\u015fd\u00fc<\/a>.<\/p>\n\n\n\n<p class=\"wp-block-paragraph\">2020-ci ild\u0259 Qaraba\u011fda apar\u0131lan 44 g\u00fcnl\u00fck m\u00fcharib\u0259 n\u0259tic\u0259sind\u0259 Az\u0259rbaycan i\u015f\u011fal olunmu\u015f \u0259razil\u0259rinin b\u00f6y\u00fck hiss\u0259sind\u0259 n\u0259zar\u0259ti b\u0259rpa edib. 2023-c\u00fc ild\u0259 is\u0259 apard\u0131\u011f\u0131 h\u0259rbi \u0259m\u0259liyyatlarla \u0259razini tam n\u0259zar\u0259t\u0259 g\u00f6t\u00fcr\u00fcb.<\/p>\n\n\n\n<p class=\"wp-block-paragraph\">Ondan sonra Az\u0259rbaycan v\u0259 Erm\u0259nistan aras\u0131nda s\u00fclh dan\u0131\u015f\u0131qlar\u0131 davam etdirilir. Bu dan\u0131\u015f\u0131qlarda h\u0259m AB\u015e, Avropa \u0130ttifaq\u0131, h\u0259m d\u0259 Rusiya vasit\u0259\u00e7ilik edir.<\/p>\n","protected":false},"excerpt":{"rendered":"<p>Az\u0259rbaycan X\u0130N g\u00f6r\u00fc\u015f\u00fcn planla\u015fd\u0131r\u0131ld\u0131\u011f\u0131n\u0131 t\u0259sdiql\u0259yib Sentyabr\u0131n 26-da Nyu-Yorkda Az\u0259rbaycan v\u0259 &#8230; <\/p>\n<p class=\"read-more-container\"><a title=\"AB\u015e-da Bayramovla Mirzoyan\u0131n g\u00f6r\u00fc\u015f\u00fc g\u00f6zl\u0259nilir\" class=\"read-more button\" href=\"https:\/\/www.meydan.tv\/az\/article\/abs-da-bayramovla-mirzoyanin-gorusu-gozlenilir\/#more-316398\" aria-label=\"Read more about AB\u015e-da Bayramovla Mirzoyan\u0131n g\u00f6r\u00fc\u015f\u00fc g\u00f6zl\u0259nilir\">Davam\u0131<\/a><\/p>\n","protected":false},"author":8,"featured_media":277146,"comment_status":"closed","ping_status":"closed","sticky":false,"template":"","format":"standard","meta":{"_acf_changed":false,"_sitemap_exclude":false,"_sitemap_priority":"","_sitemap_frequency":"","footnotes":""},"categories":[59,56],"tags":[],"class_list":["post-316398","post","type-post","status-publish","format-standard","has-post-thumbnail","hentry","category-siyaset","category-xeberler","infinite-scroll-item","generate-columns","tablet-grid-50","mobile-grid-100","grid-parent","grid-33","no-featured-image-padding"],"acf":[],"yoast_head":"<!-- This site is optimized with the Yoast SEO plugin v28.4 - https:\/\/yoast.com\/product\/yoast-seo-wordpress\/ -->\n<title>AB\u015e-da Bayramovla Mirzoyan\u0131n g\u00f6r\u00fc\u015f\u00fc g\u00f6zl\u0259nilir - MEYDAN.TV<\/title>\n<meta name=\"description\" content=\"Onlar\u0131n s\u00f6zl\u0259rin\u0259 g\u00f6r\u0259, AB\u015e D\u00f6vl\u0259t katibi Entoni Blinkenin h\u0259r iki d\u00f6vl\u0259tin xarici i\u015fl\u0259r nazirl\u0259ri il\u0259 s\u00fclh dan\u0131\u015f\u0131qlar\u0131n\u0131n \u201cson m\u0259rh\u0259l\u0259si\u201d \u00e7atd\u0131rmaq \u00fc\u00e7\u00fcn g\u00f6r\u00fc\u015f\u00fc g\u00f6zl\u0259nilir.\" \/>\n<meta name=\"robots\" content=\"index, follow, max-snippet:-1, max-image-preview:large, max-video-preview:-1\" \/>\n<link rel=\"canonical\" href=\"https:\/\/www.meydan.tv\/az\/article\/abs-da-bayramovla-mirzoyanin-gorusu-gozlenilir\/\" \/>\n<meta property=\"og:locale\" content=\"az_AZ\" \/>\n<meta property=\"og:type\" content=\"article\" \/>\n<meta property=\"og:title\" content=\"AB\u015e-da Bayramovla Mirzoyan\u0131n g\u00f6r\u00fc\u015f\u00fc g\u00f6zl\u0259nilir - MEYDAN.TV\" \/>\n<meta property=\"og:description\" content=\"Onlar\u0131n s\u00f6zl\u0259rin\u0259 g\u00f6r\u0259, AB\u015e D\u00f6vl\u0259t katibi Entoni Blinkenin h\u0259r iki d\u00f6vl\u0259tin xarici i\u015fl\u0259r nazirl\u0259ri il\u0259 s\u00fclh dan\u0131\u015f\u0131qlar\u0131n\u0131n \u201cson m\u0259rh\u0259l\u0259si\u201d \u00e7atd\u0131rmaq \u00fc\u00e7\u00fcn g\u00f6r\u00fc\u015f\u00fc g\u00f6zl\u0259nilir.\" \/>\n<meta property=\"og:url\" content=\"https:\/\/www.meydan.tv\/az\/article\/abs-da-bayramovla-mirzoyanin-gorusu-gozlenilir\/\" \/>\n<meta property=\"og:site_name\" content=\"MEYDAN.TV\" \/>\n<meta property=\"article:published_time\" content=\"2024-09-25T11:00:52+00:00\" \/>\n<meta property=\"article:modified_time\" content=\"2024-09-25T11:06:28+00:00\" \/>\n<meta property=\"og:image\" content=\"https:\/\/www.meydan.tv\/wp-content\/uploads\/6481c7686b1816481c7686b18216862267926481c7686b17f6481c7686b180-e1686230062653.jpg\" \/>\n\t<meta property=\"og:image:width\" content=\"1200\" \/>\n\t<meta property=\"og:image:height\" content=\"618\" \/>\n\t<meta property=\"og:image:type\" content=\"image\/jpeg\" \/>\n<meta name=\"twitter:card\" content=\"summary_large_image\" \/>\n<meta name=\"twitter:creator\" content=\"@elli\" \/>\n<!-- \/ Yoast SEO plugin. -->","yoast_head_json":{"title":"AB\u015e-da Bayramovla Mirzoyan\u0131n g\u00f6r\u00fc\u015f\u00fc g\u00f6zl\u0259nilir - MEYDAN.TV","description":"Onlar\u0131n s\u00f6zl\u0259rin\u0259 g\u00f6r\u0259, AB\u015e D\u00f6vl\u0259t katibi Entoni Blinkenin h\u0259r iki d\u00f6vl\u0259tin xarici i\u015fl\u0259r nazirl\u0259ri il\u0259 s\u00fclh dan\u0131\u015f\u0131qlar\u0131n\u0131n \u201cson m\u0259rh\u0259l\u0259si\u201d \u00e7atd\u0131rmaq \u00fc\u00e7\u00fcn g\u00f6r\u00fc\u015f\u00fc g\u00f6zl\u0259nilir.","robots":{"index":"index","follow":"follow","max-snippet":"max-snippet:-1","max-image-preview":"max-image-preview:large","max-video-preview":"max-video-preview:-1"},"canonical":"https:\/\/www.meydan.tv\/az\/article\/abs-da-bayramovla-mirzoyanin-gorusu-gozlenilir\/","og_locale":"az_AZ","og_type":"article","og_title":"AB\u015e-da Bayramovla Mirzoyan\u0131n g\u00f6r\u00fc\u015f\u00fc g\u00f6zl\u0259nilir - MEYDAN.TV","og_description":"Onlar\u0131n s\u00f6zl\u0259rin\u0259 g\u00f6r\u0259, AB\u015e D\u00f6vl\u0259t katibi Entoni Blinkenin h\u0259r iki d\u00f6vl\u0259tin xarici i\u015fl\u0259r nazirl\u0259ri il\u0259 s\u00fclh dan\u0131\u015f\u0131qlar\u0131n\u0131n \u201cson m\u0259rh\u0259l\u0259si\u201d \u00e7atd\u0131rmaq \u00fc\u00e7\u00fcn g\u00f6r\u00fc\u015f\u00fc g\u00f6zl\u0259nilir.","og_url":"https:\/\/www.meydan.tv\/az\/article\/abs-da-bayramovla-mirzoyanin-gorusu-gozlenilir\/","og_site_name":"MEYDAN.TV","article_published_time":"2024-09-25T11:00:52+00:00","article_modified_time":"2024-09-25T11:06:28+00:00","og_image":[{"width":1200,"height":618,"url":"https:\/\/www.meydan.tv\/wp-content\/uploads\/6481c7686b1816481c7686b18216862267926481c7686b17f6481c7686b180-e1686230062653.jpg","type":"image\/jpeg"}],"twitter_card":"summary_large_image","twitter_creator":"@elli","schema":{"@context":"https:\/\/schema.org","@graph":[{"@type":"Article","@id":"https:\/\/www.meydan.tv\/az\/article\/abs-da-bayramovla-mirzoyanin-gorusu-gozlenilir\/#article","isPartOf":{"@id":"https:\/\/www.meydan.tv\/az\/article\/abs-da-bayramovla-mirzoyanin-gorusu-gozlenilir\/"},"author":{"name":"elli","@id":"https:\/\/www.meydan.tv\/az\/#\/schema\/person\/9cdbecf90d17180ce1dfbd95b08dcf47"},"headline":"AB\u015e-da Bayramovla Mirzoyan\u0131n g\u00f6r\u00fc\u015f\u00fc g\u00f6zl\u0259nilir","datePublished":"2024-09-25T11:00:52+00:00","dateModified":"2024-09-25T11:06:28+00:00","mainEntityOfPage":{"@id":"https:\/\/www.meydan.tv\/az\/article\/abs-da-bayramovla-mirzoyanin-gorusu-gozlenilir\/"},"wordCount":467,"publisher":{"@id":"https:\/\/www.meydan.tv\/az\/#organization"},"image":{"@id":"https:\/\/www.meydan.tv\/az\/article\/abs-da-bayramovla-mirzoyanin-gorusu-gozlenilir\/#primaryimage"},"thumbnailUrl":"https:\/\/www.meydan.tv\/wp-content\/uploads\/6481c7686b1816481c7686b18216862267926481c7686b17f6481c7686b180-e1686230062653.jpg","articleSection":["Siyas\u0259t","X\u0259b\u0259rl\u0259r"],"inLanguage":"az"},{"@type":"WebPage","@id":"https:\/\/www.meydan.tv\/az\/article\/abs-da-bayramovla-mirzoyanin-gorusu-gozlenilir\/","url":"https:\/\/www.meydan.tv\/az\/article\/abs-da-bayramovla-mirzoyanin-gorusu-gozlenilir\/","name":"AB\u015e-da Bayramovla Mirzoyan\u0131n g\u00f6r\u00fc\u015f\u00fc g\u00f6zl\u0259nilir - MEYDAN.TV","isPartOf":{"@id":"https:\/\/www.meydan.tv\/az\/#website"},"primaryImageOfPage":{"@id":"https:\/\/www.meydan.tv\/az\/article\/abs-da-bayramovla-mirzoyanin-gorusu-gozlenilir\/#primaryimage"},"image":{"@id":"https:\/\/www.meydan.tv\/az\/article\/abs-da-bayramovla-mirzoyanin-gorusu-gozlenilir\/#primaryimage"},"thumbnailUrl":"https:\/\/www.meydan.tv\/wp-content\/uploads\/6481c7686b1816481c7686b18216862267926481c7686b17f6481c7686b180-e1686230062653.jpg","datePublished":"2024-09-25T11:00:52+00:00","dateModified":"2024-09-25T11:06:28+00:00","description":"Onlar\u0131n s\u00f6zl\u0259rin\u0259 g\u00f6r\u0259, AB\u015e D\u00f6vl\u0259t katibi Entoni Blinkenin h\u0259r iki d\u00f6vl\u0259tin xarici i\u015fl\u0259r nazirl\u0259ri il\u0259 s\u00fclh dan\u0131\u015f\u0131qlar\u0131n\u0131n \u201cson m\u0259rh\u0259l\u0259si\u201d \u00e7atd\u0131rmaq \u00fc\u00e7\u00fcn g\u00f6r\u00fc\u015f\u00fc g\u00f6zl\u0259nilir.","breadcrumb":{"@id":"https:\/\/www.meydan.tv\/az\/article\/abs-da-bayramovla-mirzoyanin-gorusu-gozlenilir\/#breadcrumb"},"inLanguage":"az","potentialAction":[{"@type":"ReadAction","target":["https:\/\/www.meydan.tv\/az\/article\/abs-da-bayramovla-mirzoyanin-gorusu-gozlenilir\/"]}]},{"@type":"ImageObject","inLanguage":"az","@id":"https:\/\/www.meydan.tv\/az\/article\/abs-da-bayramovla-mirzoyanin-gorusu-gozlenilir\/#primaryimage","url":"https:\/\/www.meydan.tv\/wp-content\/uploads\/6481c7686b1816481c7686b18216862267926481c7686b17f6481c7686b180-e1686230062653.jpg","contentUrl":"https:\/\/www.meydan.tv\/wp-content\/uploads\/6481c7686b1816481c7686b18216862267926481c7686b17f6481c7686b180-e1686230062653.jpg","width":1200,"height":618,"caption":"A,Mirzoyan, E.Blinken v\u0259 C.Bayramov. Foto: AB\u015e DD"},{"@type":"BreadcrumbList","@id":"https:\/\/www.meydan.tv\/az\/article\/abs-da-bayramovla-mirzoyanin-gorusu-gozlenilir\/#breadcrumb","itemListElement":[{"@type":"ListItem","position":1,"name":"Ana s\u0259hif\u0259","item":"https:\/\/www.meydan.tv\/az\/"},{"@type":"ListItem","position":2,"name":"Siyas\u0259t","item":"https:\/\/www.meydan.tv\/az\/section\/siyaset\/"},{"@type":"ListItem","position":3,"name":"AB\u015e-da Bayramovla Mirzoyan\u0131n g\u00f6r\u00fc\u015f\u00fc g\u00f6zl\u0259nilir"}]},{"@type":"WebSite","@id":"https:\/\/www.meydan.tv\/az\/#website","url":"https:\/\/www.meydan.tv\/az\/","name":"MEYDAN.TV","description":"Meydan TV Az\u0259rbaycan\u0131n media m\u0259kan\u0131ndak\u0131 alternativ s\u0259sidir","publisher":{"@id":"https:\/\/www.meydan.tv\/az\/#organization"},"potentialAction":[{"@type":"SearchAction","target":{"@type":"EntryPoint","urlTemplate":"https:\/\/www.meydan.tv\/az\/?s={search_term_string}"},"query-input":{"@type":"PropertyValueSpecification","valueRequired":true,"valueName":"search_term_string"}}],"inLanguage":"az"},{"@type":"Organization","@id":"https:\/\/www.meydan.tv\/az\/#organization","name":"Meydan TV","url":"https:\/\/www.meydan.tv\/az\/","logo":{"@type":"ImageObject","inLanguage":"az","@id":"https:\/\/www.meydan.tv\/az\/#\/schema\/logo\/image\/","url":"https:\/\/www.meydan.tv\/wp-content\/uploads\/2021\/07\/meydan-logo.svg","contentUrl":"https:\/\/www.meydan.tv\/wp-content\/uploads\/2021\/07\/meydan-logo.svg","width":195,"height":46,"caption":"Meydan TV"},"image":{"@id":"https:\/\/www.meydan.tv\/az\/#\/schema\/logo\/image\/"}},{"@type":"Person","@id":"https:\/\/www.meydan.tv\/az\/#\/schema\/person\/9cdbecf90d17180ce1dfbd95b08dcf47","name":"elli","sameAs":["https:\/\/x.com\/elli"]}]}},"_links":{"self":[{"href":"https:\/\/www.meydan.tv\/az\/wp-json\/wp\/v2\/posts\/316398","targetHints":{"allow":["GET"]}}],"collection":[{"href":"https:\/\/www.meydan.tv\/az\/wp-json\/wp\/v2\/posts"}],"about":[{"href":"https:\/\/www.meydan.tv\/az\/wp-json\/wp\/v2\/types\/post"}],"author":[{"embeddable":true,"href":"https:\/\/www.meydan.tv\/az\/wp-json\/wp\/v2\/users\/8"}],"replies":[{"embeddable":true,"href":"https:\/\/www.meydan.tv\/az\/wp-json\/wp\/v2\/comments?post=316398"}],"version-history":[{"count":4,"href":"https:\/\/www.meydan.tv\/az\/wp-json\/wp\/v2\/posts\/316398\/revisions"}],"predecessor-version":[{"id":316404,"href":"https:\/\/www.meydan.tv\/az\/wp-json\/wp\/v2\/posts\/316398\/revisions\/316404"}],"wp:featuredmedia":[{"embeddable":true,"href":"https:\/\/www.meydan.tv\/az\/wp-json\/wp\/v2\/media\/277146"}],"wp:attachment":[{"href":"https:\/\/www.meydan.tv\/az\/wp-json\/wp\/v2\/media?parent=316398"}],"wp:term":[{"taxonomy":"category","embeddable":true,"href":"https:\/\/www.meydan.tv\/az\/wp-json\/wp\/v2\/categories?post=316398"},{"taxonomy":"post_tag","embeddable":true,"href":"https:\/\/www.meydan.tv\/az\/wp-json\/wp\/v2\/tags?post=316398"}],"curies":[{"name":"wp","href":"https:\/\/api.w.org\/{rel}","templated":true}]}}