{"id":316327,"date":"2024-09-24T16:11:11","date_gmt":"2024-09-24T12:11:11","guid":{"rendered":"https:\/\/www.meydan.tv\/?p=316327"},"modified":"2024-09-24T17:20:50","modified_gmt":"2024-09-24T13:20:50","slug":"heyat-yoldasi-hekim-ruslan-izzetlini-muayine-etmekden-imtina-edib","status":"publish","type":"post","link":"https:\/\/www.meydan.tv\/az\/article\/heyat-yoldasi-hekim-ruslan-izzetlini-muayine-etmekden-imtina-edib\/","title":{"rendered":"H\u0259yat yolda\u015f\u0131: &#8220;H\u0259kim Ruslan \u0130zz\u0259tlini m\u00fcayin\u0259 etm\u0259kd\u0259n imtina edib&#8221;"},"content":{"rendered":"\n<p class=\"wp-block-paragraph\"><\/p>\n\n\n\n<p class=\"wp-block-paragraph\"><strong><em>\u018fdliyy\u0259 Nazirliyinin Tibb Ba\u015f \u0130dar\u0259si \u015fikay\u0259tin ara\u015fd\u0131r\u0131ld\u0131\u011f\u0131n\u0131 bildirib<\/em><\/strong><\/p>\n\n\n\n<p class=\"wp-block-paragraph\">Ruslan \u0130zz\u0259tlinin s\u0259hh\u0259ti pisl\u0259\u015fib, t\u0259cili m\u00fcayin\u0259y\u0259 ehtiyac\u0131 yaran\u0131b, amma t\u0259cridxanan\u0131n R\u0259\u015fad adl\u0131 ba\u015f h\u0259kimi onu m\u00fcayin\u0259 etm\u0259kd\u0259n imtina edib.<\/p>\n\n\n\n<p class=\"wp-block-paragraph\">Bu bar\u0259d\u0259 h\u0259yat yolda\u015f\u0131, jurnalist G\u00fcnel Manafl\u0131 m\u0259lumat yay\u0131b.<\/p>\n\n\n\n<p class=\"wp-block-paragraph\">O bildirib ki, Ruslan \u0130zz\u0259tlinin \u00f6d\u00fcnd\u0259 problem olub, h\u0259bsd\u0259n \u00f6nc\u0259 \u0259m\u0259liyyat olunmal\u0131 imi\u015f, indi d\u0259 v\u0259ziyy\u0259ti pisl\u0259\u015fib: &#8220;<em>Ruslan \u0130zz\u0259tlinin \u00f6d\u00fcn\u00fcn x\u0259st\u0259 oldu\u011funu (\u0259m\u0259liyyata ehtiyac var) bildirmi\u015fdim. T\u0259cridxanada a\u011fr\u0131lar\u0131 olub. M\u00fcayin\u0259 olunmaq \u00fc\u00e7\u00fcn t\u0259cridxanan\u0131n ba\u015f h\u0259kimi R\u0259\u015fad adl\u0131 h\u0259kim\u0259 m\u00fcraci\u0259t edib. O is\u0259 q\u0259bul etm\u0259yib. Gec\u0259l\u0259r t\u0259zyiqi h\u0259ddind\u0259n art\u0131q y\u00fcks\u0259k olur. Tibb personal\u0131ndan t\u0259zyiqini \u00f6l\u00e7m\u0259sini ist\u0259yib. Onlar is\u0259 cavab\u0131nda: &#8220;Biz t\u0259zyiqi ancaq \u00f6l\u0259nd\u0259 g\u0259lib \u00f6l\u00e7\u00fcr\u00fck&#8221;, &#8211; deyibl\u0259r. \u00c7ox g\u00fcman ki, bu g\u00f6st\u0259ri\u015fi d\u0259 el\u0259 R\u0259\u015fad adl\u0131 ba\u015f h\u0259kim verib&#8221;.<\/em><\/p>\n\n\n\n<p class=\"wp-block-paragraph\">G\u00fcnel Manafl\u0131 deyib ki, \u00f6dd\u0259ki f\u0259sad Ruslan \u0130zz\u0259tli \u00fc\u00e7\u00fcn h\u0259yati t\u0259hl\u00fck\u0259 yarad\u0131b.<\/p>\n\n\n\n<p class=\"wp-block-paragraph\">&#8220;<em>Ba\u015fa d\u00fc\u015f\u0259 bilmir\u0259m, ba\u015f h\u0259kimin i\u015fi x\u0259st\u0259 olan bir siyasi m\u0259hbusu m\u00fcayin\u0259 etm\u0259kdir, yoxsa kreslosunda oturub bo\u015f-bo\u015f i\u015fl\u0259rl\u0259 m\u0259\u015f\u011ful olmaq? Bu \u015f\u0259xs kimdir ki, v\u0259zif\u0259sini icra etmir, a\u011fr\u0131s\u0131 olan, \u00f6d\u00fc h\u0259r an &#8220;pristup&#8221; ver\u0259 bil\u0259c\u0259k, h\u0259yati t\u0259hl\u00fck\u0259si olan bir adama: &#8220;Q\u0259bul etmir\u0259m, m\u00fcayin\u0259 d\u0259 etmir\u0259m&#8221;, &#8211; deyir. Ona bu ixtiyar\u0131 kim verib? Ruslan \u0130zz\u0259tli \u0130kinci Qaraba\u011f m\u00fcharib\u0259si veteran\u0131d\u0131r. Onun g\u00f6z\u00fc \u00f6n\u00fcnd\u0259 \u0259sg\u0259r yolda\u015flar\u0131 h\u0259lak olub. El\u0259 vaxt da olub ki, o bir yerd\u0259 oturub \u00e7\u00f6r\u0259k yediyi \u0259sg\u0259r yolda\u015f\u0131n\u0131n hiss\u0259l\u0259r\u0259 b\u00f6l\u00fcnm\u00fc\u015f c\u0259s\u0259dini toplay\u0131b tabuta qoyub. Bunlar\u0131 g\u00f6rm\u00fc\u015f adam\u0131n psixoloji v\u0259ziyy\u0259tini t\u0259s\u0259vv\u00fcr etm\u0259k, y\u0259qin ki, \u00e7\u0259tin deyil. O evd\u0259 olark\u0259n sakitl\u0259\u015fdirici d\u0259rmanlar q\u0259bul edirdi&#8221;, &#8211;<\/em> G\u00fcnel Manafl\u0131 qeyd edib<\/p>\n\n\n\n<p class=\"wp-block-paragraph\">Onun s\u00f6zl\u0259rin\u0259 g\u00f6r\u0259, Ruslan \u0130zz\u0259tlinin t\u0259l\u0259bi Ombudsman\u0131n, h\u0259m\u00e7inin \u018fdliyy\u0259 Nazirliyi Ba\u015f Tibb \u0130dar\u0259sind\u0259n g\u0259lib onunla g\u00f6r\u00fc\u015fm\u0259l\u0259ri, onu m\u00fcayin\u0259 etm\u0259l\u0259ridir.<\/p>\n\n\n\n<p class=\"wp-block-paragraph\">Jurnalist m\u0259s\u0259l\u0259 il\u0259 ba\u011fl\u0131 Ombudsman Aparat\u0131 il\u0259 \u0259laq\u0259 saxlad\u0131\u011f\u0131n\u0131 v\u0259 onlara durumla ba\u011fl\u0131 m\u0259lumat verdiyini d\u0259 deyib.<\/p>\n\n\n\n<p class=\"wp-block-paragraph\">Penitensiar Xidm\u0259t m\u0259s\u0259l\u0259y\u0259 \u015f\u0259rh verm\u0259k ist\u0259m\u0259yib.<\/p>\n\n\n\n<p class=\"wp-block-paragraph\">Qurumdan bildiribl\u0259r ki, bu m\u0259s\u0259l\u0259 il\u0259 ba\u011fl\u0131 \u018fdliyy\u0259 Nazirliyinin Tibb Ba\u015f \u0130dar\u0259si il\u0259 \u0259laq\u0259 saxlan\u0131lmal\u0131d\u0131r.<\/p>\n\n\n\n<p class=\"wp-block-paragraph\">Tibb Ba\u015f \u0130dar\u0259sinin h\u0259kimi \u0130ftixar Qurbanov is\u0259 Meydan TV-y\u0259 deyib ki, G\u00fcnel Manafl\u0131n\u0131n yazd\u0131qlar\u0131 ara\u015fd\u0131r\u0131l\u0131r, n\u0259tic\u0259si ictimaiyy\u0259t\u0259 a\u00e7\u0131qlanacaq.<\/p>\n","protected":false},"excerpt":{"rendered":"<p>\u018fdliyy\u0259 Nazirliyinin Tibb Ba\u015f \u0130dar\u0259si \u015fikay\u0259tin ara\u015fd\u0131r\u0131ld\u0131\u011f\u0131n\u0131 bildirib Ruslan \u0130zz\u0259tlinin &#8230; <\/p>\n<p class=\"read-more-container\"><a title=\"H\u0259yat yolda\u015f\u0131: &#8220;H\u0259kim Ruslan \u0130zz\u0259tlini m\u00fcayin\u0259 etm\u0259kd\u0259n imtina edib&#8221;\" class=\"read-more button\" href=\"https:\/\/www.meydan.tv\/az\/article\/heyat-yoldasi-hekim-ruslan-izzetlini-muayine-etmekden-imtina-edib\/#more-316327\" aria-label=\"Read more about H\u0259yat yolda\u015f\u0131: &#8220;H\u0259kim Ruslan \u0130zz\u0259tlini m\u00fcayin\u0259 etm\u0259kd\u0259n imtina edib&#8221;\">Davam\u0131<\/a><\/p>\n","protected":false},"author":8,"featured_media":300992,"comment_status":"closed","ping_status":"closed","sticky":false,"template":"","format":"standard","meta":{"_acf_changed":false,"_sitemap_exclude":false,"_sitemap_priority":"","_sitemap_frequency":"","footnotes":""},"categories":[59,79,56],"tags":[],"class_list":["post-316327","post","type-post","status-publish","format-standard","has-post-thumbnail","hentry","category-siyaset","category-featured","category-xeberler","infinite-scroll-item","generate-columns","tablet-grid-50","mobile-grid-100","grid-parent","grid-33","no-featured-image-padding"],"acf":[],"yoast_head":"<!-- This site is optimized with the Yoast SEO plugin v28.4 - https:\/\/yoast.com\/product\/yoast-seo-wordpress\/ -->\n<title>H\u0259yat yolda\u015f\u0131: &quot;H\u0259kim Ruslan \u0130zz\u0259tlini m\u00fcayin\u0259 etm\u0259kd\u0259n imtina edib&quot; - MEYDAN.TV<\/title>\n<meta name=\"robots\" content=\"index, follow, max-snippet:-1, max-image-preview:large, max-video-preview:-1\" \/>\n<link rel=\"canonical\" href=\"https:\/\/www.meydan.tv\/az\/article\/heyat-yoldasi-hekim-ruslan-izzetlini-muayine-etmekden-imtina-edib\/\" \/>\n<meta property=\"og:locale\" content=\"az_AZ\" \/>\n<meta property=\"og:type\" content=\"article\" \/>\n<meta property=\"og:title\" content=\"H\u0259yat yolda\u015f\u0131: &quot;H\u0259kim Ruslan \u0130zz\u0259tlini m\u00fcayin\u0259 etm\u0259kd\u0259n imtina edib&quot; - MEYDAN.TV\" \/>\n<meta property=\"og:description\" content=\"\u018fdliyy\u0259 Nazirliyinin Tibb Ba\u015f \u0130dar\u0259si \u015fikay\u0259tin ara\u015fd\u0131r\u0131ld\u0131\u011f\u0131n\u0131 bildirib Ruslan \u0130zz\u0259tlinin ... Davam\u0131\" \/>\n<meta property=\"og:url\" content=\"https:\/\/www.meydan.tv\/az\/article\/heyat-yoldasi-hekim-ruslan-izzetlini-muayine-etmekden-imtina-edib\/\" \/>\n<meta property=\"og:site_name\" content=\"MEYDAN.TV\" \/>\n<meta property=\"article:published_time\" content=\"2024-09-24T12:11:11+00:00\" \/>\n<meta property=\"article:modified_time\" content=\"2024-09-24T13:20:50+00:00\" \/>\n<meta property=\"og:image\" content=\"https:\/\/www.meydan.tv\/wp-content\/uploads\/img_1018_720-1-e1727179415873.jpg\" \/>\n\t<meta property=\"og:image:width\" content=\"1200\" \/>\n\t<meta property=\"og:image:height\" content=\"500\" \/>\n\t<meta property=\"og:image:type\" content=\"image\/jpeg\" \/>\n<meta name=\"twitter:card\" content=\"summary_large_image\" \/>\n<meta name=\"twitter:creator\" content=\"@elli\" \/>\n<!-- \/ Yoast SEO plugin. -->","yoast_head_json":{"title":"H\u0259yat yolda\u015f\u0131: \"H\u0259kim Ruslan \u0130zz\u0259tlini m\u00fcayin\u0259 etm\u0259kd\u0259n imtina edib\" - MEYDAN.TV","robots":{"index":"index","follow":"follow","max-snippet":"max-snippet:-1","max-image-preview":"max-image-preview:large","max-video-preview":"max-video-preview:-1"},"canonical":"https:\/\/www.meydan.tv\/az\/article\/heyat-yoldasi-hekim-ruslan-izzetlini-muayine-etmekden-imtina-edib\/","og_locale":"az_AZ","og_type":"article","og_title":"H\u0259yat yolda\u015f\u0131: \"H\u0259kim Ruslan \u0130zz\u0259tlini m\u00fcayin\u0259 etm\u0259kd\u0259n imtina edib\" - MEYDAN.TV","og_description":"\u018fdliyy\u0259 Nazirliyinin Tibb Ba\u015f \u0130dar\u0259si \u015fikay\u0259tin ara\u015fd\u0131r\u0131ld\u0131\u011f\u0131n\u0131 bildirib Ruslan \u0130zz\u0259tlinin ... Davam\u0131","og_url":"https:\/\/www.meydan.tv\/az\/article\/heyat-yoldasi-hekim-ruslan-izzetlini-muayine-etmekden-imtina-edib\/","og_site_name":"MEYDAN.TV","article_published_time":"2024-09-24T12:11:11+00:00","article_modified_time":"2024-09-24T13:20:50+00:00","og_image":[{"width":1200,"height":500,"url":"https:\/\/www.meydan.tv\/wp-content\/uploads\/img_1018_720-1-e1727179415873.jpg","type":"image\/jpeg"}],"twitter_card":"summary_large_image","twitter_creator":"@elli","schema":{"@context":"https:\/\/schema.org","@graph":[{"@type":"Article","@id":"https:\/\/www.meydan.tv\/az\/article\/heyat-yoldasi-hekim-ruslan-izzetlini-muayine-etmekden-imtina-edib\/#article","isPartOf":{"@id":"https:\/\/www.meydan.tv\/az\/article\/heyat-yoldasi-hekim-ruslan-izzetlini-muayine-etmekden-imtina-edib\/"},"author":{"name":"elli","@id":"https:\/\/www.meydan.tv\/az\/#\/schema\/person\/9cdbecf90d17180ce1dfbd95b08dcf47"},"headline":"H\u0259yat yolda\u015f\u0131: &#8220;H\u0259kim Ruslan \u0130zz\u0259tlini m\u00fcayin\u0259 etm\u0259kd\u0259n imtina edib&#8221;","datePublished":"2024-09-24T12:11:11+00:00","dateModified":"2024-09-24T13:20:50+00:00","mainEntityOfPage":{"@id":"https:\/\/www.meydan.tv\/az\/article\/heyat-yoldasi-hekim-ruslan-izzetlini-muayine-etmekden-imtina-edib\/"},"wordCount":527,"publisher":{"@id":"https:\/\/www.meydan.tv\/az\/#organization"},"image":{"@id":"https:\/\/www.meydan.tv\/az\/article\/heyat-yoldasi-hekim-ruslan-izzetlini-muayine-etmekden-imtina-edib\/#primaryimage"},"thumbnailUrl":"https:\/\/www.meydan.tv\/wp-content\/uploads\/img_1018_720-1-e1727179415873.jpg","articleSection":["Siyas\u0259t","T\u00f6vsiy\u0259","X\u0259b\u0259rl\u0259r"],"inLanguage":"az"},{"@type":"WebPage","@id":"https:\/\/www.meydan.tv\/az\/article\/heyat-yoldasi-hekim-ruslan-izzetlini-muayine-etmekden-imtina-edib\/","url":"https:\/\/www.meydan.tv\/az\/article\/heyat-yoldasi-hekim-ruslan-izzetlini-muayine-etmekden-imtina-edib\/","name":"H\u0259yat yolda\u015f\u0131: \"H\u0259kim Ruslan \u0130zz\u0259tlini m\u00fcayin\u0259 etm\u0259kd\u0259n imtina edib\" - MEYDAN.TV","isPartOf":{"@id":"https:\/\/www.meydan.tv\/az\/#website"},"primaryImageOfPage":{"@id":"https:\/\/www.meydan.tv\/az\/article\/heyat-yoldasi-hekim-ruslan-izzetlini-muayine-etmekden-imtina-edib\/#primaryimage"},"image":{"@id":"https:\/\/www.meydan.tv\/az\/article\/heyat-yoldasi-hekim-ruslan-izzetlini-muayine-etmekden-imtina-edib\/#primaryimage"},"thumbnailUrl":"https:\/\/www.meydan.tv\/wp-content\/uploads\/img_1018_720-1-e1727179415873.jpg","datePublished":"2024-09-24T12:11:11+00:00","dateModified":"2024-09-24T13:20:50+00:00","breadcrumb":{"@id":"https:\/\/www.meydan.tv\/az\/article\/heyat-yoldasi-hekim-ruslan-izzetlini-muayine-etmekden-imtina-edib\/#breadcrumb"},"inLanguage":"az","potentialAction":[{"@type":"ReadAction","target":["https:\/\/www.meydan.tv\/az\/article\/heyat-yoldasi-hekim-ruslan-izzetlini-muayine-etmekden-imtina-edib\/"]}]},{"@type":"ImageObject","inLanguage":"az","@id":"https:\/\/www.meydan.tv\/az\/article\/heyat-yoldasi-hekim-ruslan-izzetlini-muayine-etmekden-imtina-edib\/#primaryimage","url":"https:\/\/www.meydan.tv\/wp-content\/uploads\/img_1018_720-1-e1727179415873.jpg","contentUrl":"https:\/\/www.meydan.tv\/wp-content\/uploads\/img_1018_720-1-e1727179415873.jpg","width":1200,"height":500,"caption":"Ruslan \u0130zz\u0259tli. \u0130ll\u00fcstrasiya: Meydan TV"},{"@type":"BreadcrumbList","@id":"https:\/\/www.meydan.tv\/az\/article\/heyat-yoldasi-hekim-ruslan-izzetlini-muayine-etmekden-imtina-edib\/#breadcrumb","itemListElement":[{"@type":"ListItem","position":1,"name":"Ana s\u0259hif\u0259","item":"https:\/\/www.meydan.tv\/az\/"},{"@type":"ListItem","position":2,"name":"Siyas\u0259t","item":"https:\/\/www.meydan.tv\/az\/section\/siyaset\/"},{"@type":"ListItem","position":3,"name":"H\u0259yat yolda\u015f\u0131: &#8220;H\u0259kim Ruslan \u0130zz\u0259tlini m\u00fcayin\u0259 etm\u0259kd\u0259n imtina edib&#8221;"}]},{"@type":"WebSite","@id":"https:\/\/www.meydan.tv\/az\/#website","url":"https:\/\/www.meydan.tv\/az\/","name":"MEYDAN.TV","description":"Meydan TV Az\u0259rbaycan\u0131n media m\u0259kan\u0131ndak\u0131 alternativ s\u0259sidir","publisher":{"@id":"https:\/\/www.meydan.tv\/az\/#organization"},"potentialAction":[{"@type":"SearchAction","target":{"@type":"EntryPoint","urlTemplate":"https:\/\/www.meydan.tv\/az\/?s={search_term_string}"},"query-input":{"@type":"PropertyValueSpecification","valueRequired":true,"valueName":"search_term_string"}}],"inLanguage":"az"},{"@type":"Organization","@id":"https:\/\/www.meydan.tv\/az\/#organization","name":"Meydan TV","url":"https:\/\/www.meydan.tv\/az\/","logo":{"@type":"ImageObject","inLanguage":"az","@id":"https:\/\/www.meydan.tv\/az\/#\/schema\/logo\/image\/","url":"https:\/\/www.meydan.tv\/wp-content\/uploads\/2021\/07\/meydan-logo.svg","contentUrl":"https:\/\/www.meydan.tv\/wp-content\/uploads\/2021\/07\/meydan-logo.svg","width":195,"height":46,"caption":"Meydan TV"},"image":{"@id":"https:\/\/www.meydan.tv\/az\/#\/schema\/logo\/image\/"}},{"@type":"Person","@id":"https:\/\/www.meydan.tv\/az\/#\/schema\/person\/9cdbecf90d17180ce1dfbd95b08dcf47","name":"elli","sameAs":["https:\/\/x.com\/elli"]}]}},"_links":{"self":[{"href":"https:\/\/www.meydan.tv\/az\/wp-json\/wp\/v2\/posts\/316327","targetHints":{"allow":["GET"]}}],"collection":[{"href":"https:\/\/www.meydan.tv\/az\/wp-json\/wp\/v2\/posts"}],"about":[{"href":"https:\/\/www.meydan.tv\/az\/wp-json\/wp\/v2\/types\/post"}],"author":[{"embeddable":true,"href":"https:\/\/www.meydan.tv\/az\/wp-json\/wp\/v2\/users\/8"}],"replies":[{"embeddable":true,"href":"https:\/\/www.meydan.tv\/az\/wp-json\/wp\/v2\/comments?post=316327"}],"version-history":[{"count":3,"href":"https:\/\/www.meydan.tv\/az\/wp-json\/wp\/v2\/posts\/316327\/revisions"}],"predecessor-version":[{"id":316330,"href":"https:\/\/www.meydan.tv\/az\/wp-json\/wp\/v2\/posts\/316327\/revisions\/316330"}],"wp:featuredmedia":[{"embeddable":true,"href":"https:\/\/www.meydan.tv\/az\/wp-json\/wp\/v2\/media\/300992"}],"wp:attachment":[{"href":"https:\/\/www.meydan.tv\/az\/wp-json\/wp\/v2\/media?parent=316327"}],"wp:term":[{"taxonomy":"category","embeddable":true,"href":"https:\/\/www.meydan.tv\/az\/wp-json\/wp\/v2\/categories?post=316327"},{"taxonomy":"post_tag","embeddable":true,"href":"https:\/\/www.meydan.tv\/az\/wp-json\/wp\/v2\/tags?post=316327"}],"curies":[{"name":"wp","href":"https:\/\/api.w.org\/{rel}","templated":true}]}}