{"id":316317,"date":"2024-09-24T15:16:20","date_gmt":"2024-09-24T11:16:20","guid":{"rendered":"https:\/\/www.meydan.tv\/?p=316317"},"modified":"2024-09-24T15:16:24","modified_gmt":"2024-09-24T11:16:24","slug":"azerbaycanda-avropa-mehkemesinin-qerarlarinin-icra-durumu","status":"publish","type":"post","link":"https:\/\/www.meydan.tv\/az\/article\/azerbaycanda-avropa-mehkemesinin-qerarlarinin-icra-durumu\/","title":{"rendered":"Az\u0259rbaycanda Avropa M\u0259hk\u0259m\u0259sinin q\u0259rarlar\u0131n\u0131n icra durumu"},"content":{"rendered":"\n<p><\/p>\n\n\n\n<p><strong><em>H\u00fcquq\u015f\u00fcnas v\u0259ziyy\u0259tin yax\u015f\u0131la\u015fd\u0131\u011f\u0131n\u0131 deyir<\/em><\/strong><\/p>\n\n\n\n<p>2024-c\u00fc ilin \u0259vv\u0259lin\u0259 olan g\u00f6st\u0259ricil\u0259rl\u0259 m\u00fcqayis\u0259d\u0259 Az\u0259rbaycan\u0131n Avropa \u0130nsan H\u00fcquqlar\u0131&nbsp; M\u0259hk\u0259m\u0259sinin (A\u0130HM) q\u0259rarlar\u0131n\u0131 icra etm\u0259si il\u0259 ba\u011fl\u0131 durumu yax\u015f\u0131la\u015fd\u0131rd\u0131\u011f\u0131 bildirilir.<\/p>\n\n\n\n<p>Bunu h\u00fcquq\u015f\u00fcnas Xalid A\u011faliyev deyir.<\/p>\n\n\n\n<p>O, fikirl\u0259rini \u0259sasland\u0131rmaq \u00fc\u00e7\u00fcn Avropa \u015euras\u0131n\u0131n (A\u015e) r\u0259q\u0259ml\u0259rind\u0259n misal g\u0259tirib:<\/p>\n\n\n\n<p>&#8220;<em>2024-c\u00fc ilin \u0259vv\u0259lin\u0259 olan g\u00f6st\u0259ricil\u0259r\u0259 g\u00f6r\u0259, indiy\u0259 q\u0259d\u0259r icra proseduruna Az\u0259rbaycanla ba\u011fl\u0131 469 q\u0259rar daxil olmu\u015fdu. H\u0259min q\u0259rarlar\u0131n 148-nin icras\u0131na n\u0259zar\u0259t qapad\u0131lm\u0131\u015fd\u0131. Y\u0259ni b\u00fct\u00fcn q\u0259rarlar\u0131n 25 faizi icra edilib, q\u0259rarlar\u0131n yerd\u0259 qalan 75 faizi is\u0259 icra edilm\u0259sini g\u00f6zl\u0259yirdi. Bu g\u00f6st\u0259rici, A\u015e m\u0259kan\u0131na daxil olan \u00f6lk\u0259l\u0259r aras\u0131nda \u0259n a\u015fa\u011f\u0131 g\u00f6st\u0259rici idi. Sentyabr ay\u0131n\u0131n ortalar\u0131na olan g\u00f6st\u0259ricil\u0259r\u0259 g\u00f6r\u0259, indiy\u0259d\u0259k icra proseduruna Az\u0259rbaycanla ba\u011fl\u0131 497 q\u0259rar daxil olub. H\u0259min q\u0259rarlar\u0131n indiy\u0259 kimi 177-si icra edilib \u2013 q\u0259rarlar\u0131n icras\u0131na n\u0259zar\u0259t qapad\u0131l\u0131b<\/em>&#8220;.<\/p>\n\n\n\n<p>Xalid A\u011faliyevin dediyin\u0259 g\u00f6r\u0259, haz\u0131rda A\u0130HM-in Az\u0259rbaycanla ba\u011fl\u0131 320 q\u0259rar\u0131 icra edilm\u0259mi\u015f qal\u0131r:<\/p>\n\n\n\n<p>&#8220;<em>Y\u0259ni indiy\u0259d\u0259k elan edilmi\u015f q\u0259rarlar\u0131n 36 faiz icra edilib, 64 faizi is\u0259 icra edilm\u0259sini g\u00f6zl\u0259yir&#8221;.<\/em><\/p>\n\n\n<div class=\"wp-block-image\">\n<figure class=\"alignleft size-full is-resized\"><img decoding=\"async\" width=\"1200\" height=\"675\" data-src=\"https:\/\/www.meydan.tv\/wp-content\/uploads\/307380042_799833597984981_774091948662399479_n.png\" alt=\"\" class=\"wp-image-259024 lazyload\" style=\"--smush-placeholder-width: 1200px; --smush-placeholder-aspect-ratio: 1200\/675;width:395px;height:auto\" src=\"data:image\/svg+xml;base64,PHN2ZyB3aWR0aD0iMSIgaGVpZ2h0PSIxIiB4bWxucz0iaHR0cDovL3d3dy53My5vcmcvMjAwMC9zdmciPjwvc3ZnPg==\" \/><figcaption class=\"wp-element-caption\">Xalid A\u011faliyev. Foto: Meydan TV<\/figcaption><\/figure>\n<\/div>\n\n\n<p>H\u00fcquq\u015f\u00fcnas haz\u0131rda A\u0130HM q\u0259rarlar\u0131n\u0131 \u0259n pis icra ed\u0259n \u00f6lk\u0259nin A\u015e-dan xaric edilmi\u015f Rusiya oldu\u011funu vur\u011fulay\u0131b:<\/p>\n\n\n\n<p><em>&#8220;\u015eimal qon\u015fu A\u0130HM-in q\u0259rarlar\u0131n\u0131n 68 faizini icra etm\u0259yib&#8221;.<\/em><\/p>\n\n\n\n<p>Xalid A\u011faliyev daha sonra qeyd edib ki, Albaniya A\u0130HM q\u0259rarlar\u0131n\u0131n 51, G\u00fcrc\u00fcstan 45, Malta 43, Ukrayna 37, Erm\u0259nistan 34 faizini icra etm\u0259yib:<\/p>\n\n\n\n<p><em>&#8220;A\u0130HM-in T\u00fcrkiy\u0259 il\u0259 ba\u011fl\u0131 q\u0259rarlar\u0131n\u0131n c\u0259mi 10 faizinin icras\u0131 problemlidir&#8221;.<\/em><\/p>\n\n\n\n<p>&#8220;<em>Andorra v\u0259 Lixten\u015fteyn A\u0130HM-in b\u00fct\u00fcn q\u0259rarlar\u0131n\u0131 icra edib. \u0130sve\u00e7, Sloveniya il\u0259 ba\u011fl\u0131 q\u0259rarlar\u0131n 1, Avstriya, \u0130slandiya v\u0259 B\u00f6y\u00fck Britaniya il\u0259 ba\u011fl\u0131 q\u0259rarlar\u0131n is\u0259 2 faizinin icras\u0131 problemlidir&#8221;, <\/em>&#8211; dey\u0259 h\u00fcquq\u015f\u00fcnas fikrini yekunla\u015fd\u0131r\u0131b.<\/p>\n","protected":false},"excerpt":{"rendered":"<p>H\u00fcquq\u015f\u00fcnas v\u0259ziyy\u0259tin yax\u015f\u0131la\u015fd\u0131\u011f\u0131n\u0131 deyir 2024-c\u00fc ilin \u0259vv\u0259lin\u0259 olan g\u00f6st\u0259ricil\u0259rl\u0259 m\u00fcqayis\u0259d\u0259 &#8230; <\/p>\n<p class=\"read-more-container\"><a title=\"Az\u0259rbaycanda Avropa M\u0259hk\u0259m\u0259sinin q\u0259rarlar\u0131n\u0131n icra durumu\" class=\"read-more button\" href=\"https:\/\/www.meydan.tv\/az\/article\/azerbaycanda-avropa-mehkemesinin-qerarlarinin-icra-durumu\/#more-316317\" aria-label=\"Read more about Az\u0259rbaycanda Avropa M\u0259hk\u0259m\u0259sinin q\u0259rarlar\u0131n\u0131n icra durumu\">Davam\u0131<\/a><\/p>\n","protected":false},"author":8,"featured_media":225919,"comment_status":"closed","ping_status":"closed","sticky":false,"template":"","format":"standard","meta":{"_acf_changed":false,"_sitemap_exclude":false,"_sitemap_priority":"","_sitemap_frequency":"","footnotes":""},"categories":[59,56],"tags":[],"class_list":["post-316317","post","type-post","status-publish","format-standard","has-post-thumbnail","hentry","category-siyaset","category-xeberler","infinite-scroll-item","generate-columns","tablet-grid-50","mobile-grid-100","grid-parent","grid-33","no-featured-image-padding"],"acf":[],"yoast_head":"<!-- This site is optimized with the Yoast SEO plugin v27.4 - https:\/\/yoast.com\/product\/yoast-seo-wordpress\/ -->\n<title>Az\u0259rbaycanda Avropa M\u0259hk\u0259m\u0259sinin q\u0259rarlar\u0131n\u0131n icra durumu - MEYDAN.TV<\/title>\n<meta name=\"robots\" content=\"index, follow, max-snippet:-1, max-image-preview:large, max-video-preview:-1\" \/>\n<link rel=\"canonical\" href=\"https:\/\/www.meydan.tv\/az\/article\/azerbaycanda-avropa-mehkemesinin-qerarlarinin-icra-durumu\/\" \/>\n<meta property=\"og:locale\" content=\"az_AZ\" \/>\n<meta property=\"og:type\" content=\"article\" \/>\n<meta property=\"og:title\" content=\"Az\u0259rbaycanda Avropa M\u0259hk\u0259m\u0259sinin q\u0259rarlar\u0131n\u0131n icra durumu - MEYDAN.TV\" \/>\n<meta property=\"og:description\" content=\"H\u00fcquq\u015f\u00fcnas v\u0259ziyy\u0259tin yax\u015f\u0131la\u015fd\u0131\u011f\u0131n\u0131 deyir 2024-c\u00fc ilin \u0259vv\u0259lin\u0259 olan g\u00f6st\u0259ricil\u0259rl\u0259 m\u00fcqayis\u0259d\u0259 ... Davam\u0131\" \/>\n<meta property=\"og:url\" content=\"https:\/\/www.meydan.tv\/az\/article\/azerbaycanda-avropa-mehkemesinin-qerarlarinin-icra-durumu\/\" \/>\n<meta property=\"og:site_name\" content=\"MEYDAN.TV\" \/>\n<meta property=\"article:published_time\" content=\"2024-09-24T11:16:20+00:00\" \/>\n<meta property=\"article:modified_time\" content=\"2024-09-24T11:16:24+00:00\" \/>\n<meta property=\"og:image\" content=\"https:\/\/www.meydan.tv\/wp-content\/uploads\/untitled-design-12.png\" \/>\n\t<meta property=\"og:image:width\" content=\"1200\" \/>\n\t<meta property=\"og:image:height\" content=\"800\" \/>\n\t<meta property=\"og:image:type\" content=\"image\/png\" \/>\n<meta name=\"author\" content=\"elli\" \/>\n<meta name=\"twitter:card\" content=\"summary_large_image\" \/>\n<meta name=\"twitter:creator\" content=\"@elli\" \/>\n<script type=\"application\/ld+json\" class=\"yoast-schema-graph\">{\"@context\":\"https:\\\/\\\/schema.org\",\"@graph\":[{\"@type\":\"Article\",\"@id\":\"https:\\\/\\\/www.meydan.tv\\\/az\\\/article\\\/azerbaycanda-avropa-mehkemesinin-qerarlarinin-icra-durumu\\\/#article\",\"isPartOf\":{\"@id\":\"https:\\\/\\\/www.meydan.tv\\\/az\\\/article\\\/azerbaycanda-avropa-mehkemesinin-qerarlarinin-icra-durumu\\\/\"},\"author\":{\"name\":\"elli\",\"@id\":\"https:\\\/\\\/www.meydan.tv\\\/az\\\/#\\\/schema\\\/person\\\/9cdbecf90d17180ce1dfbd95b08dcf47\"},\"headline\":\"Az\u0259rbaycanda Avropa M\u0259hk\u0259m\u0259sinin q\u0259rarlar\u0131n\u0131n icra durumu\",\"datePublished\":\"2024-09-24T11:16:20+00:00\",\"dateModified\":\"2024-09-24T11:16:24+00:00\",\"mainEntityOfPage\":{\"@id\":\"https:\\\/\\\/www.meydan.tv\\\/az\\\/article\\\/azerbaycanda-avropa-mehkemesinin-qerarlarinin-icra-durumu\\\/\"},\"wordCount\":404,\"publisher\":{\"@id\":\"https:\\\/\\\/www.meydan.tv\\\/az\\\/#organization\"},\"image\":{\"@id\":\"https:\\\/\\\/www.meydan.tv\\\/az\\\/article\\\/azerbaycanda-avropa-mehkemesinin-qerarlarinin-icra-durumu\\\/#primaryimage\"},\"thumbnailUrl\":\"https:\\\/\\\/www.meydan.tv\\\/wp-content\\\/uploads\\\/untitled-design-12.png\",\"articleSection\":[\"Siyas\u0259t\",\"X\u0259b\u0259rl\u0259r\"],\"inLanguage\":\"az\"},{\"@type\":\"WebPage\",\"@id\":\"https:\\\/\\\/www.meydan.tv\\\/az\\\/article\\\/azerbaycanda-avropa-mehkemesinin-qerarlarinin-icra-durumu\\\/\",\"url\":\"https:\\\/\\\/www.meydan.tv\\\/az\\\/article\\\/azerbaycanda-avropa-mehkemesinin-qerarlarinin-icra-durumu\\\/\",\"name\":\"Az\u0259rbaycanda Avropa M\u0259hk\u0259m\u0259sinin q\u0259rarlar\u0131n\u0131n icra durumu - MEYDAN.TV\",\"isPartOf\":{\"@id\":\"https:\\\/\\\/www.meydan.tv\\\/az\\\/#website\"},\"primaryImageOfPage\":{\"@id\":\"https:\\\/\\\/www.meydan.tv\\\/az\\\/article\\\/azerbaycanda-avropa-mehkemesinin-qerarlarinin-icra-durumu\\\/#primaryimage\"},\"image\":{\"@id\":\"https:\\\/\\\/www.meydan.tv\\\/az\\\/article\\\/azerbaycanda-avropa-mehkemesinin-qerarlarinin-icra-durumu\\\/#primaryimage\"},\"thumbnailUrl\":\"https:\\\/\\\/www.meydan.tv\\\/wp-content\\\/uploads\\\/untitled-design-12.png\",\"datePublished\":\"2024-09-24T11:16:20+00:00\",\"dateModified\":\"2024-09-24T11:16:24+00:00\",\"breadcrumb\":{\"@id\":\"https:\\\/\\\/www.meydan.tv\\\/az\\\/article\\\/azerbaycanda-avropa-mehkemesinin-qerarlarinin-icra-durumu\\\/#breadcrumb\"},\"inLanguage\":\"az\",\"potentialAction\":[{\"@type\":\"ReadAction\",\"target\":[\"https:\\\/\\\/www.meydan.tv\\\/az\\\/article\\\/azerbaycanda-avropa-mehkemesinin-qerarlarinin-icra-durumu\\\/\"]}]},{\"@type\":\"ImageObject\",\"inLanguage\":\"az\",\"@id\":\"https:\\\/\\\/www.meydan.tv\\\/az\\\/article\\\/azerbaycanda-avropa-mehkemesinin-qerarlarinin-icra-durumu\\\/#primaryimage\",\"url\":\"https:\\\/\\\/www.meydan.tv\\\/wp-content\\\/uploads\\\/untitled-design-12.png\",\"contentUrl\":\"https:\\\/\\\/www.meydan.tv\\\/wp-content\\\/uploads\\\/untitled-design-12.png\",\"width\":1200,\"height\":800,\"caption\":\"Avropa M\u0259hk\u0259m\u0259si, Foto: By Maykova Galina\\\/Shutterstock\"},{\"@type\":\"BreadcrumbList\",\"@id\":\"https:\\\/\\\/www.meydan.tv\\\/az\\\/article\\\/azerbaycanda-avropa-mehkemesinin-qerarlarinin-icra-durumu\\\/#breadcrumb\",\"itemListElement\":[{\"@type\":\"ListItem\",\"position\":1,\"name\":\"Ana s\u0259hif\u0259\",\"item\":\"https:\\\/\\\/www.meydan.tv\\\/az\\\/\"},{\"@type\":\"ListItem\",\"position\":2,\"name\":\"Siyas\u0259t\",\"item\":\"https:\\\/\\\/www.meydan.tv\\\/az\\\/section\\\/siyaset\\\/\"},{\"@type\":\"ListItem\",\"position\":3,\"name\":\"Az\u0259rbaycanda Avropa M\u0259hk\u0259m\u0259sinin q\u0259rarlar\u0131n\u0131n icra durumu\"}]},{\"@type\":\"WebSite\",\"@id\":\"https:\\\/\\\/www.meydan.tv\\\/az\\\/#website\",\"url\":\"https:\\\/\\\/www.meydan.tv\\\/az\\\/\",\"name\":\"MEYDAN.TV\",\"description\":\"Meydan TV Az\u0259rbaycan\u0131n media m\u0259kan\u0131ndak\u0131 alternativ s\u0259sidir\",\"publisher\":{\"@id\":\"https:\\\/\\\/www.meydan.tv\\\/az\\\/#organization\"},\"potentialAction\":[{\"@type\":\"SearchAction\",\"target\":{\"@type\":\"EntryPoint\",\"urlTemplate\":\"https:\\\/\\\/www.meydan.tv\\\/az\\\/?s={search_term_string}\"},\"query-input\":{\"@type\":\"PropertyValueSpecification\",\"valueRequired\":true,\"valueName\":\"search_term_string\"}}],\"inLanguage\":\"az\"},{\"@type\":\"Organization\",\"@id\":\"https:\\\/\\\/www.meydan.tv\\\/az\\\/#organization\",\"name\":\"Meydan TV\",\"url\":\"https:\\\/\\\/www.meydan.tv\\\/az\\\/\",\"logo\":{\"@type\":\"ImageObject\",\"inLanguage\":\"az\",\"@id\":\"https:\\\/\\\/www.meydan.tv\\\/az\\\/#\\\/schema\\\/logo\\\/image\\\/\",\"url\":\"https:\\\/\\\/www.meydan.tv\\\/wp-content\\\/uploads\\\/2021\\\/07\\\/meydan-logo.svg\",\"contentUrl\":\"https:\\\/\\\/www.meydan.tv\\\/wp-content\\\/uploads\\\/2021\\\/07\\\/meydan-logo.svg\",\"width\":195,\"height\":46,\"caption\":\"Meydan TV\"},\"image\":{\"@id\":\"https:\\\/\\\/www.meydan.tv\\\/az\\\/#\\\/schema\\\/logo\\\/image\\\/\"}},{\"@type\":\"Person\",\"@id\":\"https:\\\/\\\/www.meydan.tv\\\/az\\\/#\\\/schema\\\/person\\\/9cdbecf90d17180ce1dfbd95b08dcf47\",\"name\":\"elli\",\"sameAs\":[\"https:\\\/\\\/x.com\\\/elli\"]}]}<\/script>\n<!-- \/ Yoast SEO plugin. -->","yoast_head_json":{"title":"Az\u0259rbaycanda Avropa M\u0259hk\u0259m\u0259sinin q\u0259rarlar\u0131n\u0131n icra durumu - MEYDAN.TV","robots":{"index":"index","follow":"follow","max-snippet":"max-snippet:-1","max-image-preview":"max-image-preview:large","max-video-preview":"max-video-preview:-1"},"canonical":"https:\/\/www.meydan.tv\/az\/article\/azerbaycanda-avropa-mehkemesinin-qerarlarinin-icra-durumu\/","og_locale":"az_AZ","og_type":"article","og_title":"Az\u0259rbaycanda Avropa M\u0259hk\u0259m\u0259sinin q\u0259rarlar\u0131n\u0131n icra durumu - MEYDAN.TV","og_description":"H\u00fcquq\u015f\u00fcnas v\u0259ziyy\u0259tin yax\u015f\u0131la\u015fd\u0131\u011f\u0131n\u0131 deyir 2024-c\u00fc ilin \u0259vv\u0259lin\u0259 olan g\u00f6st\u0259ricil\u0259rl\u0259 m\u00fcqayis\u0259d\u0259 ... Davam\u0131","og_url":"https:\/\/www.meydan.tv\/az\/article\/azerbaycanda-avropa-mehkemesinin-qerarlarinin-icra-durumu\/","og_site_name":"MEYDAN.TV","article_published_time":"2024-09-24T11:16:20+00:00","article_modified_time":"2024-09-24T11:16:24+00:00","og_image":[{"url":"https:\/\/www.meydan.tv\/wp-content\/uploads\/untitled-design-12.png","width":1200,"height":800,"type":"image\/png"}],"author":"elli","twitter_card":"summary_large_image","twitter_creator":"@elli","schema":{"@context":"https:\/\/schema.org","@graph":[{"@type":"Article","@id":"https:\/\/www.meydan.tv\/az\/article\/azerbaycanda-avropa-mehkemesinin-qerarlarinin-icra-durumu\/#article","isPartOf":{"@id":"https:\/\/www.meydan.tv\/az\/article\/azerbaycanda-avropa-mehkemesinin-qerarlarinin-icra-durumu\/"},"author":{"name":"elli","@id":"https:\/\/www.meydan.tv\/az\/#\/schema\/person\/9cdbecf90d17180ce1dfbd95b08dcf47"},"headline":"Az\u0259rbaycanda Avropa M\u0259hk\u0259m\u0259sinin q\u0259rarlar\u0131n\u0131n icra durumu","datePublished":"2024-09-24T11:16:20+00:00","dateModified":"2024-09-24T11:16:24+00:00","mainEntityOfPage":{"@id":"https:\/\/www.meydan.tv\/az\/article\/azerbaycanda-avropa-mehkemesinin-qerarlarinin-icra-durumu\/"},"wordCount":404,"publisher":{"@id":"https:\/\/www.meydan.tv\/az\/#organization"},"image":{"@id":"https:\/\/www.meydan.tv\/az\/article\/azerbaycanda-avropa-mehkemesinin-qerarlarinin-icra-durumu\/#primaryimage"},"thumbnailUrl":"https:\/\/www.meydan.tv\/wp-content\/uploads\/untitled-design-12.png","articleSection":["Siyas\u0259t","X\u0259b\u0259rl\u0259r"],"inLanguage":"az"},{"@type":"WebPage","@id":"https:\/\/www.meydan.tv\/az\/article\/azerbaycanda-avropa-mehkemesinin-qerarlarinin-icra-durumu\/","url":"https:\/\/www.meydan.tv\/az\/article\/azerbaycanda-avropa-mehkemesinin-qerarlarinin-icra-durumu\/","name":"Az\u0259rbaycanda Avropa M\u0259hk\u0259m\u0259sinin q\u0259rarlar\u0131n\u0131n icra durumu - MEYDAN.TV","isPartOf":{"@id":"https:\/\/www.meydan.tv\/az\/#website"},"primaryImageOfPage":{"@id":"https:\/\/www.meydan.tv\/az\/article\/azerbaycanda-avropa-mehkemesinin-qerarlarinin-icra-durumu\/#primaryimage"},"image":{"@id":"https:\/\/www.meydan.tv\/az\/article\/azerbaycanda-avropa-mehkemesinin-qerarlarinin-icra-durumu\/#primaryimage"},"thumbnailUrl":"https:\/\/www.meydan.tv\/wp-content\/uploads\/untitled-design-12.png","datePublished":"2024-09-24T11:16:20+00:00","dateModified":"2024-09-24T11:16:24+00:00","breadcrumb":{"@id":"https:\/\/www.meydan.tv\/az\/article\/azerbaycanda-avropa-mehkemesinin-qerarlarinin-icra-durumu\/#breadcrumb"},"inLanguage":"az","potentialAction":[{"@type":"ReadAction","target":["https:\/\/www.meydan.tv\/az\/article\/azerbaycanda-avropa-mehkemesinin-qerarlarinin-icra-durumu\/"]}]},{"@type":"ImageObject","inLanguage":"az","@id":"https:\/\/www.meydan.tv\/az\/article\/azerbaycanda-avropa-mehkemesinin-qerarlarinin-icra-durumu\/#primaryimage","url":"https:\/\/www.meydan.tv\/wp-content\/uploads\/untitled-design-12.png","contentUrl":"https:\/\/www.meydan.tv\/wp-content\/uploads\/untitled-design-12.png","width":1200,"height":800,"caption":"Avropa M\u0259hk\u0259m\u0259si, Foto: By Maykova Galina\/Shutterstock"},{"@type":"BreadcrumbList","@id":"https:\/\/www.meydan.tv\/az\/article\/azerbaycanda-avropa-mehkemesinin-qerarlarinin-icra-durumu\/#breadcrumb","itemListElement":[{"@type":"ListItem","position":1,"name":"Ana s\u0259hif\u0259","item":"https:\/\/www.meydan.tv\/az\/"},{"@type":"ListItem","position":2,"name":"Siyas\u0259t","item":"https:\/\/www.meydan.tv\/az\/section\/siyaset\/"},{"@type":"ListItem","position":3,"name":"Az\u0259rbaycanda Avropa M\u0259hk\u0259m\u0259sinin q\u0259rarlar\u0131n\u0131n icra durumu"}]},{"@type":"WebSite","@id":"https:\/\/www.meydan.tv\/az\/#website","url":"https:\/\/www.meydan.tv\/az\/","name":"MEYDAN.TV","description":"Meydan TV Az\u0259rbaycan\u0131n media m\u0259kan\u0131ndak\u0131 alternativ s\u0259sidir","publisher":{"@id":"https:\/\/www.meydan.tv\/az\/#organization"},"potentialAction":[{"@type":"SearchAction","target":{"@type":"EntryPoint","urlTemplate":"https:\/\/www.meydan.tv\/az\/?s={search_term_string}"},"query-input":{"@type":"PropertyValueSpecification","valueRequired":true,"valueName":"search_term_string"}}],"inLanguage":"az"},{"@type":"Organization","@id":"https:\/\/www.meydan.tv\/az\/#organization","name":"Meydan TV","url":"https:\/\/www.meydan.tv\/az\/","logo":{"@type":"ImageObject","inLanguage":"az","@id":"https:\/\/www.meydan.tv\/az\/#\/schema\/logo\/image\/","url":"https:\/\/www.meydan.tv\/wp-content\/uploads\/2021\/07\/meydan-logo.svg","contentUrl":"https:\/\/www.meydan.tv\/wp-content\/uploads\/2021\/07\/meydan-logo.svg","width":195,"height":46,"caption":"Meydan TV"},"image":{"@id":"https:\/\/www.meydan.tv\/az\/#\/schema\/logo\/image\/"}},{"@type":"Person","@id":"https:\/\/www.meydan.tv\/az\/#\/schema\/person\/9cdbecf90d17180ce1dfbd95b08dcf47","name":"elli","sameAs":["https:\/\/x.com\/elli"]}]}},"_links":{"self":[{"href":"https:\/\/www.meydan.tv\/az\/wp-json\/wp\/v2\/posts\/316317","targetHints":{"allow":["GET"]}}],"collection":[{"href":"https:\/\/www.meydan.tv\/az\/wp-json\/wp\/v2\/posts"}],"about":[{"href":"https:\/\/www.meydan.tv\/az\/wp-json\/wp\/v2\/types\/post"}],"author":[{"embeddable":true,"href":"https:\/\/www.meydan.tv\/az\/wp-json\/wp\/v2\/users\/8"}],"replies":[{"embeddable":true,"href":"https:\/\/www.meydan.tv\/az\/wp-json\/wp\/v2\/comments?post=316317"}],"version-history":[{"count":2,"href":"https:\/\/www.meydan.tv\/az\/wp-json\/wp\/v2\/posts\/316317\/revisions"}],"predecessor-version":[{"id":316320,"href":"https:\/\/www.meydan.tv\/az\/wp-json\/wp\/v2\/posts\/316317\/revisions\/316320"}],"wp:featuredmedia":[{"embeddable":true,"href":"https:\/\/www.meydan.tv\/az\/wp-json\/wp\/v2\/media\/225919"}],"wp:attachment":[{"href":"https:\/\/www.meydan.tv\/az\/wp-json\/wp\/v2\/media?parent=316317"}],"wp:term":[{"taxonomy":"category","embeddable":true,"href":"https:\/\/www.meydan.tv\/az\/wp-json\/wp\/v2\/categories?post=316317"},{"taxonomy":"post_tag","embeddable":true,"href":"https:\/\/www.meydan.tv\/az\/wp-json\/wp\/v2\/tags?post=316317"}],"curies":[{"name":"wp","href":"https:\/\/api.w.org\/{rel}","templated":true}]}}