{"id":316297,"date":"2024-09-24T13:40:50","date_gmt":"2024-09-24T09:40:50","guid":{"rendered":"https:\/\/www.meydan.tv\/?p=316297"},"modified":"2024-09-24T13:40:52","modified_gmt":"2024-09-24T09:40:52","slug":"din-bakida-emeliyyat-kecirib-yaralanan-var","status":"publish","type":"post","link":"https:\/\/www.meydan.tv\/az\/article\/din-bakida-emeliyyat-kecirib-yaralanan-var\/","title":{"rendered":"D\u0130N Bak\u0131da \u0259m\u0259liyyat ke\u00e7irib: yaralanan var"},"content":{"rendered":"\n<p><\/p>\n\n\n\n<p><strong><em>Polis x\u0259sar\u0259t alan \u015f\u0259xsin x\u0259st\u0259xanaya yerl\u0259\u015fdirildiyini deyir<\/em><\/strong><\/p>\n\n\n\n<p>Sentyar\u0131n 24-d\u0259 gec\u0259 saat 3-4 rad\u0259l\u0259rind\u0259 Daxili \u0130\u015fl\u0259r Nazirliyinin (D\u0130N) paytaxtda \u0259m\u0259liyyat ke\u00e7irdiyi bildirilir.<\/p>\n\n\n\n<p>Bu bar\u0259d\u0259 nazirliyin m\u0259tbuat xidm\u0259tinin yayd\u0131\u011f\u0131 m\u0259lumatda qeyd olunur ki, polis \u0259m\u0259kda\u015flar\u0131n\u0131n \u201csaxla\u201d \u0259mrin\u0259 tabe olmay\u0131b qa\u00e7an narkotik vasit\u0259l\u0259rin qanunsuz d\u00f6vriyy\u0259sind\u0259 \u015f\u00fcbh\u0259li olan \u015f\u0259xsl\u0259r saxlan\u0131l\u0131blar:<\/p>\n\n\n\n<p><em>&#8220;Yasamal rayonu, Z.\u018fhm\u0259db\u0259yov k\u00fc\u00e7\u0259sind\u0259 narkotik vasit\u0259l\u0259rin qanunsuz d\u00f6vriyy\u0259sind\u0259 \u015f\u00fcbh\u0259li bilin\u0259n \u015f\u0259xsl\u0259rin oldu\u011fu d\u00f6vl\u0259t qeydiyyat ni\u015fan\u0131 77-XS-413 \u201cToyota Prius\u201d markal\u0131 avtomobil\u0259 polis \u0259m\u0259kda\u015flar\u0131 t\u0259r\u0259find\u0259n \u201csaxla\u201d i\u015far\u0259si verilib. Polisin qanuni t\u0259l\u0259bl\u0259rin\u0259 m\u0259h\u0259l qoymaraq h\u0259r\u0259k\u0259tini davam etdir\u0259n avtomobil N\u0259simi rayonu \u0259razisind\u0259 mane\u0259y\u0259 d\u0259y\u0259r\u0259k dayan\u0131b, n\u0259qliyyat vasit\u0259sind\u0259 olan \u015f\u00fcbh\u0259li \u015f\u0259xsl\u0259r polis \u0259m\u0259kda\u015flar\u0131na m\u00fcqavim\u0259t g\u00f6st\u0259r\u0259r\u0259k qa\u00e7ma\u011fa c\u0259hd edibl\u0259r&#8221;.<\/em><\/p>\n\n\n\n<p><em>&#8220;Polis \u0259m\u0259kda\u015flar\u0131 xidm\u0259ti tabel silah\u0131 il\u0259 x\u0259b\u0259rdarl\u0131q at\u0259\u015fi a\u00e7\u0131lmaqla, \u0259vv\u0259ll\u0259r m\u0259hkum olunmu\u015f \u2013 1991-ci il t\u0259v\u0259ll\u00fcdl\u00fc B\u0259xtiyar \u0130smay\u0131lovu, 1980-ci il t\u0259v\u0259ll\u00fcdl\u00fc \u018fjd\u0259r \u018fjd\u0259rovu saxlay\u0131blar. Aya\u011f\u0131ndan x\u0259sar\u0259t alan \u018f.\u018fjd\u0259rov x\u0259st\u0259xanaya yerl\u0259\u015fdirilib&#8221;, &#8211;<\/em> dey\u0259 D\u0130N \u0259lav\u0259 edib.<\/p>\n\n\n\n<p>\u0130ddia olunur ki, avtoma\u015f\u0131nda sat\u0131\u015f m\u0259qs\u0259dil\u0259 da\u015f\u0131nan m\u00fcxt\u0259lif \u00e7\u0259kil\u0259rd\u0259 qabla\u015fd\u0131r\u0131lan heroin, psixotrop madd\u0259 olan metamfetamin, g\u00fccl\u00fc t\u0259siredici d\u0259rman preparatlar\u0131 a\u015fkarlan\u0131b.<\/p>\n\n\n\n<p>D\u0130N Cinay\u0259t M\u0259c\u0259ll\u0259sinin m\u00fcvafiq madd\u0259l\u0259ri il\u0259 cinay\u0259t i\u015fi ba\u015flan\u0131ld\u0131\u011f\u0131n\u0131 bildirib.<\/p>\n\n\n\n<p>Meydan TV saxlan\u0131lanlar\u0131n yax\u0131nlar\u0131 il\u0259 \u0259laq\u0259 saxlaya bilm\u0259yib.<\/p>\n","protected":false},"excerpt":{"rendered":"<p>Polis x\u0259sar\u0259t alan \u015f\u0259xsin x\u0259st\u0259xanaya yerl\u0259\u015fdirildiyini deyir Sentyar\u0131n 24-d\u0259 gec\u0259 &#8230; <\/p>\n<p class=\"read-more-container\"><a title=\"D\u0130N Bak\u0131da \u0259m\u0259liyyat ke\u00e7irib: yaralanan var\" class=\"read-more button\" href=\"https:\/\/www.meydan.tv\/az\/article\/din-bakida-emeliyyat-kecirib-yaralanan-var\/#more-316297\" aria-label=\"Read more about D\u0130N Bak\u0131da \u0259m\u0259liyyat ke\u00e7irib: yaralanan var\">Davam\u0131<\/a><\/p>\n","protected":false},"author":8,"featured_media":316298,"comment_status":"closed","ping_status":"closed","sticky":false,"template":"","format":"standard","meta":{"_acf_changed":false,"_sitemap_exclude":false,"_sitemap_priority":"","_sitemap_frequency":"","footnotes":""},"categories":[62,56],"tags":[],"class_list":["post-316297","post","type-post","status-publish","format-standard","has-post-thumbnail","hentry","category-sosial","category-xeberler","infinite-scroll-item","generate-columns","tablet-grid-50","mobile-grid-100","grid-parent","grid-33","no-featured-image-padding"],"acf":[],"yoast_head":"<!-- This site is optimized with the Yoast SEO plugin v27.4 - https:\/\/yoast.com\/product\/yoast-seo-wordpress\/ -->\n<title>D\u0130N Bak\u0131da \u0259m\u0259liyyat ke\u00e7irib: yaralanan var - MEYDAN.TV<\/title>\n<meta name=\"description\" content=\"D\u0130N Cinay\u0259t M\u0259c\u0259ll\u0259sinin m\u00fcvafiq madd\u0259l\u0259ri il\u0259 cinay\u0259t i\u015fi ba\u015flan\u0131ld\u0131\u011f\u0131n\u0131 bildirib.\" \/>\n<meta name=\"robots\" content=\"index, follow, max-snippet:-1, max-image-preview:large, max-video-preview:-1\" \/>\n<link rel=\"canonical\" href=\"https:\/\/www.meydan.tv\/az\/article\/din-bakida-emeliyyat-kecirib-yaralanan-var\/\" \/>\n<meta property=\"og:locale\" content=\"az_AZ\" \/>\n<meta property=\"og:type\" content=\"article\" \/>\n<meta property=\"og:title\" content=\"D\u0130N Bak\u0131da \u0259m\u0259liyyat ke\u00e7irib: yaralanan var - MEYDAN.TV\" \/>\n<meta property=\"og:description\" content=\"D\u0130N Cinay\u0259t M\u0259c\u0259ll\u0259sinin m\u00fcvafiq madd\u0259l\u0259ri il\u0259 cinay\u0259t i\u015fi ba\u015flan\u0131ld\u0131\u011f\u0131n\u0131 bildirib.\" \/>\n<meta property=\"og:url\" content=\"https:\/\/www.meydan.tv\/az\/article\/din-bakida-emeliyyat-kecirib-yaralanan-var\/\" \/>\n<meta property=\"og:site_name\" content=\"MEYDAN.TV\" \/>\n<meta property=\"article:published_time\" content=\"2024-09-24T09:40:50+00:00\" \/>\n<meta property=\"article:modified_time\" content=\"2024-09-24T09:40:52+00:00\" \/>\n<meta property=\"og:image\" content=\"https:\/\/www.meydan.tv\/wp-content\/uploads\/whatsapp-image-2024-09-21-at-10.09.57_fd9cdf4d.jpg\" \/>\n\t<meta property=\"og:image:width\" content=\"1200\" \/>\n\t<meta property=\"og:image:height\" content=\"800\" \/>\n\t<meta property=\"og:image:type\" content=\"image\/jpeg\" \/>\n<meta name=\"author\" content=\"elli\" \/>\n<meta name=\"twitter:card\" content=\"summary_large_image\" \/>\n<meta name=\"twitter:creator\" content=\"@elli\" \/>\n<script type=\"application\/ld+json\" class=\"yoast-schema-graph\">{\"@context\":\"https:\\\/\\\/schema.org\",\"@graph\":[{\"@type\":\"Article\",\"@id\":\"https:\\\/\\\/www.meydan.tv\\\/az\\\/article\\\/din-bakida-emeliyyat-kecirib-yaralanan-var\\\/#article\",\"isPartOf\":{\"@id\":\"https:\\\/\\\/www.meydan.tv\\\/az\\\/article\\\/din-bakida-emeliyyat-kecirib-yaralanan-var\\\/\"},\"author\":{\"name\":\"elli\",\"@id\":\"https:\\\/\\\/www.meydan.tv\\\/az\\\/#\\\/schema\\\/person\\\/9cdbecf90d17180ce1dfbd95b08dcf47\"},\"headline\":\"D\u0130N Bak\u0131da \u0259m\u0259liyyat ke\u00e7irib: yaralanan var\",\"datePublished\":\"2024-09-24T09:40:50+00:00\",\"dateModified\":\"2024-09-24T09:40:52+00:00\",\"mainEntityOfPage\":{\"@id\":\"https:\\\/\\\/www.meydan.tv\\\/az\\\/article\\\/din-bakida-emeliyyat-kecirib-yaralanan-var\\\/\"},\"wordCount\":327,\"publisher\":{\"@id\":\"https:\\\/\\\/www.meydan.tv\\\/az\\\/#organization\"},\"image\":{\"@id\":\"https:\\\/\\\/www.meydan.tv\\\/az\\\/article\\\/din-bakida-emeliyyat-kecirib-yaralanan-var\\\/#primaryimage\"},\"thumbnailUrl\":\"https:\\\/\\\/www.meydan.tv\\\/wp-content\\\/uploads\\\/whatsapp-image-2024-09-21-at-10.09.57_fd9cdf4d.jpg\",\"articleSection\":[\"Sosial\",\"X\u0259b\u0259rl\u0259r\"],\"inLanguage\":\"az\"},{\"@type\":\"WebPage\",\"@id\":\"https:\\\/\\\/www.meydan.tv\\\/az\\\/article\\\/din-bakida-emeliyyat-kecirib-yaralanan-var\\\/\",\"url\":\"https:\\\/\\\/www.meydan.tv\\\/az\\\/article\\\/din-bakida-emeliyyat-kecirib-yaralanan-var\\\/\",\"name\":\"D\u0130N Bak\u0131da \u0259m\u0259liyyat ke\u00e7irib: yaralanan var - MEYDAN.TV\",\"isPartOf\":{\"@id\":\"https:\\\/\\\/www.meydan.tv\\\/az\\\/#website\"},\"primaryImageOfPage\":{\"@id\":\"https:\\\/\\\/www.meydan.tv\\\/az\\\/article\\\/din-bakida-emeliyyat-kecirib-yaralanan-var\\\/#primaryimage\"},\"image\":{\"@id\":\"https:\\\/\\\/www.meydan.tv\\\/az\\\/article\\\/din-bakida-emeliyyat-kecirib-yaralanan-var\\\/#primaryimage\"},\"thumbnailUrl\":\"https:\\\/\\\/www.meydan.tv\\\/wp-content\\\/uploads\\\/whatsapp-image-2024-09-21-at-10.09.57_fd9cdf4d.jpg\",\"datePublished\":\"2024-09-24T09:40:50+00:00\",\"dateModified\":\"2024-09-24T09:40:52+00:00\",\"description\":\"D\u0130N Cinay\u0259t M\u0259c\u0259ll\u0259sinin m\u00fcvafiq madd\u0259l\u0259ri il\u0259 cinay\u0259t i\u015fi ba\u015flan\u0131ld\u0131\u011f\u0131n\u0131 bildirib.\",\"breadcrumb\":{\"@id\":\"https:\\\/\\\/www.meydan.tv\\\/az\\\/article\\\/din-bakida-emeliyyat-kecirib-yaralanan-var\\\/#breadcrumb\"},\"inLanguage\":\"az\",\"potentialAction\":[{\"@type\":\"ReadAction\",\"target\":[\"https:\\\/\\\/www.meydan.tv\\\/az\\\/article\\\/din-bakida-emeliyyat-kecirib-yaralanan-var\\\/\"]}]},{\"@type\":\"ImageObject\",\"inLanguage\":\"az\",\"@id\":\"https:\\\/\\\/www.meydan.tv\\\/az\\\/article\\\/din-bakida-emeliyyat-kecirib-yaralanan-var\\\/#primaryimage\",\"url\":\"https:\\\/\\\/www.meydan.tv\\\/wp-content\\\/uploads\\\/whatsapp-image-2024-09-21-at-10.09.57_fd9cdf4d.jpg\",\"contentUrl\":\"https:\\\/\\\/www.meydan.tv\\\/wp-content\\\/uploads\\\/whatsapp-image-2024-09-21-at-10.09.57_fd9cdf4d.jpg\",\"width\":1200,\"height\":800,\"caption\":\"Foto: D\u0130N\"},{\"@type\":\"BreadcrumbList\",\"@id\":\"https:\\\/\\\/www.meydan.tv\\\/az\\\/article\\\/din-bakida-emeliyyat-kecirib-yaralanan-var\\\/#breadcrumb\",\"itemListElement\":[{\"@type\":\"ListItem\",\"position\":1,\"name\":\"Ana s\u0259hif\u0259\",\"item\":\"https:\\\/\\\/www.meydan.tv\\\/az\\\/\"},{\"@type\":\"ListItem\",\"position\":2,\"name\":\"Sosial\",\"item\":\"https:\\\/\\\/www.meydan.tv\\\/az\\\/section\\\/sosial\\\/\"},{\"@type\":\"ListItem\",\"position\":3,\"name\":\"D\u0130N Bak\u0131da \u0259m\u0259liyyat ke\u00e7irib: yaralanan var\"}]},{\"@type\":\"WebSite\",\"@id\":\"https:\\\/\\\/www.meydan.tv\\\/az\\\/#website\",\"url\":\"https:\\\/\\\/www.meydan.tv\\\/az\\\/\",\"name\":\"MEYDAN.TV\",\"description\":\"Meydan TV Az\u0259rbaycan\u0131n media m\u0259kan\u0131ndak\u0131 alternativ s\u0259sidir\",\"publisher\":{\"@id\":\"https:\\\/\\\/www.meydan.tv\\\/az\\\/#organization\"},\"potentialAction\":[{\"@type\":\"SearchAction\",\"target\":{\"@type\":\"EntryPoint\",\"urlTemplate\":\"https:\\\/\\\/www.meydan.tv\\\/az\\\/?s={search_term_string}\"},\"query-input\":{\"@type\":\"PropertyValueSpecification\",\"valueRequired\":true,\"valueName\":\"search_term_string\"}}],\"inLanguage\":\"az\"},{\"@type\":\"Organization\",\"@id\":\"https:\\\/\\\/www.meydan.tv\\\/az\\\/#organization\",\"name\":\"Meydan TV\",\"url\":\"https:\\\/\\\/www.meydan.tv\\\/az\\\/\",\"logo\":{\"@type\":\"ImageObject\",\"inLanguage\":\"az\",\"@id\":\"https:\\\/\\\/www.meydan.tv\\\/az\\\/#\\\/schema\\\/logo\\\/image\\\/\",\"url\":\"https:\\\/\\\/www.meydan.tv\\\/wp-content\\\/uploads\\\/2021\\\/07\\\/meydan-logo.svg\",\"contentUrl\":\"https:\\\/\\\/www.meydan.tv\\\/wp-content\\\/uploads\\\/2021\\\/07\\\/meydan-logo.svg\",\"width\":195,\"height\":46,\"caption\":\"Meydan TV\"},\"image\":{\"@id\":\"https:\\\/\\\/www.meydan.tv\\\/az\\\/#\\\/schema\\\/logo\\\/image\\\/\"}},{\"@type\":\"Person\",\"@id\":\"https:\\\/\\\/www.meydan.tv\\\/az\\\/#\\\/schema\\\/person\\\/9cdbecf90d17180ce1dfbd95b08dcf47\",\"name\":\"elli\",\"sameAs\":[\"https:\\\/\\\/x.com\\\/elli\"]}]}<\/script>\n<!-- \/ Yoast SEO plugin. -->","yoast_head_json":{"title":"D\u0130N Bak\u0131da \u0259m\u0259liyyat ke\u00e7irib: yaralanan var - MEYDAN.TV","description":"D\u0130N Cinay\u0259t M\u0259c\u0259ll\u0259sinin m\u00fcvafiq madd\u0259l\u0259ri il\u0259 cinay\u0259t i\u015fi ba\u015flan\u0131ld\u0131\u011f\u0131n\u0131 bildirib.","robots":{"index":"index","follow":"follow","max-snippet":"max-snippet:-1","max-image-preview":"max-image-preview:large","max-video-preview":"max-video-preview:-1"},"canonical":"https:\/\/www.meydan.tv\/az\/article\/din-bakida-emeliyyat-kecirib-yaralanan-var\/","og_locale":"az_AZ","og_type":"article","og_title":"D\u0130N Bak\u0131da \u0259m\u0259liyyat ke\u00e7irib: yaralanan var - MEYDAN.TV","og_description":"D\u0130N Cinay\u0259t M\u0259c\u0259ll\u0259sinin m\u00fcvafiq madd\u0259l\u0259ri il\u0259 cinay\u0259t i\u015fi ba\u015flan\u0131ld\u0131\u011f\u0131n\u0131 bildirib.","og_url":"https:\/\/www.meydan.tv\/az\/article\/din-bakida-emeliyyat-kecirib-yaralanan-var\/","og_site_name":"MEYDAN.TV","article_published_time":"2024-09-24T09:40:50+00:00","article_modified_time":"2024-09-24T09:40:52+00:00","og_image":[{"width":1200,"height":800,"url":"https:\/\/www.meydan.tv\/wp-content\/uploads\/whatsapp-image-2024-09-21-at-10.09.57_fd9cdf4d.jpg","type":"image\/jpeg"}],"author":"elli","twitter_card":"summary_large_image","twitter_creator":"@elli","schema":{"@context":"https:\/\/schema.org","@graph":[{"@type":"Article","@id":"https:\/\/www.meydan.tv\/az\/article\/din-bakida-emeliyyat-kecirib-yaralanan-var\/#article","isPartOf":{"@id":"https:\/\/www.meydan.tv\/az\/article\/din-bakida-emeliyyat-kecirib-yaralanan-var\/"},"author":{"name":"elli","@id":"https:\/\/www.meydan.tv\/az\/#\/schema\/person\/9cdbecf90d17180ce1dfbd95b08dcf47"},"headline":"D\u0130N Bak\u0131da \u0259m\u0259liyyat ke\u00e7irib: yaralanan var","datePublished":"2024-09-24T09:40:50+00:00","dateModified":"2024-09-24T09:40:52+00:00","mainEntityOfPage":{"@id":"https:\/\/www.meydan.tv\/az\/article\/din-bakida-emeliyyat-kecirib-yaralanan-var\/"},"wordCount":327,"publisher":{"@id":"https:\/\/www.meydan.tv\/az\/#organization"},"image":{"@id":"https:\/\/www.meydan.tv\/az\/article\/din-bakida-emeliyyat-kecirib-yaralanan-var\/#primaryimage"},"thumbnailUrl":"https:\/\/www.meydan.tv\/wp-content\/uploads\/whatsapp-image-2024-09-21-at-10.09.57_fd9cdf4d.jpg","articleSection":["Sosial","X\u0259b\u0259rl\u0259r"],"inLanguage":"az"},{"@type":"WebPage","@id":"https:\/\/www.meydan.tv\/az\/article\/din-bakida-emeliyyat-kecirib-yaralanan-var\/","url":"https:\/\/www.meydan.tv\/az\/article\/din-bakida-emeliyyat-kecirib-yaralanan-var\/","name":"D\u0130N Bak\u0131da \u0259m\u0259liyyat ke\u00e7irib: yaralanan var - MEYDAN.TV","isPartOf":{"@id":"https:\/\/www.meydan.tv\/az\/#website"},"primaryImageOfPage":{"@id":"https:\/\/www.meydan.tv\/az\/article\/din-bakida-emeliyyat-kecirib-yaralanan-var\/#primaryimage"},"image":{"@id":"https:\/\/www.meydan.tv\/az\/article\/din-bakida-emeliyyat-kecirib-yaralanan-var\/#primaryimage"},"thumbnailUrl":"https:\/\/www.meydan.tv\/wp-content\/uploads\/whatsapp-image-2024-09-21-at-10.09.57_fd9cdf4d.jpg","datePublished":"2024-09-24T09:40:50+00:00","dateModified":"2024-09-24T09:40:52+00:00","description":"D\u0130N Cinay\u0259t M\u0259c\u0259ll\u0259sinin m\u00fcvafiq madd\u0259l\u0259ri il\u0259 cinay\u0259t i\u015fi ba\u015flan\u0131ld\u0131\u011f\u0131n\u0131 bildirib.","breadcrumb":{"@id":"https:\/\/www.meydan.tv\/az\/article\/din-bakida-emeliyyat-kecirib-yaralanan-var\/#breadcrumb"},"inLanguage":"az","potentialAction":[{"@type":"ReadAction","target":["https:\/\/www.meydan.tv\/az\/article\/din-bakida-emeliyyat-kecirib-yaralanan-var\/"]}]},{"@type":"ImageObject","inLanguage":"az","@id":"https:\/\/www.meydan.tv\/az\/article\/din-bakida-emeliyyat-kecirib-yaralanan-var\/#primaryimage","url":"https:\/\/www.meydan.tv\/wp-content\/uploads\/whatsapp-image-2024-09-21-at-10.09.57_fd9cdf4d.jpg","contentUrl":"https:\/\/www.meydan.tv\/wp-content\/uploads\/whatsapp-image-2024-09-21-at-10.09.57_fd9cdf4d.jpg","width":1200,"height":800,"caption":"Foto: D\u0130N"},{"@type":"BreadcrumbList","@id":"https:\/\/www.meydan.tv\/az\/article\/din-bakida-emeliyyat-kecirib-yaralanan-var\/#breadcrumb","itemListElement":[{"@type":"ListItem","position":1,"name":"Ana s\u0259hif\u0259","item":"https:\/\/www.meydan.tv\/az\/"},{"@type":"ListItem","position":2,"name":"Sosial","item":"https:\/\/www.meydan.tv\/az\/section\/sosial\/"},{"@type":"ListItem","position":3,"name":"D\u0130N Bak\u0131da \u0259m\u0259liyyat ke\u00e7irib: yaralanan var"}]},{"@type":"WebSite","@id":"https:\/\/www.meydan.tv\/az\/#website","url":"https:\/\/www.meydan.tv\/az\/","name":"MEYDAN.TV","description":"Meydan TV Az\u0259rbaycan\u0131n media m\u0259kan\u0131ndak\u0131 alternativ s\u0259sidir","publisher":{"@id":"https:\/\/www.meydan.tv\/az\/#organization"},"potentialAction":[{"@type":"SearchAction","target":{"@type":"EntryPoint","urlTemplate":"https:\/\/www.meydan.tv\/az\/?s={search_term_string}"},"query-input":{"@type":"PropertyValueSpecification","valueRequired":true,"valueName":"search_term_string"}}],"inLanguage":"az"},{"@type":"Organization","@id":"https:\/\/www.meydan.tv\/az\/#organization","name":"Meydan TV","url":"https:\/\/www.meydan.tv\/az\/","logo":{"@type":"ImageObject","inLanguage":"az","@id":"https:\/\/www.meydan.tv\/az\/#\/schema\/logo\/image\/","url":"https:\/\/www.meydan.tv\/wp-content\/uploads\/2021\/07\/meydan-logo.svg","contentUrl":"https:\/\/www.meydan.tv\/wp-content\/uploads\/2021\/07\/meydan-logo.svg","width":195,"height":46,"caption":"Meydan TV"},"image":{"@id":"https:\/\/www.meydan.tv\/az\/#\/schema\/logo\/image\/"}},{"@type":"Person","@id":"https:\/\/www.meydan.tv\/az\/#\/schema\/person\/9cdbecf90d17180ce1dfbd95b08dcf47","name":"elli","sameAs":["https:\/\/x.com\/elli"]}]}},"_links":{"self":[{"href":"https:\/\/www.meydan.tv\/az\/wp-json\/wp\/v2\/posts\/316297","targetHints":{"allow":["GET"]}}],"collection":[{"href":"https:\/\/www.meydan.tv\/az\/wp-json\/wp\/v2\/posts"}],"about":[{"href":"https:\/\/www.meydan.tv\/az\/wp-json\/wp\/v2\/types\/post"}],"author":[{"embeddable":true,"href":"https:\/\/www.meydan.tv\/az\/wp-json\/wp\/v2\/users\/8"}],"replies":[{"embeddable":true,"href":"https:\/\/www.meydan.tv\/az\/wp-json\/wp\/v2\/comments?post=316297"}],"version-history":[{"count":3,"href":"https:\/\/www.meydan.tv\/az\/wp-json\/wp\/v2\/posts\/316297\/revisions"}],"predecessor-version":[{"id":316303,"href":"https:\/\/www.meydan.tv\/az\/wp-json\/wp\/v2\/posts\/316297\/revisions\/316303"}],"wp:featuredmedia":[{"embeddable":true,"href":"https:\/\/www.meydan.tv\/az\/wp-json\/wp\/v2\/media\/316298"}],"wp:attachment":[{"href":"https:\/\/www.meydan.tv\/az\/wp-json\/wp\/v2\/media?parent=316297"}],"wp:term":[{"taxonomy":"category","embeddable":true,"href":"https:\/\/www.meydan.tv\/az\/wp-json\/wp\/v2\/categories?post=316297"},{"taxonomy":"post_tag","embeddable":true,"href":"https:\/\/www.meydan.tv\/az\/wp-json\/wp\/v2\/tags?post=316297"}],"curies":[{"name":"wp","href":"https:\/\/api.w.org\/{rel}","templated":true}]}}