{"id":316290,"date":"2024-09-24T00:04:49","date_gmt":"2024-09-23T20:04:49","guid":{"rendered":"https:\/\/www.meydan.tv\/?p=316290"},"modified":"2024-09-24T00:04:51","modified_gmt":"2024-09-23T20:04:51","slug":"tir-larla-heyder-eliyev-prospektini-baglayan-ogul-ve-atasina-hokm-oxundu","status":"publish","type":"post","link":"https:\/\/www.meydan.tv\/az\/article\/tir-larla-heyder-eliyev-prospektini-baglayan-ogul-ve-atasina-hokm-oxundu\/","title":{"rendered":"TIR-larla Heyd\u0259r \u018fliyev prospektini ba\u011flayan o\u011ful v\u0259 atas\u0131na h\u00f6km oxundu"},"content":{"rendered":"\n<p><\/p>\n\n\n\n<p><strong><em>H\u00f6kmd\u0259n \u0259vv\u0259l hakiml\u0259 t\u0259qsirl\u0259ndiril\u0259n \u015f\u0259xs aras\u0131nda m\u00fcbahis\u0259 d\u00fc\u015f\u00fcb<\/em><\/strong><\/p>\n\n\n\n<p>T\u0259xmin\u0259n iki il yar\u0131m \u0259vv\u0259l y\u00fck ma\u015f\u0131nlar\u0131n\u0131n s\u00fcr\u00fcc\u00fcl\u0259ri D\u00f6vl\u0259t Avtomobil N\u0259qliyyat\u0131 Xidm\u0259tinin icaz\u0259 s\u0259n\u0259dl\u0259rini verm\u0259m\u0259sin\u0259 etiraz olaraq, Bak\u0131da Heyd\u0259r \u018fliyev prospektind\u0259 yolu ba\u011flam\u0131\u015fd\u0131. O zaman etiraz aksiyas\u0131 ke\u00e7ir\u0259n \u201cR Group Azerbaijan\u201d y\u00fckda\u015f\u0131ma \u015firk\u0259tinin s\u00fcr\u00fcc\u00fcl\u0259rind\u0259n \u00fc\u00e7\u00fcn\u0259 inzibati qaydada 30 sutka h\u0259bs c\u0259zas\u0131 verils\u0259 d\u0259, \u015firk\u0259tin r\u0259hb\u0259ri R\u0259mi\u015f C\u0259f\u0259rov haqq\u0131nda cinay\u0259t i\u015fi ba\u015flanm\u0131\u015fd\u0131.<\/p>\n\n\n\n<p>R\u0259mi\u015f C\u0259f\u0259rovla yana\u015f\u0131, onun atas\u0131 Z\u0259kr\u0259m C\u0259f\u0259rov da cinay\u0259t m\u0259suliyy\u0259tin\u0259 c\u0259lb olunmu\u015fdu. Lakin o\u011flundan f\u0259rqli olaraq, Z\u0259kr\u0259m C\u0259f\u0259rov h\u0259bsd\u0259 deyildi, istintaq v\u0259 m\u0259hk\u0259m\u0259 d\u00f6vr\u00fc \u00fc\u00e7\u00fcn onun bar\u0259sind\u0259 ba\u015fqa yer\u0259 getm\u0259m\u0259y\u0259 dair iltizam q\u0259timkan t\u0259dbiri se\u00e7ilmi\u015fdi. \u0130ki ild\u0259n \u00e7oxdur ki, Bak\u0131 A\u011f\u0131r Cinay\u0259tl\u0259r M\u0259hk\u0259m\u0259sind\u0259 ata v\u0259 o\u011ful C\u0259f\u0259rovlar\u0131n m\u0259hk\u0259m\u0259si gedirdi. Bu m\u00fcdd\u0259td\u0259 onlar\u0131n i\u015fin\u0259 baxan hakiml\u0259r d\u0259 d\u0259yi\u015fdi.<\/p>\n\n\n\n<p>R\u0259mi\u015f v\u0259 Z\u0259kr\u0259m C\u0259f\u0259rovlara qar\u015f\u0131 Cinay\u0259t M\u0259c\u0259ll\u0259sinin 178.3.2 (k\u00fclli miqdarda ziyan vurmaqla d\u0259l\u0259duzluq), 233 (ictimai qaydan\u0131n pozulmas\u0131na s\u0259b\u0259b olan h\u0259r\u0259k\u0259tl\u0259ri t\u0259\u015fkil etm\u0259 v\u0259 ya bu c\u00fcr h\u0259r\u0259k\u0259tl\u0259rd\u0259 f\u0259al i\u015ftirak) v\u0259 320-ci (saxta s\u0259n\u0259d haz\u0131rlama v\u0259 ya bel\u0259 s\u0259n\u0259dl\u0259rd\u0259n istifad\u0259) madd\u0259l\u0259ril\u0259 ittiham ir\u0259li s\u00fcr\u00fcl\u00fcb.<\/p>\n\n\n\n<p>Cinay\u0259t i\u015find\u0259 iddia olunur ki, R\u0259mi\u015f C\u0259f\u0259rov yolu ba\u011flamaqla ictimai qaydan\u0131 pozub, t\u0131xac yaranmas\u0131na s\u0259b\u0259b olub. H\u0259m\u00e7inin atas\u0131 il\u0259 birlikd\u0259 bir ne\u00e7\u0259 n\u0259f\u0259r\u0259 \u0259sas\u0259n pomidor v\u0259 limondan ibar\u0259t m\u0259hsullar\u0131n da\u015f\u0131nmas\u0131yla ba\u011fl\u0131 \u00f6hd\u0259lik g\u00f6t\u00fcrs\u0259 d\u0259, vaxt\u0131nda m\u0259hsullar\u0131 \u00e7atd\u0131rmayaraq, h\u0259min \u015f\u0259xsl\u0259r\u0259 ziyan vurmaqda, onlar\u0131n y\u00fck\u00fcn\u00fc \u0259l\u0259 ke\u00e7irm\u0259kd\u0259 ittiham olunurlar.<\/p>\n\n\n\n<p>Lakin R\u0259mi\u015f v\u0259 Z\u0259kr\u0259m C\u0259f\u0259rovlar bu ittihamlar\u0131 q\u0259bul etmir, \u00f6zl\u0259rini t\u0259qsirli bilmirl\u0259r. Onlar etiraz aksiyas\u0131n\u0131n t\u0259\u015fkilin\u0259 g\u00f6r\u0259 c\u0259zaland\u0131r\u0131ld\u0131qlar\u0131n\u0131 deyirl\u0259r.<\/p>\n\n\n\n<p>\u0130ki ild\u0259n \u00e7ox davam ed\u0259n m\u0259hk\u0259m\u0259 prosesinin yekunu olaraq, sentyabr\u0131n 23-d\u0259 R\u0259mi\u015f v\u0259 Z\u0259kr\u0259m C\u0259f\u0259rovlara h\u00f6km oxunub. Hakim Leyla \u018fsg\u0259rova-M\u0259mm\u0259dovan\u0131n s\u0259drliyil\u0259 \u00e7\u0131xar\u0131lan h\u00f6km\u0259 \u0259sas\u0259n, R\u0259mi\u015f C\u0259f\u0259rov 6 il azadl\u0131qdan m\u0259hrum edilib. Onun atas\u0131na is\u0259 \u015f\u0259rti c\u0259za verilib.<\/p>\n\n\n\n<p>1990-c\u0131 il t\u0259v\u0259ll\u00fcdl\u00fc R\u0259mi\u015f C\u0259f\u0259rov 2022-ci ilin fevral\u0131ndan h\u0259bsd\u0259dir.<\/p>\n\n\n\n<p>Sentyabr\u0131n 23-d\u0259 h\u00f6km oxunmam\u0131\u015fdan \u0259vv\u0259l m\u0259hk\u0259m\u0259d\u0259 R\u0259mi\u015f C\u0259f\u0259rovla hakim Leyla \u018fsg\u0259rova-M\u0259mm\u0259dova aras\u0131nda m\u00fcbahis\u0259 d\u00fc\u015f\u00fcb. O, t\u0259qsirsiz oldu\u011funu, he\u00e7 bir cinay\u0259t t\u00f6r\u0259tm\u0259diyi halda, iki il yar\u0131md\u0131r h\u0259bsd\u0259 saxland\u0131\u011f\u0131n\u0131, h\u00fcquqlar\u0131n\u0131n pozuldu\u011funu bildirib. R\u0259mi\u015f C\u0259f\u0259rov v\u0259kilind\u0259n imtina etdiyini m\u0259hk\u0259m\u0259nin n\u0259z\u0259rin\u0259 \u00e7atd\u0131r\u0131b.<\/p>\n\n\n\n<p>V\u0259kil d\u0259 m\u00fcv\u0259kkilinin ondan imtina etm\u0259sil\u0259 raz\u0131la\u015f\u0131b.<\/p>\n\n\n\n<p>Amma hakim t\u0259qsirl\u0259ndiril\u0259n \u015f\u0259xsin bu ist\u0259yinin \u0259leyhin\u0259 \u00e7\u0131x\u0131b. Onun m\u00fcdafi\u0259\u00e7isind\u0259n imtinas\u0131n\u0131 q\u0259bul etm\u0259k ist\u0259m\u0259yib: <em>\u201cV\u0259kilin prosesd\u0259 i\u015ftirak\u0131na yaln\u0131z hakim xitam ver\u0259 bil\u0259r. M\u0259n sizin imtinan\u0131z\u0131 q\u0259bul etmir\u0259m\u201d.<\/em><\/p>\n\n\n\n<p>Hakimin bu c\u00fcr davran\u0131\u015f\u0131 R\u0259mi\u015f C\u0259f\u0259rovun etiraz\u0131na s\u0259b\u0259b olub: <em>\u201cM\u0259n \u00f6z\u00fcm d\u0259\u00a0 h\u00fcquq\u015f\u00fcnasam. Siz m\u0259ni n\u0259 hesab edirsiniz? Bu, n\u0259 dem\u0259kdir? Siz niy\u0259 m\u0259nim h\u00fcquqlar\u0131m\u0131 pozursunuz? H\u0259r k\u0259sin ist\u0259diyi m\u00fcdafi\u0259\u00e7i t\u0259r\u0259find\u0259n m\u00fcdafi\u0259 olunmaq h\u00fcququ var. M\u0259n bu m\u00fcdafi\u0259\u00e7id\u0259n imtina edir\u0259ms\u0259, siz onu zorla nec\u0259 saxlaya bil\u0259rsiniz? Bunun \u00f6z\u00fc qanunsuz davran\u0131\u015fd\u0131r\u201d.<\/em><\/p>\n\n\n\n<p>Bu m\u00fcbahis\u0259 il\u0259 \u0259laq\u0259dar m\u0259hk\u0259m\u0259d\u0259 fasil\u0259 yaran\u0131b. Amma hakim fikrini d\u0259yi\u015fm\u0259yib v\u0259 h\u0259min v\u0259kili m\u00fcdafi\u0259 nitqil\u0259 \u00e7\u0131x\u0131\u015f etm\u0259y\u0259 m\u0259cbur edib.<\/p>\n\n\n\n<p>Ard\u0131nca t\u0259qsirl\u0259ndiril\u0259n \u015f\u0259xsl\u0259rin soz\u00fc v\u0259 h\u00f6km elan olunub.<\/p>\n\n\n\n<p>2022-ci il fevral\u0131n 17-d\u0259 TIR s\u00fcr\u00fcc\u00fcl\u0259rinin ke\u00e7irdiyi etiraz aksiyas\u0131ndan sonra R\u0259q\u0259msal \u0130nki\u015faf v\u0259 N\u0259qliyyat Nazirliyi yan\u0131nda D\u00f6vl\u0259t Avtomibil N\u0259qliyyat\u0131 Xidm\u0259ti a\u00e7\u0131qlama yayaraq R\u0259mi\u015f C\u0259f\u0259rovun \u00f6z\u00fcn\u00fc ittiham etmi\u015fdi:<\/p>\n\n\n\n<p>\u201c<em>\u0130caz\u0259l\u0259rin b\u00f6lg\u00fcs\u00fc prosesind\u0259 da\u015f\u0131y\u0131c\u0131lar\u0131n \u00f6zl\u0259rinin d\u0259 i\u015ftirak\u0131 t\u0259min edilib. B\u00f6lg\u00fc n\u0259tic\u0259l\u0259ri da\u015f\u0131y\u0131c\u0131lar\u0131n assosiasiyas\u0131n\u0131n sayt\u0131nda d\u0259rc edil\u0259r\u0259k ictimail\u0259\u015fdirilir. \u018fvv\u0259lll\u0259r m\u00f6vcud olan neqativ hallar tam v\u0259 birm\u0259nal\u0131 dayand\u0131r\u0131l\u0131b. Da\u015f\u0131y\u0131c\u0131lar b\u00f6lg\u00fc n\u0259tic\u0259sind\u0259 onlara ayr\u0131lm\u0131\u015f icaz\u0259 blanklar\u0131n\u0131 D\u00f6vl\u0259t Avtomobil N\u0259qliyyat\u0131 Xidm\u0259tind\u0259n tam mane\u0259siz \u0259ld\u0259 edirl\u0259r. M\u0259lumat \u00fc\u00e7\u00fcn bildir\u0259k ki, \u201c\u0130caz\u0259\u201d blanklar\u0131n\u0131n say\u0131 m\u0259hdud oldu\u011fundan h\u0259min blanklar\u0131n qabaqcadan real t\u0259l\u0259batdan art\u0131q sayda al\u0131nmas\u0131 dig\u0259r yerli da\u015f\u0131y\u0131c\u0131lar\u0131n qanuni m\u0259nafel\u0259rin\u0259 z\u0259r\u0259r vurur.<\/em><\/p>\n\n\n\n<p><em>Yaln\u0131z bir da\u015f\u0131y\u0131c\u0131-R\u0259mi\u015f C\u0259f\u0259rov bel\u0259 b\u00f6lg\u00fcy\u0259 qar\u015f\u0131 \u00e7\u0131xaraq, \u00f6z\u00fcn\u0259 \u0259lav\u0259 imtiyazlar t\u0259l\u0259b edib v\u0259 d\u00f6vl\u0259t orqan\u0131n\u0131 t\u0259hdid etm\u0259kl\u0259 m\u0259\u015f\u011ful olub. Xidm\u0259tin m\u0259sul \u0259m\u0259kda\u015flar\u0131 t\u0259r\u0259find\u0259n d\u0259f\u0259l\u0259rl\u0259 q\u0259bul olunaraq m\u00f6vcud qanunvericilik bar\u0259d\u0259 m\u00fcvafiq izahatlar verilm\u0259sin\u0259 baxmayaraq, R\u0259mi\u015f C\u0259f\u0259rov m\u00fcxt\u0259lif vaxtlarda \u015fantaj v\u0259 h\u0259d\u0259-qorxu yolu il\u0259 ehtimal olunan real t\u0259l\u0259batdan art\u0131q sayda \u201c\u0130caz\u0259\u201d blank\u0131n\u0131n al\u0131nmas\u0131 m\u0259qs\u0259dil\u0259 ictimai qaydan\u0131 d\u0259f\u0259l\u0259rl\u0259 pozub\u201d.<\/em><\/p>\n","protected":false},"excerpt":{"rendered":"<p>H\u00f6kmd\u0259n \u0259vv\u0259l hakiml\u0259 t\u0259qsirl\u0259ndiril\u0259n \u015f\u0259xs aras\u0131nda m\u00fcbahis\u0259 d\u00fc\u015f\u00fcb T\u0259xmin\u0259n iki &#8230; <\/p>\n<p class=\"read-more-container\"><a title=\"TIR-larla Heyd\u0259r \u018fliyev prospektini ba\u011flayan o\u011ful v\u0259 atas\u0131na h\u00f6km oxundu\" class=\"read-more button\" href=\"https:\/\/www.meydan.tv\/az\/article\/tir-larla-heyder-eliyev-prospektini-baglayan-ogul-ve-atasina-hokm-oxundu\/#more-316290\" aria-label=\"Read more about TIR-larla Heyd\u0259r \u018fliyev prospektini ba\u011flayan o\u011ful v\u0259 atas\u0131na h\u00f6km oxundu\">Davam\u0131<\/a><\/p>\n","protected":false},"author":8,"featured_media":131384,"comment_status":"closed","ping_status":"closed","sticky":false,"template":"","format":"standard","meta":{"_acf_changed":false,"_sitemap_exclude":false,"_sitemap_priority":"","_sitemap_frequency":"","footnotes":""},"categories":[62,56],"tags":[],"class_list":["post-316290","post","type-post","status-publish","format-standard","has-post-thumbnail","hentry","category-sosial","category-xeberler","infinite-scroll-item","generate-columns","tablet-grid-50","mobile-grid-100","grid-parent","grid-33","no-featured-image-padding"],"acf":[],"yoast_head":"<!-- This site is optimized with the Yoast SEO plugin v27.4 - https:\/\/yoast.com\/product\/yoast-seo-wordpress\/ -->\n<title>TIR-larla Heyd\u0259r \u018fliyev prospektini ba\u011flayan o\u011ful v\u0259 atas\u0131na h\u00f6km oxundu - MEYDAN.TV<\/title>\n<meta name=\"description\" content=\"Hakim Leyla \u018fsg\u0259rova-M\u0259mm\u0259dovan\u0131n s\u0259drliyil\u0259 \u00e7\u0131xar\u0131lan h\u00f6km\u0259 \u0259sas\u0259n, R\u0259mi\u015f C\u0259f\u0259rov 6 il azadl\u0131qdan m\u0259hrum edilib. Onun atas\u0131na is\u0259 \u015f\u0259rti c\u0259za verilib.\" \/>\n<meta name=\"robots\" content=\"index, follow, max-snippet:-1, max-image-preview:large, max-video-preview:-1\" \/>\n<link rel=\"canonical\" href=\"https:\/\/www.meydan.tv\/az\/article\/tir-larla-heyder-eliyev-prospektini-baglayan-ogul-ve-atasina-hokm-oxundu\/\" \/>\n<meta property=\"og:locale\" content=\"az_AZ\" \/>\n<meta property=\"og:type\" content=\"article\" \/>\n<meta property=\"og:title\" content=\"TIR-larla Heyd\u0259r \u018fliyev prospektini ba\u011flayan o\u011ful v\u0259 atas\u0131na h\u00f6km oxundu - MEYDAN.TV\" \/>\n<meta property=\"og:description\" content=\"Hakim Leyla \u018fsg\u0259rova-M\u0259mm\u0259dovan\u0131n s\u0259drliyil\u0259 \u00e7\u0131xar\u0131lan h\u00f6km\u0259 \u0259sas\u0259n, R\u0259mi\u015f C\u0259f\u0259rov 6 il azadl\u0131qdan m\u0259hrum edilib. Onun atas\u0131na is\u0259 \u015f\u0259rti c\u0259za verilib.\" \/>\n<meta property=\"og:url\" content=\"https:\/\/www.meydan.tv\/az\/article\/tir-larla-heyder-eliyev-prospektini-baglayan-ogul-ve-atasina-hokm-oxundu\/\" \/>\n<meta property=\"og:site_name\" content=\"MEYDAN.TV\" \/>\n<meta property=\"article:published_time\" content=\"2024-09-23T20:04:49+00:00\" \/>\n<meta property=\"article:modified_time\" content=\"2024-09-23T20:04:51+00:00\" \/>\n<meta property=\"og:image\" content=\"https:\/\/www.meydan.tv\/wp-content\/uploads\/410827945_4j7bzkk.jpg\" \/>\n\t<meta property=\"og:image:width\" content=\"1000\" \/>\n\t<meta property=\"og:image:height\" content=\"541\" \/>\n\t<meta property=\"og:image:type\" content=\"image\/jpeg\" \/>\n<meta name=\"author\" content=\"elli\" \/>\n<meta name=\"twitter:card\" content=\"summary_large_image\" \/>\n<meta name=\"twitter:creator\" content=\"@elli\" \/>\n<script type=\"application\/ld+json\" class=\"yoast-schema-graph\">{\"@context\":\"https:\\\/\\\/schema.org\",\"@graph\":[{\"@type\":\"Article\",\"@id\":\"https:\\\/\\\/www.meydan.tv\\\/az\\\/article\\\/tir-larla-heyder-eliyev-prospektini-baglayan-ogul-ve-atasina-hokm-oxundu\\\/#article\",\"isPartOf\":{\"@id\":\"https:\\\/\\\/www.meydan.tv\\\/az\\\/article\\\/tir-larla-heyder-eliyev-prospektini-baglayan-ogul-ve-atasina-hokm-oxundu\\\/\"},\"author\":{\"name\":\"elli\",\"@id\":\"https:\\\/\\\/www.meydan.tv\\\/az\\\/#\\\/schema\\\/person\\\/9cdbecf90d17180ce1dfbd95b08dcf47\"},\"headline\":\"TIR-larla Heyd\u0259r \u018fliyev prospektini ba\u011flayan o\u011ful v\u0259 atas\u0131na h\u00f6km oxundu\",\"datePublished\":\"2024-09-23T20:04:49+00:00\",\"dateModified\":\"2024-09-23T20:04:51+00:00\",\"mainEntityOfPage\":{\"@id\":\"https:\\\/\\\/www.meydan.tv\\\/az\\\/article\\\/tir-larla-heyder-eliyev-prospektini-baglayan-ogul-ve-atasina-hokm-oxundu\\\/\"},\"wordCount\":1084,\"publisher\":{\"@id\":\"https:\\\/\\\/www.meydan.tv\\\/az\\\/#organization\"},\"image\":{\"@id\":\"https:\\\/\\\/www.meydan.tv\\\/az\\\/article\\\/tir-larla-heyder-eliyev-prospektini-baglayan-ogul-ve-atasina-hokm-oxundu\\\/#primaryimage\"},\"thumbnailUrl\":\"https:\\\/\\\/www.meydan.tv\\\/wp-content\\\/uploads\\\/410827945_4j7bzkk.jpg\",\"articleSection\":[\"Sosial\",\"X\u0259b\u0259rl\u0259r\"],\"inLanguage\":\"az\"},{\"@type\":\"WebPage\",\"@id\":\"https:\\\/\\\/www.meydan.tv\\\/az\\\/article\\\/tir-larla-heyder-eliyev-prospektini-baglayan-ogul-ve-atasina-hokm-oxundu\\\/\",\"url\":\"https:\\\/\\\/www.meydan.tv\\\/az\\\/article\\\/tir-larla-heyder-eliyev-prospektini-baglayan-ogul-ve-atasina-hokm-oxundu\\\/\",\"name\":\"TIR-larla Heyd\u0259r \u018fliyev prospektini ba\u011flayan o\u011ful v\u0259 atas\u0131na h\u00f6km oxundu - MEYDAN.TV\",\"isPartOf\":{\"@id\":\"https:\\\/\\\/www.meydan.tv\\\/az\\\/#website\"},\"primaryImageOfPage\":{\"@id\":\"https:\\\/\\\/www.meydan.tv\\\/az\\\/article\\\/tir-larla-heyder-eliyev-prospektini-baglayan-ogul-ve-atasina-hokm-oxundu\\\/#primaryimage\"},\"image\":{\"@id\":\"https:\\\/\\\/www.meydan.tv\\\/az\\\/article\\\/tir-larla-heyder-eliyev-prospektini-baglayan-ogul-ve-atasina-hokm-oxundu\\\/#primaryimage\"},\"thumbnailUrl\":\"https:\\\/\\\/www.meydan.tv\\\/wp-content\\\/uploads\\\/410827945_4j7bzkk.jpg\",\"datePublished\":\"2024-09-23T20:04:49+00:00\",\"dateModified\":\"2024-09-23T20:04:51+00:00\",\"description\":\"Hakim Leyla \u018fsg\u0259rova-M\u0259mm\u0259dovan\u0131n s\u0259drliyil\u0259 \u00e7\u0131xar\u0131lan h\u00f6km\u0259 \u0259sas\u0259n, R\u0259mi\u015f C\u0259f\u0259rov 6 il azadl\u0131qdan m\u0259hrum edilib. Onun atas\u0131na is\u0259 \u015f\u0259rti c\u0259za verilib.\",\"breadcrumb\":{\"@id\":\"https:\\\/\\\/www.meydan.tv\\\/az\\\/article\\\/tir-larla-heyder-eliyev-prospektini-baglayan-ogul-ve-atasina-hokm-oxundu\\\/#breadcrumb\"},\"inLanguage\":\"az\",\"potentialAction\":[{\"@type\":\"ReadAction\",\"target\":[\"https:\\\/\\\/www.meydan.tv\\\/az\\\/article\\\/tir-larla-heyder-eliyev-prospektini-baglayan-ogul-ve-atasina-hokm-oxundu\\\/\"]}]},{\"@type\":\"ImageObject\",\"inLanguage\":\"az\",\"@id\":\"https:\\\/\\\/www.meydan.tv\\\/az\\\/article\\\/tir-larla-heyder-eliyev-prospektini-baglayan-ogul-ve-atasina-hokm-oxundu\\\/#primaryimage\",\"url\":\"https:\\\/\\\/www.meydan.tv\\\/wp-content\\\/uploads\\\/410827945_4j7bzkk.jpg\",\"contentUrl\":\"https:\\\/\\\/www.meydan.tv\\\/wp-content\\\/uploads\\\/410827945_4j7bzkk.jpg\",\"width\":1000,\"height\":541,\"caption\":\"Foto: Meydan TV\"},{\"@type\":\"BreadcrumbList\",\"@id\":\"https:\\\/\\\/www.meydan.tv\\\/az\\\/article\\\/tir-larla-heyder-eliyev-prospektini-baglayan-ogul-ve-atasina-hokm-oxundu\\\/#breadcrumb\",\"itemListElement\":[{\"@type\":\"ListItem\",\"position\":1,\"name\":\"Ana s\u0259hif\u0259\",\"item\":\"https:\\\/\\\/www.meydan.tv\\\/az\\\/\"},{\"@type\":\"ListItem\",\"position\":2,\"name\":\"Sosial\",\"item\":\"https:\\\/\\\/www.meydan.tv\\\/az\\\/section\\\/sosial\\\/\"},{\"@type\":\"ListItem\",\"position\":3,\"name\":\"TIR-larla Heyd\u0259r \u018fliyev prospektini ba\u011flayan o\u011ful v\u0259 atas\u0131na h\u00f6km oxundu\"}]},{\"@type\":\"WebSite\",\"@id\":\"https:\\\/\\\/www.meydan.tv\\\/az\\\/#website\",\"url\":\"https:\\\/\\\/www.meydan.tv\\\/az\\\/\",\"name\":\"MEYDAN.TV\",\"description\":\"Meydan TV Az\u0259rbaycan\u0131n media m\u0259kan\u0131ndak\u0131 alternativ s\u0259sidir\",\"publisher\":{\"@id\":\"https:\\\/\\\/www.meydan.tv\\\/az\\\/#organization\"},\"potentialAction\":[{\"@type\":\"SearchAction\",\"target\":{\"@type\":\"EntryPoint\",\"urlTemplate\":\"https:\\\/\\\/www.meydan.tv\\\/az\\\/?s={search_term_string}\"},\"query-input\":{\"@type\":\"PropertyValueSpecification\",\"valueRequired\":true,\"valueName\":\"search_term_string\"}}],\"inLanguage\":\"az\"},{\"@type\":\"Organization\",\"@id\":\"https:\\\/\\\/www.meydan.tv\\\/az\\\/#organization\",\"name\":\"Meydan TV\",\"url\":\"https:\\\/\\\/www.meydan.tv\\\/az\\\/\",\"logo\":{\"@type\":\"ImageObject\",\"inLanguage\":\"az\",\"@id\":\"https:\\\/\\\/www.meydan.tv\\\/az\\\/#\\\/schema\\\/logo\\\/image\\\/\",\"url\":\"https:\\\/\\\/www.meydan.tv\\\/wp-content\\\/uploads\\\/2021\\\/07\\\/meydan-logo.svg\",\"contentUrl\":\"https:\\\/\\\/www.meydan.tv\\\/wp-content\\\/uploads\\\/2021\\\/07\\\/meydan-logo.svg\",\"width\":195,\"height\":46,\"caption\":\"Meydan TV\"},\"image\":{\"@id\":\"https:\\\/\\\/www.meydan.tv\\\/az\\\/#\\\/schema\\\/logo\\\/image\\\/\"}},{\"@type\":\"Person\",\"@id\":\"https:\\\/\\\/www.meydan.tv\\\/az\\\/#\\\/schema\\\/person\\\/9cdbecf90d17180ce1dfbd95b08dcf47\",\"name\":\"elli\",\"sameAs\":[\"https:\\\/\\\/x.com\\\/elli\"]}]}<\/script>\n<!-- \/ Yoast SEO plugin. -->","yoast_head_json":{"title":"TIR-larla Heyd\u0259r \u018fliyev prospektini ba\u011flayan o\u011ful v\u0259 atas\u0131na h\u00f6km oxundu - MEYDAN.TV","description":"Hakim Leyla \u018fsg\u0259rova-M\u0259mm\u0259dovan\u0131n s\u0259drliyil\u0259 \u00e7\u0131xar\u0131lan h\u00f6km\u0259 \u0259sas\u0259n, R\u0259mi\u015f C\u0259f\u0259rov 6 il azadl\u0131qdan m\u0259hrum edilib. Onun atas\u0131na is\u0259 \u015f\u0259rti c\u0259za verilib.","robots":{"index":"index","follow":"follow","max-snippet":"max-snippet:-1","max-image-preview":"max-image-preview:large","max-video-preview":"max-video-preview:-1"},"canonical":"https:\/\/www.meydan.tv\/az\/article\/tir-larla-heyder-eliyev-prospektini-baglayan-ogul-ve-atasina-hokm-oxundu\/","og_locale":"az_AZ","og_type":"article","og_title":"TIR-larla Heyd\u0259r \u018fliyev prospektini ba\u011flayan o\u011ful v\u0259 atas\u0131na h\u00f6km oxundu - MEYDAN.TV","og_description":"Hakim Leyla \u018fsg\u0259rova-M\u0259mm\u0259dovan\u0131n s\u0259drliyil\u0259 \u00e7\u0131xar\u0131lan h\u00f6km\u0259 \u0259sas\u0259n, R\u0259mi\u015f C\u0259f\u0259rov 6 il azadl\u0131qdan m\u0259hrum edilib. Onun atas\u0131na is\u0259 \u015f\u0259rti c\u0259za verilib.","og_url":"https:\/\/www.meydan.tv\/az\/article\/tir-larla-heyder-eliyev-prospektini-baglayan-ogul-ve-atasina-hokm-oxundu\/","og_site_name":"MEYDAN.TV","article_published_time":"2024-09-23T20:04:49+00:00","article_modified_time":"2024-09-23T20:04:51+00:00","og_image":[{"width":1000,"height":541,"url":"https:\/\/www.meydan.tv\/wp-content\/uploads\/410827945_4j7bzkk.jpg","type":"image\/jpeg"}],"author":"elli","twitter_card":"summary_large_image","twitter_creator":"@elli","schema":{"@context":"https:\/\/schema.org","@graph":[{"@type":"Article","@id":"https:\/\/www.meydan.tv\/az\/article\/tir-larla-heyder-eliyev-prospektini-baglayan-ogul-ve-atasina-hokm-oxundu\/#article","isPartOf":{"@id":"https:\/\/www.meydan.tv\/az\/article\/tir-larla-heyder-eliyev-prospektini-baglayan-ogul-ve-atasina-hokm-oxundu\/"},"author":{"name":"elli","@id":"https:\/\/www.meydan.tv\/az\/#\/schema\/person\/9cdbecf90d17180ce1dfbd95b08dcf47"},"headline":"TIR-larla Heyd\u0259r \u018fliyev prospektini ba\u011flayan o\u011ful v\u0259 atas\u0131na h\u00f6km oxundu","datePublished":"2024-09-23T20:04:49+00:00","dateModified":"2024-09-23T20:04:51+00:00","mainEntityOfPage":{"@id":"https:\/\/www.meydan.tv\/az\/article\/tir-larla-heyder-eliyev-prospektini-baglayan-ogul-ve-atasina-hokm-oxundu\/"},"wordCount":1084,"publisher":{"@id":"https:\/\/www.meydan.tv\/az\/#organization"},"image":{"@id":"https:\/\/www.meydan.tv\/az\/article\/tir-larla-heyder-eliyev-prospektini-baglayan-ogul-ve-atasina-hokm-oxundu\/#primaryimage"},"thumbnailUrl":"https:\/\/www.meydan.tv\/wp-content\/uploads\/410827945_4j7bzkk.jpg","articleSection":["Sosial","X\u0259b\u0259rl\u0259r"],"inLanguage":"az"},{"@type":"WebPage","@id":"https:\/\/www.meydan.tv\/az\/article\/tir-larla-heyder-eliyev-prospektini-baglayan-ogul-ve-atasina-hokm-oxundu\/","url":"https:\/\/www.meydan.tv\/az\/article\/tir-larla-heyder-eliyev-prospektini-baglayan-ogul-ve-atasina-hokm-oxundu\/","name":"TIR-larla Heyd\u0259r \u018fliyev prospektini ba\u011flayan o\u011ful v\u0259 atas\u0131na h\u00f6km oxundu - MEYDAN.TV","isPartOf":{"@id":"https:\/\/www.meydan.tv\/az\/#website"},"primaryImageOfPage":{"@id":"https:\/\/www.meydan.tv\/az\/article\/tir-larla-heyder-eliyev-prospektini-baglayan-ogul-ve-atasina-hokm-oxundu\/#primaryimage"},"image":{"@id":"https:\/\/www.meydan.tv\/az\/article\/tir-larla-heyder-eliyev-prospektini-baglayan-ogul-ve-atasina-hokm-oxundu\/#primaryimage"},"thumbnailUrl":"https:\/\/www.meydan.tv\/wp-content\/uploads\/410827945_4j7bzkk.jpg","datePublished":"2024-09-23T20:04:49+00:00","dateModified":"2024-09-23T20:04:51+00:00","description":"Hakim Leyla \u018fsg\u0259rova-M\u0259mm\u0259dovan\u0131n s\u0259drliyil\u0259 \u00e7\u0131xar\u0131lan h\u00f6km\u0259 \u0259sas\u0259n, R\u0259mi\u015f C\u0259f\u0259rov 6 il azadl\u0131qdan m\u0259hrum edilib. Onun atas\u0131na is\u0259 \u015f\u0259rti c\u0259za verilib.","breadcrumb":{"@id":"https:\/\/www.meydan.tv\/az\/article\/tir-larla-heyder-eliyev-prospektini-baglayan-ogul-ve-atasina-hokm-oxundu\/#breadcrumb"},"inLanguage":"az","potentialAction":[{"@type":"ReadAction","target":["https:\/\/www.meydan.tv\/az\/article\/tir-larla-heyder-eliyev-prospektini-baglayan-ogul-ve-atasina-hokm-oxundu\/"]}]},{"@type":"ImageObject","inLanguage":"az","@id":"https:\/\/www.meydan.tv\/az\/article\/tir-larla-heyder-eliyev-prospektini-baglayan-ogul-ve-atasina-hokm-oxundu\/#primaryimage","url":"https:\/\/www.meydan.tv\/wp-content\/uploads\/410827945_4j7bzkk.jpg","contentUrl":"https:\/\/www.meydan.tv\/wp-content\/uploads\/410827945_4j7bzkk.jpg","width":1000,"height":541,"caption":"Foto: Meydan TV"},{"@type":"BreadcrumbList","@id":"https:\/\/www.meydan.tv\/az\/article\/tir-larla-heyder-eliyev-prospektini-baglayan-ogul-ve-atasina-hokm-oxundu\/#breadcrumb","itemListElement":[{"@type":"ListItem","position":1,"name":"Ana s\u0259hif\u0259","item":"https:\/\/www.meydan.tv\/az\/"},{"@type":"ListItem","position":2,"name":"Sosial","item":"https:\/\/www.meydan.tv\/az\/section\/sosial\/"},{"@type":"ListItem","position":3,"name":"TIR-larla Heyd\u0259r \u018fliyev prospektini ba\u011flayan o\u011ful v\u0259 atas\u0131na h\u00f6km oxundu"}]},{"@type":"WebSite","@id":"https:\/\/www.meydan.tv\/az\/#website","url":"https:\/\/www.meydan.tv\/az\/","name":"MEYDAN.TV","description":"Meydan TV Az\u0259rbaycan\u0131n media m\u0259kan\u0131ndak\u0131 alternativ s\u0259sidir","publisher":{"@id":"https:\/\/www.meydan.tv\/az\/#organization"},"potentialAction":[{"@type":"SearchAction","target":{"@type":"EntryPoint","urlTemplate":"https:\/\/www.meydan.tv\/az\/?s={search_term_string}"},"query-input":{"@type":"PropertyValueSpecification","valueRequired":true,"valueName":"search_term_string"}}],"inLanguage":"az"},{"@type":"Organization","@id":"https:\/\/www.meydan.tv\/az\/#organization","name":"Meydan TV","url":"https:\/\/www.meydan.tv\/az\/","logo":{"@type":"ImageObject","inLanguage":"az","@id":"https:\/\/www.meydan.tv\/az\/#\/schema\/logo\/image\/","url":"https:\/\/www.meydan.tv\/wp-content\/uploads\/2021\/07\/meydan-logo.svg","contentUrl":"https:\/\/www.meydan.tv\/wp-content\/uploads\/2021\/07\/meydan-logo.svg","width":195,"height":46,"caption":"Meydan TV"},"image":{"@id":"https:\/\/www.meydan.tv\/az\/#\/schema\/logo\/image\/"}},{"@type":"Person","@id":"https:\/\/www.meydan.tv\/az\/#\/schema\/person\/9cdbecf90d17180ce1dfbd95b08dcf47","name":"elli","sameAs":["https:\/\/x.com\/elli"]}]}},"_links":{"self":[{"href":"https:\/\/www.meydan.tv\/az\/wp-json\/wp\/v2\/posts\/316290","targetHints":{"allow":["GET"]}}],"collection":[{"href":"https:\/\/www.meydan.tv\/az\/wp-json\/wp\/v2\/posts"}],"about":[{"href":"https:\/\/www.meydan.tv\/az\/wp-json\/wp\/v2\/types\/post"}],"author":[{"embeddable":true,"href":"https:\/\/www.meydan.tv\/az\/wp-json\/wp\/v2\/users\/8"}],"replies":[{"embeddable":true,"href":"https:\/\/www.meydan.tv\/az\/wp-json\/wp\/v2\/comments?post=316290"}],"version-history":[{"count":1,"href":"https:\/\/www.meydan.tv\/az\/wp-json\/wp\/v2\/posts\/316290\/revisions"}],"predecessor-version":[{"id":316291,"href":"https:\/\/www.meydan.tv\/az\/wp-json\/wp\/v2\/posts\/316290\/revisions\/316291"}],"wp:featuredmedia":[{"embeddable":true,"href":"https:\/\/www.meydan.tv\/az\/wp-json\/wp\/v2\/media\/131384"}],"wp:attachment":[{"href":"https:\/\/www.meydan.tv\/az\/wp-json\/wp\/v2\/media?parent=316290"}],"wp:term":[{"taxonomy":"category","embeddable":true,"href":"https:\/\/www.meydan.tv\/az\/wp-json\/wp\/v2\/categories?post=316290"},{"taxonomy":"post_tag","embeddable":true,"href":"https:\/\/www.meydan.tv\/az\/wp-json\/wp\/v2\/tags?post=316290"}],"curies":[{"name":"wp","href":"https:\/\/api.w.org\/{rel}","templated":true}]}}