{"id":316286,"date":"2024-09-23T19:14:05","date_gmt":"2024-09-23T15:14:05","guid":{"rendered":"https:\/\/www.meydan.tv\/?p=316286"},"modified":"2024-09-23T19:14:10","modified_gmt":"2024-09-23T15:14:10","slug":"umumiyyetle-olkeni-simali-koreya-turkmenistan-kimi-qapatsinlar","status":"publish","type":"post","link":"https:\/\/www.meydan.tv\/az\/article\/umumiyyetle-olkeni-simali-koreya-turkmenistan-kimi-qapatsinlar\/","title":{"rendered":"&#8220;\u00dcmumiyy\u0259tl\u0259, \u00f6lk\u0259ni\u00a0 \u015eimali Koreya, T\u00fcrkm\u0259nistan kimi qapats\u0131nlar&#8230;&#8221;"},"content":{"rendered":"\n<p><\/p>\n\n\n\n<p><strong><br><em>&#8220;\u2026qurulmu\u015f oyuna ox\u015fay\u0131r, m\u0259qs\u0259d sahibkarlar\u0131n \u0259mlaklar\u0131n\u0131 \u0259l\u0259 ke\u00e7irm\u0259kdir&#8221;<\/em><\/strong><\/p>\n\n\n\n<p>Az\u0259rbaycan Prezidenti \u0130lham \u018fliyev sentyabr\u0131n 23-d\u0259 quru s\u0259rh\u0259dl\u0259rin ba\u011fl\u0131 qalmas\u0131na bir daha toxunub.<\/p>\n\n\n\n<p>\u018fliyev iddia edib ki, son ill\u0259r \u0259rzind\u0259 quru s\u0259rh\u0259dl\u0259rin ba\u011fl\u0131 olmas\u0131 Az\u0259rbaycan\u0131 \u00e7ox b\u00f6y\u00fck f\u0259lak\u0259tl\u0259rd\u0259n <a href=\"https:\/\/www.meydan.tv\/az\/article\/eliyev-milli-meclisin-ilk-iclasinda-bize-qarsi-yeni-plan-hazirlanir\/\" target=\"_blank\" rel=\"noreferrer noopener\">xilas edib<\/a>:<\/p>\n\n\n\n<p><em>&#8220;H\u0259tta bu g\u00fcn \u2013 s\u0259rh\u0259dl\u0259r ba\u011fl\u0131 olan vaxtda t\u0259hl\u00fck\u0259li h\u0259r\u0259k\u0259tl\u0259r apar\u0131l\u0131r v\u0259 bu h\u0259r\u0259k\u0259tl\u0259rin qar\u015f\u0131s\u0131 al\u0131n\u0131r. S\u0259rh\u0259dl\u0259rimizin qorunmas\u0131 bizi xarici riskl\u0259rd\u0259n qoruyacaq. Az\u0259rbaycanda daxili riskl\u0259r yoxdur. Az\u0259rbaycanda t\u0259hl\u00fck\u0259sizlik, \u0259min-amanl\u0131q uzun ill\u0259rdir ki, t\u0259min edilir, sabitlik b\u00fct\u00fcn d\u00fcnya \u00fc\u00e7\u00fcn n\u00fcmun\u0259 ola bil\u0259r. H\u0259r k\u0259s bilir ki, \u0259g\u0259r sabitlik olmasa, he\u00e7 bir \u00f6lk\u0259 inki\u015faf ed\u0259 bilm\u0259z. Bu g\u00fcn sabitliyi pozulan \u00f6lk\u0259l\u0259rin v\u0259ziyy\u0259tini v\u0259 aqib\u0259tini h\u0259r k\u0259s yax\u015f\u0131 g\u00f6r\u00fcr. Bu, t\u0259hl\u00fck\u0259sizliyin, inki\u015faf\u0131n, xarici s\u0259rmay\u0259nin c\u0259lb edilm\u0259si \u00fc\u00e7\u00fcn ba\u015fl\u0131ca \u015f\u0259rtdir&#8221;<\/em>.<\/p>\n\n\n\n<p>Ancaq \u00f6lk\u0259 ba\u015f\u00e7\u0131s\u0131 hans\u0131 riskl\u0259rin oldu\u011funu sadalamay\u0131b.<\/p>\n\n\n\n<p>Sonuncu d\u0259f\u0259 Ba\u015f nazir \u018fli \u018fs\u0259dov iyunun 24-d\u0259 imzalad\u0131\u011f\u0131 <a href=\"https:\/\/www.meydan.tv\/az\/article\/azerbaycanda-quru-serhedler-oktyabra-qeder-bagli-qalacaq\/\" target=\"_blank\" rel=\"noreferrer noopener\">q\u0259rara<\/a> \u0259sas\u0259n, COVID-19 virusunun \u00f6lk\u0259 \u0259razisind\u0259 yay\u0131lmas\u0131n\u0131n, onun t\u00f6r\u0259d\u0259 bil\u0259c\u0259yi f\u0259sadlar\u0131n qar\u015f\u0131s\u0131n\u0131n al\u0131nmas\u0131 m\u0259qs\u0259dil\u0259 Az\u0259rbaycan \u0259razisind\u0259 x\u00fcsusi karantin rejiminin m\u00fcdd\u0259ti 2024-c\u00fc il 1 oktyabr saat 06:00-d\u0259k uzad\u0131l\u0131b.<\/p>\n\n\n\n<p>2024-c\u00fc il aprelin 23-d\u0259 d\u0259 Prezident \u0130lham \u018fliyev quru s\u0259rh\u0259dl\u0259rin ba\u011fl\u0131 qalmas\u0131n\u0131 t\u0259hl\u00fck\u0259sizlikl\u0259 \u0259laq\u0259l\u0259ndirmi\u015fdi.<\/p>\n\n\n\n<p>Prezident ADA Universitetind\u0259 t\u0259\u015fkil olunan \u201cCOP29 v\u0259 Az\u0259rbaycan \u00fc\u00e7\u00fcn Ya\u015f\u0131l Bax\u0131\u015f\u201d m\u00f6vzusunda beyn\u0259lxalq forumda \u00e7\u0131x\u0131\u015f\u0131nda demi\u015fdi ki, quru s\u0259rh\u0259dl\u0259rin m\u00fc\u0259yy\u0259n d\u00f6vrd\u0259 ba\u011fl\u0131 qalmas\u0131ndan sonra Az\u0259rbaycanda t\u0259hl\u00fck\u0259sizliyin g\u00fccl\u0259ndiyini g\u00f6r\u00fcrl\u0259r:<\/p>\n\n\n\n<p><em>\u201c\u018fvv\u0259lki vaxtlarda bir \u00e7ox hallar m\u00fc\u015fahid\u0259 olunub. Onlar\u0131n b\u0259zil\u0259ri ictimaiyy\u0259t\u0259 a\u00e7\u0131qlan\u0131b, b\u0259zil\u0259ri is\u0259 a\u00e7\u0131qlanmay\u0131b\u201d<\/em>.<\/p>\n\n\n\n<p><em>\u201cBiz k\u0259nardan g\u0259l\u0259n ciddi t\u0259hdidl\u0259r v\u0259 probleml\u0259rl\u0259 \u00fczl\u0259\u015fmi\u015fdik. Bizim b\u00fct\u00fcn potensial riskl\u0259rimizin k\u0259nardan g\u0259ldiyini s\u00f6yl\u0259dikd\u0259 m\u0259n bunu n\u0259z\u0259rd\u0259 tuturdum\u201d<\/em>, \u2013 \u018fliyev bel\u0259 <a href=\"https:\/\/storage.googleapis.com\/qurium\/www.meydan.tv\/az-article-siyasi-serhci-ilham-eliyev-xalqa-dogru-melumat-verilmediyini-etiraf-etdi.html\" target=\"_blank\" rel=\"noreferrer noopener\">\u0259lav\u0259 edib<\/a>.<\/p>\n\n\n\n<p><strong>&#8220;Hakimiyy\u0259t SSR\u0130 kimi qapal\u0131 c\u0259miyy\u0259t v\u0259 d\u00f6vl\u0259t yaratmaq ist\u0259yir&#8221;<\/strong><\/p>\n\n\n\n<p>Milli \u015euran\u0131n s\u0259dri C\u0259mil H\u0259s\u0259nli Meydan TV-nin sor\u011fusuna cavab\u0131nda deyib ki, \u0259g\u0259r do\u011frudan da, quru s\u0259rh\u0259dl\u0259r xarici riskl\u0259rl\u0259 ba\u011fl\u0131d\u0131rsa, s\u0259b\u0259bl\u0259rini niy\u0259 bel\u0259 g\u00f6st\u0259rmir, faktiki olaraq h\u00f6kum\u0259t xalqa yalan m\u0259lumat verir:<\/p>\n\n\n\n<p><em>&#8220;Niy\u0259 Ba\u015f nazir q\u0259rar\u0131nda quru s\u0259rh\u0259dl\u0259rin ba\u011fl\u0131 qalmas\u0131n\u0131 pandemiya il\u0259 \u0259laq\u0259l\u0259ndirir, guya xalq\u0131n sa\u011flaml\u0131\u011f\u0131n\u0131 qoruyurlar. \u018fg\u0259r xarici riskl\u0259r varsa, bunlar\u0131 xalqa izah etm\u0259k laz\u0131md\u0131r. \u00dcmumiyy\u0259tl\u0259, xarici riskl\u0259r yaln\u0131z Az\u0259rbaycana aiddir, niy\u0259 G\u00fcrc\u00fcstan\u0131n, T\u00fcrkiy\u0259nin, Erm\u0259nistan\u0131n, \u0130ran\u0131n, h\u0259tta m\u00fcharib\u0259 aparan Rusiya v\u0259 Ukraynan\u0131n s\u0259rh\u0259dl\u0259ri ba\u011fl\u0131 deyil?!&#8221;<\/em>.<\/p>\n\n\n\n<p>C\u0259mil H\u0259s\u0259nli \u0130lham \u018fliyevin xarici riskl\u0259rl\u0259 ba\u011fl\u0131 s\u00f6yl\u0259dikl\u0259rini b\u0259han\u0259 adland\u0131r\u0131b:<\/p>\n\n\n<div class=\"wp-block-image\">\n<figure class=\"alignright size-large is-resized\"><img decoding=\"async\" width=\"1200\" height=\"675\" data-src=\"https:\/\/www.meydan.tv\/wp-content\/uploads\/40512-1200x675.png\" alt=\"C\u0259mil H\u0259s\u0259nli\" class=\"wp-image-102270 lazyload\" style=\"--smush-placeholder-width: 1200px; --smush-placeholder-aspect-ratio: 1200\/675;width:409px;height:auto\" src=\"data:image\/svg+xml;base64,PHN2ZyB3aWR0aD0iMSIgaGVpZ2h0PSIxIiB4bWxucz0iaHR0cDovL3d3dy53My5vcmcvMjAwMC9zdmciPjwvc3ZnPg==\" \/><figcaption class=\"wp-element-caption\">Foto: Meydan TV<\/figcaption><\/figure>\n<\/div>\n\n\n<p><em>&#8220;N\u0259 pandemiya, n\u0259 d\u0259 xarici riskl\u0259r var. Hakimiyy\u0259t \u00f6t\u0259n \u0259srin 30-50-ci ill\u0259rind\u0259ki SSR\u0130 kimi qapal\u0131 c\u0259miyy\u0259t v\u0259 d\u00f6vl\u0259t yaratmaq ist\u0259yir. Bu is\u0259 Az\u0259rbaycan Konstitusiyas\u0131na ziddir, \u00e7\u00fcnki Ana Yasada \u0259halinin h\u0259r\u0259k\u0259t azadl\u0131\u011f\u0131 var. \u0130kincisi, xarici risk varsa, bu, hava yolu il\u0259 t\u0259sir ed\u0259 bilm\u0259zmi? Yaln\u0131z quru yolla t\u0259sir ed\u0259 bil\u0259r? \u018fslind\u0259, bu, avtoritarizm v\u0259 totalitarizm ist\u0259kl\u0259rind\u0259n ir\u0259li g\u0259l\u0259n add\u0131md\u0131r. \u00c7\u00fcnki qapal\u0131, d\u00fcnya il\u0259 \u0259laq\u0259si k\u0259sil\u0259n \u00f6lk\u0259ni idar\u0259 etm\u0259k daha asand\u0131r. Maraql\u0131d\u0131r ki, \u0130lham \u018fliyev aprelin 23-d\u0259 bunu xarici t\u0259hl\u00fck\u0259l\u0259rl\u0259 ba\u011flad\u0131, amma iyunun 24-d\u0259 Ba\u015f nazir s\u0259r\u0259ncam\u0131nda pandemiyan\u0131 s\u0259b\u0259b g\u00f6st\u0259rdi. Sual yaran\u0131r:\u00a0 \u018fliyev, yoxsa \u018fs\u0259dov d\u00fcz dan\u0131\u015f\u0131r? \u00dcmumiyy\u0259tl\u0259, xalqa niy\u0259 yalan m\u0259lumat verirl\u0259r?&#8221;<\/em>.<\/p>\n\n\n\n<p><em>&#8220;Noyabrda Az\u0259rbaycanda COP29 konfrans\u0131 ke\u00e7irl\u0259c\u0259k, 50 min\u0259 yax\u0131n qonaq g\u0259l\u0259c\u0259k. \u018fg\u0259r xarici risk varsa, niy\u0259 &#8220;Formula-1&#8243;, yaxud COP29 ke\u00e7irilir? Xarici risk uydurmas\u0131 Az\u0259rbaycan xalq\u0131n\u0131 as\u0131l\u0131l\u0131qda saxlama\u011fa g\u00f6r\u0259dir? S\u0259rh\u0259dl\u0259rin ba\u011fl\u0131 qalmas\u0131 \u0259n \u00e7ox z\u0259rb\u0259 s\u0259rh\u0259dyan\u0131 rayonlarda ya\u015fayanlara olur, \u00e7\u00fcnki onlar qon\u015fu respublikalarla ticar\u0259t \u0259laq\u0259l\u0259rind\u0259n ayr\u0131 d\u00fc\u015f\u00fcrl\u0259r. B\u0259lk\u0259, \u018fliyevl\u0259rin ticar\u0259t \u015f\u0259b\u0259k\u0259l\u0259ri \u00fc\u00e7\u00fcn m\u00fc\u0259yy\u0259n risk yarand\u0131\u011f\u0131ndan bu mexanizmi i\u015f\u0259 sal\u0131blar. Y\u0259ni ham\u0131 onlar\u0131n ticar\u0259t marketl\u0259rind\u0259n mal alma\u011fa m\u0259cbur edilir&#8221;<\/em>, &#8211; dey\u0259 H\u0259s\u0259nli \u0259lav\u0259 edib.<\/p>\n\n\n\n<p>Onun s\u00f6zl\u0259rin\u0259 g\u00f6r\u0259, riskl\u0259r s\u0259b\u0259bind\u0259n insanlar yaln\u0131z hava n\u0259qliyyat\u0131ndan istifad\u0259 edir, o da hakim ail\u0259nin n\u0259zar\u0259tind\u0259dirs\u0259, onda bunun izah\u0131n\u0131 versinl\u0259r ki, t\u0259yyar\u0259 biletl\u0259ri n\u0259d\u0259n bahad\u0131r:<\/p>\n\n\n\n<p><em>&#8220;H\u0259tta Az\u0259rbaycana u\u00e7an xarici \u015firk\u0259tl\u0259rin t\u0259yyar\u0259l\u0259rin\u0259 \u00f6z qiym\u0259tl\u0259rini dikt\u0259 edirl\u0259r. M\u0259s\u0259l\u0259n, T\u00fcrk Hava Hala Yollar\u0131 il\u0259 Berlin\u0259, Paris\u0259 u\u00e7maq, \u0130stanbuldan Bak\u0131ya u\u00e7maqdan qat-qat ucuzdur. Yaxud Tbilisid\u0259n \u0130stanbula, ba\u015fqa Avropa \u015f\u0259h\u0259rl\u0259rin\u0259 50-70 avroya u\u00e7a bilirl\u0259r, amma az\u0259rbaycanl\u0131lar Bak\u0131dan Londona 1150 dollar \u00f6d\u0259m\u0259li olur. \u00c7\u00fcnki h\u00f6kum\u0259t onlara bel\u0259 limit qoyub. Dem\u0259li, bunlar \u018fliyevl\u0259rin ist\u0259k v\u0259 arzular\u0131ndan ir\u0259li g\u0259lir&#8221;<\/em>.<\/p>\n\n\n\n<p><strong><em>&#8220;\u018fliyevin dedikl\u0259ri yet\u0259rsiz, qeyri-s\u0259mimi v\u0259 h\u0259tta \u00f6zl\u0259rini if\u015fa ed\u0259c\u0259k a\u00e7\u0131qlamad\u0131r&#8221;<\/em><\/strong><\/p>\n\n\n\n<p>Siyasi Menecment \u0130nstitutunun direktoru Az\u0259r Qas\u0131ml\u0131 hesab edir ki, \u00f6lk\u0259 ba\u015f\u00e7\u0131s\u0131 xarici risk deyirs\u0259, bu m\u0259s\u0259l\u0259ni konkretl\u0259\u015fdirm\u0259lidir:<\/p>\n\n\n\n<p><em>&#8220;Ayd\u0131nd\u0131r ki, d\u00fcnyada riskl\u0259r \u00e7oxdur, Az\u0259rbaycan da riskli b\u00f6lg\u0259d\u0259 yerl\u0259\u015fir. C\u0259nubi Qafqazda qlobal oyun\u00e7ular olan \u00c7inin, AB\u015e-nin maraqlar\u0131 h\u0259r zaman olub v\u0259 olacaq da. \u0130ndi buna g\u00f6r\u0259 quru s\u0259rh\u0259dl\u0259ri qapatmal\u0131d\u0131rlar? Yaxud riskl\u0259r varsa, hava s\u0259rh\u0259dl\u0259rini d\u0259 ba\u011flamal\u0131y\u0131q. O zaman \u00fcmumiyy\u0259tl\u0259, \u00f6lk\u0259ni qapats\u0131nlar, \u015eimali Koreya, T\u00fcrkm\u0259nistan kimi. Az\u0259rbaycan\u0131n g\u00f6mr\u00fck, s\u0259rh\u0259d ke\u00e7id m\u0259nt\u0259q\u0259l\u0259ri var, kims\u0259 n\u0259s\u0259 g\u0259tirirs\u0259, onda el\u0259 s\u0259rh\u0259dl\u0259r ba\u011fl\u0131 olanda da ke\u00e7ir\u0259 bil\u0259r&#8221;<\/em>.<\/p>\n\n\n\n<p>Az\u0259r Qas\u0131ml\u0131n\u0131n dediyin\u0259 g\u00f6r\u0259, ba\u015fqa \u00f6lk\u0259l\u0259rin v\u0259t\u0259nda\u015flar\u0131 Az\u0259rbaycana quru s\u0259rh\u0259dl\u0259rd\u0259n ke\u00e7\u0259 bilirl\u0259r:<\/p>\n\n\n<div class=\"wp-block-image\">\n<figure class=\"alignleft size-large is-resized\"><img decoding=\"async\" data-src=\"https:\/\/www.meydan.tv\/wp-content\/uploads\/img_7646-1200x800.jpg\" alt=\"Az\u0259r Qas\u0131ml\u0131\" class=\"wp-image-210058 lazyload\" style=\"--smush-placeholder-width: 1200px; --smush-placeholder-aspect-ratio: 1200\/800;width:448px;height:auto\" src=\"data:image\/svg+xml;base64,PHN2ZyB3aWR0aD0iMSIgaGVpZ2h0PSIxIiB4bWxucz0iaHR0cDovL3d3dy53My5vcmcvMjAwMC9zdmciPjwvc3ZnPg==\" \/><figcaption class=\"wp-element-caption\">Az\u0259r Qas\u0131ml\u0131, Foto: Meydan Tv<\/figcaption><\/figure>\n<\/div>\n\n\n<p><em>&#8220;Y\u0259ni quru s\u0259rh\u0259dl\u0259r yaln\u0131z Az\u0259rbaycan v\u0259t\u0259nda\u015flar\u0131 \u00fc\u00e7\u00fcn ba\u011fl\u0131d\u0131r. Statistika var ki, son 4 ild\u0259 minl\u0259rl\u0259 insan quru s\u0259rh\u0259dl\u0259r vasit\u0259sil\u0259 Az\u0259rbaycana g\u0259l\u0259 bilib. Onsuz da xarici v\u0259t\u0259nda\u015f g\u0259l\u0259nd\u0259 yoxlamadan ke\u00e7ir d\u0259. \u00d6lk\u0259 v\u0259t\u0259nda\u015f\u0131na bu m\u00fcnasib\u0259t Konstitusiyaya ziddir&#8221;<\/em>.<\/p>\n\n\n\n<p>Az\u0259r Qas\u0131ml\u0131 hesab edir ki, \u018fliyev risk dey\u0259nd\u0259 m\u00fcharib\u0259ni n\u0259z\u0259rd\u0259 tutursa, Rusiya-Ukrayna sava\u015f\u0131 Az\u0259rbaycan s\u0259rh\u0259dl\u0259rind\u0259n tamamil\u0259 uzaqdad\u0131r:<\/p>\n\n\n\n<p><em>&#8220;T\u0259krar edir\u0259m ki, risk varsa, s\u0259rh\u0259dl\u0259rin m\u00fchafiz\u0259sini g\u00fccl\u0259ndirsinl\u0259r, qapatmas\u0131nlar. Ona g\u00f6r\u0259 \u018fliyevin dedikl\u0259ri yet\u0259rsiz, qeyri-s\u0259mimi v\u0259 h\u0259tta \u00f6zl\u0259rini if\u015fa ed\u0259c\u0259k a\u00e7\u0131qlamad\u0131r. \u00c7\u00fcnki Ba\u015f nazirin sonuncu s\u0259r\u0259ncam\u0131nda pandemiyaya g\u00f6r\u0259 ba\u011fl\u0131 qald\u0131\u011f\u0131 qeyd olunub. Pandemiyan\u0131n bitdiyini bilirl\u0259r, indi d\u0259 riskl\u0259rd\u0259n dan\u0131\u015f\u0131rlar. Sabah da dey\u0259c\u0259k ki, xaric\u0259 ged\u0259nl\u0259r DTX-dan icaz\u0259 als\u0131nlar, T\u00fcrkm\u0259nistanda oldu\u011fu kimi. SSR\u0130-d\u0259 d\u0259 var idi. M\u0259n hakimiyy\u0259td\u0259n bunu g\u00f6zl\u0259yir\u0259m. \u00d6lk\u0259d\u0259 diktatura rejimi qurulur v\u0259 riskl\u0259rd\u0259n dan\u0131\u015f\u0131rlar. Halbuki riskl\u0259r h\u0259mi\u015f\u0259 olub v\u0259 olacaq&#8221;<\/em>.<\/p>\n\n\n\n<p><strong>&#8220;\u018fliyev hakimiyy\u0259ti bir daha s\u00fcbut etdi ki&#8230;&#8221;<\/strong><\/p>\n\n\n\n<p>T\u0259hl\u00fck\u0259sizlik m\u0259s\u0259l\u0259l\u0259ri \u00fczr\u0259 ekspert \u018fr\u0259stun Oruclu deyir ki, n\u0259hay\u0259t, d\u00f6vl\u0259t orqanlar\u0131n\u0131n Az\u0259rbaycan xalq\u0131n\u0131 aldatmalar\u0131 ayd\u0131n olub:<\/p>\n\n\n\n<p><em>\u201c\u00d6z\u00fc d\u0259 bu, d\u00f6vl\u0259tin birinci \u015f\u0259xsi t\u0259r\u0259find\u0259n s\u0259sl\u0259ndirilir. \u018fg\u0259r, do\u011frudan da, s\u0259rh\u0259dl\u0259rin ba\u011fl\u0131 saxlan\u0131lmas\u0131 t\u0259hl\u00fck\u0259sizlik m\u0259qs\u0259di il\u0259 h\u0259yata ke\u00e7irilirdis\u0259, bunu c\u0259miyy\u0259t\u0259 bel\u0259 d\u0259 dem\u0259k laz\u0131m idi. Y\u0259ni \u018fliyev hakimiyy\u0259ti bir daha s\u00fcbut etdi ki, onun hakimiyy\u0259ti xalq\u0131 daim aldad\u0131b v\u0259 indi d\u0259 aldatmaqda davam edir\u201d.<\/em><\/p>\n\n\n\n<p>Onun fikrinc\u0259, sentyabr\u0131n 23-d\u0259 bu a\u00e7\u0131qlaman\u0131n s\u0259sl\u0259ndirilm\u0259si Qusar rayonunda ba\u015f ver\u0259n hadis\u0259l\u0259rl\u0259 ba\u011fl\u0131d\u0131r:<\/p>\n\n\n\n<p><em>\u201cQusar hadis\u0259l\u0259rini guya h\u0259min t\u0259hdidin bir \u0259lam\u0259ti kimi t\u0259qdim edirl\u0259r. \u018fslind\u0259, bu hadis\u0259nin arxas\u0131nda Yalamada, s\u0259rh\u0259d ke\u00e7id m\u0259nt\u0259q\u0259sinin qar\u015f\u0131s\u0131nda onlarla sahibkar\u0131n m\u00fclk\u00fcn\u0259 \u0259l qoymaq \u0259m\u0259liyyat\u0131 ke\u00e7irilir. Bunu da ed\u0259n \u018fliyev\u0259 birba\u015fa ba\u011fl\u0131 olan rusiyal\u0131 milyarder Qod Nisanovun oldu\u011fu deyilir, h\u0259m\u00e7inin bu i\u015fd\u0259 texniki t\u0259r\u0259fi Qusar\u0131n icra ba\u015f\u00e7\u0131s\u0131 h\u0259yata ke\u00e7irir. G\u00f6r\u00fcn\u00fcr, uydurma \u0259m\u0259liyyatda m\u0259qs\u0259d d\u0259 m\u0259hz insanlar\u0131 t\u0259hdid etm\u0259kdir, \u0259mlaklar\u0131n\u0131 verm\u0259y\u0259n sahibkarlar\u0131 terror\u00e7uluqla qorxudub m\u00fclkl\u0259rin\u0259 sahib \u00e7\u0131xmaqd\u0131r\u201d<\/em>.<\/p>\n\n\n\n<p>\u018fr\u0259stun Oruclu sual edir:<\/p>\n\n\n<div class=\"wp-block-image\">\n<figure class=\"alignright size-full is-resized\"><img decoding=\"async\" width=\"721\" height=\"701\" data-src=\"https:\/\/www.meydan.tv\/wp-content\/uploads\/118728382_357734925398062_7336660153914955853_n.png\" alt=\"\u018fr\u0259stun Oruclu\" class=\"wp-image-147329 lazyload\" style=\"--smush-placeholder-width: 721px; --smush-placeholder-aspect-ratio: 721\/701;width:423px;height:auto\" src=\"data:image\/svg+xml;base64,PHN2ZyB3aWR0aD0iMSIgaGVpZ2h0PSIxIiB4bWxucz0iaHR0cDovL3d3dy53My5vcmcvMjAwMC9zdmciPjwvc3ZnPg==\" \/><figcaption class=\"wp-element-caption\">\u018fr\u0259stun Oruclu, M\u0259nb\u0259:  Meydan TV<\/figcaption><\/figure>\n<\/div>\n\n\n<p><em>\u201cG\u00fcrc\u00fcstan\u0131n, Erm\u0259nistan\u0131n, T\u00fcrkm\u0259nistan istisna olmaqla Orta Asiyada dig\u0259r \u00f6lk\u0259l\u0259rin d\u0259 s\u0259rh\u0259dl\u0259ri a\u00e7\u0131qd\u0131r, n\u0259 ba\u015f verib? Niy\u0259 m\u0259hz bu t\u0259hl\u00fck\u0259 guya Az\u0259rbaycana olur? \u018fliyevin bug\u00fcnk\u00fc a\u00e7\u0131qlamas\u0131n\u0131n arxas\u0131nda ba\u015fqa niyy\u0259t d\u0259 var, Rusiyada miqrantlar haqda qanuna d\u0259yi\u015fiklikl\u0259r edilib. Kreml elan etdi ki, 700-800 min miqrant deportasiya olunacaq, onlar\u0131n bir hiss\u0259si d\u0259 az\u0259rbaycanl\u0131lard\u0131r. S\u00f6hb\u0259t onminl\u0259rl\u0259 az\u0259rbaycanl\u0131n\u0131n \u00f6lk\u0259y\u0259 qay\u0131tmas\u0131ndan gedir. \u0130ndiki i\u015fsizlik \u015f\u0259raitind\u0259 onlar\u0131n Az\u0259rbaycana g\u0259l\u0259c\u0259yi t\u0259qdird\u0259 n\u0259 ed\u0259c\u0259yi b\u00f6y\u00fck suallar do\u011furur. \u0130ll\u0259rdir ki, biz bu m\u0259s\u0259l\u0259l\u0259ri qald\u0131r\u0131rd\u0131q, amma niy\u0259 m\u0259hz bu g\u00fcn reaksiya verm\u0259si h\u0259m Qusarda onlarla insan\u0131n \u0259mlak\u0131n\u0131n zorla \u0259l\u0259 ke\u00e7irilm\u0259si, h\u0259m d\u0259 miqrant m\u0259s\u0259l\u0259sidir. D\u00f6vl\u0259t ba\u015f\u00e7\u0131s\u0131 h\u0259m d\u0259 s\u0259rh\u0259dl\u0259rin h\u0259l\u0259 ba\u011fl\u0131 qalaca\u011f\u0131 mesaj\u0131n\u0131 verdi. N\u0259yin namin\u0259? \u018fliyev sabitlik namin\u0259 bunu etdiyini deyir, bel\u0259 \u00e7\u0131x\u0131r ki, \u00f6lk\u0259d\u0259n did\u0259rgin sal\u0131nan y\u00fczminl\u0259rl\u0259 insan\u0131n dogma yurdlar\u0131na burax\u0131lmamas\u0131 namin\u0259 bunu edir. Budurmu sabitlik? Yaxud \u018fliyev \u00f6lk\u0259 daxilind\u0259 sabitliyin pozulmas\u0131 \u00fc\u00e7\u00fcn he\u00e7 bir z\u0259minin olmad\u0131\u011f\u0131n\u0131 bildirir&#8221;<\/em>.<\/p>\n\n\n\n<p><em>&#8220;M\u0259g\u0259r yoxsulluq, bahal\u0131q, haqs\u0131zl\u0131q, polis zorak\u0131l\u0131\u011f\u0131 sabitliyin pozulmas\u0131 \u00fc\u00e7\u00fcn z\u0259min deyilmi?! M\u0259n Az\u0259rbaycan r\u0259smil\u0259rinin xalqa verdiyi mesajlara inanm\u0131ram, buna \u0259sas da yoxdur. Ona g\u00f6r\u0259 d\u0259 \u018fliyevin dediyi kimi t\u0259hl\u00fck\u0259 yoxdur. O t\u0259hl\u00fck\u0259 olanda onu daxild\u0259n d\u0259, xaricd\u0259n d\u0259 t\u00f6r\u0259d\u0259c\u0259kl\u0259r, he\u00e7 bir terror\u00e7u, ekstremist s\u0259rh\u0259d ke\u00e7id m\u0259nt\u0259q\u0259l\u0259rind\u0259n ke\u00e7mir, onlar s\u0259rh\u0259dl\u0259ri silahl\u0131 h\u00fccum \u015f\u0259klind\u0259 yar\u0131b ke\u00e7irl\u0259r. Bu m\u0259nada deyil\u0259nl\u0259r qurulmu\u015f oyuna ox\u015fay\u0131r, m\u0259qs\u0259d sahibkarlar\u0131n \u0259mlaklar\u0131n\u0131 \u0259l\u0259 ke\u00e7irm\u0259kdir. S\u0259rh\u0259dl\u0259r is\u0259 sad\u0259 insanlar \u00fc\u00e7\u00fcn ba\u011fl\u0131 qalacaq, \u00f6zl\u0259ri \u00fc\u00e7\u00fcn yox. Orada Qod Nisanovun obyektl\u0259ri \u0259l\u0259 ke\u00e7irm\u0259k ist\u0259yir deyilir. Guya orada n\u0259qliyyat-kommunikasiya texniki xidm\u0259t dayanaca\u011f\u0131 yarad\u0131lacaq. Bu da Az\u0259rbaycanla Rusiya aras\u0131nda ticari \u0259laq\u0259l\u0259rin artmas\u0131 z\u0259rur\u0259tind\u0259n ir\u0259li g\u0259lir. Y\u0259ni iki \u00f6lk\u0259 m\u00fcnaisb\u0259tl\u0259ri c\u0259miyy\u0259t\u0259 a\u015f\u0131lad\u0131qlar\u0131 kimi g\u0259rgin deyil\u201d<\/em>, &#8211; dey\u0259 o bildirib.<\/p>\n\n\n\n<p>Koronavirus pandemiyas\u0131 d\u00fcnyada 2019-cu ilin sonundan yay\u0131lma\u011fa ba\u015flay\u0131b.<\/p>\n\n\n\n<p>Az\u0259rbaycanda x\u00fcsusi karantin rejimi 2020-ci il mart\u0131n \u0259vv\u0259lind\u0259n elan edilib v\u0259 h\u0259min vaxtdan quru s\u0259rh\u0259dl\u0259r qapad\u0131l\u0131b.<\/p>\n\n\n\n<p>Sonradan d\u0259f\u0259l\u0259rl\u0259 karantin rejiminin vaxt\u0131 uzad\u0131l\u0131b.<\/p>\n\n\n\n<p>\u00dcmumd\u00fcnya S\u0259hiyy\u0259 T\u0259\u015fkilat\u0131 (\u00dcST) 2023-c\u00fc il may\u0131n 5-d\u0259 pandemiyan\u0131n ba\u015fa \u00e7atd\u0131\u011f\u0131n\u0131 elan edib.<\/p>\n\n\n\n<p>Az\u0259rbaycanda da bu virusa yoluxma say\u0131nda k\u0259skin azalma var, lakin karantin rejimi sonlanm\u0131r.<\/p>\n\n\n\n<p>M\u00fcst\u0259qil ekspertl\u0259r, m\u00fcxalif\u0259t partiyalar\u0131, t\u0259nqid\u00e7il\u0259r bunun COV\u0130D-l\u0259 ba\u011fl\u0131 olmad\u0131\u011f\u0131n\u0131, alt\u0131nda ba\u015fqa m\u0259qs\u0259dl\u0259r oldu\u011funu s\u00f6yl\u0259yirl\u0259r.<\/p>\n\n\n\n<p>\u00d6lk\u0259 r\u0259hb\u0259rliyi is\u0259 bununla ba\u011fl\u0131 h\u0259r hans\u0131 tutarl\u0131 a\u00e7\u0131qlama verm\u0259yib.<\/p>\n","protected":false},"excerpt":{"rendered":"<p>&#8220;\u2026qurulmu\u015f oyuna ox\u015fay\u0131r, m\u0259qs\u0259d sahibkarlar\u0131n \u0259mlaklar\u0131n\u0131 \u0259l\u0259 ke\u00e7irm\u0259kdir&#8221; Az\u0259rbaycan Prezidenti &#8230; <\/p>\n<p class=\"read-more-container\"><a title=\"&#8220;\u00dcmumiyy\u0259tl\u0259, \u00f6lk\u0259ni\u00a0 \u015eimali Koreya, T\u00fcrkm\u0259nistan kimi qapats\u0131nlar&#8230;&#8221;\" class=\"read-more button\" href=\"https:\/\/www.meydan.tv\/az\/article\/umumiyyetle-olkeni-simali-koreya-turkmenistan-kimi-qapatsinlar\/#more-316286\" aria-label=\"Read more about &#8220;\u00dcmumiyy\u0259tl\u0259, \u00f6lk\u0259ni\u00a0 \u015eimali Koreya, T\u00fcrkm\u0259nistan kimi qapats\u0131nlar&#8230;&#8221;\">Davam\u0131<\/a><\/p>\n","protected":false},"author":21,"featured_media":298992,"comment_status":"closed","ping_status":"closed","sticky":false,"template":"","format":"standard","meta":{"_acf_changed":false,"_sitemap_exclude":false,"_sitemap_priority":"","_sitemap_frequency":"","footnotes":""},"categories":[59,79,56],"tags":[],"class_list":["post-316286","post","type-post","status-publish","format-standard","has-post-thumbnail","hentry","category-siyaset","category-featured","category-xeberler","infinite-scroll-item","generate-columns","tablet-grid-50","mobile-grid-100","grid-parent","grid-33","no-featured-image-padding"],"acf":[],"yoast_head":"<!-- This site is optimized with the Yoast SEO plugin v27.4 - https:\/\/yoast.com\/product\/yoast-seo-wordpress\/ -->\n<title>&quot;\u00d6lk\u0259ni\u00a0 \u015eimali Koreya, T\u00fcrkm\u0259nistan kimi qapats\u0131nlar...&quot;<\/title>\n<meta name=\"description\" content=\"Az\u0259rbaycan Prezidenti \u0130lham \u018fliyev sentyabr\u0131n 23-d\u0259 quru s\u0259rh\u0259dl\u0259rin ba\u011fl\u0131 qalmas\u0131na bir daha toxunub.\" \/>\n<meta name=\"robots\" content=\"index, follow, max-snippet:-1, max-image-preview:large, max-video-preview:-1\" \/>\n<link rel=\"canonical\" href=\"https:\/\/www.meydan.tv\/az\/article\/umumiyyetle-olkeni-simali-koreya-turkmenistan-kimi-qapatsinlar\/\" \/>\n<meta property=\"og:locale\" content=\"az_AZ\" \/>\n<meta property=\"og:type\" content=\"article\" \/>\n<meta property=\"og:title\" content=\"&quot;\u00d6lk\u0259ni\u00a0 \u015eimali Koreya, T\u00fcrkm\u0259nistan kimi qapats\u0131nlar...&quot;\" \/>\n<meta property=\"og:description\" content=\"Az\u0259rbaycan Prezidenti \u0130lham \u018fliyev sentyabr\u0131n 23-d\u0259 quru s\u0259rh\u0259dl\u0259rin ba\u011fl\u0131 qalmas\u0131na bir daha toxunub.\" \/>\n<meta property=\"og:url\" content=\"https:\/\/www.meydan.tv\/az\/article\/umumiyyetle-olkeni-simali-koreya-turkmenistan-kimi-qapatsinlar\/\" \/>\n<meta property=\"og:site_name\" content=\"MEYDAN.TV\" \/>\n<meta property=\"article:published_time\" content=\"2024-09-23T15:14:05+00:00\" \/>\n<meta property=\"article:modified_time\" content=\"2024-09-23T15:14:10+00:00\" \/>\n<meta property=\"og:image\" content=\"https:\/\/www.meydan.tv\/wp-content\/uploads\/shutterstock_320672735.jpg\" \/>\n\t<meta property=\"og:image:width\" content=\"1200\" \/>\n\t<meta property=\"og:image:height\" content=\"859\" \/>\n\t<meta property=\"og:image:type\" content=\"image\/jpeg\" \/>\n<meta name=\"author\" content=\"mahmud\" \/>\n<meta name=\"twitter:card\" content=\"summary_large_image\" \/>\n<script type=\"application\/ld+json\" class=\"yoast-schema-graph\">{\"@context\":\"https:\\\/\\\/schema.org\",\"@graph\":[{\"@type\":\"Article\",\"@id\":\"https:\\\/\\\/www.meydan.tv\\\/az\\\/article\\\/umumiyyetle-olkeni-simali-koreya-turkmenistan-kimi-qapatsinlar\\\/#article\",\"isPartOf\":{\"@id\":\"https:\\\/\\\/www.meydan.tv\\\/az\\\/article\\\/umumiyyetle-olkeni-simali-koreya-turkmenistan-kimi-qapatsinlar\\\/\"},\"author\":{\"name\":\"mahmud\",\"@id\":\"https:\\\/\\\/www.meydan.tv\\\/az\\\/#\\\/schema\\\/person\\\/09863e516102a829e72bedcf3f84c6b0\"},\"headline\":\"&#8220;\u00dcmumiyy\u0259tl\u0259, \u00f6lk\u0259ni\u00a0 \u015eimali Koreya, T\u00fcrkm\u0259nistan kimi qapats\u0131nlar&#8230;&#8221;\",\"datePublished\":\"2024-09-23T15:14:05+00:00\",\"dateModified\":\"2024-09-23T15:14:10+00:00\",\"mainEntityOfPage\":{\"@id\":\"https:\\\/\\\/www.meydan.tv\\\/az\\\/article\\\/umumiyyetle-olkeni-simali-koreya-turkmenistan-kimi-qapatsinlar\\\/\"},\"wordCount\":2281,\"publisher\":{\"@id\":\"https:\\\/\\\/www.meydan.tv\\\/az\\\/#organization\"},\"image\":{\"@id\":\"https:\\\/\\\/www.meydan.tv\\\/az\\\/article\\\/umumiyyetle-olkeni-simali-koreya-turkmenistan-kimi-qapatsinlar\\\/#primaryimage\"},\"thumbnailUrl\":\"https:\\\/\\\/www.meydan.tv\\\/wp-content\\\/uploads\\\/shutterstock_320672735.jpg\",\"articleSection\":[\"Siyas\u0259t\",\"T\u00f6vsiy\u0259\",\"X\u0259b\u0259rl\u0259r\"],\"inLanguage\":\"az\"},{\"@type\":\"WebPage\",\"@id\":\"https:\\\/\\\/www.meydan.tv\\\/az\\\/article\\\/umumiyyetle-olkeni-simali-koreya-turkmenistan-kimi-qapatsinlar\\\/\",\"url\":\"https:\\\/\\\/www.meydan.tv\\\/az\\\/article\\\/umumiyyetle-olkeni-simali-koreya-turkmenistan-kimi-qapatsinlar\\\/\",\"name\":\"\\\"\u00d6lk\u0259ni\u00a0 \u015eimali Koreya, T\u00fcrkm\u0259nistan kimi qapats\u0131nlar...\\\"\",\"isPartOf\":{\"@id\":\"https:\\\/\\\/www.meydan.tv\\\/az\\\/#website\"},\"primaryImageOfPage\":{\"@id\":\"https:\\\/\\\/www.meydan.tv\\\/az\\\/article\\\/umumiyyetle-olkeni-simali-koreya-turkmenistan-kimi-qapatsinlar\\\/#primaryimage\"},\"image\":{\"@id\":\"https:\\\/\\\/www.meydan.tv\\\/az\\\/article\\\/umumiyyetle-olkeni-simali-koreya-turkmenistan-kimi-qapatsinlar\\\/#primaryimage\"},\"thumbnailUrl\":\"https:\\\/\\\/www.meydan.tv\\\/wp-content\\\/uploads\\\/shutterstock_320672735.jpg\",\"datePublished\":\"2024-09-23T15:14:05+00:00\",\"dateModified\":\"2024-09-23T15:14:10+00:00\",\"description\":\"Az\u0259rbaycan Prezidenti \u0130lham \u018fliyev sentyabr\u0131n 23-d\u0259 quru s\u0259rh\u0259dl\u0259rin ba\u011fl\u0131 qalmas\u0131na bir daha toxunub.\",\"breadcrumb\":{\"@id\":\"https:\\\/\\\/www.meydan.tv\\\/az\\\/article\\\/umumiyyetle-olkeni-simali-koreya-turkmenistan-kimi-qapatsinlar\\\/#breadcrumb\"},\"inLanguage\":\"az\",\"potentialAction\":[{\"@type\":\"ReadAction\",\"target\":[\"https:\\\/\\\/www.meydan.tv\\\/az\\\/article\\\/umumiyyetle-olkeni-simali-koreya-turkmenistan-kimi-qapatsinlar\\\/\"]}]},{\"@type\":\"ImageObject\",\"inLanguage\":\"az\",\"@id\":\"https:\\\/\\\/www.meydan.tv\\\/az\\\/article\\\/umumiyyetle-olkeni-simali-koreya-turkmenistan-kimi-qapatsinlar\\\/#primaryimage\",\"url\":\"https:\\\/\\\/www.meydan.tv\\\/wp-content\\\/uploads\\\/shutterstock_320672735.jpg\",\"contentUrl\":\"https:\\\/\\\/www.meydan.tv\\\/wp-content\\\/uploads\\\/shutterstock_320672735.jpg\",\"width\":1200,\"height\":859,\"caption\":\"S\u0259rh\u0259d. Foto: Prazis Images\\\/shutterstock\"},{\"@type\":\"BreadcrumbList\",\"@id\":\"https:\\\/\\\/www.meydan.tv\\\/az\\\/article\\\/umumiyyetle-olkeni-simali-koreya-turkmenistan-kimi-qapatsinlar\\\/#breadcrumb\",\"itemListElement\":[{\"@type\":\"ListItem\",\"position\":1,\"name\":\"Ana s\u0259hif\u0259\",\"item\":\"https:\\\/\\\/www.meydan.tv\\\/az\\\/\"},{\"@type\":\"ListItem\",\"position\":2,\"name\":\"Siyas\u0259t\",\"item\":\"https:\\\/\\\/www.meydan.tv\\\/az\\\/section\\\/siyaset\\\/\"},{\"@type\":\"ListItem\",\"position\":3,\"name\":\"&#8220;\u00dcmumiyy\u0259tl\u0259, \u00f6lk\u0259ni\u00a0 \u015eimali Koreya, T\u00fcrkm\u0259nistan kimi qapats\u0131nlar&#8230;&#8221;\"}]},{\"@type\":\"WebSite\",\"@id\":\"https:\\\/\\\/www.meydan.tv\\\/az\\\/#website\",\"url\":\"https:\\\/\\\/www.meydan.tv\\\/az\\\/\",\"name\":\"MEYDAN.TV\",\"description\":\"Meydan TV Az\u0259rbaycan\u0131n media m\u0259kan\u0131ndak\u0131 alternativ s\u0259sidir\",\"publisher\":{\"@id\":\"https:\\\/\\\/www.meydan.tv\\\/az\\\/#organization\"},\"potentialAction\":[{\"@type\":\"SearchAction\",\"target\":{\"@type\":\"EntryPoint\",\"urlTemplate\":\"https:\\\/\\\/www.meydan.tv\\\/az\\\/?s={search_term_string}\"},\"query-input\":{\"@type\":\"PropertyValueSpecification\",\"valueRequired\":true,\"valueName\":\"search_term_string\"}}],\"inLanguage\":\"az\"},{\"@type\":\"Organization\",\"@id\":\"https:\\\/\\\/www.meydan.tv\\\/az\\\/#organization\",\"name\":\"Meydan TV\",\"url\":\"https:\\\/\\\/www.meydan.tv\\\/az\\\/\",\"logo\":{\"@type\":\"ImageObject\",\"inLanguage\":\"az\",\"@id\":\"https:\\\/\\\/www.meydan.tv\\\/az\\\/#\\\/schema\\\/logo\\\/image\\\/\",\"url\":\"https:\\\/\\\/www.meydan.tv\\\/wp-content\\\/uploads\\\/2021\\\/07\\\/meydan-logo.svg\",\"contentUrl\":\"https:\\\/\\\/www.meydan.tv\\\/wp-content\\\/uploads\\\/2021\\\/07\\\/meydan-logo.svg\",\"width\":195,\"height\":46,\"caption\":\"Meydan TV\"},\"image\":{\"@id\":\"https:\\\/\\\/www.meydan.tv\\\/az\\\/#\\\/schema\\\/logo\\\/image\\\/\"}},{\"@type\":\"Person\",\"@id\":\"https:\\\/\\\/www.meydan.tv\\\/az\\\/#\\\/schema\\\/person\\\/09863e516102a829e72bedcf3f84c6b0\",\"name\":\"mahmud\"}]}<\/script>\n<!-- \/ Yoast SEO plugin. -->","yoast_head_json":{"title":"\"\u00d6lk\u0259ni\u00a0 \u015eimali Koreya, T\u00fcrkm\u0259nistan kimi qapats\u0131nlar...\"","description":"Az\u0259rbaycan Prezidenti \u0130lham \u018fliyev sentyabr\u0131n 23-d\u0259 quru s\u0259rh\u0259dl\u0259rin ba\u011fl\u0131 qalmas\u0131na bir daha toxunub.","robots":{"index":"index","follow":"follow","max-snippet":"max-snippet:-1","max-image-preview":"max-image-preview:large","max-video-preview":"max-video-preview:-1"},"canonical":"https:\/\/www.meydan.tv\/az\/article\/umumiyyetle-olkeni-simali-koreya-turkmenistan-kimi-qapatsinlar\/","og_locale":"az_AZ","og_type":"article","og_title":"\"\u00d6lk\u0259ni\u00a0 \u015eimali Koreya, T\u00fcrkm\u0259nistan kimi qapats\u0131nlar...\"","og_description":"Az\u0259rbaycan Prezidenti \u0130lham \u018fliyev sentyabr\u0131n 23-d\u0259 quru s\u0259rh\u0259dl\u0259rin ba\u011fl\u0131 qalmas\u0131na bir daha toxunub.","og_url":"https:\/\/www.meydan.tv\/az\/article\/umumiyyetle-olkeni-simali-koreya-turkmenistan-kimi-qapatsinlar\/","og_site_name":"MEYDAN.TV","article_published_time":"2024-09-23T15:14:05+00:00","article_modified_time":"2024-09-23T15:14:10+00:00","og_image":[{"width":1200,"height":859,"url":"https:\/\/www.meydan.tv\/wp-content\/uploads\/shutterstock_320672735.jpg","type":"image\/jpeg"}],"author":"mahmud","twitter_card":"summary_large_image","schema":{"@context":"https:\/\/schema.org","@graph":[{"@type":"Article","@id":"https:\/\/www.meydan.tv\/az\/article\/umumiyyetle-olkeni-simali-koreya-turkmenistan-kimi-qapatsinlar\/#article","isPartOf":{"@id":"https:\/\/www.meydan.tv\/az\/article\/umumiyyetle-olkeni-simali-koreya-turkmenistan-kimi-qapatsinlar\/"},"author":{"name":"mahmud","@id":"https:\/\/www.meydan.tv\/az\/#\/schema\/person\/09863e516102a829e72bedcf3f84c6b0"},"headline":"&#8220;\u00dcmumiyy\u0259tl\u0259, \u00f6lk\u0259ni\u00a0 \u015eimali Koreya, T\u00fcrkm\u0259nistan kimi qapats\u0131nlar&#8230;&#8221;","datePublished":"2024-09-23T15:14:05+00:00","dateModified":"2024-09-23T15:14:10+00:00","mainEntityOfPage":{"@id":"https:\/\/www.meydan.tv\/az\/article\/umumiyyetle-olkeni-simali-koreya-turkmenistan-kimi-qapatsinlar\/"},"wordCount":2281,"publisher":{"@id":"https:\/\/www.meydan.tv\/az\/#organization"},"image":{"@id":"https:\/\/www.meydan.tv\/az\/article\/umumiyyetle-olkeni-simali-koreya-turkmenistan-kimi-qapatsinlar\/#primaryimage"},"thumbnailUrl":"https:\/\/www.meydan.tv\/wp-content\/uploads\/shutterstock_320672735.jpg","articleSection":["Siyas\u0259t","T\u00f6vsiy\u0259","X\u0259b\u0259rl\u0259r"],"inLanguage":"az"},{"@type":"WebPage","@id":"https:\/\/www.meydan.tv\/az\/article\/umumiyyetle-olkeni-simali-koreya-turkmenistan-kimi-qapatsinlar\/","url":"https:\/\/www.meydan.tv\/az\/article\/umumiyyetle-olkeni-simali-koreya-turkmenistan-kimi-qapatsinlar\/","name":"\"\u00d6lk\u0259ni\u00a0 \u015eimali Koreya, T\u00fcrkm\u0259nistan kimi qapats\u0131nlar...\"","isPartOf":{"@id":"https:\/\/www.meydan.tv\/az\/#website"},"primaryImageOfPage":{"@id":"https:\/\/www.meydan.tv\/az\/article\/umumiyyetle-olkeni-simali-koreya-turkmenistan-kimi-qapatsinlar\/#primaryimage"},"image":{"@id":"https:\/\/www.meydan.tv\/az\/article\/umumiyyetle-olkeni-simali-koreya-turkmenistan-kimi-qapatsinlar\/#primaryimage"},"thumbnailUrl":"https:\/\/www.meydan.tv\/wp-content\/uploads\/shutterstock_320672735.jpg","datePublished":"2024-09-23T15:14:05+00:00","dateModified":"2024-09-23T15:14:10+00:00","description":"Az\u0259rbaycan Prezidenti \u0130lham \u018fliyev sentyabr\u0131n 23-d\u0259 quru s\u0259rh\u0259dl\u0259rin ba\u011fl\u0131 qalmas\u0131na bir daha toxunub.","breadcrumb":{"@id":"https:\/\/www.meydan.tv\/az\/article\/umumiyyetle-olkeni-simali-koreya-turkmenistan-kimi-qapatsinlar\/#breadcrumb"},"inLanguage":"az","potentialAction":[{"@type":"ReadAction","target":["https:\/\/www.meydan.tv\/az\/article\/umumiyyetle-olkeni-simali-koreya-turkmenistan-kimi-qapatsinlar\/"]}]},{"@type":"ImageObject","inLanguage":"az","@id":"https:\/\/www.meydan.tv\/az\/article\/umumiyyetle-olkeni-simali-koreya-turkmenistan-kimi-qapatsinlar\/#primaryimage","url":"https:\/\/www.meydan.tv\/wp-content\/uploads\/shutterstock_320672735.jpg","contentUrl":"https:\/\/www.meydan.tv\/wp-content\/uploads\/shutterstock_320672735.jpg","width":1200,"height":859,"caption":"S\u0259rh\u0259d. Foto: Prazis Images\/shutterstock"},{"@type":"BreadcrumbList","@id":"https:\/\/www.meydan.tv\/az\/article\/umumiyyetle-olkeni-simali-koreya-turkmenistan-kimi-qapatsinlar\/#breadcrumb","itemListElement":[{"@type":"ListItem","position":1,"name":"Ana s\u0259hif\u0259","item":"https:\/\/www.meydan.tv\/az\/"},{"@type":"ListItem","position":2,"name":"Siyas\u0259t","item":"https:\/\/www.meydan.tv\/az\/section\/siyaset\/"},{"@type":"ListItem","position":3,"name":"&#8220;\u00dcmumiyy\u0259tl\u0259, \u00f6lk\u0259ni\u00a0 \u015eimali Koreya, T\u00fcrkm\u0259nistan kimi qapats\u0131nlar&#8230;&#8221;"}]},{"@type":"WebSite","@id":"https:\/\/www.meydan.tv\/az\/#website","url":"https:\/\/www.meydan.tv\/az\/","name":"MEYDAN.TV","description":"Meydan TV Az\u0259rbaycan\u0131n media m\u0259kan\u0131ndak\u0131 alternativ s\u0259sidir","publisher":{"@id":"https:\/\/www.meydan.tv\/az\/#organization"},"potentialAction":[{"@type":"SearchAction","target":{"@type":"EntryPoint","urlTemplate":"https:\/\/www.meydan.tv\/az\/?s={search_term_string}"},"query-input":{"@type":"PropertyValueSpecification","valueRequired":true,"valueName":"search_term_string"}}],"inLanguage":"az"},{"@type":"Organization","@id":"https:\/\/www.meydan.tv\/az\/#organization","name":"Meydan TV","url":"https:\/\/www.meydan.tv\/az\/","logo":{"@type":"ImageObject","inLanguage":"az","@id":"https:\/\/www.meydan.tv\/az\/#\/schema\/logo\/image\/","url":"https:\/\/www.meydan.tv\/wp-content\/uploads\/2021\/07\/meydan-logo.svg","contentUrl":"https:\/\/www.meydan.tv\/wp-content\/uploads\/2021\/07\/meydan-logo.svg","width":195,"height":46,"caption":"Meydan TV"},"image":{"@id":"https:\/\/www.meydan.tv\/az\/#\/schema\/logo\/image\/"}},{"@type":"Person","@id":"https:\/\/www.meydan.tv\/az\/#\/schema\/person\/09863e516102a829e72bedcf3f84c6b0","name":"mahmud"}]}},"_links":{"self":[{"href":"https:\/\/www.meydan.tv\/az\/wp-json\/wp\/v2\/posts\/316286","targetHints":{"allow":["GET"]}}],"collection":[{"href":"https:\/\/www.meydan.tv\/az\/wp-json\/wp\/v2\/posts"}],"about":[{"href":"https:\/\/www.meydan.tv\/az\/wp-json\/wp\/v2\/types\/post"}],"author":[{"embeddable":true,"href":"https:\/\/www.meydan.tv\/az\/wp-json\/wp\/v2\/users\/21"}],"replies":[{"embeddable":true,"href":"https:\/\/www.meydan.tv\/az\/wp-json\/wp\/v2\/comments?post=316286"}],"version-history":[{"count":1,"href":"https:\/\/www.meydan.tv\/az\/wp-json\/wp\/v2\/posts\/316286\/revisions"}],"predecessor-version":[{"id":316287,"href":"https:\/\/www.meydan.tv\/az\/wp-json\/wp\/v2\/posts\/316286\/revisions\/316287"}],"wp:featuredmedia":[{"embeddable":true,"href":"https:\/\/www.meydan.tv\/az\/wp-json\/wp\/v2\/media\/298992"}],"wp:attachment":[{"href":"https:\/\/www.meydan.tv\/az\/wp-json\/wp\/v2\/media?parent=316286"}],"wp:term":[{"taxonomy":"category","embeddable":true,"href":"https:\/\/www.meydan.tv\/az\/wp-json\/wp\/v2\/categories?post=316286"},{"taxonomy":"post_tag","embeddable":true,"href":"https:\/\/www.meydan.tv\/az\/wp-json\/wp\/v2\/tags?post=316286"}],"curies":[{"name":"wp","href":"https:\/\/api.w.org\/{rel}","templated":true}]}}