{"id":316283,"date":"2024-09-23T18:29:12","date_gmt":"2024-09-23T14:29:12","guid":{"rendered":"https:\/\/www.meydan.tv\/?p=316283"},"modified":"2024-09-23T18:29:14","modified_gmt":"2024-09-23T14:29:14","slug":"baki-sumqayit-qatarlarinda-qiymetler-artirilacaq","status":"publish","type":"post","link":"https:\/\/www.meydan.tv\/az\/article\/baki-sumqayit-qatarlarinda-qiymetler-artirilacaq\/","title":{"rendered":"Bak\u0131-Sumqay\u0131t qatarlar\u0131nda qiym\u0259tl\u0259r art\u0131r\u0131lacaq"},"content":{"rendered":"\n<p><\/p>\n\n\n\n<p><strong><em>Qiym\u0259tl\u0259rin 10-20 q\u0259pik artaca\u011f\u0131 bildirilir<\/em><\/strong><\/p>\n\n\n\n<p>Sentyabr\u0131n 25-d\u0259n Bak\u0131-Sumqay\u0131t qatarlar\u0131nda qiym\u0259tl\u0259r art\u0131r\u0131lacaq.<\/p>\n\n\n\n<p>\u201cAz\u0259rbaycan D\u0259mir Yollar\u0131\u201d QSC-nin S\u0259rni\u015fin da\u015f\u0131malar\u0131 departamentinin r\u0259isi Az\u0259r F\u0259r\u0259cov jurnalistl\u0259r\u0259 a\u00e7\u0131qlamas\u0131nda bildirib.<\/p>\n\n\n\n<p><em>\u201cS\u0259rni\u015finl\u0259r minimum 40 q\u0259pik \u00f6d\u0259m\u0259kl\u0259 m\u0259nzilba\u015f\u0131na \u00e7atacaq ki, bu da \u00f6lk\u0259d\u0259 ictimai n\u0259qliyyat n\u00f6vl\u0259ri aras\u0131nda \u0259n a\u015fa\u011f\u0131 tarifdir. \u00dcmumilikd\u0259 Ab\u015feron dair\u0259vi mar\u015frutu \u00fczr\u0259 gedi\u015f haqlar\u0131 m\u0259saf\u0259d\u0259n as\u0131l\u0131 olaraq 10-20 q\u0259pik art\u0131r\u0131lacaq\u201d,<\/em> \u2013 Az\u0259r F\u0259r\u0259cov deyib.<\/p>\n\n\n\n<p>Haz\u0131rda Bak\u0131-Sumqay\u0131t qatarlar\u0131 \u00fczr\u0259 gedi\u015fhaqq\u0131 \u00fczr\u0259 maksimal tarif 1 manatd\u0131r.<\/p>\n","protected":false},"excerpt":{"rendered":"<p>Qiym\u0259tl\u0259rin 10-20 q\u0259pik artaca\u011f\u0131 bildirilir Sentyabr\u0131n 25-d\u0259n Bak\u0131-Sumqay\u0131t qatarlar\u0131nda qiym\u0259tl\u0259r &#8230; <\/p>\n<p class=\"read-more-container\"><a title=\"Bak\u0131-Sumqay\u0131t qatarlar\u0131nda qiym\u0259tl\u0259r art\u0131r\u0131lacaq\" class=\"read-more button\" href=\"https:\/\/www.meydan.tv\/az\/article\/baki-sumqayit-qatarlarinda-qiymetler-artirilacaq\/#more-316283\" aria-label=\"Read more about Bak\u0131-Sumqay\u0131t qatarlar\u0131nda qiym\u0259tl\u0259r art\u0131r\u0131lacaq\">Davam\u0131<\/a><\/p>\n","protected":false},"author":8,"featured_media":277252,"comment_status":"closed","ping_status":"closed","sticky":false,"template":"","format":"standard","meta":{"_acf_changed":false,"_sitemap_exclude":false,"_sitemap_priority":"","_sitemap_frequency":"","footnotes":""},"categories":[62,79,56],"tags":[],"class_list":["post-316283","post","type-post","status-publish","format-standard","has-post-thumbnail","hentry","category-sosial","category-featured","category-xeberler","infinite-scroll-item","generate-columns","tablet-grid-50","mobile-grid-100","grid-parent","grid-33","no-featured-image-padding"],"acf":[],"yoast_head":"<!-- This site is optimized with the Yoast SEO plugin v27.4 - https:\/\/yoast.com\/product\/yoast-seo-wordpress\/ -->\n<title>Bak\u0131-Sumqay\u0131t qatarlar\u0131nda qiym\u0259tl\u0259r art\u0131r\u0131lacaq - MEYDAN.TV<\/title>\n<meta name=\"description\" content=\"Haz\u0131rda Bak\u0131-Sumqay\u0131t qatarlar\u0131 \u00fczr\u0259 gedi\u015fhaqq\u0131 \u00fczr\u0259 maksimal tarif 1 manatd\u0131r.\" \/>\n<meta name=\"robots\" content=\"index, follow, max-snippet:-1, max-image-preview:large, max-video-preview:-1\" \/>\n<link rel=\"canonical\" href=\"https:\/\/www.meydan.tv\/az\/article\/baki-sumqayit-qatarlarinda-qiymetler-artirilacaq\/\" \/>\n<meta property=\"og:locale\" content=\"az_AZ\" \/>\n<meta property=\"og:type\" content=\"article\" \/>\n<meta property=\"og:title\" content=\"Bak\u0131-Sumqay\u0131t qatarlar\u0131nda qiym\u0259tl\u0259r art\u0131r\u0131lacaq - MEYDAN.TV\" \/>\n<meta property=\"og:description\" content=\"Haz\u0131rda Bak\u0131-Sumqay\u0131t qatarlar\u0131 \u00fczr\u0259 gedi\u015fhaqq\u0131 \u00fczr\u0259 maksimal tarif 1 manatd\u0131r.\" \/>\n<meta property=\"og:url\" content=\"https:\/\/www.meydan.tv\/az\/article\/baki-sumqayit-qatarlarinda-qiymetler-artirilacaq\/\" \/>\n<meta property=\"og:site_name\" content=\"MEYDAN.TV\" \/>\n<meta property=\"article:published_time\" content=\"2024-09-23T14:29:12+00:00\" \/>\n<meta property=\"article:modified_time\" content=\"2024-09-23T14:29:14+00:00\" \/>\n<meta property=\"og:image\" content=\"https:\/\/www.meydan.tv\/wp-content\/uploads\/untitled-design-1-90.jpg\" \/>\n\t<meta property=\"og:image:width\" content=\"1200\" \/>\n\t<meta property=\"og:image:height\" content=\"800\" \/>\n\t<meta property=\"og:image:type\" content=\"image\/jpeg\" \/>\n<meta name=\"author\" content=\"elli\" \/>\n<meta name=\"twitter:card\" content=\"summary_large_image\" \/>\n<meta name=\"twitter:creator\" content=\"@elli\" \/>\n<script type=\"application\/ld+json\" class=\"yoast-schema-graph\">{\"@context\":\"https:\\\/\\\/schema.org\",\"@graph\":[{\"@type\":\"Article\",\"@id\":\"https:\\\/\\\/www.meydan.tv\\\/az\\\/article\\\/baki-sumqayit-qatarlarinda-qiymetler-artirilacaq\\\/#article\",\"isPartOf\":{\"@id\":\"https:\\\/\\\/www.meydan.tv\\\/az\\\/article\\\/baki-sumqayit-qatarlarinda-qiymetler-artirilacaq\\\/\"},\"author\":{\"name\":\"elli\",\"@id\":\"https:\\\/\\\/www.meydan.tv\\\/az\\\/#\\\/schema\\\/person\\\/9cdbecf90d17180ce1dfbd95b08dcf47\"},\"headline\":\"Bak\u0131-Sumqay\u0131t qatarlar\u0131nda qiym\u0259tl\u0259r art\u0131r\u0131lacaq\",\"datePublished\":\"2024-09-23T14:29:12+00:00\",\"dateModified\":\"2024-09-23T14:29:14+00:00\",\"mainEntityOfPage\":{\"@id\":\"https:\\\/\\\/www.meydan.tv\\\/az\\\/article\\\/baki-sumqayit-qatarlarinda-qiymetler-artirilacaq\\\/\"},\"wordCount\":133,\"publisher\":{\"@id\":\"https:\\\/\\\/www.meydan.tv\\\/az\\\/#organization\"},\"image\":{\"@id\":\"https:\\\/\\\/www.meydan.tv\\\/az\\\/article\\\/baki-sumqayit-qatarlarinda-qiymetler-artirilacaq\\\/#primaryimage\"},\"thumbnailUrl\":\"https:\\\/\\\/www.meydan.tv\\\/wp-content\\\/uploads\\\/untitled-design-1-90.jpg\",\"articleSection\":[\"Sosial\",\"T\u00f6vsiy\u0259\",\"X\u0259b\u0259rl\u0259r\"],\"inLanguage\":\"az\"},{\"@type\":\"WebPage\",\"@id\":\"https:\\\/\\\/www.meydan.tv\\\/az\\\/article\\\/baki-sumqayit-qatarlarinda-qiymetler-artirilacaq\\\/\",\"url\":\"https:\\\/\\\/www.meydan.tv\\\/az\\\/article\\\/baki-sumqayit-qatarlarinda-qiymetler-artirilacaq\\\/\",\"name\":\"Bak\u0131-Sumqay\u0131t qatarlar\u0131nda qiym\u0259tl\u0259r art\u0131r\u0131lacaq - MEYDAN.TV\",\"isPartOf\":{\"@id\":\"https:\\\/\\\/www.meydan.tv\\\/az\\\/#website\"},\"primaryImageOfPage\":{\"@id\":\"https:\\\/\\\/www.meydan.tv\\\/az\\\/article\\\/baki-sumqayit-qatarlarinda-qiymetler-artirilacaq\\\/#primaryimage\"},\"image\":{\"@id\":\"https:\\\/\\\/www.meydan.tv\\\/az\\\/article\\\/baki-sumqayit-qatarlarinda-qiymetler-artirilacaq\\\/#primaryimage\"},\"thumbnailUrl\":\"https:\\\/\\\/www.meydan.tv\\\/wp-content\\\/uploads\\\/untitled-design-1-90.jpg\",\"datePublished\":\"2024-09-23T14:29:12+00:00\",\"dateModified\":\"2024-09-23T14:29:14+00:00\",\"description\":\"Haz\u0131rda Bak\u0131-Sumqay\u0131t qatarlar\u0131 \u00fczr\u0259 gedi\u015fhaqq\u0131 \u00fczr\u0259 maksimal tarif 1 manatd\u0131r.\",\"breadcrumb\":{\"@id\":\"https:\\\/\\\/www.meydan.tv\\\/az\\\/article\\\/baki-sumqayit-qatarlarinda-qiymetler-artirilacaq\\\/#breadcrumb\"},\"inLanguage\":\"az\",\"potentialAction\":[{\"@type\":\"ReadAction\",\"target\":[\"https:\\\/\\\/www.meydan.tv\\\/az\\\/article\\\/baki-sumqayit-qatarlarinda-qiymetler-artirilacaq\\\/\"]}]},{\"@type\":\"ImageObject\",\"inLanguage\":\"az\",\"@id\":\"https:\\\/\\\/www.meydan.tv\\\/az\\\/article\\\/baki-sumqayit-qatarlarinda-qiymetler-artirilacaq\\\/#primaryimage\",\"url\":\"https:\\\/\\\/www.meydan.tv\\\/wp-content\\\/uploads\\\/untitled-design-1-90.jpg\",\"contentUrl\":\"https:\\\/\\\/www.meydan.tv\\\/wp-content\\\/uploads\\\/untitled-design-1-90.jpg\",\"width\":1200,\"height\":800,\"caption\":\"Bak\u0131-Sumqay\u0131t qatar\u0131n\u0131n kart\u0131. Foto: \u201cAz\u0259rbaycan D\u0259mir Yollar\u0131\u201d Qapal\u0131 S\u0259hmdar C\u0259miyy\u0259ti (ADY)\"},{\"@type\":\"BreadcrumbList\",\"@id\":\"https:\\\/\\\/www.meydan.tv\\\/az\\\/article\\\/baki-sumqayit-qatarlarinda-qiymetler-artirilacaq\\\/#breadcrumb\",\"itemListElement\":[{\"@type\":\"ListItem\",\"position\":1,\"name\":\"Ana s\u0259hif\u0259\",\"item\":\"https:\\\/\\\/www.meydan.tv\\\/az\\\/\"},{\"@type\":\"ListItem\",\"position\":2,\"name\":\"Sosial\",\"item\":\"https:\\\/\\\/www.meydan.tv\\\/az\\\/section\\\/sosial\\\/\"},{\"@type\":\"ListItem\",\"position\":3,\"name\":\"Bak\u0131-Sumqay\u0131t qatarlar\u0131nda qiym\u0259tl\u0259r art\u0131r\u0131lacaq\"}]},{\"@type\":\"WebSite\",\"@id\":\"https:\\\/\\\/www.meydan.tv\\\/az\\\/#website\",\"url\":\"https:\\\/\\\/www.meydan.tv\\\/az\\\/\",\"name\":\"MEYDAN.TV\",\"description\":\"Meydan TV Az\u0259rbaycan\u0131n media m\u0259kan\u0131ndak\u0131 alternativ s\u0259sidir\",\"publisher\":{\"@id\":\"https:\\\/\\\/www.meydan.tv\\\/az\\\/#organization\"},\"potentialAction\":[{\"@type\":\"SearchAction\",\"target\":{\"@type\":\"EntryPoint\",\"urlTemplate\":\"https:\\\/\\\/www.meydan.tv\\\/az\\\/?s={search_term_string}\"},\"query-input\":{\"@type\":\"PropertyValueSpecification\",\"valueRequired\":true,\"valueName\":\"search_term_string\"}}],\"inLanguage\":\"az\"},{\"@type\":\"Organization\",\"@id\":\"https:\\\/\\\/www.meydan.tv\\\/az\\\/#organization\",\"name\":\"Meydan TV\",\"url\":\"https:\\\/\\\/www.meydan.tv\\\/az\\\/\",\"logo\":{\"@type\":\"ImageObject\",\"inLanguage\":\"az\",\"@id\":\"https:\\\/\\\/www.meydan.tv\\\/az\\\/#\\\/schema\\\/logo\\\/image\\\/\",\"url\":\"https:\\\/\\\/www.meydan.tv\\\/wp-content\\\/uploads\\\/2021\\\/07\\\/meydan-logo.svg\",\"contentUrl\":\"https:\\\/\\\/www.meydan.tv\\\/wp-content\\\/uploads\\\/2021\\\/07\\\/meydan-logo.svg\",\"width\":195,\"height\":46,\"caption\":\"Meydan TV\"},\"image\":{\"@id\":\"https:\\\/\\\/www.meydan.tv\\\/az\\\/#\\\/schema\\\/logo\\\/image\\\/\"}},{\"@type\":\"Person\",\"@id\":\"https:\\\/\\\/www.meydan.tv\\\/az\\\/#\\\/schema\\\/person\\\/9cdbecf90d17180ce1dfbd95b08dcf47\",\"name\":\"elli\",\"sameAs\":[\"https:\\\/\\\/x.com\\\/elli\"]}]}<\/script>\n<!-- \/ Yoast SEO plugin. -->","yoast_head_json":{"title":"Bak\u0131-Sumqay\u0131t qatarlar\u0131nda qiym\u0259tl\u0259r art\u0131r\u0131lacaq - MEYDAN.TV","description":"Haz\u0131rda Bak\u0131-Sumqay\u0131t qatarlar\u0131 \u00fczr\u0259 gedi\u015fhaqq\u0131 \u00fczr\u0259 maksimal tarif 1 manatd\u0131r.","robots":{"index":"index","follow":"follow","max-snippet":"max-snippet:-1","max-image-preview":"max-image-preview:large","max-video-preview":"max-video-preview:-1"},"canonical":"https:\/\/www.meydan.tv\/az\/article\/baki-sumqayit-qatarlarinda-qiymetler-artirilacaq\/","og_locale":"az_AZ","og_type":"article","og_title":"Bak\u0131-Sumqay\u0131t qatarlar\u0131nda qiym\u0259tl\u0259r art\u0131r\u0131lacaq - MEYDAN.TV","og_description":"Haz\u0131rda Bak\u0131-Sumqay\u0131t qatarlar\u0131 \u00fczr\u0259 gedi\u015fhaqq\u0131 \u00fczr\u0259 maksimal tarif 1 manatd\u0131r.","og_url":"https:\/\/www.meydan.tv\/az\/article\/baki-sumqayit-qatarlarinda-qiymetler-artirilacaq\/","og_site_name":"MEYDAN.TV","article_published_time":"2024-09-23T14:29:12+00:00","article_modified_time":"2024-09-23T14:29:14+00:00","og_image":[{"width":1200,"height":800,"url":"https:\/\/www.meydan.tv\/wp-content\/uploads\/untitled-design-1-90.jpg","type":"image\/jpeg"}],"author":"elli","twitter_card":"summary_large_image","twitter_creator":"@elli","schema":{"@context":"https:\/\/schema.org","@graph":[{"@type":"Article","@id":"https:\/\/www.meydan.tv\/az\/article\/baki-sumqayit-qatarlarinda-qiymetler-artirilacaq\/#article","isPartOf":{"@id":"https:\/\/www.meydan.tv\/az\/article\/baki-sumqayit-qatarlarinda-qiymetler-artirilacaq\/"},"author":{"name":"elli","@id":"https:\/\/www.meydan.tv\/az\/#\/schema\/person\/9cdbecf90d17180ce1dfbd95b08dcf47"},"headline":"Bak\u0131-Sumqay\u0131t qatarlar\u0131nda qiym\u0259tl\u0259r art\u0131r\u0131lacaq","datePublished":"2024-09-23T14:29:12+00:00","dateModified":"2024-09-23T14:29:14+00:00","mainEntityOfPage":{"@id":"https:\/\/www.meydan.tv\/az\/article\/baki-sumqayit-qatarlarinda-qiymetler-artirilacaq\/"},"wordCount":133,"publisher":{"@id":"https:\/\/www.meydan.tv\/az\/#organization"},"image":{"@id":"https:\/\/www.meydan.tv\/az\/article\/baki-sumqayit-qatarlarinda-qiymetler-artirilacaq\/#primaryimage"},"thumbnailUrl":"https:\/\/www.meydan.tv\/wp-content\/uploads\/untitled-design-1-90.jpg","articleSection":["Sosial","T\u00f6vsiy\u0259","X\u0259b\u0259rl\u0259r"],"inLanguage":"az"},{"@type":"WebPage","@id":"https:\/\/www.meydan.tv\/az\/article\/baki-sumqayit-qatarlarinda-qiymetler-artirilacaq\/","url":"https:\/\/www.meydan.tv\/az\/article\/baki-sumqayit-qatarlarinda-qiymetler-artirilacaq\/","name":"Bak\u0131-Sumqay\u0131t qatarlar\u0131nda qiym\u0259tl\u0259r art\u0131r\u0131lacaq - MEYDAN.TV","isPartOf":{"@id":"https:\/\/www.meydan.tv\/az\/#website"},"primaryImageOfPage":{"@id":"https:\/\/www.meydan.tv\/az\/article\/baki-sumqayit-qatarlarinda-qiymetler-artirilacaq\/#primaryimage"},"image":{"@id":"https:\/\/www.meydan.tv\/az\/article\/baki-sumqayit-qatarlarinda-qiymetler-artirilacaq\/#primaryimage"},"thumbnailUrl":"https:\/\/www.meydan.tv\/wp-content\/uploads\/untitled-design-1-90.jpg","datePublished":"2024-09-23T14:29:12+00:00","dateModified":"2024-09-23T14:29:14+00:00","description":"Haz\u0131rda Bak\u0131-Sumqay\u0131t qatarlar\u0131 \u00fczr\u0259 gedi\u015fhaqq\u0131 \u00fczr\u0259 maksimal tarif 1 manatd\u0131r.","breadcrumb":{"@id":"https:\/\/www.meydan.tv\/az\/article\/baki-sumqayit-qatarlarinda-qiymetler-artirilacaq\/#breadcrumb"},"inLanguage":"az","potentialAction":[{"@type":"ReadAction","target":["https:\/\/www.meydan.tv\/az\/article\/baki-sumqayit-qatarlarinda-qiymetler-artirilacaq\/"]}]},{"@type":"ImageObject","inLanguage":"az","@id":"https:\/\/www.meydan.tv\/az\/article\/baki-sumqayit-qatarlarinda-qiymetler-artirilacaq\/#primaryimage","url":"https:\/\/www.meydan.tv\/wp-content\/uploads\/untitled-design-1-90.jpg","contentUrl":"https:\/\/www.meydan.tv\/wp-content\/uploads\/untitled-design-1-90.jpg","width":1200,"height":800,"caption":"Bak\u0131-Sumqay\u0131t qatar\u0131n\u0131n kart\u0131. Foto: \u201cAz\u0259rbaycan D\u0259mir Yollar\u0131\u201d Qapal\u0131 S\u0259hmdar C\u0259miyy\u0259ti (ADY)"},{"@type":"BreadcrumbList","@id":"https:\/\/www.meydan.tv\/az\/article\/baki-sumqayit-qatarlarinda-qiymetler-artirilacaq\/#breadcrumb","itemListElement":[{"@type":"ListItem","position":1,"name":"Ana s\u0259hif\u0259","item":"https:\/\/www.meydan.tv\/az\/"},{"@type":"ListItem","position":2,"name":"Sosial","item":"https:\/\/www.meydan.tv\/az\/section\/sosial\/"},{"@type":"ListItem","position":3,"name":"Bak\u0131-Sumqay\u0131t qatarlar\u0131nda qiym\u0259tl\u0259r art\u0131r\u0131lacaq"}]},{"@type":"WebSite","@id":"https:\/\/www.meydan.tv\/az\/#website","url":"https:\/\/www.meydan.tv\/az\/","name":"MEYDAN.TV","description":"Meydan TV Az\u0259rbaycan\u0131n media m\u0259kan\u0131ndak\u0131 alternativ s\u0259sidir","publisher":{"@id":"https:\/\/www.meydan.tv\/az\/#organization"},"potentialAction":[{"@type":"SearchAction","target":{"@type":"EntryPoint","urlTemplate":"https:\/\/www.meydan.tv\/az\/?s={search_term_string}"},"query-input":{"@type":"PropertyValueSpecification","valueRequired":true,"valueName":"search_term_string"}}],"inLanguage":"az"},{"@type":"Organization","@id":"https:\/\/www.meydan.tv\/az\/#organization","name":"Meydan TV","url":"https:\/\/www.meydan.tv\/az\/","logo":{"@type":"ImageObject","inLanguage":"az","@id":"https:\/\/www.meydan.tv\/az\/#\/schema\/logo\/image\/","url":"https:\/\/www.meydan.tv\/wp-content\/uploads\/2021\/07\/meydan-logo.svg","contentUrl":"https:\/\/www.meydan.tv\/wp-content\/uploads\/2021\/07\/meydan-logo.svg","width":195,"height":46,"caption":"Meydan TV"},"image":{"@id":"https:\/\/www.meydan.tv\/az\/#\/schema\/logo\/image\/"}},{"@type":"Person","@id":"https:\/\/www.meydan.tv\/az\/#\/schema\/person\/9cdbecf90d17180ce1dfbd95b08dcf47","name":"elli","sameAs":["https:\/\/x.com\/elli"]}]}},"_links":{"self":[{"href":"https:\/\/www.meydan.tv\/az\/wp-json\/wp\/v2\/posts\/316283","targetHints":{"allow":["GET"]}}],"collection":[{"href":"https:\/\/www.meydan.tv\/az\/wp-json\/wp\/v2\/posts"}],"about":[{"href":"https:\/\/www.meydan.tv\/az\/wp-json\/wp\/v2\/types\/post"}],"author":[{"embeddable":true,"href":"https:\/\/www.meydan.tv\/az\/wp-json\/wp\/v2\/users\/8"}],"replies":[{"embeddable":true,"href":"https:\/\/www.meydan.tv\/az\/wp-json\/wp\/v2\/comments?post=316283"}],"version-history":[{"count":2,"href":"https:\/\/www.meydan.tv\/az\/wp-json\/wp\/v2\/posts\/316283\/revisions"}],"predecessor-version":[{"id":316285,"href":"https:\/\/www.meydan.tv\/az\/wp-json\/wp\/v2\/posts\/316283\/revisions\/316285"}],"wp:featuredmedia":[{"embeddable":true,"href":"https:\/\/www.meydan.tv\/az\/wp-json\/wp\/v2\/media\/277252"}],"wp:attachment":[{"href":"https:\/\/www.meydan.tv\/az\/wp-json\/wp\/v2\/media?parent=316283"}],"wp:term":[{"taxonomy":"category","embeddable":true,"href":"https:\/\/www.meydan.tv\/az\/wp-json\/wp\/v2\/categories?post=316283"},{"taxonomy":"post_tag","embeddable":true,"href":"https:\/\/www.meydan.tv\/az\/wp-json\/wp\/v2\/tags?post=316283"}],"curies":[{"name":"wp","href":"https:\/\/api.w.org\/{rel}","templated":true}]}}