{"id":316188,"date":"2024-09-23T13:37:52","date_gmt":"2024-09-23T09:37:52","guid":{"rendered":"https:\/\/www.meydan.tv\/?p=316188"},"modified":"2024-09-23T14:25:27","modified_gmt":"2024-09-23T10:25:27","slug":"eliyev-milli-meclisin-ilk-iclasinda-bize-qarsi-yeni-plan-hazirlanir","status":"publish","type":"post","link":"https:\/\/www.meydan.tv\/az\/article\/eliyev-milli-meclisin-ilk-iclasinda-bize-qarsi-yeni-plan-hazirlanir\/","title":{"rendered":"\u018fliyev Milli M\u0259clisin ilk iclas\u0131nda: &#8220;Biz\u0259 qar\u015f\u0131 yeni plan haz\u0131rlan\u0131r&#8221;"},"content":{"rendered":"\n<p><\/p>\n\n\n\n<p><strong><em>\u00d6lk\u0259 ba\u015f\u00e7\u0131s\u0131 quru s\u0259rh\u0259dl\u0259rin ba\u011fl\u0131 qalmas\u0131n\u0131 t\u0259hl\u00fck\u0259sizlikl\u0259 \u0259laq\u0259l\u0259ndirdi<\/em><\/strong><\/p>\n\n\n\n<p>Sentyabr\u0131n 23-d\u0259 VII \u00e7a\u011f\u0131r\u0131\u015f Milli M\u0259clisin ilk iclas\u0131 ke\u00e7irilib.<\/p>\n\n\n\n<p>Toplant\u0131ya s\u0259drlik ed\u0259n 84 ya\u015fl\u0131 deputat Ziyad S\u0259m\u0259dzad\u0259 yeni mandat alm\u0131\u015f deputatlar\u0131n siyah\u0131s\u0131n\u0131 oxuyandan sonra g\u00fcnd\u0259liyi t\u0259qdim edib.<\/p>\n\n\n\n<p>Ard\u0131nca Yeni Az\u0259rbaycan Partiyas\u0131n\u0131n Milli M\u0259clisin s\u0259dri v\u0259zif\u0259sin\u0259 t\u0259klif etdiyi Sahib\u0259 Qafarova s\u0259dr se\u00e7ilib. S.Qafarova 2020-ci ild\u0259n bu v\u0259zif\u0259d\u0259dir. Ona q\u0259d\u0259r Oqtay \u018fs\u0259dov spiker idi, o, bu d\u0259f\u0259 deputat mandat\u0131 almay\u0131b.<\/p>\n\n\n\n<p>\u018fvv\u0259lki \u00e7a\u011f\u0131r\u0131\u015flardan f\u0259rqli olaraq bu d\u0259f\u0259 s\u0259drin m\u00fcavinl\u0259rinin say\u0131 art\u0131b.<\/p>\n\n\n\n<p>Deputat \u018fli \u018fhm\u0259dov Milli M\u0259clis s\u0259drinin birinci m\u00fcavini, Ziyaf\u0259t \u018fsg\u0259rov, Musa Qas\u0131ml\u0131 v\u0259 Rafael H\u00fcseynov m\u00fcavinl\u0259ri se\u00e7ilibl\u0259r.<\/p>\n\n\n\n<p>\u0130ndiy\u0259 q\u0259d\u0259r Milli M\u0259clis s\u0259drinin \u00fc\u00e7 m\u00fcavini ( I m\u00fcavin v\u0259 iki m\u00fcavin) olurdu.<\/p>\n\n\n\n<p>\u018fli \u018fhm\u0259dov 2013-c\u00fc ild\u0259n Ba\u015f nazirin m\u00fcavinidir.<\/p>\n\n\n\n<p>Ziyaf\u0259t \u018fsg\u0259rov 2000-2020-ci ill\u0259rd\u0259 spikerin birinci m\u00fcavini idi.<\/p>\n\n\n\n<p>Rafael H\u00fcseynovun Milli M\u0259clisd\u0259 V\u0259t\u0259nda\u015f H\u0259mr\u0259yliyi Partiyas\u0131n\u0131, Musa Qas\u0131ml\u0131n\u0131n is\u0259 bit\u0259r\u0259fl\u0259ri t\u0259msil etdiyi bildirilir.<\/p>\n\n\n<div class=\"wp-block-image\">\n<figure class=\"aligncenter size-full is-resized\"><img decoding=\"async\" width=\"637\" height=\"400\" data-src=\"https:\/\/www.meydan.tv\/wp-content\/uploads\/photo_2024-09-23_13-32-56.jpg\" alt=\"\" class=\"wp-image-316198 lazyload\" style=\"--smush-placeholder-width: 637px; --smush-placeholder-aspect-ratio: 637\/400;width:787px;height:auto\" src=\"data:image\/svg+xml;base64,PHN2ZyB3aWR0aD0iMSIgaGVpZ2h0PSIxIiB4bWxucz0iaHR0cDovL3d3dy53My5vcmcvMjAwMC9zdmciPjwvc3ZnPg==\" \/><figcaption class=\"wp-element-caption\">Musa Qas\u0131ml\u0131, \u018fli \u018fhm\u0259dov, R\u0259fael H\u00fcseynov v\u0259 Ziyaf\u0259t \u018fsg\u0259rov. Foto-kollaj Meydan TV<\/figcaption><\/figure>\n<\/div>\n\n\n<p>\u018fvv\u0259lki \u00e7a\u011f\u0131r\u0131\u015fda s\u0259drin m\u00fcavinl\u0259ri F\u0259zail \u0130brahimli v\u0259 Adil \u018fliyev idi.<\/p>\n\n\n\n<p>Adil \u018fliyev iyul ay\u0131nda Suraxan\u0131 Rayon \u0130cra Hakimiyy\u0259tinin ba\u015f\u00e7\u0131s\u0131 t\u0259yin edilib.<\/p>\n\n\n\n<p>Milli M\u0259clisin ilk iclas\u0131nda \u00e7\u0131x\u0131\u015f ed\u0259n \u00f6lk\u0259 ba\u015f\u00e7\u0131s\u0131 \u0130lham \u018fliyev bildirib ki, Az\u0259rbaycan\u0131n II Qaraba\u011f sava\u015f\u0131nda q\u0259l\u0259b\u0259sini h\u0259zm ed\u0259 bilm\u0259y\u0259n xarici dair\u0259l\u0259r yeni planlar haz\u0131rlay\u0131rlar:<\/p>\n\n\n\n<p>&#8220;<em>Media kampaniyas\u0131n\u0131n, qarayaxma, iftira, b\u00f6htan kampaniyalar\u0131n\u0131n da m\u0259qs\u0259di m\u0259hz budur. Bu m\u00f6vzunu daim g\u00fcnd\u0259likd\u0259 saxlamaq v\u0259 \u00fcmidl\u0259 ya\u015famaq ki, n\u0259 vaxtsa Az\u0259rbaycan b\u00fcdr\u0259s\u0259, z\u0259ifl\u0259s\u0259, yenid\u0259n biz\u0259 qar\u015f\u0131 bu \u00e7irkin h\u0259r\u0259k\u0259tl\u0259r ba\u015flas\u0131n. Y\u0259ni biz bunu bilm\u0259liyik. Az\u0259rbaycan iqtidar\u0131 bunu bilir, ictimaiyy\u0259t d\u0259 bunu bilm\u0259lidir. Ona g\u00f6r\u0259 arxay\u0131nla\u015fma\u011fa bizim he\u00e7 c\u00fcr imkan\u0131m\u0131z yoxdur\u201d.<\/em><\/p>\n\n\n\n<p>&#8220;<em>Art\u0131q 30 ilin i\u015f\u011fal\u0131 arxada qal\u0131b. \u0130ndi geni\u015fmiqyasl\u0131 quruculuq, inki\u015faf i\u015fin\u0259 q\u0259d\u0259m qoymu\u015fuq, n\u0259tic\u0259l\u0259r d\u0259 g\u00f6z qaba\u011f\u0131ndad\u0131r. Son 3-4 il \u0259rzind\u0259 \u00f6lk\u0259mizin beyn\u0259lxalq m\u00f6vqel\u0259ri daha da m\u00f6hk\u0259ml\u0259ndi. \u0130kinci Qaraba\u011f m\u00fcharib\u0259sinin v\u0259 antiterror \u0259m\u0259liyyat\u0131n\u0131n n\u0259tic\u0259l\u0259rini biz b\u00fct\u00fcn d\u00fcnyaya q\u0259bul etdir\u0259 bildik\u201d,<\/em> &#8211; dey\u0259 \u018fliyev \u0259lav\u0259 edib.<\/p>\n\n\n\n<p>\u00d6lk\u0259 ba\u015f\u00e7\u0131s\u0131 h\u0259m\u00e7inin Az\u0259rbaycana qar\u015f\u0131 ideoloji t\u0259xribatlar\u0131n davam etdiyini d\u0259 vur\u011fulay\u0131b:<\/p>\n\n\n\n<p>&#8220;<em>Biz\u0259 qar\u015f\u0131 ideoloji t\u0259xribatlar davam edir. D\u00fczd\u00fcr, onlar\u0131n bu g\u00fcn\u0259 q\u0259d\u0259r he\u00e7 bir n\u0259tic\u0259si olmay\u0131b, \u00e7\u00fcnki bunlar\u0131n qar\u015f\u0131s\u0131nda xalq\u0131m\u0131z\u0131n g\u00fccl\u00fc irad\u0259si v\u0259 milli ruhumuz dayan\u0131r. \u0130st\u0259nil\u0259n ideoloji t\u0259xribat\u0131n burada k\u00f6k salmas\u0131 qeyri-m\u00fcmk\u00fcnd\u00fcr. Ancaq bu, bizi sakitl\u0259\u015fdirm\u0259m\u0259lidir. Bu \u00e7irkin oyunlar\u0131 if\u015fa etm\u0259liyik, nec\u0259 ki, edirik, h\u0259m r\u0259smi sur\u0259td\u0259, h\u0259m ictimai m\u0259kanda, media m\u0259kan\u0131nda. Hesab edir\u0259m ki, Az\u0259rbaycan xalq\u0131 bu g\u00fcn h\u0259r \u015feyi yax\u015f\u0131 g\u00f6r\u00fcr, h\u0259r \u015feyi yax\u015f\u0131 bilir &#8211; bizim dostumuz kimdir, d\u00fc\u015fm\u0259nimiz kimdir\u201d.<\/em><\/p>\n\n\n\n<p>\u0130lham \u018fliyev deyib ki,Erm\u0259nistanda revan\u015fist q\u00fcvv\u0259l\u0259r d\u0259 ba\u015f qald\u0131r\u0131blar:<\/p>\n\n\n\n<p>&#8220;<em>Bu, t\u0259kc\u0259 marginal siyasi \u00fcns\u00fcrl\u0259r deyil, eyni zamanda, bug\u00fcnk\u00fc Erm\u0259nistan hakimiyy\u0259ti bu fikirl\u0259rl\u0259, bu x\u00fclyalarla ya\u015fay\u0131r. Onlar II Qaraba\u011f m\u00fcharib\u0259sinin v\u0259 antiterror \u0259m\u0259liyyat\u0131n\u0131n n\u0259tic\u0259l\u0259ri il\u0259 bar\u0131\u015fmaq ist\u0259mirl\u0259r. \u00dczd\u0259 bunu des\u0259l\u0259r d\u0259, onlar\u0131n i\u015fl\u0259ri, siyas\u0259tl\u0259ri, add\u0131mlar\u0131 tam \u0259ks m\u0259nz\u0259r\u0259 yarad\u0131r. Bu g\u00fcn\u0259 q\u0259d\u0259r he\u00e7 bir funksional mahiyy\u0259t da\u015f\u0131mayan Minsk Qrupunun formal olaraq saxlanmas\u0131 da m\u0259hz buna d\u0259lal\u0259t edir. Biz \u015f\u0259rti s\u0259rh\u0259dd\u0259 m\u00f6hk\u0259ml\u0259nirik, \u00e7\u00fcnki h\u0259r an Erm\u0259nistandan ist\u0259nil\u0259n t\u0259xribat g\u00f6zl\u0259m\u0259k olar v\u0259 Erm\u0259nistan t\u0259r\u0259fi h\u0259m k\u00fctl\u0259vi sur\u0259td\u0259 silahlan\u0131r, eyni zamanda, xarici \u00f6lk\u0259l\u0259rl\u0259, \u00f6z\u00fc d\u0259 b\u00f6y\u00fck d\u00f6vl\u0259tl\u0259rl\u0259 h\u0259rbi t\u0259liml\u0259r ke\u00e7irir. Erm\u0259nistana Q\u0259rb \u00f6lk\u0259l\u0259rind\u0259n silah, sursat g\u00f6nd\u0259rilir. Y\u0259ni Erm\u0259nistan\u0131 biz\u0259 qar\u015f\u0131 y\u00f6n\u0259ltm\u0259k \u00fc\u00e7\u00fcn b\u0259zi Q\u0259rb d\u00f6vl\u0259tll\u0259rinin planlar\u0131 g\u00f6z qaba\u011f\u0131ndad\u0131r\u201d.<\/em><\/p>\n\n\n\n<p>Prezidentin s\u00f6zl\u0259rin\u0259 g\u00f6r\u0259, birinci v\u0259zif\u0259 h\u0259rbi g\u00fcc\u00fcn art\u0131r\u0131lmas\u0131d\u0131r:<\/p>\n\n\n\n<p><em>&#8220;Baxmayaraq ki, II Qaraba\u011f m\u00fcharib\u0259si v\u0259 antiterror \u0259m\u0259liyyat\u0131 arxada qald\u0131, h\u0259m d\u00fcnyada ged\u0259n prosesl\u0259r, yeni m\u00fcnaqi\u015f\u0259, m\u00fcharib\u0259 ocaqlar\u0131n\u0131n yarad\u0131lmas\u0131 v\u0259 \u0259traf\u0131m\u0131zda g\u0259rginliyin artmas\u0131, eyni zamanda, Erm\u0259nistanda revan\u015fizm meyill\u0259ri bizi bu sah\u0259y\u0259 daim diqq\u0259t g\u00f6st\u0259rm\u0259y\u0259 vadar edir. Qaraba\u011f v\u0259 \u015e\u0259rqi Z\u0259ng\u0259zurun b\u0259rpas\u0131 da \u00f6lk\u0259 qar\u015f\u0131s\u0131nda duran v\u0259zif\u0259dir. Ancaq biz \u0259g\u0259r h\u0259rbi sah\u0259y\u0259 diqq\u0259timizi azaltsaq v\u0259 oraya ayr\u0131lan v\u0259saiti laz\u0131mi s\u0259viyy\u0259d\u0259 t\u0259min etm\u0259s\u0259k, g\u0259l\u0259c\u0259kd\u0259 bizi probleml\u0259r g\u00f6zl\u0259y\u0259 bil\u0259r\u201d.<\/em><\/p>\n\n\n\n<p>O, quru s\u0259rh\u0259dl\u0259rin ba\u011fl\u0131 qalmas\u0131na da toxunub:<\/p>\n\n\n\n<p>&#8220;<em>M\u0259n tam \u0259minlikl\u0259 dey\u0259 bil\u0259r\u0259m ki, son ill\u0259r \u0259rzind\u0259 quru s\u0259rh\u0259dl\u0259rimizin ba\u011fl\u0131 olmas\u0131 bizi \u00e7ox b\u00f6y\u00fck f\u0259lak\u0259tl\u0259rd\u0259n xilas etdi. H\u0259tta bu g\u00fcn &#8211; s\u0259rh\u0259dl\u0259r ba\u011fl\u0131 olan vaxtda t\u0259hl\u00fck\u0259li h\u0259r\u0259k\u0259tl\u0259r apar\u0131l\u0131r v\u0259 bu h\u0259r\u0259k\u0259tl\u0259rin qar\u015f\u0131s\u0131 al\u0131n\u0131r. S\u0259rh\u0259dl\u0259rimizin qorunmas\u0131 bizi xarici riskl\u0259rd\u0259n qoruyacaq. Az\u0259rbaycanda daxili riskl\u0259r yoxdur. Az\u0259rbaycanda t\u0259hl\u00fck\u0259sizlik, \u0259min-amanl\u0131q uzun ill\u0259rdir ki, t\u0259min edilir, sabitlik b\u00fct\u00fcn d\u00fcnya \u00fc\u00e7\u00fcn n\u00fcmun\u0259 ola bil\u0259r. H\u0259r k\u0259s bilir ki, \u0259g\u0259r sabitlik olmasa, he\u00e7 bir \u00f6lk\u0259 inki\u015faf ed\u0259 bilm\u0259z. Bu g\u00fcn sabitliyi pozulan \u00f6lk\u0259l\u0259rin v\u0259ziyy\u0259tini v\u0259 aqib\u0259tini h\u0259r k\u0259s yax\u015f\u0131 g\u00f6r\u00fcr. Bu, t\u0259hl\u00fck\u0259sizliyin, inki\u015faf\u0131n, xarici s\u0259rmay\u0259nin c\u0259lb edilm\u0259si \u00fc\u00e7\u00fcn ba\u015fl\u0131ca \u015f\u0259rtdir\u201d.<\/em><\/p>\n\n\n\n<p>Az\u0259rbaycanda sentyabr\u0131n 1-d\u0259 n\u00f6vb\u0259d\u0259nk\u0259nar parlament se\u00e7kil\u0259ri ke\u00e7irilib.<\/p>\n\n\n\n<p>Se\u00e7kil\u0259ri AT\u018fT Parlament Assambleyas\u0131n\u0131n 60 deputat\u0131 v\u0259 AT\u018fT Demokratik T\u0259sisatlar v\u0259 \u0130nsan H\u00fcquqlar\u0131 B\u00fcrosunun monitorinq missiyas\u0131n\u0131n 300 \u00fczv\u00fc m\u00fc\u015fahid\u0259 edib.<\/p>\n\n\n\n<p>Avropa \u015euras\u0131 Parlament Assambleyas\u0131na (A\u015ePA) n\u00f6vb\u0259d\u0259nk\u0259nar se\u00e7kil\u0259ri m\u00fc\u015fahid\u0259 etm\u0259k \u00fc\u00e7\u00fcn d\u0259v\u0259t g\u00f6nd\u0259rilm\u0259yib.<\/p>\n\n\n\n<p>Az\u0259rbaycan Avropa \u015euras\u0131 Parlament Assambleyas\u0131n\u0131n n\u00fcmay\u0259nd\u0259 hey\u0259tini bu ilin fevral\u0131nda ke\u00e7irilmi\u015f n\u00f6vb\u0259d\u0259nk\u0259nar prezident se\u00e7kil\u0259rini m\u00fc\u015fahid\u0259 etm\u0259y\u0259 d\u0259 d\u0259v\u0259t etm\u0259mi\u015fdi.<\/p>\n\n\n\n<p>Avropa \u015euras\u0131 Parlament Assambleyas\u0131n\u0131n n\u00fcmay\u0259nd\u0259 hey\u0259tini d\u0259v\u0259t etm\u0259kd\u0259n imtina Az\u0259rbaycan n\u00fcmay\u0259nd\u0259 hey\u0259tinin Avropa \u015euras\u0131 Parlament Assambleyas\u0131nda s\u0259lahiyy\u0259tinin bir il m\u00fcdd\u0259tin\u0259 dayand\u0131r\u0131lmas\u0131n\u0131n s\u0259b\u0259bl\u0259rind\u0259n biridir.<\/p>\n\n\n\n<p>M\u00fcsavat, Respublika\u00e7\u0131 Alternativ (REAL) v\u0259 dig\u0259r m\u00fcxalif\u0259ty\u00f6nl\u00fc partiyalar se\u00e7kid\u0259 i\u015ftirak edib.<\/p>\n\n\n\n<p>Az\u0259rbaycan Xalq C\u0259bh\u0259si Partiyas\u0131 (AXCP) \u201c\u00f6lk\u0259d\u0259 \u0259dal\u0259tli siyasi r\u0259qab\u0259t \u00fc\u00e7\u00fcn \u015f\u0259raitin olmad\u0131\u011f\u0131n\u0131, fundamental azadl\u0131qlar\u0131n m\u0259hdudla\u015fd\u0131r\u0131ld\u0131\u011f\u0131n\u0131, 300-d\u0259n \u00e7ox siyasi m\u0259hbusun oldu\u011funu\u201d bildir\u0259r\u0259k se\u00e7kil\u0259ri boykot edib.<\/p>\n\n\n\n<p>Sentyabr\u0131n 2-d\u0259 AT\u018fT M\u00fc\u015fahid\u0259 Missiyas\u0131 v\u0259 AT\u018fT Parlament Assambleyas\u0131n\u0131n n\u00fcmay\u0259nd\u0259l\u0259ri Milli M\u0259clis\u0259 n\u00f6vb\u0259d\u0259nk\u0259nar se\u00e7kil\u0259rl\u0259 ba\u011fl\u0131 ilkin r\u0259yl\u0259rini a\u00e7\u0131qlay\u0131blar.<\/p>\n\n\n\n<p>M\u00fc\u015fahid\u0259 missiyas\u0131 Az\u0259rbaycanda ke\u00e7iril\u0259n se\u00e7kil\u0259rin beyn\u0259lxalq standartlara cavab verm\u0259diyini, se\u00e7kil\u0259rin demokratik ke\u00e7irilm\u0259diyini b\u0259yan edib.<\/p>\n","protected":false},"excerpt":{"rendered":"<p>\u00d6lk\u0259 ba\u015f\u00e7\u0131s\u0131 quru s\u0259rh\u0259dl\u0259rin ba\u011fl\u0131 qalmas\u0131n\u0131 t\u0259hl\u00fck\u0259sizlikl\u0259 \u0259laq\u0259l\u0259ndirdi Sentyabr\u0131n 23-d\u0259 &#8230; <\/p>\n<p class=\"read-more-container\"><a title=\"\u018fliyev Milli M\u0259clisin ilk iclas\u0131nda: &#8220;Biz\u0259 qar\u015f\u0131 yeni plan haz\u0131rlan\u0131r&#8221;\" class=\"read-more button\" href=\"https:\/\/www.meydan.tv\/az\/article\/eliyev-milli-meclisin-ilk-iclasinda-bize-qarsi-yeni-plan-hazirlanir\/#more-316188\" aria-label=\"Read more about \u018fliyev Milli M\u0259clisin ilk iclas\u0131nda: &#8220;Biz\u0259 qar\u015f\u0131 yeni plan haz\u0131rlan\u0131r&#8221;\">Davam\u0131<\/a><\/p>\n","protected":false},"author":8,"featured_media":316185,"comment_status":"closed","ping_status":"closed","sticky":false,"template":"","format":"standard","meta":{"_acf_changed":false,"_sitemap_exclude":false,"_sitemap_priority":"","_sitemap_frequency":"","footnotes":""},"categories":[59,79,56],"tags":[],"class_list":["post-316188","post","type-post","status-publish","format-standard","has-post-thumbnail","hentry","category-siyaset","category-featured","category-xeberler","infinite-scroll-item","generate-columns","tablet-grid-50","mobile-grid-100","grid-parent","grid-33","no-featured-image-padding"],"acf":[],"yoast_head":"<!-- This site is optimized with the Yoast SEO plugin v27.4 - https:\/\/yoast.com\/product\/yoast-seo-wordpress\/ -->\n<title>\u018fliyev Milli M\u0259clisin ilk iclas\u0131nda: &quot;Biz\u0259 qar\u015f\u0131 yeni plan haz\u0131rlan\u0131r&quot; - MEYDAN.TV<\/title>\n<meta name=\"description\" content=\"Milli M\u0259clisin ilk iclas\u0131nda \u00e7\u0131x\u0131\u015f ed\u0259n \u00f6lk\u0259 ba\u015f\u00e7\u0131s\u0131 \u0130lham \u018fliyev quru s\u0259rh\u0259dl\u0259rin ba\u011fl\u0131 qalmas\u0131na da toxunub.\" \/>\n<meta name=\"robots\" content=\"index, follow, max-snippet:-1, max-image-preview:large, max-video-preview:-1\" \/>\n<link rel=\"canonical\" href=\"https:\/\/www.meydan.tv\/az\/article\/eliyev-milli-meclisin-ilk-iclasinda-bize-qarsi-yeni-plan-hazirlanir\/\" \/>\n<meta property=\"og:locale\" content=\"az_AZ\" \/>\n<meta property=\"og:type\" content=\"article\" \/>\n<meta property=\"og:title\" content=\"\u018fliyev Milli M\u0259clisin ilk iclas\u0131nda: &quot;Biz\u0259 qar\u015f\u0131 yeni plan haz\u0131rlan\u0131r&quot; - MEYDAN.TV\" \/>\n<meta property=\"og:description\" content=\"Milli M\u0259clisin ilk iclas\u0131nda \u00e7\u0131x\u0131\u015f ed\u0259n \u00f6lk\u0259 ba\u015f\u00e7\u0131s\u0131 \u0130lham \u018fliyev quru s\u0259rh\u0259dl\u0259rin ba\u011fl\u0131 qalmas\u0131na da toxunub.\" \/>\n<meta property=\"og:url\" content=\"https:\/\/www.meydan.tv\/az\/article\/eliyev-milli-meclisin-ilk-iclasinda-bize-qarsi-yeni-plan-hazirlanir\/\" \/>\n<meta property=\"og:site_name\" content=\"MEYDAN.TV\" \/>\n<meta property=\"article:published_time\" content=\"2024-09-23T09:37:52+00:00\" \/>\n<meta property=\"article:modified_time\" content=\"2024-09-23T10:25:27+00:00\" \/>\n<meta property=\"og:image\" content=\"https:\/\/www.meydan.tv\/wp-content\/uploads\/17270801845078947958_1200x630.jpg\" \/>\n\t<meta property=\"og:image:width\" content=\"1200\" \/>\n\t<meta property=\"og:image:height\" content=\"819\" \/>\n\t<meta property=\"og:image:type\" content=\"image\/jpeg\" \/>\n<meta name=\"author\" content=\"elli\" \/>\n<meta name=\"twitter:card\" content=\"summary_large_image\" \/>\n<meta name=\"twitter:creator\" content=\"@elli\" \/>\n<script type=\"application\/ld+json\" class=\"yoast-schema-graph\">{\"@context\":\"https:\\\/\\\/schema.org\",\"@graph\":[{\"@type\":\"Article\",\"@id\":\"https:\\\/\\\/www.meydan.tv\\\/az\\\/article\\\/eliyev-milli-meclisin-ilk-iclasinda-bize-qarsi-yeni-plan-hazirlanir\\\/#article\",\"isPartOf\":{\"@id\":\"https:\\\/\\\/www.meydan.tv\\\/az\\\/article\\\/eliyev-milli-meclisin-ilk-iclasinda-bize-qarsi-yeni-plan-hazirlanir\\\/\"},\"author\":{\"name\":\"elli\",\"@id\":\"https:\\\/\\\/www.meydan.tv\\\/az\\\/#\\\/schema\\\/person\\\/9cdbecf90d17180ce1dfbd95b08dcf47\"},\"headline\":\"\u018fliyev Milli M\u0259clisin ilk iclas\u0131nda: &#8220;Biz\u0259 qar\u015f\u0131 yeni plan haz\u0131rlan\u0131r&#8221;\",\"datePublished\":\"2024-09-23T09:37:52+00:00\",\"dateModified\":\"2024-09-23T10:25:27+00:00\",\"mainEntityOfPage\":{\"@id\":\"https:\\\/\\\/www.meydan.tv\\\/az\\\/article\\\/eliyev-milli-meclisin-ilk-iclasinda-bize-qarsi-yeni-plan-hazirlanir\\\/\"},\"wordCount\":1470,\"publisher\":{\"@id\":\"https:\\\/\\\/www.meydan.tv\\\/az\\\/#organization\"},\"image\":{\"@id\":\"https:\\\/\\\/www.meydan.tv\\\/az\\\/article\\\/eliyev-milli-meclisin-ilk-iclasinda-bize-qarsi-yeni-plan-hazirlanir\\\/#primaryimage\"},\"thumbnailUrl\":\"https:\\\/\\\/www.meydan.tv\\\/wp-content\\\/uploads\\\/17270801845078947958_1200x630.jpg\",\"articleSection\":[\"Siyas\u0259t\",\"T\u00f6vsiy\u0259\",\"X\u0259b\u0259rl\u0259r\"],\"inLanguage\":\"az\"},{\"@type\":\"WebPage\",\"@id\":\"https:\\\/\\\/www.meydan.tv\\\/az\\\/article\\\/eliyev-milli-meclisin-ilk-iclasinda-bize-qarsi-yeni-plan-hazirlanir\\\/\",\"url\":\"https:\\\/\\\/www.meydan.tv\\\/az\\\/article\\\/eliyev-milli-meclisin-ilk-iclasinda-bize-qarsi-yeni-plan-hazirlanir\\\/\",\"name\":\"\u018fliyev Milli M\u0259clisin ilk iclas\u0131nda: \\\"Biz\u0259 qar\u015f\u0131 yeni plan haz\u0131rlan\u0131r\\\" - MEYDAN.TV\",\"isPartOf\":{\"@id\":\"https:\\\/\\\/www.meydan.tv\\\/az\\\/#website\"},\"primaryImageOfPage\":{\"@id\":\"https:\\\/\\\/www.meydan.tv\\\/az\\\/article\\\/eliyev-milli-meclisin-ilk-iclasinda-bize-qarsi-yeni-plan-hazirlanir\\\/#primaryimage\"},\"image\":{\"@id\":\"https:\\\/\\\/www.meydan.tv\\\/az\\\/article\\\/eliyev-milli-meclisin-ilk-iclasinda-bize-qarsi-yeni-plan-hazirlanir\\\/#primaryimage\"},\"thumbnailUrl\":\"https:\\\/\\\/www.meydan.tv\\\/wp-content\\\/uploads\\\/17270801845078947958_1200x630.jpg\",\"datePublished\":\"2024-09-23T09:37:52+00:00\",\"dateModified\":\"2024-09-23T10:25:27+00:00\",\"description\":\"Milli M\u0259clisin ilk iclas\u0131nda \u00e7\u0131x\u0131\u015f ed\u0259n \u00f6lk\u0259 ba\u015f\u00e7\u0131s\u0131 \u0130lham \u018fliyev quru s\u0259rh\u0259dl\u0259rin ba\u011fl\u0131 qalmas\u0131na da toxunub.\",\"breadcrumb\":{\"@id\":\"https:\\\/\\\/www.meydan.tv\\\/az\\\/article\\\/eliyev-milli-meclisin-ilk-iclasinda-bize-qarsi-yeni-plan-hazirlanir\\\/#breadcrumb\"},\"inLanguage\":\"az\",\"potentialAction\":[{\"@type\":\"ReadAction\",\"target\":[\"https:\\\/\\\/www.meydan.tv\\\/az\\\/article\\\/eliyev-milli-meclisin-ilk-iclasinda-bize-qarsi-yeni-plan-hazirlanir\\\/\"]}]},{\"@type\":\"ImageObject\",\"inLanguage\":\"az\",\"@id\":\"https:\\\/\\\/www.meydan.tv\\\/az\\\/article\\\/eliyev-milli-meclisin-ilk-iclasinda-bize-qarsi-yeni-plan-hazirlanir\\\/#primaryimage\",\"url\":\"https:\\\/\\\/www.meydan.tv\\\/wp-content\\\/uploads\\\/17270801845078947958_1200x630.jpg\",\"contentUrl\":\"https:\\\/\\\/www.meydan.tv\\\/wp-content\\\/uploads\\\/17270801845078947958_1200x630.jpg\",\"width\":1200,\"height\":819,\"caption\":\"Foto: Az\u0259rtac\"},{\"@type\":\"BreadcrumbList\",\"@id\":\"https:\\\/\\\/www.meydan.tv\\\/az\\\/article\\\/eliyev-milli-meclisin-ilk-iclasinda-bize-qarsi-yeni-plan-hazirlanir\\\/#breadcrumb\",\"itemListElement\":[{\"@type\":\"ListItem\",\"position\":1,\"name\":\"Ana s\u0259hif\u0259\",\"item\":\"https:\\\/\\\/www.meydan.tv\\\/az\\\/\"},{\"@type\":\"ListItem\",\"position\":2,\"name\":\"Siyas\u0259t\",\"item\":\"https:\\\/\\\/www.meydan.tv\\\/az\\\/section\\\/siyaset\\\/\"},{\"@type\":\"ListItem\",\"position\":3,\"name\":\"\u018fliyev Milli M\u0259clisin ilk iclas\u0131nda: &#8220;Biz\u0259 qar\u015f\u0131 yeni plan haz\u0131rlan\u0131r&#8221;\"}]},{\"@type\":\"WebSite\",\"@id\":\"https:\\\/\\\/www.meydan.tv\\\/az\\\/#website\",\"url\":\"https:\\\/\\\/www.meydan.tv\\\/az\\\/\",\"name\":\"MEYDAN.TV\",\"description\":\"Meydan TV Az\u0259rbaycan\u0131n media m\u0259kan\u0131ndak\u0131 alternativ s\u0259sidir\",\"publisher\":{\"@id\":\"https:\\\/\\\/www.meydan.tv\\\/az\\\/#organization\"},\"potentialAction\":[{\"@type\":\"SearchAction\",\"target\":{\"@type\":\"EntryPoint\",\"urlTemplate\":\"https:\\\/\\\/www.meydan.tv\\\/az\\\/?s={search_term_string}\"},\"query-input\":{\"@type\":\"PropertyValueSpecification\",\"valueRequired\":true,\"valueName\":\"search_term_string\"}}],\"inLanguage\":\"az\"},{\"@type\":\"Organization\",\"@id\":\"https:\\\/\\\/www.meydan.tv\\\/az\\\/#organization\",\"name\":\"Meydan TV\",\"url\":\"https:\\\/\\\/www.meydan.tv\\\/az\\\/\",\"logo\":{\"@type\":\"ImageObject\",\"inLanguage\":\"az\",\"@id\":\"https:\\\/\\\/www.meydan.tv\\\/az\\\/#\\\/schema\\\/logo\\\/image\\\/\",\"url\":\"https:\\\/\\\/www.meydan.tv\\\/wp-content\\\/uploads\\\/2021\\\/07\\\/meydan-logo.svg\",\"contentUrl\":\"https:\\\/\\\/www.meydan.tv\\\/wp-content\\\/uploads\\\/2021\\\/07\\\/meydan-logo.svg\",\"width\":195,\"height\":46,\"caption\":\"Meydan TV\"},\"image\":{\"@id\":\"https:\\\/\\\/www.meydan.tv\\\/az\\\/#\\\/schema\\\/logo\\\/image\\\/\"}},{\"@type\":\"Person\",\"@id\":\"https:\\\/\\\/www.meydan.tv\\\/az\\\/#\\\/schema\\\/person\\\/9cdbecf90d17180ce1dfbd95b08dcf47\",\"name\":\"elli\",\"sameAs\":[\"https:\\\/\\\/x.com\\\/elli\"]}]}<\/script>\n<!-- \/ Yoast SEO plugin. -->","yoast_head_json":{"title":"\u018fliyev Milli M\u0259clisin ilk iclas\u0131nda: \"Biz\u0259 qar\u015f\u0131 yeni plan haz\u0131rlan\u0131r\" - MEYDAN.TV","description":"Milli M\u0259clisin ilk iclas\u0131nda \u00e7\u0131x\u0131\u015f ed\u0259n \u00f6lk\u0259 ba\u015f\u00e7\u0131s\u0131 \u0130lham \u018fliyev quru s\u0259rh\u0259dl\u0259rin ba\u011fl\u0131 qalmas\u0131na da toxunub.","robots":{"index":"index","follow":"follow","max-snippet":"max-snippet:-1","max-image-preview":"max-image-preview:large","max-video-preview":"max-video-preview:-1"},"canonical":"https:\/\/www.meydan.tv\/az\/article\/eliyev-milli-meclisin-ilk-iclasinda-bize-qarsi-yeni-plan-hazirlanir\/","og_locale":"az_AZ","og_type":"article","og_title":"\u018fliyev Milli M\u0259clisin ilk iclas\u0131nda: \"Biz\u0259 qar\u015f\u0131 yeni plan haz\u0131rlan\u0131r\" - MEYDAN.TV","og_description":"Milli M\u0259clisin ilk iclas\u0131nda \u00e7\u0131x\u0131\u015f ed\u0259n \u00f6lk\u0259 ba\u015f\u00e7\u0131s\u0131 \u0130lham \u018fliyev quru s\u0259rh\u0259dl\u0259rin ba\u011fl\u0131 qalmas\u0131na da toxunub.","og_url":"https:\/\/www.meydan.tv\/az\/article\/eliyev-milli-meclisin-ilk-iclasinda-bize-qarsi-yeni-plan-hazirlanir\/","og_site_name":"MEYDAN.TV","article_published_time":"2024-09-23T09:37:52+00:00","article_modified_time":"2024-09-23T10:25:27+00:00","og_image":[{"width":1200,"height":819,"url":"https:\/\/www.meydan.tv\/wp-content\/uploads\/17270801845078947958_1200x630.jpg","type":"image\/jpeg"}],"author":"elli","twitter_card":"summary_large_image","twitter_creator":"@elli","schema":{"@context":"https:\/\/schema.org","@graph":[{"@type":"Article","@id":"https:\/\/www.meydan.tv\/az\/article\/eliyev-milli-meclisin-ilk-iclasinda-bize-qarsi-yeni-plan-hazirlanir\/#article","isPartOf":{"@id":"https:\/\/www.meydan.tv\/az\/article\/eliyev-milli-meclisin-ilk-iclasinda-bize-qarsi-yeni-plan-hazirlanir\/"},"author":{"name":"elli","@id":"https:\/\/www.meydan.tv\/az\/#\/schema\/person\/9cdbecf90d17180ce1dfbd95b08dcf47"},"headline":"\u018fliyev Milli M\u0259clisin ilk iclas\u0131nda: &#8220;Biz\u0259 qar\u015f\u0131 yeni plan haz\u0131rlan\u0131r&#8221;","datePublished":"2024-09-23T09:37:52+00:00","dateModified":"2024-09-23T10:25:27+00:00","mainEntityOfPage":{"@id":"https:\/\/www.meydan.tv\/az\/article\/eliyev-milli-meclisin-ilk-iclasinda-bize-qarsi-yeni-plan-hazirlanir\/"},"wordCount":1470,"publisher":{"@id":"https:\/\/www.meydan.tv\/az\/#organization"},"image":{"@id":"https:\/\/www.meydan.tv\/az\/article\/eliyev-milli-meclisin-ilk-iclasinda-bize-qarsi-yeni-plan-hazirlanir\/#primaryimage"},"thumbnailUrl":"https:\/\/www.meydan.tv\/wp-content\/uploads\/17270801845078947958_1200x630.jpg","articleSection":["Siyas\u0259t","T\u00f6vsiy\u0259","X\u0259b\u0259rl\u0259r"],"inLanguage":"az"},{"@type":"WebPage","@id":"https:\/\/www.meydan.tv\/az\/article\/eliyev-milli-meclisin-ilk-iclasinda-bize-qarsi-yeni-plan-hazirlanir\/","url":"https:\/\/www.meydan.tv\/az\/article\/eliyev-milli-meclisin-ilk-iclasinda-bize-qarsi-yeni-plan-hazirlanir\/","name":"\u018fliyev Milli M\u0259clisin ilk iclas\u0131nda: \"Biz\u0259 qar\u015f\u0131 yeni plan haz\u0131rlan\u0131r\" - MEYDAN.TV","isPartOf":{"@id":"https:\/\/www.meydan.tv\/az\/#website"},"primaryImageOfPage":{"@id":"https:\/\/www.meydan.tv\/az\/article\/eliyev-milli-meclisin-ilk-iclasinda-bize-qarsi-yeni-plan-hazirlanir\/#primaryimage"},"image":{"@id":"https:\/\/www.meydan.tv\/az\/article\/eliyev-milli-meclisin-ilk-iclasinda-bize-qarsi-yeni-plan-hazirlanir\/#primaryimage"},"thumbnailUrl":"https:\/\/www.meydan.tv\/wp-content\/uploads\/17270801845078947958_1200x630.jpg","datePublished":"2024-09-23T09:37:52+00:00","dateModified":"2024-09-23T10:25:27+00:00","description":"Milli M\u0259clisin ilk iclas\u0131nda \u00e7\u0131x\u0131\u015f ed\u0259n \u00f6lk\u0259 ba\u015f\u00e7\u0131s\u0131 \u0130lham \u018fliyev quru s\u0259rh\u0259dl\u0259rin ba\u011fl\u0131 qalmas\u0131na da toxunub.","breadcrumb":{"@id":"https:\/\/www.meydan.tv\/az\/article\/eliyev-milli-meclisin-ilk-iclasinda-bize-qarsi-yeni-plan-hazirlanir\/#breadcrumb"},"inLanguage":"az","potentialAction":[{"@type":"ReadAction","target":["https:\/\/www.meydan.tv\/az\/article\/eliyev-milli-meclisin-ilk-iclasinda-bize-qarsi-yeni-plan-hazirlanir\/"]}]},{"@type":"ImageObject","inLanguage":"az","@id":"https:\/\/www.meydan.tv\/az\/article\/eliyev-milli-meclisin-ilk-iclasinda-bize-qarsi-yeni-plan-hazirlanir\/#primaryimage","url":"https:\/\/www.meydan.tv\/wp-content\/uploads\/17270801845078947958_1200x630.jpg","contentUrl":"https:\/\/www.meydan.tv\/wp-content\/uploads\/17270801845078947958_1200x630.jpg","width":1200,"height":819,"caption":"Foto: Az\u0259rtac"},{"@type":"BreadcrumbList","@id":"https:\/\/www.meydan.tv\/az\/article\/eliyev-milli-meclisin-ilk-iclasinda-bize-qarsi-yeni-plan-hazirlanir\/#breadcrumb","itemListElement":[{"@type":"ListItem","position":1,"name":"Ana s\u0259hif\u0259","item":"https:\/\/www.meydan.tv\/az\/"},{"@type":"ListItem","position":2,"name":"Siyas\u0259t","item":"https:\/\/www.meydan.tv\/az\/section\/siyaset\/"},{"@type":"ListItem","position":3,"name":"\u018fliyev Milli M\u0259clisin ilk iclas\u0131nda: &#8220;Biz\u0259 qar\u015f\u0131 yeni plan haz\u0131rlan\u0131r&#8221;"}]},{"@type":"WebSite","@id":"https:\/\/www.meydan.tv\/az\/#website","url":"https:\/\/www.meydan.tv\/az\/","name":"MEYDAN.TV","description":"Meydan TV Az\u0259rbaycan\u0131n media m\u0259kan\u0131ndak\u0131 alternativ s\u0259sidir","publisher":{"@id":"https:\/\/www.meydan.tv\/az\/#organization"},"potentialAction":[{"@type":"SearchAction","target":{"@type":"EntryPoint","urlTemplate":"https:\/\/www.meydan.tv\/az\/?s={search_term_string}"},"query-input":{"@type":"PropertyValueSpecification","valueRequired":true,"valueName":"search_term_string"}}],"inLanguage":"az"},{"@type":"Organization","@id":"https:\/\/www.meydan.tv\/az\/#organization","name":"Meydan TV","url":"https:\/\/www.meydan.tv\/az\/","logo":{"@type":"ImageObject","inLanguage":"az","@id":"https:\/\/www.meydan.tv\/az\/#\/schema\/logo\/image\/","url":"https:\/\/www.meydan.tv\/wp-content\/uploads\/2021\/07\/meydan-logo.svg","contentUrl":"https:\/\/www.meydan.tv\/wp-content\/uploads\/2021\/07\/meydan-logo.svg","width":195,"height":46,"caption":"Meydan TV"},"image":{"@id":"https:\/\/www.meydan.tv\/az\/#\/schema\/logo\/image\/"}},{"@type":"Person","@id":"https:\/\/www.meydan.tv\/az\/#\/schema\/person\/9cdbecf90d17180ce1dfbd95b08dcf47","name":"elli","sameAs":["https:\/\/x.com\/elli"]}]}},"_links":{"self":[{"href":"https:\/\/www.meydan.tv\/az\/wp-json\/wp\/v2\/posts\/316188","targetHints":{"allow":["GET"]}}],"collection":[{"href":"https:\/\/www.meydan.tv\/az\/wp-json\/wp\/v2\/posts"}],"about":[{"href":"https:\/\/www.meydan.tv\/az\/wp-json\/wp\/v2\/types\/post"}],"author":[{"embeddable":true,"href":"https:\/\/www.meydan.tv\/az\/wp-json\/wp\/v2\/users\/8"}],"replies":[{"embeddable":true,"href":"https:\/\/www.meydan.tv\/az\/wp-json\/wp\/v2\/comments?post=316188"}],"version-history":[{"count":5,"href":"https:\/\/www.meydan.tv\/az\/wp-json\/wp\/v2\/posts\/316188\/revisions"}],"predecessor-version":[{"id":316203,"href":"https:\/\/www.meydan.tv\/az\/wp-json\/wp\/v2\/posts\/316188\/revisions\/316203"}],"wp:featuredmedia":[{"embeddable":true,"href":"https:\/\/www.meydan.tv\/az\/wp-json\/wp\/v2\/media\/316185"}],"wp:attachment":[{"href":"https:\/\/www.meydan.tv\/az\/wp-json\/wp\/v2\/media?parent=316188"}],"wp:term":[{"taxonomy":"category","embeddable":true,"href":"https:\/\/www.meydan.tv\/az\/wp-json\/wp\/v2\/categories?post=316188"},{"taxonomy":"post_tag","embeddable":true,"href":"https:\/\/www.meydan.tv\/az\/wp-json\/wp\/v2\/tags?post=316188"}],"curies":[{"name":"wp","href":"https:\/\/api.w.org\/{rel}","templated":true}]}}