{"id":316177,"date":"2024-09-23T12:07:37","date_gmt":"2024-09-23T08:07:37","guid":{"rendered":"https:\/\/www.meydan.tv\/?p=316177"},"modified":"2024-09-23T12:09:12","modified_gmt":"2024-09-23T08:09:12","slug":"iki-herbcinin-odlu-silahla-ozunu-oldurduyu-bildirilir","status":"publish","type":"post","link":"https:\/\/www.meydan.tv\/az\/article\/iki-herbcinin-odlu-silahla-ozunu-oldurduyu-bildirilir\/","title":{"rendered":"\u0130ki h\u0259rb\u00e7inin odlu silahla \u00f6z\u00fcn\u00fc \u00f6ld\u00fcrd\u00fcy\u00fc bildirilir"},"content":{"rendered":"\n<p><\/p>\n\n\n\n<p><strong><em>H\u0259rbi Prokurorluq hadis\u0259nin ara\u015fd\u0131r\u0131ld\u0131\u011f\u0131n\u0131 deyir<\/em><\/strong><\/p>\n\n\n\n<p>Sentyabr\u0131n 22-d\u0259 Daxili Qo\u015funlar\u0131n h\u0259rbi qulluq\u00e7usu Orxan A\u011fayevin xidm\u0259ti silahdan ehtiyats\u0131z davranmas\u0131 n\u0259tic\u0259sind\u0259 x\u0259sar\u0259t ald\u0131\u011f\u0131, sonradan x\u0259st\u0259xanada v\u0259fat etdiyi bildirilir.<\/p>\n\n\n\n<p>Daxili \u0130\u015fl\u0259r Nazirliyinin M\u0259tbuat Xidm\u0259ti m\u0259lumat\u0131 t\u0259sdiql\u0259yib.<\/p>\n\n\n\n<p>Orxan A\u011fayevin \u015eirvan x\u0259st\u0259xanas\u0131nda tibbi m\u00fcdaxil\u0259l\u0259r\u0259 baxmayaraq \u00f6ld\u00fcy\u00fc qeyd olunur.<\/p>\n\n\n\n<p>D\u00fcn\u0259n M\u00fcdafi\u0259 Nazirliyinin N sayl\u0131 h\u0259rbi hiss\u0259sinin \u0259sg\u0259ri Musa Bayramovun da odlu silahdan a\u00e7\u0131lm\u0131\u015f at\u0259\u015f n\u0259tic\u0259sind\u0259 h\u0259lak oldu\u011fu deyilir.<\/p>\n\n\n\n<p>Bu bar\u0259d\u0259 Qubadl\u0131 Rayon H\u0259rbi Prokurorlu\u011funa m\u0259lumat daxil olub.<\/p>\n\n\n\n<p>Respublika H\u0259rbi Prokurorlu\u011funun m\u0259tbuat xidm\u0259tinin r\u0259hb\u0259ri Firad \u018fliyevin bildirdiyin\u0259 g\u00f6r\u0259, prokurorlu\u011fun Kriminalistika v\u0259 \u0130nformasiya Texnologiyalar\u0131 idar\u0259sinin\u00a0\u0259m\u0259kda\u015flar\u0131 hadis\u0259 yerin\u0259 v\u0259 meyit\u0259 bax\u0131\u015f ke\u00e7iribl\u0259r:<\/p>\n\n\n<div class=\"wp-block-image\">\n<figure class=\"alignleft size-full is-resized\"><img decoding=\"async\" width=\"1200\" height=\"690\" data-src=\"https:\/\/www.meydan.tv\/wp-content\/uploads\/16537369403189429664_1200x630-e1671196372731.jpeg\" alt=\"\" class=\"wp-image-263596 lazyload\" style=\"--smush-placeholder-width: 1200px; --smush-placeholder-aspect-ratio: 1200\/690;width:372px;height:auto\" src=\"data:image\/svg+xml;base64,PHN2ZyB3aWR0aD0iMSIgaGVpZ2h0PSIxIiB4bWxucz0iaHR0cDovL3d3dy53My5vcmcvMjAwMC9zdmciPjwvc3ZnPg==\" \/><figcaption class=\"wp-element-caption\">H\u0259rbi Prokurorluq. M\u0259nb\u0259: &#8220;Az\u0259rtac&#8221;<\/figcaption><\/figure>\n<\/div>\n\n\n<p>&#8220;<em>\u0130\u015f \u00fc\u00e7\u00fcn \u0259h\u0259miyy\u0259t k\u0259sb ed\u0259n predmetl\u0259r maddi s\u00fcbut kimi g\u00f6t\u00fcr\u00fclm\u00fc\u015f v\u0259 dig\u0259r h\u0259r\u0259k\u0259tl\u0259r icra edilib&#8221;.<\/em><\/p>\n\n\n\n<p>&#8220;<em>Fakt \u00fczr\u0259 Qubadl\u0131 h\u0259rbi prokurorlu\u011funda Cinay\u0259t M\u0259c\u0259ll\u0259sinin 120.1-ci (Q\u0259sd\u0259n adam \u00f6ld\u00fcrm\u0259) madd\u0259si il\u0259 cinay\u0259t i\u015fi ba\u015flan\u0131l\u0131b, \u015fahidl\u0259r dindirilib, m\u00fcxt\u0259lif ekspertizalar t\u0259yin edil\u0259r\u0259k, icraya y\u00f6n\u0259ldilib. H\u0259m\u00e7inin, t\u0259xir\u0259sal\u0131nmaz z\u0259ruri istintaq h\u0259r\u0259k\u0259tl\u0259ri h\u0259yata ke\u00e7irilib&#8221;, &#8211;<\/em> dey\u0259 Firad \u018fliyev \u0259lav\u0259 edib.<\/p>\n\n\n\n<p>O deyib ki, haz\u0131rda istintaq davam etdirilir.<\/p>\n\n\n\n<p>Onun s\u00f6zl\u0259rin\u0259 g\u00f6r\u0259, qanunvericiliyin t\u0259l\u0259bl\u0259rin\u0259 uy\u011fun olaraq b\u00fct\u00fcn t\u0259dbirl\u0259r g\u00f6r\u00fcl\u0259c\u0259k, o c\u00fcml\u0259d\u0259n h\u0259r bir \u0259m\u0259l\u0259 v\u0259 fakta h\u00fcquqi qiym\u0259t veril\u0259c\u0259k.<\/p>\n\n\n\n<p>Meydan TV h\u0259r iki h\u0259rb\u00e7inin yax\u0131nlar\u0131 il\u0259 \u0259laq\u0259 saxlaya bilm\u0259yib.<\/p>\n","protected":false},"excerpt":{"rendered":"<p>H\u0259rbi Prokurorluq hadis\u0259nin ara\u015fd\u0131r\u0131ld\u0131\u011f\u0131n\u0131 deyir Sentyabr\u0131n 22-d\u0259 Daxili Qo\u015funlar\u0131n h\u0259rbi &#8230; <\/p>\n<p class=\"read-more-container\"><a title=\"\u0130ki h\u0259rb\u00e7inin odlu silahla \u00f6z\u00fcn\u00fc \u00f6ld\u00fcrd\u00fcy\u00fc bildirilir\" class=\"read-more button\" href=\"https:\/\/www.meydan.tv\/az\/article\/iki-herbcinin-odlu-silahla-ozunu-oldurduyu-bildirilir\/#more-316177\" aria-label=\"Read more about \u0130ki h\u0259rb\u00e7inin odlu silahla \u00f6z\u00fcn\u00fc \u00f6ld\u00fcrd\u00fcy\u00fc bildirilir\">Davam\u0131<\/a><\/p>\n","protected":false},"author":8,"featured_media":280368,"comment_status":"closed","ping_status":"closed","sticky":false,"template":"","format":"standard","meta":{"_acf_changed":false,"_sitemap_exclude":false,"_sitemap_priority":"","_sitemap_frequency":"","footnotes":""},"categories":[62,79,56],"tags":[],"class_list":["post-316177","post","type-post","status-publish","format-standard","has-post-thumbnail","hentry","category-sosial","category-featured","category-xeberler","infinite-scroll-item","generate-columns","tablet-grid-50","mobile-grid-100","grid-parent","grid-33","no-featured-image-padding"],"acf":[],"yoast_head":"<!-- This site is optimized with the Yoast SEO plugin v27.4 - https:\/\/yoast.com\/product\/yoast-seo-wordpress\/ -->\n<title>\u0130ki h\u0259rb\u00e7inin odlu silahla \u00f6z\u00fcn\u00fc \u00f6ld\u00fcrd\u00fcy\u00fc bildirilir - MEYDAN.TV<\/title>\n<meta name=\"description\" content=\"Respublika H\u0259rbi Prokurorlu\u011funun m\u0259tbuat xidm\u0259tinin r\u0259hb\u0259ri Firad \u018fliyevin bildirdiyin\u0259 g\u00f6r\u0259, haz\u0131rda istintaq davam etdirilir.\" \/>\n<meta name=\"robots\" content=\"index, follow, max-snippet:-1, max-image-preview:large, max-video-preview:-1\" \/>\n<link rel=\"canonical\" href=\"https:\/\/www.meydan.tv\/az\/article\/iki-herbcinin-odlu-silahla-ozunu-oldurduyu-bildirilir\/\" \/>\n<meta property=\"og:locale\" content=\"az_AZ\" \/>\n<meta property=\"og:type\" content=\"article\" \/>\n<meta property=\"og:title\" content=\"\u0130ki h\u0259rb\u00e7inin odlu silahla \u00f6z\u00fcn\u00fc \u00f6ld\u00fcrd\u00fcy\u00fc bildirilir - MEYDAN.TV\" \/>\n<meta property=\"og:description\" content=\"Respublika H\u0259rbi Prokurorlu\u011funun m\u0259tbuat xidm\u0259tinin r\u0259hb\u0259ri Firad \u018fliyevin bildirdiyin\u0259 g\u00f6r\u0259, haz\u0131rda istintaq davam etdirilir.\" \/>\n<meta property=\"og:url\" content=\"https:\/\/www.meydan.tv\/az\/article\/iki-herbcinin-odlu-silahla-ozunu-oldurduyu-bildirilir\/\" \/>\n<meta property=\"og:site_name\" content=\"MEYDAN.TV\" \/>\n<meta property=\"article:published_time\" content=\"2024-09-23T08:07:37+00:00\" \/>\n<meta property=\"article:modified_time\" content=\"2024-09-23T08:09:12+00:00\" \/>\n<meta property=\"og:image\" content=\"https:\/\/www.meydan.tv\/wp-content\/uploads\/untitled-design-162-e1690145038833.jpg\" \/>\n\t<meta property=\"og:image:width\" content=\"1200\" \/>\n\t<meta property=\"og:image:height\" content=\"696\" \/>\n\t<meta property=\"og:image:type\" content=\"image\/jpeg\" \/>\n<meta name=\"author\" content=\"elli\" \/>\n<meta name=\"twitter:card\" content=\"summary_large_image\" \/>\n<meta name=\"twitter:creator\" content=\"@elli\" \/>\n<script type=\"application\/ld+json\" class=\"yoast-schema-graph\">{\"@context\":\"https:\\\/\\\/schema.org\",\"@graph\":[{\"@type\":\"Article\",\"@id\":\"https:\\\/\\\/www.meydan.tv\\\/az\\\/article\\\/iki-herbcinin-odlu-silahla-ozunu-oldurduyu-bildirilir\\\/#article\",\"isPartOf\":{\"@id\":\"https:\\\/\\\/www.meydan.tv\\\/az\\\/article\\\/iki-herbcinin-odlu-silahla-ozunu-oldurduyu-bildirilir\\\/\"},\"author\":{\"name\":\"elli\",\"@id\":\"https:\\\/\\\/www.meydan.tv\\\/az\\\/#\\\/schema\\\/person\\\/9cdbecf90d17180ce1dfbd95b08dcf47\"},\"headline\":\"\u0130ki h\u0259rb\u00e7inin odlu silahla \u00f6z\u00fcn\u00fc \u00f6ld\u00fcrd\u00fcy\u00fc bildirilir\",\"datePublished\":\"2024-09-23T08:07:37+00:00\",\"dateModified\":\"2024-09-23T08:09:12+00:00\",\"mainEntityOfPage\":{\"@id\":\"https:\\\/\\\/www.meydan.tv\\\/az\\\/article\\\/iki-herbcinin-odlu-silahla-ozunu-oldurduyu-bildirilir\\\/\"},\"wordCount\":342,\"publisher\":{\"@id\":\"https:\\\/\\\/www.meydan.tv\\\/az\\\/#organization\"},\"image\":{\"@id\":\"https:\\\/\\\/www.meydan.tv\\\/az\\\/article\\\/iki-herbcinin-odlu-silahla-ozunu-oldurduyu-bildirilir\\\/#primaryimage\"},\"thumbnailUrl\":\"https:\\\/\\\/www.meydan.tv\\\/wp-content\\\/uploads\\\/untitled-design-162-e1690145038833.jpg\",\"articleSection\":[\"Sosial\",\"T\u00f6vsiy\u0259\",\"X\u0259b\u0259rl\u0259r\"],\"inLanguage\":\"az\"},{\"@type\":\"WebPage\",\"@id\":\"https:\\\/\\\/www.meydan.tv\\\/az\\\/article\\\/iki-herbcinin-odlu-silahla-ozunu-oldurduyu-bildirilir\\\/\",\"url\":\"https:\\\/\\\/www.meydan.tv\\\/az\\\/article\\\/iki-herbcinin-odlu-silahla-ozunu-oldurduyu-bildirilir\\\/\",\"name\":\"\u0130ki h\u0259rb\u00e7inin odlu silahla \u00f6z\u00fcn\u00fc \u00f6ld\u00fcrd\u00fcy\u00fc bildirilir - MEYDAN.TV\",\"isPartOf\":{\"@id\":\"https:\\\/\\\/www.meydan.tv\\\/az\\\/#website\"},\"primaryImageOfPage\":{\"@id\":\"https:\\\/\\\/www.meydan.tv\\\/az\\\/article\\\/iki-herbcinin-odlu-silahla-ozunu-oldurduyu-bildirilir\\\/#primaryimage\"},\"image\":{\"@id\":\"https:\\\/\\\/www.meydan.tv\\\/az\\\/article\\\/iki-herbcinin-odlu-silahla-ozunu-oldurduyu-bildirilir\\\/#primaryimage\"},\"thumbnailUrl\":\"https:\\\/\\\/www.meydan.tv\\\/wp-content\\\/uploads\\\/untitled-design-162-e1690145038833.jpg\",\"datePublished\":\"2024-09-23T08:07:37+00:00\",\"dateModified\":\"2024-09-23T08:09:12+00:00\",\"description\":\"Respublika H\u0259rbi Prokurorlu\u011funun m\u0259tbuat xidm\u0259tinin r\u0259hb\u0259ri Firad \u018fliyevin bildirdiyin\u0259 g\u00f6r\u0259, haz\u0131rda istintaq davam etdirilir.\",\"breadcrumb\":{\"@id\":\"https:\\\/\\\/www.meydan.tv\\\/az\\\/article\\\/iki-herbcinin-odlu-silahla-ozunu-oldurduyu-bildirilir\\\/#breadcrumb\"},\"inLanguage\":\"az\",\"potentialAction\":[{\"@type\":\"ReadAction\",\"target\":[\"https:\\\/\\\/www.meydan.tv\\\/az\\\/article\\\/iki-herbcinin-odlu-silahla-ozunu-oldurduyu-bildirilir\\\/\"]}]},{\"@type\":\"ImageObject\",\"inLanguage\":\"az\",\"@id\":\"https:\\\/\\\/www.meydan.tv\\\/az\\\/article\\\/iki-herbcinin-odlu-silahla-ozunu-oldurduyu-bildirilir\\\/#primaryimage\",\"url\":\"https:\\\/\\\/www.meydan.tv\\\/wp-content\\\/uploads\\\/untitled-design-162-e1690145038833.jpg\",\"contentUrl\":\"https:\\\/\\\/www.meydan.tv\\\/wp-content\\\/uploads\\\/untitled-design-162-e1690145038833.jpg\",\"width\":1200,\"height\":696,\"caption\":\"\u018fsg\u0259r. Foto: Meydan TV\"},{\"@type\":\"BreadcrumbList\",\"@id\":\"https:\\\/\\\/www.meydan.tv\\\/az\\\/article\\\/iki-herbcinin-odlu-silahla-ozunu-oldurduyu-bildirilir\\\/#breadcrumb\",\"itemListElement\":[{\"@type\":\"ListItem\",\"position\":1,\"name\":\"Ana s\u0259hif\u0259\",\"item\":\"https:\\\/\\\/www.meydan.tv\\\/az\\\/\"},{\"@type\":\"ListItem\",\"position\":2,\"name\":\"Sosial\",\"item\":\"https:\\\/\\\/www.meydan.tv\\\/az\\\/section\\\/sosial\\\/\"},{\"@type\":\"ListItem\",\"position\":3,\"name\":\"\u0130ki h\u0259rb\u00e7inin odlu silahla \u00f6z\u00fcn\u00fc \u00f6ld\u00fcrd\u00fcy\u00fc bildirilir\"}]},{\"@type\":\"WebSite\",\"@id\":\"https:\\\/\\\/www.meydan.tv\\\/az\\\/#website\",\"url\":\"https:\\\/\\\/www.meydan.tv\\\/az\\\/\",\"name\":\"MEYDAN.TV\",\"description\":\"Meydan TV Az\u0259rbaycan\u0131n media m\u0259kan\u0131ndak\u0131 alternativ s\u0259sidir\",\"publisher\":{\"@id\":\"https:\\\/\\\/www.meydan.tv\\\/az\\\/#organization\"},\"potentialAction\":[{\"@type\":\"SearchAction\",\"target\":{\"@type\":\"EntryPoint\",\"urlTemplate\":\"https:\\\/\\\/www.meydan.tv\\\/az\\\/?s={search_term_string}\"},\"query-input\":{\"@type\":\"PropertyValueSpecification\",\"valueRequired\":true,\"valueName\":\"search_term_string\"}}],\"inLanguage\":\"az\"},{\"@type\":\"Organization\",\"@id\":\"https:\\\/\\\/www.meydan.tv\\\/az\\\/#organization\",\"name\":\"Meydan TV\",\"url\":\"https:\\\/\\\/www.meydan.tv\\\/az\\\/\",\"logo\":{\"@type\":\"ImageObject\",\"inLanguage\":\"az\",\"@id\":\"https:\\\/\\\/www.meydan.tv\\\/az\\\/#\\\/schema\\\/logo\\\/image\\\/\",\"url\":\"https:\\\/\\\/www.meydan.tv\\\/wp-content\\\/uploads\\\/2021\\\/07\\\/meydan-logo.svg\",\"contentUrl\":\"https:\\\/\\\/www.meydan.tv\\\/wp-content\\\/uploads\\\/2021\\\/07\\\/meydan-logo.svg\",\"width\":195,\"height\":46,\"caption\":\"Meydan TV\"},\"image\":{\"@id\":\"https:\\\/\\\/www.meydan.tv\\\/az\\\/#\\\/schema\\\/logo\\\/image\\\/\"}},{\"@type\":\"Person\",\"@id\":\"https:\\\/\\\/www.meydan.tv\\\/az\\\/#\\\/schema\\\/person\\\/9cdbecf90d17180ce1dfbd95b08dcf47\",\"name\":\"elli\",\"sameAs\":[\"https:\\\/\\\/x.com\\\/elli\"]}]}<\/script>\n<!-- \/ Yoast SEO plugin. -->","yoast_head_json":{"title":"\u0130ki h\u0259rb\u00e7inin odlu silahla \u00f6z\u00fcn\u00fc \u00f6ld\u00fcrd\u00fcy\u00fc bildirilir - MEYDAN.TV","description":"Respublika H\u0259rbi Prokurorlu\u011funun m\u0259tbuat xidm\u0259tinin r\u0259hb\u0259ri Firad \u018fliyevin bildirdiyin\u0259 g\u00f6r\u0259, haz\u0131rda istintaq davam etdirilir.","robots":{"index":"index","follow":"follow","max-snippet":"max-snippet:-1","max-image-preview":"max-image-preview:large","max-video-preview":"max-video-preview:-1"},"canonical":"https:\/\/www.meydan.tv\/az\/article\/iki-herbcinin-odlu-silahla-ozunu-oldurduyu-bildirilir\/","og_locale":"az_AZ","og_type":"article","og_title":"\u0130ki h\u0259rb\u00e7inin odlu silahla \u00f6z\u00fcn\u00fc \u00f6ld\u00fcrd\u00fcy\u00fc bildirilir - MEYDAN.TV","og_description":"Respublika H\u0259rbi Prokurorlu\u011funun m\u0259tbuat xidm\u0259tinin r\u0259hb\u0259ri Firad \u018fliyevin bildirdiyin\u0259 g\u00f6r\u0259, haz\u0131rda istintaq davam etdirilir.","og_url":"https:\/\/www.meydan.tv\/az\/article\/iki-herbcinin-odlu-silahla-ozunu-oldurduyu-bildirilir\/","og_site_name":"MEYDAN.TV","article_published_time":"2024-09-23T08:07:37+00:00","article_modified_time":"2024-09-23T08:09:12+00:00","og_image":[{"width":1200,"height":696,"url":"https:\/\/www.meydan.tv\/wp-content\/uploads\/untitled-design-162-e1690145038833.jpg","type":"image\/jpeg"}],"author":"elli","twitter_card":"summary_large_image","twitter_creator":"@elli","schema":{"@context":"https:\/\/schema.org","@graph":[{"@type":"Article","@id":"https:\/\/www.meydan.tv\/az\/article\/iki-herbcinin-odlu-silahla-ozunu-oldurduyu-bildirilir\/#article","isPartOf":{"@id":"https:\/\/www.meydan.tv\/az\/article\/iki-herbcinin-odlu-silahla-ozunu-oldurduyu-bildirilir\/"},"author":{"name":"elli","@id":"https:\/\/www.meydan.tv\/az\/#\/schema\/person\/9cdbecf90d17180ce1dfbd95b08dcf47"},"headline":"\u0130ki h\u0259rb\u00e7inin odlu silahla \u00f6z\u00fcn\u00fc \u00f6ld\u00fcrd\u00fcy\u00fc bildirilir","datePublished":"2024-09-23T08:07:37+00:00","dateModified":"2024-09-23T08:09:12+00:00","mainEntityOfPage":{"@id":"https:\/\/www.meydan.tv\/az\/article\/iki-herbcinin-odlu-silahla-ozunu-oldurduyu-bildirilir\/"},"wordCount":342,"publisher":{"@id":"https:\/\/www.meydan.tv\/az\/#organization"},"image":{"@id":"https:\/\/www.meydan.tv\/az\/article\/iki-herbcinin-odlu-silahla-ozunu-oldurduyu-bildirilir\/#primaryimage"},"thumbnailUrl":"https:\/\/www.meydan.tv\/wp-content\/uploads\/untitled-design-162-e1690145038833.jpg","articleSection":["Sosial","T\u00f6vsiy\u0259","X\u0259b\u0259rl\u0259r"],"inLanguage":"az"},{"@type":"WebPage","@id":"https:\/\/www.meydan.tv\/az\/article\/iki-herbcinin-odlu-silahla-ozunu-oldurduyu-bildirilir\/","url":"https:\/\/www.meydan.tv\/az\/article\/iki-herbcinin-odlu-silahla-ozunu-oldurduyu-bildirilir\/","name":"\u0130ki h\u0259rb\u00e7inin odlu silahla \u00f6z\u00fcn\u00fc \u00f6ld\u00fcrd\u00fcy\u00fc bildirilir - MEYDAN.TV","isPartOf":{"@id":"https:\/\/www.meydan.tv\/az\/#website"},"primaryImageOfPage":{"@id":"https:\/\/www.meydan.tv\/az\/article\/iki-herbcinin-odlu-silahla-ozunu-oldurduyu-bildirilir\/#primaryimage"},"image":{"@id":"https:\/\/www.meydan.tv\/az\/article\/iki-herbcinin-odlu-silahla-ozunu-oldurduyu-bildirilir\/#primaryimage"},"thumbnailUrl":"https:\/\/www.meydan.tv\/wp-content\/uploads\/untitled-design-162-e1690145038833.jpg","datePublished":"2024-09-23T08:07:37+00:00","dateModified":"2024-09-23T08:09:12+00:00","description":"Respublika H\u0259rbi Prokurorlu\u011funun m\u0259tbuat xidm\u0259tinin r\u0259hb\u0259ri Firad \u018fliyevin bildirdiyin\u0259 g\u00f6r\u0259, haz\u0131rda istintaq davam etdirilir.","breadcrumb":{"@id":"https:\/\/www.meydan.tv\/az\/article\/iki-herbcinin-odlu-silahla-ozunu-oldurduyu-bildirilir\/#breadcrumb"},"inLanguage":"az","potentialAction":[{"@type":"ReadAction","target":["https:\/\/www.meydan.tv\/az\/article\/iki-herbcinin-odlu-silahla-ozunu-oldurduyu-bildirilir\/"]}]},{"@type":"ImageObject","inLanguage":"az","@id":"https:\/\/www.meydan.tv\/az\/article\/iki-herbcinin-odlu-silahla-ozunu-oldurduyu-bildirilir\/#primaryimage","url":"https:\/\/www.meydan.tv\/wp-content\/uploads\/untitled-design-162-e1690145038833.jpg","contentUrl":"https:\/\/www.meydan.tv\/wp-content\/uploads\/untitled-design-162-e1690145038833.jpg","width":1200,"height":696,"caption":"\u018fsg\u0259r. Foto: Meydan TV"},{"@type":"BreadcrumbList","@id":"https:\/\/www.meydan.tv\/az\/article\/iki-herbcinin-odlu-silahla-ozunu-oldurduyu-bildirilir\/#breadcrumb","itemListElement":[{"@type":"ListItem","position":1,"name":"Ana s\u0259hif\u0259","item":"https:\/\/www.meydan.tv\/az\/"},{"@type":"ListItem","position":2,"name":"Sosial","item":"https:\/\/www.meydan.tv\/az\/section\/sosial\/"},{"@type":"ListItem","position":3,"name":"\u0130ki h\u0259rb\u00e7inin odlu silahla \u00f6z\u00fcn\u00fc \u00f6ld\u00fcrd\u00fcy\u00fc bildirilir"}]},{"@type":"WebSite","@id":"https:\/\/www.meydan.tv\/az\/#website","url":"https:\/\/www.meydan.tv\/az\/","name":"MEYDAN.TV","description":"Meydan TV Az\u0259rbaycan\u0131n media m\u0259kan\u0131ndak\u0131 alternativ s\u0259sidir","publisher":{"@id":"https:\/\/www.meydan.tv\/az\/#organization"},"potentialAction":[{"@type":"SearchAction","target":{"@type":"EntryPoint","urlTemplate":"https:\/\/www.meydan.tv\/az\/?s={search_term_string}"},"query-input":{"@type":"PropertyValueSpecification","valueRequired":true,"valueName":"search_term_string"}}],"inLanguage":"az"},{"@type":"Organization","@id":"https:\/\/www.meydan.tv\/az\/#organization","name":"Meydan TV","url":"https:\/\/www.meydan.tv\/az\/","logo":{"@type":"ImageObject","inLanguage":"az","@id":"https:\/\/www.meydan.tv\/az\/#\/schema\/logo\/image\/","url":"https:\/\/www.meydan.tv\/wp-content\/uploads\/2021\/07\/meydan-logo.svg","contentUrl":"https:\/\/www.meydan.tv\/wp-content\/uploads\/2021\/07\/meydan-logo.svg","width":195,"height":46,"caption":"Meydan TV"},"image":{"@id":"https:\/\/www.meydan.tv\/az\/#\/schema\/logo\/image\/"}},{"@type":"Person","@id":"https:\/\/www.meydan.tv\/az\/#\/schema\/person\/9cdbecf90d17180ce1dfbd95b08dcf47","name":"elli","sameAs":["https:\/\/x.com\/elli"]}]}},"_links":{"self":[{"href":"https:\/\/www.meydan.tv\/az\/wp-json\/wp\/v2\/posts\/316177","targetHints":{"allow":["GET"]}}],"collection":[{"href":"https:\/\/www.meydan.tv\/az\/wp-json\/wp\/v2\/posts"}],"about":[{"href":"https:\/\/www.meydan.tv\/az\/wp-json\/wp\/v2\/types\/post"}],"author":[{"embeddable":true,"href":"https:\/\/www.meydan.tv\/az\/wp-json\/wp\/v2\/users\/8"}],"replies":[{"embeddable":true,"href":"https:\/\/www.meydan.tv\/az\/wp-json\/wp\/v2\/comments?post=316177"}],"version-history":[{"count":3,"href":"https:\/\/www.meydan.tv\/az\/wp-json\/wp\/v2\/posts\/316177\/revisions"}],"predecessor-version":[{"id":316180,"href":"https:\/\/www.meydan.tv\/az\/wp-json\/wp\/v2\/posts\/316177\/revisions\/316180"}],"wp:featuredmedia":[{"embeddable":true,"href":"https:\/\/www.meydan.tv\/az\/wp-json\/wp\/v2\/media\/280368"}],"wp:attachment":[{"href":"https:\/\/www.meydan.tv\/az\/wp-json\/wp\/v2\/media?parent=316177"}],"wp:term":[{"taxonomy":"category","embeddable":true,"href":"https:\/\/www.meydan.tv\/az\/wp-json\/wp\/v2\/categories?post=316177"},{"taxonomy":"post_tag","embeddable":true,"href":"https:\/\/www.meydan.tv\/az\/wp-json\/wp\/v2\/tags?post=316177"}],"curies":[{"name":"wp","href":"https:\/\/api.w.org\/{rel}","templated":true}]}}