{"id":316137,"date":"2024-09-21T15:34:30","date_gmt":"2024-09-21T11:34:30","guid":{"rendered":"https:\/\/www.meydan.tv\/?p=316137"},"modified":"2024-09-23T11:12:46","modified_gmt":"2024-09-23T07:12:46","slug":"xaricde-islemek-istediler-aldadildilar","status":"publish","type":"post","link":"https:\/\/www.meydan.tv\/az\/article\/xaricde-islemek-istediler-aldadildilar\/","title":{"rendered":"Xaricd\u0259 i\u015fl\u0259m\u0259k ist\u0259dil\u0259r, aldad\u0131ld\u0131lar"},"content":{"rendered":"\n<p><\/p>\n\n\n\n<p><strong><em>Deputatl\u0131\u011fa namiz\u0259din \u015firk\u0259tl\u0259ri bar\u0259sind\u0259 cinay\u0259t i\u015fi ba\u015flan\u0131b<\/em><\/strong><\/p>\n\n\n\n<p>&nbsp;\u201c<em>\u015eirk\u0259tin Bak\u0131dak\u0131 ofisin\u0259 getdik, orada S\u0259daq\u0259t adl\u0131 qad\u0131n bizi qap\u0131dan qovdu, dedi, gedin, hara ist\u0259yirsiz \u015fikay\u0259t edin. Sonra eyni s\u00f6z\u00fc \u015eamax\u0131 polisin\u0259 \u015fikay\u0259t etdiyimiz \u015firk\u0259t r\u0259hb\u0259ri Ruslan N\u0259c\u0259fovdan da e\u015fitdik\u201d.<\/em><\/p>\n\n\n\n<p>Xarici \u00f6lk\u0259r\u0259 i\u015fl\u0259m\u0259y\u0259 getm\u0259k ist\u0259y\u0259n 47 n\u0259f\u0259r \u015eamax\u0131 sakini aldad\u0131ld\u0131\u011f\u0131n\u0131 iddia edir. Onlar Meydan TV-y\u0259 m\u0259ktub g\u00f6nd\u0259ribl\u0259r. Dedikl\u0259rin\u0259 g\u00f6r\u0259, bir m\u00fcdd\u0259t \u0259vv\u0259l f\u0259aliyy\u0259ti il\u0259 \u201cTiktok\u201ddan tan\u0131\u015f olduqlar\u0131, ofisi Bak\u0131da yerl\u0259\u015f\u0259n \u201c365 tourism\u201d \u015firk\u0259tin\u0259 m\u00fcraci\u0259t edibl\u0259r. <\/p>\n\n\n\n<p>Q\u0131sa m\u00fcdd\u0259td\u0259 ofisd\u0259n onlara tap\u015f\u0131r\u0131lan 100 min manatdan \u00e7ox pul y\u0131\u011f\u0131l\u0131b \u00f6d\u0259nils\u0259 d\u0259, n\u0259 xaric\u0259 ged\u0259, n\u0259 d\u0259 pullar\u0131n\u0131 geri ala bilibl\u0259r. \u015eirk\u0259tin Serbiyaya g\u00f6nd\u0259rdiyi bir ne\u00e7\u0259 \u015famax\u0131l\u0131 is\u0259 bir ne\u00e7\u0259 g\u00fcn k\u00fc\u00e7\u0259l\u0259rd\u0259 gec\u0259l\u0259dikd\u0259n sonra \u00e7ox \u00e7\u0259tinlikl\u0259 geri qay\u0131da bilib. M\u0259ktubda yaz\u0131l\u0131r:<\/p>\n\n\n\n<p><em>\u201cXaricd\u0259 i\u015f \u00fc\u00e7\u00fcn getdiyimiz \u015firk\u0259tin Bak\u0131dak\u0131 ofisind\u0259 bizi Mehrab X\u0259lilov adl\u0131 \u015f\u0259xs qar\u015f\u0131lad\u0131. Bizi dinl\u0259di, dedi ki, yerind\u0259 v\u0259 detall\u0131 m\u0259lumat toplamaq \u00fc\u00e7\u00fcn g\u0259r\u0259k \u015eamax\u0131ya g\u0259lsin. G\u0259ldi, xaricd\u0259 i\u015fl\u0259m\u0259k ist\u0259y\u0259nl\u0259rl\u0259 tan\u0131\u015f oldu, dedi ki, Serbiyada y\u00fcks\u0259k g\u0259lirli i\u015fl\u0259r var. Ancaq \u0259n az\u0131 100-120 n\u0259f\u0259r olmal\u0131d\u0131r ki, \u015firk\u0259t bu i\u015f\u0259 qol qoysun. \u0130\u015fl\u0259rin g\u00f6r\u00fclm\u0259si \u00fc\u00e7\u00fcn adamba\u015f\u0131na 3 min manat ist\u0259di. Guya bu m\u0259bl\u0259\u011f\u0259 viza i\u015fl\u0259rinin g\u00f6r\u00fclm\u0259si, bilet al\u0131nmas\u0131 v\u0259 ged\u0259c\u0259yimiz yerd\u0259 qar\u015f\u0131lanma x\u0259rcl\u0259ri daxildir. Ondan sonra bu adam \u015eamax\u0131ya daha bir ne\u00e7\u0259 d\u0259f\u0259 g\u0259ldi, biziml\u0259 g\u00f6r\u00fc\u015f\u00fcrd\u00fc, ged\u0259c\u0259yimiz yerd\u0259 nec\u0259 davranaca\u011f\u0131m\u0131zla ba\u011fl\u0131 t\u0259limatlar verirdi. Biz d\u0259 inan\u0131rd\u0131q. Bizd\u0259 bu g\u00f6r\u00fc\u015fl\u0259rin video\u00e7\u0259kili\u015fl\u0259ri d\u0259 var\u201d.<\/em><\/p>\n\n\n\n<p><strong>&nbsp;132 min 700 manat\u0131 Mehrab X\u0259lilova vermi\u015fik\u201d<\/strong><\/p>\n\n\n\n<p>&nbsp;\u015eikay\u0259t\u00e7il\u0259rin s\u00f6zl\u0259rin\u0259 g\u00f6r\u0259, 47 n\u0259f\u0259rin xaric\u0259 getm\u0259si \u00fc\u00e7\u00fcn ist\u0259nil\u0259n c\u0259mi 132 min 700 manat\u0131 toplayaraq Mehrab X\u0259lilova veribl\u0259r. Mehrab X\u0259lilov da onlar\u0131 Bak\u0131dak\u0131 ofis\u0259 d\u0259v\u0259t edib. Ofisd\u0259 onlar\u0131n h\u0259r birin\u0259 \u00f6d\u0259dikl\u0259ri pula g\u00f6r\u0259 q\u0259bz v\u0259 bilet t\u0259qdim olunub. El\u0259 bundan sonra da nec\u0259 dey\u0259rl\u0259r, ara qar\u0131\u015f\u0131b, m\u0259zh\u0259b itib:<\/p>\n\n\n\n<p><em>\u201cBaxd\u0131q ki, biz\u0259 veril\u0259n q\u0259bzl\u0259rd\u0259 \u00f6d\u0259diyimiz m\u0259bl\u0259\u011fl\u0259r xeyli az g\u00f6st\u0259rilib. Biletl\u0259ri yoxlayanda is\u0259 m\u0259lum oldu ki, onlar saxtad\u0131r. Yen\u0259 ofis\u0259 \u00fcz tutduq, bu d\u0259f\u0259 bizi qar\u015f\u0131layan Mehrab X\u0259lilov yox, \u00f6z\u00fcn\u00fc \u015firk\u0259tin \u0259m\u0259kda\u015f\u0131 kimi t\u0259qdim ed\u0259n S\u0259daq\u0259t ad\u0131nda qad\u0131n oldu. Mehrab onu qaba\u011fa verib, \u00f6z\u00fc arxas\u0131nda gizl\u0259nmi\u015fdi. S\u0259daq\u0259t \u00fcst\u00fcm\u00fcz\u0259 q\u0131\u015fq\u0131r\u0131r, biziml\u0259 kobud r\u0259ftar edirdi. Biz ondan ya d\u00fcz-\u0259m\u0259lli bilet verm\u0259sini, ya da pullar\u0131m\u0131z\u0131 qaytarmas\u0131n\u0131 t\u0259l\u0259b edirdik. O is\u0259 \u201che\u00e7 n\u0259 verm\u0259y\u0259c\u0259m\u201d, dey\u0259 ba\u011f\u0131r\u0131rd\u0131. Aidiyy\u0259ti qurumlara \u015fikay\u0259t ed\u0259c\u0259yimizi bildir\u0259nd\u0259 \u201chara ist\u0259yirsiz \u015fikay\u0259t edin, \u0259limiz h\u0259r yer\u0259 \u00e7at\u0131r\u201d, deyib, ham\u0131m\u0131z\u0131 ofisd\u0259n qovdu\u201d.<\/em><\/p>\n\n\n\n<p><strong>&nbsp;\u015eamax\u0131 polisi i\u015fd\u0259 cinay\u0259t t\u0259rkibi tapmad\u0131<\/strong><\/p>\n\n\n\n<p>Bundan sonra v\u0259t\u0259nda\u015flar \u015eamax\u0131ya qay\u0131daraq rayon polis \u015f\u00f6b\u0259sin\u0259 \u0259riz\u0259 il\u0259 m\u00fcraci\u0259t edibl\u0259r. \u015eirk\u0259tin Mehrab v\u0259 S\u0259daq\u0259t adl\u0131 \u0259m\u0259kda\u015flar\u0131, Ruslan N\u0259c\u0259fov ad-soyadl\u0131 r\u0259hb\u0259ri polis\u0259 \u00e7a\u011f\u0131r\u0131l\u0131b. Ancaq bir g\u00fcn sonra s\u0259rb\u0259st burax\u0131l\u0131blar:<\/p>\n\n\n\n<p>\u201c<em>Polisd\u0259n biz\u0259 dedil\u0259r ki, \u0259m\u0259ld\u0259 cinay\u0259t t\u0259rkibi yoxdur. Ruslan N\u0259c\u0259dovsa polis \u015f\u00f6b\u0259sind\u0259n \u00e7\u0131xandan sonra dedi, gedin, hara gets\u0259niz deyin, haqq\u0131n\u0131 verib, i\u015fi ba\u011flatd\u0131racam\u201d<\/em>.<\/p>\n\n\n\n<p>Aldad\u0131lanlardan biri \u018fbilh\u0259s\u0259n Babayev Meydan TV-y\u0259 dan\u0131\u015f\u0131r ki, Mehrab X\u0259lilova v\u0259t\u0259nda\u015flardan pullar\u0131 o toplay\u0131b verib:<\/p>\n\n\n\n<p><em>\u201cMehrab X\u0259lilov dedi ki, m\u00fcqavil\u0259 v\u0259t\u0259nda\u015flarla t\u0259k-t\u0259k ba\u011flansa, \u015firk\u0259t h\u0259r v\u0259t\u0259nda\u015fa g\u00f6r\u0259 100 manatdan \u00e7ox notarius x\u0259rci \u00f6d\u0259m\u0259lidir. T\u0259klif etdi ki, m\u00fcqavil\u0259l\u0259r bir n\u0259f\u0259rin ad\u0131na ba\u011flans\u0131n. M\u0259ni se\u00e7dil\u0259r, Mehrab ham\u0131ya tap\u015f\u0131rd\u0131 ki, pullar\u0131 m\u0259n\u0259 versinl\u0259r, m\u0259n d\u0259 toplay\u0131b ona verim. M\u0259n d\u0259 47 n\u0259f\u0259rd\u0259n c\u0259mi 132 min 700 manat pul toplay\u0131b Mehraba verdim. O da m\u0259n\u0259 q\u0259bz v\u0259 bir muqavil\u0259 t\u0259qdim etdi. H\u0259min q\u0259bzi v\u0259 m\u00fcqavil\u0259ni bir ne\u00e7\u0259 n\u0259f\u0259r\u0259 g\u00f6st\u0259rdim. Dedil\u0259r ki, m\u0259bl\u0259\u011f s\u0259hv g\u00f6st\u0259rilib. Sabah\u0131 g\u00fcn qohumlar\u0131mla ofis\u0259 getdim. Dedim ki, ya m\u0259bl\u0259\u011fi d\u00fcz yaz, ya da pullar\u0131 geri qaytar. S\u0259daq\u0259t adl\u0131 qad\u0131n dedi, qaytarmayacam. M\u0259n d\u0259 rayona qay\u0131d\u0131b bu il iyulun 18-d\u0259 \u015eamax\u0131 Rayon Polis \u015e\u00f6b\u0259sin\u0259 \u015fikay\u0259t etdim. Sonradan bilmi\u015fik ki, \u015firk\u0259tin sahibi Ruslan N\u0259c\u0259fov \u0259vv\u0259ll\u0259r d\u0259 d\u0259l\u0259duzlu\u011fa g\u00f6r\u0259 m\u0259hkum edilib\u201d.<br>&nbsp;<\/em>\u015eamax\u0131 Rayon Polis \u015e\u00f6b\u0259si v\u0259t\u0259nda\u015flar\u0131 m\u0259hk\u0259m\u0259y\u0259 y\u00f6nl\u0259ndirib<\/p>\n\n\n<div class=\"wp-block-image\">\n<figure class=\"alignleft size-full is-resized\"><img decoding=\"async\" width=\"1200\" height=\"800\" data-src=\"https:\/\/www.meydan.tv\/wp-content\/uploads\/din-1.jpg\" alt=\"\" class=\"wp-image-294906 lazyload\" style=\"--smush-placeholder-width: 1200px; --smush-placeholder-aspect-ratio: 1200\/800;width:401px;height:auto\" src=\"data:image\/svg+xml;base64,PHN2ZyB3aWR0aD0iMSIgaGVpZ2h0PSIxIiB4bWxucz0iaHR0cDovL3d3dy53My5vcmcvMjAwMC9zdmciPjwvc3ZnPg==\" \/><figcaption class=\"wp-element-caption\">Daxili \u0130\u015fl\u0259r Nazirliyi. Foto: D\u0130N<\/figcaption><\/figure>\n<\/div>\n\n\n<p>D\u0130N-in M\u0259tbuat Xidm\u0259tinin \u015e\u0259ki regional qrupunun ba\u015f inspektoru Mahir M\u0259simov bildirib ki, iyulun 18-d\u0259 \u015eamax\u0131 Rayon Polis \u015e\u00f6b\u0259sin\u0259 bu bar\u0259d\u0259 m\u00fcraci\u0259t daxil olub. Sonradan h\u0259min \u015f\u0259xsl\u0259rin \u015firk\u0259t t\u0259r\u0259find\u0259n xarici \u00f6lk\u0259y\u0259 g\u00f6nd\u0259ril\u0259r\u0259k orada i\u015fl\u0259 t\u0259min edil\u0259c\u0259kl\u0259ri bar\u0259d\u0259 aralar\u0131nda raz\u0131la\u015fd\u0131qlar\u0131 m\u0259lum olub. Avqustun ay\u0131n\u0131n \u0259vv\u0259ll\u0259rind\u0259 v\u0259t\u0259nda\u015flar\u0131n 34 n\u0259f\u0259ri i\u015fl\u0259m\u0259k \u00fc\u00e7\u00fcn h\u0259min \u00f6lk\u0259y\u0259 g\u00f6nd\u0259rilib. Ancaq b\u0259zil\u0259ri getm\u0259kd\u0259n imtina ed\u0259r\u0259k \u015firk\u0259td\u0259n \u00f6d\u0259nil\u0259n maddi v\u0259saitin geri qaytar\u0131lmas\u0131n\u0131 t\u0259l\u0259b edibl\u0259r. \u0130stintaq ara\u015fd\u0131rmalar\u0131 zaman\u0131 \u0259m\u0259ld\u0259 d\u0259l\u0259duzluq fakt\u0131 a\u015fkarlanmad\u0131\u011f\u0131ndan h\u0259min \u015f\u0259xsl\u0259r\u0259 qeyd olunan m\u0259s\u0259l\u0259 il\u0259 ba\u011fl\u0131 m\u0259hk\u0259m\u0259y\u0259 m\u00fcraci\u0259t etm\u0259l\u0259ri izah olunub. \u015eikay\u0259t\u00e7i \u018fbilh\u0259s\u0259n Babayevs\u0259 deyir, \u015firk\u0259tin Serbiyaya i\u015fl\u0259m\u0259y\u0259 g\u00f6nd\u0259rdiyi h\u0259min adamlar orada k\u00fc\u00e7\u0259l\u0259rd\u0259 gec\u0259l\u0259m\u0259li olub. Aldad\u0131ld\u0131qlar\u0131n\u0131 ba\u015fa d\u00fc\u015f\u0259nd\u0259n sonra geri d\u00f6n\u00fcbl\u0259r.<\/p>\n\n\n\n<p><strong>&nbsp;Ba\u015f Prokurorluq iki \u015firk\u0259t\u0259 g\u00f6r\u0259 cinay\u0259t i\u015fi ba\u015flay\u0131b<\/strong><\/p>\n\n\n\n<p>\u015eamax\u0131 sakinl\u0259rinin Ba\u015f Prokuror yan\u0131nda Korrupsiyaya qar\u015f\u0131 M\u00fcbariz\u0259 Ba\u015f \u0130dar\u0259sin\u0259 yazd\u0131qlar\u0131 \u015fikay\u0259t \u0259riz\u0259si is\u0259 h\u0259min qurum t\u0259r\u0259find\u0259n icraata g\u00f6t\u00fcr\u00fcl\u00fcb. \u00d6t\u0259n h\u0259ft\u0259 Ba\u015f Prokurorluq bu bar\u0259d\u0259 m\u0259lumat yay\u0131b. M\u0259lumatda qeyd olunur ki, xarici \u00f6lk\u0259l\u0259rd\u0259 i\u015fl\u0259 t\u0259min etm\u0259k ad\u0131 alt\u0131nda v\u0259t\u0259nda\u015flar\u0131n k\u00fclli miqdarda pulunun \u0259l\u0259 ke\u00e7irilm\u0259si fakt\u0131 \u00fczr\u0259 cinay\u0259t i\u015fi ba\u015flan\u0131b. \u201cTempo Trips\u201d v\u0259 \u201c365 Tourism&#8221; M\u0259hdud M\u0259suliyy\u0259tli C\u0259miyy\u0259tinin v\u0259zif\u0259li \u015f\u0259xsl\u0259rinin qanunsuz \u0259m\u0259ll\u0259ri bar\u0259d\u0259 daxil olmu\u015f \u00e7oxsayl\u0131 v\u0259t\u0259nda\u015f m\u00fcraci\u0259tl\u0259ri Ba\u015f prokuror yan\u0131nda Korrupsiyaya qar\u015f\u0131 M\u00fcbariz\u0259 Ba\u015f \u0130dar\u0259sind\u0259 ara\u015fd\u0131r\u0131l\u0131b. N\u0259tic\u0259d\u0259 h\u0259min \u015firk\u0259tl\u0259rin v\u0259zif\u0259li \u015f\u0259xsl\u0259rinin xarici \u00f6lk\u0259l\u0259rd\u0259 i\u015fl\u0259 t\u0259min edilm\u0259k m\u0259qs\u0259dil\u0259 onlara m\u00fcraci\u0259t etmi\u015f \u00e7oxsayl\u0131 v\u0259t\u0259nda\u015flara yalan v\u0259dl\u0259r verm\u0259l\u0259rin\u0259, sonuncular\u0131n k\u00fclli miqdarda pul v\u0259saitini qanunsuz olaraq \u0259l\u0259 ke\u00e7irm\u0259l\u0259rin\u0259 \u0259sasl\u0131 \u015f\u00fcbh\u0259l\u0259r m\u00fc\u0259yy\u0259n edilib. <\/p>\n\n\n<div class=\"wp-block-image\">\n<figure class=\"alignright size-full is-resized\"><img decoding=\"async\" width=\"648\" height=\"308\" data-src=\"https:\/\/www.meydan.tv\/wp-content\/uploads\/korrupsiya_bina-e1708682789754.jpg\" alt=\"Ba\u015f prokuror yan\u0131nda Korrupsiyaya qar\u015f\u0131 M\u00fcbariz\u0259 Ba\u015f \u0130dar\u0259si\" class=\"wp-image-143483 lazyload\" style=\"--smush-placeholder-width: 648px; --smush-placeholder-aspect-ratio: 648\/308;width:429px;height:auto\" src=\"data:image\/svg+xml;base64,PHN2ZyB3aWR0aD0iMSIgaGVpZ2h0PSIxIiB4bWxucz0iaHR0cDovL3d3dy53My5vcmcvMjAwMC9zdmciPjwvc3ZnPg==\" \/><figcaption class=\"wp-element-caption\">Foto: Meydan TV<\/figcaption><\/figure>\n<\/div>\n\n\n<p>Fakta g\u00f6r\u0259 Ba\u015f \u0130dar\u0259d\u0259 Cinay\u0259t M\u0259c\u0259ll\u0259sinin 178.3.2 (d\u0259l\u0259duzluq k\u00fclli miqdarda ziyan vurmaqla t\u00f6r\u0259dildikd\u0259) v\u0259 308.2-ci (v\u0259zif\u0259 s\u0259lahiyy\u0259tl\u0259rind\u0259n sui-istifad\u0259 a\u011f\u0131r n\u0259tic\u0259l\u0259r\u0259 s\u0259b\u0259b olduqda) madd\u0259l\u0259ri il\u0259 cinay\u0259t i\u015fi ba\u015flanmaqla ibtidai istintaq apar\u0131l\u0131r. Qurum bu i\u015fd\u0259n z\u0259r\u0259r \u00e7\u0259k\u0259n v\u0259t\u0259nda\u015flar\u0131n Ba\u015f Prokurorlu\u011fun \u201c961\u201d \u00c7a\u011fr\u0131 m\u0259rk\u0259zin\u0259, Ba\u015f prokuror yan\u0131nda Korrupsiyaya qar\u015f\u0131 M\u00fcbariz\u0259 Ba\u015f \u0130dar\u0259sinin \u201c161-Qaynar x\u0259tt\u201d \u0259laq\u0259 m\u0259rk\u0259zin\u0259, el\u0259c\u0259 d\u0259 sosial \u015f\u0259b\u0259k\u0259l\u0259rd\u0259ki s\u0259hif\u0259l\u0259rin\u0259 m\u00fcraci\u0259t etm\u0259l\u0259rini xahi\u015f edib.<\/p>\n\n\n\n<p>\u201c365 tourism\u201d MMC-nin direktoru Ruslan N\u0259c\u0259fovdur. O, sentyabr\u0131n 1-d\u0259 ke\u00e7iril\u0259n n\u00f6vb\u0259d\u0259nk\u0259nar parlament se\u00e7kil\u0259rind\u0259 A\u011fsu rayonundan deputatl\u0131\u011fa namiz\u0259d idi. Meydan TV m\u00fcxbiri iddialara m\u00fcnasib\u0259t \u00f6yr\u0259nm\u0259k \u00fc\u00e7\u00fcn \u015firk\u0259tin sayt\u0131ndak\u0131 \u0259laq\u0259 n\u00f6mr\u0259l\u0259riyl\u0259 bir ne\u00e7\u0259 g\u00fcn \u0259rzind\u0259 \u0259laq\u0259 saxlama\u011fa \u00e7al\u0131\u015f\u0131b, ancaq h\u0259min n\u00f6mr\u0259l\u0259r\u0259 z\u0259ng \u00e7atmay\u0131b.<\/p>\n","protected":false},"excerpt":{"rendered":"<p>Deputatl\u0131\u011fa namiz\u0259din \u015firk\u0259tl\u0259ri bar\u0259sind\u0259 cinay\u0259t i\u015fi ba\u015flan\u0131b &nbsp;\u201c\u015eirk\u0259tin Bak\u0131dak\u0131 ofisin\u0259 &#8230; <\/p>\n<p class=\"read-more-container\"><a title=\"Xaricd\u0259 i\u015fl\u0259m\u0259k ist\u0259dil\u0259r, aldad\u0131ld\u0131lar\" class=\"read-more button\" href=\"https:\/\/www.meydan.tv\/az\/article\/xaricde-islemek-istediler-aldadildilar\/#more-316137\" aria-label=\"Read more about Xaricd\u0259 i\u015fl\u0259m\u0259k ist\u0259dil\u0259r, aldad\u0131ld\u0131lar\">Davam\u0131<\/a><\/p>\n","protected":false},"author":8,"featured_media":316134,"comment_status":"closed","ping_status":"closed","sticky":false,"template":"","format":"standard","meta":{"_acf_changed":false,"_sitemap_exclude":false,"_sitemap_priority":"","_sitemap_frequency":"","footnotes":""},"categories":[62,79,56],"tags":[],"class_list":["post-316137","post","type-post","status-publish","format-standard","has-post-thumbnail","hentry","category-sosial","category-featured","category-xeberler","infinite-scroll-item","generate-columns","tablet-grid-50","mobile-grid-100","grid-parent","grid-33","no-featured-image-padding"],"acf":[],"yoast_head":"<!-- This site is optimized with the Yoast SEO plugin v27.4 - https:\/\/yoast.com\/product\/yoast-seo-wordpress\/ -->\n<title>Xaricd\u0259 i\u015fl\u0259m\u0259k ist\u0259dil\u0259r, aldad\u0131ld\u0131lar - MEYDAN.TV<\/title>\n<meta name=\"description\" content=\"\u015eamax\u0131 sakinl\u0259rinin Ba\u015f Prokuror yan\u0131nda Korrupsiyaya qar\u015f\u0131 M\u00fcbariz\u0259 Ba\u015f \u0130dar\u0259sin\u0259 yazd\u0131qlar\u0131 \u015fikay\u0259t \u0259riz\u0259si is\u0259 h\u0259min qurum t\u0259r\u0259find\u0259n icraata g\u00f6t\u00fcr\u00fcl\u00fcb.\" \/>\n<meta name=\"robots\" content=\"index, follow, max-snippet:-1, max-image-preview:large, max-video-preview:-1\" \/>\n<link rel=\"canonical\" href=\"https:\/\/www.meydan.tv\/az\/article\/xaricde-islemek-istediler-aldadildilar\/\" \/>\n<meta property=\"og:locale\" content=\"az_AZ\" \/>\n<meta property=\"og:type\" content=\"article\" \/>\n<meta property=\"og:title\" content=\"Xaricd\u0259 i\u015fl\u0259m\u0259k ist\u0259dil\u0259r, aldad\u0131ld\u0131lar - MEYDAN.TV\" \/>\n<meta property=\"og:description\" content=\"\u015eamax\u0131 sakinl\u0259rinin Ba\u015f Prokuror yan\u0131nda Korrupsiyaya qar\u015f\u0131 M\u00fcbariz\u0259 Ba\u015f \u0130dar\u0259sin\u0259 yazd\u0131qlar\u0131 \u015fikay\u0259t \u0259riz\u0259si is\u0259 h\u0259min qurum t\u0259r\u0259find\u0259n icraata g\u00f6t\u00fcr\u00fcl\u00fcb.\" \/>\n<meta property=\"og:url\" content=\"https:\/\/www.meydan.tv\/az\/article\/xaricde-islemek-istediler-aldadildilar\/\" \/>\n<meta property=\"og:site_name\" content=\"MEYDAN.TV\" \/>\n<meta property=\"article:published_time\" content=\"2024-09-21T11:34:30+00:00\" \/>\n<meta property=\"article:modified_time\" content=\"2024-09-23T07:12:46+00:00\" \/>\n<meta property=\"og:image\" content=\"https:\/\/www.meydan.tv\/wp-content\/uploads\/photo-2024-09-21-10-20-25_720.jpg\" \/>\n\t<meta property=\"og:image:width\" content=\"1200\" \/>\n\t<meta property=\"og:image:height\" content=\"539\" \/>\n\t<meta property=\"og:image:type\" content=\"image\/jpeg\" \/>\n<meta name=\"author\" content=\"elli\" \/>\n<meta name=\"twitter:card\" content=\"summary_large_image\" \/>\n<meta name=\"twitter:creator\" content=\"@elli\" \/>\n<script type=\"application\/ld+json\" class=\"yoast-schema-graph\">{\"@context\":\"https:\\\/\\\/schema.org\",\"@graph\":[{\"@type\":\"Article\",\"@id\":\"https:\\\/\\\/www.meydan.tv\\\/az\\\/article\\\/xaricde-islemek-istediler-aldadildilar\\\/#article\",\"isPartOf\":{\"@id\":\"https:\\\/\\\/www.meydan.tv\\\/az\\\/article\\\/xaricde-islemek-istediler-aldadildilar\\\/\"},\"author\":{\"name\":\"elli\",\"@id\":\"https:\\\/\\\/www.meydan.tv\\\/az\\\/#\\\/schema\\\/person\\\/9cdbecf90d17180ce1dfbd95b08dcf47\"},\"headline\":\"Xaricd\u0259 i\u015fl\u0259m\u0259k ist\u0259dil\u0259r, aldad\u0131ld\u0131lar\",\"datePublished\":\"2024-09-21T11:34:30+00:00\",\"dateModified\":\"2024-09-23T07:12:46+00:00\",\"mainEntityOfPage\":{\"@id\":\"https:\\\/\\\/www.meydan.tv\\\/az\\\/article\\\/xaricde-islemek-istediler-aldadildilar\\\/\"},\"wordCount\":1575,\"publisher\":{\"@id\":\"https:\\\/\\\/www.meydan.tv\\\/az\\\/#organization\"},\"image\":{\"@id\":\"https:\\\/\\\/www.meydan.tv\\\/az\\\/article\\\/xaricde-islemek-istediler-aldadildilar\\\/#primaryimage\"},\"thumbnailUrl\":\"https:\\\/\\\/www.meydan.tv\\\/wp-content\\\/uploads\\\/photo-2024-09-21-10-20-25_720.jpg\",\"articleSection\":[\"Sosial\",\"T\u00f6vsiy\u0259\",\"X\u0259b\u0259rl\u0259r\"],\"inLanguage\":\"az\"},{\"@type\":\"WebPage\",\"@id\":\"https:\\\/\\\/www.meydan.tv\\\/az\\\/article\\\/xaricde-islemek-istediler-aldadildilar\\\/\",\"url\":\"https:\\\/\\\/www.meydan.tv\\\/az\\\/article\\\/xaricde-islemek-istediler-aldadildilar\\\/\",\"name\":\"Xaricd\u0259 i\u015fl\u0259m\u0259k ist\u0259dil\u0259r, aldad\u0131ld\u0131lar - MEYDAN.TV\",\"isPartOf\":{\"@id\":\"https:\\\/\\\/www.meydan.tv\\\/az\\\/#website\"},\"primaryImageOfPage\":{\"@id\":\"https:\\\/\\\/www.meydan.tv\\\/az\\\/article\\\/xaricde-islemek-istediler-aldadildilar\\\/#primaryimage\"},\"image\":{\"@id\":\"https:\\\/\\\/www.meydan.tv\\\/az\\\/article\\\/xaricde-islemek-istediler-aldadildilar\\\/#primaryimage\"},\"thumbnailUrl\":\"https:\\\/\\\/www.meydan.tv\\\/wp-content\\\/uploads\\\/photo-2024-09-21-10-20-25_720.jpg\",\"datePublished\":\"2024-09-21T11:34:30+00:00\",\"dateModified\":\"2024-09-23T07:12:46+00:00\",\"description\":\"\u015eamax\u0131 sakinl\u0259rinin Ba\u015f Prokuror yan\u0131nda Korrupsiyaya qar\u015f\u0131 M\u00fcbariz\u0259 Ba\u015f \u0130dar\u0259sin\u0259 yazd\u0131qlar\u0131 \u015fikay\u0259t \u0259riz\u0259si is\u0259 h\u0259min qurum t\u0259r\u0259find\u0259n icraata g\u00f6t\u00fcr\u00fcl\u00fcb.\",\"breadcrumb\":{\"@id\":\"https:\\\/\\\/www.meydan.tv\\\/az\\\/article\\\/xaricde-islemek-istediler-aldadildilar\\\/#breadcrumb\"},\"inLanguage\":\"az\",\"potentialAction\":[{\"@type\":\"ReadAction\",\"target\":[\"https:\\\/\\\/www.meydan.tv\\\/az\\\/article\\\/xaricde-islemek-istediler-aldadildilar\\\/\"]}]},{\"@type\":\"ImageObject\",\"inLanguage\":\"az\",\"@id\":\"https:\\\/\\\/www.meydan.tv\\\/az\\\/article\\\/xaricde-islemek-istediler-aldadildilar\\\/#primaryimage\",\"url\":\"https:\\\/\\\/www.meydan.tv\\\/wp-content\\\/uploads\\\/photo-2024-09-21-10-20-25_720.jpg\",\"contentUrl\":\"https:\\\/\\\/www.meydan.tv\\\/wp-content\\\/uploads\\\/photo-2024-09-21-10-20-25_720.jpg\",\"width\":1200,\"height\":539,\"caption\":\"Foto: Aldad\u0131lan v\u0259t\u0259nda\u015flar k\u00fc\u00e7\u0259d\u0259 qald\u0131qlar\u0131n\u0131 deyirl\u0259r. M\u0259nb\u0259: \u018fbilh\u0259s\u0259n Babayev\"},{\"@type\":\"BreadcrumbList\",\"@id\":\"https:\\\/\\\/www.meydan.tv\\\/az\\\/article\\\/xaricde-islemek-istediler-aldadildilar\\\/#breadcrumb\",\"itemListElement\":[{\"@type\":\"ListItem\",\"position\":1,\"name\":\"Ana s\u0259hif\u0259\",\"item\":\"https:\\\/\\\/www.meydan.tv\\\/az\\\/\"},{\"@type\":\"ListItem\",\"position\":2,\"name\":\"Sosial\",\"item\":\"https:\\\/\\\/www.meydan.tv\\\/az\\\/section\\\/sosial\\\/\"},{\"@type\":\"ListItem\",\"position\":3,\"name\":\"Xaricd\u0259 i\u015fl\u0259m\u0259k ist\u0259dil\u0259r, aldad\u0131ld\u0131lar\"}]},{\"@type\":\"WebSite\",\"@id\":\"https:\\\/\\\/www.meydan.tv\\\/az\\\/#website\",\"url\":\"https:\\\/\\\/www.meydan.tv\\\/az\\\/\",\"name\":\"MEYDAN.TV\",\"description\":\"Meydan TV Az\u0259rbaycan\u0131n media m\u0259kan\u0131ndak\u0131 alternativ s\u0259sidir\",\"publisher\":{\"@id\":\"https:\\\/\\\/www.meydan.tv\\\/az\\\/#organization\"},\"potentialAction\":[{\"@type\":\"SearchAction\",\"target\":{\"@type\":\"EntryPoint\",\"urlTemplate\":\"https:\\\/\\\/www.meydan.tv\\\/az\\\/?s={search_term_string}\"},\"query-input\":{\"@type\":\"PropertyValueSpecification\",\"valueRequired\":true,\"valueName\":\"search_term_string\"}}],\"inLanguage\":\"az\"},{\"@type\":\"Organization\",\"@id\":\"https:\\\/\\\/www.meydan.tv\\\/az\\\/#organization\",\"name\":\"Meydan TV\",\"url\":\"https:\\\/\\\/www.meydan.tv\\\/az\\\/\",\"logo\":{\"@type\":\"ImageObject\",\"inLanguage\":\"az\",\"@id\":\"https:\\\/\\\/www.meydan.tv\\\/az\\\/#\\\/schema\\\/logo\\\/image\\\/\",\"url\":\"https:\\\/\\\/www.meydan.tv\\\/wp-content\\\/uploads\\\/2021\\\/07\\\/meydan-logo.svg\",\"contentUrl\":\"https:\\\/\\\/www.meydan.tv\\\/wp-content\\\/uploads\\\/2021\\\/07\\\/meydan-logo.svg\",\"width\":195,\"height\":46,\"caption\":\"Meydan TV\"},\"image\":{\"@id\":\"https:\\\/\\\/www.meydan.tv\\\/az\\\/#\\\/schema\\\/logo\\\/image\\\/\"}},{\"@type\":\"Person\",\"@id\":\"https:\\\/\\\/www.meydan.tv\\\/az\\\/#\\\/schema\\\/person\\\/9cdbecf90d17180ce1dfbd95b08dcf47\",\"name\":\"elli\",\"sameAs\":[\"https:\\\/\\\/x.com\\\/elli\"]}]}<\/script>\n<!-- \/ Yoast SEO plugin. -->","yoast_head_json":{"title":"Xaricd\u0259 i\u015fl\u0259m\u0259k ist\u0259dil\u0259r, aldad\u0131ld\u0131lar - MEYDAN.TV","description":"\u015eamax\u0131 sakinl\u0259rinin Ba\u015f Prokuror yan\u0131nda Korrupsiyaya qar\u015f\u0131 M\u00fcbariz\u0259 Ba\u015f \u0130dar\u0259sin\u0259 yazd\u0131qlar\u0131 \u015fikay\u0259t \u0259riz\u0259si is\u0259 h\u0259min qurum t\u0259r\u0259find\u0259n icraata g\u00f6t\u00fcr\u00fcl\u00fcb.","robots":{"index":"index","follow":"follow","max-snippet":"max-snippet:-1","max-image-preview":"max-image-preview:large","max-video-preview":"max-video-preview:-1"},"canonical":"https:\/\/www.meydan.tv\/az\/article\/xaricde-islemek-istediler-aldadildilar\/","og_locale":"az_AZ","og_type":"article","og_title":"Xaricd\u0259 i\u015fl\u0259m\u0259k ist\u0259dil\u0259r, aldad\u0131ld\u0131lar - MEYDAN.TV","og_description":"\u015eamax\u0131 sakinl\u0259rinin Ba\u015f Prokuror yan\u0131nda Korrupsiyaya qar\u015f\u0131 M\u00fcbariz\u0259 Ba\u015f \u0130dar\u0259sin\u0259 yazd\u0131qlar\u0131 \u015fikay\u0259t \u0259riz\u0259si is\u0259 h\u0259min qurum t\u0259r\u0259find\u0259n icraata g\u00f6t\u00fcr\u00fcl\u00fcb.","og_url":"https:\/\/www.meydan.tv\/az\/article\/xaricde-islemek-istediler-aldadildilar\/","og_site_name":"MEYDAN.TV","article_published_time":"2024-09-21T11:34:30+00:00","article_modified_time":"2024-09-23T07:12:46+00:00","og_image":[{"width":1200,"height":539,"url":"https:\/\/www.meydan.tv\/wp-content\/uploads\/photo-2024-09-21-10-20-25_720.jpg","type":"image\/jpeg"}],"author":"elli","twitter_card":"summary_large_image","twitter_creator":"@elli","schema":{"@context":"https:\/\/schema.org","@graph":[{"@type":"Article","@id":"https:\/\/www.meydan.tv\/az\/article\/xaricde-islemek-istediler-aldadildilar\/#article","isPartOf":{"@id":"https:\/\/www.meydan.tv\/az\/article\/xaricde-islemek-istediler-aldadildilar\/"},"author":{"name":"elli","@id":"https:\/\/www.meydan.tv\/az\/#\/schema\/person\/9cdbecf90d17180ce1dfbd95b08dcf47"},"headline":"Xaricd\u0259 i\u015fl\u0259m\u0259k ist\u0259dil\u0259r, aldad\u0131ld\u0131lar","datePublished":"2024-09-21T11:34:30+00:00","dateModified":"2024-09-23T07:12:46+00:00","mainEntityOfPage":{"@id":"https:\/\/www.meydan.tv\/az\/article\/xaricde-islemek-istediler-aldadildilar\/"},"wordCount":1575,"publisher":{"@id":"https:\/\/www.meydan.tv\/az\/#organization"},"image":{"@id":"https:\/\/www.meydan.tv\/az\/article\/xaricde-islemek-istediler-aldadildilar\/#primaryimage"},"thumbnailUrl":"https:\/\/www.meydan.tv\/wp-content\/uploads\/photo-2024-09-21-10-20-25_720.jpg","articleSection":["Sosial","T\u00f6vsiy\u0259","X\u0259b\u0259rl\u0259r"],"inLanguage":"az"},{"@type":"WebPage","@id":"https:\/\/www.meydan.tv\/az\/article\/xaricde-islemek-istediler-aldadildilar\/","url":"https:\/\/www.meydan.tv\/az\/article\/xaricde-islemek-istediler-aldadildilar\/","name":"Xaricd\u0259 i\u015fl\u0259m\u0259k ist\u0259dil\u0259r, aldad\u0131ld\u0131lar - MEYDAN.TV","isPartOf":{"@id":"https:\/\/www.meydan.tv\/az\/#website"},"primaryImageOfPage":{"@id":"https:\/\/www.meydan.tv\/az\/article\/xaricde-islemek-istediler-aldadildilar\/#primaryimage"},"image":{"@id":"https:\/\/www.meydan.tv\/az\/article\/xaricde-islemek-istediler-aldadildilar\/#primaryimage"},"thumbnailUrl":"https:\/\/www.meydan.tv\/wp-content\/uploads\/photo-2024-09-21-10-20-25_720.jpg","datePublished":"2024-09-21T11:34:30+00:00","dateModified":"2024-09-23T07:12:46+00:00","description":"\u015eamax\u0131 sakinl\u0259rinin Ba\u015f Prokuror yan\u0131nda Korrupsiyaya qar\u015f\u0131 M\u00fcbariz\u0259 Ba\u015f \u0130dar\u0259sin\u0259 yazd\u0131qlar\u0131 \u015fikay\u0259t \u0259riz\u0259si is\u0259 h\u0259min qurum t\u0259r\u0259find\u0259n icraata g\u00f6t\u00fcr\u00fcl\u00fcb.","breadcrumb":{"@id":"https:\/\/www.meydan.tv\/az\/article\/xaricde-islemek-istediler-aldadildilar\/#breadcrumb"},"inLanguage":"az","potentialAction":[{"@type":"ReadAction","target":["https:\/\/www.meydan.tv\/az\/article\/xaricde-islemek-istediler-aldadildilar\/"]}]},{"@type":"ImageObject","inLanguage":"az","@id":"https:\/\/www.meydan.tv\/az\/article\/xaricde-islemek-istediler-aldadildilar\/#primaryimage","url":"https:\/\/www.meydan.tv\/wp-content\/uploads\/photo-2024-09-21-10-20-25_720.jpg","contentUrl":"https:\/\/www.meydan.tv\/wp-content\/uploads\/photo-2024-09-21-10-20-25_720.jpg","width":1200,"height":539,"caption":"Foto: Aldad\u0131lan v\u0259t\u0259nda\u015flar k\u00fc\u00e7\u0259d\u0259 qald\u0131qlar\u0131n\u0131 deyirl\u0259r. M\u0259nb\u0259: \u018fbilh\u0259s\u0259n Babayev"},{"@type":"BreadcrumbList","@id":"https:\/\/www.meydan.tv\/az\/article\/xaricde-islemek-istediler-aldadildilar\/#breadcrumb","itemListElement":[{"@type":"ListItem","position":1,"name":"Ana s\u0259hif\u0259","item":"https:\/\/www.meydan.tv\/az\/"},{"@type":"ListItem","position":2,"name":"Sosial","item":"https:\/\/www.meydan.tv\/az\/section\/sosial\/"},{"@type":"ListItem","position":3,"name":"Xaricd\u0259 i\u015fl\u0259m\u0259k ist\u0259dil\u0259r, aldad\u0131ld\u0131lar"}]},{"@type":"WebSite","@id":"https:\/\/www.meydan.tv\/az\/#website","url":"https:\/\/www.meydan.tv\/az\/","name":"MEYDAN.TV","description":"Meydan TV Az\u0259rbaycan\u0131n media m\u0259kan\u0131ndak\u0131 alternativ s\u0259sidir","publisher":{"@id":"https:\/\/www.meydan.tv\/az\/#organization"},"potentialAction":[{"@type":"SearchAction","target":{"@type":"EntryPoint","urlTemplate":"https:\/\/www.meydan.tv\/az\/?s={search_term_string}"},"query-input":{"@type":"PropertyValueSpecification","valueRequired":true,"valueName":"search_term_string"}}],"inLanguage":"az"},{"@type":"Organization","@id":"https:\/\/www.meydan.tv\/az\/#organization","name":"Meydan TV","url":"https:\/\/www.meydan.tv\/az\/","logo":{"@type":"ImageObject","inLanguage":"az","@id":"https:\/\/www.meydan.tv\/az\/#\/schema\/logo\/image\/","url":"https:\/\/www.meydan.tv\/wp-content\/uploads\/2021\/07\/meydan-logo.svg","contentUrl":"https:\/\/www.meydan.tv\/wp-content\/uploads\/2021\/07\/meydan-logo.svg","width":195,"height":46,"caption":"Meydan TV"},"image":{"@id":"https:\/\/www.meydan.tv\/az\/#\/schema\/logo\/image\/"}},{"@type":"Person","@id":"https:\/\/www.meydan.tv\/az\/#\/schema\/person\/9cdbecf90d17180ce1dfbd95b08dcf47","name":"elli","sameAs":["https:\/\/x.com\/elli"]}]}},"_links":{"self":[{"href":"https:\/\/www.meydan.tv\/az\/wp-json\/wp\/v2\/posts\/316137","targetHints":{"allow":["GET"]}}],"collection":[{"href":"https:\/\/www.meydan.tv\/az\/wp-json\/wp\/v2\/posts"}],"about":[{"href":"https:\/\/www.meydan.tv\/az\/wp-json\/wp\/v2\/types\/post"}],"author":[{"embeddable":true,"href":"https:\/\/www.meydan.tv\/az\/wp-json\/wp\/v2\/users\/8"}],"replies":[{"embeddable":true,"href":"https:\/\/www.meydan.tv\/az\/wp-json\/wp\/v2\/comments?post=316137"}],"version-history":[{"count":5,"href":"https:\/\/www.meydan.tv\/az\/wp-json\/wp\/v2\/posts\/316137\/revisions"}],"predecessor-version":[{"id":316167,"href":"https:\/\/www.meydan.tv\/az\/wp-json\/wp\/v2\/posts\/316137\/revisions\/316167"}],"wp:featuredmedia":[{"embeddable":true,"href":"https:\/\/www.meydan.tv\/az\/wp-json\/wp\/v2\/media\/316134"}],"wp:attachment":[{"href":"https:\/\/www.meydan.tv\/az\/wp-json\/wp\/v2\/media?parent=316137"}],"wp:term":[{"taxonomy":"category","embeddable":true,"href":"https:\/\/www.meydan.tv\/az\/wp-json\/wp\/v2\/categories?post=316137"},{"taxonomy":"post_tag","embeddable":true,"href":"https:\/\/www.meydan.tv\/az\/wp-json\/wp\/v2\/tags?post=316137"}],"curies":[{"name":"wp","href":"https:\/\/api.w.org\/{rel}","templated":true}]}}