{"id":315990,"date":"2024-09-19T14:02:45","date_gmt":"2024-09-19T10:02:45","guid":{"rendered":"https:\/\/www.meydan.tv\/?p=315990"},"modified":"2024-09-19T14:02:47","modified_gmt":"2024-09-19T10:02:47","slug":"samaxi-sakini-oglum-muharibede-olarken-isden-cixarilib","status":"publish","type":"post","link":"https:\/\/www.meydan.tv\/az\/article\/samaxi-sakini-oglum-muharibede-olarken-isden-cixarilib\/","title":{"rendered":"\u015eamax\u0131 sakini: \u201cO\u011flum m\u00fcharib\u0259d\u0259 olark\u0259n i\u015fd\u0259n \u00e7\u0131xar\u0131l\u0131b\u201d"},"content":{"rendered":"\n<p><\/p>\n\n\n\n<p><strong><em>V\u0259t\u0259nda\u015f \u201cDOST\u201d \u0130\u015f M\u0259rk\u0259zind\u0259n naraz\u0131d\u0131r<\/em><\/strong><\/p>\n\n\n\n<p>\u015eamax\u0131 rayon sakini Aq\u015fin \u015eirinov \u0130kinci Qaraba\u011f m\u00fcharib\u0259sind\u0259n qay\u0131dandan sonra \u018fm\u0259k M\u0259c\u0259ll\u0259sinin 70-ci madd\u0259sinin &#8220;C&#8221; b\u0259ndi il\u0259 i\u015fd\u0259n \u00e7\u0131xar\u0131ld\u0131\u011f\u0131n\u0131 \u00f6yr\u0259nib.<\/p>\n\n\n\n<p>Aq\u015fin \u015eirinovun atas\u0131 Sahib \u015eirinov bildirib ki, o\u011flu 2019-cu ild\u0259 \u201cDOST\u201d \u0130\u015f M\u0259rk\u0259zind\u0259 i\u015f\u0259 d\u00fcz\u0259lib. H\u0259min ilin iyulunda h\u0259rbi xidm\u0259t\u0259 gedib, daha sonra \u0259sg\u0259r kimi m\u00fcharib\u0259d\u0259 i\u015ftirak edib. Atan\u0131n s\u00f6zl\u0259rin\u0259 g\u00f6r\u0259, m\u00fcharib\u0259d\u0259n qay\u0131dandan sonraki 1 il \u0259rzind\u0259 \u0259s\u0259b x\u0259st\u0259liyind\u0259n m\u00fcalic\u0259 al\u0131b. T\u0259krar i\u015f il\u0259 ba\u011fl\u0131 m\u00fcraci\u0259t etdikd\u0259 m\u0259lum olub ki, 2019-cu ilin noyabr\u0131nda, y\u0259ni h\u0259rbi xidm\u0259td\u0259 oldu\u011fu m\u00fcdd\u0259td\u0259 i\u015fd\u0259n \u00e7\u0131xar\u0131l\u0131b. Sahib \u015eirinov bildirib ki, h\u0259min d\u00f6vrd\u0259 Aq\u015finin h\u0259rbi xidm\u0259td\u0259 oldu\u011funu t\u0259sdiql\u0259y\u0259n s\u0259n\u0259dl\u0259ri \u201cDOST\u201d \u0130\u015f M\u0259rk\u0259zin\u0259 t\u0259qdim edib, lakin o\u011flunu i\u015f\u0259 b\u0259rpa etm\u0259yibl\u0259r.<\/p>\n\n\n\n<p><em>&#8220;Aq\u015fin 2019-cu ilin iyulun 26-da h\u0259rbi xidm\u0259t\u0259 gedib. H\u0259rbi xidm\u0259t d\u00f6vr\u00fcnd\u0259 m\u00fcharib\u0259d\u0259 i\u015ftirak edib, orderl\u0259rl\u0259 t\u0259rtib olunub. M\u00fcharib\u0259d\u0259n sonraki 1 il \u0259rzind\u0259 m\u00fcalic\u0259 al\u0131b&#8221;-, <\/em>S.\u015eirinov bildirib. Qeyd edib ki, m\u00fcalic\u0259si tamamlanandan sonra yenid\u0259n \u201cDOST\u201d \u0130\u015f M\u0259rk\u0259zin\u0259 m\u00fcraci\u0259t edibl\u0259r:<\/p>\n\n\n\n<p><em>&#8220;Dedil\u0259r ki, Aq\u015fin noyabr\u0131n 18-d\u0259 \u018fm\u0259k M\u0259c\u0259ll\u0259sinin 70-ci madd\u0259sinin C b\u0259ndi il\u0259 i\u015fd\u0259n \u00e7\u0131xar\u0131l\u0131b. Y\u0259ni, \u0259sg\u0259rliy\u0259 ged\u0259nd\u0259n 3 ay sonra i\u015fd\u0259n \u00e7\u0131xar\u0131l\u0131b. H\u0259min madd\u0259d\u0259 g\u00f6st\u0259rilir ki, v\u0259zif\u0259 borcunu yerin\u0259 yetir\u0259 bilm\u0259diyi \u00fc\u00e7\u00fcn i\u015fd\u0259n \u00e7\u0131xar\u0131l\u0131b&#8221;.<\/em><\/p>\n\n\n\n<p>Ata deyib ki, m\u00fcharib\u0259d\u0259n qay\u0131dandan sonra psixi v\u0259ziyy\u0259ti normal olmad\u0131\u011f\u0131ndan i\u015f \u00fc\u00e7\u00fcn m\u00fcraci\u0259t ed\u0259 bilm\u0259yibl\u0259r. Amma maraql\u0131d\u0131r ki, h\u0259rbi xidm\u0259td\u0259 oldu\u011fu d\u00f6vrd\u0259 i\u015fd\u0259n nec\u0259 \u00e7\u0131xara bil\u0259rl\u0259r?<\/p>\n\n\n\n<p>\u201c<em>Dedil\u0259r ki, i\u015fd\u0259n \u00e7\u0131xar\u0131lmas\u0131na s\u0259b\u0259b i\u015fd\u0259 olmamas\u0131d\u0131r. Halbuki \u0259sg\u0259rlikd\u0259 oldu\u011funu bilirdil\u0259r\u201d, <\/em>&#8211; ata deyir.<\/p>\n\n\n\n<p><em>&#8220;D\u0259f\u0259l\u0259rl\u0259 m\u00fcraci\u0259t ets\u0259m d\u0259, eyni s\u00f6z\u00fc deyirl\u0259r. Bildirirl\u0259r ki, 2 ay m\u00fcdd\u0259tind\u0259 Aq\u015finin \u0259sg\u0259rlikd\u0259 olma\u011f\u0131 bar\u0259sind\u0259 r\u0259smi m\u00fcraci\u0259t etm\u0259li imi\u015fik. \u0130\u015f yerin\u0259 m\u0259lumat verm\u0259k S\u0259f\u0259rb\u0259rlik Xidm\u0259tinin s\u0259lahiyy\u0259tind\u0259dir. Bununla ba\u011fl\u0131 \u201cDOST\u201d \u0130\u015f M\u0259rk\u0259zind\u0259n bizd\u0259n he\u00e7 bir s\u0259n\u0259d t\u0259l\u0259b edilm\u0259yib. 2-3 ay \u0259rzind\u0259 bir d\u0259f\u0259 d\u0259 z\u0259ng edib Aq\u015finin harada oldu\u011fu il\u0259 ba\u011fl\u0131 maraqlanmay\u0131blar&#8221;<\/em>,-dey\u0259 fikrini bitirir.<\/p>\n\n\n\n<p>S.\u015eirinov onu da bildirib ki, o\u011fluna h\u0259r hans\u0131 bir yerd\u0259 i\u015f t\u0259klif olunmay\u0131b.<\/p>\n\n\n\n<p>\u201cDOST\u201d \u0130\u015f M\u0259rk\u0259zind\u0259n Meydan TV-y\u0259 bildiribl\u0259r ki, m\u0259s\u0259l\u0259 il\u0259 ba\u011fl\u0131 h\u0259min \u015f\u0259xsin \u00f6z\u00fc il\u0259 dan\u0131\u015f\u0131l\u0131b v\u0259 v\u0259ziyy\u0259t izah olunub.<\/p>\n\n\n\n<p>\u015eikay\u0259t\u00e7i deyib ki, ona m\u0259hk\u0259m\u0259y\u0259 m\u00fcraci\u0259t etm\u0259k m\u0259sl\u0259h\u0259t g\u00f6r\u00fcl\u00fcb, lakin v\u0259kil tutma\u011fa maddi imkan\u0131 \u00e7atmad\u0131\u011f\u0131 \u00fc\u00e7\u00fcn bunu ed\u0259 bilmir.<\/p>\n\n\n\n<p>H\u00fcquq\u015f\u00fcnas Az\u0259r M\u0259mm\u0259dov is\u0259 bildirib ki, i\u015f\u00e7il\u0259rl\u0259 i\u015f\u0259g\u00f6t\u00fcr\u0259nl\u0259r aras\u0131nda \u0259m\u0259k m\u00fcnasib\u0259tl\u0259ri \u018fm\u0259k M\u0259c\u0259ll\u0259si il\u0259 t\u0259nziml\u0259nir. M\u0259c\u0259ll\u0259d\u0259 \u0259m\u0259k m\u00fcqavil\u0259sin\u0259 xitam verilm\u0259sinin \u0259saslar\u0131 m\u00fc\u0259yy\u0259n olunub. \u0130\u015f\u0259g\u00f6t\u00fcr\u0259n t\u0259r\u0259find\u0259n \u0259m\u0259k m\u00fcqavil\u0259sinin l\u0259\u011fv edilm\u0259sinin \u0259saslar\u0131n\u0131 m\u0259c\u0259ll\u0259nin 70-ci madd\u0259si m\u00fc\u0259yy\u0259n edir. \u201cC&#8221; b\u0259ndind\u0259 n\u0259z\u0259rd\u0259 tutulan \u0259sasla \u0259m\u0259k m\u00fcqavil\u0259sinin l\u0259\u011fv edilm\u0259sin\u0259 i\u015f\u00e7inin q\u0259sd\u0259n v\u0259 ya s\u0259hl\u0259nkarl\u0131qla \u0259m\u0259k funksiyas\u0131n\u0131, v\u0259zif\u0259 \u00f6hd\u0259likl\u0259rini yerin\u0259 yetirm\u0259mi\u015f olmas\u0131, i\u015f yerind\u0259 i\u015fin, istehsal\u0131n, \u0259m\u0259k intizam\u0131n\u0131n normal ah\u0259ngi pozulmal\u0131 v\u0259 ya i\u015f\u0259 g\u00f6t\u00fcr\u0259nin qanunla qorunan m\u0259nafeyin\u0259 h\u0259r hans\u0131sa formada ziyan d\u0259ym\u0259lidir.<\/p>\n\n\n\n<p><em>\u201c\u201cC\u201d b\u0259ndi il\u0259 i\u015fd\u0259n \u00e7\u0131xar\u0131lan i\u015f\u00e7i m\u0259hk\u0259m\u0259y\u0259 m\u00fcraci\u0259t etm\u0259lidir. T\u0259cr\u00fcb\u0259 g\u00f6st\u0259rir ki, i\u015f\u00e7i haql\u0131 oldu\u011fu halda m\u0259hk\u0259m\u0259 h\u00fcquqlar\u0131n\u0131 b\u0259rpa edir\u201d,<\/em> &#8211; h\u00fcquq\u015f\u00fcnas deyib.<\/p>\n","protected":false},"excerpt":{"rendered":"<p>V\u0259t\u0259nda\u015f \u201cDOST\u201d \u0130\u015f M\u0259rk\u0259zind\u0259n naraz\u0131d\u0131r \u015eamax\u0131 rayon sakini Aq\u015fin \u015eirinov &#8230; <\/p>\n<p class=\"read-more-container\"><a title=\"\u015eamax\u0131 sakini: \u201cO\u011flum m\u00fcharib\u0259d\u0259 olark\u0259n i\u015fd\u0259n \u00e7\u0131xar\u0131l\u0131b\u201d\" class=\"read-more button\" href=\"https:\/\/www.meydan.tv\/az\/article\/samaxi-sakini-oglum-muharibede-olarken-isden-cixarilib\/#more-315990\" aria-label=\"Read more about \u015eamax\u0131 sakini: \u201cO\u011flum m\u00fcharib\u0259d\u0259 olark\u0259n i\u015fd\u0259n \u00e7\u0131xar\u0131l\u0131b\u201d\">Davam\u0131<\/a><\/p>\n","protected":false},"author":8,"featured_media":280368,"comment_status":"closed","ping_status":"closed","sticky":false,"template":"","format":"standard","meta":{"_acf_changed":false,"_sitemap_exclude":false,"_sitemap_priority":"","_sitemap_frequency":"","footnotes":""},"categories":[62,56],"tags":[],"class_list":["post-315990","post","type-post","status-publish","format-standard","has-post-thumbnail","hentry","category-sosial","category-xeberler","infinite-scroll-item","generate-columns","tablet-grid-50","mobile-grid-100","grid-parent","grid-33","no-featured-image-padding"],"acf":[],"yoast_head":"<!-- This site is optimized with the Yoast SEO plugin v27.4 - https:\/\/yoast.com\/product\/yoast-seo-wordpress\/ -->\n<title>\u015eamax\u0131 sakini: \u201cO\u011flum m\u00fcharib\u0259d\u0259 olark\u0259n i\u015fd\u0259n \u00e7\u0131xar\u0131l\u0131b\u201d - MEYDAN.TV<\/title>\n<meta name=\"description\" content=\"\u015eamax\u0131 rayon sakini Aq\u015fin \u015eirinov \u0130kinci Qaraba\u011f m\u00fcharib\u0259sind\u0259n qay\u0131dandan sonra i\u015fd\u0259n \u00e7\u0131xar\u0131ld\u0131\u011f\u0131n\u0131 \u00f6yr\u0259nib.\" \/>\n<meta name=\"robots\" content=\"index, follow, max-snippet:-1, max-image-preview:large, max-video-preview:-1\" \/>\n<link rel=\"canonical\" href=\"https:\/\/www.meydan.tv\/az\/article\/samaxi-sakini-oglum-muharibede-olarken-isden-cixarilib\/\" \/>\n<meta property=\"og:locale\" content=\"az_AZ\" \/>\n<meta property=\"og:type\" content=\"article\" \/>\n<meta property=\"og:title\" content=\"\u015eamax\u0131 sakini: \u201cO\u011flum m\u00fcharib\u0259d\u0259 olark\u0259n i\u015fd\u0259n \u00e7\u0131xar\u0131l\u0131b\u201d - MEYDAN.TV\" \/>\n<meta property=\"og:description\" content=\"\u015eamax\u0131 rayon sakini Aq\u015fin \u015eirinov \u0130kinci Qaraba\u011f m\u00fcharib\u0259sind\u0259n qay\u0131dandan sonra i\u015fd\u0259n \u00e7\u0131xar\u0131ld\u0131\u011f\u0131n\u0131 \u00f6yr\u0259nib.\" \/>\n<meta property=\"og:url\" content=\"https:\/\/www.meydan.tv\/az\/article\/samaxi-sakini-oglum-muharibede-olarken-isden-cixarilib\/\" \/>\n<meta property=\"og:site_name\" content=\"MEYDAN.TV\" \/>\n<meta property=\"article:published_time\" content=\"2024-09-19T10:02:45+00:00\" \/>\n<meta property=\"article:modified_time\" content=\"2024-09-19T10:02:47+00:00\" \/>\n<meta property=\"og:image\" content=\"https:\/\/www.meydan.tv\/wp-content\/uploads\/untitled-design-162-e1690145038833.jpg\" \/>\n\t<meta property=\"og:image:width\" content=\"1200\" \/>\n\t<meta property=\"og:image:height\" content=\"696\" \/>\n\t<meta property=\"og:image:type\" content=\"image\/jpeg\" \/>\n<meta name=\"author\" content=\"elli\" \/>\n<meta name=\"twitter:card\" content=\"summary_large_image\" \/>\n<meta name=\"twitter:creator\" content=\"@elli\" \/>\n<script type=\"application\/ld+json\" class=\"yoast-schema-graph\">{\"@context\":\"https:\\\/\\\/schema.org\",\"@graph\":[{\"@type\":\"Article\",\"@id\":\"https:\\\/\\\/www.meydan.tv\\\/az\\\/article\\\/samaxi-sakini-oglum-muharibede-olarken-isden-cixarilib\\\/#article\",\"isPartOf\":{\"@id\":\"https:\\\/\\\/www.meydan.tv\\\/az\\\/article\\\/samaxi-sakini-oglum-muharibede-olarken-isden-cixarilib\\\/\"},\"author\":{\"name\":\"elli\",\"@id\":\"https:\\\/\\\/www.meydan.tv\\\/az\\\/#\\\/schema\\\/person\\\/9cdbecf90d17180ce1dfbd95b08dcf47\"},\"headline\":\"\u015eamax\u0131 sakini: \u201cO\u011flum m\u00fcharib\u0259d\u0259 olark\u0259n i\u015fd\u0259n \u00e7\u0131xar\u0131l\u0131b\u201d\",\"datePublished\":\"2024-09-19T10:02:45+00:00\",\"dateModified\":\"2024-09-19T10:02:47+00:00\",\"mainEntityOfPage\":{\"@id\":\"https:\\\/\\\/www.meydan.tv\\\/az\\\/article\\\/samaxi-sakini-oglum-muharibede-olarken-isden-cixarilib\\\/\"},\"wordCount\":791,\"publisher\":{\"@id\":\"https:\\\/\\\/www.meydan.tv\\\/az\\\/#organization\"},\"image\":{\"@id\":\"https:\\\/\\\/www.meydan.tv\\\/az\\\/article\\\/samaxi-sakini-oglum-muharibede-olarken-isden-cixarilib\\\/#primaryimage\"},\"thumbnailUrl\":\"https:\\\/\\\/www.meydan.tv\\\/wp-content\\\/uploads\\\/untitled-design-162-e1690145038833.jpg\",\"articleSection\":[\"Sosial\",\"X\u0259b\u0259rl\u0259r\"],\"inLanguage\":\"az\"},{\"@type\":\"WebPage\",\"@id\":\"https:\\\/\\\/www.meydan.tv\\\/az\\\/article\\\/samaxi-sakini-oglum-muharibede-olarken-isden-cixarilib\\\/\",\"url\":\"https:\\\/\\\/www.meydan.tv\\\/az\\\/article\\\/samaxi-sakini-oglum-muharibede-olarken-isden-cixarilib\\\/\",\"name\":\"\u015eamax\u0131 sakini: \u201cO\u011flum m\u00fcharib\u0259d\u0259 olark\u0259n i\u015fd\u0259n \u00e7\u0131xar\u0131l\u0131b\u201d - MEYDAN.TV\",\"isPartOf\":{\"@id\":\"https:\\\/\\\/www.meydan.tv\\\/az\\\/#website\"},\"primaryImageOfPage\":{\"@id\":\"https:\\\/\\\/www.meydan.tv\\\/az\\\/article\\\/samaxi-sakini-oglum-muharibede-olarken-isden-cixarilib\\\/#primaryimage\"},\"image\":{\"@id\":\"https:\\\/\\\/www.meydan.tv\\\/az\\\/article\\\/samaxi-sakini-oglum-muharibede-olarken-isden-cixarilib\\\/#primaryimage\"},\"thumbnailUrl\":\"https:\\\/\\\/www.meydan.tv\\\/wp-content\\\/uploads\\\/untitled-design-162-e1690145038833.jpg\",\"datePublished\":\"2024-09-19T10:02:45+00:00\",\"dateModified\":\"2024-09-19T10:02:47+00:00\",\"description\":\"\u015eamax\u0131 rayon sakini Aq\u015fin \u015eirinov \u0130kinci Qaraba\u011f m\u00fcharib\u0259sind\u0259n qay\u0131dandan sonra i\u015fd\u0259n \u00e7\u0131xar\u0131ld\u0131\u011f\u0131n\u0131 \u00f6yr\u0259nib.\",\"breadcrumb\":{\"@id\":\"https:\\\/\\\/www.meydan.tv\\\/az\\\/article\\\/samaxi-sakini-oglum-muharibede-olarken-isden-cixarilib\\\/#breadcrumb\"},\"inLanguage\":\"az\",\"potentialAction\":[{\"@type\":\"ReadAction\",\"target\":[\"https:\\\/\\\/www.meydan.tv\\\/az\\\/article\\\/samaxi-sakini-oglum-muharibede-olarken-isden-cixarilib\\\/\"]}]},{\"@type\":\"ImageObject\",\"inLanguage\":\"az\",\"@id\":\"https:\\\/\\\/www.meydan.tv\\\/az\\\/article\\\/samaxi-sakini-oglum-muharibede-olarken-isden-cixarilib\\\/#primaryimage\",\"url\":\"https:\\\/\\\/www.meydan.tv\\\/wp-content\\\/uploads\\\/untitled-design-162-e1690145038833.jpg\",\"contentUrl\":\"https:\\\/\\\/www.meydan.tv\\\/wp-content\\\/uploads\\\/untitled-design-162-e1690145038833.jpg\",\"width\":1200,\"height\":696,\"caption\":\"\u018fsg\u0259r. Foto: Meydan TV\"},{\"@type\":\"BreadcrumbList\",\"@id\":\"https:\\\/\\\/www.meydan.tv\\\/az\\\/article\\\/samaxi-sakini-oglum-muharibede-olarken-isden-cixarilib\\\/#breadcrumb\",\"itemListElement\":[{\"@type\":\"ListItem\",\"position\":1,\"name\":\"Ana s\u0259hif\u0259\",\"item\":\"https:\\\/\\\/www.meydan.tv\\\/az\\\/\"},{\"@type\":\"ListItem\",\"position\":2,\"name\":\"Sosial\",\"item\":\"https:\\\/\\\/www.meydan.tv\\\/az\\\/section\\\/sosial\\\/\"},{\"@type\":\"ListItem\",\"position\":3,\"name\":\"\u015eamax\u0131 sakini: \u201cO\u011flum m\u00fcharib\u0259d\u0259 olark\u0259n i\u015fd\u0259n \u00e7\u0131xar\u0131l\u0131b\u201d\"}]},{\"@type\":\"WebSite\",\"@id\":\"https:\\\/\\\/www.meydan.tv\\\/az\\\/#website\",\"url\":\"https:\\\/\\\/www.meydan.tv\\\/az\\\/\",\"name\":\"MEYDAN.TV\",\"description\":\"Meydan TV Az\u0259rbaycan\u0131n media m\u0259kan\u0131ndak\u0131 alternativ s\u0259sidir\",\"publisher\":{\"@id\":\"https:\\\/\\\/www.meydan.tv\\\/az\\\/#organization\"},\"potentialAction\":[{\"@type\":\"SearchAction\",\"target\":{\"@type\":\"EntryPoint\",\"urlTemplate\":\"https:\\\/\\\/www.meydan.tv\\\/az\\\/?s={search_term_string}\"},\"query-input\":{\"@type\":\"PropertyValueSpecification\",\"valueRequired\":true,\"valueName\":\"search_term_string\"}}],\"inLanguage\":\"az\"},{\"@type\":\"Organization\",\"@id\":\"https:\\\/\\\/www.meydan.tv\\\/az\\\/#organization\",\"name\":\"Meydan TV\",\"url\":\"https:\\\/\\\/www.meydan.tv\\\/az\\\/\",\"logo\":{\"@type\":\"ImageObject\",\"inLanguage\":\"az\",\"@id\":\"https:\\\/\\\/www.meydan.tv\\\/az\\\/#\\\/schema\\\/logo\\\/image\\\/\",\"url\":\"https:\\\/\\\/www.meydan.tv\\\/wp-content\\\/uploads\\\/2021\\\/07\\\/meydan-logo.svg\",\"contentUrl\":\"https:\\\/\\\/www.meydan.tv\\\/wp-content\\\/uploads\\\/2021\\\/07\\\/meydan-logo.svg\",\"width\":195,\"height\":46,\"caption\":\"Meydan TV\"},\"image\":{\"@id\":\"https:\\\/\\\/www.meydan.tv\\\/az\\\/#\\\/schema\\\/logo\\\/image\\\/\"}},{\"@type\":\"Person\",\"@id\":\"https:\\\/\\\/www.meydan.tv\\\/az\\\/#\\\/schema\\\/person\\\/9cdbecf90d17180ce1dfbd95b08dcf47\",\"name\":\"elli\",\"sameAs\":[\"https:\\\/\\\/x.com\\\/elli\"]}]}<\/script>\n<!-- \/ Yoast SEO plugin. -->","yoast_head_json":{"title":"\u015eamax\u0131 sakini: \u201cO\u011flum m\u00fcharib\u0259d\u0259 olark\u0259n i\u015fd\u0259n \u00e7\u0131xar\u0131l\u0131b\u201d - MEYDAN.TV","description":"\u015eamax\u0131 rayon sakini Aq\u015fin \u015eirinov \u0130kinci Qaraba\u011f m\u00fcharib\u0259sind\u0259n qay\u0131dandan sonra i\u015fd\u0259n \u00e7\u0131xar\u0131ld\u0131\u011f\u0131n\u0131 \u00f6yr\u0259nib.","robots":{"index":"index","follow":"follow","max-snippet":"max-snippet:-1","max-image-preview":"max-image-preview:large","max-video-preview":"max-video-preview:-1"},"canonical":"https:\/\/www.meydan.tv\/az\/article\/samaxi-sakini-oglum-muharibede-olarken-isden-cixarilib\/","og_locale":"az_AZ","og_type":"article","og_title":"\u015eamax\u0131 sakini: \u201cO\u011flum m\u00fcharib\u0259d\u0259 olark\u0259n i\u015fd\u0259n \u00e7\u0131xar\u0131l\u0131b\u201d - MEYDAN.TV","og_description":"\u015eamax\u0131 rayon sakini Aq\u015fin \u015eirinov \u0130kinci Qaraba\u011f m\u00fcharib\u0259sind\u0259n qay\u0131dandan sonra i\u015fd\u0259n \u00e7\u0131xar\u0131ld\u0131\u011f\u0131n\u0131 \u00f6yr\u0259nib.","og_url":"https:\/\/www.meydan.tv\/az\/article\/samaxi-sakini-oglum-muharibede-olarken-isden-cixarilib\/","og_site_name":"MEYDAN.TV","article_published_time":"2024-09-19T10:02:45+00:00","article_modified_time":"2024-09-19T10:02:47+00:00","og_image":[{"width":1200,"height":696,"url":"https:\/\/www.meydan.tv\/wp-content\/uploads\/untitled-design-162-e1690145038833.jpg","type":"image\/jpeg"}],"author":"elli","twitter_card":"summary_large_image","twitter_creator":"@elli","schema":{"@context":"https:\/\/schema.org","@graph":[{"@type":"Article","@id":"https:\/\/www.meydan.tv\/az\/article\/samaxi-sakini-oglum-muharibede-olarken-isden-cixarilib\/#article","isPartOf":{"@id":"https:\/\/www.meydan.tv\/az\/article\/samaxi-sakini-oglum-muharibede-olarken-isden-cixarilib\/"},"author":{"name":"elli","@id":"https:\/\/www.meydan.tv\/az\/#\/schema\/person\/9cdbecf90d17180ce1dfbd95b08dcf47"},"headline":"\u015eamax\u0131 sakini: \u201cO\u011flum m\u00fcharib\u0259d\u0259 olark\u0259n i\u015fd\u0259n \u00e7\u0131xar\u0131l\u0131b\u201d","datePublished":"2024-09-19T10:02:45+00:00","dateModified":"2024-09-19T10:02:47+00:00","mainEntityOfPage":{"@id":"https:\/\/www.meydan.tv\/az\/article\/samaxi-sakini-oglum-muharibede-olarken-isden-cixarilib\/"},"wordCount":791,"publisher":{"@id":"https:\/\/www.meydan.tv\/az\/#organization"},"image":{"@id":"https:\/\/www.meydan.tv\/az\/article\/samaxi-sakini-oglum-muharibede-olarken-isden-cixarilib\/#primaryimage"},"thumbnailUrl":"https:\/\/www.meydan.tv\/wp-content\/uploads\/untitled-design-162-e1690145038833.jpg","articleSection":["Sosial","X\u0259b\u0259rl\u0259r"],"inLanguage":"az"},{"@type":"WebPage","@id":"https:\/\/www.meydan.tv\/az\/article\/samaxi-sakini-oglum-muharibede-olarken-isden-cixarilib\/","url":"https:\/\/www.meydan.tv\/az\/article\/samaxi-sakini-oglum-muharibede-olarken-isden-cixarilib\/","name":"\u015eamax\u0131 sakini: \u201cO\u011flum m\u00fcharib\u0259d\u0259 olark\u0259n i\u015fd\u0259n \u00e7\u0131xar\u0131l\u0131b\u201d - MEYDAN.TV","isPartOf":{"@id":"https:\/\/www.meydan.tv\/az\/#website"},"primaryImageOfPage":{"@id":"https:\/\/www.meydan.tv\/az\/article\/samaxi-sakini-oglum-muharibede-olarken-isden-cixarilib\/#primaryimage"},"image":{"@id":"https:\/\/www.meydan.tv\/az\/article\/samaxi-sakini-oglum-muharibede-olarken-isden-cixarilib\/#primaryimage"},"thumbnailUrl":"https:\/\/www.meydan.tv\/wp-content\/uploads\/untitled-design-162-e1690145038833.jpg","datePublished":"2024-09-19T10:02:45+00:00","dateModified":"2024-09-19T10:02:47+00:00","description":"\u015eamax\u0131 rayon sakini Aq\u015fin \u015eirinov \u0130kinci Qaraba\u011f m\u00fcharib\u0259sind\u0259n qay\u0131dandan sonra i\u015fd\u0259n \u00e7\u0131xar\u0131ld\u0131\u011f\u0131n\u0131 \u00f6yr\u0259nib.","breadcrumb":{"@id":"https:\/\/www.meydan.tv\/az\/article\/samaxi-sakini-oglum-muharibede-olarken-isden-cixarilib\/#breadcrumb"},"inLanguage":"az","potentialAction":[{"@type":"ReadAction","target":["https:\/\/www.meydan.tv\/az\/article\/samaxi-sakini-oglum-muharibede-olarken-isden-cixarilib\/"]}]},{"@type":"ImageObject","inLanguage":"az","@id":"https:\/\/www.meydan.tv\/az\/article\/samaxi-sakini-oglum-muharibede-olarken-isden-cixarilib\/#primaryimage","url":"https:\/\/www.meydan.tv\/wp-content\/uploads\/untitled-design-162-e1690145038833.jpg","contentUrl":"https:\/\/www.meydan.tv\/wp-content\/uploads\/untitled-design-162-e1690145038833.jpg","width":1200,"height":696,"caption":"\u018fsg\u0259r. Foto: Meydan TV"},{"@type":"BreadcrumbList","@id":"https:\/\/www.meydan.tv\/az\/article\/samaxi-sakini-oglum-muharibede-olarken-isden-cixarilib\/#breadcrumb","itemListElement":[{"@type":"ListItem","position":1,"name":"Ana s\u0259hif\u0259","item":"https:\/\/www.meydan.tv\/az\/"},{"@type":"ListItem","position":2,"name":"Sosial","item":"https:\/\/www.meydan.tv\/az\/section\/sosial\/"},{"@type":"ListItem","position":3,"name":"\u015eamax\u0131 sakini: \u201cO\u011flum m\u00fcharib\u0259d\u0259 olark\u0259n i\u015fd\u0259n \u00e7\u0131xar\u0131l\u0131b\u201d"}]},{"@type":"WebSite","@id":"https:\/\/www.meydan.tv\/az\/#website","url":"https:\/\/www.meydan.tv\/az\/","name":"MEYDAN.TV","description":"Meydan TV Az\u0259rbaycan\u0131n media m\u0259kan\u0131ndak\u0131 alternativ s\u0259sidir","publisher":{"@id":"https:\/\/www.meydan.tv\/az\/#organization"},"potentialAction":[{"@type":"SearchAction","target":{"@type":"EntryPoint","urlTemplate":"https:\/\/www.meydan.tv\/az\/?s={search_term_string}"},"query-input":{"@type":"PropertyValueSpecification","valueRequired":true,"valueName":"search_term_string"}}],"inLanguage":"az"},{"@type":"Organization","@id":"https:\/\/www.meydan.tv\/az\/#organization","name":"Meydan TV","url":"https:\/\/www.meydan.tv\/az\/","logo":{"@type":"ImageObject","inLanguage":"az","@id":"https:\/\/www.meydan.tv\/az\/#\/schema\/logo\/image\/","url":"https:\/\/www.meydan.tv\/wp-content\/uploads\/2021\/07\/meydan-logo.svg","contentUrl":"https:\/\/www.meydan.tv\/wp-content\/uploads\/2021\/07\/meydan-logo.svg","width":195,"height":46,"caption":"Meydan TV"},"image":{"@id":"https:\/\/www.meydan.tv\/az\/#\/schema\/logo\/image\/"}},{"@type":"Person","@id":"https:\/\/www.meydan.tv\/az\/#\/schema\/person\/9cdbecf90d17180ce1dfbd95b08dcf47","name":"elli","sameAs":["https:\/\/x.com\/elli"]}]}},"_links":{"self":[{"href":"https:\/\/www.meydan.tv\/az\/wp-json\/wp\/v2\/posts\/315990","targetHints":{"allow":["GET"]}}],"collection":[{"href":"https:\/\/www.meydan.tv\/az\/wp-json\/wp\/v2\/posts"}],"about":[{"href":"https:\/\/www.meydan.tv\/az\/wp-json\/wp\/v2\/types\/post"}],"author":[{"embeddable":true,"href":"https:\/\/www.meydan.tv\/az\/wp-json\/wp\/v2\/users\/8"}],"replies":[{"embeddable":true,"href":"https:\/\/www.meydan.tv\/az\/wp-json\/wp\/v2\/comments?post=315990"}],"version-history":[{"count":3,"href":"https:\/\/www.meydan.tv\/az\/wp-json\/wp\/v2\/posts\/315990\/revisions"}],"predecessor-version":[{"id":315994,"href":"https:\/\/www.meydan.tv\/az\/wp-json\/wp\/v2\/posts\/315990\/revisions\/315994"}],"wp:featuredmedia":[{"embeddable":true,"href":"https:\/\/www.meydan.tv\/az\/wp-json\/wp\/v2\/media\/280368"}],"wp:attachment":[{"href":"https:\/\/www.meydan.tv\/az\/wp-json\/wp\/v2\/media?parent=315990"}],"wp:term":[{"taxonomy":"category","embeddable":true,"href":"https:\/\/www.meydan.tv\/az\/wp-json\/wp\/v2\/categories?post=315990"},{"taxonomy":"post_tag","embeddable":true,"href":"https:\/\/www.meydan.tv\/az\/wp-json\/wp\/v2\/tags?post=315990"}],"curies":[{"name":"wp","href":"https:\/\/api.w.org\/{rel}","templated":true}]}}