{"id":315963,"date":"2024-09-19T13:04:35","date_gmt":"2024-09-19T09:04:35","guid":{"rendered":"https:\/\/www.meydan.tv\/?p=315963"},"modified":"2024-09-19T13:04:37","modified_gmt":"2024-09-19T09:04:37","slug":"eli-kerimlinin-teqsirlendirilen-sexs-qisminde-mehkemesi-basladi","status":"publish","type":"post","link":"https:\/\/www.meydan.tv\/az\/article\/eli-kerimlinin-teqsirlendirilen-sexs-qisminde-mehkemesi-basladi\/","title":{"rendered":"\u018fli K\u0259rimlinin t\u0259qsirl\u0259ndiril\u0259n \u015f\u0259xs qismind\u0259 m\u0259hk\u0259m\u0259si ba\u015flad\u0131"},"content":{"rendered":"\n<p><\/p>\n\n\n\n<p><em><strong>AXCP s\u0259drin\u0259 v\u0259sat\u0259tl\u0259 tan\u0131\u015f olmaq \u00fc\u00e7\u00fcn vaxt verildi<\/strong><\/em><\/p>\n\n\n\n<p>Az\u0259rbaycan Xalq C\u0259bh\u0259si Partiyas\u0131n\u0131n (AXCP) s\u0259dri \u018fli K\u0259rimlinin cinay\u0259t m\u0259suliyy\u0259tin\u0259 c\u0259lb olunmas\u0131 t\u0259l\u0259bil\u0259 n\u00f6vb\u0259ti m\u0259hk\u0259m\u0259 iclas\u0131 ke\u00e7irilib. Partiyadan xaric olunmu\u015f Ayd\u0131n \u018fliyev x\u00fcsusi ittiham qaydas\u0131nda qald\u0131rd\u0131\u011f\u0131 iddias\u0131nda g\u00f6st\u0259rib ki, \u018fli K\u0259rimli m\u00fcxt\u0259lif internet kanallar\u0131nda \u00e7\u0131x\u0131\u015flar\u0131nda ona b\u00f6htan at\u0131b. O, AXCP s\u0259drinin Cinay\u0259t M\u0259c\u0259ll\u0259sinin 147 (b\u00f6htan) madd\u0259sil\u0259 c\u0259zaland\u0131r\u0131lmas\u0131n\u0131 t\u0259l\u0259b edir.<\/p>\n\n\n\n<p>Sentyabr\u0131n 19-da N\u0259simi Rayon M\u0259hk\u0259m\u0259sind\u0259 hakim Bab\u0259k P\u0259nahovun s\u0259drliyil\u0259 ke\u00e7iril\u0259n m\u0259hk\u0259m\u0259 prosesind\u0259 \u018fli K\u0259rimlinin v\u0259kili v\u0259sat\u0259t qald\u0131raraq, m\u0259hk\u0259m\u0259y\u0259 bir s\u0131ra s\u0259n\u0259dl\u0259r t\u0259qdim edib. V\u0259kil bildirib ki, bu s\u0259n\u0259dl\u0259r m\u00fcv\u0259kkilin\u0259 qar\u015f\u0131 qald\u0131r\u0131lm\u0131\u015f iddian\u0131n \u0259sass\u0131z oldu\u011funu, \u018fli K\u0259rimlinin \u00e7\u0131x\u0131\u015flar\u0131nda b\u00f6htan xarakterli ifad\u0259l\u0259rin olmad\u0131\u011f\u0131n\u0131 s\u00fcbut edir.<\/p>\n\n\n\n<p>X\u00fcsusi ittiham\u00e7\u0131 qismind\u0259 tan\u0131nan Ayd\u0131n \u018fliyevin n\u00fcmay\u0259nd\u0259si Elvin \u018fliyev bildirib ki, v\u0259sat\u0259t elektron sistem\u0259 yerl\u0259\u015fdirilm\u0259lidir v\u0259 \u00f6z\u00fc d\u0259 onunla tan\u0131\u015f olub qar\u015f\u0131 t\u0259r\u0259f kimi ona m\u00fcnasib\u0259t bildirm\u0259lidir.<\/p>\n\n\n\n<p>\u018fli K\u0259rimli v\u0259 v\u0259kili t\u0259klif edib ki, x\u00fcsusi ittiham\u00e7\u0131 v\u0259 n\u00fcmay\u0259nd\u0259sin\u0259 15 d\u0259qiq\u0259 vaxt verilsin, onlar v\u0259sat\u0259tl\u0259 tan\u0131\u015f olsunlar, fikirl\u0259rini bildirsinl\u0259r. Lakin Elvin \u018fliyev raz\u0131la\u015fmay\u0131b, ba\u015fqa i\u015fl\u0259ri oldu\u011funu iddia edib.<\/p>\n\n\n\n<p>Hakim Bab\u0259k P\u0259nahov ona bir aya yax\u0131n vaxt verib. Bu s\u0259b\u0259bd\u0259n d\u0259 m\u0259hk\u0259m\u0259 oktyabr\u0131n 14-n\u0259 q\u0259d\u0259r t\u0259xir\u0259 sal\u0131n\u0131b. Ayd\u0131n \u018fliyevin \u018fli K\u0259rimliy\u0259 qar\u015f\u0131 x\u00fcsusi ittiham qaydas\u0131nda qald\u0131rd\u0131\u011f\u0131 iddian\u0131 m\u0259hk\u0259m\u0259 sentyabr\u0131n 12-d\u0259 icraata g\u00f6t\u00fcrm\u00fc\u015f, bel\u0259likl\u0259, AXCP s\u0259dri t\u0259qsirl\u0259ndiril\u0259n \u015f\u0259xs qismind\u0259 tan\u0131nm\u0131\u015fd\u0131.<\/p>\n\n\n\n<p>AXCP bu m\u0259hk\u0259m\u0259 prosesinin hakimiyy\u0259tin sifari\u015fil\u0259 ba\u015flad\u0131ld\u0131\u011f\u0131n\u0131 b\u0259yan edib.<\/p>\n\n\n\n<p><em>\u201cHaz\u0131rda hakimiyy\u0259t AXCP-ni qanundan k\u0259nar qoymaq, onun s\u0259dri \u018fli K\u0259rimlini siyasi f\u0259aliyy\u0259td\u0259n m\u0259hrum etm\u0259k \u00fc\u00e7\u00fcn bir ne\u00e7\u0259 istiqam\u0259td\u0259 i\u015f apar\u0131r. Bu i\u015fl\u0259rd\u0259 is\u0259 vaxtil\u0259 partiyan\u0131n f\u0259al \u00fczv\u00fc v\u0259 N\u0259zar\u0259t-T\u0259fti\u015f Komissiyas\u0131n\u0131n s\u0259dri olmu\u015f, sonralar hakimiyy\u0259ty\u00f6nl\u00fc ictimai f\u0259aliyy\u0259t\u0259 ba\u015flad\u0131\u011f\u0131 \u00fc\u00e7\u00fcn partiyadan xaric edilmi\u015f Ayd\u0131n \u018fliyevd\u0259n istifad\u0259 edir\u201d, &#8211; <\/em>partiyan\u0131n b\u0259yanat\u0131nda bildirilir.<\/p>\n","protected":false},"excerpt":{"rendered":"<p>AXCP s\u0259drin\u0259 v\u0259sat\u0259tl\u0259 tan\u0131\u015f olmaq \u00fc\u00e7\u00fcn vaxt verildi Az\u0259rbaycan Xalq &#8230; <\/p>\n<p class=\"read-more-container\"><a title=\"\u018fli K\u0259rimlinin t\u0259qsirl\u0259ndiril\u0259n \u015f\u0259xs qismind\u0259 m\u0259hk\u0259m\u0259si ba\u015flad\u0131\" class=\"read-more button\" href=\"https:\/\/www.meydan.tv\/az\/article\/eli-kerimlinin-teqsirlendirilen-sexs-qisminde-mehkemesi-basladi\/#more-315963\" aria-label=\"Read more about \u018fli K\u0259rimlinin t\u0259qsirl\u0259ndiril\u0259n \u015f\u0259xs qismind\u0259 m\u0259hk\u0259m\u0259si ba\u015flad\u0131\">Davam\u0131<\/a><\/p>\n","protected":false},"author":8,"featured_media":312908,"comment_status":"closed","ping_status":"closed","sticky":false,"template":"","format":"standard","meta":{"_acf_changed":false,"_sitemap_exclude":false,"_sitemap_priority":"","_sitemap_frequency":"","footnotes":""},"categories":[59,56],"tags":[],"class_list":["post-315963","post","type-post","status-publish","format-standard","has-post-thumbnail","hentry","category-siyaset","category-xeberler","infinite-scroll-item","generate-columns","tablet-grid-50","mobile-grid-100","grid-parent","grid-33","no-featured-image-padding"],"acf":[],"yoast_head":"<!-- This site is optimized with the Yoast SEO plugin v27.4 - https:\/\/yoast.com\/product\/yoast-seo-wordpress\/ -->\n<title>\u018fli K\u0259rimlinin t\u0259qsirl\u0259ndiril\u0259n \u015f\u0259xs qismind\u0259 m\u0259hk\u0259m\u0259si ba\u015flad\u0131 - MEYDAN.TV<\/title>\n<meta name=\"description\" content=\"Sentyabr\u0131n 19-da N\u0259simi Rayon M\u0259hk\u0259m\u0259sind\u0259 hakim Bab\u0259k P\u0259nahovun s\u0259drliyil\u0259 ke\u00e7iril\u0259n m\u0259hk\u0259m\u0259 prosesind\u0259 \u018fli K\u0259rimlinin v\u0259kili v\u0259sat\u0259t qald\u0131raraq, m\u0259hk\u0259m\u0259y\u0259 bir s\u0131ra s\u0259n\u0259dl\u0259r t\u0259qdim edib. .\" \/>\n<meta name=\"robots\" content=\"index, follow, max-snippet:-1, max-image-preview:large, max-video-preview:-1\" \/>\n<link rel=\"canonical\" href=\"https:\/\/www.meydan.tv\/az\/article\/eli-kerimlinin-teqsirlendirilen-sexs-qisminde-mehkemesi-basladi\/\" \/>\n<meta property=\"og:locale\" content=\"az_AZ\" \/>\n<meta property=\"og:type\" content=\"article\" \/>\n<meta property=\"og:title\" content=\"\u018fli K\u0259rimlinin t\u0259qsirl\u0259ndiril\u0259n \u015f\u0259xs qismind\u0259 m\u0259hk\u0259m\u0259si ba\u015flad\u0131 - MEYDAN.TV\" \/>\n<meta property=\"og:description\" content=\"Sentyabr\u0131n 19-da N\u0259simi Rayon M\u0259hk\u0259m\u0259sind\u0259 hakim Bab\u0259k P\u0259nahovun s\u0259drliyil\u0259 ke\u00e7iril\u0259n m\u0259hk\u0259m\u0259 prosesind\u0259 \u018fli K\u0259rimlinin v\u0259kili v\u0259sat\u0259t qald\u0131raraq, m\u0259hk\u0259m\u0259y\u0259 bir s\u0131ra s\u0259n\u0259dl\u0259r t\u0259qdim edib. .\" \/>\n<meta property=\"og:url\" content=\"https:\/\/www.meydan.tv\/az\/article\/eli-kerimlinin-teqsirlendirilen-sexs-qisminde-mehkemesi-basladi\/\" \/>\n<meta property=\"og:site_name\" content=\"MEYDAN.TV\" \/>\n<meta property=\"article:published_time\" content=\"2024-09-19T09:04:35+00:00\" \/>\n<meta property=\"article:modified_time\" content=\"2024-09-19T09:04:37+00:00\" \/>\n<meta property=\"og:image\" content=\"https:\/\/www.meydan.tv\/wp-content\/uploads\/photo_2024-08-13_12.27.51-e1726130798554.jpeg\" \/>\n\t<meta property=\"og:image:width\" content=\"1280\" \/>\n\t<meta property=\"og:image:height\" content=\"565\" \/>\n\t<meta property=\"og:image:type\" content=\"image\/jpeg\" \/>\n<meta name=\"author\" content=\"elli\" \/>\n<meta name=\"twitter:card\" content=\"summary_large_image\" \/>\n<meta name=\"twitter:creator\" content=\"@elli\" \/>\n<script type=\"application\/ld+json\" class=\"yoast-schema-graph\">{\"@context\":\"https:\\\/\\\/schema.org\",\"@graph\":[{\"@type\":\"Article\",\"@id\":\"https:\\\/\\\/www.meydan.tv\\\/az\\\/article\\\/eli-kerimlinin-teqsirlendirilen-sexs-qisminde-mehkemesi-basladi\\\/#article\",\"isPartOf\":{\"@id\":\"https:\\\/\\\/www.meydan.tv\\\/az\\\/article\\\/eli-kerimlinin-teqsirlendirilen-sexs-qisminde-mehkemesi-basladi\\\/\"},\"author\":{\"name\":\"elli\",\"@id\":\"https:\\\/\\\/www.meydan.tv\\\/az\\\/#\\\/schema\\\/person\\\/9cdbecf90d17180ce1dfbd95b08dcf47\"},\"headline\":\"\u018fli K\u0259rimlinin t\u0259qsirl\u0259ndiril\u0259n \u015f\u0259xs qismind\u0259 m\u0259hk\u0259m\u0259si ba\u015flad\u0131\",\"datePublished\":\"2024-09-19T09:04:35+00:00\",\"dateModified\":\"2024-09-19T09:04:37+00:00\",\"mainEntityOfPage\":{\"@id\":\"https:\\\/\\\/www.meydan.tv\\\/az\\\/article\\\/eli-kerimlinin-teqsirlendirilen-sexs-qisminde-mehkemesi-basladi\\\/\"},\"wordCount\":466,\"publisher\":{\"@id\":\"https:\\\/\\\/www.meydan.tv\\\/az\\\/#organization\"},\"image\":{\"@id\":\"https:\\\/\\\/www.meydan.tv\\\/az\\\/article\\\/eli-kerimlinin-teqsirlendirilen-sexs-qisminde-mehkemesi-basladi\\\/#primaryimage\"},\"thumbnailUrl\":\"https:\\\/\\\/www.meydan.tv\\\/wp-content\\\/uploads\\\/photo_2024-08-13_12.27.51-e1726130798554.jpeg\",\"articleSection\":[\"Siyas\u0259t\",\"X\u0259b\u0259rl\u0259r\"],\"inLanguage\":\"az\"},{\"@type\":\"WebPage\",\"@id\":\"https:\\\/\\\/www.meydan.tv\\\/az\\\/article\\\/eli-kerimlinin-teqsirlendirilen-sexs-qisminde-mehkemesi-basladi\\\/\",\"url\":\"https:\\\/\\\/www.meydan.tv\\\/az\\\/article\\\/eli-kerimlinin-teqsirlendirilen-sexs-qisminde-mehkemesi-basladi\\\/\",\"name\":\"\u018fli K\u0259rimlinin t\u0259qsirl\u0259ndiril\u0259n \u015f\u0259xs qismind\u0259 m\u0259hk\u0259m\u0259si ba\u015flad\u0131 - MEYDAN.TV\",\"isPartOf\":{\"@id\":\"https:\\\/\\\/www.meydan.tv\\\/az\\\/#website\"},\"primaryImageOfPage\":{\"@id\":\"https:\\\/\\\/www.meydan.tv\\\/az\\\/article\\\/eli-kerimlinin-teqsirlendirilen-sexs-qisminde-mehkemesi-basladi\\\/#primaryimage\"},\"image\":{\"@id\":\"https:\\\/\\\/www.meydan.tv\\\/az\\\/article\\\/eli-kerimlinin-teqsirlendirilen-sexs-qisminde-mehkemesi-basladi\\\/#primaryimage\"},\"thumbnailUrl\":\"https:\\\/\\\/www.meydan.tv\\\/wp-content\\\/uploads\\\/photo_2024-08-13_12.27.51-e1726130798554.jpeg\",\"datePublished\":\"2024-09-19T09:04:35+00:00\",\"dateModified\":\"2024-09-19T09:04:37+00:00\",\"description\":\"Sentyabr\u0131n 19-da N\u0259simi Rayon M\u0259hk\u0259m\u0259sind\u0259 hakim Bab\u0259k P\u0259nahovun s\u0259drliyil\u0259 ke\u00e7iril\u0259n m\u0259hk\u0259m\u0259 prosesind\u0259 \u018fli K\u0259rimlinin v\u0259kili v\u0259sat\u0259t qald\u0131raraq, m\u0259hk\u0259m\u0259y\u0259 bir s\u0131ra s\u0259n\u0259dl\u0259r t\u0259qdim edib. .\",\"breadcrumb\":{\"@id\":\"https:\\\/\\\/www.meydan.tv\\\/az\\\/article\\\/eli-kerimlinin-teqsirlendirilen-sexs-qisminde-mehkemesi-basladi\\\/#breadcrumb\"},\"inLanguage\":\"az\",\"potentialAction\":[{\"@type\":\"ReadAction\",\"target\":[\"https:\\\/\\\/www.meydan.tv\\\/az\\\/article\\\/eli-kerimlinin-teqsirlendirilen-sexs-qisminde-mehkemesi-basladi\\\/\"]}]},{\"@type\":\"ImageObject\",\"inLanguage\":\"az\",\"@id\":\"https:\\\/\\\/www.meydan.tv\\\/az\\\/article\\\/eli-kerimlinin-teqsirlendirilen-sexs-qisminde-mehkemesi-basladi\\\/#primaryimage\",\"url\":\"https:\\\/\\\/www.meydan.tv\\\/wp-content\\\/uploads\\\/photo_2024-08-13_12.27.51-e1726130798554.jpeg\",\"contentUrl\":\"https:\\\/\\\/www.meydan.tv\\\/wp-content\\\/uploads\\\/photo_2024-08-13_12.27.51-e1726130798554.jpeg\",\"width\":1280,\"height\":565,\"caption\":\"\u018fli K\u0259rimli. Foto: Meydan TV\"},{\"@type\":\"BreadcrumbList\",\"@id\":\"https:\\\/\\\/www.meydan.tv\\\/az\\\/article\\\/eli-kerimlinin-teqsirlendirilen-sexs-qisminde-mehkemesi-basladi\\\/#breadcrumb\",\"itemListElement\":[{\"@type\":\"ListItem\",\"position\":1,\"name\":\"Ana s\u0259hif\u0259\",\"item\":\"https:\\\/\\\/www.meydan.tv\\\/az\\\/\"},{\"@type\":\"ListItem\",\"position\":2,\"name\":\"Siyas\u0259t\",\"item\":\"https:\\\/\\\/www.meydan.tv\\\/az\\\/section\\\/siyaset\\\/\"},{\"@type\":\"ListItem\",\"position\":3,\"name\":\"\u018fli K\u0259rimlinin t\u0259qsirl\u0259ndiril\u0259n \u015f\u0259xs qismind\u0259 m\u0259hk\u0259m\u0259si ba\u015flad\u0131\"}]},{\"@type\":\"WebSite\",\"@id\":\"https:\\\/\\\/www.meydan.tv\\\/az\\\/#website\",\"url\":\"https:\\\/\\\/www.meydan.tv\\\/az\\\/\",\"name\":\"MEYDAN.TV\",\"description\":\"Meydan TV Az\u0259rbaycan\u0131n media m\u0259kan\u0131ndak\u0131 alternativ s\u0259sidir\",\"publisher\":{\"@id\":\"https:\\\/\\\/www.meydan.tv\\\/az\\\/#organization\"},\"potentialAction\":[{\"@type\":\"SearchAction\",\"target\":{\"@type\":\"EntryPoint\",\"urlTemplate\":\"https:\\\/\\\/www.meydan.tv\\\/az\\\/?s={search_term_string}\"},\"query-input\":{\"@type\":\"PropertyValueSpecification\",\"valueRequired\":true,\"valueName\":\"search_term_string\"}}],\"inLanguage\":\"az\"},{\"@type\":\"Organization\",\"@id\":\"https:\\\/\\\/www.meydan.tv\\\/az\\\/#organization\",\"name\":\"Meydan TV\",\"url\":\"https:\\\/\\\/www.meydan.tv\\\/az\\\/\",\"logo\":{\"@type\":\"ImageObject\",\"inLanguage\":\"az\",\"@id\":\"https:\\\/\\\/www.meydan.tv\\\/az\\\/#\\\/schema\\\/logo\\\/image\\\/\",\"url\":\"https:\\\/\\\/www.meydan.tv\\\/wp-content\\\/uploads\\\/2021\\\/07\\\/meydan-logo.svg\",\"contentUrl\":\"https:\\\/\\\/www.meydan.tv\\\/wp-content\\\/uploads\\\/2021\\\/07\\\/meydan-logo.svg\",\"width\":195,\"height\":46,\"caption\":\"Meydan TV\"},\"image\":{\"@id\":\"https:\\\/\\\/www.meydan.tv\\\/az\\\/#\\\/schema\\\/logo\\\/image\\\/\"}},{\"@type\":\"Person\",\"@id\":\"https:\\\/\\\/www.meydan.tv\\\/az\\\/#\\\/schema\\\/person\\\/9cdbecf90d17180ce1dfbd95b08dcf47\",\"name\":\"elli\",\"sameAs\":[\"https:\\\/\\\/x.com\\\/elli\"]}]}<\/script>\n<!-- \/ Yoast SEO plugin. -->","yoast_head_json":{"title":"\u018fli K\u0259rimlinin t\u0259qsirl\u0259ndiril\u0259n \u015f\u0259xs qismind\u0259 m\u0259hk\u0259m\u0259si ba\u015flad\u0131 - MEYDAN.TV","description":"Sentyabr\u0131n 19-da N\u0259simi Rayon M\u0259hk\u0259m\u0259sind\u0259 hakim Bab\u0259k P\u0259nahovun s\u0259drliyil\u0259 ke\u00e7iril\u0259n m\u0259hk\u0259m\u0259 prosesind\u0259 \u018fli K\u0259rimlinin v\u0259kili v\u0259sat\u0259t qald\u0131raraq, m\u0259hk\u0259m\u0259y\u0259 bir s\u0131ra s\u0259n\u0259dl\u0259r t\u0259qdim edib. .","robots":{"index":"index","follow":"follow","max-snippet":"max-snippet:-1","max-image-preview":"max-image-preview:large","max-video-preview":"max-video-preview:-1"},"canonical":"https:\/\/www.meydan.tv\/az\/article\/eli-kerimlinin-teqsirlendirilen-sexs-qisminde-mehkemesi-basladi\/","og_locale":"az_AZ","og_type":"article","og_title":"\u018fli K\u0259rimlinin t\u0259qsirl\u0259ndiril\u0259n \u015f\u0259xs qismind\u0259 m\u0259hk\u0259m\u0259si ba\u015flad\u0131 - MEYDAN.TV","og_description":"Sentyabr\u0131n 19-da N\u0259simi Rayon M\u0259hk\u0259m\u0259sind\u0259 hakim Bab\u0259k P\u0259nahovun s\u0259drliyil\u0259 ke\u00e7iril\u0259n m\u0259hk\u0259m\u0259 prosesind\u0259 \u018fli K\u0259rimlinin v\u0259kili v\u0259sat\u0259t qald\u0131raraq, m\u0259hk\u0259m\u0259y\u0259 bir s\u0131ra s\u0259n\u0259dl\u0259r t\u0259qdim edib. .","og_url":"https:\/\/www.meydan.tv\/az\/article\/eli-kerimlinin-teqsirlendirilen-sexs-qisminde-mehkemesi-basladi\/","og_site_name":"MEYDAN.TV","article_published_time":"2024-09-19T09:04:35+00:00","article_modified_time":"2024-09-19T09:04:37+00:00","og_image":[{"width":1280,"height":565,"url":"https:\/\/www.meydan.tv\/wp-content\/uploads\/photo_2024-08-13_12.27.51-e1726130798554.jpeg","type":"image\/jpeg"}],"author":"elli","twitter_card":"summary_large_image","twitter_creator":"@elli","schema":{"@context":"https:\/\/schema.org","@graph":[{"@type":"Article","@id":"https:\/\/www.meydan.tv\/az\/article\/eli-kerimlinin-teqsirlendirilen-sexs-qisminde-mehkemesi-basladi\/#article","isPartOf":{"@id":"https:\/\/www.meydan.tv\/az\/article\/eli-kerimlinin-teqsirlendirilen-sexs-qisminde-mehkemesi-basladi\/"},"author":{"name":"elli","@id":"https:\/\/www.meydan.tv\/az\/#\/schema\/person\/9cdbecf90d17180ce1dfbd95b08dcf47"},"headline":"\u018fli K\u0259rimlinin t\u0259qsirl\u0259ndiril\u0259n \u015f\u0259xs qismind\u0259 m\u0259hk\u0259m\u0259si ba\u015flad\u0131","datePublished":"2024-09-19T09:04:35+00:00","dateModified":"2024-09-19T09:04:37+00:00","mainEntityOfPage":{"@id":"https:\/\/www.meydan.tv\/az\/article\/eli-kerimlinin-teqsirlendirilen-sexs-qisminde-mehkemesi-basladi\/"},"wordCount":466,"publisher":{"@id":"https:\/\/www.meydan.tv\/az\/#organization"},"image":{"@id":"https:\/\/www.meydan.tv\/az\/article\/eli-kerimlinin-teqsirlendirilen-sexs-qisminde-mehkemesi-basladi\/#primaryimage"},"thumbnailUrl":"https:\/\/www.meydan.tv\/wp-content\/uploads\/photo_2024-08-13_12.27.51-e1726130798554.jpeg","articleSection":["Siyas\u0259t","X\u0259b\u0259rl\u0259r"],"inLanguage":"az"},{"@type":"WebPage","@id":"https:\/\/www.meydan.tv\/az\/article\/eli-kerimlinin-teqsirlendirilen-sexs-qisminde-mehkemesi-basladi\/","url":"https:\/\/www.meydan.tv\/az\/article\/eli-kerimlinin-teqsirlendirilen-sexs-qisminde-mehkemesi-basladi\/","name":"\u018fli K\u0259rimlinin t\u0259qsirl\u0259ndiril\u0259n \u015f\u0259xs qismind\u0259 m\u0259hk\u0259m\u0259si ba\u015flad\u0131 - MEYDAN.TV","isPartOf":{"@id":"https:\/\/www.meydan.tv\/az\/#website"},"primaryImageOfPage":{"@id":"https:\/\/www.meydan.tv\/az\/article\/eli-kerimlinin-teqsirlendirilen-sexs-qisminde-mehkemesi-basladi\/#primaryimage"},"image":{"@id":"https:\/\/www.meydan.tv\/az\/article\/eli-kerimlinin-teqsirlendirilen-sexs-qisminde-mehkemesi-basladi\/#primaryimage"},"thumbnailUrl":"https:\/\/www.meydan.tv\/wp-content\/uploads\/photo_2024-08-13_12.27.51-e1726130798554.jpeg","datePublished":"2024-09-19T09:04:35+00:00","dateModified":"2024-09-19T09:04:37+00:00","description":"Sentyabr\u0131n 19-da N\u0259simi Rayon M\u0259hk\u0259m\u0259sind\u0259 hakim Bab\u0259k P\u0259nahovun s\u0259drliyil\u0259 ke\u00e7iril\u0259n m\u0259hk\u0259m\u0259 prosesind\u0259 \u018fli K\u0259rimlinin v\u0259kili v\u0259sat\u0259t qald\u0131raraq, m\u0259hk\u0259m\u0259y\u0259 bir s\u0131ra s\u0259n\u0259dl\u0259r t\u0259qdim edib. .","breadcrumb":{"@id":"https:\/\/www.meydan.tv\/az\/article\/eli-kerimlinin-teqsirlendirilen-sexs-qisminde-mehkemesi-basladi\/#breadcrumb"},"inLanguage":"az","potentialAction":[{"@type":"ReadAction","target":["https:\/\/www.meydan.tv\/az\/article\/eli-kerimlinin-teqsirlendirilen-sexs-qisminde-mehkemesi-basladi\/"]}]},{"@type":"ImageObject","inLanguage":"az","@id":"https:\/\/www.meydan.tv\/az\/article\/eli-kerimlinin-teqsirlendirilen-sexs-qisminde-mehkemesi-basladi\/#primaryimage","url":"https:\/\/www.meydan.tv\/wp-content\/uploads\/photo_2024-08-13_12.27.51-e1726130798554.jpeg","contentUrl":"https:\/\/www.meydan.tv\/wp-content\/uploads\/photo_2024-08-13_12.27.51-e1726130798554.jpeg","width":1280,"height":565,"caption":"\u018fli K\u0259rimli. Foto: Meydan TV"},{"@type":"BreadcrumbList","@id":"https:\/\/www.meydan.tv\/az\/article\/eli-kerimlinin-teqsirlendirilen-sexs-qisminde-mehkemesi-basladi\/#breadcrumb","itemListElement":[{"@type":"ListItem","position":1,"name":"Ana s\u0259hif\u0259","item":"https:\/\/www.meydan.tv\/az\/"},{"@type":"ListItem","position":2,"name":"Siyas\u0259t","item":"https:\/\/www.meydan.tv\/az\/section\/siyaset\/"},{"@type":"ListItem","position":3,"name":"\u018fli K\u0259rimlinin t\u0259qsirl\u0259ndiril\u0259n \u015f\u0259xs qismind\u0259 m\u0259hk\u0259m\u0259si ba\u015flad\u0131"}]},{"@type":"WebSite","@id":"https:\/\/www.meydan.tv\/az\/#website","url":"https:\/\/www.meydan.tv\/az\/","name":"MEYDAN.TV","description":"Meydan TV Az\u0259rbaycan\u0131n media m\u0259kan\u0131ndak\u0131 alternativ s\u0259sidir","publisher":{"@id":"https:\/\/www.meydan.tv\/az\/#organization"},"potentialAction":[{"@type":"SearchAction","target":{"@type":"EntryPoint","urlTemplate":"https:\/\/www.meydan.tv\/az\/?s={search_term_string}"},"query-input":{"@type":"PropertyValueSpecification","valueRequired":true,"valueName":"search_term_string"}}],"inLanguage":"az"},{"@type":"Organization","@id":"https:\/\/www.meydan.tv\/az\/#organization","name":"Meydan TV","url":"https:\/\/www.meydan.tv\/az\/","logo":{"@type":"ImageObject","inLanguage":"az","@id":"https:\/\/www.meydan.tv\/az\/#\/schema\/logo\/image\/","url":"https:\/\/www.meydan.tv\/wp-content\/uploads\/2021\/07\/meydan-logo.svg","contentUrl":"https:\/\/www.meydan.tv\/wp-content\/uploads\/2021\/07\/meydan-logo.svg","width":195,"height":46,"caption":"Meydan TV"},"image":{"@id":"https:\/\/www.meydan.tv\/az\/#\/schema\/logo\/image\/"}},{"@type":"Person","@id":"https:\/\/www.meydan.tv\/az\/#\/schema\/person\/9cdbecf90d17180ce1dfbd95b08dcf47","name":"elli","sameAs":["https:\/\/x.com\/elli"]}]}},"_links":{"self":[{"href":"https:\/\/www.meydan.tv\/az\/wp-json\/wp\/v2\/posts\/315963","targetHints":{"allow":["GET"]}}],"collection":[{"href":"https:\/\/www.meydan.tv\/az\/wp-json\/wp\/v2\/posts"}],"about":[{"href":"https:\/\/www.meydan.tv\/az\/wp-json\/wp\/v2\/types\/post"}],"author":[{"embeddable":true,"href":"https:\/\/www.meydan.tv\/az\/wp-json\/wp\/v2\/users\/8"}],"replies":[{"embeddable":true,"href":"https:\/\/www.meydan.tv\/az\/wp-json\/wp\/v2\/comments?post=315963"}],"version-history":[{"count":3,"href":"https:\/\/www.meydan.tv\/az\/wp-json\/wp\/v2\/posts\/315963\/revisions"}],"predecessor-version":[{"id":315966,"href":"https:\/\/www.meydan.tv\/az\/wp-json\/wp\/v2\/posts\/315963\/revisions\/315966"}],"wp:featuredmedia":[{"embeddable":true,"href":"https:\/\/www.meydan.tv\/az\/wp-json\/wp\/v2\/media\/312908"}],"wp:attachment":[{"href":"https:\/\/www.meydan.tv\/az\/wp-json\/wp\/v2\/media?parent=315963"}],"wp:term":[{"taxonomy":"category","embeddable":true,"href":"https:\/\/www.meydan.tv\/az\/wp-json\/wp\/v2\/categories?post=315963"},{"taxonomy":"post_tag","embeddable":true,"href":"https:\/\/www.meydan.tv\/az\/wp-json\/wp\/v2\/tags?post=315963"}],"curies":[{"name":"wp","href":"https:\/\/api.w.org\/{rel}","templated":true}]}}