{"id":315932,"date":"2024-09-18T18:31:22","date_gmt":"2024-09-18T14:31:22","guid":{"rendered":"https:\/\/www.meydan.tv\/?p=315932"},"modified":"2024-09-18T18:31:26","modified_gmt":"2024-09-18T14:31:26","slug":"18-beynelxalq-teskilat-azerbaycandaki-siyasi-hebslerle-bagli-cagiris-edib","status":"publish","type":"post","link":"https:\/\/www.meydan.tv\/az\/article\/18-beynelxalq-teskilat-azerbaycandaki-siyasi-hebslerle-bagli-cagiris-edib\/","title":{"rendered":"18 beyn\u0259lxalq t\u0259\u015fkilat Az\u0259rbaycandak\u0131 siyasi h\u0259bsl\u0259rl\u0259 ba\u011fl\u0131 \u00e7a\u011f\u0131r\u0131\u015f edib"},"content":{"rendered":"\n<p><\/p>\n\n\n\n<p><strong><em>Onlar Alen Berseni siyasi m\u0259hbus m\u00f6vzusunu prioritet sayma\u011fa \u00e7a\u011f\u0131r\u0131blar<\/em><\/strong><\/p>\n\n\n\n<p>18 beyn\u0259lxalq insan h\u00fcquqlar\u0131 t\u0259\u015fkilat\u0131 Avropa \u015euras\u0131n\u0131n yeni Ba\u015f katibi Alen Bersey\u0259 m\u0259ktub \u00fcnvanlayaraq Az\u0259rbaycanda insan h\u00fcquqlar\u0131n\u0131n v\u0259ziyy\u0259ti, jurnalist v\u0259 f\u0259allar\u0131n k\u00fctl\u0259vi h\u0259bsin\u0259 diqq\u0259t \u00e7\u0259kibl\u0259r.<\/p>\n\n\n\n<p>Onlar Alen Bersey\u0259 yazd\u0131qlar\u0131 m\u0259ktubda qeyd edibl\u0259r ki, Az\u0259rbaycanda insan haqlar\u0131 b\u00f6hran\u0131 ofisinizin y\u00fcks\u0259k prioriteti olmal\u0131d\u0131r.<\/p>\n\n\n\n<p>Bu bar\u0259d\u0259 sentyabr\u0131n 18-d\u0259 &#8220;Turan&#8221; m\u0259lumat <a href=\"https:\/\/turan.az\/az\/siyaset\/beynelxalq-teskilatlar-avropa-surasinin-bas-katibini-azerbaycanda-siyasi-mehbuslarin-azad-edilmesine-nail-olmaga-cagiriblar-784786\">yay\u0131b.<\/a><\/p>\n\n\n\n<p>Beyn\u0259lxalq insan h\u00fcquqlar\u0131 t\u0259\u015fkilatlar\u0131 hesab edirl\u0259r ki, Avropa \u015euras\u0131 Parlament Assambleyas\u0131n\u0131n (A\u015ePA) Az\u0259rbaycan n\u00fcmay\u0259nd\u0259 hey\u0259tinin etimadnam\u0259sini ratifikasiya etm\u0259m\u0259sind\u0259n sonra, h\u0259m\u00e7inin Birl\u0259\u015fmi\u015f Mill\u0259tl\u0259r T\u0259\u015fkilat\u0131 \u0130qlim D\u0259yi\u015fikliyi Konfrans\u0131 (COP29) \u0259r\u0259f\u0259sind\u0259 Az\u0259rbaycanda repressiyalar n\u0259z\u0259r\u0259\u00e7arpacaq d\u0259r\u0259c\u0259d\u0259 intensivl\u0259\u015fib:<\/p>\n\n\n\n<p>\u201c<em>\u00d6lk\u0259d\u0259 dem\u0259k olar ki, he\u00e7 bir m\u00fcst\u0259qil v\u0259t\u0259nda\u015f c\u0259miyy\u0259ti subyekti qalmay\u0131b. M\u00fcst\u0259qil media qurumlar\u0131n\u0131n r\u0259hb\u0259rl\u0259ri h\u0259bs edilibl\u0259r, hakimiyy\u0259t orqanlar\u0131 h\u00fcquq m\u00fcdafi\u0259\u00e7il\u0259rin\u0259, el\u0259c\u0259 d\u0259 akademikl\u0259r\u0259 v\u0259 t\u0259dqiqat\u00e7\u0131lara t\u0259zyiql\u0259ri art\u0131r\u0131b. Repressiya getdikc\u0259 daha \u00e7ox g\u0259nc f\u0259allara y\u00f6n\u0259lir\u201d.<\/em><\/p>\n\n\n\n<p>H\u00fcquq m\u00fcdafi\u0259\u00e7isi Anar M\u0259mm\u0259dlinin aprel ay\u0131nda saxta ittihamlarla yenid\u0259n saxlan\u0131ld\u0131\u011f\u0131n\u0131 qeyd ed\u0259n m\u00fc\u0259llifl\u0259r onun h\u0259bsini&nbsp; Az\u0259rbaycanda 2024-c\u00fc ild\u0259 repressiyalar\u0131n artmas\u0131n\u0131n \u201cr\u0259mzi g\u00f6st\u0259ricisi\u201d kimi qiym\u0259tl\u0259ndiribl\u0259r:<\/p>\n\n\n\n<p><em>&#8220;Aprelin 29-da m\u00fclki geyimli polisl\u0259r t\u0259r\u0259find\u0259n saxlan\u0131lan Anar M\u0259mm\u0259dlinin bar\u0259sind\u0259 n\u00f6vb\u0259ti g\u00fcn m\u0259hk\u0259m\u0259 \u201cqa\u00e7aqmal\u00e7\u0131l\u0131q\u201d ittiham\u0131 il\u0259 h\u0259bs q\u0259timkan t\u0259dbiri se\u00e7ib. O, ittiham\u0131 qondarma adland\u0131r\u0131b. Se\u00e7ki h\u00fcququ v\u0259 se\u00e7kil\u0259rin m\u00fc\u015fahid\u0259si \u00fczr\u0259 tan\u0131nm\u0131\u015f ekspert Anar M\u0259mm\u0259dli h\u0259m\u00e7inin bu il fevral\u0131n 20-d\u0259 \u00f6lk\u0259d\u0259 v\u0259t\u0259nda\u015f azadl\u0131qlar\u0131n\u0131n, ictimai i\u015ftirak\u00e7\u0131l\u0131\u011f\u0131n t\u0259min olunmas\u0131 v\u0259 \u0259traf m\u00fchitd\u0259 \u0259dal\u0259tin b\u0259rq\u0259rar olunmas\u0131 t\u0259\u015f\u0259bb\u00fcs\u00fc il\u0259 t\u0259sis edil\u0259n COP29 &#8211; \u018fdal\u0259t M\u00fchiti T\u0259\u015f\u0259bb\u00fcs\u00fcn\u00fcn&nbsp; t\u0259sis\u00e7il\u0259rind\u0259ndir&#8221;.<\/em><\/p>\n\n\n<div class=\"wp-block-image\">\n<figure class=\"aligncenter size-full\"><img decoding=\"async\" width=\"1200\" height=\"662\" data-src=\"https:\/\/www.meydan.tv\/wp-content\/uploads\/screenshot_2-59.png\" alt=\"\" class=\"wp-image-315936 lazyload\" src=\"data:image\/svg+xml;base64,PHN2ZyB3aWR0aD0iMSIgaGVpZ2h0PSIxIiB4bWxucz0iaHR0cDovL3d3dy53My5vcmcvMjAwMC9zdmciPjwvc3ZnPg==\" style=\"--smush-placeholder-width: 1200px; --smush-placeholder-aspect-ratio: 1200\/662;\" \/><figcaption class=\"wp-element-caption\"> Alen Berse. Foto: &#8220;Turan&#8221;<\/figcaption><\/figure>\n<\/div>\n\n\n<p>Beyn\u0259lxalq t\u0259\u015fkilatlar Anar M\u0259mm\u0259dlinin h\u0259bsinin fevral ay\u0131nda Az\u0259rbaycanda ke\u00e7iril\u0259n prezident se\u00e7kil\u0259ri il\u0259 ba\u011fl\u0131 ilkin n\u0259tic\u0259l\u0259rini d\u0259rc etm\u0259sind\u0259n v\u0259 \u018fdal\u0259t M\u00fchiti T\u0259\u015f\u0259bb\u00fcs\u00fcn\u00fcn yarad\u0131lmas\u0131n\u0131n elan edilm\u0259sind\u0259n d\u0259rhal sonra ba\u015f verm\u0259sin\u0259 diqq\u0259t \u00e7\u0259kibl\u0259r:<\/p>\n\n\n\n<p><em>&#8220;Amma Anar M\u0259mm\u0259dli Az\u0259rbaycanda yegan\u0259 siyasi m\u0259hbus deyil. Az\u0259rbaycan v\u0259t\u0259nda\u015f c\u0259miyy\u0259tinin m\u0259lumat\u0131na g\u00f6r\u0259, \u00f6lk\u0259d\u0259 300-d\u0259n \u00e7ox siyasi m\u0259hbus var. Bu x\u00fcsusda m\u0259ktubda f\u0259al Famil X\u0259lilov, t\u0259dqiqat\u00e7\u0131 B\u0259hruz S\u0259m\u0259dov, iqtisad\u00e7\u0131 Qubad \u0130bado\u011flu, H\u0259mkarlar \u0130ttifaq\u0131 f\u0259al\u0131 Afi\u0259ddin M\u0259mm\u0259dovun adlar\u0131 \u00e7\u0259kilir. Az\u0259rbaycan hakimiyy\u0259ti m\u00fcst\u0259qil K\u0130V-l\u0259ri t\u0259qib etm\u0259y\u0259 ba\u015flay\u0131b, reydl\u0259r edib v\u0259 \u201cAbzasMedia\u201d, \u201cToplum\u201d TV v\u0259 \u201cKanal 13\u201d\u00fc ba\u011flay\u0131b. Jurnalistl\u0259r \u2013 \u201cAbzasMedia\u201dn\u0131n direktoru \u00dclvi H\u0259s\u0259nli, redaktor Sevinc Abbasova, Demokratik T\u0259\u015f\u0259bb\u00fcsl\u0259r \u0130nstitutunun r\u0259hb\u0259ri, h\u00fcquq m\u00fcdafi\u0259\u00e7isi Akif Qurbanov, \u201cToplum\u201d TV-nin t\u0259sis\u00e7isi \u018fl\u0259sg\u0259r M\u0259mm\u0259dli, \u201cKanal 13\u201d\u00fcn\u00a0 direktoru \u018fziz Orucov v\u0259 jurnalistl\u0259r \u015eamo Eminov, Elnar\u0259 Qas\u0131mova, N\u0259rgiz Absalamova v\u0259 \u018fli Zeynal, h\u0259m\u00e7inin siyasi f\u0259allar Tofiq Yaqublu v\u0259 Ruslan \u0130zz\u0259tli, ara\u015fd\u0131rma\u00e7\u0131 jurnalist Hafiz Babal\u0131 h\u0259bs edilibl\u0259r&#8221;.<\/em><\/p>\n\n\n\n<p>M\u0259ktubda vur\u011fulan\u0131b ki, Avropa \u015euras\u0131 Ba\u015f katibi b\u00fct\u00fcn vasit\u0259l\u0259rd\u0259n istifad\u0259 ed\u0259r\u0259k Az\u0259rbaycan hakimiyy\u0259tini Anar M\u0259mm\u0259dli v\u0259 siyasi motivl\u0259rl\u0259 h\u0259bs edilmi\u015f dig\u0259r h\u00fcquq m\u00fcdafi\u0259\u00e7il\u0259ri, f\u0259allar v\u0259 jurnalistl\u0259ri azad etm\u0259y\u0259 \u00e7a\u011f\u0131rmal\u0131d\u0131r:<\/p>\n\n\n<div class=\"wp-block-image\">\n<figure class=\"aligncenter size-full\"><img decoding=\"async\" width=\"1200\" height=\"530\" data-src=\"https:\/\/www.meydan.tv\/wp-content\/uploads\/shutterstock_1071698609.jpg\" alt=\"\" class=\"wp-image-237899 lazyload\" src=\"data:image\/svg+xml;base64,PHN2ZyB3aWR0aD0iMSIgaGVpZ2h0PSIxIiB4bWxucz0iaHR0cDovL3d3dy53My5vcmcvMjAwMC9zdmciPjwvc3ZnPg==\" style=\"--smush-placeholder-width: 1200px; --smush-placeholder-aspect-ratio: 1200\/530;\" \/><figcaption class=\"wp-element-caption\">Avropa \u015euras\u0131 Parlament Assambleyas\u0131. Foto: Leonid Andronov\/shutterstock<\/figcaption><\/figure>\n<\/div>\n\n\n<p><em>&#8220;H\u0259m\u00e7inin Az\u0259rbaycan hakimiyy\u0259ti h\u00fcquq m\u00fcdafi\u0259\u00e7il\u0259rini v\u0259 v\u0259t\u0259nda\u015f c\u0259miyy\u0259tini h\u0259d\u0259f alan v\u0259 onlar\u0131n f\u0259aliyy\u0259tini cinay\u0259t hesab ed\u0259n qanunvericiliyi Venesiya Komissiyas\u0131n\u0131n r\u0259yl\u0259rin\u0259 \u0259saslanaraq yenid\u0259n h\u0259rt\u0259r\u0259fli n\u0259z\u0259rd\u0259n ke\u00e7irm\u0259lidir&#8221;.<\/em><\/p>\n\n\n\n<p>Ba\u015f katib Alen Berse eyni zamanda, COP29-da i\u015ftirak\u0131 zaman\u0131 Az\u0259rbaycan hakimiyy\u0259tin\u0259 siyasi d\u0259st\u0259k verm\u0259kd\u0259n \u00e7\u0259kinm\u0259y\u0259, Az\u0259rbaycan\u0131n A\u015ePA deputatlar\u0131 da daxil olmaqla m\u00fcst\u0259qil qruplar\u0131n konfransda i\u015ftirak\u0131na m\u0259hdudiyy\u0259t qoymas\u0131n\u0131 pisl\u0259m\u0259y\u0259 \u00e7a\u011f\u0131r\u0131l\u0131b.<\/p>\n\n\n\n<p>M\u00fcraci\u0259ti Az\u0259rbaycanda Repressiyalar\u0131n Dayand\u0131r\u0131lmas\u0131 Kampaniyas\u0131, V\u0259t\u0259nda\u015f Azadl\u0131qlar\u0131 M\u0259rk\u0259zi (Ukrayna), Dayaq V\u0259t\u0259nda\u015f \u015e\u0259b\u0259k\u0259si (Ukrayna), Avropa M\u00fcbadil\u0259si, Avropa \u0130nsan H\u00fcquqlar\u0131n\u0131 M\u00fcdafi\u0259 M\u0259rk\u0259zi, Demokratik Se\u00e7kil\u0259r Namin\u0259 Avropa Platformas\u0131, Helsinki \u0130nsan H\u00fcquqlar\u0131 Fondu (Pol\u015fa), \u0130nsan H\u00fcquqlar\u0131 M\u0259rk\u0259zi (G\u00fcrc\u00fcstan), Beyn\u0259lxalq \u0130nsan H\u00fcquqlar\u0131 Federasiyas\u0131 (FIDH), Beyn\u0259lxalq \u0130nsan H\u00fcquqlar\u0131 T\u0259r\u0259fda\u015fl\u0131\u011f\u0131 (\u0130PHR), Hollandiya Helsinki Komit\u0259si, Norve\u00e7 Helsinki Komit\u0259si, Siyasi M\u0259suliyy\u0259t Fondu (Pol\u015fa), Demokratiya v\u0259 \u0130nsan H\u00fcquqlar\u0131 Resurs M\u0259rk\u0259zi (Moldova), \u0130\u015fg\u0259nc\u0259l\u0259r\u0259 Qar\u015f\u0131 \u00dcmumd\u00fcnya T\u0259\u015fkilat\u0131 (OMCT), ZM\u0130NA \u0130nsan H\u00fcquqlar\u0131 M\u0259rk\u0259zi ( Ukrayna) v\u0259 ba\u015fqa t\u0259\u015fkilatlar imzalay\u0131b.<\/p>\n","protected":false},"excerpt":{"rendered":"<p>Onlar Alen Berseni siyasi m\u0259hbus m\u00f6vzusunu prioritet sayma\u011fa \u00e7a\u011f\u0131r\u0131blar 18 &#8230; <\/p>\n<p class=\"read-more-container\"><a title=\"18 beyn\u0259lxalq t\u0259\u015fkilat Az\u0259rbaycandak\u0131 siyasi h\u0259bsl\u0259rl\u0259 ba\u011fl\u0131 \u00e7a\u011f\u0131r\u0131\u015f edib\" class=\"read-more button\" href=\"https:\/\/www.meydan.tv\/az\/article\/18-beynelxalq-teskilat-azerbaycandaki-siyasi-hebslerle-bagli-cagiris-edib\/#more-315932\" aria-label=\"Read more about 18 beyn\u0259lxalq t\u0259\u015fkilat Az\u0259rbaycandak\u0131 siyasi h\u0259bsl\u0259rl\u0259 ba\u011fl\u0131 \u00e7a\u011f\u0131r\u0131\u015f edib\">Davam\u0131<\/a><\/p>\n","protected":false},"author":8,"featured_media":158913,"comment_status":"closed","ping_status":"closed","sticky":false,"template":"","format":"standard","meta":{"_acf_changed":false,"_sitemap_exclude":false,"_sitemap_priority":"","_sitemap_frequency":"","footnotes":""},"categories":[59,79,56],"tags":[],"class_list":["post-315932","post","type-post","status-publish","format-standard","has-post-thumbnail","hentry","category-siyaset","category-featured","category-xeberler","infinite-scroll-item","generate-columns","tablet-grid-50","mobile-grid-100","grid-parent","grid-33","no-featured-image-padding"],"acf":[],"yoast_head":"<!-- This site is optimized with the Yoast SEO plugin v27.4 - https:\/\/yoast.com\/product\/yoast-seo-wordpress\/ -->\n<title>18 beyn\u0259lxalq t\u0259\u015fkilat Az\u0259rbaycandak\u0131 siyasi h\u0259bsl\u0259rl\u0259 ba\u011fl\u0131 \u00e7a\u011f\u0131r\u0131\u015f edib - MEYDAN.TV<\/title>\n<meta name=\"description\" content=\"Ba\u015f katib Alen Berse eyni zamanda, COP29-da i\u015ftirak\u0131 zaman\u0131 Az\u0259rbaycan hakimiyy\u0259tin\u0259 siyasi d\u0259st\u0259k verm\u0259kd\u0259n \u00e7\u0259kinm\u0259y\u0259, Az\u0259rbaycan\u0131n A\u015ePA deputatlar\u0131 da daxil olmaqla m\u00fcst\u0259qil qruplar\u0131n konfransda i\u015ftirak\u0131na m\u0259hdudiyy\u0259t qoymas\u0131n\u0131 pisl\u0259m\u0259y\u0259 \u00e7a\u011f\u0131r\u0131l\u0131b.\" \/>\n<meta name=\"robots\" content=\"index, follow, max-snippet:-1, max-image-preview:large, max-video-preview:-1\" \/>\n<link rel=\"canonical\" href=\"https:\/\/www.meydan.tv\/az\/article\/18-beynelxalq-teskilat-azerbaycandaki-siyasi-hebslerle-bagli-cagiris-edib\/\" \/>\n<meta property=\"og:locale\" content=\"az_AZ\" \/>\n<meta property=\"og:type\" content=\"article\" \/>\n<meta property=\"og:title\" content=\"18 beyn\u0259lxalq t\u0259\u015fkilat Az\u0259rbaycandak\u0131 siyasi h\u0259bsl\u0259rl\u0259 ba\u011fl\u0131 \u00e7a\u011f\u0131r\u0131\u015f edib - MEYDAN.TV\" \/>\n<meta property=\"og:description\" content=\"Ba\u015f katib Alen Berse eyni zamanda, COP29-da i\u015ftirak\u0131 zaman\u0131 Az\u0259rbaycan hakimiyy\u0259tin\u0259 siyasi d\u0259st\u0259k verm\u0259kd\u0259n \u00e7\u0259kinm\u0259y\u0259, Az\u0259rbaycan\u0131n A\u015ePA deputatlar\u0131 da daxil olmaqla m\u00fcst\u0259qil qruplar\u0131n konfransda i\u015ftirak\u0131na m\u0259hdudiyy\u0259t qoymas\u0131n\u0131 pisl\u0259m\u0259y\u0259 \u00e7a\u011f\u0131r\u0131l\u0131b.\" \/>\n<meta property=\"og:url\" content=\"https:\/\/www.meydan.tv\/az\/article\/18-beynelxalq-teskilat-azerbaycandaki-siyasi-hebslerle-bagli-cagiris-edib\/\" \/>\n<meta property=\"og:site_name\" content=\"MEYDAN.TV\" \/>\n<meta property=\"article:published_time\" content=\"2024-09-18T14:31:22+00:00\" \/>\n<meta property=\"article:modified_time\" content=\"2024-09-18T14:31:26+00:00\" \/>\n<meta property=\"og:image\" content=\"https:\/\/www.meydan.tv\/wp-content\/uploads\/img_6032-scaled.jpg\" \/>\n\t<meta property=\"og:image:width\" content=\"2560\" \/>\n\t<meta property=\"og:image:height\" content=\"1440\" \/>\n\t<meta property=\"og:image:type\" content=\"image\/jpeg\" \/>\n<meta name=\"author\" content=\"elli\" \/>\n<meta name=\"twitter:card\" content=\"summary_large_image\" \/>\n<meta name=\"twitter:creator\" content=\"@elli\" \/>\n<script type=\"application\/ld+json\" class=\"yoast-schema-graph\">{\"@context\":\"https:\\\/\\\/schema.org\",\"@graph\":[{\"@type\":\"Article\",\"@id\":\"https:\\\/\\\/www.meydan.tv\\\/az\\\/article\\\/18-beynelxalq-teskilat-azerbaycandaki-siyasi-hebslerle-bagli-cagiris-edib\\\/#article\",\"isPartOf\":{\"@id\":\"https:\\\/\\\/www.meydan.tv\\\/az\\\/article\\\/18-beynelxalq-teskilat-azerbaycandaki-siyasi-hebslerle-bagli-cagiris-edib\\\/\"},\"author\":{\"name\":\"elli\",\"@id\":\"https:\\\/\\\/www.meydan.tv\\\/az\\\/#\\\/schema\\\/person\\\/9cdbecf90d17180ce1dfbd95b08dcf47\"},\"headline\":\"18 beyn\u0259lxalq t\u0259\u015fkilat Az\u0259rbaycandak\u0131 siyasi h\u0259bsl\u0259rl\u0259 ba\u011fl\u0131 \u00e7a\u011f\u0131r\u0131\u015f edib\",\"datePublished\":\"2024-09-18T14:31:22+00:00\",\"dateModified\":\"2024-09-18T14:31:26+00:00\",\"mainEntityOfPage\":{\"@id\":\"https:\\\/\\\/www.meydan.tv\\\/az\\\/article\\\/18-beynelxalq-teskilat-azerbaycandaki-siyasi-hebslerle-bagli-cagiris-edib\\\/\"},\"wordCount\":970,\"publisher\":{\"@id\":\"https:\\\/\\\/www.meydan.tv\\\/az\\\/#organization\"},\"image\":{\"@id\":\"https:\\\/\\\/www.meydan.tv\\\/az\\\/article\\\/18-beynelxalq-teskilat-azerbaycandaki-siyasi-hebslerle-bagli-cagiris-edib\\\/#primaryimage\"},\"thumbnailUrl\":\"https:\\\/\\\/www.meydan.tv\\\/wp-content\\\/uploads\\\/img_6032-scaled.jpg\",\"articleSection\":[\"Siyas\u0259t\",\"T\u00f6vsiy\u0259\",\"X\u0259b\u0259rl\u0259r\"],\"inLanguage\":\"az\"},{\"@type\":\"WebPage\",\"@id\":\"https:\\\/\\\/www.meydan.tv\\\/az\\\/article\\\/18-beynelxalq-teskilat-azerbaycandaki-siyasi-hebslerle-bagli-cagiris-edib\\\/\",\"url\":\"https:\\\/\\\/www.meydan.tv\\\/az\\\/article\\\/18-beynelxalq-teskilat-azerbaycandaki-siyasi-hebslerle-bagli-cagiris-edib\\\/\",\"name\":\"18 beyn\u0259lxalq t\u0259\u015fkilat Az\u0259rbaycandak\u0131 siyasi h\u0259bsl\u0259rl\u0259 ba\u011fl\u0131 \u00e7a\u011f\u0131r\u0131\u015f edib - MEYDAN.TV\",\"isPartOf\":{\"@id\":\"https:\\\/\\\/www.meydan.tv\\\/az\\\/#website\"},\"primaryImageOfPage\":{\"@id\":\"https:\\\/\\\/www.meydan.tv\\\/az\\\/article\\\/18-beynelxalq-teskilat-azerbaycandaki-siyasi-hebslerle-bagli-cagiris-edib\\\/#primaryimage\"},\"image\":{\"@id\":\"https:\\\/\\\/www.meydan.tv\\\/az\\\/article\\\/18-beynelxalq-teskilat-azerbaycandaki-siyasi-hebslerle-bagli-cagiris-edib\\\/#primaryimage\"},\"thumbnailUrl\":\"https:\\\/\\\/www.meydan.tv\\\/wp-content\\\/uploads\\\/img_6032-scaled.jpg\",\"datePublished\":\"2024-09-18T14:31:22+00:00\",\"dateModified\":\"2024-09-18T14:31:26+00:00\",\"description\":\"Ba\u015f katib Alen Berse eyni zamanda, COP29-da i\u015ftirak\u0131 zaman\u0131 Az\u0259rbaycan hakimiyy\u0259tin\u0259 siyasi d\u0259st\u0259k verm\u0259kd\u0259n \u00e7\u0259kinm\u0259y\u0259, Az\u0259rbaycan\u0131n A\u015ePA deputatlar\u0131 da daxil olmaqla m\u00fcst\u0259qil qruplar\u0131n konfransda i\u015ftirak\u0131na m\u0259hdudiyy\u0259t qoymas\u0131n\u0131 pisl\u0259m\u0259y\u0259 \u00e7a\u011f\u0131r\u0131l\u0131b.\",\"breadcrumb\":{\"@id\":\"https:\\\/\\\/www.meydan.tv\\\/az\\\/article\\\/18-beynelxalq-teskilat-azerbaycandaki-siyasi-hebslerle-bagli-cagiris-edib\\\/#breadcrumb\"},\"inLanguage\":\"az\",\"potentialAction\":[{\"@type\":\"ReadAction\",\"target\":[\"https:\\\/\\\/www.meydan.tv\\\/az\\\/article\\\/18-beynelxalq-teskilat-azerbaycandaki-siyasi-hebslerle-bagli-cagiris-edib\\\/\"]}]},{\"@type\":\"ImageObject\",\"inLanguage\":\"az\",\"@id\":\"https:\\\/\\\/www.meydan.tv\\\/az\\\/article\\\/18-beynelxalq-teskilat-azerbaycandaki-siyasi-hebslerle-bagli-cagiris-edib\\\/#primaryimage\",\"url\":\"https:\\\/\\\/www.meydan.tv\\\/wp-content\\\/uploads\\\/img_6032-scaled.jpg\",\"contentUrl\":\"https:\\\/\\\/www.meydan.tv\\\/wp-content\\\/uploads\\\/img_6032-scaled.jpg\",\"width\":2560,\"height\":1440,\"caption\":\"Foto: Meydan TV\"},{\"@type\":\"BreadcrumbList\",\"@id\":\"https:\\\/\\\/www.meydan.tv\\\/az\\\/article\\\/18-beynelxalq-teskilat-azerbaycandaki-siyasi-hebslerle-bagli-cagiris-edib\\\/#breadcrumb\",\"itemListElement\":[{\"@type\":\"ListItem\",\"position\":1,\"name\":\"Ana s\u0259hif\u0259\",\"item\":\"https:\\\/\\\/www.meydan.tv\\\/az\\\/\"},{\"@type\":\"ListItem\",\"position\":2,\"name\":\"Siyas\u0259t\",\"item\":\"https:\\\/\\\/www.meydan.tv\\\/az\\\/section\\\/siyaset\\\/\"},{\"@type\":\"ListItem\",\"position\":3,\"name\":\"18 beyn\u0259lxalq t\u0259\u015fkilat Az\u0259rbaycandak\u0131 siyasi h\u0259bsl\u0259rl\u0259 ba\u011fl\u0131 \u00e7a\u011f\u0131r\u0131\u015f edib\"}]},{\"@type\":\"WebSite\",\"@id\":\"https:\\\/\\\/www.meydan.tv\\\/az\\\/#website\",\"url\":\"https:\\\/\\\/www.meydan.tv\\\/az\\\/\",\"name\":\"MEYDAN.TV\",\"description\":\"Meydan TV Az\u0259rbaycan\u0131n media m\u0259kan\u0131ndak\u0131 alternativ s\u0259sidir\",\"publisher\":{\"@id\":\"https:\\\/\\\/www.meydan.tv\\\/az\\\/#organization\"},\"potentialAction\":[{\"@type\":\"SearchAction\",\"target\":{\"@type\":\"EntryPoint\",\"urlTemplate\":\"https:\\\/\\\/www.meydan.tv\\\/az\\\/?s={search_term_string}\"},\"query-input\":{\"@type\":\"PropertyValueSpecification\",\"valueRequired\":true,\"valueName\":\"search_term_string\"}}],\"inLanguage\":\"az\"},{\"@type\":\"Organization\",\"@id\":\"https:\\\/\\\/www.meydan.tv\\\/az\\\/#organization\",\"name\":\"Meydan TV\",\"url\":\"https:\\\/\\\/www.meydan.tv\\\/az\\\/\",\"logo\":{\"@type\":\"ImageObject\",\"inLanguage\":\"az\",\"@id\":\"https:\\\/\\\/www.meydan.tv\\\/az\\\/#\\\/schema\\\/logo\\\/image\\\/\",\"url\":\"https:\\\/\\\/www.meydan.tv\\\/wp-content\\\/uploads\\\/2021\\\/07\\\/meydan-logo.svg\",\"contentUrl\":\"https:\\\/\\\/www.meydan.tv\\\/wp-content\\\/uploads\\\/2021\\\/07\\\/meydan-logo.svg\",\"width\":195,\"height\":46,\"caption\":\"Meydan TV\"},\"image\":{\"@id\":\"https:\\\/\\\/www.meydan.tv\\\/az\\\/#\\\/schema\\\/logo\\\/image\\\/\"}},{\"@type\":\"Person\",\"@id\":\"https:\\\/\\\/www.meydan.tv\\\/az\\\/#\\\/schema\\\/person\\\/9cdbecf90d17180ce1dfbd95b08dcf47\",\"name\":\"elli\",\"sameAs\":[\"https:\\\/\\\/x.com\\\/elli\"]}]}<\/script>\n<!-- \/ Yoast SEO plugin. -->","yoast_head_json":{"title":"18 beyn\u0259lxalq t\u0259\u015fkilat Az\u0259rbaycandak\u0131 siyasi h\u0259bsl\u0259rl\u0259 ba\u011fl\u0131 \u00e7a\u011f\u0131r\u0131\u015f edib - MEYDAN.TV","description":"Ba\u015f katib Alen Berse eyni zamanda, COP29-da i\u015ftirak\u0131 zaman\u0131 Az\u0259rbaycan hakimiyy\u0259tin\u0259 siyasi d\u0259st\u0259k verm\u0259kd\u0259n \u00e7\u0259kinm\u0259y\u0259, Az\u0259rbaycan\u0131n A\u015ePA deputatlar\u0131 da daxil olmaqla m\u00fcst\u0259qil qruplar\u0131n konfransda i\u015ftirak\u0131na m\u0259hdudiyy\u0259t qoymas\u0131n\u0131 pisl\u0259m\u0259y\u0259 \u00e7a\u011f\u0131r\u0131l\u0131b.","robots":{"index":"index","follow":"follow","max-snippet":"max-snippet:-1","max-image-preview":"max-image-preview:large","max-video-preview":"max-video-preview:-1"},"canonical":"https:\/\/www.meydan.tv\/az\/article\/18-beynelxalq-teskilat-azerbaycandaki-siyasi-hebslerle-bagli-cagiris-edib\/","og_locale":"az_AZ","og_type":"article","og_title":"18 beyn\u0259lxalq t\u0259\u015fkilat Az\u0259rbaycandak\u0131 siyasi h\u0259bsl\u0259rl\u0259 ba\u011fl\u0131 \u00e7a\u011f\u0131r\u0131\u015f edib - MEYDAN.TV","og_description":"Ba\u015f katib Alen Berse eyni zamanda, COP29-da i\u015ftirak\u0131 zaman\u0131 Az\u0259rbaycan hakimiyy\u0259tin\u0259 siyasi d\u0259st\u0259k verm\u0259kd\u0259n \u00e7\u0259kinm\u0259y\u0259, Az\u0259rbaycan\u0131n A\u015ePA deputatlar\u0131 da daxil olmaqla m\u00fcst\u0259qil qruplar\u0131n konfransda i\u015ftirak\u0131na m\u0259hdudiyy\u0259t qoymas\u0131n\u0131 pisl\u0259m\u0259y\u0259 \u00e7a\u011f\u0131r\u0131l\u0131b.","og_url":"https:\/\/www.meydan.tv\/az\/article\/18-beynelxalq-teskilat-azerbaycandaki-siyasi-hebslerle-bagli-cagiris-edib\/","og_site_name":"MEYDAN.TV","article_published_time":"2024-09-18T14:31:22+00:00","article_modified_time":"2024-09-18T14:31:26+00:00","og_image":[{"width":2560,"height":1440,"url":"https:\/\/www.meydan.tv\/wp-content\/uploads\/img_6032-scaled.jpg","type":"image\/jpeg"}],"author":"elli","twitter_card":"summary_large_image","twitter_creator":"@elli","schema":{"@context":"https:\/\/schema.org","@graph":[{"@type":"Article","@id":"https:\/\/www.meydan.tv\/az\/article\/18-beynelxalq-teskilat-azerbaycandaki-siyasi-hebslerle-bagli-cagiris-edib\/#article","isPartOf":{"@id":"https:\/\/www.meydan.tv\/az\/article\/18-beynelxalq-teskilat-azerbaycandaki-siyasi-hebslerle-bagli-cagiris-edib\/"},"author":{"name":"elli","@id":"https:\/\/www.meydan.tv\/az\/#\/schema\/person\/9cdbecf90d17180ce1dfbd95b08dcf47"},"headline":"18 beyn\u0259lxalq t\u0259\u015fkilat Az\u0259rbaycandak\u0131 siyasi h\u0259bsl\u0259rl\u0259 ba\u011fl\u0131 \u00e7a\u011f\u0131r\u0131\u015f edib","datePublished":"2024-09-18T14:31:22+00:00","dateModified":"2024-09-18T14:31:26+00:00","mainEntityOfPage":{"@id":"https:\/\/www.meydan.tv\/az\/article\/18-beynelxalq-teskilat-azerbaycandaki-siyasi-hebslerle-bagli-cagiris-edib\/"},"wordCount":970,"publisher":{"@id":"https:\/\/www.meydan.tv\/az\/#organization"},"image":{"@id":"https:\/\/www.meydan.tv\/az\/article\/18-beynelxalq-teskilat-azerbaycandaki-siyasi-hebslerle-bagli-cagiris-edib\/#primaryimage"},"thumbnailUrl":"https:\/\/www.meydan.tv\/wp-content\/uploads\/img_6032-scaled.jpg","articleSection":["Siyas\u0259t","T\u00f6vsiy\u0259","X\u0259b\u0259rl\u0259r"],"inLanguage":"az"},{"@type":"WebPage","@id":"https:\/\/www.meydan.tv\/az\/article\/18-beynelxalq-teskilat-azerbaycandaki-siyasi-hebslerle-bagli-cagiris-edib\/","url":"https:\/\/www.meydan.tv\/az\/article\/18-beynelxalq-teskilat-azerbaycandaki-siyasi-hebslerle-bagli-cagiris-edib\/","name":"18 beyn\u0259lxalq t\u0259\u015fkilat Az\u0259rbaycandak\u0131 siyasi h\u0259bsl\u0259rl\u0259 ba\u011fl\u0131 \u00e7a\u011f\u0131r\u0131\u015f edib - MEYDAN.TV","isPartOf":{"@id":"https:\/\/www.meydan.tv\/az\/#website"},"primaryImageOfPage":{"@id":"https:\/\/www.meydan.tv\/az\/article\/18-beynelxalq-teskilat-azerbaycandaki-siyasi-hebslerle-bagli-cagiris-edib\/#primaryimage"},"image":{"@id":"https:\/\/www.meydan.tv\/az\/article\/18-beynelxalq-teskilat-azerbaycandaki-siyasi-hebslerle-bagli-cagiris-edib\/#primaryimage"},"thumbnailUrl":"https:\/\/www.meydan.tv\/wp-content\/uploads\/img_6032-scaled.jpg","datePublished":"2024-09-18T14:31:22+00:00","dateModified":"2024-09-18T14:31:26+00:00","description":"Ba\u015f katib Alen Berse eyni zamanda, COP29-da i\u015ftirak\u0131 zaman\u0131 Az\u0259rbaycan hakimiyy\u0259tin\u0259 siyasi d\u0259st\u0259k verm\u0259kd\u0259n \u00e7\u0259kinm\u0259y\u0259, Az\u0259rbaycan\u0131n A\u015ePA deputatlar\u0131 da daxil olmaqla m\u00fcst\u0259qil qruplar\u0131n konfransda i\u015ftirak\u0131na m\u0259hdudiyy\u0259t qoymas\u0131n\u0131 pisl\u0259m\u0259y\u0259 \u00e7a\u011f\u0131r\u0131l\u0131b.","breadcrumb":{"@id":"https:\/\/www.meydan.tv\/az\/article\/18-beynelxalq-teskilat-azerbaycandaki-siyasi-hebslerle-bagli-cagiris-edib\/#breadcrumb"},"inLanguage":"az","potentialAction":[{"@type":"ReadAction","target":["https:\/\/www.meydan.tv\/az\/article\/18-beynelxalq-teskilat-azerbaycandaki-siyasi-hebslerle-bagli-cagiris-edib\/"]}]},{"@type":"ImageObject","inLanguage":"az","@id":"https:\/\/www.meydan.tv\/az\/article\/18-beynelxalq-teskilat-azerbaycandaki-siyasi-hebslerle-bagli-cagiris-edib\/#primaryimage","url":"https:\/\/www.meydan.tv\/wp-content\/uploads\/img_6032-scaled.jpg","contentUrl":"https:\/\/www.meydan.tv\/wp-content\/uploads\/img_6032-scaled.jpg","width":2560,"height":1440,"caption":"Foto: Meydan TV"},{"@type":"BreadcrumbList","@id":"https:\/\/www.meydan.tv\/az\/article\/18-beynelxalq-teskilat-azerbaycandaki-siyasi-hebslerle-bagli-cagiris-edib\/#breadcrumb","itemListElement":[{"@type":"ListItem","position":1,"name":"Ana s\u0259hif\u0259","item":"https:\/\/www.meydan.tv\/az\/"},{"@type":"ListItem","position":2,"name":"Siyas\u0259t","item":"https:\/\/www.meydan.tv\/az\/section\/siyaset\/"},{"@type":"ListItem","position":3,"name":"18 beyn\u0259lxalq t\u0259\u015fkilat Az\u0259rbaycandak\u0131 siyasi h\u0259bsl\u0259rl\u0259 ba\u011fl\u0131 \u00e7a\u011f\u0131r\u0131\u015f edib"}]},{"@type":"WebSite","@id":"https:\/\/www.meydan.tv\/az\/#website","url":"https:\/\/www.meydan.tv\/az\/","name":"MEYDAN.TV","description":"Meydan TV Az\u0259rbaycan\u0131n media m\u0259kan\u0131ndak\u0131 alternativ s\u0259sidir","publisher":{"@id":"https:\/\/www.meydan.tv\/az\/#organization"},"potentialAction":[{"@type":"SearchAction","target":{"@type":"EntryPoint","urlTemplate":"https:\/\/www.meydan.tv\/az\/?s={search_term_string}"},"query-input":{"@type":"PropertyValueSpecification","valueRequired":true,"valueName":"search_term_string"}}],"inLanguage":"az"},{"@type":"Organization","@id":"https:\/\/www.meydan.tv\/az\/#organization","name":"Meydan TV","url":"https:\/\/www.meydan.tv\/az\/","logo":{"@type":"ImageObject","inLanguage":"az","@id":"https:\/\/www.meydan.tv\/az\/#\/schema\/logo\/image\/","url":"https:\/\/www.meydan.tv\/wp-content\/uploads\/2021\/07\/meydan-logo.svg","contentUrl":"https:\/\/www.meydan.tv\/wp-content\/uploads\/2021\/07\/meydan-logo.svg","width":195,"height":46,"caption":"Meydan TV"},"image":{"@id":"https:\/\/www.meydan.tv\/az\/#\/schema\/logo\/image\/"}},{"@type":"Person","@id":"https:\/\/www.meydan.tv\/az\/#\/schema\/person\/9cdbecf90d17180ce1dfbd95b08dcf47","name":"elli","sameAs":["https:\/\/x.com\/elli"]}]}},"_links":{"self":[{"href":"https:\/\/www.meydan.tv\/az\/wp-json\/wp\/v2\/posts\/315932","targetHints":{"allow":["GET"]}}],"collection":[{"href":"https:\/\/www.meydan.tv\/az\/wp-json\/wp\/v2\/posts"}],"about":[{"href":"https:\/\/www.meydan.tv\/az\/wp-json\/wp\/v2\/types\/post"}],"author":[{"embeddable":true,"href":"https:\/\/www.meydan.tv\/az\/wp-json\/wp\/v2\/users\/8"}],"replies":[{"embeddable":true,"href":"https:\/\/www.meydan.tv\/az\/wp-json\/wp\/v2\/comments?post=315932"}],"version-history":[{"count":3,"href":"https:\/\/www.meydan.tv\/az\/wp-json\/wp\/v2\/posts\/315932\/revisions"}],"predecessor-version":[{"id":315944,"href":"https:\/\/www.meydan.tv\/az\/wp-json\/wp\/v2\/posts\/315932\/revisions\/315944"}],"wp:featuredmedia":[{"embeddable":true,"href":"https:\/\/www.meydan.tv\/az\/wp-json\/wp\/v2\/media\/158913"}],"wp:attachment":[{"href":"https:\/\/www.meydan.tv\/az\/wp-json\/wp\/v2\/media?parent=315932"}],"wp:term":[{"taxonomy":"category","embeddable":true,"href":"https:\/\/www.meydan.tv\/az\/wp-json\/wp\/v2\/categories?post=315932"},{"taxonomy":"post_tag","embeddable":true,"href":"https:\/\/www.meydan.tv\/az\/wp-json\/wp\/v2\/tags?post=315932"}],"curies":[{"name":"wp","href":"https:\/\/api.w.org\/{rel}","templated":true}]}}