{"id":315815,"date":"2024-09-17T18:30:37","date_gmt":"2024-09-17T14:30:37","guid":{"rendered":"https:\/\/www.meydan.tv\/?p=315815"},"modified":"2024-09-17T18:30:39","modified_gmt":"2024-09-17T14:30:39","slug":"90-gunden-coxdur-acliq-aksiyasi-eden-alim-fazil-qasimov","status":"publish","type":"post","link":"https:\/\/www.meydan.tv\/az\/article\/90-gunden-coxdur-acliq-aksiyasi-eden-alim-fazil-qasimov\/","title":{"rendered":"90 g\u00fcnd\u0259n \u00e7oxdur acl\u0131q aksiyas\u0131 ed\u0259n alim Fazil Qas\u0131mov"},"content":{"rendered":"\n<figure class=\"wp-block-embed is-type-video is-provider-youtube wp-block-embed-youtube wp-embed-aspect-16-9 wp-has-aspect-ratio\"><div class=\"wp-block-embed__wrapper\">\n<iframe title=\"90 g\u00fcnd\u0259n \u00e7oxdur acl\u0131q aksiyas\u0131 ed\u0259n alim Fazil Qas\u0131mov\" width=\"1200\" height=\"675\" data-src=\"https:\/\/www.youtube.com\/embed\/-Ys4eH47CPE?feature=oembed\" frameborder=\"0\" allow=\"accelerometer; autoplay; clipboard-write; encrypted-media; gyroscope; picture-in-picture; web-share\" referrerpolicy=\"strict-origin-when-cross-origin\" allowfullscreen src=\"data:image\/svg+xml;base64,PHN2ZyB3aWR0aD0iMSIgaGVpZ2h0PSIxIiB4bWxucz0iaHR0cDovL3d3dy53My5vcmcvMjAwMC9zdmciPjwvc3ZnPg==\" class=\"lazyload\" data-load-mode=\"1\"><\/iframe>\n<\/div><\/figure>\n\n\n\n<!--more-->\n\n\n\n<p><\/p>\n\n\n\n<p>90 g\u00fcnd\u00fcr h\u0259bsin\u0259 etiraz olaraq acl\u0131q aksiyas\u0131 ed\u0259n alim Fazil Qas\u0131mov h\u0259r an h\u0259yat\u0131n\u0131 itir\u0259 bil\u0259r. Bunu h\u00fcquq m\u00fcdafi\u0259\u00e7isi R\u00fcf\u0259t S\u0259f\u0259rov deyir v\u0259 \u0259lav\u0259 edir ki, Qas\u0131movun \u00e7\u0259kisi 35 kq-a d\u00fc\u015f\u00fcb. Fazil Qas\u0131mov s\u0259hh\u0259ti pisl\u0259\u015f\u0259nd\u0259n sonra Penitensiar Xidm\u0259tin m\u00fcalic\u0259 m\u00fc\u0259ssis\u0259sin\u0259 k\u00f6\u00e7\u00fcr\u00fcl\u00fcb v\u0259 m\u0259cburi qidaland\u0131r\u0131laca\u011f\u0131 halda h\u0259yat\u0131na son ver\u0259c\u0259yini bildirir. <\/p>\n\n\n\n<p><em>&#8220;\u018fg\u0259r m\u0259cburi qidaland\u0131rmaya dair q\u0259rar verils\u0259, can\u0131ma q\u0259sd edib, h\u0259yatla bird\u0259f\u0259lik vidala\u015facam, \u00f6l\u00fcm\u00fcm\u00fc tezl\u0259\u015fdir\u0259c\u0259m. M\u0259n ciddiy\u0259m. \u00dcmid edir\u0259m ki, bunu r\u0259smi dair\u0259l\u0259r n\u0259z\u0259r\u0259 alar&#8230;&#8221;<\/em>.<\/p>\n\n\n\n<p>Yax\u0131nlar\u0131 deyirl\u0259r ki, o, m\u0259hk\u0259m\u0259l\u0259rin\u0259 v\u0259 g\u00f6r\u00fc\u015fl\u0259rin\u0259 \u0259lil arabas\u0131nda g\u0259tirilir, b\u0259z\u0259n is\u0259 \u00fcmumiyy\u0259tl\u0259 g\u0259l\u0259 bilmir. <\/p>\n","protected":false},"excerpt":{"rendered":"","protected":false},"author":12,"featured_media":315056,"comment_status":"closed","ping_status":"closed","sticky":false,"template":"","format":"standard","meta":{"_acf_changed":false,"_sitemap_exclude":false,"_sitemap_priority":"","_sitemap_frequency":"","footnotes":""},"categories":[59,79,63,56],"tags":[],"class_list":["post-315815","post","type-post","status-publish","format-standard","has-post-thumbnail","hentry","category-siyaset","category-featured","category-video-2","category-xeberler","infinite-scroll-item","generate-columns","tablet-grid-50","mobile-grid-100","grid-parent","grid-33","no-featured-image-padding"],"acf":[],"yoast_head":"<!-- This site is optimized with the Yoast SEO plugin v27.4 - https:\/\/yoast.com\/product\/yoast-seo-wordpress\/ -->\n<title>90 g\u00fcnd\u0259n \u00e7oxdur acl\u0131q aksiyas\u0131 ed\u0259n alim Fazil Qas\u0131mov - MEYDAN.TV<\/title>\n<meta name=\"description\" content=\"90 g\u00fcnd\u00fcr h\u0259bsin\u0259 etiraz olaraq acl\u0131q aksiyas\u0131 ed\u0259n alim Fazil Qas\u0131mov h\u0259r an h\u0259yat\u0131n\u0131 itir\u0259 bil\u0259r.\" \/>\n<meta name=\"robots\" content=\"index, follow, max-snippet:-1, max-image-preview:large, max-video-preview:-1\" \/>\n<link rel=\"canonical\" href=\"https:\/\/www.meydan.tv\/az\/article\/90-gunden-coxdur-acliq-aksiyasi-eden-alim-fazil-qasimov\/\" \/>\n<meta property=\"og:locale\" content=\"az_AZ\" \/>\n<meta property=\"og:type\" content=\"article\" \/>\n<meta property=\"og:title\" content=\"90 g\u00fcnd\u0259n \u00e7oxdur acl\u0131q aksiyas\u0131 ed\u0259n alim Fazil Qas\u0131mov - MEYDAN.TV\" \/>\n<meta property=\"og:description\" content=\"90 g\u00fcnd\u00fcr h\u0259bsin\u0259 etiraz olaraq acl\u0131q aksiyas\u0131 ed\u0259n alim Fazil Qas\u0131mov h\u0259r an h\u0259yat\u0131n\u0131 itir\u0259 bil\u0259r.\" \/>\n<meta property=\"og:url\" content=\"https:\/\/www.meydan.tv\/az\/article\/90-gunden-coxdur-acliq-aksiyasi-eden-alim-fazil-qasimov\/\" \/>\n<meta property=\"og:site_name\" content=\"MEYDAN.TV\" \/>\n<meta property=\"article:published_time\" content=\"2024-09-17T14:30:37+00:00\" \/>\n<meta property=\"article:modified_time\" content=\"2024-09-17T14:30:39+00:00\" \/>\n<meta property=\"og:image\" content=\"https:\/\/www.meydan.tv\/wp-content\/uploads\/img_1464.jpg\" \/>\n\t<meta property=\"og:image:width\" content=\"1200\" \/>\n\t<meta property=\"og:image:height\" content=\"800\" \/>\n\t<meta property=\"og:image:type\" content=\"image\/jpeg\" \/>\n<meta name=\"author\" content=\"aleks\" \/>\n<meta name=\"twitter:card\" content=\"summary_large_image\" \/>\n<script type=\"application\/ld+json\" class=\"yoast-schema-graph\">{\"@context\":\"https:\\\/\\\/schema.org\",\"@graph\":[{\"@type\":\"Article\",\"@id\":\"https:\\\/\\\/www.meydan.tv\\\/az\\\/article\\\/90-gunden-coxdur-acliq-aksiyasi-eden-alim-fazil-qasimov\\\/#article\",\"isPartOf\":{\"@id\":\"https:\\\/\\\/www.meydan.tv\\\/az\\\/article\\\/90-gunden-coxdur-acliq-aksiyasi-eden-alim-fazil-qasimov\\\/\"},\"author\":{\"name\":\"aleks\",\"@id\":\"https:\\\/\\\/www.meydan.tv\\\/az\\\/#\\\/schema\\\/person\\\/476e9360e593fa131d5d71d51866f8da\"},\"headline\":\"90 g\u00fcnd\u0259n \u00e7oxdur acl\u0131q aksiyas\u0131 ed\u0259n alim Fazil Qas\u0131mov\",\"datePublished\":\"2024-09-17T14:30:37+00:00\",\"dateModified\":\"2024-09-17T14:30:39+00:00\",\"mainEntityOfPage\":{\"@id\":\"https:\\\/\\\/www.meydan.tv\\\/az\\\/article\\\/90-gunden-coxdur-acliq-aksiyasi-eden-alim-fazil-qasimov\\\/\"},\"wordCount\":181,\"publisher\":{\"@id\":\"https:\\\/\\\/www.meydan.tv\\\/az\\\/#organization\"},\"image\":{\"@id\":\"https:\\\/\\\/www.meydan.tv\\\/az\\\/article\\\/90-gunden-coxdur-acliq-aksiyasi-eden-alim-fazil-qasimov\\\/#primaryimage\"},\"thumbnailUrl\":\"https:\\\/\\\/www.meydan.tv\\\/wp-content\\\/uploads\\\/img_1464-e1733402139166.jpg\",\"articleSection\":[\"Siyas\u0259t\",\"T\u00f6vsiy\u0259\",\"Video\",\"X\u0259b\u0259rl\u0259r\"],\"inLanguage\":\"az\"},{\"@type\":\"WebPage\",\"@id\":\"https:\\\/\\\/www.meydan.tv\\\/az\\\/article\\\/90-gunden-coxdur-acliq-aksiyasi-eden-alim-fazil-qasimov\\\/\",\"url\":\"https:\\\/\\\/www.meydan.tv\\\/az\\\/article\\\/90-gunden-coxdur-acliq-aksiyasi-eden-alim-fazil-qasimov\\\/\",\"name\":\"90 g\u00fcnd\u0259n \u00e7oxdur acl\u0131q aksiyas\u0131 ed\u0259n alim Fazil Qas\u0131mov - MEYDAN.TV\",\"isPartOf\":{\"@id\":\"https:\\\/\\\/www.meydan.tv\\\/az\\\/#website\"},\"primaryImageOfPage\":{\"@id\":\"https:\\\/\\\/www.meydan.tv\\\/az\\\/article\\\/90-gunden-coxdur-acliq-aksiyasi-eden-alim-fazil-qasimov\\\/#primaryimage\"},\"image\":{\"@id\":\"https:\\\/\\\/www.meydan.tv\\\/az\\\/article\\\/90-gunden-coxdur-acliq-aksiyasi-eden-alim-fazil-qasimov\\\/#primaryimage\"},\"thumbnailUrl\":\"https:\\\/\\\/www.meydan.tv\\\/wp-content\\\/uploads\\\/img_1464-e1733402139166.jpg\",\"datePublished\":\"2024-09-17T14:30:37+00:00\",\"dateModified\":\"2024-09-17T14:30:39+00:00\",\"description\":\"90 g\u00fcnd\u00fcr h\u0259bsin\u0259 etiraz olaraq acl\u0131q aksiyas\u0131 ed\u0259n alim Fazil Qas\u0131mov h\u0259r an h\u0259yat\u0131n\u0131 itir\u0259 bil\u0259r.\",\"breadcrumb\":{\"@id\":\"https:\\\/\\\/www.meydan.tv\\\/az\\\/article\\\/90-gunden-coxdur-acliq-aksiyasi-eden-alim-fazil-qasimov\\\/#breadcrumb\"},\"inLanguage\":\"az\",\"potentialAction\":[{\"@type\":\"ReadAction\",\"target\":[\"https:\\\/\\\/www.meydan.tv\\\/az\\\/article\\\/90-gunden-coxdur-acliq-aksiyasi-eden-alim-fazil-qasimov\\\/\"]}]},{\"@type\":\"ImageObject\",\"inLanguage\":\"az\",\"@id\":\"https:\\\/\\\/www.meydan.tv\\\/az\\\/article\\\/90-gunden-coxdur-acliq-aksiyasi-eden-alim-fazil-qasimov\\\/#primaryimage\",\"url\":\"https:\\\/\\\/www.meydan.tv\\\/wp-content\\\/uploads\\\/img_1464-e1733402139166.jpg\",\"contentUrl\":\"https:\\\/\\\/www.meydan.tv\\\/wp-content\\\/uploads\\\/img_1464-e1733402139166.jpg\",\"width\":1200,\"height\":558,\"caption\":\"\u0130ll\u00fcstrasiya: Meydan TV\"},{\"@type\":\"BreadcrumbList\",\"@id\":\"https:\\\/\\\/www.meydan.tv\\\/az\\\/article\\\/90-gunden-coxdur-acliq-aksiyasi-eden-alim-fazil-qasimov\\\/#breadcrumb\",\"itemListElement\":[{\"@type\":\"ListItem\",\"position\":1,\"name\":\"Ana s\u0259hif\u0259\",\"item\":\"https:\\\/\\\/www.meydan.tv\\\/az\\\/\"},{\"@type\":\"ListItem\",\"position\":2,\"name\":\"Video\",\"item\":\"https:\\\/\\\/www.meydan.tv\\\/az\\\/section\\\/video-2\\\/\"},{\"@type\":\"ListItem\",\"position\":3,\"name\":\"90 g\u00fcnd\u0259n \u00e7oxdur acl\u0131q aksiyas\u0131 ed\u0259n alim Fazil Qas\u0131mov\"}]},{\"@type\":\"WebSite\",\"@id\":\"https:\\\/\\\/www.meydan.tv\\\/az\\\/#website\",\"url\":\"https:\\\/\\\/www.meydan.tv\\\/az\\\/\",\"name\":\"MEYDAN.TV\",\"description\":\"Meydan TV Az\u0259rbaycan\u0131n media m\u0259kan\u0131ndak\u0131 alternativ s\u0259sidir\",\"publisher\":{\"@id\":\"https:\\\/\\\/www.meydan.tv\\\/az\\\/#organization\"},\"potentialAction\":[{\"@type\":\"SearchAction\",\"target\":{\"@type\":\"EntryPoint\",\"urlTemplate\":\"https:\\\/\\\/www.meydan.tv\\\/az\\\/?s={search_term_string}\"},\"query-input\":{\"@type\":\"PropertyValueSpecification\",\"valueRequired\":true,\"valueName\":\"search_term_string\"}}],\"inLanguage\":\"az\"},{\"@type\":\"Organization\",\"@id\":\"https:\\\/\\\/www.meydan.tv\\\/az\\\/#organization\",\"name\":\"Meydan TV\",\"url\":\"https:\\\/\\\/www.meydan.tv\\\/az\\\/\",\"logo\":{\"@type\":\"ImageObject\",\"inLanguage\":\"az\",\"@id\":\"https:\\\/\\\/www.meydan.tv\\\/az\\\/#\\\/schema\\\/logo\\\/image\\\/\",\"url\":\"https:\\\/\\\/www.meydan.tv\\\/wp-content\\\/uploads\\\/2021\\\/07\\\/meydan-logo.svg\",\"contentUrl\":\"https:\\\/\\\/www.meydan.tv\\\/wp-content\\\/uploads\\\/2021\\\/07\\\/meydan-logo.svg\",\"width\":195,\"height\":46,\"caption\":\"Meydan TV\"},\"image\":{\"@id\":\"https:\\\/\\\/www.meydan.tv\\\/az\\\/#\\\/schema\\\/logo\\\/image\\\/\"}},{\"@type\":\"Person\",\"@id\":\"https:\\\/\\\/www.meydan.tv\\\/az\\\/#\\\/schema\\\/person\\\/476e9360e593fa131d5d71d51866f8da\",\"name\":\"aleks\"}]}<\/script>\n<!-- \/ Yoast SEO plugin. -->","yoast_head_json":{"title":"90 g\u00fcnd\u0259n \u00e7oxdur acl\u0131q aksiyas\u0131 ed\u0259n alim Fazil Qas\u0131mov - MEYDAN.TV","description":"90 g\u00fcnd\u00fcr h\u0259bsin\u0259 etiraz olaraq acl\u0131q aksiyas\u0131 ed\u0259n alim Fazil Qas\u0131mov h\u0259r an h\u0259yat\u0131n\u0131 itir\u0259 bil\u0259r.","robots":{"index":"index","follow":"follow","max-snippet":"max-snippet:-1","max-image-preview":"max-image-preview:large","max-video-preview":"max-video-preview:-1"},"canonical":"https:\/\/www.meydan.tv\/az\/article\/90-gunden-coxdur-acliq-aksiyasi-eden-alim-fazil-qasimov\/","og_locale":"az_AZ","og_type":"article","og_title":"90 g\u00fcnd\u0259n \u00e7oxdur acl\u0131q aksiyas\u0131 ed\u0259n alim Fazil Qas\u0131mov - MEYDAN.TV","og_description":"90 g\u00fcnd\u00fcr h\u0259bsin\u0259 etiraz olaraq acl\u0131q aksiyas\u0131 ed\u0259n alim Fazil Qas\u0131mov h\u0259r an h\u0259yat\u0131n\u0131 itir\u0259 bil\u0259r.","og_url":"https:\/\/www.meydan.tv\/az\/article\/90-gunden-coxdur-acliq-aksiyasi-eden-alim-fazil-qasimov\/","og_site_name":"MEYDAN.TV","article_published_time":"2024-09-17T14:30:37+00:00","article_modified_time":"2024-09-17T14:30:39+00:00","og_image":[{"width":1200,"height":800,"url":"https:\/\/www.meydan.tv\/wp-content\/uploads\/img_1464.jpg","type":"image\/jpeg"}],"author":"aleks","twitter_card":"summary_large_image","schema":{"@context":"https:\/\/schema.org","@graph":[{"@type":"Article","@id":"https:\/\/www.meydan.tv\/az\/article\/90-gunden-coxdur-acliq-aksiyasi-eden-alim-fazil-qasimov\/#article","isPartOf":{"@id":"https:\/\/www.meydan.tv\/az\/article\/90-gunden-coxdur-acliq-aksiyasi-eden-alim-fazil-qasimov\/"},"author":{"name":"aleks","@id":"https:\/\/www.meydan.tv\/az\/#\/schema\/person\/476e9360e593fa131d5d71d51866f8da"},"headline":"90 g\u00fcnd\u0259n \u00e7oxdur acl\u0131q aksiyas\u0131 ed\u0259n alim Fazil Qas\u0131mov","datePublished":"2024-09-17T14:30:37+00:00","dateModified":"2024-09-17T14:30:39+00:00","mainEntityOfPage":{"@id":"https:\/\/www.meydan.tv\/az\/article\/90-gunden-coxdur-acliq-aksiyasi-eden-alim-fazil-qasimov\/"},"wordCount":181,"publisher":{"@id":"https:\/\/www.meydan.tv\/az\/#organization"},"image":{"@id":"https:\/\/www.meydan.tv\/az\/article\/90-gunden-coxdur-acliq-aksiyasi-eden-alim-fazil-qasimov\/#primaryimage"},"thumbnailUrl":"https:\/\/www.meydan.tv\/wp-content\/uploads\/img_1464-e1733402139166.jpg","articleSection":["Siyas\u0259t","T\u00f6vsiy\u0259","Video","X\u0259b\u0259rl\u0259r"],"inLanguage":"az"},{"@type":"WebPage","@id":"https:\/\/www.meydan.tv\/az\/article\/90-gunden-coxdur-acliq-aksiyasi-eden-alim-fazil-qasimov\/","url":"https:\/\/www.meydan.tv\/az\/article\/90-gunden-coxdur-acliq-aksiyasi-eden-alim-fazil-qasimov\/","name":"90 g\u00fcnd\u0259n \u00e7oxdur acl\u0131q aksiyas\u0131 ed\u0259n alim Fazil Qas\u0131mov - MEYDAN.TV","isPartOf":{"@id":"https:\/\/www.meydan.tv\/az\/#website"},"primaryImageOfPage":{"@id":"https:\/\/www.meydan.tv\/az\/article\/90-gunden-coxdur-acliq-aksiyasi-eden-alim-fazil-qasimov\/#primaryimage"},"image":{"@id":"https:\/\/www.meydan.tv\/az\/article\/90-gunden-coxdur-acliq-aksiyasi-eden-alim-fazil-qasimov\/#primaryimage"},"thumbnailUrl":"https:\/\/www.meydan.tv\/wp-content\/uploads\/img_1464-e1733402139166.jpg","datePublished":"2024-09-17T14:30:37+00:00","dateModified":"2024-09-17T14:30:39+00:00","description":"90 g\u00fcnd\u00fcr h\u0259bsin\u0259 etiraz olaraq acl\u0131q aksiyas\u0131 ed\u0259n alim Fazil Qas\u0131mov h\u0259r an h\u0259yat\u0131n\u0131 itir\u0259 bil\u0259r.","breadcrumb":{"@id":"https:\/\/www.meydan.tv\/az\/article\/90-gunden-coxdur-acliq-aksiyasi-eden-alim-fazil-qasimov\/#breadcrumb"},"inLanguage":"az","potentialAction":[{"@type":"ReadAction","target":["https:\/\/www.meydan.tv\/az\/article\/90-gunden-coxdur-acliq-aksiyasi-eden-alim-fazil-qasimov\/"]}]},{"@type":"ImageObject","inLanguage":"az","@id":"https:\/\/www.meydan.tv\/az\/article\/90-gunden-coxdur-acliq-aksiyasi-eden-alim-fazil-qasimov\/#primaryimage","url":"https:\/\/www.meydan.tv\/wp-content\/uploads\/img_1464-e1733402139166.jpg","contentUrl":"https:\/\/www.meydan.tv\/wp-content\/uploads\/img_1464-e1733402139166.jpg","width":1200,"height":558,"caption":"\u0130ll\u00fcstrasiya: Meydan TV"},{"@type":"BreadcrumbList","@id":"https:\/\/www.meydan.tv\/az\/article\/90-gunden-coxdur-acliq-aksiyasi-eden-alim-fazil-qasimov\/#breadcrumb","itemListElement":[{"@type":"ListItem","position":1,"name":"Ana s\u0259hif\u0259","item":"https:\/\/www.meydan.tv\/az\/"},{"@type":"ListItem","position":2,"name":"Video","item":"https:\/\/www.meydan.tv\/az\/section\/video-2\/"},{"@type":"ListItem","position":3,"name":"90 g\u00fcnd\u0259n \u00e7oxdur acl\u0131q aksiyas\u0131 ed\u0259n alim Fazil Qas\u0131mov"}]},{"@type":"WebSite","@id":"https:\/\/www.meydan.tv\/az\/#website","url":"https:\/\/www.meydan.tv\/az\/","name":"MEYDAN.TV","description":"Meydan TV Az\u0259rbaycan\u0131n media m\u0259kan\u0131ndak\u0131 alternativ s\u0259sidir","publisher":{"@id":"https:\/\/www.meydan.tv\/az\/#organization"},"potentialAction":[{"@type":"SearchAction","target":{"@type":"EntryPoint","urlTemplate":"https:\/\/www.meydan.tv\/az\/?s={search_term_string}"},"query-input":{"@type":"PropertyValueSpecification","valueRequired":true,"valueName":"search_term_string"}}],"inLanguage":"az"},{"@type":"Organization","@id":"https:\/\/www.meydan.tv\/az\/#organization","name":"Meydan TV","url":"https:\/\/www.meydan.tv\/az\/","logo":{"@type":"ImageObject","inLanguage":"az","@id":"https:\/\/www.meydan.tv\/az\/#\/schema\/logo\/image\/","url":"https:\/\/www.meydan.tv\/wp-content\/uploads\/2021\/07\/meydan-logo.svg","contentUrl":"https:\/\/www.meydan.tv\/wp-content\/uploads\/2021\/07\/meydan-logo.svg","width":195,"height":46,"caption":"Meydan TV"},"image":{"@id":"https:\/\/www.meydan.tv\/az\/#\/schema\/logo\/image\/"}},{"@type":"Person","@id":"https:\/\/www.meydan.tv\/az\/#\/schema\/person\/476e9360e593fa131d5d71d51866f8da","name":"aleks"}]}},"_links":{"self":[{"href":"https:\/\/www.meydan.tv\/az\/wp-json\/wp\/v2\/posts\/315815","targetHints":{"allow":["GET"]}}],"collection":[{"href":"https:\/\/www.meydan.tv\/az\/wp-json\/wp\/v2\/posts"}],"about":[{"href":"https:\/\/www.meydan.tv\/az\/wp-json\/wp\/v2\/types\/post"}],"author":[{"embeddable":true,"href":"https:\/\/www.meydan.tv\/az\/wp-json\/wp\/v2\/users\/12"}],"replies":[{"embeddable":true,"href":"https:\/\/www.meydan.tv\/az\/wp-json\/wp\/v2\/comments?post=315815"}],"version-history":[{"count":3,"href":"https:\/\/www.meydan.tv\/az\/wp-json\/wp\/v2\/posts\/315815\/revisions"}],"predecessor-version":[{"id":315831,"href":"https:\/\/www.meydan.tv\/az\/wp-json\/wp\/v2\/posts\/315815\/revisions\/315831"}],"wp:featuredmedia":[{"embeddable":true,"href":"https:\/\/www.meydan.tv\/az\/wp-json\/wp\/v2\/media\/315056"}],"wp:attachment":[{"href":"https:\/\/www.meydan.tv\/az\/wp-json\/wp\/v2\/media?parent=315815"}],"wp:term":[{"taxonomy":"category","embeddable":true,"href":"https:\/\/www.meydan.tv\/az\/wp-json\/wp\/v2\/categories?post=315815"},{"taxonomy":"post_tag","embeddable":true,"href":"https:\/\/www.meydan.tv\/az\/wp-json\/wp\/v2\/tags?post=315815"}],"curies":[{"name":"wp","href":"https:\/\/api.w.org\/{rel}","templated":true}]}}