{"id":315813,"date":"2024-09-17T18:28:33","date_gmt":"2024-09-17T14:28:33","guid":{"rendered":"https:\/\/www.meydan.tv\/?p=315813"},"modified":"2024-09-17T18:28:34","modified_gmt":"2024-09-17T14:28:34","slug":"abs-florida-statinda-olan-atismani-donald-trampa-sui-qesd-cehdi-kimi-arasdirir","status":"publish","type":"post","link":"https:\/\/www.meydan.tv\/az\/article\/abs-florida-statinda-olan-atismani-donald-trampa-sui-qesd-cehdi-kimi-arasdirir\/","title":{"rendered":"AB\u015e Florida \u015ftat\u0131nda olan at\u0131\u015fman\u0131 Donald Trampa sui-q\u0259sd c\u0259hdi kimi ara\u015fd\u0131r\u0131r"},"content":{"rendered":"\n<figure class=\"wp-block-embed is-type-video is-provider-youtube wp-block-embed-youtube wp-embed-aspect-16-9 wp-has-aspect-ratio\"><div class=\"wp-block-embed__wrapper\">\n<iframe title=\"AB\u015e Florida \u015ftat\u0131nda olan at\u0131\u015fman\u0131 Donald Trampa sui-q\u0259sd c\u0259hdi kimi ara\u015fd\u0131r\u0131r\" width=\"1200\" height=\"675\" data-src=\"https:\/\/www.youtube.com\/embed\/m8ZrnY5-9EY?feature=oembed\" frameborder=\"0\" allow=\"accelerometer; autoplay; clipboard-write; encrypted-media; gyroscope; picture-in-picture; web-share\" referrerpolicy=\"strict-origin-when-cross-origin\" allowfullscreen src=\"data:image\/svg+xml;base64,PHN2ZyB3aWR0aD0iMSIgaGVpZ2h0PSIxIiB4bWxucz0iaHR0cDovL3d3dy53My5vcmcvMjAwMC9zdmciPjwvc3ZnPg==\" class=\"lazyload\" data-load-mode=\"1\"><\/iframe>\n<\/div><\/figure>\n\n\n\n<!--more-->\n\n\n\n<p><\/p>\n\n\n\n<p>AB\u015e Federal T\u0259hqiqatlar B\u00fcrosu Florida \u015ftat\u0131n\u0131n Uest-Palm-Bi\u00e7 \u015f\u0259h\u0259rind\u0259ki qolf meydan\u00e7as\u0131nda sentyabr\u0131n 15-d\u0259 at\u0131\u015fman\u0131 Respublika\u00e7\u0131lar Partiyas\u0131ndan prezidentliy\u0259 namiz\u0259d&nbsp;Donald Trampa sui-q\u0259sd c\u0259hdi kimi ara\u015fd\u0131r\u0131r.<\/p>\n\n\n\n<p>Hadis\u0259d\u0259 \u015f\u00fcbh\u0259li bilin\u0259n 58 ya\u015fl\u0131 Rayan Rutun saxlan\u0131ld\u0131\u011f\u0131 bildirilir. Olay\u0131n motivl\u0259ri m\u0259lum deyil.<\/p>\n\n\n\n<p>&#8220;The Associated Press&#8221; yaz\u0131r ki, o,&nbsp; sosial mediada 2020-ci ild\u0259 D.Tramp\u0131n namiz\u0259dliyin\u0259 d\u0259st\u0259yind\u0259n yaz\u0131b, lakin son vaxtlar Co Bayden v\u0259 Kamala Harrisin d\u0259st\u0259k\u00e7isi olub.<\/p>\n\n\n\n<p>Olay\u0131n qar\u015f\u0131s\u0131n\u0131n m\u0259xfi xidm\u0259t agentinin ya\u015f\u0131ll\u0131qlar aras\u0131nda pulemyotun a\u011fz\u0131n\u0131 g\u00f6r\u0259r\u0259k qolf meydan\u00e7as\u0131n\u0131 \u0259hat\u0259 ed\u0259n kollara x\u0259b\u0259rdarl\u0131q at\u0259\u015fi a\u00e7mas\u0131 il\u0259 al\u0131nd\u0131\u011f\u0131 bildirilir. D.Tramp h\u0259min an t\u0259xmin\u0259n d\u00f6rd y\u00fcz metr aral\u0131da qolf oynay\u0131rd\u0131. \u015e\u00fcbh\u0259linin at\u0259\u015f a\u00e7ma\u011fa m\u00fcv\u0259ff\u0259q olub-olmad\u0131\u011f\u0131, h\u0259l\u0259lik, m\u0259lum deyil.<\/p>\n\n\n\n<p>T\u0259r\u0259fdarlar\u0131na g\u00f6nd\u0259rdiyi e-mail-d\u0259 D.Tramp t\u0259hl\u00fck\u0259sizlikd\u0259 oldu\u011funu, \u00f6z\u00fcn\u00fc yax\u015f\u0131 hiss etdiyini v\u0259 he\u00e7 vaxt t\u0259slim olmayaca\u011f\u0131n\u0131 yaz\u0131b.<\/p>\n\n\n\n<p>Bundan \u00f6nc\u0259, iyulun 13-d\u0259 D.Tramp Pensilvaniyada se\u00e7ki kampaniyas\u0131 zaman\u0131 sui-q\u0259sd c\u0259hdi n\u0259tic\u0259sind\u0259 y\u00fcng\u00fcl yaralanm\u0131\u015fd\u0131<\/p>\n","protected":false},"excerpt":{"rendered":"","protected":false},"author":12,"featured_media":272135,"comment_status":"closed","ping_status":"closed","sticky":false,"template":"","format":"standard","meta":{"_acf_changed":false,"_sitemap_exclude":false,"_sitemap_priority":"","_sitemap_frequency":"","footnotes":""},"categories":[64,63,56],"tags":[],"class_list":["post-315813","post","type-post","status-publish","format-standard","has-post-thumbnail","hentry","category-dunya","category-video-2","category-xeberler","infinite-scroll-item","generate-columns","tablet-grid-50","mobile-grid-100","grid-parent","grid-33","no-featured-image-padding"],"acf":[],"yoast_head":"<!-- This site is optimized with the Yoast SEO plugin v27.4 - https:\/\/yoast.com\/product\/yoast-seo-wordpress\/ -->\n<title>AB\u015e Florida \u015ftat\u0131nda olan at\u0131\u015fman\u0131 Donald Trampa sui-q\u0259sd c\u0259hdi kimi ara\u015fd\u0131r\u0131r - MEYDAN.TV<\/title>\n<meta name=\"description\" content=\"Hadis\u0259d\u0259 \u015f\u00fcbh\u0259li bilin\u0259n 58 ya\u015fl\u0131 Rayan Rutun saxlan\u0131ld\u0131\u011f\u0131 bildirilir. Olay\u0131n motivl\u0259ri m\u0259lum deyil.\" \/>\n<meta name=\"robots\" content=\"index, follow, max-snippet:-1, max-image-preview:large, max-video-preview:-1\" \/>\n<link rel=\"canonical\" href=\"https:\/\/www.meydan.tv\/az\/article\/abs-florida-statinda-olan-atismani-donald-trampa-sui-qesd-cehdi-kimi-arasdirir\/\" \/>\n<meta property=\"og:locale\" content=\"az_AZ\" \/>\n<meta property=\"og:type\" content=\"article\" \/>\n<meta property=\"og:title\" content=\"AB\u015e Florida \u015ftat\u0131nda olan at\u0131\u015fman\u0131 Donald Trampa sui-q\u0259sd c\u0259hdi kimi ara\u015fd\u0131r\u0131r - MEYDAN.TV\" \/>\n<meta property=\"og:description\" content=\"Hadis\u0259d\u0259 \u015f\u00fcbh\u0259li bilin\u0259n 58 ya\u015fl\u0131 Rayan Rutun saxlan\u0131ld\u0131\u011f\u0131 bildirilir. Olay\u0131n motivl\u0259ri m\u0259lum deyil.\" \/>\n<meta property=\"og:url\" content=\"https:\/\/www.meydan.tv\/az\/article\/abs-florida-statinda-olan-atismani-donald-trampa-sui-qesd-cehdi-kimi-arasdirir\/\" \/>\n<meta property=\"og:site_name\" content=\"MEYDAN.TV\" \/>\n<meta property=\"article:published_time\" content=\"2024-09-17T14:28:33+00:00\" \/>\n<meta property=\"article:modified_time\" content=\"2024-09-17T14:28:34+00:00\" \/>\n<meta property=\"og:image\" content=\"https:\/\/www.meydan.tv\/wp-content\/uploads\/download-1-15-e1686639886768.jpg\" \/>\n\t<meta property=\"og:image:width\" content=\"1200\" \/>\n\t<meta property=\"og:image:height\" content=\"543\" \/>\n\t<meta property=\"og:image:type\" content=\"image\/jpeg\" \/>\n<meta name=\"author\" content=\"aleks\" \/>\n<meta name=\"twitter:card\" content=\"summary_large_image\" \/>\n<script type=\"application\/ld+json\" class=\"yoast-schema-graph\">{\"@context\":\"https:\\\/\\\/schema.org\",\"@graph\":[{\"@type\":\"Article\",\"@id\":\"https:\\\/\\\/www.meydan.tv\\\/az\\\/article\\\/abs-florida-statinda-olan-atismani-donald-trampa-sui-qesd-cehdi-kimi-arasdirir\\\/#article\",\"isPartOf\":{\"@id\":\"https:\\\/\\\/www.meydan.tv\\\/az\\\/article\\\/abs-florida-statinda-olan-atismani-donald-trampa-sui-qesd-cehdi-kimi-arasdirir\\\/\"},\"author\":{\"name\":\"aleks\",\"@id\":\"https:\\\/\\\/www.meydan.tv\\\/az\\\/#\\\/schema\\\/person\\\/476e9360e593fa131d5d71d51866f8da\"},\"headline\":\"AB\u015e Florida \u015ftat\u0131nda olan at\u0131\u015fman\u0131 Donald Trampa sui-q\u0259sd c\u0259hdi kimi ara\u015fd\u0131r\u0131r\",\"datePublished\":\"2024-09-17T14:28:33+00:00\",\"dateModified\":\"2024-09-17T14:28:34+00:00\",\"mainEntityOfPage\":{\"@id\":\"https:\\\/\\\/www.meydan.tv\\\/az\\\/article\\\/abs-florida-statinda-olan-atismani-donald-trampa-sui-qesd-cehdi-kimi-arasdirir\\\/\"},\"wordCount\":255,\"publisher\":{\"@id\":\"https:\\\/\\\/www.meydan.tv\\\/az\\\/#organization\"},\"image\":{\"@id\":\"https:\\\/\\\/www.meydan.tv\\\/az\\\/article\\\/abs-florida-statinda-olan-atismani-donald-trampa-sui-qesd-cehdi-kimi-arasdirir\\\/#primaryimage\"},\"thumbnailUrl\":\"https:\\\/\\\/www.meydan.tv\\\/wp-content\\\/uploads\\\/download-1-15-e1686639886768.jpg\",\"articleSection\":[\"D\u00fcnya\",\"Video\",\"X\u0259b\u0259rl\u0259r\"],\"inLanguage\":\"az\"},{\"@type\":\"WebPage\",\"@id\":\"https:\\\/\\\/www.meydan.tv\\\/az\\\/article\\\/abs-florida-statinda-olan-atismani-donald-trampa-sui-qesd-cehdi-kimi-arasdirir\\\/\",\"url\":\"https:\\\/\\\/www.meydan.tv\\\/az\\\/article\\\/abs-florida-statinda-olan-atismani-donald-trampa-sui-qesd-cehdi-kimi-arasdirir\\\/\",\"name\":\"AB\u015e Florida \u015ftat\u0131nda olan at\u0131\u015fman\u0131 Donald Trampa sui-q\u0259sd c\u0259hdi kimi ara\u015fd\u0131r\u0131r - MEYDAN.TV\",\"isPartOf\":{\"@id\":\"https:\\\/\\\/www.meydan.tv\\\/az\\\/#website\"},\"primaryImageOfPage\":{\"@id\":\"https:\\\/\\\/www.meydan.tv\\\/az\\\/article\\\/abs-florida-statinda-olan-atismani-donald-trampa-sui-qesd-cehdi-kimi-arasdirir\\\/#primaryimage\"},\"image\":{\"@id\":\"https:\\\/\\\/www.meydan.tv\\\/az\\\/article\\\/abs-florida-statinda-olan-atismani-donald-trampa-sui-qesd-cehdi-kimi-arasdirir\\\/#primaryimage\"},\"thumbnailUrl\":\"https:\\\/\\\/www.meydan.tv\\\/wp-content\\\/uploads\\\/download-1-15-e1686639886768.jpg\",\"datePublished\":\"2024-09-17T14:28:33+00:00\",\"dateModified\":\"2024-09-17T14:28:34+00:00\",\"description\":\"Hadis\u0259d\u0259 \u015f\u00fcbh\u0259li bilin\u0259n 58 ya\u015fl\u0131 Rayan Rutun saxlan\u0131ld\u0131\u011f\u0131 bildirilir. Olay\u0131n motivl\u0259ri m\u0259lum deyil.\",\"breadcrumb\":{\"@id\":\"https:\\\/\\\/www.meydan.tv\\\/az\\\/article\\\/abs-florida-statinda-olan-atismani-donald-trampa-sui-qesd-cehdi-kimi-arasdirir\\\/#breadcrumb\"},\"inLanguage\":\"az\",\"potentialAction\":[{\"@type\":\"ReadAction\",\"target\":[\"https:\\\/\\\/www.meydan.tv\\\/az\\\/article\\\/abs-florida-statinda-olan-atismani-donald-trampa-sui-qesd-cehdi-kimi-arasdirir\\\/\"]}]},{\"@type\":\"ImageObject\",\"inLanguage\":\"az\",\"@id\":\"https:\\\/\\\/www.meydan.tv\\\/az\\\/article\\\/abs-florida-statinda-olan-atismani-donald-trampa-sui-qesd-cehdi-kimi-arasdirir\\\/#primaryimage\",\"url\":\"https:\\\/\\\/www.meydan.tv\\\/wp-content\\\/uploads\\\/download-1-15-e1686639886768.jpg\",\"contentUrl\":\"https:\\\/\\\/www.meydan.tv\\\/wp-content\\\/uploads\\\/download-1-15-e1686639886768.jpg\",\"width\":1200,\"height\":543,\"caption\":\"D.Tramp. Foto: Reuters\"},{\"@type\":\"BreadcrumbList\",\"@id\":\"https:\\\/\\\/www.meydan.tv\\\/az\\\/article\\\/abs-florida-statinda-olan-atismani-donald-trampa-sui-qesd-cehdi-kimi-arasdirir\\\/#breadcrumb\",\"itemListElement\":[{\"@type\":\"ListItem\",\"position\":1,\"name\":\"Ana s\u0259hif\u0259\",\"item\":\"https:\\\/\\\/www.meydan.tv\\\/az\\\/\"},{\"@type\":\"ListItem\",\"position\":2,\"name\":\"D\u00fcnya\",\"item\":\"https:\\\/\\\/www.meydan.tv\\\/az\\\/section\\\/dunya\\\/\"},{\"@type\":\"ListItem\",\"position\":3,\"name\":\"AB\u015e Florida \u015ftat\u0131nda olan at\u0131\u015fman\u0131 Donald Trampa sui-q\u0259sd c\u0259hdi kimi ara\u015fd\u0131r\u0131r\"}]},{\"@type\":\"WebSite\",\"@id\":\"https:\\\/\\\/www.meydan.tv\\\/az\\\/#website\",\"url\":\"https:\\\/\\\/www.meydan.tv\\\/az\\\/\",\"name\":\"MEYDAN.TV\",\"description\":\"Meydan TV Az\u0259rbaycan\u0131n media m\u0259kan\u0131ndak\u0131 alternativ s\u0259sidir\",\"publisher\":{\"@id\":\"https:\\\/\\\/www.meydan.tv\\\/az\\\/#organization\"},\"potentialAction\":[{\"@type\":\"SearchAction\",\"target\":{\"@type\":\"EntryPoint\",\"urlTemplate\":\"https:\\\/\\\/www.meydan.tv\\\/az\\\/?s={search_term_string}\"},\"query-input\":{\"@type\":\"PropertyValueSpecification\",\"valueRequired\":true,\"valueName\":\"search_term_string\"}}],\"inLanguage\":\"az\"},{\"@type\":\"Organization\",\"@id\":\"https:\\\/\\\/www.meydan.tv\\\/az\\\/#organization\",\"name\":\"Meydan TV\",\"url\":\"https:\\\/\\\/www.meydan.tv\\\/az\\\/\",\"logo\":{\"@type\":\"ImageObject\",\"inLanguage\":\"az\",\"@id\":\"https:\\\/\\\/www.meydan.tv\\\/az\\\/#\\\/schema\\\/logo\\\/image\\\/\",\"url\":\"https:\\\/\\\/www.meydan.tv\\\/wp-content\\\/uploads\\\/2021\\\/07\\\/meydan-logo.svg\",\"contentUrl\":\"https:\\\/\\\/www.meydan.tv\\\/wp-content\\\/uploads\\\/2021\\\/07\\\/meydan-logo.svg\",\"width\":195,\"height\":46,\"caption\":\"Meydan TV\"},\"image\":{\"@id\":\"https:\\\/\\\/www.meydan.tv\\\/az\\\/#\\\/schema\\\/logo\\\/image\\\/\"}},{\"@type\":\"Person\",\"@id\":\"https:\\\/\\\/www.meydan.tv\\\/az\\\/#\\\/schema\\\/person\\\/476e9360e593fa131d5d71d51866f8da\",\"name\":\"aleks\"}]}<\/script>\n<!-- \/ Yoast SEO plugin. -->","yoast_head_json":{"title":"AB\u015e Florida \u015ftat\u0131nda olan at\u0131\u015fman\u0131 Donald Trampa sui-q\u0259sd c\u0259hdi kimi ara\u015fd\u0131r\u0131r - MEYDAN.TV","description":"Hadis\u0259d\u0259 \u015f\u00fcbh\u0259li bilin\u0259n 58 ya\u015fl\u0131 Rayan Rutun saxlan\u0131ld\u0131\u011f\u0131 bildirilir. Olay\u0131n motivl\u0259ri m\u0259lum deyil.","robots":{"index":"index","follow":"follow","max-snippet":"max-snippet:-1","max-image-preview":"max-image-preview:large","max-video-preview":"max-video-preview:-1"},"canonical":"https:\/\/www.meydan.tv\/az\/article\/abs-florida-statinda-olan-atismani-donald-trampa-sui-qesd-cehdi-kimi-arasdirir\/","og_locale":"az_AZ","og_type":"article","og_title":"AB\u015e Florida \u015ftat\u0131nda olan at\u0131\u015fman\u0131 Donald Trampa sui-q\u0259sd c\u0259hdi kimi ara\u015fd\u0131r\u0131r - MEYDAN.TV","og_description":"Hadis\u0259d\u0259 \u015f\u00fcbh\u0259li bilin\u0259n 58 ya\u015fl\u0131 Rayan Rutun saxlan\u0131ld\u0131\u011f\u0131 bildirilir. Olay\u0131n motivl\u0259ri m\u0259lum deyil.","og_url":"https:\/\/www.meydan.tv\/az\/article\/abs-florida-statinda-olan-atismani-donald-trampa-sui-qesd-cehdi-kimi-arasdirir\/","og_site_name":"MEYDAN.TV","article_published_time":"2024-09-17T14:28:33+00:00","article_modified_time":"2024-09-17T14:28:34+00:00","og_image":[{"width":1200,"height":543,"url":"https:\/\/www.meydan.tv\/wp-content\/uploads\/download-1-15-e1686639886768.jpg","type":"image\/jpeg"}],"author":"aleks","twitter_card":"summary_large_image","schema":{"@context":"https:\/\/schema.org","@graph":[{"@type":"Article","@id":"https:\/\/www.meydan.tv\/az\/article\/abs-florida-statinda-olan-atismani-donald-trampa-sui-qesd-cehdi-kimi-arasdirir\/#article","isPartOf":{"@id":"https:\/\/www.meydan.tv\/az\/article\/abs-florida-statinda-olan-atismani-donald-trampa-sui-qesd-cehdi-kimi-arasdirir\/"},"author":{"name":"aleks","@id":"https:\/\/www.meydan.tv\/az\/#\/schema\/person\/476e9360e593fa131d5d71d51866f8da"},"headline":"AB\u015e Florida \u015ftat\u0131nda olan at\u0131\u015fman\u0131 Donald Trampa sui-q\u0259sd c\u0259hdi kimi ara\u015fd\u0131r\u0131r","datePublished":"2024-09-17T14:28:33+00:00","dateModified":"2024-09-17T14:28:34+00:00","mainEntityOfPage":{"@id":"https:\/\/www.meydan.tv\/az\/article\/abs-florida-statinda-olan-atismani-donald-trampa-sui-qesd-cehdi-kimi-arasdirir\/"},"wordCount":255,"publisher":{"@id":"https:\/\/www.meydan.tv\/az\/#organization"},"image":{"@id":"https:\/\/www.meydan.tv\/az\/article\/abs-florida-statinda-olan-atismani-donald-trampa-sui-qesd-cehdi-kimi-arasdirir\/#primaryimage"},"thumbnailUrl":"https:\/\/www.meydan.tv\/wp-content\/uploads\/download-1-15-e1686639886768.jpg","articleSection":["D\u00fcnya","Video","X\u0259b\u0259rl\u0259r"],"inLanguage":"az"},{"@type":"WebPage","@id":"https:\/\/www.meydan.tv\/az\/article\/abs-florida-statinda-olan-atismani-donald-trampa-sui-qesd-cehdi-kimi-arasdirir\/","url":"https:\/\/www.meydan.tv\/az\/article\/abs-florida-statinda-olan-atismani-donald-trampa-sui-qesd-cehdi-kimi-arasdirir\/","name":"AB\u015e Florida \u015ftat\u0131nda olan at\u0131\u015fman\u0131 Donald Trampa sui-q\u0259sd c\u0259hdi kimi ara\u015fd\u0131r\u0131r - MEYDAN.TV","isPartOf":{"@id":"https:\/\/www.meydan.tv\/az\/#website"},"primaryImageOfPage":{"@id":"https:\/\/www.meydan.tv\/az\/article\/abs-florida-statinda-olan-atismani-donald-trampa-sui-qesd-cehdi-kimi-arasdirir\/#primaryimage"},"image":{"@id":"https:\/\/www.meydan.tv\/az\/article\/abs-florida-statinda-olan-atismani-donald-trampa-sui-qesd-cehdi-kimi-arasdirir\/#primaryimage"},"thumbnailUrl":"https:\/\/www.meydan.tv\/wp-content\/uploads\/download-1-15-e1686639886768.jpg","datePublished":"2024-09-17T14:28:33+00:00","dateModified":"2024-09-17T14:28:34+00:00","description":"Hadis\u0259d\u0259 \u015f\u00fcbh\u0259li bilin\u0259n 58 ya\u015fl\u0131 Rayan Rutun saxlan\u0131ld\u0131\u011f\u0131 bildirilir. Olay\u0131n motivl\u0259ri m\u0259lum deyil.","breadcrumb":{"@id":"https:\/\/www.meydan.tv\/az\/article\/abs-florida-statinda-olan-atismani-donald-trampa-sui-qesd-cehdi-kimi-arasdirir\/#breadcrumb"},"inLanguage":"az","potentialAction":[{"@type":"ReadAction","target":["https:\/\/www.meydan.tv\/az\/article\/abs-florida-statinda-olan-atismani-donald-trampa-sui-qesd-cehdi-kimi-arasdirir\/"]}]},{"@type":"ImageObject","inLanguage":"az","@id":"https:\/\/www.meydan.tv\/az\/article\/abs-florida-statinda-olan-atismani-donald-trampa-sui-qesd-cehdi-kimi-arasdirir\/#primaryimage","url":"https:\/\/www.meydan.tv\/wp-content\/uploads\/download-1-15-e1686639886768.jpg","contentUrl":"https:\/\/www.meydan.tv\/wp-content\/uploads\/download-1-15-e1686639886768.jpg","width":1200,"height":543,"caption":"D.Tramp. Foto: Reuters"},{"@type":"BreadcrumbList","@id":"https:\/\/www.meydan.tv\/az\/article\/abs-florida-statinda-olan-atismani-donald-trampa-sui-qesd-cehdi-kimi-arasdirir\/#breadcrumb","itemListElement":[{"@type":"ListItem","position":1,"name":"Ana s\u0259hif\u0259","item":"https:\/\/www.meydan.tv\/az\/"},{"@type":"ListItem","position":2,"name":"D\u00fcnya","item":"https:\/\/www.meydan.tv\/az\/section\/dunya\/"},{"@type":"ListItem","position":3,"name":"AB\u015e Florida \u015ftat\u0131nda olan at\u0131\u015fman\u0131 Donald Trampa sui-q\u0259sd c\u0259hdi kimi ara\u015fd\u0131r\u0131r"}]},{"@type":"WebSite","@id":"https:\/\/www.meydan.tv\/az\/#website","url":"https:\/\/www.meydan.tv\/az\/","name":"MEYDAN.TV","description":"Meydan TV Az\u0259rbaycan\u0131n media m\u0259kan\u0131ndak\u0131 alternativ s\u0259sidir","publisher":{"@id":"https:\/\/www.meydan.tv\/az\/#organization"},"potentialAction":[{"@type":"SearchAction","target":{"@type":"EntryPoint","urlTemplate":"https:\/\/www.meydan.tv\/az\/?s={search_term_string}"},"query-input":{"@type":"PropertyValueSpecification","valueRequired":true,"valueName":"search_term_string"}}],"inLanguage":"az"},{"@type":"Organization","@id":"https:\/\/www.meydan.tv\/az\/#organization","name":"Meydan TV","url":"https:\/\/www.meydan.tv\/az\/","logo":{"@type":"ImageObject","inLanguage":"az","@id":"https:\/\/www.meydan.tv\/az\/#\/schema\/logo\/image\/","url":"https:\/\/www.meydan.tv\/wp-content\/uploads\/2021\/07\/meydan-logo.svg","contentUrl":"https:\/\/www.meydan.tv\/wp-content\/uploads\/2021\/07\/meydan-logo.svg","width":195,"height":46,"caption":"Meydan TV"},"image":{"@id":"https:\/\/www.meydan.tv\/az\/#\/schema\/logo\/image\/"}},{"@type":"Person","@id":"https:\/\/www.meydan.tv\/az\/#\/schema\/person\/476e9360e593fa131d5d71d51866f8da","name":"aleks"}]}},"_links":{"self":[{"href":"https:\/\/www.meydan.tv\/az\/wp-json\/wp\/v2\/posts\/315813","targetHints":{"allow":["GET"]}}],"collection":[{"href":"https:\/\/www.meydan.tv\/az\/wp-json\/wp\/v2\/posts"}],"about":[{"href":"https:\/\/www.meydan.tv\/az\/wp-json\/wp\/v2\/types\/post"}],"author":[{"embeddable":true,"href":"https:\/\/www.meydan.tv\/az\/wp-json\/wp\/v2\/users\/12"}],"replies":[{"embeddable":true,"href":"https:\/\/www.meydan.tv\/az\/wp-json\/wp\/v2\/comments?post=315813"}],"version-history":[{"count":3,"href":"https:\/\/www.meydan.tv\/az\/wp-json\/wp\/v2\/posts\/315813\/revisions"}],"predecessor-version":[{"id":315829,"href":"https:\/\/www.meydan.tv\/az\/wp-json\/wp\/v2\/posts\/315813\/revisions\/315829"}],"wp:featuredmedia":[{"embeddable":true,"href":"https:\/\/www.meydan.tv\/az\/wp-json\/wp\/v2\/media\/272135"}],"wp:attachment":[{"href":"https:\/\/www.meydan.tv\/az\/wp-json\/wp\/v2\/media?parent=315813"}],"wp:term":[{"taxonomy":"category","embeddable":true,"href":"https:\/\/www.meydan.tv\/az\/wp-json\/wp\/v2\/categories?post=315813"},{"taxonomy":"post_tag","embeddable":true,"href":"https:\/\/www.meydan.tv\/az\/wp-json\/wp\/v2\/tags?post=315813"}],"curies":[{"name":"wp","href":"https:\/\/api.w.org\/{rel}","templated":true}]}}