{"id":315808,"date":"2024-09-17T18:25:25","date_gmt":"2024-09-17T14:25:25","guid":{"rendered":"https:\/\/www.meydan.tv\/?p=315808"},"modified":"2024-09-17T18:25:26","modified_gmt":"2024-09-17T14:25:26","slug":"merkezi-avropani-cengine-alan-sel-felaketinde-olenlerin-sayi-artir","status":"publish","type":"post","link":"https:\/\/www.meydan.tv\/az\/article\/merkezi-avropani-cengine-alan-sel-felaketinde-olenlerin-sayi-artir\/","title":{"rendered":"M\u0259rk\u0259zi Avropan\u0131 c\u0259ngin\u0259 alan sel f\u0259lak\u0259tind\u0259 \u00f6l\u0259nl\u0259rin say\u0131 art\u0131r"},"content":{"rendered":"\n<figure class=\"wp-block-embed is-type-video is-provider-youtube wp-block-embed-youtube wp-embed-aspect-16-9 wp-has-aspect-ratio\"><div class=\"wp-block-embed__wrapper\">\n<iframe title=\"M\u0259rk\u0259zi Avropan\u0131 c\u0259ngin\u0259 alan sel f\u0259lak\u0259tind\u0259 \u00f6l\u0259nl\u0259rin say\u0131 art\u0131r\" width=\"1200\" height=\"675\" data-src=\"https:\/\/www.youtube.com\/embed\/uYHFmlDsWiA?feature=oembed\" frameborder=\"0\" allow=\"accelerometer; autoplay; clipboard-write; encrypted-media; gyroscope; picture-in-picture; web-share\" referrerpolicy=\"strict-origin-when-cross-origin\" allowfullscreen src=\"data:image\/svg+xml;base64,PHN2ZyB3aWR0aD0iMSIgaGVpZ2h0PSIxIiB4bWxucz0iaHR0cDovL3d3dy53My5vcmcvMjAwMC9zdmciPjwvc3ZnPg==\" class=\"lazyload\" data-load-mode=\"1\"><\/iframe>\n<\/div><\/figure>\n\n\n\n<!--more-->\n\n\n\n<p><\/p>\n\n\n\n<p>\u00d6t\u0259n h\u0259ft\u0259nin sonundan M\u0259rk\u0259zi Avropan\u0131 c\u0259ngin\u0259 alan sel f\u0259lak\u0259tind\u0259 \u00f6l\u0259nl\u0259rin say\u0131 art\u0131r. \u00c7exiyada bir n\u0259f\u0259rin \u00f6ld\u00fcy\u00fc, 7 n\u0259f\u0259rin itkin d\u00fc\u015fd\u00fcy\u00fc deyilir. Pol\u015fada 4 n\u0259f\u0259rin, Avstriyada is\u0259 2 n\u0259f\u0259rin \u00f6ld\u00fcy\u00fc m\u0259lumdur. H\u0259ft\u0259sonu da Pol\u015fa, Rum\u0131niya v\u0259 Avstriyada 8 n\u0259f\u0259r h\u0259yat\u0131n\u0131 itirmi\u015fdi, onlardan biri xilasedici idi.<\/p>\n\n\n\n<p>\u201cReuters\u201d yaz\u0131r ki, b\u0259zi M\u0259rk\u0259zi Avropa \u00f6lk\u0259l\u0259rind\u0259 v\u0259ziyy\u0259t qism\u0259n sakitl\u0259\u015fs\u0259 d\u0259, b\u0259zil\u0259ri daha b\u00f6y\u00fck t\u0259hl\u00fck\u0259l\u0259r\u0259 haz\u0131rla\u015f\u0131r. Slovakiyada Dunay \u00e7ay\u0131n\u0131n da\u015fmas\u0131 paytaxt Brotislavan\u0131n Q\u0259dim \u015e\u0259h\u0259r b\u00f6lg\u0259sind\u0259 sel\u0259 s\u0259b\u0259b olub. Yerli media su s\u0259viyy\u0259sinin 9 metri ke\u00e7diyini v\u0259 y\u00fcks\u0259lm\u0259nin g\u00f6zl\u0259ndiyini yaz\u0131r. Ya\u011f\u0131nt\u0131 miqdar\u0131 rekordu \u00c7exiyada qeyd\u0259 al\u0131n\u0131b. <\/p>\n\n\n\n<p>Bu, ayl\u0131q ortalamadan 5 d\u0259f\u0259 \u00e7oxdur. Avstriyan\u0131n St Polten q\u0259s\u0259b\u0259sind\u0259 4 g\u00fcn \u0259rzind\u0259 1950-ci ild\u0259 qeyd\u0259 al\u0131nan \u0259n ya\u011f\u0131\u015fl\u0131 pay\u0131z\u0131n tamam\u0131ndan \u00e7ox ya\u011f\u0131\u015f ya\u011f\u0131b. Pol\u015fada Nysa q\u0259s\u0259b\u0259sind\u0259 bir x\u0259st\u0259xana h\u0259kiml\u0259ri v\u0259 x\u0259st\u0259l\u0259ri d\u0259 daxil olmaqla minl\u0259rl\u0259 adam evakuasiya edilib. \u00d6lk\u0259nin bir \u00e7ox yerind\u0259 yollar da\u011f\u0131l\u0131b, qatarlar\u0131n h\u0259r\u0259k\u0259tl\u0259ri m\u0259hdudla\u015fd\u0131r\u0131l\u0131b.<\/p>\n","protected":false},"excerpt":{"rendered":"","protected":false},"author":12,"featured_media":315809,"comment_status":"closed","ping_status":"closed","sticky":false,"template":"","format":"standard","meta":{"_acf_changed":false,"_sitemap_exclude":false,"_sitemap_priority":"","_sitemap_frequency":"","footnotes":""},"categories":[64,63,56],"tags":[],"class_list":["post-315808","post","type-post","status-publish","format-standard","has-post-thumbnail","hentry","category-dunya","category-video-2","category-xeberler","infinite-scroll-item","generate-columns","tablet-grid-50","mobile-grid-100","grid-parent","grid-33","no-featured-image-padding"],"acf":[],"yoast_head":"<!-- This site is optimized with the Yoast SEO plugin v27.4 - https:\/\/yoast.com\/product\/yoast-seo-wordpress\/ -->\n<title>M\u0259rk\u0259zi Avropan\u0131 c\u0259ngin\u0259 alan sel f\u0259lak\u0259tind\u0259 \u00f6l\u0259nl\u0259rin say\u0131 art\u0131r - MEYDAN.TV<\/title>\n<meta name=\"description\" content=\"\u201cReuters\u201d yaz\u0131r ki, b\u0259zi M\u0259rk\u0259zi Avropa \u00f6lk\u0259l\u0259rind\u0259 v\u0259ziyy\u0259t qism\u0259n sakitl\u0259\u015fs\u0259 d\u0259, b\u0259zil\u0259ri daha b\u00f6y\u00fck t\u0259hl\u00fck\u0259l\u0259r\u0259 haz\u0131rla\u015f\u0131r.\" \/>\n<meta name=\"robots\" content=\"index, follow, max-snippet:-1, max-image-preview:large, max-video-preview:-1\" \/>\n<link rel=\"canonical\" href=\"https:\/\/www.meydan.tv\/az\/article\/merkezi-avropani-cengine-alan-sel-felaketinde-olenlerin-sayi-artir\/\" \/>\n<meta property=\"og:locale\" content=\"az_AZ\" \/>\n<meta property=\"og:type\" content=\"article\" \/>\n<meta property=\"og:title\" content=\"M\u0259rk\u0259zi Avropan\u0131 c\u0259ngin\u0259 alan sel f\u0259lak\u0259tind\u0259 \u00f6l\u0259nl\u0259rin say\u0131 art\u0131r - MEYDAN.TV\" \/>\n<meta property=\"og:description\" content=\"\u201cReuters\u201d yaz\u0131r ki, b\u0259zi M\u0259rk\u0259zi Avropa \u00f6lk\u0259l\u0259rind\u0259 v\u0259ziyy\u0259t qism\u0259n sakitl\u0259\u015fs\u0259 d\u0259, b\u0259zil\u0259ri daha b\u00f6y\u00fck t\u0259hl\u00fck\u0259l\u0259r\u0259 haz\u0131rla\u015f\u0131r.\" \/>\n<meta property=\"og:url\" content=\"https:\/\/www.meydan.tv\/az\/article\/merkezi-avropani-cengine-alan-sel-felaketinde-olenlerin-sayi-artir\/\" \/>\n<meta property=\"og:site_name\" content=\"MEYDAN.TV\" \/>\n<meta property=\"article:published_time\" content=\"2024-09-17T14:25:25+00:00\" \/>\n<meta property=\"article:modified_time\" content=\"2024-09-17T14:25:26+00:00\" \/>\n<meta property=\"og:image\" content=\"https:\/\/www.meydan.tv\/wp-content\/uploads\/screenshot-2024-09-17-at-15.57.29.png\" \/>\n\t<meta property=\"og:image:width\" content=\"1688\" \/>\n\t<meta property=\"og:image:height\" content=\"928\" \/>\n\t<meta property=\"og:image:type\" content=\"image\/png\" \/>\n<meta name=\"author\" content=\"aleks\" \/>\n<meta name=\"twitter:card\" content=\"summary_large_image\" \/>\n<script type=\"application\/ld+json\" class=\"yoast-schema-graph\">{\"@context\":\"https:\\\/\\\/schema.org\",\"@graph\":[{\"@type\":\"Article\",\"@id\":\"https:\\\/\\\/www.meydan.tv\\\/az\\\/article\\\/merkezi-avropani-cengine-alan-sel-felaketinde-olenlerin-sayi-artir\\\/#article\",\"isPartOf\":{\"@id\":\"https:\\\/\\\/www.meydan.tv\\\/az\\\/article\\\/merkezi-avropani-cengine-alan-sel-felaketinde-olenlerin-sayi-artir\\\/\"},\"author\":{\"name\":\"aleks\",\"@id\":\"https:\\\/\\\/www.meydan.tv\\\/az\\\/#\\\/schema\\\/person\\\/476e9360e593fa131d5d71d51866f8da\"},\"headline\":\"M\u0259rk\u0259zi Avropan\u0131 c\u0259ngin\u0259 alan sel f\u0259lak\u0259tind\u0259 \u00f6l\u0259nl\u0259rin say\u0131 art\u0131r\",\"datePublished\":\"2024-09-17T14:25:25+00:00\",\"dateModified\":\"2024-09-17T14:25:26+00:00\",\"mainEntityOfPage\":{\"@id\":\"https:\\\/\\\/www.meydan.tv\\\/az\\\/article\\\/merkezi-avropani-cengine-alan-sel-felaketinde-olenlerin-sayi-artir\\\/\"},\"wordCount\":265,\"publisher\":{\"@id\":\"https:\\\/\\\/www.meydan.tv\\\/az\\\/#organization\"},\"image\":{\"@id\":\"https:\\\/\\\/www.meydan.tv\\\/az\\\/article\\\/merkezi-avropani-cengine-alan-sel-felaketinde-olenlerin-sayi-artir\\\/#primaryimage\"},\"thumbnailUrl\":\"https:\\\/\\\/www.meydan.tv\\\/wp-content\\\/uploads\\\/screenshot-2024-09-17-at-15.57.29.png\",\"articleSection\":[\"D\u00fcnya\",\"Video\",\"X\u0259b\u0259rl\u0259r\"],\"inLanguage\":\"az\"},{\"@type\":\"WebPage\",\"@id\":\"https:\\\/\\\/www.meydan.tv\\\/az\\\/article\\\/merkezi-avropani-cengine-alan-sel-felaketinde-olenlerin-sayi-artir\\\/\",\"url\":\"https:\\\/\\\/www.meydan.tv\\\/az\\\/article\\\/merkezi-avropani-cengine-alan-sel-felaketinde-olenlerin-sayi-artir\\\/\",\"name\":\"M\u0259rk\u0259zi Avropan\u0131 c\u0259ngin\u0259 alan sel f\u0259lak\u0259tind\u0259 \u00f6l\u0259nl\u0259rin say\u0131 art\u0131r - MEYDAN.TV\",\"isPartOf\":{\"@id\":\"https:\\\/\\\/www.meydan.tv\\\/az\\\/#website\"},\"primaryImageOfPage\":{\"@id\":\"https:\\\/\\\/www.meydan.tv\\\/az\\\/article\\\/merkezi-avropani-cengine-alan-sel-felaketinde-olenlerin-sayi-artir\\\/#primaryimage\"},\"image\":{\"@id\":\"https:\\\/\\\/www.meydan.tv\\\/az\\\/article\\\/merkezi-avropani-cengine-alan-sel-felaketinde-olenlerin-sayi-artir\\\/#primaryimage\"},\"thumbnailUrl\":\"https:\\\/\\\/www.meydan.tv\\\/wp-content\\\/uploads\\\/screenshot-2024-09-17-at-15.57.29.png\",\"datePublished\":\"2024-09-17T14:25:25+00:00\",\"dateModified\":\"2024-09-17T14:25:26+00:00\",\"description\":\"\u201cReuters\u201d yaz\u0131r ki, b\u0259zi M\u0259rk\u0259zi Avropa \u00f6lk\u0259l\u0259rind\u0259 v\u0259ziyy\u0259t qism\u0259n sakitl\u0259\u015fs\u0259 d\u0259, b\u0259zil\u0259ri daha b\u00f6y\u00fck t\u0259hl\u00fck\u0259l\u0259r\u0259 haz\u0131rla\u015f\u0131r.\",\"breadcrumb\":{\"@id\":\"https:\\\/\\\/www.meydan.tv\\\/az\\\/article\\\/merkezi-avropani-cengine-alan-sel-felaketinde-olenlerin-sayi-artir\\\/#breadcrumb\"},\"inLanguage\":\"az\",\"potentialAction\":[{\"@type\":\"ReadAction\",\"target\":[\"https:\\\/\\\/www.meydan.tv\\\/az\\\/article\\\/merkezi-avropani-cengine-alan-sel-felaketinde-olenlerin-sayi-artir\\\/\"]}]},{\"@type\":\"ImageObject\",\"inLanguage\":\"az\",\"@id\":\"https:\\\/\\\/www.meydan.tv\\\/az\\\/article\\\/merkezi-avropani-cengine-alan-sel-felaketinde-olenlerin-sayi-artir\\\/#primaryimage\",\"url\":\"https:\\\/\\\/www.meydan.tv\\\/wp-content\\\/uploads\\\/screenshot-2024-09-17-at-15.57.29.png\",\"contentUrl\":\"https:\\\/\\\/www.meydan.tv\\\/wp-content\\\/uploads\\\/screenshot-2024-09-17-at-15.57.29.png\",\"width\":1688,\"height\":928},{\"@type\":\"BreadcrumbList\",\"@id\":\"https:\\\/\\\/www.meydan.tv\\\/az\\\/article\\\/merkezi-avropani-cengine-alan-sel-felaketinde-olenlerin-sayi-artir\\\/#breadcrumb\",\"itemListElement\":[{\"@type\":\"ListItem\",\"position\":1,\"name\":\"Ana s\u0259hif\u0259\",\"item\":\"https:\\\/\\\/www.meydan.tv\\\/az\\\/\"},{\"@type\":\"ListItem\",\"position\":2,\"name\":\"Video\",\"item\":\"https:\\\/\\\/www.meydan.tv\\\/az\\\/section\\\/video-2\\\/\"},{\"@type\":\"ListItem\",\"position\":3,\"name\":\"M\u0259rk\u0259zi Avropan\u0131 c\u0259ngin\u0259 alan sel f\u0259lak\u0259tind\u0259 \u00f6l\u0259nl\u0259rin say\u0131 art\u0131r\"}]},{\"@type\":\"WebSite\",\"@id\":\"https:\\\/\\\/www.meydan.tv\\\/az\\\/#website\",\"url\":\"https:\\\/\\\/www.meydan.tv\\\/az\\\/\",\"name\":\"MEYDAN.TV\",\"description\":\"Meydan TV Az\u0259rbaycan\u0131n media m\u0259kan\u0131ndak\u0131 alternativ s\u0259sidir\",\"publisher\":{\"@id\":\"https:\\\/\\\/www.meydan.tv\\\/az\\\/#organization\"},\"potentialAction\":[{\"@type\":\"SearchAction\",\"target\":{\"@type\":\"EntryPoint\",\"urlTemplate\":\"https:\\\/\\\/www.meydan.tv\\\/az\\\/?s={search_term_string}\"},\"query-input\":{\"@type\":\"PropertyValueSpecification\",\"valueRequired\":true,\"valueName\":\"search_term_string\"}}],\"inLanguage\":\"az\"},{\"@type\":\"Organization\",\"@id\":\"https:\\\/\\\/www.meydan.tv\\\/az\\\/#organization\",\"name\":\"Meydan TV\",\"url\":\"https:\\\/\\\/www.meydan.tv\\\/az\\\/\",\"logo\":{\"@type\":\"ImageObject\",\"inLanguage\":\"az\",\"@id\":\"https:\\\/\\\/www.meydan.tv\\\/az\\\/#\\\/schema\\\/logo\\\/image\\\/\",\"url\":\"https:\\\/\\\/www.meydan.tv\\\/wp-content\\\/uploads\\\/2021\\\/07\\\/meydan-logo.svg\",\"contentUrl\":\"https:\\\/\\\/www.meydan.tv\\\/wp-content\\\/uploads\\\/2021\\\/07\\\/meydan-logo.svg\",\"width\":195,\"height\":46,\"caption\":\"Meydan TV\"},\"image\":{\"@id\":\"https:\\\/\\\/www.meydan.tv\\\/az\\\/#\\\/schema\\\/logo\\\/image\\\/\"}},{\"@type\":\"Person\",\"@id\":\"https:\\\/\\\/www.meydan.tv\\\/az\\\/#\\\/schema\\\/person\\\/476e9360e593fa131d5d71d51866f8da\",\"name\":\"aleks\"}]}<\/script>\n<!-- \/ Yoast SEO plugin. -->","yoast_head_json":{"title":"M\u0259rk\u0259zi Avropan\u0131 c\u0259ngin\u0259 alan sel f\u0259lak\u0259tind\u0259 \u00f6l\u0259nl\u0259rin say\u0131 art\u0131r - MEYDAN.TV","description":"\u201cReuters\u201d yaz\u0131r ki, b\u0259zi M\u0259rk\u0259zi Avropa \u00f6lk\u0259l\u0259rind\u0259 v\u0259ziyy\u0259t qism\u0259n sakitl\u0259\u015fs\u0259 d\u0259, b\u0259zil\u0259ri daha b\u00f6y\u00fck t\u0259hl\u00fck\u0259l\u0259r\u0259 haz\u0131rla\u015f\u0131r.","robots":{"index":"index","follow":"follow","max-snippet":"max-snippet:-1","max-image-preview":"max-image-preview:large","max-video-preview":"max-video-preview:-1"},"canonical":"https:\/\/www.meydan.tv\/az\/article\/merkezi-avropani-cengine-alan-sel-felaketinde-olenlerin-sayi-artir\/","og_locale":"az_AZ","og_type":"article","og_title":"M\u0259rk\u0259zi Avropan\u0131 c\u0259ngin\u0259 alan sel f\u0259lak\u0259tind\u0259 \u00f6l\u0259nl\u0259rin say\u0131 art\u0131r - MEYDAN.TV","og_description":"\u201cReuters\u201d yaz\u0131r ki, b\u0259zi M\u0259rk\u0259zi Avropa \u00f6lk\u0259l\u0259rind\u0259 v\u0259ziyy\u0259t qism\u0259n sakitl\u0259\u015fs\u0259 d\u0259, b\u0259zil\u0259ri daha b\u00f6y\u00fck t\u0259hl\u00fck\u0259l\u0259r\u0259 haz\u0131rla\u015f\u0131r.","og_url":"https:\/\/www.meydan.tv\/az\/article\/merkezi-avropani-cengine-alan-sel-felaketinde-olenlerin-sayi-artir\/","og_site_name":"MEYDAN.TV","article_published_time":"2024-09-17T14:25:25+00:00","article_modified_time":"2024-09-17T14:25:26+00:00","og_image":[{"width":1688,"height":928,"url":"https:\/\/www.meydan.tv\/wp-content\/uploads\/screenshot-2024-09-17-at-15.57.29.png","type":"image\/png"}],"author":"aleks","twitter_card":"summary_large_image","schema":{"@context":"https:\/\/schema.org","@graph":[{"@type":"Article","@id":"https:\/\/www.meydan.tv\/az\/article\/merkezi-avropani-cengine-alan-sel-felaketinde-olenlerin-sayi-artir\/#article","isPartOf":{"@id":"https:\/\/www.meydan.tv\/az\/article\/merkezi-avropani-cengine-alan-sel-felaketinde-olenlerin-sayi-artir\/"},"author":{"name":"aleks","@id":"https:\/\/www.meydan.tv\/az\/#\/schema\/person\/476e9360e593fa131d5d71d51866f8da"},"headline":"M\u0259rk\u0259zi Avropan\u0131 c\u0259ngin\u0259 alan sel f\u0259lak\u0259tind\u0259 \u00f6l\u0259nl\u0259rin say\u0131 art\u0131r","datePublished":"2024-09-17T14:25:25+00:00","dateModified":"2024-09-17T14:25:26+00:00","mainEntityOfPage":{"@id":"https:\/\/www.meydan.tv\/az\/article\/merkezi-avropani-cengine-alan-sel-felaketinde-olenlerin-sayi-artir\/"},"wordCount":265,"publisher":{"@id":"https:\/\/www.meydan.tv\/az\/#organization"},"image":{"@id":"https:\/\/www.meydan.tv\/az\/article\/merkezi-avropani-cengine-alan-sel-felaketinde-olenlerin-sayi-artir\/#primaryimage"},"thumbnailUrl":"https:\/\/www.meydan.tv\/wp-content\/uploads\/screenshot-2024-09-17-at-15.57.29.png","articleSection":["D\u00fcnya","Video","X\u0259b\u0259rl\u0259r"],"inLanguage":"az"},{"@type":"WebPage","@id":"https:\/\/www.meydan.tv\/az\/article\/merkezi-avropani-cengine-alan-sel-felaketinde-olenlerin-sayi-artir\/","url":"https:\/\/www.meydan.tv\/az\/article\/merkezi-avropani-cengine-alan-sel-felaketinde-olenlerin-sayi-artir\/","name":"M\u0259rk\u0259zi Avropan\u0131 c\u0259ngin\u0259 alan sel f\u0259lak\u0259tind\u0259 \u00f6l\u0259nl\u0259rin say\u0131 art\u0131r - MEYDAN.TV","isPartOf":{"@id":"https:\/\/www.meydan.tv\/az\/#website"},"primaryImageOfPage":{"@id":"https:\/\/www.meydan.tv\/az\/article\/merkezi-avropani-cengine-alan-sel-felaketinde-olenlerin-sayi-artir\/#primaryimage"},"image":{"@id":"https:\/\/www.meydan.tv\/az\/article\/merkezi-avropani-cengine-alan-sel-felaketinde-olenlerin-sayi-artir\/#primaryimage"},"thumbnailUrl":"https:\/\/www.meydan.tv\/wp-content\/uploads\/screenshot-2024-09-17-at-15.57.29.png","datePublished":"2024-09-17T14:25:25+00:00","dateModified":"2024-09-17T14:25:26+00:00","description":"\u201cReuters\u201d yaz\u0131r ki, b\u0259zi M\u0259rk\u0259zi Avropa \u00f6lk\u0259l\u0259rind\u0259 v\u0259ziyy\u0259t qism\u0259n sakitl\u0259\u015fs\u0259 d\u0259, b\u0259zil\u0259ri daha b\u00f6y\u00fck t\u0259hl\u00fck\u0259l\u0259r\u0259 haz\u0131rla\u015f\u0131r.","breadcrumb":{"@id":"https:\/\/www.meydan.tv\/az\/article\/merkezi-avropani-cengine-alan-sel-felaketinde-olenlerin-sayi-artir\/#breadcrumb"},"inLanguage":"az","potentialAction":[{"@type":"ReadAction","target":["https:\/\/www.meydan.tv\/az\/article\/merkezi-avropani-cengine-alan-sel-felaketinde-olenlerin-sayi-artir\/"]}]},{"@type":"ImageObject","inLanguage":"az","@id":"https:\/\/www.meydan.tv\/az\/article\/merkezi-avropani-cengine-alan-sel-felaketinde-olenlerin-sayi-artir\/#primaryimage","url":"https:\/\/www.meydan.tv\/wp-content\/uploads\/screenshot-2024-09-17-at-15.57.29.png","contentUrl":"https:\/\/www.meydan.tv\/wp-content\/uploads\/screenshot-2024-09-17-at-15.57.29.png","width":1688,"height":928},{"@type":"BreadcrumbList","@id":"https:\/\/www.meydan.tv\/az\/article\/merkezi-avropani-cengine-alan-sel-felaketinde-olenlerin-sayi-artir\/#breadcrumb","itemListElement":[{"@type":"ListItem","position":1,"name":"Ana s\u0259hif\u0259","item":"https:\/\/www.meydan.tv\/az\/"},{"@type":"ListItem","position":2,"name":"Video","item":"https:\/\/www.meydan.tv\/az\/section\/video-2\/"},{"@type":"ListItem","position":3,"name":"M\u0259rk\u0259zi Avropan\u0131 c\u0259ngin\u0259 alan sel f\u0259lak\u0259tind\u0259 \u00f6l\u0259nl\u0259rin say\u0131 art\u0131r"}]},{"@type":"WebSite","@id":"https:\/\/www.meydan.tv\/az\/#website","url":"https:\/\/www.meydan.tv\/az\/","name":"MEYDAN.TV","description":"Meydan TV Az\u0259rbaycan\u0131n media m\u0259kan\u0131ndak\u0131 alternativ s\u0259sidir","publisher":{"@id":"https:\/\/www.meydan.tv\/az\/#organization"},"potentialAction":[{"@type":"SearchAction","target":{"@type":"EntryPoint","urlTemplate":"https:\/\/www.meydan.tv\/az\/?s={search_term_string}"},"query-input":{"@type":"PropertyValueSpecification","valueRequired":true,"valueName":"search_term_string"}}],"inLanguage":"az"},{"@type":"Organization","@id":"https:\/\/www.meydan.tv\/az\/#organization","name":"Meydan TV","url":"https:\/\/www.meydan.tv\/az\/","logo":{"@type":"ImageObject","inLanguage":"az","@id":"https:\/\/www.meydan.tv\/az\/#\/schema\/logo\/image\/","url":"https:\/\/www.meydan.tv\/wp-content\/uploads\/2021\/07\/meydan-logo.svg","contentUrl":"https:\/\/www.meydan.tv\/wp-content\/uploads\/2021\/07\/meydan-logo.svg","width":195,"height":46,"caption":"Meydan TV"},"image":{"@id":"https:\/\/www.meydan.tv\/az\/#\/schema\/logo\/image\/"}},{"@type":"Person","@id":"https:\/\/www.meydan.tv\/az\/#\/schema\/person\/476e9360e593fa131d5d71d51866f8da","name":"aleks"}]}},"_links":{"self":[{"href":"https:\/\/www.meydan.tv\/az\/wp-json\/wp\/v2\/posts\/315808","targetHints":{"allow":["GET"]}}],"collection":[{"href":"https:\/\/www.meydan.tv\/az\/wp-json\/wp\/v2\/posts"}],"about":[{"href":"https:\/\/www.meydan.tv\/az\/wp-json\/wp\/v2\/types\/post"}],"author":[{"embeddable":true,"href":"https:\/\/www.meydan.tv\/az\/wp-json\/wp\/v2\/users\/12"}],"replies":[{"embeddable":true,"href":"https:\/\/www.meydan.tv\/az\/wp-json\/wp\/v2\/comments?post=315808"}],"version-history":[{"count":3,"href":"https:\/\/www.meydan.tv\/az\/wp-json\/wp\/v2\/posts\/315808\/revisions"}],"predecessor-version":[{"id":315827,"href":"https:\/\/www.meydan.tv\/az\/wp-json\/wp\/v2\/posts\/315808\/revisions\/315827"}],"wp:featuredmedia":[{"embeddable":true,"href":"https:\/\/www.meydan.tv\/az\/wp-json\/wp\/v2\/media\/315809"}],"wp:attachment":[{"href":"https:\/\/www.meydan.tv\/az\/wp-json\/wp\/v2\/media?parent=315808"}],"wp:term":[{"taxonomy":"category","embeddable":true,"href":"https:\/\/www.meydan.tv\/az\/wp-json\/wp\/v2\/categories?post=315808"},{"taxonomy":"post_tag","embeddable":true,"href":"https:\/\/www.meydan.tv\/az\/wp-json\/wp\/v2\/tags?post=315808"}],"curies":[{"name":"wp","href":"https:\/\/api.w.org\/{rel}","templated":true}]}}