{"id":315787,"date":"2024-09-17T17:51:05","date_gmt":"2024-09-17T13:51:05","guid":{"rendered":"https:\/\/www.meydan.tv\/?p=315787"},"modified":"2024-09-17T17:51:07","modified_gmt":"2024-09-17T13:51:07","slug":"denizkenari-bulvar-idaresinin-kecmis-rehberi-hebs-olunub","status":"publish","type":"post","link":"https:\/\/www.meydan.tv\/az\/article\/denizkenari-bulvar-idaresinin-kecmis-rehberi-hebs-olunub\/","title":{"rendered":"D\u0259nizk\u0259nar\u0131 Bulvar \u0130dar\u0259sinin ke\u00e7mi\u015f r\u0259hb\u0259ri h\u0259bs olunub"},"content":{"rendered":"\n<p><\/p>\n\n\n\n<p><em><strong>\u0130lqar Mustafayevin ittiham olundu\u011fu madd\u0259d\u0259 14 il\u0259 q\u0259d\u0259r h\u0259bs n\u0259z\u0259rd\u0259 tutulub<\/strong><\/em><\/p>\n\n\n\n<p>D\u0259nizk\u0259nar\u0131 Bulvar \u0130dar\u0259sinin sabiq r\u0259hb\u0259ri \u0130lqar Mustafayev h\u0259bs olunub. Bu bar\u0259d\u0259 Ba\u015f Prokurorlu\u011fun m\u0259tbuat xidm\u0259ti m\u0259lumat yay\u0131b.<\/p>\n\n\n\n<p>M\u0259lumatda bildirilir ki, D\u0259nizk\u0259nar\u0131 Bulvar \u0130dar\u0259sind\u0259 v\u0259zif\u0259li \u015f\u0259xsl\u0259rin qanunsuz \u0259m\u0259ll\u0259ri haqda Hesablama Palatas\u0131ndan daxil olmu\u015f material \u0259sas\u0131nda Korrupsiyaya Qar\u015f\u0131 M\u00fcbariz\u0259 \u0130dar\u0259sind\u0259 cinay\u0259t i\u015fi ba\u015flan\u0131b. Ara\u015fd\u0131rmalar n\u0259tic\u0259sind\u0259 idar\u0259d\u0259 2021-2023-c\u00fc ill\u0259rd\u0259 x\u00fcsusil\u0259 k\u00fclli miqdarda m\u0259nims\u0259m\u0259 v\u0259 israf\u00e7\u0131l\u0131q, v\u0259zif\u0259 s\u0259lahiyy\u0259tl\u0259rind\u0259n sui-istifad\u0259 v\u0259 saxtakarl\u0131q hallar\u0131 a\u015fkarlan\u0131b.<\/p>\n\n\n\n<p>D\u0259nizk\u0259nar\u0131 Bulvar \u0130dar\u0259sinin \u0130dar\u0259 Hey\u0259tinin sabiq s\u0259dri \u0130lqar Mustafayev\u0259 qar\u015f\u0131 Cinay\u0259t M\u0259c\u0259ll\u0259sinin 179.4 (x\u00fcsusil\u0259 k\u00fclli miqdarda ziyan vurmaqla m\u0259nims\u0259m\u0259), 308.2 (a\u011f\u0131r n\u0259tic\u0259l\u0259r\u0259 s\u0259b\u0259b olan v\u0259zif\u0259 s\u0259lahiyy\u0259tl\u0259rind\u0259n sui-istifad\u0259) v\u0259 313-c\u00fc (v\u0259zif\u0259 saxtakarl\u0131\u011f\u0131) madd\u0259l\u0259ri il\u0259 ittiham ir\u0259li s\u00fcr\u00fcl\u00fcb.<\/p>\n\n\n\n<p>Bin\u0259q\u0259di Rayon M\u0259hk\u0259m\u0259sinin q\u0259rar\u0131 il\u0259 onun bar\u0259sind\u0259 ilkin istintaq d\u00f6vr\u00fc \u00fc\u00e7\u00fcn h\u0259bs q\u0259timkan t\u0259dbiri se\u00e7ilib.<\/p>\n\n\n\n<p>\u0130lqar Mustafayev\u0259 ittiham veril\u0259n madd\u0259l\u0259rd\u0259 14 il\u0259 q\u0259d\u0259r azadl\u0131qdan m\u0259hrumetm\u0259 c\u0259zas\u0131 n\u0259z\u0259rd\u0259 tutulub. Lakin onun bu ittihamlara m\u00fcnasib\u0259ti, \u00f6z\u00fcn\u00fc t\u0259qsirli bilib-bilm\u0259diyi m\u0259lum deyil.<\/p>\n\n\n\n<p>\u0130lqar Mustafayev 2016-c\u0131 ild\u0259n D\u0259nizk\u0259nar\u0131 Bulvar \u0130dar\u0259sinin \u0130H-nin s\u0259dri idi. O, bu il yanvar\u0131n 29-da Prezidentin s\u0259r\u0259ncam\u0131 il\u0259 i\u015fd\u0259n \u00e7\u0131xar\u0131l\u0131b.<\/p>\n","protected":false},"excerpt":{"rendered":"<p>\u0130lqar Mustafayevin ittiham olundu\u011fu madd\u0259d\u0259 14 il\u0259 q\u0259d\u0259r h\u0259bs n\u0259z\u0259rd\u0259 &#8230; <\/p>\n<p class=\"read-more-container\"><a title=\"D\u0259nizk\u0259nar\u0131 Bulvar \u0130dar\u0259sinin ke\u00e7mi\u015f r\u0259hb\u0259ri h\u0259bs olunub\" class=\"read-more button\" href=\"https:\/\/www.meydan.tv\/az\/article\/denizkenari-bulvar-idaresinin-kecmis-rehberi-hebs-olunub\/#more-315787\" aria-label=\"Read more about D\u0259nizk\u0259nar\u0131 Bulvar \u0130dar\u0259sinin ke\u00e7mi\u015f r\u0259hb\u0259ri h\u0259bs olunub\">Davam\u0131<\/a><\/p>\n","protected":false},"author":8,"featured_media":315789,"comment_status":"closed","ping_status":"closed","sticky":false,"template":"","format":"standard","meta":{"_acf_changed":false,"_sitemap_exclude":false,"_sitemap_priority":"","_sitemap_frequency":"","footnotes":""},"categories":[62,56],"tags":[],"class_list":["post-315787","post","type-post","status-publish","format-standard","has-post-thumbnail","hentry","category-sosial","category-xeberler","infinite-scroll-item","generate-columns","tablet-grid-50","mobile-grid-100","grid-parent","grid-33","no-featured-image-padding"],"acf":[],"yoast_head":"<!-- This site is optimized with the Yoast SEO plugin v27.4 - https:\/\/yoast.com\/product\/yoast-seo-wordpress\/ -->\n<title>D\u0259nizk\u0259nar\u0131 Bulvar \u0130dar\u0259sinin ke\u00e7mi\u015f r\u0259hb\u0259ri h\u0259bs olunub - MEYDAN.TV<\/title>\n<meta name=\"description\" content=\"\u0130lqar Mustafayev\u0259 ittiham veril\u0259n madd\u0259l\u0259rd\u0259 14 il\u0259 q\u0259d\u0259r azadl\u0131qdan m\u0259hrumetm\u0259 c\u0259zas\u0131 n\u0259z\u0259rd\u0259 tutulub.\" \/>\n<meta name=\"robots\" content=\"index, follow, max-snippet:-1, max-image-preview:large, max-video-preview:-1\" \/>\n<link rel=\"canonical\" href=\"https:\/\/www.meydan.tv\/az\/article\/denizkenari-bulvar-idaresinin-kecmis-rehberi-hebs-olunub\/\" \/>\n<meta property=\"og:locale\" content=\"az_AZ\" \/>\n<meta property=\"og:type\" content=\"article\" \/>\n<meta property=\"og:title\" content=\"D\u0259nizk\u0259nar\u0131 Bulvar \u0130dar\u0259sinin ke\u00e7mi\u015f r\u0259hb\u0259ri h\u0259bs olunub - MEYDAN.TV\" \/>\n<meta property=\"og:description\" content=\"\u0130lqar Mustafayev\u0259 ittiham veril\u0259n madd\u0259l\u0259rd\u0259 14 il\u0259 q\u0259d\u0259r azadl\u0131qdan m\u0259hrumetm\u0259 c\u0259zas\u0131 n\u0259z\u0259rd\u0259 tutulub.\" \/>\n<meta property=\"og:url\" content=\"https:\/\/www.meydan.tv\/az\/article\/denizkenari-bulvar-idaresinin-kecmis-rehberi-hebs-olunub\/\" \/>\n<meta property=\"og:site_name\" content=\"MEYDAN.TV\" \/>\n<meta property=\"article:published_time\" content=\"2024-09-17T13:51:05+00:00\" \/>\n<meta property=\"article:modified_time\" content=\"2024-09-17T13:51:07+00:00\" \/>\n<meta property=\"og:image\" content=\"https:\/\/www.meydan.tv\/wp-content\/uploads\/1726574269-e1726580452488.jpg\" \/>\n\t<meta property=\"og:image:width\" content=\"1200\" \/>\n\t<meta property=\"og:image:height\" content=\"448\" \/>\n\t<meta property=\"og:image:type\" content=\"image\/jpeg\" \/>\n<meta name=\"author\" content=\"elli\" \/>\n<meta name=\"twitter:card\" content=\"summary_large_image\" \/>\n<meta name=\"twitter:creator\" content=\"@elli\" \/>\n<script type=\"application\/ld+json\" class=\"yoast-schema-graph\">{\"@context\":\"https:\\\/\\\/schema.org\",\"@graph\":[{\"@type\":\"Article\",\"@id\":\"https:\\\/\\\/www.meydan.tv\\\/az\\\/article\\\/denizkenari-bulvar-idaresinin-kecmis-rehberi-hebs-olunub\\\/#article\",\"isPartOf\":{\"@id\":\"https:\\\/\\\/www.meydan.tv\\\/az\\\/article\\\/denizkenari-bulvar-idaresinin-kecmis-rehberi-hebs-olunub\\\/\"},\"author\":{\"name\":\"elli\",\"@id\":\"https:\\\/\\\/www.meydan.tv\\\/az\\\/#\\\/schema\\\/person\\\/9cdbecf90d17180ce1dfbd95b08dcf47\"},\"headline\":\"D\u0259nizk\u0259nar\u0131 Bulvar \u0130dar\u0259sinin ke\u00e7mi\u015f r\u0259hb\u0259ri h\u0259bs olunub\",\"datePublished\":\"2024-09-17T13:51:05+00:00\",\"dateModified\":\"2024-09-17T13:51:07+00:00\",\"mainEntityOfPage\":{\"@id\":\"https:\\\/\\\/www.meydan.tv\\\/az\\\/article\\\/denizkenari-bulvar-idaresinin-kecmis-rehberi-hebs-olunub\\\/\"},\"wordCount\":302,\"publisher\":{\"@id\":\"https:\\\/\\\/www.meydan.tv\\\/az\\\/#organization\"},\"image\":{\"@id\":\"https:\\\/\\\/www.meydan.tv\\\/az\\\/article\\\/denizkenari-bulvar-idaresinin-kecmis-rehberi-hebs-olunub\\\/#primaryimage\"},\"thumbnailUrl\":\"https:\\\/\\\/www.meydan.tv\\\/wp-content\\\/uploads\\\/1726574269-e1726580452488.jpg\",\"articleSection\":[\"Sosial\",\"X\u0259b\u0259rl\u0259r\"],\"inLanguage\":\"az\"},{\"@type\":\"WebPage\",\"@id\":\"https:\\\/\\\/www.meydan.tv\\\/az\\\/article\\\/denizkenari-bulvar-idaresinin-kecmis-rehberi-hebs-olunub\\\/\",\"url\":\"https:\\\/\\\/www.meydan.tv\\\/az\\\/article\\\/denizkenari-bulvar-idaresinin-kecmis-rehberi-hebs-olunub\\\/\",\"name\":\"D\u0259nizk\u0259nar\u0131 Bulvar \u0130dar\u0259sinin ke\u00e7mi\u015f r\u0259hb\u0259ri h\u0259bs olunub - MEYDAN.TV\",\"isPartOf\":{\"@id\":\"https:\\\/\\\/www.meydan.tv\\\/az\\\/#website\"},\"primaryImageOfPage\":{\"@id\":\"https:\\\/\\\/www.meydan.tv\\\/az\\\/article\\\/denizkenari-bulvar-idaresinin-kecmis-rehberi-hebs-olunub\\\/#primaryimage\"},\"image\":{\"@id\":\"https:\\\/\\\/www.meydan.tv\\\/az\\\/article\\\/denizkenari-bulvar-idaresinin-kecmis-rehberi-hebs-olunub\\\/#primaryimage\"},\"thumbnailUrl\":\"https:\\\/\\\/www.meydan.tv\\\/wp-content\\\/uploads\\\/1726574269-e1726580452488.jpg\",\"datePublished\":\"2024-09-17T13:51:05+00:00\",\"dateModified\":\"2024-09-17T13:51:07+00:00\",\"description\":\"\u0130lqar Mustafayev\u0259 ittiham veril\u0259n madd\u0259l\u0259rd\u0259 14 il\u0259 q\u0259d\u0259r azadl\u0131qdan m\u0259hrumetm\u0259 c\u0259zas\u0131 n\u0259z\u0259rd\u0259 tutulub.\",\"breadcrumb\":{\"@id\":\"https:\\\/\\\/www.meydan.tv\\\/az\\\/article\\\/denizkenari-bulvar-idaresinin-kecmis-rehberi-hebs-olunub\\\/#breadcrumb\"},\"inLanguage\":\"az\",\"potentialAction\":[{\"@type\":\"ReadAction\",\"target\":[\"https:\\\/\\\/www.meydan.tv\\\/az\\\/article\\\/denizkenari-bulvar-idaresinin-kecmis-rehberi-hebs-olunub\\\/\"]}]},{\"@type\":\"ImageObject\",\"inLanguage\":\"az\",\"@id\":\"https:\\\/\\\/www.meydan.tv\\\/az\\\/article\\\/denizkenari-bulvar-idaresinin-kecmis-rehberi-hebs-olunub\\\/#primaryimage\",\"url\":\"https:\\\/\\\/www.meydan.tv\\\/wp-content\\\/uploads\\\/1726574269-e1726580452488.jpg\",\"contentUrl\":\"https:\\\/\\\/www.meydan.tv\\\/wp-content\\\/uploads\\\/1726574269-e1726580452488.jpg\",\"width\":1200,\"height\":448,\"caption\":\"\u0130lqar Mustafayev. Foto: Az\u0259rtac\"},{\"@type\":\"BreadcrumbList\",\"@id\":\"https:\\\/\\\/www.meydan.tv\\\/az\\\/article\\\/denizkenari-bulvar-idaresinin-kecmis-rehberi-hebs-olunub\\\/#breadcrumb\",\"itemListElement\":[{\"@type\":\"ListItem\",\"position\":1,\"name\":\"Ana s\u0259hif\u0259\",\"item\":\"https:\\\/\\\/www.meydan.tv\\\/az\\\/\"},{\"@type\":\"ListItem\",\"position\":2,\"name\":\"Sosial\",\"item\":\"https:\\\/\\\/www.meydan.tv\\\/az\\\/section\\\/sosial\\\/\"},{\"@type\":\"ListItem\",\"position\":3,\"name\":\"D\u0259nizk\u0259nar\u0131 Bulvar \u0130dar\u0259sinin ke\u00e7mi\u015f r\u0259hb\u0259ri h\u0259bs olunub\"}]},{\"@type\":\"WebSite\",\"@id\":\"https:\\\/\\\/www.meydan.tv\\\/az\\\/#website\",\"url\":\"https:\\\/\\\/www.meydan.tv\\\/az\\\/\",\"name\":\"MEYDAN.TV\",\"description\":\"Meydan TV Az\u0259rbaycan\u0131n media m\u0259kan\u0131ndak\u0131 alternativ s\u0259sidir\",\"publisher\":{\"@id\":\"https:\\\/\\\/www.meydan.tv\\\/az\\\/#organization\"},\"potentialAction\":[{\"@type\":\"SearchAction\",\"target\":{\"@type\":\"EntryPoint\",\"urlTemplate\":\"https:\\\/\\\/www.meydan.tv\\\/az\\\/?s={search_term_string}\"},\"query-input\":{\"@type\":\"PropertyValueSpecification\",\"valueRequired\":true,\"valueName\":\"search_term_string\"}}],\"inLanguage\":\"az\"},{\"@type\":\"Organization\",\"@id\":\"https:\\\/\\\/www.meydan.tv\\\/az\\\/#organization\",\"name\":\"Meydan TV\",\"url\":\"https:\\\/\\\/www.meydan.tv\\\/az\\\/\",\"logo\":{\"@type\":\"ImageObject\",\"inLanguage\":\"az\",\"@id\":\"https:\\\/\\\/www.meydan.tv\\\/az\\\/#\\\/schema\\\/logo\\\/image\\\/\",\"url\":\"https:\\\/\\\/www.meydan.tv\\\/wp-content\\\/uploads\\\/2021\\\/07\\\/meydan-logo.svg\",\"contentUrl\":\"https:\\\/\\\/www.meydan.tv\\\/wp-content\\\/uploads\\\/2021\\\/07\\\/meydan-logo.svg\",\"width\":195,\"height\":46,\"caption\":\"Meydan TV\"},\"image\":{\"@id\":\"https:\\\/\\\/www.meydan.tv\\\/az\\\/#\\\/schema\\\/logo\\\/image\\\/\"}},{\"@type\":\"Person\",\"@id\":\"https:\\\/\\\/www.meydan.tv\\\/az\\\/#\\\/schema\\\/person\\\/9cdbecf90d17180ce1dfbd95b08dcf47\",\"name\":\"elli\",\"sameAs\":[\"https:\\\/\\\/x.com\\\/elli\"]}]}<\/script>\n<!-- \/ Yoast SEO plugin. -->","yoast_head_json":{"title":"D\u0259nizk\u0259nar\u0131 Bulvar \u0130dar\u0259sinin ke\u00e7mi\u015f r\u0259hb\u0259ri h\u0259bs olunub - MEYDAN.TV","description":"\u0130lqar Mustafayev\u0259 ittiham veril\u0259n madd\u0259l\u0259rd\u0259 14 il\u0259 q\u0259d\u0259r azadl\u0131qdan m\u0259hrumetm\u0259 c\u0259zas\u0131 n\u0259z\u0259rd\u0259 tutulub.","robots":{"index":"index","follow":"follow","max-snippet":"max-snippet:-1","max-image-preview":"max-image-preview:large","max-video-preview":"max-video-preview:-1"},"canonical":"https:\/\/www.meydan.tv\/az\/article\/denizkenari-bulvar-idaresinin-kecmis-rehberi-hebs-olunub\/","og_locale":"az_AZ","og_type":"article","og_title":"D\u0259nizk\u0259nar\u0131 Bulvar \u0130dar\u0259sinin ke\u00e7mi\u015f r\u0259hb\u0259ri h\u0259bs olunub - MEYDAN.TV","og_description":"\u0130lqar Mustafayev\u0259 ittiham veril\u0259n madd\u0259l\u0259rd\u0259 14 il\u0259 q\u0259d\u0259r azadl\u0131qdan m\u0259hrumetm\u0259 c\u0259zas\u0131 n\u0259z\u0259rd\u0259 tutulub.","og_url":"https:\/\/www.meydan.tv\/az\/article\/denizkenari-bulvar-idaresinin-kecmis-rehberi-hebs-olunub\/","og_site_name":"MEYDAN.TV","article_published_time":"2024-09-17T13:51:05+00:00","article_modified_time":"2024-09-17T13:51:07+00:00","og_image":[{"width":1200,"height":448,"url":"https:\/\/www.meydan.tv\/wp-content\/uploads\/1726574269-e1726580452488.jpg","type":"image\/jpeg"}],"author":"elli","twitter_card":"summary_large_image","twitter_creator":"@elli","schema":{"@context":"https:\/\/schema.org","@graph":[{"@type":"Article","@id":"https:\/\/www.meydan.tv\/az\/article\/denizkenari-bulvar-idaresinin-kecmis-rehberi-hebs-olunub\/#article","isPartOf":{"@id":"https:\/\/www.meydan.tv\/az\/article\/denizkenari-bulvar-idaresinin-kecmis-rehberi-hebs-olunub\/"},"author":{"name":"elli","@id":"https:\/\/www.meydan.tv\/az\/#\/schema\/person\/9cdbecf90d17180ce1dfbd95b08dcf47"},"headline":"D\u0259nizk\u0259nar\u0131 Bulvar \u0130dar\u0259sinin ke\u00e7mi\u015f r\u0259hb\u0259ri h\u0259bs olunub","datePublished":"2024-09-17T13:51:05+00:00","dateModified":"2024-09-17T13:51:07+00:00","mainEntityOfPage":{"@id":"https:\/\/www.meydan.tv\/az\/article\/denizkenari-bulvar-idaresinin-kecmis-rehberi-hebs-olunub\/"},"wordCount":302,"publisher":{"@id":"https:\/\/www.meydan.tv\/az\/#organization"},"image":{"@id":"https:\/\/www.meydan.tv\/az\/article\/denizkenari-bulvar-idaresinin-kecmis-rehberi-hebs-olunub\/#primaryimage"},"thumbnailUrl":"https:\/\/www.meydan.tv\/wp-content\/uploads\/1726574269-e1726580452488.jpg","articleSection":["Sosial","X\u0259b\u0259rl\u0259r"],"inLanguage":"az"},{"@type":"WebPage","@id":"https:\/\/www.meydan.tv\/az\/article\/denizkenari-bulvar-idaresinin-kecmis-rehberi-hebs-olunub\/","url":"https:\/\/www.meydan.tv\/az\/article\/denizkenari-bulvar-idaresinin-kecmis-rehberi-hebs-olunub\/","name":"D\u0259nizk\u0259nar\u0131 Bulvar \u0130dar\u0259sinin ke\u00e7mi\u015f r\u0259hb\u0259ri h\u0259bs olunub - MEYDAN.TV","isPartOf":{"@id":"https:\/\/www.meydan.tv\/az\/#website"},"primaryImageOfPage":{"@id":"https:\/\/www.meydan.tv\/az\/article\/denizkenari-bulvar-idaresinin-kecmis-rehberi-hebs-olunub\/#primaryimage"},"image":{"@id":"https:\/\/www.meydan.tv\/az\/article\/denizkenari-bulvar-idaresinin-kecmis-rehberi-hebs-olunub\/#primaryimage"},"thumbnailUrl":"https:\/\/www.meydan.tv\/wp-content\/uploads\/1726574269-e1726580452488.jpg","datePublished":"2024-09-17T13:51:05+00:00","dateModified":"2024-09-17T13:51:07+00:00","description":"\u0130lqar Mustafayev\u0259 ittiham veril\u0259n madd\u0259l\u0259rd\u0259 14 il\u0259 q\u0259d\u0259r azadl\u0131qdan m\u0259hrumetm\u0259 c\u0259zas\u0131 n\u0259z\u0259rd\u0259 tutulub.","breadcrumb":{"@id":"https:\/\/www.meydan.tv\/az\/article\/denizkenari-bulvar-idaresinin-kecmis-rehberi-hebs-olunub\/#breadcrumb"},"inLanguage":"az","potentialAction":[{"@type":"ReadAction","target":["https:\/\/www.meydan.tv\/az\/article\/denizkenari-bulvar-idaresinin-kecmis-rehberi-hebs-olunub\/"]}]},{"@type":"ImageObject","inLanguage":"az","@id":"https:\/\/www.meydan.tv\/az\/article\/denizkenari-bulvar-idaresinin-kecmis-rehberi-hebs-olunub\/#primaryimage","url":"https:\/\/www.meydan.tv\/wp-content\/uploads\/1726574269-e1726580452488.jpg","contentUrl":"https:\/\/www.meydan.tv\/wp-content\/uploads\/1726574269-e1726580452488.jpg","width":1200,"height":448,"caption":"\u0130lqar Mustafayev. Foto: Az\u0259rtac"},{"@type":"BreadcrumbList","@id":"https:\/\/www.meydan.tv\/az\/article\/denizkenari-bulvar-idaresinin-kecmis-rehberi-hebs-olunub\/#breadcrumb","itemListElement":[{"@type":"ListItem","position":1,"name":"Ana s\u0259hif\u0259","item":"https:\/\/www.meydan.tv\/az\/"},{"@type":"ListItem","position":2,"name":"Sosial","item":"https:\/\/www.meydan.tv\/az\/section\/sosial\/"},{"@type":"ListItem","position":3,"name":"D\u0259nizk\u0259nar\u0131 Bulvar \u0130dar\u0259sinin ke\u00e7mi\u015f r\u0259hb\u0259ri h\u0259bs olunub"}]},{"@type":"WebSite","@id":"https:\/\/www.meydan.tv\/az\/#website","url":"https:\/\/www.meydan.tv\/az\/","name":"MEYDAN.TV","description":"Meydan TV Az\u0259rbaycan\u0131n media m\u0259kan\u0131ndak\u0131 alternativ s\u0259sidir","publisher":{"@id":"https:\/\/www.meydan.tv\/az\/#organization"},"potentialAction":[{"@type":"SearchAction","target":{"@type":"EntryPoint","urlTemplate":"https:\/\/www.meydan.tv\/az\/?s={search_term_string}"},"query-input":{"@type":"PropertyValueSpecification","valueRequired":true,"valueName":"search_term_string"}}],"inLanguage":"az"},{"@type":"Organization","@id":"https:\/\/www.meydan.tv\/az\/#organization","name":"Meydan TV","url":"https:\/\/www.meydan.tv\/az\/","logo":{"@type":"ImageObject","inLanguage":"az","@id":"https:\/\/www.meydan.tv\/az\/#\/schema\/logo\/image\/","url":"https:\/\/www.meydan.tv\/wp-content\/uploads\/2021\/07\/meydan-logo.svg","contentUrl":"https:\/\/www.meydan.tv\/wp-content\/uploads\/2021\/07\/meydan-logo.svg","width":195,"height":46,"caption":"Meydan TV"},"image":{"@id":"https:\/\/www.meydan.tv\/az\/#\/schema\/logo\/image\/"}},{"@type":"Person","@id":"https:\/\/www.meydan.tv\/az\/#\/schema\/person\/9cdbecf90d17180ce1dfbd95b08dcf47","name":"elli","sameAs":["https:\/\/x.com\/elli"]}]}},"_links":{"self":[{"href":"https:\/\/www.meydan.tv\/az\/wp-json\/wp\/v2\/posts\/315787","targetHints":{"allow":["GET"]}}],"collection":[{"href":"https:\/\/www.meydan.tv\/az\/wp-json\/wp\/v2\/posts"}],"about":[{"href":"https:\/\/www.meydan.tv\/az\/wp-json\/wp\/v2\/types\/post"}],"author":[{"embeddable":true,"href":"https:\/\/www.meydan.tv\/az\/wp-json\/wp\/v2\/users\/8"}],"replies":[{"embeddable":true,"href":"https:\/\/www.meydan.tv\/az\/wp-json\/wp\/v2\/comments?post=315787"}],"version-history":[{"count":2,"href":"https:\/\/www.meydan.tv\/az\/wp-json\/wp\/v2\/posts\/315787\/revisions"}],"predecessor-version":[{"id":315794,"href":"https:\/\/www.meydan.tv\/az\/wp-json\/wp\/v2\/posts\/315787\/revisions\/315794"}],"wp:featuredmedia":[{"embeddable":true,"href":"https:\/\/www.meydan.tv\/az\/wp-json\/wp\/v2\/media\/315789"}],"wp:attachment":[{"href":"https:\/\/www.meydan.tv\/az\/wp-json\/wp\/v2\/media?parent=315787"}],"wp:term":[{"taxonomy":"category","embeddable":true,"href":"https:\/\/www.meydan.tv\/az\/wp-json\/wp\/v2\/categories?post=315787"},{"taxonomy":"post_tag","embeddable":true,"href":"https:\/\/www.meydan.tv\/az\/wp-json\/wp\/v2\/tags?post=315787"}],"curies":[{"name":"wp","href":"https:\/\/api.w.org\/{rel}","templated":true}]}}