{"id":315724,"date":"2024-09-17T14:48:40","date_gmt":"2024-09-17T10:48:40","guid":{"rendered":"https:\/\/www.meydan.tv\/?p=315724"},"modified":"2024-09-17T14:48:43","modified_gmt":"2024-09-17T10:48:43","slug":"kecmis-vekil-moskvada-deleduzluq-ittihami-ile-saxlanilib","status":"publish","type":"post","link":"https:\/\/www.meydan.tv\/az\/article\/kecmis-vekil-moskvada-deleduzluq-ittihami-ile-saxlanilib\/","title":{"rendered":"Ke\u00e7mi\u015f v\u0259kil Moskvada d\u0259l\u0259duzluq ittiham\u0131 il\u0259 saxlan\u0131l\u0131b"},"content":{"rendered":"\n<p><\/p>\n\n\n\n<p><strong><em>G\u00fcnah\u0131 s\u00fcbuta yetiril\u0259rs\u0259, Elman Pa\u015fayevi 10 il\u0259 q\u0259d\u0259r h\u0259bs c\u0259zas\u0131 g\u00f6zl\u0259yir<\/em><\/strong><\/p>\n\n\n\n<p>Ke\u00e7mi\u015f v\u0259kil Elman Pa\u015fayev Moskvada d\u0259l\u0259duzluq ittiham\u0131 il\u0259 saxlan\u0131l\u0131b.<\/p>\n\n\n\n<p>Bu bar\u0259d\u0259 sentyabr\u0131n 17-d\u0259 Rusiya \u0130stintaq Komit\u0259si m\u0259lumat yay\u0131b.<\/p>\n\n\n\n<p>Bildirilir ki, Elman Pa\u015fayev\u0259 qar\u015f\u0131 Cinay\u0259t M\u0259c\u0259ll\u0259sinin 159-cu madd\u0259si (x\u00fcsusil\u0259 b\u00f6y\u00fck miqyasda f\u0131r\u0131ldaq\u00e7\u0131l\u0131q) madd\u0259si il\u0259 cinay\u0259t i\u015fi a\u00e7\u0131l\u0131b:<\/p>\n\n\n\n<p><em>&#8220;G\u00fcnah\u0131 s\u00fcbuta yetiril\u0259rs\u0259, Elman Pa\u015fayevi 10 il\u0259 q\u0259d\u0259r h\u0259bs c\u0259zas\u0131 g\u00f6zl\u0259yir. Elman Pa\u015fayev haz\u0131rda h\u0259rbi qulluq\u00e7u oldu\u011fu \u00fc\u00e7\u00fcn sentyabr\u0131n 18-d\u0259 h\u0259rbi m\u0259hk\u0259m\u0259 onun bar\u0259sind\u0259 h\u0259bs-q\u0259timkan t\u0259dbiri se\u00e7\u0259c\u0259k&#8221;.<\/em><\/p>\n\n\n\n<p><em>&#8220;\u0130stintaq m\u00fc\u0259yy\u0259n etdi ki, 2024-c\u00fc ilin fevral\u0131nda Elman Pa\u015fayev Aleksey Blinovskini inand\u0131r\u0131b ki, &#8220;b\u00f6y\u00fck pul m\u00fckafat\u0131&#8221; m\u00fcqabilind\u0259 onu v\u0259 h\u0259yat yolda\u015f\u0131 Yelena Blinovskayan\u0131 \u0259vv\u0259ll\u0259r a\u00e7\u0131lm\u0131\u015f vergid\u0259n yay\u0131nma i\u015fi \u00fczr\u0259 cinay\u0259t m\u0259suliyy\u0259tind\u0259n azad ed\u0259 bil\u0259r. Buna g\u00f6r\u0259 Pa\u015fayev ondan 46 milyon rubldan \u00e7ox pul al\u0131b. Blinovski Pa\u015fayev i\u015fi \u00fczr\u0259 z\u0259r\u0259r\u00e7\u0259kmi\u015f kimi tan\u0131n\u0131b&#8221;,<\/em> &#8211; dey\u0259 komit\u0259 \u0259lav\u0259<a href=\"https:\/\/tass.ru\/proisshestviya\/21883439\" target=\"_blank\" rel=\"noreferrer noopener\"> edib.<\/a><\/p>\n\n\n\n<p>Bloger Yelena Blinovskaya \u201cArzular marafonu\u201d \u015f\u0259xsi kurslar\u0131n\u0131n m\u00fc\u0259llifidir.<\/p>\n\n\n\n<p>\u0130stintaq Komit\u0259si 2023-c\u00fc ilin aprelind\u0259 onu vergid\u0259n yay\u0131nmada, qanunsuz g\u0259lirl\u0259ri leqalla\u015fd\u0131rmaqda ittiham edib.<\/p>\n\n\n\n<p>Ona qar\u015f\u0131 Cinay\u0259t M\u0259c\u0259ll\u0259sinin 198-ci madd\u0259sinin 2-ci hiss\u0259si v\u0259 \u00e7irkli pullar\u0131n yuyulmas\u0131 (4-c\u00fc hiss\u0259nin \u201cb\u201d b\u0259ndi) ittihamlar\u0131 il\u0259 cinay\u0259t i\u015fi a\u00e7\u0131l\u0131b.<\/p>\n\n\n\n<p>\u00d6t\u0259n ilin aprelin 27-d\u0259 Y.Blinovskaya Rusiyan\u0131n s\u0259rh\u0259dini ke\u00e7m\u0259k ist\u0259y\u0259rk\u0259n Smolensk vilay\u0259tind\u0259 s\u0259rh\u0259d-ke\u00e7id m\u0259nt\u0259q\u0259sind\u0259 saxlan\u0131l\u0131b, axtar\u0131\u015f zaman\u0131 onun Da\u015fk\u0259nd\u0259 getm\u0259k ist\u0259diyi m\u0259lum olub.<\/p>\n\n\n\n<p>2024-c\u00fc il yanvar\u0131n 22-d\u0259 Moskvan\u0131n Zamoskvoretski Rayon M\u0259hk\u0259m\u0259si Y.Blinovskayan\u0131 ev dustaql\u0131\u011f\u0131 \u015f\u0259rtl\u0259rini pozdu\u011funa g\u00f6r\u0259 h\u0259bs edib.<\/p>\n\n\n\n<p>Aprelin 24-d\u0259 Moskva \u015e\u0259h\u0259r M\u0259hk\u0259m\u0259si Yelena Blinovskayan\u0131n h\u0259bs m\u00fcdd\u0259tini 3 ay uzad\u0131b.<\/p>\n\n\n\n<p>\u0130yulun 24-d\u0259 Moskva \u015e\u0259h\u0259r M\u0259hk\u0259m\u0259si h\u0259bs m\u00fcdd\u0259tini daha bir ay uzad\u0131b.<\/p>\n\n\n\n<p>\u00d6t\u0259n ay\u0131n 1-d\u0259 prokurorluq ittiham akt\u0131n\u0131 t\u0259sdiql\u0259yib.<\/p>\n\n\n\n<p>Yelena Blinovskayan\u0131n \u0259ri Aleksey Blinovski d\u0259 vergid\u0259n yay\u0131nmaqda v\u0259 x\u00fcsusil\u0259 b\u00f6y\u00fck miqyasda \u00e7irkli pullar\u0131n yuyulmas\u0131nda ittiham olunur.<\/p>\n\n\n\n<p>\u0130yun ay\u0131nda Rusiya Daxili \u0130\u015fl\u0259r Nazirliyi Aleksey Blinovski haqda axtar\u0131\u015f elan edib.<\/p>\n","protected":false},"excerpt":{"rendered":"<p>G\u00fcnah\u0131 s\u00fcbuta yetiril\u0259rs\u0259, Elman Pa\u015fayevi 10 il\u0259 q\u0259d\u0259r h\u0259bs c\u0259zas\u0131 &#8230; <\/p>\n<p class=\"read-more-container\"><a title=\"Ke\u00e7mi\u015f v\u0259kil Moskvada d\u0259l\u0259duzluq ittiham\u0131 il\u0259 saxlan\u0131l\u0131b\" class=\"read-more button\" href=\"https:\/\/www.meydan.tv\/az\/article\/kecmis-vekil-moskvada-deleduzluq-ittihami-ile-saxlanilib\/#more-315724\" aria-label=\"Read more about Ke\u00e7mi\u015f v\u0259kil Moskvada d\u0259l\u0259duzluq ittiham\u0131 il\u0259 saxlan\u0131l\u0131b\">Davam\u0131<\/a><\/p>\n","protected":false},"author":8,"featured_media":315721,"comment_status":"closed","ping_status":"closed","sticky":false,"template":"","format":"standard","meta":{"_acf_changed":false,"_sitemap_exclude":false,"_sitemap_priority":"","_sitemap_frequency":"","footnotes":""},"categories":[64,62,56],"tags":[],"class_list":["post-315724","post","type-post","status-publish","format-standard","has-post-thumbnail","hentry","category-dunya","category-sosial","category-xeberler","infinite-scroll-item","generate-columns","tablet-grid-50","mobile-grid-100","grid-parent","grid-33","no-featured-image-padding"],"acf":[],"yoast_head":"<!-- This site is optimized with the Yoast SEO plugin v27.4 - https:\/\/yoast.com\/product\/yoast-seo-wordpress\/ -->\n<title>Ke\u00e7mi\u015f v\u0259kil Moskvada d\u0259l\u0259duzluq ittiham\u0131 il\u0259 saxlan\u0131l\u0131b - MEYDAN.TV<\/title>\n<meta name=\"description\" content=\"Elman Pa\u015fayev\u0259 qar\u015f\u0131 Cinay\u0259t M\u0259c\u0259ll\u0259sinin 159-cu madd\u0259si (x\u00fcsusil\u0259 b\u00f6y\u00fck miqyasda f\u0131r\u0131ldaq\u00e7\u0131l\u0131q) madd\u0259si il\u0259 cinay\u0259t i\u015fi a\u00e7\u0131l\u0131b.\" \/>\n<meta name=\"robots\" content=\"index, follow, max-snippet:-1, max-image-preview:large, max-video-preview:-1\" \/>\n<link rel=\"canonical\" href=\"https:\/\/www.meydan.tv\/az\/article\/kecmis-vekil-moskvada-deleduzluq-ittihami-ile-saxlanilib\/\" \/>\n<meta property=\"og:locale\" content=\"az_AZ\" \/>\n<meta property=\"og:type\" content=\"article\" \/>\n<meta property=\"og:title\" content=\"Ke\u00e7mi\u015f v\u0259kil Moskvada d\u0259l\u0259duzluq ittiham\u0131 il\u0259 saxlan\u0131l\u0131b - MEYDAN.TV\" \/>\n<meta property=\"og:description\" content=\"Elman Pa\u015fayev\u0259 qar\u015f\u0131 Cinay\u0259t M\u0259c\u0259ll\u0259sinin 159-cu madd\u0259si (x\u00fcsusil\u0259 b\u00f6y\u00fck miqyasda f\u0131r\u0131ldaq\u00e7\u0131l\u0131q) madd\u0259si il\u0259 cinay\u0259t i\u015fi a\u00e7\u0131l\u0131b.\" \/>\n<meta property=\"og:url\" content=\"https:\/\/www.meydan.tv\/az\/article\/kecmis-vekil-moskvada-deleduzluq-ittihami-ile-saxlanilib\/\" \/>\n<meta property=\"og:site_name\" content=\"MEYDAN.TV\" \/>\n<meta property=\"article:published_time\" content=\"2024-09-17T10:48:40+00:00\" \/>\n<meta property=\"article:modified_time\" content=\"2024-09-17T10:48:43+00:00\" \/>\n<meta property=\"og:image\" content=\"https:\/\/www.meydan.tv\/wp-content\/uploads\/screenshot_2-57.png\" \/>\n\t<meta property=\"og:image:width\" content=\"1200\" \/>\n\t<meta property=\"og:image:height\" content=\"716\" \/>\n\t<meta property=\"og:image:type\" content=\"image\/png\" \/>\n<meta name=\"author\" content=\"elli\" \/>\n<meta name=\"twitter:card\" content=\"summary_large_image\" \/>\n<meta name=\"twitter:creator\" content=\"@elli\" \/>\n<script type=\"application\/ld+json\" class=\"yoast-schema-graph\">{\"@context\":\"https:\\\/\\\/schema.org\",\"@graph\":[{\"@type\":\"Article\",\"@id\":\"https:\\\/\\\/www.meydan.tv\\\/az\\\/article\\\/kecmis-vekil-moskvada-deleduzluq-ittihami-ile-saxlanilib\\\/#article\",\"isPartOf\":{\"@id\":\"https:\\\/\\\/www.meydan.tv\\\/az\\\/article\\\/kecmis-vekil-moskvada-deleduzluq-ittihami-ile-saxlanilib\\\/\"},\"author\":{\"name\":\"elli\",\"@id\":\"https:\\\/\\\/www.meydan.tv\\\/az\\\/#\\\/schema\\\/person\\\/9cdbecf90d17180ce1dfbd95b08dcf47\"},\"headline\":\"Ke\u00e7mi\u015f v\u0259kil Moskvada d\u0259l\u0259duzluq ittiham\u0131 il\u0259 saxlan\u0131l\u0131b\",\"datePublished\":\"2024-09-17T10:48:40+00:00\",\"dateModified\":\"2024-09-17T10:48:43+00:00\",\"mainEntityOfPage\":{\"@id\":\"https:\\\/\\\/www.meydan.tv\\\/az\\\/article\\\/kecmis-vekil-moskvada-deleduzluq-ittihami-ile-saxlanilib\\\/\"},\"wordCount\":464,\"publisher\":{\"@id\":\"https:\\\/\\\/www.meydan.tv\\\/az\\\/#organization\"},\"image\":{\"@id\":\"https:\\\/\\\/www.meydan.tv\\\/az\\\/article\\\/kecmis-vekil-moskvada-deleduzluq-ittihami-ile-saxlanilib\\\/#primaryimage\"},\"thumbnailUrl\":\"https:\\\/\\\/www.meydan.tv\\\/wp-content\\\/uploads\\\/screenshot_2-57.png\",\"articleSection\":[\"D\u00fcnya\",\"Sosial\",\"X\u0259b\u0259rl\u0259r\"],\"inLanguage\":\"az\"},{\"@type\":\"WebPage\",\"@id\":\"https:\\\/\\\/www.meydan.tv\\\/az\\\/article\\\/kecmis-vekil-moskvada-deleduzluq-ittihami-ile-saxlanilib\\\/\",\"url\":\"https:\\\/\\\/www.meydan.tv\\\/az\\\/article\\\/kecmis-vekil-moskvada-deleduzluq-ittihami-ile-saxlanilib\\\/\",\"name\":\"Ke\u00e7mi\u015f v\u0259kil Moskvada d\u0259l\u0259duzluq ittiham\u0131 il\u0259 saxlan\u0131l\u0131b - MEYDAN.TV\",\"isPartOf\":{\"@id\":\"https:\\\/\\\/www.meydan.tv\\\/az\\\/#website\"},\"primaryImageOfPage\":{\"@id\":\"https:\\\/\\\/www.meydan.tv\\\/az\\\/article\\\/kecmis-vekil-moskvada-deleduzluq-ittihami-ile-saxlanilib\\\/#primaryimage\"},\"image\":{\"@id\":\"https:\\\/\\\/www.meydan.tv\\\/az\\\/article\\\/kecmis-vekil-moskvada-deleduzluq-ittihami-ile-saxlanilib\\\/#primaryimage\"},\"thumbnailUrl\":\"https:\\\/\\\/www.meydan.tv\\\/wp-content\\\/uploads\\\/screenshot_2-57.png\",\"datePublished\":\"2024-09-17T10:48:40+00:00\",\"dateModified\":\"2024-09-17T10:48:43+00:00\",\"description\":\"Elman Pa\u015fayev\u0259 qar\u015f\u0131 Cinay\u0259t M\u0259c\u0259ll\u0259sinin 159-cu madd\u0259si (x\u00fcsusil\u0259 b\u00f6y\u00fck miqyasda f\u0131r\u0131ldaq\u00e7\u0131l\u0131q) madd\u0259si il\u0259 cinay\u0259t i\u015fi a\u00e7\u0131l\u0131b.\",\"breadcrumb\":{\"@id\":\"https:\\\/\\\/www.meydan.tv\\\/az\\\/article\\\/kecmis-vekil-moskvada-deleduzluq-ittihami-ile-saxlanilib\\\/#breadcrumb\"},\"inLanguage\":\"az\",\"potentialAction\":[{\"@type\":\"ReadAction\",\"target\":[\"https:\\\/\\\/www.meydan.tv\\\/az\\\/article\\\/kecmis-vekil-moskvada-deleduzluq-ittihami-ile-saxlanilib\\\/\"]}]},{\"@type\":\"ImageObject\",\"inLanguage\":\"az\",\"@id\":\"https:\\\/\\\/www.meydan.tv\\\/az\\\/article\\\/kecmis-vekil-moskvada-deleduzluq-ittihami-ile-saxlanilib\\\/#primaryimage\",\"url\":\"https:\\\/\\\/www.meydan.tv\\\/wp-content\\\/uploads\\\/screenshot_2-57.png\",\"contentUrl\":\"https:\\\/\\\/www.meydan.tv\\\/wp-content\\\/uploads\\\/screenshot_2-57.png\",\"width\":1200,\"height\":716,\"caption\":\"Elman Pa\u015fayev. Foto: Wiki\"},{\"@type\":\"BreadcrumbList\",\"@id\":\"https:\\\/\\\/www.meydan.tv\\\/az\\\/article\\\/kecmis-vekil-moskvada-deleduzluq-ittihami-ile-saxlanilib\\\/#breadcrumb\",\"itemListElement\":[{\"@type\":\"ListItem\",\"position\":1,\"name\":\"Ana s\u0259hif\u0259\",\"item\":\"https:\\\/\\\/www.meydan.tv\\\/az\\\/\"},{\"@type\":\"ListItem\",\"position\":2,\"name\":\"D\u00fcnya\",\"item\":\"https:\\\/\\\/www.meydan.tv\\\/az\\\/section\\\/dunya\\\/\"},{\"@type\":\"ListItem\",\"position\":3,\"name\":\"Ke\u00e7mi\u015f v\u0259kil Moskvada d\u0259l\u0259duzluq ittiham\u0131 il\u0259 saxlan\u0131l\u0131b\"}]},{\"@type\":\"WebSite\",\"@id\":\"https:\\\/\\\/www.meydan.tv\\\/az\\\/#website\",\"url\":\"https:\\\/\\\/www.meydan.tv\\\/az\\\/\",\"name\":\"MEYDAN.TV\",\"description\":\"Meydan TV Az\u0259rbaycan\u0131n media m\u0259kan\u0131ndak\u0131 alternativ s\u0259sidir\",\"publisher\":{\"@id\":\"https:\\\/\\\/www.meydan.tv\\\/az\\\/#organization\"},\"potentialAction\":[{\"@type\":\"SearchAction\",\"target\":{\"@type\":\"EntryPoint\",\"urlTemplate\":\"https:\\\/\\\/www.meydan.tv\\\/az\\\/?s={search_term_string}\"},\"query-input\":{\"@type\":\"PropertyValueSpecification\",\"valueRequired\":true,\"valueName\":\"search_term_string\"}}],\"inLanguage\":\"az\"},{\"@type\":\"Organization\",\"@id\":\"https:\\\/\\\/www.meydan.tv\\\/az\\\/#organization\",\"name\":\"Meydan TV\",\"url\":\"https:\\\/\\\/www.meydan.tv\\\/az\\\/\",\"logo\":{\"@type\":\"ImageObject\",\"inLanguage\":\"az\",\"@id\":\"https:\\\/\\\/www.meydan.tv\\\/az\\\/#\\\/schema\\\/logo\\\/image\\\/\",\"url\":\"https:\\\/\\\/www.meydan.tv\\\/wp-content\\\/uploads\\\/2021\\\/07\\\/meydan-logo.svg\",\"contentUrl\":\"https:\\\/\\\/www.meydan.tv\\\/wp-content\\\/uploads\\\/2021\\\/07\\\/meydan-logo.svg\",\"width\":195,\"height\":46,\"caption\":\"Meydan TV\"},\"image\":{\"@id\":\"https:\\\/\\\/www.meydan.tv\\\/az\\\/#\\\/schema\\\/logo\\\/image\\\/\"}},{\"@type\":\"Person\",\"@id\":\"https:\\\/\\\/www.meydan.tv\\\/az\\\/#\\\/schema\\\/person\\\/9cdbecf90d17180ce1dfbd95b08dcf47\",\"name\":\"elli\",\"sameAs\":[\"https:\\\/\\\/x.com\\\/elli\"]}]}<\/script>\n<!-- \/ Yoast SEO plugin. -->","yoast_head_json":{"title":"Ke\u00e7mi\u015f v\u0259kil Moskvada d\u0259l\u0259duzluq ittiham\u0131 il\u0259 saxlan\u0131l\u0131b - MEYDAN.TV","description":"Elman Pa\u015fayev\u0259 qar\u015f\u0131 Cinay\u0259t M\u0259c\u0259ll\u0259sinin 159-cu madd\u0259si (x\u00fcsusil\u0259 b\u00f6y\u00fck miqyasda f\u0131r\u0131ldaq\u00e7\u0131l\u0131q) madd\u0259si il\u0259 cinay\u0259t i\u015fi a\u00e7\u0131l\u0131b.","robots":{"index":"index","follow":"follow","max-snippet":"max-snippet:-1","max-image-preview":"max-image-preview:large","max-video-preview":"max-video-preview:-1"},"canonical":"https:\/\/www.meydan.tv\/az\/article\/kecmis-vekil-moskvada-deleduzluq-ittihami-ile-saxlanilib\/","og_locale":"az_AZ","og_type":"article","og_title":"Ke\u00e7mi\u015f v\u0259kil Moskvada d\u0259l\u0259duzluq ittiham\u0131 il\u0259 saxlan\u0131l\u0131b - MEYDAN.TV","og_description":"Elman Pa\u015fayev\u0259 qar\u015f\u0131 Cinay\u0259t M\u0259c\u0259ll\u0259sinin 159-cu madd\u0259si (x\u00fcsusil\u0259 b\u00f6y\u00fck miqyasda f\u0131r\u0131ldaq\u00e7\u0131l\u0131q) madd\u0259si il\u0259 cinay\u0259t i\u015fi a\u00e7\u0131l\u0131b.","og_url":"https:\/\/www.meydan.tv\/az\/article\/kecmis-vekil-moskvada-deleduzluq-ittihami-ile-saxlanilib\/","og_site_name":"MEYDAN.TV","article_published_time":"2024-09-17T10:48:40+00:00","article_modified_time":"2024-09-17T10:48:43+00:00","og_image":[{"width":1200,"height":716,"url":"https:\/\/www.meydan.tv\/wp-content\/uploads\/screenshot_2-57.png","type":"image\/png"}],"author":"elli","twitter_card":"summary_large_image","twitter_creator":"@elli","schema":{"@context":"https:\/\/schema.org","@graph":[{"@type":"Article","@id":"https:\/\/www.meydan.tv\/az\/article\/kecmis-vekil-moskvada-deleduzluq-ittihami-ile-saxlanilib\/#article","isPartOf":{"@id":"https:\/\/www.meydan.tv\/az\/article\/kecmis-vekil-moskvada-deleduzluq-ittihami-ile-saxlanilib\/"},"author":{"name":"elli","@id":"https:\/\/www.meydan.tv\/az\/#\/schema\/person\/9cdbecf90d17180ce1dfbd95b08dcf47"},"headline":"Ke\u00e7mi\u015f v\u0259kil Moskvada d\u0259l\u0259duzluq ittiham\u0131 il\u0259 saxlan\u0131l\u0131b","datePublished":"2024-09-17T10:48:40+00:00","dateModified":"2024-09-17T10:48:43+00:00","mainEntityOfPage":{"@id":"https:\/\/www.meydan.tv\/az\/article\/kecmis-vekil-moskvada-deleduzluq-ittihami-ile-saxlanilib\/"},"wordCount":464,"publisher":{"@id":"https:\/\/www.meydan.tv\/az\/#organization"},"image":{"@id":"https:\/\/www.meydan.tv\/az\/article\/kecmis-vekil-moskvada-deleduzluq-ittihami-ile-saxlanilib\/#primaryimage"},"thumbnailUrl":"https:\/\/www.meydan.tv\/wp-content\/uploads\/screenshot_2-57.png","articleSection":["D\u00fcnya","Sosial","X\u0259b\u0259rl\u0259r"],"inLanguage":"az"},{"@type":"WebPage","@id":"https:\/\/www.meydan.tv\/az\/article\/kecmis-vekil-moskvada-deleduzluq-ittihami-ile-saxlanilib\/","url":"https:\/\/www.meydan.tv\/az\/article\/kecmis-vekil-moskvada-deleduzluq-ittihami-ile-saxlanilib\/","name":"Ke\u00e7mi\u015f v\u0259kil Moskvada d\u0259l\u0259duzluq ittiham\u0131 il\u0259 saxlan\u0131l\u0131b - MEYDAN.TV","isPartOf":{"@id":"https:\/\/www.meydan.tv\/az\/#website"},"primaryImageOfPage":{"@id":"https:\/\/www.meydan.tv\/az\/article\/kecmis-vekil-moskvada-deleduzluq-ittihami-ile-saxlanilib\/#primaryimage"},"image":{"@id":"https:\/\/www.meydan.tv\/az\/article\/kecmis-vekil-moskvada-deleduzluq-ittihami-ile-saxlanilib\/#primaryimage"},"thumbnailUrl":"https:\/\/www.meydan.tv\/wp-content\/uploads\/screenshot_2-57.png","datePublished":"2024-09-17T10:48:40+00:00","dateModified":"2024-09-17T10:48:43+00:00","description":"Elman Pa\u015fayev\u0259 qar\u015f\u0131 Cinay\u0259t M\u0259c\u0259ll\u0259sinin 159-cu madd\u0259si (x\u00fcsusil\u0259 b\u00f6y\u00fck miqyasda f\u0131r\u0131ldaq\u00e7\u0131l\u0131q) madd\u0259si il\u0259 cinay\u0259t i\u015fi a\u00e7\u0131l\u0131b.","breadcrumb":{"@id":"https:\/\/www.meydan.tv\/az\/article\/kecmis-vekil-moskvada-deleduzluq-ittihami-ile-saxlanilib\/#breadcrumb"},"inLanguage":"az","potentialAction":[{"@type":"ReadAction","target":["https:\/\/www.meydan.tv\/az\/article\/kecmis-vekil-moskvada-deleduzluq-ittihami-ile-saxlanilib\/"]}]},{"@type":"ImageObject","inLanguage":"az","@id":"https:\/\/www.meydan.tv\/az\/article\/kecmis-vekil-moskvada-deleduzluq-ittihami-ile-saxlanilib\/#primaryimage","url":"https:\/\/www.meydan.tv\/wp-content\/uploads\/screenshot_2-57.png","contentUrl":"https:\/\/www.meydan.tv\/wp-content\/uploads\/screenshot_2-57.png","width":1200,"height":716,"caption":"Elman Pa\u015fayev. Foto: Wiki"},{"@type":"BreadcrumbList","@id":"https:\/\/www.meydan.tv\/az\/article\/kecmis-vekil-moskvada-deleduzluq-ittihami-ile-saxlanilib\/#breadcrumb","itemListElement":[{"@type":"ListItem","position":1,"name":"Ana s\u0259hif\u0259","item":"https:\/\/www.meydan.tv\/az\/"},{"@type":"ListItem","position":2,"name":"D\u00fcnya","item":"https:\/\/www.meydan.tv\/az\/section\/dunya\/"},{"@type":"ListItem","position":3,"name":"Ke\u00e7mi\u015f v\u0259kil Moskvada d\u0259l\u0259duzluq ittiham\u0131 il\u0259 saxlan\u0131l\u0131b"}]},{"@type":"WebSite","@id":"https:\/\/www.meydan.tv\/az\/#website","url":"https:\/\/www.meydan.tv\/az\/","name":"MEYDAN.TV","description":"Meydan TV Az\u0259rbaycan\u0131n media m\u0259kan\u0131ndak\u0131 alternativ s\u0259sidir","publisher":{"@id":"https:\/\/www.meydan.tv\/az\/#organization"},"potentialAction":[{"@type":"SearchAction","target":{"@type":"EntryPoint","urlTemplate":"https:\/\/www.meydan.tv\/az\/?s={search_term_string}"},"query-input":{"@type":"PropertyValueSpecification","valueRequired":true,"valueName":"search_term_string"}}],"inLanguage":"az"},{"@type":"Organization","@id":"https:\/\/www.meydan.tv\/az\/#organization","name":"Meydan TV","url":"https:\/\/www.meydan.tv\/az\/","logo":{"@type":"ImageObject","inLanguage":"az","@id":"https:\/\/www.meydan.tv\/az\/#\/schema\/logo\/image\/","url":"https:\/\/www.meydan.tv\/wp-content\/uploads\/2021\/07\/meydan-logo.svg","contentUrl":"https:\/\/www.meydan.tv\/wp-content\/uploads\/2021\/07\/meydan-logo.svg","width":195,"height":46,"caption":"Meydan TV"},"image":{"@id":"https:\/\/www.meydan.tv\/az\/#\/schema\/logo\/image\/"}},{"@type":"Person","@id":"https:\/\/www.meydan.tv\/az\/#\/schema\/person\/9cdbecf90d17180ce1dfbd95b08dcf47","name":"elli","sameAs":["https:\/\/x.com\/elli"]}]}},"_links":{"self":[{"href":"https:\/\/www.meydan.tv\/az\/wp-json\/wp\/v2\/posts\/315724","targetHints":{"allow":["GET"]}}],"collection":[{"href":"https:\/\/www.meydan.tv\/az\/wp-json\/wp\/v2\/posts"}],"about":[{"href":"https:\/\/www.meydan.tv\/az\/wp-json\/wp\/v2\/types\/post"}],"author":[{"embeddable":true,"href":"https:\/\/www.meydan.tv\/az\/wp-json\/wp\/v2\/users\/8"}],"replies":[{"embeddable":true,"href":"https:\/\/www.meydan.tv\/az\/wp-json\/wp\/v2\/comments?post=315724"}],"version-history":[{"count":3,"href":"https:\/\/www.meydan.tv\/az\/wp-json\/wp\/v2\/posts\/315724\/revisions"}],"predecessor-version":[{"id":315727,"href":"https:\/\/www.meydan.tv\/az\/wp-json\/wp\/v2\/posts\/315724\/revisions\/315727"}],"wp:featuredmedia":[{"embeddable":true,"href":"https:\/\/www.meydan.tv\/az\/wp-json\/wp\/v2\/media\/315721"}],"wp:attachment":[{"href":"https:\/\/www.meydan.tv\/az\/wp-json\/wp\/v2\/media?parent=315724"}],"wp:term":[{"taxonomy":"category","embeddable":true,"href":"https:\/\/www.meydan.tv\/az\/wp-json\/wp\/v2\/categories?post=315724"},{"taxonomy":"post_tag","embeddable":true,"href":"https:\/\/www.meydan.tv\/az\/wp-json\/wp\/v2\/tags?post=315724"}],"curies":[{"name":"wp","href":"https:\/\/api.w.org\/{rel}","templated":true}]}}