{"id":315701,"date":"2024-09-17T12:46:04","date_gmt":"2024-09-17T08:46:04","guid":{"rendered":"https:\/\/www.meydan.tv\/?p=315701"},"modified":"2024-09-17T12:46:07","modified_gmt":"2024-09-17T08:46:07","slug":"azerbaycan-cop29la-bagli-planlari-aciqlayib","status":"publish","type":"post","link":"https:\/\/www.meydan.tv\/az\/article\/azerbaycan-cop29la-bagli-planlari-aciqlayib\/","title":{"rendered":"Az\u0259rbaycan COP29-la ba\u011fl\u0131 planlar\u0131 a\u00e7\u0131qlay\u0131b"},"content":{"rendered":"\n<p><\/p>\n\n\n\n<p><strong><em>S\u00fclh v\u0259 iqliml\u0259 ba\u011fl\u0131 f\u0259aliyy\u0259tin vacibliyi vur\u011fulan\u0131b<\/em><\/strong><\/p>\n\n\n\n<p>Birl\u0259\u015fmi\u015f Mill\u0259tl\u0259r T\u0259\u015fkilat\u0131n\u0131n COP29 \u0130qlim Sammitin\u0259 iki aydan az bir m\u00fcdd\u0259t qalm\u0131\u015f Az\u0259rbaycan r\u0259hb\u0259rliyi planlar\u0131 a\u00e7\u0131qlay\u0131b.<\/p>\n\n\n\n<p>\u201cReuters\u201d <a href=\"https:\/\/www.reuters.com\/business\/environment\/cop29-leaders-unveil-climate-funding-energy-storage-goals-2024-09-17\/\" target=\"_blank\" rel=\"noreferrer noopener\">yaz\u0131r<\/a> ki, \u00f6lk\u0259l\u0259r yeni maliyy\u0259l\u0259\u015fdirm\u0259 h\u0259d\u0259fi \u00fc\u00e7\u00fcn ambisiyalar\u0131 nec\u0259 art\u0131racaqlar\u0131 y\u00f6n\u00fcnd\u0259 d\u00fc\u015f\u00fcnm\u0259y\u0259 davam edir.<\/p>\n\n\n\n<p>Noyabr sammitinin \u0259sas v\u0259zif\u0259si yoxsul \u00f6lk\u0259l\u0259rin iqlim d\u0259yi\u015fikliyinin \u00f6hd\u0259sind\u0259n g\u0259lm\u0259sin\u0259 k\u00f6m\u0259k etm\u0259k \u00fc\u00e7\u00fcn varl\u0131 \u00f6lk\u0259l\u0259rin \u00f6d\u0259y\u0259c\u0259kl\u0259ri maliyy\u0259l\u0259\u015fdirm\u0259 \u00fc\u00e7\u00fcn yeni illik h\u0259d\u0259fi raz\u0131la\u015fd\u0131rmaqd\u0131r.<\/p>\n\n\n\n<p>Bir \u00e7ox inki\u015faf etm\u0259kd\u0259 olan \u00f6lk\u0259l\u0259r buna investisiya etm\u0259k \u00fc\u00e7\u00fcn daha \u00e7ox maliyy\u0259 d\u0259st\u0259yi almadan emissiyalar\u0131 daha s\u00fcr\u0259tli azaltmaq \u00fc\u00e7\u00fcn h\u0259d\u0259fl\u0259rini t\u0259kmill\u0259\u015fdir\u0259 bilm\u0259y\u0259c\u0259kl\u0259rini deyirl\u0259r.<\/p>\n\n\n\n<p><em>\u201cB\u00fct\u00fcn bunlar\u0131n qar\u015f\u0131s\u0131nda g\u00fcnd\u0259m koalisiya yaratmaq v\u0259 ir\u0259lil\u0259yi\u015f\u0259 nail olmaq \u00fc\u00e7\u00fcn \u00c7NL-in \u00e7a\u011f\u0131r\u0131\u015f g\u00fcc\u00fcnd\u0259n v\u0259 ev sahibl\u0259rinin m\u00fcvafiq milli imkanlar\u0131ndan istifad\u0259 etm\u0259kdir\u201d, <\/em>&#8211; dey\u0259 \u00c7NL-in s\u0259drliyini h\u0259yata ke\u00e7ir\u0259n Muxtar Babayev b\u00fct\u00fcn t\u0259r\u0259fl\u0259r\u0259 v\u0259 maraql\u0131 t\u0259r\u0259fl\u0259r\u0259 m\u0259ktubunda bildirib.<\/p>\n\n\n\n<p>\u00d6t\u0259n il Dubayda ke\u00e7iril\u0259n COP28 sammitind\u0259 120-d\u0259n \u00e7ox \u00f6lk\u0259, m\u0259s\u0259l\u0259n, 2030-cu il\u0259 q\u0259d\u0259r b\u0259rpa olunan enerji potensial\u0131n\u0131 \u00fc\u00e7 d\u0259f\u0259 art\u0131rma\u011f\u0131 v\u0259d etmi\u015fdi.<\/p>\n\n\n\n<p>COP29-un s\u0259drliyi h\u0259m\u00e7inin qlobal enerji saxlama qabiliyy\u0259tini 2022-ci il s\u0259viyy\u0259sind\u0259n alt\u0131 d\u0259f\u0259 art\u0131rmaq v\u0259 2030-cu il\u0259 q\u0259d\u0259r 1500 qiqavatt-a \u00e7atd\u0131rmaq \u00f6hd\u0259liyi \u0259traf\u0131nda d\u0259st\u0259k qurma\u011fa \u00fcmid edir. Bu, enerji \u015f\u0259b\u0259k\u0259l\u0259rin\u0259 s\u0259rmay\u0259l\u0259ri geni\u015fl\u0259ndirm\u0259k, 80 milyon km-d\u0259n \u00e7ox \u0259lav\u0259 v\u0259 ya t\u0259mir etm\u0259k \u00f6hd\u0259liyini \u0259hat\u0259 ed\u0259c\u0259k. Prosesl\u0259rin 2040-c\u0131 il\u0259 q\u0259d\u0259r h\u0259yata ke\u00e7iril\u0259c\u0259yi d\u00fc\u015f\u00fcn\u00fcl\u00fcr.<\/p>\n\n\n\n<p>Az\u0259rbaycan\u0131n ekologiya v\u0259 t\u0259bii s\u0259rv\u0259tl\u0259r naziri olan Babayev deyib ki, g\u00fcnd\u0259m <em>\u201cmaraql\u0131 t\u0259r\u0259fl\u0259ri \u00fcmumi prinsipl\u0259r v\u0259 m\u0259qs\u0259dl\u0259r \u0259traf\u0131nda bir araya g\u0259tir\u0259r\u0259k ambisiyalar\u0131 g\u00fccl\u0259ndirm\u0259y\u0259 k\u00f6m\u0259k ed\u0259c\u0259k\u201d.<\/em><\/p>\n\n\n\n<p><em>\u201c\u00dcmid edirik ki, \u0259n aktual probleml\u0259rin b\u0259zil\u0259rini h\u0259ll ed\u0259c\u0259yik, eyni zamanda, qalan prioritetl\u0259ri m\u00fczakir\u0259 ed\u0259c\u0259yik\u201d,-<\/em> o deyib.<\/p>\n\n\n\n<p>COP29 lideri h\u0259m\u00e7inin s\u00fclh v\u0259 iqliml\u0259 ba\u011fl\u0131 f\u0259aliyy\u0259tin vacibliyini vur\u011fulay\u0131b.<\/p>\n\n\n\n<p>\u00d6lk\u0259l\u0259rin m\u00f6vcud iqlim \u00f6hd\u0259likl\u0259rin\u0259 baxmayaraq, qal\u0131q yanacaqlar\u0131n yand\u0131r\u0131lmas\u0131 n\u0259tic\u0259sind\u0259 karbon dioksid emissiyalar\u0131 ke\u00e7\u0259n il rekord h\u0259dd\u0259 \u00e7at\u0131b v\u0259 temperatur y\u00fcks\u0259ldikc\u0259, d\u00fcnyan\u0131n \u0259n isti yay\u0131 ya\u015fan\u0131b.<\/p>\n","protected":false},"excerpt":{"rendered":"<p>S\u00fclh v\u0259 iqliml\u0259 ba\u011fl\u0131 f\u0259aliyy\u0259tin vacibliyi vur\u011fulan\u0131b Birl\u0259\u015fmi\u015f Mill\u0259tl\u0259r T\u0259\u015fkilat\u0131n\u0131n &#8230; <\/p>\n<p class=\"read-more-container\"><a title=\"Az\u0259rbaycan COP29-la ba\u011fl\u0131 planlar\u0131 a\u00e7\u0131qlay\u0131b\" class=\"read-more button\" href=\"https:\/\/www.meydan.tv\/az\/article\/azerbaycan-cop29la-bagli-planlari-aciqlayib\/#more-315701\" aria-label=\"Read more about Az\u0259rbaycan COP29-la ba\u011fl\u0131 planlar\u0131 a\u00e7\u0131qlay\u0131b\">Davam\u0131<\/a><\/p>\n","protected":false},"author":8,"featured_media":295658,"comment_status":"closed","ping_status":"closed","sticky":false,"template":"","format":"standard","meta":{"_acf_changed":false,"_sitemap_exclude":false,"_sitemap_priority":"","_sitemap_frequency":"","footnotes":""},"categories":[62,56],"tags":[],"class_list":["post-315701","post","type-post","status-publish","format-standard","has-post-thumbnail","hentry","category-sosial","category-xeberler","infinite-scroll-item","generate-columns","tablet-grid-50","mobile-grid-100","grid-parent","grid-33","no-featured-image-padding"],"acf":[],"yoast_head":"<!-- This site is optimized with the Yoast SEO plugin v27.4 - https:\/\/yoast.com\/product\/yoast-seo-wordpress\/ -->\n<title>Az\u0259rbaycan COP29-la ba\u011fl\u0131 planlar\u0131 a\u00e7\u0131qlay\u0131b - MEYDAN.TV<\/title>\n<meta name=\"description\" content=\"\u00d6t\u0259n il Dubayda ke\u00e7iril\u0259n COP28 sammitind\u0259 120-d\u0259n \u00e7ox \u00f6lk\u0259, m\u0259s\u0259l\u0259n, 2030-cu il\u0259 q\u0259d\u0259r b\u0259rpa olunan enerji potensial\u0131n\u0131 \u00fc\u00e7 d\u0259f\u0259 art\u0131rma\u011f\u0131 v\u0259d etmi\u015fdi.\" \/>\n<meta name=\"robots\" content=\"index, follow, max-snippet:-1, max-image-preview:large, max-video-preview:-1\" \/>\n<link rel=\"canonical\" href=\"https:\/\/www.meydan.tv\/az\/article\/azerbaycan-cop29la-bagli-planlari-aciqlayib\/\" \/>\n<meta property=\"og:locale\" content=\"az_AZ\" \/>\n<meta property=\"og:type\" content=\"article\" \/>\n<meta property=\"og:title\" content=\"Az\u0259rbaycan COP29-la ba\u011fl\u0131 planlar\u0131 a\u00e7\u0131qlay\u0131b - MEYDAN.TV\" \/>\n<meta property=\"og:description\" content=\"\u00d6t\u0259n il Dubayda ke\u00e7iril\u0259n COP28 sammitind\u0259 120-d\u0259n \u00e7ox \u00f6lk\u0259, m\u0259s\u0259l\u0259n, 2030-cu il\u0259 q\u0259d\u0259r b\u0259rpa olunan enerji potensial\u0131n\u0131 \u00fc\u00e7 d\u0259f\u0259 art\u0131rma\u011f\u0131 v\u0259d etmi\u015fdi.\" \/>\n<meta property=\"og:url\" content=\"https:\/\/www.meydan.tv\/az\/article\/azerbaycan-cop29la-bagli-planlari-aciqlayib\/\" \/>\n<meta property=\"og:site_name\" content=\"MEYDAN.TV\" \/>\n<meta property=\"article:published_time\" content=\"2024-09-17T08:46:04+00:00\" \/>\n<meta property=\"article:modified_time\" content=\"2024-09-17T08:46:07+00:00\" \/>\n<meta property=\"og:image\" content=\"https:\/\/www.meydan.tv\/wp-content\/uploads\/17029739995381676_1200x630.jpg\" \/>\n\t<meta property=\"og:image:width\" content=\"1200\" \/>\n\t<meta property=\"og:image:height\" content=\"818\" \/>\n\t<meta property=\"og:image:type\" content=\"image\/jpeg\" \/>\n<meta name=\"author\" content=\"elli\" \/>\n<meta name=\"twitter:card\" content=\"summary_large_image\" \/>\n<meta name=\"twitter:creator\" content=\"@elli\" \/>\n<script type=\"application\/ld+json\" class=\"yoast-schema-graph\">{\"@context\":\"https:\\\/\\\/schema.org\",\"@graph\":[{\"@type\":\"Article\",\"@id\":\"https:\\\/\\\/www.meydan.tv\\\/az\\\/article\\\/azerbaycan-cop29la-bagli-planlari-aciqlayib\\\/#article\",\"isPartOf\":{\"@id\":\"https:\\\/\\\/www.meydan.tv\\\/az\\\/article\\\/azerbaycan-cop29la-bagli-planlari-aciqlayib\\\/\"},\"author\":{\"name\":\"elli\",\"@id\":\"https:\\\/\\\/www.meydan.tv\\\/az\\\/#\\\/schema\\\/person\\\/9cdbecf90d17180ce1dfbd95b08dcf47\"},\"headline\":\"Az\u0259rbaycan COP29-la ba\u011fl\u0131 planlar\u0131 a\u00e7\u0131qlay\u0131b\",\"datePublished\":\"2024-09-17T08:46:04+00:00\",\"dateModified\":\"2024-09-17T08:46:07+00:00\",\"mainEntityOfPage\":{\"@id\":\"https:\\\/\\\/www.meydan.tv\\\/az\\\/article\\\/azerbaycan-cop29la-bagli-planlari-aciqlayib\\\/\"},\"wordCount\":507,\"publisher\":{\"@id\":\"https:\\\/\\\/www.meydan.tv\\\/az\\\/#organization\"},\"image\":{\"@id\":\"https:\\\/\\\/www.meydan.tv\\\/az\\\/article\\\/azerbaycan-cop29la-bagli-planlari-aciqlayib\\\/#primaryimage\"},\"thumbnailUrl\":\"https:\\\/\\\/www.meydan.tv\\\/wp-content\\\/uploads\\\/17029739995381676_1200x630.jpg\",\"articleSection\":[\"Sosial\",\"X\u0259b\u0259rl\u0259r\"],\"inLanguage\":\"az\"},{\"@type\":\"WebPage\",\"@id\":\"https:\\\/\\\/www.meydan.tv\\\/az\\\/article\\\/azerbaycan-cop29la-bagli-planlari-aciqlayib\\\/\",\"url\":\"https:\\\/\\\/www.meydan.tv\\\/az\\\/article\\\/azerbaycan-cop29la-bagli-planlari-aciqlayib\\\/\",\"name\":\"Az\u0259rbaycan COP29-la ba\u011fl\u0131 planlar\u0131 a\u00e7\u0131qlay\u0131b - MEYDAN.TV\",\"isPartOf\":{\"@id\":\"https:\\\/\\\/www.meydan.tv\\\/az\\\/#website\"},\"primaryImageOfPage\":{\"@id\":\"https:\\\/\\\/www.meydan.tv\\\/az\\\/article\\\/azerbaycan-cop29la-bagli-planlari-aciqlayib\\\/#primaryimage\"},\"image\":{\"@id\":\"https:\\\/\\\/www.meydan.tv\\\/az\\\/article\\\/azerbaycan-cop29la-bagli-planlari-aciqlayib\\\/#primaryimage\"},\"thumbnailUrl\":\"https:\\\/\\\/www.meydan.tv\\\/wp-content\\\/uploads\\\/17029739995381676_1200x630.jpg\",\"datePublished\":\"2024-09-17T08:46:04+00:00\",\"dateModified\":\"2024-09-17T08:46:07+00:00\",\"description\":\"\u00d6t\u0259n il Dubayda ke\u00e7iril\u0259n COP28 sammitind\u0259 120-d\u0259n \u00e7ox \u00f6lk\u0259, m\u0259s\u0259l\u0259n, 2030-cu il\u0259 q\u0259d\u0259r b\u0259rpa olunan enerji potensial\u0131n\u0131 \u00fc\u00e7 d\u0259f\u0259 art\u0131rma\u011f\u0131 v\u0259d etmi\u015fdi.\",\"breadcrumb\":{\"@id\":\"https:\\\/\\\/www.meydan.tv\\\/az\\\/article\\\/azerbaycan-cop29la-bagli-planlari-aciqlayib\\\/#breadcrumb\"},\"inLanguage\":\"az\",\"potentialAction\":[{\"@type\":\"ReadAction\",\"target\":[\"https:\\\/\\\/www.meydan.tv\\\/az\\\/article\\\/azerbaycan-cop29la-bagli-planlari-aciqlayib\\\/\"]}]},{\"@type\":\"ImageObject\",\"inLanguage\":\"az\",\"@id\":\"https:\\\/\\\/www.meydan.tv\\\/az\\\/article\\\/azerbaycan-cop29la-bagli-planlari-aciqlayib\\\/#primaryimage\",\"url\":\"https:\\\/\\\/www.meydan.tv\\\/wp-content\\\/uploads\\\/17029739995381676_1200x630.jpg\",\"contentUrl\":\"https:\\\/\\\/www.meydan.tv\\\/wp-content\\\/uploads\\\/17029739995381676_1200x630.jpg\",\"width\":1200,\"height\":818,\"caption\":\"COP29. M\u0259nb\u0259: COP\"},{\"@type\":\"BreadcrumbList\",\"@id\":\"https:\\\/\\\/www.meydan.tv\\\/az\\\/article\\\/azerbaycan-cop29la-bagli-planlari-aciqlayib\\\/#breadcrumb\",\"itemListElement\":[{\"@type\":\"ListItem\",\"position\":1,\"name\":\"Ana s\u0259hif\u0259\",\"item\":\"https:\\\/\\\/www.meydan.tv\\\/az\\\/\"},{\"@type\":\"ListItem\",\"position\":2,\"name\":\"Sosial\",\"item\":\"https:\\\/\\\/www.meydan.tv\\\/az\\\/section\\\/sosial\\\/\"},{\"@type\":\"ListItem\",\"position\":3,\"name\":\"Az\u0259rbaycan COP29-la ba\u011fl\u0131 planlar\u0131 a\u00e7\u0131qlay\u0131b\"}]},{\"@type\":\"WebSite\",\"@id\":\"https:\\\/\\\/www.meydan.tv\\\/az\\\/#website\",\"url\":\"https:\\\/\\\/www.meydan.tv\\\/az\\\/\",\"name\":\"MEYDAN.TV\",\"description\":\"Meydan TV Az\u0259rbaycan\u0131n media m\u0259kan\u0131ndak\u0131 alternativ s\u0259sidir\",\"publisher\":{\"@id\":\"https:\\\/\\\/www.meydan.tv\\\/az\\\/#organization\"},\"potentialAction\":[{\"@type\":\"SearchAction\",\"target\":{\"@type\":\"EntryPoint\",\"urlTemplate\":\"https:\\\/\\\/www.meydan.tv\\\/az\\\/?s={search_term_string}\"},\"query-input\":{\"@type\":\"PropertyValueSpecification\",\"valueRequired\":true,\"valueName\":\"search_term_string\"}}],\"inLanguage\":\"az\"},{\"@type\":\"Organization\",\"@id\":\"https:\\\/\\\/www.meydan.tv\\\/az\\\/#organization\",\"name\":\"Meydan TV\",\"url\":\"https:\\\/\\\/www.meydan.tv\\\/az\\\/\",\"logo\":{\"@type\":\"ImageObject\",\"inLanguage\":\"az\",\"@id\":\"https:\\\/\\\/www.meydan.tv\\\/az\\\/#\\\/schema\\\/logo\\\/image\\\/\",\"url\":\"https:\\\/\\\/www.meydan.tv\\\/wp-content\\\/uploads\\\/2021\\\/07\\\/meydan-logo.svg\",\"contentUrl\":\"https:\\\/\\\/www.meydan.tv\\\/wp-content\\\/uploads\\\/2021\\\/07\\\/meydan-logo.svg\",\"width\":195,\"height\":46,\"caption\":\"Meydan TV\"},\"image\":{\"@id\":\"https:\\\/\\\/www.meydan.tv\\\/az\\\/#\\\/schema\\\/logo\\\/image\\\/\"}},{\"@type\":\"Person\",\"@id\":\"https:\\\/\\\/www.meydan.tv\\\/az\\\/#\\\/schema\\\/person\\\/9cdbecf90d17180ce1dfbd95b08dcf47\",\"name\":\"elli\",\"sameAs\":[\"https:\\\/\\\/x.com\\\/elli\"]}]}<\/script>\n<!-- \/ Yoast SEO plugin. -->","yoast_head_json":{"title":"Az\u0259rbaycan COP29-la ba\u011fl\u0131 planlar\u0131 a\u00e7\u0131qlay\u0131b - MEYDAN.TV","description":"\u00d6t\u0259n il Dubayda ke\u00e7iril\u0259n COP28 sammitind\u0259 120-d\u0259n \u00e7ox \u00f6lk\u0259, m\u0259s\u0259l\u0259n, 2030-cu il\u0259 q\u0259d\u0259r b\u0259rpa olunan enerji potensial\u0131n\u0131 \u00fc\u00e7 d\u0259f\u0259 art\u0131rma\u011f\u0131 v\u0259d etmi\u015fdi.","robots":{"index":"index","follow":"follow","max-snippet":"max-snippet:-1","max-image-preview":"max-image-preview:large","max-video-preview":"max-video-preview:-1"},"canonical":"https:\/\/www.meydan.tv\/az\/article\/azerbaycan-cop29la-bagli-planlari-aciqlayib\/","og_locale":"az_AZ","og_type":"article","og_title":"Az\u0259rbaycan COP29-la ba\u011fl\u0131 planlar\u0131 a\u00e7\u0131qlay\u0131b - MEYDAN.TV","og_description":"\u00d6t\u0259n il Dubayda ke\u00e7iril\u0259n COP28 sammitind\u0259 120-d\u0259n \u00e7ox \u00f6lk\u0259, m\u0259s\u0259l\u0259n, 2030-cu il\u0259 q\u0259d\u0259r b\u0259rpa olunan enerji potensial\u0131n\u0131 \u00fc\u00e7 d\u0259f\u0259 art\u0131rma\u011f\u0131 v\u0259d etmi\u015fdi.","og_url":"https:\/\/www.meydan.tv\/az\/article\/azerbaycan-cop29la-bagli-planlari-aciqlayib\/","og_site_name":"MEYDAN.TV","article_published_time":"2024-09-17T08:46:04+00:00","article_modified_time":"2024-09-17T08:46:07+00:00","og_image":[{"width":1200,"height":818,"url":"https:\/\/www.meydan.tv\/wp-content\/uploads\/17029739995381676_1200x630.jpg","type":"image\/jpeg"}],"author":"elli","twitter_card":"summary_large_image","twitter_creator":"@elli","schema":{"@context":"https:\/\/schema.org","@graph":[{"@type":"Article","@id":"https:\/\/www.meydan.tv\/az\/article\/azerbaycan-cop29la-bagli-planlari-aciqlayib\/#article","isPartOf":{"@id":"https:\/\/www.meydan.tv\/az\/article\/azerbaycan-cop29la-bagli-planlari-aciqlayib\/"},"author":{"name":"elli","@id":"https:\/\/www.meydan.tv\/az\/#\/schema\/person\/9cdbecf90d17180ce1dfbd95b08dcf47"},"headline":"Az\u0259rbaycan COP29-la ba\u011fl\u0131 planlar\u0131 a\u00e7\u0131qlay\u0131b","datePublished":"2024-09-17T08:46:04+00:00","dateModified":"2024-09-17T08:46:07+00:00","mainEntityOfPage":{"@id":"https:\/\/www.meydan.tv\/az\/article\/azerbaycan-cop29la-bagli-planlari-aciqlayib\/"},"wordCount":507,"publisher":{"@id":"https:\/\/www.meydan.tv\/az\/#organization"},"image":{"@id":"https:\/\/www.meydan.tv\/az\/article\/azerbaycan-cop29la-bagli-planlari-aciqlayib\/#primaryimage"},"thumbnailUrl":"https:\/\/www.meydan.tv\/wp-content\/uploads\/17029739995381676_1200x630.jpg","articleSection":["Sosial","X\u0259b\u0259rl\u0259r"],"inLanguage":"az"},{"@type":"WebPage","@id":"https:\/\/www.meydan.tv\/az\/article\/azerbaycan-cop29la-bagli-planlari-aciqlayib\/","url":"https:\/\/www.meydan.tv\/az\/article\/azerbaycan-cop29la-bagli-planlari-aciqlayib\/","name":"Az\u0259rbaycan COP29-la ba\u011fl\u0131 planlar\u0131 a\u00e7\u0131qlay\u0131b - MEYDAN.TV","isPartOf":{"@id":"https:\/\/www.meydan.tv\/az\/#website"},"primaryImageOfPage":{"@id":"https:\/\/www.meydan.tv\/az\/article\/azerbaycan-cop29la-bagli-planlari-aciqlayib\/#primaryimage"},"image":{"@id":"https:\/\/www.meydan.tv\/az\/article\/azerbaycan-cop29la-bagli-planlari-aciqlayib\/#primaryimage"},"thumbnailUrl":"https:\/\/www.meydan.tv\/wp-content\/uploads\/17029739995381676_1200x630.jpg","datePublished":"2024-09-17T08:46:04+00:00","dateModified":"2024-09-17T08:46:07+00:00","description":"\u00d6t\u0259n il Dubayda ke\u00e7iril\u0259n COP28 sammitind\u0259 120-d\u0259n \u00e7ox \u00f6lk\u0259, m\u0259s\u0259l\u0259n, 2030-cu il\u0259 q\u0259d\u0259r b\u0259rpa olunan enerji potensial\u0131n\u0131 \u00fc\u00e7 d\u0259f\u0259 art\u0131rma\u011f\u0131 v\u0259d etmi\u015fdi.","breadcrumb":{"@id":"https:\/\/www.meydan.tv\/az\/article\/azerbaycan-cop29la-bagli-planlari-aciqlayib\/#breadcrumb"},"inLanguage":"az","potentialAction":[{"@type":"ReadAction","target":["https:\/\/www.meydan.tv\/az\/article\/azerbaycan-cop29la-bagli-planlari-aciqlayib\/"]}]},{"@type":"ImageObject","inLanguage":"az","@id":"https:\/\/www.meydan.tv\/az\/article\/azerbaycan-cop29la-bagli-planlari-aciqlayib\/#primaryimage","url":"https:\/\/www.meydan.tv\/wp-content\/uploads\/17029739995381676_1200x630.jpg","contentUrl":"https:\/\/www.meydan.tv\/wp-content\/uploads\/17029739995381676_1200x630.jpg","width":1200,"height":818,"caption":"COP29. M\u0259nb\u0259: COP"},{"@type":"BreadcrumbList","@id":"https:\/\/www.meydan.tv\/az\/article\/azerbaycan-cop29la-bagli-planlari-aciqlayib\/#breadcrumb","itemListElement":[{"@type":"ListItem","position":1,"name":"Ana s\u0259hif\u0259","item":"https:\/\/www.meydan.tv\/az\/"},{"@type":"ListItem","position":2,"name":"Sosial","item":"https:\/\/www.meydan.tv\/az\/section\/sosial\/"},{"@type":"ListItem","position":3,"name":"Az\u0259rbaycan COP29-la ba\u011fl\u0131 planlar\u0131 a\u00e7\u0131qlay\u0131b"}]},{"@type":"WebSite","@id":"https:\/\/www.meydan.tv\/az\/#website","url":"https:\/\/www.meydan.tv\/az\/","name":"MEYDAN.TV","description":"Meydan TV Az\u0259rbaycan\u0131n media m\u0259kan\u0131ndak\u0131 alternativ s\u0259sidir","publisher":{"@id":"https:\/\/www.meydan.tv\/az\/#organization"},"potentialAction":[{"@type":"SearchAction","target":{"@type":"EntryPoint","urlTemplate":"https:\/\/www.meydan.tv\/az\/?s={search_term_string}"},"query-input":{"@type":"PropertyValueSpecification","valueRequired":true,"valueName":"search_term_string"}}],"inLanguage":"az"},{"@type":"Organization","@id":"https:\/\/www.meydan.tv\/az\/#organization","name":"Meydan TV","url":"https:\/\/www.meydan.tv\/az\/","logo":{"@type":"ImageObject","inLanguage":"az","@id":"https:\/\/www.meydan.tv\/az\/#\/schema\/logo\/image\/","url":"https:\/\/www.meydan.tv\/wp-content\/uploads\/2021\/07\/meydan-logo.svg","contentUrl":"https:\/\/www.meydan.tv\/wp-content\/uploads\/2021\/07\/meydan-logo.svg","width":195,"height":46,"caption":"Meydan TV"},"image":{"@id":"https:\/\/www.meydan.tv\/az\/#\/schema\/logo\/image\/"}},{"@type":"Person","@id":"https:\/\/www.meydan.tv\/az\/#\/schema\/person\/9cdbecf90d17180ce1dfbd95b08dcf47","name":"elli","sameAs":["https:\/\/x.com\/elli"]}]}},"_links":{"self":[{"href":"https:\/\/www.meydan.tv\/az\/wp-json\/wp\/v2\/posts\/315701","targetHints":{"allow":["GET"]}}],"collection":[{"href":"https:\/\/www.meydan.tv\/az\/wp-json\/wp\/v2\/posts"}],"about":[{"href":"https:\/\/www.meydan.tv\/az\/wp-json\/wp\/v2\/types\/post"}],"author":[{"embeddable":true,"href":"https:\/\/www.meydan.tv\/az\/wp-json\/wp\/v2\/users\/8"}],"replies":[{"embeddable":true,"href":"https:\/\/www.meydan.tv\/az\/wp-json\/wp\/v2\/comments?post=315701"}],"version-history":[{"count":4,"href":"https:\/\/www.meydan.tv\/az\/wp-json\/wp\/v2\/posts\/315701\/revisions"}],"predecessor-version":[{"id":315705,"href":"https:\/\/www.meydan.tv\/az\/wp-json\/wp\/v2\/posts\/315701\/revisions\/315705"}],"wp:featuredmedia":[{"embeddable":true,"href":"https:\/\/www.meydan.tv\/az\/wp-json\/wp\/v2\/media\/295658"}],"wp:attachment":[{"href":"https:\/\/www.meydan.tv\/az\/wp-json\/wp\/v2\/media?parent=315701"}],"wp:term":[{"taxonomy":"category","embeddable":true,"href":"https:\/\/www.meydan.tv\/az\/wp-json\/wp\/v2\/categories?post=315701"},{"taxonomy":"post_tag","embeddable":true,"href":"https:\/\/www.meydan.tv\/az\/wp-json\/wp\/v2\/tags?post=315701"}],"curies":[{"name":"wp","href":"https:\/\/api.w.org\/{rel}","templated":true}]}}