{"id":315694,"date":"2024-09-17T12:15:47","date_gmt":"2024-09-17T08:15:47","guid":{"rendered":"https:\/\/www.meydan.tv\/?p=315694"},"modified":"2024-10-03T10:54:37","modified_gmt":"2024-10-03T06:54:37","slug":"alimentden-mehrum-qalan-usaqlar-qanunlar-onlar-ucun-ne-teklif-edir","status":"publish","type":"post","link":"https:\/\/www.meydan.tv\/az\/article\/alimentden-mehrum-qalan-usaqlar-qanunlar-onlar-ucun-ne-teklif-edir\/","title":{"rendered":"Alimentd\u0259n m\u0259hrum qalan u\u015faqlar: qanunlar onlar \u00fc\u00e7\u00fcn n\u0259 t\u0259klif edir?"},"content":{"rendered":"\n<p><\/p>\n\n\n\n<p><strong><em>D\u00f6rd il \u00f6nc\u0259 planla\u015fd\u0131r\u0131lan Aliment Fondu h\u0259l\u0259 d\u0259 yarad\u0131lmay\u0131b<\/em><\/strong><\/p>\n\n\n\n<p>Valideyn alimenti \u00f6d\u0259m\u0259kd\u0259n imtina ed\u0259rs\u0259, Az\u0259rbaycan qanunlar\u0131na g\u00f6r\u0259 m\u00fcxt\u0259lif c\u0259za t\u0259tbiql\u0259ri il\u0259 \u00fczl\u0259\u015f\u0259 bil\u0259r. Amma bu qanunlar\u0131n he\u00e7 birind\u0259 alimentin \u00f6d\u0259nm\u0259m\u0259si hal\u0131nda h\u0259r g\u00fcn qidaya, b\u0259z\u0259n pampers\u0259, sosial f\u0259aliyy\u0259tl\u0259r\u0259, m\u0259kt\u0259b l\u0259vazimatlar\u0131na ehtiyac\u0131 olan u\u015faqlar\u0131n bunlar\u0131 nec\u0259 qar\u015f\u0131layaca\u011f\u0131 bar\u0259d\u0259 he\u00e7 n\u0259 yaz\u0131lmay\u0131b.<\/p>\n\n\n\n<p><strong>Valideyn alimenti \u00f6d\u0259m\u0259kd\u0259n imtina ed\u0259rs\u0259, hans\u0131 c\u0259zalarla \u00fczl\u0259\u015f\u0259 bil\u0259r?<\/strong><\/p>\n\n\n\n<p>V\u0259kil Zibeyd\u0259 Sad\u0131qova Meydan TV-y\u0259 deyib ki, ata (\u0259sas\u0259n atalar oldu\u011fu \u00fc\u00e7\u00fcn n\u00fcmun\u0259l\u0259rd\u0259 bel\u0259 qeyd edilib. Lakin \u0259ksi d\u0259 ola bil\u0259r &#8211; red.) alimenti \u00f6d\u0259m\u0259kd\u0259n imtina etdikd\u0259 bir ne\u00e7\u0259 c\u0259za mexanizmi il\u0259 \u00fczl\u0259\u015fir:<\/p>\n\n\n\n<p>&nbsp;<strong>1.<\/strong> \u018fg\u0259r ata (borclu) m\u0259hk\u0259m\u0259 q\u0259rar\u0131na \u0259sas\u0259n \u00f6d\u0259m\u0259li oldu\u011fu alimenti verm\u0259kd\u0259n imtina edirs\u0259, \u0130cra haqq\u0131nda qanuna g\u00f6r\u0259, borclunun \u00f6lk\u0259d\u0259n \u00e7\u0131x\u0131\u015f\u0131na m\u0259hdudiyy\u0259t qoyulur. Bu bar\u0259d\u0259 borcluya, t\u0259l\u0259bkara v\u0259 icra hakimiyy\u0259tin\u0259 d\u0259rhal x\u0259b\u0259r verilm\u0259lidir&nbsp;<\/p>\n\n\n\n<p><strong>2.<\/strong><em> <\/em>Ata (borclu) aliment verm\u0259kd\u0259n yay\u0131n\u0131rsa, dem\u0259li, m\u0259hk\u0259m\u0259 q\u0259rar\u0131 v\u0259 ya q\u0259tnam\u0259sini icra etmir. \u0130nzibati X\u0259talar M\u0259c\u0259ll\u0259sin\u0259 g\u00f6r\u0259 bu halda m\u0259suliyy\u0259t\u0259 c\u0259lb edilir. Bu halda alimenti \u00f6d\u0259m\u0259y\u0259n fiziki \u015f\u0259xs statusunda olan atalar 500-d\u0259n 1500 manad\u0259k c\u0259rim\u0259 edilir v\u0259 ya 1 aya q\u0259d\u0259r inzibati h\u0259bs edilir. V\u0259zif\u0259li \u015f\u0259xs statusunda olanlar is\u0259 1200-2500 manat aras\u0131, h\u00fcquqi \u015f\u0259xsl\u0259r 3000-5000 manata aras\u0131 c\u0259rim\u0259 edilir.<\/p>\n\n\n<div class=\"wp-block-image\">\n<figure class=\"alignright size-full is-resized\"><img decoding=\"async\" width=\"1200\" height=\"522\" data-src=\"https:\/\/www.meydan.tv\/wp-content\/uploads\/untitled-design-165-e1690393674486.jpg\" alt=\"\" class=\"wp-image-280760 lazyload\" style=\"--smush-placeholder-width: 1200px; --smush-placeholder-aspect-ratio: 1200\/522;width:411px;height:auto\" src=\"data:image\/svg+xml;base64,PHN2ZyB3aWR0aD0iMSIgaGVpZ2h0PSIxIiB4bWxucz0iaHR0cDovL3d3dy53My5vcmcvMjAwMC9zdmciPjwvc3ZnPg==\" \/><figcaption class=\"wp-element-caption\">Zibeyd\u0259 Sad\u0131qova. Foto: &#8220;\u018fkin\u00e7i&#8221;<\/figcaption><\/figure>\n<\/div>\n\n\n<p>C\u0259rim\u0259l\u0259r v\u0259 ya inzibati h\u0259bsl\u0259rd\u0259n sonra borclu t\u0259r\u0259f yen\u0259 d\u0259 alimenti \u00f6d\u0259m\u0259kd\u0259n imtina ed\u0259rs\u0259, m\u0259hk\u0259m\u0259nin q\u0259rar\u0131n\u0131 v\u0259 ya akt\u0131n\u0131 icra etm\u0259diyi \u00fc\u00e7\u00fcn cinay\u0259t i\u015fi a\u00e7\u0131la bil\u0259r.<\/p>\n\n\n\n<p>Bu halda borclu ata \u0259n yax\u015f\u0131 halda 2000 manatdan 4000 manatad\u0259k c\u0259rim\u0259l\u0259n\u0259, 320-400 saata q\u0259d\u0259r islah i\u015fl\u0259rin\u0259 c\u0259lb oluna, 3 il\u0259d\u0259k h\u0259bs edil\u0259 bil\u0259r.<\/p>\n\n\n\n<p>Ad\u0131ndan da g\u00f6r\u00fcnd\u00fcy\u00fc kimi, m\u0259hk\u0259m\u0259 \u00f6vlad\u0131na alimenti \u00f6d\u0259m\u0259diyi \u00fc\u00e7\u00fcn yox, q\u0259rarlar\u0131 icra etm\u0259diyi \u00fc\u00e7\u00fcn bu c\u0259rim\u0259 v\u0259 h\u0259bs kimi t\u0259dbirl\u0259rin g\u00f6r\u00fclm\u0259sin\u0259 q\u0259rar verir. Eyni il\u0259 bu qanun bir \u00e7ox istiqam\u0259td\u0259 m\u0259hk\u0259m\u0259 q\u0259rarlar\u0131n\u0131 icra etm\u0259y\u0259nl\u0259r\u0259 \u015famil edilir.<\/p>\n\n\n\n<p>M\u0259hz bu s\u0259b\u0259bd\u0259n d\u0259 c\u0259rim\u0259l\u0259r evd\u0259 yem\u0259k, geyim, m\u0259kt\u0259b l\u0259vazimat\u0131 g\u00f6zl\u0259y\u0259n u\u015fa\u011fa yox, d\u00f6vl\u0259t b\u00fcdc\u0259sin\u0259 \u0259lav\u0259 edilir.<\/p>\n\n\n\n<p>V\u0259kil Zibeyd\u0259 Sad\u0131qova deyib ki, ata he\u00e7 bir halda alimenti \u00f6d\u0259m\u0259zs\u0259, bu halda ortaq m\u00fclkiyy\u0259tin borcludan al\u0131naraq d\u0259y\u0259rl\u0259ndirilm\u0259si ba\u015flay\u0131r.<\/p>\n\n\n\n<p>Ali M\u0259c\u0259ll\u0259si \u00fczr\u0259 ixtisasla\u015fan v\u0259kil R\u00f6v\u015fan\u0259 R\u0259himli Meydan TV-\u0259 deyib ki, ata alimenti \u00f6d\u0259m\u0259kd\u0259n imtina etdikd\u0259 ana ad\u0259t\u0259n evin d\u0259y\u0259rl\u0259ndirilm\u0259sind\u0259n yana olur, \u00e7\u00fcnki h\u0259bsi d\u0259 g\u00f6z\u0259 alan borclu t\u0259r\u0259f pulu \u00f6d\u0259m\u0259m\u0259kd\u0259 q\u0259rarl\u0131d\u0131rsa, \u0259n yax\u015f\u0131 variant\u0131n bu oldu\u011fu g\u00f6r\u00fcn\u00fcr.<\/p>\n\n\n<div class=\"wp-block-image\">\n<figure class=\"alignleft size-large is-resized\"><img decoding=\"async\" width=\"1095\" height=\"821\" data-src=\"https:\/\/www.meydan.tv\/wp-content\/uploads\/photo-2023-10-02-19-52-57-1095x821.jpg\" alt=\"\" class=\"wp-image-286659 lazyload\" style=\"--smush-placeholder-width: 1095px; --smush-placeholder-aspect-ratio: 1095\/821;width:378px;height:auto\" src=\"data:image\/svg+xml;base64,PHN2ZyB3aWR0aD0iMSIgaGVpZ2h0PSIxIiB4bWxucz0iaHR0cDovL3d3dy53My5vcmcvMjAwMC9zdmciPjwvc3ZnPg==\" \/><figcaption class=\"wp-element-caption\">R\u00f6v\u015fan\u0259 R\u0259himli. Foto: Meydan TV<\/figcaption><\/figure>\n<\/div>\n\n\n<p>V\u0259kil bildirir ki, evli t\u0259r\u0259f birlikd\u0259 \u0259ld\u0259 etdiyi m\u00fclkiyy\u0259ti bo\u015fanma zaman\u0131 50\/50-y\u0259 b\u00f6l\u0259 bil\u0259r. Atan\u0131n ill\u0259r \u0259rzind\u0259 y\u0131\u011f\u0131lan borcu hesablanaraq ev \u00fcz\u0259rind\u0259ki haqq\u0131ndan h\u0259min m\u0259bl\u0259\u011f \u00e7\u0131x\u0131l\u0131r.<\/p>\n\n\n\n<p>Evin tam m\u00fclkiyy\u0259t il\u0259 anan\u0131n ad\u0131na ke\u00e7m\u0259si ilk bax\u0131\u015fdan m\u0259s\u0259l\u0259nin h\u0259lli kimi g\u00f6r\u00fcns\u0259 d\u0259, mahiyy\u0259tc\u0259 u\u015fa\u011f\u0131n ehtiyaclar\u0131na g\u00f6r\u0259 ayr\u0131lan aliment \u00f6z m\u0259qs\u0259dini do\u011frultmur. Bel\u0259 ki, ana \u00f6z evind\u0259 u\u015fa\u011f\u0131n\u0131 b\u00f6y\u00fcts\u0259 d\u0259, u\u015fa\u011f\u0131n yem\u0259k, geyim, \u0259rzaq kimi ehtiyaclar\u0131 \u00f6d\u0259nm\u0259mi\u015f olaraq qal\u0131r. Ana evi sataraq atan\u0131n borcu m\u00fcqabilind\u0259 t\u0259yin edil\u0259n m\u0259bl\u0259\u011fi g\u00f6t\u00fcr\u0259rs\u0259, bu d\u0259f\u0259 d\u0259 ev kiray\u0259si \u00f6d\u0259ni\u015fl\u0259ri kimi \u0259lav\u0259 x\u0259rcl\u0259r il\u0259 qar\u015f\u0131la\u015fmal\u0131 olacaq.<\/p>\n\n\n\n<p>V\u0259kil R\u00f6v\u015fan\u0259 R\u0259himlinin fikrinc\u0259, b\u00f6lg\u0259l\u0259rd\u0259 \u0259mlakla ba\u011fl\u0131 v\u0259ziyy\u0259t daha ac\u0131nacaql\u0131d\u0131r. \u00c7\u00fcnki evin d\u0259y\u0259ri Bak\u0131 il\u0259 m\u00fcqayis\u0259d\u0259 xeyli azd\u0131r v\u0259 faktiki sat\u0131\u015fa \u00e7\u0131xar\u0131lsa, alacaq \u015f\u0259xs d\u0259 \u00e7ox deyil.<\/p>\n\n\n\n<p><strong>Alimenti \u00f6d\u0259m\u0259y\u0259n valideynl\u0259rl\u0259 ba\u011fl\u0131 xarici t\u0259cr\u00fcb\u0259 n\u0259 deyir?<\/strong><\/p>\n\n\n\n<p>X\u00fcsusil\u0259 Avropa \u00f6lk\u0259l\u0259ri alimentin gecikdirilm\u0259m\u0259si \u00fc\u00e7\u00fcn d\u00f6vl\u0259t\u0259 borcland\u0131rma siyas\u0259ti t\u0259tbiq edir. Bel\u0259 ki, yarad\u0131lan m\u00fcvafiq d\u00f6vl\u0259t qurumu alimenti \u00f6z\u00fc \u00f6d\u0259y\u0259r\u0259k sonradan borcludan borcunu daxili qanunvericiliy\u0259 \u0259sas\u0259n al\u0131r.<\/p>\n\n\n\n<p><strong>\u00d6lk\u0259l\u0259r \u00fczr\u0259 yarad\u0131lan qurumlardan b\u0259zil\u0259ri<\/strong>:<\/p>\n\n\n\n<p>B\u00f6y\u00fck Britaniyada &#8211; U\u015faqlar\u0131n t\u0259minat\u0131 il\u0259 ba\u011fl\u0131 Agentlik<br>\u0130sraild\u0259 &#8211; Milli S\u0131\u011forta Xidm\u0259ti<br>Pol\u015fada &#8211; D\u00f6vl\u0259t Aliment Fondu<br>Niderlandda &#8211; Aliment \u00fczr\u0259 Federal B\u00fcro<br>\u0130sve\u00e7d\u0259 &#8211; D\u00f6vl\u0259t S\u0131\u011forta Agentliyi<br>AB\u015e-da &#8211; Aliment orderl\u0259rinin icras\u0131 \u00fczr\u0259 Federal Ofis v\u0259 \u015etatlar\u0131n Agentlikl\u0259ri<br>Avstraliyada &#8211; U\u015faqlara D\u0259st\u0259k Agentliyi v\u0259 s.<\/p>\n\n\n\n<p>Almaniyada ya\u015fayan jurnalist \u018ffqan Muxtarl\u0131 deyib ki, \u00f6lk\u0259d\u0259 alimentin \u00f6d\u0259nm\u0259si il\u0259 ba\u011fl\u0131 d\u00f6vl\u0259tin ciddi n\u0259zar\u0259ti var, lakin borclu valideyn h\u0259bs edilmir:<\/p>\n\n\n\n<p>\u201c<em>M\u0259hk\u0259m\u0259 atan\u0131n g\u0259lir v\u0259ziyy\u0259tin\u0259 n\u0259zar\u0259t edir. \u018fg\u0259r ata i\u015fl\u0259yirs\u0259, aliment h\u0259r ay onun maa\u015f\u0131ndan k\u0259silir. \u018fg\u0259r ata i\u015fl\u0259mirs\u0259, d\u00f6vl\u0259t \u00f6z\u00fc u\u015faq \u00fc\u00e7\u00fcn \u00f6d\u0259nm\u0259li olan pulu \u00f6d\u0259yir, sonra atadan pulu al\u0131r\u201d.<\/em><\/p>\n\n\n<div class=\"wp-block-image\">\n<figure class=\"alignright size-full is-resized\"><img decoding=\"async\" width=\"720\" height=\"480\" data-src=\"https:\/\/www.meydan.tv\/wp-content\/uploads\/37459.jpg\" alt=\"\u018ffqan Muxtarl\u0131\" class=\"wp-image-94815 lazyload\" style=\"--smush-placeholder-width: 720px; --smush-placeholder-aspect-ratio: 720\/480;width:397px;height:auto\" src=\"data:image\/svg+xml;base64,PHN2ZyB3aWR0aD0iMSIgaGVpZ2h0PSIxIiB4bWxucz0iaHR0cDovL3d3dy53My5vcmcvMjAwMC9zdmciPjwvc3ZnPg==\" \/><figcaption class=\"wp-element-caption\">Foto: arxiv <\/figcaption><\/figure>\n<\/div>\n\n\n<p>\u018ffqan Muxtarl\u0131 onu da bildirib ki, bo\u015fanmasa bel\u0259, \u0259g\u0259r ata xaricd\u0259 i\u015fl\u0259yirs\u0259, u\u015faqlar\u0131 \u00fc\u00e7\u00fcn r\u0259smi qaydada pul g\u00f6nd\u0259rm\u0259lidir.<\/p>\n\n\n\n<p>Siyasi s\u0259b\u0259bl\u0259r\u0259 g\u00f6r\u0259 Az\u0259rbaycan h\u00f6kum\u0259ti t\u0259r\u0259find\u0259n h\u0259bs edil\u0259n Muxtarl\u0131 h\u0259bs m\u00fcdd\u0259tind\u0259 ortaq \u00f6vladlar\u0131na t\u0259k baxan h\u0259yat yolda\u015f\u0131na pul g\u00f6nd\u0259rm\u0259li olmas\u0131 il\u0259 ba\u011fl\u0131 Almaniyadan r\u0259smi m\u0259ktublar al\u0131b:<\/p>\n\n\n\n<p><em>\u201cM\u0259n t\u00fcrm\u0259d\u0259 idim. H\u0259yat yolda\u015f\u0131m u\u015fa\u011fa t\u0259k bax\u0131rd\u0131. H\u0259r ay m\u0259ktub g\u0259lirdi ki, u\u015fa\u011fa bu q\u0259d\u0259r pul ay\u0131r\u0131r\u0131q, borcun var\u201d.<\/em><\/p>\n\n\n\n<p><strong>\u201cAz\u0259rbaycanda Aliment Fondu problemi\u201d<\/strong><\/p>\n\n\n\n<p>2020-ci ild\u0259 Az\u0259rbaycanda insan h\u00fcquqlar\u0131 \u00fczr\u0259 m\u00fcv\u0259kkil u\u015faqlar\u0131n alimentl\u0259 ba\u011fl\u0131 valideynl\u0259r aras\u0131ndak\u0131 fikir ayr\u0131l\u0131\u011f\u0131ndan t\u0259sirl\u0259nm\u0259m\u0259si \u00fc\u00e7\u00fcn Aliment Fondunun yarad\u0131lmas\u0131n\u0131 t\u0259klif edib.<\/p>\n\n\n\n<p>T\u0259klifd\u0259 deyilir ki, pulu alan t\u0259r\u0259f alimenti m\u0259hk\u0259m\u0259 q\u0259rar\u0131ndan d\u0259rhal sonra g\u00f6t\u00fcr\u0259 bil\u0259c\u0259k. D\u00f6vl\u0259t sonradan \u00f6d\u0259ni\u015fi dig\u0259r valideynd\u0259n m\u0259cburi qaydada alacaq. Lakin 4 il ke\u00e7m\u0259sin\u0259 baxmayaraq, bel\u0259 bir fond yarad\u0131lmay\u0131b.<\/p>\n\n\n\n<p>Qad\u0131n h\u00fcquqlar\u0131 m\u00fcdafi\u0259\u00e7isi Z\u00fcmr\u00fcd Ya\u011fmurun s\u00f6zl\u0259rin\u0259 g\u00f6r\u0259, atan\u0131n aliment \u00f6d\u0259m\u0259m\u0259si v\u0259 aliment fondunun yarad\u0131lmamas\u0131 ail\u0259 institutunun m\u0259hvin\u0259 g\u0259tirir:<\/p>\n\n\n\n<p><em>\u201cAil\u0259 sad\u0259c\u0259 \u0259r v\u0259 arvaddan ibar\u0259t deyil. Atadan d\u0259st\u0259k g\u00f6rm\u0259y\u0259n u\u015faq travmal\u0131 b\u00f6y\u00fcy\u00fcr v\u0259 bir \u00e7ox hallarda sa\u011flam, faydal\u0131 ola bilmir. B\u0259z\u0259n ki\u015fil\u0259r el\u0259 fikirl\u0259\u015fir ki, u\u015faqdan da bo\u015fan\u0131r, bu, bel\u0259 deyil. \u018fg\u0259r ata h\u0259qiq\u0259t\u0259n \u00e7ox imkans\u0131zd\u0131rsa v\u0259 ya laqeyddirs\u0259, \u0259n az\u0131ndan d\u00f6vl\u0259t bu v\u0259ziyy\u0259t\u0259 \u0259l qoymal\u0131d\u0131r, azya\u015fl\u0131 v\u0259t\u0259nda\u015f\u0131na d\u0259st\u0259k olmal\u0131d\u0131r. Lakin n\u0259 q\u0259d\u0259r des\u0259k d\u0259, Az\u0259rbaycanda aliment fondu yarad\u0131lm\u0131r. U\u015faqlar is\u0259 atadan qopur, uzaqla\u015f\u0131r, ata v\u0259 atal\u0131q anlay\u0131\u015f\u0131 itir. Bu, h\u0259m d\u0259 ail\u0259 institutunun m\u0259hvi dem\u0259kdir\u201d.<\/em><\/p>\n\n\n\n<p><strong>\u201cAlimentin al\u0131nmas\u0131 il\u0259 ba\u011fl\u0131 yanl\u0131\u015f t\u0259s\u0259vv\u00fcrl\u0259r v\u0259 s\u00fcr\u00fcnd\u00fcrm\u0259\u00e7ilik\u201d<\/strong><\/p>\n\n\n\n<p>V\u0259kil Zibeyd\u0259 Sad\u0131qova aliment m\u0259s\u0259l\u0259l\u0259ri il\u0259 ba\u011fl\u0131 \u0259n b\u00f6y\u00fck \u00e7\u0259tinlikl\u0259rd\u0259n birinin d\u0259 icra prosesind\u0259 ya\u015fand\u0131\u011f\u0131n\u0131 bildirib.<\/p>\n\n\n\n<p><em>\u201c\u0130crada \u00e7ox b\u00f6y\u00fck l\u0259nglik ba\u015f verir. M\u0259s\u0259l\u0259n, hakim i\u015fi q\u0259bul edir v\u0259 icraya g\u00f6nd\u0259rir, sonra biz ba\u015flay\u0131r\u0131q icra\u00e7\u0131n\u0131 axtarma\u011fa. \u0130cra\u00e7\u0131n\u0131 tapandan sonra ba\u015flay\u0131r\u0131q onunla dan\u0131\u015fma\u011fa ki, alimenti al. \u0130cra\u00e7\u0131 ki\u015fini axtar\u0131r, tapa bilmir v\u0259 yaxud da ki\u015fi g\u0259lib deyir ki, pul tapa bilmir\u0259m. N\u0259tic\u0259d\u0259 i\u015f uzan\u0131r\u201d,- <\/em>v\u0259kil Sad\u0131qova b\u00f6y\u00fck m\u0259bl\u0259\u011fd\u0259 aliment borclar\u0131n\u0131n nec\u0259 y\u0131\u011f\u0131lmas\u0131n\u0131 a\u00e7\u0131qlay\u0131b.<\/p>\n\n\n\n<p>H\u00fcquq m\u00fcdafi\u0259\u00e7isi Z\u00fcmr\u00fcd Ya\u011fmur is\u0259 b\u0259z\u0259n atalar\u0131n y\u00fcks\u0259k g\u0259liri olsa da, m\u0259hk\u0259m\u0259ni aldatd\u0131\u011f\u0131n\u0131, i\u015f yerind\u0259n saxta, az g\u0259lirl\u0259 ba\u011fl\u0131 s\u0259n\u0259d t\u0259qdim etdiyini deyir:<\/p>\n\n\n<div class=\"wp-block-image\">\n<figure class=\"alignleft size-large is-resized\"><img decoding=\"async\" width=\"1200\" height=\"468\" data-src=\"https:\/\/www.meydan.tv\/wp-content\/uploads\/image_from_ios_1_h3mgg8o-scaled-e1683200316198-1200x468.jpg\" alt=\"Z\u00fcmr\u00fcd Ya\u011fmur\" class=\"wp-image-133756 lazyload\" style=\"--smush-placeholder-width: 1200px; --smush-placeholder-aspect-ratio: 1200\/468;width:420px;height:auto\" src=\"data:image\/svg+xml;base64,PHN2ZyB3aWR0aD0iMSIgaGVpZ2h0PSIxIiB4bWxucz0iaHR0cDovL3d3dy53My5vcmcvMjAwMC9zdmciPjwvc3ZnPg==\" \/><figcaption class=\"wp-element-caption\">Foto: Meydan TV<\/figcaption><\/figure>\n<\/div>\n\n\n<p><em>\u201cAtalar el\u0259 bilir ki, aliment anaya veril\u0259n puldur. Ona g\u00f6r\u0259 d\u0259 bu pulu \u00f6d\u0259m\u0259m\u0259k \u00fc\u00e7\u00fcn \u0259lind\u0259n g\u0259l\u0259ni edir. \u018fvv\u0259lc\u0259 bu anlay\u0131\u015f d\u0259yi\u015fm\u0259lidir. Bu, u\u015faq \u00fc\u00e7\u00fcn ayr\u0131lan puldur, b\u0259z\u0259n he\u00e7 u\u015fa\u011f\u0131n ehtiyaclar\u0131na da kifay\u0259t etmir\u201d.<\/em><\/p>\n\n\n\n<p>Ail\u0259 M\u0259c\u0259ll\u0259sin\u0259 \u0259sas\u0259n, aliment \u00f6d\u0259nilm\u0259si bar\u0259d\u0259 raz\u0131l\u0131q olmad\u0131qda u\u015faqlar \u00fc\u00e7\u00fcn onlar\u0131n valideynl\u0259rind\u0259n m\u0259hk\u0259m\u0259 t\u0259r\u0259find\u0259n bir u\u015fa\u011fa g\u00f6r\u0259 qazanc\u0131n, yaxud da g\u0259lirl\u0259rin 1\/4 hiss\u0259si, 2 u\u015fa\u011fa g\u00f6r\u0259 qazanc\u0131n v\u0259 ya g\u0259lirl\u0259rin 1\/3 hiss\u0259si, 3 v\u0259 daha \u00e7ox u\u015fa\u011fa g\u00f6r\u0259 is\u0259 qazanc\u0131n v\u0259 yaxud g\u0259lirl\u0259rin yar\u0131s\u0131 aliment olaraq hesablan\u0131r.<\/p>\n\n\n\n<p>Aliment \u00f6hd\u0259liyi olan \u015f\u0259xs i\u015fl\u0259mirs\u0259 v\u0259 ya he\u00e7 bir g\u0259liri yoxdursa, bu zaman m\u0259hk\u0259m\u0259 h\u0259min \u015f\u0259xs\u0259 alimentin \u00f6d\u0259nilm\u0259sini sabit pul m\u0259bl\u0259\u011find\u0259 t\u0259yin edir.<\/p>\n\n\n\n<p>2024-c\u00fc il \u00fc\u00e7\u00fcn alimentin minimum miqdar\u0131 h\u0259r u\u015faq \u00fc\u00e7\u00fcn 235 manatd\u0131r.<\/p>\n","protected":false},"excerpt":{"rendered":"<p>D\u00f6rd il \u00f6nc\u0259 planla\u015fd\u0131r\u0131lan Aliment Fondu h\u0259l\u0259 d\u0259 yarad\u0131lmay\u0131b Valideyn &#8230; <\/p>\n<p class=\"read-more-container\"><a title=\"Alimentd\u0259n m\u0259hrum qalan u\u015faqlar: qanunlar onlar \u00fc\u00e7\u00fcn n\u0259 t\u0259klif edir?\" class=\"read-more button\" href=\"https:\/\/www.meydan.tv\/az\/article\/alimentden-mehrum-qalan-usaqlar-qanunlar-onlar-ucun-ne-teklif-edir\/#more-315694\" aria-label=\"Read more about Alimentd\u0259n m\u0259hrum qalan u\u015faqlar: qanunlar onlar \u00fc\u00e7\u00fcn n\u0259 t\u0259klif edir?\">Davam\u0131<\/a><\/p>\n","protected":false},"author":8,"featured_media":290257,"comment_status":"closed","ping_status":"closed","sticky":false,"template":"","format":"standard","meta":{"_acf_changed":false,"_sitemap_exclude":false,"_sitemap_priority":"","_sitemap_frequency":"","footnotes":""},"categories":[62,79,56],"tags":[],"class_list":["post-315694","post","type-post","status-publish","format-standard","has-post-thumbnail","hentry","category-sosial","category-featured","category-xeberler","infinite-scroll-item","generate-columns","tablet-grid-50","mobile-grid-100","grid-parent","grid-33","no-featured-image-padding"],"acf":[],"yoast_head":"<!-- This site is optimized with the Yoast SEO plugin v27.4 - https:\/\/yoast.com\/product\/yoast-seo-wordpress\/ -->\n<title>Alimentd\u0259n m\u0259hrum qalan u\u015faqlar: qanunlar onlar \u00fc\u00e7\u00fcn n\u0259 t\u0259klif edir? - MEYDAN.TV<\/title>\n<meta name=\"description\" content=\"D\u00f6rd il \u00f6nc\u0259 planla\u015fd\u0131r\u0131lan Aliment Fondu h\u0259l\u0259 d\u0259 yarad\u0131lmay\u0131b.\" \/>\n<meta name=\"robots\" content=\"index, follow, max-snippet:-1, max-image-preview:large, max-video-preview:-1\" \/>\n<link rel=\"canonical\" href=\"https:\/\/www.meydan.tv\/az\/article\/alimentden-mehrum-qalan-usaqlar-qanunlar-onlar-ucun-ne-teklif-edir\/\" \/>\n<meta property=\"og:locale\" content=\"az_AZ\" \/>\n<meta property=\"og:type\" content=\"article\" \/>\n<meta property=\"og:title\" content=\"Alimentd\u0259n m\u0259hrum qalan u\u015faqlar: qanunlar onlar \u00fc\u00e7\u00fcn n\u0259 t\u0259klif edir? - MEYDAN.TV\" \/>\n<meta property=\"og:description\" content=\"D\u00f6rd il \u00f6nc\u0259 planla\u015fd\u0131r\u0131lan Aliment Fondu h\u0259l\u0259 d\u0259 yarad\u0131lmay\u0131b.\" \/>\n<meta property=\"og:url\" content=\"https:\/\/www.meydan.tv\/az\/article\/alimentden-mehrum-qalan-usaqlar-qanunlar-onlar-ucun-ne-teklif-edir\/\" \/>\n<meta property=\"og:site_name\" content=\"MEYDAN.TV\" \/>\n<meta property=\"article:published_time\" content=\"2024-09-17T08:15:47+00:00\" \/>\n<meta property=\"article:modified_time\" content=\"2024-10-03T06:54:37+00:00\" \/>\n<meta property=\"og:image\" content=\"https:\/\/www.meydan.tv\/wp-content\/uploads\/shutterstock_1388237297.jpg\" \/>\n\t<meta property=\"og:image:width\" content=\"1200\" \/>\n\t<meta property=\"og:image:height\" content=\"746\" \/>\n\t<meta property=\"og:image:type\" content=\"image\/jpeg\" \/>\n<meta name=\"author\" content=\"elli\" \/>\n<meta name=\"twitter:card\" content=\"summary_large_image\" \/>\n<meta name=\"twitter:creator\" content=\"@elli\" \/>\n<script type=\"application\/ld+json\" class=\"yoast-schema-graph\">{\"@context\":\"https:\\\/\\\/schema.org\",\"@graph\":[{\"@type\":\"Article\",\"@id\":\"https:\\\/\\\/www.meydan.tv\\\/az\\\/article\\\/alimentden-mehrum-qalan-usaqlar-qanunlar-onlar-ucun-ne-teklif-edir\\\/#article\",\"isPartOf\":{\"@id\":\"https:\\\/\\\/www.meydan.tv\\\/az\\\/article\\\/alimentden-mehrum-qalan-usaqlar-qanunlar-onlar-ucun-ne-teklif-edir\\\/\"},\"author\":{\"name\":\"elli\",\"@id\":\"https:\\\/\\\/www.meydan.tv\\\/az\\\/#\\\/schema\\\/person\\\/9cdbecf90d17180ce1dfbd95b08dcf47\"},\"headline\":\"Alimentd\u0259n m\u0259hrum qalan u\u015faqlar: qanunlar onlar \u00fc\u00e7\u00fcn n\u0259 t\u0259klif edir?\",\"datePublished\":\"2024-09-17T08:15:47+00:00\",\"dateModified\":\"2024-10-03T06:54:37+00:00\",\"mainEntityOfPage\":{\"@id\":\"https:\\\/\\\/www.meydan.tv\\\/az\\\/article\\\/alimentden-mehrum-qalan-usaqlar-qanunlar-onlar-ucun-ne-teklif-edir\\\/\"},\"wordCount\":1799,\"publisher\":{\"@id\":\"https:\\\/\\\/www.meydan.tv\\\/az\\\/#organization\"},\"image\":{\"@id\":\"https:\\\/\\\/www.meydan.tv\\\/az\\\/article\\\/alimentden-mehrum-qalan-usaqlar-qanunlar-onlar-ucun-ne-teklif-edir\\\/#primaryimage\"},\"thumbnailUrl\":\"https:\\\/\\\/www.meydan.tv\\\/wp-content\\\/uploads\\\/shutterstock_1388237297.jpg\",\"articleSection\":[\"Sosial\",\"T\u00f6vsiy\u0259\",\"X\u0259b\u0259rl\u0259r\"],\"inLanguage\":\"az\"},{\"@type\":\"WebPage\",\"@id\":\"https:\\\/\\\/www.meydan.tv\\\/az\\\/article\\\/alimentden-mehrum-qalan-usaqlar-qanunlar-onlar-ucun-ne-teklif-edir\\\/\",\"url\":\"https:\\\/\\\/www.meydan.tv\\\/az\\\/article\\\/alimentden-mehrum-qalan-usaqlar-qanunlar-onlar-ucun-ne-teklif-edir\\\/\",\"name\":\"Alimentd\u0259n m\u0259hrum qalan u\u015faqlar: qanunlar onlar \u00fc\u00e7\u00fcn n\u0259 t\u0259klif edir? - MEYDAN.TV\",\"isPartOf\":{\"@id\":\"https:\\\/\\\/www.meydan.tv\\\/az\\\/#website\"},\"primaryImageOfPage\":{\"@id\":\"https:\\\/\\\/www.meydan.tv\\\/az\\\/article\\\/alimentden-mehrum-qalan-usaqlar-qanunlar-onlar-ucun-ne-teklif-edir\\\/#primaryimage\"},\"image\":{\"@id\":\"https:\\\/\\\/www.meydan.tv\\\/az\\\/article\\\/alimentden-mehrum-qalan-usaqlar-qanunlar-onlar-ucun-ne-teklif-edir\\\/#primaryimage\"},\"thumbnailUrl\":\"https:\\\/\\\/www.meydan.tv\\\/wp-content\\\/uploads\\\/shutterstock_1388237297.jpg\",\"datePublished\":\"2024-09-17T08:15:47+00:00\",\"dateModified\":\"2024-10-03T06:54:37+00:00\",\"description\":\"D\u00f6rd il \u00f6nc\u0259 planla\u015fd\u0131r\u0131lan Aliment Fondu h\u0259l\u0259 d\u0259 yarad\u0131lmay\u0131b.\",\"breadcrumb\":{\"@id\":\"https:\\\/\\\/www.meydan.tv\\\/az\\\/article\\\/alimentden-mehrum-qalan-usaqlar-qanunlar-onlar-ucun-ne-teklif-edir\\\/#breadcrumb\"},\"inLanguage\":\"az\",\"potentialAction\":[{\"@type\":\"ReadAction\",\"target\":[\"https:\\\/\\\/www.meydan.tv\\\/az\\\/article\\\/alimentden-mehrum-qalan-usaqlar-qanunlar-onlar-ucun-ne-teklif-edir\\\/\"]}]},{\"@type\":\"ImageObject\",\"inLanguage\":\"az\",\"@id\":\"https:\\\/\\\/www.meydan.tv\\\/az\\\/article\\\/alimentden-mehrum-qalan-usaqlar-qanunlar-onlar-ucun-ne-teklif-edir\\\/#primaryimage\",\"url\":\"https:\\\/\\\/www.meydan.tv\\\/wp-content\\\/uploads\\\/shutterstock_1388237297.jpg\",\"contentUrl\":\"https:\\\/\\\/www.meydan.tv\\\/wp-content\\\/uploads\\\/shutterstock_1388237297.jpg\",\"width\":1200,\"height\":746,\"caption\":\"Aliment m\u00fcbahis\u0259si. Foto: Tero Vesalainen\\\/shutterstock\"},{\"@type\":\"BreadcrumbList\",\"@id\":\"https:\\\/\\\/www.meydan.tv\\\/az\\\/article\\\/alimentden-mehrum-qalan-usaqlar-qanunlar-onlar-ucun-ne-teklif-edir\\\/#breadcrumb\",\"itemListElement\":[{\"@type\":\"ListItem\",\"position\":1,\"name\":\"Ana s\u0259hif\u0259\",\"item\":\"https:\\\/\\\/www.meydan.tv\\\/az\\\/\"},{\"@type\":\"ListItem\",\"position\":2,\"name\":\"Sosial\",\"item\":\"https:\\\/\\\/www.meydan.tv\\\/az\\\/section\\\/sosial\\\/\"},{\"@type\":\"ListItem\",\"position\":3,\"name\":\"Alimentd\u0259n m\u0259hrum qalan u\u015faqlar: qanunlar onlar \u00fc\u00e7\u00fcn n\u0259 t\u0259klif edir?\"}]},{\"@type\":\"WebSite\",\"@id\":\"https:\\\/\\\/www.meydan.tv\\\/az\\\/#website\",\"url\":\"https:\\\/\\\/www.meydan.tv\\\/az\\\/\",\"name\":\"MEYDAN.TV\",\"description\":\"Meydan TV Az\u0259rbaycan\u0131n media m\u0259kan\u0131ndak\u0131 alternativ s\u0259sidir\",\"publisher\":{\"@id\":\"https:\\\/\\\/www.meydan.tv\\\/az\\\/#organization\"},\"potentialAction\":[{\"@type\":\"SearchAction\",\"target\":{\"@type\":\"EntryPoint\",\"urlTemplate\":\"https:\\\/\\\/www.meydan.tv\\\/az\\\/?s={search_term_string}\"},\"query-input\":{\"@type\":\"PropertyValueSpecification\",\"valueRequired\":true,\"valueName\":\"search_term_string\"}}],\"inLanguage\":\"az\"},{\"@type\":\"Organization\",\"@id\":\"https:\\\/\\\/www.meydan.tv\\\/az\\\/#organization\",\"name\":\"Meydan TV\",\"url\":\"https:\\\/\\\/www.meydan.tv\\\/az\\\/\",\"logo\":{\"@type\":\"ImageObject\",\"inLanguage\":\"az\",\"@id\":\"https:\\\/\\\/www.meydan.tv\\\/az\\\/#\\\/schema\\\/logo\\\/image\\\/\",\"url\":\"https:\\\/\\\/www.meydan.tv\\\/wp-content\\\/uploads\\\/2021\\\/07\\\/meydan-logo.svg\",\"contentUrl\":\"https:\\\/\\\/www.meydan.tv\\\/wp-content\\\/uploads\\\/2021\\\/07\\\/meydan-logo.svg\",\"width\":195,\"height\":46,\"caption\":\"Meydan TV\"},\"image\":{\"@id\":\"https:\\\/\\\/www.meydan.tv\\\/az\\\/#\\\/schema\\\/logo\\\/image\\\/\"}},{\"@type\":\"Person\",\"@id\":\"https:\\\/\\\/www.meydan.tv\\\/az\\\/#\\\/schema\\\/person\\\/9cdbecf90d17180ce1dfbd95b08dcf47\",\"name\":\"elli\",\"sameAs\":[\"https:\\\/\\\/x.com\\\/elli\"]}]}<\/script>\n<!-- \/ Yoast SEO plugin. -->","yoast_head_json":{"title":"Alimentd\u0259n m\u0259hrum qalan u\u015faqlar: qanunlar onlar \u00fc\u00e7\u00fcn n\u0259 t\u0259klif edir? - MEYDAN.TV","description":"D\u00f6rd il \u00f6nc\u0259 planla\u015fd\u0131r\u0131lan Aliment Fondu h\u0259l\u0259 d\u0259 yarad\u0131lmay\u0131b.","robots":{"index":"index","follow":"follow","max-snippet":"max-snippet:-1","max-image-preview":"max-image-preview:large","max-video-preview":"max-video-preview:-1"},"canonical":"https:\/\/www.meydan.tv\/az\/article\/alimentden-mehrum-qalan-usaqlar-qanunlar-onlar-ucun-ne-teklif-edir\/","og_locale":"az_AZ","og_type":"article","og_title":"Alimentd\u0259n m\u0259hrum qalan u\u015faqlar: qanunlar onlar \u00fc\u00e7\u00fcn n\u0259 t\u0259klif edir? - MEYDAN.TV","og_description":"D\u00f6rd il \u00f6nc\u0259 planla\u015fd\u0131r\u0131lan Aliment Fondu h\u0259l\u0259 d\u0259 yarad\u0131lmay\u0131b.","og_url":"https:\/\/www.meydan.tv\/az\/article\/alimentden-mehrum-qalan-usaqlar-qanunlar-onlar-ucun-ne-teklif-edir\/","og_site_name":"MEYDAN.TV","article_published_time":"2024-09-17T08:15:47+00:00","article_modified_time":"2024-10-03T06:54:37+00:00","og_image":[{"width":1200,"height":746,"url":"https:\/\/www.meydan.tv\/wp-content\/uploads\/shutterstock_1388237297.jpg","type":"image\/jpeg"}],"author":"elli","twitter_card":"summary_large_image","twitter_creator":"@elli","schema":{"@context":"https:\/\/schema.org","@graph":[{"@type":"Article","@id":"https:\/\/www.meydan.tv\/az\/article\/alimentden-mehrum-qalan-usaqlar-qanunlar-onlar-ucun-ne-teklif-edir\/#article","isPartOf":{"@id":"https:\/\/www.meydan.tv\/az\/article\/alimentden-mehrum-qalan-usaqlar-qanunlar-onlar-ucun-ne-teklif-edir\/"},"author":{"name":"elli","@id":"https:\/\/www.meydan.tv\/az\/#\/schema\/person\/9cdbecf90d17180ce1dfbd95b08dcf47"},"headline":"Alimentd\u0259n m\u0259hrum qalan u\u015faqlar: qanunlar onlar \u00fc\u00e7\u00fcn n\u0259 t\u0259klif edir?","datePublished":"2024-09-17T08:15:47+00:00","dateModified":"2024-10-03T06:54:37+00:00","mainEntityOfPage":{"@id":"https:\/\/www.meydan.tv\/az\/article\/alimentden-mehrum-qalan-usaqlar-qanunlar-onlar-ucun-ne-teklif-edir\/"},"wordCount":1799,"publisher":{"@id":"https:\/\/www.meydan.tv\/az\/#organization"},"image":{"@id":"https:\/\/www.meydan.tv\/az\/article\/alimentden-mehrum-qalan-usaqlar-qanunlar-onlar-ucun-ne-teklif-edir\/#primaryimage"},"thumbnailUrl":"https:\/\/www.meydan.tv\/wp-content\/uploads\/shutterstock_1388237297.jpg","articleSection":["Sosial","T\u00f6vsiy\u0259","X\u0259b\u0259rl\u0259r"],"inLanguage":"az"},{"@type":"WebPage","@id":"https:\/\/www.meydan.tv\/az\/article\/alimentden-mehrum-qalan-usaqlar-qanunlar-onlar-ucun-ne-teklif-edir\/","url":"https:\/\/www.meydan.tv\/az\/article\/alimentden-mehrum-qalan-usaqlar-qanunlar-onlar-ucun-ne-teklif-edir\/","name":"Alimentd\u0259n m\u0259hrum qalan u\u015faqlar: qanunlar onlar \u00fc\u00e7\u00fcn n\u0259 t\u0259klif edir? - MEYDAN.TV","isPartOf":{"@id":"https:\/\/www.meydan.tv\/az\/#website"},"primaryImageOfPage":{"@id":"https:\/\/www.meydan.tv\/az\/article\/alimentden-mehrum-qalan-usaqlar-qanunlar-onlar-ucun-ne-teklif-edir\/#primaryimage"},"image":{"@id":"https:\/\/www.meydan.tv\/az\/article\/alimentden-mehrum-qalan-usaqlar-qanunlar-onlar-ucun-ne-teklif-edir\/#primaryimage"},"thumbnailUrl":"https:\/\/www.meydan.tv\/wp-content\/uploads\/shutterstock_1388237297.jpg","datePublished":"2024-09-17T08:15:47+00:00","dateModified":"2024-10-03T06:54:37+00:00","description":"D\u00f6rd il \u00f6nc\u0259 planla\u015fd\u0131r\u0131lan Aliment Fondu h\u0259l\u0259 d\u0259 yarad\u0131lmay\u0131b.","breadcrumb":{"@id":"https:\/\/www.meydan.tv\/az\/article\/alimentden-mehrum-qalan-usaqlar-qanunlar-onlar-ucun-ne-teklif-edir\/#breadcrumb"},"inLanguage":"az","potentialAction":[{"@type":"ReadAction","target":["https:\/\/www.meydan.tv\/az\/article\/alimentden-mehrum-qalan-usaqlar-qanunlar-onlar-ucun-ne-teklif-edir\/"]}]},{"@type":"ImageObject","inLanguage":"az","@id":"https:\/\/www.meydan.tv\/az\/article\/alimentden-mehrum-qalan-usaqlar-qanunlar-onlar-ucun-ne-teklif-edir\/#primaryimage","url":"https:\/\/www.meydan.tv\/wp-content\/uploads\/shutterstock_1388237297.jpg","contentUrl":"https:\/\/www.meydan.tv\/wp-content\/uploads\/shutterstock_1388237297.jpg","width":1200,"height":746,"caption":"Aliment m\u00fcbahis\u0259si. Foto: Tero Vesalainen\/shutterstock"},{"@type":"BreadcrumbList","@id":"https:\/\/www.meydan.tv\/az\/article\/alimentden-mehrum-qalan-usaqlar-qanunlar-onlar-ucun-ne-teklif-edir\/#breadcrumb","itemListElement":[{"@type":"ListItem","position":1,"name":"Ana s\u0259hif\u0259","item":"https:\/\/www.meydan.tv\/az\/"},{"@type":"ListItem","position":2,"name":"Sosial","item":"https:\/\/www.meydan.tv\/az\/section\/sosial\/"},{"@type":"ListItem","position":3,"name":"Alimentd\u0259n m\u0259hrum qalan u\u015faqlar: qanunlar onlar \u00fc\u00e7\u00fcn n\u0259 t\u0259klif edir?"}]},{"@type":"WebSite","@id":"https:\/\/www.meydan.tv\/az\/#website","url":"https:\/\/www.meydan.tv\/az\/","name":"MEYDAN.TV","description":"Meydan TV Az\u0259rbaycan\u0131n media m\u0259kan\u0131ndak\u0131 alternativ s\u0259sidir","publisher":{"@id":"https:\/\/www.meydan.tv\/az\/#organization"},"potentialAction":[{"@type":"SearchAction","target":{"@type":"EntryPoint","urlTemplate":"https:\/\/www.meydan.tv\/az\/?s={search_term_string}"},"query-input":{"@type":"PropertyValueSpecification","valueRequired":true,"valueName":"search_term_string"}}],"inLanguage":"az"},{"@type":"Organization","@id":"https:\/\/www.meydan.tv\/az\/#organization","name":"Meydan TV","url":"https:\/\/www.meydan.tv\/az\/","logo":{"@type":"ImageObject","inLanguage":"az","@id":"https:\/\/www.meydan.tv\/az\/#\/schema\/logo\/image\/","url":"https:\/\/www.meydan.tv\/wp-content\/uploads\/2021\/07\/meydan-logo.svg","contentUrl":"https:\/\/www.meydan.tv\/wp-content\/uploads\/2021\/07\/meydan-logo.svg","width":195,"height":46,"caption":"Meydan TV"},"image":{"@id":"https:\/\/www.meydan.tv\/az\/#\/schema\/logo\/image\/"}},{"@type":"Person","@id":"https:\/\/www.meydan.tv\/az\/#\/schema\/person\/9cdbecf90d17180ce1dfbd95b08dcf47","name":"elli","sameAs":["https:\/\/x.com\/elli"]}]}},"_links":{"self":[{"href":"https:\/\/www.meydan.tv\/az\/wp-json\/wp\/v2\/posts\/315694","targetHints":{"allow":["GET"]}}],"collection":[{"href":"https:\/\/www.meydan.tv\/az\/wp-json\/wp\/v2\/posts"}],"about":[{"href":"https:\/\/www.meydan.tv\/az\/wp-json\/wp\/v2\/types\/post"}],"author":[{"embeddable":true,"href":"https:\/\/www.meydan.tv\/az\/wp-json\/wp\/v2\/users\/8"}],"replies":[{"embeddable":true,"href":"https:\/\/www.meydan.tv\/az\/wp-json\/wp\/v2\/comments?post=315694"}],"version-history":[{"count":5,"href":"https:\/\/www.meydan.tv\/az\/wp-json\/wp\/v2\/posts\/315694\/revisions"}],"predecessor-version":[{"id":316937,"href":"https:\/\/www.meydan.tv\/az\/wp-json\/wp\/v2\/posts\/315694\/revisions\/316937"}],"wp:featuredmedia":[{"embeddable":true,"href":"https:\/\/www.meydan.tv\/az\/wp-json\/wp\/v2\/media\/290257"}],"wp:attachment":[{"href":"https:\/\/www.meydan.tv\/az\/wp-json\/wp\/v2\/media?parent=315694"}],"wp:term":[{"taxonomy":"category","embeddable":true,"href":"https:\/\/www.meydan.tv\/az\/wp-json\/wp\/v2\/categories?post=315694"},{"taxonomy":"post_tag","embeddable":true,"href":"https:\/\/www.meydan.tv\/az\/wp-json\/wp\/v2\/tags?post=315694"}],"curies":[{"name":"wp","href":"https:\/\/api.w.org\/{rel}","templated":true}]}}