{"id":315568,"date":"2024-09-16T13:35:49","date_gmt":"2024-09-16T09:35:49","guid":{"rendered":"https:\/\/www.meydan.tv\/?p=315568"},"modified":"2024-09-16T13:35:51","modified_gmt":"2024-09-16T09:35:51","slug":"telebeler-azal-in-guzestli-tariflerinden-narazidir","status":"publish","type":"post","link":"https:\/\/www.meydan.tv\/az\/article\/telebeler-azal-in-guzestli-tariflerinden-narazidir\/","title":{"rendered":"T\u0259l\u0259b\u0259l\u0259r AZAL-\u0131n g\u00fcz\u0259\u015ftli tarifl\u0259rind\u0259n naraz\u0131d\u0131r"},"content":{"rendered":"\n<p><\/p>\n\n\n\n<p><strong><em>\u201cEndirimsiz biletl\u0259 g\u00fcz\u0259\u015ftli bilet aras\u0131nda \u00e7ox az f\u0259rq var\u201d<\/em><\/strong><\/p>\n\n\n\n<p>Az\u0259rbaycan Hava Yollar\u0131 (AZAL) \u00f6t\u0259n ilin sentyabr\u0131ndan T\u00fcrkiy\u0259d\u0259 ali t\u0259hsil alan Az\u0259rbaycan v\u0259t\u0259nda\u015flar\u0131 \u00fc\u00e7\u00fcn x\u00fcsusi g\u00fcz\u0259\u015ftli tarifl\u0259r t\u0259klif edir. Endiriml\u0259r avia\u015firk\u0259tin Bak\u0131dan T\u00fcrkiy\u0259 \u015f\u0259h\u0259rl\u0259rin\u0259 v\u0259 \u0259ks istiqam\u0259t\u0259 yerin\u0259 yetiril\u0259n reysl\u0259r\u0259 \u015famil olunur. T\u0259l\u0259b\u0259l\u0259r deyirl\u0259r ki, biletl\u0259r \u00f6t\u0259n il nisb\u0259t\u0259n ucuz qiym\u0259tl\u0259 t\u0259klif olunsa da, bir ne\u00e7\u0259 ay sonra qiym\u0259t aras\u0131ndaki f\u0259rq dem\u0259k olar ki, minimuma endirilib.<\/p>\n\n\n\n<p>T\u00fcrkiy\u0259nin Ankara \u015f\u0259h\u0259rind\u0259 t\u0259hsil alan Nuray \u0130smay\u0131lzad\u0259 bildirib ki, sentyabr ay\u0131 \u00fc\u00e7\u00fcn bilet ala bilm\u0259yib. T\u0259xmin\u0259n iyulun sonundan biletl\u0259r k\u0259skin bahala\u015fma\u011fa ba\u015flay\u0131b. Avqustun birinci yar\u0131s\u0131ndan sonra, x\u00fcsusil\u0259 azt\u0259minatl\u0131 ail\u0259l\u0259r \u00fc\u00e7\u00fcn qiym\u0259tl\u0259r \u0259l\u00e7atmaz olub.<\/p>\n\n\n\n<p>\u201c<em>AZAL-\u0131n \u201cEconomy\u201d tarifi m\u0259nim Ankarada tutdu\u011fum evin bir ayl\u0131q kiray\u0259si q\u0259d\u0259rdir. Guya t\u0259l\u0259b\u0259 endirimi veribl\u0259r, endiriml\u0259 t\u0259xmin\u0259n 230 manat bilet\u0259 pul \u00f6d\u0259mi\u015f\u0259m. Endirimsiz biletl\u0259 g\u00fcz\u0259\u015ftli bilet aras\u0131nda \u00e7ox az f\u0259rq var\u201d,<\/em>&#8211; t\u0259l\u0259b\u0259 bildirib.<\/p>\n\n\n\n<p>\u0130stanbulda t\u0259hsil alan \u018fv\u0259z M\u0259mm\u0259dli is\u0259 deyib ki, t\u0259l\u0259b\u0259 endiriml\u0259ri formal xarakter da\u015f\u0131y\u0131r. D\u0259rs ilinin ba\u015fa \u00e7atmas\u0131 v\u0259 ya ba\u015flamas\u0131 \u0259r\u0259f\u0259sind\u0259 qiym\u0259tl\u0259r art\u0131r\u0131l\u0131r. Halbuki t\u0259l\u0259b\u0259y\u0259 ild\u0259 iki d\u0259f\u0259 t\u0259klif olunan g\u00fcz\u0259\u015ftli tarif stabil saxlan\u0131la bil\u0259r.<\/p>\n\n\n\n<p>Bak\u0131-\u0130stanbul reysind\u0259n sentyabr\u0131n 29-da g\u00fcz\u0259\u015ftli gedi\u015f qiym\u0259ti 299 manat 62 q\u0259pikdir. Dig\u0259r s\u0259rni\u015finl\u0259r \u00fc\u00e7\u00fcn is\u0259 bilet 341 manatdan ba\u015flay\u0131r. Qiym\u0259t yaln\u0131z oktyabr\u0131n 3-d\u0259n ba\u015flayaraq nisb\u0259t\u0259n enir.<\/p>\n\n\n\n<p><em>\u201cT\u0259l\u0259b\u0259l\u0259rin geri qay\u0131td\u0131\u011f\u0131 \u0259r\u0259f\u0259d\u0259 bu c\u00fcr qiym\u0259tl\u0259r ucuz say\u0131la bilm\u0259z. El\u0259 vaxt olub ki, g\u00fcz\u0259\u015ftli qiym\u0259tl\u0259rl\u0259 90 dollara bilet ala bilmi\u015fik. Do\u011frudur, G\u00fcrc\u00fcstan v\u0259 ya dig\u0259r \u00f6lk\u0259l\u0259rin tarifl\u0259ri il\u0259 m\u00fcqayis\u0259d\u0259 90 dollar da bahad\u0131r. \u00dcmumiyy\u0259tl\u0259, AZAL-\u0131n endiriml\u0259 t\u0259klif etdiyi b\u00fct\u00fcn reysl\u0259r\u0259 biletl\u0259r el\u0259 s\u00fcr\u0259tl\u0259 bitir ki, alana q\u0259d\u0259r yoxa \u00e7\u0131x\u0131r\u201d,-<\/em> \u0130zmird\u0259 t\u0259hsil alan Nigar Abbasova deyib.<\/p>\n\n\n\n<p>T\u00fcrkiy\u0259d\u0259 t\u0259l\u0259b\u0259l\u0259rin daha \u00e7ox t\u0259hsil ald\u0131\u011f\u0131 \u015f\u0259h\u0259rl\u0259rd\u0259n biri \u0130zmirdir. Bu \u015f\u0259h\u0259r\u0259 g\u00fcz\u0259\u015ftli biletin qiym\u0259ti sentyabr\u0131n 29-u \u00fc\u00e7\u00fcn 282 manat 66 q\u0259pik t\u0259\u015fkil edir. Oktyabr\u0131n ilk g\u00fcnl\u0259ri \u00fc\u00e7\u00fcn bilet yoxdur. Dig\u0259r kateqoriyadan olan s\u0259rni\u015finl\u0259r is\u0259 sentyabr\u0131n 29-u 318 manat 47 q\u0259pik \u00f6d\u0259m\u0259kl\u0259 \u0130zmir\u0259 ged\u0259 bil\u0259rl\u0259r. Sentyabr\u0131n 30-da t\u0259l\u0259b\u0259l\u0259r \u00fc\u00e7\u00fcn g\u00fcz\u0259\u015ftli bilet olmasa da, dig\u0259r s\u0259rni\u015finl\u0259r birt\u0259r\u0259fli gedi\u015f \u00fc\u00e7\u00fcn Bak\u0131-\u0130zmir reysin\u0259 868 manat 98 q\u0259pik \u00f6d\u0259m\u0259kl\u0259 bilet \u0259ld\u0259 ed\u0259 bil\u0259rl\u0259r.<\/p>\n\n\n\n<p>AZAL-\u0131n t\u0259l\u0259b\u0259l\u0259r \u00fc\u00e7\u00fcn t\u0259klif etdiyi endiriml\u0259rd\u0259n yararlanmaq \u00fc\u00e7\u00fcn T\u00fcrkiy\u0259d\u0259 ya\u015fay\u0131\u015f icaz\u0259sini t\u0259qdim etm\u0259k laz\u0131md\u0131r. Gedi\u015f tarixind\u0259n \u0259n gec 14 g\u00fcn \u0259vv\u0259l m\u00fcraci\u0259t edilm\u0259lidir.<br>Meydan TV-nin t\u0259l\u0259b\u0259l\u0259r \u00fc\u00e7\u00fcn t\u0259klif olunan endiriml\u0259rl\u0259 ba\u011fl\u0131 suallar\u0131na AZAL-dan cavab verilm\u0259yib. \u015eirk\u0259td\u0259n bildiribl\u0259r ki, bununla ba\u011fl\u0131 a\u00e7\u0131qlama verm\u0259k ist\u0259mirl\u0259r.<\/p>\n","protected":false},"excerpt":{"rendered":"<p>\u201cEndirimsiz biletl\u0259 g\u00fcz\u0259\u015ftli bilet aras\u0131nda \u00e7ox az f\u0259rq var\u201d Az\u0259rbaycan &#8230; <\/p>\n<p class=\"read-more-container\"><a title=\"T\u0259l\u0259b\u0259l\u0259r AZAL-\u0131n g\u00fcz\u0259\u015ftli tarifl\u0259rind\u0259n naraz\u0131d\u0131r\" class=\"read-more button\" href=\"https:\/\/www.meydan.tv\/az\/article\/telebeler-azal-in-guzestli-tariflerinden-narazidir\/#more-315568\" aria-label=\"Read more about T\u0259l\u0259b\u0259l\u0259r AZAL-\u0131n g\u00fcz\u0259\u015ftli tarifl\u0259rind\u0259n naraz\u0131d\u0131r\">Davam\u0131<\/a><\/p>\n","protected":false},"author":8,"featured_media":120086,"comment_status":"closed","ping_status":"closed","sticky":false,"template":"","format":"standard","meta":{"_acf_changed":false,"_sitemap_exclude":false,"_sitemap_priority":"","_sitemap_frequency":"","footnotes":""},"categories":[62,56],"tags":[],"class_list":["post-315568","post","type-post","status-publish","format-standard","has-post-thumbnail","hentry","category-sosial","category-xeberler","infinite-scroll-item","generate-columns","tablet-grid-50","mobile-grid-100","grid-parent","grid-33","no-featured-image-padding"],"acf":[],"yoast_head":"<!-- This site is optimized with the Yoast SEO plugin v27.5 - https:\/\/yoast.com\/product\/yoast-seo-wordpress\/ -->\n<title>T\u0259l\u0259b\u0259l\u0259r AZAL-\u0131n g\u00fcz\u0259\u015ftli tarifl\u0259rind\u0259n naraz\u0131d\u0131r - MEYDAN.TV<\/title>\n<meta name=\"description\" content=\"T\u0259l\u0259b\u0259l\u0259r deyirl\u0259r ki, biletl\u0259r \u00f6t\u0259n il nisb\u0259t\u0259n ucuz qiym\u0259tl\u0259 t\u0259klif olunsa da, bir ne\u00e7\u0259 ay sonra qiym\u0259t aras\u0131ndaki f\u0259rq dem\u0259k olar ki, minimuma endirilib.\" \/>\n<meta name=\"robots\" content=\"index, follow, max-snippet:-1, max-image-preview:large, max-video-preview:-1\" \/>\n<link rel=\"canonical\" href=\"https:\/\/www.meydan.tv\/az\/article\/telebeler-azal-in-guzestli-tariflerinden-narazidir\/\" \/>\n<meta property=\"og:locale\" content=\"az_AZ\" \/>\n<meta property=\"og:type\" content=\"article\" \/>\n<meta property=\"og:title\" content=\"T\u0259l\u0259b\u0259l\u0259r AZAL-\u0131n g\u00fcz\u0259\u015ftli tarifl\u0259rind\u0259n naraz\u0131d\u0131r - MEYDAN.TV\" \/>\n<meta property=\"og:description\" content=\"T\u0259l\u0259b\u0259l\u0259r deyirl\u0259r ki, biletl\u0259r \u00f6t\u0259n il nisb\u0259t\u0259n ucuz qiym\u0259tl\u0259 t\u0259klif olunsa da, bir ne\u00e7\u0259 ay sonra qiym\u0259t aras\u0131ndaki f\u0259rq dem\u0259k olar ki, minimuma endirilib.\" \/>\n<meta property=\"og:url\" content=\"https:\/\/www.meydan.tv\/az\/article\/telebeler-azal-in-guzestli-tariflerinden-narazidir\/\" \/>\n<meta property=\"og:site_name\" content=\"MEYDAN.TV\" \/>\n<meta property=\"article:published_time\" content=\"2024-09-16T09:35:49+00:00\" \/>\n<meta property=\"article:modified_time\" content=\"2024-09-16T09:35:51+00:00\" \/>\n<meta property=\"og:image\" content=\"https:\/\/www.meydan.tv\/wp-content\/uploads\/azal_64_3049008.jpg\" \/>\n\t<meta property=\"og:image:width\" content=\"1500\" \/>\n\t<meta property=\"og:image:height\" content=\"1200\" \/>\n\t<meta property=\"og:image:type\" content=\"image\/jpeg\" \/>\n<meta name=\"author\" content=\"elli\" \/>\n<meta name=\"twitter:card\" content=\"summary_large_image\" \/>\n<meta name=\"twitter:creator\" content=\"@elli\" \/>\n<script type=\"application\/ld+json\" class=\"yoast-schema-graph\">{\"@context\":\"https:\\\/\\\/schema.org\",\"@graph\":[{\"@type\":\"Article\",\"@id\":\"https:\\\/\\\/www.meydan.tv\\\/az\\\/article\\\/telebeler-azal-in-guzestli-tariflerinden-narazidir\\\/#article\",\"isPartOf\":{\"@id\":\"https:\\\/\\\/www.meydan.tv\\\/az\\\/article\\\/telebeler-azal-in-guzestli-tariflerinden-narazidir\\\/\"},\"author\":{\"name\":\"elli\",\"@id\":\"https:\\\/\\\/www.meydan.tv\\\/az\\\/#\\\/schema\\\/person\\\/9cdbecf90d17180ce1dfbd95b08dcf47\"},\"headline\":\"T\u0259l\u0259b\u0259l\u0259r AZAL-\u0131n g\u00fcz\u0259\u015ftli tarifl\u0259rind\u0259n naraz\u0131d\u0131r\",\"datePublished\":\"2024-09-16T09:35:49+00:00\",\"dateModified\":\"2024-09-16T09:35:51+00:00\",\"mainEntityOfPage\":{\"@id\":\"https:\\\/\\\/www.meydan.tv\\\/az\\\/article\\\/telebeler-azal-in-guzestli-tariflerinden-narazidir\\\/\"},\"wordCount\":629,\"publisher\":{\"@id\":\"https:\\\/\\\/www.meydan.tv\\\/az\\\/#organization\"},\"image\":{\"@id\":\"https:\\\/\\\/www.meydan.tv\\\/az\\\/article\\\/telebeler-azal-in-guzestli-tariflerinden-narazidir\\\/#primaryimage\"},\"thumbnailUrl\":\"https:\\\/\\\/www.meydan.tv\\\/wp-content\\\/uploads\\\/azal_64_3049008.jpg\",\"articleSection\":[\"Sosial\",\"X\u0259b\u0259rl\u0259r\"],\"inLanguage\":\"az\"},{\"@type\":\"WebPage\",\"@id\":\"https:\\\/\\\/www.meydan.tv\\\/az\\\/article\\\/telebeler-azal-in-guzestli-tariflerinden-narazidir\\\/\",\"url\":\"https:\\\/\\\/www.meydan.tv\\\/az\\\/article\\\/telebeler-azal-in-guzestli-tariflerinden-narazidir\\\/\",\"name\":\"T\u0259l\u0259b\u0259l\u0259r AZAL-\u0131n g\u00fcz\u0259\u015ftli tarifl\u0259rind\u0259n naraz\u0131d\u0131r - MEYDAN.TV\",\"isPartOf\":{\"@id\":\"https:\\\/\\\/www.meydan.tv\\\/az\\\/#website\"},\"primaryImageOfPage\":{\"@id\":\"https:\\\/\\\/www.meydan.tv\\\/az\\\/article\\\/telebeler-azal-in-guzestli-tariflerinden-narazidir\\\/#primaryimage\"},\"image\":{\"@id\":\"https:\\\/\\\/www.meydan.tv\\\/az\\\/article\\\/telebeler-azal-in-guzestli-tariflerinden-narazidir\\\/#primaryimage\"},\"thumbnailUrl\":\"https:\\\/\\\/www.meydan.tv\\\/wp-content\\\/uploads\\\/azal_64_3049008.jpg\",\"datePublished\":\"2024-09-16T09:35:49+00:00\",\"dateModified\":\"2024-09-16T09:35:51+00:00\",\"description\":\"T\u0259l\u0259b\u0259l\u0259r deyirl\u0259r ki, biletl\u0259r \u00f6t\u0259n il nisb\u0259t\u0259n ucuz qiym\u0259tl\u0259 t\u0259klif olunsa da, bir ne\u00e7\u0259 ay sonra qiym\u0259t aras\u0131ndaki f\u0259rq dem\u0259k olar ki, minimuma endirilib.\",\"breadcrumb\":{\"@id\":\"https:\\\/\\\/www.meydan.tv\\\/az\\\/article\\\/telebeler-azal-in-guzestli-tariflerinden-narazidir\\\/#breadcrumb\"},\"inLanguage\":\"az\",\"potentialAction\":[{\"@type\":\"ReadAction\",\"target\":[\"https:\\\/\\\/www.meydan.tv\\\/az\\\/article\\\/telebeler-azal-in-guzestli-tariflerinden-narazidir\\\/\"]}]},{\"@type\":\"ImageObject\",\"inLanguage\":\"az\",\"@id\":\"https:\\\/\\\/www.meydan.tv\\\/az\\\/article\\\/telebeler-azal-in-guzestli-tariflerinden-narazidir\\\/#primaryimage\",\"url\":\"https:\\\/\\\/www.meydan.tv\\\/wp-content\\\/uploads\\\/azal_64_3049008.jpg\",\"contentUrl\":\"https:\\\/\\\/www.meydan.tv\\\/wp-content\\\/uploads\\\/azal_64_3049008.jpg\",\"width\":1500,\"height\":1200,\"caption\":\"Foto: AZAL\"},{\"@type\":\"BreadcrumbList\",\"@id\":\"https:\\\/\\\/www.meydan.tv\\\/az\\\/article\\\/telebeler-azal-in-guzestli-tariflerinden-narazidir\\\/#breadcrumb\",\"itemListElement\":[{\"@type\":\"ListItem\",\"position\":1,\"name\":\"Ana s\u0259hif\u0259\",\"item\":\"https:\\\/\\\/www.meydan.tv\\\/az\\\/\"},{\"@type\":\"ListItem\",\"position\":2,\"name\":\"Sosial\",\"item\":\"https:\\\/\\\/www.meydan.tv\\\/az\\\/section\\\/sosial\\\/\"},{\"@type\":\"ListItem\",\"position\":3,\"name\":\"T\u0259l\u0259b\u0259l\u0259r AZAL-\u0131n g\u00fcz\u0259\u015ftli tarifl\u0259rind\u0259n naraz\u0131d\u0131r\"}]},{\"@type\":\"WebSite\",\"@id\":\"https:\\\/\\\/www.meydan.tv\\\/az\\\/#website\",\"url\":\"https:\\\/\\\/www.meydan.tv\\\/az\\\/\",\"name\":\"MEYDAN.TV\",\"description\":\"Meydan TV Az\u0259rbaycan\u0131n media m\u0259kan\u0131ndak\u0131 alternativ s\u0259sidir\",\"publisher\":{\"@id\":\"https:\\\/\\\/www.meydan.tv\\\/az\\\/#organization\"},\"potentialAction\":[{\"@type\":\"SearchAction\",\"target\":{\"@type\":\"EntryPoint\",\"urlTemplate\":\"https:\\\/\\\/www.meydan.tv\\\/az\\\/?s={search_term_string}\"},\"query-input\":{\"@type\":\"PropertyValueSpecification\",\"valueRequired\":true,\"valueName\":\"search_term_string\"}}],\"inLanguage\":\"az\"},{\"@type\":\"Organization\",\"@id\":\"https:\\\/\\\/www.meydan.tv\\\/az\\\/#organization\",\"name\":\"Meydan TV\",\"url\":\"https:\\\/\\\/www.meydan.tv\\\/az\\\/\",\"logo\":{\"@type\":\"ImageObject\",\"inLanguage\":\"az\",\"@id\":\"https:\\\/\\\/www.meydan.tv\\\/az\\\/#\\\/schema\\\/logo\\\/image\\\/\",\"url\":\"https:\\\/\\\/www.meydan.tv\\\/wp-content\\\/uploads\\\/2021\\\/07\\\/meydan-logo.svg\",\"contentUrl\":\"https:\\\/\\\/www.meydan.tv\\\/wp-content\\\/uploads\\\/2021\\\/07\\\/meydan-logo.svg\",\"width\":195,\"height\":46,\"caption\":\"Meydan TV\"},\"image\":{\"@id\":\"https:\\\/\\\/www.meydan.tv\\\/az\\\/#\\\/schema\\\/logo\\\/image\\\/\"}},{\"@type\":\"Person\",\"@id\":\"https:\\\/\\\/www.meydan.tv\\\/az\\\/#\\\/schema\\\/person\\\/9cdbecf90d17180ce1dfbd95b08dcf47\",\"name\":\"elli\",\"sameAs\":[\"https:\\\/\\\/x.com\\\/elli\"]}]}<\/script>\n<!-- \/ Yoast SEO plugin. -->","yoast_head_json":{"title":"T\u0259l\u0259b\u0259l\u0259r AZAL-\u0131n g\u00fcz\u0259\u015ftli tarifl\u0259rind\u0259n naraz\u0131d\u0131r - MEYDAN.TV","description":"T\u0259l\u0259b\u0259l\u0259r deyirl\u0259r ki, biletl\u0259r \u00f6t\u0259n il nisb\u0259t\u0259n ucuz qiym\u0259tl\u0259 t\u0259klif olunsa da, bir ne\u00e7\u0259 ay sonra qiym\u0259t aras\u0131ndaki f\u0259rq dem\u0259k olar ki, minimuma endirilib.","robots":{"index":"index","follow":"follow","max-snippet":"max-snippet:-1","max-image-preview":"max-image-preview:large","max-video-preview":"max-video-preview:-1"},"canonical":"https:\/\/www.meydan.tv\/az\/article\/telebeler-azal-in-guzestli-tariflerinden-narazidir\/","og_locale":"az_AZ","og_type":"article","og_title":"T\u0259l\u0259b\u0259l\u0259r AZAL-\u0131n g\u00fcz\u0259\u015ftli tarifl\u0259rind\u0259n naraz\u0131d\u0131r - MEYDAN.TV","og_description":"T\u0259l\u0259b\u0259l\u0259r deyirl\u0259r ki, biletl\u0259r \u00f6t\u0259n il nisb\u0259t\u0259n ucuz qiym\u0259tl\u0259 t\u0259klif olunsa da, bir ne\u00e7\u0259 ay sonra qiym\u0259t aras\u0131ndaki f\u0259rq dem\u0259k olar ki, minimuma endirilib.","og_url":"https:\/\/www.meydan.tv\/az\/article\/telebeler-azal-in-guzestli-tariflerinden-narazidir\/","og_site_name":"MEYDAN.TV","article_published_time":"2024-09-16T09:35:49+00:00","article_modified_time":"2024-09-16T09:35:51+00:00","og_image":[{"width":1500,"height":1200,"url":"https:\/\/www.meydan.tv\/wp-content\/uploads\/azal_64_3049008.jpg","type":"image\/jpeg"}],"author":"elli","twitter_card":"summary_large_image","twitter_creator":"@elli","schema":{"@context":"https:\/\/schema.org","@graph":[{"@type":"Article","@id":"https:\/\/www.meydan.tv\/az\/article\/telebeler-azal-in-guzestli-tariflerinden-narazidir\/#article","isPartOf":{"@id":"https:\/\/www.meydan.tv\/az\/article\/telebeler-azal-in-guzestli-tariflerinden-narazidir\/"},"author":{"name":"elli","@id":"https:\/\/www.meydan.tv\/az\/#\/schema\/person\/9cdbecf90d17180ce1dfbd95b08dcf47"},"headline":"T\u0259l\u0259b\u0259l\u0259r AZAL-\u0131n g\u00fcz\u0259\u015ftli tarifl\u0259rind\u0259n naraz\u0131d\u0131r","datePublished":"2024-09-16T09:35:49+00:00","dateModified":"2024-09-16T09:35:51+00:00","mainEntityOfPage":{"@id":"https:\/\/www.meydan.tv\/az\/article\/telebeler-azal-in-guzestli-tariflerinden-narazidir\/"},"wordCount":629,"publisher":{"@id":"https:\/\/www.meydan.tv\/az\/#organization"},"image":{"@id":"https:\/\/www.meydan.tv\/az\/article\/telebeler-azal-in-guzestli-tariflerinden-narazidir\/#primaryimage"},"thumbnailUrl":"https:\/\/www.meydan.tv\/wp-content\/uploads\/azal_64_3049008.jpg","articleSection":["Sosial","X\u0259b\u0259rl\u0259r"],"inLanguage":"az"},{"@type":"WebPage","@id":"https:\/\/www.meydan.tv\/az\/article\/telebeler-azal-in-guzestli-tariflerinden-narazidir\/","url":"https:\/\/www.meydan.tv\/az\/article\/telebeler-azal-in-guzestli-tariflerinden-narazidir\/","name":"T\u0259l\u0259b\u0259l\u0259r AZAL-\u0131n g\u00fcz\u0259\u015ftli tarifl\u0259rind\u0259n naraz\u0131d\u0131r - MEYDAN.TV","isPartOf":{"@id":"https:\/\/www.meydan.tv\/az\/#website"},"primaryImageOfPage":{"@id":"https:\/\/www.meydan.tv\/az\/article\/telebeler-azal-in-guzestli-tariflerinden-narazidir\/#primaryimage"},"image":{"@id":"https:\/\/www.meydan.tv\/az\/article\/telebeler-azal-in-guzestli-tariflerinden-narazidir\/#primaryimage"},"thumbnailUrl":"https:\/\/www.meydan.tv\/wp-content\/uploads\/azal_64_3049008.jpg","datePublished":"2024-09-16T09:35:49+00:00","dateModified":"2024-09-16T09:35:51+00:00","description":"T\u0259l\u0259b\u0259l\u0259r deyirl\u0259r ki, biletl\u0259r \u00f6t\u0259n il nisb\u0259t\u0259n ucuz qiym\u0259tl\u0259 t\u0259klif olunsa da, bir ne\u00e7\u0259 ay sonra qiym\u0259t aras\u0131ndaki f\u0259rq dem\u0259k olar ki, minimuma endirilib.","breadcrumb":{"@id":"https:\/\/www.meydan.tv\/az\/article\/telebeler-azal-in-guzestli-tariflerinden-narazidir\/#breadcrumb"},"inLanguage":"az","potentialAction":[{"@type":"ReadAction","target":["https:\/\/www.meydan.tv\/az\/article\/telebeler-azal-in-guzestli-tariflerinden-narazidir\/"]}]},{"@type":"ImageObject","inLanguage":"az","@id":"https:\/\/www.meydan.tv\/az\/article\/telebeler-azal-in-guzestli-tariflerinden-narazidir\/#primaryimage","url":"https:\/\/www.meydan.tv\/wp-content\/uploads\/azal_64_3049008.jpg","contentUrl":"https:\/\/www.meydan.tv\/wp-content\/uploads\/azal_64_3049008.jpg","width":1500,"height":1200,"caption":"Foto: AZAL"},{"@type":"BreadcrumbList","@id":"https:\/\/www.meydan.tv\/az\/article\/telebeler-azal-in-guzestli-tariflerinden-narazidir\/#breadcrumb","itemListElement":[{"@type":"ListItem","position":1,"name":"Ana s\u0259hif\u0259","item":"https:\/\/www.meydan.tv\/az\/"},{"@type":"ListItem","position":2,"name":"Sosial","item":"https:\/\/www.meydan.tv\/az\/section\/sosial\/"},{"@type":"ListItem","position":3,"name":"T\u0259l\u0259b\u0259l\u0259r AZAL-\u0131n g\u00fcz\u0259\u015ftli tarifl\u0259rind\u0259n naraz\u0131d\u0131r"}]},{"@type":"WebSite","@id":"https:\/\/www.meydan.tv\/az\/#website","url":"https:\/\/www.meydan.tv\/az\/","name":"MEYDAN.TV","description":"Meydan TV Az\u0259rbaycan\u0131n media m\u0259kan\u0131ndak\u0131 alternativ s\u0259sidir","publisher":{"@id":"https:\/\/www.meydan.tv\/az\/#organization"},"potentialAction":[{"@type":"SearchAction","target":{"@type":"EntryPoint","urlTemplate":"https:\/\/www.meydan.tv\/az\/?s={search_term_string}"},"query-input":{"@type":"PropertyValueSpecification","valueRequired":true,"valueName":"search_term_string"}}],"inLanguage":"az"},{"@type":"Organization","@id":"https:\/\/www.meydan.tv\/az\/#organization","name":"Meydan TV","url":"https:\/\/www.meydan.tv\/az\/","logo":{"@type":"ImageObject","inLanguage":"az","@id":"https:\/\/www.meydan.tv\/az\/#\/schema\/logo\/image\/","url":"https:\/\/www.meydan.tv\/wp-content\/uploads\/2021\/07\/meydan-logo.svg","contentUrl":"https:\/\/www.meydan.tv\/wp-content\/uploads\/2021\/07\/meydan-logo.svg","width":195,"height":46,"caption":"Meydan TV"},"image":{"@id":"https:\/\/www.meydan.tv\/az\/#\/schema\/logo\/image\/"}},{"@type":"Person","@id":"https:\/\/www.meydan.tv\/az\/#\/schema\/person\/9cdbecf90d17180ce1dfbd95b08dcf47","name":"elli","sameAs":["https:\/\/x.com\/elli"]}]}},"_links":{"self":[{"href":"https:\/\/www.meydan.tv\/az\/wp-json\/wp\/v2\/posts\/315568","targetHints":{"allow":["GET"]}}],"collection":[{"href":"https:\/\/www.meydan.tv\/az\/wp-json\/wp\/v2\/posts"}],"about":[{"href":"https:\/\/www.meydan.tv\/az\/wp-json\/wp\/v2\/types\/post"}],"author":[{"embeddable":true,"href":"https:\/\/www.meydan.tv\/az\/wp-json\/wp\/v2\/users\/8"}],"replies":[{"embeddable":true,"href":"https:\/\/www.meydan.tv\/az\/wp-json\/wp\/v2\/comments?post=315568"}],"version-history":[{"count":1,"href":"https:\/\/www.meydan.tv\/az\/wp-json\/wp\/v2\/posts\/315568\/revisions"}],"predecessor-version":[{"id":315569,"href":"https:\/\/www.meydan.tv\/az\/wp-json\/wp\/v2\/posts\/315568\/revisions\/315569"}],"wp:featuredmedia":[{"embeddable":true,"href":"https:\/\/www.meydan.tv\/az\/wp-json\/wp\/v2\/media\/120086"}],"wp:attachment":[{"href":"https:\/\/www.meydan.tv\/az\/wp-json\/wp\/v2\/media?parent=315568"}],"wp:term":[{"taxonomy":"category","embeddable":true,"href":"https:\/\/www.meydan.tv\/az\/wp-json\/wp\/v2\/categories?post=315568"},{"taxonomy":"post_tag","embeddable":true,"href":"https:\/\/www.meydan.tv\/az\/wp-json\/wp\/v2\/tags?post=315568"}],"curies":[{"name":"wp","href":"https:\/\/api.w.org\/{rel}","templated":true}]}}