{"id":315507,"date":"2024-09-14T21:36:37","date_gmt":"2024-09-14T17:36:37","guid":{"rendered":"https:\/\/www.meydan.tv\/?p=315507"},"modified":"2024-09-16T11:03:18","modified_gmt":"2024-09-16T07:03:18","slug":"esgerin-gullelenerek-oldurulduyu-bildirilir","status":"publish","type":"post","link":"https:\/\/www.meydan.tv\/az\/article\/esgerin-gullelenerek-oldurulduyu-bildirilir\/","title":{"rendered":"\u018fsg\u0259rin g\u00fcll\u0259l\u0259n\u0259r\u0259k \u00f6ld\u00fcr\u00fcld\u00fcy\u00fc bildirilir"},"content":{"rendered":"\n<p><\/p>\n\n\n\n<p><strong><em>Q\u0259sd\u0259n adam \u00f6ld\u00fcrm\u0259 madd\u0259sil\u0259 cinay\u0259t i\u015fi ba\u015flan\u0131b<\/em><\/strong><\/p>\n\n\n\n<p>M\u00fcdafi\u0259 Nazirliyinin N sayl\u0131 h\u0259rbi hiss\u0259sind\u0259 xidm\u0259t ed\u0259n \u0259sg\u0259r Nurbala Ba\u011f\u0131rov g\u00fcll\u0259l\u0259n\u0259r\u0259k h\u0259yat\u0131n\u0131 itirib. \u018fsg\u0259rin odlu silahdan a\u00e7\u0131lan at\u0259\u015f n\u0259tic\u0259sind\u0259 \u00f6lm\u0259si bar\u0259d\u0259 \u015e\u0259mkir H\u0259rbi Prokurorlu\u011funa m\u0259lumat daxil olub.<\/p>\n\n\n\n<p>H\u0259rbi Prokurorlu\u011fun M\u0259tbuat xidm\u0259tinin yayd\u0131\u011f\u0131 m\u0259lumata g\u00f6r\u0259, faktla ba\u011fl\u0131 Cinay\u0259t M\u0259c\u0259ll\u0259sinin 120.1-ci (q\u0259sd\u0259n adam \u00f6ld\u00fcrm\u0259) madd\u0259si il\u0259 cinay\u0259t i\u015fi ba\u015flan\u0131b.<\/p>\n\n\n\n<p>\u201c<em>\u015eahidl\u0259r dindirilib, m\u00fcxt\u0259lif ekspertizalar t\u0259yin edil\u0259r\u0259k, icraya y\u00f6n\u0259ldilib, t\u0259xir\u0259sal\u0131nmaz z\u0259ruri istintaq h\u0259r\u0259k\u0259tl\u0259ri h\u0259yata ke\u00e7irilib\u201d,<\/em> &#8211; H\u0259rbi Prokurorlu\u011fun M\u0259tbuat xidm\u0259tind\u0259n bildirilib.<\/p>\n\n\n<div class=\"wp-block-image\">\n<figure class=\"alignleft size-full is-resized\"><img decoding=\"async\" width=\"1200\" height=\"690\" data-src=\"https:\/\/www.meydan.tv\/wp-content\/uploads\/16537369403189429664_1200x630-e1671196372731.jpeg\" alt=\"\" class=\"wp-image-263596 lazyload\" style=\"--smush-placeholder-width: 1200px; --smush-placeholder-aspect-ratio: 1200\/690;width:349px;height:auto\" src=\"data:image\/svg+xml;base64,PHN2ZyB3aWR0aD0iMSIgaGVpZ2h0PSIxIiB4bWxucz0iaHR0cDovL3d3dy53My5vcmcvMjAwMC9zdmciPjwvc3ZnPg==\" \/><figcaption class=\"wp-element-caption\">H\u0259rbi Prokurorluq. M\u0259nb\u0259: &#8220;Az\u0259rtac&#8221;<\/figcaption><\/figure>\n<\/div>\n\n\n<p>\u015e\u0259mkir H\u0259rbi Prokurorlu\u011funun v\u0259 Respublika H\u0259rbi Prokurorlu\u011funun Kriminalistika v\u0259 \u0130nformasiya Texnologiyalar\u0131 \u0130dar\u0259sinin&nbsp; \u0259m\u0259kda\u015flar\u0131 hadis\u0259 yerin\u0259 v\u0259 meyit\u0259 bax\u0131\u015f ke\u00e7iribl\u0259r:<\/p>\n\n\n\n<p>\u201c<em>Onlar i\u015f \u00fc\u00e7\u00fcn \u0259h\u0259miyy\u0259t k\u0259sb ed\u0259n predmetl\u0259ri maddi s\u00fcbut kimi g\u00f6t\u00fcr\u00fcb v\u0259 dig\u0259r h\u0259r\u0259k\u0259tl\u0259r icra edibl\u0259r. Haz\u0131rda istintaq davam etdirilir v\u0259 qanunvericiliyin t\u0259l\u0259bl\u0259rin\u0259 uy\u011fun olaraq, b\u00fct\u00fcn t\u0259dbirl\u0259rin g\u00f6r\u00fclm\u0259si, o c\u00fcml\u0259d\u0259n h\u0259r bir \u0259m\u0259l\u0259 v\u0259 fakta h\u00fcquqi qiym\u0259t verilm\u0259si t\u0259min olunacaq\u201d.<\/em><\/p>\n","protected":false},"excerpt":{"rendered":"<p>Q\u0259sd\u0259n adam \u00f6ld\u00fcrm\u0259 madd\u0259sil\u0259 cinay\u0259t i\u015fi ba\u015flan\u0131b M\u00fcdafi\u0259 Nazirliyinin N &#8230; <\/p>\n<p class=\"read-more-container\"><a title=\"\u018fsg\u0259rin g\u00fcll\u0259l\u0259n\u0259r\u0259k \u00f6ld\u00fcr\u00fcld\u00fcy\u00fc bildirilir\" class=\"read-more button\" href=\"https:\/\/www.meydan.tv\/az\/article\/esgerin-gullelenerek-oldurulduyu-bildirilir\/#more-315507\" aria-label=\"Read more about \u018fsg\u0259rin g\u00fcll\u0259l\u0259n\u0259r\u0259k \u00f6ld\u00fcr\u00fcld\u00fcy\u00fc bildirilir\">Davam\u0131<\/a><\/p>\n","protected":false},"author":8,"featured_media":280368,"comment_status":"closed","ping_status":"closed","sticky":false,"template":"","format":"standard","meta":{"_acf_changed":false,"_sitemap_exclude":false,"_sitemap_priority":"","_sitemap_frequency":"","footnotes":""},"categories":[62,79,56],"tags":[],"class_list":["post-315507","post","type-post","status-publish","format-standard","has-post-thumbnail","hentry","category-sosial","category-featured","category-xeberler","infinite-scroll-item","generate-columns","tablet-grid-50","mobile-grid-100","grid-parent","grid-33","no-featured-image-padding"],"acf":[],"yoast_head":"<!-- This site is optimized with the Yoast SEO plugin v27.5 - https:\/\/yoast.com\/product\/yoast-seo-wordpress\/ -->\n<title>\u018fsg\u0259rin g\u00fcll\u0259l\u0259n\u0259r\u0259k \u00f6ld\u00fcr\u00fcld\u00fcy\u00fc bildirilir - MEYDAN.TV<\/title>\n<meta name=\"description\" content=\"Faktla ba\u011fl\u0131 Cinay\u0259t M\u0259c\u0259ll\u0259sinin 120.1-ci (q\u0259sd\u0259n adam \u00f6ld\u00fcrm\u0259) madd\u0259si il\u0259 cinay\u0259t i\u015fi ba\u015flan\u0131b.\" \/>\n<meta name=\"robots\" content=\"index, follow, max-snippet:-1, max-image-preview:large, max-video-preview:-1\" \/>\n<link rel=\"canonical\" href=\"https:\/\/www.meydan.tv\/az\/article\/esgerin-gullelenerek-oldurulduyu-bildirilir\/\" \/>\n<meta property=\"og:locale\" content=\"az_AZ\" \/>\n<meta property=\"og:type\" content=\"article\" \/>\n<meta property=\"og:title\" content=\"\u018fsg\u0259rin g\u00fcll\u0259l\u0259n\u0259r\u0259k \u00f6ld\u00fcr\u00fcld\u00fcy\u00fc bildirilir - MEYDAN.TV\" \/>\n<meta property=\"og:description\" content=\"Faktla ba\u011fl\u0131 Cinay\u0259t M\u0259c\u0259ll\u0259sinin 120.1-ci (q\u0259sd\u0259n adam \u00f6ld\u00fcrm\u0259) madd\u0259si il\u0259 cinay\u0259t i\u015fi ba\u015flan\u0131b.\" \/>\n<meta property=\"og:url\" content=\"https:\/\/www.meydan.tv\/az\/article\/esgerin-gullelenerek-oldurulduyu-bildirilir\/\" \/>\n<meta property=\"og:site_name\" content=\"MEYDAN.TV\" \/>\n<meta property=\"article:published_time\" content=\"2024-09-14T17:36:37+00:00\" \/>\n<meta property=\"article:modified_time\" content=\"2024-09-16T07:03:18+00:00\" \/>\n<meta property=\"og:image\" content=\"https:\/\/www.meydan.tv\/wp-content\/uploads\/untitled-design-162-e1690145038833.jpg\" \/>\n\t<meta property=\"og:image:width\" content=\"1200\" \/>\n\t<meta property=\"og:image:height\" content=\"696\" \/>\n\t<meta property=\"og:image:type\" content=\"image\/jpeg\" \/>\n<meta name=\"author\" content=\"elli\" \/>\n<meta name=\"twitter:card\" content=\"summary_large_image\" \/>\n<meta name=\"twitter:creator\" content=\"@elli\" \/>\n<script type=\"application\/ld+json\" class=\"yoast-schema-graph\">{\"@context\":\"https:\\\/\\\/schema.org\",\"@graph\":[{\"@type\":\"Article\",\"@id\":\"https:\\\/\\\/www.meydan.tv\\\/az\\\/article\\\/esgerin-gullelenerek-oldurulduyu-bildirilir\\\/#article\",\"isPartOf\":{\"@id\":\"https:\\\/\\\/www.meydan.tv\\\/az\\\/article\\\/esgerin-gullelenerek-oldurulduyu-bildirilir\\\/\"},\"author\":{\"name\":\"elli\",\"@id\":\"https:\\\/\\\/www.meydan.tv\\\/az\\\/#\\\/schema\\\/person\\\/9cdbecf90d17180ce1dfbd95b08dcf47\"},\"headline\":\"\u018fsg\u0259rin g\u00fcll\u0259l\u0259n\u0259r\u0259k \u00f6ld\u00fcr\u00fcld\u00fcy\u00fc bildirilir\",\"datePublished\":\"2024-09-14T17:36:37+00:00\",\"dateModified\":\"2024-09-16T07:03:18+00:00\",\"mainEntityOfPage\":{\"@id\":\"https:\\\/\\\/www.meydan.tv\\\/az\\\/article\\\/esgerin-gullelenerek-oldurulduyu-bildirilir\\\/\"},\"wordCount\":273,\"publisher\":{\"@id\":\"https:\\\/\\\/www.meydan.tv\\\/az\\\/#organization\"},\"image\":{\"@id\":\"https:\\\/\\\/www.meydan.tv\\\/az\\\/article\\\/esgerin-gullelenerek-oldurulduyu-bildirilir\\\/#primaryimage\"},\"thumbnailUrl\":\"https:\\\/\\\/www.meydan.tv\\\/wp-content\\\/uploads\\\/untitled-design-162-e1690145038833.jpg\",\"articleSection\":[\"Sosial\",\"T\u00f6vsiy\u0259\",\"X\u0259b\u0259rl\u0259r\"],\"inLanguage\":\"az\"},{\"@type\":\"WebPage\",\"@id\":\"https:\\\/\\\/www.meydan.tv\\\/az\\\/article\\\/esgerin-gullelenerek-oldurulduyu-bildirilir\\\/\",\"url\":\"https:\\\/\\\/www.meydan.tv\\\/az\\\/article\\\/esgerin-gullelenerek-oldurulduyu-bildirilir\\\/\",\"name\":\"\u018fsg\u0259rin g\u00fcll\u0259l\u0259n\u0259r\u0259k \u00f6ld\u00fcr\u00fcld\u00fcy\u00fc bildirilir - MEYDAN.TV\",\"isPartOf\":{\"@id\":\"https:\\\/\\\/www.meydan.tv\\\/az\\\/#website\"},\"primaryImageOfPage\":{\"@id\":\"https:\\\/\\\/www.meydan.tv\\\/az\\\/article\\\/esgerin-gullelenerek-oldurulduyu-bildirilir\\\/#primaryimage\"},\"image\":{\"@id\":\"https:\\\/\\\/www.meydan.tv\\\/az\\\/article\\\/esgerin-gullelenerek-oldurulduyu-bildirilir\\\/#primaryimage\"},\"thumbnailUrl\":\"https:\\\/\\\/www.meydan.tv\\\/wp-content\\\/uploads\\\/untitled-design-162-e1690145038833.jpg\",\"datePublished\":\"2024-09-14T17:36:37+00:00\",\"dateModified\":\"2024-09-16T07:03:18+00:00\",\"description\":\"Faktla ba\u011fl\u0131 Cinay\u0259t M\u0259c\u0259ll\u0259sinin 120.1-ci (q\u0259sd\u0259n adam \u00f6ld\u00fcrm\u0259) madd\u0259si il\u0259 cinay\u0259t i\u015fi ba\u015flan\u0131b.\",\"breadcrumb\":{\"@id\":\"https:\\\/\\\/www.meydan.tv\\\/az\\\/article\\\/esgerin-gullelenerek-oldurulduyu-bildirilir\\\/#breadcrumb\"},\"inLanguage\":\"az\",\"potentialAction\":[{\"@type\":\"ReadAction\",\"target\":[\"https:\\\/\\\/www.meydan.tv\\\/az\\\/article\\\/esgerin-gullelenerek-oldurulduyu-bildirilir\\\/\"]}]},{\"@type\":\"ImageObject\",\"inLanguage\":\"az\",\"@id\":\"https:\\\/\\\/www.meydan.tv\\\/az\\\/article\\\/esgerin-gullelenerek-oldurulduyu-bildirilir\\\/#primaryimage\",\"url\":\"https:\\\/\\\/www.meydan.tv\\\/wp-content\\\/uploads\\\/untitled-design-162-e1690145038833.jpg\",\"contentUrl\":\"https:\\\/\\\/www.meydan.tv\\\/wp-content\\\/uploads\\\/untitled-design-162-e1690145038833.jpg\",\"width\":1200,\"height\":696,\"caption\":\"\u018fsg\u0259r. Foto: Meydan TV\"},{\"@type\":\"BreadcrumbList\",\"@id\":\"https:\\\/\\\/www.meydan.tv\\\/az\\\/article\\\/esgerin-gullelenerek-oldurulduyu-bildirilir\\\/#breadcrumb\",\"itemListElement\":[{\"@type\":\"ListItem\",\"position\":1,\"name\":\"Ana s\u0259hif\u0259\",\"item\":\"https:\\\/\\\/www.meydan.tv\\\/az\\\/\"},{\"@type\":\"ListItem\",\"position\":2,\"name\":\"Sosial\",\"item\":\"https:\\\/\\\/www.meydan.tv\\\/az\\\/section\\\/sosial\\\/\"},{\"@type\":\"ListItem\",\"position\":3,\"name\":\"\u018fsg\u0259rin g\u00fcll\u0259l\u0259n\u0259r\u0259k \u00f6ld\u00fcr\u00fcld\u00fcy\u00fc bildirilir\"}]},{\"@type\":\"WebSite\",\"@id\":\"https:\\\/\\\/www.meydan.tv\\\/az\\\/#website\",\"url\":\"https:\\\/\\\/www.meydan.tv\\\/az\\\/\",\"name\":\"MEYDAN.TV\",\"description\":\"Meydan TV Az\u0259rbaycan\u0131n media m\u0259kan\u0131ndak\u0131 alternativ s\u0259sidir\",\"publisher\":{\"@id\":\"https:\\\/\\\/www.meydan.tv\\\/az\\\/#organization\"},\"potentialAction\":[{\"@type\":\"SearchAction\",\"target\":{\"@type\":\"EntryPoint\",\"urlTemplate\":\"https:\\\/\\\/www.meydan.tv\\\/az\\\/?s={search_term_string}\"},\"query-input\":{\"@type\":\"PropertyValueSpecification\",\"valueRequired\":true,\"valueName\":\"search_term_string\"}}],\"inLanguage\":\"az\"},{\"@type\":\"Organization\",\"@id\":\"https:\\\/\\\/www.meydan.tv\\\/az\\\/#organization\",\"name\":\"Meydan TV\",\"url\":\"https:\\\/\\\/www.meydan.tv\\\/az\\\/\",\"logo\":{\"@type\":\"ImageObject\",\"inLanguage\":\"az\",\"@id\":\"https:\\\/\\\/www.meydan.tv\\\/az\\\/#\\\/schema\\\/logo\\\/image\\\/\",\"url\":\"https:\\\/\\\/www.meydan.tv\\\/wp-content\\\/uploads\\\/2021\\\/07\\\/meydan-logo.svg\",\"contentUrl\":\"https:\\\/\\\/www.meydan.tv\\\/wp-content\\\/uploads\\\/2021\\\/07\\\/meydan-logo.svg\",\"width\":195,\"height\":46,\"caption\":\"Meydan TV\"},\"image\":{\"@id\":\"https:\\\/\\\/www.meydan.tv\\\/az\\\/#\\\/schema\\\/logo\\\/image\\\/\"}},{\"@type\":\"Person\",\"@id\":\"https:\\\/\\\/www.meydan.tv\\\/az\\\/#\\\/schema\\\/person\\\/9cdbecf90d17180ce1dfbd95b08dcf47\",\"name\":\"elli\",\"sameAs\":[\"https:\\\/\\\/x.com\\\/elli\"]}]}<\/script>\n<!-- \/ Yoast SEO plugin. -->","yoast_head_json":{"title":"\u018fsg\u0259rin g\u00fcll\u0259l\u0259n\u0259r\u0259k \u00f6ld\u00fcr\u00fcld\u00fcy\u00fc bildirilir - MEYDAN.TV","description":"Faktla ba\u011fl\u0131 Cinay\u0259t M\u0259c\u0259ll\u0259sinin 120.1-ci (q\u0259sd\u0259n adam \u00f6ld\u00fcrm\u0259) madd\u0259si il\u0259 cinay\u0259t i\u015fi ba\u015flan\u0131b.","robots":{"index":"index","follow":"follow","max-snippet":"max-snippet:-1","max-image-preview":"max-image-preview:large","max-video-preview":"max-video-preview:-1"},"canonical":"https:\/\/www.meydan.tv\/az\/article\/esgerin-gullelenerek-oldurulduyu-bildirilir\/","og_locale":"az_AZ","og_type":"article","og_title":"\u018fsg\u0259rin g\u00fcll\u0259l\u0259n\u0259r\u0259k \u00f6ld\u00fcr\u00fcld\u00fcy\u00fc bildirilir - MEYDAN.TV","og_description":"Faktla ba\u011fl\u0131 Cinay\u0259t M\u0259c\u0259ll\u0259sinin 120.1-ci (q\u0259sd\u0259n adam \u00f6ld\u00fcrm\u0259) madd\u0259si il\u0259 cinay\u0259t i\u015fi ba\u015flan\u0131b.","og_url":"https:\/\/www.meydan.tv\/az\/article\/esgerin-gullelenerek-oldurulduyu-bildirilir\/","og_site_name":"MEYDAN.TV","article_published_time":"2024-09-14T17:36:37+00:00","article_modified_time":"2024-09-16T07:03:18+00:00","og_image":[{"width":1200,"height":696,"url":"https:\/\/www.meydan.tv\/wp-content\/uploads\/untitled-design-162-e1690145038833.jpg","type":"image\/jpeg"}],"author":"elli","twitter_card":"summary_large_image","twitter_creator":"@elli","schema":{"@context":"https:\/\/schema.org","@graph":[{"@type":"Article","@id":"https:\/\/www.meydan.tv\/az\/article\/esgerin-gullelenerek-oldurulduyu-bildirilir\/#article","isPartOf":{"@id":"https:\/\/www.meydan.tv\/az\/article\/esgerin-gullelenerek-oldurulduyu-bildirilir\/"},"author":{"name":"elli","@id":"https:\/\/www.meydan.tv\/az\/#\/schema\/person\/9cdbecf90d17180ce1dfbd95b08dcf47"},"headline":"\u018fsg\u0259rin g\u00fcll\u0259l\u0259n\u0259r\u0259k \u00f6ld\u00fcr\u00fcld\u00fcy\u00fc bildirilir","datePublished":"2024-09-14T17:36:37+00:00","dateModified":"2024-09-16T07:03:18+00:00","mainEntityOfPage":{"@id":"https:\/\/www.meydan.tv\/az\/article\/esgerin-gullelenerek-oldurulduyu-bildirilir\/"},"wordCount":273,"publisher":{"@id":"https:\/\/www.meydan.tv\/az\/#organization"},"image":{"@id":"https:\/\/www.meydan.tv\/az\/article\/esgerin-gullelenerek-oldurulduyu-bildirilir\/#primaryimage"},"thumbnailUrl":"https:\/\/www.meydan.tv\/wp-content\/uploads\/untitled-design-162-e1690145038833.jpg","articleSection":["Sosial","T\u00f6vsiy\u0259","X\u0259b\u0259rl\u0259r"],"inLanguage":"az"},{"@type":"WebPage","@id":"https:\/\/www.meydan.tv\/az\/article\/esgerin-gullelenerek-oldurulduyu-bildirilir\/","url":"https:\/\/www.meydan.tv\/az\/article\/esgerin-gullelenerek-oldurulduyu-bildirilir\/","name":"\u018fsg\u0259rin g\u00fcll\u0259l\u0259n\u0259r\u0259k \u00f6ld\u00fcr\u00fcld\u00fcy\u00fc bildirilir - MEYDAN.TV","isPartOf":{"@id":"https:\/\/www.meydan.tv\/az\/#website"},"primaryImageOfPage":{"@id":"https:\/\/www.meydan.tv\/az\/article\/esgerin-gullelenerek-oldurulduyu-bildirilir\/#primaryimage"},"image":{"@id":"https:\/\/www.meydan.tv\/az\/article\/esgerin-gullelenerek-oldurulduyu-bildirilir\/#primaryimage"},"thumbnailUrl":"https:\/\/www.meydan.tv\/wp-content\/uploads\/untitled-design-162-e1690145038833.jpg","datePublished":"2024-09-14T17:36:37+00:00","dateModified":"2024-09-16T07:03:18+00:00","description":"Faktla ba\u011fl\u0131 Cinay\u0259t M\u0259c\u0259ll\u0259sinin 120.1-ci (q\u0259sd\u0259n adam \u00f6ld\u00fcrm\u0259) madd\u0259si il\u0259 cinay\u0259t i\u015fi ba\u015flan\u0131b.","breadcrumb":{"@id":"https:\/\/www.meydan.tv\/az\/article\/esgerin-gullelenerek-oldurulduyu-bildirilir\/#breadcrumb"},"inLanguage":"az","potentialAction":[{"@type":"ReadAction","target":["https:\/\/www.meydan.tv\/az\/article\/esgerin-gullelenerek-oldurulduyu-bildirilir\/"]}]},{"@type":"ImageObject","inLanguage":"az","@id":"https:\/\/www.meydan.tv\/az\/article\/esgerin-gullelenerek-oldurulduyu-bildirilir\/#primaryimage","url":"https:\/\/www.meydan.tv\/wp-content\/uploads\/untitled-design-162-e1690145038833.jpg","contentUrl":"https:\/\/www.meydan.tv\/wp-content\/uploads\/untitled-design-162-e1690145038833.jpg","width":1200,"height":696,"caption":"\u018fsg\u0259r. Foto: Meydan TV"},{"@type":"BreadcrumbList","@id":"https:\/\/www.meydan.tv\/az\/article\/esgerin-gullelenerek-oldurulduyu-bildirilir\/#breadcrumb","itemListElement":[{"@type":"ListItem","position":1,"name":"Ana s\u0259hif\u0259","item":"https:\/\/www.meydan.tv\/az\/"},{"@type":"ListItem","position":2,"name":"Sosial","item":"https:\/\/www.meydan.tv\/az\/section\/sosial\/"},{"@type":"ListItem","position":3,"name":"\u018fsg\u0259rin g\u00fcll\u0259l\u0259n\u0259r\u0259k \u00f6ld\u00fcr\u00fcld\u00fcy\u00fc bildirilir"}]},{"@type":"WebSite","@id":"https:\/\/www.meydan.tv\/az\/#website","url":"https:\/\/www.meydan.tv\/az\/","name":"MEYDAN.TV","description":"Meydan TV Az\u0259rbaycan\u0131n media m\u0259kan\u0131ndak\u0131 alternativ s\u0259sidir","publisher":{"@id":"https:\/\/www.meydan.tv\/az\/#organization"},"potentialAction":[{"@type":"SearchAction","target":{"@type":"EntryPoint","urlTemplate":"https:\/\/www.meydan.tv\/az\/?s={search_term_string}"},"query-input":{"@type":"PropertyValueSpecification","valueRequired":true,"valueName":"search_term_string"}}],"inLanguage":"az"},{"@type":"Organization","@id":"https:\/\/www.meydan.tv\/az\/#organization","name":"Meydan TV","url":"https:\/\/www.meydan.tv\/az\/","logo":{"@type":"ImageObject","inLanguage":"az","@id":"https:\/\/www.meydan.tv\/az\/#\/schema\/logo\/image\/","url":"https:\/\/www.meydan.tv\/wp-content\/uploads\/2021\/07\/meydan-logo.svg","contentUrl":"https:\/\/www.meydan.tv\/wp-content\/uploads\/2021\/07\/meydan-logo.svg","width":195,"height":46,"caption":"Meydan TV"},"image":{"@id":"https:\/\/www.meydan.tv\/az\/#\/schema\/logo\/image\/"}},{"@type":"Person","@id":"https:\/\/www.meydan.tv\/az\/#\/schema\/person\/9cdbecf90d17180ce1dfbd95b08dcf47","name":"elli","sameAs":["https:\/\/x.com\/elli"]}]}},"_links":{"self":[{"href":"https:\/\/www.meydan.tv\/az\/wp-json\/wp\/v2\/posts\/315507","targetHints":{"allow":["GET"]}}],"collection":[{"href":"https:\/\/www.meydan.tv\/az\/wp-json\/wp\/v2\/posts"}],"about":[{"href":"https:\/\/www.meydan.tv\/az\/wp-json\/wp\/v2\/types\/post"}],"author":[{"embeddable":true,"href":"https:\/\/www.meydan.tv\/az\/wp-json\/wp\/v2\/users\/8"}],"replies":[{"embeddable":true,"href":"https:\/\/www.meydan.tv\/az\/wp-json\/wp\/v2\/comments?post=315507"}],"version-history":[{"count":3,"href":"https:\/\/www.meydan.tv\/az\/wp-json\/wp\/v2\/posts\/315507\/revisions"}],"predecessor-version":[{"id":315543,"href":"https:\/\/www.meydan.tv\/az\/wp-json\/wp\/v2\/posts\/315507\/revisions\/315543"}],"wp:featuredmedia":[{"embeddable":true,"href":"https:\/\/www.meydan.tv\/az\/wp-json\/wp\/v2\/media\/280368"}],"wp:attachment":[{"href":"https:\/\/www.meydan.tv\/az\/wp-json\/wp\/v2\/media?parent=315507"}],"wp:term":[{"taxonomy":"category","embeddable":true,"href":"https:\/\/www.meydan.tv\/az\/wp-json\/wp\/v2\/categories?post=315507"},{"taxonomy":"post_tag","embeddable":true,"href":"https:\/\/www.meydan.tv\/az\/wp-json\/wp\/v2\/tags?post=315507"}],"curies":[{"name":"wp","href":"https:\/\/api.w.org\/{rel}","templated":true}]}}