{"id":315458,"date":"2024-09-13T16:04:08","date_gmt":"2024-09-13T12:04:08","guid":{"rendered":"https:\/\/www.meydan.tv\/?p=315458"},"modified":"2024-09-13T16:04:11","modified_gmt":"2024-09-13T12:04:11","slug":"neftle-zengin-olkeler-bmt-nin-iqlim-sazisi-uzre-irelileyisi-yavaslatmaga-sey-gosterir","status":"publish","type":"post","link":"https:\/\/www.meydan.tv\/az\/article\/neftle-zengin-olkeler-bmt-nin-iqlim-sazisi-uzre-irelileyisi-yavaslatmaga-sey-gosterir\/","title":{"rendered":"\u201cNeftl\u0259 z\u0259ngin \u00f6lk\u0259l\u0259r BMT-nin iqlim sazi\u015fi \u00fczr\u0259 ir\u0259lil\u0259yi\u015fi yava\u015flatma\u011fa s\u0259y g\u00f6st\u0259rir\u201d"},"content":{"rendered":"\n<p><\/p>\n\n\n\n<p><strong><em>&#8220;The Financial Times&#8221; COP29-la ba\u011fl\u0131 m\u0259qal\u0259 d\u0259rc edib<\/em><\/strong><\/p>\n\n\n\n<p>Avropa \u0130ttifaq\u0131na \u00fczv \u00f6lk\u0259l\u0259r COP29 iqlim konfrans\u0131n\u0131n ke\u00e7iril\u0259c\u0259yi Az\u0259rbaycana m\u0259d\u0259n yanaca\u011f\u0131ndan istifad\u0259y\u0259 son verm\u0259yi prioritet saymas\u0131 \u00fc\u00e7\u00fcn t\u0259zyiq g\u00f6st\u0259rir.<\/p>\n\n\n\n<p>Bu bar\u0259d\u0259 Britaniyada \u00e7\u0131xan &#8220;The Financial Times&#8221; <a href=\"https:\/\/www.ft.com\/content\/c1e13d08-9917-44d3-bd63-5916a320e451\" target=\"_blank\" rel=\"noreferrer noopener\">n\u0259\u015fri<\/a> yaz\u0131b. M\u0259qal\u0259d\u0259 qeyd olunur ki, neftl\u0259 z\u0259ngin \u00f6lk\u0259l\u0259r BMT-nin m\u00fch\u00fcm iqlim sazi\u015find\u0259 ir\u0259lil\u0259yi\u015fi yava\u015flatmaq \u00fc\u00e7\u00fcn birg\u0259 s\u0259y g\u00f6st\u0259rirl\u0259r.<\/p>\n\n\n\n<p>Be\u015f Q\u0259rb \u00f6lk\u0259si t\u0259msil\u00e7il\u0259ri q\u0259zet\u0259 deyib ki, onlar Az\u0259rbaycana bu y\u00f6nd\u0259 t\u0259zyiq g\u00f6st\u0259rirl\u0259r, neft \u00f6lk\u0259l\u0259ri v\u0259 m\u00fctt\u0259fiql\u0259rinin dir\u0259ni\u015fini q\u0131rmaq ist\u0259yirl\u0259r.<\/p>\n\n\n\n<p>\u00d6t\u0259n ilin dekabr\u0131nda Dubayda ke\u00e7iril\u0259n COP28 t\u0259dbirind\u0259 200-\u0259 yax\u0131n \u00f6lk\u0259 2050-ci il\u0259 q\u0259d\u0259r enerji sisteml\u0259rind\u0259n qal\u0131q yanacaqlar\u0131n\u0131 l\u0259\u011fv etm\u0259k v\u0259 2030-cu il\u0259 q\u0259d\u0259r b\u0259rpa olunan enerji tutumunu \u00fc\u00e7 d\u0259f\u0259, enerji s\u0259m\u0259r\u0259liliyini ikiqat art\u0131rmaq bar\u0259d\u0259 raz\u0131l\u0131\u011fa g\u0259lib.<\/p>\n\n\n\n<p>M\u0259qal\u0259d\u0259 yaz\u0131l\u0131b ki, haz\u0131rda S\u0259udiyy\u0259 \u018fr\u0259bistan\u0131, Rusiya v\u0259 Boliviya da daxil olmaqla, bir ne\u00e7\u0259 \u00f6lk\u0259 ir\u0259lil\u0259yi\u015f\u0259 mane olma\u011fa \u00e7al\u0131\u015f\u0131r. \u201c<em>\u0130qtisadi c\u0259h\u0259td\u0259n b\u00f6y\u00fck \u00f6l\u00e7\u00fcd\u0259 neft v\u0259 qaz ixrac\u0131na arxalanan Az\u0259rbaycan neft v\u0259 qazdan uzaqla\u015fmaq ist\u0259mir\u201d<\/em>, &#8211; m\u0259qal\u0259d\u0259 qeyd olunub.<\/p>\n\n\n\n<p>B\u00f6y\u00fck bir Q\u0259rb \u00f6lk\u0259sind\u0259n olan bir m\u00fczakir\u0259\u00e7i, qal\u0131q yanacaq m\u00fcqavil\u0259si il\u0259 ba\u011fl\u0131 m\u00fczakir\u0259l\u0259rd\u0259 &#8220;b\u0259zi \u00f6lk\u0259l\u0259rin a\u00e7\u0131q m\u00fcqavim\u0259tinin&#8221; oldu\u011funu s\u00f6yl\u0259yib:<\/p>\n\n\n\n<p>\u201c<em>Biz Az\u0259rbaycana \u00e7ox ayd\u0131n \u015f\u0259kild\u0259 bildirm\u0259liyik ki, COP28-in q\u0259rar\u0131 da daxil olmaqla, t\u0259sirl\u0259rin yum\u015fald\u0131lmas\u0131 t\u0259dbirl\u0259rinin h\u0259yata ke\u00e7irilm\u0259si prosesi haqq\u0131nda dan\u0131\u015fmasaq, bu COP u\u011furlu olmayacaq\u201d.<\/em><\/p>\n\n\n\n<p>A\u0130 r\u0259smisi bildirib ki, blok COP28 sazi\u015find\u0259 ir\u0259lil\u0259yi\u015fin olmamas\u0131 il\u0259 ba\u011fl\u0131 narahatl\u0131\u011f\u0131n\u0131 da Bak\u0131ya \u00e7atd\u0131r\u0131b:<\/p>\n\n\n\n<p><em>\u201cBiz Az\u0259rbaycana t\u0259sdiq etdik ki, Dubay Konsensusu \u00fcz\u0259rind\u0259 i\u015fl\u0259m\u0259y\u0259 davam ed\u0259 bilm\u0259yimiz \u00e7ox vacibdir v\u0259 biz bunun s\u00f6hb\u0259tin bir hiss\u0259si olmas\u0131n\u0131 t\u0259min ed\u0259c\u0259yik\u201d.<\/em><\/p>\n\n\n\n<p>Ba\u015fqa bir Q\u0259rb \u00f6lk\u0259sind\u0259n olan m\u00fczakir\u0259\u00e7i \u0259lav\u0259 edib:<\/p>\n\n\n\n<p><em>&#8220;Haz\u0131rk\u0131 m\u0259rh\u0259l\u0259d\u0259 i\u015fl\u0259r son d\u0259r\u0259c\u0259 qaranl\u0131q g\u00f6r\u00fcn\u00fcr v\u0259 G77-d\u0259 [inki\u015faf etm\u0259kd\u0259 olan \u00f6lk\u0259l\u0259r qrupu] b\u00f6y\u00fck emitentl\u0259rin t\u0259sirl\u0259rin yum\u015fald\u0131lmas\u0131 \u00fczr\u0259 h\u0259r hans\u0131 \u0259h\u0259miyy\u0259tli ir\u0259lil\u0259yi\u015fin qar\u015f\u0131s\u0131n\u0131 almaq \u00fc\u00e7\u00fcn \u00e7\u0259tin maliyy\u0259 dan\u0131\u015f\u0131qlar\u0131ndan istifad\u0259 ed\u0259c\u0259kl\u0259ri riski var&#8221;<\/em>.<\/p>\n\n\n\n<p>M\u0259qal\u0259d\u0259 vur\u011fulan\u0131r ki, noyabrda ke\u00e7iril\u0259c\u0259k COP29 konfrans\u0131nda \u00f6lk\u0259l\u0259r yeni qlobal iqlim maliyy\u0259si h\u0259d\u0259fi \u00fcz\u0259rind\u0259 raz\u0131l\u0131\u011fa g\u0259lm\u0259lidirl\u0259r. \u00d6lk\u0259l\u0259r bu m\u0259bl\u0259\u011fin n\u0259 q\u0259d\u0259r olmas\u0131, kimin \u00f6d\u0259y\u0259c\u0259yi v\u0259 strukturunun n\u0259 olmas\u0131 bar\u0259d\u0259 m\u00fczakir\u0259l\u0259r apar\u0131r. H\u0259ft\u0259sonu Afrika h\u00f6kum\u0259tl\u0259ri iqlimin maliyy\u0259l\u0259\u015fdirilm\u0259sin\u0259 ild\u0259 1 trilyon funt sterlinqd\u0259n \u00e7ox v\u0259sait ay\u0131rma\u011fa \u00e7a\u011f\u0131r\u0131blar. Beyn\u0259lxalq Enerji Agentliyinin m\u0259lumat\u0131na g\u00f6r\u0259, neft v\u0259 t\u0259bii qaz Az\u0259rbaycan\u0131n ixrac g\u0259lirl\u0259rinin t\u0259xmin\u0259n 90 faizini t\u0259\u015fkil edir v\u0259 b\u00fcdc\u0259sinin t\u0259xmin\u0259n 60 faizini maliyy\u0259l\u0259\u015fdirir.<\/p>\n\n\n\n<p>M\u0259qal\u0259d\u0259 deyilir ki, bu ay\u0131n \u0259vv\u0259lind\u0259 Bak\u0131n\u0131n iqlim m\u0259s\u0259l\u0259l\u0259ri \u00fczr\u0259 apar\u0131c\u0131 m\u00fczakir\u0259\u00e7isi Yal\u00e7\u0131n R\u0259fiyev Az\u0259rbaycanda ke\u00e7iril\u0259n g\u00f6r\u00fc\u015fd\u0259 \u00f6lk\u0259l\u0259rin son dan\u0131\u015f\u0131qlar\u0131 il\u0259 ba\u011fl\u0131 yeddi s\u0259hif\u0259lik nitq s\u00f6yl\u0259yib, lakin qal\u0131q yanacaq v\u0259 ya b\u0259rpa olunan enerjid\u0259n birba\u015fa b\u0259hs etm\u0259yib. R\u0259fiyev, qal\u0131q yanacaqlar\u0131n yand\u0131r\u0131lmas\u0131n\u0131 azaltmaqdan f\u0259rqli olaraq, mitiqasiyan\u0131n (atmosfer\u0259 istixana qazlar\u0131n\u0131n tullant\u0131lar\u0131n\u0131n azald\u0131lmas\u0131) azald\u0131lmas\u0131n\u0131n vacibliyini vur\u011fulay\u0131b.<\/p>\n\n\n\n<p>COP-da m\u00fc\u015fahid\u0259\u00e7i qrupu olan \u201c350.org\u201d-un siyas\u0259t v\u0259 kampaniyalar \u00fczr\u0259 direktor m\u00fcavini Andreas Siber bildirib ki, \u00e7\u0131x\u0131\u015fda qal\u0131q yanacaqlar v\u0259 ya b\u0259rpa olunan enerji haqq\u0131nda h\u0259r hans\u0131 x\u00fcsusi qeydin olmamas\u0131 <em>\u201cAz\u0259rbaycan r\u0259hb\u0259rliyinin heyr\u0259tamiz m\u0259lumats\u0131zl\u0131\u011f\u0131n\u0131 v\u0259 \u00fczrs\u00fczl\u00fcy\u00fcn\u00fc n\u00fcmayi\u015f etdirir\u201d.<\/em><\/p>\n","protected":false},"excerpt":{"rendered":"<p>&#8220;The Financial Times&#8221; COP29-la ba\u011fl\u0131 m\u0259qal\u0259 d\u0259rc edib Avropa \u0130ttifaq\u0131na &#8230; <\/p>\n<p class=\"read-more-container\"><a title=\"\u201cNeftl\u0259 z\u0259ngin \u00f6lk\u0259l\u0259r BMT-nin iqlim sazi\u015fi \u00fczr\u0259 ir\u0259lil\u0259yi\u015fi yava\u015flatma\u011fa s\u0259y g\u00f6st\u0259rir\u201d\" class=\"read-more button\" href=\"https:\/\/www.meydan.tv\/az\/article\/neftle-zengin-olkeler-bmt-nin-iqlim-sazisi-uzre-irelileyisi-yavaslatmaga-sey-gosterir\/#more-315458\" aria-label=\"Read more about \u201cNeftl\u0259 z\u0259ngin \u00f6lk\u0259l\u0259r BMT-nin iqlim sazi\u015fi \u00fczr\u0259 ir\u0259lil\u0259yi\u015fi yava\u015flatma\u011fa s\u0259y g\u00f6st\u0259rir\u201d\">Davam\u0131<\/a><\/p>\n","protected":false},"author":8,"featured_media":315459,"comment_status":"closed","ping_status":"closed","sticky":false,"template":"","format":"standard","meta":{"_acf_changed":false,"_sitemap_exclude":false,"_sitemap_priority":"","_sitemap_frequency":"","footnotes":""},"categories":[62,79,56],"tags":[],"class_list":["post-315458","post","type-post","status-publish","format-standard","has-post-thumbnail","hentry","category-sosial","category-featured","category-xeberler","infinite-scroll-item","generate-columns","tablet-grid-50","mobile-grid-100","grid-parent","grid-33","no-featured-image-padding"],"acf":[],"yoast_head":"<!-- This site is optimized with the Yoast SEO plugin v27.5 - https:\/\/yoast.com\/product\/yoast-seo-wordpress\/ -->\n<title>\u201cNeftl\u0259 z\u0259ngin \u00f6lk\u0259l\u0259r BMT-nin iqlim sazi\u015fi \u00fczr\u0259 ir\u0259lil\u0259yi\u015fi yava\u015flatma\u011fa s\u0259y g\u00f6st\u0259rir\u201d - MEYDAN.TV<\/title>\n<meta name=\"description\" content=\"Beyn\u0259lxalq Enerji Agentliyinin m\u0259lumat\u0131na g\u00f6r\u0259, neft v\u0259 t\u0259bii qaz Az\u0259rbaycan\u0131n ixrac g\u0259lirl\u0259rinin t\u0259xmin\u0259n 90 faizini t\u0259\u015fkil edir v\u0259 b\u00fcdc\u0259sinin t\u0259xmin\u0259n 60 faizini maliyy\u0259l\u0259\u015fdirir.\" \/>\n<meta name=\"robots\" content=\"index, follow, max-snippet:-1, max-image-preview:large, max-video-preview:-1\" \/>\n<link rel=\"canonical\" href=\"https:\/\/www.meydan.tv\/az\/article\/neftle-zengin-olkeler-bmt-nin-iqlim-sazisi-uzre-irelileyisi-yavaslatmaga-sey-gosterir\/\" \/>\n<meta property=\"og:locale\" content=\"az_AZ\" \/>\n<meta property=\"og:type\" content=\"article\" \/>\n<meta property=\"og:title\" content=\"\u201cNeftl\u0259 z\u0259ngin \u00f6lk\u0259l\u0259r BMT-nin iqlim sazi\u015fi \u00fczr\u0259 ir\u0259lil\u0259yi\u015fi yava\u015flatma\u011fa s\u0259y g\u00f6st\u0259rir\u201d - MEYDAN.TV\" \/>\n<meta property=\"og:description\" content=\"Beyn\u0259lxalq Enerji Agentliyinin m\u0259lumat\u0131na g\u00f6r\u0259, neft v\u0259 t\u0259bii qaz Az\u0259rbaycan\u0131n ixrac g\u0259lirl\u0259rinin t\u0259xmin\u0259n 90 faizini t\u0259\u015fkil edir v\u0259 b\u00fcdc\u0259sinin t\u0259xmin\u0259n 60 faizini maliyy\u0259l\u0259\u015fdirir.\" \/>\n<meta property=\"og:url\" content=\"https:\/\/www.meydan.tv\/az\/article\/neftle-zengin-olkeler-bmt-nin-iqlim-sazisi-uzre-irelileyisi-yavaslatmaga-sey-gosterir\/\" \/>\n<meta property=\"og:site_name\" content=\"MEYDAN.TV\" \/>\n<meta property=\"article:published_time\" content=\"2024-09-13T12:04:08+00:00\" \/>\n<meta property=\"article:modified_time\" content=\"2024-09-13T12:04:11+00:00\" \/>\n<meta property=\"og:image\" content=\"https:\/\/www.meydan.tv\/wp-content\/uploads\/neft-ekologiya.jpg\" \/>\n\t<meta property=\"og:image:width\" content=\"1200\" \/>\n\t<meta property=\"og:image:height\" content=\"800\" \/>\n\t<meta property=\"og:image:type\" content=\"image\/jpeg\" \/>\n<meta name=\"author\" content=\"elli\" \/>\n<meta name=\"twitter:card\" content=\"summary_large_image\" \/>\n<meta name=\"twitter:creator\" content=\"@elli\" \/>\n<script type=\"application\/ld+json\" class=\"yoast-schema-graph\">{\"@context\":\"https:\\\/\\\/schema.org\",\"@graph\":[{\"@type\":\"Article\",\"@id\":\"https:\\\/\\\/www.meydan.tv\\\/az\\\/article\\\/neftle-zengin-olkeler-bmt-nin-iqlim-sazisi-uzre-irelileyisi-yavaslatmaga-sey-gosterir\\\/#article\",\"isPartOf\":{\"@id\":\"https:\\\/\\\/www.meydan.tv\\\/az\\\/article\\\/neftle-zengin-olkeler-bmt-nin-iqlim-sazisi-uzre-irelileyisi-yavaslatmaga-sey-gosterir\\\/\"},\"author\":{\"name\":\"elli\",\"@id\":\"https:\\\/\\\/www.meydan.tv\\\/az\\\/#\\\/schema\\\/person\\\/9cdbecf90d17180ce1dfbd95b08dcf47\"},\"headline\":\"\u201cNeftl\u0259 z\u0259ngin \u00f6lk\u0259l\u0259r BMT-nin iqlim sazi\u015fi \u00fczr\u0259 ir\u0259lil\u0259yi\u015fi yava\u015flatma\u011fa s\u0259y g\u00f6st\u0259rir\u201d\",\"datePublished\":\"2024-09-13T12:04:08+00:00\",\"dateModified\":\"2024-09-13T12:04:11+00:00\",\"mainEntityOfPage\":{\"@id\":\"https:\\\/\\\/www.meydan.tv\\\/az\\\/article\\\/neftle-zengin-olkeler-bmt-nin-iqlim-sazisi-uzre-irelileyisi-yavaslatmaga-sey-gosterir\\\/\"},\"wordCount\":804,\"publisher\":{\"@id\":\"https:\\\/\\\/www.meydan.tv\\\/az\\\/#organization\"},\"image\":{\"@id\":\"https:\\\/\\\/www.meydan.tv\\\/az\\\/article\\\/neftle-zengin-olkeler-bmt-nin-iqlim-sazisi-uzre-irelileyisi-yavaslatmaga-sey-gosterir\\\/#primaryimage\"},\"thumbnailUrl\":\"https:\\\/\\\/www.meydan.tv\\\/wp-content\\\/uploads\\\/neft-ekologiya.jpg\",\"articleSection\":[\"Sosial\",\"T\u00f6vsiy\u0259\",\"X\u0259b\u0259rl\u0259r\"],\"inLanguage\":\"az\"},{\"@type\":\"WebPage\",\"@id\":\"https:\\\/\\\/www.meydan.tv\\\/az\\\/article\\\/neftle-zengin-olkeler-bmt-nin-iqlim-sazisi-uzre-irelileyisi-yavaslatmaga-sey-gosterir\\\/\",\"url\":\"https:\\\/\\\/www.meydan.tv\\\/az\\\/article\\\/neftle-zengin-olkeler-bmt-nin-iqlim-sazisi-uzre-irelileyisi-yavaslatmaga-sey-gosterir\\\/\",\"name\":\"\u201cNeftl\u0259 z\u0259ngin \u00f6lk\u0259l\u0259r BMT-nin iqlim sazi\u015fi \u00fczr\u0259 ir\u0259lil\u0259yi\u015fi yava\u015flatma\u011fa s\u0259y g\u00f6st\u0259rir\u201d - MEYDAN.TV\",\"isPartOf\":{\"@id\":\"https:\\\/\\\/www.meydan.tv\\\/az\\\/#website\"},\"primaryImageOfPage\":{\"@id\":\"https:\\\/\\\/www.meydan.tv\\\/az\\\/article\\\/neftle-zengin-olkeler-bmt-nin-iqlim-sazisi-uzre-irelileyisi-yavaslatmaga-sey-gosterir\\\/#primaryimage\"},\"image\":{\"@id\":\"https:\\\/\\\/www.meydan.tv\\\/az\\\/article\\\/neftle-zengin-olkeler-bmt-nin-iqlim-sazisi-uzre-irelileyisi-yavaslatmaga-sey-gosterir\\\/#primaryimage\"},\"thumbnailUrl\":\"https:\\\/\\\/www.meydan.tv\\\/wp-content\\\/uploads\\\/neft-ekologiya.jpg\",\"datePublished\":\"2024-09-13T12:04:08+00:00\",\"dateModified\":\"2024-09-13T12:04:11+00:00\",\"description\":\"Beyn\u0259lxalq Enerji Agentliyinin m\u0259lumat\u0131na g\u00f6r\u0259, neft v\u0259 t\u0259bii qaz Az\u0259rbaycan\u0131n ixrac g\u0259lirl\u0259rinin t\u0259xmin\u0259n 90 faizini t\u0259\u015fkil edir v\u0259 b\u00fcdc\u0259sinin t\u0259xmin\u0259n 60 faizini maliyy\u0259l\u0259\u015fdirir.\",\"breadcrumb\":{\"@id\":\"https:\\\/\\\/www.meydan.tv\\\/az\\\/article\\\/neftle-zengin-olkeler-bmt-nin-iqlim-sazisi-uzre-irelileyisi-yavaslatmaga-sey-gosterir\\\/#breadcrumb\"},\"inLanguage\":\"az\",\"potentialAction\":[{\"@type\":\"ReadAction\",\"target\":[\"https:\\\/\\\/www.meydan.tv\\\/az\\\/article\\\/neftle-zengin-olkeler-bmt-nin-iqlim-sazisi-uzre-irelileyisi-yavaslatmaga-sey-gosterir\\\/\"]}]},{\"@type\":\"ImageObject\",\"inLanguage\":\"az\",\"@id\":\"https:\\\/\\\/www.meydan.tv\\\/az\\\/article\\\/neftle-zengin-olkeler-bmt-nin-iqlim-sazisi-uzre-irelileyisi-yavaslatmaga-sey-gosterir\\\/#primaryimage\",\"url\":\"https:\\\/\\\/www.meydan.tv\\\/wp-content\\\/uploads\\\/neft-ekologiya.jpg\",\"contentUrl\":\"https:\\\/\\\/www.meydan.tv\\\/wp-content\\\/uploads\\\/neft-ekologiya.jpg\",\"width\":1200,\"height\":800,\"caption\":\"Neft v\u0259 ekologiya. Foto: DimaBerlin\\\/shutterstock\"},{\"@type\":\"BreadcrumbList\",\"@id\":\"https:\\\/\\\/www.meydan.tv\\\/az\\\/article\\\/neftle-zengin-olkeler-bmt-nin-iqlim-sazisi-uzre-irelileyisi-yavaslatmaga-sey-gosterir\\\/#breadcrumb\",\"itemListElement\":[{\"@type\":\"ListItem\",\"position\":1,\"name\":\"Ana s\u0259hif\u0259\",\"item\":\"https:\\\/\\\/www.meydan.tv\\\/az\\\/\"},{\"@type\":\"ListItem\",\"position\":2,\"name\":\"Sosial\",\"item\":\"https:\\\/\\\/www.meydan.tv\\\/az\\\/section\\\/sosial\\\/\"},{\"@type\":\"ListItem\",\"position\":3,\"name\":\"\u201cNeftl\u0259 z\u0259ngin \u00f6lk\u0259l\u0259r BMT-nin iqlim sazi\u015fi \u00fczr\u0259 ir\u0259lil\u0259yi\u015fi yava\u015flatma\u011fa s\u0259y g\u00f6st\u0259rir\u201d\"}]},{\"@type\":\"WebSite\",\"@id\":\"https:\\\/\\\/www.meydan.tv\\\/az\\\/#website\",\"url\":\"https:\\\/\\\/www.meydan.tv\\\/az\\\/\",\"name\":\"MEYDAN.TV\",\"description\":\"Meydan TV Az\u0259rbaycan\u0131n media m\u0259kan\u0131ndak\u0131 alternativ s\u0259sidir\",\"publisher\":{\"@id\":\"https:\\\/\\\/www.meydan.tv\\\/az\\\/#organization\"},\"potentialAction\":[{\"@type\":\"SearchAction\",\"target\":{\"@type\":\"EntryPoint\",\"urlTemplate\":\"https:\\\/\\\/www.meydan.tv\\\/az\\\/?s={search_term_string}\"},\"query-input\":{\"@type\":\"PropertyValueSpecification\",\"valueRequired\":true,\"valueName\":\"search_term_string\"}}],\"inLanguage\":\"az\"},{\"@type\":\"Organization\",\"@id\":\"https:\\\/\\\/www.meydan.tv\\\/az\\\/#organization\",\"name\":\"Meydan TV\",\"url\":\"https:\\\/\\\/www.meydan.tv\\\/az\\\/\",\"logo\":{\"@type\":\"ImageObject\",\"inLanguage\":\"az\",\"@id\":\"https:\\\/\\\/www.meydan.tv\\\/az\\\/#\\\/schema\\\/logo\\\/image\\\/\",\"url\":\"https:\\\/\\\/www.meydan.tv\\\/wp-content\\\/uploads\\\/2021\\\/07\\\/meydan-logo.svg\",\"contentUrl\":\"https:\\\/\\\/www.meydan.tv\\\/wp-content\\\/uploads\\\/2021\\\/07\\\/meydan-logo.svg\",\"width\":195,\"height\":46,\"caption\":\"Meydan TV\"},\"image\":{\"@id\":\"https:\\\/\\\/www.meydan.tv\\\/az\\\/#\\\/schema\\\/logo\\\/image\\\/\"}},{\"@type\":\"Person\",\"@id\":\"https:\\\/\\\/www.meydan.tv\\\/az\\\/#\\\/schema\\\/person\\\/9cdbecf90d17180ce1dfbd95b08dcf47\",\"name\":\"elli\",\"sameAs\":[\"https:\\\/\\\/x.com\\\/elli\"]}]}<\/script>\n<!-- \/ Yoast SEO plugin. -->","yoast_head_json":{"title":"\u201cNeftl\u0259 z\u0259ngin \u00f6lk\u0259l\u0259r BMT-nin iqlim sazi\u015fi \u00fczr\u0259 ir\u0259lil\u0259yi\u015fi yava\u015flatma\u011fa s\u0259y g\u00f6st\u0259rir\u201d - MEYDAN.TV","description":"Beyn\u0259lxalq Enerji Agentliyinin m\u0259lumat\u0131na g\u00f6r\u0259, neft v\u0259 t\u0259bii qaz Az\u0259rbaycan\u0131n ixrac g\u0259lirl\u0259rinin t\u0259xmin\u0259n 90 faizini t\u0259\u015fkil edir v\u0259 b\u00fcdc\u0259sinin t\u0259xmin\u0259n 60 faizini maliyy\u0259l\u0259\u015fdirir.","robots":{"index":"index","follow":"follow","max-snippet":"max-snippet:-1","max-image-preview":"max-image-preview:large","max-video-preview":"max-video-preview:-1"},"canonical":"https:\/\/www.meydan.tv\/az\/article\/neftle-zengin-olkeler-bmt-nin-iqlim-sazisi-uzre-irelileyisi-yavaslatmaga-sey-gosterir\/","og_locale":"az_AZ","og_type":"article","og_title":"\u201cNeftl\u0259 z\u0259ngin \u00f6lk\u0259l\u0259r BMT-nin iqlim sazi\u015fi \u00fczr\u0259 ir\u0259lil\u0259yi\u015fi yava\u015flatma\u011fa s\u0259y g\u00f6st\u0259rir\u201d - MEYDAN.TV","og_description":"Beyn\u0259lxalq Enerji Agentliyinin m\u0259lumat\u0131na g\u00f6r\u0259, neft v\u0259 t\u0259bii qaz Az\u0259rbaycan\u0131n ixrac g\u0259lirl\u0259rinin t\u0259xmin\u0259n 90 faizini t\u0259\u015fkil edir v\u0259 b\u00fcdc\u0259sinin t\u0259xmin\u0259n 60 faizini maliyy\u0259l\u0259\u015fdirir.","og_url":"https:\/\/www.meydan.tv\/az\/article\/neftle-zengin-olkeler-bmt-nin-iqlim-sazisi-uzre-irelileyisi-yavaslatmaga-sey-gosterir\/","og_site_name":"MEYDAN.TV","article_published_time":"2024-09-13T12:04:08+00:00","article_modified_time":"2024-09-13T12:04:11+00:00","og_image":[{"width":1200,"height":800,"url":"https:\/\/www.meydan.tv\/wp-content\/uploads\/neft-ekologiya.jpg","type":"image\/jpeg"}],"author":"elli","twitter_card":"summary_large_image","twitter_creator":"@elli","schema":{"@context":"https:\/\/schema.org","@graph":[{"@type":"Article","@id":"https:\/\/www.meydan.tv\/az\/article\/neftle-zengin-olkeler-bmt-nin-iqlim-sazisi-uzre-irelileyisi-yavaslatmaga-sey-gosterir\/#article","isPartOf":{"@id":"https:\/\/www.meydan.tv\/az\/article\/neftle-zengin-olkeler-bmt-nin-iqlim-sazisi-uzre-irelileyisi-yavaslatmaga-sey-gosterir\/"},"author":{"name":"elli","@id":"https:\/\/www.meydan.tv\/az\/#\/schema\/person\/9cdbecf90d17180ce1dfbd95b08dcf47"},"headline":"\u201cNeftl\u0259 z\u0259ngin \u00f6lk\u0259l\u0259r BMT-nin iqlim sazi\u015fi \u00fczr\u0259 ir\u0259lil\u0259yi\u015fi yava\u015flatma\u011fa s\u0259y g\u00f6st\u0259rir\u201d","datePublished":"2024-09-13T12:04:08+00:00","dateModified":"2024-09-13T12:04:11+00:00","mainEntityOfPage":{"@id":"https:\/\/www.meydan.tv\/az\/article\/neftle-zengin-olkeler-bmt-nin-iqlim-sazisi-uzre-irelileyisi-yavaslatmaga-sey-gosterir\/"},"wordCount":804,"publisher":{"@id":"https:\/\/www.meydan.tv\/az\/#organization"},"image":{"@id":"https:\/\/www.meydan.tv\/az\/article\/neftle-zengin-olkeler-bmt-nin-iqlim-sazisi-uzre-irelileyisi-yavaslatmaga-sey-gosterir\/#primaryimage"},"thumbnailUrl":"https:\/\/www.meydan.tv\/wp-content\/uploads\/neft-ekologiya.jpg","articleSection":["Sosial","T\u00f6vsiy\u0259","X\u0259b\u0259rl\u0259r"],"inLanguage":"az"},{"@type":"WebPage","@id":"https:\/\/www.meydan.tv\/az\/article\/neftle-zengin-olkeler-bmt-nin-iqlim-sazisi-uzre-irelileyisi-yavaslatmaga-sey-gosterir\/","url":"https:\/\/www.meydan.tv\/az\/article\/neftle-zengin-olkeler-bmt-nin-iqlim-sazisi-uzre-irelileyisi-yavaslatmaga-sey-gosterir\/","name":"\u201cNeftl\u0259 z\u0259ngin \u00f6lk\u0259l\u0259r BMT-nin iqlim sazi\u015fi \u00fczr\u0259 ir\u0259lil\u0259yi\u015fi yava\u015flatma\u011fa s\u0259y g\u00f6st\u0259rir\u201d - MEYDAN.TV","isPartOf":{"@id":"https:\/\/www.meydan.tv\/az\/#website"},"primaryImageOfPage":{"@id":"https:\/\/www.meydan.tv\/az\/article\/neftle-zengin-olkeler-bmt-nin-iqlim-sazisi-uzre-irelileyisi-yavaslatmaga-sey-gosterir\/#primaryimage"},"image":{"@id":"https:\/\/www.meydan.tv\/az\/article\/neftle-zengin-olkeler-bmt-nin-iqlim-sazisi-uzre-irelileyisi-yavaslatmaga-sey-gosterir\/#primaryimage"},"thumbnailUrl":"https:\/\/www.meydan.tv\/wp-content\/uploads\/neft-ekologiya.jpg","datePublished":"2024-09-13T12:04:08+00:00","dateModified":"2024-09-13T12:04:11+00:00","description":"Beyn\u0259lxalq Enerji Agentliyinin m\u0259lumat\u0131na g\u00f6r\u0259, neft v\u0259 t\u0259bii qaz Az\u0259rbaycan\u0131n ixrac g\u0259lirl\u0259rinin t\u0259xmin\u0259n 90 faizini t\u0259\u015fkil edir v\u0259 b\u00fcdc\u0259sinin t\u0259xmin\u0259n 60 faizini maliyy\u0259l\u0259\u015fdirir.","breadcrumb":{"@id":"https:\/\/www.meydan.tv\/az\/article\/neftle-zengin-olkeler-bmt-nin-iqlim-sazisi-uzre-irelileyisi-yavaslatmaga-sey-gosterir\/#breadcrumb"},"inLanguage":"az","potentialAction":[{"@type":"ReadAction","target":["https:\/\/www.meydan.tv\/az\/article\/neftle-zengin-olkeler-bmt-nin-iqlim-sazisi-uzre-irelileyisi-yavaslatmaga-sey-gosterir\/"]}]},{"@type":"ImageObject","inLanguage":"az","@id":"https:\/\/www.meydan.tv\/az\/article\/neftle-zengin-olkeler-bmt-nin-iqlim-sazisi-uzre-irelileyisi-yavaslatmaga-sey-gosterir\/#primaryimage","url":"https:\/\/www.meydan.tv\/wp-content\/uploads\/neft-ekologiya.jpg","contentUrl":"https:\/\/www.meydan.tv\/wp-content\/uploads\/neft-ekologiya.jpg","width":1200,"height":800,"caption":"Neft v\u0259 ekologiya. Foto: DimaBerlin\/shutterstock"},{"@type":"BreadcrumbList","@id":"https:\/\/www.meydan.tv\/az\/article\/neftle-zengin-olkeler-bmt-nin-iqlim-sazisi-uzre-irelileyisi-yavaslatmaga-sey-gosterir\/#breadcrumb","itemListElement":[{"@type":"ListItem","position":1,"name":"Ana s\u0259hif\u0259","item":"https:\/\/www.meydan.tv\/az\/"},{"@type":"ListItem","position":2,"name":"Sosial","item":"https:\/\/www.meydan.tv\/az\/section\/sosial\/"},{"@type":"ListItem","position":3,"name":"\u201cNeftl\u0259 z\u0259ngin \u00f6lk\u0259l\u0259r BMT-nin iqlim sazi\u015fi \u00fczr\u0259 ir\u0259lil\u0259yi\u015fi yava\u015flatma\u011fa s\u0259y g\u00f6st\u0259rir\u201d"}]},{"@type":"WebSite","@id":"https:\/\/www.meydan.tv\/az\/#website","url":"https:\/\/www.meydan.tv\/az\/","name":"MEYDAN.TV","description":"Meydan TV Az\u0259rbaycan\u0131n media m\u0259kan\u0131ndak\u0131 alternativ s\u0259sidir","publisher":{"@id":"https:\/\/www.meydan.tv\/az\/#organization"},"potentialAction":[{"@type":"SearchAction","target":{"@type":"EntryPoint","urlTemplate":"https:\/\/www.meydan.tv\/az\/?s={search_term_string}"},"query-input":{"@type":"PropertyValueSpecification","valueRequired":true,"valueName":"search_term_string"}}],"inLanguage":"az"},{"@type":"Organization","@id":"https:\/\/www.meydan.tv\/az\/#organization","name":"Meydan TV","url":"https:\/\/www.meydan.tv\/az\/","logo":{"@type":"ImageObject","inLanguage":"az","@id":"https:\/\/www.meydan.tv\/az\/#\/schema\/logo\/image\/","url":"https:\/\/www.meydan.tv\/wp-content\/uploads\/2021\/07\/meydan-logo.svg","contentUrl":"https:\/\/www.meydan.tv\/wp-content\/uploads\/2021\/07\/meydan-logo.svg","width":195,"height":46,"caption":"Meydan TV"},"image":{"@id":"https:\/\/www.meydan.tv\/az\/#\/schema\/logo\/image\/"}},{"@type":"Person","@id":"https:\/\/www.meydan.tv\/az\/#\/schema\/person\/9cdbecf90d17180ce1dfbd95b08dcf47","name":"elli","sameAs":["https:\/\/x.com\/elli"]}]}},"_links":{"self":[{"href":"https:\/\/www.meydan.tv\/az\/wp-json\/wp\/v2\/posts\/315458","targetHints":{"allow":["GET"]}}],"collection":[{"href":"https:\/\/www.meydan.tv\/az\/wp-json\/wp\/v2\/posts"}],"about":[{"href":"https:\/\/www.meydan.tv\/az\/wp-json\/wp\/v2\/types\/post"}],"author":[{"embeddable":true,"href":"https:\/\/www.meydan.tv\/az\/wp-json\/wp\/v2\/users\/8"}],"replies":[{"embeddable":true,"href":"https:\/\/www.meydan.tv\/az\/wp-json\/wp\/v2\/comments?post=315458"}],"version-history":[{"count":3,"href":"https:\/\/www.meydan.tv\/az\/wp-json\/wp\/v2\/posts\/315458\/revisions"}],"predecessor-version":[{"id":315466,"href":"https:\/\/www.meydan.tv\/az\/wp-json\/wp\/v2\/posts\/315458\/revisions\/315466"}],"wp:featuredmedia":[{"embeddable":true,"href":"https:\/\/www.meydan.tv\/az\/wp-json\/wp\/v2\/media\/315459"}],"wp:attachment":[{"href":"https:\/\/www.meydan.tv\/az\/wp-json\/wp\/v2\/media?parent=315458"}],"wp:term":[{"taxonomy":"category","embeddable":true,"href":"https:\/\/www.meydan.tv\/az\/wp-json\/wp\/v2\/categories?post=315458"},{"taxonomy":"post_tag","embeddable":true,"href":"https:\/\/www.meydan.tv\/az\/wp-json\/wp\/v2\/tags?post=315458"}],"curies":[{"name":"wp","href":"https:\/\/api.w.org\/{rel}","templated":true}]}}