{"id":315387,"date":"2024-09-12T17:47:19","date_gmt":"2024-09-12T13:47:19","guid":{"rendered":"https:\/\/www.meydan.tv\/?p=315387"},"modified":"2024-09-12T17:47:21","modified_gmt":"2024-09-12T13:47:21","slug":"bakida-muellimle-direktor-arasinda-sened-davasi","status":"publish","type":"post","link":"https:\/\/www.meydan.tv\/az\/article\/bakida-muellimle-direktor-arasinda-sened-davasi\/","title":{"rendered":"Bak\u0131da m\u00fc\u0259lliml\u0259 direktor aras\u0131nda &#8220;s\u0259n\u0259d&#8221; davas\u0131"},"content":{"rendered":"\n<p><\/p>\n\n\n\n<p><strong><em>&#8220;Nikah haqq\u0131nda \u015f\u0259had\u0259tnam\u0259ni ist\u0259dil\u0259r. Dedim ki, m\u0259n bura evl\u0259nm\u0259y\u0259 yox, i\u015fl\u0259m\u0259y\u0259 g\u0259lmi\u015f\u0259m&#8221;<\/em><\/strong><\/p>\n\n\n\n<p>Kimya m\u00fc\u0259llimi Tamerlan \u018fliyev K\u00fcrd\u0259xan\u0131 q\u0259s\u0259b\u0259sind\u0259ki 113 n\u00f6mr\u0259li tam orta m\u0259kt\u0259bin direktoru G\u00fclt\u0259kin R\u00fcst\u0259movadan \u015fikay\u0259t\u00e7idir.<\/p>\n\n\n\n<p>M\u00fc\u0259llim Meydan TV-y\u0259 deyib ki, m\u00fcdd\u0259tli m\u00fcqavil\u0259 \u0259sas\u0131nda sosial m\u0259zuniyy\u0259t yerin\u0259 i\u015f\u0259 q\u0259bul olunub.<\/p>\n\n\n\n<p>S\u0259n\u0259dl\u0259rini toplayaraq 2024-c\u00fc il sentyabr\u0131n 6-da h\u0259min m\u0259kt\u0259b\u0259 gedib.<\/p>\n\n\n\n<p><em>\u201cM\u0259n 10 saatl\u0131q d\u0259rs \u00fc\u00e7\u00fcn getmi\u015fdim. M\u0259kt\u0259bin direktoru dedi ki, d\u0259rs saat\u0131n\u0131z 18 saat olacaq. M\u0259n d\u0259 bildirdim ki, yeri biz standart olaraq \u00f6z\u00fcm\u00fcz\u0259 g\u00f6r\u0259 se\u00e7irik ki, planlar\u0131m\u0131za uy\u011fun olsun. M\u0259n 10 saata i\u015fl\u0259m\u0259y\u0259 g\u0259lmi\u015f\u0259m. Direktor etiraz etdi, m\u0259n d\u0259 cavab\u0131nda bildirdim ki, bu \u015f\u0259rtl\u0259ri q\u0259bul etmir\u0259m. O dedi ki, m\u00fc\u0259llimin v\u0259zif\u0259si m\u0259kt\u0259b r\u0259hb\u0259rliyinin t\u0259dris prosesi il\u0259 ba\u011fl\u0131 dedikl\u0259rin\u0259 \u0259m\u0259l etm\u0259kdir. M\u0259n is\u0259 cavab\u0131nda bildirdim ki, siz dey\u0259s\u0259n, v\u0259zif\u0259nizi do\u011fru bilmirsiniz. Bu o dem\u0259k deyil ki, sizin h\u0259r dediyinizi m\u0259n etm\u0259liy\u0259m\u201d, &#8211; <\/em>Tamerlan \u018fliyev deyir.<\/p>\n\n\n\n<p>O \u0259lav\u0259 edib ki, nazirliyin i\u015f\u0259 q\u0259bulla ba\u011fl\u0131 g\u00f6st\u0259rdiyi s\u0259n\u0259dl\u0259ri t\u0259qdim ets\u0259 d\u0259, m\u0259kt\u0259b r\u0259hb\u0259rliyi q\u0259bul etm\u0259yib:<\/p>\n\n\n\n<p>\u201c<em>Alt\u0131 il i\u015f staj\u0131m var, ba\u015fqa-ba\u015fqa m\u0259kt\u0259bl\u0259rd\u0259 i\u015fl\u0259mi\u015f\u0259m. \u0130\u015f\u0259 g\u00f6t\u00fcr\u00fcl\u0259n zaman Elm v\u0259 T\u0259hsil Nazirliyinin g\u00f6st\u0259rdiyi s\u0259n\u0259dl\u0259r &#8211; diplomumun v\u0259 \u015f\u0259xsiyy\u0259t v\u0259siq\u0259min s\u00fcr\u0259tini, kadrlar u\u00e7otunu, sa\u011flaml\u0131q haqq\u0131nda aray\u0131\u015f\u0131 aparm\u0131\u015fd\u0131m. Direktora s\u0259n\u0259dl\u0259rimi ver\u0259nd\u0259 g\u00f6t\u00fcrm\u0259di. Dedi ki, katib\u0259y\u0259 ver. Katib\u0259 is\u0259 nazirliyin g\u00f6st\u0259rdiyi s\u0259n\u0259dl\u0259rd\u0259n \u0259lav\u0259 5 s\u0259n\u0259d ist\u0259di. Bunlar nikah haqq\u0131nda \u015f\u0259had\u0259tnam\u0259, t\u0259rc\u00fcmeyi-hal v\u0259 s idi. M\u0259n d\u0259 dedim ki, onsuz da kadrlar u\u00e7otunda t\u0259rc\u00fcmeyi-hal\u0131m yaz\u0131l\u0131b. M\u0259n bura evl\u0259nm\u0259y\u0259 yox, i\u015fl\u0259m\u0259y\u0259 g\u0259lir\u0259m. Nikah haqq\u0131nda \u015f\u0259had\u0259tnam\u0259nin s\u00fcr\u0259ti sizin n\u0259yiniz\u0259 laz\u0131md\u0131r? Katib\u0259 dedi ki, s\u0259n\u0259dl\u0259ri y\u0131\u011f\u0131b, g\u0259l\u0259rs\u0259n. S\u0259n\u0259dl\u0259rimi q\u0259bul etm\u0259di\u201d.<\/em><\/p>\n\n\n\n<p>113 n\u00f6mr\u0259li tam orta m\u0259kt\u0259bin direktoru G\u00fclt\u0259kin R\u00fcst\u0259mova Meydan TV-nin suallar\u0131n\u0131 cavabland\u0131rmay\u0131b.<\/p>\n\n\n\n<p>Bak\u0131 \u015f\u0259h\u0259ri \u00fczr\u0259 T\u0259hsil idar\u0259sind\u0259n Meydan TV-nin sor\u011fusuna cavab olaraq bildirilib ki, Tamerlan \u018fliyev m\u0259kt\u0259b\u0259 \u015f\u0259xsi i\u015fini t\u0259qdim etm\u0259d\u0259n yaln\u0131z \u00e7\u0131xar\u0131\u015f\u0131 il\u0259 gedib.<\/p>\n\n\n\n<p><em>\u201cBununla bel\u0259, direktor onu q\u0259bul edib. Ona m\u0259kt\u0259b v\u0259 i\u015f rejimi bar\u0259d\u0259 m\u0259lumat verib. Tamerlan \u018fliyev is\u0259 t\u0259l\u0259b edib ki, d\u0259rsl\u0259ri h\u0259ft\u0259nin 2 g\u00fcn\u00fcn\u0259 sal\u0131ns\u0131n. Ona izah olunub ki, d\u0259rsl\u0259ri h\u0259ft\u0259nin 3 g\u00fcn\u00fcn\u0259 sal\u0131na bil\u0259r. O, ba\u015fqa yerd\u0259 d\u0259 i\u015fl\u0259diyi \u00fc\u00e7\u00fcn 10 saatdan az d\u0259rs saat\u0131 ist\u0259diyini bildirib\u201d, &#8211;<\/em> T\u0259hsil \u0130dar\u0259sind\u0259n sor\u011fuya cavab olaraq bildirilib.<\/p>\n\n\n\n<p>\u0130dar\u0259nin cavab\u0131ndan g\u00f6r\u00fcn\u00fcr ki, m\u00fc\u0259llim Tamerlan \u018fliyevin m\u00f6vqeyi \u00f6yr\u0259nilm\u0259yib.<\/p>\n\n\n\n<p>Yaln\u0131z m\u0259kt\u0259b direktorunun dedikl\u0259ri \u0259sas\u0131nda sor\u011fu cavabland\u0131r\u0131l\u0131b.<\/p>\n\n\n\n<p>M\u00fc\u0259llimin h\u0259min i\u015f\u0259 g\u00f6t\u00fcr\u00fcl\u00fcb-g\u00f6t\u00fcr\u00fclm\u0259y\u0259c\u0259yi bar\u0259d\u0259 is\u0259 he\u00e7 bir m\u0259lumat verilm\u0259yib.<\/p>\n\n\n\n<p>Tamerlan \u018fliyev Meydan TV-y\u0259 bildirib ki, m\u0259s\u0259l\u0259 il\u0259 ba\u011fl\u0131 Elm v\u0259 T\u0259hsil Nazirliyin\u0259 m\u00fcraci\u0259t edib.<\/p>\n\n\n\n<p>Onu Bak\u0131 \u015f\u0259h\u0259ri \u00fczr\u0259 T\u0259hsil idar\u0259sin\u0259 y\u00f6nl\u0259ndirs\u0259l\u0259r d\u0259, h\u0259l\u0259 d\u0259 onun m\u00fcraci\u0259ti il\u0259 maraqlan\u0131lmay\u0131b.<\/p>\n","protected":false},"excerpt":{"rendered":"<p>&#8220;Nikah haqq\u0131nda \u015f\u0259had\u0259tnam\u0259ni ist\u0259dil\u0259r. Dedim ki, m\u0259n bura evl\u0259nm\u0259y\u0259 yox, &#8230; <\/p>\n<p class=\"read-more-container\"><a title=\"Bak\u0131da m\u00fc\u0259lliml\u0259 direktor aras\u0131nda &#8220;s\u0259n\u0259d&#8221; davas\u0131\" class=\"read-more button\" href=\"https:\/\/www.meydan.tv\/az\/article\/bakida-muellimle-direktor-arasinda-sened-davasi\/#more-315387\" aria-label=\"Read more about Bak\u0131da m\u00fc\u0259lliml\u0259 direktor aras\u0131nda &#8220;s\u0259n\u0259d&#8221; davas\u0131\">Davam\u0131<\/a><\/p>\n","protected":false},"author":8,"featured_media":315384,"comment_status":"closed","ping_status":"closed","sticky":false,"template":"","format":"standard","meta":{"_acf_changed":false,"_sitemap_exclude":false,"_sitemap_priority":"","_sitemap_frequency":"","footnotes":""},"categories":[62,56],"tags":[],"class_list":["post-315387","post","type-post","status-publish","format-standard","has-post-thumbnail","hentry","category-sosial","category-xeberler","infinite-scroll-item","generate-columns","tablet-grid-50","mobile-grid-100","grid-parent","grid-33","no-featured-image-padding"],"acf":[],"yoast_head":"<!-- This site is optimized with the Yoast SEO plugin v27.5 - https:\/\/yoast.com\/product\/yoast-seo-wordpress\/ -->\n<title>Bak\u0131da m\u00fc\u0259lliml\u0259 direktor aras\u0131nda &quot;s\u0259n\u0259d&quot; davas\u0131 - MEYDAN.TV<\/title>\n<meta name=\"robots\" content=\"index, follow, max-snippet:-1, max-image-preview:large, max-video-preview:-1\" \/>\n<link rel=\"canonical\" href=\"https:\/\/www.meydan.tv\/az\/article\/bakida-muellimle-direktor-arasinda-sened-davasi\/\" \/>\n<meta property=\"og:locale\" content=\"az_AZ\" \/>\n<meta property=\"og:type\" content=\"article\" \/>\n<meta property=\"og:title\" content=\"Bak\u0131da m\u00fc\u0259lliml\u0259 direktor aras\u0131nda &quot;s\u0259n\u0259d&quot; davas\u0131 - MEYDAN.TV\" \/>\n<meta property=\"og:description\" content=\"&#8220;Nikah haqq\u0131nda \u015f\u0259had\u0259tnam\u0259ni ist\u0259dil\u0259r. Dedim ki, m\u0259n bura evl\u0259nm\u0259y\u0259 yox, ... Davam\u0131\" \/>\n<meta property=\"og:url\" content=\"https:\/\/www.meydan.tv\/az\/article\/bakida-muellimle-direktor-arasinda-sened-davasi\/\" \/>\n<meta property=\"og:site_name\" content=\"MEYDAN.TV\" \/>\n<meta property=\"article:published_time\" content=\"2024-09-12T13:47:19+00:00\" \/>\n<meta property=\"article:modified_time\" content=\"2024-09-12T13:47:21+00:00\" \/>\n<meta property=\"og:image\" content=\"https:\/\/www.meydan.tv\/wp-content\/uploads\/442499414_911274051009635_7464116828417279371_n.jpg\" \/>\n\t<meta property=\"og:image:width\" content=\"1200\" \/>\n\t<meta property=\"og:image:height\" content=\"660\" \/>\n\t<meta property=\"og:image:type\" content=\"image\/jpeg\" \/>\n<meta name=\"author\" content=\"elli\" \/>\n<meta name=\"twitter:card\" content=\"summary_large_image\" \/>\n<meta name=\"twitter:creator\" content=\"@elli\" \/>\n<script type=\"application\/ld+json\" class=\"yoast-schema-graph\">{\"@context\":\"https:\\\/\\\/schema.org\",\"@graph\":[{\"@type\":\"Article\",\"@id\":\"https:\\\/\\\/www.meydan.tv\\\/az\\\/article\\\/bakida-muellimle-direktor-arasinda-sened-davasi\\\/#article\",\"isPartOf\":{\"@id\":\"https:\\\/\\\/www.meydan.tv\\\/az\\\/article\\\/bakida-muellimle-direktor-arasinda-sened-davasi\\\/\"},\"author\":{\"name\":\"elli\",\"@id\":\"https:\\\/\\\/www.meydan.tv\\\/az\\\/#\\\/schema\\\/person\\\/9cdbecf90d17180ce1dfbd95b08dcf47\"},\"headline\":\"Bak\u0131da m\u00fc\u0259lliml\u0259 direktor aras\u0131nda &#8220;s\u0259n\u0259d&#8221; davas\u0131\",\"datePublished\":\"2024-09-12T13:47:19+00:00\",\"dateModified\":\"2024-09-12T13:47:21+00:00\",\"mainEntityOfPage\":{\"@id\":\"https:\\\/\\\/www.meydan.tv\\\/az\\\/article\\\/bakida-muellimle-direktor-arasinda-sened-davasi\\\/\"},\"wordCount\":687,\"publisher\":{\"@id\":\"https:\\\/\\\/www.meydan.tv\\\/az\\\/#organization\"},\"image\":{\"@id\":\"https:\\\/\\\/www.meydan.tv\\\/az\\\/article\\\/bakida-muellimle-direktor-arasinda-sened-davasi\\\/#primaryimage\"},\"thumbnailUrl\":\"https:\\\/\\\/www.meydan.tv\\\/wp-content\\\/uploads\\\/442499414_911274051009635_7464116828417279371_n.jpg\",\"articleSection\":[\"Sosial\",\"X\u0259b\u0259rl\u0259r\"],\"inLanguage\":\"az\"},{\"@type\":\"WebPage\",\"@id\":\"https:\\\/\\\/www.meydan.tv\\\/az\\\/article\\\/bakida-muellimle-direktor-arasinda-sened-davasi\\\/\",\"url\":\"https:\\\/\\\/www.meydan.tv\\\/az\\\/article\\\/bakida-muellimle-direktor-arasinda-sened-davasi\\\/\",\"name\":\"Bak\u0131da m\u00fc\u0259lliml\u0259 direktor aras\u0131nda \\\"s\u0259n\u0259d\\\" davas\u0131 - MEYDAN.TV\",\"isPartOf\":{\"@id\":\"https:\\\/\\\/www.meydan.tv\\\/az\\\/#website\"},\"primaryImageOfPage\":{\"@id\":\"https:\\\/\\\/www.meydan.tv\\\/az\\\/article\\\/bakida-muellimle-direktor-arasinda-sened-davasi\\\/#primaryimage\"},\"image\":{\"@id\":\"https:\\\/\\\/www.meydan.tv\\\/az\\\/article\\\/bakida-muellimle-direktor-arasinda-sened-davasi\\\/#primaryimage\"},\"thumbnailUrl\":\"https:\\\/\\\/www.meydan.tv\\\/wp-content\\\/uploads\\\/442499414_911274051009635_7464116828417279371_n.jpg\",\"datePublished\":\"2024-09-12T13:47:19+00:00\",\"dateModified\":\"2024-09-12T13:47:21+00:00\",\"breadcrumb\":{\"@id\":\"https:\\\/\\\/www.meydan.tv\\\/az\\\/article\\\/bakida-muellimle-direktor-arasinda-sened-davasi\\\/#breadcrumb\"},\"inLanguage\":\"az\",\"potentialAction\":[{\"@type\":\"ReadAction\",\"target\":[\"https:\\\/\\\/www.meydan.tv\\\/az\\\/article\\\/bakida-muellimle-direktor-arasinda-sened-davasi\\\/\"]}]},{\"@type\":\"ImageObject\",\"inLanguage\":\"az\",\"@id\":\"https:\\\/\\\/www.meydan.tv\\\/az\\\/article\\\/bakida-muellimle-direktor-arasinda-sened-davasi\\\/#primaryimage\",\"url\":\"https:\\\/\\\/www.meydan.tv\\\/wp-content\\\/uploads\\\/442499414_911274051009635_7464116828417279371_n.jpg\",\"contentUrl\":\"https:\\\/\\\/www.meydan.tv\\\/wp-content\\\/uploads\\\/442499414_911274051009635_7464116828417279371_n.jpg\",\"width\":1200,\"height\":660,\"caption\":\"Foto: 113 sayl\u0131 m\u0259kt\u0259bin \\\"Facebook\\\" s\u0259hif\u0259si\"},{\"@type\":\"BreadcrumbList\",\"@id\":\"https:\\\/\\\/www.meydan.tv\\\/az\\\/article\\\/bakida-muellimle-direktor-arasinda-sened-davasi\\\/#breadcrumb\",\"itemListElement\":[{\"@type\":\"ListItem\",\"position\":1,\"name\":\"Ana s\u0259hif\u0259\",\"item\":\"https:\\\/\\\/www.meydan.tv\\\/az\\\/\"},{\"@type\":\"ListItem\",\"position\":2,\"name\":\"Sosial\",\"item\":\"https:\\\/\\\/www.meydan.tv\\\/az\\\/section\\\/sosial\\\/\"},{\"@type\":\"ListItem\",\"position\":3,\"name\":\"Bak\u0131da m\u00fc\u0259lliml\u0259 direktor aras\u0131nda &#8220;s\u0259n\u0259d&#8221; davas\u0131\"}]},{\"@type\":\"WebSite\",\"@id\":\"https:\\\/\\\/www.meydan.tv\\\/az\\\/#website\",\"url\":\"https:\\\/\\\/www.meydan.tv\\\/az\\\/\",\"name\":\"MEYDAN.TV\",\"description\":\"Meydan TV Az\u0259rbaycan\u0131n media m\u0259kan\u0131ndak\u0131 alternativ s\u0259sidir\",\"publisher\":{\"@id\":\"https:\\\/\\\/www.meydan.tv\\\/az\\\/#organization\"},\"potentialAction\":[{\"@type\":\"SearchAction\",\"target\":{\"@type\":\"EntryPoint\",\"urlTemplate\":\"https:\\\/\\\/www.meydan.tv\\\/az\\\/?s={search_term_string}\"},\"query-input\":{\"@type\":\"PropertyValueSpecification\",\"valueRequired\":true,\"valueName\":\"search_term_string\"}}],\"inLanguage\":\"az\"},{\"@type\":\"Organization\",\"@id\":\"https:\\\/\\\/www.meydan.tv\\\/az\\\/#organization\",\"name\":\"Meydan TV\",\"url\":\"https:\\\/\\\/www.meydan.tv\\\/az\\\/\",\"logo\":{\"@type\":\"ImageObject\",\"inLanguage\":\"az\",\"@id\":\"https:\\\/\\\/www.meydan.tv\\\/az\\\/#\\\/schema\\\/logo\\\/image\\\/\",\"url\":\"https:\\\/\\\/www.meydan.tv\\\/wp-content\\\/uploads\\\/2021\\\/07\\\/meydan-logo.svg\",\"contentUrl\":\"https:\\\/\\\/www.meydan.tv\\\/wp-content\\\/uploads\\\/2021\\\/07\\\/meydan-logo.svg\",\"width\":195,\"height\":46,\"caption\":\"Meydan TV\"},\"image\":{\"@id\":\"https:\\\/\\\/www.meydan.tv\\\/az\\\/#\\\/schema\\\/logo\\\/image\\\/\"}},{\"@type\":\"Person\",\"@id\":\"https:\\\/\\\/www.meydan.tv\\\/az\\\/#\\\/schema\\\/person\\\/9cdbecf90d17180ce1dfbd95b08dcf47\",\"name\":\"elli\",\"sameAs\":[\"https:\\\/\\\/x.com\\\/elli\"]}]}<\/script>\n<!-- \/ Yoast SEO plugin. -->","yoast_head_json":{"title":"Bak\u0131da m\u00fc\u0259lliml\u0259 direktor aras\u0131nda \"s\u0259n\u0259d\" davas\u0131 - MEYDAN.TV","robots":{"index":"index","follow":"follow","max-snippet":"max-snippet:-1","max-image-preview":"max-image-preview:large","max-video-preview":"max-video-preview:-1"},"canonical":"https:\/\/www.meydan.tv\/az\/article\/bakida-muellimle-direktor-arasinda-sened-davasi\/","og_locale":"az_AZ","og_type":"article","og_title":"Bak\u0131da m\u00fc\u0259lliml\u0259 direktor aras\u0131nda \"s\u0259n\u0259d\" davas\u0131 - MEYDAN.TV","og_description":"&#8220;Nikah haqq\u0131nda \u015f\u0259had\u0259tnam\u0259ni ist\u0259dil\u0259r. Dedim ki, m\u0259n bura evl\u0259nm\u0259y\u0259 yox, ... Davam\u0131","og_url":"https:\/\/www.meydan.tv\/az\/article\/bakida-muellimle-direktor-arasinda-sened-davasi\/","og_site_name":"MEYDAN.TV","article_published_time":"2024-09-12T13:47:19+00:00","article_modified_time":"2024-09-12T13:47:21+00:00","og_image":[{"width":1200,"height":660,"url":"https:\/\/www.meydan.tv\/wp-content\/uploads\/442499414_911274051009635_7464116828417279371_n.jpg","type":"image\/jpeg"}],"author":"elli","twitter_card":"summary_large_image","twitter_creator":"@elli","schema":{"@context":"https:\/\/schema.org","@graph":[{"@type":"Article","@id":"https:\/\/www.meydan.tv\/az\/article\/bakida-muellimle-direktor-arasinda-sened-davasi\/#article","isPartOf":{"@id":"https:\/\/www.meydan.tv\/az\/article\/bakida-muellimle-direktor-arasinda-sened-davasi\/"},"author":{"name":"elli","@id":"https:\/\/www.meydan.tv\/az\/#\/schema\/person\/9cdbecf90d17180ce1dfbd95b08dcf47"},"headline":"Bak\u0131da m\u00fc\u0259lliml\u0259 direktor aras\u0131nda &#8220;s\u0259n\u0259d&#8221; davas\u0131","datePublished":"2024-09-12T13:47:19+00:00","dateModified":"2024-09-12T13:47:21+00:00","mainEntityOfPage":{"@id":"https:\/\/www.meydan.tv\/az\/article\/bakida-muellimle-direktor-arasinda-sened-davasi\/"},"wordCount":687,"publisher":{"@id":"https:\/\/www.meydan.tv\/az\/#organization"},"image":{"@id":"https:\/\/www.meydan.tv\/az\/article\/bakida-muellimle-direktor-arasinda-sened-davasi\/#primaryimage"},"thumbnailUrl":"https:\/\/www.meydan.tv\/wp-content\/uploads\/442499414_911274051009635_7464116828417279371_n.jpg","articleSection":["Sosial","X\u0259b\u0259rl\u0259r"],"inLanguage":"az"},{"@type":"WebPage","@id":"https:\/\/www.meydan.tv\/az\/article\/bakida-muellimle-direktor-arasinda-sened-davasi\/","url":"https:\/\/www.meydan.tv\/az\/article\/bakida-muellimle-direktor-arasinda-sened-davasi\/","name":"Bak\u0131da m\u00fc\u0259lliml\u0259 direktor aras\u0131nda \"s\u0259n\u0259d\" davas\u0131 - MEYDAN.TV","isPartOf":{"@id":"https:\/\/www.meydan.tv\/az\/#website"},"primaryImageOfPage":{"@id":"https:\/\/www.meydan.tv\/az\/article\/bakida-muellimle-direktor-arasinda-sened-davasi\/#primaryimage"},"image":{"@id":"https:\/\/www.meydan.tv\/az\/article\/bakida-muellimle-direktor-arasinda-sened-davasi\/#primaryimage"},"thumbnailUrl":"https:\/\/www.meydan.tv\/wp-content\/uploads\/442499414_911274051009635_7464116828417279371_n.jpg","datePublished":"2024-09-12T13:47:19+00:00","dateModified":"2024-09-12T13:47:21+00:00","breadcrumb":{"@id":"https:\/\/www.meydan.tv\/az\/article\/bakida-muellimle-direktor-arasinda-sened-davasi\/#breadcrumb"},"inLanguage":"az","potentialAction":[{"@type":"ReadAction","target":["https:\/\/www.meydan.tv\/az\/article\/bakida-muellimle-direktor-arasinda-sened-davasi\/"]}]},{"@type":"ImageObject","inLanguage":"az","@id":"https:\/\/www.meydan.tv\/az\/article\/bakida-muellimle-direktor-arasinda-sened-davasi\/#primaryimage","url":"https:\/\/www.meydan.tv\/wp-content\/uploads\/442499414_911274051009635_7464116828417279371_n.jpg","contentUrl":"https:\/\/www.meydan.tv\/wp-content\/uploads\/442499414_911274051009635_7464116828417279371_n.jpg","width":1200,"height":660,"caption":"Foto: 113 sayl\u0131 m\u0259kt\u0259bin \"Facebook\" s\u0259hif\u0259si"},{"@type":"BreadcrumbList","@id":"https:\/\/www.meydan.tv\/az\/article\/bakida-muellimle-direktor-arasinda-sened-davasi\/#breadcrumb","itemListElement":[{"@type":"ListItem","position":1,"name":"Ana s\u0259hif\u0259","item":"https:\/\/www.meydan.tv\/az\/"},{"@type":"ListItem","position":2,"name":"Sosial","item":"https:\/\/www.meydan.tv\/az\/section\/sosial\/"},{"@type":"ListItem","position":3,"name":"Bak\u0131da m\u00fc\u0259lliml\u0259 direktor aras\u0131nda &#8220;s\u0259n\u0259d&#8221; davas\u0131"}]},{"@type":"WebSite","@id":"https:\/\/www.meydan.tv\/az\/#website","url":"https:\/\/www.meydan.tv\/az\/","name":"MEYDAN.TV","description":"Meydan TV Az\u0259rbaycan\u0131n media m\u0259kan\u0131ndak\u0131 alternativ s\u0259sidir","publisher":{"@id":"https:\/\/www.meydan.tv\/az\/#organization"},"potentialAction":[{"@type":"SearchAction","target":{"@type":"EntryPoint","urlTemplate":"https:\/\/www.meydan.tv\/az\/?s={search_term_string}"},"query-input":{"@type":"PropertyValueSpecification","valueRequired":true,"valueName":"search_term_string"}}],"inLanguage":"az"},{"@type":"Organization","@id":"https:\/\/www.meydan.tv\/az\/#organization","name":"Meydan TV","url":"https:\/\/www.meydan.tv\/az\/","logo":{"@type":"ImageObject","inLanguage":"az","@id":"https:\/\/www.meydan.tv\/az\/#\/schema\/logo\/image\/","url":"https:\/\/www.meydan.tv\/wp-content\/uploads\/2021\/07\/meydan-logo.svg","contentUrl":"https:\/\/www.meydan.tv\/wp-content\/uploads\/2021\/07\/meydan-logo.svg","width":195,"height":46,"caption":"Meydan TV"},"image":{"@id":"https:\/\/www.meydan.tv\/az\/#\/schema\/logo\/image\/"}},{"@type":"Person","@id":"https:\/\/www.meydan.tv\/az\/#\/schema\/person\/9cdbecf90d17180ce1dfbd95b08dcf47","name":"elli","sameAs":["https:\/\/x.com\/elli"]}]}},"_links":{"self":[{"href":"https:\/\/www.meydan.tv\/az\/wp-json\/wp\/v2\/posts\/315387","targetHints":{"allow":["GET"]}}],"collection":[{"href":"https:\/\/www.meydan.tv\/az\/wp-json\/wp\/v2\/posts"}],"about":[{"href":"https:\/\/www.meydan.tv\/az\/wp-json\/wp\/v2\/types\/post"}],"author":[{"embeddable":true,"href":"https:\/\/www.meydan.tv\/az\/wp-json\/wp\/v2\/users\/8"}],"replies":[{"embeddable":true,"href":"https:\/\/www.meydan.tv\/az\/wp-json\/wp\/v2\/comments?post=315387"}],"version-history":[{"count":1,"href":"https:\/\/www.meydan.tv\/az\/wp-json\/wp\/v2\/posts\/315387\/revisions"}],"predecessor-version":[{"id":315388,"href":"https:\/\/www.meydan.tv\/az\/wp-json\/wp\/v2\/posts\/315387\/revisions\/315388"}],"wp:featuredmedia":[{"embeddable":true,"href":"https:\/\/www.meydan.tv\/az\/wp-json\/wp\/v2\/media\/315384"}],"wp:attachment":[{"href":"https:\/\/www.meydan.tv\/az\/wp-json\/wp\/v2\/media?parent=315387"}],"wp:term":[{"taxonomy":"category","embeddable":true,"href":"https:\/\/www.meydan.tv\/az\/wp-json\/wp\/v2\/categories?post=315387"},{"taxonomy":"post_tag","embeddable":true,"href":"https:\/\/www.meydan.tv\/az\/wp-json\/wp\/v2\/tags?post=315387"}],"curies":[{"name":"wp","href":"https:\/\/api.w.org\/{rel}","templated":true}]}}