{"id":315194,"date":"2024-09-11T15:25:39","date_gmt":"2024-09-11T11:25:39","guid":{"rendered":"https:\/\/www.meydan.tv\/?p=315194"},"modified":"2024-09-11T15:25:41","modified_gmt":"2024-09-11T11:25:41","slug":"nazire-cavab-azerbaycanda-professorun-maasi-sizin-musavirinizin-maasindan-azdir","status":"publish","type":"post","link":"https:\/\/www.meydan.tv\/az\/article\/nazire-cavab-azerbaycanda-professorun-maasi-sizin-musavirinizin-maasindan-azdir\/","title":{"rendered":"Nazir\u0259 cavab: &#8220;Az\u0259rbaycanda professorun maa\u015f\u0131 sizin m\u00fc\u015favirinizin maa\u015f\u0131ndan azd\u0131r&#8221;"},"content":{"rendered":"\n<p><\/p>\n\n\n\n<p><strong><em>Zaur \u018fliyev: &#8220;Elmi g\u00f6rm\u0259k \u00fc\u00e7\u00fcn elml\u0259 maraqlanmaq laz\u0131md\u0131r&#8221;<\/em><\/strong><\/p>\n\n\n\n<p>Elm v\u0259 t\u0259hsil naziri Emin \u018fmrullayevin \u201cXaricd\u0259 Ya\u015fayan Az\u0259rbaycanl\u0131 Aliml\u0259rin Forumu\u201dnda \u00e7\u0131x\u0131\u015f\u0131 naraz\u0131l\u0131\u011fa s\u0259b\u0259b olub.<\/p>\n\n\n\n<p>Nazir \u00e7\u0131x\u0131\u015f\u0131nda bildirib ki, Az\u0259rbaycanda elmin inki\u015faf\u0131 \u00fc\u00e7\u00fcn onillikl\u0259r laz\u0131md\u0131r.<\/p>\n\n\n\n<p>\u201c<em>Elml\u0259 m\u0259\u015f\u011ful olan insanlar\u0131 biz tan\u0131m\u0131r\u0131q, g\u00f6rm\u00fcr\u00fck<\/em>\u201d, &#8211; nazir<a href=\"https:\/\/az.trend.az\/azerbaijan\/society\/3942715.html\" target=\"_blank\" rel=\"noreferrer noopener\"> deyib<\/a>.<\/p>\n\n\n\n<p>Az\u0259rbaycan Milli Elm\u0259r Akademiyas\u0131n\u0131n Elm Tarixi \u0130nstitutunun elmi katibi, siyasi elml\u0259r \u00fczr\u0259 f\u0259ls\u0259f\u0259 doktoru, dosent Zaur \u018fliyev nazirin dedikl\u0259rin\u0259 m\u00fcnasib\u0259t <a href=\"https:\/\/www.facebook.com\/zauraliyev101\/posts\/pfbid022r829UFetRk1LNhFn2RXPmJbbYzdDRrwY1nCFx5xKNJxxkFGwBkSeB6KcNsWFnJJl\" target=\"_blank\" rel=\"noreferrer noopener\">bildirib.<\/a><\/p>\n\n\n<div class=\"wp-block-image\">\n<figure class=\"alignright size-full is-resized\"><img decoding=\"async\" width=\"1200\" height=\"646\" data-src=\"https:\/\/www.meydan.tv\/wp-content\/uploads\/1693038480_zaur-eliyev.jpg\" alt=\"\" class=\"wp-image-315195 lazyload\" style=\"--smush-placeholder-width: 1200px; --smush-placeholder-aspect-ratio: 1200\/646;width:399px;height:auto\" src=\"data:image\/svg+xml;base64,PHN2ZyB3aWR0aD0iMSIgaGVpZ2h0PSIxIiB4bWxucz0iaHR0cDovL3d3dy53My5vcmcvMjAwMC9zdmciPjwvc3ZnPg==\" \/><figcaption class=\"wp-element-caption\">Foto: Zaur \u018fliyevin \u015f\u0259xsi arxivind\u0259n<\/figcaption><\/figure>\n<\/div>\n\n\n<p><em>\u201cElmi g\u00f6rm\u0259k \u00fc\u00e7\u00fcn elml\u0259 maraqlanmaq laz\u0131md\u0131r. Alim \u00f6z\u00fc \u00f6z\u00fcn\u00fc tan\u0131tmaq \u00fc\u00e7\u00fcn n\u0259 etm\u0259lidir? X\u00fcsus\u0259n ciddi aliml\u0259r m\u00fch\u00fcm \u0259h\u0259miyy\u0259t\u0259 malik \u0259s\u0259rl\u0259rini g\u00f6t\u00fcr\u00fcb televiziyalara gedib, reklam edilm\u0259sini xahi\u015f etm\u0259lidir? Aliml\u0259ri g\u00f6rm\u0259m\u0259yinizin g\u00fcnah\u0131 sizd\u0259dir. Siz n\u0259 zaman Az\u0259rbaycan\u0131n tan\u0131nan aliml\u0259ri il\u0259 \u00fcz-\u00fcz\u0259 g\u00f6r\u00fc\u015f ke\u00e7irdiniz? Dinl\u0259diniz, baxd\u0131n\u0131z? G\u00f6rd\u00fcn\u00fcz? Ax\u0131 elm v\u0259 t\u0259hsild\u0259 islahatlar\u0131n paralel v\u0259 \u0259laq\u0259li \u015f\u0259kild\u0259 apar\u0131lmas\u0131 daha m\u00fcsb\u0259t n\u0259tic\u0259 ver\u0259r. \u0130ttiham etm\u0259k asand\u0131r, g\u0259lib g\u00f6r\u00fcb tan\u0131\u015f olmaq is\u0259 ondan da asand\u0131r\u201d.<\/em><\/p>\n\n\n\n<p><em>\u201cXaricd\u0259 olan aliml\u0259ri misal \u00e7\u0259kirsiniz. He\u00e7 bilirsiniz orada el\u0259 elmi m\u0259rk\u0259z, el\u0259 ali m\u0259kt\u0259b var ki, b\u00fcdc\u0259si Az\u0259rbaycan b\u00fcdc\u0259sin\u0259 b\u0259rab\u0259rdir. Biz aliml\u0259rin ald\u0131qlar\u0131 \u0259m\u0259k haqq\u0131ndan x\u0259b\u0259riniz var? Az\u0259rbaycanda elml\u0259r doktoru, professorun ald\u0131\u011f\u0131 \u0259m\u0259khaqq\u0131 m\u00fc\u015favirinizin maa\u015f\u0131ndan da azd\u0131r. Bel\u0259 \u0259m\u0259khaqq\u0131 il\u0259 h\u0259l\u0259 d\u0259 elmi at\u0131b getm\u0259mi\u015fiks\u0259, biz\u0259 minn\u0259tdar olmal\u0131s\u0131n\u0131z\u201d,<\/em> &#8211; Zaur \u018fliyev bildirib.<\/p>\n\n\n\n<p>Sentyabr\u0131n 9-dan 11-d\u0259k Bak\u0131da \u201cXaricd\u0259 Ya\u015fayan Az\u0259rbaycanl\u0131 Aliml\u0259rin Forumu\u201d ke\u00e7irilir.<\/p>\n\n\n\n<p>Forumda 23 \u00f6lk\u0259d\u0259n 80-d\u0259n \u00e7ox az\u0259rbaycanl\u0131 alim, \u00fcmumilikd\u0259 200-\u0259 yax\u0131n elm xadimi i\u015ftirak edir.<\/p>\n","protected":false},"excerpt":{"rendered":"<p>Zaur \u018fliyev: &#8220;Elmi g\u00f6rm\u0259k \u00fc\u00e7\u00fcn elml\u0259 maraqlanmaq laz\u0131md\u0131r&#8221; Elm v\u0259 &#8230; <\/p>\n<p class=\"read-more-container\"><a title=\"Nazir\u0259 cavab: &#8220;Az\u0259rbaycanda professorun maa\u015f\u0131 sizin m\u00fc\u015favirinizin maa\u015f\u0131ndan azd\u0131r&#8221;\" class=\"read-more button\" href=\"https:\/\/www.meydan.tv\/az\/article\/nazire-cavab-azerbaycanda-professorun-maasi-sizin-musavirinizin-maasindan-azdir\/#more-315194\" aria-label=\"Read more about Nazir\u0259 cavab: &#8220;Az\u0259rbaycanda professorun maa\u015f\u0131 sizin m\u00fc\u015favirinizin maa\u015f\u0131ndan azd\u0131r&#8221;\">Davam\u0131<\/a><\/p>\n","protected":false},"author":8,"featured_media":228707,"comment_status":"closed","ping_status":"closed","sticky":false,"template":"","format":"standard","meta":{"_acf_changed":false,"_sitemap_exclude":false,"_sitemap_priority":"","_sitemap_frequency":"","footnotes":""},"categories":[62,79,56],"tags":[],"class_list":["post-315194","post","type-post","status-publish","format-standard","has-post-thumbnail","hentry","category-sosial","category-featured","category-xeberler","infinite-scroll-item","generate-columns","tablet-grid-50","mobile-grid-100","grid-parent","grid-33","no-featured-image-padding"],"acf":[],"yoast_head":"<!-- This site is optimized with the Yoast SEO plugin v27.5 - https:\/\/yoast.com\/product\/yoast-seo-wordpress\/ -->\n<title>Nazir\u0259 cavab: &quot;Az\u0259rbaycanda professorun maa\u015f\u0131 sizin m\u00fc\u015favirinizin maa\u015f\u0131ndan azd\u0131r&quot; - MEYDAN.TV<\/title>\n<meta name=\"description\" content=\"Elm v\u0259 t\u0259hsil naziri Emin \u018fmrullayevin \u201cXaricd\u0259 Ya\u015fayan Az\u0259rbaycanl\u0131 Aliml\u0259rin Forumu\u201dnda \u00e7\u0131x\u0131\u015f\u0131 naraz\u0131l\u0131\u011fa s\u0259b\u0259b olub.\" \/>\n<meta name=\"robots\" content=\"index, follow, max-snippet:-1, max-image-preview:large, max-video-preview:-1\" \/>\n<link rel=\"canonical\" href=\"https:\/\/www.meydan.tv\/az\/article\/nazire-cavab-azerbaycanda-professorun-maasi-sizin-musavirinizin-maasindan-azdir\/\" \/>\n<meta property=\"og:locale\" content=\"az_AZ\" \/>\n<meta property=\"og:type\" content=\"article\" \/>\n<meta property=\"og:title\" content=\"Nazir\u0259 cavab: &quot;Az\u0259rbaycanda professorun maa\u015f\u0131 sizin m\u00fc\u015favirinizin maa\u015f\u0131ndan azd\u0131r&quot; - MEYDAN.TV\" \/>\n<meta property=\"og:description\" content=\"Elm v\u0259 t\u0259hsil naziri Emin \u018fmrullayevin \u201cXaricd\u0259 Ya\u015fayan Az\u0259rbaycanl\u0131 Aliml\u0259rin Forumu\u201dnda \u00e7\u0131x\u0131\u015f\u0131 naraz\u0131l\u0131\u011fa s\u0259b\u0259b olub.\" \/>\n<meta property=\"og:url\" content=\"https:\/\/www.meydan.tv\/az\/article\/nazire-cavab-azerbaycanda-professorun-maasi-sizin-musavirinizin-maasindan-azdir\/\" \/>\n<meta property=\"og:site_name\" content=\"MEYDAN.TV\" \/>\n<meta property=\"article:published_time\" content=\"2024-09-11T11:25:39+00:00\" \/>\n<meta property=\"article:modified_time\" content=\"2024-09-11T11:25:41+00:00\" \/>\n<meta property=\"og:image\" content=\"https:\/\/www.meydan.tv\/wp-content\/uploads\/image-1-e1638956246547.png\" \/>\n\t<meta property=\"og:image:width\" content=\"2000\" \/>\n\t<meta property=\"og:image:height\" content=\"1105\" \/>\n\t<meta property=\"og:image:type\" content=\"image\/png\" \/>\n<meta name=\"author\" content=\"elli\" \/>\n<meta name=\"twitter:card\" content=\"summary_large_image\" \/>\n<meta name=\"twitter:creator\" content=\"@elli\" \/>\n<script type=\"application\/ld+json\" class=\"yoast-schema-graph\">{\"@context\":\"https:\\\/\\\/schema.org\",\"@graph\":[{\"@type\":\"Article\",\"@id\":\"https:\\\/\\\/www.meydan.tv\\\/az\\\/article\\\/nazire-cavab-azerbaycanda-professorun-maasi-sizin-musavirinizin-maasindan-azdir\\\/#article\",\"isPartOf\":{\"@id\":\"https:\\\/\\\/www.meydan.tv\\\/az\\\/article\\\/nazire-cavab-azerbaycanda-professorun-maasi-sizin-musavirinizin-maasindan-azdir\\\/\"},\"author\":{\"name\":\"elli\",\"@id\":\"https:\\\/\\\/www.meydan.tv\\\/az\\\/#\\\/schema\\\/person\\\/9cdbecf90d17180ce1dfbd95b08dcf47\"},\"headline\":\"Nazir\u0259 cavab: &#8220;Az\u0259rbaycanda professorun maa\u015f\u0131 sizin m\u00fc\u015favirinizin maa\u015f\u0131ndan azd\u0131r&#8221;\",\"datePublished\":\"2024-09-11T11:25:39+00:00\",\"dateModified\":\"2024-09-11T11:25:41+00:00\",\"mainEntityOfPage\":{\"@id\":\"https:\\\/\\\/www.meydan.tv\\\/az\\\/article\\\/nazire-cavab-azerbaycanda-professorun-maasi-sizin-musavirinizin-maasindan-azdir\\\/\"},\"wordCount\":363,\"publisher\":{\"@id\":\"https:\\\/\\\/www.meydan.tv\\\/az\\\/#organization\"},\"image\":{\"@id\":\"https:\\\/\\\/www.meydan.tv\\\/az\\\/article\\\/nazire-cavab-azerbaycanda-professorun-maasi-sizin-musavirinizin-maasindan-azdir\\\/#primaryimage\"},\"thumbnailUrl\":\"https:\\\/\\\/www.meydan.tv\\\/wp-content\\\/uploads\\\/image-1-e1638956246547.png\",\"articleSection\":[\"Sosial\",\"T\u00f6vsiy\u0259\",\"X\u0259b\u0259rl\u0259r\"],\"inLanguage\":\"az\"},{\"@type\":\"WebPage\",\"@id\":\"https:\\\/\\\/www.meydan.tv\\\/az\\\/article\\\/nazire-cavab-azerbaycanda-professorun-maasi-sizin-musavirinizin-maasindan-azdir\\\/\",\"url\":\"https:\\\/\\\/www.meydan.tv\\\/az\\\/article\\\/nazire-cavab-azerbaycanda-professorun-maasi-sizin-musavirinizin-maasindan-azdir\\\/\",\"name\":\"Nazir\u0259 cavab: \\\"Az\u0259rbaycanda professorun maa\u015f\u0131 sizin m\u00fc\u015favirinizin maa\u015f\u0131ndan azd\u0131r\\\" - MEYDAN.TV\",\"isPartOf\":{\"@id\":\"https:\\\/\\\/www.meydan.tv\\\/az\\\/#website\"},\"primaryImageOfPage\":{\"@id\":\"https:\\\/\\\/www.meydan.tv\\\/az\\\/article\\\/nazire-cavab-azerbaycanda-professorun-maasi-sizin-musavirinizin-maasindan-azdir\\\/#primaryimage\"},\"image\":{\"@id\":\"https:\\\/\\\/www.meydan.tv\\\/az\\\/article\\\/nazire-cavab-azerbaycanda-professorun-maasi-sizin-musavirinizin-maasindan-azdir\\\/#primaryimage\"},\"thumbnailUrl\":\"https:\\\/\\\/www.meydan.tv\\\/wp-content\\\/uploads\\\/image-1-e1638956246547.png\",\"datePublished\":\"2024-09-11T11:25:39+00:00\",\"dateModified\":\"2024-09-11T11:25:41+00:00\",\"description\":\"Elm v\u0259 t\u0259hsil naziri Emin \u018fmrullayevin \u201cXaricd\u0259 Ya\u015fayan Az\u0259rbaycanl\u0131 Aliml\u0259rin Forumu\u201dnda \u00e7\u0131x\u0131\u015f\u0131 naraz\u0131l\u0131\u011fa s\u0259b\u0259b olub.\",\"breadcrumb\":{\"@id\":\"https:\\\/\\\/www.meydan.tv\\\/az\\\/article\\\/nazire-cavab-azerbaycanda-professorun-maasi-sizin-musavirinizin-maasindan-azdir\\\/#breadcrumb\"},\"inLanguage\":\"az\",\"potentialAction\":[{\"@type\":\"ReadAction\",\"target\":[\"https:\\\/\\\/www.meydan.tv\\\/az\\\/article\\\/nazire-cavab-azerbaycanda-professorun-maasi-sizin-musavirinizin-maasindan-azdir\\\/\"]}]},{\"@type\":\"ImageObject\",\"inLanguage\":\"az\",\"@id\":\"https:\\\/\\\/www.meydan.tv\\\/az\\\/article\\\/nazire-cavab-azerbaycanda-professorun-maasi-sizin-musavirinizin-maasindan-azdir\\\/#primaryimage\",\"url\":\"https:\\\/\\\/www.meydan.tv\\\/wp-content\\\/uploads\\\/image-1-e1638956246547.png\",\"contentUrl\":\"https:\\\/\\\/www.meydan.tv\\\/wp-content\\\/uploads\\\/image-1-e1638956246547.png\",\"width\":2000,\"height\":1105,\"caption\":\"Emin \u018fmrullayev. Foto: edu.gov.az\"},{\"@type\":\"BreadcrumbList\",\"@id\":\"https:\\\/\\\/www.meydan.tv\\\/az\\\/article\\\/nazire-cavab-azerbaycanda-professorun-maasi-sizin-musavirinizin-maasindan-azdir\\\/#breadcrumb\",\"itemListElement\":[{\"@type\":\"ListItem\",\"position\":1,\"name\":\"Ana s\u0259hif\u0259\",\"item\":\"https:\\\/\\\/www.meydan.tv\\\/az\\\/\"},{\"@type\":\"ListItem\",\"position\":2,\"name\":\"Sosial\",\"item\":\"https:\\\/\\\/www.meydan.tv\\\/az\\\/section\\\/sosial\\\/\"},{\"@type\":\"ListItem\",\"position\":3,\"name\":\"Nazir\u0259 cavab: &#8220;Az\u0259rbaycanda professorun maa\u015f\u0131 sizin m\u00fc\u015favirinizin maa\u015f\u0131ndan azd\u0131r&#8221;\"}]},{\"@type\":\"WebSite\",\"@id\":\"https:\\\/\\\/www.meydan.tv\\\/az\\\/#website\",\"url\":\"https:\\\/\\\/www.meydan.tv\\\/az\\\/\",\"name\":\"MEYDAN.TV\",\"description\":\"Meydan TV Az\u0259rbaycan\u0131n media m\u0259kan\u0131ndak\u0131 alternativ s\u0259sidir\",\"publisher\":{\"@id\":\"https:\\\/\\\/www.meydan.tv\\\/az\\\/#organization\"},\"potentialAction\":[{\"@type\":\"SearchAction\",\"target\":{\"@type\":\"EntryPoint\",\"urlTemplate\":\"https:\\\/\\\/www.meydan.tv\\\/az\\\/?s={search_term_string}\"},\"query-input\":{\"@type\":\"PropertyValueSpecification\",\"valueRequired\":true,\"valueName\":\"search_term_string\"}}],\"inLanguage\":\"az\"},{\"@type\":\"Organization\",\"@id\":\"https:\\\/\\\/www.meydan.tv\\\/az\\\/#organization\",\"name\":\"Meydan TV\",\"url\":\"https:\\\/\\\/www.meydan.tv\\\/az\\\/\",\"logo\":{\"@type\":\"ImageObject\",\"inLanguage\":\"az\",\"@id\":\"https:\\\/\\\/www.meydan.tv\\\/az\\\/#\\\/schema\\\/logo\\\/image\\\/\",\"url\":\"https:\\\/\\\/www.meydan.tv\\\/wp-content\\\/uploads\\\/2021\\\/07\\\/meydan-logo.svg\",\"contentUrl\":\"https:\\\/\\\/www.meydan.tv\\\/wp-content\\\/uploads\\\/2021\\\/07\\\/meydan-logo.svg\",\"width\":195,\"height\":46,\"caption\":\"Meydan TV\"},\"image\":{\"@id\":\"https:\\\/\\\/www.meydan.tv\\\/az\\\/#\\\/schema\\\/logo\\\/image\\\/\"}},{\"@type\":\"Person\",\"@id\":\"https:\\\/\\\/www.meydan.tv\\\/az\\\/#\\\/schema\\\/person\\\/9cdbecf90d17180ce1dfbd95b08dcf47\",\"name\":\"elli\",\"sameAs\":[\"https:\\\/\\\/x.com\\\/elli\"]}]}<\/script>\n<!-- \/ Yoast SEO plugin. -->","yoast_head_json":{"title":"Nazir\u0259 cavab: \"Az\u0259rbaycanda professorun maa\u015f\u0131 sizin m\u00fc\u015favirinizin maa\u015f\u0131ndan azd\u0131r\" - MEYDAN.TV","description":"Elm v\u0259 t\u0259hsil naziri Emin \u018fmrullayevin \u201cXaricd\u0259 Ya\u015fayan Az\u0259rbaycanl\u0131 Aliml\u0259rin Forumu\u201dnda \u00e7\u0131x\u0131\u015f\u0131 naraz\u0131l\u0131\u011fa s\u0259b\u0259b olub.","robots":{"index":"index","follow":"follow","max-snippet":"max-snippet:-1","max-image-preview":"max-image-preview:large","max-video-preview":"max-video-preview:-1"},"canonical":"https:\/\/www.meydan.tv\/az\/article\/nazire-cavab-azerbaycanda-professorun-maasi-sizin-musavirinizin-maasindan-azdir\/","og_locale":"az_AZ","og_type":"article","og_title":"Nazir\u0259 cavab: \"Az\u0259rbaycanda professorun maa\u015f\u0131 sizin m\u00fc\u015favirinizin maa\u015f\u0131ndan azd\u0131r\" - MEYDAN.TV","og_description":"Elm v\u0259 t\u0259hsil naziri Emin \u018fmrullayevin \u201cXaricd\u0259 Ya\u015fayan Az\u0259rbaycanl\u0131 Aliml\u0259rin Forumu\u201dnda \u00e7\u0131x\u0131\u015f\u0131 naraz\u0131l\u0131\u011fa s\u0259b\u0259b olub.","og_url":"https:\/\/www.meydan.tv\/az\/article\/nazire-cavab-azerbaycanda-professorun-maasi-sizin-musavirinizin-maasindan-azdir\/","og_site_name":"MEYDAN.TV","article_published_time":"2024-09-11T11:25:39+00:00","article_modified_time":"2024-09-11T11:25:41+00:00","og_image":[{"width":2000,"height":1105,"url":"https:\/\/www.meydan.tv\/wp-content\/uploads\/image-1-e1638956246547.png","type":"image\/png"}],"author":"elli","twitter_card":"summary_large_image","twitter_creator":"@elli","schema":{"@context":"https:\/\/schema.org","@graph":[{"@type":"Article","@id":"https:\/\/www.meydan.tv\/az\/article\/nazire-cavab-azerbaycanda-professorun-maasi-sizin-musavirinizin-maasindan-azdir\/#article","isPartOf":{"@id":"https:\/\/www.meydan.tv\/az\/article\/nazire-cavab-azerbaycanda-professorun-maasi-sizin-musavirinizin-maasindan-azdir\/"},"author":{"name":"elli","@id":"https:\/\/www.meydan.tv\/az\/#\/schema\/person\/9cdbecf90d17180ce1dfbd95b08dcf47"},"headline":"Nazir\u0259 cavab: &#8220;Az\u0259rbaycanda professorun maa\u015f\u0131 sizin m\u00fc\u015favirinizin maa\u015f\u0131ndan azd\u0131r&#8221;","datePublished":"2024-09-11T11:25:39+00:00","dateModified":"2024-09-11T11:25:41+00:00","mainEntityOfPage":{"@id":"https:\/\/www.meydan.tv\/az\/article\/nazire-cavab-azerbaycanda-professorun-maasi-sizin-musavirinizin-maasindan-azdir\/"},"wordCount":363,"publisher":{"@id":"https:\/\/www.meydan.tv\/az\/#organization"},"image":{"@id":"https:\/\/www.meydan.tv\/az\/article\/nazire-cavab-azerbaycanda-professorun-maasi-sizin-musavirinizin-maasindan-azdir\/#primaryimage"},"thumbnailUrl":"https:\/\/www.meydan.tv\/wp-content\/uploads\/image-1-e1638956246547.png","articleSection":["Sosial","T\u00f6vsiy\u0259","X\u0259b\u0259rl\u0259r"],"inLanguage":"az"},{"@type":"WebPage","@id":"https:\/\/www.meydan.tv\/az\/article\/nazire-cavab-azerbaycanda-professorun-maasi-sizin-musavirinizin-maasindan-azdir\/","url":"https:\/\/www.meydan.tv\/az\/article\/nazire-cavab-azerbaycanda-professorun-maasi-sizin-musavirinizin-maasindan-azdir\/","name":"Nazir\u0259 cavab: \"Az\u0259rbaycanda professorun maa\u015f\u0131 sizin m\u00fc\u015favirinizin maa\u015f\u0131ndan azd\u0131r\" - MEYDAN.TV","isPartOf":{"@id":"https:\/\/www.meydan.tv\/az\/#website"},"primaryImageOfPage":{"@id":"https:\/\/www.meydan.tv\/az\/article\/nazire-cavab-azerbaycanda-professorun-maasi-sizin-musavirinizin-maasindan-azdir\/#primaryimage"},"image":{"@id":"https:\/\/www.meydan.tv\/az\/article\/nazire-cavab-azerbaycanda-professorun-maasi-sizin-musavirinizin-maasindan-azdir\/#primaryimage"},"thumbnailUrl":"https:\/\/www.meydan.tv\/wp-content\/uploads\/image-1-e1638956246547.png","datePublished":"2024-09-11T11:25:39+00:00","dateModified":"2024-09-11T11:25:41+00:00","description":"Elm v\u0259 t\u0259hsil naziri Emin \u018fmrullayevin \u201cXaricd\u0259 Ya\u015fayan Az\u0259rbaycanl\u0131 Aliml\u0259rin Forumu\u201dnda \u00e7\u0131x\u0131\u015f\u0131 naraz\u0131l\u0131\u011fa s\u0259b\u0259b olub.","breadcrumb":{"@id":"https:\/\/www.meydan.tv\/az\/article\/nazire-cavab-azerbaycanda-professorun-maasi-sizin-musavirinizin-maasindan-azdir\/#breadcrumb"},"inLanguage":"az","potentialAction":[{"@type":"ReadAction","target":["https:\/\/www.meydan.tv\/az\/article\/nazire-cavab-azerbaycanda-professorun-maasi-sizin-musavirinizin-maasindan-azdir\/"]}]},{"@type":"ImageObject","inLanguage":"az","@id":"https:\/\/www.meydan.tv\/az\/article\/nazire-cavab-azerbaycanda-professorun-maasi-sizin-musavirinizin-maasindan-azdir\/#primaryimage","url":"https:\/\/www.meydan.tv\/wp-content\/uploads\/image-1-e1638956246547.png","contentUrl":"https:\/\/www.meydan.tv\/wp-content\/uploads\/image-1-e1638956246547.png","width":2000,"height":1105,"caption":"Emin \u018fmrullayev. Foto: edu.gov.az"},{"@type":"BreadcrumbList","@id":"https:\/\/www.meydan.tv\/az\/article\/nazire-cavab-azerbaycanda-professorun-maasi-sizin-musavirinizin-maasindan-azdir\/#breadcrumb","itemListElement":[{"@type":"ListItem","position":1,"name":"Ana s\u0259hif\u0259","item":"https:\/\/www.meydan.tv\/az\/"},{"@type":"ListItem","position":2,"name":"Sosial","item":"https:\/\/www.meydan.tv\/az\/section\/sosial\/"},{"@type":"ListItem","position":3,"name":"Nazir\u0259 cavab: &#8220;Az\u0259rbaycanda professorun maa\u015f\u0131 sizin m\u00fc\u015favirinizin maa\u015f\u0131ndan azd\u0131r&#8221;"}]},{"@type":"WebSite","@id":"https:\/\/www.meydan.tv\/az\/#website","url":"https:\/\/www.meydan.tv\/az\/","name":"MEYDAN.TV","description":"Meydan TV Az\u0259rbaycan\u0131n media m\u0259kan\u0131ndak\u0131 alternativ s\u0259sidir","publisher":{"@id":"https:\/\/www.meydan.tv\/az\/#organization"},"potentialAction":[{"@type":"SearchAction","target":{"@type":"EntryPoint","urlTemplate":"https:\/\/www.meydan.tv\/az\/?s={search_term_string}"},"query-input":{"@type":"PropertyValueSpecification","valueRequired":true,"valueName":"search_term_string"}}],"inLanguage":"az"},{"@type":"Organization","@id":"https:\/\/www.meydan.tv\/az\/#organization","name":"Meydan TV","url":"https:\/\/www.meydan.tv\/az\/","logo":{"@type":"ImageObject","inLanguage":"az","@id":"https:\/\/www.meydan.tv\/az\/#\/schema\/logo\/image\/","url":"https:\/\/www.meydan.tv\/wp-content\/uploads\/2021\/07\/meydan-logo.svg","contentUrl":"https:\/\/www.meydan.tv\/wp-content\/uploads\/2021\/07\/meydan-logo.svg","width":195,"height":46,"caption":"Meydan TV"},"image":{"@id":"https:\/\/www.meydan.tv\/az\/#\/schema\/logo\/image\/"}},{"@type":"Person","@id":"https:\/\/www.meydan.tv\/az\/#\/schema\/person\/9cdbecf90d17180ce1dfbd95b08dcf47","name":"elli","sameAs":["https:\/\/x.com\/elli"]}]}},"_links":{"self":[{"href":"https:\/\/www.meydan.tv\/az\/wp-json\/wp\/v2\/posts\/315194","targetHints":{"allow":["GET"]}}],"collection":[{"href":"https:\/\/www.meydan.tv\/az\/wp-json\/wp\/v2\/posts"}],"about":[{"href":"https:\/\/www.meydan.tv\/az\/wp-json\/wp\/v2\/types\/post"}],"author":[{"embeddable":true,"href":"https:\/\/www.meydan.tv\/az\/wp-json\/wp\/v2\/users\/8"}],"replies":[{"embeddable":true,"href":"https:\/\/www.meydan.tv\/az\/wp-json\/wp\/v2\/comments?post=315194"}],"version-history":[{"count":3,"href":"https:\/\/www.meydan.tv\/az\/wp-json\/wp\/v2\/posts\/315194\/revisions"}],"predecessor-version":[{"id":315202,"href":"https:\/\/www.meydan.tv\/az\/wp-json\/wp\/v2\/posts\/315194\/revisions\/315202"}],"wp:featuredmedia":[{"embeddable":true,"href":"https:\/\/www.meydan.tv\/az\/wp-json\/wp\/v2\/media\/228707"}],"wp:attachment":[{"href":"https:\/\/www.meydan.tv\/az\/wp-json\/wp\/v2\/media?parent=315194"}],"wp:term":[{"taxonomy":"category","embeddable":true,"href":"https:\/\/www.meydan.tv\/az\/wp-json\/wp\/v2\/categories?post=315194"},{"taxonomy":"post_tag","embeddable":true,"href":"https:\/\/www.meydan.tv\/az\/wp-json\/wp\/v2\/tags?post=315194"}],"curies":[{"name":"wp","href":"https:\/\/api.w.org\/{rel}","templated":true}]}}