{"id":315168,"date":"2024-09-11T13:14:40","date_gmt":"2024-09-11T09:14:40","guid":{"rendered":"https:\/\/www.meydan.tv\/?p=315168"},"modified":"2024-09-11T13:14:44","modified_gmt":"2024-09-11T09:14:44","slug":"qubad-ibadoglu-fazil-qasimovdan-aciliq-aksiyasini-dayandirmagi-xahis-edib","status":"publish","type":"post","link":"https:\/\/www.meydan.tv\/az\/article\/qubad-ibadoglu-fazil-qasimovdan-aciliq-aksiyasini-dayandirmagi-xahis-edib\/","title":{"rendered":"Qubad \u0130bado\u011flu Fazil Qas\u0131movdan acl\u0131q aksiyas\u0131n\u0131 dayand\u0131rma\u011f\u0131 xahi\u015f edib"},"content":{"rendered":"\n<p><\/p>\n\n\n\n<p><strong><em>&#8220;\u018fg\u0259r m\u0259n\u0259 \u0259vv\u0259lkit\u0259k h\u00f6rm\u0259t edirs\u0259ns\u0259, acl\u0131\u011f\u0131 dayand\u0131r&#8221;<\/em><\/strong><\/p>\n\n\n\n<p>\u0130qtisad\u00e7\u0131 Qubad \u0130bado\u011flu 10 g\u00fcn \u0259vv\u0259l Fazil Qas\u0131mova acl\u0131q aksiyas\u0131n\u0131 dayand\u0131rmaqla ba\u011fl\u0131 m\u00fcraci\u0259t edib.<\/p>\n\n\n\n<p>\u201cM\u00fcdafi\u0259 X\u0259tti\u201d insan haqlar\u0131 t\u0259\u015fkilat\u0131n\u0131n icra\u00e7\u0131 direktoru R\u00fcf\u0259t S\u0259f\u0259rov bildirib ki, Fazil Qas\u0131movun qarda\u015f\u0131 Nazim Qas\u0131mov v\u0259kil B\u0259hruz Bayramovla birlikd\u0259 professor Qubad \u0130bado\u011flu il\u0259 g\u00f6r\u00fc\u015f\u00fcbl\u0259r:<\/p>\n\n\n\n<p><em>\u201cBunun ard\u0131nca Qubad \u0130bado\u011flu Fazil Qas\u0131mova m\u00fcraci\u0259t \u00fcnvanlay\u0131b\u201d.<\/em><\/p>\n\n\n\n<p>M\u00fcraci\u0259t bu g\u00fcn sosial \u015f\u0259b\u0259k\u0259l\u0259rd\u0259 ictimail\u0259\u015fdirilib.<\/p>\n\n\n\n<p>Qubad \u0130bado\u011flu Fazil Qas\u0131mova m\u0259ktubunda onun durumundan narahat oldu\u011funu qeyd edib:<\/p>\n\n\n\n<p>\u201c<em>S\u0259nin hal\u0131n m\u0259ni \u00e7ox m\u0259yus v\u0259 p\u0259ri\u015fan edir, s\u0259n\u0259 g\u00f6r\u0259 narahatl\u0131\u011f\u0131m g\u00fcn\u00fc-g\u00fcnd\u0259n art\u0131r. S\u0259nd\u0259n g\u00f6zl\u0259dikl\u0259rimin ham\u0131s\u0131n\u0131 etdin v\u0259 m\u0259nim s\u0259nd\u0259n \u00fczrxahl\u0131q g\u00f6zl\u0259ntim yoxdur. Ba\u015f\u0131m\u0131za g\u0259tiril\u0259nl\u0259r\u0259 g\u00f6r\u0259 s\u0259nd\u0259n v\u0259 m\u0259nd\u0259n \u00fczr ist\u0259nilm\u0259lidir. A\u00e7\u0131qlad\u0131\u011f\u0131n situasiyada ba\u015f ver\u0259nl\u0259r ba\u015fa d\u00fc\u015f\u00fcl\u0259ndir, onlar\u0131 anlay\u0131\u015fla qar\u015f\u0131lay\u0131ram. Fazil, bilirs\u0259n ki, s\u0259nin x\u0259trin m\u0259nim \u00fc\u00e7\u00fcn \u00e7ox \u0259zizdir, s\u0259ni \u0259vv\u0259lkit\u0259k \u00e7ox ist\u0259yir\u0259m. Odur ki, sa\u011flaml\u0131\u011f\u0131n m\u0259nim v\u0259 c\u0259miyy\u0259timiz \u00fc\u00e7\u00fcn \u00e7ox \u00f6n\u0259mlidir\u201d.<\/em><\/p>\n\n\n\n<p><em>\u201cFazil, s\u0259nd\u0259n art\u0131q d\u0259r\u0259c\u0259d\u0259 xahi\u015f edir\u0259m, el\u0259 bu g\u00fcn, bu saat, bu d\u0259qiq\u0259, m\u0259ktubu oxuyan kimi acl\u0131\u011f\u0131 dayand\u0131r. \u018fg\u0259r s\u0259n d\u0259 m\u0259n\u0259 \u0259vv\u0259lkit\u0259k h\u00f6rm\u0259t edirs\u0259ns\u0259, bunu bacarmal\u0131san v\u0259 etm\u0259lis\u0259n. M\u0259nim s\u0259nd\u0259n yegan\u0259 g\u00f6zl\u0259ntim budur. M\u0259n s\u0259birsizlikl\u0259 s\u0259nin acl\u0131\u011f\u0131 dayand\u0131ma\u011f\u0131na dair q\u0259rar\u0131n\u0131 g\u00f6zl\u0259yir\u0259m. M\u0259n \u0259min\u0259m ki, biz tezlikl\u0259 haqq etdiyimiz azadl\u0131qda g\u00f6r\u00fc\u015f\u0259c\u0259yik. \u0130nan ki, h\u0259r \u015fey sonda g\u00f6z\u0259l olacaq!\u201d.<\/em><\/p>\n\n\n<div class=\"wp-block-image\">\n<figure class=\"alignright size-full is-resized\"><img decoding=\"async\" data-src=\"https:\/\/www.meydan.tv\/wp-content\/uploads\/img_1464.jpg\" alt=\"\" class=\"wp-image-315056 lazyload\" style=\"--smush-placeholder-width: 1200px; --smush-placeholder-aspect-ratio: 1200\/800;width:352px;height:auto\" src=\"data:image\/svg+xml;base64,PHN2ZyB3aWR0aD0iMSIgaGVpZ2h0PSIxIiB4bWxucz0iaHR0cDovL3d3dy53My5vcmcvMjAwMC9zdmciPjwvc3ZnPg==\" \/><figcaption class=\"wp-element-caption\">Fazil Qas\u0131mov. Foto: Meydan TV<\/figcaption><\/figure>\n<\/div>\n\n\n<p>Ancaq buna baxmayaraq Fazil Qas\u0131mov h\u0259l\u0259 d\u0259 acl\u0131\u011f\u0131 dayand\u0131rmay\u0131b.<\/p>\n\n\n\n<p>\u0130stanbul Universitetinin doktorant\u0131, 2023-c\u00fc ilin avqustunda T\u00fcrkiy\u0259d\u0259 saxlan\u0131laraq Az\u0259rbaycana g\u0259tirl\u0259n alim Fazil Qas\u0131movun h\u0259bsd\u0259 90-c\u0131 g\u00fcnd\u00fcr ki, acl\u0131q etdiyi bildirilir.<\/p>\n\n\n\n<p>R.S\u0259f\u0259rov da deyir ki, h\u0259yat\u0131n\u0131n t\u0259hl\u00fck\u0259 alt\u0131nda olmas\u0131na baxmayaraq, Fazil Qas\u0131mov acl\u0131\u011f\u0131 dayand\u0131rmaq niyy\u0259tind\u0259 deyil:<\/p>\n\n\n\n<p>\u201c<em>\u018fksin\u0259, onun \u00f6lm\u0259k ehtimal\u0131 n\u0259z\u0259r\u0259 al\u0131naraq, m\u0259cburi qidaland\u0131rma\u011fa c\u0259hd g\u00f6st\u0259r\u0259rl\u0259rs\u0259, \u00f6z\u00fcn\u0259 q\u0259sd ed\u0259c\u0259yini bildirib. Deyib ki, \u0259g\u0259r m\u0259cburi qidaland\u0131rma\u011f\u0131m bar\u0259d\u0259 q\u0259rar verils\u0259, can\u0131ma q\u0259sd edib, h\u0259yatla bird\u0259f\u0259lik vidala\u015faca\u011fam, \u00f6l\u00fcm\u00fcm\u00fc tezl\u0259\u015fdir\u0259c\u0259y\u0259m. Ciddiy\u0259m v\u0259 \u00fcmid edir\u0259m ki, bunu r\u0259smi dair\u0259l\u0259r n\u0259z\u0259r\u0259<a href=\"https:\/\/storage.googleapis.com\/qurium\/www.meydan.tv\/az-article-fazil-qasimov-mecburu-qidalandirilacagi-teqdirde-ozunu-oldureceyini-deyib.html\" target=\"_blank\" rel=\"noreferrer noopener\"> alar\u201d.<\/a><\/em><\/p>\n\n\n\n<p>Fazil Qas\u0131mov Az\u0259rbaycan Demokratiya v\u0259 Rifah Partiyas\u0131n\u0131n ke\u00e7mi\u015f s\u0259dri, iqtisad\u00e7\u0131 Qubad \u0130bado\u011flu il\u0259 \u0259lbirlikd\u0259 ittiham olunur.<\/p>\n\n\n\n<p>Qubad \u0130bado\u011flu 2023-c\u00fc il iyulun 23-d\u0259 saxlan\u0131l\u0131b, ona qar\u015f\u0131 Cinay\u0259t M\u0259c\u0259ll\u0259sinin 204.3.1 madd\u0259si il\u0259 ittiham ir\u0259li s\u00fcr\u00fcl\u00fcb.<\/p>\n\n\n\n<p>H\u0259min g\u00fcn onun ofisind\u0259 ke\u00e7iril\u0259n axtar\u0131\u015fda 40 min dollar pul tap\u0131ld\u0131\u011f\u0131, onun bir hiss\u0259sinin saxta oldu\u011fu iddia edilib.<\/p>\n\n\n\n<p>T\u0259qsirl\u0259ndiril\u0259n iqtisad\u00e7\u0131 bildirib ki, o pulun ona he\u00e7 bir aidiyy\u0259ti yoxdur v\u0259 ora polisl\u0259rin \u00f6zl\u0259ri yerl\u0259\u015fdirib, sonra da g\u00f6t\u00fcr\u00fcbl\u0259r.<\/p>\n\n\n\n<p>Qubad \u0130bado\u011flunun h\u0259bsind\u0259n az sonra \u2013 avqustun 8-d\u0259 Fazil Qas\u0131mov T\u00fcrkiy\u0259d\u0259 saxlan\u0131laraq, Az\u0259rbaycana g\u0259tirilib. Ona da eyni madd\u0259 il\u0259 ittiham verilib.<\/p>\n\n\n\n<p>\u0130ddia edilib ki, saxta pullar\u0131 Fazil Qas\u0131mov T\u00fcrkiy\u0259d\u0259 \u0259ld\u0259 ed\u0259r\u0259k Qubad \u0130bado\u011fluna verib, o da Az\u0259rbaycana g\u0259tirib.<\/p>\n\n\n\n<p>Onlar h\u0259m\u00e7inin FET\u00d6 (Fetullah G\u00fclen Terror \u00d6rg\u00fct\u00fc) il\u0259 \u0259laq\u0259d\u0259 ittiham olunur. Lakin h\u0259r ikisi ittihamlar\u0131 r\u0259dd edir, siyasi sifari\u015fl\u0259 h\u0259bs olunduqlar\u0131n\u0131 deyirl\u0259r.<\/p>\n\n\n\n<p>Qubad \u0130bado\u011flu h\u0259bs olundu\u011fu g\u00fcn axtar\u0131\u015fdan sonra binadan \u00e7\u0131xar\u0131l\u0131b apar\u0131lark\u0259n Prezident \u0130lham \u018fliyevin sifari\u015fil\u0259 h\u0259bs olundu\u011funu bildirib.<\/p>\n\n\n\n<p>O, aprelin 22-d\u0259 h\u0259bsd\u0259n burax\u0131l\u0131b. Ev dustaql\u0131\u011f\u0131na burax\u0131landan t\u0259xmin\u0259n 20 g\u00fcn sonra \u2013 may\u0131n 14-d\u0259 s\u0259dri oldu\u011fu Az\u0259rbaycan Demokratiya v\u0259 Rifah Partiyas\u0131n\u0131n (ADR) f\u0259aliyy\u0259tinin dayand\u0131r\u0131lmas\u0131 bar\u0259d\u0259 q\u0259rar q\u0259bul edilib.<\/p>\n\n\n\n<p>ADR \u0130dar\u0259 Hey\u0259ti partiyan\u0131n f\u0259aliyy\u0259tini dayand\u0131rmas\u0131n\u0131 qeydiyyata al\u0131nmamas\u0131yla izah edib.<\/p>\n\n\n\n<p>Qubad \u0130bado\u011flu ev dustaql\u0131\u011f\u0131na burax\u0131lsa da, sonradan bu q\u0259timkan t\u0259dbiri \u201cpolis n\u0259zar\u0259tin\u0259 verm\u0259\u201d il\u0259 \u0259v\u0259z olunub.<\/p>\n\n\n\n<p>Fazil Qas\u0131movun i\u015fin\u0259 Bak\u0131 A\u011f\u0131r Cinay\u0259tl\u0259r M\u0259hk\u0259m\u0259sind\u0259 bax\u0131l\u0131r.<\/p>\n\n\n\n<p>O, m\u0259hk\u0259m\u0259d\u0259 bildirib ki, istintaq zaman\u0131 \u00f6z\u00fcn\u00fcn v\u0259 Qubad \u0130bado\u011flunun \u0259leyhin\u0259 yalan ifad\u0259l\u0259r verm\u0259si \u00fc\u00e7\u00fcn d\u00f6y\u00fclm\u0259, ba\u015f\u0131n\u0131n unitaza sal\u0131nmas\u0131, cinsi azl\u0131q olan dustaqlar\u0131n t\u0259cav\u00fcz\u00fc il\u0259 h\u0259d\u0259l\u0259nm\u0259si kimi m\u00fcxt\u0259lif t\u0259zyiql\u0259r\u0259 m\u0259ruz qal\u0131b.<\/p>\n","protected":false},"excerpt":{"rendered":"<p>&#8220;\u018fg\u0259r m\u0259n\u0259 \u0259vv\u0259lkit\u0259k h\u00f6rm\u0259t edirs\u0259ns\u0259, acl\u0131\u011f\u0131 dayand\u0131r&#8221; \u0130qtisad\u00e7\u0131 Qubad \u0130bado\u011flu &#8230; <\/p>\n<p class=\"read-more-container\"><a title=\"Qubad \u0130bado\u011flu Fazil Qas\u0131movdan acl\u0131q aksiyas\u0131n\u0131 dayand\u0131rma\u011f\u0131 xahi\u015f edib\" class=\"read-more button\" href=\"https:\/\/www.meydan.tv\/az\/article\/qubad-ibadoglu-fazil-qasimovdan-aciliq-aksiyasini-dayandirmagi-xahis-edib\/#more-315168\" aria-label=\"Read more about Qubad \u0130bado\u011flu Fazil Qas\u0131movdan acl\u0131q aksiyas\u0131n\u0131 dayand\u0131rma\u011f\u0131 xahi\u015f edib\">Davam\u0131<\/a><\/p>\n","protected":false},"author":8,"featured_media":306284,"comment_status":"closed","ping_status":"closed","sticky":false,"template":"","format":"standard","meta":{"_acf_changed":false,"_sitemap_exclude":false,"_sitemap_priority":"","_sitemap_frequency":"","footnotes":""},"categories":[59,56],"tags":[],"class_list":["post-315168","post","type-post","status-publish","format-standard","has-post-thumbnail","hentry","category-siyaset","category-xeberler","infinite-scroll-item","generate-columns","tablet-grid-50","mobile-grid-100","grid-parent","grid-33","no-featured-image-padding"],"acf":[],"yoast_head":"<!-- This site is optimized with the Yoast SEO plugin v27.4 - https:\/\/yoast.com\/product\/yoast-seo-wordpress\/ -->\n<title>Qubad \u0130bado\u011flu Fazil Qas\u0131movdan acl\u0131q aksiyas\u0131n\u0131 dayand\u0131rma\u011f\u0131 xahi\u015f edib - MEYDAN.TV<\/title>\n<meta name=\"description\" content=\"M\u00fcraci\u0259t bu g\u00fcn sosial \u015f\u0259b\u0259k\u0259l\u0259rd\u0259 ictimail\u0259\u015fdirilib.\" \/>\n<meta name=\"robots\" content=\"index, follow, max-snippet:-1, max-image-preview:large, max-video-preview:-1\" \/>\n<link rel=\"canonical\" href=\"https:\/\/www.meydan.tv\/az\/article\/qubad-ibadoglu-fazil-qasimovdan-aciliq-aksiyasini-dayandirmagi-xahis-edib\/\" \/>\n<meta property=\"og:locale\" content=\"az_AZ\" \/>\n<meta property=\"og:type\" content=\"article\" \/>\n<meta property=\"og:title\" content=\"Qubad \u0130bado\u011flu Fazil Qas\u0131movdan acl\u0131q aksiyas\u0131n\u0131 dayand\u0131rma\u011f\u0131 xahi\u015f edib - MEYDAN.TV\" \/>\n<meta property=\"og:description\" content=\"M\u00fcraci\u0259t bu g\u00fcn sosial \u015f\u0259b\u0259k\u0259l\u0259rd\u0259 ictimail\u0259\u015fdirilib.\" \/>\n<meta property=\"og:url\" content=\"https:\/\/www.meydan.tv\/az\/article\/qubad-ibadoglu-fazil-qasimovdan-aciliq-aksiyasini-dayandirmagi-xahis-edib\/\" \/>\n<meta property=\"og:site_name\" content=\"MEYDAN.TV\" \/>\n<meta property=\"article:published_time\" content=\"2024-09-11T09:14:40+00:00\" \/>\n<meta property=\"article:modified_time\" content=\"2024-09-11T09:14:44+00:00\" \/>\n<meta property=\"og:image\" content=\"https:\/\/www.meydan.tv\/wp-content\/uploads\/qubad1.jpg\" \/>\n\t<meta property=\"og:image:width\" content=\"1200\" \/>\n\t<meta property=\"og:image:height\" content=\"675\" \/>\n\t<meta property=\"og:image:type\" content=\"image\/jpeg\" \/>\n<meta name=\"author\" content=\"elli\" \/>\n<meta name=\"twitter:card\" content=\"summary_large_image\" \/>\n<meta name=\"twitter:creator\" content=\"@elli\" \/>\n<script type=\"application\/ld+json\" class=\"yoast-schema-graph\">{\"@context\":\"https:\\\/\\\/schema.org\",\"@graph\":[{\"@type\":\"Article\",\"@id\":\"https:\\\/\\\/www.meydan.tv\\\/az\\\/article\\\/qubad-ibadoglu-fazil-qasimovdan-aciliq-aksiyasini-dayandirmagi-xahis-edib\\\/#article\",\"isPartOf\":{\"@id\":\"https:\\\/\\\/www.meydan.tv\\\/az\\\/article\\\/qubad-ibadoglu-fazil-qasimovdan-aciliq-aksiyasini-dayandirmagi-xahis-edib\\\/\"},\"author\":{\"name\":\"elli\",\"@id\":\"https:\\\/\\\/www.meydan.tv\\\/az\\\/#\\\/schema\\\/person\\\/9cdbecf90d17180ce1dfbd95b08dcf47\"},\"headline\":\"Qubad \u0130bado\u011flu Fazil Qas\u0131movdan acl\u0131q aksiyas\u0131n\u0131 dayand\u0131rma\u011f\u0131 xahi\u015f edib\",\"datePublished\":\"2024-09-11T09:14:40+00:00\",\"dateModified\":\"2024-09-11T09:14:44+00:00\",\"mainEntityOfPage\":{\"@id\":\"https:\\\/\\\/www.meydan.tv\\\/az\\\/article\\\/qubad-ibadoglu-fazil-qasimovdan-aciliq-aksiyasini-dayandirmagi-xahis-edib\\\/\"},\"wordCount\":916,\"publisher\":{\"@id\":\"https:\\\/\\\/www.meydan.tv\\\/az\\\/#organization\"},\"image\":{\"@id\":\"https:\\\/\\\/www.meydan.tv\\\/az\\\/article\\\/qubad-ibadoglu-fazil-qasimovdan-aciliq-aksiyasini-dayandirmagi-xahis-edib\\\/#primaryimage\"},\"thumbnailUrl\":\"https:\\\/\\\/www.meydan.tv\\\/wp-content\\\/uploads\\\/qubad1.jpg\",\"articleSection\":[\"Siyas\u0259t\",\"X\u0259b\u0259rl\u0259r\"],\"inLanguage\":\"az\"},{\"@type\":\"WebPage\",\"@id\":\"https:\\\/\\\/www.meydan.tv\\\/az\\\/article\\\/qubad-ibadoglu-fazil-qasimovdan-aciliq-aksiyasini-dayandirmagi-xahis-edib\\\/\",\"url\":\"https:\\\/\\\/www.meydan.tv\\\/az\\\/article\\\/qubad-ibadoglu-fazil-qasimovdan-aciliq-aksiyasini-dayandirmagi-xahis-edib\\\/\",\"name\":\"Qubad \u0130bado\u011flu Fazil Qas\u0131movdan acl\u0131q aksiyas\u0131n\u0131 dayand\u0131rma\u011f\u0131 xahi\u015f edib - MEYDAN.TV\",\"isPartOf\":{\"@id\":\"https:\\\/\\\/www.meydan.tv\\\/az\\\/#website\"},\"primaryImageOfPage\":{\"@id\":\"https:\\\/\\\/www.meydan.tv\\\/az\\\/article\\\/qubad-ibadoglu-fazil-qasimovdan-aciliq-aksiyasini-dayandirmagi-xahis-edib\\\/#primaryimage\"},\"image\":{\"@id\":\"https:\\\/\\\/www.meydan.tv\\\/az\\\/article\\\/qubad-ibadoglu-fazil-qasimovdan-aciliq-aksiyasini-dayandirmagi-xahis-edib\\\/#primaryimage\"},\"thumbnailUrl\":\"https:\\\/\\\/www.meydan.tv\\\/wp-content\\\/uploads\\\/qubad1.jpg\",\"datePublished\":\"2024-09-11T09:14:40+00:00\",\"dateModified\":\"2024-09-11T09:14:44+00:00\",\"description\":\"M\u00fcraci\u0259t bu g\u00fcn sosial \u015f\u0259b\u0259k\u0259l\u0259rd\u0259 ictimail\u0259\u015fdirilib.\",\"breadcrumb\":{\"@id\":\"https:\\\/\\\/www.meydan.tv\\\/az\\\/article\\\/qubad-ibadoglu-fazil-qasimovdan-aciliq-aksiyasini-dayandirmagi-xahis-edib\\\/#breadcrumb\"},\"inLanguage\":\"az\",\"potentialAction\":[{\"@type\":\"ReadAction\",\"target\":[\"https:\\\/\\\/www.meydan.tv\\\/az\\\/article\\\/qubad-ibadoglu-fazil-qasimovdan-aciliq-aksiyasini-dayandirmagi-xahis-edib\\\/\"]}]},{\"@type\":\"ImageObject\",\"inLanguage\":\"az\",\"@id\":\"https:\\\/\\\/www.meydan.tv\\\/az\\\/article\\\/qubad-ibadoglu-fazil-qasimovdan-aciliq-aksiyasini-dayandirmagi-xahis-edib\\\/#primaryimage\",\"url\":\"https:\\\/\\\/www.meydan.tv\\\/wp-content\\\/uploads\\\/qubad1.jpg\",\"contentUrl\":\"https:\\\/\\\/www.meydan.tv\\\/wp-content\\\/uploads\\\/qubad1.jpg\",\"width\":1200,\"height\":675,\"caption\":\"Qubad \u0130bado\u011flu. Foto: Meydan TV\"},{\"@type\":\"BreadcrumbList\",\"@id\":\"https:\\\/\\\/www.meydan.tv\\\/az\\\/article\\\/qubad-ibadoglu-fazil-qasimovdan-aciliq-aksiyasini-dayandirmagi-xahis-edib\\\/#breadcrumb\",\"itemListElement\":[{\"@type\":\"ListItem\",\"position\":1,\"name\":\"Ana s\u0259hif\u0259\",\"item\":\"https:\\\/\\\/www.meydan.tv\\\/az\\\/\"},{\"@type\":\"ListItem\",\"position\":2,\"name\":\"Siyas\u0259t\",\"item\":\"https:\\\/\\\/www.meydan.tv\\\/az\\\/section\\\/siyaset\\\/\"},{\"@type\":\"ListItem\",\"position\":3,\"name\":\"Qubad \u0130bado\u011flu Fazil Qas\u0131movdan acl\u0131q aksiyas\u0131n\u0131 dayand\u0131rma\u011f\u0131 xahi\u015f edib\"}]},{\"@type\":\"WebSite\",\"@id\":\"https:\\\/\\\/www.meydan.tv\\\/az\\\/#website\",\"url\":\"https:\\\/\\\/www.meydan.tv\\\/az\\\/\",\"name\":\"MEYDAN.TV\",\"description\":\"Meydan TV Az\u0259rbaycan\u0131n media m\u0259kan\u0131ndak\u0131 alternativ s\u0259sidir\",\"publisher\":{\"@id\":\"https:\\\/\\\/www.meydan.tv\\\/az\\\/#organization\"},\"potentialAction\":[{\"@type\":\"SearchAction\",\"target\":{\"@type\":\"EntryPoint\",\"urlTemplate\":\"https:\\\/\\\/www.meydan.tv\\\/az\\\/?s={search_term_string}\"},\"query-input\":{\"@type\":\"PropertyValueSpecification\",\"valueRequired\":true,\"valueName\":\"search_term_string\"}}],\"inLanguage\":\"az\"},{\"@type\":\"Organization\",\"@id\":\"https:\\\/\\\/www.meydan.tv\\\/az\\\/#organization\",\"name\":\"Meydan TV\",\"url\":\"https:\\\/\\\/www.meydan.tv\\\/az\\\/\",\"logo\":{\"@type\":\"ImageObject\",\"inLanguage\":\"az\",\"@id\":\"https:\\\/\\\/www.meydan.tv\\\/az\\\/#\\\/schema\\\/logo\\\/image\\\/\",\"url\":\"https:\\\/\\\/www.meydan.tv\\\/wp-content\\\/uploads\\\/2021\\\/07\\\/meydan-logo.svg\",\"contentUrl\":\"https:\\\/\\\/www.meydan.tv\\\/wp-content\\\/uploads\\\/2021\\\/07\\\/meydan-logo.svg\",\"width\":195,\"height\":46,\"caption\":\"Meydan TV\"},\"image\":{\"@id\":\"https:\\\/\\\/www.meydan.tv\\\/az\\\/#\\\/schema\\\/logo\\\/image\\\/\"}},{\"@type\":\"Person\",\"@id\":\"https:\\\/\\\/www.meydan.tv\\\/az\\\/#\\\/schema\\\/person\\\/9cdbecf90d17180ce1dfbd95b08dcf47\",\"name\":\"elli\",\"sameAs\":[\"https:\\\/\\\/x.com\\\/elli\"]}]}<\/script>\n<!-- \/ Yoast SEO plugin. -->","yoast_head_json":{"title":"Qubad \u0130bado\u011flu Fazil Qas\u0131movdan acl\u0131q aksiyas\u0131n\u0131 dayand\u0131rma\u011f\u0131 xahi\u015f edib - MEYDAN.TV","description":"M\u00fcraci\u0259t bu g\u00fcn sosial \u015f\u0259b\u0259k\u0259l\u0259rd\u0259 ictimail\u0259\u015fdirilib.","robots":{"index":"index","follow":"follow","max-snippet":"max-snippet:-1","max-image-preview":"max-image-preview:large","max-video-preview":"max-video-preview:-1"},"canonical":"https:\/\/www.meydan.tv\/az\/article\/qubad-ibadoglu-fazil-qasimovdan-aciliq-aksiyasini-dayandirmagi-xahis-edib\/","og_locale":"az_AZ","og_type":"article","og_title":"Qubad \u0130bado\u011flu Fazil Qas\u0131movdan acl\u0131q aksiyas\u0131n\u0131 dayand\u0131rma\u011f\u0131 xahi\u015f edib - MEYDAN.TV","og_description":"M\u00fcraci\u0259t bu g\u00fcn sosial \u015f\u0259b\u0259k\u0259l\u0259rd\u0259 ictimail\u0259\u015fdirilib.","og_url":"https:\/\/www.meydan.tv\/az\/article\/qubad-ibadoglu-fazil-qasimovdan-aciliq-aksiyasini-dayandirmagi-xahis-edib\/","og_site_name":"MEYDAN.TV","article_published_time":"2024-09-11T09:14:40+00:00","article_modified_time":"2024-09-11T09:14:44+00:00","og_image":[{"width":1200,"height":675,"url":"https:\/\/www.meydan.tv\/wp-content\/uploads\/qubad1.jpg","type":"image\/jpeg"}],"author":"elli","twitter_card":"summary_large_image","twitter_creator":"@elli","schema":{"@context":"https:\/\/schema.org","@graph":[{"@type":"Article","@id":"https:\/\/www.meydan.tv\/az\/article\/qubad-ibadoglu-fazil-qasimovdan-aciliq-aksiyasini-dayandirmagi-xahis-edib\/#article","isPartOf":{"@id":"https:\/\/www.meydan.tv\/az\/article\/qubad-ibadoglu-fazil-qasimovdan-aciliq-aksiyasini-dayandirmagi-xahis-edib\/"},"author":{"name":"elli","@id":"https:\/\/www.meydan.tv\/az\/#\/schema\/person\/9cdbecf90d17180ce1dfbd95b08dcf47"},"headline":"Qubad \u0130bado\u011flu Fazil Qas\u0131movdan acl\u0131q aksiyas\u0131n\u0131 dayand\u0131rma\u011f\u0131 xahi\u015f edib","datePublished":"2024-09-11T09:14:40+00:00","dateModified":"2024-09-11T09:14:44+00:00","mainEntityOfPage":{"@id":"https:\/\/www.meydan.tv\/az\/article\/qubad-ibadoglu-fazil-qasimovdan-aciliq-aksiyasini-dayandirmagi-xahis-edib\/"},"wordCount":916,"publisher":{"@id":"https:\/\/www.meydan.tv\/az\/#organization"},"image":{"@id":"https:\/\/www.meydan.tv\/az\/article\/qubad-ibadoglu-fazil-qasimovdan-aciliq-aksiyasini-dayandirmagi-xahis-edib\/#primaryimage"},"thumbnailUrl":"https:\/\/www.meydan.tv\/wp-content\/uploads\/qubad1.jpg","articleSection":["Siyas\u0259t","X\u0259b\u0259rl\u0259r"],"inLanguage":"az"},{"@type":"WebPage","@id":"https:\/\/www.meydan.tv\/az\/article\/qubad-ibadoglu-fazil-qasimovdan-aciliq-aksiyasini-dayandirmagi-xahis-edib\/","url":"https:\/\/www.meydan.tv\/az\/article\/qubad-ibadoglu-fazil-qasimovdan-aciliq-aksiyasini-dayandirmagi-xahis-edib\/","name":"Qubad \u0130bado\u011flu Fazil Qas\u0131movdan acl\u0131q aksiyas\u0131n\u0131 dayand\u0131rma\u011f\u0131 xahi\u015f edib - MEYDAN.TV","isPartOf":{"@id":"https:\/\/www.meydan.tv\/az\/#website"},"primaryImageOfPage":{"@id":"https:\/\/www.meydan.tv\/az\/article\/qubad-ibadoglu-fazil-qasimovdan-aciliq-aksiyasini-dayandirmagi-xahis-edib\/#primaryimage"},"image":{"@id":"https:\/\/www.meydan.tv\/az\/article\/qubad-ibadoglu-fazil-qasimovdan-aciliq-aksiyasini-dayandirmagi-xahis-edib\/#primaryimage"},"thumbnailUrl":"https:\/\/www.meydan.tv\/wp-content\/uploads\/qubad1.jpg","datePublished":"2024-09-11T09:14:40+00:00","dateModified":"2024-09-11T09:14:44+00:00","description":"M\u00fcraci\u0259t bu g\u00fcn sosial \u015f\u0259b\u0259k\u0259l\u0259rd\u0259 ictimail\u0259\u015fdirilib.","breadcrumb":{"@id":"https:\/\/www.meydan.tv\/az\/article\/qubad-ibadoglu-fazil-qasimovdan-aciliq-aksiyasini-dayandirmagi-xahis-edib\/#breadcrumb"},"inLanguage":"az","potentialAction":[{"@type":"ReadAction","target":["https:\/\/www.meydan.tv\/az\/article\/qubad-ibadoglu-fazil-qasimovdan-aciliq-aksiyasini-dayandirmagi-xahis-edib\/"]}]},{"@type":"ImageObject","inLanguage":"az","@id":"https:\/\/www.meydan.tv\/az\/article\/qubad-ibadoglu-fazil-qasimovdan-aciliq-aksiyasini-dayandirmagi-xahis-edib\/#primaryimage","url":"https:\/\/www.meydan.tv\/wp-content\/uploads\/qubad1.jpg","contentUrl":"https:\/\/www.meydan.tv\/wp-content\/uploads\/qubad1.jpg","width":1200,"height":675,"caption":"Qubad \u0130bado\u011flu. Foto: Meydan TV"},{"@type":"BreadcrumbList","@id":"https:\/\/www.meydan.tv\/az\/article\/qubad-ibadoglu-fazil-qasimovdan-aciliq-aksiyasini-dayandirmagi-xahis-edib\/#breadcrumb","itemListElement":[{"@type":"ListItem","position":1,"name":"Ana s\u0259hif\u0259","item":"https:\/\/www.meydan.tv\/az\/"},{"@type":"ListItem","position":2,"name":"Siyas\u0259t","item":"https:\/\/www.meydan.tv\/az\/section\/siyaset\/"},{"@type":"ListItem","position":3,"name":"Qubad \u0130bado\u011flu Fazil Qas\u0131movdan acl\u0131q aksiyas\u0131n\u0131 dayand\u0131rma\u011f\u0131 xahi\u015f edib"}]},{"@type":"WebSite","@id":"https:\/\/www.meydan.tv\/az\/#website","url":"https:\/\/www.meydan.tv\/az\/","name":"MEYDAN.TV","description":"Meydan TV Az\u0259rbaycan\u0131n media m\u0259kan\u0131ndak\u0131 alternativ s\u0259sidir","publisher":{"@id":"https:\/\/www.meydan.tv\/az\/#organization"},"potentialAction":[{"@type":"SearchAction","target":{"@type":"EntryPoint","urlTemplate":"https:\/\/www.meydan.tv\/az\/?s={search_term_string}"},"query-input":{"@type":"PropertyValueSpecification","valueRequired":true,"valueName":"search_term_string"}}],"inLanguage":"az"},{"@type":"Organization","@id":"https:\/\/www.meydan.tv\/az\/#organization","name":"Meydan TV","url":"https:\/\/www.meydan.tv\/az\/","logo":{"@type":"ImageObject","inLanguage":"az","@id":"https:\/\/www.meydan.tv\/az\/#\/schema\/logo\/image\/","url":"https:\/\/www.meydan.tv\/wp-content\/uploads\/2021\/07\/meydan-logo.svg","contentUrl":"https:\/\/www.meydan.tv\/wp-content\/uploads\/2021\/07\/meydan-logo.svg","width":195,"height":46,"caption":"Meydan TV"},"image":{"@id":"https:\/\/www.meydan.tv\/az\/#\/schema\/logo\/image\/"}},{"@type":"Person","@id":"https:\/\/www.meydan.tv\/az\/#\/schema\/person\/9cdbecf90d17180ce1dfbd95b08dcf47","name":"elli","sameAs":["https:\/\/x.com\/elli"]}]}},"_links":{"self":[{"href":"https:\/\/www.meydan.tv\/az\/wp-json\/wp\/v2\/posts\/315168","targetHints":{"allow":["GET"]}}],"collection":[{"href":"https:\/\/www.meydan.tv\/az\/wp-json\/wp\/v2\/posts"}],"about":[{"href":"https:\/\/www.meydan.tv\/az\/wp-json\/wp\/v2\/types\/post"}],"author":[{"embeddable":true,"href":"https:\/\/www.meydan.tv\/az\/wp-json\/wp\/v2\/users\/8"}],"replies":[{"embeddable":true,"href":"https:\/\/www.meydan.tv\/az\/wp-json\/wp\/v2\/comments?post=315168"}],"version-history":[{"count":4,"href":"https:\/\/www.meydan.tv\/az\/wp-json\/wp\/v2\/posts\/315168\/revisions"}],"predecessor-version":[{"id":315177,"href":"https:\/\/www.meydan.tv\/az\/wp-json\/wp\/v2\/posts\/315168\/revisions\/315177"}],"wp:featuredmedia":[{"embeddable":true,"href":"https:\/\/www.meydan.tv\/az\/wp-json\/wp\/v2\/media\/306284"}],"wp:attachment":[{"href":"https:\/\/www.meydan.tv\/az\/wp-json\/wp\/v2\/media?parent=315168"}],"wp:term":[{"taxonomy":"category","embeddable":true,"href":"https:\/\/www.meydan.tv\/az\/wp-json\/wp\/v2\/categories?post=315168"},{"taxonomy":"post_tag","embeddable":true,"href":"https:\/\/www.meydan.tv\/az\/wp-json\/wp\/v2\/tags?post=315168"}],"curies":[{"name":"wp","href":"https:\/\/api.w.org\/{rel}","templated":true}]}}